{"id":1379,"date":"2020-11-23T11:45:03","date_gmt":"2020-11-23T12:45:03","guid":{"rendered":"http:\/\/just-now.news\/de\/great-reset\/greatvideos\/el-gran-reinicio-una-revision-critica-the-great-reset-a-critical-review-miklos-lukacs\/"},"modified":"2020-11-23T11:45:03","modified_gmt":"2020-11-23T12:45:03","slug":"el-gran-reinicio-una-revision-critica-the-great-reset-a-critical-review-miklos-lukacs","status":"publish","type":"post","link":"https:\/\/now-news.de\/de\/great-reset\/greatvideos\/el-gran-reinicio-una-revision-critica-the-great-reset-a-critical-review-miklos-lukacs\/","title":{"rendered":"El Gran Reinicio: una revisi\u00f3n cr\u00edtica \/ The Great Reset: a critical review &#8211; Miklos Lukacs"},"content":{"rendered":"<p><iframe loading=\"lazy\"  width=\"580\" height=\"385\" src=\"https:\/\/www.youtube.com\/embed\/zwNFA09q7yc?modestbranding=1\" frameborder=\"0\" allowfullscreen><\/iframe><br \/>\n<br \/>Presentaci\u00f3n en la conferencia &#8220;La verdad sobre el miedo&#8221;<br \/>\nPresentation at the &#8220;Truth over Fear&#8221; Summit organized by Patrick Coffin Media (30-31\/10\/20)<br \/>\nhttps:\/\/www.restoretheculture.com\/TOF-Summit-Closed<\/p>\n<p>Video del Gran Reinicio<\/p>\n<div class=\"jeg_video_container jeg_video_content\"><iframe loading=\"lazy\" title=\"The Great Reset\" width=\"500\" height=\"281\" src=\"https:\/\/www.youtube.com\/embed\/8rAiTDQ-NVY?feature=oembed\" frameborder=\"0\" allow=\"accelerometer; autoplay; clipboard-write; encrypted-media; gyroscope; picture-in-picture; web-share\" referrerpolicy=\"strict-origin-when-cross-origin\" allowfullscreen><\/iframe><\/div>\n<p>Press note by LifeSiteNews (10\/11\/20)<br \/>\nhttps:\/\/www.lifesitenews.com\/news\/transhumanism-expert-exposes-liberal-billionaire-elitists-great-reset-agenda<\/p>\n<p>Mis redes sociales<br \/>\nhttps:\/\/linktr.ee\/mikloslukacs<\/p>\n<p>Hip\u00f3tesis de la conexi\u00f3n china \/ Chinese connection hypothesis<br \/>\nPandemonium https:\/\/www.cafeviena.pe\/wp-content\/uploads\/2020\/05\/Pandemonium-De-la-pandemia-al-control-total.pdf<br \/>\nThe Pandemic Road to Serfdom https:\/\/www.pop.org\/wp-content\/uploads\/2020\/10\/Pandemonium_web.pdf<\/p>\n<p>Referencias \/ References<br \/>\nhttp:\/\/www3.weforum.org\/docs\/WEF_Advancing_Human_Centred_Economic_Progress_WP_2017.pdf<br \/>\n<iframe loading=\"lazy\" title=\"History of the Idea of Progress\" type=\"text\/html\" width=\"500\" height=\"550\" frameborder=\"0\" allowfullscreen style=\"max-width:100%\" src=\"https:\/\/read.amazon.co.uk\/kp\/card?preview=inline&#038;linkCode=kpd&#038;ref_=k4w_oembed_qEDnImSPvpd62X&#038;asin=1560007133&#038;tag=kpembed-20\"><\/iframe><br \/>\nhttps:\/\/journals.openedition.org\/etudes-benthamiennes\/204<br \/>\nhttps:\/\/us.macmillan.com\/books\/9780374270933<br \/>\nhttps:\/\/www.penguin.co.uk\/books\/283\/283923\/seven-types-of-atheism\/9780141981109.html<br \/>\nhttps:\/\/www.penguin.co.uk\/books\/553\/55365\/a-history-of-christianity\/9780141021898.html<br \/>\nhttps:\/\/www.un.org\/sustainabledevelopment\/sustainable-development-goals\/<br \/>\nhttps:\/\/www.telegraph.co.uk\/news\/earth\/earthnews\/9815862\/Humans-are-plague-on-Earth-Attenborough.html<br \/>\nhttps:\/\/www.sciencedirect.com\/science\/article\/pii\/S0960982208007926<br \/>\nhttps:\/\/www.un.org\/en\/sections\/issues-depth\/population\/<br \/>\nhttps:\/\/www.waterstones.com\/book\/the-war-against-population\/jacqueline-r-kasun\/\/9780898701913<\/p>\n<blockquote class=\"wp-embedded-content\" data-secret=\"SrEhNGGwtM\"><p><a href=\"https:\/\/civismo.org\/political-thought\/feminism\/language-as-a-political-weapon\/\">Language as a political weapon<\/a><\/p><\/blockquote>\n<p><iframe class=\"wp-embedded-content\" sandbox=\"allow-scripts\" security=\"restricted\" style=\"position: absolute; clip: rect(1px, 1px, 1px, 1px);\" title=\"\u00abLanguage as a political weapon\u00bb \u2014 Fundaci\u00f3n Civismo\" src=\"https:\/\/civismo.org\/political-thought\/feminism\/language-as-a-political-weapon\/embed\/#?secret=iXwbBUhizl#?secret=SrEhNGGwtM\" data-secret=\"SrEhNGGwtM\" width=\"500\" height=\"282\" frameborder=\"0\" marginwidth=\"0\" marginheight=\"0\" scrolling=\"no\"><\/iframe><\/p>\n<blockquote class=\"wp-embedded-content\" data-secret=\"KOQ6KGzhZN\"><p><a href=\"https:\/\/www.nybooks.com\/articles\/2019\/12\/19\/evolution-moral-progress-getting-better-all-the-time\/\">Getting Better All the Time?<\/a><\/p><\/blockquote>\n<p><iframe class=\"wp-embedded-content\" sandbox=\"allow-scripts\" security=\"restricted\" style=\"position: absolute; clip: rect(1px, 1px, 1px, 1px);\" title=\"&#8220;Getting Better All the Time?&#8221; &#8212; The New York Review of Books\" src=\"https:\/\/www.nybooks.com\/articles\/2019\/12\/19\/evolution-moral-progress-getting-better-all-the-time\/embed\/#?secret=mZqOFWc7Tz#?secret=KOQ6KGzhZN\" data-secret=\"KOQ6KGzhZN\" width=\"500\" height=\"282\" frameborder=\"0\" marginwidth=\"0\" marginheight=\"0\" scrolling=\"no\"><\/iframe><br \/>\nhttps:\/\/www.springer.com\/gp\/book\/9781402012549<br \/>\nhttp:\/\/aima.cs.berkeley.edu\/<br \/>\nhttps:\/\/www.publicaffairsbooks.com\/titles\/shoshana-zuboff\/the-age-of-surveillance-capitalism\/9781610395694\/<\/p>\n<blockquote class=\"wp-embedded-content\" data-secret=\"LXXVnTTvnD\"><p><a href=\"https:\/\/foreignpolicy.com\/2019\/10\/21\/china-xinjiang-surveillance-state-police-targets\/\">China\u2019s Surveillance State Has Tens of Millions of New Targets<\/a><\/p><\/blockquote>\n<p><iframe class=\"wp-embedded-content\" sandbox=\"allow-scripts\" security=\"restricted\" style=\"position: absolute; clip: rect(1px, 1px, 1px, 1px);\" title=\"&#8220;China\u2019s Surveillance State Has Tens of Millions of New Targets&#8221; &#8212; Foreign Policy\" src=\"https:\/\/foreignpolicy.com\/2019\/10\/21\/china-xinjiang-surveillance-state-police-targets\/embed\/#?secret=VXdgG1rSbC#?secret=LXXVnTTvnD\" data-secret=\"LXXVnTTvnD\" width=\"500\" height=\"282\" frameborder=\"0\" marginwidth=\"0\" marginheight=\"0\" scrolling=\"no\"><\/iframe><br \/>\nhttps:\/\/www.aisuperpowers.com\/<br \/>\nhttps:\/\/www.technologyreview.com\/2020\/07\/20\/1005454\/openai-machine-learning-language-generator-gpt-3-nlp\/<br \/>\n<iframe loading=\"lazy\" title=\"A Crack in Creation: Gene Editing and the Unthinkable Power to Control Evolution\" type=\"text\/html\" width=\"500\" height=\"550\" frameborder=\"0\" allowfullscreen style=\"max-width:100%\" src=\"https:\/\/read.amazon.co.uk\/kp\/card?preview=inline&#038;linkCode=kpd&#038;ref_=k4w_oembed_qOgt5xn8Odjis7&#038;asin=0544716949&#038;tag=kpembed-20\"><\/iframe><\/p>\n<blockquote class=\"wp-embedded-content\" data-secret=\"Fx8tkkHPPt\"><p><a href=\"https:\/\/singularityhub.com\/2019\/11\/12\/how-much-can-we-delay-aging-a-gene-therapy-trial-is-about-to-find-out\/\">How Much Can We Delay Aging? A Gene Therapy Trial Is About to Find Out<\/a><\/p><\/blockquote>\n<p><iframe class=\"wp-embedded-content\" sandbox=\"allow-scripts\" security=\"restricted\" style=\"position: absolute; clip: rect(1px, 1px, 1px, 1px);\" title=\"&#8220;How Much Can We Delay Aging? A Gene Therapy Trial Is About to Find Out&#8221; &#8212; Singularity Hub\" src=\"https:\/\/singularityhub.com\/2019\/11\/12\/how-much-can-we-delay-aging-a-gene-therapy-trial-is-about-to-find-out\/embed\/#?secret=8hjOY9ISO4#?secret=Fx8tkkHPPt\" data-secret=\"Fx8tkkHPPt\" width=\"500\" height=\"282\" frameborder=\"0\" marginwidth=\"0\" marginheight=\"0\" scrolling=\"no\"><\/iframe><br \/>\nhttps:\/\/www.popularmechanics.com\/science\/animals\/a34690565\/scientists-splice-human-genes-into-monkey-brains\/<br \/>\nhttps:\/\/www.economist.com\/open-future\/2019\/04\/25\/how-genetic-engineering-will-reshape-humanity<br \/>\nhttps:\/\/www.sciencedirect.com\/book\/9780323393119\/nanotechnology<br \/>\nhttps:\/\/www.wired.com\/2000\/04\/joy-2\/<br \/>\nhttps:\/\/www.youtube.com\/user\/BostonDynamics<br \/>\nhttps:\/\/www.wired.com\/story\/wired-guide-internet-of-things\/<br \/>\nhttps:\/\/www.foreignaffairs.com\/articles\/2015-12-12\/fourth-industrial-revolution<br \/>\nhttps:\/\/www.weforum.org\/agenda\/2016\/01\/the-fourth-industrial-revolution-what-it-means-and-how-to-respond\/<br \/>\nhttps:\/\/humanityplus.org\/<\/p>\n<blockquote class=\"wp-embedded-content\" data-secret=\"Chfwb3GlYH\"><p><a href=\"https:\/\/www.sens.org\/\">Home<\/a><\/p><\/blockquote>\n<p><iframe class=\"wp-embedded-content\" sandbox=\"allow-scripts\" security=\"restricted\" style=\"position: absolute; clip: rect(1px, 1px, 1px, 1px);\" title=\"&#8220;Home&#8221; &#8212; SENS Research Foundation\" src=\"https:\/\/www.sens.org\/embed\/#?secret=YUp36JNx82#?secret=Chfwb3GlYH\" data-secret=\"Chfwb3GlYH\" width=\"500\" height=\"282\" frameborder=\"0\" marginwidth=\"0\" marginheight=\"0\" scrolling=\"no\"><\/iframe><br \/>\nhttps:\/\/www.sciencedaily.com\/releases\/2019\/02\/190219111747.htm<br \/>\nhttps:\/\/global.oup.com\/academic\/product\/superintelligence-9780199678112?cc=gb&#038;lang=en&#038;<br \/>\nhttps:\/\/neuralink.com\/<br \/>\nhttps:\/\/www.hedweb.com\/<\/p>\n<blockquote class=\"wp-embedded-content\" data-secret=\"gPQILZ8ioY\"><p><a href=\"https:\/\/www.thehastingscenter.org\/moral-obligation-genetically-enhance-children\/\">Do We Have a Moral Obligation to Genetically Enhance our Children?<\/a><\/p><\/blockquote>\n<p><iframe class=\"wp-embedded-content\" sandbox=\"allow-scripts\" security=\"restricted\" style=\"position: absolute; clip: rect(1px, 1px, 1px, 1px);\" title=\"&#8220;Do We Have a Moral Obligation to Genetically Enhance our Children?&#8221; &#8212; The Hastings Center\" src=\"https:\/\/www.thehastingscenter.org\/moral-obligation-genetically-enhance-children\/embed\/#?secret=DqGYkH85K1#?secret=gPQILZ8ioY\" data-secret=\"gPQILZ8ioY\" width=\"500\" height=\"282\" frameborder=\"0\" marginwidth=\"0\" marginheight=\"0\" scrolling=\"no\"><\/iframe><br \/>\nhttps:\/\/time.com\/5803225\/yuval-noah-harari-coronavirus-humanity-leadership\/<br \/>\nhttps:\/\/www.weforum.org\/centre-for-the-fourth-industrial-revolution<br \/>\nhttps:\/\/www.netflix.com\/gb\/title\/81011660<br \/>\nhttps:\/\/www.mafamily.org\/the-lethal-intersection-of-abortion-organ-trafficking-and-fetal-experimentation\/<br \/>\nhttps:\/\/www.telegraph.co.uk\/news\/2019\/10\/23\/canadian-transgender-woman-loses-case-against-beauticians-refused\/<br \/>\nhttps:\/\/www.mirror.co.uk\/news\/world-news\/transgender-woman-dragon-lady-chops-8798301<br \/>\nhttps:\/\/www.healthline.com\/health-news\/woman-who-blinded-herself-with-drain-cleaner-brings-attention-to-unusual-condition-100715#1<br \/>\nhttps:\/\/www.theguardian.com\/technology\/2017\/oct\/29\/transhuman-bodyhacking-transspecies-cyborg<br \/>\nhttps:\/\/www.weforum.org\/agenda\/2020\/06\/theres-nothing-new-about-this-new-normal-heres-why\/<br \/>\nhttps:\/\/www.oxfordmartin.ox.ac.uk\/downloads\/academic\/The_Future_of_Employment.pdf<br \/>\nhttps:\/\/www.penguin.co.uk\/books\/306\/306864\/a-world-without-work\/9780141986807.html<br \/>\nhttps:\/\/www.weforum.org\/agenda\/2020\/04\/covid-19-universal-basic-income-social-inequality\/<br \/>\nhttps:\/\/www.weforum.org\/press\/2020\/08\/annual-meeting-2021-in-davos-rescheduled\/<br \/>\nhttps:\/\/givingpledge.org\/<\/p>\n<div class=\"jeg_video_container jeg_video_content\"><iframe loading=\"lazy\" title=\"Nigel Farage exposes George Soros: The biggest international political collusion in history\" width=\"500\" height=\"281\" src=\"https:\/\/www.youtube.com\/embed\/PZLr0TtPjUc?feature=oembed\" frameborder=\"0\" allow=\"accelerometer; autoplay; clipboard-write; encrypted-media; gyroscope; picture-in-picture; web-share\" referrerpolicy=\"strict-origin-when-cross-origin\" allowfullscreen><\/iframe><\/div>\n<p>https:\/\/www.devex.com\/news\/big-concerns-over-gates-foundation-s-potential-to-become-largest-who-donor-97377<br \/>\nhttps:\/\/www.gavi.org\/operating-model\/gavis-partnership-model\/bill-melinda-gates-foundation<\/p>\n<blockquote class=\"wp-embedded-content\" data-secret=\"PLA15cAvU2\"><p><a href=\"https:\/\/www.gatescambridge.org\/\">Homepage<\/a><\/p><\/blockquote>\n<p><iframe class=\"wp-embedded-content\" sandbox=\"allow-scripts\" security=\"restricted\" style=\"position: absolute; clip: rect(1px, 1px, 1px, 1px);\" title=\"&#8220;Homepage&#8221; &#8212; Gates Cambridge\" src=\"https:\/\/www.gatescambridge.org\/embed\/#?secret=xhacHc1EZL#?secret=PLA15cAvU2\" data-secret=\"PLA15cAvU2\" width=\"500\" height=\"282\" frameborder=\"0\" marginwidth=\"0\" marginheight=\"0\" scrolling=\"no\"><\/iframe><br \/>\nhttps:\/\/www.sciencemag.org\/news\/2017\/02\/mysterious-2-billion-biotech-revealing-secrets-behind-its-new-drugs-and-vaccines<br \/>\nhttps:\/\/www.modernatx.com\/ecosystem\/strategic-collaborators\/foundations-advancing-mrna-science-and-research<\/p>\n<p>Epidemic sound &#8211; active license<br \/>\n<br \/><a href=\"https:\/\/www.youtube.com\/watch?v=zwNFA09q7yc\">source<\/a><\/p>\n","protected":false},"excerpt":{"rendered":"<p>Presentaci\u00f3n en la conferencia &#8220;La verdad sobre el miedo&#8221; Presentation at the &#8220;Truth over Fear&#8221; Summit organized by Patrick Coffin Media (30-31\/10\/20) https:\/\/www.restoretheculture.com\/TOF-Summit-Closed Video del Gran Reinicio Press note by LifeSiteNews (10\/11\/20) https:\/\/www.lifesitenews.com\/news\/transhumanism-expert-exposes-liberal-billionaire-elitists-great-reset-agenda Mis redes sociales https:\/\/linktr.ee\/mikloslukacs Hip\u00f3tesis de la conexi\u00f3n china \/ Chinese connection hypothesis Pandemonium https:\/\/www.cafeviena.pe\/wp-content\/uploads\/2020\/05\/Pandemonium-De-la-pandemia-al-control-total.pdf The Pandemic Road to Serfdom https:\/\/www.pop.org\/wp-content\/uploads\/2020\/10\/Pandemonium_web.pdf Referencias [&hellip;]<\/p>\n","protected":false},"author":5,"featured_media":1380,"comment_status":"open","ping_status":"open","sticky":false,"template":"","format":"standard","meta":{"_oembed_085c0d6119d2666e3cd57e5f31fd7d80":["{{unknown}}"],"_oembed_1a4853ccc66b89bf753d5e9d03413ca1":["<iframe title=\"The Great Reset\" width=\"500\" height=\"281\" src=\"https:\/\/www.youtube.com\/embed\/8rAiTDQ-NVY?feature=oembed\" frameborder=\"0\" allow=\"accelerometer; autoplay; clipboard-write; encrypted-media; gyroscope; picture-in-picture\" allowfullscreen><\/iframe>"],"_oembed_time_1a4853ccc66b89bf753d5e9d03413ca1":["1650389279"],"_oembed_48cb29ceb296ef1e3be656793bfebc8f":["{{unknown}}"],"_oembed_be7960f7544cc5d40423b3d1c47c4a1b":["{{unknown}}"],"_oembed_f393b900e6daaa2bd9875ed232539f63":["{{unknown}}"],"_oembed_a51809d32142cae59e34e8ac46604aa4":["<iframe title=\"History of the Idea of Progress\" type=\"text\/html\" width=\"500\" height=\"550\" frameborder=\"0\" allowfullscreen style=\"max-width:100%\" src=\"https:\/\/read.amazon.co.uk\/kp\/card?preview=inline&linkCode=kpd&ref_=k4w_oembed_eeAKLc4Valdhgh&asin=1560007133&tag=kpembed-20\"><\/iframe>"],"_oembed_time_a51809d32142cae59e34e8ac46604aa4":["1650389284"],"_oembed_67d77c24973f1da4aaafde09e833a033":["{{unknown}}"],"_oembed_2581f66a1a100892532cc7664250d7e6":["<blockquote class=\"wp-embedded-content\" data-secret=\"MuGLE2TSPT\"><a href=\"https:\/\/us.macmillan.com\/sample-page\/\">Book details<\/a><\/blockquote><iframe class=\"wp-embedded-content\" sandbox=\"allow-scripts\" security=\"restricted\" style=\"position: absolute; clip: rect(1px, 1px, 1px, 1px);\" title=\"&#8220;Book details&#8221; &#8212; Macmillan\" src=\"https:\/\/us.macmillan.com\/sample-page\/embed\/#?secret=CijaH7Ssns#?secret=MuGLE2TSPT\" data-secret=\"MuGLE2TSPT\" width=\"500\" height=\"282\" frameborder=\"0\" marginwidth=\"0\" marginheight=\"0\" scrolling=\"no\"><\/iframe>"],"_oembed_time_2581f66a1a100892532cc7664250d7e6":["1650389286"],"_oembed_15edc45ea9fb6b82a7f41ff46035a699":["{{unknown}}"],"_oembed_a6f7ac9a70b7c34f6f9da93501861499":["{{unknown}}"],"_oembed_54df5f05e71b7d1493142174ee72957f":["{{unknown}}"],"_oembed_5440346e93fe10dc73188473f816d1e1":["{{unknown}}"],"_oembed_27cb83ea490eec388f8a71d6cb0e2c60":["{{unknown}}"],"_oembed_3d326e7c8f640270485ec3b6e4514afc":["{{unknown}}"],"_oembed_b04f469258d3b51ec9c2416fa4837a9d":["{{unknown}}"],"_oembed_6cecf78fa66d67b22fbdd0b888e40346":["<blockquote class=\"wp-embedded-content\" data-secret=\"KDD44HeePJ\"><a href=\"https:\/\/civismo.org\/en\/language-as-a-political-weapon\/\">Language as a political weapon<\/a><\/blockquote><iframe class=\"wp-embedded-content\" sandbox=\"allow-scripts\" security=\"restricted\" style=\"position: absolute; clip: rect(1px, 1px, 1px, 1px);\" title=\"\u00abLanguage as a political weapon\u00bb \u2014 Fundaci\u00f3n Civismo\" src=\"https:\/\/civismo.org\/en\/language-as-a-political-weapon\/embed\/#?secret=KDD44HeePJ\" data-secret=\"KDD44HeePJ\" width=\"500\" height=\"282\" frameborder=\"0\" marginwidth=\"0\" marginheight=\"0\" scrolling=\"no\"><\/iframe>"],"_oembed_time_6cecf78fa66d67b22fbdd0b888e40346":["1650389296"],"_oembed_365762605e0fb68457f1d5b6697c0f48":["<blockquote class=\"wp-embedded-content\" data-secret=\"VuMHnCidSd\"><a href=\"https:\/\/www.nybooks.com\/articles\/2019\/12\/19\/evolution-moral-progress-getting-better-all-the-time\/\">Getting Better All the Time?<\/a><\/blockquote><iframe class=\"wp-embedded-content\" sandbox=\"allow-scripts\" security=\"restricted\" style=\"position: absolute; clip: rect(1px, 1px, 1px, 1px);\" title=\"&#8220;Getting Better All the Time?&#8221; &#8212; The New York Review of Books\" src=\"https:\/\/www.nybooks.com\/articles\/2019\/12\/19\/evolution-moral-progress-getting-better-all-the-time\/embed\/#?secret=8A0c9ZakCU#?secret=VuMHnCidSd\" data-secret=\"VuMHnCidSd\" width=\"500\" height=\"282\" frameborder=\"0\" marginwidth=\"0\" marginheight=\"0\" scrolling=\"no\"><\/iframe>"],"_oembed_time_365762605e0fb68457f1d5b6697c0f48":["1650389297"],"_oembed_77fa862df70f8f03d0c9ad6ea26ac36d":["{{unknown}}"],"_oembed_e685610a7e47ac3f25cf3d89adaa5680":["{{unknown}}"],"_oembed_f3dc1adb1b040cdfaf6aeb413629abd2":["<blockquote class=\"wp-embedded-content\" data-secret=\"5nCcagR54Q\"><a href=\"https:\/\/www.publicaffairsbooks.com\/titles\/shoshana-zuboff\/the-age-of-surveillance-capitalism\/9781610395694\/\">The Age of Surveillance Capitalism<\/a><\/blockquote><iframe class=\"wp-embedded-content\" sandbox=\"allow-scripts\" security=\"restricted\" style=\"position: absolute; clip: rect(1px, 1px, 1px, 1px);\" title=\"&#8220;The Age of Surveillance Capitalism&#8221; &#8212; Hachette Book Group\" src=\"https:\/\/www.publicaffairsbooks.com\/titles\/shoshana-zuboff\/the-age-of-surveillance-capitalism\/9781610395694\/embed\/#?secret=FTIZwJa7Sw#?secret=5nCcagR54Q\" data-secret=\"5nCcagR54Q\" width=\"500\" height=\"282\" frameborder=\"0\" marginwidth=\"0\" marginheight=\"0\" scrolling=\"no\"><\/iframe>"],"_oembed_time_f3dc1adb1b040cdfaf6aeb413629abd2":["1650389307"],"_oembed_816525cd3fcefaf573e24e4dca163bd7":["<blockquote class=\"wp-embedded-content\" data-secret=\"SWKUWKsxf9\"><a href=\"https:\/\/foreignpolicy.com\/2019\/10\/21\/china-xinjiang-surveillance-state-police-targets\/\">China\u2019s Surveillance State Has Tens of Millions of New Targets<\/a><\/blockquote><iframe class=\"wp-embedded-content\" sandbox=\"allow-scripts\" security=\"restricted\" style=\"position: absolute; clip: rect(1px, 1px, 1px, 1px);\" title=\"&#8220;China\u2019s Surveillance State Has Tens of Millions of New Targets&#8221; &#8212; Foreign Policy\" src=\"https:\/\/foreignpolicy.com\/2019\/10\/21\/china-xinjiang-surveillance-state-police-targets\/embed\/#?secret=VmfzrqeLDL#?secret=SWKUWKsxf9\" data-secret=\"SWKUWKsxf9\" width=\"500\" height=\"282\" frameborder=\"0\" marginwidth=\"0\" marginheight=\"0\" scrolling=\"no\"><\/iframe>"],"_oembed_time_816525cd3fcefaf573e24e4dca163bd7":["1650389309"],"_oembed_7eb0927535f8287d5258bb0e33ae0476":["{{unknown}}"],"_oembed_faf5698183099bda3dec382810c39208":["{{unknown}}"],"_oembed_18631ff9e5a0089142c013ac8a6d3293":["<iframe title=\"A Crack in Creation: Gene Editing and the Unthinkable Power to Control Evolution\" type=\"text\/html\" width=\"500\" height=\"550\" frameborder=\"0\" allowfullscreen style=\"max-width:100%\" src=\"https:\/\/read.amazon.co.uk\/kp\/card?preview=inline&linkCode=kpd&ref_=k4w_oembed_MK4XQSWfd1d3Ka&asin=0544716949&tag=kpembed-20\"><\/iframe>"],"_oembed_time_18631ff9e5a0089142c013ac8a6d3293":["1650389310"],"_oembed_de59990af4c27f7d7e337b5defbc205e":["<blockquote class=\"wp-embedded-content\" data-secret=\"02tXfLlELo\"><a href=\"https:\/\/singularityhub.com\/2019\/11\/12\/how-much-can-we-delay-aging-a-gene-therapy-trial-is-about-to-find-out\/\">How Much Can We Delay Aging? A Gene Therapy Trial Is About to Find Out<\/a><\/blockquote><iframe class=\"wp-embedded-content\" sandbox=\"allow-scripts\" security=\"restricted\" style=\"position: absolute; clip: rect(1px, 1px, 1px, 1px);\" title=\"&#8220;How Much Can We Delay Aging? A Gene Therapy Trial Is About to Find Out&#8221; &#8212; Singularity Hub\" src=\"https:\/\/singularityhub.com\/2019\/11\/12\/how-much-can-we-delay-aging-a-gene-therapy-trial-is-about-to-find-out\/embed\/#?secret=WtFD6mejrJ#?secret=02tXfLlELo\" data-secret=\"02tXfLlELo\" width=\"500\" height=\"282\" frameborder=\"0\" marginwidth=\"0\" marginheight=\"0\" scrolling=\"no\"><\/iframe>"],"_oembed_time_de59990af4c27f7d7e337b5defbc205e":["1650389311"],"_oembed_514461ac1b5f588e15deb3b66b6a689f":["{{unknown}}"],"_oembed_9aadbee3809ef5d492b33c7a58158b81":["{{unknown}}"],"_oembed_406f53a228770f3e55550773e87c7dfd":["{{unknown}}"],"_oembed_e2203680b7f68ae2f2e352a2995d7c61":["{{unknown}}"],"_oembed_8606d2a3b68e9616e29d6127182b2f1f":["{{unknown}}"],"_oembed_66deda68f1f58e65115b3dac25e3a01d":["{{unknown}}"],"_oembed_54b9a65f25c2b7dd5a289f521b1639bc":["{{unknown}}"],"_oembed_1fb6d138a3dfd8d2aeb862682fbe395f":["{{unknown}}"],"_oembed_ea9a1179615f7616ca5477a4294e0271":["{{unknown}}"],"_oembed_ab6329daa2b00cd1365b91db480a837d":["<blockquote class=\"wp-embedded-content\" data-secret=\"VinEA7bugy\"><a href=\"https:\/\/www.sens.org\/\">Home<\/a><\/blockquote><iframe class=\"wp-embedded-content\" sandbox=\"allow-scripts\" security=\"restricted\" style=\"position: absolute; clip: rect(1px, 1px, 1px, 1px);\" title=\"&#8220;Home&#8221; &#8212; SENS Research Foundation\" src=\"https:\/\/www.sens.org\/embed\/#?secret=yHiIumx3HU#?secret=VinEA7bugy\" data-secret=\"VinEA7bugy\" width=\"500\" height=\"282\" frameborder=\"0\" marginwidth=\"0\" marginheight=\"0\" scrolling=\"no\"><\/iframe>"],"_oembed_time_ab6329daa2b00cd1365b91db480a837d":["1650389321"],"_oembed_0c68b006ab2f1841d9d6af65ffead421":["{{unknown}}"],"_oembed_2c3e7ca3e312f94e5206048b020ee9eb":["{{unknown}}"],"_oembed_7d76ac48d495c7dda1b847dfd6727088":["{{unknown}}"],"_oembed_43fb7ddbf4c0c3c13cce2542eb2ea523":["{{unknown}}"],"_oembed_40983490cdfd83bbc8356c7db37c5082":["<blockquote class=\"wp-embedded-content\" data-secret=\"3Ryc2lc8Te\"><a href=\"https:\/\/www.thehastingscenter.org\/moral-obligation-genetically-enhance-children\/\">Do We Have a Moral Obligation to Genetically Enhance our Children?<\/a><\/blockquote><iframe class=\"wp-embedded-content\" sandbox=\"allow-scripts\" security=\"restricted\" style=\"position: absolute; clip: rect(1px, 1px, 1px, 1px);\" title=\"&#8220;Do We Have a Moral Obligation to Genetically Enhance our Children?&#8221; &#8212; The Hastings Center\" src=\"https:\/\/www.thehastingscenter.org\/moral-obligation-genetically-enhance-children\/embed\/#?secret=bIc7suwSJt#?secret=3Ryc2lc8Te\" data-secret=\"3Ryc2lc8Te\" width=\"500\" height=\"282\" frameborder=\"0\" marginwidth=\"0\" marginheight=\"0\" scrolling=\"no\"><\/iframe>"],"_oembed_time_40983490cdfd83bbc8356c7db37c5082":["1650389326"],"_oembed_7a3184b4eda33cb5a91e769fd67e5e47":["{{unknown}}"],"_oembed_b6d1d2ab0494c8d771a754b666e6be45":["{{unknown}}"],"_oembed_38fb1a106ada410204e115e088cc0179":["{{unknown}}"],"_oembed_83dcbe469ff45d0770674d9faf9ea82b":["{{unknown}}"],"_oembed_28127d1f816b000245923ee98c1826d7":["{{unknown}}"],"_oembed_da49d5bb29f932cd1dfb5ae440d3cd7d":["{{unknown}}"],"_oembed_8d5717529e4159797f8a19b4c5d8dd79":["{{unknown}}"],"_oembed_2efbcb7a79a90e185dedf404c43ebb64":["{{unknown}}"],"_oembed_6aa7b93192f9ac26f0620462dd593e06":["{{unknown}}"],"_oembed_22a7710de5a389ef7153e4f2423a06fb":["{{unknown}}"],"_oembed_9c1654bb04c99baa8f9429d6acd3f55c":["{{unknown}}"],"_oembed_8c99a62aa5dbad0f90612a0520a3bdc9":["{{unknown}}"],"_oembed_57e308b561a93644f31025ce605b6b35":["{{unknown}}"],"_oembed_891279ad892875097feede9f02c059e1":["{{unknown}}"],"_oembed_41224f1c5bbaa59dde55bb0db278a4c5":["<iframe title=\"Nigel Farage exposes George Soros: The biggest international political collusion in history\" width=\"500\" height=\"281\" src=\"https:\/\/www.youtube.com\/embed\/PZLr0TtPjUc?feature=oembed\" frameborder=\"0\" allow=\"accelerometer; autoplay; clipboard-write; encrypted-media; gyroscope; picture-in-picture\" allowfullscreen><\/iframe>"],"_oembed_time_41224f1c5bbaa59dde55bb0db278a4c5":["1650389336"],"_oembed_172a87d72eed9fe6278cd3d4083b8f11":["{{unknown}}"],"_oembed_a10045ad8d9dd7fdd6c391dfb2b7f250":["{{unknown}}"],"_oembed_f2a5fede8a81b2602a99835173cb7cc3":["<blockquote class=\"wp-embedded-content\" data-secret=\"sNeunKriXk\"><a href=\"https:\/\/www.gatescambridge.org\/\">Homepage<\/a><\/blockquote><iframe class=\"wp-embedded-content\" sandbox=\"allow-scripts\" security=\"restricted\" style=\"position: absolute; clip: rect(1px, 1px, 1px, 1px);\" title=\"&#8220;Homepage&#8221; &#8212; Gates Cambridge\" src=\"https:\/\/www.gatescambridge.org\/embed\/#?secret=bbltXFytYX#?secret=sNeunKriXk\" data-secret=\"sNeunKriXk\" width=\"500\" height=\"282\" frameborder=\"0\" marginwidth=\"0\" marginheight=\"0\" scrolling=\"no\"><\/iframe>"],"_oembed_time_f2a5fede8a81b2602a99835173cb7cc3":["1650389339"],"_oembed_cb1e78ba0fc59fab44da97ca14cc67ac":["{{unknown}}"],"_oembed_1731c3335098b4fdb6b63c99f2cf4d40":["{{unknown}}"],"wp_automatic_camp":["168"],"0f8f7bcee0c13d9293c9d3e0382f5c8c":["El Gran Reinicio: una revisi\u00f3n cr\u00edtica \/ The Great Reset: a critical review - Miklos Lukacs"],"original_link":["https:\/\/www.youtube.com\/watch?v=zwNFA09q7yc"],"_thumbnail_id":["1380"],"wp_automatic_remove_first_image":["yes"],"jnews_social_counter_last_update":["1777263287"],"_oembed_094d726512a7b894cc858e725ca16215":["{{unknown}}"],"_oembed_a37287edd06aa9d72929f325549ba6fe":["<iframe title=\"The Great Reset\" width=\"500\" height=\"281\" src=\"https:\/\/www.youtube.com\/embed\/8rAiTDQ-NVY?feature=oembed\" frameborder=\"0\" allow=\"accelerometer; autoplay; clipboard-write; encrypted-media; gyroscope; picture-in-picture; web-share\" referrerpolicy=\"strict-origin-when-cross-origin\" allowfullscreen><\/iframe>"],"_oembed_time_a37287edd06aa9d72929f325549ba6fe":["1717243620"],"_oembed_dfbf28de2199bd7424af348b93cf3f93":["{{unknown}}"],"_oembed_1beba24b029a960484cdb9f9cfebeef6":["{{unknown}}"],"_oembed_ab5b51f3fab93a83dd19c323dae1e4ab":["{{unknown}}"],"_oembed_01792b142c23012608773d4dd121d780":["<iframe title=\"History of the Idea of Progress\" type=\"text\/html\" width=\"500\" height=\"550\" frameborder=\"0\" allowfullscreen style=\"max-width:100%\" src=\"https:\/\/read.amazon.co.uk\/kp\/card?preview=inline&linkCode=kpd&ref_=k4w_oembed_qEDnImSPvpd62X&asin=1560007133&tag=kpembed-20\"><\/iframe>"],"_oembed_time_01792b142c23012608773d4dd121d780":["1717243623"],"_oembed_60a8262a6fdf544403506dbda82cbb08":["{{unknown}}"],"_oembed_37577e47873368d9cb5a32aaf4f9872d":["{{unknown}}"],"_oembed_e6cbca32a9ea434bb4ef3b324a8e6fa0":["{{unknown}}"],"_oembed_47ac2886e06ddb0be06274beaf53da87":["{{unknown}}"],"_oembed_dcf77cd9bb1cedfea1d08837155d85c1":["{{unknown}}"],"_oembed_ac81af6da6068b8b3ec2e545125d3910":["{{unknown}}"],"_oembed_bf32e1dee99d7cabae971e82db3628ae":["{{unknown}}"],"_oembed_e51c7b217c9909e7d64c623a76e4004a":["{{unknown}}"],"_oembed_d8ee8e6e4a729cf7c64d7202ce12c3df":["{{unknown}}"],"_oembed_93e6afdd33e9a85a57d1bcdfb87c9477":["<blockquote class=\"wp-embedded-content\" data-secret=\"SrEhNGGwtM\"><a href=\"https:\/\/civismo.org\/political-thought\/feminism\/language-as-a-political-weapon\/\">Language as a political weapon<\/a><\/blockquote><iframe class=\"wp-embedded-content\" sandbox=\"allow-scripts\" security=\"restricted\" style=\"position: absolute; clip: rect(1px, 1px, 1px, 1px);\" title=\"\u00abLanguage as a political weapon\u00bb \u2014 Fundaci\u00f3n Civismo\" src=\"https:\/\/civismo.org\/political-thought\/feminism\/language-as-a-political-weapon\/embed\/#?secret=iXwbBUhizl#?secret=SrEhNGGwtM\" data-secret=\"SrEhNGGwtM\" width=\"500\" height=\"282\" frameborder=\"0\" marginwidth=\"0\" marginheight=\"0\" scrolling=\"no\"><\/iframe>"],"_oembed_time_93e6afdd33e9a85a57d1bcdfb87c9477":["1717243633"],"_oembed_e3842de4cec8c6a0cec0ca6aff12c88b":["<blockquote class=\"wp-embedded-content\" data-secret=\"KOQ6KGzhZN\"><a href=\"https:\/\/www.nybooks.com\/articles\/2019\/12\/19\/evolution-moral-progress-getting-better-all-the-time\/\">Getting Better All the Time?<\/a><\/blockquote><iframe class=\"wp-embedded-content\" sandbox=\"allow-scripts\" security=\"restricted\" style=\"position: absolute; clip: rect(1px, 1px, 1px, 1px);\" title=\"&#8220;Getting Better All the Time?&#8221; &#8212; The New York Review of Books\" src=\"https:\/\/www.nybooks.com\/articles\/2019\/12\/19\/evolution-moral-progress-getting-better-all-the-time\/embed\/#?secret=mZqOFWc7Tz#?secret=KOQ6KGzhZN\" data-secret=\"KOQ6KGzhZN\" width=\"500\" height=\"282\" frameborder=\"0\" marginwidth=\"0\" marginheight=\"0\" scrolling=\"no\"><\/iframe>"],"_oembed_time_e3842de4cec8c6a0cec0ca6aff12c88b":["1717243634"],"_oembed_79b7764b1a8c987f1f80053cacc484e1":["{{unknown}}"],"_oembed_36d11ae5077a48ea0b8684d9f11764e3":["{{unknown}}"],"_oembed_04c798d8c2786fc8ad32618ff04ed9b4":["{{unknown}}"],"_oembed_fb6ba68c353e27bc0a5bd0e427902842":["<blockquote class=\"wp-embedded-content\" data-secret=\"LXXVnTTvnD\"><a href=\"https:\/\/foreignpolicy.com\/2019\/10\/21\/china-xinjiang-surveillance-state-police-targets\/\">China\u2019s Surveillance State Has Tens of Millions of New Targets<\/a><\/blockquote><iframe class=\"wp-embedded-content\" sandbox=\"allow-scripts\" security=\"restricted\" style=\"position: absolute; clip: rect(1px, 1px, 1px, 1px);\" title=\"&#8220;China\u2019s Surveillance State Has Tens of Millions of New Targets&#8221; &#8212; Foreign Policy\" src=\"https:\/\/foreignpolicy.com\/2019\/10\/21\/china-xinjiang-surveillance-state-police-targets\/embed\/#?secret=VXdgG1rSbC#?secret=LXXVnTTvnD\" data-secret=\"LXXVnTTvnD\" width=\"500\" height=\"282\" frameborder=\"0\" marginwidth=\"0\" marginheight=\"0\" scrolling=\"no\"><\/iframe>"],"_oembed_time_fb6ba68c353e27bc0a5bd0e427902842":["1717243640"],"_oembed_efcfa653335733278e13cfbc8fef8a22":["{{unknown}}"],"_oembed_53874a663f98a76cd62a95550d661d75":["{{unknown}}"],"_oembed_1e187627881ea4398b908e4e58203990":["<iframe title=\"A Crack in Creation: Gene Editing and the Unthinkable Power to Control Evolution\" type=\"text\/html\" width=\"500\" height=\"550\" frameborder=\"0\" allowfullscreen style=\"max-width:100%\" src=\"https:\/\/read.amazon.co.uk\/kp\/card?preview=inline&linkCode=kpd&ref_=k4w_oembed_qOgt5xn8Odjis7&asin=0544716949&tag=kpembed-20\"><\/iframe>"],"_oembed_time_1e187627881ea4398b908e4e58203990":["1717243641"],"_oembed_9028044eb40d07875891205689145a3d":["<blockquote class=\"wp-embedded-content\" data-secret=\"Fx8tkkHPPt\"><a href=\"https:\/\/singularityhub.com\/2019\/11\/12\/how-much-can-we-delay-aging-a-gene-therapy-trial-is-about-to-find-out\/\">How Much Can We Delay Aging? A Gene Therapy Trial Is About to Find Out<\/a><\/blockquote><iframe class=\"wp-embedded-content\" sandbox=\"allow-scripts\" security=\"restricted\" style=\"position: absolute; clip: rect(1px, 1px, 1px, 1px);\" title=\"&#8220;How Much Can We Delay Aging? A Gene Therapy Trial Is About to Find Out&#8221; &#8212; Singularity Hub\" src=\"https:\/\/singularityhub.com\/2019\/11\/12\/how-much-can-we-delay-aging-a-gene-therapy-trial-is-about-to-find-out\/embed\/#?secret=8hjOY9ISO4#?secret=Fx8tkkHPPt\" data-secret=\"Fx8tkkHPPt\" width=\"500\" height=\"282\" frameborder=\"0\" marginwidth=\"0\" marginheight=\"0\" scrolling=\"no\"><\/iframe>"],"_oembed_time_9028044eb40d07875891205689145a3d":["1717243643"],"_oembed_835d1beb0a3d34825649a6ab1ee3cdc5":["{{unknown}}"],"_oembed_46a70a2fec188810b825e40d06dd7206":["{{unknown}}"],"_oembed_785283912967c080f76aba7f48ec1dd0":["{{unknown}}"],"_oembed_79930bf8609a4c6685db74ea4ed9cade":["{{unknown}}"],"_oembed_b2cd57b1be5450ff0d37a0a2a5a6c72e":["{{unknown}}"],"_oembed_d2c4ac2f1600698ae4c5cfaa96d50591":["{{unknown}}"],"_oembed_afcb060a88222ad94aad9b7f2d1010f9":["{{unknown}}"],"_oembed_8a2834887265ea62b88cdeea233e61ef":["{{unknown}}"],"_oembed_b1e7c20cdb54bdffd3b3d07b01a16c60":["{{unknown}}"],"_oembed_576c1c9b756a7902d8e75dbfa6a53b9e":["<blockquote class=\"wp-embedded-content\" data-secret=\"Chfwb3GlYH\"><a href=\"https:\/\/www.sens.org\/\">Home<\/a><\/blockquote><iframe class=\"wp-embedded-content\" sandbox=\"allow-scripts\" security=\"restricted\" style=\"position: absolute; clip: rect(1px, 1px, 1px, 1px);\" title=\"&#8220;Home&#8221; &#8212; SENS Research Foundation\" src=\"https:\/\/www.sens.org\/embed\/#?secret=YUp36JNx82#?secret=Chfwb3GlYH\" data-secret=\"Chfwb3GlYH\" width=\"500\" height=\"282\" frameborder=\"0\" marginwidth=\"0\" marginheight=\"0\" scrolling=\"no\"><\/iframe>"],"_oembed_time_576c1c9b756a7902d8e75dbfa6a53b9e":["1717243649"],"_oembed_ba1e214541797a126f88ba1750376a87":["{{unknown}}"],"_oembed_f96ef68e469ac77c4d23e474fb94bf7c":["{{unknown}}"],"_oembed_9a321bd858855932876ebc81879ac4d9":["{{unknown}}"],"_oembed_a7cd6843b8d7327731b84fbe595b641d":["{{unknown}}"],"_oembed_f40a3949ad1835e01b75f892f69e4949":["<blockquote class=\"wp-embedded-content\" data-secret=\"gPQILZ8ioY\"><a href=\"https:\/\/www.thehastingscenter.org\/moral-obligation-genetically-enhance-children\/\">Do We Have a Moral Obligation to Genetically Enhance our Children?<\/a><\/blockquote><iframe class=\"wp-embedded-content\" sandbox=\"allow-scripts\" security=\"restricted\" style=\"position: absolute; clip: rect(1px, 1px, 1px, 1px);\" title=\"&#8220;Do We Have a Moral Obligation to Genetically Enhance our Children?&#8221; &#8212; The Hastings Center\" src=\"https:\/\/www.thehastingscenter.org\/moral-obligation-genetically-enhance-children\/embed\/#?secret=DqGYkH85K1#?secret=gPQILZ8ioY\" data-secret=\"gPQILZ8ioY\" width=\"500\" height=\"282\" frameborder=\"0\" marginwidth=\"0\" marginheight=\"0\" scrolling=\"no\"><\/iframe>"],"_oembed_time_f40a3949ad1835e01b75f892f69e4949":["1717243652"],"_oembed_febcd6e068cdd6b7feee10162ded6348":["{{unknown}}"],"_oembed_47ea1dc8e555951af2b70704554f26ea":["{{unknown}}"],"_oembed_5b614f35e85c0caada1e5c7b0fc72ba9":["{{unknown}}"],"_oembed_f215af8737a3461d0f5833c953b7182b":["{{unknown}}"],"_oembed_a1adecdb8de13451175090ce73e08322":["{{unknown}}"],"_oembed_a75defce9966446ddfde78608065835e":["{{unknown}}"],"_oembed_bf599a422e2c11c31cb2373f392625cb":["{{unknown}}"],"_oembed_7bf9584811b7df9bf3d0ef1ba779e90c":["{{unknown}}"],"_oembed_f715c669c0ca6bc0c5fdfc7a01fbaf88":["{{unknown}}"],"_oembed_0ef4635a778349d6427a8a0359094c7b":["{{unknown}}"],"_oembed_700b4e65a930156d9af2cac4fb8c7c02":["{{unknown}}"],"_oembed_f830259e91d763bc7d6f938c2c8604f8":["{{unknown}}"],"_oembed_9c4cd3cf2baffa13f6283af0eb8fcfdf":["{{unknown}}"],"_oembed_0bde2064a8f10a90fc966d4774ba3448":["{{unknown}}"],"_oembed_b9da297ca35f65aa84775c50142f72be":["<iframe title=\"Nigel Farage exposes George Soros: The biggest international political collusion in history\" width=\"500\" height=\"281\" src=\"https:\/\/www.youtube.com\/embed\/PZLr0TtPjUc?feature=oembed\" frameborder=\"0\" allow=\"accelerometer; autoplay; clipboard-write; encrypted-media; gyroscope; picture-in-picture; web-share\" referrerpolicy=\"strict-origin-when-cross-origin\" allowfullscreen><\/iframe>"],"_oembed_time_b9da297ca35f65aa84775c50142f72be":["1717243660"],"_oembed_f2204bef98cf40d3332e7f2d6523bd81":["{{unknown}}"],"_oembed_5db23e0b00e55c327e6270c6ff2d01d2":["{{unknown}}"],"_oembed_d15d1f219a2f6f3ec8f0e45831a8075a":["<blockquote class=\"wp-embedded-content\" data-secret=\"PLA15cAvU2\"><a href=\"https:\/\/www.gatescambridge.org\/\">Homepage<\/a><\/blockquote><iframe class=\"wp-embedded-content\" sandbox=\"allow-scripts\" security=\"restricted\" style=\"position: absolute; clip: rect(1px, 1px, 1px, 1px);\" title=\"&#8220;Homepage&#8221; &#8212; Gates Cambridge\" src=\"https:\/\/www.gatescambridge.org\/embed\/#?secret=xhacHc1EZL#?secret=PLA15cAvU2\" data-secret=\"PLA15cAvU2\" width=\"500\" height=\"282\" frameborder=\"0\" marginwidth=\"0\" marginheight=\"0\" scrolling=\"no\"><\/iframe>"],"_oembed_time_d15d1f219a2f6f3ec8f0e45831a8075a":["1717243661"],"_oembed_ffe654538e60c4f5bcb198421b5d0f1e":["{{unknown}}"],"_oembed_928c95f40a92b368efdf964a97a926cc":["{{unknown}}"]},"categories":[53],"tags":[3761,3768,3769,2690,3759,92,3762,3750,3760,3752,3753,3605,3764,59,2319,2318,2304,3756,3755,3754,3751,3763,3765,60,3770,3767,89,3757,3766,3758],"yoast_head":"<!-- This site is optimized with the Yoast SEO Premium plugin v22.7 (Yoast SEO v22.7) - https:\/\/yoast.com\/wordpress\/plugins\/seo\/ -->\n<title>El Gran Reinicio: una revisi\u00f3n cr\u00edtica \/ The Great Reset: a critical review - Miklos Lukacs - just-now.NEWS Deutschland<\/title>\n<meta name=\"robots\" content=\"index, follow, max-snippet:-1, max-image-preview:large, max-video-preview:-1\" \/>\n<link rel=\"canonical\" href=\"https:\/\/now-news.de\/de\/great-reset\/greatvideos\/el-gran-reinicio-una-revision-critica-the-great-reset-a-critical-review-miklos-lukacs\/\" \/>\n<meta property=\"og:locale\" content=\"de_DE\" \/>\n<meta property=\"og:type\" content=\"article\" \/>\n<meta property=\"og:title\" content=\"El Gran Reinicio: una revisi\u00f3n cr\u00edtica \/ The Great Reset: a critical review - Miklos Lukacs\" \/>\n<meta property=\"og:description\" content=\"Presentaci\u00f3n en la conferencia &#8220;La verdad sobre el miedo&#8221; Presentation at the &#8220;Truth over Fear&#8221; Summit organized by Patrick Coffin Media (30-31\/10\/20) https:\/\/www.restoretheculture.com\/TOF-Summit-Closed Video del Gran Reinicio Press note by LifeSiteNews (10\/11\/20) https:\/\/www.lifesitenews.com\/news\/transhumanism-expert-exposes-liberal-billionaire-elitists-great-reset-agenda Mis redes sociales https:\/\/linktr.ee\/mikloslukacs Hip\u00f3tesis de la conexi\u00f3n china \/ Chinese connection hypothesis Pandemonium https:\/\/www.cafeviena.pe\/wp-content\/uploads\/2020\/05\/Pandemonium-De-la-pandemia-al-control-total.pdf The Pandemic Road to Serfdom https:\/\/www.pop.org\/wp-content\/uploads\/2020\/10\/Pandemonium_web.pdf Referencias [&hellip;]\" \/>\n<meta property=\"og:url\" content=\"https:\/\/now-news.de\/de\/great-reset\/greatvideos\/el-gran-reinicio-una-revision-critica-the-great-reset-a-critical-review-miklos-lukacs\/\" \/>\n<meta property=\"og:site_name\" content=\"just-now.NEWS Deutschland\" \/>\n<meta property=\"article:publisher\" content=\"https:\/\/www.facebook.com\/wirmachenauf\" \/>\n<meta property=\"article:published_time\" content=\"2020-11-23T12:45:03+00:00\" \/>\n<meta property=\"og:image\" content=\"https:\/\/now-news.de\/de\/wp-content\/uploads\/sites\/3\/2022\/04\/El-Gran-Reinicio-una-revision-critica-The-Great-Reset.jpg\" \/>\n\t<meta property=\"og:image:width\" content=\"1280\" \/>\n\t<meta property=\"og:image:height\" content=\"720\" \/>\n\t<meta property=\"og:image:type\" content=\"image\/jpeg\" \/>\n<meta name=\"author\" content=\"greatreset\" \/>\n<meta name=\"twitter:card\" content=\"summary_large_image\" \/>\n<meta name=\"twitter:creator\" content=\"@WirMachenAuf_de\" \/>\n<meta name=\"twitter:site\" content=\"@WirMachenAuf_de\" \/>\n<meta name=\"twitter:label1\" content=\"Verfasst von\" \/>\n\t<meta name=\"twitter:data1\" content=\"greatreset\" \/>\n\t<meta name=\"twitter:label2\" content=\"Gesch\u00e4tzte Lesezeit\" \/>\n\t<meta name=\"twitter:data2\" content=\"2\u00a0Minuten\" \/>\n<script type=\"application\/ld+json\" class=\"yoast-schema-graph\">{\"@context\":\"https:\/\/schema.org\",\"@graph\":[{\"@type\":\"Article\",\"@id\":\"https:\/\/now-news.de\/de\/great-reset\/greatvideos\/el-gran-reinicio-una-revision-critica-the-great-reset-a-critical-review-miklos-lukacs\/#article\",\"isPartOf\":{\"@id\":\"https:\/\/now-news.de\/de\/great-reset\/greatvideos\/el-gran-reinicio-una-revision-critica-the-great-reset-a-critical-review-miklos-lukacs\/\"},\"author\":{\"name\":\"greatreset\",\"@id\":\"https:\/\/now-news.de\/de\/#\/schema\/person\/8afb4cd92b68572db7902c13a349ffcb\"},\"headline\":\"El Gran Reinicio: una revisi\u00f3n cr\u00edtica \/ The Great Reset: a critical review &#8211; Miklos Lukacs\",\"datePublished\":\"2020-11-23T12:45:03+00:00\",\"dateModified\":\"2020-11-23T12:45:03+00:00\",\"mainEntityOfPage\":{\"@id\":\"https:\/\/now-news.de\/de\/great-reset\/greatvideos\/el-gran-reinicio-una-revision-critica-the-great-reset-a-critical-review-miklos-lukacs\/\"},\"wordCount\":471,\"commentCount\":0,\"publisher\":{\"@id\":\"https:\/\/now-news.de\/de\/#organization\"},\"image\":{\"@id\":\"https:\/\/now-news.de\/de\/great-reset\/greatvideos\/el-gran-reinicio-una-revision-critica-the-great-reset-a-critical-review-miklos-lukacs\/#primaryimage\"},\"thumbnailUrl\":\"https:\/\/now-news.de\/de\/wp-content\/uploads\/sites\/3\/2022\/04\/El-Gran-Reinicio-una-revision-critica-The-Great-Reset.jpg\",\"keywords\":[\"crispr gene editing\",\"cr\u00edtica\",\"critical\",\"critical thinking\",\"cuarta revoluci\u00f3n industrial\",\"Davos\",\"edici\u00f3n de genes\",\"el gran reinicio\",\"el gran reseteo\",\"foro econ\u00f3mico mundial 2020 resumen\",\"foro econ\u00f3mico mundial de davos 2020\",\"fourth industrial revolution\",\"Gran\",\"Great\",\"Lukacs\",\"Miklos\",\"miklos lukacs\",\"miklos lukacs bioetica\",\"miklos lukacs inteligencia artificial\",\"miklos lukacs pandemonium\",\"miklos lukacs transhumanismo\",\"pensamiento critico\",\"Reinicio\",\"Reset\",\"review\",\"revisi\u00f3n\",\"the great reset\",\"transhumanism\",\"una\",\"world economic forum 4th industrial revolution\"],\"articleSection\":[\"GreatVideos\"],\"inLanguage\":\"de\",\"potentialAction\":[{\"@type\":\"CommentAction\",\"name\":\"Comment\",\"target\":[\"https:\/\/now-news.de\/de\/great-reset\/greatvideos\/el-gran-reinicio-una-revision-critica-the-great-reset-a-critical-review-miklos-lukacs\/#respond\"]}]},{\"@type\":\"WebPage\",\"@id\":\"https:\/\/now-news.de\/de\/great-reset\/greatvideos\/el-gran-reinicio-una-revision-critica-the-great-reset-a-critical-review-miklos-lukacs\/\",\"url\":\"https:\/\/now-news.de\/de\/great-reset\/greatvideos\/el-gran-reinicio-una-revision-critica-the-great-reset-a-critical-review-miklos-lukacs\/\",\"name\":\"El Gran Reinicio: una revisi\u00f3n cr\u00edtica \/ The Great Reset: a critical review - Miklos Lukacs - just-now.NEWS Deutschland\",\"isPartOf\":{\"@id\":\"https:\/\/now-news.de\/de\/#website\"},\"primaryImageOfPage\":{\"@id\":\"https:\/\/now-news.de\/de\/great-reset\/greatvideos\/el-gran-reinicio-una-revision-critica-the-great-reset-a-critical-review-miklos-lukacs\/#primaryimage\"},\"image\":{\"@id\":\"https:\/\/now-news.de\/de\/great-reset\/greatvideos\/el-gran-reinicio-una-revision-critica-the-great-reset-a-critical-review-miklos-lukacs\/#primaryimage\"},\"thumbnailUrl\":\"https:\/\/now-news.de\/de\/wp-content\/uploads\/sites\/3\/2022\/04\/El-Gran-Reinicio-una-revision-critica-The-Great-Reset.jpg\",\"datePublished\":\"2020-11-23T12:45:03+00:00\",\"dateModified\":\"2020-11-23T12:45:03+00:00\",\"breadcrumb\":{\"@id\":\"https:\/\/now-news.de\/de\/great-reset\/greatvideos\/el-gran-reinicio-una-revision-critica-the-great-reset-a-critical-review-miklos-lukacs\/#breadcrumb\"},\"inLanguage\":\"de\",\"potentialAction\":[{\"@type\":\"ReadAction\",\"target\":[\"https:\/\/now-news.de\/de\/great-reset\/greatvideos\/el-gran-reinicio-una-revision-critica-the-great-reset-a-critical-review-miklos-lukacs\/\"]}]},{\"@type\":\"ImageObject\",\"inLanguage\":\"de\",\"@id\":\"https:\/\/now-news.de\/de\/great-reset\/greatvideos\/el-gran-reinicio-una-revision-critica-the-great-reset-a-critical-review-miklos-lukacs\/#primaryimage\",\"url\":\"https:\/\/now-news.de\/de\/wp-content\/uploads\/sites\/3\/2022\/04\/El-Gran-Reinicio-una-revision-critica-The-Great-Reset.jpg\",\"contentUrl\":\"https:\/\/now-news.de\/de\/wp-content\/uploads\/sites\/3\/2022\/04\/El-Gran-Reinicio-una-revision-critica-The-Great-Reset.jpg\",\"width\":1280,\"height\":720},{\"@type\":\"BreadcrumbList\",\"@id\":\"https:\/\/now-news.de\/de\/great-reset\/greatvideos\/el-gran-reinicio-una-revision-critica-the-great-reset-a-critical-review-miklos-lukacs\/#breadcrumb\",\"itemListElement\":[{\"@type\":\"ListItem\",\"position\":1,\"name\":\"Home\",\"item\":\"https:\/\/now-news.de\/de\/\"},{\"@type\":\"ListItem\",\"position\":2,\"name\":\"El Gran Reinicio: una revisi\u00f3n cr\u00edtica \/ The Great Reset: a critical review &#8211; Miklos Lukacs\"}]},{\"@type\":\"WebSite\",\"@id\":\"https:\/\/now-news.de\/de\/#website\",\"url\":\"https:\/\/now-news.de\/de\/\",\"name\":\"just-now.NEWS Deutschland\",\"description\":\"Das Portal f\u00fcr unzensierte Nachrichten aus der Welt\",\"publisher\":{\"@id\":\"https:\/\/now-news.de\/de\/#organization\"},\"potentialAction\":[{\"@type\":\"SearchAction\",\"target\":{\"@type\":\"EntryPoint\",\"urlTemplate\":\"https:\/\/now-news.de\/de\/?s={search_term_string}\"},\"query-input\":\"required name=search_term_string\"}],\"inLanguage\":\"de\"},{\"@type\":\"Organization\",\"@id\":\"https:\/\/now-news.de\/de\/#organization\",\"name\":\"Just Now News\",\"url\":\"https:\/\/now-news.de\/de\/\",\"logo\":{\"@type\":\"ImageObject\",\"inLanguage\":\"de\",\"@id\":\"https:\/\/now-news.de\/de\/#\/schema\/logo\/image\/\",\"url\":\"http:\/\/just-now.news\/de\/wp-content\/uploads\/sites\/3\/2022\/04\/logo500x500.jpg\",\"contentUrl\":\"http:\/\/just-now.news\/de\/wp-content\/uploads\/sites\/3\/2022\/04\/logo500x500.jpg\",\"width\":500,\"height\":500,\"caption\":\"Just Now News\"},\"image\":{\"@id\":\"https:\/\/now-news.de\/de\/#\/schema\/logo\/image\/\"},\"sameAs\":[\"https:\/\/www.facebook.com\/wirmachenauf\",\"https:\/\/x.com\/WirMachenAuf_de\"]},{\"@type\":\"Person\",\"@id\":\"https:\/\/now-news.de\/de\/#\/schema\/person\/8afb4cd92b68572db7902c13a349ffcb\",\"name\":\"greatreset\",\"image\":{\"@type\":\"ImageObject\",\"inLanguage\":\"de\",\"@id\":\"https:\/\/now-news.de\/de\/#\/schema\/person\/image\/\",\"url\":\"https:\/\/secure.gravatar.com\/avatar\/a088df625d49991c090e78c8b9542592?s=96&d=mm&r=g\",\"contentUrl\":\"https:\/\/secure.gravatar.com\/avatar\/a088df625d49991c090e78c8b9542592?s=96&d=mm&r=g\",\"caption\":\"greatreset\"},\"url\":\"https:\/\/now-news.de\/de\/author\/greatreset\/\"}]}<\/script>\n<!-- \/ Yoast SEO Premium plugin. -->","yoast_head_json":{"title":"El Gran Reinicio: una revisi\u00f3n cr\u00edtica \/ The Great Reset: a critical review - Miklos Lukacs - just-now.NEWS Deutschland","robots":{"index":"index","follow":"follow","max-snippet":"max-snippet:-1","max-image-preview":"max-image-preview:large","max-video-preview":"max-video-preview:-1"},"canonical":"https:\/\/now-news.de\/de\/great-reset\/greatvideos\/el-gran-reinicio-una-revision-critica-the-great-reset-a-critical-review-miklos-lukacs\/","og_locale":"de_DE","og_type":"article","og_title":"El Gran Reinicio: una revisi\u00f3n cr\u00edtica \/ The Great Reset: a critical review - Miklos Lukacs","og_description":"Presentaci\u00f3n en la conferencia &#8220;La verdad sobre el miedo&#8221; Presentation at the &#8220;Truth over Fear&#8221; Summit organized by Patrick Coffin Media (30-31\/10\/20) https:\/\/www.restoretheculture.com\/TOF-Summit-Closed Video del Gran Reinicio Press note by LifeSiteNews (10\/11\/20) https:\/\/www.lifesitenews.com\/news\/transhumanism-expert-exposes-liberal-billionaire-elitists-great-reset-agenda Mis redes sociales https:\/\/linktr.ee\/mikloslukacs Hip\u00f3tesis de la conexi\u00f3n china \/ Chinese connection hypothesis Pandemonium https:\/\/www.cafeviena.pe\/wp-content\/uploads\/2020\/05\/Pandemonium-De-la-pandemia-al-control-total.pdf The Pandemic Road to Serfdom https:\/\/www.pop.org\/wp-content\/uploads\/2020\/10\/Pandemonium_web.pdf Referencias [&hellip;]","og_url":"https:\/\/now-news.de\/de\/great-reset\/greatvideos\/el-gran-reinicio-una-revision-critica-the-great-reset-a-critical-review-miklos-lukacs\/","og_site_name":"just-now.NEWS Deutschland","article_publisher":"https:\/\/www.facebook.com\/wirmachenauf","article_published_time":"2020-11-23T12:45:03+00:00","og_image":[{"width":1280,"height":720,"url":"https:\/\/now-news.de\/de\/wp-content\/uploads\/sites\/3\/2022\/04\/El-Gran-Reinicio-una-revision-critica-The-Great-Reset.jpg","type":"image\/jpeg"}],"author":"greatreset","twitter_card":"summary_large_image","twitter_creator":"@WirMachenAuf_de","twitter_site":"@WirMachenAuf_de","twitter_misc":{"Verfasst von":"greatreset","Gesch\u00e4tzte Lesezeit":"2\u00a0Minuten"},"schema":{"@context":"https:\/\/schema.org","@graph":[{"@type":"Article","@id":"https:\/\/now-news.de\/de\/great-reset\/greatvideos\/el-gran-reinicio-una-revision-critica-the-great-reset-a-critical-review-miklos-lukacs\/#article","isPartOf":{"@id":"https:\/\/now-news.de\/de\/great-reset\/greatvideos\/el-gran-reinicio-una-revision-critica-the-great-reset-a-critical-review-miklos-lukacs\/"},"author":{"name":"greatreset","@id":"https:\/\/now-news.de\/de\/#\/schema\/person\/8afb4cd92b68572db7902c13a349ffcb"},"headline":"El Gran Reinicio: una revisi\u00f3n cr\u00edtica \/ The Great Reset: a critical review &#8211; Miklos Lukacs","datePublished":"2020-11-23T12:45:03+00:00","dateModified":"2020-11-23T12:45:03+00:00","mainEntityOfPage":{"@id":"https:\/\/now-news.de\/de\/great-reset\/greatvideos\/el-gran-reinicio-una-revision-critica-the-great-reset-a-critical-review-miklos-lukacs\/"},"wordCount":471,"commentCount":0,"publisher":{"@id":"https:\/\/now-news.de\/de\/#organization"},"image":{"@id":"https:\/\/now-news.de\/de\/great-reset\/greatvideos\/el-gran-reinicio-una-revision-critica-the-great-reset-a-critical-review-miklos-lukacs\/#primaryimage"},"thumbnailUrl":"https:\/\/now-news.de\/de\/wp-content\/uploads\/sites\/3\/2022\/04\/El-Gran-Reinicio-una-revision-critica-The-Great-Reset.jpg","keywords":["crispr gene editing","cr\u00edtica","critical","critical thinking","cuarta revoluci\u00f3n industrial","Davos","edici\u00f3n de genes","el gran reinicio","el gran reseteo","foro econ\u00f3mico mundial 2020 resumen","foro econ\u00f3mico mundial de davos 2020","fourth industrial revolution","Gran","Great","Lukacs","Miklos","miklos lukacs","miklos lukacs bioetica","miklos lukacs inteligencia artificial","miklos lukacs pandemonium","miklos lukacs transhumanismo","pensamiento critico","Reinicio","Reset","review","revisi\u00f3n","the great reset","transhumanism","una","world economic forum 4th industrial revolution"],"articleSection":["GreatVideos"],"inLanguage":"de","potentialAction":[{"@type":"CommentAction","name":"Comment","target":["https:\/\/now-news.de\/de\/great-reset\/greatvideos\/el-gran-reinicio-una-revision-critica-the-great-reset-a-critical-review-miklos-lukacs\/#respond"]}]},{"@type":"WebPage","@id":"https:\/\/now-news.de\/de\/great-reset\/greatvideos\/el-gran-reinicio-una-revision-critica-the-great-reset-a-critical-review-miklos-lukacs\/","url":"https:\/\/now-news.de\/de\/great-reset\/greatvideos\/el-gran-reinicio-una-revision-critica-the-great-reset-a-critical-review-miklos-lukacs\/","name":"El Gran Reinicio: una revisi\u00f3n cr\u00edtica \/ The Great Reset: a critical review - Miklos Lukacs - just-now.NEWS Deutschland","isPartOf":{"@id":"https:\/\/now-news.de\/de\/#website"},"primaryImageOfPage":{"@id":"https:\/\/now-news.de\/de\/great-reset\/greatvideos\/el-gran-reinicio-una-revision-critica-the-great-reset-a-critical-review-miklos-lukacs\/#primaryimage"},"image":{"@id":"https:\/\/now-news.de\/de\/great-reset\/greatvideos\/el-gran-reinicio-una-revision-critica-the-great-reset-a-critical-review-miklos-lukacs\/#primaryimage"},"thumbnailUrl":"https:\/\/now-news.de\/de\/wp-content\/uploads\/sites\/3\/2022\/04\/El-Gran-Reinicio-una-revision-critica-The-Great-Reset.jpg","datePublished":"2020-11-23T12:45:03+00:00","dateModified":"2020-11-23T12:45:03+00:00","breadcrumb":{"@id":"https:\/\/now-news.de\/de\/great-reset\/greatvideos\/el-gran-reinicio-una-revision-critica-the-great-reset-a-critical-review-miklos-lukacs\/#breadcrumb"},"inLanguage":"de","potentialAction":[{"@type":"ReadAction","target":["https:\/\/now-news.de\/de\/great-reset\/greatvideos\/el-gran-reinicio-una-revision-critica-the-great-reset-a-critical-review-miklos-lukacs\/"]}]},{"@type":"ImageObject","inLanguage":"de","@id":"https:\/\/now-news.de\/de\/great-reset\/greatvideos\/el-gran-reinicio-una-revision-critica-the-great-reset-a-critical-review-miklos-lukacs\/#primaryimage","url":"https:\/\/now-news.de\/de\/wp-content\/uploads\/sites\/3\/2022\/04\/El-Gran-Reinicio-una-revision-critica-The-Great-Reset.jpg","contentUrl":"https:\/\/now-news.de\/de\/wp-content\/uploads\/sites\/3\/2022\/04\/El-Gran-Reinicio-una-revision-critica-The-Great-Reset.jpg","width":1280,"height":720},{"@type":"BreadcrumbList","@id":"https:\/\/now-news.de\/de\/great-reset\/greatvideos\/el-gran-reinicio-una-revision-critica-the-great-reset-a-critical-review-miklos-lukacs\/#breadcrumb","itemListElement":[{"@type":"ListItem","position":1,"name":"Home","item":"https:\/\/now-news.de\/de\/"},{"@type":"ListItem","position":2,"name":"El Gran Reinicio: una revisi\u00f3n cr\u00edtica \/ The Great Reset: a critical review &#8211; Miklos Lukacs"}]},{"@type":"WebSite","@id":"https:\/\/now-news.de\/de\/#website","url":"https:\/\/now-news.de\/de\/","name":"just-now.NEWS Deutschland","description":"Das Portal f\u00fcr unzensierte Nachrichten aus der Welt","publisher":{"@id":"https:\/\/now-news.de\/de\/#organization"},"potentialAction":[{"@type":"SearchAction","target":{"@type":"EntryPoint","urlTemplate":"https:\/\/now-news.de\/de\/?s={search_term_string}"},"query-input":"required name=search_term_string"}],"inLanguage":"de"},{"@type":"Organization","@id":"https:\/\/now-news.de\/de\/#organization","name":"Just Now News","url":"https:\/\/now-news.de\/de\/","logo":{"@type":"ImageObject","inLanguage":"de","@id":"https:\/\/now-news.de\/de\/#\/schema\/logo\/image\/","url":"http:\/\/just-now.news\/de\/wp-content\/uploads\/sites\/3\/2022\/04\/logo500x500.jpg","contentUrl":"http:\/\/just-now.news\/de\/wp-content\/uploads\/sites\/3\/2022\/04\/logo500x500.jpg","width":500,"height":500,"caption":"Just Now News"},"image":{"@id":"https:\/\/now-news.de\/de\/#\/schema\/logo\/image\/"},"sameAs":["https:\/\/www.facebook.com\/wirmachenauf","https:\/\/x.com\/WirMachenAuf_de"]},{"@type":"Person","@id":"https:\/\/now-news.de\/de\/#\/schema\/person\/8afb4cd92b68572db7902c13a349ffcb","name":"greatreset","image":{"@type":"ImageObject","inLanguage":"de","@id":"https:\/\/now-news.de\/de\/#\/schema\/person\/image\/","url":"https:\/\/secure.gravatar.com\/avatar\/a088df625d49991c090e78c8b9542592?s=96&d=mm&r=g","contentUrl":"https:\/\/secure.gravatar.com\/avatar\/a088df625d49991c090e78c8b9542592?s=96&d=mm&r=g","caption":"greatreset"},"url":"https:\/\/now-news.de\/de\/author\/greatreset\/"}]}},"_links":{"self":[{"href":"https:\/\/now-news.de\/de\/wp-json\/wp\/v2\/posts\/1379"}],"collection":[{"href":"https:\/\/now-news.de\/de\/wp-json\/wp\/v2\/posts"}],"about":[{"href":"https:\/\/now-news.de\/de\/wp-json\/wp\/v2\/types\/post"}],"author":[{"embeddable":true,"href":"https:\/\/now-news.de\/de\/wp-json\/wp\/v2\/users\/5"}],"replies":[{"embeddable":true,"href":"https:\/\/now-news.de\/de\/wp-json\/wp\/v2\/comments?post=1379"}],"version-history":[{"count":0,"href":"https:\/\/now-news.de\/de\/wp-json\/wp\/v2\/posts\/1379\/revisions"}],"wp:featuredmedia":[{"embeddable":true,"href":"https:\/\/now-news.de\/de\/wp-json\/wp\/v2\/media\/1380"}],"wp:attachment":[{"href":"https:\/\/now-news.de\/de\/wp-json\/wp\/v2\/media?parent=1379"}],"wp:term":[{"taxonomy":"category","embeddable":true,"href":"https:\/\/now-news.de\/de\/wp-json\/wp\/v2\/categories?post=1379"},{"taxonomy":"post_tag","embeddable":true,"href":"https:\/\/now-news.de\/de\/wp-json\/wp\/v2\/tags?post=1379"}],"curies":[{"name":"wp","href":"https:\/\/api.w.org\/{rel}","templated":true}]}}