{"id":13767,"date":"2022-07-13T22:19:49","date_gmt":"2022-07-13T20:19:49","guid":{"rendered":"http:\/\/just-now.news\/de\/deutschland\/bundesinnenministerin-faeser-will-grundgesetzaenderung-fuer-cybersicherheit\/"},"modified":"2022-07-13T22:19:49","modified_gmt":"2022-07-13T20:19:49","slug":"bundesinnenministerin-faeser-will-grundgesetzaenderung-fuer-cybersicherheit","status":"publish","type":"post","link":"https:\/\/now-news.de\/de\/deutschland\/bundesinnenministerin-faeser-will-grundgesetzaenderung-fuer-cybersicherheit\/","title":{"rendered":"Bundesinnenministerin Faeser will Grundgesetz\u00e4nderung f\u00fcr Cybersicherheit"},"content":{"rendered":"<p><img decoding=\"async\" src=\"http:\/\/just-now.news\/de\/wp-content\/uploads\/sites\/3\/2022\/07\/62cf18f9b480cc5fd364e868.jpg\" \/><\/p>\n<div class=\"Text-root Text-type_1 \">\n                Nancy Faeser will das Grundgesetz f\u00fcr die Cybersicherheit \u00e4ndern. Derzeit liegt die Kompetenz f\u00fcr die Cybersicherheit bei den L\u00e4ndern. Nun will die Bundesinnenministerin das Bundesamt f\u00fcr Sicherheit in der Informationstechnik zur Zentralstelle f\u00fcr Cybersicherheit ausbauen.\n            <\/div>\n<p><\/p>\n<div class=\"Text-root Text-type_5 ArticleView-text ViewText-root \">\n<p>Bundesinnenministerin Nancy Faeser\u00a0(SPD) hat eine Grundgesetz\u00e4nderung vorgeschlagen, um das ihrem Haus unterstellte Bundesamt f\u00fcr Sicherheit in der Informationstechnik (BSI) zur Zentralstelle f\u00fcr den Kampf gegen Cyberattacken auf Ziele in Deutschland zu machen. Eine vergleichbare Konstruktion gibt es jetzt schon beim Bundeskriminalamt (BKA) und beim Bundesamt f\u00fcr Verfassungsschutz, die eng mit den jeweiligen Landesbeh\u00f6rden zusammenarbeiten.<strong><\/strong><\/p>\n<p>Die Verantwortung f\u00fcr Cybersicherheit\u00a0im Inland liegt aktuell noch bei den L\u00e4ndern, das BSI k\u00f6nne daher bislang nur Amtshilfe leisten, sagte die Ministerin am Dienstag in Berlin. Angesichts der gewachsenen Bedrohung sei dies jedoch nicht mehr zeitgem\u00e4\u00df. Die L\u00e4nder seien mit dieser Aufgabe langfristig &#8220;\u00fcberfordert&#8221;. Sie habe zu ihrem Vorschlag einer Grundgesetz\u00e4nderung sehr positive Signale aus den L\u00e4ndern erhalten. F\u00fcr eine Grundgesetz\u00e4nderung br\u00e4uchte die Ampel-Regierung im Bundestag jedoch auch Stimmen aus der Opposition, da daf\u00fcr eine Zwei-Drittel-Mehrheit erforderlich ist.<\/p>\n<p>In den vergangenen zwei Jahren hatten mehrere Cyberattacken auf Kliniken und staatliche Stellen f\u00fcr Probleme gesorgt. Insgesamt nahm die Zahl der bislang bekannt gewordenen Angriffe zu. Infolge eines Cyberangriffs auf die Kreisverwaltung im Landkreis Anhalt-Bitterfeld wurde dort am 9. Juli 2021 der Katastrophenfall ausgerufen. Mehrere Server waren mit sogenannter Ransomware infiziert worden. Dabei werden durch eine Schadsoftware Daten auf den Rechnern der Beh\u00f6rden verschl\u00fcsselt. Nach der Zahlung eines L\u00f6segelds sollen diese dann wieder freigegeben werden. Der Landkreis lehnte die Geldzahlung ab und konnte daraufhin etliche Dienstleistungen nicht mehr erbringen.<\/p>\n<p>FDP-Fraktionsvize Konstantin Kuhle mahnte, vor einer Grundgesetz\u00e4nderung m\u00fcsse das Aufgabenprofil des BSI klar umrissen und dessen Unabh\u00e4ngigkeit gest\u00e4rkt werden. &#8220;Dazu geh\u00f6rt auch die Einrichtung eines funktionierenden Schwachstellenmanagements f\u00fcr alle Sicherheitsbeh\u00f6rden.&#8221; Im Fokus stehen dabei Sicherheitsl\u00fccken in der Hard- und Software, die bewusst nicht geschlossen werden, damit sich staatliche Stellen f\u00fcr Aufkl\u00e4rung oder Ermittlungen zu schweren Straftaten Zugang zu Handys und anderen Kommunikationsmitteln verschaffen k\u00f6nnen.<\/p>\n<div class=\"EmbedBlock-root EmbedBlock-externalVideo EmbedBlock-odysee\">\n<div class=\"VkEmbed\"><iframe class=\"lazyload\" data-src=\"https:\/\/odysee.com\/$\/embed\/cybersicherheit-innenministerin-will-grundgesetz-aendern\/6b2569c5bb618306c85302fdb94a43b319de1cfb\" frameborder=\"0\" width=\"853\" height=\"480\" allowfullscreen><\/iframe><\/div>\n<\/div>\n<p>Angesichts der russischen Milit\u00e4roperation in der Ukraine stellte das Bundesinnenministerium weitere Ma\u00dfnahmen f\u00fcr mehr Cybersicherheit\u00a0vor. Dazu geh\u00f6rt die Einf\u00fchrung eines zentralen Videokonferenzsystems f\u00fcr die Bundesverwaltung, das h\u00f6chsten Sicherheitsanforderungen entspricht. Beim BSI soll f\u00fcr Unternehmen eine Plattform f\u00fcr den Austausch von Informationen zu Cyberangriffen entstehen.<\/p>\n<p>Dar\u00fcber hinaus sollen Investitionen in sogenannte Cyber-Resilienzma\u00dfnahmen bei kleinen und mittleren Unternehmen gef\u00f6rdert werden, wenn diese zur &#8220;kritischen Infrastruktur&#8221; geh\u00f6ren. Dazu z\u00e4hlen etwa die Bereiche Verkehr, Ern\u00e4hrung, Gesundheit, Energie und Wasserversorgung. Zudem hat sich Faeser die Modernisierung der IT-Infrastruktur des Bundesamtes f\u00fcr Verfassungsschutz vorgenommen. Dieses soll auch mehr Befugnisse zur &#8220;Aufkl\u00e4rung technischer Sachverhalte bei Cyberangriffen fremder M\u00e4chte&#8221; erhalten.<\/p>\n<p>Abstimmungsbedarf gibt es im Bereich Cybersicherheit\u00a0allerdings nicht nur mit den L\u00e4ndern, sondern auch innerhalb der Bundesregierung. F\u00fcr Digitales ist Verkehrsminister Volker Wissing (FDP) verantwortlich. Mit dem Kommando Cyber- und Informationsraum gibt es in der Bundeswehr einen Organisationsbereich zur Abwehr von Cyberangriffen. Faeser erl\u00e4uterte:<\/p>\n<blockquote>\n<p><em>&#8220;Die Schnittstelle zum BMVg (Bundesverteidigungsministerium) werden wir immer haben m\u00fcssen.&#8221;<\/em><\/p>\n<\/blockquote>\n<p>Der Koalitionsvertrag von SPD, Gr\u00fcnen und FDP sieht ein neues Gesetz vor, in dem Vorschriften zum Schutz der kritischen Infrastruktur geb\u00fcndelt werden sollen. Dieses m\u00fcsse schnellstm\u00f6glich umgesetzt werden, sagte der stellvertretende Gr\u00fcnen-Fraktionsvorsitzende Konstantin von Notz. Er erkl\u00e4rte:<\/p>\n<blockquote>\n<p><em>&#8220;Auch bedarf es dringend einer Abstimmung mit den von anderen H\u00e4usern derzeit in Erarbeitung befindlichen Strategien.&#8221;<\/em><\/p>\n<\/blockquote>\n<p>Der innenpolitische Sprecher der Unionsfraktion, Alexander Throm (CDU), wandte ein, die neue Cybersicherheitsagenda lasse entscheidende Fragen unbeantwortet \u2013 beispielsweise welche konkreten Befugnisse das Bundeskriminalamt, das Bundesamt f\u00fcr Verfassungsschutz und die Bundespolizei zur Abwehr von Cyberangriffen erhalten sollen. Er f\u00fcgte hinzu:<\/p>\n<blockquote>\n<p><em>&#8220;Auch fehlt ein Konzept f\u00fcr eine aktive Cyberabwehr, das sich gefahrenabwehrend gegen den Cyberangriff richtet.&#8221;<\/em><\/p>\n<\/blockquote>\n<p>Ein entsprechendes Konzept sei w\u00e4hrend der Amtszeit von Faesers Vorg\u00e4nger Horst Seehofer (CSU) am Widerstand der SPD gescheitert.<\/p>\n<p>Ein weiterer Schwerpunkt von Faesers Cybersicherheitsagenda liege bei Ma\u00dfnahmen, die auf die Verhinderung der Verbreitung strafbarer Inhalte im Internet abzielen \u2013 insbesondere Darstellungen des sexuellen Missbrauchs von Kindern. Dazu soll ein durch das BKA koordinierter, bundesweit abgestimmter Melde- und L\u00f6schprozess etabliert werden. Auf EU-Ebene will sich Faeser\u00a0f\u00fcr einen Rechtsrahmen zur Verhinderung der Verbreitung solcher Darstellungen einsetzen. Ein vom BKA\u00a0koordiniertes L\u00f6schverfahren, k\u00f6nne &#8220;daf\u00fcr sorgen, dass entsprechende Darstellungen schneller aus dem Internet verschwinden&#8221;, erkl\u00e4rte der Branchenverband Bitkom. Der SPD-Innenpolitiker Uli Gr\u00f6tsch warnte seinerseits:<\/p>\n<blockquote>\n<p><em>&#8220;Die Gefahren im Cyberraum nehmen stetig zu.&#8221;<\/em><\/p>\n<\/blockquote>\n<p>Daher sei gut, dass Faeser &#8220;effektiver gegen Cyberkriminalit\u00e4t vorgehen&#8221; wolle. Im vergangenen Jahr registrierte die Polizei laut BKA\u00a0im Bereich Cybercrime bundesweit 146.363 Delikte \u2013 ein Anstieg um mehr als zw\u00f6lf Prozent gegen\u00fcber dem Vorjahr.<\/p>\n<p><em>(rt\/dpa)<\/em><\/p>\n<p><strong>Mehr zum Thema<\/strong> &#8211; <a rel=\"nofollow noopener\" target=\"_blank\" href=\"https:\/\/de.rt.com\/inland\/139740-ampelkoalition-und-union-einigen-sich-auf-grundzuege-fuer-massiven-aufruestungsplan\/\">Ampelkoalition und Union einigen sich auf Grundz\u00fcge f\u00fcr massiven Aufr\u00fcstungsplan<\/a><\/p>\n<\/div>\n<p><br \/>\n<br \/><a href=\"https:\/\/de.rt.com\/inland\/143427-bundesinnenministerin-faeser-will-grundgesetzanderung-fur\/\">Source link <\/a><\/p>\n","protected":false},"excerpt":{"rendered":"<p>Nancy Faeser will das Grundgesetz f\u00fcr die Cybersicherheit \u00e4ndern. Derzeit liegt die Kompetenz f\u00fcr die Cybersicherheit bei den L\u00e4ndern. Nun will die Bundesinnenministerin das Bundesamt f\u00fcr Sicherheit in der Informationstechnik zur Zentralstelle f\u00fcr Cybersicherheit ausbauen. Bundesinnenministerin Nancy Faeser\u00a0(SPD) hat eine Grundgesetz\u00e4nderung vorgeschlagen, um das ihrem Haus unterstellte Bundesamt f\u00fcr Sicherheit in der Informationstechnik (BSI) zur [&hellip;]<\/p>\n","protected":false},"author":3,"featured_media":13768,"comment_status":"open","ping_status":"open","sticky":false,"template":"","format":"standard","meta":{"wp_automatic_camp":["217"],"8e95e78fb40d70b4b66f6ddf46cee5a2":["Bundesinnenministerin Faeser will Grundgesetz\u00e4nderung f\u00fcr Cybersicherheit"],"original_link":["https:\/\/de.rt.com\/inland\/143427-bundesinnenministerin-faeser-will-grundgesetzanderung-fur\/"],"_thumbnail_id":["13768"],"_wptg_p2tg_sent2tg":["2022-07-13 22:31:56"],"jnews_social_counter_last_update":["1777505140"]},"categories":[19,23],"tags":[27906,27907,16802,221,23923],"yoast_head":"<!-- This site is optimized with the Yoast SEO Premium plugin v22.7 (Yoast SEO v22.7) - https:\/\/yoast.com\/wordpress\/plugins\/seo\/ -->\n<title>Bundesinnenministerin Faeser will Grundgesetz\u00e4nderung f\u00fcr Cybersicherheit - just-now.NEWS Deutschland<\/title>\n<meta name=\"robots\" content=\"index, follow, max-snippet:-1, max-image-preview:large, max-video-preview:-1\" \/>\n<link rel=\"canonical\" href=\"https:\/\/now-news.de\/de\/deutschland\/bundesinnenministerin-faeser-will-grundgesetzaenderung-fuer-cybersicherheit\/\" \/>\n<meta property=\"og:locale\" content=\"de_DE\" \/>\n<meta property=\"og:type\" content=\"article\" \/>\n<meta property=\"og:title\" content=\"Bundesinnenministerin Faeser will Grundgesetz\u00e4nderung f\u00fcr Cybersicherheit\" \/>\n<meta property=\"og:description\" content=\"Nancy Faeser will das Grundgesetz f\u00fcr die Cybersicherheit \u00e4ndern. Derzeit liegt die Kompetenz f\u00fcr die Cybersicherheit bei den L\u00e4ndern. Nun will die Bundesinnenministerin das Bundesamt f\u00fcr Sicherheit in der Informationstechnik zur Zentralstelle f\u00fcr Cybersicherheit ausbauen. Bundesinnenministerin Nancy Faeser\u00a0(SPD) hat eine Grundgesetz\u00e4nderung vorgeschlagen, um das ihrem Haus unterstellte Bundesamt f\u00fcr Sicherheit in der Informationstechnik (BSI) zur [&hellip;]\" \/>\n<meta property=\"og:url\" content=\"https:\/\/now-news.de\/de\/deutschland\/bundesinnenministerin-faeser-will-grundgesetzaenderung-fuer-cybersicherheit\/\" \/>\n<meta property=\"og:site_name\" content=\"just-now.NEWS Deutschland\" \/>\n<meta property=\"article:publisher\" content=\"https:\/\/www.facebook.com\/wirmachenauf\" \/>\n<meta property=\"article:published_time\" content=\"2022-07-13T20:19:49+00:00\" \/>\n<meta property=\"og:image\" content=\"https:\/\/now-news.de\/de\/wp-content\/uploads\/sites\/3\/2022\/07\/Bundesinnenministerin-Faeser-will-Grundgesetzaenderung-fuer-Cybersicherheit.jpg\" \/>\n\t<meta property=\"og:image:width\" content=\"460\" \/>\n\t<meta property=\"og:image:height\" content=\"259\" \/>\n\t<meta property=\"og:image:type\" content=\"image\/jpeg\" \/>\n<meta name=\"author\" content=\"rtnews\" \/>\n<meta name=\"twitter:card\" content=\"summary_large_image\" \/>\n<meta name=\"twitter:creator\" content=\"@WirMachenAuf_de\" \/>\n<meta name=\"twitter:site\" content=\"@WirMachenAuf_de\" \/>\n<meta name=\"twitter:label1\" content=\"Verfasst von\" \/>\n\t<meta name=\"twitter:data1\" content=\"rtnews\" \/>\n\t<meta name=\"twitter:label2\" content=\"Gesch\u00e4tzte Lesezeit\" \/>\n\t<meta name=\"twitter:data2\" content=\"4\u00a0Minuten\" \/>\n<script type=\"application\/ld+json\" class=\"yoast-schema-graph\">{\"@context\":\"https:\/\/schema.org\",\"@graph\":[{\"@type\":\"Article\",\"@id\":\"https:\/\/now-news.de\/de\/deutschland\/bundesinnenministerin-faeser-will-grundgesetzaenderung-fuer-cybersicherheit\/#article\",\"isPartOf\":{\"@id\":\"https:\/\/now-news.de\/de\/deutschland\/bundesinnenministerin-faeser-will-grundgesetzaenderung-fuer-cybersicherheit\/\"},\"author\":{\"name\":\"rtnews\",\"@id\":\"https:\/\/now-news.de\/de\/#\/schema\/person\/fb534a4e865501d8b3285208df34a9b5\"},\"headline\":\"Bundesinnenministerin Faeser will Grundgesetz\u00e4nderung f\u00fcr Cybersicherheit\",\"datePublished\":\"2022-07-13T20:19:49+00:00\",\"dateModified\":\"2022-07-13T20:19:49+00:00\",\"mainEntityOfPage\":{\"@id\":\"https:\/\/now-news.de\/de\/deutschland\/bundesinnenministerin-faeser-will-grundgesetzaenderung-fuer-cybersicherheit\/\"},\"wordCount\":834,\"commentCount\":0,\"publisher\":{\"@id\":\"https:\/\/now-news.de\/de\/#organization\"},\"image\":{\"@id\":\"https:\/\/now-news.de\/de\/deutschland\/bundesinnenministerin-faeser-will-grundgesetzaenderung-fuer-cybersicherheit\/#primaryimage\"},\"thumbnailUrl\":\"https:\/\/now-news.de\/de\/wp-content\/uploads\/sites\/3\/2022\/07\/Bundesinnenministerin-Faeser-will-Grundgesetzaenderung-fuer-Cybersicherheit.jpg\",\"keywords\":[\"Bundesinnenministerin\",\"Cybersicherheit\",\"Faeser\",\"f\u00fcr\",\"Grundgesetz\u00e4nderung\"],\"articleSection\":[\"Deutschland\",\"Russland\"],\"inLanguage\":\"de\",\"potentialAction\":[{\"@type\":\"CommentAction\",\"name\":\"Comment\",\"target\":[\"https:\/\/now-news.de\/de\/deutschland\/bundesinnenministerin-faeser-will-grundgesetzaenderung-fuer-cybersicherheit\/#respond\"]}]},{\"@type\":\"WebPage\",\"@id\":\"https:\/\/now-news.de\/de\/deutschland\/bundesinnenministerin-faeser-will-grundgesetzaenderung-fuer-cybersicherheit\/\",\"url\":\"https:\/\/now-news.de\/de\/deutschland\/bundesinnenministerin-faeser-will-grundgesetzaenderung-fuer-cybersicherheit\/\",\"name\":\"Bundesinnenministerin Faeser will Grundgesetz\u00e4nderung f\u00fcr Cybersicherheit - just-now.NEWS Deutschland\",\"isPartOf\":{\"@id\":\"https:\/\/now-news.de\/de\/#website\"},\"primaryImageOfPage\":{\"@id\":\"https:\/\/now-news.de\/de\/deutschland\/bundesinnenministerin-faeser-will-grundgesetzaenderung-fuer-cybersicherheit\/#primaryimage\"},\"image\":{\"@id\":\"https:\/\/now-news.de\/de\/deutschland\/bundesinnenministerin-faeser-will-grundgesetzaenderung-fuer-cybersicherheit\/#primaryimage\"},\"thumbnailUrl\":\"https:\/\/now-news.de\/de\/wp-content\/uploads\/sites\/3\/2022\/07\/Bundesinnenministerin-Faeser-will-Grundgesetzaenderung-fuer-Cybersicherheit.jpg\",\"datePublished\":\"2022-07-13T20:19:49+00:00\",\"dateModified\":\"2022-07-13T20:19:49+00:00\",\"breadcrumb\":{\"@id\":\"https:\/\/now-news.de\/de\/deutschland\/bundesinnenministerin-faeser-will-grundgesetzaenderung-fuer-cybersicherheit\/#breadcrumb\"},\"inLanguage\":\"de\",\"potentialAction\":[{\"@type\":\"ReadAction\",\"target\":[\"https:\/\/now-news.de\/de\/deutschland\/bundesinnenministerin-faeser-will-grundgesetzaenderung-fuer-cybersicherheit\/\"]}]},{\"@type\":\"ImageObject\",\"inLanguage\":\"de\",\"@id\":\"https:\/\/now-news.de\/de\/deutschland\/bundesinnenministerin-faeser-will-grundgesetzaenderung-fuer-cybersicherheit\/#primaryimage\",\"url\":\"https:\/\/now-news.de\/de\/wp-content\/uploads\/sites\/3\/2022\/07\/Bundesinnenministerin-Faeser-will-Grundgesetzaenderung-fuer-Cybersicherheit.jpg\",\"contentUrl\":\"https:\/\/now-news.de\/de\/wp-content\/uploads\/sites\/3\/2022\/07\/Bundesinnenministerin-Faeser-will-Grundgesetzaenderung-fuer-Cybersicherheit.jpg\",\"width\":460,\"height\":259,\"caption\":\"Bundesinnenministerin Faeser will Grundgesetz\u00e4nderung f\u00fcr Cybersicherheit\"},{\"@type\":\"BreadcrumbList\",\"@id\":\"https:\/\/now-news.de\/de\/deutschland\/bundesinnenministerin-faeser-will-grundgesetzaenderung-fuer-cybersicherheit\/#breadcrumb\",\"itemListElement\":[{\"@type\":\"ListItem\",\"position\":1,\"name\":\"Home\",\"item\":\"https:\/\/now-news.de\/de\/\"},{\"@type\":\"ListItem\",\"position\":2,\"name\":\"Bundesinnenministerin Faeser will Grundgesetz\u00e4nderung f\u00fcr Cybersicherheit\"}]},{\"@type\":\"WebSite\",\"@id\":\"https:\/\/now-news.de\/de\/#website\",\"url\":\"https:\/\/now-news.de\/de\/\",\"name\":\"just-now.NEWS Deutschland\",\"description\":\"Das Portal f\u00fcr unzensierte Nachrichten aus der Welt\",\"publisher\":{\"@id\":\"https:\/\/now-news.de\/de\/#organization\"},\"potentialAction\":[{\"@type\":\"SearchAction\",\"target\":{\"@type\":\"EntryPoint\",\"urlTemplate\":\"https:\/\/now-news.de\/de\/?s={search_term_string}\"},\"query-input\":\"required name=search_term_string\"}],\"inLanguage\":\"de\"},{\"@type\":\"Organization\",\"@id\":\"https:\/\/now-news.de\/de\/#organization\",\"name\":\"Just Now News\",\"url\":\"https:\/\/now-news.de\/de\/\",\"logo\":{\"@type\":\"ImageObject\",\"inLanguage\":\"de\",\"@id\":\"https:\/\/now-news.de\/de\/#\/schema\/logo\/image\/\",\"url\":\"http:\/\/just-now.news\/de\/wp-content\/uploads\/sites\/3\/2022\/04\/logo500x500.jpg\",\"contentUrl\":\"http:\/\/just-now.news\/de\/wp-content\/uploads\/sites\/3\/2022\/04\/logo500x500.jpg\",\"width\":500,\"height\":500,\"caption\":\"Just Now News\"},\"image\":{\"@id\":\"https:\/\/now-news.de\/de\/#\/schema\/logo\/image\/\"},\"sameAs\":[\"https:\/\/www.facebook.com\/wirmachenauf\",\"https:\/\/x.com\/WirMachenAuf_de\"]},{\"@type\":\"Person\",\"@id\":\"https:\/\/now-news.de\/de\/#\/schema\/person\/fb534a4e865501d8b3285208df34a9b5\",\"name\":\"rtnews\",\"image\":{\"@type\":\"ImageObject\",\"inLanguage\":\"de\",\"@id\":\"https:\/\/now-news.de\/de\/#\/schema\/person\/image\/\",\"url\":\"https:\/\/secure.gravatar.com\/avatar\/82aafea7d8127119dd649515f56e2117?s=96&d=mm&r=g\",\"contentUrl\":\"https:\/\/secure.gravatar.com\/avatar\/82aafea7d8127119dd649515f56e2117?s=96&d=mm&r=g\",\"caption\":\"rtnews\"},\"url\":\"https:\/\/now-news.de\/de\/author\/rnews\/\"}]}<\/script>\n<!-- \/ Yoast SEO Premium plugin. -->","yoast_head_json":{"title":"Bundesinnenministerin Faeser will Grundgesetz\u00e4nderung f\u00fcr Cybersicherheit - just-now.NEWS Deutschland","robots":{"index":"index","follow":"follow","max-snippet":"max-snippet:-1","max-image-preview":"max-image-preview:large","max-video-preview":"max-video-preview:-1"},"canonical":"https:\/\/now-news.de\/de\/deutschland\/bundesinnenministerin-faeser-will-grundgesetzaenderung-fuer-cybersicherheit\/","og_locale":"de_DE","og_type":"article","og_title":"Bundesinnenministerin Faeser will Grundgesetz\u00e4nderung f\u00fcr Cybersicherheit","og_description":"Nancy Faeser will das Grundgesetz f\u00fcr die Cybersicherheit \u00e4ndern. Derzeit liegt die Kompetenz f\u00fcr die Cybersicherheit bei den L\u00e4ndern. Nun will die Bundesinnenministerin das Bundesamt f\u00fcr Sicherheit in der Informationstechnik zur Zentralstelle f\u00fcr Cybersicherheit ausbauen. Bundesinnenministerin Nancy Faeser\u00a0(SPD) hat eine Grundgesetz\u00e4nderung vorgeschlagen, um das ihrem Haus unterstellte Bundesamt f\u00fcr Sicherheit in der Informationstechnik (BSI) zur [&hellip;]","og_url":"https:\/\/now-news.de\/de\/deutschland\/bundesinnenministerin-faeser-will-grundgesetzaenderung-fuer-cybersicherheit\/","og_site_name":"just-now.NEWS Deutschland","article_publisher":"https:\/\/www.facebook.com\/wirmachenauf","article_published_time":"2022-07-13T20:19:49+00:00","og_image":[{"width":460,"height":259,"url":"https:\/\/now-news.de\/de\/wp-content\/uploads\/sites\/3\/2022\/07\/Bundesinnenministerin-Faeser-will-Grundgesetzaenderung-fuer-Cybersicherheit.jpg","type":"image\/jpeg"}],"author":"rtnews","twitter_card":"summary_large_image","twitter_creator":"@WirMachenAuf_de","twitter_site":"@WirMachenAuf_de","twitter_misc":{"Verfasst von":"rtnews","Gesch\u00e4tzte Lesezeit":"4\u00a0Minuten"},"schema":{"@context":"https:\/\/schema.org","@graph":[{"@type":"Article","@id":"https:\/\/now-news.de\/de\/deutschland\/bundesinnenministerin-faeser-will-grundgesetzaenderung-fuer-cybersicherheit\/#article","isPartOf":{"@id":"https:\/\/now-news.de\/de\/deutschland\/bundesinnenministerin-faeser-will-grundgesetzaenderung-fuer-cybersicherheit\/"},"author":{"name":"rtnews","@id":"https:\/\/now-news.de\/de\/#\/schema\/person\/fb534a4e865501d8b3285208df34a9b5"},"headline":"Bundesinnenministerin Faeser will Grundgesetz\u00e4nderung f\u00fcr Cybersicherheit","datePublished":"2022-07-13T20:19:49+00:00","dateModified":"2022-07-13T20:19:49+00:00","mainEntityOfPage":{"@id":"https:\/\/now-news.de\/de\/deutschland\/bundesinnenministerin-faeser-will-grundgesetzaenderung-fuer-cybersicherheit\/"},"wordCount":834,"commentCount":0,"publisher":{"@id":"https:\/\/now-news.de\/de\/#organization"},"image":{"@id":"https:\/\/now-news.de\/de\/deutschland\/bundesinnenministerin-faeser-will-grundgesetzaenderung-fuer-cybersicherheit\/#primaryimage"},"thumbnailUrl":"https:\/\/now-news.de\/de\/wp-content\/uploads\/sites\/3\/2022\/07\/Bundesinnenministerin-Faeser-will-Grundgesetzaenderung-fuer-Cybersicherheit.jpg","keywords":["Bundesinnenministerin","Cybersicherheit","Faeser","f\u00fcr","Grundgesetz\u00e4nderung"],"articleSection":["Deutschland","Russland"],"inLanguage":"de","potentialAction":[{"@type":"CommentAction","name":"Comment","target":["https:\/\/now-news.de\/de\/deutschland\/bundesinnenministerin-faeser-will-grundgesetzaenderung-fuer-cybersicherheit\/#respond"]}]},{"@type":"WebPage","@id":"https:\/\/now-news.de\/de\/deutschland\/bundesinnenministerin-faeser-will-grundgesetzaenderung-fuer-cybersicherheit\/","url":"https:\/\/now-news.de\/de\/deutschland\/bundesinnenministerin-faeser-will-grundgesetzaenderung-fuer-cybersicherheit\/","name":"Bundesinnenministerin Faeser will Grundgesetz\u00e4nderung f\u00fcr Cybersicherheit - just-now.NEWS Deutschland","isPartOf":{"@id":"https:\/\/now-news.de\/de\/#website"},"primaryImageOfPage":{"@id":"https:\/\/now-news.de\/de\/deutschland\/bundesinnenministerin-faeser-will-grundgesetzaenderung-fuer-cybersicherheit\/#primaryimage"},"image":{"@id":"https:\/\/now-news.de\/de\/deutschland\/bundesinnenministerin-faeser-will-grundgesetzaenderung-fuer-cybersicherheit\/#primaryimage"},"thumbnailUrl":"https:\/\/now-news.de\/de\/wp-content\/uploads\/sites\/3\/2022\/07\/Bundesinnenministerin-Faeser-will-Grundgesetzaenderung-fuer-Cybersicherheit.jpg","datePublished":"2022-07-13T20:19:49+00:00","dateModified":"2022-07-13T20:19:49+00:00","breadcrumb":{"@id":"https:\/\/now-news.de\/de\/deutschland\/bundesinnenministerin-faeser-will-grundgesetzaenderung-fuer-cybersicherheit\/#breadcrumb"},"inLanguage":"de","potentialAction":[{"@type":"ReadAction","target":["https:\/\/now-news.de\/de\/deutschland\/bundesinnenministerin-faeser-will-grundgesetzaenderung-fuer-cybersicherheit\/"]}]},{"@type":"ImageObject","inLanguage":"de","@id":"https:\/\/now-news.de\/de\/deutschland\/bundesinnenministerin-faeser-will-grundgesetzaenderung-fuer-cybersicherheit\/#primaryimage","url":"https:\/\/now-news.de\/de\/wp-content\/uploads\/sites\/3\/2022\/07\/Bundesinnenministerin-Faeser-will-Grundgesetzaenderung-fuer-Cybersicherheit.jpg","contentUrl":"https:\/\/now-news.de\/de\/wp-content\/uploads\/sites\/3\/2022\/07\/Bundesinnenministerin-Faeser-will-Grundgesetzaenderung-fuer-Cybersicherheit.jpg","width":460,"height":259,"caption":"Bundesinnenministerin Faeser will Grundgesetz\u00e4nderung f\u00fcr Cybersicherheit"},{"@type":"BreadcrumbList","@id":"https:\/\/now-news.de\/de\/deutschland\/bundesinnenministerin-faeser-will-grundgesetzaenderung-fuer-cybersicherheit\/#breadcrumb","itemListElement":[{"@type":"ListItem","position":1,"name":"Home","item":"https:\/\/now-news.de\/de\/"},{"@type":"ListItem","position":2,"name":"Bundesinnenministerin Faeser will Grundgesetz\u00e4nderung f\u00fcr Cybersicherheit"}]},{"@type":"WebSite","@id":"https:\/\/now-news.de\/de\/#website","url":"https:\/\/now-news.de\/de\/","name":"just-now.NEWS Deutschland","description":"Das Portal f\u00fcr unzensierte Nachrichten aus der Welt","publisher":{"@id":"https:\/\/now-news.de\/de\/#organization"},"potentialAction":[{"@type":"SearchAction","target":{"@type":"EntryPoint","urlTemplate":"https:\/\/now-news.de\/de\/?s={search_term_string}"},"query-input":"required name=search_term_string"}],"inLanguage":"de"},{"@type":"Organization","@id":"https:\/\/now-news.de\/de\/#organization","name":"Just Now News","url":"https:\/\/now-news.de\/de\/","logo":{"@type":"ImageObject","inLanguage":"de","@id":"https:\/\/now-news.de\/de\/#\/schema\/logo\/image\/","url":"http:\/\/just-now.news\/de\/wp-content\/uploads\/sites\/3\/2022\/04\/logo500x500.jpg","contentUrl":"http:\/\/just-now.news\/de\/wp-content\/uploads\/sites\/3\/2022\/04\/logo500x500.jpg","width":500,"height":500,"caption":"Just Now News"},"image":{"@id":"https:\/\/now-news.de\/de\/#\/schema\/logo\/image\/"},"sameAs":["https:\/\/www.facebook.com\/wirmachenauf","https:\/\/x.com\/WirMachenAuf_de"]},{"@type":"Person","@id":"https:\/\/now-news.de\/de\/#\/schema\/person\/fb534a4e865501d8b3285208df34a9b5","name":"rtnews","image":{"@type":"ImageObject","inLanguage":"de","@id":"https:\/\/now-news.de\/de\/#\/schema\/person\/image\/","url":"https:\/\/secure.gravatar.com\/avatar\/82aafea7d8127119dd649515f56e2117?s=96&d=mm&r=g","contentUrl":"https:\/\/secure.gravatar.com\/avatar\/82aafea7d8127119dd649515f56e2117?s=96&d=mm&r=g","caption":"rtnews"},"url":"https:\/\/now-news.de\/de\/author\/rnews\/"}]}},"_links":{"self":[{"href":"https:\/\/now-news.de\/de\/wp-json\/wp\/v2\/posts\/13767"}],"collection":[{"href":"https:\/\/now-news.de\/de\/wp-json\/wp\/v2\/posts"}],"about":[{"href":"https:\/\/now-news.de\/de\/wp-json\/wp\/v2\/types\/post"}],"author":[{"embeddable":true,"href":"https:\/\/now-news.de\/de\/wp-json\/wp\/v2\/users\/3"}],"replies":[{"embeddable":true,"href":"https:\/\/now-news.de\/de\/wp-json\/wp\/v2\/comments?post=13767"}],"version-history":[{"count":0,"href":"https:\/\/now-news.de\/de\/wp-json\/wp\/v2\/posts\/13767\/revisions"}],"wp:featuredmedia":[{"embeddable":true,"href":"https:\/\/now-news.de\/de\/wp-json\/wp\/v2\/media\/13768"}],"wp:attachment":[{"href":"https:\/\/now-news.de\/de\/wp-json\/wp\/v2\/media?parent=13767"}],"wp:term":[{"taxonomy":"category","embeddable":true,"href":"https:\/\/now-news.de\/de\/wp-json\/wp\/v2\/categories?post=13767"},{"taxonomy":"post_tag","embeddable":true,"href":"https:\/\/now-news.de\/de\/wp-json\/wp\/v2\/tags?post=13767"}],"curies":[{"name":"wp","href":"https:\/\/api.w.org\/{rel}","templated":true}]}}