{"id":13719,"date":"2022-07-13T16:59:21","date_gmt":"2022-07-13T14:59:21","guid":{"rendered":"http:\/\/just-now.news\/de\/deutschland\/moskau-es-ist-nicht-russlands-schuld-wenn-die-europaeer-im-winter-frieren\/"},"modified":"2022-07-13T16:59:21","modified_gmt":"2022-07-13T14:59:21","slug":"moskau-es-ist-nicht-russlands-schuld-wenn-die-europaeer-im-winter-frieren","status":"publish","type":"post","link":"https:\/\/now-news.de\/de\/deutschland\/moskau-es-ist-nicht-russlands-schuld-wenn-die-europaeer-im-winter-frieren\/","title":{"rendered":"Moskau: Es ist nicht Russlands Schuld, wenn die Europ\u00e4er im Winter frieren"},"content":{"rendered":"<p><img decoding=\"async\" src=\"http:\/\/just-now.news\/de\/wp-content\/uploads\/sites\/3\/2022\/07\/62cea769b480cc2e2a2062a8.jpg\" \/><\/p>\n<div class=\"Text-root Text-type_1 \">\n                Die Zukunft des Gastransits aus Russland durch die Ukraine h\u00e4ngt vom Verhalten der EU-Staaten ab. Die Absicht der EU, Russland als Lieferanten zu streichen, bedeute, dass die Ukraine keine Transitgeb\u00fchren mehr erhalten werde, erkl\u00e4rte ein hochrangiger russischer Diplomat.\n            <\/div>\n<p><\/p>\n<div class=\"Text-root Text-type_5 ArticleView-text ViewText-root \">\n<p>Falls die europ\u00e4ischen Verbraucher die Nachfrage f\u00fcr russisches Gas aufrechterhalten und das ukrainische Pipelinesystem funktionsf\u00e4hig bleibt, wird Russland die M\u00f6glichkeit in Betracht ziehen, den Gastransit durch die Ukraine aufrechtzuerhalten. Das verk\u00fcndete Dmitri Biritschewski, der Leiter der Abteilung f\u00fcr wirtschaftliche Zusammenarbeit des russischen Au\u00dfenministeriums, in einem am Mittwoch ver\u00f6ffentlichten Interview mit der Nachrichtenagentur <em>RIA Nowosti<\/em>.<\/p>\n<p>Der aktuelle Transitvertrag mit der Ukraine wurde im Dezember 2019 f\u00fcr f\u00fcnf Jahre unterzeichnet, mit der Option, ihn um weitere zehn Jahre zu verl\u00e4ngern. Kiew betrachtete das Abkommen als einen gro\u00dfen Erfolg. Nach dem Beginn der russischen Milit\u00e4roperation in der Ukraine Ende Februar verh\u00e4ngte die EU weitreichende Wirtschaftssanktionen gegen Moskau und erkl\u00e4rte die Absicht, sich von Energielieferungen aus Russland abzukoppeln.<\/p>\n<p>Im Mai k\u00fcndigte Kiew die Aussetzung des Gastransits durch eine der beiden von Russland genutzten \u00fcber die Ukraine verlaufenden Pipelines an und begr\u00fcndete dies damit, dass man die Kontrolle \u00fcber einen Teil der Pipeline verloren habe. Dieses Teilst\u00fcck war in den ersten Tagen des Milit\u00e4reinsatzes unter Kontrolle der russischen Streitkr\u00e4fte gelangt. Der russische Gaskonzern Gazprom wies die Behauptung Kiews zur\u00fcck, dass der weitere Betrieb der Pipeline nicht sicher sei.<\/p>\n<p>Der Gasfluss \u00fcber eine alternative Route nach Europa, die Pipeline Nord Stream 1, war im vergangenen Monat unterbrochen worden. Russland erkl\u00e4rte, es habe die Kapazit\u00e4t um 60 Prozent reduzieren m\u00fcssen, weil Deutschland eine Gasturbine von Siemens Energy nach einer Wartung in Kanada nicht zur\u00fcckerhalten habe. Das wichtige Anlagenelement wird aufgrund von Sanktionen in Kanada festgehalten.<\/p>\n<p>Berlin und Ottawa haben seitdem \u00fcber die R\u00fcckgabe der Turbine verhandelt. Die kanadischen Beh\u00f6rden haben jedoch noch nicht mitgeteilt, wann die Turbine nach Deutschland zur\u00fcckgeschickt werden soll. Kiew wetterte seinerseits gegen die Entscheidung und bezeichnete sie als Aush\u00f6hlung der Sanktionen, w\u00e4hrend es behauptete, dass Russland stattdessen mehr Gas durch die Ukraine pumpen k\u00f6nne. Biritschewski hob hervor:<\/p>\n<blockquote>\n<p><em>&#8220;Es ist nicht Russlands Schuld, dass die Europ\u00e4er im Winter ohne Heizung und im Sommer ohne Klimaanlage sein m\u00fcssen. Die Sanktionen wirken wie ein Bumerang auf die westlichen Volkswirtschaften zur\u00fcck.&#8221;<\/em><\/p>\n<\/blockquote>\n<p>Die Beschr\u00e4nkungen der EU m\u00f6gen f\u00fcr die russische Wirtschaft schmerzhaft sein, aber &#8220;unsere Vergeltungsma\u00dfnahmen k\u00f6nnen auch ziemlich schmerzhaft sein&#8221;, erkl\u00e4rte Biritschewski. Er f\u00fcgte hinzu, dass Moskau bisher nichts unternommen habe, um den westlichen L\u00e4ndern zu schaden.<\/p>\n<p><strong>Mehr zum Thema<\/strong> &#8211;\u00a0<a rel=\"nofollow noopener\" target=\"_blank\" href=\"https:\/\/de.rt.com\/russland\/143299-medwedew-usa-und-grossbritannien-tauschen\/\">Medwedew: USA und Gro\u00dfbritannien t\u00e4uschen EU wie H\u00fctchenspieler<\/a><\/p>\n<\/p>\n<\/div>\n<p><br \/>\n<br \/><a href=\"https:\/\/de.rt.com\/europa\/143372-moskau-es-ist-nicht-russlands\/\">Source link <\/a><\/p>\n","protected":false},"excerpt":{"rendered":"<p>Die Zukunft des Gastransits aus Russland durch die Ukraine h\u00e4ngt vom Verhalten der EU-Staaten ab. Die Absicht der EU, Russland als Lieferanten zu streichen, bedeute, dass die Ukraine keine Transitgeb\u00fchren mehr erhalten werde, erkl\u00e4rte ein hochrangiger russischer Diplomat. Falls die europ\u00e4ischen Verbraucher die Nachfrage f\u00fcr russisches Gas aufrechterhalten und das ukrainische Pipelinesystem funktionsf\u00e4hig bleibt, wird [&hellip;]<\/p>\n","protected":false},"author":3,"featured_media":13720,"comment_status":"open","ping_status":"open","sticky":false,"template":"","format":"standard","meta":{"wp_automatic_camp":["217"],"af7bf9f685a70755868aa20df08c5dac":["Moskau: Es ist nicht Russlands Schuld, wenn die Europ\u00e4er im Winter frieren"],"original_link":["https:\/\/de.rt.com\/europa\/143372-moskau-es-ist-nicht-russlands\/"],"_thumbnail_id":["13720"],"_wptg_p2tg_sent2tg":["2022-07-13 17:08:13"],"jnews_social_counter_last_update":["1777628104"]},"categories":[19,23],"tags":[45,9477,26939,414,946,800,142,12416,4218,7753],"yoast_head":"<!-- This site is optimized with the Yoast SEO Premium plugin v22.7 (Yoast SEO v22.7) - https:\/\/yoast.com\/wordpress\/plugins\/seo\/ -->\n<title>Moskau: Es ist nicht Russlands Schuld, wenn die Europ\u00e4er im Winter frieren - just-now.NEWS Deutschland<\/title>\n<meta name=\"robots\" content=\"index, follow, max-snippet:-1, max-image-preview:large, max-video-preview:-1\" \/>\n<link rel=\"canonical\" href=\"https:\/\/now-news.de\/de\/deutschland\/moskau-es-ist-nicht-russlands-schuld-wenn-die-europaeer-im-winter-frieren\/\" \/>\n<meta property=\"og:locale\" content=\"de_DE\" \/>\n<meta property=\"og:type\" content=\"article\" \/>\n<meta property=\"og:title\" content=\"Moskau: Es ist nicht Russlands Schuld, wenn die Europ\u00e4er im Winter frieren\" \/>\n<meta property=\"og:description\" content=\"Die Zukunft des Gastransits aus Russland durch die Ukraine h\u00e4ngt vom Verhalten der EU-Staaten ab. Die Absicht der EU, Russland als Lieferanten zu streichen, bedeute, dass die Ukraine keine Transitgeb\u00fchren mehr erhalten werde, erkl\u00e4rte ein hochrangiger russischer Diplomat. Falls die europ\u00e4ischen Verbraucher die Nachfrage f\u00fcr russisches Gas aufrechterhalten und das ukrainische Pipelinesystem funktionsf\u00e4hig bleibt, wird [&hellip;]\" \/>\n<meta property=\"og:url\" content=\"https:\/\/now-news.de\/de\/deutschland\/moskau-es-ist-nicht-russlands-schuld-wenn-die-europaeer-im-winter-frieren\/\" \/>\n<meta property=\"og:site_name\" content=\"just-now.NEWS Deutschland\" \/>\n<meta property=\"article:publisher\" content=\"https:\/\/www.facebook.com\/wirmachenauf\" \/>\n<meta property=\"article:published_time\" content=\"2022-07-13T14:59:21+00:00\" \/>\n<meta property=\"og:image\" content=\"https:\/\/now-news.de\/de\/wp-content\/uploads\/sites\/3\/2022\/07\/Moskau-Es-ist-nicht-Russlands-Schuld-wenn-die-Europaeer-im.jpg\" \/>\n\t<meta property=\"og:image:width\" content=\"460\" \/>\n\t<meta property=\"og:image:height\" content=\"259\" \/>\n\t<meta property=\"og:image:type\" content=\"image\/jpeg\" \/>\n<meta name=\"author\" content=\"rtnews\" \/>\n<meta name=\"twitter:card\" content=\"summary_large_image\" \/>\n<meta name=\"twitter:creator\" content=\"@WirMachenAuf_de\" \/>\n<meta name=\"twitter:site\" content=\"@WirMachenAuf_de\" \/>\n<meta name=\"twitter:label1\" content=\"Verfasst von\" \/>\n\t<meta name=\"twitter:data1\" content=\"rtnews\" \/>\n\t<meta name=\"twitter:label2\" content=\"Gesch\u00e4tzte Lesezeit\" \/>\n\t<meta name=\"twitter:data2\" content=\"2\u00a0Minuten\" \/>\n<script type=\"application\/ld+json\" class=\"yoast-schema-graph\">{\"@context\":\"https:\/\/schema.org\",\"@graph\":[{\"@type\":\"Article\",\"@id\":\"https:\/\/now-news.de\/de\/deutschland\/moskau-es-ist-nicht-russlands-schuld-wenn-die-europaeer-im-winter-frieren\/#article\",\"isPartOf\":{\"@id\":\"https:\/\/now-news.de\/de\/deutschland\/moskau-es-ist-nicht-russlands-schuld-wenn-die-europaeer-im-winter-frieren\/\"},\"author\":{\"name\":\"rtnews\",\"@id\":\"https:\/\/now-news.de\/de\/#\/schema\/person\/fb534a4e865501d8b3285208df34a9b5\"},\"headline\":\"Moskau: Es ist nicht Russlands Schuld, wenn die Europ\u00e4er im Winter frieren\",\"datePublished\":\"2022-07-13T14:59:21+00:00\",\"dateModified\":\"2022-07-13T14:59:21+00:00\",\"mainEntityOfPage\":{\"@id\":\"https:\/\/now-news.de\/de\/deutschland\/moskau-es-ist-nicht-russlands-schuld-wenn-die-europaeer-im-winter-frieren\/\"},\"wordCount\":471,\"commentCount\":0,\"publisher\":{\"@id\":\"https:\/\/now-news.de\/de\/#organization\"},\"image\":{\"@id\":\"https:\/\/now-news.de\/de\/deutschland\/moskau-es-ist-nicht-russlands-schuld-wenn-die-europaeer-im-winter-frieren\/#primaryimage\"},\"thumbnailUrl\":\"https:\/\/now-news.de\/de\/wp-content\/uploads\/sites\/3\/2022\/07\/Moskau-Es-ist-nicht-Russlands-Schuld-wenn-die-Europaeer-im.jpg\",\"keywords\":[\"die\",\"Europ\u00e4er\",\"Frieren\",\"ist\",\"Moskau\",\"nicht\",\"Russlands\",\"Schuld\",\"wenn\",\"Winter\"],\"articleSection\":[\"Deutschland\",\"Russland\"],\"inLanguage\":\"de\",\"potentialAction\":[{\"@type\":\"CommentAction\",\"name\":\"Comment\",\"target\":[\"https:\/\/now-news.de\/de\/deutschland\/moskau-es-ist-nicht-russlands-schuld-wenn-die-europaeer-im-winter-frieren\/#respond\"]}]},{\"@type\":\"WebPage\",\"@id\":\"https:\/\/now-news.de\/de\/deutschland\/moskau-es-ist-nicht-russlands-schuld-wenn-die-europaeer-im-winter-frieren\/\",\"url\":\"https:\/\/now-news.de\/de\/deutschland\/moskau-es-ist-nicht-russlands-schuld-wenn-die-europaeer-im-winter-frieren\/\",\"name\":\"Moskau: Es ist nicht Russlands Schuld, wenn die Europ\u00e4er im Winter frieren - just-now.NEWS Deutschland\",\"isPartOf\":{\"@id\":\"https:\/\/now-news.de\/de\/#website\"},\"primaryImageOfPage\":{\"@id\":\"https:\/\/now-news.de\/de\/deutschland\/moskau-es-ist-nicht-russlands-schuld-wenn-die-europaeer-im-winter-frieren\/#primaryimage\"},\"image\":{\"@id\":\"https:\/\/now-news.de\/de\/deutschland\/moskau-es-ist-nicht-russlands-schuld-wenn-die-europaeer-im-winter-frieren\/#primaryimage\"},\"thumbnailUrl\":\"https:\/\/now-news.de\/de\/wp-content\/uploads\/sites\/3\/2022\/07\/Moskau-Es-ist-nicht-Russlands-Schuld-wenn-die-Europaeer-im.jpg\",\"datePublished\":\"2022-07-13T14:59:21+00:00\",\"dateModified\":\"2022-07-13T14:59:21+00:00\",\"breadcrumb\":{\"@id\":\"https:\/\/now-news.de\/de\/deutschland\/moskau-es-ist-nicht-russlands-schuld-wenn-die-europaeer-im-winter-frieren\/#breadcrumb\"},\"inLanguage\":\"de\",\"potentialAction\":[{\"@type\":\"ReadAction\",\"target\":[\"https:\/\/now-news.de\/de\/deutschland\/moskau-es-ist-nicht-russlands-schuld-wenn-die-europaeer-im-winter-frieren\/\"]}]},{\"@type\":\"ImageObject\",\"inLanguage\":\"de\",\"@id\":\"https:\/\/now-news.de\/de\/deutschland\/moskau-es-ist-nicht-russlands-schuld-wenn-die-europaeer-im-winter-frieren\/#primaryimage\",\"url\":\"https:\/\/now-news.de\/de\/wp-content\/uploads\/sites\/3\/2022\/07\/Moskau-Es-ist-nicht-Russlands-Schuld-wenn-die-Europaeer-im.jpg\",\"contentUrl\":\"https:\/\/now-news.de\/de\/wp-content\/uploads\/sites\/3\/2022\/07\/Moskau-Es-ist-nicht-Russlands-Schuld-wenn-die-Europaeer-im.jpg\",\"width\":460,\"height\":259,\"caption\":\"Moskau: Es ist nicht Russlands Schuld, wenn die Europ\u00e4er im Winter frieren\"},{\"@type\":\"BreadcrumbList\",\"@id\":\"https:\/\/now-news.de\/de\/deutschland\/moskau-es-ist-nicht-russlands-schuld-wenn-die-europaeer-im-winter-frieren\/#breadcrumb\",\"itemListElement\":[{\"@type\":\"ListItem\",\"position\":1,\"name\":\"Home\",\"item\":\"https:\/\/now-news.de\/de\/\"},{\"@type\":\"ListItem\",\"position\":2,\"name\":\"Moskau: Es ist nicht Russlands Schuld, wenn die Europ\u00e4er im Winter frieren\"}]},{\"@type\":\"WebSite\",\"@id\":\"https:\/\/now-news.de\/de\/#website\",\"url\":\"https:\/\/now-news.de\/de\/\",\"name\":\"just-now.NEWS Deutschland\",\"description\":\"Das Portal f\u00fcr unzensierte Nachrichten aus der Welt\",\"publisher\":{\"@id\":\"https:\/\/now-news.de\/de\/#organization\"},\"potentialAction\":[{\"@type\":\"SearchAction\",\"target\":{\"@type\":\"EntryPoint\",\"urlTemplate\":\"https:\/\/now-news.de\/de\/?s={search_term_string}\"},\"query-input\":\"required name=search_term_string\"}],\"inLanguage\":\"de\"},{\"@type\":\"Organization\",\"@id\":\"https:\/\/now-news.de\/de\/#organization\",\"name\":\"Just Now News\",\"url\":\"https:\/\/now-news.de\/de\/\",\"logo\":{\"@type\":\"ImageObject\",\"inLanguage\":\"de\",\"@id\":\"https:\/\/now-news.de\/de\/#\/schema\/logo\/image\/\",\"url\":\"http:\/\/just-now.news\/de\/wp-content\/uploads\/sites\/3\/2022\/04\/logo500x500.jpg\",\"contentUrl\":\"http:\/\/just-now.news\/de\/wp-content\/uploads\/sites\/3\/2022\/04\/logo500x500.jpg\",\"width\":500,\"height\":500,\"caption\":\"Just Now News\"},\"image\":{\"@id\":\"https:\/\/now-news.de\/de\/#\/schema\/logo\/image\/\"},\"sameAs\":[\"https:\/\/www.facebook.com\/wirmachenauf\",\"https:\/\/x.com\/WirMachenAuf_de\"]},{\"@type\":\"Person\",\"@id\":\"https:\/\/now-news.de\/de\/#\/schema\/person\/fb534a4e865501d8b3285208df34a9b5\",\"name\":\"rtnews\",\"image\":{\"@type\":\"ImageObject\",\"inLanguage\":\"de\",\"@id\":\"https:\/\/now-news.de\/de\/#\/schema\/person\/image\/\",\"url\":\"https:\/\/secure.gravatar.com\/avatar\/82aafea7d8127119dd649515f56e2117?s=96&d=mm&r=g\",\"contentUrl\":\"https:\/\/secure.gravatar.com\/avatar\/82aafea7d8127119dd649515f56e2117?s=96&d=mm&r=g\",\"caption\":\"rtnews\"},\"url\":\"https:\/\/now-news.de\/de\/author\/rnews\/\"}]}<\/script>\n<!-- \/ Yoast SEO Premium plugin. -->","yoast_head_json":{"title":"Moskau: Es ist nicht Russlands Schuld, wenn die Europ\u00e4er im Winter frieren - just-now.NEWS Deutschland","robots":{"index":"index","follow":"follow","max-snippet":"max-snippet:-1","max-image-preview":"max-image-preview:large","max-video-preview":"max-video-preview:-1"},"canonical":"https:\/\/now-news.de\/de\/deutschland\/moskau-es-ist-nicht-russlands-schuld-wenn-die-europaeer-im-winter-frieren\/","og_locale":"de_DE","og_type":"article","og_title":"Moskau: Es ist nicht Russlands Schuld, wenn die Europ\u00e4er im Winter frieren","og_description":"Die Zukunft des Gastransits aus Russland durch die Ukraine h\u00e4ngt vom Verhalten der EU-Staaten ab. Die Absicht der EU, Russland als Lieferanten zu streichen, bedeute, dass die Ukraine keine Transitgeb\u00fchren mehr erhalten werde, erkl\u00e4rte ein hochrangiger russischer Diplomat. Falls die europ\u00e4ischen Verbraucher die Nachfrage f\u00fcr russisches Gas aufrechterhalten und das ukrainische Pipelinesystem funktionsf\u00e4hig bleibt, wird [&hellip;]","og_url":"https:\/\/now-news.de\/de\/deutschland\/moskau-es-ist-nicht-russlands-schuld-wenn-die-europaeer-im-winter-frieren\/","og_site_name":"just-now.NEWS Deutschland","article_publisher":"https:\/\/www.facebook.com\/wirmachenauf","article_published_time":"2022-07-13T14:59:21+00:00","og_image":[{"width":460,"height":259,"url":"https:\/\/now-news.de\/de\/wp-content\/uploads\/sites\/3\/2022\/07\/Moskau-Es-ist-nicht-Russlands-Schuld-wenn-die-Europaeer-im.jpg","type":"image\/jpeg"}],"author":"rtnews","twitter_card":"summary_large_image","twitter_creator":"@WirMachenAuf_de","twitter_site":"@WirMachenAuf_de","twitter_misc":{"Verfasst von":"rtnews","Gesch\u00e4tzte Lesezeit":"2\u00a0Minuten"},"schema":{"@context":"https:\/\/schema.org","@graph":[{"@type":"Article","@id":"https:\/\/now-news.de\/de\/deutschland\/moskau-es-ist-nicht-russlands-schuld-wenn-die-europaeer-im-winter-frieren\/#article","isPartOf":{"@id":"https:\/\/now-news.de\/de\/deutschland\/moskau-es-ist-nicht-russlands-schuld-wenn-die-europaeer-im-winter-frieren\/"},"author":{"name":"rtnews","@id":"https:\/\/now-news.de\/de\/#\/schema\/person\/fb534a4e865501d8b3285208df34a9b5"},"headline":"Moskau: Es ist nicht Russlands Schuld, wenn die Europ\u00e4er im Winter frieren","datePublished":"2022-07-13T14:59:21+00:00","dateModified":"2022-07-13T14:59:21+00:00","mainEntityOfPage":{"@id":"https:\/\/now-news.de\/de\/deutschland\/moskau-es-ist-nicht-russlands-schuld-wenn-die-europaeer-im-winter-frieren\/"},"wordCount":471,"commentCount":0,"publisher":{"@id":"https:\/\/now-news.de\/de\/#organization"},"image":{"@id":"https:\/\/now-news.de\/de\/deutschland\/moskau-es-ist-nicht-russlands-schuld-wenn-die-europaeer-im-winter-frieren\/#primaryimage"},"thumbnailUrl":"https:\/\/now-news.de\/de\/wp-content\/uploads\/sites\/3\/2022\/07\/Moskau-Es-ist-nicht-Russlands-Schuld-wenn-die-Europaeer-im.jpg","keywords":["die","Europ\u00e4er","Frieren","ist","Moskau","nicht","Russlands","Schuld","wenn","Winter"],"articleSection":["Deutschland","Russland"],"inLanguage":"de","potentialAction":[{"@type":"CommentAction","name":"Comment","target":["https:\/\/now-news.de\/de\/deutschland\/moskau-es-ist-nicht-russlands-schuld-wenn-die-europaeer-im-winter-frieren\/#respond"]}]},{"@type":"WebPage","@id":"https:\/\/now-news.de\/de\/deutschland\/moskau-es-ist-nicht-russlands-schuld-wenn-die-europaeer-im-winter-frieren\/","url":"https:\/\/now-news.de\/de\/deutschland\/moskau-es-ist-nicht-russlands-schuld-wenn-die-europaeer-im-winter-frieren\/","name":"Moskau: Es ist nicht Russlands Schuld, wenn die Europ\u00e4er im Winter frieren - just-now.NEWS Deutschland","isPartOf":{"@id":"https:\/\/now-news.de\/de\/#website"},"primaryImageOfPage":{"@id":"https:\/\/now-news.de\/de\/deutschland\/moskau-es-ist-nicht-russlands-schuld-wenn-die-europaeer-im-winter-frieren\/#primaryimage"},"image":{"@id":"https:\/\/now-news.de\/de\/deutschland\/moskau-es-ist-nicht-russlands-schuld-wenn-die-europaeer-im-winter-frieren\/#primaryimage"},"thumbnailUrl":"https:\/\/now-news.de\/de\/wp-content\/uploads\/sites\/3\/2022\/07\/Moskau-Es-ist-nicht-Russlands-Schuld-wenn-die-Europaeer-im.jpg","datePublished":"2022-07-13T14:59:21+00:00","dateModified":"2022-07-13T14:59:21+00:00","breadcrumb":{"@id":"https:\/\/now-news.de\/de\/deutschland\/moskau-es-ist-nicht-russlands-schuld-wenn-die-europaeer-im-winter-frieren\/#breadcrumb"},"inLanguage":"de","potentialAction":[{"@type":"ReadAction","target":["https:\/\/now-news.de\/de\/deutschland\/moskau-es-ist-nicht-russlands-schuld-wenn-die-europaeer-im-winter-frieren\/"]}]},{"@type":"ImageObject","inLanguage":"de","@id":"https:\/\/now-news.de\/de\/deutschland\/moskau-es-ist-nicht-russlands-schuld-wenn-die-europaeer-im-winter-frieren\/#primaryimage","url":"https:\/\/now-news.de\/de\/wp-content\/uploads\/sites\/3\/2022\/07\/Moskau-Es-ist-nicht-Russlands-Schuld-wenn-die-Europaeer-im.jpg","contentUrl":"https:\/\/now-news.de\/de\/wp-content\/uploads\/sites\/3\/2022\/07\/Moskau-Es-ist-nicht-Russlands-Schuld-wenn-die-Europaeer-im.jpg","width":460,"height":259,"caption":"Moskau: Es ist nicht Russlands Schuld, wenn die Europ\u00e4er im Winter frieren"},{"@type":"BreadcrumbList","@id":"https:\/\/now-news.de\/de\/deutschland\/moskau-es-ist-nicht-russlands-schuld-wenn-die-europaeer-im-winter-frieren\/#breadcrumb","itemListElement":[{"@type":"ListItem","position":1,"name":"Home","item":"https:\/\/now-news.de\/de\/"},{"@type":"ListItem","position":2,"name":"Moskau: Es ist nicht Russlands Schuld, wenn die Europ\u00e4er im Winter frieren"}]},{"@type":"WebSite","@id":"https:\/\/now-news.de\/de\/#website","url":"https:\/\/now-news.de\/de\/","name":"just-now.NEWS Deutschland","description":"Das Portal f\u00fcr unzensierte Nachrichten aus der Welt","publisher":{"@id":"https:\/\/now-news.de\/de\/#organization"},"potentialAction":[{"@type":"SearchAction","target":{"@type":"EntryPoint","urlTemplate":"https:\/\/now-news.de\/de\/?s={search_term_string}"},"query-input":"required name=search_term_string"}],"inLanguage":"de"},{"@type":"Organization","@id":"https:\/\/now-news.de\/de\/#organization","name":"Just Now News","url":"https:\/\/now-news.de\/de\/","logo":{"@type":"ImageObject","inLanguage":"de","@id":"https:\/\/now-news.de\/de\/#\/schema\/logo\/image\/","url":"http:\/\/just-now.news\/de\/wp-content\/uploads\/sites\/3\/2022\/04\/logo500x500.jpg","contentUrl":"http:\/\/just-now.news\/de\/wp-content\/uploads\/sites\/3\/2022\/04\/logo500x500.jpg","width":500,"height":500,"caption":"Just Now News"},"image":{"@id":"https:\/\/now-news.de\/de\/#\/schema\/logo\/image\/"},"sameAs":["https:\/\/www.facebook.com\/wirmachenauf","https:\/\/x.com\/WirMachenAuf_de"]},{"@type":"Person","@id":"https:\/\/now-news.de\/de\/#\/schema\/person\/fb534a4e865501d8b3285208df34a9b5","name":"rtnews","image":{"@type":"ImageObject","inLanguage":"de","@id":"https:\/\/now-news.de\/de\/#\/schema\/person\/image\/","url":"https:\/\/secure.gravatar.com\/avatar\/82aafea7d8127119dd649515f56e2117?s=96&d=mm&r=g","contentUrl":"https:\/\/secure.gravatar.com\/avatar\/82aafea7d8127119dd649515f56e2117?s=96&d=mm&r=g","caption":"rtnews"},"url":"https:\/\/now-news.de\/de\/author\/rnews\/"}]}},"_links":{"self":[{"href":"https:\/\/now-news.de\/de\/wp-json\/wp\/v2\/posts\/13719"}],"collection":[{"href":"https:\/\/now-news.de\/de\/wp-json\/wp\/v2\/posts"}],"about":[{"href":"https:\/\/now-news.de\/de\/wp-json\/wp\/v2\/types\/post"}],"author":[{"embeddable":true,"href":"https:\/\/now-news.de\/de\/wp-json\/wp\/v2\/users\/3"}],"replies":[{"embeddable":true,"href":"https:\/\/now-news.de\/de\/wp-json\/wp\/v2\/comments?post=13719"}],"version-history":[{"count":0,"href":"https:\/\/now-news.de\/de\/wp-json\/wp\/v2\/posts\/13719\/revisions"}],"wp:featuredmedia":[{"embeddable":true,"href":"https:\/\/now-news.de\/de\/wp-json\/wp\/v2\/media\/13720"}],"wp:attachment":[{"href":"https:\/\/now-news.de\/de\/wp-json\/wp\/v2\/media?parent=13719"}],"wp:term":[{"taxonomy":"category","embeddable":true,"href":"https:\/\/now-news.de\/de\/wp-json\/wp\/v2\/categories?post=13719"},{"taxonomy":"post_tag","embeddable":true,"href":"https:\/\/now-news.de\/de\/wp-json\/wp\/v2\/tags?post=13719"}],"curies":[{"name":"wp","href":"https:\/\/api.w.org\/{rel}","templated":true}]}}