{"id":13704,"date":"2022-07-13T14:55:44","date_gmt":"2022-07-13T12:55:44","guid":{"rendered":"http:\/\/just-now.news\/de\/deutschland\/als-reaktion-auf-bidens-nahost-reise-putin-kommt-mit-raisi-und-erdogan-in-teheran-zusammen\/"},"modified":"2022-07-13T14:55:44","modified_gmt":"2022-07-13T12:55:44","slug":"als-reaktion-auf-bidens-nahost-reise-putin-kommt-mit-raisi-und-erdogan-in-teheran-zusammen","status":"publish","type":"post","link":"https:\/\/now-news.de\/de\/deutschland\/als-reaktion-auf-bidens-nahost-reise-putin-kommt-mit-raisi-und-erdogan-in-teheran-zusammen\/","title":{"rendered":"Als Reaktion auf Bidens Nahost-Reise: Putin kommt mit Raisi und Erdo\u011fan in Teheran zusammen"},"content":{"rendered":"<p><img decoding=\"async\" src=\"http:\/\/just-now.news\/de\/wp-content\/uploads\/sites\/3\/2022\/07\/62cec0c948fbef125849fbdc.jpg\" \/><\/p>\n<div class=\"Text-root Text-type_1 \">\n                W\u00e4hrend der US-Pr\u00e4sident nach Nahost gereist ist, um eine &#8220;Mini-NATO&#8221; in der Region in Gang zu bringen, will der russische Pr\u00e4sident n\u00e4chste Woche seine Amtskollegen aus Iran und der T\u00fcrkei in Teheran besuchen. Putins Reise nimmt eine weitere wichtige Dimension an, nachdem die US-Regierung erkl\u00e4rte, dass Iran dabei ist, Drohnen an Russland f\u00fcr den Einsatz in der Ukraine zu liefern.\n            <\/div>\n<p><\/p>\n<div class=\"Text-root Text-type_5 ArticleView-text ViewText-root \">\n<p><em>von Seyed Alireza Mousavi<\/em><\/p>\n<p>W\u00e4hrend US-Pr\u00e4sident Joe Biden in den Nahen Osten gereist ist, um\u00a0eine &#8220;Mini-NATO&#8221; in der Region unter Beteiligung der Golfstaaten und Israels in Gang zu bringen, will der russische Pr\u00e4sident Wladimir Putin n\u00e4chste Woche seinen iranischen und t\u00fcrkischen Amtskollegen, Ebrahim Raisi und\u00a0Recep Tayyip Erdo\u011fan, in Teheran besuchen.\u00a0Gegenstand der Gespr\u00e4che soll auch\u00a0Syrien sein.\u00a0Seit 2017\u00a0f\u00fchren die T\u00fcrkei, Russland und Iran im Astana-Format Gespr\u00e4che zu Syrien.\u00a0<\/p>\n<p>In Israel und Saudi-Arabien will die US-Regierung\u00a0eine Milit\u00e4rallianz gegen Teheran schmieden, indem das Pentagon nach Angaben\u00a0von US-Medien die Luftverteidigungen\u00a0Israels und mehrerer arabischer Staaten in\u00a0ein gemeinsames Abwehrsystem integrieren will, um &#8220;Bedrohungen&#8221; seitens Irans\u00a0abzuwenden. Iran hat im Vorfeld der Biden-Nahost-Tour gewarnt,\u00a0dass die Entstehung einer neuen\u00a0Allianz in der Region\u00a0entschlossene Reaktionen des Landes zur Folge haben w\u00fcrde. Wenn die Umsetzung solcher Pl\u00e4ne die Sicherheit Irans in irgendeiner Weise in Gefahr bringt, werde Iran\u00a0als erste Reaktion n\u00e4chstgelegene und am besten zug\u00e4ngliche Ziele ins Visier nehmen, hie\u00df es in der dem\u00a0Nationalen Sicherheitsrat Irans (SNSC) nahestehenden\u00a0Nachrichtenagentur\u00a0<em>Nour News.<\/em><\/p>\n<p>W\u00e4hrend der Westen in letzter Zeit vergeblich versucht hat, Russland im Zuge des Ukraine-Kriegs auf der geopolitischen Ebene zu isolieren, ist der anstehende Besuch\u00a0Putins in Teheran als eine Antwort auf die Reise des US-Pr\u00e4sidenten im Nahen Osten zu verstehen. Vor Kurzem fand auch in China ein\u00a0Gipfeltreffen des Bunds der BRICS-Staaten \u2013 bestehend aus Brasilien, Russland, Indien, China und S\u00fcdafrika \u2013\u00a0statt, der sich als ein Gegenmodell zur Staatengruppe G7 etablieren will.\u00a0<\/p>\n<p>In Iran wird Putins Besuch als eine Reaktion\u00a0auf die en\u00adgere Zusammenarbeit zwischen den USA, Israel und den arabischen Golfstaaten ge\u00adwertet.\u00a0Der iranische Pr\u00e4sident Ebrahim Raisi machte vor Kurzem bei seinem Treffen mit dem russischen Top-Diplomaten Sergei Lawrow deutlich, Iran sei alarmiert \u00fcber die Versuche der NATO,\u00a0deren Einflusssph\u00e4re in verschiedenen Teilen der Welt, unter anderem in Nahost, auszudehnen. Erdo\u011fan\u00a0wird damit auch der erste Staatsmann eines\u00a0NATO-Mitgliedslands sein, der Putin seit dem Beginn der russischen Milit\u00e4roperation in der Ukraine trifft.\u00a0Die\u00a0T\u00fcrkei\u00a0hat\u00a0den Ukraine-Krieg zwar verurteilt, aber das Land\u00a0tr\u00e4gt weiterhin nicht die Sanktionen des Westens gegen Russland mit.\u00a0Es steuert derzeit zudem auf eine Konfrontation mit Griechenland zu, da Athen seine Lobby gegen Sicherheitsbedenken Ankaras in den USA im Zuge des Ukraine-Krieges intensiviert hat.\u00a0Im Mai eskalierte die Lage zwischen Griechenland und der T\u00fcrkei drastisch, nachdem sich der\u00a0griechische Ministerpr\u00e4sident\u00a0Kyriakos Mitsotakis bei seinem Besuch in Washington, D.C. gegen US-amerikanische R\u00fcstungsgesch\u00e4fte mit Ankara ausgesprochen hatte.<\/p>\n<p>Putins Reise nach Teheran nimmt eine weitere wichtige Dimension an, nachdem der Nationale Sicherheitsberater Jake Sullivan in Washington erkl\u00e4rte, dass\u00a0Iran die Lieferung mehrerer Hunderter Drohnen an Russland f\u00fcr einen Einsatz in der Ukraine vorbereitet habe. Iran hat die Meldung\u00a0inzwischen dementiert. Der\u00a0<a rel=\"nofollow noopener\" target=\"_blank\" href=\"https:\/\/www.presstv.ir\/Detail\/2022\/07\/12\/685490\/Iran-United-States-Russia-armed-drones-Ukraine\">Sprecher <\/a>des iranischen Au\u00dfenministeriums erkl\u00e4rte diesbez\u00fcglich, dass die russisch-iranische Zusammenarbeit in der &#8220;modernen Technologie&#8221; auf die Zeit vor dem Ukraine-Krieg zur\u00fcckgehe. Die Ukraine\u00a0setzte in letzter Zeit die t\u00fcrkische Kampfdrohne Bayraktar TB 2 gegen russische Stellungen ein.<\/p>\n<p>Iran hat in den vergangenen Jahren seine Drohnenindustrie weiterentwickelt. In der Vergangenheit\u00a0lieferte Teheran Drohnen an seine Stellvertreter in der Region wie die Huthi-Bewegung (Ansarollah) im Jemen, an die Hisbollah im Libanon und an schiitische Milizen-Gruppen im Irak. Die Ansarollah-Bewegung ver\u00fcbte\u00a0in letzter Zeit mittels Kampfdrohen Vergeltungsangriffe auf \u00d6lf\u00f6rdereinrichtungen in Saudi-Arabien und den Vereinigten\u00a0Arabischen Emiraten. In der vergangenen Woche gab Tel Aviv bekannt, dass drei Aufkl\u00e4rungsdrohnen der Hisbollah in Hoheitsgew\u00e4sser Israels eingedrungen seien.\u00a0<\/p>\n<p>Mit seinem Besuch in Nahost versucht Biden einerseits, die milit\u00e4rische Kooperation unter den traditionellen US-Verb\u00fcndeten in der Region zu st\u00e4rken, damit die USA sich auf Chinas Aufstieg in der Weltpolitik konzentrieren. Andererseits zielen die USA darauf ab, die Golfstaaten wieder st\u00e4rker auf ihre Seite bez\u00fcglich der \u00d6lf\u00f6rderung-Politik zu ziehen. Russland versucht zugleich, eine strategische\u00a0Partnerschaft mit Iran einzugehen,\u00a0die auch anscheinend milit\u00e4rische Z\u00fcge beinhaltet. Moskau hat sich in letzter Zeit den Golfstaaten im Rahmen der\u00a0\u00d6l-Allianz OPEC+ zur gemeinsamen Bestimmung\u00a0der\u00a0F\u00f6rdermenge auf dem Markt angen\u00e4hert. Der Konflikt zwischen der T\u00fcrkei und Griechenland\u00a0w\u00e4chst derzeit zu einem Kalten Krieg um die Mittelmeergebiete heran und Russland versucht, seine Beziehungen zu der T\u00fcrkei aufrechtzuerhalten,\u00a0damit das Gleichgewicht im \u00f6stlichen Mittelmeer nicht zugunsten des Westens verschoben wird.\u00a0<\/p>\n<p><strong>Mehr zum Thema<\/strong> &#8211; <a rel=\"nofollow noopener\" target=\"_blank\" href=\"https:\/\/rtde.site\/international\/142795-konflikt-zwischen-ankara-und-athen\/\">Kalter Krieg im Mittelmeer: N\u00e4hern sich der Westen und die T\u00fcrkei wirklich an?<\/a><\/p>\n<\/div>\n<p><br \/>\n<br \/><a href=\"https:\/\/de.rt.com\/der-nahe-osten\/143347-als-reaktion-auf-bidens-nahost\/\">Source link <\/a><\/p>\n","protected":false},"excerpt":{"rendered":"<p>W\u00e4hrend der US-Pr\u00e4sident nach Nahost gereist ist, um eine &#8220;Mini-NATO&#8221; in der Region in Gang zu bringen, will der russische Pr\u00e4sident n\u00e4chste Woche seine Amtskollegen aus Iran und der T\u00fcrkei in Teheran besuchen. Putins Reise nimmt eine weitere wichtige Dimension an, nachdem die US-Regierung erkl\u00e4rte, dass Iran dabei ist, Drohnen an Russland f\u00fcr den Einsatz [&hellip;]<\/p>\n","protected":false},"author":3,"featured_media":13705,"comment_status":"open","ping_status":"open","sticky":false,"template":"","format":"standard","meta":{"wp_automatic_camp":["217"],"3b5fef275997cf17d193005b7a450482":["Als Reaktion auf Bidens Nahost-Reise: Putin kommt mit Raisi und Erdo\u011fan in Teheran zusammen"],"original_link":["https:\/\/de.rt.com\/der-nahe-osten\/143347-als-reaktion-auf-bidens-nahost\/"],"_thumbnail_id":["13705"],"_wptg_p2tg_sent2tg":["2022-07-13 15:00:31"],"jnews_social_counter_last_update":["1777260250"]},"categories":[19,23],"tags":[273,133,670,13697,310,419,27834,125,21115,158,19900,140,6580],"yoast_head":"<!-- This site is optimized with the Yoast SEO Premium plugin v22.7 (Yoast SEO v22.7) - https:\/\/yoast.com\/wordpress\/plugins\/seo\/ -->\n<title>Als Reaktion auf Bidens Nahost-Reise: Putin kommt mit Raisi und Erdo\u011fan in Teheran zusammen - just-now.NEWS Deutschland<\/title>\n<meta name=\"robots\" content=\"index, follow, max-snippet:-1, max-image-preview:large, max-video-preview:-1\" \/>\n<link rel=\"canonical\" href=\"https:\/\/now-news.de\/de\/deutschland\/als-reaktion-auf-bidens-nahost-reise-putin-kommt-mit-raisi-und-erdogan-in-teheran-zusammen\/\" \/>\n<meta property=\"og:locale\" content=\"de_DE\" \/>\n<meta property=\"og:type\" content=\"article\" \/>\n<meta property=\"og:title\" content=\"Als Reaktion auf Bidens Nahost-Reise: Putin kommt mit Raisi und Erdo\u011fan in Teheran zusammen\" \/>\n<meta property=\"og:description\" content=\"W\u00e4hrend der US-Pr\u00e4sident nach Nahost gereist ist, um eine &#8220;Mini-NATO&#8221; in der Region in Gang zu bringen, will der russische Pr\u00e4sident n\u00e4chste Woche seine Amtskollegen aus Iran und der T\u00fcrkei in Teheran besuchen. Putins Reise nimmt eine weitere wichtige Dimension an, nachdem die US-Regierung erkl\u00e4rte, dass Iran dabei ist, Drohnen an Russland f\u00fcr den Einsatz [&hellip;]\" \/>\n<meta property=\"og:url\" content=\"https:\/\/now-news.de\/de\/deutschland\/als-reaktion-auf-bidens-nahost-reise-putin-kommt-mit-raisi-und-erdogan-in-teheran-zusammen\/\" \/>\n<meta property=\"og:site_name\" content=\"just-now.NEWS Deutschland\" \/>\n<meta property=\"article:publisher\" content=\"https:\/\/www.facebook.com\/wirmachenauf\" \/>\n<meta property=\"article:published_time\" content=\"2022-07-13T12:55:44+00:00\" \/>\n<meta property=\"og:image\" content=\"https:\/\/now-news.de\/de\/wp-content\/uploads\/sites\/3\/2022\/07\/Als-Reaktion-auf-Bidens-Nahost-Reise-Putin-kommt-mit-Raisi-und.jpg\" \/>\n\t<meta property=\"og:image:width\" content=\"460\" \/>\n\t<meta property=\"og:image:height\" content=\"259\" \/>\n\t<meta property=\"og:image:type\" content=\"image\/jpeg\" \/>\n<meta name=\"author\" content=\"rtnews\" \/>\n<meta name=\"twitter:card\" content=\"summary_large_image\" \/>\n<meta name=\"twitter:creator\" content=\"@WirMachenAuf_de\" \/>\n<meta name=\"twitter:site\" content=\"@WirMachenAuf_de\" \/>\n<meta name=\"twitter:label1\" content=\"Verfasst von\" \/>\n\t<meta name=\"twitter:data1\" content=\"rtnews\" \/>\n\t<meta name=\"twitter:label2\" content=\"Gesch\u00e4tzte Lesezeit\" \/>\n\t<meta name=\"twitter:data2\" content=\"4\u00a0Minuten\" \/>\n<script type=\"application\/ld+json\" class=\"yoast-schema-graph\">{\"@context\":\"https:\/\/schema.org\",\"@graph\":[{\"@type\":\"Article\",\"@id\":\"https:\/\/now-news.de\/de\/deutschland\/als-reaktion-auf-bidens-nahost-reise-putin-kommt-mit-raisi-und-erdogan-in-teheran-zusammen\/#article\",\"isPartOf\":{\"@id\":\"https:\/\/now-news.de\/de\/deutschland\/als-reaktion-auf-bidens-nahost-reise-putin-kommt-mit-raisi-und-erdogan-in-teheran-zusammen\/\"},\"author\":{\"name\":\"rtnews\",\"@id\":\"https:\/\/now-news.de\/de\/#\/schema\/person\/fb534a4e865501d8b3285208df34a9b5\"},\"headline\":\"Als Reaktion auf Bidens Nahost-Reise: Putin kommt mit Raisi und Erdo\u011fan in Teheran zusammen\",\"datePublished\":\"2022-07-13T12:55:44+00:00\",\"dateModified\":\"2022-07-13T12:55:44+00:00\",\"mainEntityOfPage\":{\"@id\":\"https:\/\/now-news.de\/de\/deutschland\/als-reaktion-auf-bidens-nahost-reise-putin-kommt-mit-raisi-und-erdogan-in-teheran-zusammen\/\"},\"wordCount\":838,\"commentCount\":0,\"publisher\":{\"@id\":\"https:\/\/now-news.de\/de\/#organization\"},\"image\":{\"@id\":\"https:\/\/now-news.de\/de\/deutschland\/als-reaktion-auf-bidens-nahost-reise-putin-kommt-mit-raisi-und-erdogan-in-teheran-zusammen\/#primaryimage\"},\"thumbnailUrl\":\"https:\/\/now-news.de\/de\/wp-content\/uploads\/sites\/3\/2022\/07\/Als-Reaktion-auf-Bidens-Nahost-Reise-Putin-kommt-mit-Raisi-und.jpg\",\"keywords\":[\"als\",\"AUF\",\"Bidens\",\"Erdo\u011fan\",\"kommt\",\"mit\",\"NahostReise\",\"putin\",\"Raisi\",\"reaktion\",\"Teheran\",\"und\",\"zusammen\"],\"articleSection\":[\"Deutschland\",\"Russland\"],\"inLanguage\":\"de\",\"potentialAction\":[{\"@type\":\"CommentAction\",\"name\":\"Comment\",\"target\":[\"https:\/\/now-news.de\/de\/deutschland\/als-reaktion-auf-bidens-nahost-reise-putin-kommt-mit-raisi-und-erdogan-in-teheran-zusammen\/#respond\"]}]},{\"@type\":\"WebPage\",\"@id\":\"https:\/\/now-news.de\/de\/deutschland\/als-reaktion-auf-bidens-nahost-reise-putin-kommt-mit-raisi-und-erdogan-in-teheran-zusammen\/\",\"url\":\"https:\/\/now-news.de\/de\/deutschland\/als-reaktion-auf-bidens-nahost-reise-putin-kommt-mit-raisi-und-erdogan-in-teheran-zusammen\/\",\"name\":\"Als Reaktion auf Bidens Nahost-Reise: Putin kommt mit Raisi und Erdo\u011fan in Teheran zusammen - just-now.NEWS Deutschland\",\"isPartOf\":{\"@id\":\"https:\/\/now-news.de\/de\/#website\"},\"primaryImageOfPage\":{\"@id\":\"https:\/\/now-news.de\/de\/deutschland\/als-reaktion-auf-bidens-nahost-reise-putin-kommt-mit-raisi-und-erdogan-in-teheran-zusammen\/#primaryimage\"},\"image\":{\"@id\":\"https:\/\/now-news.de\/de\/deutschland\/als-reaktion-auf-bidens-nahost-reise-putin-kommt-mit-raisi-und-erdogan-in-teheran-zusammen\/#primaryimage\"},\"thumbnailUrl\":\"https:\/\/now-news.de\/de\/wp-content\/uploads\/sites\/3\/2022\/07\/Als-Reaktion-auf-Bidens-Nahost-Reise-Putin-kommt-mit-Raisi-und.jpg\",\"datePublished\":\"2022-07-13T12:55:44+00:00\",\"dateModified\":\"2022-07-13T12:55:44+00:00\",\"breadcrumb\":{\"@id\":\"https:\/\/now-news.de\/de\/deutschland\/als-reaktion-auf-bidens-nahost-reise-putin-kommt-mit-raisi-und-erdogan-in-teheran-zusammen\/#breadcrumb\"},\"inLanguage\":\"de\",\"potentialAction\":[{\"@type\":\"ReadAction\",\"target\":[\"https:\/\/now-news.de\/de\/deutschland\/als-reaktion-auf-bidens-nahost-reise-putin-kommt-mit-raisi-und-erdogan-in-teheran-zusammen\/\"]}]},{\"@type\":\"ImageObject\",\"inLanguage\":\"de\",\"@id\":\"https:\/\/now-news.de\/de\/deutschland\/als-reaktion-auf-bidens-nahost-reise-putin-kommt-mit-raisi-und-erdogan-in-teheran-zusammen\/#primaryimage\",\"url\":\"https:\/\/now-news.de\/de\/wp-content\/uploads\/sites\/3\/2022\/07\/Als-Reaktion-auf-Bidens-Nahost-Reise-Putin-kommt-mit-Raisi-und.jpg\",\"contentUrl\":\"https:\/\/now-news.de\/de\/wp-content\/uploads\/sites\/3\/2022\/07\/Als-Reaktion-auf-Bidens-Nahost-Reise-Putin-kommt-mit-Raisi-und.jpg\",\"width\":460,\"height\":259,\"caption\":\"Als Reaktion auf Bidens Nahost-Reise: Putin kommt mit Raisi und Erdo\u011fan in Teheran zusammen\"},{\"@type\":\"BreadcrumbList\",\"@id\":\"https:\/\/now-news.de\/de\/deutschland\/als-reaktion-auf-bidens-nahost-reise-putin-kommt-mit-raisi-und-erdogan-in-teheran-zusammen\/#breadcrumb\",\"itemListElement\":[{\"@type\":\"ListItem\",\"position\":1,\"name\":\"Home\",\"item\":\"https:\/\/now-news.de\/de\/\"},{\"@type\":\"ListItem\",\"position\":2,\"name\":\"Als Reaktion auf Bidens Nahost-Reise: Putin kommt mit Raisi und Erdo\u011fan in Teheran zusammen\"}]},{\"@type\":\"WebSite\",\"@id\":\"https:\/\/now-news.de\/de\/#website\",\"url\":\"https:\/\/now-news.de\/de\/\",\"name\":\"just-now.NEWS Deutschland\",\"description\":\"Das Portal f\u00fcr unzensierte Nachrichten aus der Welt\",\"publisher\":{\"@id\":\"https:\/\/now-news.de\/de\/#organization\"},\"potentialAction\":[{\"@type\":\"SearchAction\",\"target\":{\"@type\":\"EntryPoint\",\"urlTemplate\":\"https:\/\/now-news.de\/de\/?s={search_term_string}\"},\"query-input\":\"required name=search_term_string\"}],\"inLanguage\":\"de\"},{\"@type\":\"Organization\",\"@id\":\"https:\/\/now-news.de\/de\/#organization\",\"name\":\"Just Now News\",\"url\":\"https:\/\/now-news.de\/de\/\",\"logo\":{\"@type\":\"ImageObject\",\"inLanguage\":\"de\",\"@id\":\"https:\/\/now-news.de\/de\/#\/schema\/logo\/image\/\",\"url\":\"http:\/\/just-now.news\/de\/wp-content\/uploads\/sites\/3\/2022\/04\/logo500x500.jpg\",\"contentUrl\":\"http:\/\/just-now.news\/de\/wp-content\/uploads\/sites\/3\/2022\/04\/logo500x500.jpg\",\"width\":500,\"height\":500,\"caption\":\"Just Now News\"},\"image\":{\"@id\":\"https:\/\/now-news.de\/de\/#\/schema\/logo\/image\/\"},\"sameAs\":[\"https:\/\/www.facebook.com\/wirmachenauf\",\"https:\/\/x.com\/WirMachenAuf_de\"]},{\"@type\":\"Person\",\"@id\":\"https:\/\/now-news.de\/de\/#\/schema\/person\/fb534a4e865501d8b3285208df34a9b5\",\"name\":\"rtnews\",\"image\":{\"@type\":\"ImageObject\",\"inLanguage\":\"de\",\"@id\":\"https:\/\/now-news.de\/de\/#\/schema\/person\/image\/\",\"url\":\"https:\/\/secure.gravatar.com\/avatar\/82aafea7d8127119dd649515f56e2117?s=96&d=mm&r=g\",\"contentUrl\":\"https:\/\/secure.gravatar.com\/avatar\/82aafea7d8127119dd649515f56e2117?s=96&d=mm&r=g\",\"caption\":\"rtnews\"},\"url\":\"https:\/\/now-news.de\/de\/author\/rnews\/\"}]}<\/script>\n<!-- \/ Yoast SEO Premium plugin. -->","yoast_head_json":{"title":"Als Reaktion auf Bidens Nahost-Reise: Putin kommt mit Raisi und Erdo\u011fan in Teheran zusammen - just-now.NEWS Deutschland","robots":{"index":"index","follow":"follow","max-snippet":"max-snippet:-1","max-image-preview":"max-image-preview:large","max-video-preview":"max-video-preview:-1"},"canonical":"https:\/\/now-news.de\/de\/deutschland\/als-reaktion-auf-bidens-nahost-reise-putin-kommt-mit-raisi-und-erdogan-in-teheran-zusammen\/","og_locale":"de_DE","og_type":"article","og_title":"Als Reaktion auf Bidens Nahost-Reise: Putin kommt mit Raisi und Erdo\u011fan in Teheran zusammen","og_description":"W\u00e4hrend der US-Pr\u00e4sident nach Nahost gereist ist, um eine &#8220;Mini-NATO&#8221; in der Region in Gang zu bringen, will der russische Pr\u00e4sident n\u00e4chste Woche seine Amtskollegen aus Iran und der T\u00fcrkei in Teheran besuchen. Putins Reise nimmt eine weitere wichtige Dimension an, nachdem die US-Regierung erkl\u00e4rte, dass Iran dabei ist, Drohnen an Russland f\u00fcr den Einsatz [&hellip;]","og_url":"https:\/\/now-news.de\/de\/deutschland\/als-reaktion-auf-bidens-nahost-reise-putin-kommt-mit-raisi-und-erdogan-in-teheran-zusammen\/","og_site_name":"just-now.NEWS Deutschland","article_publisher":"https:\/\/www.facebook.com\/wirmachenauf","article_published_time":"2022-07-13T12:55:44+00:00","og_image":[{"width":460,"height":259,"url":"https:\/\/now-news.de\/de\/wp-content\/uploads\/sites\/3\/2022\/07\/Als-Reaktion-auf-Bidens-Nahost-Reise-Putin-kommt-mit-Raisi-und.jpg","type":"image\/jpeg"}],"author":"rtnews","twitter_card":"summary_large_image","twitter_creator":"@WirMachenAuf_de","twitter_site":"@WirMachenAuf_de","twitter_misc":{"Verfasst von":"rtnews","Gesch\u00e4tzte Lesezeit":"4\u00a0Minuten"},"schema":{"@context":"https:\/\/schema.org","@graph":[{"@type":"Article","@id":"https:\/\/now-news.de\/de\/deutschland\/als-reaktion-auf-bidens-nahost-reise-putin-kommt-mit-raisi-und-erdogan-in-teheran-zusammen\/#article","isPartOf":{"@id":"https:\/\/now-news.de\/de\/deutschland\/als-reaktion-auf-bidens-nahost-reise-putin-kommt-mit-raisi-und-erdogan-in-teheran-zusammen\/"},"author":{"name":"rtnews","@id":"https:\/\/now-news.de\/de\/#\/schema\/person\/fb534a4e865501d8b3285208df34a9b5"},"headline":"Als Reaktion auf Bidens Nahost-Reise: Putin kommt mit Raisi und Erdo\u011fan in Teheran zusammen","datePublished":"2022-07-13T12:55:44+00:00","dateModified":"2022-07-13T12:55:44+00:00","mainEntityOfPage":{"@id":"https:\/\/now-news.de\/de\/deutschland\/als-reaktion-auf-bidens-nahost-reise-putin-kommt-mit-raisi-und-erdogan-in-teheran-zusammen\/"},"wordCount":838,"commentCount":0,"publisher":{"@id":"https:\/\/now-news.de\/de\/#organization"},"image":{"@id":"https:\/\/now-news.de\/de\/deutschland\/als-reaktion-auf-bidens-nahost-reise-putin-kommt-mit-raisi-und-erdogan-in-teheran-zusammen\/#primaryimage"},"thumbnailUrl":"https:\/\/now-news.de\/de\/wp-content\/uploads\/sites\/3\/2022\/07\/Als-Reaktion-auf-Bidens-Nahost-Reise-Putin-kommt-mit-Raisi-und.jpg","keywords":["als","AUF","Bidens","Erdo\u011fan","kommt","mit","NahostReise","putin","Raisi","reaktion","Teheran","und","zusammen"],"articleSection":["Deutschland","Russland"],"inLanguage":"de","potentialAction":[{"@type":"CommentAction","name":"Comment","target":["https:\/\/now-news.de\/de\/deutschland\/als-reaktion-auf-bidens-nahost-reise-putin-kommt-mit-raisi-und-erdogan-in-teheran-zusammen\/#respond"]}]},{"@type":"WebPage","@id":"https:\/\/now-news.de\/de\/deutschland\/als-reaktion-auf-bidens-nahost-reise-putin-kommt-mit-raisi-und-erdogan-in-teheran-zusammen\/","url":"https:\/\/now-news.de\/de\/deutschland\/als-reaktion-auf-bidens-nahost-reise-putin-kommt-mit-raisi-und-erdogan-in-teheran-zusammen\/","name":"Als Reaktion auf Bidens Nahost-Reise: Putin kommt mit Raisi und Erdo\u011fan in Teheran zusammen - just-now.NEWS Deutschland","isPartOf":{"@id":"https:\/\/now-news.de\/de\/#website"},"primaryImageOfPage":{"@id":"https:\/\/now-news.de\/de\/deutschland\/als-reaktion-auf-bidens-nahost-reise-putin-kommt-mit-raisi-und-erdogan-in-teheran-zusammen\/#primaryimage"},"image":{"@id":"https:\/\/now-news.de\/de\/deutschland\/als-reaktion-auf-bidens-nahost-reise-putin-kommt-mit-raisi-und-erdogan-in-teheran-zusammen\/#primaryimage"},"thumbnailUrl":"https:\/\/now-news.de\/de\/wp-content\/uploads\/sites\/3\/2022\/07\/Als-Reaktion-auf-Bidens-Nahost-Reise-Putin-kommt-mit-Raisi-und.jpg","datePublished":"2022-07-13T12:55:44+00:00","dateModified":"2022-07-13T12:55:44+00:00","breadcrumb":{"@id":"https:\/\/now-news.de\/de\/deutschland\/als-reaktion-auf-bidens-nahost-reise-putin-kommt-mit-raisi-und-erdogan-in-teheran-zusammen\/#breadcrumb"},"inLanguage":"de","potentialAction":[{"@type":"ReadAction","target":["https:\/\/now-news.de\/de\/deutschland\/als-reaktion-auf-bidens-nahost-reise-putin-kommt-mit-raisi-und-erdogan-in-teheran-zusammen\/"]}]},{"@type":"ImageObject","inLanguage":"de","@id":"https:\/\/now-news.de\/de\/deutschland\/als-reaktion-auf-bidens-nahost-reise-putin-kommt-mit-raisi-und-erdogan-in-teheran-zusammen\/#primaryimage","url":"https:\/\/now-news.de\/de\/wp-content\/uploads\/sites\/3\/2022\/07\/Als-Reaktion-auf-Bidens-Nahost-Reise-Putin-kommt-mit-Raisi-und.jpg","contentUrl":"https:\/\/now-news.de\/de\/wp-content\/uploads\/sites\/3\/2022\/07\/Als-Reaktion-auf-Bidens-Nahost-Reise-Putin-kommt-mit-Raisi-und.jpg","width":460,"height":259,"caption":"Als Reaktion auf Bidens Nahost-Reise: Putin kommt mit Raisi und Erdo\u011fan in Teheran zusammen"},{"@type":"BreadcrumbList","@id":"https:\/\/now-news.de\/de\/deutschland\/als-reaktion-auf-bidens-nahost-reise-putin-kommt-mit-raisi-und-erdogan-in-teheran-zusammen\/#breadcrumb","itemListElement":[{"@type":"ListItem","position":1,"name":"Home","item":"https:\/\/now-news.de\/de\/"},{"@type":"ListItem","position":2,"name":"Als Reaktion auf Bidens Nahost-Reise: Putin kommt mit Raisi und Erdo\u011fan in Teheran zusammen"}]},{"@type":"WebSite","@id":"https:\/\/now-news.de\/de\/#website","url":"https:\/\/now-news.de\/de\/","name":"just-now.NEWS Deutschland","description":"Das Portal f\u00fcr unzensierte Nachrichten aus der Welt","publisher":{"@id":"https:\/\/now-news.de\/de\/#organization"},"potentialAction":[{"@type":"SearchAction","target":{"@type":"EntryPoint","urlTemplate":"https:\/\/now-news.de\/de\/?s={search_term_string}"},"query-input":"required name=search_term_string"}],"inLanguage":"de"},{"@type":"Organization","@id":"https:\/\/now-news.de\/de\/#organization","name":"Just Now News","url":"https:\/\/now-news.de\/de\/","logo":{"@type":"ImageObject","inLanguage":"de","@id":"https:\/\/now-news.de\/de\/#\/schema\/logo\/image\/","url":"http:\/\/just-now.news\/de\/wp-content\/uploads\/sites\/3\/2022\/04\/logo500x500.jpg","contentUrl":"http:\/\/just-now.news\/de\/wp-content\/uploads\/sites\/3\/2022\/04\/logo500x500.jpg","width":500,"height":500,"caption":"Just Now News"},"image":{"@id":"https:\/\/now-news.de\/de\/#\/schema\/logo\/image\/"},"sameAs":["https:\/\/www.facebook.com\/wirmachenauf","https:\/\/x.com\/WirMachenAuf_de"]},{"@type":"Person","@id":"https:\/\/now-news.de\/de\/#\/schema\/person\/fb534a4e865501d8b3285208df34a9b5","name":"rtnews","image":{"@type":"ImageObject","inLanguage":"de","@id":"https:\/\/now-news.de\/de\/#\/schema\/person\/image\/","url":"https:\/\/secure.gravatar.com\/avatar\/82aafea7d8127119dd649515f56e2117?s=96&d=mm&r=g","contentUrl":"https:\/\/secure.gravatar.com\/avatar\/82aafea7d8127119dd649515f56e2117?s=96&d=mm&r=g","caption":"rtnews"},"url":"https:\/\/now-news.de\/de\/author\/rnews\/"}]}},"_links":{"self":[{"href":"https:\/\/now-news.de\/de\/wp-json\/wp\/v2\/posts\/13704"}],"collection":[{"href":"https:\/\/now-news.de\/de\/wp-json\/wp\/v2\/posts"}],"about":[{"href":"https:\/\/now-news.de\/de\/wp-json\/wp\/v2\/types\/post"}],"author":[{"embeddable":true,"href":"https:\/\/now-news.de\/de\/wp-json\/wp\/v2\/users\/3"}],"replies":[{"embeddable":true,"href":"https:\/\/now-news.de\/de\/wp-json\/wp\/v2\/comments?post=13704"}],"version-history":[{"count":0,"href":"https:\/\/now-news.de\/de\/wp-json\/wp\/v2\/posts\/13704\/revisions"}],"wp:featuredmedia":[{"embeddable":true,"href":"https:\/\/now-news.de\/de\/wp-json\/wp\/v2\/media\/13705"}],"wp:attachment":[{"href":"https:\/\/now-news.de\/de\/wp-json\/wp\/v2\/media?parent=13704"}],"wp:term":[{"taxonomy":"category","embeddable":true,"href":"https:\/\/now-news.de\/de\/wp-json\/wp\/v2\/categories?post=13704"},{"taxonomy":"post_tag","embeddable":true,"href":"https:\/\/now-news.de\/de\/wp-json\/wp\/v2\/tags?post=13704"}],"curies":[{"name":"wp","href":"https:\/\/api.w.org\/{rel}","templated":true}]}}