{"id":13693,"date":"2022-07-13T11:29:02","date_gmt":"2022-07-13T09:29:02","guid":{"rendered":"http:\/\/just-now.news\/de\/deutschland\/giffey-beleuchtung-am-brandenburger-tor-nach-mitternacht-abschalten\/"},"modified":"2022-07-13T11:29:02","modified_gmt":"2022-07-13T09:29:02","slug":"giffey-beleuchtung-am-brandenburger-tor-nach-mitternacht-abschalten","status":"publish","type":"post","link":"https:\/\/now-news.de\/de\/deutschland\/giffey-beleuchtung-am-brandenburger-tor-nach-mitternacht-abschalten\/","title":{"rendered":"Giffey: Beleuchtung am Brandenburger Tor nach Mitternacht abschalten"},"content":{"rendered":"<p><img decoding=\"async\" src=\"http:\/\/just-now.news\/de\/wp-content\/uploads\/sites\/3\/2022\/07\/62ce905848fbef17d36d450c.jpg\" \/><\/p>\n<div class=\"Text-root Text-type_1 \">\n                Franziska Giffey, die Berliner Regierende B\u00fcrgermeisterin, hat sich daf\u00fcr ausgesprochen, \u00f6ffentliche Geb\u00e4ude in der Stadt nach Mitternacht nicht mehr beleuchten zu lassen. Man m\u00fcsse alle M\u00f6glichkeiten zum Energiesparen pr\u00fcfen.\n            <\/div>\n<p><\/p>\n<div class=\"Text-root Text-type_5 ArticleView-text ViewText-root \">\n<p>Berlins Regierende B\u00fcrgermeisterin Franziska Giffey hat sich daf\u00fcr ausgesprochen, \u00f6ffentliche Geb\u00e4ude wie das Rote Rathaus oder das Brandenburger Tor nach Mitternacht nicht mehr anzustrahlen. Sie sagte der <em>Deutschen Presse-Agentur<\/em>:<\/p>\n<blockquote>\n<p><em>&#8220;In der Lage, in der wir sind, muss man alle M\u00f6glichkeiten zum Energiesparen pr\u00fcfen.&#8221;<\/em><\/p>\n<\/blockquote>\n<p>Manche Geb\u00e4ude ab Mitternacht nicht mehr anzustrahlen, sei ein vern\u00fcnftiger Kompromiss. Die B\u00fcrgermeisterin betonte:<\/p>\n<blockquote>\n<p><em>&#8220;Es geht darum, zuerst da zu sparen, wo es nicht so schmerzhaft ist.&#8221;<\/em><\/p>\n<\/blockquote>\n<p>Das Ziel m\u00fcsse sein, insgesamt achtsamer zu werden. Sie f\u00fcgte hinzu:<\/p>\n<blockquote>\n<p><em>&#8220;Ich glaube, dass wir alle M\u00f6glichkeiten zum Energiesparen nutzen m\u00fcssen.&#8221;<\/em><\/p>\n<p><em>&#8220;Ich bin als Kind so gro\u00df geworden: Wenn keiner im Zimmer ist, wird das Licht ausgemacht. Das ist ganz einfach und nichts Neues.&#8221;<\/em><\/p>\n<\/blockquote>\n<p>Angesichts der Energieknappheit und stark gestiegener Preise f\u00fcr Strom oder Gas hatte Berlins FDP-Fraktionschef Sebastian Czaja am vergangenen Wochenende angeregt, \u00f6ffentliche Geb\u00e4ude wie den Funkturm, das Brandenburger Tor oder die Siegess\u00e4ule nach Mitternacht nicht mehr anzustrahlen.<\/p>\n<p><strong>Mehr zum Thema<\/strong> &#8211;\u00a0<a rel=\"nofollow noopener\" target=\"_blank\" href=\"https:\/\/de.rt.com\/europa\/143124-erschreckende-inkonsequenz-in-deutschland-wachst\/\">&#8220;Erschreckende Inkonsequenz&#8221;: In Deutschland w\u00e4chst die Unzufriedenheit mit der Ukraine-Politik<\/a><\/p>\n<p>(dpa\/rt)<\/p>\n<\/div>\n<p><br \/>\n<br \/><a href=\"https:\/\/de.rt.com\/inland\/143360-giffey-beleuchtung-am-brandenburger-tor\/\">Source link <\/a><\/p>\n","protected":false},"excerpt":{"rendered":"<p>Franziska Giffey, die Berliner Regierende B\u00fcrgermeisterin, hat sich daf\u00fcr ausgesprochen, \u00f6ffentliche Geb\u00e4ude in der Stadt nach Mitternacht nicht mehr beleuchten zu lassen. Man m\u00fcsse alle M\u00f6glichkeiten zum Energiesparen pr\u00fcfen. Berlins Regierende B\u00fcrgermeisterin Franziska Giffey hat sich daf\u00fcr ausgesprochen, \u00f6ffentliche Geb\u00e4ude wie das Rote Rathaus oder das Brandenburger Tor nach Mitternacht nicht mehr anzustrahlen. Sie sagte [&hellip;]<\/p>\n","protected":false},"author":3,"featured_media":13694,"comment_status":"open","ping_status":"open","sticky":false,"template":"","format":"standard","meta":{"wp_automatic_camp":["217"],"a9f217e157afbcab0abbe508a165b3a8":["Giffey: Beleuchtung am Brandenburger Tor nach Mitternacht abschalten"],"original_link":["https:\/\/de.rt.com\/inland\/143360-giffey-beleuchtung-am-brandenburger-tor\/"],"_thumbnail_id":["13694"],"_wptg_p2tg_sent2tg":["2022-07-13 11:46:32"],"jnews_social_counter_last_update":["1777256325"]},"categories":[19,23],"tags":[27819,27818,21665,23735,26944,979,23663],"yoast_head":"<!-- This site is optimized with the Yoast SEO Premium plugin v22.7 (Yoast SEO v22.7) - https:\/\/yoast.com\/wordpress\/plugins\/seo\/ -->\n<title>Giffey: Beleuchtung am Brandenburger Tor nach Mitternacht abschalten - just-now.NEWS Deutschland<\/title>\n<meta name=\"robots\" content=\"index, follow, max-snippet:-1, max-image-preview:large, max-video-preview:-1\" \/>\n<link rel=\"canonical\" href=\"https:\/\/now-news.de\/de\/deutschland\/giffey-beleuchtung-am-brandenburger-tor-nach-mitternacht-abschalten\/\" \/>\n<meta property=\"og:locale\" content=\"de_DE\" \/>\n<meta property=\"og:type\" content=\"article\" \/>\n<meta property=\"og:title\" content=\"Giffey: Beleuchtung am Brandenburger Tor nach Mitternacht abschalten\" \/>\n<meta property=\"og:description\" content=\"Franziska Giffey, die Berliner Regierende B\u00fcrgermeisterin, hat sich daf\u00fcr ausgesprochen, \u00f6ffentliche Geb\u00e4ude in der Stadt nach Mitternacht nicht mehr beleuchten zu lassen. Man m\u00fcsse alle M\u00f6glichkeiten zum Energiesparen pr\u00fcfen. Berlins Regierende B\u00fcrgermeisterin Franziska Giffey hat sich daf\u00fcr ausgesprochen, \u00f6ffentliche Geb\u00e4ude wie das Rote Rathaus oder das Brandenburger Tor nach Mitternacht nicht mehr anzustrahlen. Sie sagte [&hellip;]\" \/>\n<meta property=\"og:url\" content=\"https:\/\/now-news.de\/de\/deutschland\/giffey-beleuchtung-am-brandenburger-tor-nach-mitternacht-abschalten\/\" \/>\n<meta property=\"og:site_name\" content=\"just-now.NEWS Deutschland\" \/>\n<meta property=\"article:publisher\" content=\"https:\/\/www.facebook.com\/wirmachenauf\" \/>\n<meta property=\"article:published_time\" content=\"2022-07-13T09:29:02+00:00\" \/>\n<meta property=\"og:image\" content=\"https:\/\/now-news.de\/de\/wp-content\/uploads\/sites\/3\/2022\/07\/Giffey-Beleuchtung-am-Brandenburger-Tor-nach-Mitternacht-abschalten.jpg\" \/>\n\t<meta property=\"og:image:width\" content=\"460\" \/>\n\t<meta property=\"og:image:height\" content=\"259\" \/>\n\t<meta property=\"og:image:type\" content=\"image\/jpeg\" \/>\n<meta name=\"author\" content=\"rtnews\" \/>\n<meta name=\"twitter:card\" content=\"summary_large_image\" \/>\n<meta name=\"twitter:creator\" content=\"@WirMachenAuf_de\" \/>\n<meta name=\"twitter:site\" content=\"@WirMachenAuf_de\" \/>\n<meta name=\"twitter:label1\" content=\"Verfasst von\" \/>\n\t<meta name=\"twitter:data1\" content=\"rtnews\" \/>\n\t<meta name=\"twitter:label2\" content=\"Gesch\u00e4tzte Lesezeit\" \/>\n\t<meta name=\"twitter:data2\" content=\"1\u00a0Minute\" \/>\n<script type=\"application\/ld+json\" class=\"yoast-schema-graph\">{\"@context\":\"https:\/\/schema.org\",\"@graph\":[{\"@type\":\"Article\",\"@id\":\"https:\/\/now-news.de\/de\/deutschland\/giffey-beleuchtung-am-brandenburger-tor-nach-mitternacht-abschalten\/#article\",\"isPartOf\":{\"@id\":\"https:\/\/now-news.de\/de\/deutschland\/giffey-beleuchtung-am-brandenburger-tor-nach-mitternacht-abschalten\/\"},\"author\":{\"name\":\"rtnews\",\"@id\":\"https:\/\/now-news.de\/de\/#\/schema\/person\/fb534a4e865501d8b3285208df34a9b5\"},\"headline\":\"Giffey: Beleuchtung am Brandenburger Tor nach Mitternacht abschalten\",\"datePublished\":\"2022-07-13T09:29:02+00:00\",\"dateModified\":\"2022-07-13T09:29:02+00:00\",\"mainEntityOfPage\":{\"@id\":\"https:\/\/now-news.de\/de\/deutschland\/giffey-beleuchtung-am-brandenburger-tor-nach-mitternacht-abschalten\/\"},\"wordCount\":228,\"commentCount\":0,\"publisher\":{\"@id\":\"https:\/\/now-news.de\/de\/#organization\"},\"image\":{\"@id\":\"https:\/\/now-news.de\/de\/deutschland\/giffey-beleuchtung-am-brandenburger-tor-nach-mitternacht-abschalten\/#primaryimage\"},\"thumbnailUrl\":\"https:\/\/now-news.de\/de\/wp-content\/uploads\/sites\/3\/2022\/07\/Giffey-Beleuchtung-am-Brandenburger-Tor-nach-Mitternacht-abschalten.jpg\",\"keywords\":[\"abschalten\",\"Beleuchtung\",\"Brandenburger\",\"Giffey\",\"Mitternacht\",\"nach\",\"Tor\"],\"articleSection\":[\"Deutschland\",\"Russland\"],\"inLanguage\":\"de\",\"potentialAction\":[{\"@type\":\"CommentAction\",\"name\":\"Comment\",\"target\":[\"https:\/\/now-news.de\/de\/deutschland\/giffey-beleuchtung-am-brandenburger-tor-nach-mitternacht-abschalten\/#respond\"]}]},{\"@type\":\"WebPage\",\"@id\":\"https:\/\/now-news.de\/de\/deutschland\/giffey-beleuchtung-am-brandenburger-tor-nach-mitternacht-abschalten\/\",\"url\":\"https:\/\/now-news.de\/de\/deutschland\/giffey-beleuchtung-am-brandenburger-tor-nach-mitternacht-abschalten\/\",\"name\":\"Giffey: Beleuchtung am Brandenburger Tor nach Mitternacht abschalten - just-now.NEWS Deutschland\",\"isPartOf\":{\"@id\":\"https:\/\/now-news.de\/de\/#website\"},\"primaryImageOfPage\":{\"@id\":\"https:\/\/now-news.de\/de\/deutschland\/giffey-beleuchtung-am-brandenburger-tor-nach-mitternacht-abschalten\/#primaryimage\"},\"image\":{\"@id\":\"https:\/\/now-news.de\/de\/deutschland\/giffey-beleuchtung-am-brandenburger-tor-nach-mitternacht-abschalten\/#primaryimage\"},\"thumbnailUrl\":\"https:\/\/now-news.de\/de\/wp-content\/uploads\/sites\/3\/2022\/07\/Giffey-Beleuchtung-am-Brandenburger-Tor-nach-Mitternacht-abschalten.jpg\",\"datePublished\":\"2022-07-13T09:29:02+00:00\",\"dateModified\":\"2022-07-13T09:29:02+00:00\",\"breadcrumb\":{\"@id\":\"https:\/\/now-news.de\/de\/deutschland\/giffey-beleuchtung-am-brandenburger-tor-nach-mitternacht-abschalten\/#breadcrumb\"},\"inLanguage\":\"de\",\"potentialAction\":[{\"@type\":\"ReadAction\",\"target\":[\"https:\/\/now-news.de\/de\/deutschland\/giffey-beleuchtung-am-brandenburger-tor-nach-mitternacht-abschalten\/\"]}]},{\"@type\":\"ImageObject\",\"inLanguage\":\"de\",\"@id\":\"https:\/\/now-news.de\/de\/deutschland\/giffey-beleuchtung-am-brandenburger-tor-nach-mitternacht-abschalten\/#primaryimage\",\"url\":\"https:\/\/now-news.de\/de\/wp-content\/uploads\/sites\/3\/2022\/07\/Giffey-Beleuchtung-am-Brandenburger-Tor-nach-Mitternacht-abschalten.jpg\",\"contentUrl\":\"https:\/\/now-news.de\/de\/wp-content\/uploads\/sites\/3\/2022\/07\/Giffey-Beleuchtung-am-Brandenburger-Tor-nach-Mitternacht-abschalten.jpg\",\"width\":460,\"height\":259,\"caption\":\"Giffey: Beleuchtung am Brandenburger Tor nach Mitternacht abschalten\"},{\"@type\":\"BreadcrumbList\",\"@id\":\"https:\/\/now-news.de\/de\/deutschland\/giffey-beleuchtung-am-brandenburger-tor-nach-mitternacht-abschalten\/#breadcrumb\",\"itemListElement\":[{\"@type\":\"ListItem\",\"position\":1,\"name\":\"Home\",\"item\":\"https:\/\/now-news.de\/de\/\"},{\"@type\":\"ListItem\",\"position\":2,\"name\":\"Giffey: Beleuchtung am Brandenburger Tor nach Mitternacht abschalten\"}]},{\"@type\":\"WebSite\",\"@id\":\"https:\/\/now-news.de\/de\/#website\",\"url\":\"https:\/\/now-news.de\/de\/\",\"name\":\"just-now.NEWS Deutschland\",\"description\":\"Das Portal f\u00fcr unzensierte Nachrichten aus der Welt\",\"publisher\":{\"@id\":\"https:\/\/now-news.de\/de\/#organization\"},\"potentialAction\":[{\"@type\":\"SearchAction\",\"target\":{\"@type\":\"EntryPoint\",\"urlTemplate\":\"https:\/\/now-news.de\/de\/?s={search_term_string}\"},\"query-input\":\"required name=search_term_string\"}],\"inLanguage\":\"de\"},{\"@type\":\"Organization\",\"@id\":\"https:\/\/now-news.de\/de\/#organization\",\"name\":\"Just Now News\",\"url\":\"https:\/\/now-news.de\/de\/\",\"logo\":{\"@type\":\"ImageObject\",\"inLanguage\":\"de\",\"@id\":\"https:\/\/now-news.de\/de\/#\/schema\/logo\/image\/\",\"url\":\"http:\/\/just-now.news\/de\/wp-content\/uploads\/sites\/3\/2022\/04\/logo500x500.jpg\",\"contentUrl\":\"http:\/\/just-now.news\/de\/wp-content\/uploads\/sites\/3\/2022\/04\/logo500x500.jpg\",\"width\":500,\"height\":500,\"caption\":\"Just Now News\"},\"image\":{\"@id\":\"https:\/\/now-news.de\/de\/#\/schema\/logo\/image\/\"},\"sameAs\":[\"https:\/\/www.facebook.com\/wirmachenauf\",\"https:\/\/x.com\/WirMachenAuf_de\"]},{\"@type\":\"Person\",\"@id\":\"https:\/\/now-news.de\/de\/#\/schema\/person\/fb534a4e865501d8b3285208df34a9b5\",\"name\":\"rtnews\",\"image\":{\"@type\":\"ImageObject\",\"inLanguage\":\"de\",\"@id\":\"https:\/\/now-news.de\/de\/#\/schema\/person\/image\/\",\"url\":\"https:\/\/secure.gravatar.com\/avatar\/82aafea7d8127119dd649515f56e2117?s=96&d=mm&r=g\",\"contentUrl\":\"https:\/\/secure.gravatar.com\/avatar\/82aafea7d8127119dd649515f56e2117?s=96&d=mm&r=g\",\"caption\":\"rtnews\"},\"url\":\"https:\/\/now-news.de\/de\/author\/rnews\/\"}]}<\/script>\n<!-- \/ Yoast SEO Premium plugin. -->","yoast_head_json":{"title":"Giffey: Beleuchtung am Brandenburger Tor nach Mitternacht abschalten - just-now.NEWS Deutschland","robots":{"index":"index","follow":"follow","max-snippet":"max-snippet:-1","max-image-preview":"max-image-preview:large","max-video-preview":"max-video-preview:-1"},"canonical":"https:\/\/now-news.de\/de\/deutschland\/giffey-beleuchtung-am-brandenburger-tor-nach-mitternacht-abschalten\/","og_locale":"de_DE","og_type":"article","og_title":"Giffey: Beleuchtung am Brandenburger Tor nach Mitternacht abschalten","og_description":"Franziska Giffey, die Berliner Regierende B\u00fcrgermeisterin, hat sich daf\u00fcr ausgesprochen, \u00f6ffentliche Geb\u00e4ude in der Stadt nach Mitternacht nicht mehr beleuchten zu lassen. Man m\u00fcsse alle M\u00f6glichkeiten zum Energiesparen pr\u00fcfen. Berlins Regierende B\u00fcrgermeisterin Franziska Giffey hat sich daf\u00fcr ausgesprochen, \u00f6ffentliche Geb\u00e4ude wie das Rote Rathaus oder das Brandenburger Tor nach Mitternacht nicht mehr anzustrahlen. Sie sagte [&hellip;]","og_url":"https:\/\/now-news.de\/de\/deutschland\/giffey-beleuchtung-am-brandenburger-tor-nach-mitternacht-abschalten\/","og_site_name":"just-now.NEWS Deutschland","article_publisher":"https:\/\/www.facebook.com\/wirmachenauf","article_published_time":"2022-07-13T09:29:02+00:00","og_image":[{"width":460,"height":259,"url":"https:\/\/now-news.de\/de\/wp-content\/uploads\/sites\/3\/2022\/07\/Giffey-Beleuchtung-am-Brandenburger-Tor-nach-Mitternacht-abschalten.jpg","type":"image\/jpeg"}],"author":"rtnews","twitter_card":"summary_large_image","twitter_creator":"@WirMachenAuf_de","twitter_site":"@WirMachenAuf_de","twitter_misc":{"Verfasst von":"rtnews","Gesch\u00e4tzte Lesezeit":"1\u00a0Minute"},"schema":{"@context":"https:\/\/schema.org","@graph":[{"@type":"Article","@id":"https:\/\/now-news.de\/de\/deutschland\/giffey-beleuchtung-am-brandenburger-tor-nach-mitternacht-abschalten\/#article","isPartOf":{"@id":"https:\/\/now-news.de\/de\/deutschland\/giffey-beleuchtung-am-brandenburger-tor-nach-mitternacht-abschalten\/"},"author":{"name":"rtnews","@id":"https:\/\/now-news.de\/de\/#\/schema\/person\/fb534a4e865501d8b3285208df34a9b5"},"headline":"Giffey: Beleuchtung am Brandenburger Tor nach Mitternacht abschalten","datePublished":"2022-07-13T09:29:02+00:00","dateModified":"2022-07-13T09:29:02+00:00","mainEntityOfPage":{"@id":"https:\/\/now-news.de\/de\/deutschland\/giffey-beleuchtung-am-brandenburger-tor-nach-mitternacht-abschalten\/"},"wordCount":228,"commentCount":0,"publisher":{"@id":"https:\/\/now-news.de\/de\/#organization"},"image":{"@id":"https:\/\/now-news.de\/de\/deutschland\/giffey-beleuchtung-am-brandenburger-tor-nach-mitternacht-abschalten\/#primaryimage"},"thumbnailUrl":"https:\/\/now-news.de\/de\/wp-content\/uploads\/sites\/3\/2022\/07\/Giffey-Beleuchtung-am-Brandenburger-Tor-nach-Mitternacht-abschalten.jpg","keywords":["abschalten","Beleuchtung","Brandenburger","Giffey","Mitternacht","nach","Tor"],"articleSection":["Deutschland","Russland"],"inLanguage":"de","potentialAction":[{"@type":"CommentAction","name":"Comment","target":["https:\/\/now-news.de\/de\/deutschland\/giffey-beleuchtung-am-brandenburger-tor-nach-mitternacht-abschalten\/#respond"]}]},{"@type":"WebPage","@id":"https:\/\/now-news.de\/de\/deutschland\/giffey-beleuchtung-am-brandenburger-tor-nach-mitternacht-abschalten\/","url":"https:\/\/now-news.de\/de\/deutschland\/giffey-beleuchtung-am-brandenburger-tor-nach-mitternacht-abschalten\/","name":"Giffey: Beleuchtung am Brandenburger Tor nach Mitternacht abschalten - just-now.NEWS Deutschland","isPartOf":{"@id":"https:\/\/now-news.de\/de\/#website"},"primaryImageOfPage":{"@id":"https:\/\/now-news.de\/de\/deutschland\/giffey-beleuchtung-am-brandenburger-tor-nach-mitternacht-abschalten\/#primaryimage"},"image":{"@id":"https:\/\/now-news.de\/de\/deutschland\/giffey-beleuchtung-am-brandenburger-tor-nach-mitternacht-abschalten\/#primaryimage"},"thumbnailUrl":"https:\/\/now-news.de\/de\/wp-content\/uploads\/sites\/3\/2022\/07\/Giffey-Beleuchtung-am-Brandenburger-Tor-nach-Mitternacht-abschalten.jpg","datePublished":"2022-07-13T09:29:02+00:00","dateModified":"2022-07-13T09:29:02+00:00","breadcrumb":{"@id":"https:\/\/now-news.de\/de\/deutschland\/giffey-beleuchtung-am-brandenburger-tor-nach-mitternacht-abschalten\/#breadcrumb"},"inLanguage":"de","potentialAction":[{"@type":"ReadAction","target":["https:\/\/now-news.de\/de\/deutschland\/giffey-beleuchtung-am-brandenburger-tor-nach-mitternacht-abschalten\/"]}]},{"@type":"ImageObject","inLanguage":"de","@id":"https:\/\/now-news.de\/de\/deutschland\/giffey-beleuchtung-am-brandenburger-tor-nach-mitternacht-abschalten\/#primaryimage","url":"https:\/\/now-news.de\/de\/wp-content\/uploads\/sites\/3\/2022\/07\/Giffey-Beleuchtung-am-Brandenburger-Tor-nach-Mitternacht-abschalten.jpg","contentUrl":"https:\/\/now-news.de\/de\/wp-content\/uploads\/sites\/3\/2022\/07\/Giffey-Beleuchtung-am-Brandenburger-Tor-nach-Mitternacht-abschalten.jpg","width":460,"height":259,"caption":"Giffey: Beleuchtung am Brandenburger Tor nach Mitternacht abschalten"},{"@type":"BreadcrumbList","@id":"https:\/\/now-news.de\/de\/deutschland\/giffey-beleuchtung-am-brandenburger-tor-nach-mitternacht-abschalten\/#breadcrumb","itemListElement":[{"@type":"ListItem","position":1,"name":"Home","item":"https:\/\/now-news.de\/de\/"},{"@type":"ListItem","position":2,"name":"Giffey: Beleuchtung am Brandenburger Tor nach Mitternacht abschalten"}]},{"@type":"WebSite","@id":"https:\/\/now-news.de\/de\/#website","url":"https:\/\/now-news.de\/de\/","name":"just-now.NEWS Deutschland","description":"Das Portal f\u00fcr unzensierte Nachrichten aus der Welt","publisher":{"@id":"https:\/\/now-news.de\/de\/#organization"},"potentialAction":[{"@type":"SearchAction","target":{"@type":"EntryPoint","urlTemplate":"https:\/\/now-news.de\/de\/?s={search_term_string}"},"query-input":"required name=search_term_string"}],"inLanguage":"de"},{"@type":"Organization","@id":"https:\/\/now-news.de\/de\/#organization","name":"Just Now News","url":"https:\/\/now-news.de\/de\/","logo":{"@type":"ImageObject","inLanguage":"de","@id":"https:\/\/now-news.de\/de\/#\/schema\/logo\/image\/","url":"http:\/\/just-now.news\/de\/wp-content\/uploads\/sites\/3\/2022\/04\/logo500x500.jpg","contentUrl":"http:\/\/just-now.news\/de\/wp-content\/uploads\/sites\/3\/2022\/04\/logo500x500.jpg","width":500,"height":500,"caption":"Just Now News"},"image":{"@id":"https:\/\/now-news.de\/de\/#\/schema\/logo\/image\/"},"sameAs":["https:\/\/www.facebook.com\/wirmachenauf","https:\/\/x.com\/WirMachenAuf_de"]},{"@type":"Person","@id":"https:\/\/now-news.de\/de\/#\/schema\/person\/fb534a4e865501d8b3285208df34a9b5","name":"rtnews","image":{"@type":"ImageObject","inLanguage":"de","@id":"https:\/\/now-news.de\/de\/#\/schema\/person\/image\/","url":"https:\/\/secure.gravatar.com\/avatar\/82aafea7d8127119dd649515f56e2117?s=96&d=mm&r=g","contentUrl":"https:\/\/secure.gravatar.com\/avatar\/82aafea7d8127119dd649515f56e2117?s=96&d=mm&r=g","caption":"rtnews"},"url":"https:\/\/now-news.de\/de\/author\/rnews\/"}]}},"_links":{"self":[{"href":"https:\/\/now-news.de\/de\/wp-json\/wp\/v2\/posts\/13693"}],"collection":[{"href":"https:\/\/now-news.de\/de\/wp-json\/wp\/v2\/posts"}],"about":[{"href":"https:\/\/now-news.de\/de\/wp-json\/wp\/v2\/types\/post"}],"author":[{"embeddable":true,"href":"https:\/\/now-news.de\/de\/wp-json\/wp\/v2\/users\/3"}],"replies":[{"embeddable":true,"href":"https:\/\/now-news.de\/de\/wp-json\/wp\/v2\/comments?post=13693"}],"version-history":[{"count":0,"href":"https:\/\/now-news.de\/de\/wp-json\/wp\/v2\/posts\/13693\/revisions"}],"wp:featuredmedia":[{"embeddable":true,"href":"https:\/\/now-news.de\/de\/wp-json\/wp\/v2\/media\/13694"}],"wp:attachment":[{"href":"https:\/\/now-news.de\/de\/wp-json\/wp\/v2\/media?parent=13693"}],"wp:term":[{"taxonomy":"category","embeddable":true,"href":"https:\/\/now-news.de\/de\/wp-json\/wp\/v2\/categories?post=13693"},{"taxonomy":"post_tag","embeddable":true,"href":"https:\/\/now-news.de\/de\/wp-json\/wp\/v2\/tags?post=13693"}],"curies":[{"name":"wp","href":"https:\/\/api.w.org\/{rel}","templated":true}]}}