{"id":13685,"date":"2022-07-13T07:00:00","date_gmt":"2022-07-13T05:00:00","guid":{"rendered":"http:\/\/just-now.news\/de\/deutschland\/liveticker-zum-ukraine-krieg-%e2%88%92-baerbock-kein-kontakt-mit-lawrow-seit-februar\/"},"modified":"2022-07-13T07:00:00","modified_gmt":"2022-07-13T05:00:00","slug":"liveticker-zum-ukraine-krieg-%e2%88%92-baerbock-kein-kontakt-mit-lawrow-seit-februar","status":"publish","type":"post","link":"https:\/\/now-news.de\/de\/deutschland\/liveticker-zum-ukraine-krieg-%e2%88%92-baerbock-kein-kontakt-mit-lawrow-seit-februar\/","title":{"rendered":"Liveticker zum Ukraine-Krieg \u2212 Baerbock: Kein Kontakt mit Lawrow seit Februar"},"content":{"rendered":"<div class=\"Text-root Text-type_1 \">\n                Russland f\u00fchrt gemeinsam mit den Streitkr\u00e4ften der Donbass-Republiken eine Milit\u00e4roperation in der Ukraine durch. Der Westen reagiert mit immer neuen Waffenlieferungen an die Ukraine und beispiellosen Sanktionen. Hier lesen Sie die neuesten Entwicklungen.\n            <\/div>\n<p><\/p>\n<div class=\"ArticleView-liveUpdates\">\n<div class=\"LiveUpdates-root\">\n<div class=\"LiveUpdates-content\">\n<ul class=\"LiveUpdates-list Listing-root\" data-listing=\"LiveUpdates\" data-count=\"10\">\n<li class=\"LiveUpdates-item Listing-item\">\n<div class=\"LiveUpdates-date\">\n<p class=\"HeaderNews-root HeaderNews-type_2 \">\n                13.07.2022 08:30 Uhr\n            <\/p>\n<\/div>\n<div class=\"LiveUpdate-root\">\n<div class=\"LiveUpdate-date\">\n<p class=\"HeaderNews-root HeaderNews-type_6 \">\n                08:30 Uhr\n            <\/p>\n<\/div>\n<div class=\"LiveUpdate-content\">\n<div class=\"LiveUpdate-text\">\n<div class=\"Text-root Text-type_5 ViewText-root\">\n<p><strong>US-Au\u00dfenministerium erwartet Ratifizierung der NATO-Erweiterungsprotokolle durch den US-Kongress bis August<\/strong><\/p>\n<figure class=\"RTImage-root\">\n<div class=\"RTImage-image RTImage-original\"><picture class=\"Picture-root Picture-original\"><!--[if IE 9]><video style=\"display: none;\"><![endif]--><source media=\"(-webkit-min-device-pixel-ratio: 2) and (min-resolution: 120dpi)\" data-srcset=\" \nhttps:\/\/cdni.russiatoday.com\/deutsch\/images\/2022.07\/original\/62ce4e8548fbef175772644f.jpg 850w,\n                https:\/\/cdni.russiatoday.com\/deutsch\/images\/2022.07\/original\/62ce4e8548fbef175772644f.jpg 1960w,\n            \" ><source data-srcset=\" \nhttps:\/\/cdni.russiatoday.com\/deutsch\/images\/2022.07\/original\/62ce4e8548fbef175772644f.jpg 460w,\n              https:\/\/cdni.russiatoday.com\/deutsch\/images\/2022.07\/original\/62ce4e8548fbef175772644f.jpg 980w,\n            \" ><!--[if IE 9]><\/video><![endif]--><img decoding=\"async\" data- src=\"data:image\/png;base64,iVBORw0KGgoAAAANSUhEUgAAABAAAAAJCAQAAACRI2S5AAAAEElEQVR42mNkIAAYRxWAAQAG9gAKqv6+AwAAAABJRU5ErkJggg==\" class=\"Picture-root Picture-original lazyload\" data-src=\"https:\/\/cdni.russiatoday.com\/deutsch\/images\/2022.07\/original\/62ce4e8548fbef175772644f.jpg\" alt=\"\"><\/source><\/source><\/picture><!-- noscript pattern --><noscript><img decoding=\"async\" src=\"https:\/\/cdni.russiatoday.com\/deutsch\/images\/2022.07\/original\/62ce4e8548fbef175772644f.jpg\" alt=\"\"><\/noscript><\/div><figcaption class=\"RTImage-footer\"><span class=\"RTImage-caption\"><span class=\"RTImage-captionItem\">(Symbolbild)<\/span><\/span><span class=\"RTImage-source\"><span class=\"RTImage-captionItem\">Jakub Porzycki\/NurPhoto via Getty Images<\/span><\/span><\/figcaption><\/figure>\n<p>Die US-Regierung gehe davon aus, dass der US-Senat in den kommenden Wochen den Beitritt Finnlands und Schwedens zur NATO genehmigen wird. Dies verk\u00fcndete US-Vize-Au\u00dfenministerin Wendy Sherman am Dienstag bei einer Veranstaltung der in Washington ans\u00e4ssigen gemeinn\u00fctzigen Organisation International Student House.<\/p>\n<p>Die Au\u00dfenminister Finnlands, Pekka Haavisto, und Schwedens, Ann Linde, sowie Vertreter von 30 NATO-Staaten unterzeichneten am 5. Juli die Protokolle f\u00fcr den Beitritt der beiden nordeurop\u00e4ischen L\u00e4nder zum Nordatlantischen B\u00fcndnis. Helsinki und Stockholm werden zu Mitgliedern, nachdem alle NATO-Staaten die Dokumente ratifiziert haben.<\/p>\n<p>Entsprechend den Besonderheiten der US-amerikanischen Gesetzgebung wird das Ratifizierungsverfahren in den Vereinigten Staaten vom Pr\u00e4sidenten des Landes durchgef\u00fchrt, das dann vom Oberhaus des Kongresses best\u00e4tigt wird.<\/p>\n<\/div>\n<\/div>\n<\/div>\n<\/div>\n<\/li>\n<li class=\"LiveUpdates-item Listing-item\">\n<div class=\"LiveUpdate-root\">\n<div class=\"LiveUpdate-date\">\n<p class=\"HeaderNews-root HeaderNews-type_6 \">\n                07:55 Uhr\n            <\/p>\n<\/div>\n<div class=\"LiveUpdate-content\">\n<div class=\"LiveUpdate-text\">\n<div class=\"Text-root Text-type_5 ViewText-root\">\n<p><strong>Baerbock:\u00a0Kein Kontakt mit Lawrow seit Februar\u00a0<\/strong><\/p>\n<figure class=\"RTImage-root\">\n<div class=\"RTImage-image RTImage-original\"><picture class=\"Picture-root Picture-original\"><!--[if IE 9]><video style=\"display: none;\"><![endif]--><source media=\"(-webkit-min-device-pixel-ratio: 2) and (min-resolution: 120dpi)\" data-srcset=\" \nhttp:\/\/just-now.news\/de\/wp-content\/uploads\/sites\/3\/2022\/07\/62ce545848fbef19956ee69c.jpg 850w,\n                http:\/\/just-now.news\/de\/wp-content\/uploads\/sites\/3\/2022\/07\/62ce545848fbef19956ee69c.jpg 1960w,\n            \" ><source data-srcset=\" \nhttp:\/\/just-now.news\/de\/wp-content\/uploads\/sites\/3\/2022\/07\/62ce545848fbef19956ee69c.jpg 460w,\n              http:\/\/just-now.news\/de\/wp-content\/uploads\/sites\/3\/2022\/07\/62ce545848fbef19956ee69c.jpg 980w,\n            \" ><!--[if IE 9]><\/video><![endif]--><img decoding=\"async\" data- src=\"data:image\/png;base64,iVBORw0KGgoAAAANSUhEUgAAABAAAAAJCAQAAACRI2S5AAAAEElEQVR42mNkIAAYRxWAAQAG9gAKqv6+AwAAAABJRU5ErkJggg==\" class=\"Picture-root Picture-original lazyload\" data-src=\"http:\/\/just-now.news\/de\/wp-content\/uploads\/sites\/3\/2022\/07\/62ce545848fbef19956ee69c.jpg\" alt=\"\"><\/source><\/source><\/picture><!-- noscript pattern --><noscript><img decoding=\"async\" src=\"http:\/\/just-now.news\/de\/wp-content\/uploads\/sites\/3\/2022\/07\/62ce545848fbef19956ee69c.jpg\" alt=\"\"><\/noscript><\/div><figcaption class=\"RTImage-footer\"><span class=\"RTImage-caption\"><span class=\"RTImage-captionItem\">Der russische Au\u00dfenminister Sergei Lawrow (rechts) und Au\u00dfenministerin Annalena Baerbock am 18. Januar 2022 in Moskau<\/span><\/span><span class=\"RTImage-source\"><span class=\"RTImage-captionItem\">MAXIM SHEMETOV<\/span><span class=\"RTImage-captionItem\"> \/ AFP<\/span><\/span><\/figcaption><\/figure>\n<p>Au\u00dfenministerin Annalena Baerbock sagte dem Magazin <em>Stern<\/em> in einem Interview, sie habe mit ihrem russischen\u00a0Amtskollegen\u00a0Sergei Lawrow seit Kriegsbeginn in der Ukraine keinen direkten Kontakt gehabt. Sie w\u00fcnsche sich, sagen zu k\u00f6nnen: &#8220;Komm, Sergei, jetzt lass uns mal \u00fcber den Frieden verhandeln.&#8221; Sie bezweifle aber, dass Lawrow noch ein Mandat der russischen F\u00fchrung habe.\u00a0<\/p>\n<p>Generell\u00a0sieht die Gr\u00fcnen-Politikerin nach viereinhalb Monaten Krieg derzeit keine M\u00f6glichkeit auf Verhandlungen mit Russland. &#8220;Wor\u00fcber kann man mit jemandem verhandeln, der nicht mal bereit ist, mit dem Internationalen Komitee vom Roten Kreuz humanit\u00e4re Korridore f\u00fcr die Flucht von Zivilisten zu vereinbaren?&#8221;, fragte sie.\u00a0<\/p>\n<p>Baerbock wies auch\u00a0Forderungen nach einem sofortigen Waffenstillstand und Verhandlungen zur\u00fcck, wie dies mehrere deutsche Prominente in einem offenen Brief verlangt hatten.<\/p>\n<\/p>\n<\/div>\n<\/div>\n<\/div>\n<\/div>\n<\/li>\n<li class=\"LiveUpdates-item Listing-item\">\n<div class=\"LiveUpdate-root\">\n<div class=\"LiveUpdate-date\">\n<p class=\"HeaderNews-root HeaderNews-type_6 \">\n                07:35 Uhr\n            <\/p>\n<\/div>\n<div class=\"LiveUpdate-content\">\n<div class=\"LiveUpdate-text\">\n<div class=\"Text-root Text-type_5 ViewText-root\">\n<p><strong>Ukrainische Streitkr\u00e4fte feuern mehrere Totschka-U-Raketen auf Lugansk ab<\/strong><\/p>\n<figure class=\"RTImage-root\">\n<div class=\"RTImage-image RTImage-original\"><picture class=\"Picture-root Picture-original\"><!--[if IE 9]><video style=\"display: none;\"><![endif]--><source media=\"(-webkit-min-device-pixel-ratio: 2) and (min-resolution: 120dpi)\" data-srcset=\" \nhttp:\/\/just-now.news\/de\/wp-content\/uploads\/sites\/3\/2022\/07\/62ce4b66b480cc1fbf575fec.jpg 850w,\n                http:\/\/just-now.news\/de\/wp-content\/uploads\/sites\/3\/2022\/07\/62ce4b66b480cc1fbf575fec.jpg 1960w,\n            \" ><source data-srcset=\" \nhttp:\/\/just-now.news\/de\/wp-content\/uploads\/sites\/3\/2022\/07\/62ce4b66b480cc1fbf575fec.jpg 460w,\n              http:\/\/just-now.news\/de\/wp-content\/uploads\/sites\/3\/2022\/07\/62ce4b66b480cc1fbf575fec.jpg 980w,\n            \" ><!--[if IE 9]><\/video><![endif]--><img decoding=\"async\" data- src=\"data:image\/png;base64,iVBORw0KGgoAAAANSUhEUgAAABAAAAAJCAQAAACRI2S5AAAAEElEQVR42mNkIAAYRxWAAQAG9gAKqv6+AwAAAABJRU5ErkJggg==\" class=\"Picture-root Picture-original lazyload\" data-src=\"http:\/\/just-now.news\/de\/wp-content\/uploads\/sites\/3\/2022\/07\/62ce4b66b480cc1fbf575fec.jpg\" alt=\"\"><\/source><\/source><\/picture><!-- noscript pattern --><noscript><img decoding=\"async\" src=\"http:\/\/just-now.news\/de\/wp-content\/uploads\/sites\/3\/2022\/07\/62ce4b66b480cc1fbf575fec.jpg\" alt=\"\"><\/noscript><\/div><figcaption class=\"RTImage-footer\"><span class=\"RTImage-caption\"><span class=\"RTImage-captionItem\">Archivbild: Eine abgeschossene ukrainische Totschka-U-Rakete.<\/span><\/span><span class=\"RTImage-source\"><span class=\"RTImage-captionItem\">Sputnik<\/span><\/span><\/figcaption><\/figure>\n<p>Die ukrainischen Streitkr\u00e4fte sollen mehrere taktische Raketen vom Typ Totschka-U auf Lugansk abgefeuert haben. Das teilte der Vize-Innenminister der Lugansker Volksrepublik (LVR) Witali Kiseljow am Mittwoch gegen\u00fcber der Nachrichtenagentur <a rel=\"nofollow noopener\" target=\"_blank\" href=\"https:\/\/tass.ru\/mezhdunarodnaya-panorama\/15199023\"><em>TASS<\/em><\/a> mit. Der Angriff sei aus St\u00e4dten der Donezker Volksrepublik (DVR), die derzeit von ukrainischen Truppen kontrolliert werden, durchgef\u00fchrt worden. Er f\u00fcgte hinzu:<\/p>\n<blockquote>\n<p><em>&#8220;Der Angriff wurde vermutlich vom Gebiet zwischen Artjomowsk und Soledar aus gestartet.&#8221;<\/em><\/p>\n<\/blockquote>\n<p>Zuvor wurde in der Nacht eine Reihe starker Explosionen in Lugansk gemeldet. N\u00f6rdlich der Stadt brach ein gro\u00dfes Feuer aus, das \u00fcber eine Stunde lang von donnernden Explosionen begleitet wurde, die in ihrer H\u00e4ufigkeit und Art den Detonationen von Munition \u00e4hnelten.<\/p>\n<p>Andrei Marotschko, ein Offizier der LVR-Volksmiliz, teilte auf seinem Telegram-Kanal mit, dass die ukrainischen Streitkr\u00e4fte einen massiven Angriff auf eine Luftabwehreinheit in Lugansk, die f\u00fcr die Sicherheit in der Stadt sorgt, durchgef\u00fchrt h\u00e4tten.<\/p>\n<\/div>\n<\/div>\n<\/div>\n<\/div>\n<\/li>\n<li class=\"LiveUpdates-item Listing-item\">\n<div class=\"LiveUpdate-root\">\n<div class=\"LiveUpdate-date\">\n<p class=\"HeaderNews-root HeaderNews-type_6 \">\n                07:00 Uhr\n            <\/p>\n<\/div>\n<div class=\"LiveUpdate-content\">\n<div class=\"LiveUpdate-text\">\n<div class=\"Text-root Text-type_5 ViewText-root\">\n<p><strong>Ukrainische Aufkl\u00e4rungsdrohne \u00fcber Melitopol abgeschossen<\/strong><\/p>\n<p>Eine Kampf- und Aufkl\u00e4rungsdrohne der ukrainischen Streitkr\u00e4fte soll \u00fcber Melitopol abgeschossen worden sein. Das teilte Wladimir Rogow, Mitglied des Hauptrates der milit\u00e4risch-zivilen Verwaltung des Gebietes Saporoschje, am Mittwoch mit. Er <a rel=\"nofollow noopener\" target=\"_blank\" href=\"https:\/\/t.me\/vrogov\/3645\">schrieb<\/a> auf Telegram:<\/p>\n<blockquote>\n<p><em>&#8220;Selenskijs Truppen haben wie \u00fcblich versucht, die Nachtruhe der Einwohner von Melitopol zu st\u00f6ren, indem sie eine Aufkl\u00e4rungsdrohne schickten, um die Einwohner zu bel\u00e4stigen.&#8221;<\/em><\/p>\n<\/blockquote>\n<p>Rogow f\u00fcgte hinzu, dass das Luftabwehrsystem die Drohne abgeschossen hat.<\/p>\n<\/div>\n<\/div>\n<\/div>\n<\/div>\n<\/li>\n<li class=\"LiveUpdates-item Listing-item\">\n<div class=\"LiveUpdates-date\">\n<p class=\"HeaderNews-root HeaderNews-type_2 \">\n                12.07.2022 23:00 Uhr\n            <\/p>\n<\/div>\n<div class=\"LiveUpdate-root\">\n<div class=\"LiveUpdate-date\">\n<p class=\"HeaderNews-root HeaderNews-type_6 \">\n                23:00 Uhr\n            <\/p>\n<\/div>\n<div class=\"LiveUpdate-content\">\n<div class=\"LiveUpdate-text\">\n<div class=\"Text-root Text-type_5 ViewText-root\">\n<p>Damit beenden wir f\u00fcr heute den Live-Ticker zur Lage im Ukraine-Konflikt. Morgen fr\u00fch ab 7 Uhr geht es mit der Berichterstattung weiter. Wir w\u00fcnschen unseren Lesern trotz aller Spannungen in der Welt eine gute Nacht!<\/p>\n<\/div>\n<\/div>\n<\/div>\n<\/div>\n<\/li>\n<li class=\"LiveUpdates-item Listing-item\">\n<div class=\"LiveUpdate-root\">\n<div class=\"LiveUpdate-date\">\n<p class=\"HeaderNews-root HeaderNews-type_6 \">\n                22:30 Uhr\n            <\/p>\n<\/div>\n<div class=\"LiveUpdate-content\">\n<div class=\"LiveUpdate-text\">\n<div class=\"Text-root Text-type_5 ViewText-root\">\n<p><strong>Brjansker Gouverneur meldet Beschuss durch Ukraine<\/strong><\/p>\n<p>Der Gouverneur des russischen Gebiets Brjansk Alexander Bogomas hat berichtet, dass die Siedlung Belaja Bereska von der Ukraine mit etwa 18 M\u00f6rsergranaten beschossen worden sei. Bogomas zufolge habe es keine Verletzten gegeben. Der Gouverneur ver\u00f6ffentlichte die Bilder der Explosionskrater auf seinem Telegram-Kanal und schrieb darunter:<\/p>\n<blockquote>\n<p><em>&#8220;Alle zust\u00e4ndigen Dienste sind vor Ort t\u00e4tig.&#8221;<\/em><\/p>\n<\/blockquote>\n<\/div>\n<\/div>\n<\/div>\n<\/div>\n<\/li>\n<li class=\"LiveUpdates-item Listing-item\">\n<div class=\"LiveUpdate-root\">\n<div class=\"LiveUpdate-date\">\n<p class=\"HeaderNews-root HeaderNews-type_6 \">\n                22:10 Uhr\n            <\/p>\n<\/div>\n<div class=\"LiveUpdate-content\">\n<div class=\"LiveUpdate-text\">\n<div class=\"Text-root Text-type_5 ViewText-root\">\n<p><strong>Moskau: Ukraine plant Fake-Videos \u00fcber angebliches Aufsp\u00fcren &#8220;russischer Sabotagegruppen&#8221;<\/strong><\/p>\n<figure class=\"RTImage-root\">\n<div class=\"RTImage-image RTImage-original\"><picture class=\"Picture-root Picture-original\"><!--[if IE 9]><video style=\"display: none;\"><![endif]--><source media=\"(-webkit-min-device-pixel-ratio: 2) and (min-resolution: 120dpi)\" data-srcset=\" \nhttp:\/\/just-now.news\/de\/wp-content\/uploads\/sites\/3\/2022\/07\/62cdd01348fbef1538468cd2.jpg 850w,\n                http:\/\/just-now.news\/de\/wp-content\/uploads\/sites\/3\/2022\/07\/1657694944_561_62cdd01348fbef1538468cd2.jpg 1960w,\n            \" ><source data-srcset=\" \nhttp:\/\/just-now.news\/de\/wp-content\/uploads\/sites\/3\/2022\/07\/62cdd01348fbef1538468cd2.jpg 460w,\n              http:\/\/just-now.news\/de\/wp-content\/uploads\/sites\/3\/2022\/07\/1657694944_561_62cdd01348fbef1538468cd2.jpg 980w,\n            \" ><!--[if IE 9]><\/video><![endif]--><img decoding=\"async\" data- src=\"data:image\/png;base64,iVBORw0KGgoAAAANSUhEUgAAABAAAAAJCAQAAACRI2S5AAAAEElEQVR42mNkIAAYRxWAAQAG9gAKqv6+AwAAAABJRU5ErkJggg==\" class=\"Picture-root Picture-original lazyload\" data-src=\"http:\/\/just-now.news\/de\/wp-content\/uploads\/sites\/3\/2022\/07\/62cdd01348fbef1538468cd2.jpg\" alt=\"\"><\/source><\/source><\/picture><!-- noscript pattern --><noscript><img decoding=\"async\" src=\"http:\/\/just-now.news\/de\/wp-content\/uploads\/sites\/3\/2022\/07\/1657694944_561_62cdd01348fbef1538468cd2.jpg\" alt=\"\"><\/noscript><\/div><figcaption class=\"RTImage-footer\"><span class=\"RTImage-caption\"><span class=\"RTImage-captionItem\">(Symbolbild)<\/span><\/span><span class=\"RTImage-source\"><span class=\"RTImage-captionItem\">Russisches Verteidigungsministerium<\/span><span class=\"RTImage-captionItem\"> \/ Sputnik<\/span><\/span><\/figcaption><\/figure>\n<p>Der Sicherheitsdienst der Ukraine (SBU) plant f\u00fcr die zweite Julih\u00e4lfte den Dreh inszenierter Videos in Odessa \u00fcber angebliche russische Saboteure, die von K\u00e4mpfern der Territorialverteidigung gespielt werden sollen. Dies hat Generaloberst Michail Misinzew, der Leiter des russischen Zentrums f\u00fcr Verteidigungsmanagement, mitgeteilt:<\/p>\n<blockquote>\n<p><em>&#8220;Nach zuverl\u00e4ssigen Informationen plant die SBU-F\u00fchrung in Odessa in der zweiten Dekade des Juli 2022 drei inszenierte Berichte \u00fcber die angeblich hohen Leistungen ihrer Beamten bei der Aufdeckung und Unterdr\u00fcckung russischer Sabotagegruppen zu drehen. Die Rolle der Saboteure wird von K\u00e4mpfern der Territorialverteidigung \u00fcbernommen.&#8221;<\/em><\/p>\n<\/blockquote>\n<p>Misinzew merkte an, dass diese gef\u00e4lschten Fotos und Videos aktiv in den ukrainischen und westlichen Medien sowie in Online-Ressourcen verbreitet werden sollen.<\/p>\n<\/div>\n<\/div>\n<\/div>\n<\/div>\n<\/li>\n<li class=\"LiveUpdates-item Listing-item\">\n<div class=\"LiveUpdate-root\">\n<div class=\"LiveUpdate-date\">\n<p class=\"HeaderNews-root HeaderNews-type_6 \">\n                21:50 Uhr\n            <\/p>\n<\/div>\n<div class=\"LiveUpdate-content\">\n<div class=\"LiveUpdate-text\">\n<div class=\"Text-root Text-type_5 ViewText-root\">\n<p><strong>Russischer Botschafter: UN-Sicherheitsratssitzung zum Neonazismus in der Ukraine &#8220;entwaffnete&#8221; Westen<\/strong><\/p>\n<figure class=\"RTImage-root\">\n<div class=\"RTImage-image RTImage-original\"><picture class=\"Picture-root Picture-original\"><!--[if IE 9]><video style=\"display: none;\"><![endif]--><source media=\"(-webkit-min-device-pixel-ratio: 2) and (min-resolution: 120dpi)\" data-srcset=\" \nhttp:\/\/just-now.news\/de\/wp-content\/uploads\/sites\/3\/2022\/07\/62cdc4fc48fbef175772643b.jpg 850w,\n                http:\/\/just-now.news\/de\/wp-content\/uploads\/sites\/3\/2022\/07\/1657694944_286_62cdc4fc48fbef175772643b.jpg 1960w,\n            \" ><source data-srcset=\" \nhttp:\/\/just-now.news\/de\/wp-content\/uploads\/sites\/3\/2022\/07\/62cdc4fc48fbef175772643b.jpg 460w,\n              http:\/\/just-now.news\/de\/wp-content\/uploads\/sites\/3\/2022\/07\/1657694944_286_62cdc4fc48fbef175772643b.jpg 980w,\n            \" ><!--[if IE 9]><\/video><![endif]--><img decoding=\"async\" data- src=\"data:image\/png;base64,iVBORw0KGgoAAAANSUhEUgAAABAAAAAJCAQAAACRI2S5AAAAEElEQVR42mNkIAAYRxWAAQAG9gAKqv6+AwAAAABJRU5ErkJggg==\" class=\"Picture-root Picture-original lazyload\" data-src=\"http:\/\/just-now.news\/de\/wp-content\/uploads\/sites\/3\/2022\/07\/62cdc4fc48fbef175772643b.jpg\" alt=\"\"><\/source><\/source><\/picture><!-- noscript pattern --><noscript><img decoding=\"async\" src=\"http:\/\/just-now.news\/de\/wp-content\/uploads\/sites\/3\/2022\/07\/1657694944_286_62cdc4fc48fbef175772643b.jpg\" alt=\"\"><\/noscript><\/div><figcaption class=\"RTImage-footer\"><span class=\"RTImage-caption\"><span class=\"RTImage-captionItem\">Ein russischer Soldat in einem von ukrainischen Betr\u00fcgern verlassenen Callcenter in Berdjansk. Unter dem Fu\u00df des Soldaten: ein Hakenkreuz (Archivbild)<\/span><\/span><span class=\"RTImage-source\"><span class=\"RTImage-captionItem\">Ria Nowosti<\/span><span class=\"RTImage-captionItem\"> \/ Sputnik<\/span><\/span><\/figcaption><\/figure>\n<p>Das auf Initiative der russischen Seite einberufene informelle Treffen des UN-Sicherheitsrates zum Kampf gegen den Neonazismus in der Ukraine habe die westlichen L\u00e4nder der Argumente beraubt. Dies verk\u00fcndete der Erste Stellvertretende St\u00e4ndige Vertreter der Russischen F\u00f6deration bei den Vereinten Nationen, Dmitri Poljanski. W\u00f6rtlich hie\u00df es:<\/p>\n<blockquote>\n<p><em>&#8220;Unsere westlichen Kollegen waren absolut entwaffnet und konnten nichts anderes sagen, als die spezielle Milit\u00e4roperation und die Aktionen in der Ukraine zu verurteilen. Denn die von uns vorgelegten Fakten, einschlie\u00dflich Video- und Fotoaufnahmen, die normalerweise im Rat bei formellen Sitzungen nicht gezeigt werden, waren sehr \u00fcberzeugend und es war schwierig, uns irgendwie zu widersprechen.&#8221;<\/em><\/p>\n<\/blockquote>\n<p>Poljanski pr\u00e4zisierte ferner, dass der Zweck der Einberufung einer informellen sogenannten Arria-Sitzung des UN-Sicherheitsrates darin bestanden habe, der Welt den gegenw\u00e4rtigen Zustand des Nazismus in der Ukraine zu zeigen und zu er\u00f6rtern, wo dieser seinen Ursprung hat.<\/p>\n<\/div>\n<\/div>\n<\/div>\n<\/div>\n<\/li>\n<li class=\"LiveUpdates-item Listing-item\">\n<div class=\"LiveUpdate-root\">\n<div class=\"LiveUpdate-date\">\n<p class=\"HeaderNews-root HeaderNews-type_6 \">\n                21:25 Uhr\n            <\/p>\n<\/div>\n<div class=\"LiveUpdate-content\">\n<div class=\"LiveUpdate-text\">\n<div class=\"Text-root Text-type_5 ViewText-root\">\n<p><strong>Russisches Katastrophenschutzministerium liefert humanit\u00e4re Hilfe nach Nowaja Kachowka<\/strong><\/p>\n<figure class=\"RTImage-root\">\n<div class=\"RTImage-image RTImage-original\"><picture class=\"Picture-root Picture-original\"><!--[if IE 9]><video style=\"display: none;\"><![endif]--><source media=\"(-webkit-min-device-pixel-ratio: 2) and (min-resolution: 120dpi)\" data-srcset=\" \nhttp:\/\/just-now.news\/de\/wp-content\/uploads\/sites\/3\/2022\/07\/62cdc068b480cc1fbf575fd6.jpg 850w,\n                http:\/\/just-now.news\/de\/wp-content\/uploads\/sites\/3\/2022\/07\/62cdc068b480cc1fbf575fd6.jpg 1960w,\n            \" ><source data-srcset=\" \nhttp:\/\/just-now.news\/de\/wp-content\/uploads\/sites\/3\/2022\/07\/62cdc068b480cc1fbf575fd6.jpg 460w,\n              http:\/\/just-now.news\/de\/wp-content\/uploads\/sites\/3\/2022\/07\/62cdc068b480cc1fbf575fd6.jpg 980w,\n            \" ><!--[if IE 9]><\/video><![endif]--><img decoding=\"async\" data- src=\"data:image\/png;base64,iVBORw0KGgoAAAANSUhEUgAAABAAAAAJCAQAAACRI2S5AAAAEElEQVR42mNkIAAYRxWAAQAG9gAKqv6+AwAAAABJRU5ErkJggg==\" class=\"Picture-root Picture-original lazyload\" data-src=\"http:\/\/just-now.news\/de\/wp-content\/uploads\/sites\/3\/2022\/07\/62cdc068b480cc1fbf575fd6.jpg\" alt=\"\"><\/source><\/source><\/picture><!-- noscript pattern --><noscript><img decoding=\"async\" src=\"http:\/\/just-now.news\/de\/wp-content\/uploads\/sites\/3\/2022\/07\/62cdc068b480cc1fbf575fd6.jpg\" alt=\"\"><\/noscript><\/div><figcaption class=\"RTImage-footer\"><span class=\"RTImage-caption\"><span class=\"RTImage-captionItem\">Entladung von humanit\u00e4ren Hilfsg\u00fctern aus Russland f\u00fcr die Bev\u00f6lkerung der Stadt Kupjansk im Gebiet Charkow, 22. April 2022<\/span><\/span><span class=\"RTImage-source\"><span class=\"RTImage-captionItem\">Taisija Liskowez<\/span><span class=\"RTImage-captionItem\"> \/ Sputnik<\/span><\/span><\/figcaption><\/figure>\n<p>Allm\u00e4hlich kommt\u00a0die humanit\u00e4re Hilfe des russischen Katastrophenschutzministeriums in der von einem ukrainischen Raketenangriff getroffenen Stadt Nowaja Kachowka an. Drei Fahrzeuge mit Hilfsg\u00fctern seien bereits eingetroffen, vier weitere w\u00fcrden am Mittwoch erwartet, sagte der Leiter der Milit\u00e4r- und Zivilverwaltung des Bezirks Kachowka, Wladimir Leontjew, dem Fernsehsender <em>RBK<\/em>.<\/p>\n<p>Er teilte ferner mit, dass die Einwohner der Stadt, die durch den Angriff obdachlos geworden seien, in provisorischen Unterk\u00fcnften untergebracht w\u00fcrden.<\/p>\n<\/div>\n<\/div>\n<\/div>\n<\/div>\n<\/li>\n<li class=\"LiveUpdates-item Listing-item\">\n<div class=\"LiveUpdate-root\">\n<div class=\"LiveUpdate-date\">\n<p class=\"HeaderNews-root HeaderNews-type_6 \">\n                21:00 Uhr\n            <\/p>\n<\/div>\n<div class=\"LiveUpdate-content\">\n<div class=\"LiveUpdate-text\">\n<div class=\"Text-root Text-type_5 ViewText-root\">\n<p><strong>Ukrainischer Diversant im Gebiet Saporoschje festgenommen\u00a0<\/strong><\/p>\n<p>Ein ukrainischer Saboteur ist im Gebiet Saporoschje festgenommen worden. Das berichtete das Mitglied des Hauptrates der milit\u00e4risch-zivilen Verwaltung der Region, Wladimir Rogow, auf seinem Telegram-Kanal. Dabei soll es sich um einen Mann namens Jaroslaw Schuk handeln, der am 17. Juni einen Mordversuch gegen die Leiterin des Bildungsministeriums von Melitopol, Jelena Schapurowa, begangen hatte. Schuk kooperiere bei den Ermittlungen und lege Gest\u00e4ndnisse gegen seine Komplizen ab, so Rogow.<\/p>\n<p>Der Festgenommene gab an, im Auftrag der ukrainischen Streitkr\u00e4fte gehandelt zu haben, und verwies darauf, dass der ehemalige B\u00fcrgermeister von Melitopol, Iwan Fjodorow, unmittelbar an der Vorbereitung der Terroranschl\u00e4ge beteiligt gewesen sei. Dar\u00fcber hinaus nannte er den Namen eines Einwohners der Stadt, der in den fr\u00fcheren Bombenanschlag auf die Eisenbahn und den Terrorangriff am Tag Russlands verwickelt gewesen sein soll. Diese Person wurde zur Fahndung ausgeschrieben.<\/p>\n<\/div>\n<\/div>\n<\/div>\n<\/div>\n<\/li>\n<\/ul>\n<div class=\"Listing-isReact\" data-rtmodule=\"Listing\" onload=\"return {\n                page: '1',\n                limit: '10',\n                listing: '\/listing\/parent.6209f961b480cc2c7e35341b\/noprepare\/liveupdates\/10\/1',\n            };\"><\/div>\n<\/div>\n<\/div>\n<\/div>\n<p><br \/>\n<br \/><a href=\"https:\/\/de.rt.com\/international\/131481-liveticker-zum-ukraine-krieg-baerbock\/\">Source link <\/a><\/p>\n","protected":false},"excerpt":{"rendered":"<p>Russland f\u00fchrt gemeinsam mit den Streitkr\u00e4ften der Donbass-Republiken eine Milit\u00e4roperation in der Ukraine durch. Der Westen reagiert mit immer neuen Waffenlieferungen an die Ukraine und beispiellosen Sanktionen. Hier lesen Sie die neuesten Entwicklungen. 13.07.2022 08:30 Uhr 08:30 Uhr US-Au\u00dfenministerium erwartet Ratifizierung der NATO-Erweiterungsprotokolle durch den US-Kongress bis August (Symbolbild)Jakub Porzycki\/NurPhoto via Getty Images Die US-Regierung [&hellip;]<\/p>\n","protected":false},"author":3,"featured_media":13686,"comment_status":"open","ping_status":"open","sticky":false,"template":"","format":"standard","meta":{"wp_automatic_camp":["217"],"cb48b658dc4d4f4059580e238659b323":["Liveticker zum Ukraine-Krieg \u2212 Baerbock: Kein Kontakt mit Lawrow seit Februar"],"original_link":["https:\/\/de.rt.com\/international\/131481-liveticker-zum-ukraine-krieg-baerbock\/"],"_thumbnail_id":["13686"],"_wptg_p2tg_sent2tg":["2022-07-13 08:50:07"],"jnews_social_counter_last_update":["1777574160"]},"categories":[19,23],"tags":[587,21377,2030,22056,1018,564,419,1829,566,565],"yoast_head":"<!-- This site is optimized with the Yoast SEO Premium plugin v22.7 (Yoast SEO v22.7) - https:\/\/yoast.com\/wordpress\/plugins\/seo\/ -->\n<title>Liveticker zum Ukraine-Krieg \u2212 Baerbock: Kein Kontakt mit Lawrow seit Februar - just-now.NEWS Deutschland<\/title>\n<meta name=\"robots\" content=\"index, follow, max-snippet:-1, max-image-preview:large, max-video-preview:-1\" \/>\n<link rel=\"canonical\" href=\"https:\/\/now-news.de\/de\/deutschland\/liveticker-zum-ukraine-krieg-\u2212-baerbock-kein-kontakt-mit-lawrow-seit-februar\/\" \/>\n<meta property=\"og:locale\" content=\"de_DE\" \/>\n<meta property=\"og:type\" content=\"article\" \/>\n<meta property=\"og:title\" content=\"Liveticker zum Ukraine-Krieg \u2212 Baerbock: Kein Kontakt mit Lawrow seit Februar\" \/>\n<meta property=\"og:description\" content=\"Russland f\u00fchrt gemeinsam mit den Streitkr\u00e4ften der Donbass-Republiken eine Milit\u00e4roperation in der Ukraine durch. Der Westen reagiert mit immer neuen Waffenlieferungen an die Ukraine und beispiellosen Sanktionen. Hier lesen Sie die neuesten Entwicklungen. 13.07.2022 08:30 Uhr 08:30 Uhr US-Au\u00dfenministerium erwartet Ratifizierung der NATO-Erweiterungsprotokolle durch den US-Kongress bis August (Symbolbild)Jakub Porzycki\/NurPhoto via Getty Images Die US-Regierung [&hellip;]\" \/>\n<meta property=\"og:url\" content=\"https:\/\/now-news.de\/de\/deutschland\/liveticker-zum-ukraine-krieg-\u2212-baerbock-kein-kontakt-mit-lawrow-seit-februar\/\" \/>\n<meta property=\"og:site_name\" content=\"just-now.NEWS Deutschland\" \/>\n<meta property=\"article:publisher\" content=\"https:\/\/www.facebook.com\/wirmachenauf\" \/>\n<meta property=\"article:published_time\" content=\"2022-07-13T05:00:00+00:00\" \/>\n<meta property=\"og:image\" content=\"https:\/\/now-news.de\/de\/wp-content\/uploads\/sites\/3\/2022\/07\/Liveticker-zum-Ukraine-Krieg-\u2212-Baerbock-Kein-Kontakt-mit-Lawrow-seit.jpg\" \/>\n\t<meta property=\"og:image:width\" content=\"1024\" \/>\n\t<meta property=\"og:image:height\" content=\"683\" \/>\n\t<meta property=\"og:image:type\" content=\"image\/jpeg\" \/>\n<meta name=\"author\" content=\"rtnews\" \/>\n<meta name=\"twitter:card\" content=\"summary_large_image\" \/>\n<meta name=\"twitter:creator\" content=\"@WirMachenAuf_de\" \/>\n<meta name=\"twitter:site\" content=\"@WirMachenAuf_de\" \/>\n<meta name=\"twitter:label1\" content=\"Verfasst von\" \/>\n\t<meta name=\"twitter:data1\" content=\"rtnews\" \/>\n\t<meta name=\"twitter:label2\" content=\"Gesch\u00e4tzte Lesezeit\" \/>\n\t<meta name=\"twitter:data2\" content=\"6\u00a0Minuten\" \/>\n<script type=\"application\/ld+json\" class=\"yoast-schema-graph\">{\"@context\":\"https:\/\/schema.org\",\"@graph\":[{\"@type\":\"Article\",\"@id\":\"https:\/\/now-news.de\/de\/deutschland\/liveticker-zum-ukraine-krieg-%e2%88%92-baerbock-kein-kontakt-mit-lawrow-seit-februar\/#article\",\"isPartOf\":{\"@id\":\"https:\/\/now-news.de\/de\/deutschland\/liveticker-zum-ukraine-krieg-%e2%88%92-baerbock-kein-kontakt-mit-lawrow-seit-februar\/\"},\"author\":{\"name\":\"rtnews\",\"@id\":\"https:\/\/now-news.de\/de\/#\/schema\/person\/fb534a4e865501d8b3285208df34a9b5\"},\"headline\":\"Liveticker zum Ukraine-Krieg \u2212 Baerbock: Kein Kontakt mit Lawrow seit Februar\",\"datePublished\":\"2022-07-13T05:00:00+00:00\",\"dateModified\":\"2022-07-13T05:00:00+00:00\",\"mainEntityOfPage\":{\"@id\":\"https:\/\/now-news.de\/de\/deutschland\/liveticker-zum-ukraine-krieg-%e2%88%92-baerbock-kein-kontakt-mit-lawrow-seit-februar\/\"},\"wordCount\":1259,\"commentCount\":0,\"publisher\":{\"@id\":\"https:\/\/now-news.de\/de\/#organization\"},\"image\":{\"@id\":\"https:\/\/now-news.de\/de\/deutschland\/liveticker-zum-ukraine-krieg-%e2%88%92-baerbock-kein-kontakt-mit-lawrow-seit-februar\/#primaryimage\"},\"thumbnailUrl\":\"https:\/\/now-news.de\/de\/wp-content\/uploads\/sites\/3\/2022\/07\/Liveticker-zum-Ukraine-Krieg-\u2212-Baerbock-Kein-Kontakt-mit-Lawrow-seit.jpg\",\"keywords\":[\"Baerbock\",\"Februar\",\"Kein\",\"Kontakt\",\"Lawrow\",\"Liveticker\",\"mit\",\"seit\",\"UkraineKrieg\",\"zum\"],\"articleSection\":[\"Deutschland\",\"Russland\"],\"inLanguage\":\"de\",\"potentialAction\":[{\"@type\":\"CommentAction\",\"name\":\"Comment\",\"target\":[\"https:\/\/now-news.de\/de\/deutschland\/liveticker-zum-ukraine-krieg-%e2%88%92-baerbock-kein-kontakt-mit-lawrow-seit-februar\/#respond\"]}]},{\"@type\":\"WebPage\",\"@id\":\"https:\/\/now-news.de\/de\/deutschland\/liveticker-zum-ukraine-krieg-%e2%88%92-baerbock-kein-kontakt-mit-lawrow-seit-februar\/\",\"url\":\"https:\/\/now-news.de\/de\/deutschland\/liveticker-zum-ukraine-krieg-%e2%88%92-baerbock-kein-kontakt-mit-lawrow-seit-februar\/\",\"name\":\"Liveticker zum Ukraine-Krieg \u2212 Baerbock: Kein Kontakt mit Lawrow seit Februar - just-now.NEWS Deutschland\",\"isPartOf\":{\"@id\":\"https:\/\/now-news.de\/de\/#website\"},\"primaryImageOfPage\":{\"@id\":\"https:\/\/now-news.de\/de\/deutschland\/liveticker-zum-ukraine-krieg-%e2%88%92-baerbock-kein-kontakt-mit-lawrow-seit-februar\/#primaryimage\"},\"image\":{\"@id\":\"https:\/\/now-news.de\/de\/deutschland\/liveticker-zum-ukraine-krieg-%e2%88%92-baerbock-kein-kontakt-mit-lawrow-seit-februar\/#primaryimage\"},\"thumbnailUrl\":\"https:\/\/now-news.de\/de\/wp-content\/uploads\/sites\/3\/2022\/07\/Liveticker-zum-Ukraine-Krieg-\u2212-Baerbock-Kein-Kontakt-mit-Lawrow-seit.jpg\",\"datePublished\":\"2022-07-13T05:00:00+00:00\",\"dateModified\":\"2022-07-13T05:00:00+00:00\",\"breadcrumb\":{\"@id\":\"https:\/\/now-news.de\/de\/deutschland\/liveticker-zum-ukraine-krieg-%e2%88%92-baerbock-kein-kontakt-mit-lawrow-seit-februar\/#breadcrumb\"},\"inLanguage\":\"de\",\"potentialAction\":[{\"@type\":\"ReadAction\",\"target\":[\"https:\/\/now-news.de\/de\/deutschland\/liveticker-zum-ukraine-krieg-%e2%88%92-baerbock-kein-kontakt-mit-lawrow-seit-februar\/\"]}]},{\"@type\":\"ImageObject\",\"inLanguage\":\"de\",\"@id\":\"https:\/\/now-news.de\/de\/deutschland\/liveticker-zum-ukraine-krieg-%e2%88%92-baerbock-kein-kontakt-mit-lawrow-seit-februar\/#primaryimage\",\"url\":\"https:\/\/now-news.de\/de\/wp-content\/uploads\/sites\/3\/2022\/07\/Liveticker-zum-Ukraine-Krieg-\u2212-Baerbock-Kein-Kontakt-mit-Lawrow-seit.jpg\",\"contentUrl\":\"https:\/\/now-news.de\/de\/wp-content\/uploads\/sites\/3\/2022\/07\/Liveticker-zum-Ukraine-Krieg-\u2212-Baerbock-Kein-Kontakt-mit-Lawrow-seit.jpg\",\"width\":1024,\"height\":683,\"caption\":\"Liveticker zum Ukraine-Krieg \u2212 Baerbock: Kein Kontakt mit Lawrow seit Februar\"},{\"@type\":\"BreadcrumbList\",\"@id\":\"https:\/\/now-news.de\/de\/deutschland\/liveticker-zum-ukraine-krieg-%e2%88%92-baerbock-kein-kontakt-mit-lawrow-seit-februar\/#breadcrumb\",\"itemListElement\":[{\"@type\":\"ListItem\",\"position\":1,\"name\":\"Home\",\"item\":\"https:\/\/now-news.de\/de\/\"},{\"@type\":\"ListItem\",\"position\":2,\"name\":\"Liveticker zum Ukraine-Krieg \u2212 Baerbock: Kein Kontakt mit Lawrow seit Februar\"}]},{\"@type\":\"WebSite\",\"@id\":\"https:\/\/now-news.de\/de\/#website\",\"url\":\"https:\/\/now-news.de\/de\/\",\"name\":\"just-now.NEWS Deutschland\",\"description\":\"Das Portal f\u00fcr unzensierte Nachrichten aus der Welt\",\"publisher\":{\"@id\":\"https:\/\/now-news.de\/de\/#organization\"},\"potentialAction\":[{\"@type\":\"SearchAction\",\"target\":{\"@type\":\"EntryPoint\",\"urlTemplate\":\"https:\/\/now-news.de\/de\/?s={search_term_string}\"},\"query-input\":\"required name=search_term_string\"}],\"inLanguage\":\"de\"},{\"@type\":\"Organization\",\"@id\":\"https:\/\/now-news.de\/de\/#organization\",\"name\":\"Just Now News\",\"url\":\"https:\/\/now-news.de\/de\/\",\"logo\":{\"@type\":\"ImageObject\",\"inLanguage\":\"de\",\"@id\":\"https:\/\/now-news.de\/de\/#\/schema\/logo\/image\/\",\"url\":\"http:\/\/just-now.news\/de\/wp-content\/uploads\/sites\/3\/2022\/04\/logo500x500.jpg\",\"contentUrl\":\"http:\/\/just-now.news\/de\/wp-content\/uploads\/sites\/3\/2022\/04\/logo500x500.jpg\",\"width\":500,\"height\":500,\"caption\":\"Just Now News\"},\"image\":{\"@id\":\"https:\/\/now-news.de\/de\/#\/schema\/logo\/image\/\"},\"sameAs\":[\"https:\/\/www.facebook.com\/wirmachenauf\",\"https:\/\/x.com\/WirMachenAuf_de\"]},{\"@type\":\"Person\",\"@id\":\"https:\/\/now-news.de\/de\/#\/schema\/person\/fb534a4e865501d8b3285208df34a9b5\",\"name\":\"rtnews\",\"image\":{\"@type\":\"ImageObject\",\"inLanguage\":\"de\",\"@id\":\"https:\/\/now-news.de\/de\/#\/schema\/person\/image\/\",\"url\":\"https:\/\/secure.gravatar.com\/avatar\/82aafea7d8127119dd649515f56e2117?s=96&d=mm&r=g\",\"contentUrl\":\"https:\/\/secure.gravatar.com\/avatar\/82aafea7d8127119dd649515f56e2117?s=96&d=mm&r=g\",\"caption\":\"rtnews\"},\"url\":\"https:\/\/now-news.de\/de\/author\/rnews\/\"}]}<\/script>\n<!-- \/ Yoast SEO Premium plugin. -->","yoast_head_json":{"title":"Liveticker zum Ukraine-Krieg \u2212 Baerbock: Kein Kontakt mit Lawrow seit Februar - just-now.NEWS Deutschland","robots":{"index":"index","follow":"follow","max-snippet":"max-snippet:-1","max-image-preview":"max-image-preview:large","max-video-preview":"max-video-preview:-1"},"canonical":"https:\/\/now-news.de\/de\/deutschland\/liveticker-zum-ukraine-krieg-\u2212-baerbock-kein-kontakt-mit-lawrow-seit-februar\/","og_locale":"de_DE","og_type":"article","og_title":"Liveticker zum Ukraine-Krieg \u2212 Baerbock: Kein Kontakt mit Lawrow seit Februar","og_description":"Russland f\u00fchrt gemeinsam mit den Streitkr\u00e4ften der Donbass-Republiken eine Milit\u00e4roperation in der Ukraine durch. Der Westen reagiert mit immer neuen Waffenlieferungen an die Ukraine und beispiellosen Sanktionen. Hier lesen Sie die neuesten Entwicklungen. 13.07.2022 08:30 Uhr 08:30 Uhr US-Au\u00dfenministerium erwartet Ratifizierung der NATO-Erweiterungsprotokolle durch den US-Kongress bis August (Symbolbild)Jakub Porzycki\/NurPhoto via Getty Images Die US-Regierung [&hellip;]","og_url":"https:\/\/now-news.de\/de\/deutschland\/liveticker-zum-ukraine-krieg-\u2212-baerbock-kein-kontakt-mit-lawrow-seit-februar\/","og_site_name":"just-now.NEWS Deutschland","article_publisher":"https:\/\/www.facebook.com\/wirmachenauf","article_published_time":"2022-07-13T05:00:00+00:00","og_image":[{"width":1024,"height":683,"url":"https:\/\/now-news.de\/de\/wp-content\/uploads\/sites\/3\/2022\/07\/Liveticker-zum-Ukraine-Krieg-\u2212-Baerbock-Kein-Kontakt-mit-Lawrow-seit.jpg","type":"image\/jpeg"}],"author":"rtnews","twitter_card":"summary_large_image","twitter_creator":"@WirMachenAuf_de","twitter_site":"@WirMachenAuf_de","twitter_misc":{"Verfasst von":"rtnews","Gesch\u00e4tzte Lesezeit":"6\u00a0Minuten"},"schema":{"@context":"https:\/\/schema.org","@graph":[{"@type":"Article","@id":"https:\/\/now-news.de\/de\/deutschland\/liveticker-zum-ukraine-krieg-%e2%88%92-baerbock-kein-kontakt-mit-lawrow-seit-februar\/#article","isPartOf":{"@id":"https:\/\/now-news.de\/de\/deutschland\/liveticker-zum-ukraine-krieg-%e2%88%92-baerbock-kein-kontakt-mit-lawrow-seit-februar\/"},"author":{"name":"rtnews","@id":"https:\/\/now-news.de\/de\/#\/schema\/person\/fb534a4e865501d8b3285208df34a9b5"},"headline":"Liveticker zum Ukraine-Krieg \u2212 Baerbock: Kein Kontakt mit Lawrow seit Februar","datePublished":"2022-07-13T05:00:00+00:00","dateModified":"2022-07-13T05:00:00+00:00","mainEntityOfPage":{"@id":"https:\/\/now-news.de\/de\/deutschland\/liveticker-zum-ukraine-krieg-%e2%88%92-baerbock-kein-kontakt-mit-lawrow-seit-februar\/"},"wordCount":1259,"commentCount":0,"publisher":{"@id":"https:\/\/now-news.de\/de\/#organization"},"image":{"@id":"https:\/\/now-news.de\/de\/deutschland\/liveticker-zum-ukraine-krieg-%e2%88%92-baerbock-kein-kontakt-mit-lawrow-seit-februar\/#primaryimage"},"thumbnailUrl":"https:\/\/now-news.de\/de\/wp-content\/uploads\/sites\/3\/2022\/07\/Liveticker-zum-Ukraine-Krieg-\u2212-Baerbock-Kein-Kontakt-mit-Lawrow-seit.jpg","keywords":["Baerbock","Februar","Kein","Kontakt","Lawrow","Liveticker","mit","seit","UkraineKrieg","zum"],"articleSection":["Deutschland","Russland"],"inLanguage":"de","potentialAction":[{"@type":"CommentAction","name":"Comment","target":["https:\/\/now-news.de\/de\/deutschland\/liveticker-zum-ukraine-krieg-%e2%88%92-baerbock-kein-kontakt-mit-lawrow-seit-februar\/#respond"]}]},{"@type":"WebPage","@id":"https:\/\/now-news.de\/de\/deutschland\/liveticker-zum-ukraine-krieg-%e2%88%92-baerbock-kein-kontakt-mit-lawrow-seit-februar\/","url":"https:\/\/now-news.de\/de\/deutschland\/liveticker-zum-ukraine-krieg-%e2%88%92-baerbock-kein-kontakt-mit-lawrow-seit-februar\/","name":"Liveticker zum Ukraine-Krieg \u2212 Baerbock: Kein Kontakt mit Lawrow seit Februar - just-now.NEWS Deutschland","isPartOf":{"@id":"https:\/\/now-news.de\/de\/#website"},"primaryImageOfPage":{"@id":"https:\/\/now-news.de\/de\/deutschland\/liveticker-zum-ukraine-krieg-%e2%88%92-baerbock-kein-kontakt-mit-lawrow-seit-februar\/#primaryimage"},"image":{"@id":"https:\/\/now-news.de\/de\/deutschland\/liveticker-zum-ukraine-krieg-%e2%88%92-baerbock-kein-kontakt-mit-lawrow-seit-februar\/#primaryimage"},"thumbnailUrl":"https:\/\/now-news.de\/de\/wp-content\/uploads\/sites\/3\/2022\/07\/Liveticker-zum-Ukraine-Krieg-\u2212-Baerbock-Kein-Kontakt-mit-Lawrow-seit.jpg","datePublished":"2022-07-13T05:00:00+00:00","dateModified":"2022-07-13T05:00:00+00:00","breadcrumb":{"@id":"https:\/\/now-news.de\/de\/deutschland\/liveticker-zum-ukraine-krieg-%e2%88%92-baerbock-kein-kontakt-mit-lawrow-seit-februar\/#breadcrumb"},"inLanguage":"de","potentialAction":[{"@type":"ReadAction","target":["https:\/\/now-news.de\/de\/deutschland\/liveticker-zum-ukraine-krieg-%e2%88%92-baerbock-kein-kontakt-mit-lawrow-seit-februar\/"]}]},{"@type":"ImageObject","inLanguage":"de","@id":"https:\/\/now-news.de\/de\/deutschland\/liveticker-zum-ukraine-krieg-%e2%88%92-baerbock-kein-kontakt-mit-lawrow-seit-februar\/#primaryimage","url":"https:\/\/now-news.de\/de\/wp-content\/uploads\/sites\/3\/2022\/07\/Liveticker-zum-Ukraine-Krieg-\u2212-Baerbock-Kein-Kontakt-mit-Lawrow-seit.jpg","contentUrl":"https:\/\/now-news.de\/de\/wp-content\/uploads\/sites\/3\/2022\/07\/Liveticker-zum-Ukraine-Krieg-\u2212-Baerbock-Kein-Kontakt-mit-Lawrow-seit.jpg","width":1024,"height":683,"caption":"Liveticker zum Ukraine-Krieg \u2212 Baerbock: Kein Kontakt mit Lawrow seit Februar"},{"@type":"BreadcrumbList","@id":"https:\/\/now-news.de\/de\/deutschland\/liveticker-zum-ukraine-krieg-%e2%88%92-baerbock-kein-kontakt-mit-lawrow-seit-februar\/#breadcrumb","itemListElement":[{"@type":"ListItem","position":1,"name":"Home","item":"https:\/\/now-news.de\/de\/"},{"@type":"ListItem","position":2,"name":"Liveticker zum Ukraine-Krieg \u2212 Baerbock: Kein Kontakt mit Lawrow seit Februar"}]},{"@type":"WebSite","@id":"https:\/\/now-news.de\/de\/#website","url":"https:\/\/now-news.de\/de\/","name":"just-now.NEWS Deutschland","description":"Das Portal f\u00fcr unzensierte Nachrichten aus der Welt","publisher":{"@id":"https:\/\/now-news.de\/de\/#organization"},"potentialAction":[{"@type":"SearchAction","target":{"@type":"EntryPoint","urlTemplate":"https:\/\/now-news.de\/de\/?s={search_term_string}"},"query-input":"required name=search_term_string"}],"inLanguage":"de"},{"@type":"Organization","@id":"https:\/\/now-news.de\/de\/#organization","name":"Just Now News","url":"https:\/\/now-news.de\/de\/","logo":{"@type":"ImageObject","inLanguage":"de","@id":"https:\/\/now-news.de\/de\/#\/schema\/logo\/image\/","url":"http:\/\/just-now.news\/de\/wp-content\/uploads\/sites\/3\/2022\/04\/logo500x500.jpg","contentUrl":"http:\/\/just-now.news\/de\/wp-content\/uploads\/sites\/3\/2022\/04\/logo500x500.jpg","width":500,"height":500,"caption":"Just Now News"},"image":{"@id":"https:\/\/now-news.de\/de\/#\/schema\/logo\/image\/"},"sameAs":["https:\/\/www.facebook.com\/wirmachenauf","https:\/\/x.com\/WirMachenAuf_de"]},{"@type":"Person","@id":"https:\/\/now-news.de\/de\/#\/schema\/person\/fb534a4e865501d8b3285208df34a9b5","name":"rtnews","image":{"@type":"ImageObject","inLanguage":"de","@id":"https:\/\/now-news.de\/de\/#\/schema\/person\/image\/","url":"https:\/\/secure.gravatar.com\/avatar\/82aafea7d8127119dd649515f56e2117?s=96&d=mm&r=g","contentUrl":"https:\/\/secure.gravatar.com\/avatar\/82aafea7d8127119dd649515f56e2117?s=96&d=mm&r=g","caption":"rtnews"},"url":"https:\/\/now-news.de\/de\/author\/rnews\/"}]}},"_links":{"self":[{"href":"https:\/\/now-news.de\/de\/wp-json\/wp\/v2\/posts\/13685"}],"collection":[{"href":"https:\/\/now-news.de\/de\/wp-json\/wp\/v2\/posts"}],"about":[{"href":"https:\/\/now-news.de\/de\/wp-json\/wp\/v2\/types\/post"}],"author":[{"embeddable":true,"href":"https:\/\/now-news.de\/de\/wp-json\/wp\/v2\/users\/3"}],"replies":[{"embeddable":true,"href":"https:\/\/now-news.de\/de\/wp-json\/wp\/v2\/comments?post=13685"}],"version-history":[{"count":0,"href":"https:\/\/now-news.de\/de\/wp-json\/wp\/v2\/posts\/13685\/revisions"}],"wp:featuredmedia":[{"embeddable":true,"href":"https:\/\/now-news.de\/de\/wp-json\/wp\/v2\/media\/13686"}],"wp:attachment":[{"href":"https:\/\/now-news.de\/de\/wp-json\/wp\/v2\/media?parent=13685"}],"wp:term":[{"taxonomy":"category","embeddable":true,"href":"https:\/\/now-news.de\/de\/wp-json\/wp\/v2\/categories?post=13685"},{"taxonomy":"post_tag","embeddable":true,"href":"https:\/\/now-news.de\/de\/wp-json\/wp\/v2\/tags?post=13685"}],"curies":[{"name":"wp","href":"https:\/\/api.w.org\/{rel}","templated":true}]}}