{"id":13595,"date":"2022-07-12T16:13:42","date_gmt":"2022-07-12T14:13:42","guid":{"rendered":"http:\/\/just-now.news\/de\/deutschland\/wie-die-us-elite-mit-habecks-hilfe-den-deutschen-michel-verdummen-und-verarmen-will\/"},"modified":"2022-07-12T16:13:42","modified_gmt":"2022-07-12T14:13:42","slug":"wie-die-us-elite-mit-habecks-hilfe-den-deutschen-michel-verdummen-und-verarmen-will","status":"publish","type":"post","link":"https:\/\/now-news.de\/de\/deutschland\/wie-die-us-elite-mit-habecks-hilfe-den-deutschen-michel-verdummen-und-verarmen-will\/","title":{"rendered":"Wie die US-Elite mit Habecks Hilfe den &quot;deutschen Michel&quot; verdummen und verarmen will"},"content":{"rendered":"<div class=\"Text-root Text-type_1 \">\n                Wollen die Deutschen wirklich \u00f6konomischen und nationalen Selbstmord begehen? Gleich ein paar Fakten dazu. \u00c4u\u00dferungen eines ehemaligen CIA-Mitarbeiters und Stimmen der Vernunft aus Deutschland.\n            <\/div>\n<p><\/p>\n<div class=\"Text-root Text-type_5 ArticleView-text ViewText-root \">\n<p><em>von Thorsten Schulte<\/em><\/p>\n<p>Wussten Sie, dass der Preis f\u00fcr Erdgas in Europa seit Anfang 2020 um \u00fcber 1.300 Prozent gestiegen ist? Nochmal: 1.300 Prozent. In den USA stieg er an der B\u00f6rse in New York jedoch nur um 183 Prozent seit Anfang 2020. In Europa hat sich der Preis also vervierzehnfacht und in den USA noch nicht einmal verdreifacht. Noch deutlicher f\u00e4llt der Vergleich seit dem 8. Juni 2022 aus. Bis heute ist der Preis f\u00fcr Erdgas in Europa um weitere 113 Prozent gestiegen, aber in den USA, an der New Yorker B\u00f6rse ist er um 28 Prozent gefallen. Jeder kann diese Entwicklungen \u00fcberpr\u00fcfen, anhand von Charts der US-Nachrichtenagentur Bloomberg.<\/p>\n<figure class=\"RTImage-root\">\n<div class=\"RTImage-image RTImage-original\"><picture class=\"Picture-root Picture-original\"><!--[if IE 9]><video style=\"display: none;\"><![endif]--><source media=\"(-webkit-min-device-pixel-ratio: 2) and (min-resolution: 120dpi)\" data-srcset=\" \nhttp:\/\/just-now.news\/de\/wp-content\/uploads\/sites\/3\/2022\/07\/62cd5d9fb480cc4d197bf94e.png 850w,\n                http:\/\/just-now.news\/de\/wp-content\/uploads\/sites\/3\/2022\/07\/62cd5d9fb480cc4d197bf94e.png 1960w,\n            \" ><source data-srcset=\" \nhttp:\/\/just-now.news\/de\/wp-content\/uploads\/sites\/3\/2022\/07\/62cd5d9fb480cc4d197bf94e.png 460w,\n              http:\/\/just-now.news\/de\/wp-content\/uploads\/sites\/3\/2022\/07\/62cd5d9fb480cc4d197bf94e.png 980w,\n            \" ><!--[if IE 9]><\/video><![endif]--><img decoding=\"async\" data- src=\"data:image\/png;base64,iVBORw0KGgoAAAANSUhEUgAAABAAAAAJCAQAAACRI2S5AAAAEElEQVR42mNkIAAYRxWAAQAG9gAKqv6+AwAAAABJRU5ErkJggg==\" class=\"Picture-root Picture-original lazyload\" data-src=\"http:\/\/just-now.news\/de\/wp-content\/uploads\/sites\/3\/2022\/07\/62cd5d9fb480cc4d197bf94e.png\" alt=\"\"><\/source><\/source><\/picture><!-- noscript pattern --><noscript><img decoding=\"async\" src=\"http:\/\/just-now.news\/de\/wp-content\/uploads\/sites\/3\/2022\/07\/62cd5d9fb480cc4d197bf94e.png\" alt=\"\"><\/noscript><\/div><figcaption class=\"RTImage-footer\"><span class=\"RTImage-caption\"><span class=\"RTImage-captionItem\">Die Erdgas-Preisexplosion in Europa<\/span><\/span><span class=\"RTImage-source\"><\/span><\/figcaption><\/figure>\n<p>US-Pr\u00e4sident Joe Biden sagte beim G7-Gipfel Ende Juni: &#8220;Was kann Russland aushalten und was ist Europa bereit auszuhalten?&#8221; Richtig, denn die USA m\u00fcssen nichts davon &#8220;aushalten&#8221;. Europa und vor allem Deutschland und Russland m\u00fcssen was aushalten, nicht Nordamerika. Die US-Elite lacht sich praktisch ins F\u00e4ustchen.<\/p>\n<figure class=\"RTImage-root\">\n<div class=\"RTImage-image RTImage-original\"><picture class=\"Picture-root Picture-original\"><!--[if IE 9]><video style=\"display: none;\"><![endif]--><source media=\"(-webkit-min-device-pixel-ratio: 2) and (min-resolution: 120dpi)\" data-srcset=\" \nhttp:\/\/just-now.news\/de\/wp-content\/uploads\/sites\/3\/2022\/07\/62cd5d9fb480cc4d197bf94d.png 850w,\n                http:\/\/just-now.news\/de\/wp-content\/uploads\/sites\/3\/2022\/07\/62cd5d9fb480cc4d197bf94d.png 1960w,\n            \" ><source data-srcset=\" \nhttp:\/\/just-now.news\/de\/wp-content\/uploads\/sites\/3\/2022\/07\/62cd5d9fb480cc4d197bf94d.png 460w,\n              http:\/\/just-now.news\/de\/wp-content\/uploads\/sites\/3\/2022\/07\/62cd5d9fb480cc4d197bf94d.png 980w,\n            \" ><!--[if IE 9]><\/video><![endif]--><img decoding=\"async\" data- src=\"data:image\/png;base64,iVBORw0KGgoAAAANSUhEUgAAABAAAAAJCAQAAACRI2S5AAAAEElEQVR42mNkIAAYRxWAAQAG9gAKqv6+AwAAAABJRU5ErkJggg==\" class=\"Picture-root Picture-original lazyload\" data-src=\"http:\/\/just-now.news\/de\/wp-content\/uploads\/sites\/3\/2022\/07\/62cd5d9fb480cc4d197bf94d.png\" alt=\"\"><\/source><\/source><\/picture><!-- noscript pattern --><noscript><img decoding=\"async\" src=\"http:\/\/just-now.news\/de\/wp-content\/uploads\/sites\/3\/2022\/07\/62cd5d9fb480cc4d197bf94d.png\" alt=\"\"><\/noscript><\/div><figcaption class=\"RTImage-footer\"><span class=\"RTImage-caption\"><span class=\"RTImage-captionItem\">Die j\u00fcngste Entwicklung des Erdgaspreises an der New Yorker B\u00f6rse<\/span><\/span><span class=\"RTImage-source\"><\/span><\/figcaption><\/figure>\n<p>Und ja: die Gaspreise explodieren in Europa beispiellos. Selbst die <em>BILD<\/em>-Zeitung klagt nun, wie die B\u00fcrger das bezahlen sollen. Die Politiker wollen ja nun die Schw\u00e4chsten \u2013 vielleicht \u2013 sch\u00fctzen: mit einer Gaspreisobergrenze. Nun gut. Aber viel wichtiger: Wie soll denn die deutsche Wirtschaft das aushalten? Der deutsche Mittelstand? Selbst der BASF-Chef, von <em>dem<\/em> deutschen Chemiekonzern schlechthin, warnte bereits im M\u00e4rz davor, dass das gesamte Werk von BASF in Ludwigshafen stillgelegt werden m\u00fcsste \u2013 ohne russisches Erdgas. Wir reden \u00fcber den weltgr\u00f6\u00dften Chemiestandort, der allein bereits f\u00fcr rund 3,7 Prozent des gesamten deutschen Erdgasverbrauchs steht.<\/p>\n<p>Die deutsche Wirtschaft war bereits 2020 mit den h\u00f6chsten Strompreisen der Welt konfrontiert, die jetzt aber auch nochmals kr\u00e4ftig zulegen. \u00dcbrigens hatten &#8220;wir&#8221; Ende 2021 drei Atomkraftwerke abgeschaltet, Ende 2022 folgen weitere drei, die letzten drei. Tja, und Ursula von der Leyen, die EU-Kommissionspr\u00e4sidentin, postete am 30. Juni, sie sei sehr erfreut, verk\u00fcnden zu k\u00f6nnen, dass nun die Ukraine Atomstrom in die Europ\u00e4ische Union liefern k\u00f6nne:<\/p>\n<div class=\"EmbedBlock-root EmbedBlock-twitter\">\n<div class=\"TwitterEmbed\">\n<blockquote class=\"twitter-tweet lazyload\" data-twitter=\"twitter-tweet\">\n<p lang=\"en\" dir=\"ltr\">???????????????? Very glad to announce that as of today, Ukraine can export electricity to the EU market. It will provide an additional source of electricity for the EU.And much-needed revenues to Ukraine.So we both benefit. <a rel=\"nofollow noopener\" target=\"_blank\" href=\"https:\/\/twitter.com\/hashtag\/StrongerTogether?src=hash&amp;ref_src=twsrc%5Etfw\">#StrongerTogether<\/a><a rel=\"nofollow noopener\" target=\"_blank\" href=\"https:\/\/t.co\/1BG600uUJt\">pic.twitter.com\/1BG600uUJt<\/a><\/p>\n<p>\u2014 Ursula von der Leyen (@vonderleyen) <a rel=\"nofollow noopener\" target=\"_blank\" href=\"https:\/\/twitter.com\/vonderleyen\/status\/1542459370633584640?ref_src=twsrc%5Etfw\">June 30, 2022<\/a><\/p><\/blockquote>\n<\/div>\n<\/div>\n<p>Deutsche Politiker, wacht endlich auf! Lasst Euch nicht vor den Karren der USA spannen, die nichts auszuhalten haben. Beendet die Unvernunft deutscher Politik schnellstens, bevor uns das alles um die Ohren fliegt.<\/p>\n<p>Um es ganz deutlich zu sagen \u2013 und ich h\u00e4tte nicht gedacht, mal in einem Punkt so zum Merkel-Fan zu werden: Es war volkswirtschaftlich, \u00f6konomisch v\u00f6llig richtig, preiswertes russisches Erdgas zu nutzen. Merkel hat da den richtigen Kurs gesteuert. Die Wirtschaft konnte dank des russischen Erdgases, welches immer \u2013 selbst im kalten Krieg \u2013 verl\u00e4sslich von dort geliefert wurde, sehr konkurrenzf\u00e4hig auf den Weltm\u00e4rkten zum Exportweltmeister werden. Im April 2016 hatte Deutschland in seiner Handelsbilanz noch einen \u00dcberschuss in H\u00f6he von 23,3 Milliarden Euro. Wir haben also viel mehr Waren an das Ausland verkauft (exportiert), als aus dem Ausland eingekauft (importiert). Noch im vergangenen Juli 2021 waren es \u00fcber 17 Milliarden Euro \u00dcberschuss. Jetzt, im Mai 2022, waren es minus 1 Milliarde Euro! Seit Mitte 1991 gab es niemals ein Minus in der Au\u00dfenhandelsbilanz \u2013 jetzt aber ist Schluss mit lustig f\u00fcr Deutschland.\u00a0<\/p>\n<figure class=\"RTImage-root\">\n<div class=\"RTImage-image RTImage-original\"><picture class=\"Picture-root Picture-original\"><!--[if IE 9]><video style=\"display: none;\"><![endif]--><source media=\"(-webkit-min-device-pixel-ratio: 2) and (min-resolution: 120dpi)\" data-srcset=\" \nhttp:\/\/just-now.news\/de\/wp-content\/uploads\/sites\/3\/2022\/07\/62cd5d9eb480cc4d197bf94c.png 850w,\n                http:\/\/just-now.news\/de\/wp-content\/uploads\/sites\/3\/2022\/07\/62cd5d9eb480cc4d197bf94c.png 1960w,\n            \" ><source data-srcset=\" \nhttp:\/\/just-now.news\/de\/wp-content\/uploads\/sites\/3\/2022\/07\/62cd5d9eb480cc4d197bf94c.png 460w,\n              http:\/\/just-now.news\/de\/wp-content\/uploads\/sites\/3\/2022\/07\/62cd5d9eb480cc4d197bf94c.png 980w,\n            \" ><!--[if IE 9]><\/video><![endif]--><img decoding=\"async\" data- src=\"data:image\/png;base64,iVBORw0KGgoAAAANSUhEUgAAABAAAAAJCAQAAACRI2S5AAAAEElEQVR42mNkIAAYRxWAAQAG9gAKqv6+AwAAAABJRU5ErkJggg==\" class=\"Picture-root Picture-original lazyload\" data-src=\"http:\/\/just-now.news\/de\/wp-content\/uploads\/sites\/3\/2022\/07\/62cd5d9eb480cc4d197bf94c.png\" alt=\"\"><\/source><\/source><\/picture><!-- noscript pattern --><noscript><img decoding=\"async\" src=\"http:\/\/just-now.news\/de\/wp-content\/uploads\/sites\/3\/2022\/07\/62cd5d9eb480cc4d197bf94c.png\" alt=\"\"><\/noscript><\/div><figcaption class=\"RTImage-footer\"><span class=\"RTImage-caption\"><span class=\"RTImage-captionItem\">Die j\u00fcngste Entwicklung des Wechselkurses Euro\/US-Dollar und der deutschen Au\u00dfenhandelsbilanz<\/span><\/span><span class=\"RTImage-source\"><\/span><\/figcaption><\/figure>\n<p>Oskar Lafontaine, Ex-SPD-Chef und Mitgr\u00fcnder der Linkspartei, aus der er inzwischen austrat, hat treffend vor wenigen Tagen in Facebook <a rel=\"nofollow noopener\" target=\"_blank\" href=\"https:\/\/www.facebook.com\/oskarlafontaine\/posts\/pfbid02RGhJNZtRZcyRCgBt6h4Q8yN3N7caS7rJozPGiLU7NRuiD8ujAFvc4t8jyN5CEgZkl\">geschrieben<\/a>:<\/p>\n<blockquote>\n<p><em>&#8220;Deutsche Politiker wollen nicht begreifen, obwohl es US-Strategen immer wieder sagen, dass die US-Politik seit 100 Jahren das Ziel hat, das Zusammengehen von deutscher Technik und russischen Rohstoffen zu verhindern. Es ist logisch: Das erkl\u00e4rte Ziel, die einzige Weltmacht zu bleiben, verlangt, dass man nicht nur die chinesische oder russische, sondern auch die deutsche und europ\u00e4ische Wirtschaft schw\u00e4cht, damit keine Konkurrenz zu stark wird. Damit das funktioniert, braucht man Politiker, die dumm genug sind, diese Strategie nicht zu durchschauen und zu unfreiwilligen Helfern dieser Politik werden.&#8221;<\/em><\/p>\n<\/blockquote>\n<p>Ich empfehle allen dringend, die das hier lesen, h\u00f6ren oder sehen, einen Beitrag des ehemaligen CIA-Mitarbeiters Graham E. Fuller zu lesen, den die <em>NachDenkSeiten <\/em>\u00fcbersetzt und am 1. Juli mit dem Titel &#8220;<a rel=\"nofollow noopener\" target=\"_blank\" href=\"https:\/\/www.nachdenkseiten.de\/?p=85400\">Wann endlich erwacht Europa?<\/a>&#8221; ver\u00f6ffentlicht haben. Daraus einige wichtige S\u00e4tze:<\/p>\n<blockquote>\n<p><em>&#8220;Die amerikanischen Sanktionen gegen Russland haben sich f\u00fcr Europa als weitaus verheerender erwiesen als f\u00fcr Russland.&#8221;<\/em><\/p>\n<p><em>&#8220;Es gibt bereits tiefe Risse in der europ\u00e4ischen Fassade der sogenannten &#8216;NATO-Einheit&#8217;. Westeuropa wird zunehmend den Tag bereuen, an dem es dem amerikanischen Rattenf\u00e4nger blindlings in den Krieg gegen Russland gefolgt ist.<\/em><\/p>\n<p><em>Im Gegensatz zu optimistischen Erkl\u00e4rungen k\u00f6nnte auch die NATO am Ende echt geschw\u00e4cht daraus hervorgehen. Die Westeurop\u00e4er werden lange und gr\u00fcndlich \u00fcber die &#8216;Weisheit&#8217; und die hohen Kosten nachdenken, die mit der Provokation tieferer, langfristiger Konfrontationen mit Russland oder anderen &#8216;Konkurrenten&#8217; der USA verbunden sind.<\/em><\/p>\n<p><em>Europa wird fr\u00fcher oder sp\u00e4ter zum Kauf von preiswerter russischer Energie zur\u00fcckkehren. Russland liegt vor der Haust\u00fcr, und eine nat\u00fcrliche Wirtschaftsbeziehung zu Russland wird letztlich von \u00fcberw\u00e4ltigender Logik sein.<\/em><\/p>\n<p><em>Europa nimmt die USA bereits als eine im Niedergang begriffene Macht mit einer unberechenbaren und heuchlerischen au\u00dfenpolitischen &#8216;Vision&#8217; wahr, die auf der verzweifelten Notwendigkeit beruht, die &#8216;amerikanische F\u00fchrungsrolle&#8217; in der Welt zu erhalten. Amerikas Bereitschaft, zu diesem Zweck Krieg zu f\u00fchren, ist f\u00fcr andere Staaten aber zunehmend gef\u00e4hrlich.&#8221;<\/em><\/p>\n<\/blockquote>\n<p>Dies sind nur einige der wesentlichen S\u00e4tze dort.<\/p>\n<p>Und noch einmal zum Mitschreiben: Es ist der Westen, es sind haupts\u00e4chlich die USA, Kanada und die Europ\u00e4ische Union, die f\u00fcr den Raub der russischen W\u00e4hrungsreserven stehen. Ungef\u00e4hr die H\u00e4lfte dieses Verm\u00f6gens ist eingefroren. Der Westen versucht, Russland auch in den Staatsbankrott zu treiben. Die US-Nachrichtenagentur Bloomberg schrieb k\u00fcrzlich:<\/p>\n<blockquote>\n<p><em>&#8220;Bisher hat es Moskau immer wieder geschafft, die Beschr\u00e4nkungen zu umgehen und seine internationalen Schulden zu bedienen, aber das wird sich nun wohl \u00e4ndern, nachdem die USA\u00a0einen weiteren Pfad zu den Gl\u00e4ubigern\u00a0geschlossen haben.&#8221;<\/em><\/p>\n<\/blockquote>\n<p>Angenommen, man nimmt euch Eure M\u00f6glichkeit von Geldtransfers an andere Menschen, die euch etwas verkaufen, oder man stiehlt euch noch all euer Geld bei ausl\u00e4ndischen Banken. Genau das hat man n\u00e4mlich jetzt mit den Russen gemacht und ihre W\u00e4hrungsreserven im Ausland beschlagnahmt. Ihr k\u00f6nnt dann gegebenenfalls Eure Kredite einfach nicht mehr bezahlen \u2013 und folglich erkl\u00e4rt man euch f\u00fcr bankrott. Was kann dann Euer Gl\u00e4ubiger, dem ihr Geld schuldet tun? Er kann euer sonstiges Eigentum, Euer Haus, Euer Auto pf\u00e4nden, beschlagnahmen lassen.<\/p>\n<p>Bloomberg berichtet in diesem Artikel, dass \u2013 wenn Russland jetzt nicht mehr die Zinsen auf Anleihen zahlen kann, weil ihren die Zahlungsm\u00f6glichkeit fehlt \u2013 dass dann russische Verm\u00f6genswerte weltweit beschlagnahmt werden k\u00f6nnten. W\u00f6rtlich hei\u00dft es: &#8220;Investoren m\u00fcssten nach Werten wie Flugzeugen, Aktienbesitz, Immobilien und Bankkonten des russischen Finanzministeriums suchen und sie in L\u00e4ndern finden, in denen ein Urteil eines englischen oder US-amerikanischen Gerichts vollstreckt werden kann.&#8221;<\/p>\n<p>Wie w\u00fcrdet Ihr reagieren, wenn ihr praktisch dieses Russland von heute w\u00e4rt? Ich will ganz eindeutig erkl\u00e4ren \u2013 auch wenn man sich damit bei der deutschen Politik und den deutschen Medien Zorn zuzieht: Der russische Pr\u00e4sident Putin hat sehr besonnen auf die Hetze gegen ihn und sein Land, auf all die r\u00e4uberischen Ma\u00dfnahmen und Sanktionen gegen Russland reagiert. H\u00e4tte er Deutschland und die gesamte Europ\u00e4ische Union im M\u00e4rz nach diesen Schritten mit einem \u00d6l- und Erdgaslieferstoff konfrontiert, w\u00e4re wohl schnell das Chaos ausgebrochen. Jeder m\u00f6ge die Reaktion Putins hinterfragen. W\u00e4re er der gemeingef\u00e4hrliche Despot, h\u00e4tte er doch genau das getan. Wird hier also ein Feindbild von westlichen Medien entworfen, welches nichts, aber auch rein gar nichts mit der Wirklichkeit zu tun hat? F\u00fcr mich lautet die Antwort: JA!<\/p>\n<p>Der ehemalige Bundeswehrgeneral <a rel=\"nofollow noopener\" target=\"_blank\" href=\"https:\/\/de.wikipedia.org\/wiki\/Gerd_Schultze-Rhonhof\">Gerd Schultze-Rhonhof<\/a> zitierte unl\u00e4ngst den alten deutschen Reichskanzler Otto von Bismarck, der gesagt habe:<\/p>\n<blockquote>\n<p><em>&#8220;Ewigen Frieden hat man durch Interessenausgleich, aber nicht dadurch, dass man seine Interessen durchsetzt.&#8221;<\/em><\/p>\n<\/blockquote>\n<p>Wie wahr! Ich fordere uns Deutsche auf, f\u00fcr einen Interessenausgleich, f\u00fcr die R\u00fcckkehr der Vernunft einzutreten. Auf der letzten Seite meines Buches &#8220;Fremdbestimmt&#8221; schreibe ich u. a.:<\/p>\n<blockquote>\n<p><em>&#8220;Der in Deutschland vom Mainstream verhasste ehemalige Wahlk\u00e4mpfer Donald Trumps, Steve Bannon, sagte im Mai 2019: &#8216;Russland ist ein nat\u00fcrlicher Verb\u00fcndeter, um den gesamten Westen zu vereinen.&#8217; Wohin die Sanktionen der EU gegen Russland im Jahr 2014 f\u00fchrten, zeigte ich Ihnen. Horchen wir Deutschen bei solchen Gedanken bitte auf und lernen wir aus der Geschichte. Wie sagte der deutsche Reichskanzler Otto von Bismarck noch? &#8216;Deutschland und Russland ist es fr\u00fcher immer schlecht gegangen, wenn sie Feinde waren, aber gut, wenn sie Freunde waren.'&#8221;<\/em><\/p>\n<\/blockquote>\n<p>F\u00fcr die R\u00fcckkehr der Vernunft m\u00fcssen wir alle gemeinsam arbeiten.<\/p>\n<p><strong><em><a rel=\"nofollow noopener\" target=\"_blank\" href=\"https:\/\/www.silberjunge.de\/\">Thorsten Schulte<\/a><\/em><\/strong><em> ist eine Stimme der Vernunft zu Wirtschaft und Politik in Europa. Er ist der Autor von B\u00fcchern wie &#8220;<a rel=\"nofollow noopener\" target=\"_blank\" href=\"https:\/\/www.amazon.de\/Kontrollverlust-Wer-uns-bedroht-sch%C3%BCtzen\/dp\/3864454921\">Kontrollverlust \u2013 Wer uns bedroht und wie wir uns sch\u00fctzen<\/a>&#8221; (Spiegel-Bestseller Platz 1 mit Vorwort von Willy Wimmer) und &#8220;<a rel=\"nofollow noopener\" target=\"_blank\" href=\"https:\/\/www.amazon.de\/Fremdbestimmt-120-Jahre-L%C3%BCgen-T%C3%A4uschung\/dp\/3982126509\">Fremdbestimmt: 120 Jahre L\u00fcgen und T\u00e4uschung<\/a>&#8220;, redet Tacheles, deckt auf, klagt an und entwirft einen besseren Weg f\u00fcr Deutschland.<\/em><\/p>\n<p><strong>Mehr zum Thema<\/strong>\u00a0&#8211; <a rel=\"nofollow noopener\" target=\"_blank\" href=\"https:\/\/de.rt.com\/europa\/143190-umfrage-inflation-grosste-sorge-deutschen\/\">Umfrage: Inflation gr\u00f6\u00dfte Sorge der Deutschen \u2013 Forderungen nach Steuersenkungen werden lauter<\/a><\/p>\n<\/div>\n<p><script async src=\"https:\/\/platform.twitter.com\/widgets.js\" charset=\"utf-8\"><\/script><br \/>\n<br \/><br \/>\n<br \/><a href=\"https:\/\/de.rt.com\/meinung\/143273-wie-us-elite-mit-habecks\/\">Source link <\/a><\/p>\n","protected":false},"excerpt":{"rendered":"<p>Wollen die Deutschen wirklich \u00f6konomischen und nationalen Selbstmord begehen? Gleich ein paar Fakten dazu. \u00c4u\u00dferungen eines ehemaligen CIA-Mitarbeiters und Stimmen der Vernunft aus Deutschland. von Thorsten Schulte Wussten Sie, dass der Preis f\u00fcr Erdgas in Europa seit Anfang 2020 um \u00fcber 1.300 Prozent gestiegen ist? Nochmal: 1.300 Prozent. In den USA stieg er an der [&hellip;]<\/p>\n","protected":false},"author":3,"featured_media":13596,"comment_status":"open","ping_status":"open","sticky":false,"template":"","format":"standard","meta":{"wp_automatic_camp":["217"],"aa3dfcc5f1c79acf803322dc4d48460a":["Wie die US-Elite mit Habecks Hilfe den &quot;deutschen Michel&quot; verdummen und verarmen will"],"original_link":["https:\/\/de.rt.com\/meinung\/143273-wie-us-elite-mit-habecks\/"],"_thumbnail_id":["13596"],"_wptg_p2tg_sent2tg":["2022-07-12 16:27:08"],"jnews_social_counter_last_update":["1777186544"]},"categories":[19,23],"tags":[48,45,27726,7571,27728,419,27727,140,27725,27730,27729,579],"yoast_head":"<!-- This site is optimized with the Yoast SEO Premium plugin v22.7 (Yoast SEO v22.7) - https:\/\/yoast.com\/wordpress\/plugins\/seo\/ -->\n<title>Wie die US-Elite mit Habecks Hilfe den &quot;deutschen Michel&quot; verdummen und verarmen will - just-now.NEWS Deutschland<\/title>\n<meta name=\"robots\" content=\"index, follow, max-snippet:-1, max-image-preview:large, max-video-preview:-1\" \/>\n<link rel=\"canonical\" href=\"https:\/\/now-news.de\/de\/deutschland\/wie-die-us-elite-mit-habecks-hilfe-den-deutschen-michel-verdummen-und-verarmen-will\/\" \/>\n<meta property=\"og:locale\" content=\"de_DE\" \/>\n<meta property=\"og:type\" content=\"article\" \/>\n<meta property=\"og:title\" content=\"Wie die US-Elite mit Habecks Hilfe den &quot;deutschen Michel&quot; verdummen und verarmen will\" \/>\n<meta property=\"og:description\" content=\"Wollen die Deutschen wirklich \u00f6konomischen und nationalen Selbstmord begehen? Gleich ein paar Fakten dazu. \u00c4u\u00dferungen eines ehemaligen CIA-Mitarbeiters und Stimmen der Vernunft aus Deutschland. von Thorsten Schulte Wussten Sie, dass der Preis f\u00fcr Erdgas in Europa seit Anfang 2020 um \u00fcber 1.300 Prozent gestiegen ist? Nochmal: 1.300 Prozent. In den USA stieg er an der [&hellip;]\" \/>\n<meta property=\"og:url\" content=\"https:\/\/now-news.de\/de\/deutschland\/wie-die-us-elite-mit-habecks-hilfe-den-deutschen-michel-verdummen-und-verarmen-will\/\" \/>\n<meta property=\"og:site_name\" content=\"just-now.NEWS Deutschland\" \/>\n<meta property=\"article:publisher\" content=\"https:\/\/www.facebook.com\/wirmachenauf\" \/>\n<meta property=\"article:published_time\" content=\"2022-07-12T14:13:42+00:00\" \/>\n<meta property=\"og:image\" content=\"https:\/\/now-news.de\/de\/wp-content\/uploads\/sites\/3\/2022\/07\/Wie-die-US-Elite-mit-Habecks-Hilfe-den-quotdeutschen-Michelquot-verdummen.png\" \/>\n\t<meta property=\"og:image:width\" content=\"1280\" \/>\n\t<meta property=\"og:image:height\" content=\"987\" \/>\n\t<meta property=\"og:image:type\" content=\"image\/png\" \/>\n<meta name=\"author\" content=\"rtnews\" \/>\n<meta name=\"twitter:card\" content=\"summary_large_image\" \/>\n<meta name=\"twitter:creator\" content=\"@WirMachenAuf_de\" \/>\n<meta name=\"twitter:site\" content=\"@WirMachenAuf_de\" \/>\n<meta name=\"twitter:label1\" content=\"Verfasst von\" \/>\n\t<meta name=\"twitter:data1\" content=\"rtnews\" \/>\n\t<meta name=\"twitter:label2\" content=\"Gesch\u00e4tzte Lesezeit\" \/>\n\t<meta name=\"twitter:data2\" content=\"8\u00a0Minuten\" \/>\n<script type=\"application\/ld+json\" class=\"yoast-schema-graph\">{\"@context\":\"https:\/\/schema.org\",\"@graph\":[{\"@type\":\"Article\",\"@id\":\"https:\/\/now-news.de\/de\/deutschland\/wie-die-us-elite-mit-habecks-hilfe-den-deutschen-michel-verdummen-und-verarmen-will\/#article\",\"isPartOf\":{\"@id\":\"https:\/\/now-news.de\/de\/deutschland\/wie-die-us-elite-mit-habecks-hilfe-den-deutschen-michel-verdummen-und-verarmen-will\/\"},\"author\":{\"name\":\"rtnews\",\"@id\":\"https:\/\/now-news.de\/de\/#\/schema\/person\/fb534a4e865501d8b3285208df34a9b5\"},\"headline\":\"Wie die US-Elite mit Habecks Hilfe den &quot;deutschen Michel&quot; verdummen und verarmen will\",\"datePublished\":\"2022-07-12T14:13:42+00:00\",\"dateModified\":\"2022-07-12T14:13:42+00:00\",\"mainEntityOfPage\":{\"@id\":\"https:\/\/now-news.de\/de\/deutschland\/wie-die-us-elite-mit-habecks-hilfe-den-deutschen-michel-verdummen-und-verarmen-will\/\"},\"wordCount\":1602,\"commentCount\":0,\"publisher\":{\"@id\":\"https:\/\/now-news.de\/de\/#organization\"},\"image\":{\"@id\":\"https:\/\/now-news.de\/de\/deutschland\/wie-die-us-elite-mit-habecks-hilfe-den-deutschen-michel-verdummen-und-verarmen-will\/#primaryimage\"},\"thumbnailUrl\":\"https:\/\/now-news.de\/de\/wp-content\/uploads\/sites\/3\/2022\/07\/Wie-die-US-Elite-mit-Habecks-Hilfe-den-quotdeutschen-Michelquot-verdummen.png\",\"keywords\":[\"den\",\"die\",\"Habecks\",\"Hilfe\",\"Michelquot\",\"mit\",\"quotdeutschen\",\"und\",\"USElite\",\"verarmen\",\"verdummen\",\"Wie\"],\"articleSection\":[\"Deutschland\",\"Russland\"],\"inLanguage\":\"de\",\"potentialAction\":[{\"@type\":\"CommentAction\",\"name\":\"Comment\",\"target\":[\"https:\/\/now-news.de\/de\/deutschland\/wie-die-us-elite-mit-habecks-hilfe-den-deutschen-michel-verdummen-und-verarmen-will\/#respond\"]}]},{\"@type\":\"WebPage\",\"@id\":\"https:\/\/now-news.de\/de\/deutschland\/wie-die-us-elite-mit-habecks-hilfe-den-deutschen-michel-verdummen-und-verarmen-will\/\",\"url\":\"https:\/\/now-news.de\/de\/deutschland\/wie-die-us-elite-mit-habecks-hilfe-den-deutschen-michel-verdummen-und-verarmen-will\/\",\"name\":\"Wie die US-Elite mit Habecks Hilfe den &quot;deutschen Michel&quot; verdummen und verarmen will - just-now.NEWS Deutschland\",\"isPartOf\":{\"@id\":\"https:\/\/now-news.de\/de\/#website\"},\"primaryImageOfPage\":{\"@id\":\"https:\/\/now-news.de\/de\/deutschland\/wie-die-us-elite-mit-habecks-hilfe-den-deutschen-michel-verdummen-und-verarmen-will\/#primaryimage\"},\"image\":{\"@id\":\"https:\/\/now-news.de\/de\/deutschland\/wie-die-us-elite-mit-habecks-hilfe-den-deutschen-michel-verdummen-und-verarmen-will\/#primaryimage\"},\"thumbnailUrl\":\"https:\/\/now-news.de\/de\/wp-content\/uploads\/sites\/3\/2022\/07\/Wie-die-US-Elite-mit-Habecks-Hilfe-den-quotdeutschen-Michelquot-verdummen.png\",\"datePublished\":\"2022-07-12T14:13:42+00:00\",\"dateModified\":\"2022-07-12T14:13:42+00:00\",\"breadcrumb\":{\"@id\":\"https:\/\/now-news.de\/de\/deutschland\/wie-die-us-elite-mit-habecks-hilfe-den-deutschen-michel-verdummen-und-verarmen-will\/#breadcrumb\"},\"inLanguage\":\"de\",\"potentialAction\":[{\"@type\":\"ReadAction\",\"target\":[\"https:\/\/now-news.de\/de\/deutschland\/wie-die-us-elite-mit-habecks-hilfe-den-deutschen-michel-verdummen-und-verarmen-will\/\"]}]},{\"@type\":\"ImageObject\",\"inLanguage\":\"de\",\"@id\":\"https:\/\/now-news.de\/de\/deutschland\/wie-die-us-elite-mit-habecks-hilfe-den-deutschen-michel-verdummen-und-verarmen-will\/#primaryimage\",\"url\":\"https:\/\/now-news.de\/de\/wp-content\/uploads\/sites\/3\/2022\/07\/Wie-die-US-Elite-mit-Habecks-Hilfe-den-quotdeutschen-Michelquot-verdummen.png\",\"contentUrl\":\"https:\/\/now-news.de\/de\/wp-content\/uploads\/sites\/3\/2022\/07\/Wie-die-US-Elite-mit-Habecks-Hilfe-den-quotdeutschen-Michelquot-verdummen.png\",\"width\":1280,\"height\":987,\"caption\":\"Wie die US-Elite mit Habecks Hilfe den &quot;deutschen Michel&quot; verdummen und verarmen will\"},{\"@type\":\"BreadcrumbList\",\"@id\":\"https:\/\/now-news.de\/de\/deutschland\/wie-die-us-elite-mit-habecks-hilfe-den-deutschen-michel-verdummen-und-verarmen-will\/#breadcrumb\",\"itemListElement\":[{\"@type\":\"ListItem\",\"position\":1,\"name\":\"Home\",\"item\":\"https:\/\/now-news.de\/de\/\"},{\"@type\":\"ListItem\",\"position\":2,\"name\":\"Wie die US-Elite mit Habecks Hilfe den &quot;deutschen Michel&quot; verdummen und verarmen will\"}]},{\"@type\":\"WebSite\",\"@id\":\"https:\/\/now-news.de\/de\/#website\",\"url\":\"https:\/\/now-news.de\/de\/\",\"name\":\"just-now.NEWS Deutschland\",\"description\":\"Das Portal f\u00fcr unzensierte Nachrichten aus der Welt\",\"publisher\":{\"@id\":\"https:\/\/now-news.de\/de\/#organization\"},\"potentialAction\":[{\"@type\":\"SearchAction\",\"target\":{\"@type\":\"EntryPoint\",\"urlTemplate\":\"https:\/\/now-news.de\/de\/?s={search_term_string}\"},\"query-input\":\"required name=search_term_string\"}],\"inLanguage\":\"de\"},{\"@type\":\"Organization\",\"@id\":\"https:\/\/now-news.de\/de\/#organization\",\"name\":\"Just Now News\",\"url\":\"https:\/\/now-news.de\/de\/\",\"logo\":{\"@type\":\"ImageObject\",\"inLanguage\":\"de\",\"@id\":\"https:\/\/now-news.de\/de\/#\/schema\/logo\/image\/\",\"url\":\"http:\/\/just-now.news\/de\/wp-content\/uploads\/sites\/3\/2022\/04\/logo500x500.jpg\",\"contentUrl\":\"http:\/\/just-now.news\/de\/wp-content\/uploads\/sites\/3\/2022\/04\/logo500x500.jpg\",\"width\":500,\"height\":500,\"caption\":\"Just Now News\"},\"image\":{\"@id\":\"https:\/\/now-news.de\/de\/#\/schema\/logo\/image\/\"},\"sameAs\":[\"https:\/\/www.facebook.com\/wirmachenauf\",\"https:\/\/x.com\/WirMachenAuf_de\"]},{\"@type\":\"Person\",\"@id\":\"https:\/\/now-news.de\/de\/#\/schema\/person\/fb534a4e865501d8b3285208df34a9b5\",\"name\":\"rtnews\",\"image\":{\"@type\":\"ImageObject\",\"inLanguage\":\"de\",\"@id\":\"https:\/\/now-news.de\/de\/#\/schema\/person\/image\/\",\"url\":\"https:\/\/secure.gravatar.com\/avatar\/82aafea7d8127119dd649515f56e2117?s=96&d=mm&r=g\",\"contentUrl\":\"https:\/\/secure.gravatar.com\/avatar\/82aafea7d8127119dd649515f56e2117?s=96&d=mm&r=g\",\"caption\":\"rtnews\"},\"url\":\"https:\/\/now-news.de\/de\/author\/rnews\/\"}]}<\/script>\n<!-- \/ Yoast SEO Premium plugin. -->","yoast_head_json":{"title":"Wie die US-Elite mit Habecks Hilfe den &quot;deutschen Michel&quot; verdummen und verarmen will - just-now.NEWS Deutschland","robots":{"index":"index","follow":"follow","max-snippet":"max-snippet:-1","max-image-preview":"max-image-preview:large","max-video-preview":"max-video-preview:-1"},"canonical":"https:\/\/now-news.de\/de\/deutschland\/wie-die-us-elite-mit-habecks-hilfe-den-deutschen-michel-verdummen-und-verarmen-will\/","og_locale":"de_DE","og_type":"article","og_title":"Wie die US-Elite mit Habecks Hilfe den &quot;deutschen Michel&quot; verdummen und verarmen will","og_description":"Wollen die Deutschen wirklich \u00f6konomischen und nationalen Selbstmord begehen? Gleich ein paar Fakten dazu. \u00c4u\u00dferungen eines ehemaligen CIA-Mitarbeiters und Stimmen der Vernunft aus Deutschland. von Thorsten Schulte Wussten Sie, dass der Preis f\u00fcr Erdgas in Europa seit Anfang 2020 um \u00fcber 1.300 Prozent gestiegen ist? Nochmal: 1.300 Prozent. In den USA stieg er an der [&hellip;]","og_url":"https:\/\/now-news.de\/de\/deutschland\/wie-die-us-elite-mit-habecks-hilfe-den-deutschen-michel-verdummen-und-verarmen-will\/","og_site_name":"just-now.NEWS Deutschland","article_publisher":"https:\/\/www.facebook.com\/wirmachenauf","article_published_time":"2022-07-12T14:13:42+00:00","og_image":[{"width":1280,"height":987,"url":"https:\/\/now-news.de\/de\/wp-content\/uploads\/sites\/3\/2022\/07\/Wie-die-US-Elite-mit-Habecks-Hilfe-den-quotdeutschen-Michelquot-verdummen.png","type":"image\/png"}],"author":"rtnews","twitter_card":"summary_large_image","twitter_creator":"@WirMachenAuf_de","twitter_site":"@WirMachenAuf_de","twitter_misc":{"Verfasst von":"rtnews","Gesch\u00e4tzte Lesezeit":"8\u00a0Minuten"},"schema":{"@context":"https:\/\/schema.org","@graph":[{"@type":"Article","@id":"https:\/\/now-news.de\/de\/deutschland\/wie-die-us-elite-mit-habecks-hilfe-den-deutschen-michel-verdummen-und-verarmen-will\/#article","isPartOf":{"@id":"https:\/\/now-news.de\/de\/deutschland\/wie-die-us-elite-mit-habecks-hilfe-den-deutschen-michel-verdummen-und-verarmen-will\/"},"author":{"name":"rtnews","@id":"https:\/\/now-news.de\/de\/#\/schema\/person\/fb534a4e865501d8b3285208df34a9b5"},"headline":"Wie die US-Elite mit Habecks Hilfe den &quot;deutschen Michel&quot; verdummen und verarmen will","datePublished":"2022-07-12T14:13:42+00:00","dateModified":"2022-07-12T14:13:42+00:00","mainEntityOfPage":{"@id":"https:\/\/now-news.de\/de\/deutschland\/wie-die-us-elite-mit-habecks-hilfe-den-deutschen-michel-verdummen-und-verarmen-will\/"},"wordCount":1602,"commentCount":0,"publisher":{"@id":"https:\/\/now-news.de\/de\/#organization"},"image":{"@id":"https:\/\/now-news.de\/de\/deutschland\/wie-die-us-elite-mit-habecks-hilfe-den-deutschen-michel-verdummen-und-verarmen-will\/#primaryimage"},"thumbnailUrl":"https:\/\/now-news.de\/de\/wp-content\/uploads\/sites\/3\/2022\/07\/Wie-die-US-Elite-mit-Habecks-Hilfe-den-quotdeutschen-Michelquot-verdummen.png","keywords":["den","die","Habecks","Hilfe","Michelquot","mit","quotdeutschen","und","USElite","verarmen","verdummen","Wie"],"articleSection":["Deutschland","Russland"],"inLanguage":"de","potentialAction":[{"@type":"CommentAction","name":"Comment","target":["https:\/\/now-news.de\/de\/deutschland\/wie-die-us-elite-mit-habecks-hilfe-den-deutschen-michel-verdummen-und-verarmen-will\/#respond"]}]},{"@type":"WebPage","@id":"https:\/\/now-news.de\/de\/deutschland\/wie-die-us-elite-mit-habecks-hilfe-den-deutschen-michel-verdummen-und-verarmen-will\/","url":"https:\/\/now-news.de\/de\/deutschland\/wie-die-us-elite-mit-habecks-hilfe-den-deutschen-michel-verdummen-und-verarmen-will\/","name":"Wie die US-Elite mit Habecks Hilfe den &quot;deutschen Michel&quot; verdummen und verarmen will - just-now.NEWS Deutschland","isPartOf":{"@id":"https:\/\/now-news.de\/de\/#website"},"primaryImageOfPage":{"@id":"https:\/\/now-news.de\/de\/deutschland\/wie-die-us-elite-mit-habecks-hilfe-den-deutschen-michel-verdummen-und-verarmen-will\/#primaryimage"},"image":{"@id":"https:\/\/now-news.de\/de\/deutschland\/wie-die-us-elite-mit-habecks-hilfe-den-deutschen-michel-verdummen-und-verarmen-will\/#primaryimage"},"thumbnailUrl":"https:\/\/now-news.de\/de\/wp-content\/uploads\/sites\/3\/2022\/07\/Wie-die-US-Elite-mit-Habecks-Hilfe-den-quotdeutschen-Michelquot-verdummen.png","datePublished":"2022-07-12T14:13:42+00:00","dateModified":"2022-07-12T14:13:42+00:00","breadcrumb":{"@id":"https:\/\/now-news.de\/de\/deutschland\/wie-die-us-elite-mit-habecks-hilfe-den-deutschen-michel-verdummen-und-verarmen-will\/#breadcrumb"},"inLanguage":"de","potentialAction":[{"@type":"ReadAction","target":["https:\/\/now-news.de\/de\/deutschland\/wie-die-us-elite-mit-habecks-hilfe-den-deutschen-michel-verdummen-und-verarmen-will\/"]}]},{"@type":"ImageObject","inLanguage":"de","@id":"https:\/\/now-news.de\/de\/deutschland\/wie-die-us-elite-mit-habecks-hilfe-den-deutschen-michel-verdummen-und-verarmen-will\/#primaryimage","url":"https:\/\/now-news.de\/de\/wp-content\/uploads\/sites\/3\/2022\/07\/Wie-die-US-Elite-mit-Habecks-Hilfe-den-quotdeutschen-Michelquot-verdummen.png","contentUrl":"https:\/\/now-news.de\/de\/wp-content\/uploads\/sites\/3\/2022\/07\/Wie-die-US-Elite-mit-Habecks-Hilfe-den-quotdeutschen-Michelquot-verdummen.png","width":1280,"height":987,"caption":"Wie die US-Elite mit Habecks Hilfe den &quot;deutschen Michel&quot; verdummen und verarmen will"},{"@type":"BreadcrumbList","@id":"https:\/\/now-news.de\/de\/deutschland\/wie-die-us-elite-mit-habecks-hilfe-den-deutschen-michel-verdummen-und-verarmen-will\/#breadcrumb","itemListElement":[{"@type":"ListItem","position":1,"name":"Home","item":"https:\/\/now-news.de\/de\/"},{"@type":"ListItem","position":2,"name":"Wie die US-Elite mit Habecks Hilfe den &quot;deutschen Michel&quot; verdummen und verarmen will"}]},{"@type":"WebSite","@id":"https:\/\/now-news.de\/de\/#website","url":"https:\/\/now-news.de\/de\/","name":"just-now.NEWS Deutschland","description":"Das Portal f\u00fcr unzensierte Nachrichten aus der Welt","publisher":{"@id":"https:\/\/now-news.de\/de\/#organization"},"potentialAction":[{"@type":"SearchAction","target":{"@type":"EntryPoint","urlTemplate":"https:\/\/now-news.de\/de\/?s={search_term_string}"},"query-input":"required name=search_term_string"}],"inLanguage":"de"},{"@type":"Organization","@id":"https:\/\/now-news.de\/de\/#organization","name":"Just Now News","url":"https:\/\/now-news.de\/de\/","logo":{"@type":"ImageObject","inLanguage":"de","@id":"https:\/\/now-news.de\/de\/#\/schema\/logo\/image\/","url":"http:\/\/just-now.news\/de\/wp-content\/uploads\/sites\/3\/2022\/04\/logo500x500.jpg","contentUrl":"http:\/\/just-now.news\/de\/wp-content\/uploads\/sites\/3\/2022\/04\/logo500x500.jpg","width":500,"height":500,"caption":"Just Now News"},"image":{"@id":"https:\/\/now-news.de\/de\/#\/schema\/logo\/image\/"},"sameAs":["https:\/\/www.facebook.com\/wirmachenauf","https:\/\/x.com\/WirMachenAuf_de"]},{"@type":"Person","@id":"https:\/\/now-news.de\/de\/#\/schema\/person\/fb534a4e865501d8b3285208df34a9b5","name":"rtnews","image":{"@type":"ImageObject","inLanguage":"de","@id":"https:\/\/now-news.de\/de\/#\/schema\/person\/image\/","url":"https:\/\/secure.gravatar.com\/avatar\/82aafea7d8127119dd649515f56e2117?s=96&d=mm&r=g","contentUrl":"https:\/\/secure.gravatar.com\/avatar\/82aafea7d8127119dd649515f56e2117?s=96&d=mm&r=g","caption":"rtnews"},"url":"https:\/\/now-news.de\/de\/author\/rnews\/"}]}},"_links":{"self":[{"href":"https:\/\/now-news.de\/de\/wp-json\/wp\/v2\/posts\/13595"}],"collection":[{"href":"https:\/\/now-news.de\/de\/wp-json\/wp\/v2\/posts"}],"about":[{"href":"https:\/\/now-news.de\/de\/wp-json\/wp\/v2\/types\/post"}],"author":[{"embeddable":true,"href":"https:\/\/now-news.de\/de\/wp-json\/wp\/v2\/users\/3"}],"replies":[{"embeddable":true,"href":"https:\/\/now-news.de\/de\/wp-json\/wp\/v2\/comments?post=13595"}],"version-history":[{"count":0,"href":"https:\/\/now-news.de\/de\/wp-json\/wp\/v2\/posts\/13595\/revisions"}],"wp:featuredmedia":[{"embeddable":true,"href":"https:\/\/now-news.de\/de\/wp-json\/wp\/v2\/media\/13596"}],"wp:attachment":[{"href":"https:\/\/now-news.de\/de\/wp-json\/wp\/v2\/media?parent=13595"}],"wp:term":[{"taxonomy":"category","embeddable":true,"href":"https:\/\/now-news.de\/de\/wp-json\/wp\/v2\/categories?post=13595"},{"taxonomy":"post_tag","embeddable":true,"href":"https:\/\/now-news.de\/de\/wp-json\/wp\/v2\/tags?post=13595"}],"curies":[{"name":"wp","href":"https:\/\/api.w.org\/{rel}","templated":true}]}}