{"id":13593,"date":"2022-07-12T16:00:00","date_gmt":"2022-07-12T14:00:00","guid":{"rendered":"http:\/\/just-now.news\/de\/usa\/uvalde-beamte-werden-bereits-am-montag-ein-77-minuetiges-video-veroeffentlichen\/"},"modified":"2022-07-12T16:00:00","modified_gmt":"2022-07-12T14:00:00","slug":"uvalde-beamte-werden-bereits-am-montag-ein-77-minuetiges-video-veroeffentlichen","status":"publish","type":"post","link":"https:\/\/now-news.de\/de\/usa\/uvalde-beamte-werden-bereits-am-montag-ein-77-minuetiges-video-veroeffentlichen\/","title":{"rendered":"Uvalde-Beamte werden bereits am Montag ein 77-min\u00fctiges Video ver\u00f6ffentlichen"},"content":{"rendered":"<div class=\"entry-content\">\n<div id=\"attachment_738561\" style=\"width: 1110px\" class=\"wp-caption alignnone\"><\/p>\n<p id=\"caption-attachment-738561\" class=\"wp-caption-text\">Blumen werden am 25. Mai 2022 auf einem provisorischen Denkmal vor der Robb-Grundschule in Uvalde, Texas, niedergelegt. \u2013 Die eng verbundene Latino-Gemeinde von Uvalde wurde am Mittwoch von Trauer gesch\u00fcttelt, nachdem ein Teenager in Schutzkleidung in die Schule marschiert und get\u00f6tet worden war 19 Kinder und zwei Lehrer im j\u00fcngsten Ausbruch t\u00f6dlicher Waffengewalt in den USA.  (Foto von CHANDAN KHANNA\/AFP) (Foto von CHANDAN KHANNA\/AFP via Getty Images)<\/p>\n<\/div>\n<p><span data-preserver-spaces=\"true\">Staatliche und lokale Beamte werden Aufnahmen der Reaktion der Polizei von Uvalde auf a ver\u00f6ffentlichen <\/span><span data-preserver-spaces=\"true\">Schulschie\u00dferei am 24. Mai<\/span><span data-preserver-spaces=\"true\"> das hinterlie\u00df 21 Tote in Texas. <\/span><\/p>\n<p><span data-preserver-spaces=\"true\">Wann die Aufnahmen ver\u00f6ffentlicht werden, ist unklar.<\/span><\/p>\n<div id=\"IC1-ad\" class=\"sponsor IC1\">\n<p class=\"ad-notice flipboard-remove\" fl:fl-noexcerpt=\"true\">Werbung \u2013 die Geschichte geht unten weiter<\/p>\n<div id=\"IC1\">\n<script>\n\t\t\t\t\tif( FFADS.units.IC1 && FFADS.units.IC1.ad_type == 'custom' && FFADS.units.IC1.custom_ads && ! getCookie( 'ff_subbed' ) ) {\n\t\t\t\t\t\tdocument.getElementById( 'IC1' ).innerHTML = FFADS.units.IC1.custom_ads[0].code;\n\t\t\t\t\t\tif( ! FFADS.units.IC1.lazy_load ) eval( FFADS.units.IC1.custom_ads[0].rendering_script );\n\t\t\t\t\t}\n\t\t\t\t\telse if( FFADS.units.IC1 && ! getCookie( 'ff_subbed' ) ) {\n\t\t\t\t\t\tif( 'IC' != 'SB' && 'IC' != 'SA' && FFADS.use_fixed_containers ) {\n\t\t\t\t\t\t\tlet max_wh = firefly_size_list_to_max_wh( FFADS.units.IC1.sizes );\n\t\t\t\t\t\t\tlet el = document.querySelector( '#IC1' );\n\t\t\t\t\t\t\tif( 'IC' != 'SA' && FFADS.slide_pixels ) {\n\t\t\t\t\t\t\t\tmax_wh[1] += parseInt( FFADS.slide_pixels );\n\t\t\t\t\t\t\t\tel.classList.add( 'sliding' );\n\t\t\t\t\t\t\t}\n\t\t\t\t\t\t\tel.style.width = max_wh[0] + 'px';\n\t\t\t\t\t\t\tel.style.height = max_wh[1] + 'px';\n\t\t\t\t\t\t\tel.classList.add( 'fixed-size' );\n\t\t\t\t\t\t}\n\t\t\t\t\t\tgoogletag.cmd.push( function() {\n\t\t\t\t\t\t\tFFADS.debug( 'googletag.displaying IC1' );\n\t\t\t\t\t\t\tgoogletag.display( 'IC1' );\n\t\t\t\t\t\t} );\n\t\t\t\t\t}\n\t\t\t\t\telse {\n\t\t\t\t\t\tdocument.querySelector( '#IC1-ad' ).style.display = 'none';}\n\t\t\t\t<\/script><\/div>\n<\/div>\n<p><span data-preserver-spaces=\"true\">Staatsabgeordneter <\/span><span data-preserver-spaces=\"true\">Dustin Burrows<\/span><span data-preserver-spaces=\"true\">der Vorsitzende eines speziellen Gesetzgebungsausschusses, der die Schie\u00dferei untersucht, sagte, Beamte h\u00e4tten zugestimmt, vom Tag der Schie\u00dferei an \u00dcberwachungsaufnahmen im Flur der Robb-Grundschule zu ver\u00f6ffentlichen.<\/span><\/p>\n<p><span data-preserver-spaces=\"true\">\u201eDieses Video w\u00fcrde das Flurmaterial der Robb-Grundschule zeigen \u2026 es w\u00fcrde keine grafischen Bilder oder Darstellungen von Gewalt enthalten\u201c, Burrows <\/span><a rel=\"nofollow noopener\" target=\"_blank\" class=\"editor-rtfLink\" href=\"https:\/\/twitter.com\/AdamBennettKHOU\/status\/1546512886062891016\"><span data-preserver-spaces=\"true\">sagte<\/span><\/a><span data-preserver-spaces=\"true\">.<\/span><\/p>\n<p><script>\n\t\t\t\t\tif( ! getCookie( 'ff_subbed' ) ) if( typeof FFADS.replace_ict != 'undefined' ) if( FFADS.replace_ict ) eval( FFADS.replace_ict );\n\t\t\t\t<\/script><\/p>\n<blockquote class=\"twitter-tweet\" data-width=\"500\" data-dnt=\"true\">\n<p lang=\"en\" dir=\"ltr\">Hier sind die vollst\u00e4ndigen Kommentare des Vorsitzenden Burrows zum vorl\u00e4ufigen Bericht des Sonderausschusses des Texas House und des Videos von Robb Elementary, das sie hoffentlich ver\u00f6ffentlichen werden. <a rel=\"nofollow noopener\" target=\"_blank\" href=\"https:\/\/twitter.com\/hashtag\/Uvalde?src=hash&amp;ref_src=twsrc%5Etfw\">#Uvalde<\/a> <a rel=\"nofollow noopener\" target=\"_blank\" href=\"https:\/\/twitter.com\/hashtag\/txlege?src=hash&amp;ref_src=twsrc%5Etfw\">#txlege<\/a> <a rel=\"nofollow noopener\" target=\"_blank\" href=\"https:\/\/twitter.com\/KHOU?ref_src=twsrc%5Etfw\">@KHOU<\/a> <a rel=\"nofollow noopener\" target=\"_blank\" href=\"https:\/\/t.co\/XWf0A0C2nJ\">pic.twitter.com\/XWf0A0C2nJ<\/a><\/p>\n<p>\u2013 Adam Bennett (@AdamBennettKHOU) <a rel=\"nofollow noopener\" target=\"_blank\" href=\"https:\/\/twitter.com\/AdamBennettKHOU\/status\/1546512886062891016?ref_src=twsrc%5Etfw\">11. Juli 2022<\/a><\/p>\n<\/blockquote>\n<p><script async src=\"https:\/\/platform.twitter.com\/widgets.js\" charset=\"utf-8\"><\/script><\/p>\n<p><span data-preserver-spaces=\"true\">Das Filmmaterial wird dokumentieren, wie Polizisten 77 Minuten lang zur\u00fcckstanden, als ein einzelner Sch\u00fctze die Robb Elementary School betrat und 19 Sch\u00fcler und zwei Lehrer t\u00f6tete.<\/span><\/p>\n<div id=\"IC2-ad\" class=\"sponsor IC2\">\n<p class=\"ad-notice flipboard-remove\" fl:fl-noexcerpt=\"true\">Werbung \u2013 die Geschichte geht unten weiter<\/p>\n<div id=\"IC2\">\n<script>\n\t\t\t\t\tif( FFADS.units.IC2 && FFADS.units.IC2.ad_type == 'custom' && FFADS.units.IC2.custom_ads && ! getCookie( 'ff_subbed' ) ) {\n\t\t\t\t\t\tdocument.getElementById( 'IC2' ).innerHTML = FFADS.units.IC2.custom_ads[0].code;\n\t\t\t\t\t\tif( ! FFADS.units.IC2.lazy_load ) eval( FFADS.units.IC2.custom_ads[0].rendering_script );\n\t\t\t\t\t}\n\t\t\t\t\telse if( FFADS.units.IC2 && ! getCookie( 'ff_subbed' ) ) {\n\t\t\t\t\t\tif( 'IC' != 'SB' && 'IC' != 'SA' && FFADS.use_fixed_containers ) {\n\t\t\t\t\t\t\tlet max_wh = firefly_size_list_to_max_wh( FFADS.units.IC2.sizes );\n\t\t\t\t\t\t\tlet el = document.querySelector( '#IC2' );\n\t\t\t\t\t\t\tif( 'IC' != 'SA' && FFADS.slide_pixels ) {\n\t\t\t\t\t\t\t\tmax_wh[1] += parseInt( FFADS.slide_pixels );\n\t\t\t\t\t\t\t\tel.classList.add( 'sliding' );\n\t\t\t\t\t\t\t}\n\t\t\t\t\t\t\tel.style.width = max_wh[0] + 'px';\n\t\t\t\t\t\t\tel.style.height = max_wh[1] + 'px';\n\t\t\t\t\t\t\tel.classList.add( 'fixed-size' );\n\t\t\t\t\t\t}\n\t\t\t\t\t\tgoogletag.cmd.push( function() {\n\t\t\t\t\t\t\tFFADS.debug( 'googletag.displaying IC2' );\n\t\t\t\t\t\t\tgoogletag.display( 'IC2' );\n\t\t\t\t\t\t} );\n\t\t\t\t\t}\n\t\t\t\t\telse {\n\t\t\t\t\t\tdocument.querySelector( '#IC2-ad' ).style.display = 'none';}\n\t\t\t\t<\/script><\/div>\n<\/div>\n<p><span data-preserver-spaces=\"true\">Beamte haben zuvor zugegeben, dass die Situation innerhalb von nur drei Minuten h\u00e4tte beendet werden k\u00f6nnen, nachdem \u00dcberwachungsaufnahmen zeigten, dass Beamte mit Gewehren und mindestens einem ballistischen Schild Minuten nach dem Sch\u00fctzen die Schule betraten.<\/span><\/p>\n<p><span data-preserver-spaces=\"true\">Sie wurden vom Polizeichef angehalten<\/span><span data-preserver-spaces=\"true\"> Peter Arredondo<\/span><span data-preserver-spaces=\"true\">der behauptete, der Verd\u00e4chtige habe sich drinnen verbarrikadiert. <\/span><\/p>\n<p><span data-preserver-spaces=\"true\">Das teilte eine Quelle der Strafverfolgung mit <\/span><span data-preserver-spaces=\"true\">San Antonio Express-Nachrichten<\/span><span data-preserver-spaces=\"true\"> dass \u00dcberwachungsaufnahmen von der Robb Elementary School zeigen, dass die Polizei keine Anstrengungen unternommen hat, um die T\u00fcr zu \u00f6ffnen.  Der Bericht besagt weiter, dass es Grund zu der Annahme gibt, dass es m\u00f6glicherweise entsperrt wurde. <\/span><\/p>\n<p><span data-preserver-spaces=\"true\">Laut der Quelle glauben die Ermittler, dass der Sch\u00fctze, der 19 Kinder und zwei Lehrer der Schule get\u00f6tet hat, die T\u00fcr zu den verbundenen Klassenzimmern nicht von innen abgeschlossen haben kann.<\/span><\/p>\n<p><span data-preserver-spaces=\"true\">Die Quelle sagte, dass alle Klassenzimmert\u00fcren bei Robb Elementary so konstruiert sind, dass sie sich automatisch verriegeln, wenn sie geschlossen werden.  Die Polizei k\u00f6nnte angenommen haben, dass die T\u00fcr verschlossen war, aber die neuesten Beweise deuten darauf hin, dass sie die ganze Zeit offen gewesen sein k\u00f6nnte, m\u00f6glicherweise aufgrund einer Fehlfunktion.<\/span><\/p>\n<div id=\"IC3-ad\" class=\"sponsor IC3\">\n<p class=\"ad-notice flipboard-remove\" fl:fl-noexcerpt=\"true\">Werbung \u2013 die Geschichte geht unten weiter<\/p>\n<div id=\"IC3\">\n<script>\n\t\t\t\t\tif( FFADS.units.IC3 && FFADS.units.IC3.ad_type == 'custom' && FFADS.units.IC3.custom_ads && ! getCookie( 'ff_subbed' ) ) {\n\t\t\t\t\t\tdocument.getElementById( 'IC3' ).innerHTML = FFADS.units.IC3.custom_ads[0].code;\n\t\t\t\t\t\tif( ! FFADS.units.IC3.lazy_load ) eval( FFADS.units.IC3.custom_ads[0].rendering_script );\n\t\t\t\t\t}\n\t\t\t\t\telse if( FFADS.units.IC3 && ! getCookie( 'ff_subbed' ) ) {\n\t\t\t\t\t\tif( 'IC' != 'SB' && 'IC' != 'SA' && FFADS.use_fixed_containers ) {\n\t\t\t\t\t\t\tlet max_wh = firefly_size_list_to_max_wh( FFADS.units.IC3.sizes );\n\t\t\t\t\t\t\tlet el = document.querySelector( '#IC3' );\n\t\t\t\t\t\t\tif( 'IC' != 'SA' && FFADS.slide_pixels ) {\n\t\t\t\t\t\t\t\tmax_wh[1] += parseInt( FFADS.slide_pixels );\n\t\t\t\t\t\t\t\tel.classList.add( 'sliding' );\n\t\t\t\t\t\t\t}\n\t\t\t\t\t\t\tel.style.width = max_wh[0] + 'px';\n\t\t\t\t\t\t\tel.style.height = max_wh[1] + 'px';\n\t\t\t\t\t\t\tel.classList.add( 'fixed-size' );\n\t\t\t\t\t\t}\n\t\t\t\t\t\tgoogletag.cmd.push( function() {\n\t\t\t\t\t\t\tFFADS.debug( 'googletag.displaying IC3' );\n\t\t\t\t\t\t\tgoogletag.display( 'IC3' );\n\t\t\t\t\t\t} );\n\t\t\t\t\t}\n\t\t\t\t\telse {\n\t\t\t\t\t\tdocument.querySelector( '#IC3-ad' ).style.display = 'none';}\n\t\t\t\t<\/script><\/div>\n<\/div>\n<p><span data-preserver-spaces=\"true\">Das \u00dcberwachungsmaterial zeigt, dass der Sch\u00fctze in der Lage war, die T\u00fcr zum Klassenzimmer 111 zu \u00f6ffnen und mit einem Sturmgewehr einzutreten, sagte die Quelle.<\/span><\/p>\n<p><span data-preserver-spaces=\"true\">Der Sch\u00fctze betrat das Schulgeb\u00e4ude um 11:33 Uhr durch eine Au\u00dfent\u00fcr, die zugezogen worden war, sich aber nicht wie vorgesehen automatisch verriegelte, was auf eine weitere Fehlfunktion der T\u00fcrschl\u00f6sser der Schule hinwies.<\/span><\/p>\n<p class=\"article-extras related\">\n<strong>VERBUNDEN:<\/strong> Fast 2 Millionen US-Dollar f\u00fcr einen Jungen gesammelt, der bei einer Schie\u00dferei im Highland Park verwaist ist\n<\/p>\n<p><span data-preserver-spaces=\"true\">Zwei Minuten nachdem der Sch\u00fctze die Schule betreten hatte, jagten ihn drei Uvalde-Polizisten hinein.  Das Filmmaterial zeigt, wie der Sch\u00fctze in den Klassenzimmern 111 und 112 Sch\u00fcsse abfeuert, kurz in den Flur zur\u00fcckkehrt und dann durch die unverschlossene T\u00fcr wieder eintritt. <\/span><\/p>\n<p><span data-preserver-spaces=\"true\">Das Filmmaterial zeigt, wie der Sch\u00fctze durch die T\u00fcr des Klassenzimmers auf Beamte schie\u00dft.<\/span><\/p>\n<div id=\"IC4-ad\" class=\"sponsor IC4\">\n<p class=\"ad-notice flipboard-remove\" fl:fl-noexcerpt=\"true\">Werbung \u2013 die Geschichte geht unten weiter<\/p>\n<div id=\"IC4\">\n<script>\n\t\t\t\t\tif( FFADS.units.IC4 && FFADS.units.IC4.ad_type == 'custom' && FFADS.units.IC4.custom_ads && ! getCookie( 'ff_subbed' ) ) {\n\t\t\t\t\t\tdocument.getElementById( 'IC4' ).innerHTML = FFADS.units.IC4.custom_ads[0].code;\n\t\t\t\t\t\tif( ! FFADS.units.IC4.lazy_load ) eval( FFADS.units.IC4.custom_ads[0].rendering_script );\n\t\t\t\t\t}\n\t\t\t\t\telse if( FFADS.units.IC4 && ! getCookie( 'ff_subbed' ) ) {\n\t\t\t\t\t\tif( 'IC' != 'SB' && 'IC' != 'SA' && FFADS.use_fixed_containers ) {\n\t\t\t\t\t\t\tlet max_wh = firefly_size_list_to_max_wh( FFADS.units.IC4.sizes );\n\t\t\t\t\t\t\tlet el = document.querySelector( '#IC4' );\n\t\t\t\t\t\t\tif( 'IC' != 'SA' && FFADS.slide_pixels ) {\n\t\t\t\t\t\t\t\tmax_wh[1] += parseInt( FFADS.slide_pixels );\n\t\t\t\t\t\t\t\tel.classList.add( 'sliding' );\n\t\t\t\t\t\t\t}\n\t\t\t\t\t\t\tel.style.width = max_wh[0] + 'px';\n\t\t\t\t\t\t\tel.style.height = max_wh[1] + 'px';\n\t\t\t\t\t\t\tel.classList.add( 'fixed-size' );\n\t\t\t\t\t\t}\n\t\t\t\t\t\tgoogletag.cmd.push( function() {\n\t\t\t\t\t\t\tFFADS.debug( 'googletag.displaying IC4' );\n\t\t\t\t\t\t\tgoogletag.display( 'IC4' );\n\t\t\t\t\t\t} );\n\t\t\t\t\t}\n\t\t\t\t\telse {\n\t\t\t\t\t\tdocument.querySelector( '#IC4-ad' ).style.display = 'none';}\n\t\t\t\t<\/script><\/div>\n<\/div>\n<p><span data-preserver-spaces=\"true\">Ein Hausmeister brachte den Beamten einen gro\u00dfen Satz Schl\u00fcssel, um sich Zugang zum Klassenzimmer zu verschaffen.  Keiner der Beamten versuchte jedoch, die Schl\u00fcssel an der eigentlichen Klassenzimmert\u00fcr zu verwenden, sondern versuchten stattdessen nahe gelegene T\u00fcren, um einen potenziellen Hauptschl\u00fcssel zu finden.  <\/span><\/p>\n<p><span data-preserver-spaces=\"true\">Pedro \u201ePete\u201c Arredondo, der Polizeichef des Schulbezirks Uvalde, sagte, er habe mehr als eine Stunde auf dem Schulflur verbracht.  Er <\/span><span data-preserver-spaces=\"true\">sagte der Texas Tribune<\/span><span data-preserver-spaces=\"true\"> dass er nach taktischer Ausr\u00fcstung, einem Scharfsch\u00fctzen und Schl\u00fcsseln verlangte, um hineinzukommen.  Er sagte, er habe Beamte 40 Minuten lang von der T\u00fcr zu den Klassenzimmern zur\u00fcckgehalten, um Sch\u00fcsse zu vermeiden.<\/span><\/p>\n<p><span data-preserver-spaces=\"true\">W\u00e4hrend die Polizei auf das Eintreffen eines taktischen Teams wartete, riefen Kinder und Lehrer in den Klassenzimmern mindestens sieben Mal die Notrufnummer 911 an und baten verzweifelt um Hilfe. <\/span><\/p>\n<p><span data-preserver-spaces=\"true\">Die Quelle sagte jedoch, dass die Beamten Zugang zu einem \u201eHalligan\u201c hatten, einem Brechstangen-\u00e4hnlichen Werkzeug, das die T\u00fcr zu den Klassenzimmern h\u00e4tte \u00f6ffnen k\u00f6nnen, selbst wenn sie verschlossen war.<\/span><\/p>\n<div id=\"REP_0-ad\" class=\"sponsor REP\">\n<p class=\"ad-notice flipboard-remove\" fl:fl-noexcerpt=\"true\">Werbung \u2013 die Geschichte geht unten weiter<\/p>\n<div id=\"REP_0\">\n<script>\n\t\t\t\t\tif( FFADS.units.IC5 && FFADS.units.IC5.ad_type == 'custom' && FFADS.units.IC5.custom_ads && ! getCookie( 'ff_subbed' ) ) {\n\t\t\t\t\t\tdocument.getElementById( 'REP_0' ).innerHTML = FFADS.units.IC5.custom_ads[0].code;\n\t\t\t\t\t\tif( ! FFADS.units.IC5.lazy_load ) eval( FFADS.units.IC5.custom_ads[0].rendering_script );\n\t\t\t\t\t}\n\t\t\t\t\telse if( FFADS.units.IC5 && ! getCookie( 'ff_subbed' ) ) {\n\t\t\t\t\t\tif( 'RE' != 'SB' && 'RE' != 'SA' && FFADS.use_fixed_containers ) {\n\t\t\t\t\t\t\tlet max_wh = firefly_size_list_to_max_wh( FFADS.units.IC5.sizes );\n\t\t\t\t\t\t\tlet el = document.querySelector( '#REP_0' );\n\t\t\t\t\t\t\tif( 'RE' != 'SA' && FFADS.slide_pixels ) {\n\t\t\t\t\t\t\t\tmax_wh[1] += parseInt( FFADS.slide_pixels );\n\t\t\t\t\t\t\t\tel.classList.add( 'sliding' );\n\t\t\t\t\t\t\t}\n\t\t\t\t\t\t\tel.style.width = max_wh[0] + 'px';\n\t\t\t\t\t\t\tel.style.height = max_wh[1] + 'px';\n\t\t\t\t\t\t\tel.classList.add( 'fixed-size' );\n\t\t\t\t\t\t}\n\t\t\t\t\t\tgoogletag.cmd.push( function() {\n\t\t\t\t\t\t\tFFADS.debug( 'googletag.displaying REP_0' );\n\t\t\t\t\t\t\tgoogletag.display( 'REP_0' );\n\t\t\t\t\t\t} );\n\t\t\t\t\t}\n\t\t\t\t\telse {\n\t\t\t\t\t\tdocument.querySelector( '#REP_0-ad' ).style.display = 'none';}\n\t\t\t\t<\/script><\/div>\n<\/div>\n<p><span data-preserver-spaces=\"true\">Zoll- und Grenzschutzbeamte \u00f6ffneten schlie\u00dflich die T\u00fcr zum Klassenzimmer und t\u00f6teten den Sch\u00fctzen um 12:50 Uhr<\/span><\/p>\n<p><span data-preserver-spaces=\"true\">Die Ereignisse des Tages werden untersucht. <\/span><span data-preserver-spaces=\"true\">Laut Axios<\/span><span data-preserver-spaces=\"true\">beauftragte die Polizei von Uvalde einen Anwalt, um die Ver\u00f6ffentlichung des \u00dcberwachungsmaterials f\u00fcr die \u00d6ffentlichkeit zu stoppen, und f\u00fchrte an, dass dies emotional belastend und peinlich sein k\u00f6nnte. <\/span><\/p>\n<p><span data-preserver-spaces=\"true\">In einem <\/span><span data-preserver-spaces=\"true\">Brief an den Generalstaatsanwalt von Texas, Ken Paxton<\/span><span data-preserver-spaces=\"true\">argumentiert die Anw\u00e4ltin der Stadt, Cynthia Trevino, dass Uvalde das Filmmaterial nicht ver\u00f6ffentlichen muss, da einige Aufzeichnungen \u201eh\u00f6chst peinliche Informationen\u201c enthalten k\u00f6nnten.<\/span><\/p>\n<p class=\"article-ask\"><span class=\"ask\"><script>\n  if( getParameterByName( \"utm_source\" ) == \"testpage\" ) {\n    !function(e,t,a,n,g){e[n]=e[n]||[],e[n].push({\"gtm.start\":(new Date).getTime(),event:\"gtm.js\"});var m=t.getElementsByTagName(a)[0],r=t.createElement(a);r.async=!0,r.src=\"https:\/\/www.googletagmanager.com\/gtm.js?id=GTM-PL4PD49\",m.parentNode.insertBefore(r,m)}(window.parent,window.parent.document,\"script\",\"dataLayer\");\n    var iframe=window.parent.document.createElement(\"iframe\");iframe.src=\"https:\/\/www.googletagmanager.com\/ns.html?id=GTM-PL4PD49\";iframe.height=\"0\";iframe.width=\"0\";iframe.style=\"display:none;visibility:hidden\";window.parent.document.body.appendChild(iframe);\n    window.parent[\"$$mm-analytics\"] = window.parent[\"$$mm-analytics\"] || {};if (typeof window.parent[\"$$mm-analytics\"].firstEmbed === \"undefined\") {window.parent[\"$$mm-analytics\"].firstEmbed = Date.now();}\n    let as1 = document.createElement( \"script\" );\n    as1.src = \"https:\/\/bucket1.mm-syringe.com\/prod\/configs\/ee2300c8-43d2-7f0b-dac0-40aaf31c9d3d.js\";\n    document.body.appendChild( as1 );\n    let as2 = document.createElement( \"script\" );\n    as2.src = \"https:\/\/bucket1.mm-syringe.com\/prod\/injector\/injector.1.5.3.js\";\n    document.body.appendChild( as2 );\n  }\n<\/script><\/p>\n<div class=\"apester-media\" data-token=\"5f10a39f94902bc81d3d59a7\" data-context=\"true\" data-tags=\"\" data-fallback=\"true\" height=\"350\"><\/div>\n<p><script id=\"apester_script\" src=\"https:\/\/static.apester.com\/js\/sdk\/latest\/apester-sdk.js\" async><\/script><script async src=\"https:\/\/www.googletagmanager.com\/gtag\/js?id=G-EFE91RJVSQ\"><\/script><script>\n  window.dataLayer = window.dataLayer || [];\n  function gtag(){dataLayer.push(arguments);}\n  gtag(\\\\\\'js\\\\\\', new Date());\n  gtag(\\\\\\'config\\\\\\', \\\\\\'G-EFE91RJVSQ\\\\\\');\n<\/script><script type=\"text\/javascript\">\n\tfunction e(e){var t=!(arguments.length>1&&void 0!==arguments[1])||arguments[1],c=document.createElement(\"script\");c.src=e,t?c.type=\"module\":(c.async=!0,c.type=\"text\/javascript\",c.setAttribute(\"nomodule\",\"\"));var n=document.getElementsByTagName(\"script\")[0];n.parentNode.insertBefore(c,n)}function t(t,c,n){var a,o,r;null!==(a=t.marfeel)&&void 0!==a||(t.marfeel={}),null!==(o=(r=t.marfeel).cmd)&&void 0!==o||(r.cmd=[]),t.marfeel.config=n,t.marfeel.config.accountId=c;var i=\"https:\/\/sdk.mrf.io\/statics\";e(\"\".concat(i,\"\/marfeel-sdk.js?id=\").concat(c),!0),e(\"\".concat(i,\"\/marfeel-sdk.es5.js?id=\").concat(c),!1)}!function(e,c){var n=arguments.length>2&&void 0!==arguments[2]?arguments[2]:{};t(e,c,n)}(window,1573,{} \/*config*\/);\n<\/script><\/span><\/p>\n<\/div>\n<p><br \/>\n<br \/><a href=\"https:\/\/www.thegatewaypundit.com\/2022\/07\/uvalde-officials-set-release-77-minutes-video-early-monday\/\">Source link <\/a><\/p>\n","protected":false},"excerpt":{"rendered":"<p>Blumen werden am 25. Mai 2022 auf einem provisorischen Denkmal vor der Robb-Grundschule in Uvalde, Texas, niedergelegt. \u2013 Die eng verbundene Latino-Gemeinde von Uvalde wurde am Mittwoch von Trauer gesch\u00fcttelt, nachdem ein Teenager in Schutzkleidung in die Schule marschiert und get\u00f6tet worden war 19 Kinder und zwei Lehrer im j\u00fcngsten Ausbruch t\u00f6dlicher Waffengewalt in den [&hellip;]<\/p>\n","protected":false},"author":5,"featured_media":13594,"comment_status":"open","ping_status":"open","sticky":false,"template":"","format":"standard","meta":{"wp_automatic_camp":["1161"],"4dcb258503f5c674676793d7d0356de5":["Uvalde-Beamte werden bereits am Montag ein 77-min\u00fctiges Video ver\u00f6ffentlichen\n"],"original_link":["https:\/\/www.thegatewaypundit.com\/2022\/07\/uvalde-officials-set-release-77-minutes-video-early-monday\/"],"_thumbnail_id":["13594"],"wp_automatic_remove_first_image":["yes"],"jnews_social_counter_last_update":["1777353822"]},"categories":[25],"tags":[27724,10014,357,4226,27723,5323,173,1040],"yoast_head":"<!-- This site is optimized with the Yoast SEO Premium plugin v22.7 (Yoast SEO v22.7) - https:\/\/yoast.com\/wordpress\/plugins\/seo\/ -->\n<title>Uvalde-Beamte werden bereits am Montag ein 77-min\u00fctiges Video ver\u00f6ffentlichen - just-now.NEWS Deutschland<\/title>\n<meta name=\"robots\" content=\"index, follow, max-snippet:-1, max-image-preview:large, max-video-preview:-1\" \/>\n<link rel=\"canonical\" href=\"https:\/\/now-news.de\/de\/usa\/uvalde-beamte-werden-bereits-am-montag-ein-77-minuetiges-video-veroeffentlichen\/\" \/>\n<meta property=\"og:locale\" content=\"de_DE\" \/>\n<meta property=\"og:type\" content=\"article\" \/>\n<meta property=\"og:title\" content=\"Uvalde-Beamte werden bereits am Montag ein 77-min\u00fctiges Video ver\u00f6ffentlichen\" \/>\n<meta property=\"og:description\" content=\"Blumen werden am 25. Mai 2022 auf einem provisorischen Denkmal vor der Robb-Grundschule in Uvalde, Texas, niedergelegt. \u2013 Die eng verbundene Latino-Gemeinde von Uvalde wurde am Mittwoch von Trauer gesch\u00fcttelt, nachdem ein Teenager in Schutzkleidung in die Schule marschiert und get\u00f6tet worden war 19 Kinder und zwei Lehrer im j\u00fcngsten Ausbruch t\u00f6dlicher Waffengewalt in den [&hellip;]\" \/>\n<meta property=\"og:url\" content=\"https:\/\/now-news.de\/de\/usa\/uvalde-beamte-werden-bereits-am-montag-ein-77-minuetiges-video-veroeffentlichen\/\" \/>\n<meta property=\"og:site_name\" content=\"just-now.NEWS Deutschland\" \/>\n<meta property=\"article:publisher\" content=\"https:\/\/www.facebook.com\/wirmachenauf\" \/>\n<meta property=\"article:published_time\" content=\"2022-07-12T14:00:00+00:00\" \/>\n<meta property=\"og:image\" content=\"https:\/\/now-news.de\/de\/wp-content\/uploads\/sites\/3\/2022\/07\/Uvalde-Beamte-werden-bereits-am-Montag-ein-77-minuetiges-Video-veroeffentlichen.jpeg\" \/>\n\t<meta property=\"og:image:width\" content=\"1100\" \/>\n\t<meta property=\"og:image:height\" content=\"825\" \/>\n\t<meta property=\"og:image:type\" content=\"image\/jpeg\" \/>\n<meta name=\"author\" content=\"greatreset\" \/>\n<meta name=\"twitter:card\" content=\"summary_large_image\" \/>\n<meta name=\"twitter:creator\" content=\"@WirMachenAuf_de\" \/>\n<meta name=\"twitter:site\" content=\"@WirMachenAuf_de\" \/>\n<meta name=\"twitter:label1\" content=\"Verfasst von\" \/>\n\t<meta name=\"twitter:data1\" content=\"greatreset\" \/>\n\t<meta name=\"twitter:label2\" content=\"Gesch\u00e4tzte Lesezeit\" \/>\n\t<meta name=\"twitter:data2\" content=\"4\u00a0Minuten\" \/>\n<script type=\"application\/ld+json\" class=\"yoast-schema-graph\">{\"@context\":\"https:\/\/schema.org\",\"@graph\":[{\"@type\":\"Article\",\"@id\":\"https:\/\/now-news.de\/de\/usa\/uvalde-beamte-werden-bereits-am-montag-ein-77-minuetiges-video-veroeffentlichen\/#article\",\"isPartOf\":{\"@id\":\"https:\/\/now-news.de\/de\/usa\/uvalde-beamte-werden-bereits-am-montag-ein-77-minuetiges-video-veroeffentlichen\/\"},\"author\":{\"name\":\"greatreset\",\"@id\":\"https:\/\/now-news.de\/de\/#\/schema\/person\/8afb4cd92b68572db7902c13a349ffcb\"},\"headline\":\"Uvalde-Beamte werden bereits am Montag ein 77-min\u00fctiges Video ver\u00f6ffentlichen\",\"datePublished\":\"2022-07-12T14:00:00+00:00\",\"dateModified\":\"2022-07-12T14:00:00+00:00\",\"mainEntityOfPage\":{\"@id\":\"https:\/\/now-news.de\/de\/usa\/uvalde-beamte-werden-bereits-am-montag-ein-77-minuetiges-video-veroeffentlichen\/\"},\"wordCount\":870,\"commentCount\":0,\"publisher\":{\"@id\":\"https:\/\/now-news.de\/de\/#organization\"},\"image\":{\"@id\":\"https:\/\/now-news.de\/de\/usa\/uvalde-beamte-werden-bereits-am-montag-ein-77-minuetiges-video-veroeffentlichen\/#primaryimage\"},\"thumbnailUrl\":\"https:\/\/now-news.de\/de\/wp-content\/uploads\/sites\/3\/2022\/07\/Uvalde-Beamte-werden-bereits-am-Montag-ein-77-minuetiges-Video-veroeffentlichen.jpeg\",\"keywords\":[\"77min\u00fctiges\",\"bereits\",\"ein\",\"Montag\",\"UvaldeBeamte\",\"ver\u00f6ffentlichen\",\"Video\",\"Werden\"],\"articleSection\":[\"USA\"],\"inLanguage\":\"de\",\"potentialAction\":[{\"@type\":\"CommentAction\",\"name\":\"Comment\",\"target\":[\"https:\/\/now-news.de\/de\/usa\/uvalde-beamte-werden-bereits-am-montag-ein-77-minuetiges-video-veroeffentlichen\/#respond\"]}]},{\"@type\":\"WebPage\",\"@id\":\"https:\/\/now-news.de\/de\/usa\/uvalde-beamte-werden-bereits-am-montag-ein-77-minuetiges-video-veroeffentlichen\/\",\"url\":\"https:\/\/now-news.de\/de\/usa\/uvalde-beamte-werden-bereits-am-montag-ein-77-minuetiges-video-veroeffentlichen\/\",\"name\":\"Uvalde-Beamte werden bereits am Montag ein 77-min\u00fctiges Video ver\u00f6ffentlichen - just-now.NEWS Deutschland\",\"isPartOf\":{\"@id\":\"https:\/\/now-news.de\/de\/#website\"},\"primaryImageOfPage\":{\"@id\":\"https:\/\/now-news.de\/de\/usa\/uvalde-beamte-werden-bereits-am-montag-ein-77-minuetiges-video-veroeffentlichen\/#primaryimage\"},\"image\":{\"@id\":\"https:\/\/now-news.de\/de\/usa\/uvalde-beamte-werden-bereits-am-montag-ein-77-minuetiges-video-veroeffentlichen\/#primaryimage\"},\"thumbnailUrl\":\"https:\/\/now-news.de\/de\/wp-content\/uploads\/sites\/3\/2022\/07\/Uvalde-Beamte-werden-bereits-am-Montag-ein-77-minuetiges-Video-veroeffentlichen.jpeg\",\"datePublished\":\"2022-07-12T14:00:00+00:00\",\"dateModified\":\"2022-07-12T14:00:00+00:00\",\"breadcrumb\":{\"@id\":\"https:\/\/now-news.de\/de\/usa\/uvalde-beamte-werden-bereits-am-montag-ein-77-minuetiges-video-veroeffentlichen\/#breadcrumb\"},\"inLanguage\":\"de\",\"potentialAction\":[{\"@type\":\"ReadAction\",\"target\":[\"https:\/\/now-news.de\/de\/usa\/uvalde-beamte-werden-bereits-am-montag-ein-77-minuetiges-video-veroeffentlichen\/\"]}]},{\"@type\":\"ImageObject\",\"inLanguage\":\"de\",\"@id\":\"https:\/\/now-news.de\/de\/usa\/uvalde-beamte-werden-bereits-am-montag-ein-77-minuetiges-video-veroeffentlichen\/#primaryimage\",\"url\":\"https:\/\/now-news.de\/de\/wp-content\/uploads\/sites\/3\/2022\/07\/Uvalde-Beamte-werden-bereits-am-Montag-ein-77-minuetiges-Video-veroeffentlichen.jpeg\",\"contentUrl\":\"https:\/\/now-news.de\/de\/wp-content\/uploads\/sites\/3\/2022\/07\/Uvalde-Beamte-werden-bereits-am-Montag-ein-77-minuetiges-Video-veroeffentlichen.jpeg\",\"width\":1100,\"height\":825},{\"@type\":\"BreadcrumbList\",\"@id\":\"https:\/\/now-news.de\/de\/usa\/uvalde-beamte-werden-bereits-am-montag-ein-77-minuetiges-video-veroeffentlichen\/#breadcrumb\",\"itemListElement\":[{\"@type\":\"ListItem\",\"position\":1,\"name\":\"Home\",\"item\":\"https:\/\/now-news.de\/de\/\"},{\"@type\":\"ListItem\",\"position\":2,\"name\":\"Uvalde-Beamte werden bereits am Montag ein 77-min\u00fctiges Video ver\u00f6ffentlichen\"}]},{\"@type\":\"WebSite\",\"@id\":\"https:\/\/now-news.de\/de\/#website\",\"url\":\"https:\/\/now-news.de\/de\/\",\"name\":\"just-now.NEWS Deutschland\",\"description\":\"Das Portal f\u00fcr unzensierte Nachrichten aus der Welt\",\"publisher\":{\"@id\":\"https:\/\/now-news.de\/de\/#organization\"},\"potentialAction\":[{\"@type\":\"SearchAction\",\"target\":{\"@type\":\"EntryPoint\",\"urlTemplate\":\"https:\/\/now-news.de\/de\/?s={search_term_string}\"},\"query-input\":\"required name=search_term_string\"}],\"inLanguage\":\"de\"},{\"@type\":\"Organization\",\"@id\":\"https:\/\/now-news.de\/de\/#organization\",\"name\":\"Just Now News\",\"url\":\"https:\/\/now-news.de\/de\/\",\"logo\":{\"@type\":\"ImageObject\",\"inLanguage\":\"de\",\"@id\":\"https:\/\/now-news.de\/de\/#\/schema\/logo\/image\/\",\"url\":\"http:\/\/just-now.news\/de\/wp-content\/uploads\/sites\/3\/2022\/04\/logo500x500.jpg\",\"contentUrl\":\"http:\/\/just-now.news\/de\/wp-content\/uploads\/sites\/3\/2022\/04\/logo500x500.jpg\",\"width\":500,\"height\":500,\"caption\":\"Just Now News\"},\"image\":{\"@id\":\"https:\/\/now-news.de\/de\/#\/schema\/logo\/image\/\"},\"sameAs\":[\"https:\/\/www.facebook.com\/wirmachenauf\",\"https:\/\/x.com\/WirMachenAuf_de\"]},{\"@type\":\"Person\",\"@id\":\"https:\/\/now-news.de\/de\/#\/schema\/person\/8afb4cd92b68572db7902c13a349ffcb\",\"name\":\"greatreset\",\"image\":{\"@type\":\"ImageObject\",\"inLanguage\":\"de\",\"@id\":\"https:\/\/now-news.de\/de\/#\/schema\/person\/image\/\",\"url\":\"https:\/\/secure.gravatar.com\/avatar\/a088df625d49991c090e78c8b9542592?s=96&d=mm&r=g\",\"contentUrl\":\"https:\/\/secure.gravatar.com\/avatar\/a088df625d49991c090e78c8b9542592?s=96&d=mm&r=g\",\"caption\":\"greatreset\"},\"url\":\"https:\/\/now-news.de\/de\/author\/greatreset\/\"}]}<\/script>\n<!-- \/ Yoast SEO Premium plugin. -->","yoast_head_json":{"title":"Uvalde-Beamte werden bereits am Montag ein 77-min\u00fctiges Video ver\u00f6ffentlichen - just-now.NEWS Deutschland","robots":{"index":"index","follow":"follow","max-snippet":"max-snippet:-1","max-image-preview":"max-image-preview:large","max-video-preview":"max-video-preview:-1"},"canonical":"https:\/\/now-news.de\/de\/usa\/uvalde-beamte-werden-bereits-am-montag-ein-77-minuetiges-video-veroeffentlichen\/","og_locale":"de_DE","og_type":"article","og_title":"Uvalde-Beamte werden bereits am Montag ein 77-min\u00fctiges Video ver\u00f6ffentlichen","og_description":"Blumen werden am 25. Mai 2022 auf einem provisorischen Denkmal vor der Robb-Grundschule in Uvalde, Texas, niedergelegt. \u2013 Die eng verbundene Latino-Gemeinde von Uvalde wurde am Mittwoch von Trauer gesch\u00fcttelt, nachdem ein Teenager in Schutzkleidung in die Schule marschiert und get\u00f6tet worden war 19 Kinder und zwei Lehrer im j\u00fcngsten Ausbruch t\u00f6dlicher Waffengewalt in den [&hellip;]","og_url":"https:\/\/now-news.de\/de\/usa\/uvalde-beamte-werden-bereits-am-montag-ein-77-minuetiges-video-veroeffentlichen\/","og_site_name":"just-now.NEWS Deutschland","article_publisher":"https:\/\/www.facebook.com\/wirmachenauf","article_published_time":"2022-07-12T14:00:00+00:00","og_image":[{"width":1100,"height":825,"url":"https:\/\/now-news.de\/de\/wp-content\/uploads\/sites\/3\/2022\/07\/Uvalde-Beamte-werden-bereits-am-Montag-ein-77-minuetiges-Video-veroeffentlichen.jpeg","type":"image\/jpeg"}],"author":"greatreset","twitter_card":"summary_large_image","twitter_creator":"@WirMachenAuf_de","twitter_site":"@WirMachenAuf_de","twitter_misc":{"Verfasst von":"greatreset","Gesch\u00e4tzte Lesezeit":"4\u00a0Minuten"},"schema":{"@context":"https:\/\/schema.org","@graph":[{"@type":"Article","@id":"https:\/\/now-news.de\/de\/usa\/uvalde-beamte-werden-bereits-am-montag-ein-77-minuetiges-video-veroeffentlichen\/#article","isPartOf":{"@id":"https:\/\/now-news.de\/de\/usa\/uvalde-beamte-werden-bereits-am-montag-ein-77-minuetiges-video-veroeffentlichen\/"},"author":{"name":"greatreset","@id":"https:\/\/now-news.de\/de\/#\/schema\/person\/8afb4cd92b68572db7902c13a349ffcb"},"headline":"Uvalde-Beamte werden bereits am Montag ein 77-min\u00fctiges Video ver\u00f6ffentlichen","datePublished":"2022-07-12T14:00:00+00:00","dateModified":"2022-07-12T14:00:00+00:00","mainEntityOfPage":{"@id":"https:\/\/now-news.de\/de\/usa\/uvalde-beamte-werden-bereits-am-montag-ein-77-minuetiges-video-veroeffentlichen\/"},"wordCount":870,"commentCount":0,"publisher":{"@id":"https:\/\/now-news.de\/de\/#organization"},"image":{"@id":"https:\/\/now-news.de\/de\/usa\/uvalde-beamte-werden-bereits-am-montag-ein-77-minuetiges-video-veroeffentlichen\/#primaryimage"},"thumbnailUrl":"https:\/\/now-news.de\/de\/wp-content\/uploads\/sites\/3\/2022\/07\/Uvalde-Beamte-werden-bereits-am-Montag-ein-77-minuetiges-Video-veroeffentlichen.jpeg","keywords":["77min\u00fctiges","bereits","ein","Montag","UvaldeBeamte","ver\u00f6ffentlichen","Video","Werden"],"articleSection":["USA"],"inLanguage":"de","potentialAction":[{"@type":"CommentAction","name":"Comment","target":["https:\/\/now-news.de\/de\/usa\/uvalde-beamte-werden-bereits-am-montag-ein-77-minuetiges-video-veroeffentlichen\/#respond"]}]},{"@type":"WebPage","@id":"https:\/\/now-news.de\/de\/usa\/uvalde-beamte-werden-bereits-am-montag-ein-77-minuetiges-video-veroeffentlichen\/","url":"https:\/\/now-news.de\/de\/usa\/uvalde-beamte-werden-bereits-am-montag-ein-77-minuetiges-video-veroeffentlichen\/","name":"Uvalde-Beamte werden bereits am Montag ein 77-min\u00fctiges Video ver\u00f6ffentlichen - just-now.NEWS Deutschland","isPartOf":{"@id":"https:\/\/now-news.de\/de\/#website"},"primaryImageOfPage":{"@id":"https:\/\/now-news.de\/de\/usa\/uvalde-beamte-werden-bereits-am-montag-ein-77-minuetiges-video-veroeffentlichen\/#primaryimage"},"image":{"@id":"https:\/\/now-news.de\/de\/usa\/uvalde-beamte-werden-bereits-am-montag-ein-77-minuetiges-video-veroeffentlichen\/#primaryimage"},"thumbnailUrl":"https:\/\/now-news.de\/de\/wp-content\/uploads\/sites\/3\/2022\/07\/Uvalde-Beamte-werden-bereits-am-Montag-ein-77-minuetiges-Video-veroeffentlichen.jpeg","datePublished":"2022-07-12T14:00:00+00:00","dateModified":"2022-07-12T14:00:00+00:00","breadcrumb":{"@id":"https:\/\/now-news.de\/de\/usa\/uvalde-beamte-werden-bereits-am-montag-ein-77-minuetiges-video-veroeffentlichen\/#breadcrumb"},"inLanguage":"de","potentialAction":[{"@type":"ReadAction","target":["https:\/\/now-news.de\/de\/usa\/uvalde-beamte-werden-bereits-am-montag-ein-77-minuetiges-video-veroeffentlichen\/"]}]},{"@type":"ImageObject","inLanguage":"de","@id":"https:\/\/now-news.de\/de\/usa\/uvalde-beamte-werden-bereits-am-montag-ein-77-minuetiges-video-veroeffentlichen\/#primaryimage","url":"https:\/\/now-news.de\/de\/wp-content\/uploads\/sites\/3\/2022\/07\/Uvalde-Beamte-werden-bereits-am-Montag-ein-77-minuetiges-Video-veroeffentlichen.jpeg","contentUrl":"https:\/\/now-news.de\/de\/wp-content\/uploads\/sites\/3\/2022\/07\/Uvalde-Beamte-werden-bereits-am-Montag-ein-77-minuetiges-Video-veroeffentlichen.jpeg","width":1100,"height":825},{"@type":"BreadcrumbList","@id":"https:\/\/now-news.de\/de\/usa\/uvalde-beamte-werden-bereits-am-montag-ein-77-minuetiges-video-veroeffentlichen\/#breadcrumb","itemListElement":[{"@type":"ListItem","position":1,"name":"Home","item":"https:\/\/now-news.de\/de\/"},{"@type":"ListItem","position":2,"name":"Uvalde-Beamte werden bereits am Montag ein 77-min\u00fctiges Video ver\u00f6ffentlichen"}]},{"@type":"WebSite","@id":"https:\/\/now-news.de\/de\/#website","url":"https:\/\/now-news.de\/de\/","name":"just-now.NEWS Deutschland","description":"Das Portal f\u00fcr unzensierte Nachrichten aus der Welt","publisher":{"@id":"https:\/\/now-news.de\/de\/#organization"},"potentialAction":[{"@type":"SearchAction","target":{"@type":"EntryPoint","urlTemplate":"https:\/\/now-news.de\/de\/?s={search_term_string}"},"query-input":"required name=search_term_string"}],"inLanguage":"de"},{"@type":"Organization","@id":"https:\/\/now-news.de\/de\/#organization","name":"Just Now News","url":"https:\/\/now-news.de\/de\/","logo":{"@type":"ImageObject","inLanguage":"de","@id":"https:\/\/now-news.de\/de\/#\/schema\/logo\/image\/","url":"http:\/\/just-now.news\/de\/wp-content\/uploads\/sites\/3\/2022\/04\/logo500x500.jpg","contentUrl":"http:\/\/just-now.news\/de\/wp-content\/uploads\/sites\/3\/2022\/04\/logo500x500.jpg","width":500,"height":500,"caption":"Just Now News"},"image":{"@id":"https:\/\/now-news.de\/de\/#\/schema\/logo\/image\/"},"sameAs":["https:\/\/www.facebook.com\/wirmachenauf","https:\/\/x.com\/WirMachenAuf_de"]},{"@type":"Person","@id":"https:\/\/now-news.de\/de\/#\/schema\/person\/8afb4cd92b68572db7902c13a349ffcb","name":"greatreset","image":{"@type":"ImageObject","inLanguage":"de","@id":"https:\/\/now-news.de\/de\/#\/schema\/person\/image\/","url":"https:\/\/secure.gravatar.com\/avatar\/a088df625d49991c090e78c8b9542592?s=96&d=mm&r=g","contentUrl":"https:\/\/secure.gravatar.com\/avatar\/a088df625d49991c090e78c8b9542592?s=96&d=mm&r=g","caption":"greatreset"},"url":"https:\/\/now-news.de\/de\/author\/greatreset\/"}]}},"_links":{"self":[{"href":"https:\/\/now-news.de\/de\/wp-json\/wp\/v2\/posts\/13593"}],"collection":[{"href":"https:\/\/now-news.de\/de\/wp-json\/wp\/v2\/posts"}],"about":[{"href":"https:\/\/now-news.de\/de\/wp-json\/wp\/v2\/types\/post"}],"author":[{"embeddable":true,"href":"https:\/\/now-news.de\/de\/wp-json\/wp\/v2\/users\/5"}],"replies":[{"embeddable":true,"href":"https:\/\/now-news.de\/de\/wp-json\/wp\/v2\/comments?post=13593"}],"version-history":[{"count":0,"href":"https:\/\/now-news.de\/de\/wp-json\/wp\/v2\/posts\/13593\/revisions"}],"wp:featuredmedia":[{"embeddable":true,"href":"https:\/\/now-news.de\/de\/wp-json\/wp\/v2\/media\/13594"}],"wp:attachment":[{"href":"https:\/\/now-news.de\/de\/wp-json\/wp\/v2\/media?parent=13593"}],"wp:term":[{"taxonomy":"category","embeddable":true,"href":"https:\/\/now-news.de\/de\/wp-json\/wp\/v2\/categories?post=13593"},{"taxonomy":"post_tag","embeddable":true,"href":"https:\/\/now-news.de\/de\/wp-json\/wp\/v2\/tags?post=13593"}],"curies":[{"name":"wp","href":"https:\/\/api.w.org\/{rel}","templated":true}]}}