{"id":13527,"date":"2022-07-11T22:29:26","date_gmt":"2022-07-11T20:29:26","guid":{"rendered":"http:\/\/just-now.news\/de\/deutschland\/duda-polen-wird-sich-nicht-an-ukraine-raechen-wegen-massaker-durch-ukrainische-nazis\/"},"modified":"2022-07-11T22:29:26","modified_gmt":"2022-07-11T20:29:26","slug":"duda-polen-wird-sich-nicht-an-ukraine-raechen-wegen-massaker-durch-ukrainische-nazis","status":"publish","type":"post","link":"https:\/\/now-news.de\/de\/deutschland\/duda-polen-wird-sich-nicht-an-ukraine-raechen-wegen-massaker-durch-ukrainische-nazis\/","title":{"rendered":"Duda: Polen wird sich nicht an Ukraine r\u00e4chen wegen Massaker durch ukrainische Nazis"},"content":{"rendered":"<p><img decoding=\"async\" src=\"http:\/\/just-now.news\/de\/wp-content\/uploads\/sites\/3\/2022\/07\/62cc6fc7b480cc05d363f51b.jpg\" \/><\/p>\n<div class=\"Text-root Text-type_1 \">\n                Laut dem Pr\u00e4sidenten Andrzej Duda wolle sich Polen nicht an der Ukraine r\u00e4chen. Duda r\u00e4umte jedoch ein, dass das Massaker an Polen durch ukrainische Nationalisten in den 1940er Jahren ein schwieriges Thema f\u00fcr beide Nationen bleibe.\n            <\/div>\n<p><\/p>\n<div class=\"Text-root Text-type_5 ArticleView-text ViewText-root \">\n<p>Polen wolle sich nicht an der Ukraine f\u00fcr den Massenmord an Polen in den 1940er Jahren r\u00e4chen. Dies hat der polnische Pr\u00e4sident Andrzej Duda am Montag w\u00e4hrend der j\u00e4hrlichen Gedenkzeremonie f\u00fcr die Opfer des Wolhynien-Massakers in Warschau erkl\u00e4rt.<\/p>\n<p>Die brutalen Massaker wurden von der Ukrainischen Aufst\u00e4ndischen Armee, dem militanten Fl\u00fcgel der Organisation Ukrainischer Nationalisten von Stepan Bandera, in Ostgalizien ver\u00fcbt, das nach dem Zweiten Weltkrieg in die Ukrainische Sozialistische Sowjetrepublik eingegliedert wurde. Der grausigste Tag der Massaker ereignete sich am 11. Juli 1943 und wurde als &#8220;Blutsonntag&#8221; bezeichnet.\u00a0Aus diesem Grund wird am\u00a011.\u00a0Juli\u00a0in Polen der Nationale\u00a0Gedenktag\u00a0f\u00fcr die Opfer des Massakers von\u00a0Wolhynien\u00a0begangen.<\/p>\n<p>Andrzej Duda bezog sich bei seiner Rede auf die Hilfe und Unterst\u00fctzung, die sein Land den Ukrainern inmitten der russischen Milit\u00e4roperation gew\u00e4hrt. Dies soll ein Zeichen der freundlichen Haltung gegen\u00fcber der Ukraine sein. W\u00f6rtlich sagte Duda:<\/p>\n<blockquote>\n<p>&#8220;<em>Die Wahrheit muss klar und deutlich ausgesprochen werden. Es ging und geht nicht um Rache, nicht um Vergeltung, und es gibt keinen besseren Beweis daf\u00fcr als die Zeit, die wir jetzt erleben.<\/em>&#8220;<\/p>\n<\/blockquote>\n<p>Zudem zeige die Geschichte, dass jede Rache immer zu einer weiteren Rache f\u00fchre. Weder Warschau noch Kiew w\u00fcrden von einer Konfrontation profitieren, hie\u00df es weiter. Dabei wies Duda auf Russland hin:<\/p>\n<blockquote>\n<p>&#8220;<em>Sie wissen, wer der gr\u00f6\u00dfte Nutznie\u00dfer sein wird. Derjenige, der versucht, der Ukraine Freiheit und Land zu nehmen.<\/em>&#8220;<\/p>\n<\/blockquote>\n<p>Duda erkl\u00e4rte auch, dass sein ukrainischer Amtskollege Wladimir Selenskij dem Parlament einen Gesetzesentwurf vorgelegt habe, der den Polen einen Sonderstatus in der Ukraine verleihen w\u00fcrde. Dieser Schritt hat nach Ansicht von Duda eine symbolische Bedeutung, da eine Nation, die &#8220;um jeden Preis versucht hat, die Polen loszuwerden&#8221;, sie nun willkommen hei\u00dft.<\/p>\n<p>Jedoch gab Duda zu, dass die Wolhynien-Massaker, bei denen mehr als 100.000 Menschen get\u00f6tet wurden, f\u00fcr die Polen ein &#8220;\u00e4u\u00dferst schmerzhaftes Thema&#8221; seien, und &#8220;schwierig, weil es vor allem peinlich&#8221; f\u00fcr die Ukrainer sei. Duda betonte, die Polen m\u00f6chten, dass der Opfer von Wolhynien angemessen gedacht werde, und Warschau sei bereit, das Gleiche f\u00fcr die auf seinem Gebiet begrabenen Ukrainer zu tun.<\/p>\n<p>F\u00fcr Warschau und Kiew ist dies seit langem ein heikles Thema. Viele in der modernen Ukraine halten Stepan Bandera f\u00fcr einen Nationalhelden und neigen dazu, die von ukrainischen Nationalisten begangenen Gr\u00e4ueltaten zu \u00fcbersehen. Polen sieht in den Massakern in Wolhynien einen V\u00f6lkermord.<\/p>\n<p>Nach dem Zweiten Weltkrieg stimmte Polen zu, sich von der Region Ostgalizien und dem gr\u00f6\u00dften Teil Wolhyniens zu trennen, die in die Ukrainische Sozialistische Sowjetrepublik eingegliedert wurden. Warschau wurde mit Gebieten entsch\u00e4digt, die zuvor zu Deutschland geh\u00f6rt hatten, insbesondere mit der Hafenstadt Danzig.<\/p>\n<p>Im April behauptete der Chef des russischen Auslandsgeheimdienstes, Sergei Naryschkin, dass Moskau brisante Geheimdienstinformationen erlangt habe, die darauf hindeuten, dass Polen und die USA an einem gemeinsamen Plan arbeiten. Ziel dieses Plans sei es,\u00a0dass Warschau die Kontrolle \u00fcber ukrainische Gebiete zur\u00fcckgewinnen solle, die\u00a0&#8220;historisch zu Polen geh\u00f6ren&#8221;. Polen wies diese Behauptungen kategorisch zur\u00fcck.<\/p>\n<p><strong>Mehr zum Thema<\/strong> &#8211; <a rel=\"nofollow noopener\" target=\"_blank\" href=\"https:\/\/kurz.rt.com\/31tw\">Botschafter Melnyk leugnet Mitschuld ukrainischer Nationalisten an Massaker an Polen und Juden<\/a><\/p>\n<\/div>\n<p><br \/>\n<br \/><a href=\"https:\/\/de.rt.com\/international\/143225-duda-polen-wird-sich-nicht\/\">Source link <\/a><\/p>\n","protected":false},"excerpt":{"rendered":"<p>Laut dem Pr\u00e4sidenten Andrzej Duda wolle sich Polen nicht an der Ukraine r\u00e4chen. Duda r\u00e4umte jedoch ein, dass das Massaker an Polen durch ukrainische Nationalisten in den 1940er Jahren ein schwieriges Thema f\u00fcr beide Nationen bleibe. Polen wolle sich nicht an der Ukraine f\u00fcr den Massenmord an Polen in den 1940er Jahren r\u00e4chen. Dies hat [&hellip;]<\/p>\n","protected":false},"author":3,"featured_media":13528,"comment_status":"open","ping_status":"open","sticky":false,"template":"","format":"standard","meta":{"wp_automatic_camp":["217"],"a30069758d8100b5b3210a1c8f370799":["Duda: Polen wird sich nicht an Ukraine r\u00e4chen wegen Massaker durch ukrainische Nazis"],"original_link":["https:\/\/de.rt.com\/international\/143225-duda-polen-wird-sich-nicht\/"],"_thumbnail_id":["13528"],"_wptg_p2tg_sent2tg":["2022-07-11 22:43:13"],"jnews_social_counter_last_update":["1777324594"]},"categories":[19,23],"tags":[16037,1024,7538,13411,800,5850,27643,434,127,905,145,374],"yoast_head":"<!-- This site is optimized with the Yoast SEO Premium plugin v22.7 (Yoast SEO v22.7) - https:\/\/yoast.com\/wordpress\/plugins\/seo\/ -->\n<title>Duda: Polen wird sich nicht an Ukraine r\u00e4chen wegen Massaker durch ukrainische Nazis - just-now.NEWS Deutschland<\/title>\n<meta name=\"robots\" content=\"index, follow, max-snippet:-1, max-image-preview:large, max-video-preview:-1\" \/>\n<link rel=\"canonical\" href=\"https:\/\/now-news.de\/de\/deutschland\/duda-polen-wird-sich-nicht-an-ukraine-raechen-wegen-massaker-durch-ukrainische-nazis\/\" \/>\n<meta property=\"og:locale\" content=\"de_DE\" \/>\n<meta property=\"og:type\" content=\"article\" \/>\n<meta property=\"og:title\" content=\"Duda: Polen wird sich nicht an Ukraine r\u00e4chen wegen Massaker durch ukrainische Nazis\" \/>\n<meta property=\"og:description\" content=\"Laut dem Pr\u00e4sidenten Andrzej Duda wolle sich Polen nicht an der Ukraine r\u00e4chen. Duda r\u00e4umte jedoch ein, dass das Massaker an Polen durch ukrainische Nationalisten in den 1940er Jahren ein schwieriges Thema f\u00fcr beide Nationen bleibe. Polen wolle sich nicht an der Ukraine f\u00fcr den Massenmord an Polen in den 1940er Jahren r\u00e4chen. Dies hat [&hellip;]\" \/>\n<meta property=\"og:url\" content=\"https:\/\/now-news.de\/de\/deutschland\/duda-polen-wird-sich-nicht-an-ukraine-raechen-wegen-massaker-durch-ukrainische-nazis\/\" \/>\n<meta property=\"og:site_name\" content=\"just-now.NEWS Deutschland\" \/>\n<meta property=\"article:publisher\" content=\"https:\/\/www.facebook.com\/wirmachenauf\" \/>\n<meta property=\"article:published_time\" content=\"2022-07-11T20:29:26+00:00\" \/>\n<meta property=\"og:image\" content=\"https:\/\/now-news.de\/de\/wp-content\/uploads\/sites\/3\/2022\/07\/Duda-Polen-wird-sich-nicht-an-Ukraine-raechen-wegen-Massaker.jpg\" \/>\n\t<meta property=\"og:image:width\" content=\"460\" \/>\n\t<meta property=\"og:image:height\" content=\"259\" \/>\n\t<meta property=\"og:image:type\" content=\"image\/jpeg\" \/>\n<meta name=\"author\" content=\"rtnews\" \/>\n<meta name=\"twitter:card\" content=\"summary_large_image\" \/>\n<meta name=\"twitter:creator\" content=\"@WirMachenAuf_de\" \/>\n<meta name=\"twitter:site\" content=\"@WirMachenAuf_de\" \/>\n<meta name=\"twitter:label1\" content=\"Verfasst von\" \/>\n\t<meta name=\"twitter:data1\" content=\"rtnews\" \/>\n\t<meta name=\"twitter:label2\" content=\"Gesch\u00e4tzte Lesezeit\" \/>\n\t<meta name=\"twitter:data2\" content=\"3\u00a0Minuten\" \/>\n<script type=\"application\/ld+json\" class=\"yoast-schema-graph\">{\"@context\":\"https:\/\/schema.org\",\"@graph\":[{\"@type\":\"Article\",\"@id\":\"https:\/\/now-news.de\/de\/deutschland\/duda-polen-wird-sich-nicht-an-ukraine-raechen-wegen-massaker-durch-ukrainische-nazis\/#article\",\"isPartOf\":{\"@id\":\"https:\/\/now-news.de\/de\/deutschland\/duda-polen-wird-sich-nicht-an-ukraine-raechen-wegen-massaker-durch-ukrainische-nazis\/\"},\"author\":{\"name\":\"rtnews\",\"@id\":\"https:\/\/now-news.de\/de\/#\/schema\/person\/fb534a4e865501d8b3285208df34a9b5\"},\"headline\":\"Duda: Polen wird sich nicht an Ukraine r\u00e4chen wegen Massaker durch ukrainische Nazis\",\"datePublished\":\"2022-07-11T20:29:26+00:00\",\"dateModified\":\"2022-07-11T20:29:26+00:00\",\"mainEntityOfPage\":{\"@id\":\"https:\/\/now-news.de\/de\/deutschland\/duda-polen-wird-sich-nicht-an-ukraine-raechen-wegen-massaker-durch-ukrainische-nazis\/\"},\"wordCount\":586,\"commentCount\":0,\"publisher\":{\"@id\":\"https:\/\/now-news.de\/de\/#organization\"},\"image\":{\"@id\":\"https:\/\/now-news.de\/de\/deutschland\/duda-polen-wird-sich-nicht-an-ukraine-raechen-wegen-massaker-durch-ukrainische-nazis\/#primaryimage\"},\"thumbnailUrl\":\"https:\/\/now-news.de\/de\/wp-content\/uploads\/sites\/3\/2022\/07\/Duda-Polen-wird-sich-nicht-an-Ukraine-raechen-wegen-Massaker.jpg\",\"keywords\":[\"duda\",\"durch\",\"Massaker\",\"Nazis\",\"nicht\",\"Polen\",\"r\u00e4chen\",\"sich\",\"ukraine\",\"Ukrainische\",\"wegen\",\"wird\"],\"articleSection\":[\"Deutschland\",\"Russland\"],\"inLanguage\":\"de\",\"potentialAction\":[{\"@type\":\"CommentAction\",\"name\":\"Comment\",\"target\":[\"https:\/\/now-news.de\/de\/deutschland\/duda-polen-wird-sich-nicht-an-ukraine-raechen-wegen-massaker-durch-ukrainische-nazis\/#respond\"]}]},{\"@type\":\"WebPage\",\"@id\":\"https:\/\/now-news.de\/de\/deutschland\/duda-polen-wird-sich-nicht-an-ukraine-raechen-wegen-massaker-durch-ukrainische-nazis\/\",\"url\":\"https:\/\/now-news.de\/de\/deutschland\/duda-polen-wird-sich-nicht-an-ukraine-raechen-wegen-massaker-durch-ukrainische-nazis\/\",\"name\":\"Duda: Polen wird sich nicht an Ukraine r\u00e4chen wegen Massaker durch ukrainische Nazis - just-now.NEWS Deutschland\",\"isPartOf\":{\"@id\":\"https:\/\/now-news.de\/de\/#website\"},\"primaryImageOfPage\":{\"@id\":\"https:\/\/now-news.de\/de\/deutschland\/duda-polen-wird-sich-nicht-an-ukraine-raechen-wegen-massaker-durch-ukrainische-nazis\/#primaryimage\"},\"image\":{\"@id\":\"https:\/\/now-news.de\/de\/deutschland\/duda-polen-wird-sich-nicht-an-ukraine-raechen-wegen-massaker-durch-ukrainische-nazis\/#primaryimage\"},\"thumbnailUrl\":\"https:\/\/now-news.de\/de\/wp-content\/uploads\/sites\/3\/2022\/07\/Duda-Polen-wird-sich-nicht-an-Ukraine-raechen-wegen-Massaker.jpg\",\"datePublished\":\"2022-07-11T20:29:26+00:00\",\"dateModified\":\"2022-07-11T20:29:26+00:00\",\"breadcrumb\":{\"@id\":\"https:\/\/now-news.de\/de\/deutschland\/duda-polen-wird-sich-nicht-an-ukraine-raechen-wegen-massaker-durch-ukrainische-nazis\/#breadcrumb\"},\"inLanguage\":\"de\",\"potentialAction\":[{\"@type\":\"ReadAction\",\"target\":[\"https:\/\/now-news.de\/de\/deutschland\/duda-polen-wird-sich-nicht-an-ukraine-raechen-wegen-massaker-durch-ukrainische-nazis\/\"]}]},{\"@type\":\"ImageObject\",\"inLanguage\":\"de\",\"@id\":\"https:\/\/now-news.de\/de\/deutschland\/duda-polen-wird-sich-nicht-an-ukraine-raechen-wegen-massaker-durch-ukrainische-nazis\/#primaryimage\",\"url\":\"https:\/\/now-news.de\/de\/wp-content\/uploads\/sites\/3\/2022\/07\/Duda-Polen-wird-sich-nicht-an-Ukraine-raechen-wegen-Massaker.jpg\",\"contentUrl\":\"https:\/\/now-news.de\/de\/wp-content\/uploads\/sites\/3\/2022\/07\/Duda-Polen-wird-sich-nicht-an-Ukraine-raechen-wegen-Massaker.jpg\",\"width\":460,\"height\":259,\"caption\":\"Duda: Polen wird sich nicht an Ukraine r\u00e4chen wegen Massaker durch ukrainische Nazis\"},{\"@type\":\"BreadcrumbList\",\"@id\":\"https:\/\/now-news.de\/de\/deutschland\/duda-polen-wird-sich-nicht-an-ukraine-raechen-wegen-massaker-durch-ukrainische-nazis\/#breadcrumb\",\"itemListElement\":[{\"@type\":\"ListItem\",\"position\":1,\"name\":\"Home\",\"item\":\"https:\/\/now-news.de\/de\/\"},{\"@type\":\"ListItem\",\"position\":2,\"name\":\"Duda: Polen wird sich nicht an Ukraine r\u00e4chen wegen Massaker durch ukrainische Nazis\"}]},{\"@type\":\"WebSite\",\"@id\":\"https:\/\/now-news.de\/de\/#website\",\"url\":\"https:\/\/now-news.de\/de\/\",\"name\":\"just-now.NEWS Deutschland\",\"description\":\"Das Portal f\u00fcr unzensierte Nachrichten aus der Welt\",\"publisher\":{\"@id\":\"https:\/\/now-news.de\/de\/#organization\"},\"potentialAction\":[{\"@type\":\"SearchAction\",\"target\":{\"@type\":\"EntryPoint\",\"urlTemplate\":\"https:\/\/now-news.de\/de\/?s={search_term_string}\"},\"query-input\":\"required name=search_term_string\"}],\"inLanguage\":\"de\"},{\"@type\":\"Organization\",\"@id\":\"https:\/\/now-news.de\/de\/#organization\",\"name\":\"Just Now News\",\"url\":\"https:\/\/now-news.de\/de\/\",\"logo\":{\"@type\":\"ImageObject\",\"inLanguage\":\"de\",\"@id\":\"https:\/\/now-news.de\/de\/#\/schema\/logo\/image\/\",\"url\":\"http:\/\/just-now.news\/de\/wp-content\/uploads\/sites\/3\/2022\/04\/logo500x500.jpg\",\"contentUrl\":\"http:\/\/just-now.news\/de\/wp-content\/uploads\/sites\/3\/2022\/04\/logo500x500.jpg\",\"width\":500,\"height\":500,\"caption\":\"Just Now News\"},\"image\":{\"@id\":\"https:\/\/now-news.de\/de\/#\/schema\/logo\/image\/\"},\"sameAs\":[\"https:\/\/www.facebook.com\/wirmachenauf\",\"https:\/\/x.com\/WirMachenAuf_de\"]},{\"@type\":\"Person\",\"@id\":\"https:\/\/now-news.de\/de\/#\/schema\/person\/fb534a4e865501d8b3285208df34a9b5\",\"name\":\"rtnews\",\"image\":{\"@type\":\"ImageObject\",\"inLanguage\":\"de\",\"@id\":\"https:\/\/now-news.de\/de\/#\/schema\/person\/image\/\",\"url\":\"https:\/\/secure.gravatar.com\/avatar\/82aafea7d8127119dd649515f56e2117?s=96&d=mm&r=g\",\"contentUrl\":\"https:\/\/secure.gravatar.com\/avatar\/82aafea7d8127119dd649515f56e2117?s=96&d=mm&r=g\",\"caption\":\"rtnews\"},\"url\":\"https:\/\/now-news.de\/de\/author\/rnews\/\"}]}<\/script>\n<!-- \/ Yoast SEO Premium plugin. -->","yoast_head_json":{"title":"Duda: Polen wird sich nicht an Ukraine r\u00e4chen wegen Massaker durch ukrainische Nazis - just-now.NEWS Deutschland","robots":{"index":"index","follow":"follow","max-snippet":"max-snippet:-1","max-image-preview":"max-image-preview:large","max-video-preview":"max-video-preview:-1"},"canonical":"https:\/\/now-news.de\/de\/deutschland\/duda-polen-wird-sich-nicht-an-ukraine-raechen-wegen-massaker-durch-ukrainische-nazis\/","og_locale":"de_DE","og_type":"article","og_title":"Duda: Polen wird sich nicht an Ukraine r\u00e4chen wegen Massaker durch ukrainische Nazis","og_description":"Laut dem Pr\u00e4sidenten Andrzej Duda wolle sich Polen nicht an der Ukraine r\u00e4chen. Duda r\u00e4umte jedoch ein, dass das Massaker an Polen durch ukrainische Nationalisten in den 1940er Jahren ein schwieriges Thema f\u00fcr beide Nationen bleibe. Polen wolle sich nicht an der Ukraine f\u00fcr den Massenmord an Polen in den 1940er Jahren r\u00e4chen. Dies hat [&hellip;]","og_url":"https:\/\/now-news.de\/de\/deutschland\/duda-polen-wird-sich-nicht-an-ukraine-raechen-wegen-massaker-durch-ukrainische-nazis\/","og_site_name":"just-now.NEWS Deutschland","article_publisher":"https:\/\/www.facebook.com\/wirmachenauf","article_published_time":"2022-07-11T20:29:26+00:00","og_image":[{"width":460,"height":259,"url":"https:\/\/now-news.de\/de\/wp-content\/uploads\/sites\/3\/2022\/07\/Duda-Polen-wird-sich-nicht-an-Ukraine-raechen-wegen-Massaker.jpg","type":"image\/jpeg"}],"author":"rtnews","twitter_card":"summary_large_image","twitter_creator":"@WirMachenAuf_de","twitter_site":"@WirMachenAuf_de","twitter_misc":{"Verfasst von":"rtnews","Gesch\u00e4tzte Lesezeit":"3\u00a0Minuten"},"schema":{"@context":"https:\/\/schema.org","@graph":[{"@type":"Article","@id":"https:\/\/now-news.de\/de\/deutschland\/duda-polen-wird-sich-nicht-an-ukraine-raechen-wegen-massaker-durch-ukrainische-nazis\/#article","isPartOf":{"@id":"https:\/\/now-news.de\/de\/deutschland\/duda-polen-wird-sich-nicht-an-ukraine-raechen-wegen-massaker-durch-ukrainische-nazis\/"},"author":{"name":"rtnews","@id":"https:\/\/now-news.de\/de\/#\/schema\/person\/fb534a4e865501d8b3285208df34a9b5"},"headline":"Duda: Polen wird sich nicht an Ukraine r\u00e4chen wegen Massaker durch ukrainische Nazis","datePublished":"2022-07-11T20:29:26+00:00","dateModified":"2022-07-11T20:29:26+00:00","mainEntityOfPage":{"@id":"https:\/\/now-news.de\/de\/deutschland\/duda-polen-wird-sich-nicht-an-ukraine-raechen-wegen-massaker-durch-ukrainische-nazis\/"},"wordCount":586,"commentCount":0,"publisher":{"@id":"https:\/\/now-news.de\/de\/#organization"},"image":{"@id":"https:\/\/now-news.de\/de\/deutschland\/duda-polen-wird-sich-nicht-an-ukraine-raechen-wegen-massaker-durch-ukrainische-nazis\/#primaryimage"},"thumbnailUrl":"https:\/\/now-news.de\/de\/wp-content\/uploads\/sites\/3\/2022\/07\/Duda-Polen-wird-sich-nicht-an-Ukraine-raechen-wegen-Massaker.jpg","keywords":["duda","durch","Massaker","Nazis","nicht","Polen","r\u00e4chen","sich","ukraine","Ukrainische","wegen","wird"],"articleSection":["Deutschland","Russland"],"inLanguage":"de","potentialAction":[{"@type":"CommentAction","name":"Comment","target":["https:\/\/now-news.de\/de\/deutschland\/duda-polen-wird-sich-nicht-an-ukraine-raechen-wegen-massaker-durch-ukrainische-nazis\/#respond"]}]},{"@type":"WebPage","@id":"https:\/\/now-news.de\/de\/deutschland\/duda-polen-wird-sich-nicht-an-ukraine-raechen-wegen-massaker-durch-ukrainische-nazis\/","url":"https:\/\/now-news.de\/de\/deutschland\/duda-polen-wird-sich-nicht-an-ukraine-raechen-wegen-massaker-durch-ukrainische-nazis\/","name":"Duda: Polen wird sich nicht an Ukraine r\u00e4chen wegen Massaker durch ukrainische Nazis - just-now.NEWS Deutschland","isPartOf":{"@id":"https:\/\/now-news.de\/de\/#website"},"primaryImageOfPage":{"@id":"https:\/\/now-news.de\/de\/deutschland\/duda-polen-wird-sich-nicht-an-ukraine-raechen-wegen-massaker-durch-ukrainische-nazis\/#primaryimage"},"image":{"@id":"https:\/\/now-news.de\/de\/deutschland\/duda-polen-wird-sich-nicht-an-ukraine-raechen-wegen-massaker-durch-ukrainische-nazis\/#primaryimage"},"thumbnailUrl":"https:\/\/now-news.de\/de\/wp-content\/uploads\/sites\/3\/2022\/07\/Duda-Polen-wird-sich-nicht-an-Ukraine-raechen-wegen-Massaker.jpg","datePublished":"2022-07-11T20:29:26+00:00","dateModified":"2022-07-11T20:29:26+00:00","breadcrumb":{"@id":"https:\/\/now-news.de\/de\/deutschland\/duda-polen-wird-sich-nicht-an-ukraine-raechen-wegen-massaker-durch-ukrainische-nazis\/#breadcrumb"},"inLanguage":"de","potentialAction":[{"@type":"ReadAction","target":["https:\/\/now-news.de\/de\/deutschland\/duda-polen-wird-sich-nicht-an-ukraine-raechen-wegen-massaker-durch-ukrainische-nazis\/"]}]},{"@type":"ImageObject","inLanguage":"de","@id":"https:\/\/now-news.de\/de\/deutschland\/duda-polen-wird-sich-nicht-an-ukraine-raechen-wegen-massaker-durch-ukrainische-nazis\/#primaryimage","url":"https:\/\/now-news.de\/de\/wp-content\/uploads\/sites\/3\/2022\/07\/Duda-Polen-wird-sich-nicht-an-Ukraine-raechen-wegen-Massaker.jpg","contentUrl":"https:\/\/now-news.de\/de\/wp-content\/uploads\/sites\/3\/2022\/07\/Duda-Polen-wird-sich-nicht-an-Ukraine-raechen-wegen-Massaker.jpg","width":460,"height":259,"caption":"Duda: Polen wird sich nicht an Ukraine r\u00e4chen wegen Massaker durch ukrainische Nazis"},{"@type":"BreadcrumbList","@id":"https:\/\/now-news.de\/de\/deutschland\/duda-polen-wird-sich-nicht-an-ukraine-raechen-wegen-massaker-durch-ukrainische-nazis\/#breadcrumb","itemListElement":[{"@type":"ListItem","position":1,"name":"Home","item":"https:\/\/now-news.de\/de\/"},{"@type":"ListItem","position":2,"name":"Duda: Polen wird sich nicht an Ukraine r\u00e4chen wegen Massaker durch ukrainische Nazis"}]},{"@type":"WebSite","@id":"https:\/\/now-news.de\/de\/#website","url":"https:\/\/now-news.de\/de\/","name":"just-now.NEWS Deutschland","description":"Das Portal f\u00fcr unzensierte Nachrichten aus der Welt","publisher":{"@id":"https:\/\/now-news.de\/de\/#organization"},"potentialAction":[{"@type":"SearchAction","target":{"@type":"EntryPoint","urlTemplate":"https:\/\/now-news.de\/de\/?s={search_term_string}"},"query-input":"required name=search_term_string"}],"inLanguage":"de"},{"@type":"Organization","@id":"https:\/\/now-news.de\/de\/#organization","name":"Just Now News","url":"https:\/\/now-news.de\/de\/","logo":{"@type":"ImageObject","inLanguage":"de","@id":"https:\/\/now-news.de\/de\/#\/schema\/logo\/image\/","url":"http:\/\/just-now.news\/de\/wp-content\/uploads\/sites\/3\/2022\/04\/logo500x500.jpg","contentUrl":"http:\/\/just-now.news\/de\/wp-content\/uploads\/sites\/3\/2022\/04\/logo500x500.jpg","width":500,"height":500,"caption":"Just Now News"},"image":{"@id":"https:\/\/now-news.de\/de\/#\/schema\/logo\/image\/"},"sameAs":["https:\/\/www.facebook.com\/wirmachenauf","https:\/\/x.com\/WirMachenAuf_de"]},{"@type":"Person","@id":"https:\/\/now-news.de\/de\/#\/schema\/person\/fb534a4e865501d8b3285208df34a9b5","name":"rtnews","image":{"@type":"ImageObject","inLanguage":"de","@id":"https:\/\/now-news.de\/de\/#\/schema\/person\/image\/","url":"https:\/\/secure.gravatar.com\/avatar\/82aafea7d8127119dd649515f56e2117?s=96&d=mm&r=g","contentUrl":"https:\/\/secure.gravatar.com\/avatar\/82aafea7d8127119dd649515f56e2117?s=96&d=mm&r=g","caption":"rtnews"},"url":"https:\/\/now-news.de\/de\/author\/rnews\/"}]}},"_links":{"self":[{"href":"https:\/\/now-news.de\/de\/wp-json\/wp\/v2\/posts\/13527"}],"collection":[{"href":"https:\/\/now-news.de\/de\/wp-json\/wp\/v2\/posts"}],"about":[{"href":"https:\/\/now-news.de\/de\/wp-json\/wp\/v2\/types\/post"}],"author":[{"embeddable":true,"href":"https:\/\/now-news.de\/de\/wp-json\/wp\/v2\/users\/3"}],"replies":[{"embeddable":true,"href":"https:\/\/now-news.de\/de\/wp-json\/wp\/v2\/comments?post=13527"}],"version-history":[{"count":0,"href":"https:\/\/now-news.de\/de\/wp-json\/wp\/v2\/posts\/13527\/revisions"}],"wp:featuredmedia":[{"embeddable":true,"href":"https:\/\/now-news.de\/de\/wp-json\/wp\/v2\/media\/13528"}],"wp:attachment":[{"href":"https:\/\/now-news.de\/de\/wp-json\/wp\/v2\/media?parent=13527"}],"wp:term":[{"taxonomy":"category","embeddable":true,"href":"https:\/\/now-news.de\/de\/wp-json\/wp\/v2\/categories?post=13527"},{"taxonomy":"post_tag","embeddable":true,"href":"https:\/\/now-news.de\/de\/wp-json\/wp\/v2\/tags?post=13527"}],"curies":[{"name":"wp","href":"https:\/\/api.w.org\/{rel}","templated":true}]}}