{"id":13485,"date":"2022-07-11T15:28:09","date_gmt":"2022-07-11T13:28:09","guid":{"rendered":"http:\/\/just-now.news\/de\/deutschland\/eu-ratsvorsitz-muessen-auf-mehr-ukraine-fluechtlinge-vorbereitet-sein\/"},"modified":"2022-07-11T15:28:09","modified_gmt":"2022-07-11T13:28:09","slug":"eu-ratsvorsitz-muessen-auf-mehr-ukraine-fluechtlinge-vorbereitet-sein","status":"publish","type":"post","link":"https:\/\/now-news.de\/de\/deutschland\/eu-ratsvorsitz-muessen-auf-mehr-ukraine-fluechtlinge-vorbereitet-sein\/","title":{"rendered":"EU-Ratsvorsitz: M\u00fcssen auf mehr Ukraine-Fl\u00fcchtlinge vorbereitet sein"},"content":{"rendered":"<p><img decoding=\"async\" src=\"http:\/\/just-now.news\/de\/wp-content\/uploads\/sites\/3\/2022\/07\/62cc034548fbef47481b09bd.jpg\" \/><\/p>\n<div class=\"Text-root Text-type_1 \">\n                Die Europ\u00e4ische Union m\u00fcsse sich nach Einsch\u00e4tzung des derzeitigen Vorsitzenden des Innenministerrats auf m\u00f6gliche weitere Fl\u00fcchtlinge aus der Ukraine vorbereiten. Dabei ist bereits jetzt die Anspannung in den Aufnahmel\u00e4ndern Deutschland, Polen und Tschechien enorm.\n            <\/div>\n<p><\/p>\n<div class=\"Text-root Text-type_5 ArticleView-text ViewText-root \">\n<p>Nach Einsch\u00e4tzung des derzeitigen Vorsitzenden des Innenministerrats der Europ\u00e4ischen Union (EU) m\u00fcsse sich das Staatenb\u00fcndnis auf m\u00f6gliche weitere Fl\u00fcchtlinge aus der Ukraine vorbereiten. Der tschechische Innenminister <a rel=\"nofollow noopener\" target=\"_blank\" href=\"https:\/\/de.wikipedia.org\/wiki\/V%C3%ADt_Raku%C5%A1an\">V\u00edt Raku\u0161an<\/a>, dessen Land derzeit den Vorsitz im <a rel=\"nofollow noopener\" target=\"_blank\" href=\"https:\/\/de.wikipedia.org\/wiki\/Rat_der_Europ%C3%A4ischen_Union\">Rat der Europ\u00e4ischen Union<\/a> innehat, sagte am Montag am Rande von Beratungen mit seinen Amtskollegen in Prag:<\/p>\n<blockquote>\n<p><em>&#8220;Wir alle hoffen, dass die Situation besser wird, aber das Ende des Krieges sehen wir noch nicht.&#8221;<\/em><\/p>\n<\/blockquote>\n<p>Man m\u00fcsse auf n\u00e4chste Wellen von Ank\u00fcnften vorbereitet sein.<\/p>\n<p>Zudem verwies Raku\u0161an darauf, dass sich einige Aufnahmel\u00e4nder bereits heute an ihren Belastungsgrenzen sehen. Ihm zufolge muss deswegen auch \u00fcber &#8220;Solidarit\u00e4t&#8221; und \u00fcber zus\u00e4tzliche finanzielle und organisatorische Hilfen geredet werden.<\/p>\n<p>Nach Angaben des Fl\u00fcchtlingshilfswerks der Vereinten Nationen (UNHCR) waren zuletzt rund 3,3 Millionen Menschen aus der Ukraine in Europa als Kriegsfl\u00fcchtlinge registriert. Die meisten von ihnen sind den Zahlen zufolge nach Deutschland (670.000), Polen (1,2 Millionen) und nach Tschechien (388.000) eingereist. Dort ist die Belastung f\u00fcr den Steuerzahler sogar noch h\u00f6her als hierzulande, da Deutschland fast 8-mal so viele Einwohner hat wie Tschechien und mehr als doppelt so viele wie Polen. Die aktuelle Wirtschaftskrise im Euroraum und die antirussischen Sanktionen der USA und der EU treffen daneben alle diese L\u00e4nder besonders hart.<\/p>\n<p><strong>Mehr zum Thema<\/strong> &#8211; <a rel=\"nofollow noopener\" target=\"_blank\" href=\"https:\/\/gegenzensur.rtde.world\/meinung\/143129-wenn-sanktionen-nach-hinten-losgehen\/\">Wenn Sanktionen nach hinten losgehen: Die EU hat keinen Plan<\/a><\/p>\n<p><em>RT\/DPA<\/em><\/p>\n<\/div>\n<p><br \/>\n<br \/><a href=\"https:\/\/de.rt.com\/europa\/143189-eu-ratsvorsitz-eu-muss-auf\/\">Source link <\/a><\/p>\n","protected":false},"excerpt":{"rendered":"<p>Die Europ\u00e4ische Union m\u00fcsse sich nach Einsch\u00e4tzung des derzeitigen Vorsitzenden des Innenministerrats auf m\u00f6gliche weitere Fl\u00fcchtlinge aus der Ukraine vorbereiten. Dabei ist bereits jetzt die Anspannung in den Aufnahmel\u00e4ndern Deutschland, Polen und Tschechien enorm. Nach Einsch\u00e4tzung des derzeitigen Vorsitzenden des Innenministerrats der Europ\u00e4ischen Union (EU) m\u00fcsse sich das Staatenb\u00fcndnis auf m\u00f6gliche weitere Fl\u00fcchtlinge aus der [&hellip;]<\/p>\n","protected":false},"author":3,"featured_media":13486,"comment_status":"open","ping_status":"open","sticky":false,"template":"","format":"standard","meta":{"wp_automatic_camp":["217"],"b0a6910efb50e0b32eecb4051983f3cf":["EU-Ratsvorsitz: M\u00fcssen auf mehr Ukraine-Fl\u00fcchtlinge vorbereitet sein"],"original_link":["https:\/\/de.rt.com\/europa\/143189-eu-ratsvorsitz-eu-muss-auf\/"],"_thumbnail_id":["13486"],"_wptg_p2tg_sent2tg":["2022-07-11 15:45:02"],"jnews_social_counter_last_update":["1777348262"]},"categories":[19,23],"tags":[133,27598,2063,10623,3950,27599,19333],"yoast_head":"<!-- This site is optimized with the Yoast SEO Premium plugin v22.7 (Yoast SEO v22.7) - https:\/\/yoast.com\/wordpress\/plugins\/seo\/ -->\n<title>EU-Ratsvorsitz: M\u00fcssen auf mehr Ukraine-Fl\u00fcchtlinge vorbereitet sein - just-now.NEWS Deutschland<\/title>\n<meta name=\"robots\" content=\"index, follow, max-snippet:-1, max-image-preview:large, max-video-preview:-1\" \/>\n<link rel=\"canonical\" href=\"https:\/\/now-news.de\/de\/deutschland\/eu-ratsvorsitz-muessen-auf-mehr-ukraine-fluechtlinge-vorbereitet-sein\/\" \/>\n<meta property=\"og:locale\" content=\"de_DE\" \/>\n<meta property=\"og:type\" content=\"article\" \/>\n<meta property=\"og:title\" content=\"EU-Ratsvorsitz: M\u00fcssen auf mehr Ukraine-Fl\u00fcchtlinge vorbereitet sein\" \/>\n<meta property=\"og:description\" content=\"Die Europ\u00e4ische Union m\u00fcsse sich nach Einsch\u00e4tzung des derzeitigen Vorsitzenden des Innenministerrats auf m\u00f6gliche weitere Fl\u00fcchtlinge aus der Ukraine vorbereiten. Dabei ist bereits jetzt die Anspannung in den Aufnahmel\u00e4ndern Deutschland, Polen und Tschechien enorm. Nach Einsch\u00e4tzung des derzeitigen Vorsitzenden des Innenministerrats der Europ\u00e4ischen Union (EU) m\u00fcsse sich das Staatenb\u00fcndnis auf m\u00f6gliche weitere Fl\u00fcchtlinge aus der [&hellip;]\" \/>\n<meta property=\"og:url\" content=\"https:\/\/now-news.de\/de\/deutschland\/eu-ratsvorsitz-muessen-auf-mehr-ukraine-fluechtlinge-vorbereitet-sein\/\" \/>\n<meta property=\"og:site_name\" content=\"just-now.NEWS Deutschland\" \/>\n<meta property=\"article:publisher\" content=\"https:\/\/www.facebook.com\/wirmachenauf\" \/>\n<meta property=\"article:published_time\" content=\"2022-07-11T13:28:09+00:00\" \/>\n<meta property=\"og:image\" content=\"https:\/\/now-news.de\/de\/wp-content\/uploads\/sites\/3\/2022\/07\/EU-Ratsvorsitz-Muessen-auf-mehr-Ukraine-Fluechtlinge-vorbereitet-sein.jpg\" \/>\n\t<meta property=\"og:image:width\" content=\"460\" \/>\n\t<meta property=\"og:image:height\" content=\"259\" \/>\n\t<meta property=\"og:image:type\" content=\"image\/jpeg\" \/>\n<meta name=\"author\" content=\"rtnews\" \/>\n<meta name=\"twitter:card\" content=\"summary_large_image\" \/>\n<meta name=\"twitter:creator\" content=\"@WirMachenAuf_de\" \/>\n<meta name=\"twitter:site\" content=\"@WirMachenAuf_de\" \/>\n<meta name=\"twitter:label1\" content=\"Verfasst von\" \/>\n\t<meta name=\"twitter:data1\" content=\"rtnews\" \/>\n\t<meta name=\"twitter:label2\" content=\"Gesch\u00e4tzte Lesezeit\" \/>\n\t<meta name=\"twitter:data2\" content=\"1\u00a0Minute\" \/>\n<script type=\"application\/ld+json\" class=\"yoast-schema-graph\">{\"@context\":\"https:\/\/schema.org\",\"@graph\":[{\"@type\":\"Article\",\"@id\":\"https:\/\/now-news.de\/de\/deutschland\/eu-ratsvorsitz-muessen-auf-mehr-ukraine-fluechtlinge-vorbereitet-sein\/#article\",\"isPartOf\":{\"@id\":\"https:\/\/now-news.de\/de\/deutschland\/eu-ratsvorsitz-muessen-auf-mehr-ukraine-fluechtlinge-vorbereitet-sein\/\"},\"author\":{\"name\":\"rtnews\",\"@id\":\"https:\/\/now-news.de\/de\/#\/schema\/person\/fb534a4e865501d8b3285208df34a9b5\"},\"headline\":\"EU-Ratsvorsitz: M\u00fcssen auf mehr Ukraine-Fl\u00fcchtlinge vorbereitet sein\",\"datePublished\":\"2022-07-11T13:28:09+00:00\",\"dateModified\":\"2022-07-11T13:28:09+00:00\",\"mainEntityOfPage\":{\"@id\":\"https:\/\/now-news.de\/de\/deutschland\/eu-ratsvorsitz-muessen-auf-mehr-ukraine-fluechtlinge-vorbereitet-sein\/\"},\"wordCount\":284,\"commentCount\":0,\"publisher\":{\"@id\":\"https:\/\/now-news.de\/de\/#organization\"},\"image\":{\"@id\":\"https:\/\/now-news.de\/de\/deutschland\/eu-ratsvorsitz-muessen-auf-mehr-ukraine-fluechtlinge-vorbereitet-sein\/#primaryimage\"},\"thumbnailUrl\":\"https:\/\/now-news.de\/de\/wp-content\/uploads\/sites\/3\/2022\/07\/EU-Ratsvorsitz-Muessen-auf-mehr-Ukraine-Fluechtlinge-vorbereitet-sein.jpg\",\"keywords\":[\"AUF\",\"EURatsvorsitz\",\"mehr\",\"m\u00fcssen\",\"sein\",\"UkraineFl\u00fcchtlinge\",\"vorbereitet\"],\"articleSection\":[\"Deutschland\",\"Russland\"],\"inLanguage\":\"de\",\"potentialAction\":[{\"@type\":\"CommentAction\",\"name\":\"Comment\",\"target\":[\"https:\/\/now-news.de\/de\/deutschland\/eu-ratsvorsitz-muessen-auf-mehr-ukraine-fluechtlinge-vorbereitet-sein\/#respond\"]}]},{\"@type\":\"WebPage\",\"@id\":\"https:\/\/now-news.de\/de\/deutschland\/eu-ratsvorsitz-muessen-auf-mehr-ukraine-fluechtlinge-vorbereitet-sein\/\",\"url\":\"https:\/\/now-news.de\/de\/deutschland\/eu-ratsvorsitz-muessen-auf-mehr-ukraine-fluechtlinge-vorbereitet-sein\/\",\"name\":\"EU-Ratsvorsitz: M\u00fcssen auf mehr Ukraine-Fl\u00fcchtlinge vorbereitet sein - just-now.NEWS Deutschland\",\"isPartOf\":{\"@id\":\"https:\/\/now-news.de\/de\/#website\"},\"primaryImageOfPage\":{\"@id\":\"https:\/\/now-news.de\/de\/deutschland\/eu-ratsvorsitz-muessen-auf-mehr-ukraine-fluechtlinge-vorbereitet-sein\/#primaryimage\"},\"image\":{\"@id\":\"https:\/\/now-news.de\/de\/deutschland\/eu-ratsvorsitz-muessen-auf-mehr-ukraine-fluechtlinge-vorbereitet-sein\/#primaryimage\"},\"thumbnailUrl\":\"https:\/\/now-news.de\/de\/wp-content\/uploads\/sites\/3\/2022\/07\/EU-Ratsvorsitz-Muessen-auf-mehr-Ukraine-Fluechtlinge-vorbereitet-sein.jpg\",\"datePublished\":\"2022-07-11T13:28:09+00:00\",\"dateModified\":\"2022-07-11T13:28:09+00:00\",\"breadcrumb\":{\"@id\":\"https:\/\/now-news.de\/de\/deutschland\/eu-ratsvorsitz-muessen-auf-mehr-ukraine-fluechtlinge-vorbereitet-sein\/#breadcrumb\"},\"inLanguage\":\"de\",\"potentialAction\":[{\"@type\":\"ReadAction\",\"target\":[\"https:\/\/now-news.de\/de\/deutschland\/eu-ratsvorsitz-muessen-auf-mehr-ukraine-fluechtlinge-vorbereitet-sein\/\"]}]},{\"@type\":\"ImageObject\",\"inLanguage\":\"de\",\"@id\":\"https:\/\/now-news.de\/de\/deutschland\/eu-ratsvorsitz-muessen-auf-mehr-ukraine-fluechtlinge-vorbereitet-sein\/#primaryimage\",\"url\":\"https:\/\/now-news.de\/de\/wp-content\/uploads\/sites\/3\/2022\/07\/EU-Ratsvorsitz-Muessen-auf-mehr-Ukraine-Fluechtlinge-vorbereitet-sein.jpg\",\"contentUrl\":\"https:\/\/now-news.de\/de\/wp-content\/uploads\/sites\/3\/2022\/07\/EU-Ratsvorsitz-Muessen-auf-mehr-Ukraine-Fluechtlinge-vorbereitet-sein.jpg\",\"width\":460,\"height\":259,\"caption\":\"EU-Ratsvorsitz: M\u00fcssen auf mehr Ukraine-Fl\u00fcchtlinge vorbereitet sein\"},{\"@type\":\"BreadcrumbList\",\"@id\":\"https:\/\/now-news.de\/de\/deutschland\/eu-ratsvorsitz-muessen-auf-mehr-ukraine-fluechtlinge-vorbereitet-sein\/#breadcrumb\",\"itemListElement\":[{\"@type\":\"ListItem\",\"position\":1,\"name\":\"Home\",\"item\":\"https:\/\/now-news.de\/de\/\"},{\"@type\":\"ListItem\",\"position\":2,\"name\":\"EU-Ratsvorsitz: M\u00fcssen auf mehr Ukraine-Fl\u00fcchtlinge vorbereitet sein\"}]},{\"@type\":\"WebSite\",\"@id\":\"https:\/\/now-news.de\/de\/#website\",\"url\":\"https:\/\/now-news.de\/de\/\",\"name\":\"just-now.NEWS Deutschland\",\"description\":\"Das Portal f\u00fcr unzensierte Nachrichten aus der Welt\",\"publisher\":{\"@id\":\"https:\/\/now-news.de\/de\/#organization\"},\"potentialAction\":[{\"@type\":\"SearchAction\",\"target\":{\"@type\":\"EntryPoint\",\"urlTemplate\":\"https:\/\/now-news.de\/de\/?s={search_term_string}\"},\"query-input\":\"required name=search_term_string\"}],\"inLanguage\":\"de\"},{\"@type\":\"Organization\",\"@id\":\"https:\/\/now-news.de\/de\/#organization\",\"name\":\"Just Now News\",\"url\":\"https:\/\/now-news.de\/de\/\",\"logo\":{\"@type\":\"ImageObject\",\"inLanguage\":\"de\",\"@id\":\"https:\/\/now-news.de\/de\/#\/schema\/logo\/image\/\",\"url\":\"http:\/\/just-now.news\/de\/wp-content\/uploads\/sites\/3\/2022\/04\/logo500x500.jpg\",\"contentUrl\":\"http:\/\/just-now.news\/de\/wp-content\/uploads\/sites\/3\/2022\/04\/logo500x500.jpg\",\"width\":500,\"height\":500,\"caption\":\"Just Now News\"},\"image\":{\"@id\":\"https:\/\/now-news.de\/de\/#\/schema\/logo\/image\/\"},\"sameAs\":[\"https:\/\/www.facebook.com\/wirmachenauf\",\"https:\/\/x.com\/WirMachenAuf_de\"]},{\"@type\":\"Person\",\"@id\":\"https:\/\/now-news.de\/de\/#\/schema\/person\/fb534a4e865501d8b3285208df34a9b5\",\"name\":\"rtnews\",\"image\":{\"@type\":\"ImageObject\",\"inLanguage\":\"de\",\"@id\":\"https:\/\/now-news.de\/de\/#\/schema\/person\/image\/\",\"url\":\"https:\/\/secure.gravatar.com\/avatar\/82aafea7d8127119dd649515f56e2117?s=96&d=mm&r=g\",\"contentUrl\":\"https:\/\/secure.gravatar.com\/avatar\/82aafea7d8127119dd649515f56e2117?s=96&d=mm&r=g\",\"caption\":\"rtnews\"},\"url\":\"https:\/\/now-news.de\/de\/author\/rnews\/\"}]}<\/script>\n<!-- \/ Yoast SEO Premium plugin. -->","yoast_head_json":{"title":"EU-Ratsvorsitz: M\u00fcssen auf mehr Ukraine-Fl\u00fcchtlinge vorbereitet sein - just-now.NEWS Deutschland","robots":{"index":"index","follow":"follow","max-snippet":"max-snippet:-1","max-image-preview":"max-image-preview:large","max-video-preview":"max-video-preview:-1"},"canonical":"https:\/\/now-news.de\/de\/deutschland\/eu-ratsvorsitz-muessen-auf-mehr-ukraine-fluechtlinge-vorbereitet-sein\/","og_locale":"de_DE","og_type":"article","og_title":"EU-Ratsvorsitz: M\u00fcssen auf mehr Ukraine-Fl\u00fcchtlinge vorbereitet sein","og_description":"Die Europ\u00e4ische Union m\u00fcsse sich nach Einsch\u00e4tzung des derzeitigen Vorsitzenden des Innenministerrats auf m\u00f6gliche weitere Fl\u00fcchtlinge aus der Ukraine vorbereiten. Dabei ist bereits jetzt die Anspannung in den Aufnahmel\u00e4ndern Deutschland, Polen und Tschechien enorm. Nach Einsch\u00e4tzung des derzeitigen Vorsitzenden des Innenministerrats der Europ\u00e4ischen Union (EU) m\u00fcsse sich das Staatenb\u00fcndnis auf m\u00f6gliche weitere Fl\u00fcchtlinge aus der [&hellip;]","og_url":"https:\/\/now-news.de\/de\/deutschland\/eu-ratsvorsitz-muessen-auf-mehr-ukraine-fluechtlinge-vorbereitet-sein\/","og_site_name":"just-now.NEWS Deutschland","article_publisher":"https:\/\/www.facebook.com\/wirmachenauf","article_published_time":"2022-07-11T13:28:09+00:00","og_image":[{"width":460,"height":259,"url":"https:\/\/now-news.de\/de\/wp-content\/uploads\/sites\/3\/2022\/07\/EU-Ratsvorsitz-Muessen-auf-mehr-Ukraine-Fluechtlinge-vorbereitet-sein.jpg","type":"image\/jpeg"}],"author":"rtnews","twitter_card":"summary_large_image","twitter_creator":"@WirMachenAuf_de","twitter_site":"@WirMachenAuf_de","twitter_misc":{"Verfasst von":"rtnews","Gesch\u00e4tzte Lesezeit":"1\u00a0Minute"},"schema":{"@context":"https:\/\/schema.org","@graph":[{"@type":"Article","@id":"https:\/\/now-news.de\/de\/deutschland\/eu-ratsvorsitz-muessen-auf-mehr-ukraine-fluechtlinge-vorbereitet-sein\/#article","isPartOf":{"@id":"https:\/\/now-news.de\/de\/deutschland\/eu-ratsvorsitz-muessen-auf-mehr-ukraine-fluechtlinge-vorbereitet-sein\/"},"author":{"name":"rtnews","@id":"https:\/\/now-news.de\/de\/#\/schema\/person\/fb534a4e865501d8b3285208df34a9b5"},"headline":"EU-Ratsvorsitz: M\u00fcssen auf mehr Ukraine-Fl\u00fcchtlinge vorbereitet sein","datePublished":"2022-07-11T13:28:09+00:00","dateModified":"2022-07-11T13:28:09+00:00","mainEntityOfPage":{"@id":"https:\/\/now-news.de\/de\/deutschland\/eu-ratsvorsitz-muessen-auf-mehr-ukraine-fluechtlinge-vorbereitet-sein\/"},"wordCount":284,"commentCount":0,"publisher":{"@id":"https:\/\/now-news.de\/de\/#organization"},"image":{"@id":"https:\/\/now-news.de\/de\/deutschland\/eu-ratsvorsitz-muessen-auf-mehr-ukraine-fluechtlinge-vorbereitet-sein\/#primaryimage"},"thumbnailUrl":"https:\/\/now-news.de\/de\/wp-content\/uploads\/sites\/3\/2022\/07\/EU-Ratsvorsitz-Muessen-auf-mehr-Ukraine-Fluechtlinge-vorbereitet-sein.jpg","keywords":["AUF","EURatsvorsitz","mehr","m\u00fcssen","sein","UkraineFl\u00fcchtlinge","vorbereitet"],"articleSection":["Deutschland","Russland"],"inLanguage":"de","potentialAction":[{"@type":"CommentAction","name":"Comment","target":["https:\/\/now-news.de\/de\/deutschland\/eu-ratsvorsitz-muessen-auf-mehr-ukraine-fluechtlinge-vorbereitet-sein\/#respond"]}]},{"@type":"WebPage","@id":"https:\/\/now-news.de\/de\/deutschland\/eu-ratsvorsitz-muessen-auf-mehr-ukraine-fluechtlinge-vorbereitet-sein\/","url":"https:\/\/now-news.de\/de\/deutschland\/eu-ratsvorsitz-muessen-auf-mehr-ukraine-fluechtlinge-vorbereitet-sein\/","name":"EU-Ratsvorsitz: M\u00fcssen auf mehr Ukraine-Fl\u00fcchtlinge vorbereitet sein - just-now.NEWS Deutschland","isPartOf":{"@id":"https:\/\/now-news.de\/de\/#website"},"primaryImageOfPage":{"@id":"https:\/\/now-news.de\/de\/deutschland\/eu-ratsvorsitz-muessen-auf-mehr-ukraine-fluechtlinge-vorbereitet-sein\/#primaryimage"},"image":{"@id":"https:\/\/now-news.de\/de\/deutschland\/eu-ratsvorsitz-muessen-auf-mehr-ukraine-fluechtlinge-vorbereitet-sein\/#primaryimage"},"thumbnailUrl":"https:\/\/now-news.de\/de\/wp-content\/uploads\/sites\/3\/2022\/07\/EU-Ratsvorsitz-Muessen-auf-mehr-Ukraine-Fluechtlinge-vorbereitet-sein.jpg","datePublished":"2022-07-11T13:28:09+00:00","dateModified":"2022-07-11T13:28:09+00:00","breadcrumb":{"@id":"https:\/\/now-news.de\/de\/deutschland\/eu-ratsvorsitz-muessen-auf-mehr-ukraine-fluechtlinge-vorbereitet-sein\/#breadcrumb"},"inLanguage":"de","potentialAction":[{"@type":"ReadAction","target":["https:\/\/now-news.de\/de\/deutschland\/eu-ratsvorsitz-muessen-auf-mehr-ukraine-fluechtlinge-vorbereitet-sein\/"]}]},{"@type":"ImageObject","inLanguage":"de","@id":"https:\/\/now-news.de\/de\/deutschland\/eu-ratsvorsitz-muessen-auf-mehr-ukraine-fluechtlinge-vorbereitet-sein\/#primaryimage","url":"https:\/\/now-news.de\/de\/wp-content\/uploads\/sites\/3\/2022\/07\/EU-Ratsvorsitz-Muessen-auf-mehr-Ukraine-Fluechtlinge-vorbereitet-sein.jpg","contentUrl":"https:\/\/now-news.de\/de\/wp-content\/uploads\/sites\/3\/2022\/07\/EU-Ratsvorsitz-Muessen-auf-mehr-Ukraine-Fluechtlinge-vorbereitet-sein.jpg","width":460,"height":259,"caption":"EU-Ratsvorsitz: M\u00fcssen auf mehr Ukraine-Fl\u00fcchtlinge vorbereitet sein"},{"@type":"BreadcrumbList","@id":"https:\/\/now-news.de\/de\/deutschland\/eu-ratsvorsitz-muessen-auf-mehr-ukraine-fluechtlinge-vorbereitet-sein\/#breadcrumb","itemListElement":[{"@type":"ListItem","position":1,"name":"Home","item":"https:\/\/now-news.de\/de\/"},{"@type":"ListItem","position":2,"name":"EU-Ratsvorsitz: M\u00fcssen auf mehr Ukraine-Fl\u00fcchtlinge vorbereitet sein"}]},{"@type":"WebSite","@id":"https:\/\/now-news.de\/de\/#website","url":"https:\/\/now-news.de\/de\/","name":"just-now.NEWS Deutschland","description":"Das Portal f\u00fcr unzensierte Nachrichten aus der Welt","publisher":{"@id":"https:\/\/now-news.de\/de\/#organization"},"potentialAction":[{"@type":"SearchAction","target":{"@type":"EntryPoint","urlTemplate":"https:\/\/now-news.de\/de\/?s={search_term_string}"},"query-input":"required name=search_term_string"}],"inLanguage":"de"},{"@type":"Organization","@id":"https:\/\/now-news.de\/de\/#organization","name":"Just Now News","url":"https:\/\/now-news.de\/de\/","logo":{"@type":"ImageObject","inLanguage":"de","@id":"https:\/\/now-news.de\/de\/#\/schema\/logo\/image\/","url":"http:\/\/just-now.news\/de\/wp-content\/uploads\/sites\/3\/2022\/04\/logo500x500.jpg","contentUrl":"http:\/\/just-now.news\/de\/wp-content\/uploads\/sites\/3\/2022\/04\/logo500x500.jpg","width":500,"height":500,"caption":"Just Now News"},"image":{"@id":"https:\/\/now-news.de\/de\/#\/schema\/logo\/image\/"},"sameAs":["https:\/\/www.facebook.com\/wirmachenauf","https:\/\/x.com\/WirMachenAuf_de"]},{"@type":"Person","@id":"https:\/\/now-news.de\/de\/#\/schema\/person\/fb534a4e865501d8b3285208df34a9b5","name":"rtnews","image":{"@type":"ImageObject","inLanguage":"de","@id":"https:\/\/now-news.de\/de\/#\/schema\/person\/image\/","url":"https:\/\/secure.gravatar.com\/avatar\/82aafea7d8127119dd649515f56e2117?s=96&d=mm&r=g","contentUrl":"https:\/\/secure.gravatar.com\/avatar\/82aafea7d8127119dd649515f56e2117?s=96&d=mm&r=g","caption":"rtnews"},"url":"https:\/\/now-news.de\/de\/author\/rnews\/"}]}},"_links":{"self":[{"href":"https:\/\/now-news.de\/de\/wp-json\/wp\/v2\/posts\/13485"}],"collection":[{"href":"https:\/\/now-news.de\/de\/wp-json\/wp\/v2\/posts"}],"about":[{"href":"https:\/\/now-news.de\/de\/wp-json\/wp\/v2\/types\/post"}],"author":[{"embeddable":true,"href":"https:\/\/now-news.de\/de\/wp-json\/wp\/v2\/users\/3"}],"replies":[{"embeddable":true,"href":"https:\/\/now-news.de\/de\/wp-json\/wp\/v2\/comments?post=13485"}],"version-history":[{"count":0,"href":"https:\/\/now-news.de\/de\/wp-json\/wp\/v2\/posts\/13485\/revisions"}],"wp:featuredmedia":[{"embeddable":true,"href":"https:\/\/now-news.de\/de\/wp-json\/wp\/v2\/media\/13486"}],"wp:attachment":[{"href":"https:\/\/now-news.de\/de\/wp-json\/wp\/v2\/media?parent=13485"}],"wp:term":[{"taxonomy":"category","embeddable":true,"href":"https:\/\/now-news.de\/de\/wp-json\/wp\/v2\/categories?post=13485"},{"taxonomy":"post_tag","embeddable":true,"href":"https:\/\/now-news.de\/de\/wp-json\/wp\/v2\/tags?post=13485"}],"curies":[{"name":"wp","href":"https:\/\/api.w.org\/{rel}","templated":true}]}}