{"id":13423,"date":"2022-07-10T20:19:09","date_gmt":"2022-07-10T18:19:09","guid":{"rendered":"http:\/\/just-now.news\/de\/deutschland\/erschreckende-inkonsequenz-in-deutschland-waechst-die-unzufriedenheit-mit-der-ukraine-politik\/"},"modified":"2022-07-10T20:19:09","modified_gmt":"2022-07-10T18:19:09","slug":"erschreckende-inkonsequenz-in-deutschland-waechst-die-unzufriedenheit-mit-der-ukraine-politik","status":"publish","type":"post","link":"https:\/\/now-news.de\/de\/deutschland\/erschreckende-inkonsequenz-in-deutschland-waechst-die-unzufriedenheit-mit-der-ukraine-politik\/","title":{"rendered":"&quot;Erschreckende Inkonsequenz&quot;: In Deutschland w\u00e4chst die Unzufriedenheit mit der Ukraine-Politik"},"content":{"rendered":"<p><img decoding=\"async\" src=\"http:\/\/just-now.news\/de\/wp-content\/uploads\/sites\/3\/2022\/07\/62caf0da48fbef087532a135.PNG\" \/><\/p>\n<div class=\"Text-root Text-type_1 \">\n                Umfragen beobachten einen Umschwung in der Stimmung der Bundesb\u00fcrger hinsichtlich der Ukraine-Unterst\u00fctzung. Experten sehen als Ursache f\u00fcr die zunehmende Skepsis die sich verschlechternde wirtschaftliche Situation der BRD, bedingt durch die drohende Energiekrise und den weiteren Anstieg der Inflation.\n            <\/div>\n<p><\/p>\n<div class=\"Text-root Text-type_5 ArticleView-text ViewText-root \">\n<p>Mehr als die H\u00e4lfte der Deutschen hat Zweifel an der Politik der Bundesregierung\u00a0bez\u00fcglich der Situation in der Ukraine. Das berichtet<em>\u00a0Die Welt<\/em> unter Berufung auf die Ergebnisse einer Umfrage des Meinungsforschungsinstituts Infratest dimap. Insgesamt nahmen 1.327 Personen an der repr\u00e4sentativen Umfrage teil. So hei\u00dft es im Bericht:<\/p>\n<blockquote>\n<p>&#8220;<em>Den Kurs der Koalition im\u00a0Ukraine-Krieg\u00a0st\u00fctzen derzeit 39 Prozent. Bedenken dagegen melden 56 Prozent der Deutschen an.<\/em>&#8220;<\/p>\n<\/blockquote>\n<p>Gleichzeitig machen sich immer mehr B\u00fcrger der Bundesrepublik Sorgen \u00fcber die Folgen der Unterst\u00fctzung f\u00fcr Kiew. Obwohl sieben von zehn Befragten ihre wirtschaftliche Lage als &#8220;gut&#8221; oder &#8220;sehr gut&#8221; bezeichnen, sieht fast die H\u00e4lfte der Befragten die Zukunftsaussichten &#8220;mit Skepsis und Besorgnis&#8221;. Sie bef\u00fcrchten vor allem Energieengp\u00e4sse und einen Kaufkraftverlust. Ferner hei\u00dft es in der Umfrage:<\/p>\n<blockquote>\n<p>&#8220;<em>Fast die H\u00e4lfte der Befragten (48 Prozent) bef\u00fcrchtet, dass ihre pers\u00f6nliche wirtschaftliche Situation in einem Jahr schlechter sein wird als heute.<\/em>&#8220;<\/p>\n<\/blockquote>\n<p><strong>Unterst\u00fctzung als B\u00fcrde<\/strong><\/p>\n<p>Dies ist nicht die erste aktuelle Umfrage,\u00a0welche die kritische Haltung der Deutschen gegen\u00fcber der Politik der Bundesregierung in der Ukraine zeigt. Am 6. Juli ver\u00f6ffentlichte <em>n-tv<\/em>\u00a0die Ergebnisse einer vom Forsa-Institut f\u00fcr soziologische Forschung und statistische Analyse durchgef\u00fchrten Umfrage.<\/p>\n<p>Demnach glauben 69 Prozent der Deutschen nicht, dass die Ukraine in der Lage sein wird, Russland aus den besetzten Gebieten zu &#8220;verdr\u00e4ngen&#8221;, selbst wenn der Westen Kiew mit &#8220;gen\u00fcgend Waffen&#8221; versorgt. Nur 26 Prozent der Befragten glauben das Gegenteil.<\/p>\n<p>Au\u00dferdem wird die M\u00f6glichkeit eines milit\u00e4rischen Sieges der Ukraine selbst von den Bef\u00fcrwortern weiterer Waffenlieferungen nicht als real angesehen. Laut der Umfrage bezweifeln 56 % der Bef\u00fcrworter von Lieferungen, dass Kiew sich durchsetzen kann.<\/p>\n<p>Dar\u00fcber hinaus sind 47 Prozent der Deutschen der Meinung, dass die Ukraine notfalls zu territorialen Zugest\u00e4ndnissen bereit sein sollte, wenn die Friedensgespr\u00e4che mit Russland wieder aufgenommen werden. Die gegenteilige Ansicht vertreten 41 Prozent der Befragten, und 12 Prozent der Befragten konnten diese Frage nicht beantworten.<\/p>\n<p>Gleichzeitig glauben nur 15 Prozent der Befragten, dass die Bundesregierung \u00fcber ein durchdachtes Konzept und eine Strategie f\u00fcr die langfristige Entwicklung der deutschen Au\u00dfenpolitik gegen\u00fcber Russland und der Ukraine nach dem Ende der Spezialoperation\u00a0verf\u00fcgt. Dagegen meinen fast drei Viertel (73 Prozent), die Bundesregierung habe keine klare Vorstellung davon, wie die deutsche Au\u00dfenpolitik gegen\u00fcber Moskau und Kiew in Zukunft aussehen soll.<\/p>\n<p>Wie das deutsche Institut f\u00fcr Weltwirtschaft (IfW) am 6. Juli feststellte, nimmt die Dynamik der Unterst\u00fctzung f\u00fcr die\u00a0Ukraine weltweit ab. Das IfW dokumentiert seit dem 24. Februar die milit\u00e4rische, finanzielle und humanit\u00e4re Hilfe, die dem osteurop\u00e4ischen Staat zugesagt wurde. In einer auf der Website der Organisation ver\u00f6ffentlichten Studie hei\u00dft es:<\/p>\n<blockquote>\n<p>&#8220;<em>Die Dynamik weiterer Unterst\u00fctzungszusagen f\u00fcr die Ukraine l\u00e4sst nach&#8230; Auff\u00e4llig ist zudem die gro\u00dfe L\u00fccke zwischen zugesagter und tats\u00e4chlich geleisteter Unterst\u00fctzung. Sowohl was die milit\u00e4rischen als auch was die finanziellen Zusagen betrifft, liegen die Leistungen unter dem, was die Ukraine laut eigener Einsch\u00e4tzung ben\u00f6tigt und was dem Land versprochen wurde.<\/em>&#8220;<\/p>\n<\/blockquote>\n<p><strong>Unterst\u00fctzung trotzdem<\/strong><\/p>\n<p>Die Verstrickung Deutschlands in den Ukraine-Konflikt und sein Festhalten am pan-westlichen Anti-Russland-Kurs trifft nach Ansicht von Experten vor allem die B\u00fcrger der BRD. Bei Einhaltung der Sanktionen droht Deutschland eine <a rel=\"nofollow noopener\" target=\"_blank\" href=\"https:\/\/meinungsfreiheit.rtde.life\/inland\/143105-deutsche-industrie-rustet-sich-fur-gasstopp\/\">Energiekrise<\/a>, deren Folgen sich nicht nur auf die Wirtschaft des Landes, sondern\u00a0ebenso\u00a0auf das Wohlbefinden der Bev\u00f6lkerung negativ auswirken k\u00f6nnen, was auch in Berlin erkannt wurde.<\/p>\n<p>Klaus M\u00fcller, Chef der Bundesnetzagentur f\u00fcr Elektrizit\u00e4t, Gas, Telekommunikation, Post und Eisenbahnen, sagte in einem Interview mit der <em>Funke<\/em>-Mediengruppe am 2. Juli, dass die bevorstehende Erh\u00f6hung der Energiepreise angesichts der Gasknappheit ein Schock f\u00fcr die deutschen Verbraucher sei. Er sagte voraus, dass sich die Kosten f\u00fcr Gas verdreifachen k\u00f6nnten. M\u00fcller bezweifelte jedoch, dass die Beh\u00f6rden in der Lage sein w\u00fcrden, alle deutschen B\u00fcrger zu entsch\u00e4digen.<\/p>\n<p>Bundeskanzler Olaf Scholz schloss in seinem Interview mit der <em>ARD<\/em> am 3. Juli die gravierenden sozialen Folgen der Heizkostenerh\u00f6hung nicht aus. So\u00a0bezeichnete er insbesondere die steigenden Energiekosten als &#8220;sozialen Sprengstoff&#8221;. Viele Menschen k\u00f6nnten es nicht bew\u00e4ltigen, wenn die Heizkostenrechnung pl\u00f6tzlich um hunderte Euro steige.<\/p>\n<p>Es sei daran erinnert, dass sich die Energiesituation in Deutschland verschlechtert hat, nachdem Gazprom am 14. Juni angek\u00fcndigt hatte, die Gaslieferungen \u00fcber die Nord Stream-Pipeline reduzieren zu m\u00fcssen. Grund daf\u00fcr war eine Verz\u00f6gerung bei der R\u00fcckgabe von Gasverdichter-Einheiten, die zur Reparatur an Siemens in Kanada\u00a0\u00fcbermittelt\u00a0worden\u00a0waren, sowie die Entdeckung technischer M\u00e4ngel an den Motoren.<\/p>\n<p>Nach Angaben des deutschen Unternehmens kann es die Turbine aufgrund der von\u00a0Kanada\u00a0verh\u00e4ngten Sanktionen nicht nach Russland zur\u00fcckschicken. In der Zwischenzeit\u00a0ist bekannt geworden, dass die kanadische Regierung die Lieferung der gewarteten Turbine nach Deutschland erm\u00f6glichen will.\u00a0<\/p>\n<p>Trotz aller Schwierigkeiten und Unannehmlichkeiten f\u00fcr die deutsche \u00d6ffentlichkeit haben es die deutschen Beh\u00f6rden nicht eilig, ihre Unterst\u00fctzung f\u00fcr die Ukraine zu verringern. So \u00e4u\u00dferte Scholz in der\u00a0<em>ZDF-<\/em>Sendung &#8220;Maybrit Illner&#8221; am 7. Juli:<\/p>\n<blockquote>\n<p>&#8220;<em>Wir werden so lange solidarisch sein &#8211; das ist jedenfalls mein Wunsch &#8211; wie das notwendig ist, damit die Ukraine sich verteidigen kann gegen den furchtbaren und brutalen russischen Angriff.<\/em>&#8220;<\/p>\n<\/p>\n<\/blockquote>\n<p><strong>Begr\u00fcndete \u00c4ngste<\/strong><\/p>\n<p>Die Unzufriedenheit der Deutschen mit dem Enthusiasmus der Beh\u00f6rden, die Ukraine zu unterst\u00fctzen, wird von russischen Experten als durchaus legitim bezeichnet. So\u00a0erkl\u00e4rte der promovierte Politikwissenschaftler Andrei Manoilo in einem Gespr\u00e4ch mit <em>RT<\/em>:<\/p>\n<blockquote>\n<p>&#8220;<em>Die Unzufriedenheit w\u00e4chst in der Tat, weil sich die Deutschen im Gro\u00dfen und Ganzen nicht um die Ukraine oder die k\u00fcnftige Weltordnung k\u00fcmmern, wenn ihre eigenen Interessen darunter leiden. Sie k\u00fcmmern sich nur um sich selbst und sehen, wie die Preise steigen und ihr Budget belasten.<\/em>&#8220;<\/p>\n<\/blockquote>\n<p>Diese Ansicht vertritt auch Alexander Kamkin,\u00a0Wissenschaftler Mitarbeiter am IMEMO der Russischen Akademie der Wissenschaften. Der st\u00e4ndige Anstieg der Preise, der R\u00fcckgang der sozialen Stabilit\u00e4t und die Schlie\u00dfung von Unternehmen in\u00a0vielen Sektoren inmitten des langwierigen Ukraine-Konflikts k\u00f6nnen den Deutschen kein gro\u00dfes Vertrauen in den von ihrer Regierung eingeschlagenen Weg geben, meint er. Der Analyst erkl\u00e4rte:<\/p>\n<blockquote>\n<p>&#8220;<em>Insbesondere wird bereits davon gesprochen, dass es notwendig ist, die wirtschaftliche und die politische Komponente zu trennen. Konventionell gesprochen, unterst\u00fctzen Sie bitte die Ukraine, aber warum sollten Sie einen Sanktionskrieg zum Nachteil Ihrer eigenen Interessen f\u00fchren? Dies ist zum Hauptgrund f\u00fcr die Unzufriedenheit geworden.<\/em>&#8220;<\/p>\n<\/blockquote>\n<p>Au\u00dferdem sind die deutschen B\u00fcrger, wie Andrei Manoilo betont, recht n\u00fcchtern, was das milit\u00e4rische und wirtschaftliche Potenzial der Ukraine und Russlands angeht, und erkennen, dass es nicht einmal richtig ist, sie zu vergleichen. Manoilo\u00a0erg\u00e4nzte:<\/p>\n<blockquote>\n<p>&#8220;<em>Und wenn Russland seine Ziele in der Ukraine konsequent verfolgt, wird es sie auch erreichen, trotz aller Unterst\u00fctzung des Kiewer Regimes durch den Westen. Die Tatsache, dass die Deutschen nicht an einen milit\u00e4rischen Sieg der Ukraine glauben, ist also nur gesunder Menschenverstand.<\/em>&#8220;<\/p>\n<\/blockquote>\n<p>Der<em> RT<\/em>-Gespr\u00e4chspartner betonte, dass die Deutschen sehr wohl sehen, wie die Beh\u00f6rden in der Ukraine-Frage st\u00e4ndig z\u00f6gern, was in der \u00d6ffentlichkeit den Eindruck erweckt, Berlin habe keine klare Strategie in dieser Richtung. Der Politikwissenschaftler sagte weiter:<\/p>\n<blockquote>\n<p>&#8220;<em>Die B\u00fcrgerinnen und B\u00fcrger der Bundesrepublik Deutschland beobachten immer wieder widerspr\u00fcchliche Aussagen zu Sanktionen, Waffenlieferungen und Finanzhilfen an die Ukraine. Und dieser Mangel an Best\u00e4ndigkeit macht ihnen Angst, denn diese Zappelei macht die Zukunft unberechenbar.<\/em>&#8220;<\/p>\n<\/blockquote>\n<p>Gleichzeitig ist er der Meinung, dass man nicht erwarten sollte, dass die\u00a0Bundesregierung ihre Au\u00dfenpolitik in naher Zukunft \u00e4ndern wird, da sie diese mit anderen westlichen Partnern abstimmt. Der Analyst teilte abschlie\u00dfend mit:<\/p>\n<blockquote>\n<p>&#8220;<em>Viele westliche Politiker erwarten, dass sie, indem sie die Ukraine ihren Interessen opfern und sie unter die Walze der russischen Milit\u00e4rmacht werfen, diese Macht ausbluten lassen und damit einen geopolitischen Konkurrenten ausschalten. In Deutschland ist man sich jedoch dar\u00fcber im Klaren, was der Weg zur Schw\u00e4chung Russlands auf kurze Sicht bedeutet, und man will nicht auf seine Bequemlichkeit verzichten.<\/em>&#8220;<\/p>\n<\/blockquote>\n<p><strong>Mehr zum Thema<\/strong> &#8211; <a rel=\"nofollow noopener\" target=\"_blank\" href=\"https:\/\/meinungsfreiheit.rtde.life\/meinung\/143026-sanktionen-bundesregierung-hat-nicht-einmal-pruefen-lassen-teil-2\/\">Sanktionen: Die Bundesregierung hat nicht einmal nachdenken lassen \u2013 Teil 2<\/a><\/p>\n<\/div>\n<p><br \/>\n<br \/><a href=\"https:\/\/de.rt.com\/europa\/143124-erschreckende-inkonsequenz-in-deutschland-wachst\/\">Source link <\/a><\/p>\n","protected":false},"excerpt":{"rendered":"<p>Umfragen beobachten einen Umschwung in der Stimmung der Bundesb\u00fcrger hinsichtlich der Ukraine-Unterst\u00fctzung. Experten sehen als Ursache f\u00fcr die zunehmende Skepsis die sich verschlechternde wirtschaftliche Situation der BRD, bedingt durch die drohende Energiekrise und den weiteren Anstieg der Inflation. Mehr als die H\u00e4lfte der Deutschen hat Zweifel an der Politik der Bundesregierung\u00a0bez\u00fcglich der Situation in der [&hellip;]<\/p>\n","protected":false},"author":3,"featured_media":13424,"comment_status":"open","ping_status":"open","sticky":false,"template":"","format":"standard","meta":{"wp_automatic_camp":["217"],"be5bbf3a2334f8aaafdef42cf59db1ee":["&quot;Erschreckende Inkonsequenz&quot;: In Deutschland w\u00e4chst die Unzufriedenheit mit der Ukraine-Politik"],"original_link":["https:\/\/de.rt.com\/europa\/143124-erschreckende-inkonsequenz-in-deutschland-wachst\/"],"_thumbnail_id":["13424"],"_wptg_p2tg_sent2tg":["2022-07-10 20:25:54"],"jnews_social_counter_last_update":["1777254445"]},"categories":[19,23],"tags":[82,179,45,27531,419,27530,27533,27532,21107],"yoast_head":"<!-- This site is optimized with the Yoast SEO Premium plugin v22.7 (Yoast SEO v22.7) - https:\/\/yoast.com\/wordpress\/plugins\/seo\/ -->\n<title>&quot;Erschreckende Inkonsequenz&quot;: In Deutschland w\u00e4chst die Unzufriedenheit mit der Ukraine-Politik - just-now.NEWS Deutschland<\/title>\n<meta name=\"robots\" content=\"index, follow, max-snippet:-1, max-image-preview:large, max-video-preview:-1\" \/>\n<link rel=\"canonical\" href=\"https:\/\/now-news.de\/de\/deutschland\/erschreckende-inkonsequenz-in-deutschland-waechst-die-unzufriedenheit-mit-der-ukraine-politik\/\" \/>\n<meta property=\"og:locale\" content=\"de_DE\" \/>\n<meta property=\"og:type\" content=\"article\" \/>\n<meta property=\"og:title\" content=\"&quot;Erschreckende Inkonsequenz&quot;: In Deutschland w\u00e4chst die Unzufriedenheit mit der Ukraine-Politik\" \/>\n<meta property=\"og:description\" content=\"Umfragen beobachten einen Umschwung in der Stimmung der Bundesb\u00fcrger hinsichtlich der Ukraine-Unterst\u00fctzung. Experten sehen als Ursache f\u00fcr die zunehmende Skepsis die sich verschlechternde wirtschaftliche Situation der BRD, bedingt durch die drohende Energiekrise und den weiteren Anstieg der Inflation. Mehr als die H\u00e4lfte der Deutschen hat Zweifel an der Politik der Bundesregierung\u00a0bez\u00fcglich der Situation in der [&hellip;]\" \/>\n<meta property=\"og:url\" content=\"https:\/\/now-news.de\/de\/deutschland\/erschreckende-inkonsequenz-in-deutschland-waechst-die-unzufriedenheit-mit-der-ukraine-politik\/\" \/>\n<meta property=\"og:site_name\" content=\"just-now.NEWS Deutschland\" \/>\n<meta property=\"article:publisher\" content=\"https:\/\/www.facebook.com\/wirmachenauf\" \/>\n<meta property=\"article:published_time\" content=\"2022-07-10T18:19:09+00:00\" \/>\n<meta property=\"og:image\" content=\"https:\/\/now-news.de\/de\/wp-content\/uploads\/sites\/3\/2022\/07\/quotErschreckende-Inkonsequenzquot-In-Deutschland-waechst-die-Unzufriedenheit-mit-der-Ukraine-Politik.PNG\" \/>\n\t<meta property=\"og:image:width\" content=\"460\" \/>\n\t<meta property=\"og:image:height\" content=\"259\" \/>\n\t<meta property=\"og:image:type\" content=\"image\/png\" \/>\n<meta name=\"author\" content=\"rtnews\" \/>\n<meta name=\"twitter:card\" content=\"summary_large_image\" \/>\n<meta name=\"twitter:creator\" content=\"@WirMachenAuf_de\" \/>\n<meta name=\"twitter:site\" content=\"@WirMachenAuf_de\" \/>\n<meta name=\"twitter:label1\" content=\"Verfasst von\" \/>\n\t<meta name=\"twitter:data1\" content=\"rtnews\" \/>\n\t<meta name=\"twitter:label2\" content=\"Gesch\u00e4tzte Lesezeit\" \/>\n\t<meta name=\"twitter:data2\" content=\"7\u00a0Minuten\" \/>\n<script type=\"application\/ld+json\" class=\"yoast-schema-graph\">{\"@context\":\"https:\/\/schema.org\",\"@graph\":[{\"@type\":\"Article\",\"@id\":\"https:\/\/now-news.de\/de\/deutschland\/erschreckende-inkonsequenz-in-deutschland-waechst-die-unzufriedenheit-mit-der-ukraine-politik\/#article\",\"isPartOf\":{\"@id\":\"https:\/\/now-news.de\/de\/deutschland\/erschreckende-inkonsequenz-in-deutschland-waechst-die-unzufriedenheit-mit-der-ukraine-politik\/\"},\"author\":{\"name\":\"rtnews\",\"@id\":\"https:\/\/now-news.de\/de\/#\/schema\/person\/fb534a4e865501d8b3285208df34a9b5\"},\"headline\":\"&quot;Erschreckende Inkonsequenz&quot;: In Deutschland w\u00e4chst die Unzufriedenheit mit der Ukraine-Politik\",\"datePublished\":\"2022-07-10T18:19:09+00:00\",\"dateModified\":\"2022-07-10T18:19:09+00:00\",\"mainEntityOfPage\":{\"@id\":\"https:\/\/now-news.de\/de\/deutschland\/erschreckende-inkonsequenz-in-deutschland-waechst-die-unzufriedenheit-mit-der-ukraine-politik\/\"},\"wordCount\":1394,\"commentCount\":0,\"publisher\":{\"@id\":\"https:\/\/now-news.de\/de\/#organization\"},\"image\":{\"@id\":\"https:\/\/now-news.de\/de\/deutschland\/erschreckende-inkonsequenz-in-deutschland-waechst-die-unzufriedenheit-mit-der-ukraine-politik\/#primaryimage\"},\"thumbnailUrl\":\"https:\/\/now-news.de\/de\/wp-content\/uploads\/sites\/3\/2022\/07\/quotErschreckende-Inkonsequenzquot-In-Deutschland-waechst-die-Unzufriedenheit-mit-der-Ukraine-Politik.PNG\",\"keywords\":[\"der\",\"Deutschland\",\"die\",\"Inkonsequenzquot\",\"mit\",\"quotErschreckende\",\"UkrainePolitik\",\"Unzufriedenheit\",\"w\u00e4chst\"],\"articleSection\":[\"Deutschland\",\"Russland\"],\"inLanguage\":\"de\",\"potentialAction\":[{\"@type\":\"CommentAction\",\"name\":\"Comment\",\"target\":[\"https:\/\/now-news.de\/de\/deutschland\/erschreckende-inkonsequenz-in-deutschland-waechst-die-unzufriedenheit-mit-der-ukraine-politik\/#respond\"]}]},{\"@type\":\"WebPage\",\"@id\":\"https:\/\/now-news.de\/de\/deutschland\/erschreckende-inkonsequenz-in-deutschland-waechst-die-unzufriedenheit-mit-der-ukraine-politik\/\",\"url\":\"https:\/\/now-news.de\/de\/deutschland\/erschreckende-inkonsequenz-in-deutschland-waechst-die-unzufriedenheit-mit-der-ukraine-politik\/\",\"name\":\"&quot;Erschreckende Inkonsequenz&quot;: In Deutschland w\u00e4chst die Unzufriedenheit mit der Ukraine-Politik - just-now.NEWS Deutschland\",\"isPartOf\":{\"@id\":\"https:\/\/now-news.de\/de\/#website\"},\"primaryImageOfPage\":{\"@id\":\"https:\/\/now-news.de\/de\/deutschland\/erschreckende-inkonsequenz-in-deutschland-waechst-die-unzufriedenheit-mit-der-ukraine-politik\/#primaryimage\"},\"image\":{\"@id\":\"https:\/\/now-news.de\/de\/deutschland\/erschreckende-inkonsequenz-in-deutschland-waechst-die-unzufriedenheit-mit-der-ukraine-politik\/#primaryimage\"},\"thumbnailUrl\":\"https:\/\/now-news.de\/de\/wp-content\/uploads\/sites\/3\/2022\/07\/quotErschreckende-Inkonsequenzquot-In-Deutschland-waechst-die-Unzufriedenheit-mit-der-Ukraine-Politik.PNG\",\"datePublished\":\"2022-07-10T18:19:09+00:00\",\"dateModified\":\"2022-07-10T18:19:09+00:00\",\"breadcrumb\":{\"@id\":\"https:\/\/now-news.de\/de\/deutschland\/erschreckende-inkonsequenz-in-deutschland-waechst-die-unzufriedenheit-mit-der-ukraine-politik\/#breadcrumb\"},\"inLanguage\":\"de\",\"potentialAction\":[{\"@type\":\"ReadAction\",\"target\":[\"https:\/\/now-news.de\/de\/deutschland\/erschreckende-inkonsequenz-in-deutschland-waechst-die-unzufriedenheit-mit-der-ukraine-politik\/\"]}]},{\"@type\":\"ImageObject\",\"inLanguage\":\"de\",\"@id\":\"https:\/\/now-news.de\/de\/deutschland\/erschreckende-inkonsequenz-in-deutschland-waechst-die-unzufriedenheit-mit-der-ukraine-politik\/#primaryimage\",\"url\":\"https:\/\/now-news.de\/de\/wp-content\/uploads\/sites\/3\/2022\/07\/quotErschreckende-Inkonsequenzquot-In-Deutschland-waechst-die-Unzufriedenheit-mit-der-Ukraine-Politik.PNG\",\"contentUrl\":\"https:\/\/now-news.de\/de\/wp-content\/uploads\/sites\/3\/2022\/07\/quotErschreckende-Inkonsequenzquot-In-Deutschland-waechst-die-Unzufriedenheit-mit-der-Ukraine-Politik.PNG\",\"width\":460,\"height\":259,\"caption\":\"&quot;Erschreckende Inkonsequenz&quot;: In Deutschland w\u00e4chst die Unzufriedenheit mit der Ukraine-Politik\"},{\"@type\":\"BreadcrumbList\",\"@id\":\"https:\/\/now-news.de\/de\/deutschland\/erschreckende-inkonsequenz-in-deutschland-waechst-die-unzufriedenheit-mit-der-ukraine-politik\/#breadcrumb\",\"itemListElement\":[{\"@type\":\"ListItem\",\"position\":1,\"name\":\"Home\",\"item\":\"https:\/\/now-news.de\/de\/\"},{\"@type\":\"ListItem\",\"position\":2,\"name\":\"&quot;Erschreckende Inkonsequenz&quot;: In Deutschland w\u00e4chst die Unzufriedenheit mit der Ukraine-Politik\"}]},{\"@type\":\"WebSite\",\"@id\":\"https:\/\/now-news.de\/de\/#website\",\"url\":\"https:\/\/now-news.de\/de\/\",\"name\":\"just-now.NEWS Deutschland\",\"description\":\"Das Portal f\u00fcr unzensierte Nachrichten aus der Welt\",\"publisher\":{\"@id\":\"https:\/\/now-news.de\/de\/#organization\"},\"potentialAction\":[{\"@type\":\"SearchAction\",\"target\":{\"@type\":\"EntryPoint\",\"urlTemplate\":\"https:\/\/now-news.de\/de\/?s={search_term_string}\"},\"query-input\":\"required name=search_term_string\"}],\"inLanguage\":\"de\"},{\"@type\":\"Organization\",\"@id\":\"https:\/\/now-news.de\/de\/#organization\",\"name\":\"Just Now News\",\"url\":\"https:\/\/now-news.de\/de\/\",\"logo\":{\"@type\":\"ImageObject\",\"inLanguage\":\"de\",\"@id\":\"https:\/\/now-news.de\/de\/#\/schema\/logo\/image\/\",\"url\":\"http:\/\/just-now.news\/de\/wp-content\/uploads\/sites\/3\/2022\/04\/logo500x500.jpg\",\"contentUrl\":\"http:\/\/just-now.news\/de\/wp-content\/uploads\/sites\/3\/2022\/04\/logo500x500.jpg\",\"width\":500,\"height\":500,\"caption\":\"Just Now News\"},\"image\":{\"@id\":\"https:\/\/now-news.de\/de\/#\/schema\/logo\/image\/\"},\"sameAs\":[\"https:\/\/www.facebook.com\/wirmachenauf\",\"https:\/\/x.com\/WirMachenAuf_de\"]},{\"@type\":\"Person\",\"@id\":\"https:\/\/now-news.de\/de\/#\/schema\/person\/fb534a4e865501d8b3285208df34a9b5\",\"name\":\"rtnews\",\"image\":{\"@type\":\"ImageObject\",\"inLanguage\":\"de\",\"@id\":\"https:\/\/now-news.de\/de\/#\/schema\/person\/image\/\",\"url\":\"https:\/\/secure.gravatar.com\/avatar\/82aafea7d8127119dd649515f56e2117?s=96&d=mm&r=g\",\"contentUrl\":\"https:\/\/secure.gravatar.com\/avatar\/82aafea7d8127119dd649515f56e2117?s=96&d=mm&r=g\",\"caption\":\"rtnews\"},\"url\":\"https:\/\/now-news.de\/de\/author\/rnews\/\"}]}<\/script>\n<!-- \/ Yoast SEO Premium plugin. -->","yoast_head_json":{"title":"&quot;Erschreckende Inkonsequenz&quot;: In Deutschland w\u00e4chst die Unzufriedenheit mit der Ukraine-Politik - just-now.NEWS Deutschland","robots":{"index":"index","follow":"follow","max-snippet":"max-snippet:-1","max-image-preview":"max-image-preview:large","max-video-preview":"max-video-preview:-1"},"canonical":"https:\/\/now-news.de\/de\/deutschland\/erschreckende-inkonsequenz-in-deutschland-waechst-die-unzufriedenheit-mit-der-ukraine-politik\/","og_locale":"de_DE","og_type":"article","og_title":"&quot;Erschreckende Inkonsequenz&quot;: In Deutschland w\u00e4chst die Unzufriedenheit mit der Ukraine-Politik","og_description":"Umfragen beobachten einen Umschwung in der Stimmung der Bundesb\u00fcrger hinsichtlich der Ukraine-Unterst\u00fctzung. Experten sehen als Ursache f\u00fcr die zunehmende Skepsis die sich verschlechternde wirtschaftliche Situation der BRD, bedingt durch die drohende Energiekrise und den weiteren Anstieg der Inflation. Mehr als die H\u00e4lfte der Deutschen hat Zweifel an der Politik der Bundesregierung\u00a0bez\u00fcglich der Situation in der [&hellip;]","og_url":"https:\/\/now-news.de\/de\/deutschland\/erschreckende-inkonsequenz-in-deutschland-waechst-die-unzufriedenheit-mit-der-ukraine-politik\/","og_site_name":"just-now.NEWS Deutschland","article_publisher":"https:\/\/www.facebook.com\/wirmachenauf","article_published_time":"2022-07-10T18:19:09+00:00","og_image":[{"width":460,"height":259,"url":"https:\/\/now-news.de\/de\/wp-content\/uploads\/sites\/3\/2022\/07\/quotErschreckende-Inkonsequenzquot-In-Deutschland-waechst-die-Unzufriedenheit-mit-der-Ukraine-Politik.PNG","type":"image\/png"}],"author":"rtnews","twitter_card":"summary_large_image","twitter_creator":"@WirMachenAuf_de","twitter_site":"@WirMachenAuf_de","twitter_misc":{"Verfasst von":"rtnews","Gesch\u00e4tzte Lesezeit":"7\u00a0Minuten"},"schema":{"@context":"https:\/\/schema.org","@graph":[{"@type":"Article","@id":"https:\/\/now-news.de\/de\/deutschland\/erschreckende-inkonsequenz-in-deutschland-waechst-die-unzufriedenheit-mit-der-ukraine-politik\/#article","isPartOf":{"@id":"https:\/\/now-news.de\/de\/deutschland\/erschreckende-inkonsequenz-in-deutschland-waechst-die-unzufriedenheit-mit-der-ukraine-politik\/"},"author":{"name":"rtnews","@id":"https:\/\/now-news.de\/de\/#\/schema\/person\/fb534a4e865501d8b3285208df34a9b5"},"headline":"&quot;Erschreckende Inkonsequenz&quot;: In Deutschland w\u00e4chst die Unzufriedenheit mit der Ukraine-Politik","datePublished":"2022-07-10T18:19:09+00:00","dateModified":"2022-07-10T18:19:09+00:00","mainEntityOfPage":{"@id":"https:\/\/now-news.de\/de\/deutschland\/erschreckende-inkonsequenz-in-deutschland-waechst-die-unzufriedenheit-mit-der-ukraine-politik\/"},"wordCount":1394,"commentCount":0,"publisher":{"@id":"https:\/\/now-news.de\/de\/#organization"},"image":{"@id":"https:\/\/now-news.de\/de\/deutschland\/erschreckende-inkonsequenz-in-deutschland-waechst-die-unzufriedenheit-mit-der-ukraine-politik\/#primaryimage"},"thumbnailUrl":"https:\/\/now-news.de\/de\/wp-content\/uploads\/sites\/3\/2022\/07\/quotErschreckende-Inkonsequenzquot-In-Deutschland-waechst-die-Unzufriedenheit-mit-der-Ukraine-Politik.PNG","keywords":["der","Deutschland","die","Inkonsequenzquot","mit","quotErschreckende","UkrainePolitik","Unzufriedenheit","w\u00e4chst"],"articleSection":["Deutschland","Russland"],"inLanguage":"de","potentialAction":[{"@type":"CommentAction","name":"Comment","target":["https:\/\/now-news.de\/de\/deutschland\/erschreckende-inkonsequenz-in-deutschland-waechst-die-unzufriedenheit-mit-der-ukraine-politik\/#respond"]}]},{"@type":"WebPage","@id":"https:\/\/now-news.de\/de\/deutschland\/erschreckende-inkonsequenz-in-deutschland-waechst-die-unzufriedenheit-mit-der-ukraine-politik\/","url":"https:\/\/now-news.de\/de\/deutschland\/erschreckende-inkonsequenz-in-deutschland-waechst-die-unzufriedenheit-mit-der-ukraine-politik\/","name":"&quot;Erschreckende Inkonsequenz&quot;: In Deutschland w\u00e4chst die Unzufriedenheit mit der Ukraine-Politik - just-now.NEWS Deutschland","isPartOf":{"@id":"https:\/\/now-news.de\/de\/#website"},"primaryImageOfPage":{"@id":"https:\/\/now-news.de\/de\/deutschland\/erschreckende-inkonsequenz-in-deutschland-waechst-die-unzufriedenheit-mit-der-ukraine-politik\/#primaryimage"},"image":{"@id":"https:\/\/now-news.de\/de\/deutschland\/erschreckende-inkonsequenz-in-deutschland-waechst-die-unzufriedenheit-mit-der-ukraine-politik\/#primaryimage"},"thumbnailUrl":"https:\/\/now-news.de\/de\/wp-content\/uploads\/sites\/3\/2022\/07\/quotErschreckende-Inkonsequenzquot-In-Deutschland-waechst-die-Unzufriedenheit-mit-der-Ukraine-Politik.PNG","datePublished":"2022-07-10T18:19:09+00:00","dateModified":"2022-07-10T18:19:09+00:00","breadcrumb":{"@id":"https:\/\/now-news.de\/de\/deutschland\/erschreckende-inkonsequenz-in-deutschland-waechst-die-unzufriedenheit-mit-der-ukraine-politik\/#breadcrumb"},"inLanguage":"de","potentialAction":[{"@type":"ReadAction","target":["https:\/\/now-news.de\/de\/deutschland\/erschreckende-inkonsequenz-in-deutschland-waechst-die-unzufriedenheit-mit-der-ukraine-politik\/"]}]},{"@type":"ImageObject","inLanguage":"de","@id":"https:\/\/now-news.de\/de\/deutschland\/erschreckende-inkonsequenz-in-deutschland-waechst-die-unzufriedenheit-mit-der-ukraine-politik\/#primaryimage","url":"https:\/\/now-news.de\/de\/wp-content\/uploads\/sites\/3\/2022\/07\/quotErschreckende-Inkonsequenzquot-In-Deutschland-waechst-die-Unzufriedenheit-mit-der-Ukraine-Politik.PNG","contentUrl":"https:\/\/now-news.de\/de\/wp-content\/uploads\/sites\/3\/2022\/07\/quotErschreckende-Inkonsequenzquot-In-Deutschland-waechst-die-Unzufriedenheit-mit-der-Ukraine-Politik.PNG","width":460,"height":259,"caption":"&quot;Erschreckende Inkonsequenz&quot;: In Deutschland w\u00e4chst die Unzufriedenheit mit der Ukraine-Politik"},{"@type":"BreadcrumbList","@id":"https:\/\/now-news.de\/de\/deutschland\/erschreckende-inkonsequenz-in-deutschland-waechst-die-unzufriedenheit-mit-der-ukraine-politik\/#breadcrumb","itemListElement":[{"@type":"ListItem","position":1,"name":"Home","item":"https:\/\/now-news.de\/de\/"},{"@type":"ListItem","position":2,"name":"&quot;Erschreckende Inkonsequenz&quot;: In Deutschland w\u00e4chst die Unzufriedenheit mit der Ukraine-Politik"}]},{"@type":"WebSite","@id":"https:\/\/now-news.de\/de\/#website","url":"https:\/\/now-news.de\/de\/","name":"just-now.NEWS Deutschland","description":"Das Portal f\u00fcr unzensierte Nachrichten aus der Welt","publisher":{"@id":"https:\/\/now-news.de\/de\/#organization"},"potentialAction":[{"@type":"SearchAction","target":{"@type":"EntryPoint","urlTemplate":"https:\/\/now-news.de\/de\/?s={search_term_string}"},"query-input":"required name=search_term_string"}],"inLanguage":"de"},{"@type":"Organization","@id":"https:\/\/now-news.de\/de\/#organization","name":"Just Now News","url":"https:\/\/now-news.de\/de\/","logo":{"@type":"ImageObject","inLanguage":"de","@id":"https:\/\/now-news.de\/de\/#\/schema\/logo\/image\/","url":"http:\/\/just-now.news\/de\/wp-content\/uploads\/sites\/3\/2022\/04\/logo500x500.jpg","contentUrl":"http:\/\/just-now.news\/de\/wp-content\/uploads\/sites\/3\/2022\/04\/logo500x500.jpg","width":500,"height":500,"caption":"Just Now News"},"image":{"@id":"https:\/\/now-news.de\/de\/#\/schema\/logo\/image\/"},"sameAs":["https:\/\/www.facebook.com\/wirmachenauf","https:\/\/x.com\/WirMachenAuf_de"]},{"@type":"Person","@id":"https:\/\/now-news.de\/de\/#\/schema\/person\/fb534a4e865501d8b3285208df34a9b5","name":"rtnews","image":{"@type":"ImageObject","inLanguage":"de","@id":"https:\/\/now-news.de\/de\/#\/schema\/person\/image\/","url":"https:\/\/secure.gravatar.com\/avatar\/82aafea7d8127119dd649515f56e2117?s=96&d=mm&r=g","contentUrl":"https:\/\/secure.gravatar.com\/avatar\/82aafea7d8127119dd649515f56e2117?s=96&d=mm&r=g","caption":"rtnews"},"url":"https:\/\/now-news.de\/de\/author\/rnews\/"}]}},"_links":{"self":[{"href":"https:\/\/now-news.de\/de\/wp-json\/wp\/v2\/posts\/13423"}],"collection":[{"href":"https:\/\/now-news.de\/de\/wp-json\/wp\/v2\/posts"}],"about":[{"href":"https:\/\/now-news.de\/de\/wp-json\/wp\/v2\/types\/post"}],"author":[{"embeddable":true,"href":"https:\/\/now-news.de\/de\/wp-json\/wp\/v2\/users\/3"}],"replies":[{"embeddable":true,"href":"https:\/\/now-news.de\/de\/wp-json\/wp\/v2\/comments?post=13423"}],"version-history":[{"count":0,"href":"https:\/\/now-news.de\/de\/wp-json\/wp\/v2\/posts\/13423\/revisions"}],"wp:featuredmedia":[{"embeddable":true,"href":"https:\/\/now-news.de\/de\/wp-json\/wp\/v2\/media\/13424"}],"wp:attachment":[{"href":"https:\/\/now-news.de\/de\/wp-json\/wp\/v2\/media?parent=13423"}],"wp:term":[{"taxonomy":"category","embeddable":true,"href":"https:\/\/now-news.de\/de\/wp-json\/wp\/v2\/categories?post=13423"},{"taxonomy":"post_tag","embeddable":true,"href":"https:\/\/now-news.de\/de\/wp-json\/wp\/v2\/tags?post=13423"}],"curies":[{"name":"wp","href":"https:\/\/api.w.org\/{rel}","templated":true}]}}