{"id":13344,"date":"2022-07-09T21:08:30","date_gmt":"2022-07-09T19:08:30","guid":{"rendered":"http:\/\/just-now.news\/de\/deutschland\/die-europaeischen-eliten-und-die-ukraine-komplizen-des-verbrechens\/"},"modified":"2022-07-09T21:08:30","modified_gmt":"2022-07-09T19:08:30","slug":"die-europaeischen-eliten-und-die-ukraine-komplizen-des-verbrechens","status":"publish","type":"post","link":"https:\/\/now-news.de\/de\/deutschland\/die-europaeischen-eliten-und-die-ukraine-komplizen-des-verbrechens\/","title":{"rendered":"Die europ\u00e4ischen Eliten und die Ukraine: Komplizen des Verbrechens"},"content":{"rendered":"<p><img decoding=\"async\" src=\"http:\/\/just-now.news\/de\/wp-content\/uploads\/sites\/3\/2022\/07\/62c86d31b480cc5192751383.jpg\" \/><\/p>\n<div class=\"Text-root Text-type_1 \">\n                In der Gefangenschaft ihrer eigenen Propaganda lebend, glaubten europ\u00e4ischen Eliten, dass Russland nicht gewinnen k\u00f6nne. Doch mittlerweile erkennt auch der Oberbefehlshaber der britischen Armee in Momenten der Ern\u00fcchterung, dass das Gegenteil der Fall ist.\n            <\/div>\n<p><\/p>\n<div class=\"Text-root Text-type_5 ArticleView-text ViewText-root \">\n<p><em>von\u00a0Waleri Korowin<\/em><\/p>\n<p>Der Oberbefehlshaber der britischen Armee, Patrick Sanders, wurde sich pl\u00f6tzlich bewusst, dass Russland in den meisten Szenarien in der Ukraine eine noch gr\u00f6\u00dfere Bedrohung f\u00fcr die europ\u00e4ische Sicherheit darstellen wird als zuvor.<\/p>\n<p>Am selben Tag sprach die britische Au\u00dfenministerin Liz Truss von der Notwendigkeit einer umfassenden Unterst\u00fctzung der Ukraine und rief dazu auf, nicht nach einer baldigen Friedensl\u00f6sung zu suchen, was territoriale Zugest\u00e4ndnisse Kiews beinhalten w\u00fcrde. Truss <a rel=\"nofollow noopener\" target=\"_blank\" href=\"https:\/\/www.welt.de\/politik\/ausland\/plus239602017\/Liz-Truss-Je-mehr-wir-jetzt-tun-desto-schneller-koennen-wir-die-Ukraine-siegen-sehen.html\">sagte<\/a> der deutschen Zeitung <em>Die Welt:<\/em><\/p>\n<blockquote>\n<p><em>&#8220;Das beste, was wir tun k\u00f6nnen, ist die Ukrainer mit allem zu versorgen, was sie brauchen: Waffen, Ausbildung. Damit es eben kein langer Krieg wird. [&#8230;] Klar ist auch, je mehr wir jetzt tun, desto schneller k\u00f6nnten wir die Ukraine siegen sehen.&#8221;<br \/><\/em><\/p>\n<\/blockquote>\n<p>Aber was ist, sollte die Ukraine nicht gewinnen? Darin liegt der Schrecken der britischen Diplomatie, wohlgemerkt aller britischen und im weiteren Sinne auch derzeitigen europ\u00e4ischen Eliten. Denn in den letzten 30 Jahren seit dem Zusammenbruch des Sowjetblocks haben sie keine andere M\u00f6glichkeit als die Niederlage und das Ende der Existenz Russlands in Betracht gezogen.<\/p>\n<p>Nun haben sie damit begonnen. Zumindest Oberbefehlshaber Sanders macht das. In der Gefangenschaft ihrer eigenen Propaganda lebend, haben sie irgendwann selbst daran geglaubt. Russland wird zerschlagen werden, und andere M\u00f6glichkeiten gibt es nicht. Was f\u00fcr ein Entsetzen versp\u00fcren sie jetzt, in diesem Moment der Ern\u00fcchterung, in dem sie zunehmend erkennen, dass das Gegenteil der Fall ist und dass die Ukraine, in die sie solch gro\u00dfe Hoffnungen gesetzt hatten, bald verschwunden sein wird.<\/p>\n<p>Was wird geschehen? Wie sieht das andere Szenario aus, das sie all die Jahre nicht in Betracht gezogen haben? Was wird mit ihnen allen geschehen, und welche Gefahren drohen der europ\u00e4ischen Sicherheit im Falle eines f\u00fcr die europ\u00e4ischen Eliten ung\u00fcnstigen Szenarios in der Ukraine? Das sind die Fragen, die jetzt nicht nur Sanders und Truss, sondern alle europ\u00e4ischen Eliten beunruhigen.<\/p>\n<p>Was bef\u00fcrchten die europ\u00e4ischen Politiker also im Falle einer Niederlage der Ukraine?<\/p>\n<p>Das, was sie in erster Linie beunruhigt, ist nicht der Verlust ihrer Staaten, denn dar\u00fcber hat sich in der jetzigen Generation von Washingtons Bevollm\u00e4chtigten schon lange niemand mehr Gedanken gemacht, sondern ihr pers\u00f6nlicher Verlust an Reputation.<\/p>\n<p>Sie waren es, die europ\u00e4ischen Politiker, die die Welt in die Irre zu f\u00fchren versuchten, indem sie die Ukraine als Opfer hinstellten. Angeblich hatte die ruhige Ukraine in Frieden gelebt und niemanden anger\u00fchrt, und dann pl\u00f6tzlich, aus heiterem Himmel, griffen sie die b\u00f6sen Russen an und begannen einen Krieg \u2026 Au\u00dferdem erz\u00e4hlten sie der ganzen Welt, dass es in der Ukraine keinen Nationalsozialismus gab und dass dort niemand unterdr\u00fcckt wurde, schon gar nicht gefoltert und get\u00f6tet.<\/p>\n<p>Allerdings zeigten bereits die ersten Verh\u00f6re der Mitglieder des Asow-Bataillons, die sich in Mariupol ergaben, dass sie von der nationalsozialistischen Ideologie des Ukrainismus motiviert gewesen, dass sie von rassistischer \u00dcberheblichkeit geleitet worden waren und dass sie ausschlie\u00dflich aus Hass auf die Russen get\u00f6tet und gefoltert hatten. Welch ein Schlag f\u00fcr den Ruf der europ\u00e4ischen Politiker. Anscheinend haben sie den &#8220;weichen und flauschigen&#8221; Asow-Leuten nicht erkl\u00e4rt, was bei Verh\u00f6ren zu sagen ist.<\/p>\n<p>Ebenso wenig wie ihren eigenen, den britischen S\u00f6ldnern, die mit aller englischen Offenheit darlegten, wie sie Zivilisten misshandelten, folterten und ermordeten, wof\u00fcr sie ihre Todesurteile erhielten.<\/p>\n<p>Geschweige denn, was die Tatsachen angeht, die ans Licht kommen werden, wenn das Projekt Ukraine vollst\u00e4ndig liquidiert ist. Die laufende Spezialoperation zur vollst\u00e4ndigen Entmilitarisierung und Entnazifizierung dieses Raumes wird alle Beweise f\u00fcr die Verbrechen aufdecken, die von den ukrainischen Strukturen begangen wurden.<\/p>\n<p>Als Ergebnis der Spezialoperation werden unwiderlegbare Beweise f\u00fcr Gr\u00e4ueltaten, Folter, rassistisch motivierte Verbrechen, also f\u00fcr alles vorliegen, was in die Kategorie der Verbrechen gegen die Menschlichkeit f\u00e4llt. Ganz zu schweigen von den Verst\u00f6\u00dfen gegen alle Rechte, Gesetze und Konventionen, die in erster Linie in Europa selbst verabschiedet wurden und die Europa der ganzen Welt vorschreibt.<\/p>\n<p>Und von wem waren die Nazis ausgebildet worden, die all diese Verbrechen begangen haben? Wer hat das Asow-Bataillon und andere Strafbataillone im Rahmen des NATO-Programms ausger\u00fcstet und ausgebildet, wer hat sie mit den neuesten Waffen und Kriegsmitteln beliefert?<\/p>\n<p>Wer schickte ihnen seine Instrukteure zur Hilfe und \u00fcbersah die Unterst\u00fctzung durch S\u00f6ldner? Wer baute Biolabore, entwickelte biologische Waffen und f\u00fchrte Experimente an Menschen durch? All dies wird in einem unvermeidbaren Tribunal gr\u00fcndlich gekl\u00e4rt und bewiesen werden.<\/p>\n<p>In dem Augenblick, in dem die Spezialoperation endet und ein internationales Tribunal seine Arbeit aufnimmt, werden die europ\u00e4ischen Politiker, die jetzt Waffen, Treibstoff und Munition an die Ukraine liefern, zu Komplizen aller begangenen Verbrechen. Dadurch desavouieren sie eigentlich das gesamte Wertemodell der &#8220;Menschenrechte&#8221;, der &#8220;Freiheiten&#8221; und der &#8220;Rechtsstaatlichkeit&#8221;, von dem sie seit Jahrzehnten unerm\u00fcdlich schw\u00e4rmen.<\/p>\n<p>Das alles wandert in den Papierkorb, zusammen mit dem Rest der sogenannten europ\u00e4ischen Werte, die in Artikel 2 des Vertrags \u00fcber die Europ\u00e4ische Union aufgef\u00fchrt sind: &#8220;Die Werte, auf die sich die Union gr\u00fcndet, sind die Achtung der Menschenw\u00fcrde, Freiheit, Demokratie, Gleichheit, Rechtsstaatlichkeit und die Wahrung der Menschenrechte \u2026&#8221;. Einfach alles, was das Nazi-Regime der Ukraine in den acht Jahren seit dem Maidan mit Unterst\u00fctzung der EU verschm\u00e4ht hat.<\/p>\n<p>Mit ihrer Unterst\u00fctzung des verbrecherischen Regimes in Kiew haben die europ\u00e4ischen Politiker selbst die Grundlagen des heutigen Europas zerst\u00f6rt, zusammen mit dem sogenannten Europ\u00e4ismus, der nichts mehr wert ist. Und das wird sich zeigen, sobald das Territorium der ehemaligen Ukraine vollst\u00e4ndig von dem Nazi-Regime befreit ist, das der Westen geschaffen hatte und das seit 2014 so viele unvorstellbare Verbrechen begangen hat. Aber das ist noch nicht alles.<\/p>\n<p>Als Zweites bef\u00fcrchten die europ\u00e4ischen Politiker im Falle einer drohenden Niederlage der Ukraine, dass gerade Russland danach die Hauptmacht in Europa sein wird. Das hei\u00dft, von diesem Zeitpunkt an wird Russland die Hauptvektoren der Entwicklung bestimmen, die Strategien formen und die semantisch-ideologischen Modelle diktieren. Die Fragen der Sicherheit und der Zusammenarbeit in Europa werden insgesamt von Russland abh\u00e4ngen.<\/p>\n<p>Im Grunde genommen k\u00f6nnte das OSZE-Hauptquartier z. B. nach Kaliningrad verlegt werden, wo die Hauptrichtungen der Sicherheit und Zusammenarbeit in Europa festgelegt w\u00fcrden \u2013 auf russischem Gebiet und unter der Kontrolle der russischen politischen F\u00fchrung. Alle anderen Strukturen, die darauf ihr Anrecht geltend machen, w\u00fcrden jeden Einfluss und jede Bedeutung verlieren.<\/p>\n<p>Das wird eine schwere Dem\u00fctigung f\u00fcr die gegenw\u00e4rtigen europ\u00e4ischen Politiker sein, die eine Art auslaufende politische Formation sind: Stellvertreter Washingtons, Globalisten, Liberale \u2013 ganz allgemein Vertreter eines ideologischen Modells, das in Europa v\u00f6llig versagt hat.<\/p>\n<p>Die sogenannten liberalen Werte werden inzwischen von den meisten Menschen in Europa selbst verflucht, indem sie aktiv ihre v\u00f6llige Abneigung, Ablehnung und Abscheu zum Ausdruck bringen, was nur nat\u00fcrlich ist.<\/p>\n<p>Die Katastrophe der gegenw\u00e4rtigen liberalen Eliten, die von Washington aus gesteuert werden, ist bedingt durch die Niederlage ihrer Ans\u00e4tze in der Ukraine \u2013 das ist ihre zweite Furcht.<\/p>\n<p>Und drittens bef\u00fcrchten die heutigen liberal-globalistischen Politiker Europas, die nach dem Ende des ukrainischen Abenteuers bestenfalls in Vergessenheit geraten (und einige vor Gericht gestellt werden), dass die Pufferzone, die zur Verhinderung eines Krieges zwischen Russland und dem Westen erforderlich ist, nach Westen verlegt werden muss. Und zwar in die osteurop\u00e4ischen L\u00e4nder, die sich jetzt mit besonderer Wut gegen Russland stellen und die US-Interessen am st\u00e4rksten, entgegen den europ\u00e4ischen Interessen, verteidigen.<\/p>\n<p>Das geopolitische Gesetz besagt, dass es zur Vermeidung eines gro\u00dfen Krieges einen Landstrich von neutralen L\u00e4ndern zwischen dem Westen und Russland geben sollte. Keine aggressiven Marionettenstaaten, die von der anderen Seite des Ozeans aus regiert werden, sondern wirklich neutrale, ruhige und stille Staaten, die keinem milit\u00e4risch-politischen B\u00fcndnis angeh\u00f6ren.<\/p>\n<p>Sollte davon gesprochen werden, dass es in diesem Fall keine NATO auch nur in der N\u00e4he des Baltikums, Rum\u00e4niens, Ungarns, der Slowakei und Polens geben darf? Wie sonst k\u00f6nnte es sein? Russland war gerade wegen des aggressiven Verhaltens gezwungen, die Spezialoperation in der ehemaligen Ukraine zu beginnen. Ist jenes der baltischen Staaten nicht aggressiv? W\u00e4hrend der Westen in der Ukraine die NATO-Infrastruktur erst aufbaute, so sind Litauen, Lettland und Estland bereits Mitglieder der NATO. Ganz zu schweigen von Ungarn, Polen und Rum\u00e4nien. Wie unterscheiden sie sich von der Ukraine?<\/p>\n<p>Die NATO, die bakteriologischen US-Labore, die US-Raketenabwehrsysteme und das US-Milit\u00e4rkontingent mit all seiner gesamten Ausr\u00fcstung und seinen Waffen \u2013 all das sollte von den Grenzen Russlands entfernt werden, sodass die aufgef\u00fchrten Staaten zu einem Landstrich der Neutralit\u00e4t werden. Und das ist, was der britische Oberbefehlshaber pl\u00f6tzlich erkannt hat. Wobei das alles von europ\u00e4ischen Politikern gemacht werden muss. Ob sie die Kraft, die Entschlossenheit und den Willen dazu haben, ist eine gro\u00dfe Frage. Gerade diese Frage versetzt sie in Angst und Schrecken, denn nach der Liquidierung des Ukraine-Projekts wird sie unweigerlich gestellt werden.<\/p>\n<p><em>\u00dcbersetzt aus dem\u00a0<\/em><a rel=\"nofollow noopener\" target=\"_blank\" href=\"https:\/\/russian.rt.com\/opinion\/1020226-korovin-ukraina-posledstviya-evropa-politik\"><em>Russischen<\/em><\/a><em>.<\/em><\/p>\n<p><strong>Mehr zum Thema &#8211;<\/strong>\u00a0<a rel=\"nofollow noopener\" target=\"_blank\" href=\"https:\/\/pressefreiheit.rtde.live\/russland\/142983-putin-westen-will-uns-auf\/\">Putin: &#8220;Der Westen will uns auf dem Schlachtfeld schlagen \u2013 Sollen sie es nur versuchen&#8221;<\/a><\/p>\n<\/div>\n<p><br \/>\n<br \/><a href=\"https:\/\/de.rt.com\/meinung\/142942-komplizen-des-verbrechens\/\">Source link <\/a><\/p>\n","protected":false},"excerpt":{"rendered":"<p>In der Gefangenschaft ihrer eigenen Propaganda lebend, glaubten europ\u00e4ischen Eliten, dass Russland nicht gewinnen k\u00f6nne. Doch mittlerweile erkennt auch der Oberbefehlshaber der britischen Armee in Momenten der Ern\u00fcchterung, dass das Gegenteil der Fall ist. von\u00a0Waleri Korowin Der Oberbefehlshaber der britischen Armee, Patrick Sanders, wurde sich pl\u00f6tzlich bewusst, dass Russland in den meisten Szenarien in der [&hellip;]<\/p>\n","protected":false},"author":3,"featured_media":13345,"comment_status":"open","ping_status":"open","sticky":false,"template":"","format":"standard","meta":{"wp_automatic_camp":["217"],"3f0400fa102575a849dc7845d34470e3":["Die europ\u00e4ischen Eliten und die Ukraine: Komplizen des Verbrechens"],"original_link":["https:\/\/de.rt.com\/meinung\/142942-komplizen-des-verbrechens\/"],"_thumbnail_id":["13345"],"_wptg_p2tg_sent2tg":["2022-07-09 21:38:56"],"jnews_social_counter_last_update":["1777405877"]},"categories":[19,23],"tags":[583,45,4435,20513,27447,127,140,8352],"yoast_head":"<!-- This site is optimized with the Yoast SEO Premium plugin v22.7 (Yoast SEO v22.7) - https:\/\/yoast.com\/wordpress\/plugins\/seo\/ -->\n<title>Die europ\u00e4ischen Eliten und die Ukraine: Komplizen des Verbrechens - just-now.NEWS Deutschland<\/title>\n<meta name=\"robots\" content=\"index, follow, max-snippet:-1, max-image-preview:large, max-video-preview:-1\" \/>\n<link rel=\"canonical\" href=\"https:\/\/now-news.de\/de\/deutschland\/die-europaeischen-eliten-und-die-ukraine-komplizen-des-verbrechens\/\" \/>\n<meta property=\"og:locale\" content=\"de_DE\" \/>\n<meta property=\"og:type\" content=\"article\" \/>\n<meta property=\"og:title\" content=\"Die europ\u00e4ischen Eliten und die Ukraine: Komplizen des Verbrechens\" \/>\n<meta property=\"og:description\" content=\"In der Gefangenschaft ihrer eigenen Propaganda lebend, glaubten europ\u00e4ischen Eliten, dass Russland nicht gewinnen k\u00f6nne. Doch mittlerweile erkennt auch der Oberbefehlshaber der britischen Armee in Momenten der Ern\u00fcchterung, dass das Gegenteil der Fall ist. von\u00a0Waleri Korowin Der Oberbefehlshaber der britischen Armee, Patrick Sanders, wurde sich pl\u00f6tzlich bewusst, dass Russland in den meisten Szenarien in der [&hellip;]\" \/>\n<meta property=\"og:url\" content=\"https:\/\/now-news.de\/de\/deutschland\/die-europaeischen-eliten-und-die-ukraine-komplizen-des-verbrechens\/\" \/>\n<meta property=\"og:site_name\" content=\"just-now.NEWS Deutschland\" \/>\n<meta property=\"article:publisher\" content=\"https:\/\/www.facebook.com\/wirmachenauf\" \/>\n<meta property=\"article:published_time\" content=\"2022-07-09T19:08:30+00:00\" \/>\n<meta property=\"og:image\" content=\"https:\/\/now-news.de\/de\/wp-content\/uploads\/sites\/3\/2022\/07\/Die-europaeischen-Eliten-und-die-Ukraine-Komplizen-des-Verbrechens.jpg\" \/>\n\t<meta property=\"og:image:width\" content=\"460\" \/>\n\t<meta property=\"og:image:height\" content=\"259\" \/>\n\t<meta property=\"og:image:type\" content=\"image\/jpeg\" \/>\n<meta name=\"author\" content=\"rtnews\" \/>\n<meta name=\"twitter:card\" content=\"summary_large_image\" \/>\n<meta name=\"twitter:creator\" content=\"@WirMachenAuf_de\" \/>\n<meta name=\"twitter:site\" content=\"@WirMachenAuf_de\" \/>\n<meta name=\"twitter:label1\" content=\"Verfasst von\" \/>\n\t<meta name=\"twitter:data1\" content=\"rtnews\" \/>\n\t<meta name=\"twitter:label2\" content=\"Gesch\u00e4tzte Lesezeit\" \/>\n\t<meta name=\"twitter:data2\" content=\"8\u00a0Minuten\" \/>\n<script type=\"application\/ld+json\" class=\"yoast-schema-graph\">{\"@context\":\"https:\/\/schema.org\",\"@graph\":[{\"@type\":\"Article\",\"@id\":\"https:\/\/now-news.de\/de\/deutschland\/die-europaeischen-eliten-und-die-ukraine-komplizen-des-verbrechens\/#article\",\"isPartOf\":{\"@id\":\"https:\/\/now-news.de\/de\/deutschland\/die-europaeischen-eliten-und-die-ukraine-komplizen-des-verbrechens\/\"},\"author\":{\"name\":\"rtnews\",\"@id\":\"https:\/\/now-news.de\/de\/#\/schema\/person\/fb534a4e865501d8b3285208df34a9b5\"},\"headline\":\"Die europ\u00e4ischen Eliten und die Ukraine: Komplizen des Verbrechens\",\"datePublished\":\"2022-07-09T19:08:30+00:00\",\"dateModified\":\"2022-07-09T19:08:30+00:00\",\"mainEntityOfPage\":{\"@id\":\"https:\/\/now-news.de\/de\/deutschland\/die-europaeischen-eliten-und-die-ukraine-komplizen-des-verbrechens\/\"},\"wordCount\":1565,\"commentCount\":0,\"publisher\":{\"@id\":\"https:\/\/now-news.de\/de\/#organization\"},\"image\":{\"@id\":\"https:\/\/now-news.de\/de\/deutschland\/die-europaeischen-eliten-und-die-ukraine-komplizen-des-verbrechens\/#primaryimage\"},\"thumbnailUrl\":\"https:\/\/now-news.de\/de\/wp-content\/uploads\/sites\/3\/2022\/07\/Die-europaeischen-Eliten-und-die-Ukraine-Komplizen-des-Verbrechens.jpg\",\"keywords\":[\"des\",\"die\",\"Eliten\",\"Europ\u00e4ischen\",\"Komplizen\",\"ukraine\",\"und\",\"Verbrechens\"],\"articleSection\":[\"Deutschland\",\"Russland\"],\"inLanguage\":\"de\",\"potentialAction\":[{\"@type\":\"CommentAction\",\"name\":\"Comment\",\"target\":[\"https:\/\/now-news.de\/de\/deutschland\/die-europaeischen-eliten-und-die-ukraine-komplizen-des-verbrechens\/#respond\"]}]},{\"@type\":\"WebPage\",\"@id\":\"https:\/\/now-news.de\/de\/deutschland\/die-europaeischen-eliten-und-die-ukraine-komplizen-des-verbrechens\/\",\"url\":\"https:\/\/now-news.de\/de\/deutschland\/die-europaeischen-eliten-und-die-ukraine-komplizen-des-verbrechens\/\",\"name\":\"Die europ\u00e4ischen Eliten und die Ukraine: Komplizen des Verbrechens - just-now.NEWS Deutschland\",\"isPartOf\":{\"@id\":\"https:\/\/now-news.de\/de\/#website\"},\"primaryImageOfPage\":{\"@id\":\"https:\/\/now-news.de\/de\/deutschland\/die-europaeischen-eliten-und-die-ukraine-komplizen-des-verbrechens\/#primaryimage\"},\"image\":{\"@id\":\"https:\/\/now-news.de\/de\/deutschland\/die-europaeischen-eliten-und-die-ukraine-komplizen-des-verbrechens\/#primaryimage\"},\"thumbnailUrl\":\"https:\/\/now-news.de\/de\/wp-content\/uploads\/sites\/3\/2022\/07\/Die-europaeischen-Eliten-und-die-Ukraine-Komplizen-des-Verbrechens.jpg\",\"datePublished\":\"2022-07-09T19:08:30+00:00\",\"dateModified\":\"2022-07-09T19:08:30+00:00\",\"breadcrumb\":{\"@id\":\"https:\/\/now-news.de\/de\/deutschland\/die-europaeischen-eliten-und-die-ukraine-komplizen-des-verbrechens\/#breadcrumb\"},\"inLanguage\":\"de\",\"potentialAction\":[{\"@type\":\"ReadAction\",\"target\":[\"https:\/\/now-news.de\/de\/deutschland\/die-europaeischen-eliten-und-die-ukraine-komplizen-des-verbrechens\/\"]}]},{\"@type\":\"ImageObject\",\"inLanguage\":\"de\",\"@id\":\"https:\/\/now-news.de\/de\/deutschland\/die-europaeischen-eliten-und-die-ukraine-komplizen-des-verbrechens\/#primaryimage\",\"url\":\"https:\/\/now-news.de\/de\/wp-content\/uploads\/sites\/3\/2022\/07\/Die-europaeischen-Eliten-und-die-Ukraine-Komplizen-des-Verbrechens.jpg\",\"contentUrl\":\"https:\/\/now-news.de\/de\/wp-content\/uploads\/sites\/3\/2022\/07\/Die-europaeischen-Eliten-und-die-Ukraine-Komplizen-des-Verbrechens.jpg\",\"width\":460,\"height\":259,\"caption\":\"Die europ\u00e4ischen Eliten und die Ukraine: Komplizen des Verbrechens\"},{\"@type\":\"BreadcrumbList\",\"@id\":\"https:\/\/now-news.de\/de\/deutschland\/die-europaeischen-eliten-und-die-ukraine-komplizen-des-verbrechens\/#breadcrumb\",\"itemListElement\":[{\"@type\":\"ListItem\",\"position\":1,\"name\":\"Home\",\"item\":\"https:\/\/now-news.de\/de\/\"},{\"@type\":\"ListItem\",\"position\":2,\"name\":\"Die europ\u00e4ischen Eliten und die Ukraine: Komplizen des Verbrechens\"}]},{\"@type\":\"WebSite\",\"@id\":\"https:\/\/now-news.de\/de\/#website\",\"url\":\"https:\/\/now-news.de\/de\/\",\"name\":\"just-now.NEWS Deutschland\",\"description\":\"Das Portal f\u00fcr unzensierte Nachrichten aus der Welt\",\"publisher\":{\"@id\":\"https:\/\/now-news.de\/de\/#organization\"},\"potentialAction\":[{\"@type\":\"SearchAction\",\"target\":{\"@type\":\"EntryPoint\",\"urlTemplate\":\"https:\/\/now-news.de\/de\/?s={search_term_string}\"},\"query-input\":\"required name=search_term_string\"}],\"inLanguage\":\"de\"},{\"@type\":\"Organization\",\"@id\":\"https:\/\/now-news.de\/de\/#organization\",\"name\":\"Just Now News\",\"url\":\"https:\/\/now-news.de\/de\/\",\"logo\":{\"@type\":\"ImageObject\",\"inLanguage\":\"de\",\"@id\":\"https:\/\/now-news.de\/de\/#\/schema\/logo\/image\/\",\"url\":\"http:\/\/just-now.news\/de\/wp-content\/uploads\/sites\/3\/2022\/04\/logo500x500.jpg\",\"contentUrl\":\"http:\/\/just-now.news\/de\/wp-content\/uploads\/sites\/3\/2022\/04\/logo500x500.jpg\",\"width\":500,\"height\":500,\"caption\":\"Just Now News\"},\"image\":{\"@id\":\"https:\/\/now-news.de\/de\/#\/schema\/logo\/image\/\"},\"sameAs\":[\"https:\/\/www.facebook.com\/wirmachenauf\",\"https:\/\/x.com\/WirMachenAuf_de\"]},{\"@type\":\"Person\",\"@id\":\"https:\/\/now-news.de\/de\/#\/schema\/person\/fb534a4e865501d8b3285208df34a9b5\",\"name\":\"rtnews\",\"image\":{\"@type\":\"ImageObject\",\"inLanguage\":\"de\",\"@id\":\"https:\/\/now-news.de\/de\/#\/schema\/person\/image\/\",\"url\":\"https:\/\/secure.gravatar.com\/avatar\/82aafea7d8127119dd649515f56e2117?s=96&d=mm&r=g\",\"contentUrl\":\"https:\/\/secure.gravatar.com\/avatar\/82aafea7d8127119dd649515f56e2117?s=96&d=mm&r=g\",\"caption\":\"rtnews\"},\"url\":\"https:\/\/now-news.de\/de\/author\/rnews\/\"}]}<\/script>\n<!-- \/ Yoast SEO Premium plugin. -->","yoast_head_json":{"title":"Die europ\u00e4ischen Eliten und die Ukraine: Komplizen des Verbrechens - just-now.NEWS Deutschland","robots":{"index":"index","follow":"follow","max-snippet":"max-snippet:-1","max-image-preview":"max-image-preview:large","max-video-preview":"max-video-preview:-1"},"canonical":"https:\/\/now-news.de\/de\/deutschland\/die-europaeischen-eliten-und-die-ukraine-komplizen-des-verbrechens\/","og_locale":"de_DE","og_type":"article","og_title":"Die europ\u00e4ischen Eliten und die Ukraine: Komplizen des Verbrechens","og_description":"In der Gefangenschaft ihrer eigenen Propaganda lebend, glaubten europ\u00e4ischen Eliten, dass Russland nicht gewinnen k\u00f6nne. Doch mittlerweile erkennt auch der Oberbefehlshaber der britischen Armee in Momenten der Ern\u00fcchterung, dass das Gegenteil der Fall ist. von\u00a0Waleri Korowin Der Oberbefehlshaber der britischen Armee, Patrick Sanders, wurde sich pl\u00f6tzlich bewusst, dass Russland in den meisten Szenarien in der [&hellip;]","og_url":"https:\/\/now-news.de\/de\/deutschland\/die-europaeischen-eliten-und-die-ukraine-komplizen-des-verbrechens\/","og_site_name":"just-now.NEWS Deutschland","article_publisher":"https:\/\/www.facebook.com\/wirmachenauf","article_published_time":"2022-07-09T19:08:30+00:00","og_image":[{"width":460,"height":259,"url":"https:\/\/now-news.de\/de\/wp-content\/uploads\/sites\/3\/2022\/07\/Die-europaeischen-Eliten-und-die-Ukraine-Komplizen-des-Verbrechens.jpg","type":"image\/jpeg"}],"author":"rtnews","twitter_card":"summary_large_image","twitter_creator":"@WirMachenAuf_de","twitter_site":"@WirMachenAuf_de","twitter_misc":{"Verfasst von":"rtnews","Gesch\u00e4tzte Lesezeit":"8\u00a0Minuten"},"schema":{"@context":"https:\/\/schema.org","@graph":[{"@type":"Article","@id":"https:\/\/now-news.de\/de\/deutschland\/die-europaeischen-eliten-und-die-ukraine-komplizen-des-verbrechens\/#article","isPartOf":{"@id":"https:\/\/now-news.de\/de\/deutschland\/die-europaeischen-eliten-und-die-ukraine-komplizen-des-verbrechens\/"},"author":{"name":"rtnews","@id":"https:\/\/now-news.de\/de\/#\/schema\/person\/fb534a4e865501d8b3285208df34a9b5"},"headline":"Die europ\u00e4ischen Eliten und die Ukraine: Komplizen des Verbrechens","datePublished":"2022-07-09T19:08:30+00:00","dateModified":"2022-07-09T19:08:30+00:00","mainEntityOfPage":{"@id":"https:\/\/now-news.de\/de\/deutschland\/die-europaeischen-eliten-und-die-ukraine-komplizen-des-verbrechens\/"},"wordCount":1565,"commentCount":0,"publisher":{"@id":"https:\/\/now-news.de\/de\/#organization"},"image":{"@id":"https:\/\/now-news.de\/de\/deutschland\/die-europaeischen-eliten-und-die-ukraine-komplizen-des-verbrechens\/#primaryimage"},"thumbnailUrl":"https:\/\/now-news.de\/de\/wp-content\/uploads\/sites\/3\/2022\/07\/Die-europaeischen-Eliten-und-die-Ukraine-Komplizen-des-Verbrechens.jpg","keywords":["des","die","Eliten","Europ\u00e4ischen","Komplizen","ukraine","und","Verbrechens"],"articleSection":["Deutschland","Russland"],"inLanguage":"de","potentialAction":[{"@type":"CommentAction","name":"Comment","target":["https:\/\/now-news.de\/de\/deutschland\/die-europaeischen-eliten-und-die-ukraine-komplizen-des-verbrechens\/#respond"]}]},{"@type":"WebPage","@id":"https:\/\/now-news.de\/de\/deutschland\/die-europaeischen-eliten-und-die-ukraine-komplizen-des-verbrechens\/","url":"https:\/\/now-news.de\/de\/deutschland\/die-europaeischen-eliten-und-die-ukraine-komplizen-des-verbrechens\/","name":"Die europ\u00e4ischen Eliten und die Ukraine: Komplizen des Verbrechens - just-now.NEWS Deutschland","isPartOf":{"@id":"https:\/\/now-news.de\/de\/#website"},"primaryImageOfPage":{"@id":"https:\/\/now-news.de\/de\/deutschland\/die-europaeischen-eliten-und-die-ukraine-komplizen-des-verbrechens\/#primaryimage"},"image":{"@id":"https:\/\/now-news.de\/de\/deutschland\/die-europaeischen-eliten-und-die-ukraine-komplizen-des-verbrechens\/#primaryimage"},"thumbnailUrl":"https:\/\/now-news.de\/de\/wp-content\/uploads\/sites\/3\/2022\/07\/Die-europaeischen-Eliten-und-die-Ukraine-Komplizen-des-Verbrechens.jpg","datePublished":"2022-07-09T19:08:30+00:00","dateModified":"2022-07-09T19:08:30+00:00","breadcrumb":{"@id":"https:\/\/now-news.de\/de\/deutschland\/die-europaeischen-eliten-und-die-ukraine-komplizen-des-verbrechens\/#breadcrumb"},"inLanguage":"de","potentialAction":[{"@type":"ReadAction","target":["https:\/\/now-news.de\/de\/deutschland\/die-europaeischen-eliten-und-die-ukraine-komplizen-des-verbrechens\/"]}]},{"@type":"ImageObject","inLanguage":"de","@id":"https:\/\/now-news.de\/de\/deutschland\/die-europaeischen-eliten-und-die-ukraine-komplizen-des-verbrechens\/#primaryimage","url":"https:\/\/now-news.de\/de\/wp-content\/uploads\/sites\/3\/2022\/07\/Die-europaeischen-Eliten-und-die-Ukraine-Komplizen-des-Verbrechens.jpg","contentUrl":"https:\/\/now-news.de\/de\/wp-content\/uploads\/sites\/3\/2022\/07\/Die-europaeischen-Eliten-und-die-Ukraine-Komplizen-des-Verbrechens.jpg","width":460,"height":259,"caption":"Die europ\u00e4ischen Eliten und die Ukraine: Komplizen des Verbrechens"},{"@type":"BreadcrumbList","@id":"https:\/\/now-news.de\/de\/deutschland\/die-europaeischen-eliten-und-die-ukraine-komplizen-des-verbrechens\/#breadcrumb","itemListElement":[{"@type":"ListItem","position":1,"name":"Home","item":"https:\/\/now-news.de\/de\/"},{"@type":"ListItem","position":2,"name":"Die europ\u00e4ischen Eliten und die Ukraine: Komplizen des Verbrechens"}]},{"@type":"WebSite","@id":"https:\/\/now-news.de\/de\/#website","url":"https:\/\/now-news.de\/de\/","name":"just-now.NEWS Deutschland","description":"Das Portal f\u00fcr unzensierte Nachrichten aus der Welt","publisher":{"@id":"https:\/\/now-news.de\/de\/#organization"},"potentialAction":[{"@type":"SearchAction","target":{"@type":"EntryPoint","urlTemplate":"https:\/\/now-news.de\/de\/?s={search_term_string}"},"query-input":"required name=search_term_string"}],"inLanguage":"de"},{"@type":"Organization","@id":"https:\/\/now-news.de\/de\/#organization","name":"Just Now News","url":"https:\/\/now-news.de\/de\/","logo":{"@type":"ImageObject","inLanguage":"de","@id":"https:\/\/now-news.de\/de\/#\/schema\/logo\/image\/","url":"http:\/\/just-now.news\/de\/wp-content\/uploads\/sites\/3\/2022\/04\/logo500x500.jpg","contentUrl":"http:\/\/just-now.news\/de\/wp-content\/uploads\/sites\/3\/2022\/04\/logo500x500.jpg","width":500,"height":500,"caption":"Just Now News"},"image":{"@id":"https:\/\/now-news.de\/de\/#\/schema\/logo\/image\/"},"sameAs":["https:\/\/www.facebook.com\/wirmachenauf","https:\/\/x.com\/WirMachenAuf_de"]},{"@type":"Person","@id":"https:\/\/now-news.de\/de\/#\/schema\/person\/fb534a4e865501d8b3285208df34a9b5","name":"rtnews","image":{"@type":"ImageObject","inLanguage":"de","@id":"https:\/\/now-news.de\/de\/#\/schema\/person\/image\/","url":"https:\/\/secure.gravatar.com\/avatar\/82aafea7d8127119dd649515f56e2117?s=96&d=mm&r=g","contentUrl":"https:\/\/secure.gravatar.com\/avatar\/82aafea7d8127119dd649515f56e2117?s=96&d=mm&r=g","caption":"rtnews"},"url":"https:\/\/now-news.de\/de\/author\/rnews\/"}]}},"_links":{"self":[{"href":"https:\/\/now-news.de\/de\/wp-json\/wp\/v2\/posts\/13344"}],"collection":[{"href":"https:\/\/now-news.de\/de\/wp-json\/wp\/v2\/posts"}],"about":[{"href":"https:\/\/now-news.de\/de\/wp-json\/wp\/v2\/types\/post"}],"author":[{"embeddable":true,"href":"https:\/\/now-news.de\/de\/wp-json\/wp\/v2\/users\/3"}],"replies":[{"embeddable":true,"href":"https:\/\/now-news.de\/de\/wp-json\/wp\/v2\/comments?post=13344"}],"version-history":[{"count":0,"href":"https:\/\/now-news.de\/de\/wp-json\/wp\/v2\/posts\/13344\/revisions"}],"wp:featuredmedia":[{"embeddable":true,"href":"https:\/\/now-news.de\/de\/wp-json\/wp\/v2\/media\/13345"}],"wp:attachment":[{"href":"https:\/\/now-news.de\/de\/wp-json\/wp\/v2\/media?parent=13344"}],"wp:term":[{"taxonomy":"category","embeddable":true,"href":"https:\/\/now-news.de\/de\/wp-json\/wp\/v2\/categories?post=13344"},{"taxonomy":"post_tag","embeddable":true,"href":"https:\/\/now-news.de\/de\/wp-json\/wp\/v2\/tags?post=13344"}],"curies":[{"name":"wp","href":"https:\/\/api.w.org\/{rel}","templated":true}]}}