{"id":1334,"date":"2022-04-19T14:15:19","date_gmt":"2022-04-19T15:15:19","guid":{"rendered":"http:\/\/just-now.news\/de\/deutschland\/bagdad-verurteilt-militaerintervention-der-tuerkei-im-nordirak\/"},"modified":"2022-04-19T14:15:19","modified_gmt":"2022-04-19T15:15:19","slug":"bagdad-verurteilt-militaerintervention-der-tuerkei-im-nordirak","status":"publish","type":"post","link":"https:\/\/now-news.de\/de\/deutschland\/bagdad-verurteilt-militaerintervention-der-tuerkei-im-nordirak\/","title":{"rendered":"Bagdad verurteilt Milit\u00e4rintervention der T\u00fcrkei im Nordirak"},"content":{"rendered":"<p><\/p>\n<p>Die Milit\u00e4rintervention der T\u00fcrkei im Irak sei eine Verletzung\u00a0der irakischen Souver\u00e4nit\u00e4t, die gegen das Konzept guter Nachbarschaft versto\u00dfe, teilte das irakische Au\u00dfenministerium in einer Erkl\u00e4rung am Montag mit. Die t\u00fcrkische Armee hatte am Sonntagabend eine umfangreiche Milit\u00e4roperation gegen K\u00e4mpfer der von Ankara als Terrororganisation eingestuften kurdischen PKK im Irak gestartet.\u00a0<\/p>\n<p>Der Irak diene bisher nicht und\u00a0werde auch k\u00fcnftig nicht als St\u00fctzpunkt f\u00fcr Angriffe auf Nachbarl\u00e4nder <em>[auch in Syrien gibt es eine gro\u00dfe kurdische Enklave]<\/em> dienen. Irak solle nicht &#8220;ein Schauplatz f\u00fcr Konflikte und Abrechnungen f\u00fcr andere externe Parteien&#8221; werden, hei\u00dft es in der Erkl\u00e4rung.\u00a0Die t\u00fcrkische Operation &#8220;Claw-Lock&#8221; richtet sich nach Angaben des t\u00fcrkischen Milit\u00e4rs gegen kurdische Milizen in den nordirakischen Regionen Metina, Zap und Ava\u015fin-Basyan. Ankara sieht diese Gruppen als Verb\u00fcndete der Arbeiterpartei Kurdistans (PKK).<\/p>\n<div class=\"EmbedBlock-root EmbedBlock-twitter\">\n<div class=\"TwitterEmbed\">\n<blockquote class=\"twitter-tweet lazyload\" data-twitter=\"twitter-tweet\">\n<p lang=\"ar\" dir=\"rtl\">\u0628\u064a\u0627\u0646 \u0635\u062d\u0641\u064a\u0651\u062a\u0631\u0641\u0636\u064f \u062d\u0643\u0648\u0645\u0629\u064f \u062c\u064f\u0645\u0647\u0648\u0631\u064a\u064e\u0651\u0629 \u0627\u0644\u0639\u0631\u0627\u0642 \u0631\u0641\u0636\u0627\u064b \u0642\u0627\u0637\u0639\u0627\u064b\u060c \u0648\u062a\u062f\u064a\u0646\u064f \u0628\u0634\u062f\u064e\u0651\u0629 \u0627\u0644\u0639\u0645\u0644\u064a\u0651\u0627\u062a \u0627\u0644\u0639\u0633\u0643\u0631\u064a\u064e\u0651\u0629 \u0627\u0644\u062a\u064a \u0642\u0627\u0645\u062a \u0628\u0647\u0627 \u0627\u0644\u0642\u0648\u0651\u0627\u062a \u0627\u0644\u062a\u0631\u0643\u064a\u064e\u0651\u0629 \u0628\u0642\u0635\u0641 \u0627\u0644\u0623\u0631\u0627\u0636\u064a\u0651 \u0627\u0644\u0639\u0631\u0627\u0642\u064a\u064e\u0651\u0629 \u0641\u064a \u0645\u0646\u0637\u0642\u0629 \u0645\u062a\u064a\u0646\u0629\u060c\u0627\u0644\u0632\u0627\u0628 \u060c\u0623\u0641\u0627\u0634\u064a\u0646 \u0648\u0628\u0627\u0633\u064a\u0627\u0646 \u0641\u064a \u0634\u0645\u0627\u0644 \u0627\u0644\u0639\u0631\u0627\u0642\u060c \u0639\u0628\u0631 \u0645\u0631\u0648\u062d\u064a\u0627\u062a \u0623\u062a\u0627\u0643 \u0648\u0627\u0644\u0637\u0627\u0626\u0631\u0627\u062a \u0627\u0644\u0645\u064f\u0633\u064a\u064e\u0651\u0631\u0629. <a target=\"_blank\" href=\"https:\/\/t.co\/1EYmywASNY\" rel=\"noopener\">pic.twitter.com\/1EYmywASNY<\/a><\/p>\n<p>\u2014 \u0648\u0632\u0627\u0631\u0629 \u0627\u0644\u062e\u0627\u0631\u062c\u064a\u0629 \u0627\u0644\u0639\u0631\u0627\u0642\u064a\u0629 (@Iraqimofa) <a target=\"_blank\" href=\"https:\/\/twitter.com\/Iraqimofa\/status\/1516159798286458880?ref_src=twsrc%5Etfw\" rel=\"noopener\">April 18, 2022<\/a><\/p><\/blockquote><\/div><\/div>\n<p>Der Irak ist ein unabh\u00e4ngiges, souver\u00e4nes Land, und jede Invasion oder jeder Versuch, das Land zu destabilisieren, sei f\u00fcr den Irak nicht akzeptabel, sagte der irakische Schiitenf\u00fchrer Muqtada as-Sadr und f\u00fcgte hinzu, dass auch die Invasion\u00a0in Nachbarl\u00e4nder, die freundschaftliche Beziehungen zum Irak unterhalten, ebenfalls inakzeptabel sei.<\/p>\n<div class=\"EmbedBlock-root EmbedBlock-twitter\">\n<div class=\"TwitterEmbed\">\n<blockquote class=\"twitter-tweet lazyload\" data-twitter=\"twitter-tweet\">\n<p lang=\"und\" dir=\"ltr\"><a target=\"_blank\" href=\"https:\/\/t.co\/UpbSlbU9WC\" rel=\"noopener\">pic.twitter.com\/UpbSlbU9WC<\/a><\/p>\n<p>\u2014 \u0645\u0642\u062a\u062f\u0649 \u0627\u0644\u0633\u064a\u062f \u0645\u062d\u0645\u062f \u0627\u0644\u0635\u062f\u0631 (@Mu_AlSadr) <a target=\"_blank\" href=\"https:\/\/twitter.com\/Mu_AlSadr\/status\/1516182401570983938?ref_src=twsrc%5Etfw\" rel=\"noopener\">April 18, 2022<\/a><\/p><\/blockquote><\/div><\/div>\n<p>Die t\u00fcrkische Milit\u00e4roperation im Nordirak, die am Sonntag gestartet wurde, habe alle ihre urspr\u00fcnglichen Ziele erreicht, teilte das Verteidigungsministerium\u00a0in Ankara\u00a0in einer Erkl\u00e4rung am Montag mit.\u00a0Das t\u00fcrkische Milit\u00e4r erkl\u00e4rte, dass eine gro\u00dfe Anzahl von &#8220;Terroristen&#8221;\u00a0get\u00f6tet und viele mit ihnen verbundene Anlagen\u00a0zerst\u00f6rt worden seien. T\u00fcrkische Kommandotruppen und Artillerie sollen an der Operation auch beteiligt gewesen sein. Dazu sollen auch mehrere Luftangriffe von bemannten und unbemannten Flugzeugen durchgef\u00fchrt worden sein.\u00a0<\/p>\n<p>Ein PKK-Sprecher im Irak sagte\u00a0<em>AFP<\/em>, es habe &#8220;intensive K\u00e4mpfe&#8221; zwischen der t\u00fcrkischen Armee und dem milit\u00e4rischen Fl\u00fcgel der PKK gegeben. Die t\u00fcrkischen Streitkr\u00e4fte h\u00e4tten versucht, &#8220;Soldaten mit Hubschraubern abzusetzen und auch am Boden vorzudringen&#8221;. Laut t\u00fcrkischen Beh\u00f6rden soll der Einsatz in den &#8220;kommenden Tagen&#8221; noch verst\u00e4rkt werden.\u00a0<\/p>\n<p>Der Start der t\u00fcrkischen Offensive erfolgte wenige Tage nach dem Besuch des Regierungschefs der autonomen Kurdenregion im Irak Masrur Barzani in der T\u00fcrkei. Es wird vermutet, dass Barzani \u00fcber den t\u00fcrkischen Armeeeinsatz informiert war. Nach seinem Treffen mit dem t\u00fcrkischen Staatschef Recep Tayyip Erdo\u011fan hatte sich Barzani positiv \u00fcber die &#8220;Ausweitung der Zusammenarbeit&#8221; mit der T\u00fcrkei &#8220;zur F\u00f6rderung von Sicherheit und Stabilit\u00e4t&#8221; im Nordirak ge\u00e4u\u00dfert.<\/p>\n<p>Die PKK wurde neben der T\u00fcrkei auch von den USA, dem Vereinigten K\u00f6nigreich und der EU als terroristische Vereinigung eingestuft. Die Kurden waren jedoch zugleich ein wichtiger Verb\u00fcndeter des Westens inklusive der USA im Kampf gegen die Terroristen des Islamischen Staates (IS, fr\u00fcher ISIS) sowohl in Syrien als auch im Irak.<\/p>\n<p><strong>Mehr zum Thema<\/strong> &#8211; <a target=\"_blank\" href=\"https:\/\/de.rt.com\/der-nahe-osten\/136409-turkei-startet-militaroperation-im-nordirak\/\" rel=\"noopener noreferrer\">T\u00fcrkei startet Milit\u00e4roperation im Nordirak gegen kurdische Miliz<\/a><\/p>\n<p><script async src=\"https:\/\/platform.twitter.com\/widgets.js\" charset=\"utf-8\"><\/script><br \/>\n<br \/><br \/>\n<br \/><a href=\"https:\/\/de.rt.com\/der-nahe-osten\/136506-bagdad-verurteilt-militarintervention-turkei-im\/\">Source link <\/a><\/p>\n","protected":false},"excerpt":{"rendered":"<p>Die Milit\u00e4rintervention der T\u00fcrkei im Irak sei eine Verletzung\u00a0der irakischen Souver\u00e4nit\u00e4t, die gegen das Konzept guter Nachbarschaft versto\u00dfe, teilte das irakische Au\u00dfenministerium in einer Erkl\u00e4rung am Montag mit. Die t\u00fcrkische Armee hatte am Sonntagabend eine umfangreiche Milit\u00e4roperation gegen K\u00e4mpfer der von Ankara als Terrororganisation eingestuften kurdischen PKK im Irak gestartet.\u00a0 Der Irak diene bisher nicht [&hellip;]<\/p>\n","protected":false},"author":3,"featured_media":1335,"comment_status":"open","ping_status":"open","sticky":false,"template":"","format":"standard","meta":{"wp_automatic_camp":["217"],"cb6a85c9ac0970c2446ceebc28a9b2af":["Bagdad verurteilt Milit\u00e4rintervention der T\u00fcrkei im Nordirak"],"original_link":["https:\/\/de.rt.com\/der-nahe-osten\/136506-bagdad-verurteilt-militarintervention-turkei-im\/"],"_thumbnail_id":["1335"],"wp_automatic_remove_first_image":["yes"],"_wptg_p2tg_sent2tg":["2022-04-19 14:21:29"],"jnews_social_counter_last_update":["1777605600"]},"categories":[19,23],"tags":[3674,82,3675,1898,1897,2006],"yoast_head":"<!-- This site is optimized with the Yoast SEO Premium plugin v22.7 (Yoast SEO v22.7) - https:\/\/yoast.com\/wordpress\/plugins\/seo\/ -->\n<title>Bagdad verurteilt Milit\u00e4rintervention der T\u00fcrkei im Nordirak - just-now.NEWS Deutschland<\/title>\n<meta name=\"robots\" content=\"index, follow, max-snippet:-1, max-image-preview:large, max-video-preview:-1\" \/>\n<link rel=\"canonical\" href=\"https:\/\/now-news.de\/de\/deutschland\/bagdad-verurteilt-militaerintervention-der-tuerkei-im-nordirak\/\" \/>\n<meta property=\"og:locale\" content=\"de_DE\" \/>\n<meta property=\"og:type\" content=\"article\" \/>\n<meta property=\"og:title\" content=\"Bagdad verurteilt Milit\u00e4rintervention der T\u00fcrkei im Nordirak\" \/>\n<meta property=\"og:description\" content=\"Die Milit\u00e4rintervention der T\u00fcrkei im Irak sei eine Verletzung\u00a0der irakischen Souver\u00e4nit\u00e4t, die gegen das Konzept guter Nachbarschaft versto\u00dfe, teilte das irakische Au\u00dfenministerium in einer Erkl\u00e4rung am Montag mit. Die t\u00fcrkische Armee hatte am Sonntagabend eine umfangreiche Milit\u00e4roperation gegen K\u00e4mpfer der von Ankara als Terrororganisation eingestuften kurdischen PKK im Irak gestartet.\u00a0 Der Irak diene bisher nicht [&hellip;]\" \/>\n<meta property=\"og:url\" content=\"https:\/\/now-news.de\/de\/deutschland\/bagdad-verurteilt-militaerintervention-der-tuerkei-im-nordirak\/\" \/>\n<meta property=\"og:site_name\" content=\"just-now.NEWS Deutschland\" \/>\n<meta property=\"article:publisher\" content=\"https:\/\/www.facebook.com\/wirmachenauf\" \/>\n<meta property=\"article:published_time\" content=\"2022-04-19T15:15:19+00:00\" \/>\n<meta property=\"og:image\" content=\"https:\/\/now-news.de\/de\/wp-content\/uploads\/sites\/3\/2022\/04\/Bagdad-verurteilt-Militaerintervention-der-Tuerkei-im-Nordirak.jpg\" \/>\n\t<meta property=\"og:image:width\" content=\"460\" \/>\n\t<meta property=\"og:image:height\" content=\"259\" \/>\n\t<meta property=\"og:image:type\" content=\"image\/jpeg\" \/>\n<meta name=\"author\" content=\"rtnews\" \/>\n<meta name=\"twitter:card\" content=\"summary_large_image\" \/>\n<meta name=\"twitter:creator\" content=\"@WirMachenAuf_de\" \/>\n<meta name=\"twitter:site\" content=\"@WirMachenAuf_de\" \/>\n<meta name=\"twitter:label1\" content=\"Verfasst von\" \/>\n\t<meta name=\"twitter:data1\" content=\"rtnews\" \/>\n\t<meta name=\"twitter:label2\" content=\"Gesch\u00e4tzte Lesezeit\" \/>\n\t<meta name=\"twitter:data2\" content=\"3\u00a0Minuten\" \/>\n<script type=\"application\/ld+json\" class=\"yoast-schema-graph\">{\"@context\":\"https:\/\/schema.org\",\"@graph\":[{\"@type\":\"Article\",\"@id\":\"https:\/\/now-news.de\/de\/deutschland\/bagdad-verurteilt-militaerintervention-der-tuerkei-im-nordirak\/#article\",\"isPartOf\":{\"@id\":\"https:\/\/now-news.de\/de\/deutschland\/bagdad-verurteilt-militaerintervention-der-tuerkei-im-nordirak\/\"},\"author\":{\"name\":\"rtnews\",\"@id\":\"https:\/\/now-news.de\/de\/#\/schema\/person\/fb534a4e865501d8b3285208df34a9b5\"},\"headline\":\"Bagdad verurteilt Milit\u00e4rintervention der T\u00fcrkei im Nordirak\",\"datePublished\":\"2022-04-19T15:15:19+00:00\",\"dateModified\":\"2022-04-19T15:15:19+00:00\",\"mainEntityOfPage\":{\"@id\":\"https:\/\/now-news.de\/de\/deutschland\/bagdad-verurteilt-militaerintervention-der-tuerkei-im-nordirak\/\"},\"wordCount\":517,\"commentCount\":0,\"publisher\":{\"@id\":\"https:\/\/now-news.de\/de\/#organization\"},\"image\":{\"@id\":\"https:\/\/now-news.de\/de\/deutschland\/bagdad-verurteilt-militaerintervention-der-tuerkei-im-nordirak\/#primaryimage\"},\"thumbnailUrl\":\"https:\/\/now-news.de\/de\/wp-content\/uploads\/sites\/3\/2022\/04\/Bagdad-verurteilt-Militaerintervention-der-Tuerkei-im-Nordirak.jpg\",\"keywords\":[\"Bagdad\",\"der\",\"Milit\u00e4rintervention\",\"Nordirak\",\"T\u00fcrkei\",\"verurteilt\"],\"articleSection\":[\"Deutschland\",\"Russland\"],\"inLanguage\":\"de\",\"potentialAction\":[{\"@type\":\"CommentAction\",\"name\":\"Comment\",\"target\":[\"https:\/\/now-news.de\/de\/deutschland\/bagdad-verurteilt-militaerintervention-der-tuerkei-im-nordirak\/#respond\"]}]},{\"@type\":\"WebPage\",\"@id\":\"https:\/\/now-news.de\/de\/deutschland\/bagdad-verurteilt-militaerintervention-der-tuerkei-im-nordirak\/\",\"url\":\"https:\/\/now-news.de\/de\/deutschland\/bagdad-verurteilt-militaerintervention-der-tuerkei-im-nordirak\/\",\"name\":\"Bagdad verurteilt Milit\u00e4rintervention der T\u00fcrkei im Nordirak - just-now.NEWS Deutschland\",\"isPartOf\":{\"@id\":\"https:\/\/now-news.de\/de\/#website\"},\"primaryImageOfPage\":{\"@id\":\"https:\/\/now-news.de\/de\/deutschland\/bagdad-verurteilt-militaerintervention-der-tuerkei-im-nordirak\/#primaryimage\"},\"image\":{\"@id\":\"https:\/\/now-news.de\/de\/deutschland\/bagdad-verurteilt-militaerintervention-der-tuerkei-im-nordirak\/#primaryimage\"},\"thumbnailUrl\":\"https:\/\/now-news.de\/de\/wp-content\/uploads\/sites\/3\/2022\/04\/Bagdad-verurteilt-Militaerintervention-der-Tuerkei-im-Nordirak.jpg\",\"datePublished\":\"2022-04-19T15:15:19+00:00\",\"dateModified\":\"2022-04-19T15:15:19+00:00\",\"breadcrumb\":{\"@id\":\"https:\/\/now-news.de\/de\/deutschland\/bagdad-verurteilt-militaerintervention-der-tuerkei-im-nordirak\/#breadcrumb\"},\"inLanguage\":\"de\",\"potentialAction\":[{\"@type\":\"ReadAction\",\"target\":[\"https:\/\/now-news.de\/de\/deutschland\/bagdad-verurteilt-militaerintervention-der-tuerkei-im-nordirak\/\"]}]},{\"@type\":\"ImageObject\",\"inLanguage\":\"de\",\"@id\":\"https:\/\/now-news.de\/de\/deutschland\/bagdad-verurteilt-militaerintervention-der-tuerkei-im-nordirak\/#primaryimage\",\"url\":\"https:\/\/now-news.de\/de\/wp-content\/uploads\/sites\/3\/2022\/04\/Bagdad-verurteilt-Militaerintervention-der-Tuerkei-im-Nordirak.jpg\",\"contentUrl\":\"https:\/\/now-news.de\/de\/wp-content\/uploads\/sites\/3\/2022\/04\/Bagdad-verurteilt-Militaerintervention-der-Tuerkei-im-Nordirak.jpg\",\"width\":460,\"height\":259},{\"@type\":\"BreadcrumbList\",\"@id\":\"https:\/\/now-news.de\/de\/deutschland\/bagdad-verurteilt-militaerintervention-der-tuerkei-im-nordirak\/#breadcrumb\",\"itemListElement\":[{\"@type\":\"ListItem\",\"position\":1,\"name\":\"Home\",\"item\":\"https:\/\/now-news.de\/de\/\"},{\"@type\":\"ListItem\",\"position\":2,\"name\":\"Bagdad verurteilt Milit\u00e4rintervention der T\u00fcrkei im Nordirak\"}]},{\"@type\":\"WebSite\",\"@id\":\"https:\/\/now-news.de\/de\/#website\",\"url\":\"https:\/\/now-news.de\/de\/\",\"name\":\"just-now.NEWS Deutschland\",\"description\":\"Das Portal f\u00fcr unzensierte Nachrichten aus der Welt\",\"publisher\":{\"@id\":\"https:\/\/now-news.de\/de\/#organization\"},\"potentialAction\":[{\"@type\":\"SearchAction\",\"target\":{\"@type\":\"EntryPoint\",\"urlTemplate\":\"https:\/\/now-news.de\/de\/?s={search_term_string}\"},\"query-input\":\"required name=search_term_string\"}],\"inLanguage\":\"de\"},{\"@type\":\"Organization\",\"@id\":\"https:\/\/now-news.de\/de\/#organization\",\"name\":\"Just Now News\",\"url\":\"https:\/\/now-news.de\/de\/\",\"logo\":{\"@type\":\"ImageObject\",\"inLanguage\":\"de\",\"@id\":\"https:\/\/now-news.de\/de\/#\/schema\/logo\/image\/\",\"url\":\"http:\/\/just-now.news\/de\/wp-content\/uploads\/sites\/3\/2022\/04\/logo500x500.jpg\",\"contentUrl\":\"http:\/\/just-now.news\/de\/wp-content\/uploads\/sites\/3\/2022\/04\/logo500x500.jpg\",\"width\":500,\"height\":500,\"caption\":\"Just Now News\"},\"image\":{\"@id\":\"https:\/\/now-news.de\/de\/#\/schema\/logo\/image\/\"},\"sameAs\":[\"https:\/\/www.facebook.com\/wirmachenauf\",\"https:\/\/x.com\/WirMachenAuf_de\"]},{\"@type\":\"Person\",\"@id\":\"https:\/\/now-news.de\/de\/#\/schema\/person\/fb534a4e865501d8b3285208df34a9b5\",\"name\":\"rtnews\",\"image\":{\"@type\":\"ImageObject\",\"inLanguage\":\"de\",\"@id\":\"https:\/\/now-news.de\/de\/#\/schema\/person\/image\/\",\"url\":\"https:\/\/secure.gravatar.com\/avatar\/82aafea7d8127119dd649515f56e2117?s=96&d=mm&r=g\",\"contentUrl\":\"https:\/\/secure.gravatar.com\/avatar\/82aafea7d8127119dd649515f56e2117?s=96&d=mm&r=g\",\"caption\":\"rtnews\"},\"url\":\"https:\/\/now-news.de\/de\/author\/rnews\/\"}]}<\/script>\n<!-- \/ Yoast SEO Premium plugin. -->","yoast_head_json":{"title":"Bagdad verurteilt Milit\u00e4rintervention der T\u00fcrkei im Nordirak - just-now.NEWS Deutschland","robots":{"index":"index","follow":"follow","max-snippet":"max-snippet:-1","max-image-preview":"max-image-preview:large","max-video-preview":"max-video-preview:-1"},"canonical":"https:\/\/now-news.de\/de\/deutschland\/bagdad-verurteilt-militaerintervention-der-tuerkei-im-nordirak\/","og_locale":"de_DE","og_type":"article","og_title":"Bagdad verurteilt Milit\u00e4rintervention der T\u00fcrkei im Nordirak","og_description":"Die Milit\u00e4rintervention der T\u00fcrkei im Irak sei eine Verletzung\u00a0der irakischen Souver\u00e4nit\u00e4t, die gegen das Konzept guter Nachbarschaft versto\u00dfe, teilte das irakische Au\u00dfenministerium in einer Erkl\u00e4rung am Montag mit. Die t\u00fcrkische Armee hatte am Sonntagabend eine umfangreiche Milit\u00e4roperation gegen K\u00e4mpfer der von Ankara als Terrororganisation eingestuften kurdischen PKK im Irak gestartet.\u00a0 Der Irak diene bisher nicht [&hellip;]","og_url":"https:\/\/now-news.de\/de\/deutschland\/bagdad-verurteilt-militaerintervention-der-tuerkei-im-nordirak\/","og_site_name":"just-now.NEWS Deutschland","article_publisher":"https:\/\/www.facebook.com\/wirmachenauf","article_published_time":"2022-04-19T15:15:19+00:00","og_image":[{"width":460,"height":259,"url":"https:\/\/now-news.de\/de\/wp-content\/uploads\/sites\/3\/2022\/04\/Bagdad-verurteilt-Militaerintervention-der-Tuerkei-im-Nordirak.jpg","type":"image\/jpeg"}],"author":"rtnews","twitter_card":"summary_large_image","twitter_creator":"@WirMachenAuf_de","twitter_site":"@WirMachenAuf_de","twitter_misc":{"Verfasst von":"rtnews","Gesch\u00e4tzte Lesezeit":"3\u00a0Minuten"},"schema":{"@context":"https:\/\/schema.org","@graph":[{"@type":"Article","@id":"https:\/\/now-news.de\/de\/deutschland\/bagdad-verurteilt-militaerintervention-der-tuerkei-im-nordirak\/#article","isPartOf":{"@id":"https:\/\/now-news.de\/de\/deutschland\/bagdad-verurteilt-militaerintervention-der-tuerkei-im-nordirak\/"},"author":{"name":"rtnews","@id":"https:\/\/now-news.de\/de\/#\/schema\/person\/fb534a4e865501d8b3285208df34a9b5"},"headline":"Bagdad verurteilt Milit\u00e4rintervention der T\u00fcrkei im Nordirak","datePublished":"2022-04-19T15:15:19+00:00","dateModified":"2022-04-19T15:15:19+00:00","mainEntityOfPage":{"@id":"https:\/\/now-news.de\/de\/deutschland\/bagdad-verurteilt-militaerintervention-der-tuerkei-im-nordirak\/"},"wordCount":517,"commentCount":0,"publisher":{"@id":"https:\/\/now-news.de\/de\/#organization"},"image":{"@id":"https:\/\/now-news.de\/de\/deutschland\/bagdad-verurteilt-militaerintervention-der-tuerkei-im-nordirak\/#primaryimage"},"thumbnailUrl":"https:\/\/now-news.de\/de\/wp-content\/uploads\/sites\/3\/2022\/04\/Bagdad-verurteilt-Militaerintervention-der-Tuerkei-im-Nordirak.jpg","keywords":["Bagdad","der","Milit\u00e4rintervention","Nordirak","T\u00fcrkei","verurteilt"],"articleSection":["Deutschland","Russland"],"inLanguage":"de","potentialAction":[{"@type":"CommentAction","name":"Comment","target":["https:\/\/now-news.de\/de\/deutschland\/bagdad-verurteilt-militaerintervention-der-tuerkei-im-nordirak\/#respond"]}]},{"@type":"WebPage","@id":"https:\/\/now-news.de\/de\/deutschland\/bagdad-verurteilt-militaerintervention-der-tuerkei-im-nordirak\/","url":"https:\/\/now-news.de\/de\/deutschland\/bagdad-verurteilt-militaerintervention-der-tuerkei-im-nordirak\/","name":"Bagdad verurteilt Milit\u00e4rintervention der T\u00fcrkei im Nordirak - just-now.NEWS Deutschland","isPartOf":{"@id":"https:\/\/now-news.de\/de\/#website"},"primaryImageOfPage":{"@id":"https:\/\/now-news.de\/de\/deutschland\/bagdad-verurteilt-militaerintervention-der-tuerkei-im-nordirak\/#primaryimage"},"image":{"@id":"https:\/\/now-news.de\/de\/deutschland\/bagdad-verurteilt-militaerintervention-der-tuerkei-im-nordirak\/#primaryimage"},"thumbnailUrl":"https:\/\/now-news.de\/de\/wp-content\/uploads\/sites\/3\/2022\/04\/Bagdad-verurteilt-Militaerintervention-der-Tuerkei-im-Nordirak.jpg","datePublished":"2022-04-19T15:15:19+00:00","dateModified":"2022-04-19T15:15:19+00:00","breadcrumb":{"@id":"https:\/\/now-news.de\/de\/deutschland\/bagdad-verurteilt-militaerintervention-der-tuerkei-im-nordirak\/#breadcrumb"},"inLanguage":"de","potentialAction":[{"@type":"ReadAction","target":["https:\/\/now-news.de\/de\/deutschland\/bagdad-verurteilt-militaerintervention-der-tuerkei-im-nordirak\/"]}]},{"@type":"ImageObject","inLanguage":"de","@id":"https:\/\/now-news.de\/de\/deutschland\/bagdad-verurteilt-militaerintervention-der-tuerkei-im-nordirak\/#primaryimage","url":"https:\/\/now-news.de\/de\/wp-content\/uploads\/sites\/3\/2022\/04\/Bagdad-verurteilt-Militaerintervention-der-Tuerkei-im-Nordirak.jpg","contentUrl":"https:\/\/now-news.de\/de\/wp-content\/uploads\/sites\/3\/2022\/04\/Bagdad-verurteilt-Militaerintervention-der-Tuerkei-im-Nordirak.jpg","width":460,"height":259},{"@type":"BreadcrumbList","@id":"https:\/\/now-news.de\/de\/deutschland\/bagdad-verurteilt-militaerintervention-der-tuerkei-im-nordirak\/#breadcrumb","itemListElement":[{"@type":"ListItem","position":1,"name":"Home","item":"https:\/\/now-news.de\/de\/"},{"@type":"ListItem","position":2,"name":"Bagdad verurteilt Milit\u00e4rintervention der T\u00fcrkei im Nordirak"}]},{"@type":"WebSite","@id":"https:\/\/now-news.de\/de\/#website","url":"https:\/\/now-news.de\/de\/","name":"just-now.NEWS Deutschland","description":"Das Portal f\u00fcr unzensierte Nachrichten aus der Welt","publisher":{"@id":"https:\/\/now-news.de\/de\/#organization"},"potentialAction":[{"@type":"SearchAction","target":{"@type":"EntryPoint","urlTemplate":"https:\/\/now-news.de\/de\/?s={search_term_string}"},"query-input":"required name=search_term_string"}],"inLanguage":"de"},{"@type":"Organization","@id":"https:\/\/now-news.de\/de\/#organization","name":"Just Now News","url":"https:\/\/now-news.de\/de\/","logo":{"@type":"ImageObject","inLanguage":"de","@id":"https:\/\/now-news.de\/de\/#\/schema\/logo\/image\/","url":"http:\/\/just-now.news\/de\/wp-content\/uploads\/sites\/3\/2022\/04\/logo500x500.jpg","contentUrl":"http:\/\/just-now.news\/de\/wp-content\/uploads\/sites\/3\/2022\/04\/logo500x500.jpg","width":500,"height":500,"caption":"Just Now News"},"image":{"@id":"https:\/\/now-news.de\/de\/#\/schema\/logo\/image\/"},"sameAs":["https:\/\/www.facebook.com\/wirmachenauf","https:\/\/x.com\/WirMachenAuf_de"]},{"@type":"Person","@id":"https:\/\/now-news.de\/de\/#\/schema\/person\/fb534a4e865501d8b3285208df34a9b5","name":"rtnews","image":{"@type":"ImageObject","inLanguage":"de","@id":"https:\/\/now-news.de\/de\/#\/schema\/person\/image\/","url":"https:\/\/secure.gravatar.com\/avatar\/82aafea7d8127119dd649515f56e2117?s=96&d=mm&r=g","contentUrl":"https:\/\/secure.gravatar.com\/avatar\/82aafea7d8127119dd649515f56e2117?s=96&d=mm&r=g","caption":"rtnews"},"url":"https:\/\/now-news.de\/de\/author\/rnews\/"}]}},"_links":{"self":[{"href":"https:\/\/now-news.de\/de\/wp-json\/wp\/v2\/posts\/1334"}],"collection":[{"href":"https:\/\/now-news.de\/de\/wp-json\/wp\/v2\/posts"}],"about":[{"href":"https:\/\/now-news.de\/de\/wp-json\/wp\/v2\/types\/post"}],"author":[{"embeddable":true,"href":"https:\/\/now-news.de\/de\/wp-json\/wp\/v2\/users\/3"}],"replies":[{"embeddable":true,"href":"https:\/\/now-news.de\/de\/wp-json\/wp\/v2\/comments?post=1334"}],"version-history":[{"count":0,"href":"https:\/\/now-news.de\/de\/wp-json\/wp\/v2\/posts\/1334\/revisions"}],"wp:featuredmedia":[{"embeddable":true,"href":"https:\/\/now-news.de\/de\/wp-json\/wp\/v2\/media\/1335"}],"wp:attachment":[{"href":"https:\/\/now-news.de\/de\/wp-json\/wp\/v2\/media?parent=1334"}],"wp:term":[{"taxonomy":"category","embeddable":true,"href":"https:\/\/now-news.de\/de\/wp-json\/wp\/v2\/categories?post=1334"},{"taxonomy":"post_tag","embeddable":true,"href":"https:\/\/now-news.de\/de\/wp-json\/wp\/v2\/tags?post=1334"}],"curies":[{"name":"wp","href":"https:\/\/api.w.org\/{rel}","templated":true}]}}