{"id":13299,"date":"2022-07-09T11:28:52","date_gmt":"2022-07-09T09:28:52","guid":{"rendered":"http:\/\/just-now.news\/de\/deutschland\/punks-wollen-lindners-polterabend-auf-sylt-crashen\/"},"modified":"2022-07-09T11:28:52","modified_gmt":"2022-07-09T09:28:52","slug":"punks-wollen-lindners-polterabend-auf-sylt-crashen","status":"publish","type":"post","link":"https:\/\/now-news.de\/de\/deutschland\/punks-wollen-lindners-polterabend-auf-sylt-crashen\/","title":{"rendered":"Punks wollen Lindners Polterabend auf Sylt crashen"},"content":{"rendered":"<p><img decoding=\"async\" src=\"http:\/\/just-now.news\/de\/wp-content\/uploads\/sites\/3\/2022\/07\/62c9381db480cc0f841fe723.jpg\" \/><\/p>\n<p>Finanzminister Christian Lindner (43, FDP) und die Journalistin Franca Lehfeldt (33) heiraten am Samstag in einer Kirche auf Sylt. Am Donnerstagnachmittag hatte B\u00fcrgermeister Nikolas H\u00e4ckel (parteilos) die standesamtliche Trauung im Sylt-Museum vorgenommen. Medienberichten zufolge hat das Paar die St. Severin-Kirche in Keitum ausgew\u00e4hlt. Sie ist eines der Wahrzeichen Sylts mit jahrhundertelanger Geschichte. Anschlie\u00dfend soll am Abend gro\u00df in der &#8220;Sansibar&#8221; zwischen Rantum und H\u00f6rnum am Sylter Nordseestrand gefeiert werden.<\/p>\n<p>Auf der G\u00e4steliste sollen zahlreiche Prominente stehen \u2013 darunter Bundeskanzler Olaf Scholz (SPD). Mit dem Privatflieger kam am Freitag bereits CDU-Chef Friedrich Merz auf Sylt an. Er sa\u00df selbst im Cockpit des Flugzeugs, an seiner Seite seine Frau Charlotte. Ebenfalls auf dem Flughafen der Insel landete VW-Chef Herbert Diess.<\/p>\n<p>F\u00fcr die standesamtliche Trauung am Donnerstag war der Bereich um das Sylt-Museum von der Polizei abgesperrt worden. Bereits zum Polterabend sollen sich offenbar auch einige ungebetene G\u00e4ste angek\u00fcndigt haben. Laut einem Bericht von <em>n-tv<\/em> h\u00e4tten sich im Internet Punks dazu verabredet, dem Finanzminister und seiner Braut zu &#8220;gratulieren&#8221;. Aufrufe gab es demnach in mehreren Foren.<\/p>\n<p>Schon zu Pfingsten hatten viele Punks das 9-Euro-Ticket genutzt, um nach Sylt zu fahren. Seither campieren nicht wenige von ihnen um den Wilhelminen-Brunnen in Westerland herum. Urlauber und Einheimische beschwerten sich wiederholt wegen Ruhest\u00f6rung und herumliegendem M\u00fcll.<\/p>\n<p>F\u00fcr den 43-j\u00e4hrigen Lindner ist es die zweite Ehe. Er war bereits mit der Journalistin Dagmar Rosenfeld verheiratet. Auch Lehfeldt ist Journalistin. Die 33-J\u00e4hrige arbeitet als Politik-Reporterin f\u00fcr den Nachrichtensender <em>Welt<\/em>, der zum Medienkonzern Axel Springer geh\u00f6rt. Im vergangenen Oktober war bekannt geworden, dass sie und Lindner sich verlobt hatten.<\/p>\n<p><strong>Mehr zum Thema<\/strong> \u2013 <a rel=\"nofollow noopener\" target=\"_blank\" href=\"https:\/\/deutsch.rt.com\/inland\/142955-sprengstoff-fuer-den-sozialen-zusammenhalt\/\">&#8220;Sprengstoff f\u00fcr den sozialen Zusammenhalt&#8221;: Finanzminister Lindner will bei Arbeitslosen sparen<\/a><\/p>\n<p>(rt\/dpa)<\/p>\n<p><br \/>\n<br \/><a href=\"https:\/\/de.rt.com\/inland\/143057-punks-wollen-lindners-polterabend-auf-sylt-crashen\/\">Source link <\/a><\/p>\n","protected":false},"excerpt":{"rendered":"<p>Finanzminister Christian Lindner (43, FDP) und die Journalistin Franca Lehfeldt (33) heiraten am Samstag in einer Kirche auf Sylt. Am Donnerstagnachmittag hatte B\u00fcrgermeister Nikolas H\u00e4ckel (parteilos) die standesamtliche Trauung im Sylt-Museum vorgenommen. Medienberichten zufolge hat das Paar die St. Severin-Kirche in Keitum ausgew\u00e4hlt. Sie ist eines der Wahrzeichen Sylts mit jahrhundertelanger Geschichte. Anschlie\u00dfend soll am [&hellip;]<\/p>\n","protected":false},"author":3,"featured_media":13300,"comment_status":"open","ping_status":"open","sticky":false,"template":"","format":"standard","meta":{"wp_automatic_camp":["217"],"504bf98fd3b6dff53342f4e1e6612bcf":["Punks wollen Lindners Polterabend auf Sylt crashen"],"original_link":["https:\/\/de.rt.com\/inland\/143057-punks-wollen-lindners-polterabend-auf-sylt-crashen\/"],"_thumbnail_id":["13300"],"_wptg_p2tg_sent2tg":["2022-07-09 11:41:08"],"jnews_social_counter_last_update":["1777128604"]},"categories":[19,23],"tags":[133,27401,27398,27399,27397,27400,1050],"yoast_head":"<!-- This site is optimized with the Yoast SEO Premium plugin v22.7 (Yoast SEO v22.7) - https:\/\/yoast.com\/wordpress\/plugins\/seo\/ -->\n<title>Punks wollen Lindners Polterabend auf Sylt crashen - just-now.NEWS Deutschland<\/title>\n<meta name=\"robots\" content=\"index, follow, max-snippet:-1, max-image-preview:large, max-video-preview:-1\" \/>\n<link rel=\"canonical\" href=\"https:\/\/now-news.de\/de\/deutschland\/punks-wollen-lindners-polterabend-auf-sylt-crashen\/\" \/>\n<meta property=\"og:locale\" content=\"de_DE\" \/>\n<meta property=\"og:type\" content=\"article\" \/>\n<meta property=\"og:title\" content=\"Punks wollen Lindners Polterabend auf Sylt crashen\" \/>\n<meta property=\"og:description\" content=\"Finanzminister Christian Lindner (43, FDP) und die Journalistin Franca Lehfeldt (33) heiraten am Samstag in einer Kirche auf Sylt. Am Donnerstagnachmittag hatte B\u00fcrgermeister Nikolas H\u00e4ckel (parteilos) die standesamtliche Trauung im Sylt-Museum vorgenommen. Medienberichten zufolge hat das Paar die St. Severin-Kirche in Keitum ausgew\u00e4hlt. Sie ist eines der Wahrzeichen Sylts mit jahrhundertelanger Geschichte. Anschlie\u00dfend soll am [&hellip;]\" \/>\n<meta property=\"og:url\" content=\"https:\/\/now-news.de\/de\/deutschland\/punks-wollen-lindners-polterabend-auf-sylt-crashen\/\" \/>\n<meta property=\"og:site_name\" content=\"just-now.NEWS Deutschland\" \/>\n<meta property=\"article:publisher\" content=\"https:\/\/www.facebook.com\/wirmachenauf\" \/>\n<meta property=\"article:published_time\" content=\"2022-07-09T09:28:52+00:00\" \/>\n<meta property=\"og:image\" content=\"https:\/\/now-news.de\/de\/wp-content\/uploads\/sites\/3\/2022\/07\/Punks-wollen-Lindners-Polterabend-auf-Sylt-crashen.jpg\" \/>\n\t<meta property=\"og:image:width\" content=\"460\" \/>\n\t<meta property=\"og:image:height\" content=\"259\" \/>\n\t<meta property=\"og:image:type\" content=\"image\/jpeg\" \/>\n<meta name=\"author\" content=\"rtnews\" \/>\n<meta name=\"twitter:card\" content=\"summary_large_image\" \/>\n<meta name=\"twitter:creator\" content=\"@WirMachenAuf_de\" \/>\n<meta name=\"twitter:site\" content=\"@WirMachenAuf_de\" \/>\n<meta name=\"twitter:label1\" content=\"Verfasst von\" \/>\n\t<meta name=\"twitter:data1\" content=\"rtnews\" \/>\n\t<meta name=\"twitter:label2\" content=\"Gesch\u00e4tzte Lesezeit\" \/>\n\t<meta name=\"twitter:data2\" content=\"1\u00a0Minute\" \/>\n<script type=\"application\/ld+json\" class=\"yoast-schema-graph\">{\"@context\":\"https:\/\/schema.org\",\"@graph\":[{\"@type\":\"Article\",\"@id\":\"https:\/\/now-news.de\/de\/deutschland\/punks-wollen-lindners-polterabend-auf-sylt-crashen\/#article\",\"isPartOf\":{\"@id\":\"https:\/\/now-news.de\/de\/deutschland\/punks-wollen-lindners-polterabend-auf-sylt-crashen\/\"},\"author\":{\"name\":\"rtnews\",\"@id\":\"https:\/\/now-news.de\/de\/#\/schema\/person\/fb534a4e865501d8b3285208df34a9b5\"},\"headline\":\"Punks wollen Lindners Polterabend auf Sylt crashen\",\"datePublished\":\"2022-07-09T09:28:52+00:00\",\"dateModified\":\"2022-07-09T09:28:52+00:00\",\"mainEntityOfPage\":{\"@id\":\"https:\/\/now-news.de\/de\/deutschland\/punks-wollen-lindners-polterabend-auf-sylt-crashen\/\"},\"wordCount\":301,\"commentCount\":0,\"publisher\":{\"@id\":\"https:\/\/now-news.de\/de\/#organization\"},\"image\":{\"@id\":\"https:\/\/now-news.de\/de\/deutschland\/punks-wollen-lindners-polterabend-auf-sylt-crashen\/#primaryimage\"},\"thumbnailUrl\":\"https:\/\/now-news.de\/de\/wp-content\/uploads\/sites\/3\/2022\/07\/Punks-wollen-Lindners-Polterabend-auf-Sylt-crashen.jpg\",\"keywords\":[\"AUF\",\"crashen\",\"Lindners\",\"Polterabend\",\"Punks\",\"Sylt\",\"wollen\"],\"articleSection\":[\"Deutschland\",\"Russland\"],\"inLanguage\":\"de\",\"potentialAction\":[{\"@type\":\"CommentAction\",\"name\":\"Comment\",\"target\":[\"https:\/\/now-news.de\/de\/deutschland\/punks-wollen-lindners-polterabend-auf-sylt-crashen\/#respond\"]}]},{\"@type\":\"WebPage\",\"@id\":\"https:\/\/now-news.de\/de\/deutschland\/punks-wollen-lindners-polterabend-auf-sylt-crashen\/\",\"url\":\"https:\/\/now-news.de\/de\/deutschland\/punks-wollen-lindners-polterabend-auf-sylt-crashen\/\",\"name\":\"Punks wollen Lindners Polterabend auf Sylt crashen - just-now.NEWS Deutschland\",\"isPartOf\":{\"@id\":\"https:\/\/now-news.de\/de\/#website\"},\"primaryImageOfPage\":{\"@id\":\"https:\/\/now-news.de\/de\/deutschland\/punks-wollen-lindners-polterabend-auf-sylt-crashen\/#primaryimage\"},\"image\":{\"@id\":\"https:\/\/now-news.de\/de\/deutschland\/punks-wollen-lindners-polterabend-auf-sylt-crashen\/#primaryimage\"},\"thumbnailUrl\":\"https:\/\/now-news.de\/de\/wp-content\/uploads\/sites\/3\/2022\/07\/Punks-wollen-Lindners-Polterabend-auf-Sylt-crashen.jpg\",\"datePublished\":\"2022-07-09T09:28:52+00:00\",\"dateModified\":\"2022-07-09T09:28:52+00:00\",\"breadcrumb\":{\"@id\":\"https:\/\/now-news.de\/de\/deutschland\/punks-wollen-lindners-polterabend-auf-sylt-crashen\/#breadcrumb\"},\"inLanguage\":\"de\",\"potentialAction\":[{\"@type\":\"ReadAction\",\"target\":[\"https:\/\/now-news.de\/de\/deutschland\/punks-wollen-lindners-polterabend-auf-sylt-crashen\/\"]}]},{\"@type\":\"ImageObject\",\"inLanguage\":\"de\",\"@id\":\"https:\/\/now-news.de\/de\/deutschland\/punks-wollen-lindners-polterabend-auf-sylt-crashen\/#primaryimage\",\"url\":\"https:\/\/now-news.de\/de\/wp-content\/uploads\/sites\/3\/2022\/07\/Punks-wollen-Lindners-Polterabend-auf-Sylt-crashen.jpg\",\"contentUrl\":\"https:\/\/now-news.de\/de\/wp-content\/uploads\/sites\/3\/2022\/07\/Punks-wollen-Lindners-Polterabend-auf-Sylt-crashen.jpg\",\"width\":460,\"height\":259,\"caption\":\"Punks wollen Lindners Polterabend auf Sylt crashen\"},{\"@type\":\"BreadcrumbList\",\"@id\":\"https:\/\/now-news.de\/de\/deutschland\/punks-wollen-lindners-polterabend-auf-sylt-crashen\/#breadcrumb\",\"itemListElement\":[{\"@type\":\"ListItem\",\"position\":1,\"name\":\"Home\",\"item\":\"https:\/\/now-news.de\/de\/\"},{\"@type\":\"ListItem\",\"position\":2,\"name\":\"Punks wollen Lindners Polterabend auf Sylt crashen\"}]},{\"@type\":\"WebSite\",\"@id\":\"https:\/\/now-news.de\/de\/#website\",\"url\":\"https:\/\/now-news.de\/de\/\",\"name\":\"just-now.NEWS Deutschland\",\"description\":\"Das Portal f\u00fcr unzensierte Nachrichten aus der Welt\",\"publisher\":{\"@id\":\"https:\/\/now-news.de\/de\/#organization\"},\"potentialAction\":[{\"@type\":\"SearchAction\",\"target\":{\"@type\":\"EntryPoint\",\"urlTemplate\":\"https:\/\/now-news.de\/de\/?s={search_term_string}\"},\"query-input\":\"required name=search_term_string\"}],\"inLanguage\":\"de\"},{\"@type\":\"Organization\",\"@id\":\"https:\/\/now-news.de\/de\/#organization\",\"name\":\"Just Now News\",\"url\":\"https:\/\/now-news.de\/de\/\",\"logo\":{\"@type\":\"ImageObject\",\"inLanguage\":\"de\",\"@id\":\"https:\/\/now-news.de\/de\/#\/schema\/logo\/image\/\",\"url\":\"http:\/\/just-now.news\/de\/wp-content\/uploads\/sites\/3\/2022\/04\/logo500x500.jpg\",\"contentUrl\":\"http:\/\/just-now.news\/de\/wp-content\/uploads\/sites\/3\/2022\/04\/logo500x500.jpg\",\"width\":500,\"height\":500,\"caption\":\"Just Now News\"},\"image\":{\"@id\":\"https:\/\/now-news.de\/de\/#\/schema\/logo\/image\/\"},\"sameAs\":[\"https:\/\/www.facebook.com\/wirmachenauf\",\"https:\/\/x.com\/WirMachenAuf_de\"]},{\"@type\":\"Person\",\"@id\":\"https:\/\/now-news.de\/de\/#\/schema\/person\/fb534a4e865501d8b3285208df34a9b5\",\"name\":\"rtnews\",\"image\":{\"@type\":\"ImageObject\",\"inLanguage\":\"de\",\"@id\":\"https:\/\/now-news.de\/de\/#\/schema\/person\/image\/\",\"url\":\"https:\/\/secure.gravatar.com\/avatar\/82aafea7d8127119dd649515f56e2117?s=96&d=mm&r=g\",\"contentUrl\":\"https:\/\/secure.gravatar.com\/avatar\/82aafea7d8127119dd649515f56e2117?s=96&d=mm&r=g\",\"caption\":\"rtnews\"},\"url\":\"https:\/\/now-news.de\/de\/author\/rnews\/\"}]}<\/script>\n<!-- \/ Yoast SEO Premium plugin. -->","yoast_head_json":{"title":"Punks wollen Lindners Polterabend auf Sylt crashen - just-now.NEWS Deutschland","robots":{"index":"index","follow":"follow","max-snippet":"max-snippet:-1","max-image-preview":"max-image-preview:large","max-video-preview":"max-video-preview:-1"},"canonical":"https:\/\/now-news.de\/de\/deutschland\/punks-wollen-lindners-polterabend-auf-sylt-crashen\/","og_locale":"de_DE","og_type":"article","og_title":"Punks wollen Lindners Polterabend auf Sylt crashen","og_description":"Finanzminister Christian Lindner (43, FDP) und die Journalistin Franca Lehfeldt (33) heiraten am Samstag in einer Kirche auf Sylt. Am Donnerstagnachmittag hatte B\u00fcrgermeister Nikolas H\u00e4ckel (parteilos) die standesamtliche Trauung im Sylt-Museum vorgenommen. Medienberichten zufolge hat das Paar die St. Severin-Kirche in Keitum ausgew\u00e4hlt. Sie ist eines der Wahrzeichen Sylts mit jahrhundertelanger Geschichte. Anschlie\u00dfend soll am [&hellip;]","og_url":"https:\/\/now-news.de\/de\/deutschland\/punks-wollen-lindners-polterabend-auf-sylt-crashen\/","og_site_name":"just-now.NEWS Deutschland","article_publisher":"https:\/\/www.facebook.com\/wirmachenauf","article_published_time":"2022-07-09T09:28:52+00:00","og_image":[{"width":460,"height":259,"url":"https:\/\/now-news.de\/de\/wp-content\/uploads\/sites\/3\/2022\/07\/Punks-wollen-Lindners-Polterabend-auf-Sylt-crashen.jpg","type":"image\/jpeg"}],"author":"rtnews","twitter_card":"summary_large_image","twitter_creator":"@WirMachenAuf_de","twitter_site":"@WirMachenAuf_de","twitter_misc":{"Verfasst von":"rtnews","Gesch\u00e4tzte Lesezeit":"1\u00a0Minute"},"schema":{"@context":"https:\/\/schema.org","@graph":[{"@type":"Article","@id":"https:\/\/now-news.de\/de\/deutschland\/punks-wollen-lindners-polterabend-auf-sylt-crashen\/#article","isPartOf":{"@id":"https:\/\/now-news.de\/de\/deutschland\/punks-wollen-lindners-polterabend-auf-sylt-crashen\/"},"author":{"name":"rtnews","@id":"https:\/\/now-news.de\/de\/#\/schema\/person\/fb534a4e865501d8b3285208df34a9b5"},"headline":"Punks wollen Lindners Polterabend auf Sylt crashen","datePublished":"2022-07-09T09:28:52+00:00","dateModified":"2022-07-09T09:28:52+00:00","mainEntityOfPage":{"@id":"https:\/\/now-news.de\/de\/deutschland\/punks-wollen-lindners-polterabend-auf-sylt-crashen\/"},"wordCount":301,"commentCount":0,"publisher":{"@id":"https:\/\/now-news.de\/de\/#organization"},"image":{"@id":"https:\/\/now-news.de\/de\/deutschland\/punks-wollen-lindners-polterabend-auf-sylt-crashen\/#primaryimage"},"thumbnailUrl":"https:\/\/now-news.de\/de\/wp-content\/uploads\/sites\/3\/2022\/07\/Punks-wollen-Lindners-Polterabend-auf-Sylt-crashen.jpg","keywords":["AUF","crashen","Lindners","Polterabend","Punks","Sylt","wollen"],"articleSection":["Deutschland","Russland"],"inLanguage":"de","potentialAction":[{"@type":"CommentAction","name":"Comment","target":["https:\/\/now-news.de\/de\/deutschland\/punks-wollen-lindners-polterabend-auf-sylt-crashen\/#respond"]}]},{"@type":"WebPage","@id":"https:\/\/now-news.de\/de\/deutschland\/punks-wollen-lindners-polterabend-auf-sylt-crashen\/","url":"https:\/\/now-news.de\/de\/deutschland\/punks-wollen-lindners-polterabend-auf-sylt-crashen\/","name":"Punks wollen Lindners Polterabend auf Sylt crashen - just-now.NEWS Deutschland","isPartOf":{"@id":"https:\/\/now-news.de\/de\/#website"},"primaryImageOfPage":{"@id":"https:\/\/now-news.de\/de\/deutschland\/punks-wollen-lindners-polterabend-auf-sylt-crashen\/#primaryimage"},"image":{"@id":"https:\/\/now-news.de\/de\/deutschland\/punks-wollen-lindners-polterabend-auf-sylt-crashen\/#primaryimage"},"thumbnailUrl":"https:\/\/now-news.de\/de\/wp-content\/uploads\/sites\/3\/2022\/07\/Punks-wollen-Lindners-Polterabend-auf-Sylt-crashen.jpg","datePublished":"2022-07-09T09:28:52+00:00","dateModified":"2022-07-09T09:28:52+00:00","breadcrumb":{"@id":"https:\/\/now-news.de\/de\/deutschland\/punks-wollen-lindners-polterabend-auf-sylt-crashen\/#breadcrumb"},"inLanguage":"de","potentialAction":[{"@type":"ReadAction","target":["https:\/\/now-news.de\/de\/deutschland\/punks-wollen-lindners-polterabend-auf-sylt-crashen\/"]}]},{"@type":"ImageObject","inLanguage":"de","@id":"https:\/\/now-news.de\/de\/deutschland\/punks-wollen-lindners-polterabend-auf-sylt-crashen\/#primaryimage","url":"https:\/\/now-news.de\/de\/wp-content\/uploads\/sites\/3\/2022\/07\/Punks-wollen-Lindners-Polterabend-auf-Sylt-crashen.jpg","contentUrl":"https:\/\/now-news.de\/de\/wp-content\/uploads\/sites\/3\/2022\/07\/Punks-wollen-Lindners-Polterabend-auf-Sylt-crashen.jpg","width":460,"height":259,"caption":"Punks wollen Lindners Polterabend auf Sylt crashen"},{"@type":"BreadcrumbList","@id":"https:\/\/now-news.de\/de\/deutschland\/punks-wollen-lindners-polterabend-auf-sylt-crashen\/#breadcrumb","itemListElement":[{"@type":"ListItem","position":1,"name":"Home","item":"https:\/\/now-news.de\/de\/"},{"@type":"ListItem","position":2,"name":"Punks wollen Lindners Polterabend auf Sylt crashen"}]},{"@type":"WebSite","@id":"https:\/\/now-news.de\/de\/#website","url":"https:\/\/now-news.de\/de\/","name":"just-now.NEWS Deutschland","description":"Das Portal f\u00fcr unzensierte Nachrichten aus der Welt","publisher":{"@id":"https:\/\/now-news.de\/de\/#organization"},"potentialAction":[{"@type":"SearchAction","target":{"@type":"EntryPoint","urlTemplate":"https:\/\/now-news.de\/de\/?s={search_term_string}"},"query-input":"required name=search_term_string"}],"inLanguage":"de"},{"@type":"Organization","@id":"https:\/\/now-news.de\/de\/#organization","name":"Just Now News","url":"https:\/\/now-news.de\/de\/","logo":{"@type":"ImageObject","inLanguage":"de","@id":"https:\/\/now-news.de\/de\/#\/schema\/logo\/image\/","url":"http:\/\/just-now.news\/de\/wp-content\/uploads\/sites\/3\/2022\/04\/logo500x500.jpg","contentUrl":"http:\/\/just-now.news\/de\/wp-content\/uploads\/sites\/3\/2022\/04\/logo500x500.jpg","width":500,"height":500,"caption":"Just Now News"},"image":{"@id":"https:\/\/now-news.de\/de\/#\/schema\/logo\/image\/"},"sameAs":["https:\/\/www.facebook.com\/wirmachenauf","https:\/\/x.com\/WirMachenAuf_de"]},{"@type":"Person","@id":"https:\/\/now-news.de\/de\/#\/schema\/person\/fb534a4e865501d8b3285208df34a9b5","name":"rtnews","image":{"@type":"ImageObject","inLanguage":"de","@id":"https:\/\/now-news.de\/de\/#\/schema\/person\/image\/","url":"https:\/\/secure.gravatar.com\/avatar\/82aafea7d8127119dd649515f56e2117?s=96&d=mm&r=g","contentUrl":"https:\/\/secure.gravatar.com\/avatar\/82aafea7d8127119dd649515f56e2117?s=96&d=mm&r=g","caption":"rtnews"},"url":"https:\/\/now-news.de\/de\/author\/rnews\/"}]}},"_links":{"self":[{"href":"https:\/\/now-news.de\/de\/wp-json\/wp\/v2\/posts\/13299"}],"collection":[{"href":"https:\/\/now-news.de\/de\/wp-json\/wp\/v2\/posts"}],"about":[{"href":"https:\/\/now-news.de\/de\/wp-json\/wp\/v2\/types\/post"}],"author":[{"embeddable":true,"href":"https:\/\/now-news.de\/de\/wp-json\/wp\/v2\/users\/3"}],"replies":[{"embeddable":true,"href":"https:\/\/now-news.de\/de\/wp-json\/wp\/v2\/comments?post=13299"}],"version-history":[{"count":0,"href":"https:\/\/now-news.de\/de\/wp-json\/wp\/v2\/posts\/13299\/revisions"}],"wp:featuredmedia":[{"embeddable":true,"href":"https:\/\/now-news.de\/de\/wp-json\/wp\/v2\/media\/13300"}],"wp:attachment":[{"href":"https:\/\/now-news.de\/de\/wp-json\/wp\/v2\/media?parent=13299"}],"wp:term":[{"taxonomy":"category","embeddable":true,"href":"https:\/\/now-news.de\/de\/wp-json\/wp\/v2\/categories?post=13299"},{"taxonomy":"post_tag","embeddable":true,"href":"https:\/\/now-news.de\/de\/wp-json\/wp\/v2\/tags?post=13299"}],"curies":[{"name":"wp","href":"https:\/\/api.w.org\/{rel}","templated":true}]}}