{"id":13262,"date":"2022-07-08T22:51:50","date_gmt":"2022-07-08T20:51:50","guid":{"rendered":"http:\/\/just-now.news\/de\/deutschland\/nach-quarantaene-koennen-die-anwaelte-michael-ballweg-erstmals-im-gefaengnis-besuchen\/"},"modified":"2022-07-08T22:51:50","modified_gmt":"2022-07-08T20:51:50","slug":"nach-quarantaene-koennen-die-anwaelte-michael-ballweg-erstmals-im-gefaengnis-besuchen","status":"publish","type":"post","link":"https:\/\/now-news.de\/de\/deutschland\/nach-quarantaene-koennen-die-anwaelte-michael-ballweg-erstmals-im-gefaengnis-besuchen\/","title":{"rendered":"Nach Quarant\u00e4ne k\u00f6nnen die Anw\u00e4lte Michael Ballweg erstmals im Gef\u00e4ngnis besuchen"},"content":{"rendered":"<p><img decoding=\"async\" src=\"http:\/\/just-now.news\/de\/wp-content\/uploads\/sites\/3\/2022\/07\/62c8176ab480cc33417a5e7e.jpg\" \/><\/p>\n<div class=\"Text-root Text-type_1 \">\n                Im Interview berichtet der Pressesprecher des Anwaltsteams von Michael Ballweg, Rechtsanwalt Dr. Alexander Christ, dass der Verteidigung weiterhin keine Ermittlungsakte vorliegt. Seitens der Haftanstalt wurde f\u00fcr den Gr\u00fcnder der Querdenken-Bewegung Quarant\u00e4ne angeordnet.\n            <\/div>\n<p><\/p>\n<div class=\"Text-root Text-type_5 ArticleView-text ViewText-root \">\n<p>Am vorletzten Mittwoch wurde der Initiator der Querdenken-Bewegung, der Stuttgarter Unternehmer Michael Ballweg, nach einer polizeilichen Hausdurchsuchung von der Polizei verhaftet und noch am selben Tag in Untersuchungshaft gebracht. Aktuell befindet er sich in der Justizvollzugsanstalt in Stuttgart-Stammheim. Die Staatsanwaltschaft unterstellte Fluchtgefahr und akzeptierte deshalb auch keine Freilassung gegen Kaution. Die genauen Tatvorw\u00fcrfe blieben bislang unklar, da der Verteidigung bis zum letzten Interview mit <em>RT<\/em> noch keine Ermittlungsakte vorlag. Am Donnerstagabend berichtete der Pressesprecher der Verteidigung, Rechtsanwalt Dr. Alexander Christ, im Interview mit <em>RT<\/em> \u00fcber den aktuellen Stand.<\/p>\n<p><em><strong>RT DE: Herr Dr. Christ, ist dem Anwaltsteam von Michael Ballweg mittlerweile bekannt, was dem Stuttgarter Unternehmer vorgeworfen wird?<\/strong><\/em><\/p>\n<p><strong>Dr. Alexander Christ:<\/strong> Da der Verteidigung weiterhin noch keine Ermittlungsakte vorliegt, kann ich zum Tatvorwurf\u00a0noch immer nichts sagen. Inzwischen befindet sich Herr Ballweg seit \u00fcber einer Woche in Untersuchungshaft. Normalerweise h\u00e4tte ich erwartet, dass die Ermittlungsakte so schnell wie m\u00f6glich bei der Verteidigung eintrifft. Ich h\u00e4tte bereits am Ende letzter Woche, sp\u00e4testens Anfang dieser Woche mit dem Vorliegen der Akte gerechnet. Es ist \u00e4u\u00dferst ungew\u00f6hnlich, dass die Zustellung dieser Unterlage so lange dauert. Schlie\u00dflich gilt im Falle von Untersuchungshaft im Strafrecht der sogenannte Beschleunigungsgrundsatz. Demnach muss alles unternommen werden, um die Untersuchung des Tatvorwurfs zu beschleunigen, damit ein betroffener wom\u00f6glich unschuldiger Mensch nicht unn\u00f6tig lange unberechtigt inhaftiert bleibt. Laut Staatsanwaltschaft sei die Ermittlungsakte schon vor Tagen losgeschickt worden. Deshalb ist es umso erstaunlicher, dass sie noch nicht beim Hauptstrafverteidiger Rechtsanwalt Ralf Dalla Fini eingetroffen ist.<\/p>\n<p><em><strong>RT DE: Hat das Anwaltsteam denn in irgendeiner Form mehr Erkenntnisse als noch vor einer Woche?<\/strong><\/em><\/p>\n<p><strong>Dr. Alexander Christ:<\/strong> Mittlerweile konnte sein Strafverteidiger den Haftbefehl anschauen. Dieser beinhaltet zwar einige Vorw\u00fcrfe, die aber dadurch, dass sie im Einzelnen nicht belegt werden, ohne Vorliegen der Ermittlungsakte nur als Behauptungen dastehen.<\/p>\n<p><em><strong>RT DE: Konnten die Anw\u00e4lte Herrn Ballweg seit seiner Inhaftierung in der Justizvollzugsanstalt in Stammheim besuchen?<\/strong><\/em><\/p>\n<p><strong>Dr. Alexander Christ:<\/strong> Leider war das bislang nicht m\u00f6glich, weil die Haftanstalt f\u00fcr Herrn Ballweg eine Quarant\u00e4nezeit von 11\u00a0bis 13 Tagen angeordnet hat. Aus diesem Grund durfte er bislang keinerlei Besuch empfangen. Die Haftanstalt begr\u00fcndete dies mit einer vorbeugenden Corona-Schutzma\u00dfnahme. Bis jetzt war mir diese Art von pr\u00e4ventiver Corona-Quarant\u00e4ne v\u00f6llig unbekannt beziehungsweise ist mir noch kein Fall begegnet, bei dem eine solche Quarant\u00e4ne seitens einer Haftanstalt angeordnet worden ist.<\/p>\n<p><em><strong>RT DE: Konnte Rechtsanwalt Ralf Dalla Fini inzwischen mit Herrn Ballweg telefonieren? Und wei\u00df man, wie es Michael Ballweg mittlerweile geht?<\/strong><\/em><\/p>\n<p><strong>Dr. Alexander Christ<\/strong>: Seine Verteidiger konnten ihn bislang nicht aktiv in der JVA anrufen. H\u00e4tte Herr Ballweg sich nicht selbstst\u00e4ndig eine Telefonkarte in der Haftanstalt besorgt, mittels derer er seinen Anwalt angerufen hat, h\u00e4tten die Rechtsanw\u00e4lte \u00fcberhaupt noch keinen Kontakt zu ihm haben k\u00f6nnen. Herrn Ballweg geht es laut seiner Mitteilung den Umst\u00e4nden entsprechend gut. Er werde in der JVA gut behandelt. Au\u00dferdem, und das w\u00fcrde ihn auch unterst\u00fctzen, w\u00e4ren ihm in kurzer Zeit schon \u00fcber 400 Briefe mit Solidarit\u00e4tsbekundungen in die JVA Stammheim geschickt worden.<\/p>\n<p>Ganz aktuell ist es jetzt durch den intensiven Einsatz der Anw\u00e4lte doch gelungen, trotz Quarant\u00e4ne-Anordnung einen Besuchstermin f\u00fcr die Anw\u00e4lte zu erwirken. Dabei hat sich jetzt insbesondere auch die Staatsanwaltschaft selbst daf\u00fcr eingesetzt, dass die Anw\u00e4lte Herrn Ballweg nun kurzfristig heute Nachmittag zum ersten Mal besuchen k\u00f6nnen.<\/p>\n<p>Zum Tatvorwurf selbst, dazu bleibt es weiterhin dabei, werden wir Anw\u00e4lte erst etwas sagen k\u00f6nnen, nachdem uns die Ermittlungsakte vorliegt.<\/p>\n<p><strong>Mehr zum Thema<\/strong> &#8211; <a rel=\"nofollow noopener\" target=\"_blank\" href=\"https:\/\/de.rt.com\/inland\/142744-grunen-politiker-dahmen-geht-von\/\">Gr\u00fcnen-Politiker Dahmen geht von &#8220;gro\u00dfem Lockdown&#8221; im Herbst aus<\/a><\/p>\n<\/p>\n<\/div>\n<p><br \/>\n<br \/><a href=\"https:\/\/de.rt.com\/inland\/143000-nach-quarantane-konnen-anwalte-michael\/\">Source link <\/a><\/p>\n","protected":false},"excerpt":{"rendered":"<p>Im Interview berichtet der Pressesprecher des Anwaltsteams von Michael Ballweg, Rechtsanwalt Dr. Alexander Christ, dass der Verteidigung weiterhin keine Ermittlungsakte vorliegt. Seitens der Haftanstalt wurde f\u00fcr den Gr\u00fcnder der Querdenken-Bewegung Quarant\u00e4ne angeordnet. Am vorletzten Mittwoch wurde der Initiator der Querdenken-Bewegung, der Stuttgarter Unternehmer Michael Ballweg, nach einer polizeilichen Hausdurchsuchung von der Polizei verhaftet und noch [&hellip;]<\/p>\n","protected":false},"author":3,"featured_media":13263,"comment_status":"open","ping_status":"open","sticky":false,"template":"","format":"standard","meta":{"wp_automatic_camp":["217"],"16b6c2db3b25fff8207c077ef610d276":["Nach Quarant\u00e4ne k\u00f6nnen die Anw\u00e4lte Michael Ballweg erstmals im Gef\u00e4ngnis besuchen"],"original_link":["https:\/\/de.rt.com\/inland\/143000-nach-quarantane-konnen-anwalte-michael\/"],"_thumbnail_id":["13263"],"_wptg_p2tg_sent2tg":["2022-07-08 23:17:15"],"jnews_social_counter_last_update":["1777590161"]},"categories":[19,23],"tags":[19192,26226,3527,45,7182,7567,4296,3080,979,27351],"yoast_head":"<!-- This site is optimized with the Yoast SEO Premium plugin v22.7 (Yoast SEO v22.7) - https:\/\/yoast.com\/wordpress\/plugins\/seo\/ -->\n<title>Nach Quarant\u00e4ne k\u00f6nnen die Anw\u00e4lte Michael Ballweg erstmals im Gef\u00e4ngnis besuchen - just-now.NEWS Deutschland<\/title>\n<meta name=\"robots\" content=\"index, follow, max-snippet:-1, max-image-preview:large, max-video-preview:-1\" \/>\n<link rel=\"canonical\" href=\"https:\/\/now-news.de\/de\/deutschland\/nach-quarantaene-koennen-die-anwaelte-michael-ballweg-erstmals-im-gefaengnis-besuchen\/\" \/>\n<meta property=\"og:locale\" content=\"de_DE\" \/>\n<meta property=\"og:type\" content=\"article\" \/>\n<meta property=\"og:title\" content=\"Nach Quarant\u00e4ne k\u00f6nnen die Anw\u00e4lte Michael Ballweg erstmals im Gef\u00e4ngnis besuchen\" \/>\n<meta property=\"og:description\" content=\"Im Interview berichtet der Pressesprecher des Anwaltsteams von Michael Ballweg, Rechtsanwalt Dr. Alexander Christ, dass der Verteidigung weiterhin keine Ermittlungsakte vorliegt. Seitens der Haftanstalt wurde f\u00fcr den Gr\u00fcnder der Querdenken-Bewegung Quarant\u00e4ne angeordnet. Am vorletzten Mittwoch wurde der Initiator der Querdenken-Bewegung, der Stuttgarter Unternehmer Michael Ballweg, nach einer polizeilichen Hausdurchsuchung von der Polizei verhaftet und noch [&hellip;]\" \/>\n<meta property=\"og:url\" content=\"https:\/\/now-news.de\/de\/deutschland\/nach-quarantaene-koennen-die-anwaelte-michael-ballweg-erstmals-im-gefaengnis-besuchen\/\" \/>\n<meta property=\"og:site_name\" content=\"just-now.NEWS Deutschland\" \/>\n<meta property=\"article:publisher\" content=\"https:\/\/www.facebook.com\/wirmachenauf\" \/>\n<meta property=\"article:published_time\" content=\"2022-07-08T20:51:50+00:00\" \/>\n<meta property=\"og:image\" content=\"https:\/\/now-news.de\/de\/wp-content\/uploads\/sites\/3\/2022\/07\/Nach-Quarantaene-koennen-die-Anwaelte-Michael-Ballweg-erstmals-im-Gefaengnis.jpg\" \/>\n\t<meta property=\"og:image:width\" content=\"460\" \/>\n\t<meta property=\"og:image:height\" content=\"259\" \/>\n\t<meta property=\"og:image:type\" content=\"image\/jpeg\" \/>\n<meta name=\"author\" content=\"rtnews\" \/>\n<meta name=\"twitter:card\" content=\"summary_large_image\" \/>\n<meta name=\"twitter:creator\" content=\"@WirMachenAuf_de\" \/>\n<meta name=\"twitter:site\" content=\"@WirMachenAuf_de\" \/>\n<meta name=\"twitter:label1\" content=\"Verfasst von\" \/>\n\t<meta name=\"twitter:data1\" content=\"rtnews\" \/>\n\t<meta name=\"twitter:label2\" content=\"Gesch\u00e4tzte Lesezeit\" \/>\n\t<meta name=\"twitter:data2\" content=\"3\u00a0Minuten\" \/>\n<script type=\"application\/ld+json\" class=\"yoast-schema-graph\">{\"@context\":\"https:\/\/schema.org\",\"@graph\":[{\"@type\":\"Article\",\"@id\":\"https:\/\/now-news.de\/de\/deutschland\/nach-quarantaene-koennen-die-anwaelte-michael-ballweg-erstmals-im-gefaengnis-besuchen\/#article\",\"isPartOf\":{\"@id\":\"https:\/\/now-news.de\/de\/deutschland\/nach-quarantaene-koennen-die-anwaelte-michael-ballweg-erstmals-im-gefaengnis-besuchen\/\"},\"author\":{\"name\":\"rtnews\",\"@id\":\"https:\/\/now-news.de\/de\/#\/schema\/person\/fb534a4e865501d8b3285208df34a9b5\"},\"headline\":\"Nach Quarant\u00e4ne k\u00f6nnen die Anw\u00e4lte Michael Ballweg erstmals im Gef\u00e4ngnis besuchen\",\"datePublished\":\"2022-07-08T20:51:50+00:00\",\"dateModified\":\"2022-07-08T20:51:50+00:00\",\"mainEntityOfPage\":{\"@id\":\"https:\/\/now-news.de\/de\/deutschland\/nach-quarantaene-koennen-die-anwaelte-michael-ballweg-erstmals-im-gefaengnis-besuchen\/\"},\"wordCount\":658,\"commentCount\":0,\"publisher\":{\"@id\":\"https:\/\/now-news.de\/de\/#organization\"},\"image\":{\"@id\":\"https:\/\/now-news.de\/de\/deutschland\/nach-quarantaene-koennen-die-anwaelte-michael-ballweg-erstmals-im-gefaengnis-besuchen\/#primaryimage\"},\"thumbnailUrl\":\"https:\/\/now-news.de\/de\/wp-content\/uploads\/sites\/3\/2022\/07\/Nach-Quarantaene-koennen-die-Anwaelte-Michael-Ballweg-erstmals-im-Gefaengnis.jpg\",\"keywords\":[\"Anw\u00e4lte\",\"Ballweg\",\"Besuchen\",\"die\",\"Erstmals\",\"Gef\u00e4ngnis\",\"k\u00f6nnen\",\"Michael\",\"nach\",\"Quarant\u00e4ne\"],\"articleSection\":[\"Deutschland\",\"Russland\"],\"inLanguage\":\"de\",\"potentialAction\":[{\"@type\":\"CommentAction\",\"name\":\"Comment\",\"target\":[\"https:\/\/now-news.de\/de\/deutschland\/nach-quarantaene-koennen-die-anwaelte-michael-ballweg-erstmals-im-gefaengnis-besuchen\/#respond\"]}]},{\"@type\":\"WebPage\",\"@id\":\"https:\/\/now-news.de\/de\/deutschland\/nach-quarantaene-koennen-die-anwaelte-michael-ballweg-erstmals-im-gefaengnis-besuchen\/\",\"url\":\"https:\/\/now-news.de\/de\/deutschland\/nach-quarantaene-koennen-die-anwaelte-michael-ballweg-erstmals-im-gefaengnis-besuchen\/\",\"name\":\"Nach Quarant\u00e4ne k\u00f6nnen die Anw\u00e4lte Michael Ballweg erstmals im Gef\u00e4ngnis besuchen - just-now.NEWS Deutschland\",\"isPartOf\":{\"@id\":\"https:\/\/now-news.de\/de\/#website\"},\"primaryImageOfPage\":{\"@id\":\"https:\/\/now-news.de\/de\/deutschland\/nach-quarantaene-koennen-die-anwaelte-michael-ballweg-erstmals-im-gefaengnis-besuchen\/#primaryimage\"},\"image\":{\"@id\":\"https:\/\/now-news.de\/de\/deutschland\/nach-quarantaene-koennen-die-anwaelte-michael-ballweg-erstmals-im-gefaengnis-besuchen\/#primaryimage\"},\"thumbnailUrl\":\"https:\/\/now-news.de\/de\/wp-content\/uploads\/sites\/3\/2022\/07\/Nach-Quarantaene-koennen-die-Anwaelte-Michael-Ballweg-erstmals-im-Gefaengnis.jpg\",\"datePublished\":\"2022-07-08T20:51:50+00:00\",\"dateModified\":\"2022-07-08T20:51:50+00:00\",\"breadcrumb\":{\"@id\":\"https:\/\/now-news.de\/de\/deutschland\/nach-quarantaene-koennen-die-anwaelte-michael-ballweg-erstmals-im-gefaengnis-besuchen\/#breadcrumb\"},\"inLanguage\":\"de\",\"potentialAction\":[{\"@type\":\"ReadAction\",\"target\":[\"https:\/\/now-news.de\/de\/deutschland\/nach-quarantaene-koennen-die-anwaelte-michael-ballweg-erstmals-im-gefaengnis-besuchen\/\"]}]},{\"@type\":\"ImageObject\",\"inLanguage\":\"de\",\"@id\":\"https:\/\/now-news.de\/de\/deutschland\/nach-quarantaene-koennen-die-anwaelte-michael-ballweg-erstmals-im-gefaengnis-besuchen\/#primaryimage\",\"url\":\"https:\/\/now-news.de\/de\/wp-content\/uploads\/sites\/3\/2022\/07\/Nach-Quarantaene-koennen-die-Anwaelte-Michael-Ballweg-erstmals-im-Gefaengnis.jpg\",\"contentUrl\":\"https:\/\/now-news.de\/de\/wp-content\/uploads\/sites\/3\/2022\/07\/Nach-Quarantaene-koennen-die-Anwaelte-Michael-Ballweg-erstmals-im-Gefaengnis.jpg\",\"width\":460,\"height\":259,\"caption\":\"Nach Quarant\u00e4ne k\u00f6nnen die Anw\u00e4lte Michael Ballweg erstmals im Gef\u00e4ngnis besuchen\"},{\"@type\":\"BreadcrumbList\",\"@id\":\"https:\/\/now-news.de\/de\/deutschland\/nach-quarantaene-koennen-die-anwaelte-michael-ballweg-erstmals-im-gefaengnis-besuchen\/#breadcrumb\",\"itemListElement\":[{\"@type\":\"ListItem\",\"position\":1,\"name\":\"Home\",\"item\":\"https:\/\/now-news.de\/de\/\"},{\"@type\":\"ListItem\",\"position\":2,\"name\":\"Nach Quarant\u00e4ne k\u00f6nnen die Anw\u00e4lte Michael Ballweg erstmals im Gef\u00e4ngnis besuchen\"}]},{\"@type\":\"WebSite\",\"@id\":\"https:\/\/now-news.de\/de\/#website\",\"url\":\"https:\/\/now-news.de\/de\/\",\"name\":\"just-now.NEWS Deutschland\",\"description\":\"Das Portal f\u00fcr unzensierte Nachrichten aus der Welt\",\"publisher\":{\"@id\":\"https:\/\/now-news.de\/de\/#organization\"},\"potentialAction\":[{\"@type\":\"SearchAction\",\"target\":{\"@type\":\"EntryPoint\",\"urlTemplate\":\"https:\/\/now-news.de\/de\/?s={search_term_string}\"},\"query-input\":\"required name=search_term_string\"}],\"inLanguage\":\"de\"},{\"@type\":\"Organization\",\"@id\":\"https:\/\/now-news.de\/de\/#organization\",\"name\":\"Just Now News\",\"url\":\"https:\/\/now-news.de\/de\/\",\"logo\":{\"@type\":\"ImageObject\",\"inLanguage\":\"de\",\"@id\":\"https:\/\/now-news.de\/de\/#\/schema\/logo\/image\/\",\"url\":\"http:\/\/just-now.news\/de\/wp-content\/uploads\/sites\/3\/2022\/04\/logo500x500.jpg\",\"contentUrl\":\"http:\/\/just-now.news\/de\/wp-content\/uploads\/sites\/3\/2022\/04\/logo500x500.jpg\",\"width\":500,\"height\":500,\"caption\":\"Just Now News\"},\"image\":{\"@id\":\"https:\/\/now-news.de\/de\/#\/schema\/logo\/image\/\"},\"sameAs\":[\"https:\/\/www.facebook.com\/wirmachenauf\",\"https:\/\/x.com\/WirMachenAuf_de\"]},{\"@type\":\"Person\",\"@id\":\"https:\/\/now-news.de\/de\/#\/schema\/person\/fb534a4e865501d8b3285208df34a9b5\",\"name\":\"rtnews\",\"image\":{\"@type\":\"ImageObject\",\"inLanguage\":\"de\",\"@id\":\"https:\/\/now-news.de\/de\/#\/schema\/person\/image\/\",\"url\":\"https:\/\/secure.gravatar.com\/avatar\/82aafea7d8127119dd649515f56e2117?s=96&d=mm&r=g\",\"contentUrl\":\"https:\/\/secure.gravatar.com\/avatar\/82aafea7d8127119dd649515f56e2117?s=96&d=mm&r=g\",\"caption\":\"rtnews\"},\"url\":\"https:\/\/now-news.de\/de\/author\/rnews\/\"}]}<\/script>\n<!-- \/ Yoast SEO Premium plugin. -->","yoast_head_json":{"title":"Nach Quarant\u00e4ne k\u00f6nnen die Anw\u00e4lte Michael Ballweg erstmals im Gef\u00e4ngnis besuchen - just-now.NEWS Deutschland","robots":{"index":"index","follow":"follow","max-snippet":"max-snippet:-1","max-image-preview":"max-image-preview:large","max-video-preview":"max-video-preview:-1"},"canonical":"https:\/\/now-news.de\/de\/deutschland\/nach-quarantaene-koennen-die-anwaelte-michael-ballweg-erstmals-im-gefaengnis-besuchen\/","og_locale":"de_DE","og_type":"article","og_title":"Nach Quarant\u00e4ne k\u00f6nnen die Anw\u00e4lte Michael Ballweg erstmals im Gef\u00e4ngnis besuchen","og_description":"Im Interview berichtet der Pressesprecher des Anwaltsteams von Michael Ballweg, Rechtsanwalt Dr. Alexander Christ, dass der Verteidigung weiterhin keine Ermittlungsakte vorliegt. Seitens der Haftanstalt wurde f\u00fcr den Gr\u00fcnder der Querdenken-Bewegung Quarant\u00e4ne angeordnet. Am vorletzten Mittwoch wurde der Initiator der Querdenken-Bewegung, der Stuttgarter Unternehmer Michael Ballweg, nach einer polizeilichen Hausdurchsuchung von der Polizei verhaftet und noch [&hellip;]","og_url":"https:\/\/now-news.de\/de\/deutschland\/nach-quarantaene-koennen-die-anwaelte-michael-ballweg-erstmals-im-gefaengnis-besuchen\/","og_site_name":"just-now.NEWS Deutschland","article_publisher":"https:\/\/www.facebook.com\/wirmachenauf","article_published_time":"2022-07-08T20:51:50+00:00","og_image":[{"width":460,"height":259,"url":"https:\/\/now-news.de\/de\/wp-content\/uploads\/sites\/3\/2022\/07\/Nach-Quarantaene-koennen-die-Anwaelte-Michael-Ballweg-erstmals-im-Gefaengnis.jpg","type":"image\/jpeg"}],"author":"rtnews","twitter_card":"summary_large_image","twitter_creator":"@WirMachenAuf_de","twitter_site":"@WirMachenAuf_de","twitter_misc":{"Verfasst von":"rtnews","Gesch\u00e4tzte Lesezeit":"3\u00a0Minuten"},"schema":{"@context":"https:\/\/schema.org","@graph":[{"@type":"Article","@id":"https:\/\/now-news.de\/de\/deutschland\/nach-quarantaene-koennen-die-anwaelte-michael-ballweg-erstmals-im-gefaengnis-besuchen\/#article","isPartOf":{"@id":"https:\/\/now-news.de\/de\/deutschland\/nach-quarantaene-koennen-die-anwaelte-michael-ballweg-erstmals-im-gefaengnis-besuchen\/"},"author":{"name":"rtnews","@id":"https:\/\/now-news.de\/de\/#\/schema\/person\/fb534a4e865501d8b3285208df34a9b5"},"headline":"Nach Quarant\u00e4ne k\u00f6nnen die Anw\u00e4lte Michael Ballweg erstmals im Gef\u00e4ngnis besuchen","datePublished":"2022-07-08T20:51:50+00:00","dateModified":"2022-07-08T20:51:50+00:00","mainEntityOfPage":{"@id":"https:\/\/now-news.de\/de\/deutschland\/nach-quarantaene-koennen-die-anwaelte-michael-ballweg-erstmals-im-gefaengnis-besuchen\/"},"wordCount":658,"commentCount":0,"publisher":{"@id":"https:\/\/now-news.de\/de\/#organization"},"image":{"@id":"https:\/\/now-news.de\/de\/deutschland\/nach-quarantaene-koennen-die-anwaelte-michael-ballweg-erstmals-im-gefaengnis-besuchen\/#primaryimage"},"thumbnailUrl":"https:\/\/now-news.de\/de\/wp-content\/uploads\/sites\/3\/2022\/07\/Nach-Quarantaene-koennen-die-Anwaelte-Michael-Ballweg-erstmals-im-Gefaengnis.jpg","keywords":["Anw\u00e4lte","Ballweg","Besuchen","die","Erstmals","Gef\u00e4ngnis","k\u00f6nnen","Michael","nach","Quarant\u00e4ne"],"articleSection":["Deutschland","Russland"],"inLanguage":"de","potentialAction":[{"@type":"CommentAction","name":"Comment","target":["https:\/\/now-news.de\/de\/deutschland\/nach-quarantaene-koennen-die-anwaelte-michael-ballweg-erstmals-im-gefaengnis-besuchen\/#respond"]}]},{"@type":"WebPage","@id":"https:\/\/now-news.de\/de\/deutschland\/nach-quarantaene-koennen-die-anwaelte-michael-ballweg-erstmals-im-gefaengnis-besuchen\/","url":"https:\/\/now-news.de\/de\/deutschland\/nach-quarantaene-koennen-die-anwaelte-michael-ballweg-erstmals-im-gefaengnis-besuchen\/","name":"Nach Quarant\u00e4ne k\u00f6nnen die Anw\u00e4lte Michael Ballweg erstmals im Gef\u00e4ngnis besuchen - just-now.NEWS Deutschland","isPartOf":{"@id":"https:\/\/now-news.de\/de\/#website"},"primaryImageOfPage":{"@id":"https:\/\/now-news.de\/de\/deutschland\/nach-quarantaene-koennen-die-anwaelte-michael-ballweg-erstmals-im-gefaengnis-besuchen\/#primaryimage"},"image":{"@id":"https:\/\/now-news.de\/de\/deutschland\/nach-quarantaene-koennen-die-anwaelte-michael-ballweg-erstmals-im-gefaengnis-besuchen\/#primaryimage"},"thumbnailUrl":"https:\/\/now-news.de\/de\/wp-content\/uploads\/sites\/3\/2022\/07\/Nach-Quarantaene-koennen-die-Anwaelte-Michael-Ballweg-erstmals-im-Gefaengnis.jpg","datePublished":"2022-07-08T20:51:50+00:00","dateModified":"2022-07-08T20:51:50+00:00","breadcrumb":{"@id":"https:\/\/now-news.de\/de\/deutschland\/nach-quarantaene-koennen-die-anwaelte-michael-ballweg-erstmals-im-gefaengnis-besuchen\/#breadcrumb"},"inLanguage":"de","potentialAction":[{"@type":"ReadAction","target":["https:\/\/now-news.de\/de\/deutschland\/nach-quarantaene-koennen-die-anwaelte-michael-ballweg-erstmals-im-gefaengnis-besuchen\/"]}]},{"@type":"ImageObject","inLanguage":"de","@id":"https:\/\/now-news.de\/de\/deutschland\/nach-quarantaene-koennen-die-anwaelte-michael-ballweg-erstmals-im-gefaengnis-besuchen\/#primaryimage","url":"https:\/\/now-news.de\/de\/wp-content\/uploads\/sites\/3\/2022\/07\/Nach-Quarantaene-koennen-die-Anwaelte-Michael-Ballweg-erstmals-im-Gefaengnis.jpg","contentUrl":"https:\/\/now-news.de\/de\/wp-content\/uploads\/sites\/3\/2022\/07\/Nach-Quarantaene-koennen-die-Anwaelte-Michael-Ballweg-erstmals-im-Gefaengnis.jpg","width":460,"height":259,"caption":"Nach Quarant\u00e4ne k\u00f6nnen die Anw\u00e4lte Michael Ballweg erstmals im Gef\u00e4ngnis besuchen"},{"@type":"BreadcrumbList","@id":"https:\/\/now-news.de\/de\/deutschland\/nach-quarantaene-koennen-die-anwaelte-michael-ballweg-erstmals-im-gefaengnis-besuchen\/#breadcrumb","itemListElement":[{"@type":"ListItem","position":1,"name":"Home","item":"https:\/\/now-news.de\/de\/"},{"@type":"ListItem","position":2,"name":"Nach Quarant\u00e4ne k\u00f6nnen die Anw\u00e4lte Michael Ballweg erstmals im Gef\u00e4ngnis besuchen"}]},{"@type":"WebSite","@id":"https:\/\/now-news.de\/de\/#website","url":"https:\/\/now-news.de\/de\/","name":"just-now.NEWS Deutschland","description":"Das Portal f\u00fcr unzensierte Nachrichten aus der Welt","publisher":{"@id":"https:\/\/now-news.de\/de\/#organization"},"potentialAction":[{"@type":"SearchAction","target":{"@type":"EntryPoint","urlTemplate":"https:\/\/now-news.de\/de\/?s={search_term_string}"},"query-input":"required name=search_term_string"}],"inLanguage":"de"},{"@type":"Organization","@id":"https:\/\/now-news.de\/de\/#organization","name":"Just Now News","url":"https:\/\/now-news.de\/de\/","logo":{"@type":"ImageObject","inLanguage":"de","@id":"https:\/\/now-news.de\/de\/#\/schema\/logo\/image\/","url":"http:\/\/just-now.news\/de\/wp-content\/uploads\/sites\/3\/2022\/04\/logo500x500.jpg","contentUrl":"http:\/\/just-now.news\/de\/wp-content\/uploads\/sites\/3\/2022\/04\/logo500x500.jpg","width":500,"height":500,"caption":"Just Now News"},"image":{"@id":"https:\/\/now-news.de\/de\/#\/schema\/logo\/image\/"},"sameAs":["https:\/\/www.facebook.com\/wirmachenauf","https:\/\/x.com\/WirMachenAuf_de"]},{"@type":"Person","@id":"https:\/\/now-news.de\/de\/#\/schema\/person\/fb534a4e865501d8b3285208df34a9b5","name":"rtnews","image":{"@type":"ImageObject","inLanguage":"de","@id":"https:\/\/now-news.de\/de\/#\/schema\/person\/image\/","url":"https:\/\/secure.gravatar.com\/avatar\/82aafea7d8127119dd649515f56e2117?s=96&d=mm&r=g","contentUrl":"https:\/\/secure.gravatar.com\/avatar\/82aafea7d8127119dd649515f56e2117?s=96&d=mm&r=g","caption":"rtnews"},"url":"https:\/\/now-news.de\/de\/author\/rnews\/"}]}},"_links":{"self":[{"href":"https:\/\/now-news.de\/de\/wp-json\/wp\/v2\/posts\/13262"}],"collection":[{"href":"https:\/\/now-news.de\/de\/wp-json\/wp\/v2\/posts"}],"about":[{"href":"https:\/\/now-news.de\/de\/wp-json\/wp\/v2\/types\/post"}],"author":[{"embeddable":true,"href":"https:\/\/now-news.de\/de\/wp-json\/wp\/v2\/users\/3"}],"replies":[{"embeddable":true,"href":"https:\/\/now-news.de\/de\/wp-json\/wp\/v2\/comments?post=13262"}],"version-history":[{"count":0,"href":"https:\/\/now-news.de\/de\/wp-json\/wp\/v2\/posts\/13262\/revisions"}],"wp:featuredmedia":[{"embeddable":true,"href":"https:\/\/now-news.de\/de\/wp-json\/wp\/v2\/media\/13263"}],"wp:attachment":[{"href":"https:\/\/now-news.de\/de\/wp-json\/wp\/v2\/media?parent=13262"}],"wp:term":[{"taxonomy":"category","embeddable":true,"href":"https:\/\/now-news.de\/de\/wp-json\/wp\/v2\/categories?post=13262"},{"taxonomy":"post_tag","embeddable":true,"href":"https:\/\/now-news.de\/de\/wp-json\/wp\/v2\/tags?post=13262"}],"curies":[{"name":"wp","href":"https:\/\/api.w.org\/{rel}","templated":true}]}}