{"id":13212,"date":"2022-07-08T14:55:59","date_gmt":"2022-07-08T12:55:59","guid":{"rendered":"http:\/\/just-now.news\/de\/deutschland\/bundestag-ratifiziert-die-aufnahme-finnlands-und-schwedens-in-die-nato-afd-weitgehend-dafuer\/"},"modified":"2022-07-08T14:55:59","modified_gmt":"2022-07-08T12:55:59","slug":"bundestag-ratifiziert-die-aufnahme-finnlands-und-schwedens-in-die-nato-afd-weitgehend-dafuer","status":"publish","type":"post","link":"https:\/\/now-news.de\/de\/deutschland\/bundestag-ratifiziert-die-aufnahme-finnlands-und-schwedens-in-die-nato-afd-weitgehend-dafuer\/","title":{"rendered":"Bundestag ratifiziert die Aufnahme Finnlands und Schwedens in die NATO, AfD weitgehend daf\u00fcr"},"content":{"rendered":"<p><img decoding=\"async\" src=\"http:\/\/just-now.news\/de\/wp-content\/uploads\/sites\/3\/2022\/07\/62c8228eb480cc3a0571e4b5.PNG\" \/><\/p>\n<div class=\"Text-root Text-type_1 \">\n                Als eines der ersten Parlamente hat der Bundestag dem NATO-Beitritt Finnlands und Schwedens zugestimmt. Damit der Beitritt wirksam wird, m\u00fcssen alle NATO-Staaten zustimmen und den Ratifizierungsprozess abschlie\u00dfen.\n            <\/div>\n<p><\/p>\n<div class=\"Text-root Text-type_5 ArticleView-text ViewText-root \">\n<p>Der Bundestag hat dem Beitritt Schwedens und Finnlands zur NATO mit gro\u00dfer Mehrheit zugestimmt. F\u00fcr die Nord-Erweiterung des transatlantischen B\u00fcndnisses votierten am Freitag in Berlin die Fraktionen von SPD, Gr\u00fcnen, FDP und Union. Die AfD stimmte der Vorlage \u00fcberraschend zu &#8211;\u00a0mit einigen Gegenstimmen und Enthaltungen.\u00a0Die Linke stimmte dagegen.\u00a0<\/p>\n<p>Verteidigungsministerin Christine Lambrecht betonte, Russlands Pr\u00e4sident Wladimir Putin habe mit seinem Angriffskrieg gegen die Ukraine bislang genau das Gegenteil dessen erreicht, was er eigentlich wollte. Die SPD-Politikerin sagte in der Debatte des Parlaments:<\/p>\n<blockquote>\n<p>&#8220;<em>Der Westen, den er [Putin] so verachtet, wird st\u00e4rker, nicht schw\u00e4cher.<\/em>&#8220;<\/p>\n<\/blockquote>\n<p>Nach dem Bundestag muss auch der Bundesrat dem NATO-Beitritt der beiden Nordl\u00e4nder zustimmen, womit noch im Laufe des Vormittags gerechnet wurde.<\/p>\n<p>Die BRD\u00a0w\u00e4re damit der dritte NATO-Staat, der die Aufnahme Finnlands und Schwedens in das B\u00fcndnis ratifiziert hat. Nun muss noch der Bundesrat zustimmen. Zuvor hatten Kanada und Estland dem Beitritt zugestimmt.<\/p>\n<p>&#8220;Deutschland setzt damit ein wichtiges Zeichen der Solidarit\u00e4t und Verl\u00e4sslichkeit&#8221;, sagte Lambrecht. Sie betonte, mit der Aufnahme der beiden EU-Staaten in die Allianz verschiebe sich auch das Kr\u00e4fteverh\u00e4ltnis:<\/p>\n<blockquote>\n<p>&#8220;<em>Europas Kraft wird gr\u00f6\u00dfer, und die USA werden entlastet.<\/em>&#8220;<\/p>\n<\/blockquote>\n<p>Finnland hat eine 1.300 Kilometer lange Grenze zu Russland. Das Land galt lange als neutral. Die schleichende Integration Finnlands in die NATO-Strukturen\u00a0dauert\u00a0allerdings schon seit Jahrzehnten an. Das gilt umso mehr f\u00fcr Schweden, das beispielsweise den gewaltsamen Staatsstreich in der Ukraine diplomatisch massiv unterst\u00fctzt hat. In beiden L\u00e4ndern sind seit Jahren russophobe Stimmungen auf dem Vormarsch. Die Aufnahme in die NATO k\u00f6nnte deshalb als geplant bezeichnet werden.\u00a0<\/p>\n<p><strong>Mehr zum Thema<\/strong> &#8211; <a rel=\"nofollow noopener\" target=\"_blank\" href=\"https:\/\/meinungsfreiheit.rtde.life\/international\/142583-kanzler-scholz-im-us-interview\/\">Kanzler Scholz im US-Interview: &#8220;Putin denkt wie die Imperialisten im 17., 18. und 19. Jahrhundert&#8221;<\/a><\/p>\n<\/p>\n<\/div>\n<p><br \/>\n<br \/><a href=\"https:\/\/de.rt.com\/europa\/142991-bundestag-ratifiziert-aufnahme-finnlands-und-schwedens-nato-afd-weitgehend-dafuer\/\">Source link <\/a><\/p>\n","protected":false},"excerpt":{"rendered":"<p>Als eines der ersten Parlamente hat der Bundestag dem NATO-Beitritt Finnlands und Schwedens zugestimmt. Damit der Beitritt wirksam wird, m\u00fcssen alle NATO-Staaten zustimmen und den Ratifizierungsprozess abschlie\u00dfen. Der Bundestag hat dem Beitritt Schwedens und Finnlands zur NATO mit gro\u00dfer Mehrheit zugestimmt. F\u00fcr die Nord-Erweiterung des transatlantischen B\u00fcndnisses votierten am Freitag in Berlin die Fraktionen von [&hellip;]<\/p>\n","protected":false},"author":3,"featured_media":13213,"comment_status":"open","ping_status":"open","sticky":false,"template":"","format":"standard","meta":{"wp_automatic_camp":["217"],"1e98b4317136803547884fae1004ea0b":["Bundestag ratifiziert die Aufnahme Finnlands und Schwedens in die NATO, AfD weitgehend daf\u00fcr"],"original_link":["https:\/\/de.rt.com\/europa\/142991-bundestag-ratifiziert-aufnahme-finnlands-und-schwedens-nato-afd-weitgehend-dafuer\/"],"_thumbnail_id":["13213"],"_wptg_p2tg_sent2tg":["2022-07-08 15:32:28"],"jnews_social_counter_last_update":["1777586234"]},"categories":[19,23],"tags":[3815,18676,2105,18043,45,11594,2697,27292,11593,140,27293],"yoast_head":"<!-- This site is optimized with the Yoast SEO Premium plugin v22.7 (Yoast SEO v22.7) - https:\/\/yoast.com\/wordpress\/plugins\/seo\/ -->\n<title>Bundestag ratifiziert die Aufnahme Finnlands und Schwedens in die NATO, AfD weitgehend daf\u00fcr - just-now.NEWS Deutschland<\/title>\n<meta name=\"robots\" content=\"index, follow, max-snippet:-1, max-image-preview:large, max-video-preview:-1\" \/>\n<link rel=\"canonical\" href=\"https:\/\/now-news.de\/de\/deutschland\/bundestag-ratifiziert-die-aufnahme-finnlands-und-schwedens-in-die-nato-afd-weitgehend-dafuer\/\" \/>\n<meta property=\"og:locale\" content=\"de_DE\" \/>\n<meta property=\"og:type\" content=\"article\" \/>\n<meta property=\"og:title\" content=\"Bundestag ratifiziert die Aufnahme Finnlands und Schwedens in die NATO, AfD weitgehend daf\u00fcr\" \/>\n<meta property=\"og:description\" content=\"Als eines der ersten Parlamente hat der Bundestag dem NATO-Beitritt Finnlands und Schwedens zugestimmt. Damit der Beitritt wirksam wird, m\u00fcssen alle NATO-Staaten zustimmen und den Ratifizierungsprozess abschlie\u00dfen. Der Bundestag hat dem Beitritt Schwedens und Finnlands zur NATO mit gro\u00dfer Mehrheit zugestimmt. F\u00fcr die Nord-Erweiterung des transatlantischen B\u00fcndnisses votierten am Freitag in Berlin die Fraktionen von [&hellip;]\" \/>\n<meta property=\"og:url\" content=\"https:\/\/now-news.de\/de\/deutschland\/bundestag-ratifiziert-die-aufnahme-finnlands-und-schwedens-in-die-nato-afd-weitgehend-dafuer\/\" \/>\n<meta property=\"og:site_name\" content=\"just-now.NEWS Deutschland\" \/>\n<meta property=\"article:publisher\" content=\"https:\/\/www.facebook.com\/wirmachenauf\" \/>\n<meta property=\"article:published_time\" content=\"2022-07-08T12:55:59+00:00\" \/>\n<meta property=\"og:image\" content=\"https:\/\/now-news.de\/de\/wp-content\/uploads\/sites\/3\/2022\/07\/Bundestag-ratifiziert-die-Aufnahme-Finnlands-und-Schwedens-in-die-NATO.PNG\" \/>\n\t<meta property=\"og:image:width\" content=\"460\" \/>\n\t<meta property=\"og:image:height\" content=\"259\" \/>\n\t<meta property=\"og:image:type\" content=\"image\/png\" \/>\n<meta name=\"author\" content=\"rtnews\" \/>\n<meta name=\"twitter:card\" content=\"summary_large_image\" \/>\n<meta name=\"twitter:creator\" content=\"@WirMachenAuf_de\" \/>\n<meta name=\"twitter:site\" content=\"@WirMachenAuf_de\" \/>\n<meta name=\"twitter:label1\" content=\"Verfasst von\" \/>\n\t<meta name=\"twitter:data1\" content=\"rtnews\" \/>\n\t<meta name=\"twitter:label2\" content=\"Gesch\u00e4tzte Lesezeit\" \/>\n\t<meta name=\"twitter:data2\" content=\"2\u00a0Minuten\" \/>\n<script type=\"application\/ld+json\" class=\"yoast-schema-graph\">{\"@context\":\"https:\/\/schema.org\",\"@graph\":[{\"@type\":\"Article\",\"@id\":\"https:\/\/now-news.de\/de\/deutschland\/bundestag-ratifiziert-die-aufnahme-finnlands-und-schwedens-in-die-nato-afd-weitgehend-dafuer\/#article\",\"isPartOf\":{\"@id\":\"https:\/\/now-news.de\/de\/deutschland\/bundestag-ratifiziert-die-aufnahme-finnlands-und-schwedens-in-die-nato-afd-weitgehend-dafuer\/\"},\"author\":{\"name\":\"rtnews\",\"@id\":\"https:\/\/now-news.de\/de\/#\/schema\/person\/fb534a4e865501d8b3285208df34a9b5\"},\"headline\":\"Bundestag ratifiziert die Aufnahme Finnlands und Schwedens in die NATO, AfD weitgehend daf\u00fcr\",\"datePublished\":\"2022-07-08T12:55:59+00:00\",\"dateModified\":\"2022-07-08T12:55:59+00:00\",\"mainEntityOfPage\":{\"@id\":\"https:\/\/now-news.de\/de\/deutschland\/bundestag-ratifiziert-die-aufnahme-finnlands-und-schwedens-in-die-nato-afd-weitgehend-dafuer\/\"},\"wordCount\":332,\"commentCount\":0,\"publisher\":{\"@id\":\"https:\/\/now-news.de\/de\/#organization\"},\"image\":{\"@id\":\"https:\/\/now-news.de\/de\/deutschland\/bundestag-ratifiziert-die-aufnahme-finnlands-und-schwedens-in-die-nato-afd-weitgehend-dafuer\/#primaryimage\"},\"thumbnailUrl\":\"https:\/\/now-news.de\/de\/wp-content\/uploads\/sites\/3\/2022\/07\/Bundestag-ratifiziert-die-Aufnahme-Finnlands-und-Schwedens-in-die-NATO.PNG\",\"keywords\":[\"AfD\",\"AUFNAHME\",\"Bundestag\",\"daf\u00fcr\",\"die\",\"Finnlands\",\"nato\",\"ratifiziert\",\"Schwedens\",\"und\",\"weitgehend\"],\"articleSection\":[\"Deutschland\",\"Russland\"],\"inLanguage\":\"de\",\"potentialAction\":[{\"@type\":\"CommentAction\",\"name\":\"Comment\",\"target\":[\"https:\/\/now-news.de\/de\/deutschland\/bundestag-ratifiziert-die-aufnahme-finnlands-und-schwedens-in-die-nato-afd-weitgehend-dafuer\/#respond\"]}]},{\"@type\":\"WebPage\",\"@id\":\"https:\/\/now-news.de\/de\/deutschland\/bundestag-ratifiziert-die-aufnahme-finnlands-und-schwedens-in-die-nato-afd-weitgehend-dafuer\/\",\"url\":\"https:\/\/now-news.de\/de\/deutschland\/bundestag-ratifiziert-die-aufnahme-finnlands-und-schwedens-in-die-nato-afd-weitgehend-dafuer\/\",\"name\":\"Bundestag ratifiziert die Aufnahme Finnlands und Schwedens in die NATO, AfD weitgehend daf\u00fcr - just-now.NEWS Deutschland\",\"isPartOf\":{\"@id\":\"https:\/\/now-news.de\/de\/#website\"},\"primaryImageOfPage\":{\"@id\":\"https:\/\/now-news.de\/de\/deutschland\/bundestag-ratifiziert-die-aufnahme-finnlands-und-schwedens-in-die-nato-afd-weitgehend-dafuer\/#primaryimage\"},\"image\":{\"@id\":\"https:\/\/now-news.de\/de\/deutschland\/bundestag-ratifiziert-die-aufnahme-finnlands-und-schwedens-in-die-nato-afd-weitgehend-dafuer\/#primaryimage\"},\"thumbnailUrl\":\"https:\/\/now-news.de\/de\/wp-content\/uploads\/sites\/3\/2022\/07\/Bundestag-ratifiziert-die-Aufnahme-Finnlands-und-Schwedens-in-die-NATO.PNG\",\"datePublished\":\"2022-07-08T12:55:59+00:00\",\"dateModified\":\"2022-07-08T12:55:59+00:00\",\"breadcrumb\":{\"@id\":\"https:\/\/now-news.de\/de\/deutschland\/bundestag-ratifiziert-die-aufnahme-finnlands-und-schwedens-in-die-nato-afd-weitgehend-dafuer\/#breadcrumb\"},\"inLanguage\":\"de\",\"potentialAction\":[{\"@type\":\"ReadAction\",\"target\":[\"https:\/\/now-news.de\/de\/deutschland\/bundestag-ratifiziert-die-aufnahme-finnlands-und-schwedens-in-die-nato-afd-weitgehend-dafuer\/\"]}]},{\"@type\":\"ImageObject\",\"inLanguage\":\"de\",\"@id\":\"https:\/\/now-news.de\/de\/deutschland\/bundestag-ratifiziert-die-aufnahme-finnlands-und-schwedens-in-die-nato-afd-weitgehend-dafuer\/#primaryimage\",\"url\":\"https:\/\/now-news.de\/de\/wp-content\/uploads\/sites\/3\/2022\/07\/Bundestag-ratifiziert-die-Aufnahme-Finnlands-und-Schwedens-in-die-NATO.PNG\",\"contentUrl\":\"https:\/\/now-news.de\/de\/wp-content\/uploads\/sites\/3\/2022\/07\/Bundestag-ratifiziert-die-Aufnahme-Finnlands-und-Schwedens-in-die-NATO.PNG\",\"width\":460,\"height\":259,\"caption\":\"Bundestag ratifiziert die Aufnahme Finnlands und Schwedens in die NATO, AfD weitgehend daf\u00fcr\"},{\"@type\":\"BreadcrumbList\",\"@id\":\"https:\/\/now-news.de\/de\/deutschland\/bundestag-ratifiziert-die-aufnahme-finnlands-und-schwedens-in-die-nato-afd-weitgehend-dafuer\/#breadcrumb\",\"itemListElement\":[{\"@type\":\"ListItem\",\"position\":1,\"name\":\"Home\",\"item\":\"https:\/\/now-news.de\/de\/\"},{\"@type\":\"ListItem\",\"position\":2,\"name\":\"Bundestag ratifiziert die Aufnahme Finnlands und Schwedens in die NATO, AfD weitgehend daf\u00fcr\"}]},{\"@type\":\"WebSite\",\"@id\":\"https:\/\/now-news.de\/de\/#website\",\"url\":\"https:\/\/now-news.de\/de\/\",\"name\":\"just-now.NEWS Deutschland\",\"description\":\"Das Portal f\u00fcr unzensierte Nachrichten aus der Welt\",\"publisher\":{\"@id\":\"https:\/\/now-news.de\/de\/#organization\"},\"potentialAction\":[{\"@type\":\"SearchAction\",\"target\":{\"@type\":\"EntryPoint\",\"urlTemplate\":\"https:\/\/now-news.de\/de\/?s={search_term_string}\"},\"query-input\":\"required name=search_term_string\"}],\"inLanguage\":\"de\"},{\"@type\":\"Organization\",\"@id\":\"https:\/\/now-news.de\/de\/#organization\",\"name\":\"Just Now News\",\"url\":\"https:\/\/now-news.de\/de\/\",\"logo\":{\"@type\":\"ImageObject\",\"inLanguage\":\"de\",\"@id\":\"https:\/\/now-news.de\/de\/#\/schema\/logo\/image\/\",\"url\":\"http:\/\/just-now.news\/de\/wp-content\/uploads\/sites\/3\/2022\/04\/logo500x500.jpg\",\"contentUrl\":\"http:\/\/just-now.news\/de\/wp-content\/uploads\/sites\/3\/2022\/04\/logo500x500.jpg\",\"width\":500,\"height\":500,\"caption\":\"Just Now News\"},\"image\":{\"@id\":\"https:\/\/now-news.de\/de\/#\/schema\/logo\/image\/\"},\"sameAs\":[\"https:\/\/www.facebook.com\/wirmachenauf\",\"https:\/\/x.com\/WirMachenAuf_de\"]},{\"@type\":\"Person\",\"@id\":\"https:\/\/now-news.de\/de\/#\/schema\/person\/fb534a4e865501d8b3285208df34a9b5\",\"name\":\"rtnews\",\"image\":{\"@type\":\"ImageObject\",\"inLanguage\":\"de\",\"@id\":\"https:\/\/now-news.de\/de\/#\/schema\/person\/image\/\",\"url\":\"https:\/\/secure.gravatar.com\/avatar\/82aafea7d8127119dd649515f56e2117?s=96&d=mm&r=g\",\"contentUrl\":\"https:\/\/secure.gravatar.com\/avatar\/82aafea7d8127119dd649515f56e2117?s=96&d=mm&r=g\",\"caption\":\"rtnews\"},\"url\":\"https:\/\/now-news.de\/de\/author\/rnews\/\"}]}<\/script>\n<!-- \/ Yoast SEO Premium plugin. -->","yoast_head_json":{"title":"Bundestag ratifiziert die Aufnahme Finnlands und Schwedens in die NATO, AfD weitgehend daf\u00fcr - just-now.NEWS Deutschland","robots":{"index":"index","follow":"follow","max-snippet":"max-snippet:-1","max-image-preview":"max-image-preview:large","max-video-preview":"max-video-preview:-1"},"canonical":"https:\/\/now-news.de\/de\/deutschland\/bundestag-ratifiziert-die-aufnahme-finnlands-und-schwedens-in-die-nato-afd-weitgehend-dafuer\/","og_locale":"de_DE","og_type":"article","og_title":"Bundestag ratifiziert die Aufnahme Finnlands und Schwedens in die NATO, AfD weitgehend daf\u00fcr","og_description":"Als eines der ersten Parlamente hat der Bundestag dem NATO-Beitritt Finnlands und Schwedens zugestimmt. Damit der Beitritt wirksam wird, m\u00fcssen alle NATO-Staaten zustimmen und den Ratifizierungsprozess abschlie\u00dfen. Der Bundestag hat dem Beitritt Schwedens und Finnlands zur NATO mit gro\u00dfer Mehrheit zugestimmt. F\u00fcr die Nord-Erweiterung des transatlantischen B\u00fcndnisses votierten am Freitag in Berlin die Fraktionen von [&hellip;]","og_url":"https:\/\/now-news.de\/de\/deutschland\/bundestag-ratifiziert-die-aufnahme-finnlands-und-schwedens-in-die-nato-afd-weitgehend-dafuer\/","og_site_name":"just-now.NEWS Deutschland","article_publisher":"https:\/\/www.facebook.com\/wirmachenauf","article_published_time":"2022-07-08T12:55:59+00:00","og_image":[{"width":460,"height":259,"url":"https:\/\/now-news.de\/de\/wp-content\/uploads\/sites\/3\/2022\/07\/Bundestag-ratifiziert-die-Aufnahme-Finnlands-und-Schwedens-in-die-NATO.PNG","type":"image\/png"}],"author":"rtnews","twitter_card":"summary_large_image","twitter_creator":"@WirMachenAuf_de","twitter_site":"@WirMachenAuf_de","twitter_misc":{"Verfasst von":"rtnews","Gesch\u00e4tzte Lesezeit":"2\u00a0Minuten"},"schema":{"@context":"https:\/\/schema.org","@graph":[{"@type":"Article","@id":"https:\/\/now-news.de\/de\/deutschland\/bundestag-ratifiziert-die-aufnahme-finnlands-und-schwedens-in-die-nato-afd-weitgehend-dafuer\/#article","isPartOf":{"@id":"https:\/\/now-news.de\/de\/deutschland\/bundestag-ratifiziert-die-aufnahme-finnlands-und-schwedens-in-die-nato-afd-weitgehend-dafuer\/"},"author":{"name":"rtnews","@id":"https:\/\/now-news.de\/de\/#\/schema\/person\/fb534a4e865501d8b3285208df34a9b5"},"headline":"Bundestag ratifiziert die Aufnahme Finnlands und Schwedens in die NATO, AfD weitgehend daf\u00fcr","datePublished":"2022-07-08T12:55:59+00:00","dateModified":"2022-07-08T12:55:59+00:00","mainEntityOfPage":{"@id":"https:\/\/now-news.de\/de\/deutschland\/bundestag-ratifiziert-die-aufnahme-finnlands-und-schwedens-in-die-nato-afd-weitgehend-dafuer\/"},"wordCount":332,"commentCount":0,"publisher":{"@id":"https:\/\/now-news.de\/de\/#organization"},"image":{"@id":"https:\/\/now-news.de\/de\/deutschland\/bundestag-ratifiziert-die-aufnahme-finnlands-und-schwedens-in-die-nato-afd-weitgehend-dafuer\/#primaryimage"},"thumbnailUrl":"https:\/\/now-news.de\/de\/wp-content\/uploads\/sites\/3\/2022\/07\/Bundestag-ratifiziert-die-Aufnahme-Finnlands-und-Schwedens-in-die-NATO.PNG","keywords":["AfD","AUFNAHME","Bundestag","daf\u00fcr","die","Finnlands","nato","ratifiziert","Schwedens","und","weitgehend"],"articleSection":["Deutschland","Russland"],"inLanguage":"de","potentialAction":[{"@type":"CommentAction","name":"Comment","target":["https:\/\/now-news.de\/de\/deutschland\/bundestag-ratifiziert-die-aufnahme-finnlands-und-schwedens-in-die-nato-afd-weitgehend-dafuer\/#respond"]}]},{"@type":"WebPage","@id":"https:\/\/now-news.de\/de\/deutschland\/bundestag-ratifiziert-die-aufnahme-finnlands-und-schwedens-in-die-nato-afd-weitgehend-dafuer\/","url":"https:\/\/now-news.de\/de\/deutschland\/bundestag-ratifiziert-die-aufnahme-finnlands-und-schwedens-in-die-nato-afd-weitgehend-dafuer\/","name":"Bundestag ratifiziert die Aufnahme Finnlands und Schwedens in die NATO, AfD weitgehend daf\u00fcr - just-now.NEWS Deutschland","isPartOf":{"@id":"https:\/\/now-news.de\/de\/#website"},"primaryImageOfPage":{"@id":"https:\/\/now-news.de\/de\/deutschland\/bundestag-ratifiziert-die-aufnahme-finnlands-und-schwedens-in-die-nato-afd-weitgehend-dafuer\/#primaryimage"},"image":{"@id":"https:\/\/now-news.de\/de\/deutschland\/bundestag-ratifiziert-die-aufnahme-finnlands-und-schwedens-in-die-nato-afd-weitgehend-dafuer\/#primaryimage"},"thumbnailUrl":"https:\/\/now-news.de\/de\/wp-content\/uploads\/sites\/3\/2022\/07\/Bundestag-ratifiziert-die-Aufnahme-Finnlands-und-Schwedens-in-die-NATO.PNG","datePublished":"2022-07-08T12:55:59+00:00","dateModified":"2022-07-08T12:55:59+00:00","breadcrumb":{"@id":"https:\/\/now-news.de\/de\/deutschland\/bundestag-ratifiziert-die-aufnahme-finnlands-und-schwedens-in-die-nato-afd-weitgehend-dafuer\/#breadcrumb"},"inLanguage":"de","potentialAction":[{"@type":"ReadAction","target":["https:\/\/now-news.de\/de\/deutschland\/bundestag-ratifiziert-die-aufnahme-finnlands-und-schwedens-in-die-nato-afd-weitgehend-dafuer\/"]}]},{"@type":"ImageObject","inLanguage":"de","@id":"https:\/\/now-news.de\/de\/deutschland\/bundestag-ratifiziert-die-aufnahme-finnlands-und-schwedens-in-die-nato-afd-weitgehend-dafuer\/#primaryimage","url":"https:\/\/now-news.de\/de\/wp-content\/uploads\/sites\/3\/2022\/07\/Bundestag-ratifiziert-die-Aufnahme-Finnlands-und-Schwedens-in-die-NATO.PNG","contentUrl":"https:\/\/now-news.de\/de\/wp-content\/uploads\/sites\/3\/2022\/07\/Bundestag-ratifiziert-die-Aufnahme-Finnlands-und-Schwedens-in-die-NATO.PNG","width":460,"height":259,"caption":"Bundestag ratifiziert die Aufnahme Finnlands und Schwedens in die NATO, AfD weitgehend daf\u00fcr"},{"@type":"BreadcrumbList","@id":"https:\/\/now-news.de\/de\/deutschland\/bundestag-ratifiziert-die-aufnahme-finnlands-und-schwedens-in-die-nato-afd-weitgehend-dafuer\/#breadcrumb","itemListElement":[{"@type":"ListItem","position":1,"name":"Home","item":"https:\/\/now-news.de\/de\/"},{"@type":"ListItem","position":2,"name":"Bundestag ratifiziert die Aufnahme Finnlands und Schwedens in die NATO, AfD weitgehend daf\u00fcr"}]},{"@type":"WebSite","@id":"https:\/\/now-news.de\/de\/#website","url":"https:\/\/now-news.de\/de\/","name":"just-now.NEWS Deutschland","description":"Das Portal f\u00fcr unzensierte Nachrichten aus der Welt","publisher":{"@id":"https:\/\/now-news.de\/de\/#organization"},"potentialAction":[{"@type":"SearchAction","target":{"@type":"EntryPoint","urlTemplate":"https:\/\/now-news.de\/de\/?s={search_term_string}"},"query-input":"required name=search_term_string"}],"inLanguage":"de"},{"@type":"Organization","@id":"https:\/\/now-news.de\/de\/#organization","name":"Just Now News","url":"https:\/\/now-news.de\/de\/","logo":{"@type":"ImageObject","inLanguage":"de","@id":"https:\/\/now-news.de\/de\/#\/schema\/logo\/image\/","url":"http:\/\/just-now.news\/de\/wp-content\/uploads\/sites\/3\/2022\/04\/logo500x500.jpg","contentUrl":"http:\/\/just-now.news\/de\/wp-content\/uploads\/sites\/3\/2022\/04\/logo500x500.jpg","width":500,"height":500,"caption":"Just Now News"},"image":{"@id":"https:\/\/now-news.de\/de\/#\/schema\/logo\/image\/"},"sameAs":["https:\/\/www.facebook.com\/wirmachenauf","https:\/\/x.com\/WirMachenAuf_de"]},{"@type":"Person","@id":"https:\/\/now-news.de\/de\/#\/schema\/person\/fb534a4e865501d8b3285208df34a9b5","name":"rtnews","image":{"@type":"ImageObject","inLanguage":"de","@id":"https:\/\/now-news.de\/de\/#\/schema\/person\/image\/","url":"https:\/\/secure.gravatar.com\/avatar\/82aafea7d8127119dd649515f56e2117?s=96&d=mm&r=g","contentUrl":"https:\/\/secure.gravatar.com\/avatar\/82aafea7d8127119dd649515f56e2117?s=96&d=mm&r=g","caption":"rtnews"},"url":"https:\/\/now-news.de\/de\/author\/rnews\/"}]}},"_links":{"self":[{"href":"https:\/\/now-news.de\/de\/wp-json\/wp\/v2\/posts\/13212"}],"collection":[{"href":"https:\/\/now-news.de\/de\/wp-json\/wp\/v2\/posts"}],"about":[{"href":"https:\/\/now-news.de\/de\/wp-json\/wp\/v2\/types\/post"}],"author":[{"embeddable":true,"href":"https:\/\/now-news.de\/de\/wp-json\/wp\/v2\/users\/3"}],"replies":[{"embeddable":true,"href":"https:\/\/now-news.de\/de\/wp-json\/wp\/v2\/comments?post=13212"}],"version-history":[{"count":0,"href":"https:\/\/now-news.de\/de\/wp-json\/wp\/v2\/posts\/13212\/revisions"}],"wp:featuredmedia":[{"embeddable":true,"href":"https:\/\/now-news.de\/de\/wp-json\/wp\/v2\/media\/13213"}],"wp:attachment":[{"href":"https:\/\/now-news.de\/de\/wp-json\/wp\/v2\/media?parent=13212"}],"wp:term":[{"taxonomy":"category","embeddable":true,"href":"https:\/\/now-news.de\/de\/wp-json\/wp\/v2\/categories?post=13212"},{"taxonomy":"post_tag","embeddable":true,"href":"https:\/\/now-news.de\/de\/wp-json\/wp\/v2\/tags?post=13212"}],"curies":[{"name":"wp","href":"https:\/\/api.w.org\/{rel}","templated":true}]}}