{"id":13104,"date":"2022-07-07T15:22:53","date_gmt":"2022-07-07T13:22:53","guid":{"rendered":"http:\/\/just-now.news\/de\/deutschland\/urteil-soldaten-muessen-sich-gegen-covid-19-impfen-lassen-impfpflicht-rechtmaessig\/"},"modified":"2022-07-07T15:22:53","modified_gmt":"2022-07-07T13:22:53","slug":"urteil-soldaten-muessen-sich-gegen-covid-19-impfen-lassen-impfpflicht-rechtmaessig","status":"publish","type":"post","link":"https:\/\/now-news.de\/de\/deutschland\/urteil-soldaten-muessen-sich-gegen-covid-19-impfen-lassen-impfpflicht-rechtmaessig\/","title":{"rendered":"Urteil: Soldaten m\u00fcssen sich gegen COVID-19 impfen lassen \u2013 Impfpflicht &quot;rechtm\u00e4\u00dfig&quot;"},"content":{"rendered":"<p><img decoding=\"async\" src=\"http:\/\/just-now.news\/de\/wp-content\/uploads\/sites\/3\/2022\/07\/62c6b960b480cc10d73ca807.jpg\" \/><\/p>\n<div class=\"Text-root Text-type_1 \">\n                Das Bundesverwaltungsgericht hat die Antr\u00e4ge zweier Luftwaffenoffiziere gegen die Verpflichtung zur COVID-19-Impfung abgelehnt. Die &#8220;Allgemeine Regelung&#8221; wurde als rechtm\u00e4\u00dfig erkannt. Das Verteidigungsministerium muss das Thema jedoch intern &#8220;evaluieren und \u00fcberwachen&#8221;.\n            <\/div>\n<p><\/p>\n<div class=\"Text-root Text-type_5 ArticleView-text ViewText-root \">\n<p>\u00dcber insgesamt vier Tage beriet sich das\u00a0Bundesverwaltungsgericht Leipzig, in Verbindung mit der\u00a0Beweisaufnahme und Expertenanh\u00f6rungen zum Thema einer\u00a0Entscheidung zur Corona-Impfpflicht bei der\u00a0Bundeswehr. Geklagt hatten zwei Offiziere der Luftwaffe gegen die Aufnahme der Corona-Schutzimpfung in eine <a rel=\"nofollow noopener\" target=\"_blank\" href=\"https:\/\/www.bundeswehr.de\/de\/organisation\/sanitaetsdienst\/medizin-und-gesundheit\/impfungen-und-duldungspflicht\">Liste von Impfungen<\/a>, die f\u00fcr Soldaten verbindlich sind. Dazu geh\u00f6ren unter anderem Hepatitis A und B, Pertussis (Keuchhusten), Influenza, Diphtherie und durch das Urteil nun dauerhaft auch die Impfung gegen COVID-19.\u00a0<\/p>\n<p>Gegenstand dieser Antr\u00e4ge nach der Wehrbeschwerdeordnung ist eine &#8220;Allgemeine Regelung des Bundesministeriums der Verteidigung vom 24.\u00a0November\u00a02021&#8221;, mit der die Schutzimpfung gegen COVID-19 in die Liste der &#8220;f\u00fcr alle aktiven Soldaten verbindlichen Basisimpfungen aufgenommen worden ist&#8221;, so Ausz\u00fcge aus der <a rel=\"nofollow noopener\" target=\"_blank\" href=\"https:\/\/www.bverwg.de\/de\/pm\/2022\/44\">Pressemitteilung<\/a> des Gerichts.<\/p>\n<p>Die beiden Kl\u00e4ger sahen ihr &#8220;Grundrecht auf k\u00f6rperliche Unversehrtheit&#8221; verletzt, zudem argumentierten sie, dass die neuartigen mRNA-Impfstoffe nicht ausreichend erforscht seien (Az.: BVerwG 1 WB 2.22, BVerwG 1 WB 5.22).\u00a0<strong><\/strong>Am 7. Juli ver\u00f6ffentlichte das Gericht nun die finale Rechtssprechung. Dort hei\u00dft es zur Ablehnung der Klage:<\/p>\n<blockquote>\n<p><em>&#8220;Im Ergebnis hat sich die Allgemeine Regelung als formell und materiell rechtm\u00e4\u00dfig erwiesen. Das Bundesministerium der Verteidigung hat die Regelung in einem ordnungsgem\u00e4\u00dfen Verfahren erlassen und insbesondere die Soldatenvertretungen beteiligt.&#8221;<\/em><\/p>\n<\/blockquote>\n<p>Das Soldatengesetz\u00a0erwarte von den Bundeswehrangeh\u00f6rigen, durch &#8220;die Duldung von Schutzimpfungen zu seiner pers\u00f6nlichen Einsatzf\u00e4higkeit und damit zur Funktionsf\u00e4higkeit der Bundeswehr (Art.\u00a087a GG) insgesamt&#8221; beitragen zu k\u00f6nnen, dies entspreche der &#8220;zentralen Dienstpflicht im hoheitlichen Dienst- und Treueverh\u00e4ltnis des Soldaten (Art.\u00a033\u00a0Abs.\u00a04 GG)&#8221;, so weitere\u00a0Erl\u00e4uterungen in der Pressemitteilung.<\/p>\n<p>Der 1. Wehrdienstsenat habe sich in einer zuvor &#8220;durchgef\u00fchrten Sachverst\u00e4ndigenanh\u00f6rung auch der Bewertung angeschlossen&#8221;, dass die Impfung gegen\u00fcber der &#8220;nunmehr vorherrschenden Omikron-Variante eine noch (sic!) relevante Schutzwirkung im Sinne einer Verringerung der Infektion und Transmission&#8221; bewirke. Zur\u00a0Effizienz\u00a0von COVID-19-Impfungen hei\u00dft es weiter auf der <a rel=\"nofollow noopener\" target=\"_blank\" href=\"https:\/\/www.bundeswehr.de\/de\/organisation\/sanitaetsdienst\/medizin-und-gesundheit\/impfungen-und-duldungspflicht\">Webseite<\/a> der Bundeswehr:<\/p>\n<blockquote>\n<p><em>&#8220;Alle derzeit in der Bundeswehr genutzten COVID-19-Impfstoffe sch\u00fctzen gut vor einer Ansteckung mit dem Coronavirus SARS-CoV-2 und sind hochwirksam gegen schwere Verl\u00e4ufe von COVID-19. Die Impfung sch\u00fctzt nicht nur die geimpfte Person selbst, sondern reduziert erheblich das Risiko, das Coronavirus SARS-CoV-2 auf andere zu \u00fcbertragen.&#8221;<\/em><\/p>\n<\/blockquote>\n<p>Die urteilenden Richter\u00a0unterst\u00fctzen diese Einsch\u00e4tzung mit dem Verweis, dass eine Impfung &#8220;au\u00dferdem vor allem nach einer Auffrischungsimpfung das Risiko eines schweren Verlaufs \u00fcber l\u00e4ngere Zeitr\u00e4ume&#8221; reduziere, sodass der &#8220;positive Effekt der Impfung das mit ihr verbundene Risiko weiter deutlich \u00fcberwiegt&#8221;.\u00a0Rechtsanwalt Tobias Ulbrich aus dem Anwaltsteam der klagenden Offiziere <a rel=\"nofollow noopener\" target=\"_blank\" href=\"https:\/\/www.epochtimes.de\/politik\/deutschland\/bundesverwaltungsgericht-bestaetigt-covid-impfpflicht-fuer-soldaten-a3886269.html\">erl\u00e4uterte<\/a> der prozessbegleitenden\u00a0<em>Epoch Times\u00a0<\/em>f\u00fcr die Klageseite unber\u00fccksichtigte Probleme: Es existieren besondere Vorschriften f\u00fcr die Anforderungen an das\u00a0<a rel=\"nofollow noopener\" target=\"_blank\" href=\"https:\/\/www.epochtimes.de\/politik\/ausland\/flugausfaelle-wegen-covid-impfung-konferenz-im-eu-parlament-a3884861.html\">Personal der Luftwaffe<\/a>, &#8220;die extrem viel h\u00f6her&#8221; sind als sonstige der Bundeswehr. &#8220;Ein Kampfpilot muss eine andere Belastungsgrenze haben als \u00fcbliche Soldaten&#8221;, so der warnende Hinweis. Eine zumindest diskussionsw\u00fcrdige Formulierung in der Pressemitteilung lautet:<\/p>\n<blockquote>\n<p><em>&#8220;Das Bundesministerium der Verteidigung war berechtigt, bei seiner Einsch\u00e4tzung der Impfrisiken auf die Sicherheitsberichte des Paul-Ehrlich-Instituts zur\u00fcckzugreifen, auch wenn diese Fachbeh\u00f6rde die Daten der Kassen\u00e4rztlichen Vereinigungen entgegen \u00a7\u00a013\u00a0Abs.\u00a05 IfSG bislang nicht erhalten hat. <\/em><\/p>\n<p><em>Durch die zahlreichen Einwendungen der Antragsteller wurde die \u00dcberzeugungskraft der amtlichen Ausk\u00fcnfte der beiden Fachbeh\u00f6rden nicht durchgreifend ersch\u00fcttert.&#8221;<\/em><\/p>\n<\/blockquote>\n<p>Das\u00a0Bundesministerium der Verteidigung wird vom Gericht zuk\u00fcnftig dazu verpflichtet, &#8220;die Aufrechterhaltung der Covid-19-Impfung zu evaluieren und zu \u00fcberwachen&#8221;. So hei\u00dft es:<\/p>\n<blockquote>\n<p><em>&#8220;Das Nachlassen der Gef\u00e4hrlichkeit des SARS-CoV-2-Virus und die Verringerung der Effektivit\u00e4t der aktuell verf\u00fcgbaren Impfstoffe sind Umst\u00e4nde, die eine erneute Ermessensentscheidung f\u00fcr die Anordnung weiterer Auffrischungsimpfungen angezeigt erscheinen lassen.&#8221;<\/em><\/p>\n<\/blockquote>\n<p>Laut dem Verteidigungsministerium liegt der Anteil geimpfter und genesener Soldaten, die \u00fcber eine vollst\u00e4ndige Immunisierung verf\u00fcgen, aktuell bei 94 Prozent. Die Impfquote der Soldaten in den Auslandseins\u00e4tzen betr\u00e4gt demnach 100 Prozent. Bislang habe es unter den 183.638 Soldaten rund 60.000 Corona-F\u00e4lle gegeben.<\/p>\n<p>Zum Thema Krankmeldungen oder Dienstausf\u00e4lle aufgrund beeintr\u00e4chtigender Nebenwirkungen von COVID-19-Impfungen im Bereich der Bundeswehr existieren keine aktuellen Dokumentationen oder Daten.<\/p>\n<p><strong>Mehr zum Thema &#8211;<\/strong>\u00a0<a rel=\"nofollow noopener\" target=\"_blank\" href=\"https:\/\/pressefreiheit.rtde.tech\/international\/141994-jeder-impfschaden-meldet-wird-entlassen\/\">&#8220;Jeder, der Impfschaden meldet, wird entlassen&#8221; \u2013 Verkehrspiloten beginnen sich zu wehren<\/a><\/p>\n<\/div>\n<p><br \/>\n<br \/><a href=\"https:\/\/de.rt.com\/inland\/142926-urteil-soldaten-muessen-sich-gegen-covid-19-impfen-lassen\/\">Source link <\/a><\/p>\n","protected":false},"excerpt":{"rendered":"<p>Das Bundesverwaltungsgericht hat die Antr\u00e4ge zweier Luftwaffenoffiziere gegen die Verpflichtung zur COVID-19-Impfung abgelehnt. Die &#8220;Allgemeine Regelung&#8221; wurde als rechtm\u00e4\u00dfig erkannt. Das Verteidigungsministerium muss das Thema jedoch intern &#8220;evaluieren und \u00fcberwachen&#8221;. \u00dcber insgesamt vier Tage beriet sich das\u00a0Bundesverwaltungsgericht Leipzig, in Verbindung mit der\u00a0Beweisaufnahme und Expertenanh\u00f6rungen zum Thema einer\u00a0Entscheidung zur Corona-Impfpflicht bei der\u00a0Bundeswehr. Geklagt hatten zwei Offiziere [&hellip;]<\/p>\n","protected":false},"author":3,"featured_media":13105,"comment_status":"open","ping_status":"open","sticky":false,"template":"","format":"standard","meta":{"wp_automatic_camp":["217"],"3259dfe8985c1d57ee8e155251df70b2":["Urteil: Soldaten m\u00fcssen sich gegen COVID-19 impfen lassen \u2013 Impfpflicht &quot;rechtm\u00e4\u00dfig&quot;"],"original_link":["https:\/\/de.rt.com\/inland\/142926-urteil-soldaten-muessen-sich-gegen-covid-19-impfen-lassen\/"],"_thumbnail_id":["13105"],"_wptg_p2tg_sent2tg":["2022-07-07 15:40:21"],"jnews_social_counter_last_update":["1776879293"]},"categories":[19,23],"tags":[120,278,3339,2661,3340,10623,27175,434,2333,11769],"yoast_head":"<!-- This site is optimized with the Yoast SEO Premium plugin v22.7 (Yoast SEO v22.7) - https:\/\/yoast.com\/wordpress\/plugins\/seo\/ -->\n<title>Urteil: Soldaten m\u00fcssen sich gegen COVID-19 impfen lassen \u2013 Impfpflicht &quot;rechtm\u00e4\u00dfig&quot; - just-now.NEWS Deutschland<\/title>\n<meta name=\"robots\" content=\"index, follow, max-snippet:-1, max-image-preview:large, max-video-preview:-1\" \/>\n<link rel=\"canonical\" href=\"https:\/\/now-news.de\/de\/deutschland\/urteil-soldaten-muessen-sich-gegen-covid-19-impfen-lassen-impfpflicht-rechtmaessig\/\" \/>\n<meta property=\"og:locale\" content=\"de_DE\" \/>\n<meta property=\"og:type\" content=\"article\" \/>\n<meta property=\"og:title\" content=\"Urteil: Soldaten m\u00fcssen sich gegen COVID-19 impfen lassen \u2013 Impfpflicht &quot;rechtm\u00e4\u00dfig&quot;\" \/>\n<meta property=\"og:description\" content=\"Das Bundesverwaltungsgericht hat die Antr\u00e4ge zweier Luftwaffenoffiziere gegen die Verpflichtung zur COVID-19-Impfung abgelehnt. Die &#8220;Allgemeine Regelung&#8221; wurde als rechtm\u00e4\u00dfig erkannt. Das Verteidigungsministerium muss das Thema jedoch intern &#8220;evaluieren und \u00fcberwachen&#8221;. \u00dcber insgesamt vier Tage beriet sich das\u00a0Bundesverwaltungsgericht Leipzig, in Verbindung mit der\u00a0Beweisaufnahme und Expertenanh\u00f6rungen zum Thema einer\u00a0Entscheidung zur Corona-Impfpflicht bei der\u00a0Bundeswehr. Geklagt hatten zwei Offiziere [&hellip;]\" \/>\n<meta property=\"og:url\" content=\"https:\/\/now-news.de\/de\/deutschland\/urteil-soldaten-muessen-sich-gegen-covid-19-impfen-lassen-impfpflicht-rechtmaessig\/\" \/>\n<meta property=\"og:site_name\" content=\"just-now.NEWS Deutschland\" \/>\n<meta property=\"article:publisher\" content=\"https:\/\/www.facebook.com\/wirmachenauf\" \/>\n<meta property=\"article:published_time\" content=\"2022-07-07T13:22:53+00:00\" \/>\n<meta property=\"og:image\" content=\"https:\/\/now-news.de\/de\/wp-content\/uploads\/sites\/3\/2022\/07\/Urteil-Soldaten-muessen-sich-gegen-COVID-19-impfen-lassen-\u2013-Impfpflicht.jpg\" \/>\n\t<meta property=\"og:image:width\" content=\"460\" \/>\n\t<meta property=\"og:image:height\" content=\"259\" \/>\n\t<meta property=\"og:image:type\" content=\"image\/jpeg\" \/>\n<meta name=\"author\" content=\"rtnews\" \/>\n<meta name=\"twitter:card\" content=\"summary_large_image\" \/>\n<meta name=\"twitter:creator\" content=\"@WirMachenAuf_de\" \/>\n<meta name=\"twitter:site\" content=\"@WirMachenAuf_de\" \/>\n<meta name=\"twitter:label1\" content=\"Verfasst von\" \/>\n\t<meta name=\"twitter:data1\" content=\"rtnews\" \/>\n\t<meta name=\"twitter:label2\" content=\"Gesch\u00e4tzte Lesezeit\" \/>\n\t<meta name=\"twitter:data2\" content=\"4\u00a0Minuten\" \/>\n<script type=\"application\/ld+json\" class=\"yoast-schema-graph\">{\"@context\":\"https:\/\/schema.org\",\"@graph\":[{\"@type\":\"Article\",\"@id\":\"https:\/\/now-news.de\/de\/deutschland\/urteil-soldaten-muessen-sich-gegen-covid-19-impfen-lassen-impfpflicht-rechtmaessig\/#article\",\"isPartOf\":{\"@id\":\"https:\/\/now-news.de\/de\/deutschland\/urteil-soldaten-muessen-sich-gegen-covid-19-impfen-lassen-impfpflicht-rechtmaessig\/\"},\"author\":{\"name\":\"rtnews\",\"@id\":\"https:\/\/now-news.de\/de\/#\/schema\/person\/fb534a4e865501d8b3285208df34a9b5\"},\"headline\":\"Urteil: Soldaten m\u00fcssen sich gegen COVID-19 impfen lassen \u2013 Impfpflicht &quot;rechtm\u00e4\u00dfig&quot;\",\"datePublished\":\"2022-07-07T13:22:53+00:00\",\"dateModified\":\"2022-07-07T13:22:53+00:00\",\"mainEntityOfPage\":{\"@id\":\"https:\/\/now-news.de\/de\/deutschland\/urteil-soldaten-muessen-sich-gegen-covid-19-impfen-lassen-impfpflicht-rechtmaessig\/\"},\"wordCount\":716,\"commentCount\":0,\"publisher\":{\"@id\":\"https:\/\/now-news.de\/de\/#organization\"},\"image\":{\"@id\":\"https:\/\/now-news.de\/de\/deutschland\/urteil-soldaten-muessen-sich-gegen-covid-19-impfen-lassen-impfpflicht-rechtmaessig\/#primaryimage\"},\"thumbnailUrl\":\"https:\/\/now-news.de\/de\/wp-content\/uploads\/sites\/3\/2022\/07\/Urteil-Soldaten-muessen-sich-gegen-COVID-19-impfen-lassen-\u2013-Impfpflicht.jpg\",\"keywords\":[\"COVID19\",\"gegen\",\"impfen\",\"impfpflicht\",\"lassen\",\"m\u00fcssen\",\"quotrechtm\u00e4\u00dfigquot\",\"sich\",\"Soldaten\",\"Urteil\"],\"articleSection\":[\"Deutschland\",\"Russland\"],\"inLanguage\":\"de\",\"potentialAction\":[{\"@type\":\"CommentAction\",\"name\":\"Comment\",\"target\":[\"https:\/\/now-news.de\/de\/deutschland\/urteil-soldaten-muessen-sich-gegen-covid-19-impfen-lassen-impfpflicht-rechtmaessig\/#respond\"]}]},{\"@type\":\"WebPage\",\"@id\":\"https:\/\/now-news.de\/de\/deutschland\/urteil-soldaten-muessen-sich-gegen-covid-19-impfen-lassen-impfpflicht-rechtmaessig\/\",\"url\":\"https:\/\/now-news.de\/de\/deutschland\/urteil-soldaten-muessen-sich-gegen-covid-19-impfen-lassen-impfpflicht-rechtmaessig\/\",\"name\":\"Urteil: Soldaten m\u00fcssen sich gegen COVID-19 impfen lassen \u2013 Impfpflicht &quot;rechtm\u00e4\u00dfig&quot; - just-now.NEWS Deutschland\",\"isPartOf\":{\"@id\":\"https:\/\/now-news.de\/de\/#website\"},\"primaryImageOfPage\":{\"@id\":\"https:\/\/now-news.de\/de\/deutschland\/urteil-soldaten-muessen-sich-gegen-covid-19-impfen-lassen-impfpflicht-rechtmaessig\/#primaryimage\"},\"image\":{\"@id\":\"https:\/\/now-news.de\/de\/deutschland\/urteil-soldaten-muessen-sich-gegen-covid-19-impfen-lassen-impfpflicht-rechtmaessig\/#primaryimage\"},\"thumbnailUrl\":\"https:\/\/now-news.de\/de\/wp-content\/uploads\/sites\/3\/2022\/07\/Urteil-Soldaten-muessen-sich-gegen-COVID-19-impfen-lassen-\u2013-Impfpflicht.jpg\",\"datePublished\":\"2022-07-07T13:22:53+00:00\",\"dateModified\":\"2022-07-07T13:22:53+00:00\",\"breadcrumb\":{\"@id\":\"https:\/\/now-news.de\/de\/deutschland\/urteil-soldaten-muessen-sich-gegen-covid-19-impfen-lassen-impfpflicht-rechtmaessig\/#breadcrumb\"},\"inLanguage\":\"de\",\"potentialAction\":[{\"@type\":\"ReadAction\",\"target\":[\"https:\/\/now-news.de\/de\/deutschland\/urteil-soldaten-muessen-sich-gegen-covid-19-impfen-lassen-impfpflicht-rechtmaessig\/\"]}]},{\"@type\":\"ImageObject\",\"inLanguage\":\"de\",\"@id\":\"https:\/\/now-news.de\/de\/deutschland\/urteil-soldaten-muessen-sich-gegen-covid-19-impfen-lassen-impfpflicht-rechtmaessig\/#primaryimage\",\"url\":\"https:\/\/now-news.de\/de\/wp-content\/uploads\/sites\/3\/2022\/07\/Urteil-Soldaten-muessen-sich-gegen-COVID-19-impfen-lassen-\u2013-Impfpflicht.jpg\",\"contentUrl\":\"https:\/\/now-news.de\/de\/wp-content\/uploads\/sites\/3\/2022\/07\/Urteil-Soldaten-muessen-sich-gegen-COVID-19-impfen-lassen-\u2013-Impfpflicht.jpg\",\"width\":460,\"height\":259,\"caption\":\"Urteil: Soldaten m\u00fcssen sich gegen COVID-19 impfen lassen \u2013 Impfpflicht &quot;rechtm\u00e4\u00dfig&quot;\"},{\"@type\":\"BreadcrumbList\",\"@id\":\"https:\/\/now-news.de\/de\/deutschland\/urteil-soldaten-muessen-sich-gegen-covid-19-impfen-lassen-impfpflicht-rechtmaessig\/#breadcrumb\",\"itemListElement\":[{\"@type\":\"ListItem\",\"position\":1,\"name\":\"Home\",\"item\":\"https:\/\/now-news.de\/de\/\"},{\"@type\":\"ListItem\",\"position\":2,\"name\":\"Urteil: Soldaten m\u00fcssen sich gegen COVID-19 impfen lassen \u2013 Impfpflicht &quot;rechtm\u00e4\u00dfig&quot;\"}]},{\"@type\":\"WebSite\",\"@id\":\"https:\/\/now-news.de\/de\/#website\",\"url\":\"https:\/\/now-news.de\/de\/\",\"name\":\"just-now.NEWS Deutschland\",\"description\":\"Das Portal f\u00fcr unzensierte Nachrichten aus der Welt\",\"publisher\":{\"@id\":\"https:\/\/now-news.de\/de\/#organization\"},\"potentialAction\":[{\"@type\":\"SearchAction\",\"target\":{\"@type\":\"EntryPoint\",\"urlTemplate\":\"https:\/\/now-news.de\/de\/?s={search_term_string}\"},\"query-input\":\"required name=search_term_string\"}],\"inLanguage\":\"de\"},{\"@type\":\"Organization\",\"@id\":\"https:\/\/now-news.de\/de\/#organization\",\"name\":\"Just Now News\",\"url\":\"https:\/\/now-news.de\/de\/\",\"logo\":{\"@type\":\"ImageObject\",\"inLanguage\":\"de\",\"@id\":\"https:\/\/now-news.de\/de\/#\/schema\/logo\/image\/\",\"url\":\"http:\/\/just-now.news\/de\/wp-content\/uploads\/sites\/3\/2022\/04\/logo500x500.jpg\",\"contentUrl\":\"http:\/\/just-now.news\/de\/wp-content\/uploads\/sites\/3\/2022\/04\/logo500x500.jpg\",\"width\":500,\"height\":500,\"caption\":\"Just Now News\"},\"image\":{\"@id\":\"https:\/\/now-news.de\/de\/#\/schema\/logo\/image\/\"},\"sameAs\":[\"https:\/\/www.facebook.com\/wirmachenauf\",\"https:\/\/x.com\/WirMachenAuf_de\"]},{\"@type\":\"Person\",\"@id\":\"https:\/\/now-news.de\/de\/#\/schema\/person\/fb534a4e865501d8b3285208df34a9b5\",\"name\":\"rtnews\",\"image\":{\"@type\":\"ImageObject\",\"inLanguage\":\"de\",\"@id\":\"https:\/\/now-news.de\/de\/#\/schema\/person\/image\/\",\"url\":\"https:\/\/secure.gravatar.com\/avatar\/82aafea7d8127119dd649515f56e2117?s=96&d=mm&r=g\",\"contentUrl\":\"https:\/\/secure.gravatar.com\/avatar\/82aafea7d8127119dd649515f56e2117?s=96&d=mm&r=g\",\"caption\":\"rtnews\"},\"url\":\"https:\/\/now-news.de\/de\/author\/rnews\/\"}]}<\/script>\n<!-- \/ Yoast SEO Premium plugin. -->","yoast_head_json":{"title":"Urteil: Soldaten m\u00fcssen sich gegen COVID-19 impfen lassen \u2013 Impfpflicht &quot;rechtm\u00e4\u00dfig&quot; - just-now.NEWS Deutschland","robots":{"index":"index","follow":"follow","max-snippet":"max-snippet:-1","max-image-preview":"max-image-preview:large","max-video-preview":"max-video-preview:-1"},"canonical":"https:\/\/now-news.de\/de\/deutschland\/urteil-soldaten-muessen-sich-gegen-covid-19-impfen-lassen-impfpflicht-rechtmaessig\/","og_locale":"de_DE","og_type":"article","og_title":"Urteil: Soldaten m\u00fcssen sich gegen COVID-19 impfen lassen \u2013 Impfpflicht &quot;rechtm\u00e4\u00dfig&quot;","og_description":"Das Bundesverwaltungsgericht hat die Antr\u00e4ge zweier Luftwaffenoffiziere gegen die Verpflichtung zur COVID-19-Impfung abgelehnt. Die &#8220;Allgemeine Regelung&#8221; wurde als rechtm\u00e4\u00dfig erkannt. Das Verteidigungsministerium muss das Thema jedoch intern &#8220;evaluieren und \u00fcberwachen&#8221;. \u00dcber insgesamt vier Tage beriet sich das\u00a0Bundesverwaltungsgericht Leipzig, in Verbindung mit der\u00a0Beweisaufnahme und Expertenanh\u00f6rungen zum Thema einer\u00a0Entscheidung zur Corona-Impfpflicht bei der\u00a0Bundeswehr. Geklagt hatten zwei Offiziere [&hellip;]","og_url":"https:\/\/now-news.de\/de\/deutschland\/urteil-soldaten-muessen-sich-gegen-covid-19-impfen-lassen-impfpflicht-rechtmaessig\/","og_site_name":"just-now.NEWS Deutschland","article_publisher":"https:\/\/www.facebook.com\/wirmachenauf","article_published_time":"2022-07-07T13:22:53+00:00","og_image":[{"width":460,"height":259,"url":"https:\/\/now-news.de\/de\/wp-content\/uploads\/sites\/3\/2022\/07\/Urteil-Soldaten-muessen-sich-gegen-COVID-19-impfen-lassen-\u2013-Impfpflicht.jpg","type":"image\/jpeg"}],"author":"rtnews","twitter_card":"summary_large_image","twitter_creator":"@WirMachenAuf_de","twitter_site":"@WirMachenAuf_de","twitter_misc":{"Verfasst von":"rtnews","Gesch\u00e4tzte Lesezeit":"4\u00a0Minuten"},"schema":{"@context":"https:\/\/schema.org","@graph":[{"@type":"Article","@id":"https:\/\/now-news.de\/de\/deutschland\/urteil-soldaten-muessen-sich-gegen-covid-19-impfen-lassen-impfpflicht-rechtmaessig\/#article","isPartOf":{"@id":"https:\/\/now-news.de\/de\/deutschland\/urteil-soldaten-muessen-sich-gegen-covid-19-impfen-lassen-impfpflicht-rechtmaessig\/"},"author":{"name":"rtnews","@id":"https:\/\/now-news.de\/de\/#\/schema\/person\/fb534a4e865501d8b3285208df34a9b5"},"headline":"Urteil: Soldaten m\u00fcssen sich gegen COVID-19 impfen lassen \u2013 Impfpflicht &quot;rechtm\u00e4\u00dfig&quot;","datePublished":"2022-07-07T13:22:53+00:00","dateModified":"2022-07-07T13:22:53+00:00","mainEntityOfPage":{"@id":"https:\/\/now-news.de\/de\/deutschland\/urteil-soldaten-muessen-sich-gegen-covid-19-impfen-lassen-impfpflicht-rechtmaessig\/"},"wordCount":716,"commentCount":0,"publisher":{"@id":"https:\/\/now-news.de\/de\/#organization"},"image":{"@id":"https:\/\/now-news.de\/de\/deutschland\/urteil-soldaten-muessen-sich-gegen-covid-19-impfen-lassen-impfpflicht-rechtmaessig\/#primaryimage"},"thumbnailUrl":"https:\/\/now-news.de\/de\/wp-content\/uploads\/sites\/3\/2022\/07\/Urteil-Soldaten-muessen-sich-gegen-COVID-19-impfen-lassen-\u2013-Impfpflicht.jpg","keywords":["COVID19","gegen","impfen","impfpflicht","lassen","m\u00fcssen","quotrechtm\u00e4\u00dfigquot","sich","Soldaten","Urteil"],"articleSection":["Deutschland","Russland"],"inLanguage":"de","potentialAction":[{"@type":"CommentAction","name":"Comment","target":["https:\/\/now-news.de\/de\/deutschland\/urteil-soldaten-muessen-sich-gegen-covid-19-impfen-lassen-impfpflicht-rechtmaessig\/#respond"]}]},{"@type":"WebPage","@id":"https:\/\/now-news.de\/de\/deutschland\/urteil-soldaten-muessen-sich-gegen-covid-19-impfen-lassen-impfpflicht-rechtmaessig\/","url":"https:\/\/now-news.de\/de\/deutschland\/urteil-soldaten-muessen-sich-gegen-covid-19-impfen-lassen-impfpflicht-rechtmaessig\/","name":"Urteil: Soldaten m\u00fcssen sich gegen COVID-19 impfen lassen \u2013 Impfpflicht &quot;rechtm\u00e4\u00dfig&quot; - just-now.NEWS Deutschland","isPartOf":{"@id":"https:\/\/now-news.de\/de\/#website"},"primaryImageOfPage":{"@id":"https:\/\/now-news.de\/de\/deutschland\/urteil-soldaten-muessen-sich-gegen-covid-19-impfen-lassen-impfpflicht-rechtmaessig\/#primaryimage"},"image":{"@id":"https:\/\/now-news.de\/de\/deutschland\/urteil-soldaten-muessen-sich-gegen-covid-19-impfen-lassen-impfpflicht-rechtmaessig\/#primaryimage"},"thumbnailUrl":"https:\/\/now-news.de\/de\/wp-content\/uploads\/sites\/3\/2022\/07\/Urteil-Soldaten-muessen-sich-gegen-COVID-19-impfen-lassen-\u2013-Impfpflicht.jpg","datePublished":"2022-07-07T13:22:53+00:00","dateModified":"2022-07-07T13:22:53+00:00","breadcrumb":{"@id":"https:\/\/now-news.de\/de\/deutschland\/urteil-soldaten-muessen-sich-gegen-covid-19-impfen-lassen-impfpflicht-rechtmaessig\/#breadcrumb"},"inLanguage":"de","potentialAction":[{"@type":"ReadAction","target":["https:\/\/now-news.de\/de\/deutschland\/urteil-soldaten-muessen-sich-gegen-covid-19-impfen-lassen-impfpflicht-rechtmaessig\/"]}]},{"@type":"ImageObject","inLanguage":"de","@id":"https:\/\/now-news.de\/de\/deutschland\/urteil-soldaten-muessen-sich-gegen-covid-19-impfen-lassen-impfpflicht-rechtmaessig\/#primaryimage","url":"https:\/\/now-news.de\/de\/wp-content\/uploads\/sites\/3\/2022\/07\/Urteil-Soldaten-muessen-sich-gegen-COVID-19-impfen-lassen-\u2013-Impfpflicht.jpg","contentUrl":"https:\/\/now-news.de\/de\/wp-content\/uploads\/sites\/3\/2022\/07\/Urteil-Soldaten-muessen-sich-gegen-COVID-19-impfen-lassen-\u2013-Impfpflicht.jpg","width":460,"height":259,"caption":"Urteil: Soldaten m\u00fcssen sich gegen COVID-19 impfen lassen \u2013 Impfpflicht &quot;rechtm\u00e4\u00dfig&quot;"},{"@type":"BreadcrumbList","@id":"https:\/\/now-news.de\/de\/deutschland\/urteil-soldaten-muessen-sich-gegen-covid-19-impfen-lassen-impfpflicht-rechtmaessig\/#breadcrumb","itemListElement":[{"@type":"ListItem","position":1,"name":"Home","item":"https:\/\/now-news.de\/de\/"},{"@type":"ListItem","position":2,"name":"Urteil: Soldaten m\u00fcssen sich gegen COVID-19 impfen lassen \u2013 Impfpflicht &quot;rechtm\u00e4\u00dfig&quot;"}]},{"@type":"WebSite","@id":"https:\/\/now-news.de\/de\/#website","url":"https:\/\/now-news.de\/de\/","name":"just-now.NEWS Deutschland","description":"Das Portal f\u00fcr unzensierte Nachrichten aus der Welt","publisher":{"@id":"https:\/\/now-news.de\/de\/#organization"},"potentialAction":[{"@type":"SearchAction","target":{"@type":"EntryPoint","urlTemplate":"https:\/\/now-news.de\/de\/?s={search_term_string}"},"query-input":"required name=search_term_string"}],"inLanguage":"de"},{"@type":"Organization","@id":"https:\/\/now-news.de\/de\/#organization","name":"Just Now News","url":"https:\/\/now-news.de\/de\/","logo":{"@type":"ImageObject","inLanguage":"de","@id":"https:\/\/now-news.de\/de\/#\/schema\/logo\/image\/","url":"http:\/\/just-now.news\/de\/wp-content\/uploads\/sites\/3\/2022\/04\/logo500x500.jpg","contentUrl":"http:\/\/just-now.news\/de\/wp-content\/uploads\/sites\/3\/2022\/04\/logo500x500.jpg","width":500,"height":500,"caption":"Just Now News"},"image":{"@id":"https:\/\/now-news.de\/de\/#\/schema\/logo\/image\/"},"sameAs":["https:\/\/www.facebook.com\/wirmachenauf","https:\/\/x.com\/WirMachenAuf_de"]},{"@type":"Person","@id":"https:\/\/now-news.de\/de\/#\/schema\/person\/fb534a4e865501d8b3285208df34a9b5","name":"rtnews","image":{"@type":"ImageObject","inLanguage":"de","@id":"https:\/\/now-news.de\/de\/#\/schema\/person\/image\/","url":"https:\/\/secure.gravatar.com\/avatar\/82aafea7d8127119dd649515f56e2117?s=96&d=mm&r=g","contentUrl":"https:\/\/secure.gravatar.com\/avatar\/82aafea7d8127119dd649515f56e2117?s=96&d=mm&r=g","caption":"rtnews"},"url":"https:\/\/now-news.de\/de\/author\/rnews\/"}]}},"_links":{"self":[{"href":"https:\/\/now-news.de\/de\/wp-json\/wp\/v2\/posts\/13104"}],"collection":[{"href":"https:\/\/now-news.de\/de\/wp-json\/wp\/v2\/posts"}],"about":[{"href":"https:\/\/now-news.de\/de\/wp-json\/wp\/v2\/types\/post"}],"author":[{"embeddable":true,"href":"https:\/\/now-news.de\/de\/wp-json\/wp\/v2\/users\/3"}],"replies":[{"embeddable":true,"href":"https:\/\/now-news.de\/de\/wp-json\/wp\/v2\/comments?post=13104"}],"version-history":[{"count":0,"href":"https:\/\/now-news.de\/de\/wp-json\/wp\/v2\/posts\/13104\/revisions"}],"wp:featuredmedia":[{"embeddable":true,"href":"https:\/\/now-news.de\/de\/wp-json\/wp\/v2\/media\/13105"}],"wp:attachment":[{"href":"https:\/\/now-news.de\/de\/wp-json\/wp\/v2\/media?parent=13104"}],"wp:term":[{"taxonomy":"category","embeddable":true,"href":"https:\/\/now-news.de\/de\/wp-json\/wp\/v2\/categories?post=13104"},{"taxonomy":"post_tag","embeddable":true,"href":"https:\/\/now-news.de\/de\/wp-json\/wp\/v2\/tags?post=13104"}],"curies":[{"name":"wp","href":"https:\/\/api.w.org\/{rel}","templated":true}]}}