{"id":13042,"date":"2022-07-06T22:43:17","date_gmt":"2022-07-06T20:43:17","guid":{"rendered":"http:\/\/just-now.news\/de\/deutschland\/kolumbiens-gewaehlter-praesident-schlaegt-eln-guerilla-bilaterale-waffenruhe-und-friedensgespraeche-vor\/"},"modified":"2022-07-06T22:43:17","modified_gmt":"2022-07-06T20:43:17","slug":"kolumbiens-gewaehlter-praesident-schlaegt-eln-guerilla-bilaterale-waffenruhe-und-friedensgespraeche-vor","status":"publish","type":"post","link":"https:\/\/now-news.de\/de\/deutschland\/kolumbiens-gewaehlter-praesident-schlaegt-eln-guerilla-bilaterale-waffenruhe-und-friedensgespraeche-vor\/","title":{"rendered":"Kolumbiens gew\u00e4hlter Pr\u00e4sident schl\u00e4gt ELN-Guerilla bilaterale Waffenruhe und Friedensgespr\u00e4che vor"},"content":{"rendered":"<p><img decoding=\"async\" src=\"http:\/\/just-now.news\/de\/wp-content\/uploads\/sites\/3\/2022\/07\/62c5653c48fbef5c987ef127.jpg\" \/><\/p>\n<div class=\"Text-root Text-type_1 \">\n                Der gew\u00e4hlte Pr\u00e4sident Kolumbiens will mit den im Land noch aktiven bewaffneten Gruppen Frieden schlie\u00dfen. In seinem Appell an die sogenannte Nationale Befreiungsarmee (ELN) zeigt sich Gustavo Petro zu einem bilateralen Waffenstillstand und Friedensgespr\u00e4chen bereit.\n            <\/div>\n<p><\/p>\n<div class=\"Text-root Text-type_5 ArticleView-text ViewText-root \">\n<p>Gustavo Petro, der gew\u00e4hlte Pr\u00e4sident Kolumbiens, hat am Dienstag der Guerilla-Gruppe Nationale Befreiungsarmee (ELN) seine Dialogbereitschaft signalisiert. In einem Interview f\u00fcr den Sender <em>W Radio<\/em>\u00a0<a rel=\"nofollow noopener\" target=\"_blank\" href=\"https:\/\/www.wradio.com.co\/2022\/07\/05\/gustavo-petro-presidente-electo-de-colombia-habla-en-la-w\/\">forderte<\/a> der linke Politiker alle in dem s\u00fcdamerikanischen Land noch aktiven bewaffneten Gruppen zum Dialog mit seiner k\u00fcnftigen Regierung auf:<\/p>\n<blockquote>\n<p><em>&#8220;Die Botschaft, die ich nicht nur an die ELN, sondern auch an alle aktuellen bewaffneten Gruppierungen gesendet habe, ist, dass es Zeit f\u00fcr den Frieden ist.&#8221;<\/em><\/p>\n<\/blockquote>\n<p>Petro warb zu diesem Zweck f\u00fcr einen bilateralen Waffenstillstand. Der gew\u00e4hlte Pr\u00e4sident versprach im Interview, es werde sowohl &#8220;gerichtliche&#8221; als auch &#8220;politische&#8221; Verhandlungen geben, um den Krieg in Kolumbien zu beenden.<\/p>\n<p>Nach dem Wahlsieg des linken Pr\u00e4sidentschaftskandidaten hatte die ELN ihren Willen bekundet, Frieden zu schlie\u00dfen. Am Montag bekr\u00e4ftigte die Guerilla ihre Bereitschaft, mit der k\u00fcnftigen Regierung Petros zu verhandeln. In einer \u00fcber den Sender <em>RCN Radio<\/em> verbreiteten Mitteilung <a rel=\"nofollow noopener\" target=\"_blank\" href=\"https:\/\/www.rcnradio.com\/colombia\/eln-reafirmo-que-esta-dispuesto-a-dialogar-con-el-gobierno-de-gustavo-petro\">gab<\/a> die ENL bekannt:<\/p>\n<blockquote>\n<p><em>&#8220;Wir verhandelten mit f\u00fcnf Regierungen au\u00dfer der von Iv\u00e1n Duque, die sich weigerte, die mit der vorigen Regierung getroffenen Vereinbarungen zu erf\u00fcllen. Wir verfolgen weiterhin unser Ziel, aus Kolumbien ein faireres, gerechteres und demokratischeres Land zu machen.&#8221;<\/em><\/p>\n<\/blockquote>\n<p>Die letzten Verhandlungen zwischen der ELN und der kolumbianischen Regierung hatten im Februar 2017 begonnen \u2013 w\u00e4hrend der Pr\u00e4sidentschaft von Juan Manuel Santos. Die Gespr\u00e4che fanden zuerst in der ecuadorianischen Hauptstadt Quito statt. Im April 2018 erkl\u00e4rte der damalige ecuadorianische Staatschef Len\u00edn Moreno jedoch, sein Land werde nicht mehr als Austragungsort und Garant der Verhandlungen fungieren. Ab Mai 2018 wurden die Gespr\u00e4che in der kubanischen Hauptstadt Havanna durchgef\u00fchrt. Die sechste und letzte Gespr\u00e4chsrunde mit der ELN am 1. August desselben Jahres endete zwar ohne Durchbruch. Santos erkl\u00e4rte aber, nach vielen Bem\u00fchungen habe man eine Grundlage f\u00fcr weitere Gespr\u00e4che geschaffen.<\/p>\n<p>Am 7. August l\u00f6ste Iv\u00e1n Duque Santos als Staatschef ab und k\u00fcndigte an, er werde die Bedingungen des Dialogs mit der ELN revidieren. Sp\u00e4ter forderte der Politiker die Guerilla auf, alle Geiseln zu befreien und eine einseitige Waffenruhe auszurufen. Im Januar 2019 k\u00fcndigte Duque den Dialog mit der ELN endg\u00fcltig auf, nachdem bei einem Anschlag auf eine Kadettenschule in der Hauptstadt Bogot\u00e1 mehr als 20 Menschen get\u00f6tet und 60 weitere verletzt worden waren.<\/p>\n<p>Die ELN ist eine marxistisch-leninistische Guerilla. Sch\u00e4tzungsweise z\u00e4hlt sie bis zu 5.000 K\u00e4mpfer. Sie ist vor allem im Osten des s\u00fcdamerikanischen Landes aktiv. Nach ihrer Gr\u00fcndung im Jahr 1964 geh\u00f6rt die ELN zu den \u00e4ltesten noch aktiven Guerilla-Bewegungen Lateinamerikas.<\/p>\n<p><strong>Mehr zum Thema<\/strong> &#8211;\u00a0<a rel=\"nofollow noopener\" target=\"_blank\" href=\"https:\/\/de.rt.com\/amerika\/131327-mindestens-zwei-tote-bei-bombenanschlag-auf-garnison-in-kolumbien\/\">Mindestens zwei Tote bei Bombenanschlag auf Garnison in Kolumbien<\/a><\/p>\n<\/div>\n<p><br \/>\n<br \/><a href=\"https:\/\/de.rt.com\/amerika\/142806-kolumbiens-gewaehlter-prasident-schlaegt-eln-friedensgespraeche-vor\/\">Source link <\/a><\/p>\n","protected":false},"excerpt":{"rendered":"<p>Der gew\u00e4hlte Pr\u00e4sident Kolumbiens will mit den im Land noch aktiven bewaffneten Gruppen Frieden schlie\u00dfen. In seinem Appell an die sogenannte Nationale Befreiungsarmee (ELN) zeigt sich Gustavo Petro zu einem bilateralen Waffenstillstand und Friedensgespr\u00e4chen bereit. Gustavo Petro, der gew\u00e4hlte Pr\u00e4sident Kolumbiens, hat am Dienstag der Guerilla-Gruppe Nationale Befreiungsarmee (ELN) seine Dialogbereitschaft signalisiert. In einem Interview [&hellip;]<\/p>\n","protected":false},"author":3,"featured_media":13043,"comment_status":"open","ping_status":"open","sticky":false,"template":"","format":"standard","meta":{"wp_automatic_camp":["217"],"2645243906a807ce7815a832974b48a8":["Kolumbiens gew\u00e4hlter Pr\u00e4sident schl\u00e4gt ELN-Guerilla bilaterale Waffenruhe und Friedensgespr\u00e4che vor"],"original_link":["https:\/\/de.rt.com\/amerika\/142806-kolumbiens-gewaehlter-prasident-schlaegt-eln-friedensgespraeche-vor\/"],"_thumbnail_id":["13043"],"_wptg_p2tg_sent2tg":["2022-07-06 23:00:50"],"jnews_social_counter_last_update":["1777816465"]},"categories":[19,23],"tags":[27112,27111,27113,27110,27109,3464,1468,140,320,9691],"yoast_head":"<!-- This site is optimized with the Yoast SEO Premium plugin v22.7 (Yoast SEO v22.7) - https:\/\/yoast.com\/wordpress\/plugins\/seo\/ -->\n<title>Kolumbiens gew\u00e4hlter Pr\u00e4sident schl\u00e4gt ELN-Guerilla bilaterale Waffenruhe und Friedensgespr\u00e4che vor - just-now.NEWS Deutschland<\/title>\n<meta name=\"robots\" content=\"index, follow, max-snippet:-1, max-image-preview:large, max-video-preview:-1\" \/>\n<link rel=\"canonical\" href=\"https:\/\/now-news.de\/de\/deutschland\/kolumbiens-gewaehlter-praesident-schlaegt-eln-guerilla-bilaterale-waffenruhe-und-friedensgespraeche-vor\/\" \/>\n<meta property=\"og:locale\" content=\"de_DE\" \/>\n<meta property=\"og:type\" content=\"article\" \/>\n<meta property=\"og:title\" content=\"Kolumbiens gew\u00e4hlter Pr\u00e4sident schl\u00e4gt ELN-Guerilla bilaterale Waffenruhe und Friedensgespr\u00e4che vor\" \/>\n<meta property=\"og:description\" content=\"Der gew\u00e4hlte Pr\u00e4sident Kolumbiens will mit den im Land noch aktiven bewaffneten Gruppen Frieden schlie\u00dfen. In seinem Appell an die sogenannte Nationale Befreiungsarmee (ELN) zeigt sich Gustavo Petro zu einem bilateralen Waffenstillstand und Friedensgespr\u00e4chen bereit. Gustavo Petro, der gew\u00e4hlte Pr\u00e4sident Kolumbiens, hat am Dienstag der Guerilla-Gruppe Nationale Befreiungsarmee (ELN) seine Dialogbereitschaft signalisiert. In einem Interview [&hellip;]\" \/>\n<meta property=\"og:url\" content=\"https:\/\/now-news.de\/de\/deutschland\/kolumbiens-gewaehlter-praesident-schlaegt-eln-guerilla-bilaterale-waffenruhe-und-friedensgespraeche-vor\/\" \/>\n<meta property=\"og:site_name\" content=\"just-now.NEWS Deutschland\" \/>\n<meta property=\"article:publisher\" content=\"https:\/\/www.facebook.com\/wirmachenauf\" \/>\n<meta property=\"article:published_time\" content=\"2022-07-06T20:43:17+00:00\" \/>\n<meta property=\"og:image\" content=\"https:\/\/now-news.de\/de\/wp-content\/uploads\/sites\/3\/2022\/07\/Kolumbiens-gewaehlter-Praesident-schlaegt-ELN-Guerilla-bilaterale-Waffenruhe-und-Friedensgespraeche-vor.jpg\" \/>\n\t<meta property=\"og:image:width\" content=\"460\" \/>\n\t<meta property=\"og:image:height\" content=\"259\" \/>\n\t<meta property=\"og:image:type\" content=\"image\/jpeg\" \/>\n<meta name=\"author\" content=\"rtnews\" \/>\n<meta name=\"twitter:card\" content=\"summary_large_image\" \/>\n<meta name=\"twitter:creator\" content=\"@WirMachenAuf_de\" \/>\n<meta name=\"twitter:site\" content=\"@WirMachenAuf_de\" \/>\n<meta name=\"twitter:label1\" content=\"Verfasst von\" \/>\n\t<meta name=\"twitter:data1\" content=\"rtnews\" \/>\n\t<meta name=\"twitter:label2\" content=\"Gesch\u00e4tzte Lesezeit\" \/>\n\t<meta name=\"twitter:data2\" content=\"2\u00a0Minuten\" \/>\n<script type=\"application\/ld+json\" class=\"yoast-schema-graph\">{\"@context\":\"https:\/\/schema.org\",\"@graph\":[{\"@type\":\"Article\",\"@id\":\"https:\/\/now-news.de\/de\/deutschland\/kolumbiens-gewaehlter-praesident-schlaegt-eln-guerilla-bilaterale-waffenruhe-und-friedensgespraeche-vor\/#article\",\"isPartOf\":{\"@id\":\"https:\/\/now-news.de\/de\/deutschland\/kolumbiens-gewaehlter-praesident-schlaegt-eln-guerilla-bilaterale-waffenruhe-und-friedensgespraeche-vor\/\"},\"author\":{\"name\":\"rtnews\",\"@id\":\"https:\/\/now-news.de\/de\/#\/schema\/person\/fb534a4e865501d8b3285208df34a9b5\"},\"headline\":\"Kolumbiens gew\u00e4hlter Pr\u00e4sident schl\u00e4gt ELN-Guerilla bilaterale Waffenruhe und Friedensgespr\u00e4che vor\",\"datePublished\":\"2022-07-06T20:43:17+00:00\",\"dateModified\":\"2022-07-06T20:43:17+00:00\",\"mainEntityOfPage\":{\"@id\":\"https:\/\/now-news.de\/de\/deutschland\/kolumbiens-gewaehlter-praesident-schlaegt-eln-guerilla-bilaterale-waffenruhe-und-friedensgespraeche-vor\/\"},\"wordCount\":492,\"commentCount\":0,\"publisher\":{\"@id\":\"https:\/\/now-news.de\/de\/#organization\"},\"image\":{\"@id\":\"https:\/\/now-news.de\/de\/deutschland\/kolumbiens-gewaehlter-praesident-schlaegt-eln-guerilla-bilaterale-waffenruhe-und-friedensgespraeche-vor\/#primaryimage\"},\"thumbnailUrl\":\"https:\/\/now-news.de\/de\/wp-content\/uploads\/sites\/3\/2022\/07\/Kolumbiens-gewaehlter-Praesident-schlaegt-ELN-Guerilla-bilaterale-Waffenruhe-und-Friedensgespraeche-vor.jpg\",\"keywords\":[\"bilaterale\",\"ELNGuerilla\",\"Friedensgespr\u00e4che\",\"gew\u00e4hlter\",\"Kolumbiens\",\"Pr\u00e4sident\",\"schl\u00e4gt\",\"und\",\"vor\",\"Waffenruhe\"],\"articleSection\":[\"Deutschland\",\"Russland\"],\"inLanguage\":\"de\",\"potentialAction\":[{\"@type\":\"CommentAction\",\"name\":\"Comment\",\"target\":[\"https:\/\/now-news.de\/de\/deutschland\/kolumbiens-gewaehlter-praesident-schlaegt-eln-guerilla-bilaterale-waffenruhe-und-friedensgespraeche-vor\/#respond\"]}]},{\"@type\":\"WebPage\",\"@id\":\"https:\/\/now-news.de\/de\/deutschland\/kolumbiens-gewaehlter-praesident-schlaegt-eln-guerilla-bilaterale-waffenruhe-und-friedensgespraeche-vor\/\",\"url\":\"https:\/\/now-news.de\/de\/deutschland\/kolumbiens-gewaehlter-praesident-schlaegt-eln-guerilla-bilaterale-waffenruhe-und-friedensgespraeche-vor\/\",\"name\":\"Kolumbiens gew\u00e4hlter Pr\u00e4sident schl\u00e4gt ELN-Guerilla bilaterale Waffenruhe und Friedensgespr\u00e4che vor - just-now.NEWS Deutschland\",\"isPartOf\":{\"@id\":\"https:\/\/now-news.de\/de\/#website\"},\"primaryImageOfPage\":{\"@id\":\"https:\/\/now-news.de\/de\/deutschland\/kolumbiens-gewaehlter-praesident-schlaegt-eln-guerilla-bilaterale-waffenruhe-und-friedensgespraeche-vor\/#primaryimage\"},\"image\":{\"@id\":\"https:\/\/now-news.de\/de\/deutschland\/kolumbiens-gewaehlter-praesident-schlaegt-eln-guerilla-bilaterale-waffenruhe-und-friedensgespraeche-vor\/#primaryimage\"},\"thumbnailUrl\":\"https:\/\/now-news.de\/de\/wp-content\/uploads\/sites\/3\/2022\/07\/Kolumbiens-gewaehlter-Praesident-schlaegt-ELN-Guerilla-bilaterale-Waffenruhe-und-Friedensgespraeche-vor.jpg\",\"datePublished\":\"2022-07-06T20:43:17+00:00\",\"dateModified\":\"2022-07-06T20:43:17+00:00\",\"breadcrumb\":{\"@id\":\"https:\/\/now-news.de\/de\/deutschland\/kolumbiens-gewaehlter-praesident-schlaegt-eln-guerilla-bilaterale-waffenruhe-und-friedensgespraeche-vor\/#breadcrumb\"},\"inLanguage\":\"de\",\"potentialAction\":[{\"@type\":\"ReadAction\",\"target\":[\"https:\/\/now-news.de\/de\/deutschland\/kolumbiens-gewaehlter-praesident-schlaegt-eln-guerilla-bilaterale-waffenruhe-und-friedensgespraeche-vor\/\"]}]},{\"@type\":\"ImageObject\",\"inLanguage\":\"de\",\"@id\":\"https:\/\/now-news.de\/de\/deutschland\/kolumbiens-gewaehlter-praesident-schlaegt-eln-guerilla-bilaterale-waffenruhe-und-friedensgespraeche-vor\/#primaryimage\",\"url\":\"https:\/\/now-news.de\/de\/wp-content\/uploads\/sites\/3\/2022\/07\/Kolumbiens-gewaehlter-Praesident-schlaegt-ELN-Guerilla-bilaterale-Waffenruhe-und-Friedensgespraeche-vor.jpg\",\"contentUrl\":\"https:\/\/now-news.de\/de\/wp-content\/uploads\/sites\/3\/2022\/07\/Kolumbiens-gewaehlter-Praesident-schlaegt-ELN-Guerilla-bilaterale-Waffenruhe-und-Friedensgespraeche-vor.jpg\",\"width\":460,\"height\":259,\"caption\":\"Kolumbiens gew\u00e4hlter Pr\u00e4sident schl\u00e4gt ELN-Guerilla bilaterale Waffenruhe und Friedensgespr\u00e4che vor\"},{\"@type\":\"BreadcrumbList\",\"@id\":\"https:\/\/now-news.de\/de\/deutschland\/kolumbiens-gewaehlter-praesident-schlaegt-eln-guerilla-bilaterale-waffenruhe-und-friedensgespraeche-vor\/#breadcrumb\",\"itemListElement\":[{\"@type\":\"ListItem\",\"position\":1,\"name\":\"Home\",\"item\":\"https:\/\/now-news.de\/de\/\"},{\"@type\":\"ListItem\",\"position\":2,\"name\":\"Kolumbiens gew\u00e4hlter Pr\u00e4sident schl\u00e4gt ELN-Guerilla bilaterale Waffenruhe und Friedensgespr\u00e4che vor\"}]},{\"@type\":\"WebSite\",\"@id\":\"https:\/\/now-news.de\/de\/#website\",\"url\":\"https:\/\/now-news.de\/de\/\",\"name\":\"just-now.NEWS Deutschland\",\"description\":\"Das Portal f\u00fcr unzensierte Nachrichten aus der Welt\",\"publisher\":{\"@id\":\"https:\/\/now-news.de\/de\/#organization\"},\"potentialAction\":[{\"@type\":\"SearchAction\",\"target\":{\"@type\":\"EntryPoint\",\"urlTemplate\":\"https:\/\/now-news.de\/de\/?s={search_term_string}\"},\"query-input\":\"required name=search_term_string\"}],\"inLanguage\":\"de\"},{\"@type\":\"Organization\",\"@id\":\"https:\/\/now-news.de\/de\/#organization\",\"name\":\"Just Now News\",\"url\":\"https:\/\/now-news.de\/de\/\",\"logo\":{\"@type\":\"ImageObject\",\"inLanguage\":\"de\",\"@id\":\"https:\/\/now-news.de\/de\/#\/schema\/logo\/image\/\",\"url\":\"http:\/\/just-now.news\/de\/wp-content\/uploads\/sites\/3\/2022\/04\/logo500x500.jpg\",\"contentUrl\":\"http:\/\/just-now.news\/de\/wp-content\/uploads\/sites\/3\/2022\/04\/logo500x500.jpg\",\"width\":500,\"height\":500,\"caption\":\"Just Now News\"},\"image\":{\"@id\":\"https:\/\/now-news.de\/de\/#\/schema\/logo\/image\/\"},\"sameAs\":[\"https:\/\/www.facebook.com\/wirmachenauf\",\"https:\/\/x.com\/WirMachenAuf_de\"]},{\"@type\":\"Person\",\"@id\":\"https:\/\/now-news.de\/de\/#\/schema\/person\/fb534a4e865501d8b3285208df34a9b5\",\"name\":\"rtnews\",\"image\":{\"@type\":\"ImageObject\",\"inLanguage\":\"de\",\"@id\":\"https:\/\/now-news.de\/de\/#\/schema\/person\/image\/\",\"url\":\"https:\/\/secure.gravatar.com\/avatar\/82aafea7d8127119dd649515f56e2117?s=96&d=mm&r=g\",\"contentUrl\":\"https:\/\/secure.gravatar.com\/avatar\/82aafea7d8127119dd649515f56e2117?s=96&d=mm&r=g\",\"caption\":\"rtnews\"},\"url\":\"https:\/\/now-news.de\/de\/author\/rnews\/\"}]}<\/script>\n<!-- \/ Yoast SEO Premium plugin. -->","yoast_head_json":{"title":"Kolumbiens gew\u00e4hlter Pr\u00e4sident schl\u00e4gt ELN-Guerilla bilaterale Waffenruhe und Friedensgespr\u00e4che vor - just-now.NEWS Deutschland","robots":{"index":"index","follow":"follow","max-snippet":"max-snippet:-1","max-image-preview":"max-image-preview:large","max-video-preview":"max-video-preview:-1"},"canonical":"https:\/\/now-news.de\/de\/deutschland\/kolumbiens-gewaehlter-praesident-schlaegt-eln-guerilla-bilaterale-waffenruhe-und-friedensgespraeche-vor\/","og_locale":"de_DE","og_type":"article","og_title":"Kolumbiens gew\u00e4hlter Pr\u00e4sident schl\u00e4gt ELN-Guerilla bilaterale Waffenruhe und Friedensgespr\u00e4che vor","og_description":"Der gew\u00e4hlte Pr\u00e4sident Kolumbiens will mit den im Land noch aktiven bewaffneten Gruppen Frieden schlie\u00dfen. In seinem Appell an die sogenannte Nationale Befreiungsarmee (ELN) zeigt sich Gustavo Petro zu einem bilateralen Waffenstillstand und Friedensgespr\u00e4chen bereit. Gustavo Petro, der gew\u00e4hlte Pr\u00e4sident Kolumbiens, hat am Dienstag der Guerilla-Gruppe Nationale Befreiungsarmee (ELN) seine Dialogbereitschaft signalisiert. In einem Interview [&hellip;]","og_url":"https:\/\/now-news.de\/de\/deutschland\/kolumbiens-gewaehlter-praesident-schlaegt-eln-guerilla-bilaterale-waffenruhe-und-friedensgespraeche-vor\/","og_site_name":"just-now.NEWS Deutschland","article_publisher":"https:\/\/www.facebook.com\/wirmachenauf","article_published_time":"2022-07-06T20:43:17+00:00","og_image":[{"width":460,"height":259,"url":"https:\/\/now-news.de\/de\/wp-content\/uploads\/sites\/3\/2022\/07\/Kolumbiens-gewaehlter-Praesident-schlaegt-ELN-Guerilla-bilaterale-Waffenruhe-und-Friedensgespraeche-vor.jpg","type":"image\/jpeg"}],"author":"rtnews","twitter_card":"summary_large_image","twitter_creator":"@WirMachenAuf_de","twitter_site":"@WirMachenAuf_de","twitter_misc":{"Verfasst von":"rtnews","Gesch\u00e4tzte Lesezeit":"2\u00a0Minuten"},"schema":{"@context":"https:\/\/schema.org","@graph":[{"@type":"Article","@id":"https:\/\/now-news.de\/de\/deutschland\/kolumbiens-gewaehlter-praesident-schlaegt-eln-guerilla-bilaterale-waffenruhe-und-friedensgespraeche-vor\/#article","isPartOf":{"@id":"https:\/\/now-news.de\/de\/deutschland\/kolumbiens-gewaehlter-praesident-schlaegt-eln-guerilla-bilaterale-waffenruhe-und-friedensgespraeche-vor\/"},"author":{"name":"rtnews","@id":"https:\/\/now-news.de\/de\/#\/schema\/person\/fb534a4e865501d8b3285208df34a9b5"},"headline":"Kolumbiens gew\u00e4hlter Pr\u00e4sident schl\u00e4gt ELN-Guerilla bilaterale Waffenruhe und Friedensgespr\u00e4che vor","datePublished":"2022-07-06T20:43:17+00:00","dateModified":"2022-07-06T20:43:17+00:00","mainEntityOfPage":{"@id":"https:\/\/now-news.de\/de\/deutschland\/kolumbiens-gewaehlter-praesident-schlaegt-eln-guerilla-bilaterale-waffenruhe-und-friedensgespraeche-vor\/"},"wordCount":492,"commentCount":0,"publisher":{"@id":"https:\/\/now-news.de\/de\/#organization"},"image":{"@id":"https:\/\/now-news.de\/de\/deutschland\/kolumbiens-gewaehlter-praesident-schlaegt-eln-guerilla-bilaterale-waffenruhe-und-friedensgespraeche-vor\/#primaryimage"},"thumbnailUrl":"https:\/\/now-news.de\/de\/wp-content\/uploads\/sites\/3\/2022\/07\/Kolumbiens-gewaehlter-Praesident-schlaegt-ELN-Guerilla-bilaterale-Waffenruhe-und-Friedensgespraeche-vor.jpg","keywords":["bilaterale","ELNGuerilla","Friedensgespr\u00e4che","gew\u00e4hlter","Kolumbiens","Pr\u00e4sident","schl\u00e4gt","und","vor","Waffenruhe"],"articleSection":["Deutschland","Russland"],"inLanguage":"de","potentialAction":[{"@type":"CommentAction","name":"Comment","target":["https:\/\/now-news.de\/de\/deutschland\/kolumbiens-gewaehlter-praesident-schlaegt-eln-guerilla-bilaterale-waffenruhe-und-friedensgespraeche-vor\/#respond"]}]},{"@type":"WebPage","@id":"https:\/\/now-news.de\/de\/deutschland\/kolumbiens-gewaehlter-praesident-schlaegt-eln-guerilla-bilaterale-waffenruhe-und-friedensgespraeche-vor\/","url":"https:\/\/now-news.de\/de\/deutschland\/kolumbiens-gewaehlter-praesident-schlaegt-eln-guerilla-bilaterale-waffenruhe-und-friedensgespraeche-vor\/","name":"Kolumbiens gew\u00e4hlter Pr\u00e4sident schl\u00e4gt ELN-Guerilla bilaterale Waffenruhe und Friedensgespr\u00e4che vor - just-now.NEWS Deutschland","isPartOf":{"@id":"https:\/\/now-news.de\/de\/#website"},"primaryImageOfPage":{"@id":"https:\/\/now-news.de\/de\/deutschland\/kolumbiens-gewaehlter-praesident-schlaegt-eln-guerilla-bilaterale-waffenruhe-und-friedensgespraeche-vor\/#primaryimage"},"image":{"@id":"https:\/\/now-news.de\/de\/deutschland\/kolumbiens-gewaehlter-praesident-schlaegt-eln-guerilla-bilaterale-waffenruhe-und-friedensgespraeche-vor\/#primaryimage"},"thumbnailUrl":"https:\/\/now-news.de\/de\/wp-content\/uploads\/sites\/3\/2022\/07\/Kolumbiens-gewaehlter-Praesident-schlaegt-ELN-Guerilla-bilaterale-Waffenruhe-und-Friedensgespraeche-vor.jpg","datePublished":"2022-07-06T20:43:17+00:00","dateModified":"2022-07-06T20:43:17+00:00","breadcrumb":{"@id":"https:\/\/now-news.de\/de\/deutschland\/kolumbiens-gewaehlter-praesident-schlaegt-eln-guerilla-bilaterale-waffenruhe-und-friedensgespraeche-vor\/#breadcrumb"},"inLanguage":"de","potentialAction":[{"@type":"ReadAction","target":["https:\/\/now-news.de\/de\/deutschland\/kolumbiens-gewaehlter-praesident-schlaegt-eln-guerilla-bilaterale-waffenruhe-und-friedensgespraeche-vor\/"]}]},{"@type":"ImageObject","inLanguage":"de","@id":"https:\/\/now-news.de\/de\/deutschland\/kolumbiens-gewaehlter-praesident-schlaegt-eln-guerilla-bilaterale-waffenruhe-und-friedensgespraeche-vor\/#primaryimage","url":"https:\/\/now-news.de\/de\/wp-content\/uploads\/sites\/3\/2022\/07\/Kolumbiens-gewaehlter-Praesident-schlaegt-ELN-Guerilla-bilaterale-Waffenruhe-und-Friedensgespraeche-vor.jpg","contentUrl":"https:\/\/now-news.de\/de\/wp-content\/uploads\/sites\/3\/2022\/07\/Kolumbiens-gewaehlter-Praesident-schlaegt-ELN-Guerilla-bilaterale-Waffenruhe-und-Friedensgespraeche-vor.jpg","width":460,"height":259,"caption":"Kolumbiens gew\u00e4hlter Pr\u00e4sident schl\u00e4gt ELN-Guerilla bilaterale Waffenruhe und Friedensgespr\u00e4che vor"},{"@type":"BreadcrumbList","@id":"https:\/\/now-news.de\/de\/deutschland\/kolumbiens-gewaehlter-praesident-schlaegt-eln-guerilla-bilaterale-waffenruhe-und-friedensgespraeche-vor\/#breadcrumb","itemListElement":[{"@type":"ListItem","position":1,"name":"Home","item":"https:\/\/now-news.de\/de\/"},{"@type":"ListItem","position":2,"name":"Kolumbiens gew\u00e4hlter Pr\u00e4sident schl\u00e4gt ELN-Guerilla bilaterale Waffenruhe und Friedensgespr\u00e4che vor"}]},{"@type":"WebSite","@id":"https:\/\/now-news.de\/de\/#website","url":"https:\/\/now-news.de\/de\/","name":"just-now.NEWS Deutschland","description":"Das Portal f\u00fcr unzensierte Nachrichten aus der Welt","publisher":{"@id":"https:\/\/now-news.de\/de\/#organization"},"potentialAction":[{"@type":"SearchAction","target":{"@type":"EntryPoint","urlTemplate":"https:\/\/now-news.de\/de\/?s={search_term_string}"},"query-input":"required name=search_term_string"}],"inLanguage":"de"},{"@type":"Organization","@id":"https:\/\/now-news.de\/de\/#organization","name":"Just Now News","url":"https:\/\/now-news.de\/de\/","logo":{"@type":"ImageObject","inLanguage":"de","@id":"https:\/\/now-news.de\/de\/#\/schema\/logo\/image\/","url":"http:\/\/just-now.news\/de\/wp-content\/uploads\/sites\/3\/2022\/04\/logo500x500.jpg","contentUrl":"http:\/\/just-now.news\/de\/wp-content\/uploads\/sites\/3\/2022\/04\/logo500x500.jpg","width":500,"height":500,"caption":"Just Now News"},"image":{"@id":"https:\/\/now-news.de\/de\/#\/schema\/logo\/image\/"},"sameAs":["https:\/\/www.facebook.com\/wirmachenauf","https:\/\/x.com\/WirMachenAuf_de"]},{"@type":"Person","@id":"https:\/\/now-news.de\/de\/#\/schema\/person\/fb534a4e865501d8b3285208df34a9b5","name":"rtnews","image":{"@type":"ImageObject","inLanguage":"de","@id":"https:\/\/now-news.de\/de\/#\/schema\/person\/image\/","url":"https:\/\/secure.gravatar.com\/avatar\/82aafea7d8127119dd649515f56e2117?s=96&d=mm&r=g","contentUrl":"https:\/\/secure.gravatar.com\/avatar\/82aafea7d8127119dd649515f56e2117?s=96&d=mm&r=g","caption":"rtnews"},"url":"https:\/\/now-news.de\/de\/author\/rnews\/"}]}},"_links":{"self":[{"href":"https:\/\/now-news.de\/de\/wp-json\/wp\/v2\/posts\/13042"}],"collection":[{"href":"https:\/\/now-news.de\/de\/wp-json\/wp\/v2\/posts"}],"about":[{"href":"https:\/\/now-news.de\/de\/wp-json\/wp\/v2\/types\/post"}],"author":[{"embeddable":true,"href":"https:\/\/now-news.de\/de\/wp-json\/wp\/v2\/users\/3"}],"replies":[{"embeddable":true,"href":"https:\/\/now-news.de\/de\/wp-json\/wp\/v2\/comments?post=13042"}],"version-history":[{"count":0,"href":"https:\/\/now-news.de\/de\/wp-json\/wp\/v2\/posts\/13042\/revisions"}],"wp:featuredmedia":[{"embeddable":true,"href":"https:\/\/now-news.de\/de\/wp-json\/wp\/v2\/media\/13043"}],"wp:attachment":[{"href":"https:\/\/now-news.de\/de\/wp-json\/wp\/v2\/media?parent=13042"}],"wp:term":[{"taxonomy":"category","embeddable":true,"href":"https:\/\/now-news.de\/de\/wp-json\/wp\/v2\/categories?post=13042"},{"taxonomy":"post_tag","embeddable":true,"href":"https:\/\/now-news.de\/de\/wp-json\/wp\/v2\/tags?post=13042"}],"curies":[{"name":"wp","href":"https:\/\/api.w.org\/{rel}","templated":true}]}}