{"id":12983,"date":"2022-07-06T15:51:30","date_gmt":"2022-07-06T13:51:30","guid":{"rendered":"http:\/\/just-now.news\/de\/deutschland\/bundeskanzler-scholz-bezeichnet-die-afd-als-partei-russlands\/"},"modified":"2022-07-06T15:51:30","modified_gmt":"2022-07-06T13:51:30","slug":"bundeskanzler-scholz-bezeichnet-die-afd-als-partei-russlands","status":"publish","type":"post","link":"https:\/\/now-news.de\/de\/deutschland\/bundeskanzler-scholz-bezeichnet-die-afd-als-partei-russlands\/","title":{"rendered":"Bundeskanzler Scholz bezeichnet die AfD als &quot;Partei Russlands&quot;"},"content":{"rendered":"<p><img decoding=\"async\" src=\"http:\/\/just-now.news\/de\/wp-content\/uploads\/sites\/3\/2022\/07\/62c58150b480cc729c7fe861.jpg\" \/><\/p>\n<div class=\"Text-root Text-type_1 \">\n                Bundeskanzler Olaf Scholz hat am Mittwoch w\u00e4hrend der Regierungsbefragung im Deutschen Bundestag die AfD als &#8220;rechtspopulistisch&#8221; und als &#8220;Partei Russlands&#8221; bezeichnet. Das Bundesverfassungsgericht hatte erst vor wenigen Wochen entschieden, dass sich ein Bundeskanzler bei amtlichen \u00c4u\u00dferungen nicht zu parteipolitischer Polemik hinrei\u00dfen lassen darf.\n            <\/div>\n<p><\/p>\n<div class=\"Text-root Text-type_5 ArticleView-text ViewText-root \">\n<p>Bundeskanzler Olaf Scholz hat die AfD als &#8220;Partei Russlands&#8221; bezeichnet. Er reagierte damit am Mittwoch im Bundestag in der Regierungsbefragung auf eine Frage des AfD-Abgeordneten Steffen Kotr\u00e9, der die Sanktionen gegen Russland als &#8220;nutzlos&#8221; bezeichnet und eine Inbetriebnahme der Gaspipeline Nord Stream 2 zwischen Russland und Deutschland gefordert hatte.<\/p>\n<p>Scholz kommentierte das mit den Worten:\u00a0<\/p>\n<blockquote>\n<p>&#8220;<em>Ich halte fest: Die AfD ist nicht nur eine rechtspopulistische Partei, sondern auch die Partei Russlands.<\/em>&#8220;<\/p>\n<\/blockquote>\n<div class=\"EmbedBlock-root EmbedBlock-twitter\">\n<div class=\"TwitterEmbed\">\n<blockquote class=\"twitter-tweet lazyload\" data-twitter=\"twitter-tweet\">\n<p lang=\"de\" dir=\"ltr\">\u201cIch halte fest: Die AfD ist nicht nur eine rechtspopulistische Partei, sondern auch die Partei Russlands.\u201c \u2013 Bundeskanzler Scholz auf die Aufforderung der AfD, wieder mehr mit Russland zu kooperieren. <a rel=\"nofollow noopener\" target=\"_blank\" href=\"https:\/\/t.co\/UD0ppsbpOD\">pic.twitter.com\/UD0ppsbpOD<\/a><\/p>\n<p>\u2014 Bericht aus Berlin (@ARD_BaB) <a rel=\"nofollow noopener\" target=\"_blank\" href=\"https:\/\/twitter.com\/ARD_BaB\/status\/1544667929710673920?ref_src=twsrc%5Etfw\">July 6, 2022<\/a><\/p><\/blockquote>\n<\/div>\n<\/div>\n<p>Scholz bekr\u00e4ftigte, dass Deutschland sich auf den Verzicht auf russisches \u00d6l und Gas vorbereite und daf\u00fcr auch die notwendige Infrastruktur errichte. Er sagte dazu:<\/p>\n<blockquote>\n<p>&#8220;<em>Das ist wirkliche Energiesicherheit f\u00fcr Deutschland im Sinne aller B\u00fcrgerinnen und B\u00fcrger<\/em>.&#8221;<\/p>\n<\/blockquote>\n<p>In der Regierungsbefragung stellen sich Kabinettsmitglieder 60 Minuten lang den Fragen der Abgeordneten. Dabei k\u00f6nnen Fragen zu allen Themen gestellt werden.<\/p>\n<p>Die AfD hatte in der Vergangenheit gegen \u00e4hnliche \u00c4u\u00dferungen der damaligen Bundeskanzlerin Angela Merkel vor dem Bundesverfassungsgericht (BVerfG) in Karlsruhe geklagt und Recht bekommen. Erst am 15. Juni dieses Jahres urteilte das BVerfG, dass Angela Merkel den Ausgang der Ministerpr\u00e4sidentenwahl im Th\u00fcringer Landtag, bei der der FDP-Politiker Kemmerich unter anderem mit Stimmen der AfD gew\u00e4hlt worden war, nicht als &#8220;unverzeihlich&#8221; und ein Ergebnis, das &#8220;r\u00fcckg\u00e4ngig gemacht werden m\u00fcsse&#8221; kommentieren durfte.\u00a0<\/p>\n<p>Dass Minister zu Neutralit\u00e4t verpflichtet sind, wenn sie sich in ihrer Funktion als Regierungsmitglied \u00f6ffentlich \u00e4u\u00dfern, ist st\u00e4ndige Rechtsprechung des BVerfG. Sie m\u00fcssen sich deshalb gegen\u00fcber allen Parteien grunds\u00e4tzlich neutral verhalten. Das gilt auch f\u00fcr eine Bundeskanzlerin oder einen Bundeskanzler, urteilte nun das Bundesverfassungsgericht. Etwas anderes gelte nur, wenn ein Regierungsmitglied nicht als Amtstr\u00e4ger, sondern eindeutig als Parteipolitiker auftrete, etwa im Wahlkampf. Damals habe Merkel aber als Kanzlerin Stellung bezogen.<\/p>\n<p>Wenn das Bundesverfassungsgericht bei seiner Meinung bleibt, d\u00fcrfte auch Scholz eine \u00e4hnliche Zurechtweisung aus Karlsruhe erwarten.<\/p>\n<p><strong>Mehr zum Thema<\/strong> \u2013 <a rel=\"nofollow noopener\" target=\"_blank\" href=\"https:\/\/de.rt.com\/inland\/141109-verfassungsgericht-merkel-ging-2020-mit-aeusserungen-zur-afd-zu-weit\/\">Verfassungsgericht: Merkel ging mit \u00c4u\u00dferungen \u00fcber Ministerpr\u00e4sidenten-Wahl in Th\u00fcringen zu weit<\/a><\/p>\n<\/div>\n<p><script async src=\"https:\/\/platform.twitter.com\/widgets.js\" charset=\"utf-8\"><\/script><br \/>\n<br \/><br \/>\n<br \/><a href=\"https:\/\/de.rt.com\/inland\/142833-bundeskanzler-scholz-bezeichnet-afd-als-partei-russlands\/\">Source link <\/a><\/p>\n","protected":false},"excerpt":{"rendered":"<p>Bundeskanzler Olaf Scholz hat am Mittwoch w\u00e4hrend der Regierungsbefragung im Deutschen Bundestag die AfD als &#8220;rechtspopulistisch&#8221; und als &#8220;Partei Russlands&#8221; bezeichnet. Das Bundesverfassungsgericht hatte erst vor wenigen Wochen entschieden, dass sich ein Bundeskanzler bei amtlichen \u00c4u\u00dferungen nicht zu parteipolitischer Polemik hinrei\u00dfen lassen darf. Bundeskanzler Olaf Scholz hat die AfD als &#8220;Partei Russlands&#8221; bezeichnet. Er reagierte [&hellip;]<\/p>\n","protected":false},"author":3,"featured_media":12984,"comment_status":"open","ping_status":"open","sticky":false,"template":"","format":"standard","meta":{"wp_automatic_camp":["217"],"d74a7e193892861cecc6c1b664a80387":["Bundeskanzler Scholz bezeichnet die AfD als &quot;Partei Russlands&quot;"],"original_link":["https:\/\/de.rt.com\/inland\/142833-bundeskanzler-scholz-bezeichnet-afd-als-partei-russlands\/"],"_thumbnail_id":["12984"],"jnews_social_counter_last_update":["1776978874"],"_wptg_p2tg_sent2tg":["2022-07-06 16:02:50"]},"categories":[19,23],"tags":[3815,273,7183,8976,45,27055,27056,1001],"yoast_head":"<!-- This site is optimized with the Yoast SEO Premium plugin v22.7 (Yoast SEO v22.7) - https:\/\/yoast.com\/wordpress\/plugins\/seo\/ -->\n<title>Bundeskanzler Scholz bezeichnet die AfD als &quot;Partei Russlands&quot; - just-now.NEWS Deutschland<\/title>\n<meta name=\"robots\" content=\"index, follow, max-snippet:-1, max-image-preview:large, max-video-preview:-1\" \/>\n<link rel=\"canonical\" href=\"https:\/\/now-news.de\/de\/deutschland\/bundeskanzler-scholz-bezeichnet-die-afd-als-partei-russlands\/\" \/>\n<meta property=\"og:locale\" content=\"de_DE\" \/>\n<meta property=\"og:type\" content=\"article\" \/>\n<meta property=\"og:title\" content=\"Bundeskanzler Scholz bezeichnet die AfD als &quot;Partei Russlands&quot;\" \/>\n<meta property=\"og:description\" content=\"Bundeskanzler Olaf Scholz hat am Mittwoch w\u00e4hrend der Regierungsbefragung im Deutschen Bundestag die AfD als &#8220;rechtspopulistisch&#8221; und als &#8220;Partei Russlands&#8221; bezeichnet. Das Bundesverfassungsgericht hatte erst vor wenigen Wochen entschieden, dass sich ein Bundeskanzler bei amtlichen \u00c4u\u00dferungen nicht zu parteipolitischer Polemik hinrei\u00dfen lassen darf. Bundeskanzler Olaf Scholz hat die AfD als &#8220;Partei Russlands&#8221; bezeichnet. Er reagierte [&hellip;]\" \/>\n<meta property=\"og:url\" content=\"https:\/\/now-news.de\/de\/deutschland\/bundeskanzler-scholz-bezeichnet-die-afd-als-partei-russlands\/\" \/>\n<meta property=\"og:site_name\" content=\"just-now.NEWS Deutschland\" \/>\n<meta property=\"article:publisher\" content=\"https:\/\/www.facebook.com\/wirmachenauf\" \/>\n<meta property=\"article:published_time\" content=\"2022-07-06T13:51:30+00:00\" \/>\n<meta property=\"og:image\" content=\"https:\/\/now-news.de\/de\/wp-content\/uploads\/sites\/3\/2022\/07\/Bundeskanzler-Scholz-bezeichnet-die-AfD-als-quotPartei-Russlandsquot.jpg\" \/>\n\t<meta property=\"og:image:width\" content=\"460\" \/>\n\t<meta property=\"og:image:height\" content=\"259\" \/>\n\t<meta property=\"og:image:type\" content=\"image\/jpeg\" \/>\n<meta name=\"author\" content=\"rtnews\" \/>\n<meta name=\"twitter:card\" content=\"summary_large_image\" \/>\n<meta name=\"twitter:creator\" content=\"@WirMachenAuf_de\" \/>\n<meta name=\"twitter:site\" content=\"@WirMachenAuf_de\" \/>\n<meta name=\"twitter:label1\" content=\"Verfasst von\" \/>\n\t<meta name=\"twitter:data1\" content=\"rtnews\" \/>\n\t<meta name=\"twitter:label2\" content=\"Gesch\u00e4tzte Lesezeit\" \/>\n\t<meta name=\"twitter:data2\" content=\"2\u00a0Minuten\" \/>\n<script type=\"application\/ld+json\" class=\"yoast-schema-graph\">{\"@context\":\"https:\/\/schema.org\",\"@graph\":[{\"@type\":\"Article\",\"@id\":\"https:\/\/now-news.de\/de\/deutschland\/bundeskanzler-scholz-bezeichnet-die-afd-als-partei-russlands\/#article\",\"isPartOf\":{\"@id\":\"https:\/\/now-news.de\/de\/deutschland\/bundeskanzler-scholz-bezeichnet-die-afd-als-partei-russlands\/\"},\"author\":{\"name\":\"rtnews\",\"@id\":\"https:\/\/now-news.de\/de\/#\/schema\/person\/fb534a4e865501d8b3285208df34a9b5\"},\"headline\":\"Bundeskanzler Scholz bezeichnet die AfD als &quot;Partei Russlands&quot;\",\"datePublished\":\"2022-07-06T13:51:30+00:00\",\"dateModified\":\"2022-07-06T13:51:30+00:00\",\"mainEntityOfPage\":{\"@id\":\"https:\/\/now-news.de\/de\/deutschland\/bundeskanzler-scholz-bezeichnet-die-afd-als-partei-russlands\/\"},\"wordCount\":419,\"commentCount\":0,\"publisher\":{\"@id\":\"https:\/\/now-news.de\/de\/#organization\"},\"image\":{\"@id\":\"https:\/\/now-news.de\/de\/deutschland\/bundeskanzler-scholz-bezeichnet-die-afd-als-partei-russlands\/#primaryimage\"},\"thumbnailUrl\":\"https:\/\/now-news.de\/de\/wp-content\/uploads\/sites\/3\/2022\/07\/Bundeskanzler-Scholz-bezeichnet-die-AfD-als-quotPartei-Russlandsquot.jpg\",\"keywords\":[\"AfD\",\"als\",\"bezeichnet\",\"Bundeskanzler\",\"die\",\"quotPartei\",\"Russlandsquot\",\"Scholz\"],\"articleSection\":[\"Deutschland\",\"Russland\"],\"inLanguage\":\"de\",\"potentialAction\":[{\"@type\":\"CommentAction\",\"name\":\"Comment\",\"target\":[\"https:\/\/now-news.de\/de\/deutschland\/bundeskanzler-scholz-bezeichnet-die-afd-als-partei-russlands\/#respond\"]}]},{\"@type\":\"WebPage\",\"@id\":\"https:\/\/now-news.de\/de\/deutschland\/bundeskanzler-scholz-bezeichnet-die-afd-als-partei-russlands\/\",\"url\":\"https:\/\/now-news.de\/de\/deutschland\/bundeskanzler-scholz-bezeichnet-die-afd-als-partei-russlands\/\",\"name\":\"Bundeskanzler Scholz bezeichnet die AfD als &quot;Partei Russlands&quot; - just-now.NEWS Deutschland\",\"isPartOf\":{\"@id\":\"https:\/\/now-news.de\/de\/#website\"},\"primaryImageOfPage\":{\"@id\":\"https:\/\/now-news.de\/de\/deutschland\/bundeskanzler-scholz-bezeichnet-die-afd-als-partei-russlands\/#primaryimage\"},\"image\":{\"@id\":\"https:\/\/now-news.de\/de\/deutschland\/bundeskanzler-scholz-bezeichnet-die-afd-als-partei-russlands\/#primaryimage\"},\"thumbnailUrl\":\"https:\/\/now-news.de\/de\/wp-content\/uploads\/sites\/3\/2022\/07\/Bundeskanzler-Scholz-bezeichnet-die-AfD-als-quotPartei-Russlandsquot.jpg\",\"datePublished\":\"2022-07-06T13:51:30+00:00\",\"dateModified\":\"2022-07-06T13:51:30+00:00\",\"breadcrumb\":{\"@id\":\"https:\/\/now-news.de\/de\/deutschland\/bundeskanzler-scholz-bezeichnet-die-afd-als-partei-russlands\/#breadcrumb\"},\"inLanguage\":\"de\",\"potentialAction\":[{\"@type\":\"ReadAction\",\"target\":[\"https:\/\/now-news.de\/de\/deutschland\/bundeskanzler-scholz-bezeichnet-die-afd-als-partei-russlands\/\"]}]},{\"@type\":\"ImageObject\",\"inLanguage\":\"de\",\"@id\":\"https:\/\/now-news.de\/de\/deutschland\/bundeskanzler-scholz-bezeichnet-die-afd-als-partei-russlands\/#primaryimage\",\"url\":\"https:\/\/now-news.de\/de\/wp-content\/uploads\/sites\/3\/2022\/07\/Bundeskanzler-Scholz-bezeichnet-die-AfD-als-quotPartei-Russlandsquot.jpg\",\"contentUrl\":\"https:\/\/now-news.de\/de\/wp-content\/uploads\/sites\/3\/2022\/07\/Bundeskanzler-Scholz-bezeichnet-die-AfD-als-quotPartei-Russlandsquot.jpg\",\"width\":460,\"height\":259,\"caption\":\"Bundeskanzler Scholz bezeichnet die AfD als &quot;Partei Russlands&quot;\"},{\"@type\":\"BreadcrumbList\",\"@id\":\"https:\/\/now-news.de\/de\/deutschland\/bundeskanzler-scholz-bezeichnet-die-afd-als-partei-russlands\/#breadcrumb\",\"itemListElement\":[{\"@type\":\"ListItem\",\"position\":1,\"name\":\"Home\",\"item\":\"https:\/\/now-news.de\/de\/\"},{\"@type\":\"ListItem\",\"position\":2,\"name\":\"Bundeskanzler Scholz bezeichnet die AfD als &quot;Partei Russlands&quot;\"}]},{\"@type\":\"WebSite\",\"@id\":\"https:\/\/now-news.de\/de\/#website\",\"url\":\"https:\/\/now-news.de\/de\/\",\"name\":\"just-now.NEWS Deutschland\",\"description\":\"Das Portal f\u00fcr unzensierte Nachrichten aus der Welt\",\"publisher\":{\"@id\":\"https:\/\/now-news.de\/de\/#organization\"},\"potentialAction\":[{\"@type\":\"SearchAction\",\"target\":{\"@type\":\"EntryPoint\",\"urlTemplate\":\"https:\/\/now-news.de\/de\/?s={search_term_string}\"},\"query-input\":\"required name=search_term_string\"}],\"inLanguage\":\"de\"},{\"@type\":\"Organization\",\"@id\":\"https:\/\/now-news.de\/de\/#organization\",\"name\":\"Just Now News\",\"url\":\"https:\/\/now-news.de\/de\/\",\"logo\":{\"@type\":\"ImageObject\",\"inLanguage\":\"de\",\"@id\":\"https:\/\/now-news.de\/de\/#\/schema\/logo\/image\/\",\"url\":\"http:\/\/just-now.news\/de\/wp-content\/uploads\/sites\/3\/2022\/04\/logo500x500.jpg\",\"contentUrl\":\"http:\/\/just-now.news\/de\/wp-content\/uploads\/sites\/3\/2022\/04\/logo500x500.jpg\",\"width\":500,\"height\":500,\"caption\":\"Just Now News\"},\"image\":{\"@id\":\"https:\/\/now-news.de\/de\/#\/schema\/logo\/image\/\"},\"sameAs\":[\"https:\/\/www.facebook.com\/wirmachenauf\",\"https:\/\/x.com\/WirMachenAuf_de\"]},{\"@type\":\"Person\",\"@id\":\"https:\/\/now-news.de\/de\/#\/schema\/person\/fb534a4e865501d8b3285208df34a9b5\",\"name\":\"rtnews\",\"image\":{\"@type\":\"ImageObject\",\"inLanguage\":\"de\",\"@id\":\"https:\/\/now-news.de\/de\/#\/schema\/person\/image\/\",\"url\":\"https:\/\/secure.gravatar.com\/avatar\/82aafea7d8127119dd649515f56e2117?s=96&d=mm&r=g\",\"contentUrl\":\"https:\/\/secure.gravatar.com\/avatar\/82aafea7d8127119dd649515f56e2117?s=96&d=mm&r=g\",\"caption\":\"rtnews\"},\"url\":\"https:\/\/now-news.de\/de\/author\/rnews\/\"}]}<\/script>\n<!-- \/ Yoast SEO Premium plugin. -->","yoast_head_json":{"title":"Bundeskanzler Scholz bezeichnet die AfD als &quot;Partei Russlands&quot; - just-now.NEWS Deutschland","robots":{"index":"index","follow":"follow","max-snippet":"max-snippet:-1","max-image-preview":"max-image-preview:large","max-video-preview":"max-video-preview:-1"},"canonical":"https:\/\/now-news.de\/de\/deutschland\/bundeskanzler-scholz-bezeichnet-die-afd-als-partei-russlands\/","og_locale":"de_DE","og_type":"article","og_title":"Bundeskanzler Scholz bezeichnet die AfD als &quot;Partei Russlands&quot;","og_description":"Bundeskanzler Olaf Scholz hat am Mittwoch w\u00e4hrend der Regierungsbefragung im Deutschen Bundestag die AfD als &#8220;rechtspopulistisch&#8221; und als &#8220;Partei Russlands&#8221; bezeichnet. Das Bundesverfassungsgericht hatte erst vor wenigen Wochen entschieden, dass sich ein Bundeskanzler bei amtlichen \u00c4u\u00dferungen nicht zu parteipolitischer Polemik hinrei\u00dfen lassen darf. Bundeskanzler Olaf Scholz hat die AfD als &#8220;Partei Russlands&#8221; bezeichnet. Er reagierte [&hellip;]","og_url":"https:\/\/now-news.de\/de\/deutschland\/bundeskanzler-scholz-bezeichnet-die-afd-als-partei-russlands\/","og_site_name":"just-now.NEWS Deutschland","article_publisher":"https:\/\/www.facebook.com\/wirmachenauf","article_published_time":"2022-07-06T13:51:30+00:00","og_image":[{"width":460,"height":259,"url":"https:\/\/now-news.de\/de\/wp-content\/uploads\/sites\/3\/2022\/07\/Bundeskanzler-Scholz-bezeichnet-die-AfD-als-quotPartei-Russlandsquot.jpg","type":"image\/jpeg"}],"author":"rtnews","twitter_card":"summary_large_image","twitter_creator":"@WirMachenAuf_de","twitter_site":"@WirMachenAuf_de","twitter_misc":{"Verfasst von":"rtnews","Gesch\u00e4tzte Lesezeit":"2\u00a0Minuten"},"schema":{"@context":"https:\/\/schema.org","@graph":[{"@type":"Article","@id":"https:\/\/now-news.de\/de\/deutschland\/bundeskanzler-scholz-bezeichnet-die-afd-als-partei-russlands\/#article","isPartOf":{"@id":"https:\/\/now-news.de\/de\/deutschland\/bundeskanzler-scholz-bezeichnet-die-afd-als-partei-russlands\/"},"author":{"name":"rtnews","@id":"https:\/\/now-news.de\/de\/#\/schema\/person\/fb534a4e865501d8b3285208df34a9b5"},"headline":"Bundeskanzler Scholz bezeichnet die AfD als &quot;Partei Russlands&quot;","datePublished":"2022-07-06T13:51:30+00:00","dateModified":"2022-07-06T13:51:30+00:00","mainEntityOfPage":{"@id":"https:\/\/now-news.de\/de\/deutschland\/bundeskanzler-scholz-bezeichnet-die-afd-als-partei-russlands\/"},"wordCount":419,"commentCount":0,"publisher":{"@id":"https:\/\/now-news.de\/de\/#organization"},"image":{"@id":"https:\/\/now-news.de\/de\/deutschland\/bundeskanzler-scholz-bezeichnet-die-afd-als-partei-russlands\/#primaryimage"},"thumbnailUrl":"https:\/\/now-news.de\/de\/wp-content\/uploads\/sites\/3\/2022\/07\/Bundeskanzler-Scholz-bezeichnet-die-AfD-als-quotPartei-Russlandsquot.jpg","keywords":["AfD","als","bezeichnet","Bundeskanzler","die","quotPartei","Russlandsquot","Scholz"],"articleSection":["Deutschland","Russland"],"inLanguage":"de","potentialAction":[{"@type":"CommentAction","name":"Comment","target":["https:\/\/now-news.de\/de\/deutschland\/bundeskanzler-scholz-bezeichnet-die-afd-als-partei-russlands\/#respond"]}]},{"@type":"WebPage","@id":"https:\/\/now-news.de\/de\/deutschland\/bundeskanzler-scholz-bezeichnet-die-afd-als-partei-russlands\/","url":"https:\/\/now-news.de\/de\/deutschland\/bundeskanzler-scholz-bezeichnet-die-afd-als-partei-russlands\/","name":"Bundeskanzler Scholz bezeichnet die AfD als &quot;Partei Russlands&quot; - just-now.NEWS Deutschland","isPartOf":{"@id":"https:\/\/now-news.de\/de\/#website"},"primaryImageOfPage":{"@id":"https:\/\/now-news.de\/de\/deutschland\/bundeskanzler-scholz-bezeichnet-die-afd-als-partei-russlands\/#primaryimage"},"image":{"@id":"https:\/\/now-news.de\/de\/deutschland\/bundeskanzler-scholz-bezeichnet-die-afd-als-partei-russlands\/#primaryimage"},"thumbnailUrl":"https:\/\/now-news.de\/de\/wp-content\/uploads\/sites\/3\/2022\/07\/Bundeskanzler-Scholz-bezeichnet-die-AfD-als-quotPartei-Russlandsquot.jpg","datePublished":"2022-07-06T13:51:30+00:00","dateModified":"2022-07-06T13:51:30+00:00","breadcrumb":{"@id":"https:\/\/now-news.de\/de\/deutschland\/bundeskanzler-scholz-bezeichnet-die-afd-als-partei-russlands\/#breadcrumb"},"inLanguage":"de","potentialAction":[{"@type":"ReadAction","target":["https:\/\/now-news.de\/de\/deutschland\/bundeskanzler-scholz-bezeichnet-die-afd-als-partei-russlands\/"]}]},{"@type":"ImageObject","inLanguage":"de","@id":"https:\/\/now-news.de\/de\/deutschland\/bundeskanzler-scholz-bezeichnet-die-afd-als-partei-russlands\/#primaryimage","url":"https:\/\/now-news.de\/de\/wp-content\/uploads\/sites\/3\/2022\/07\/Bundeskanzler-Scholz-bezeichnet-die-AfD-als-quotPartei-Russlandsquot.jpg","contentUrl":"https:\/\/now-news.de\/de\/wp-content\/uploads\/sites\/3\/2022\/07\/Bundeskanzler-Scholz-bezeichnet-die-AfD-als-quotPartei-Russlandsquot.jpg","width":460,"height":259,"caption":"Bundeskanzler Scholz bezeichnet die AfD als &quot;Partei Russlands&quot;"},{"@type":"BreadcrumbList","@id":"https:\/\/now-news.de\/de\/deutschland\/bundeskanzler-scholz-bezeichnet-die-afd-als-partei-russlands\/#breadcrumb","itemListElement":[{"@type":"ListItem","position":1,"name":"Home","item":"https:\/\/now-news.de\/de\/"},{"@type":"ListItem","position":2,"name":"Bundeskanzler Scholz bezeichnet die AfD als &quot;Partei Russlands&quot;"}]},{"@type":"WebSite","@id":"https:\/\/now-news.de\/de\/#website","url":"https:\/\/now-news.de\/de\/","name":"just-now.NEWS Deutschland","description":"Das Portal f\u00fcr unzensierte Nachrichten aus der Welt","publisher":{"@id":"https:\/\/now-news.de\/de\/#organization"},"potentialAction":[{"@type":"SearchAction","target":{"@type":"EntryPoint","urlTemplate":"https:\/\/now-news.de\/de\/?s={search_term_string}"},"query-input":"required name=search_term_string"}],"inLanguage":"de"},{"@type":"Organization","@id":"https:\/\/now-news.de\/de\/#organization","name":"Just Now News","url":"https:\/\/now-news.de\/de\/","logo":{"@type":"ImageObject","inLanguage":"de","@id":"https:\/\/now-news.de\/de\/#\/schema\/logo\/image\/","url":"http:\/\/just-now.news\/de\/wp-content\/uploads\/sites\/3\/2022\/04\/logo500x500.jpg","contentUrl":"http:\/\/just-now.news\/de\/wp-content\/uploads\/sites\/3\/2022\/04\/logo500x500.jpg","width":500,"height":500,"caption":"Just Now News"},"image":{"@id":"https:\/\/now-news.de\/de\/#\/schema\/logo\/image\/"},"sameAs":["https:\/\/www.facebook.com\/wirmachenauf","https:\/\/x.com\/WirMachenAuf_de"]},{"@type":"Person","@id":"https:\/\/now-news.de\/de\/#\/schema\/person\/fb534a4e865501d8b3285208df34a9b5","name":"rtnews","image":{"@type":"ImageObject","inLanguage":"de","@id":"https:\/\/now-news.de\/de\/#\/schema\/person\/image\/","url":"https:\/\/secure.gravatar.com\/avatar\/82aafea7d8127119dd649515f56e2117?s=96&d=mm&r=g","contentUrl":"https:\/\/secure.gravatar.com\/avatar\/82aafea7d8127119dd649515f56e2117?s=96&d=mm&r=g","caption":"rtnews"},"url":"https:\/\/now-news.de\/de\/author\/rnews\/"}]}},"_links":{"self":[{"href":"https:\/\/now-news.de\/de\/wp-json\/wp\/v2\/posts\/12983"}],"collection":[{"href":"https:\/\/now-news.de\/de\/wp-json\/wp\/v2\/posts"}],"about":[{"href":"https:\/\/now-news.de\/de\/wp-json\/wp\/v2\/types\/post"}],"author":[{"embeddable":true,"href":"https:\/\/now-news.de\/de\/wp-json\/wp\/v2\/users\/3"}],"replies":[{"embeddable":true,"href":"https:\/\/now-news.de\/de\/wp-json\/wp\/v2\/comments?post=12983"}],"version-history":[{"count":0,"href":"https:\/\/now-news.de\/de\/wp-json\/wp\/v2\/posts\/12983\/revisions"}],"wp:featuredmedia":[{"embeddable":true,"href":"https:\/\/now-news.de\/de\/wp-json\/wp\/v2\/media\/12984"}],"wp:attachment":[{"href":"https:\/\/now-news.de\/de\/wp-json\/wp\/v2\/media?parent=12983"}],"wp:term":[{"taxonomy":"category","embeddable":true,"href":"https:\/\/now-news.de\/de\/wp-json\/wp\/v2\/categories?post=12983"},{"taxonomy":"post_tag","embeddable":true,"href":"https:\/\/now-news.de\/de\/wp-json\/wp\/v2\/tags?post=12983"}],"curies":[{"name":"wp","href":"https:\/\/api.w.org\/{rel}","templated":true}]}}