{"id":12954,"date":"2022-07-06T07:27:30","date_gmt":"2022-07-06T05:27:30","guid":{"rendered":"http:\/\/just-now.news\/de\/deutschland\/duma-chef-laesst-aufkuendigung-des-russisch-norwegischen-abkommens-ueber-seegrenzen-eroertern\/"},"modified":"2022-07-06T07:27:30","modified_gmt":"2022-07-06T05:27:30","slug":"duma-chef-laesst-aufkuendigung-des-russisch-norwegischen-abkommens-ueber-seegrenzen-eroertern","status":"publish","type":"post","link":"https:\/\/now-news.de\/de\/deutschland\/duma-chef-laesst-aufkuendigung-des-russisch-norwegischen-abkommens-ueber-seegrenzen-eroertern\/","title":{"rendered":"Duma-Chef l\u00e4sst Aufk\u00fcndigung des russisch-norwegischen Abkommens \u00fcber Seegrenzen er\u00f6rtern"},"content":{"rendered":"<p><img decoding=\"async\" src=\"http:\/\/just-now.news\/de\/wp-content\/uploads\/sites\/3\/2022\/07\/62c43e48b480cc532e00427d.jpg\" \/><\/p>\n<div class=\"Text-root Text-type_1 \">\n                Angesichts der akuten Spannungen mit dem Westen wird jetzt in Russland die M\u00f6glichkeit gepr\u00fcft, das russisch-norwegische Abkommen \u00fcber die Seegrenzen aufzuk\u00fcndigen. Der Ausl\u00f6ser ist die Weigerung des K\u00f6nigreichs, Lieferungen aus Russland nach Spitzbergen durchzulassen.\n            <\/div>\n<p><\/p>\n<div class=\"Text-root Text-type_5 ArticleView-text ViewText-root \">\n<p>Am Dienstag hat der Duma-Abgeordnete Michail Matwejew bei der Sitzung des russischen Unterhauses das angespannte Verh\u00e4ltnis zwischen Moskau und Oslo thematisiert. Der Kommunist verwies auf die j\u00fcngste Weigerung Norwegens, Lebensmittellieferungen f\u00fcr Einwohner der russischen Bergbausiedlungen auf der norwegischen Inselgruppe Spitzbergen durchzulassen. In diesem Zusammenhang erinnerte Matwejew die Parlamentarier an das russisch-norwegische Abkommen \u00fcber die Abgrenzung von Meeresr\u00e4umen sowie die Zusammenarbeit in der Barentssee und im Arktischen Ozean, das vom Unterhaus des russischen Parlaments im Jahr 2010 ratifiziert worden war.<\/p>\n<p>Matwejew zufolge hatte Russland dem NATO-Land damals 175.000 Quadratkilometer in der Barentssee abgetreten. Das Abkommen h\u00e4tte die Zusammenarbeit der beiden Arktisstaaten positiv beeinflussen sollen. \u00a0\u00a0<\/p>\n<blockquote>\n<p><em>&#8220;Heute sehen wir, wie das K\u00f6nigreich Norwegen uns daran hindert, Lebensmittel in unsere Siedlungen auf Spitzbergen zu liefern.&#8221;<\/em><\/p>\n<\/blockquote>\n<p>Nach dieser Rede beauftragte der Duma-Vorsitzende Wjatscheslaw Wolodin den Leiter des Au\u00dfenausschusses Leonid Sluzki, sich mit der Angelegenheit\u00a0auseinanderzusetzen und das Unterhaus \u00fcber die Angelegenheit zu informieren.<\/p>\n<p>Am 28. Juni hatte Norwegen Russlands Antrag auf den Transit von Lebensmitteln f\u00fcr die russischen Bergwerksiedlungen auf Spitzbergen abgelehnt. Der russische Generalkonsul auf der norwegischen Inselgruppe, Sergei Guschtschin, erkl\u00e4rte damals, dass die norwegischen Beh\u00f6rden wahrscheinlich nicht alle Konsequenzen dieses Schrittes durchkalkuliert h\u00e4tten.<\/p>\n<p>Laut dem im Jahr 1920 in Paris abgeschlossenen Spitzbergenvertrag geh\u00f6rt die Inselgruppe dem K\u00f6nigreich Norwegen. Gleichzeitig garantiert das Dokument allen B\u00fcrgern der Vertragsstaaten gleiche Rechte auf Arbeit, Handel und Schifffahrt im Gebiet Spitzbergens. Zu den Vertragsstaaten geh\u00f6rt auch Russland als Nachfolger der UdSSR.<\/p>\n<p><strong>Mehr zum Thema<\/strong> &#8211; <a rel=\"nofollow noopener\" target=\"_blank\" href=\"https:\/\/de.rt.com\/europa\/141972-litauen-halt-an-transitverbot-nach\/\">&#8220;Keine Korridore, keine Beschwichtigung&#8221;: Litauen h\u00e4lt an Transitblockade nach Kaliningrad fest<\/a><\/p>\n<\/div>\n<p><br \/>\n<br \/><a href=\"https:\/\/de.rt.com\/europa\/142731-duma-chef-laesst-aufkuendigung-russisch-norwegischen-abkommens-ueber-seegrenzen-eroertern\/\">Source link <\/a><\/p>\n","protected":false},"excerpt":{"rendered":"<p>Angesichts der akuten Spannungen mit dem Westen wird jetzt in Russland die M\u00f6glichkeit gepr\u00fcft, das russisch-norwegische Abkommen \u00fcber die Seegrenzen aufzuk\u00fcndigen. Der Ausl\u00f6ser ist die Weigerung des K\u00f6nigreichs, Lieferungen aus Russland nach Spitzbergen durchzulassen. Am Dienstag hat der Duma-Abgeordnete Michail Matwejew bei der Sitzung des russischen Unterhauses das angespannte Verh\u00e4ltnis zwischen Moskau und Oslo thematisiert. [&hellip;]<\/p>\n","protected":false},"author":3,"featured_media":12955,"comment_status":"open","ping_status":"open","sticky":false,"template":"","format":"standard","meta":{"wp_automatic_camp":["217"],"682a345a5ebc53dc91c1f502824d535c":["Duma-Chef l\u00e4sst Aufk\u00fcndigung des russisch-norwegischen Abkommens \u00fcber Seegrenzen er\u00f6rtern"],"original_link":["https:\/\/de.rt.com\/europa\/142731-duma-chef-laesst-aufkuendigung-russisch-norwegischen-abkommens-ueber-seegrenzen-eroertern\/"],"_thumbnail_id":["12955"],"_wptg_p2tg_sent2tg":["2022-07-06 07:41:55"],"jnews_social_counter_last_update":["1777704939"]},"categories":[19,23],"tags":[27019,27017,583,27016,27021,1545,27018,27020,139],"yoast_head":"<!-- This site is optimized with the Yoast SEO Premium plugin v22.7 (Yoast SEO v22.7) - https:\/\/yoast.com\/wordpress\/plugins\/seo\/ -->\n<title>Duma-Chef l\u00e4sst Aufk\u00fcndigung des russisch-norwegischen Abkommens \u00fcber Seegrenzen er\u00f6rtern - just-now.NEWS Deutschland<\/title>\n<meta name=\"robots\" content=\"index, follow, max-snippet:-1, max-image-preview:large, max-video-preview:-1\" \/>\n<link rel=\"canonical\" href=\"https:\/\/now-news.de\/de\/deutschland\/duma-chef-laesst-aufkuendigung-des-russisch-norwegischen-abkommens-ueber-seegrenzen-eroertern\/\" \/>\n<meta property=\"og:locale\" content=\"de_DE\" \/>\n<meta property=\"og:type\" content=\"article\" \/>\n<meta property=\"og:title\" content=\"Duma-Chef l\u00e4sst Aufk\u00fcndigung des russisch-norwegischen Abkommens \u00fcber Seegrenzen er\u00f6rtern\" \/>\n<meta property=\"og:description\" content=\"Angesichts der akuten Spannungen mit dem Westen wird jetzt in Russland die M\u00f6glichkeit gepr\u00fcft, das russisch-norwegische Abkommen \u00fcber die Seegrenzen aufzuk\u00fcndigen. Der Ausl\u00f6ser ist die Weigerung des K\u00f6nigreichs, Lieferungen aus Russland nach Spitzbergen durchzulassen. Am Dienstag hat der Duma-Abgeordnete Michail Matwejew bei der Sitzung des russischen Unterhauses das angespannte Verh\u00e4ltnis zwischen Moskau und Oslo thematisiert. [&hellip;]\" \/>\n<meta property=\"og:url\" content=\"https:\/\/now-news.de\/de\/deutschland\/duma-chef-laesst-aufkuendigung-des-russisch-norwegischen-abkommens-ueber-seegrenzen-eroertern\/\" \/>\n<meta property=\"og:site_name\" content=\"just-now.NEWS Deutschland\" \/>\n<meta property=\"article:publisher\" content=\"https:\/\/www.facebook.com\/wirmachenauf\" \/>\n<meta property=\"article:published_time\" content=\"2022-07-06T05:27:30+00:00\" \/>\n<meta property=\"og:image\" content=\"https:\/\/now-news.de\/de\/wp-content\/uploads\/sites\/3\/2022\/07\/Duma-Chef-laesst-Aufkuendigung-des-russisch-norwegischen-Abkommens-ueber-Seegrenzen-eroertern.jpg\" \/>\n\t<meta property=\"og:image:width\" content=\"460\" \/>\n\t<meta property=\"og:image:height\" content=\"259\" \/>\n\t<meta property=\"og:image:type\" content=\"image\/jpeg\" \/>\n<meta name=\"author\" content=\"rtnews\" \/>\n<meta name=\"twitter:card\" content=\"summary_large_image\" \/>\n<meta name=\"twitter:creator\" content=\"@WirMachenAuf_de\" \/>\n<meta name=\"twitter:site\" content=\"@WirMachenAuf_de\" \/>\n<meta name=\"twitter:label1\" content=\"Verfasst von\" \/>\n\t<meta name=\"twitter:data1\" content=\"rtnews\" \/>\n\t<meta name=\"twitter:label2\" content=\"Gesch\u00e4tzte Lesezeit\" \/>\n\t<meta name=\"twitter:data2\" content=\"2\u00a0Minuten\" \/>\n<script type=\"application\/ld+json\" class=\"yoast-schema-graph\">{\"@context\":\"https:\/\/schema.org\",\"@graph\":[{\"@type\":\"Article\",\"@id\":\"https:\/\/now-news.de\/de\/deutschland\/duma-chef-laesst-aufkuendigung-des-russisch-norwegischen-abkommens-ueber-seegrenzen-eroertern\/#article\",\"isPartOf\":{\"@id\":\"https:\/\/now-news.de\/de\/deutschland\/duma-chef-laesst-aufkuendigung-des-russisch-norwegischen-abkommens-ueber-seegrenzen-eroertern\/\"},\"author\":{\"name\":\"rtnews\",\"@id\":\"https:\/\/now-news.de\/de\/#\/schema\/person\/fb534a4e865501d8b3285208df34a9b5\"},\"headline\":\"Duma-Chef l\u00e4sst Aufk\u00fcndigung des russisch-norwegischen Abkommens \u00fcber Seegrenzen er\u00f6rtern\",\"datePublished\":\"2022-07-06T05:27:30+00:00\",\"dateModified\":\"2022-07-06T05:27:30+00:00\",\"mainEntityOfPage\":{\"@id\":\"https:\/\/now-news.de\/de\/deutschland\/duma-chef-laesst-aufkuendigung-des-russisch-norwegischen-abkommens-ueber-seegrenzen-eroertern\/\"},\"wordCount\":314,\"commentCount\":0,\"publisher\":{\"@id\":\"https:\/\/now-news.de\/de\/#organization\"},\"image\":{\"@id\":\"https:\/\/now-news.de\/de\/deutschland\/duma-chef-laesst-aufkuendigung-des-russisch-norwegischen-abkommens-ueber-seegrenzen-eroertern\/#primaryimage\"},\"thumbnailUrl\":\"https:\/\/now-news.de\/de\/wp-content\/uploads\/sites\/3\/2022\/07\/Duma-Chef-laesst-Aufkuendigung-des-russisch-norwegischen-Abkommens-ueber-Seegrenzen-eroertern.jpg\",\"keywords\":[\"Abkommens\",\"Aufk\u00fcndigung\",\"des\",\"DumaChef\",\"er\u00f6rtern\",\"l\u00e4sst\",\"russischnorwegischen\",\"Seegrenzen\",\"\u00fcber\"],\"articleSection\":[\"Deutschland\",\"Russland\"],\"inLanguage\":\"de\",\"potentialAction\":[{\"@type\":\"CommentAction\",\"name\":\"Comment\",\"target\":[\"https:\/\/now-news.de\/de\/deutschland\/duma-chef-laesst-aufkuendigung-des-russisch-norwegischen-abkommens-ueber-seegrenzen-eroertern\/#respond\"]}]},{\"@type\":\"WebPage\",\"@id\":\"https:\/\/now-news.de\/de\/deutschland\/duma-chef-laesst-aufkuendigung-des-russisch-norwegischen-abkommens-ueber-seegrenzen-eroertern\/\",\"url\":\"https:\/\/now-news.de\/de\/deutschland\/duma-chef-laesst-aufkuendigung-des-russisch-norwegischen-abkommens-ueber-seegrenzen-eroertern\/\",\"name\":\"Duma-Chef l\u00e4sst Aufk\u00fcndigung des russisch-norwegischen Abkommens \u00fcber Seegrenzen er\u00f6rtern - just-now.NEWS Deutschland\",\"isPartOf\":{\"@id\":\"https:\/\/now-news.de\/de\/#website\"},\"primaryImageOfPage\":{\"@id\":\"https:\/\/now-news.de\/de\/deutschland\/duma-chef-laesst-aufkuendigung-des-russisch-norwegischen-abkommens-ueber-seegrenzen-eroertern\/#primaryimage\"},\"image\":{\"@id\":\"https:\/\/now-news.de\/de\/deutschland\/duma-chef-laesst-aufkuendigung-des-russisch-norwegischen-abkommens-ueber-seegrenzen-eroertern\/#primaryimage\"},\"thumbnailUrl\":\"https:\/\/now-news.de\/de\/wp-content\/uploads\/sites\/3\/2022\/07\/Duma-Chef-laesst-Aufkuendigung-des-russisch-norwegischen-Abkommens-ueber-Seegrenzen-eroertern.jpg\",\"datePublished\":\"2022-07-06T05:27:30+00:00\",\"dateModified\":\"2022-07-06T05:27:30+00:00\",\"breadcrumb\":{\"@id\":\"https:\/\/now-news.de\/de\/deutschland\/duma-chef-laesst-aufkuendigung-des-russisch-norwegischen-abkommens-ueber-seegrenzen-eroertern\/#breadcrumb\"},\"inLanguage\":\"de\",\"potentialAction\":[{\"@type\":\"ReadAction\",\"target\":[\"https:\/\/now-news.de\/de\/deutschland\/duma-chef-laesst-aufkuendigung-des-russisch-norwegischen-abkommens-ueber-seegrenzen-eroertern\/\"]}]},{\"@type\":\"ImageObject\",\"inLanguage\":\"de\",\"@id\":\"https:\/\/now-news.de\/de\/deutschland\/duma-chef-laesst-aufkuendigung-des-russisch-norwegischen-abkommens-ueber-seegrenzen-eroertern\/#primaryimage\",\"url\":\"https:\/\/now-news.de\/de\/wp-content\/uploads\/sites\/3\/2022\/07\/Duma-Chef-laesst-Aufkuendigung-des-russisch-norwegischen-Abkommens-ueber-Seegrenzen-eroertern.jpg\",\"contentUrl\":\"https:\/\/now-news.de\/de\/wp-content\/uploads\/sites\/3\/2022\/07\/Duma-Chef-laesst-Aufkuendigung-des-russisch-norwegischen-Abkommens-ueber-Seegrenzen-eroertern.jpg\",\"width\":460,\"height\":259,\"caption\":\"Duma-Chef l\u00e4sst Aufk\u00fcndigung des russisch-norwegischen Abkommens \u00fcber Seegrenzen er\u00f6rtern\"},{\"@type\":\"BreadcrumbList\",\"@id\":\"https:\/\/now-news.de\/de\/deutschland\/duma-chef-laesst-aufkuendigung-des-russisch-norwegischen-abkommens-ueber-seegrenzen-eroertern\/#breadcrumb\",\"itemListElement\":[{\"@type\":\"ListItem\",\"position\":1,\"name\":\"Home\",\"item\":\"https:\/\/now-news.de\/de\/\"},{\"@type\":\"ListItem\",\"position\":2,\"name\":\"Duma-Chef l\u00e4sst Aufk\u00fcndigung des russisch-norwegischen Abkommens \u00fcber Seegrenzen er\u00f6rtern\"}]},{\"@type\":\"WebSite\",\"@id\":\"https:\/\/now-news.de\/de\/#website\",\"url\":\"https:\/\/now-news.de\/de\/\",\"name\":\"just-now.NEWS Deutschland\",\"description\":\"Das Portal f\u00fcr unzensierte Nachrichten aus der Welt\",\"publisher\":{\"@id\":\"https:\/\/now-news.de\/de\/#organization\"},\"potentialAction\":[{\"@type\":\"SearchAction\",\"target\":{\"@type\":\"EntryPoint\",\"urlTemplate\":\"https:\/\/now-news.de\/de\/?s={search_term_string}\"},\"query-input\":\"required name=search_term_string\"}],\"inLanguage\":\"de\"},{\"@type\":\"Organization\",\"@id\":\"https:\/\/now-news.de\/de\/#organization\",\"name\":\"Just Now News\",\"url\":\"https:\/\/now-news.de\/de\/\",\"logo\":{\"@type\":\"ImageObject\",\"inLanguage\":\"de\",\"@id\":\"https:\/\/now-news.de\/de\/#\/schema\/logo\/image\/\",\"url\":\"http:\/\/just-now.news\/de\/wp-content\/uploads\/sites\/3\/2022\/04\/logo500x500.jpg\",\"contentUrl\":\"http:\/\/just-now.news\/de\/wp-content\/uploads\/sites\/3\/2022\/04\/logo500x500.jpg\",\"width\":500,\"height\":500,\"caption\":\"Just Now News\"},\"image\":{\"@id\":\"https:\/\/now-news.de\/de\/#\/schema\/logo\/image\/\"},\"sameAs\":[\"https:\/\/www.facebook.com\/wirmachenauf\",\"https:\/\/x.com\/WirMachenAuf_de\"]},{\"@type\":\"Person\",\"@id\":\"https:\/\/now-news.de\/de\/#\/schema\/person\/fb534a4e865501d8b3285208df34a9b5\",\"name\":\"rtnews\",\"image\":{\"@type\":\"ImageObject\",\"inLanguage\":\"de\",\"@id\":\"https:\/\/now-news.de\/de\/#\/schema\/person\/image\/\",\"url\":\"https:\/\/secure.gravatar.com\/avatar\/82aafea7d8127119dd649515f56e2117?s=96&d=mm&r=g\",\"contentUrl\":\"https:\/\/secure.gravatar.com\/avatar\/82aafea7d8127119dd649515f56e2117?s=96&d=mm&r=g\",\"caption\":\"rtnews\"},\"url\":\"https:\/\/now-news.de\/de\/author\/rnews\/\"}]}<\/script>\n<!-- \/ Yoast SEO Premium plugin. -->","yoast_head_json":{"title":"Duma-Chef l\u00e4sst Aufk\u00fcndigung des russisch-norwegischen Abkommens \u00fcber Seegrenzen er\u00f6rtern - just-now.NEWS Deutschland","robots":{"index":"index","follow":"follow","max-snippet":"max-snippet:-1","max-image-preview":"max-image-preview:large","max-video-preview":"max-video-preview:-1"},"canonical":"https:\/\/now-news.de\/de\/deutschland\/duma-chef-laesst-aufkuendigung-des-russisch-norwegischen-abkommens-ueber-seegrenzen-eroertern\/","og_locale":"de_DE","og_type":"article","og_title":"Duma-Chef l\u00e4sst Aufk\u00fcndigung des russisch-norwegischen Abkommens \u00fcber Seegrenzen er\u00f6rtern","og_description":"Angesichts der akuten Spannungen mit dem Westen wird jetzt in Russland die M\u00f6glichkeit gepr\u00fcft, das russisch-norwegische Abkommen \u00fcber die Seegrenzen aufzuk\u00fcndigen. Der Ausl\u00f6ser ist die Weigerung des K\u00f6nigreichs, Lieferungen aus Russland nach Spitzbergen durchzulassen. Am Dienstag hat der Duma-Abgeordnete Michail Matwejew bei der Sitzung des russischen Unterhauses das angespannte Verh\u00e4ltnis zwischen Moskau und Oslo thematisiert. [&hellip;]","og_url":"https:\/\/now-news.de\/de\/deutschland\/duma-chef-laesst-aufkuendigung-des-russisch-norwegischen-abkommens-ueber-seegrenzen-eroertern\/","og_site_name":"just-now.NEWS Deutschland","article_publisher":"https:\/\/www.facebook.com\/wirmachenauf","article_published_time":"2022-07-06T05:27:30+00:00","og_image":[{"width":460,"height":259,"url":"https:\/\/now-news.de\/de\/wp-content\/uploads\/sites\/3\/2022\/07\/Duma-Chef-laesst-Aufkuendigung-des-russisch-norwegischen-Abkommens-ueber-Seegrenzen-eroertern.jpg","type":"image\/jpeg"}],"author":"rtnews","twitter_card":"summary_large_image","twitter_creator":"@WirMachenAuf_de","twitter_site":"@WirMachenAuf_de","twitter_misc":{"Verfasst von":"rtnews","Gesch\u00e4tzte Lesezeit":"2\u00a0Minuten"},"schema":{"@context":"https:\/\/schema.org","@graph":[{"@type":"Article","@id":"https:\/\/now-news.de\/de\/deutschland\/duma-chef-laesst-aufkuendigung-des-russisch-norwegischen-abkommens-ueber-seegrenzen-eroertern\/#article","isPartOf":{"@id":"https:\/\/now-news.de\/de\/deutschland\/duma-chef-laesst-aufkuendigung-des-russisch-norwegischen-abkommens-ueber-seegrenzen-eroertern\/"},"author":{"name":"rtnews","@id":"https:\/\/now-news.de\/de\/#\/schema\/person\/fb534a4e865501d8b3285208df34a9b5"},"headline":"Duma-Chef l\u00e4sst Aufk\u00fcndigung des russisch-norwegischen Abkommens \u00fcber Seegrenzen er\u00f6rtern","datePublished":"2022-07-06T05:27:30+00:00","dateModified":"2022-07-06T05:27:30+00:00","mainEntityOfPage":{"@id":"https:\/\/now-news.de\/de\/deutschland\/duma-chef-laesst-aufkuendigung-des-russisch-norwegischen-abkommens-ueber-seegrenzen-eroertern\/"},"wordCount":314,"commentCount":0,"publisher":{"@id":"https:\/\/now-news.de\/de\/#organization"},"image":{"@id":"https:\/\/now-news.de\/de\/deutschland\/duma-chef-laesst-aufkuendigung-des-russisch-norwegischen-abkommens-ueber-seegrenzen-eroertern\/#primaryimage"},"thumbnailUrl":"https:\/\/now-news.de\/de\/wp-content\/uploads\/sites\/3\/2022\/07\/Duma-Chef-laesst-Aufkuendigung-des-russisch-norwegischen-Abkommens-ueber-Seegrenzen-eroertern.jpg","keywords":["Abkommens","Aufk\u00fcndigung","des","DumaChef","er\u00f6rtern","l\u00e4sst","russischnorwegischen","Seegrenzen","\u00fcber"],"articleSection":["Deutschland","Russland"],"inLanguage":"de","potentialAction":[{"@type":"CommentAction","name":"Comment","target":["https:\/\/now-news.de\/de\/deutschland\/duma-chef-laesst-aufkuendigung-des-russisch-norwegischen-abkommens-ueber-seegrenzen-eroertern\/#respond"]}]},{"@type":"WebPage","@id":"https:\/\/now-news.de\/de\/deutschland\/duma-chef-laesst-aufkuendigung-des-russisch-norwegischen-abkommens-ueber-seegrenzen-eroertern\/","url":"https:\/\/now-news.de\/de\/deutschland\/duma-chef-laesst-aufkuendigung-des-russisch-norwegischen-abkommens-ueber-seegrenzen-eroertern\/","name":"Duma-Chef l\u00e4sst Aufk\u00fcndigung des russisch-norwegischen Abkommens \u00fcber Seegrenzen er\u00f6rtern - just-now.NEWS Deutschland","isPartOf":{"@id":"https:\/\/now-news.de\/de\/#website"},"primaryImageOfPage":{"@id":"https:\/\/now-news.de\/de\/deutschland\/duma-chef-laesst-aufkuendigung-des-russisch-norwegischen-abkommens-ueber-seegrenzen-eroertern\/#primaryimage"},"image":{"@id":"https:\/\/now-news.de\/de\/deutschland\/duma-chef-laesst-aufkuendigung-des-russisch-norwegischen-abkommens-ueber-seegrenzen-eroertern\/#primaryimage"},"thumbnailUrl":"https:\/\/now-news.de\/de\/wp-content\/uploads\/sites\/3\/2022\/07\/Duma-Chef-laesst-Aufkuendigung-des-russisch-norwegischen-Abkommens-ueber-Seegrenzen-eroertern.jpg","datePublished":"2022-07-06T05:27:30+00:00","dateModified":"2022-07-06T05:27:30+00:00","breadcrumb":{"@id":"https:\/\/now-news.de\/de\/deutschland\/duma-chef-laesst-aufkuendigung-des-russisch-norwegischen-abkommens-ueber-seegrenzen-eroertern\/#breadcrumb"},"inLanguage":"de","potentialAction":[{"@type":"ReadAction","target":["https:\/\/now-news.de\/de\/deutschland\/duma-chef-laesst-aufkuendigung-des-russisch-norwegischen-abkommens-ueber-seegrenzen-eroertern\/"]}]},{"@type":"ImageObject","inLanguage":"de","@id":"https:\/\/now-news.de\/de\/deutschland\/duma-chef-laesst-aufkuendigung-des-russisch-norwegischen-abkommens-ueber-seegrenzen-eroertern\/#primaryimage","url":"https:\/\/now-news.de\/de\/wp-content\/uploads\/sites\/3\/2022\/07\/Duma-Chef-laesst-Aufkuendigung-des-russisch-norwegischen-Abkommens-ueber-Seegrenzen-eroertern.jpg","contentUrl":"https:\/\/now-news.de\/de\/wp-content\/uploads\/sites\/3\/2022\/07\/Duma-Chef-laesst-Aufkuendigung-des-russisch-norwegischen-Abkommens-ueber-Seegrenzen-eroertern.jpg","width":460,"height":259,"caption":"Duma-Chef l\u00e4sst Aufk\u00fcndigung des russisch-norwegischen Abkommens \u00fcber Seegrenzen er\u00f6rtern"},{"@type":"BreadcrumbList","@id":"https:\/\/now-news.de\/de\/deutschland\/duma-chef-laesst-aufkuendigung-des-russisch-norwegischen-abkommens-ueber-seegrenzen-eroertern\/#breadcrumb","itemListElement":[{"@type":"ListItem","position":1,"name":"Home","item":"https:\/\/now-news.de\/de\/"},{"@type":"ListItem","position":2,"name":"Duma-Chef l\u00e4sst Aufk\u00fcndigung des russisch-norwegischen Abkommens \u00fcber Seegrenzen er\u00f6rtern"}]},{"@type":"WebSite","@id":"https:\/\/now-news.de\/de\/#website","url":"https:\/\/now-news.de\/de\/","name":"just-now.NEWS Deutschland","description":"Das Portal f\u00fcr unzensierte Nachrichten aus der Welt","publisher":{"@id":"https:\/\/now-news.de\/de\/#organization"},"potentialAction":[{"@type":"SearchAction","target":{"@type":"EntryPoint","urlTemplate":"https:\/\/now-news.de\/de\/?s={search_term_string}"},"query-input":"required name=search_term_string"}],"inLanguage":"de"},{"@type":"Organization","@id":"https:\/\/now-news.de\/de\/#organization","name":"Just Now News","url":"https:\/\/now-news.de\/de\/","logo":{"@type":"ImageObject","inLanguage":"de","@id":"https:\/\/now-news.de\/de\/#\/schema\/logo\/image\/","url":"http:\/\/just-now.news\/de\/wp-content\/uploads\/sites\/3\/2022\/04\/logo500x500.jpg","contentUrl":"http:\/\/just-now.news\/de\/wp-content\/uploads\/sites\/3\/2022\/04\/logo500x500.jpg","width":500,"height":500,"caption":"Just Now News"},"image":{"@id":"https:\/\/now-news.de\/de\/#\/schema\/logo\/image\/"},"sameAs":["https:\/\/www.facebook.com\/wirmachenauf","https:\/\/x.com\/WirMachenAuf_de"]},{"@type":"Person","@id":"https:\/\/now-news.de\/de\/#\/schema\/person\/fb534a4e865501d8b3285208df34a9b5","name":"rtnews","image":{"@type":"ImageObject","inLanguage":"de","@id":"https:\/\/now-news.de\/de\/#\/schema\/person\/image\/","url":"https:\/\/secure.gravatar.com\/avatar\/82aafea7d8127119dd649515f56e2117?s=96&d=mm&r=g","contentUrl":"https:\/\/secure.gravatar.com\/avatar\/82aafea7d8127119dd649515f56e2117?s=96&d=mm&r=g","caption":"rtnews"},"url":"https:\/\/now-news.de\/de\/author\/rnews\/"}]}},"_links":{"self":[{"href":"https:\/\/now-news.de\/de\/wp-json\/wp\/v2\/posts\/12954"}],"collection":[{"href":"https:\/\/now-news.de\/de\/wp-json\/wp\/v2\/posts"}],"about":[{"href":"https:\/\/now-news.de\/de\/wp-json\/wp\/v2\/types\/post"}],"author":[{"embeddable":true,"href":"https:\/\/now-news.de\/de\/wp-json\/wp\/v2\/users\/3"}],"replies":[{"embeddable":true,"href":"https:\/\/now-news.de\/de\/wp-json\/wp\/v2\/comments?post=12954"}],"version-history":[{"count":0,"href":"https:\/\/now-news.de\/de\/wp-json\/wp\/v2\/posts\/12954\/revisions"}],"wp:featuredmedia":[{"embeddable":true,"href":"https:\/\/now-news.de\/de\/wp-json\/wp\/v2\/media\/12955"}],"wp:attachment":[{"href":"https:\/\/now-news.de\/de\/wp-json\/wp\/v2\/media?parent=12954"}],"wp:term":[{"taxonomy":"category","embeddable":true,"href":"https:\/\/now-news.de\/de\/wp-json\/wp\/v2\/categories?post=12954"},{"taxonomy":"post_tag","embeddable":true,"href":"https:\/\/now-news.de\/de\/wp-json\/wp\/v2\/tags?post=12954"}],"curies":[{"name":"wp","href":"https:\/\/api.w.org\/{rel}","templated":true}]}}