{"id":12878,"date":"2022-07-05T15:17:08","date_gmt":"2022-07-05T13:17:08","guid":{"rendered":"http:\/\/just-now.news\/de\/deutschland\/urteil-bundeskanzleramt-muss-protokolle-zu-corona-konferenzen-herausgeben\/"},"modified":"2022-07-05T15:17:08","modified_gmt":"2022-07-05T13:17:08","slug":"urteil-bundeskanzleramt-muss-protokolle-zu-corona-konferenzen-herausgeben","status":"publish","type":"post","link":"https:\/\/now-news.de\/de\/deutschland\/urteil-bundeskanzleramt-muss-protokolle-zu-corona-konferenzen-herausgeben\/","title":{"rendered":"Urteil: Bundeskanzleramt muss Protokolle zu Corona-Konferenzen herausgeben"},"content":{"rendered":"<p><img decoding=\"async\" src=\"http:\/\/just-now.news\/de\/wp-content\/uploads\/sites\/3\/2022\/07\/62c41bac48fbef3c511e865d.jpg\" \/><\/p>\n<div class=\"Text-root Text-type_1 \">\n                Ab M\u00e4rz 2020 fanden Bund-L\u00e4nder-Konferenzen zur Festlegung von Corona-Ma\u00dfnahmen statt. Bisher blieben Details geheim, da Inhalte &#8220;einen k\u00fcnftigen freien und offenen Meinungsaustausch&#8221; behindern k\u00f6nnten. Laut einem Gerichtsbeschluss m\u00fcssen sie \u00f6ffentlich gemacht werden.\n            <\/div>\n<p><\/p>\n<div class=\"Text-root Text-type_5 ArticleView-text ViewText-root \">\n<p>Das Urteil der 2. Kammer des Verwaltungsgerichts Berlin vom 30. Juni 2022 (VG 2 K 155\/21) bezieht sich auf eine Klage des Berliner<em> Tagesspiegels nach dem Informationsfreiheitsgesetz <\/em>(IFG). Die dazugeh\u00f6rige <a rel=\"nofollow noopener\" target=\"_blank\" href=\"https:\/\/www.berlin.de\/gerichte\/verwaltungsgericht\/presse\/pressemitteilungen\/2022\/pressemitteilung.1223337.php\">Pressemitteilung<\/a> wurde am 5. Juli ver\u00f6ffentlicht. Dort hei\u00dft es zur Klage:<\/p>\n<blockquote>\n<p><em>&#8220;Das Bundeskanzleramt muss Protokolle zu Bund-L\u00e4nder-Konferenzen zur Corona-Pandemie herausgeben. Dies hat das Verwaltungsgericht Berlin entschieden.&#8221;<\/em><\/p>\n<\/blockquote>\n<p>Zu den Details hei\u00dft es erl\u00e4uternd, dass die 2. Kammer das Bundeskanzleramt im Rahmen des Urteils dazu verpflichtet hat, &#8220;dem Kl\u00e4ger Zugang zu den Kurzprotokollen zu gew\u00e4hren&#8221;. In der Pressemitteilung wird dargelegt:<\/p>\n<blockquote>\n<p><em>&#8220;Die Bund-L\u00e4nder-Konferenzen seien zwar als &#8216;Beratungen von Beh\u00f6rden&#8217; von \u00a7 3 Nr. 3b des Informationsfreiheitsgesetzes erfasst. Gesch\u00fctzt sei jedoch nur der eigentliche Vorgang der beh\u00f6rdlichen Entscheidungsfindung als solcher, nicht die Ergebnisse und Grundlagen der Entscheidung.&#8221;<\/em><\/p>\n<\/blockquote>\n<p>Der Kl\u00e4ger, der <em>Tagesspiegel<\/em>, hatte im Dezember 2020 beim Bundeskanzleramt beantragt, ihm Zugang zu den Kurzprotokollen der Konferenzen zu gew\u00e4hren, so Ausz\u00fcge der Mitteilung. Das Bundeskanzleramt lehnte dies mit der Begr\u00fcndung ab, &#8220;einer Herausgabe stehe der Schutz von beh\u00f6rdlichen Beratungen und des Kernbereichs exekutiver Eigenverantwortung entgegen&#8221;. Und weiter:<\/p>\n<blockquote>\n<p><em>&#8220;Eine Ver\u00f6ffentlichung k\u00f6nne einen k\u00fcnftigen freien und offenen Meinungsaustausch beeintr\u00e4chtigen.&#8221;<\/em><\/p>\n<\/blockquote>\n<p>Das Gericht bemerkt, das beklagte Bundeskanzleramt\u00a0habe nicht ausreichend vorgetragen, &#8220;welche Passagen welcher Kurzprotokolle den Vorgang der Willensbildung und Abw\u00e4gung abbildeten&#8221;. Zudem sei eine &#8220;konkrete Gef\u00e4hrdung des Beratungsverlaufs oder k\u00fcnftiger Beratungen&#8221; nicht nachvollziehbar dargelegt worden:<\/p>\n<blockquote>\n<p><em>&#8220;Der Verweis der Beklagten auf die andauernde Pandemielage und die M\u00f6glichkeit erneuter Bund-L\u00e4nder-Konferenzen begr\u00fcnde keinen Dauer-Beratungsprozess.&#8221;<\/em><\/p>\n<\/blockquote>\n<p>Zudem sei durch die \u00c4nderung des Infektionsschutzgesetzes (IfSG) &#8220;eine rechtliche Z\u00e4sur dergestalt eingetreten, dass Beratungen vor allem auch im Deutschen Bundestag stattfinden m\u00fcssten&#8221;. Der <em>Tagesspiegel<\/em>\u00a0<a rel=\"nofollow noopener\" target=\"_blank\" href=\"https:\/\/www.tagesspiegel.de\/politik\/urteil-zur-informationsfreiheit-protokolle-der-corona-gipfel-duerfen-oeffentlich-werden\/28470850.html\">kommentiert<\/a>\u00a0erg\u00e4nzend in einem Artikel zum Urteil, dass &#8220;die Regierung die Aufzeichnungen von f\u00fcnf der insgesamt 18 Treffen im Jahr 2020&#8221; nun herausgeben m\u00fcsste, &#8220;vier davon aus der Zeit des ersten Corona-Lockdowns im Fr\u00fchjahr (2020)&#8221;. Zu &#8220;weiteren Terminen aus jenem Jahr in den einschl\u00e4gigen Akten des Kanzleramts&#8221; l\u00e4gen demnach keine Protokolle vor, daher &#8220;bleibt die Herausgabe zun\u00e4chst auf diesen Zeitraum beschr\u00e4nkt&#8221;. Dies teilte eine Vertreterin dem <em>Tagesspiegel<\/em> mit.<\/p>\n<p>Die Treffen der Regierungschefs aus Bund und L\u00e4ndern im Kanzleramt, sp\u00e4ter in digitalen Zoom-Meetings, waren vertraulich, im Anschluss wurden nur die Ergebnisse der Beratungen \u00f6ffentlich gemacht. Der <em>Tagesspiegel-Artikel<\/em> erinnert daran, dass eine Einsichtnahme in die Papiere &#8220;im M\u00e4rz 2021 auch gegen\u00fcber dem Parlament verweigert&#8221; worden war. Zur Begr\u00fcndung erkl\u00e4rte die Regierung damals, &#8230;<\/p>\n<blockquote>\n<p><em>&#8220;&#8230; es handele sich um vertrauliche Kurzprotokolle, die ausschlie\u00dflich der &#8216;hausinternen Verwendung&#8217; im Kanzleramt dienten und \u00fcber deren Inhalt oder Umfang keine Auskunft erteilt werde&#8221;.<\/em><\/p>\n<\/blockquote>\n<p>Die Kanzleramtsvertreterin hatte laut <em>Tagesspiegel-Angaben<\/em> w\u00e4hrend der Verhandlung vorgetragen, dass &#8220;die teilnehmenden Regierungschefs sich darauf verlassen&#8221; h\u00e4tten, dass ihre Beitr\u00e4ge in den Konferenzen vertraulich blieben. Es sei angesichts des Pandemieverlaufs &#8220;nicht ausgeschlossen, dass die Beratungen in dieser Form erneut stattfinden m\u00fcssten&#8221;. Bis zur Verhandlung seien die Dokumentationen lediglich &#8220;Ergebnisprotokolle&#8221; genannt worden, im Prozess-Verfahren hie\u00df es dann, es seien &#8220;auch einzelne Beratungsabl\u00e4ufe dokumentiert worden&#8221;. Das Argument des <em>Tagesspiegel-Vertreters<\/em> vor Gericht lautete:<\/p>\n<blockquote>\n<p><em>&#8220;Es gebe ein erhebliches \u00f6ffentliches Interesse daran, wie sich die Regierungschefs in den damaligen Verhandlungen positioniert h\u00e4tten.&#8221;<\/em>\u00a0 \u00a0<\/p>\n<\/blockquote>\n<p>Die Protokolle der Corona-Gipfel aus den Anfangszeiten der Pandemie &#8220;seien bereits jetzt historische Dokumente&#8221;, die von gro\u00dfem gesellschaftlichen Interesse seien.\u00a0Gegen das Urteil kann &#8220;Antrag auf Zulassung der Berufung zum Oberverwaltungsgericht Berlin-Brandenburg&#8221; gestellt werden.<\/p>\n<p><strong>Mehr zum Thema &#8211;<\/strong>\u00a0<a rel=\"nofollow noopener\" target=\"_blank\" href=\"https:\/\/de.rt.com\/meinung\/142487-evaluationsbericht-rki-chef-wieler-im\/\">Evaluationsbericht: RKI-Chef Wieler im Urlaub \u2013 Minister Lauterbach &#8220;fand das Gutachten spannend&#8221;<\/a><\/p>\n<\/p>\n<\/div>\n<p><br \/>\n<br \/><a href=\"https:\/\/de.rt.com\/inland\/142721-urteil-bundeskanzleramt-muss-protokolle-zu-corona-konferenzen-herausgeben\/\">Source link <\/a><\/p>\n","protected":false},"excerpt":{"rendered":"<p>Ab M\u00e4rz 2020 fanden Bund-L\u00e4nder-Konferenzen zur Festlegung von Corona-Ma\u00dfnahmen statt. Bisher blieben Details geheim, da Inhalte &#8220;einen k\u00fcnftigen freien und offenen Meinungsaustausch&#8221; behindern k\u00f6nnten. Laut einem Gerichtsbeschluss m\u00fcssen sie \u00f6ffentlich gemacht werden. Das Urteil der 2. Kammer des Verwaltungsgerichts Berlin vom 30. Juni 2022 (VG 2 K 155\/21) bezieht sich auf eine Klage des Berliner [&hellip;]<\/p>\n","protected":false},"author":3,"featured_media":12879,"comment_status":"open","ping_status":"open","sticky":false,"template":"","format":"standard","meta":{"wp_automatic_camp":["217"],"4b3c5dfb1458867dea9ec51b1337e354":["Urteil: Bundeskanzleramt muss Protokolle zu Corona-Konferenzen herausgeben"],"original_link":["https:\/\/de.rt.com\/inland\/142721-urteil-bundeskanzleramt-muss-protokolle-zu-corona-konferenzen-herausgeben\/"],"_thumbnail_id":["12879"],"_wptg_p2tg_sent2tg":["2022-07-05 15:23:02"],"jnews_social_counter_last_update":["1777220388"]},"categories":[19,23],"tags":[26916,26918,26919,534,26917,11769],"yoast_head":"<!-- This site is optimized with the Yoast SEO Premium plugin v22.7 (Yoast SEO v22.7) - https:\/\/yoast.com\/wordpress\/plugins\/seo\/ -->\n<title>Urteil: Bundeskanzleramt muss Protokolle zu Corona-Konferenzen herausgeben - just-now.NEWS Deutschland<\/title>\n<meta name=\"robots\" content=\"index, follow, max-snippet:-1, max-image-preview:large, max-video-preview:-1\" \/>\n<link rel=\"canonical\" href=\"https:\/\/now-news.de\/de\/deutschland\/urteil-bundeskanzleramt-muss-protokolle-zu-corona-konferenzen-herausgeben\/\" \/>\n<meta property=\"og:locale\" content=\"de_DE\" \/>\n<meta property=\"og:type\" content=\"article\" \/>\n<meta property=\"og:title\" content=\"Urteil: Bundeskanzleramt muss Protokolle zu Corona-Konferenzen herausgeben\" \/>\n<meta property=\"og:description\" content=\"Ab M\u00e4rz 2020 fanden Bund-L\u00e4nder-Konferenzen zur Festlegung von Corona-Ma\u00dfnahmen statt. Bisher blieben Details geheim, da Inhalte &#8220;einen k\u00fcnftigen freien und offenen Meinungsaustausch&#8221; behindern k\u00f6nnten. Laut einem Gerichtsbeschluss m\u00fcssen sie \u00f6ffentlich gemacht werden. Das Urteil der 2. Kammer des Verwaltungsgerichts Berlin vom 30. Juni 2022 (VG 2 K 155\/21) bezieht sich auf eine Klage des Berliner [&hellip;]\" \/>\n<meta property=\"og:url\" content=\"https:\/\/now-news.de\/de\/deutschland\/urteil-bundeskanzleramt-muss-protokolle-zu-corona-konferenzen-herausgeben\/\" \/>\n<meta property=\"og:site_name\" content=\"just-now.NEWS Deutschland\" \/>\n<meta property=\"article:publisher\" content=\"https:\/\/www.facebook.com\/wirmachenauf\" \/>\n<meta property=\"article:published_time\" content=\"2022-07-05T13:17:08+00:00\" \/>\n<meta property=\"og:image\" content=\"https:\/\/now-news.de\/de\/wp-content\/uploads\/sites\/3\/2022\/07\/Urteil-Bundeskanzleramt-muss-Protokolle-zu-Corona-Konferenzen-herausgeben.jpg\" \/>\n\t<meta property=\"og:image:width\" content=\"460\" \/>\n\t<meta property=\"og:image:height\" content=\"259\" \/>\n\t<meta property=\"og:image:type\" content=\"image\/jpeg\" \/>\n<meta name=\"author\" content=\"rtnews\" \/>\n<meta name=\"twitter:card\" content=\"summary_large_image\" \/>\n<meta name=\"twitter:creator\" content=\"@WirMachenAuf_de\" \/>\n<meta name=\"twitter:site\" content=\"@WirMachenAuf_de\" \/>\n<meta name=\"twitter:label1\" content=\"Verfasst von\" \/>\n\t<meta name=\"twitter:data1\" content=\"rtnews\" \/>\n\t<meta name=\"twitter:label2\" content=\"Gesch\u00e4tzte Lesezeit\" \/>\n\t<meta name=\"twitter:data2\" content=\"3\u00a0Minuten\" \/>\n<script type=\"application\/ld+json\" class=\"yoast-schema-graph\">{\"@context\":\"https:\/\/schema.org\",\"@graph\":[{\"@type\":\"Article\",\"@id\":\"https:\/\/now-news.de\/de\/deutschland\/urteil-bundeskanzleramt-muss-protokolle-zu-corona-konferenzen-herausgeben\/#article\",\"isPartOf\":{\"@id\":\"https:\/\/now-news.de\/de\/deutschland\/urteil-bundeskanzleramt-muss-protokolle-zu-corona-konferenzen-herausgeben\/\"},\"author\":{\"name\":\"rtnews\",\"@id\":\"https:\/\/now-news.de\/de\/#\/schema\/person\/fb534a4e865501d8b3285208df34a9b5\"},\"headline\":\"Urteil: Bundeskanzleramt muss Protokolle zu Corona-Konferenzen herausgeben\",\"datePublished\":\"2022-07-05T13:17:08+00:00\",\"dateModified\":\"2022-07-05T13:17:08+00:00\",\"mainEntityOfPage\":{\"@id\":\"https:\/\/now-news.de\/de\/deutschland\/urteil-bundeskanzleramt-muss-protokolle-zu-corona-konferenzen-herausgeben\/\"},\"wordCount\":621,\"commentCount\":0,\"publisher\":{\"@id\":\"https:\/\/now-news.de\/de\/#organization\"},\"image\":{\"@id\":\"https:\/\/now-news.de\/de\/deutschland\/urteil-bundeskanzleramt-muss-protokolle-zu-corona-konferenzen-herausgeben\/#primaryimage\"},\"thumbnailUrl\":\"https:\/\/now-news.de\/de\/wp-content\/uploads\/sites\/3\/2022\/07\/Urteil-Bundeskanzleramt-muss-Protokolle-zu-Corona-Konferenzen-herausgeben.jpg\",\"keywords\":[\"Bundeskanzleramt\",\"CoronaKonferenzen\",\"herausgeben\",\"muss\",\"Protokolle\",\"Urteil\"],\"articleSection\":[\"Deutschland\",\"Russland\"],\"inLanguage\":\"de\",\"potentialAction\":[{\"@type\":\"CommentAction\",\"name\":\"Comment\",\"target\":[\"https:\/\/now-news.de\/de\/deutschland\/urteil-bundeskanzleramt-muss-protokolle-zu-corona-konferenzen-herausgeben\/#respond\"]}]},{\"@type\":\"WebPage\",\"@id\":\"https:\/\/now-news.de\/de\/deutschland\/urteil-bundeskanzleramt-muss-protokolle-zu-corona-konferenzen-herausgeben\/\",\"url\":\"https:\/\/now-news.de\/de\/deutschland\/urteil-bundeskanzleramt-muss-protokolle-zu-corona-konferenzen-herausgeben\/\",\"name\":\"Urteil: Bundeskanzleramt muss Protokolle zu Corona-Konferenzen herausgeben - just-now.NEWS Deutschland\",\"isPartOf\":{\"@id\":\"https:\/\/now-news.de\/de\/#website\"},\"primaryImageOfPage\":{\"@id\":\"https:\/\/now-news.de\/de\/deutschland\/urteil-bundeskanzleramt-muss-protokolle-zu-corona-konferenzen-herausgeben\/#primaryimage\"},\"image\":{\"@id\":\"https:\/\/now-news.de\/de\/deutschland\/urteil-bundeskanzleramt-muss-protokolle-zu-corona-konferenzen-herausgeben\/#primaryimage\"},\"thumbnailUrl\":\"https:\/\/now-news.de\/de\/wp-content\/uploads\/sites\/3\/2022\/07\/Urteil-Bundeskanzleramt-muss-Protokolle-zu-Corona-Konferenzen-herausgeben.jpg\",\"datePublished\":\"2022-07-05T13:17:08+00:00\",\"dateModified\":\"2022-07-05T13:17:08+00:00\",\"breadcrumb\":{\"@id\":\"https:\/\/now-news.de\/de\/deutschland\/urteil-bundeskanzleramt-muss-protokolle-zu-corona-konferenzen-herausgeben\/#breadcrumb\"},\"inLanguage\":\"de\",\"potentialAction\":[{\"@type\":\"ReadAction\",\"target\":[\"https:\/\/now-news.de\/de\/deutschland\/urteil-bundeskanzleramt-muss-protokolle-zu-corona-konferenzen-herausgeben\/\"]}]},{\"@type\":\"ImageObject\",\"inLanguage\":\"de\",\"@id\":\"https:\/\/now-news.de\/de\/deutschland\/urteil-bundeskanzleramt-muss-protokolle-zu-corona-konferenzen-herausgeben\/#primaryimage\",\"url\":\"https:\/\/now-news.de\/de\/wp-content\/uploads\/sites\/3\/2022\/07\/Urteil-Bundeskanzleramt-muss-Protokolle-zu-Corona-Konferenzen-herausgeben.jpg\",\"contentUrl\":\"https:\/\/now-news.de\/de\/wp-content\/uploads\/sites\/3\/2022\/07\/Urteil-Bundeskanzleramt-muss-Protokolle-zu-Corona-Konferenzen-herausgeben.jpg\",\"width\":460,\"height\":259,\"caption\":\"Urteil: Bundeskanzleramt muss Protokolle zu Corona-Konferenzen herausgeben\"},{\"@type\":\"BreadcrumbList\",\"@id\":\"https:\/\/now-news.de\/de\/deutschland\/urteil-bundeskanzleramt-muss-protokolle-zu-corona-konferenzen-herausgeben\/#breadcrumb\",\"itemListElement\":[{\"@type\":\"ListItem\",\"position\":1,\"name\":\"Home\",\"item\":\"https:\/\/now-news.de\/de\/\"},{\"@type\":\"ListItem\",\"position\":2,\"name\":\"Urteil: Bundeskanzleramt muss Protokolle zu Corona-Konferenzen herausgeben\"}]},{\"@type\":\"WebSite\",\"@id\":\"https:\/\/now-news.de\/de\/#website\",\"url\":\"https:\/\/now-news.de\/de\/\",\"name\":\"just-now.NEWS Deutschland\",\"description\":\"Das Portal f\u00fcr unzensierte Nachrichten aus der Welt\",\"publisher\":{\"@id\":\"https:\/\/now-news.de\/de\/#organization\"},\"potentialAction\":[{\"@type\":\"SearchAction\",\"target\":{\"@type\":\"EntryPoint\",\"urlTemplate\":\"https:\/\/now-news.de\/de\/?s={search_term_string}\"},\"query-input\":\"required name=search_term_string\"}],\"inLanguage\":\"de\"},{\"@type\":\"Organization\",\"@id\":\"https:\/\/now-news.de\/de\/#organization\",\"name\":\"Just Now News\",\"url\":\"https:\/\/now-news.de\/de\/\",\"logo\":{\"@type\":\"ImageObject\",\"inLanguage\":\"de\",\"@id\":\"https:\/\/now-news.de\/de\/#\/schema\/logo\/image\/\",\"url\":\"http:\/\/just-now.news\/de\/wp-content\/uploads\/sites\/3\/2022\/04\/logo500x500.jpg\",\"contentUrl\":\"http:\/\/just-now.news\/de\/wp-content\/uploads\/sites\/3\/2022\/04\/logo500x500.jpg\",\"width\":500,\"height\":500,\"caption\":\"Just Now News\"},\"image\":{\"@id\":\"https:\/\/now-news.de\/de\/#\/schema\/logo\/image\/\"},\"sameAs\":[\"https:\/\/www.facebook.com\/wirmachenauf\",\"https:\/\/x.com\/WirMachenAuf_de\"]},{\"@type\":\"Person\",\"@id\":\"https:\/\/now-news.de\/de\/#\/schema\/person\/fb534a4e865501d8b3285208df34a9b5\",\"name\":\"rtnews\",\"image\":{\"@type\":\"ImageObject\",\"inLanguage\":\"de\",\"@id\":\"https:\/\/now-news.de\/de\/#\/schema\/person\/image\/\",\"url\":\"https:\/\/secure.gravatar.com\/avatar\/82aafea7d8127119dd649515f56e2117?s=96&d=mm&r=g\",\"contentUrl\":\"https:\/\/secure.gravatar.com\/avatar\/82aafea7d8127119dd649515f56e2117?s=96&d=mm&r=g\",\"caption\":\"rtnews\"},\"url\":\"https:\/\/now-news.de\/de\/author\/rnews\/\"}]}<\/script>\n<!-- \/ Yoast SEO Premium plugin. -->","yoast_head_json":{"title":"Urteil: Bundeskanzleramt muss Protokolle zu Corona-Konferenzen herausgeben - just-now.NEWS Deutschland","robots":{"index":"index","follow":"follow","max-snippet":"max-snippet:-1","max-image-preview":"max-image-preview:large","max-video-preview":"max-video-preview:-1"},"canonical":"https:\/\/now-news.de\/de\/deutschland\/urteil-bundeskanzleramt-muss-protokolle-zu-corona-konferenzen-herausgeben\/","og_locale":"de_DE","og_type":"article","og_title":"Urteil: Bundeskanzleramt muss Protokolle zu Corona-Konferenzen herausgeben","og_description":"Ab M\u00e4rz 2020 fanden Bund-L\u00e4nder-Konferenzen zur Festlegung von Corona-Ma\u00dfnahmen statt. Bisher blieben Details geheim, da Inhalte &#8220;einen k\u00fcnftigen freien und offenen Meinungsaustausch&#8221; behindern k\u00f6nnten. Laut einem Gerichtsbeschluss m\u00fcssen sie \u00f6ffentlich gemacht werden. Das Urteil der 2. Kammer des Verwaltungsgerichts Berlin vom 30. Juni 2022 (VG 2 K 155\/21) bezieht sich auf eine Klage des Berliner [&hellip;]","og_url":"https:\/\/now-news.de\/de\/deutschland\/urteil-bundeskanzleramt-muss-protokolle-zu-corona-konferenzen-herausgeben\/","og_site_name":"just-now.NEWS Deutschland","article_publisher":"https:\/\/www.facebook.com\/wirmachenauf","article_published_time":"2022-07-05T13:17:08+00:00","og_image":[{"width":460,"height":259,"url":"https:\/\/now-news.de\/de\/wp-content\/uploads\/sites\/3\/2022\/07\/Urteil-Bundeskanzleramt-muss-Protokolle-zu-Corona-Konferenzen-herausgeben.jpg","type":"image\/jpeg"}],"author":"rtnews","twitter_card":"summary_large_image","twitter_creator":"@WirMachenAuf_de","twitter_site":"@WirMachenAuf_de","twitter_misc":{"Verfasst von":"rtnews","Gesch\u00e4tzte Lesezeit":"3\u00a0Minuten"},"schema":{"@context":"https:\/\/schema.org","@graph":[{"@type":"Article","@id":"https:\/\/now-news.de\/de\/deutschland\/urteil-bundeskanzleramt-muss-protokolle-zu-corona-konferenzen-herausgeben\/#article","isPartOf":{"@id":"https:\/\/now-news.de\/de\/deutschland\/urteil-bundeskanzleramt-muss-protokolle-zu-corona-konferenzen-herausgeben\/"},"author":{"name":"rtnews","@id":"https:\/\/now-news.de\/de\/#\/schema\/person\/fb534a4e865501d8b3285208df34a9b5"},"headline":"Urteil: Bundeskanzleramt muss Protokolle zu Corona-Konferenzen herausgeben","datePublished":"2022-07-05T13:17:08+00:00","dateModified":"2022-07-05T13:17:08+00:00","mainEntityOfPage":{"@id":"https:\/\/now-news.de\/de\/deutschland\/urteil-bundeskanzleramt-muss-protokolle-zu-corona-konferenzen-herausgeben\/"},"wordCount":621,"commentCount":0,"publisher":{"@id":"https:\/\/now-news.de\/de\/#organization"},"image":{"@id":"https:\/\/now-news.de\/de\/deutschland\/urteil-bundeskanzleramt-muss-protokolle-zu-corona-konferenzen-herausgeben\/#primaryimage"},"thumbnailUrl":"https:\/\/now-news.de\/de\/wp-content\/uploads\/sites\/3\/2022\/07\/Urteil-Bundeskanzleramt-muss-Protokolle-zu-Corona-Konferenzen-herausgeben.jpg","keywords":["Bundeskanzleramt","CoronaKonferenzen","herausgeben","muss","Protokolle","Urteil"],"articleSection":["Deutschland","Russland"],"inLanguage":"de","potentialAction":[{"@type":"CommentAction","name":"Comment","target":["https:\/\/now-news.de\/de\/deutschland\/urteil-bundeskanzleramt-muss-protokolle-zu-corona-konferenzen-herausgeben\/#respond"]}]},{"@type":"WebPage","@id":"https:\/\/now-news.de\/de\/deutschland\/urteil-bundeskanzleramt-muss-protokolle-zu-corona-konferenzen-herausgeben\/","url":"https:\/\/now-news.de\/de\/deutschland\/urteil-bundeskanzleramt-muss-protokolle-zu-corona-konferenzen-herausgeben\/","name":"Urteil: Bundeskanzleramt muss Protokolle zu Corona-Konferenzen herausgeben - just-now.NEWS Deutschland","isPartOf":{"@id":"https:\/\/now-news.de\/de\/#website"},"primaryImageOfPage":{"@id":"https:\/\/now-news.de\/de\/deutschland\/urteil-bundeskanzleramt-muss-protokolle-zu-corona-konferenzen-herausgeben\/#primaryimage"},"image":{"@id":"https:\/\/now-news.de\/de\/deutschland\/urteil-bundeskanzleramt-muss-protokolle-zu-corona-konferenzen-herausgeben\/#primaryimage"},"thumbnailUrl":"https:\/\/now-news.de\/de\/wp-content\/uploads\/sites\/3\/2022\/07\/Urteil-Bundeskanzleramt-muss-Protokolle-zu-Corona-Konferenzen-herausgeben.jpg","datePublished":"2022-07-05T13:17:08+00:00","dateModified":"2022-07-05T13:17:08+00:00","breadcrumb":{"@id":"https:\/\/now-news.de\/de\/deutschland\/urteil-bundeskanzleramt-muss-protokolle-zu-corona-konferenzen-herausgeben\/#breadcrumb"},"inLanguage":"de","potentialAction":[{"@type":"ReadAction","target":["https:\/\/now-news.de\/de\/deutschland\/urteil-bundeskanzleramt-muss-protokolle-zu-corona-konferenzen-herausgeben\/"]}]},{"@type":"ImageObject","inLanguage":"de","@id":"https:\/\/now-news.de\/de\/deutschland\/urteil-bundeskanzleramt-muss-protokolle-zu-corona-konferenzen-herausgeben\/#primaryimage","url":"https:\/\/now-news.de\/de\/wp-content\/uploads\/sites\/3\/2022\/07\/Urteil-Bundeskanzleramt-muss-Protokolle-zu-Corona-Konferenzen-herausgeben.jpg","contentUrl":"https:\/\/now-news.de\/de\/wp-content\/uploads\/sites\/3\/2022\/07\/Urteil-Bundeskanzleramt-muss-Protokolle-zu-Corona-Konferenzen-herausgeben.jpg","width":460,"height":259,"caption":"Urteil: Bundeskanzleramt muss Protokolle zu Corona-Konferenzen herausgeben"},{"@type":"BreadcrumbList","@id":"https:\/\/now-news.de\/de\/deutschland\/urteil-bundeskanzleramt-muss-protokolle-zu-corona-konferenzen-herausgeben\/#breadcrumb","itemListElement":[{"@type":"ListItem","position":1,"name":"Home","item":"https:\/\/now-news.de\/de\/"},{"@type":"ListItem","position":2,"name":"Urteil: Bundeskanzleramt muss Protokolle zu Corona-Konferenzen herausgeben"}]},{"@type":"WebSite","@id":"https:\/\/now-news.de\/de\/#website","url":"https:\/\/now-news.de\/de\/","name":"just-now.NEWS Deutschland","description":"Das Portal f\u00fcr unzensierte Nachrichten aus der Welt","publisher":{"@id":"https:\/\/now-news.de\/de\/#organization"},"potentialAction":[{"@type":"SearchAction","target":{"@type":"EntryPoint","urlTemplate":"https:\/\/now-news.de\/de\/?s={search_term_string}"},"query-input":"required name=search_term_string"}],"inLanguage":"de"},{"@type":"Organization","@id":"https:\/\/now-news.de\/de\/#organization","name":"Just Now News","url":"https:\/\/now-news.de\/de\/","logo":{"@type":"ImageObject","inLanguage":"de","@id":"https:\/\/now-news.de\/de\/#\/schema\/logo\/image\/","url":"http:\/\/just-now.news\/de\/wp-content\/uploads\/sites\/3\/2022\/04\/logo500x500.jpg","contentUrl":"http:\/\/just-now.news\/de\/wp-content\/uploads\/sites\/3\/2022\/04\/logo500x500.jpg","width":500,"height":500,"caption":"Just Now News"},"image":{"@id":"https:\/\/now-news.de\/de\/#\/schema\/logo\/image\/"},"sameAs":["https:\/\/www.facebook.com\/wirmachenauf","https:\/\/x.com\/WirMachenAuf_de"]},{"@type":"Person","@id":"https:\/\/now-news.de\/de\/#\/schema\/person\/fb534a4e865501d8b3285208df34a9b5","name":"rtnews","image":{"@type":"ImageObject","inLanguage":"de","@id":"https:\/\/now-news.de\/de\/#\/schema\/person\/image\/","url":"https:\/\/secure.gravatar.com\/avatar\/82aafea7d8127119dd649515f56e2117?s=96&d=mm&r=g","contentUrl":"https:\/\/secure.gravatar.com\/avatar\/82aafea7d8127119dd649515f56e2117?s=96&d=mm&r=g","caption":"rtnews"},"url":"https:\/\/now-news.de\/de\/author\/rnews\/"}]}},"_links":{"self":[{"href":"https:\/\/now-news.de\/de\/wp-json\/wp\/v2\/posts\/12878"}],"collection":[{"href":"https:\/\/now-news.de\/de\/wp-json\/wp\/v2\/posts"}],"about":[{"href":"https:\/\/now-news.de\/de\/wp-json\/wp\/v2\/types\/post"}],"author":[{"embeddable":true,"href":"https:\/\/now-news.de\/de\/wp-json\/wp\/v2\/users\/3"}],"replies":[{"embeddable":true,"href":"https:\/\/now-news.de\/de\/wp-json\/wp\/v2\/comments?post=12878"}],"version-history":[{"count":0,"href":"https:\/\/now-news.de\/de\/wp-json\/wp\/v2\/posts\/12878\/revisions"}],"wp:featuredmedia":[{"embeddable":true,"href":"https:\/\/now-news.de\/de\/wp-json\/wp\/v2\/media\/12879"}],"wp:attachment":[{"href":"https:\/\/now-news.de\/de\/wp-json\/wp\/v2\/media?parent=12878"}],"wp:term":[{"taxonomy":"category","embeddable":true,"href":"https:\/\/now-news.de\/de\/wp-json\/wp\/v2\/categories?post=12878"},{"taxonomy":"post_tag","embeddable":true,"href":"https:\/\/now-news.de\/de\/wp-json\/wp\/v2\/tags?post=12878"}],"curies":[{"name":"wp","href":"https:\/\/api.w.org\/{rel}","templated":true}]}}