{"id":12856,"date":"2022-07-05T11:09:59","date_gmt":"2022-07-05T09:09:59","guid":{"rendered":"http:\/\/just-now.news\/de\/deutschland\/problem-karl-lauterbach-ob-testverordnung-oder-falsche-talk-aussage-der-unmut-waechst\/"},"modified":"2022-07-05T11:09:59","modified_gmt":"2022-07-05T09:09:59","slug":"problem-karl-lauterbach-ob-testverordnung-oder-falsche-talk-aussage-der-unmut-waechst","status":"publish","type":"post","link":"https:\/\/now-news.de\/de\/deutschland\/problem-karl-lauterbach-ob-testverordnung-oder-falsche-talk-aussage-der-unmut-waechst\/","title":{"rendered":"Problem Karl Lauterbach \u2013 ob Testverordnung oder falsche Talk-Aussage, der Unmut w\u00e4chst"},"content":{"rendered":"<p><img decoding=\"async\" src=\"http:\/\/just-now.news\/de\/wp-content\/uploads\/sites\/3\/2022\/07\/62c3c86748fbef410507d008.jpg\" \/><\/p>\n<div class=\"Text-root Text-type_1 \">\n                Die aktualisierten Corona-Testverordnungen werden f\u00fcr den verantwortlichen Minister Lauterbach zum pers\u00f6nlichen Rohrkrepierer. Die Bundes\u00e4rztekammer fordert, die neue Testverordnung zur\u00fcckzuziehen. Zudem schwindelte Lauterbach in einer Talkshow zum vermeintlichen Konsens mit der Kassen\u00e4rztlichen Bundesvereinigung.\n            <\/div>\n<p><\/p>\n<div class=\"Text-root Text-type_5 ArticleView-text ViewText-root \">\n<p>Ende Juni informierte der\u00a0Bundesminister f\u00fcr Gesundheit, Karl Lauterbach (SPD), \u00fcber seine ausgearbeiteten Neuerungen zum Einsatz kostenloser B\u00fcrgertests. Seit Anfang Juli werden diese nur noch genau vordefinierten Personengruppen\u00a0ohne Rechnungsstellung\u00a0erm\u00f6glicht &#8211; jeder andere B\u00fcrger muss drei Euro investieren, um diese kontrovers diskutierte Diagnostik-Methode weiterhin nutzen zu k\u00f6nnen.<\/p>\n<p>Aufgrund zweier medialer Ereignisse k\u00f6nnten die Pl\u00e4ne des Bundesministers weitere\u00a0Eckpunkte einer beruflichen Karriere im konstanten Sinkflug darstellen, wobei das sinnbildliche Fettn\u00e4pfchen &#8211; also eine\u00a0vors\u00e4tzlich herbeigef\u00fchrte Situation voller Irritationen aufgrund\u00a0unbedachter \u00c4u\u00dferungen und Festlegungen\u00a0durch Lauterbach &#8211; erneut festzustellen ist. So titelte die <em>Berliner Zeitung<\/em> zu Beginn der Woche:<\/p>\n<blockquote>\n<p>&#8220;<em>Aufstand gegen Lauterbach: Deutschlands \u00c4rzte wollen Testverordnung kippen.<\/em>&#8220;<\/p>\n<\/blockquote>\n<p>Die Zeitung zitiert den\u00a0Chef der Bundes\u00e4rztekammer, Klaus Reinhardt, mit der Feststellung, dass das strategische &#8220;Vorgehen des Bundesgesundheitsministers zu einer bedenklichen Dehnung unseres Rechtstaates&#8221; f\u00fchren w\u00fcrde. Daher wurde seitens der Bundes\u00e4rztekammer die Forderung laut, dass Lauterbach bzw. sein Bundesgesundheitsministerium (BMG) nach Aussetzung der aktuell geltenden\u00a0Testverordnung in einem &#8220;weiteren Schritt zusammen mit der \u00c4rzteschaft eine neue, pragmatische Verordnung&#8221; erarbeiten m\u00fcsse. So hei\u00dft es in dem Artikel:<\/p>\n<blockquote>\n<p>&#8220;<em>Die von Bundesgesundheitsminister Karl Lauterbach pr\u00e4sentierte Verordnung sei &#8216;ein Sinnbild f\u00fcr praxisferne Politik ohne jeden Bezug zu den konkreten Anforderungen und Abl\u00e4ufen in der Patientenversorgung&#8217;.&#8221;<\/em><\/p>\n<\/blockquote>\n<p>Die unmissverst\u00e4ndliche Kritik des Chefs\u00a0der Bundes\u00e4rztekammer,\u00a0ge\u00e4u\u00dfert in einem\u00a0Interview mit dem <em>Deutschen \u00c4rzteblatt, <\/em>lautet\u00a0in ihrer\u00a0weiteren <a rel=\"nofollow noopener\" target=\"_blank\" href=\"https:\/\/www.aerzteblatt.de\/nachrichten\/135636\/Reinhardt-Testverordnung-zurueckziehen-und-mit-der-Aerzteschaft-neufassen\">Formulierung<\/a>:<\/p>\n<blockquote>\n<p><em>&#8220;Wenn man den Organisationen aus dem Gesundheitswesen im Stellungnahmeverfahren zu der Verordnung gerade einmal vier Stunden Zeit l\u00e4sst, um sich mit ihrer Expertise einzubringen, darf man sich \u00fcber solche B\u00fcrokratietorpedos nicht wundern.&#8221;<\/em><\/p>\n<\/blockquote>\n<p>Eine solche &#8220;Proforma-Beteiligung&#8221; der von der Verordnung schwerpunktm\u00e4\u00dfig betroffenen Akteure sei laut Reinhardt &#8220;unter Demokratiegesichtspunkten problematisch&#8221;. &#8220;Expertenanh\u00f6rungen und Stellungnahmeverfahren&#8221; w\u00e4ren feste Bestandteile von Verordnungs- und Gesetzgebungsprozessen, diese w\u00e4ren jedoch bei den j\u00fcngsten Entscheidungen aus dem BMG nicht in Erw\u00e4gung gezogen worden. Reinhardt sieht weiterhin &#8220;gute Gr\u00fcnde, die kostenfreien, anlasslosen Tests aller B\u00fcrgerinnen und B\u00fcrger in der derzeitigen Pandemielage zu \u00fcberdenken&#8221;. Eindeutige Kritik \u00e4u\u00dferten laut dem <em>Deutschen \u00c4rzteblatt <\/em>noch<em><\/em>zwei weitere \u00e4rztliche Verb\u00e4nde:<\/p>\n<blockquote>\n<p><em>&#8220;So bezeichnete die Kassen\u00e4rztliche Bundesvereinigung (KBV) die Regelungen als &#8216;sehr kleinteilig und detailliert&#8217; und kaum \u00fcberpr\u00fcfbar. Der Hartmannbund nannte die Umsetzungsbestimmungen &#8216;eine Zumutung f\u00fcr die Kolleginnen und Kollegen in den Praxen&#8217;.&#8221;<\/em><\/p>\n<\/blockquote>\n<p>Die subjektive Wahrnehmung von Minister Lauterbach liegt &#8211; nicht \u00fcberraschend &#8211; auf mehreren Ebenen zum Thema ann\u00e4hernd kontr\u00e4r. So teilte Lauterbach dem <em>ZDF-Morgenmagazin <\/em>mit, er &#8220;halte den b\u00fcrokratischen Aufwand bei der neuen Corona-Testverordnung f\u00fcr &#8216;\u00fcberschaubar'&#8221;. Zudem erweist sich eine \u00c4u\u00dferung Lauterbachs in der <em>Anne Will-Talksendung<\/em> vom letzten Sonntag als problematisch. So verk\u00fcndete der Minister bei Anne Will in der Sendung:<\/p>\n<blockquote>\n<p><em>&#8220;Die B\u00fcrgertests bleiben. Die Kassen\u00e4rztliche Bundesvereinigung (KBV) kann sich dem auch nicht so einfach entziehen, sondern [sie] sind in der Aufgabe, das abzurechnen.&#8221;<\/em><\/p>\n<\/blockquote>\n<p>Des Weiteren behauptete Lauterbach, dass er mit Kassen\u00e4rzte-Chef Dr. Andreas Gassen &#8220;bereits am Wochenende dar\u00fcber gesprochen&#8221; h\u00e4tte und &#8220;ihn zu Wochenbeginn noch treffen&#8221; werde. Diese Informationen wollte die <em>Bild-Zeitung<\/em> von Gassen best\u00e4tigt bekommen. Dazu hei\u00dft es in dem <a rel=\"nofollow noopener\" target=\"_blank\" href=\"https:\/\/www.bild.de\/politik\/2022\/politik\/corona-buergertest-chaos-lauterbach-gaukelt-einigung-vor-die-es-nicht-gibt-80594328.bild.html\">Artikel<\/a> der <em>Bild<\/em>:<\/p>\n<blockquote>\n<p><em>&#8220;Es gibt keine Einigung. Die KBV hat am Montagmorgen eigens die Kassen\u00e4rztlichen Vereinigungen der L\u00e4nder per Mail (liegt BILD vor) informiert, dass Lauterbachs Aussagen bei &#8216;Anne Will&#8217; nicht stimmten und es KEINE Einigung gebe. Am Wochenende gab es auch kein Gespr\u00e4ch mit Kassen\u00e4rzte-Chef Andreas Gassen.&#8221;<\/em><\/p>\n<\/blockquote>\n<p>Es k\u00e4me jedoch zumindest zu einem Treffen zwischen Lauterbach und Vertretern der\u00a0Kassen\u00e4rztlichen Vereinigungen der L\u00e4nder. Diese j\u00fcngsten Ereignisse reihen sich damit nahtlos in die mehr als kritische Wahrnehmung zur Arbeit von Minister Lauterbach ein.\u00a0Die Kassen\u00e4rztliche Vereinigung Hessen f\u00e4llte im Juni ein\u00a0eindeutiges,\u00a0nahezu vernichtendes Urteil \u00fcber die qualitative Leistung des Bundesgesundheitsministers Karl Lauterbach. So hei\u00dft es in einer <a rel=\"nofollow noopener\" target=\"_blank\" href=\"https:\/\/www.kvhessen.de\/publikationen\/auf-den-punkt\/3-2022\/\">Publikation<\/a> der Organisation aus dem Juni unter anderem:<\/p>\n<blockquote>\n<p><em>&#8220;Jede oder jeder, der sich ein bisschen mit der Materie auskennt, wusste, auf was es mit die\u00adser Personalie hinauslaufen wu\u0308rde (&#8230;)\u00a0Lauterbach, der als skurriler Wissenschaftler mit vermeintlicher epi\u00addemiologischer Expertise seine Nische dank Corona gefunden zu haben schien, wa\u0308re wohl besser in selbi\u00adger geblieben (&#8230;)\u00a0Was wir an Insider\u00ad-Informationen aus dem BMG und seinem Umfeld ho\u0308ren, la\u0308sst schlimmste Befu\u0308rchtungen wahr werden beziehungsweise u\u0308bertrifft sie sogar noch: Strategie, Organisation, Idee \u2013 alles Fehlanzeige.&#8221;<\/em><\/p>\n<\/blockquote>\n<p>Als unr\u00fchmliche Kr\u00f6nung strategisch fragw\u00fcrdiger Auftritte und Statements des amtierenden Bundesministers f\u00fcr Gesundheit in j\u00fcngster Zeit gelten dazu die aggressiven\u00a0Ausf\u00e4lle Karl Lauterbachs gegen\u00fcber ungeimpftem Gesundheitspersonal auf einer Demonstration zur Verbesserung der Arbeitsbedingungen im Bereich der Medizin und Pflege. Innerhalb der Ampelkoalition sind weiterhin keinerlei Reaktionen zu vernehmen bez\u00fcglich der Ereignisse und einer generellen Eignung Lauterbachs f\u00fcr dieses wichtige Ministeramt.<\/p>\n<p><strong>Mehr zum Thema &#8211;<\/strong>\u00a0<a rel=\"nofollow noopener\" target=\"_blank\" href=\"https:\/\/pressefreiheit.rtde.tech\/meinung\/141731-unprofessionell-lauterbach-beschimpft-und-spaltet\/\">Nichts geleistet? Demo-Redner Lauterbach beschimpft und spaltet protestierendes Pflegepersonal<\/a><\/p>\n<\/p>\n<\/div>\n<p><br \/>\n<br \/><a href=\"https:\/\/de.rt.com\/inland\/142682-karl-lauterbach-mit-teststabchen-zweimal\/\">Source link <\/a><\/p>\n","protected":false},"excerpt":{"rendered":"<p>Die aktualisierten Corona-Testverordnungen werden f\u00fcr den verantwortlichen Minister Lauterbach zum pers\u00f6nlichen Rohrkrepierer. Die Bundes\u00e4rztekammer fordert, die neue Testverordnung zur\u00fcckzuziehen. Zudem schwindelte Lauterbach in einer Talkshow zum vermeintlichen Konsens mit der Kassen\u00e4rztlichen Bundesvereinigung. Ende Juni informierte der\u00a0Bundesminister f\u00fcr Gesundheit, Karl Lauterbach (SPD), \u00fcber seine ausgearbeiteten Neuerungen zum Einsatz kostenloser B\u00fcrgertests. Seit Anfang Juli werden diese nur [&hellip;]<\/p>\n","protected":false},"author":3,"featured_media":12857,"comment_status":"open","ping_status":"open","sticky":false,"template":"","format":"standard","meta":{"wp_automatic_camp":["217"],"e42bc61a7ca2d5a02794fd6791c01367":["Problem Karl Lauterbach \u2013 ob Testverordnung oder falsche Talk-Aussage, der Unmut w\u00e4chst"],"original_link":["https:\/\/de.rt.com\/inland\/142682-karl-lauterbach-mit-teststabchen-zweimal\/"],"_thumbnail_id":["12857"],"_wptg_p2tg_sent2tg":["2022-07-05 11:20:51"],"jnews_social_counter_last_update":["1777431951"]},"categories":[19,23],"tags":[82,23262,5177,1748,268,17161,26894,26893,26895,21107],"yoast_head":"<!-- This site is optimized with the Yoast SEO Premium plugin v22.7 (Yoast SEO v22.7) - https:\/\/yoast.com\/wordpress\/plugins\/seo\/ -->\n<title>Problem Karl Lauterbach \u2013 ob Testverordnung oder falsche Talk-Aussage, der Unmut w\u00e4chst - just-now.NEWS Deutschland<\/title>\n<meta name=\"robots\" content=\"index, follow, max-snippet:-1, max-image-preview:large, max-video-preview:-1\" \/>\n<link rel=\"canonical\" href=\"https:\/\/now-news.de\/de\/deutschland\/problem-karl-lauterbach-ob-testverordnung-oder-falsche-talk-aussage-der-unmut-waechst\/\" \/>\n<meta property=\"og:locale\" content=\"de_DE\" \/>\n<meta property=\"og:type\" content=\"article\" \/>\n<meta property=\"og:title\" content=\"Problem Karl Lauterbach \u2013 ob Testverordnung oder falsche Talk-Aussage, der Unmut w\u00e4chst\" \/>\n<meta property=\"og:description\" content=\"Die aktualisierten Corona-Testverordnungen werden f\u00fcr den verantwortlichen Minister Lauterbach zum pers\u00f6nlichen Rohrkrepierer. Die Bundes\u00e4rztekammer fordert, die neue Testverordnung zur\u00fcckzuziehen. Zudem schwindelte Lauterbach in einer Talkshow zum vermeintlichen Konsens mit der Kassen\u00e4rztlichen Bundesvereinigung. Ende Juni informierte der\u00a0Bundesminister f\u00fcr Gesundheit, Karl Lauterbach (SPD), \u00fcber seine ausgearbeiteten Neuerungen zum Einsatz kostenloser B\u00fcrgertests. Seit Anfang Juli werden diese nur [&hellip;]\" \/>\n<meta property=\"og:url\" content=\"https:\/\/now-news.de\/de\/deutschland\/problem-karl-lauterbach-ob-testverordnung-oder-falsche-talk-aussage-der-unmut-waechst\/\" \/>\n<meta property=\"og:site_name\" content=\"just-now.NEWS Deutschland\" \/>\n<meta property=\"article:publisher\" content=\"https:\/\/www.facebook.com\/wirmachenauf\" \/>\n<meta property=\"article:published_time\" content=\"2022-07-05T09:09:59+00:00\" \/>\n<meta property=\"og:image\" content=\"https:\/\/now-news.de\/de\/wp-content\/uploads\/sites\/3\/2022\/07\/Problem-Karl-Lauterbach-\u2013-ob-Testverordnung-oder-falsche-Talk-Aussage-der.jpg\" \/>\n\t<meta property=\"og:image:width\" content=\"460\" \/>\n\t<meta property=\"og:image:height\" content=\"259\" \/>\n\t<meta property=\"og:image:type\" content=\"image\/jpeg\" \/>\n<meta name=\"author\" content=\"rtnews\" \/>\n<meta name=\"twitter:card\" content=\"summary_large_image\" \/>\n<meta name=\"twitter:creator\" content=\"@WirMachenAuf_de\" \/>\n<meta name=\"twitter:site\" content=\"@WirMachenAuf_de\" \/>\n<meta name=\"twitter:label1\" content=\"Verfasst von\" \/>\n\t<meta name=\"twitter:data1\" content=\"rtnews\" \/>\n\t<meta name=\"twitter:label2\" content=\"Gesch\u00e4tzte Lesezeit\" \/>\n\t<meta name=\"twitter:data2\" content=\"4\u00a0Minuten\" \/>\n<script type=\"application\/ld+json\" class=\"yoast-schema-graph\">{\"@context\":\"https:\/\/schema.org\",\"@graph\":[{\"@type\":\"Article\",\"@id\":\"https:\/\/now-news.de\/de\/deutschland\/problem-karl-lauterbach-ob-testverordnung-oder-falsche-talk-aussage-der-unmut-waechst\/#article\",\"isPartOf\":{\"@id\":\"https:\/\/now-news.de\/de\/deutschland\/problem-karl-lauterbach-ob-testverordnung-oder-falsche-talk-aussage-der-unmut-waechst\/\"},\"author\":{\"name\":\"rtnews\",\"@id\":\"https:\/\/now-news.de\/de\/#\/schema\/person\/fb534a4e865501d8b3285208df34a9b5\"},\"headline\":\"Problem Karl Lauterbach \u2013 ob Testverordnung oder falsche Talk-Aussage, der Unmut w\u00e4chst\",\"datePublished\":\"2022-07-05T09:09:59+00:00\",\"dateModified\":\"2022-07-05T09:09:59+00:00\",\"mainEntityOfPage\":{\"@id\":\"https:\/\/now-news.de\/de\/deutschland\/problem-karl-lauterbach-ob-testverordnung-oder-falsche-talk-aussage-der-unmut-waechst\/\"},\"wordCount\":866,\"commentCount\":0,\"publisher\":{\"@id\":\"https:\/\/now-news.de\/de\/#organization\"},\"image\":{\"@id\":\"https:\/\/now-news.de\/de\/deutschland\/problem-karl-lauterbach-ob-testverordnung-oder-falsche-talk-aussage-der-unmut-waechst\/#primaryimage\"},\"thumbnailUrl\":\"https:\/\/now-news.de\/de\/wp-content\/uploads\/sites\/3\/2022\/07\/Problem-Karl-Lauterbach-\u2013-ob-Testverordnung-oder-falsche-Talk-Aussage-der.jpg\",\"keywords\":[\"der\",\"Falsche\",\"Karl\",\"Lauterbach\",\"oder\",\"problem\",\"TalkAussage\",\"Testverordnung\",\"Unmut\",\"w\u00e4chst\"],\"articleSection\":[\"Deutschland\",\"Russland\"],\"inLanguage\":\"de\",\"potentialAction\":[{\"@type\":\"CommentAction\",\"name\":\"Comment\",\"target\":[\"https:\/\/now-news.de\/de\/deutschland\/problem-karl-lauterbach-ob-testverordnung-oder-falsche-talk-aussage-der-unmut-waechst\/#respond\"]}]},{\"@type\":\"WebPage\",\"@id\":\"https:\/\/now-news.de\/de\/deutschland\/problem-karl-lauterbach-ob-testverordnung-oder-falsche-talk-aussage-der-unmut-waechst\/\",\"url\":\"https:\/\/now-news.de\/de\/deutschland\/problem-karl-lauterbach-ob-testverordnung-oder-falsche-talk-aussage-der-unmut-waechst\/\",\"name\":\"Problem Karl Lauterbach \u2013 ob Testverordnung oder falsche Talk-Aussage, der Unmut w\u00e4chst - just-now.NEWS Deutschland\",\"isPartOf\":{\"@id\":\"https:\/\/now-news.de\/de\/#website\"},\"primaryImageOfPage\":{\"@id\":\"https:\/\/now-news.de\/de\/deutschland\/problem-karl-lauterbach-ob-testverordnung-oder-falsche-talk-aussage-der-unmut-waechst\/#primaryimage\"},\"image\":{\"@id\":\"https:\/\/now-news.de\/de\/deutschland\/problem-karl-lauterbach-ob-testverordnung-oder-falsche-talk-aussage-der-unmut-waechst\/#primaryimage\"},\"thumbnailUrl\":\"https:\/\/now-news.de\/de\/wp-content\/uploads\/sites\/3\/2022\/07\/Problem-Karl-Lauterbach-\u2013-ob-Testverordnung-oder-falsche-Talk-Aussage-der.jpg\",\"datePublished\":\"2022-07-05T09:09:59+00:00\",\"dateModified\":\"2022-07-05T09:09:59+00:00\",\"breadcrumb\":{\"@id\":\"https:\/\/now-news.de\/de\/deutschland\/problem-karl-lauterbach-ob-testverordnung-oder-falsche-talk-aussage-der-unmut-waechst\/#breadcrumb\"},\"inLanguage\":\"de\",\"potentialAction\":[{\"@type\":\"ReadAction\",\"target\":[\"https:\/\/now-news.de\/de\/deutschland\/problem-karl-lauterbach-ob-testverordnung-oder-falsche-talk-aussage-der-unmut-waechst\/\"]}]},{\"@type\":\"ImageObject\",\"inLanguage\":\"de\",\"@id\":\"https:\/\/now-news.de\/de\/deutschland\/problem-karl-lauterbach-ob-testverordnung-oder-falsche-talk-aussage-der-unmut-waechst\/#primaryimage\",\"url\":\"https:\/\/now-news.de\/de\/wp-content\/uploads\/sites\/3\/2022\/07\/Problem-Karl-Lauterbach-\u2013-ob-Testverordnung-oder-falsche-Talk-Aussage-der.jpg\",\"contentUrl\":\"https:\/\/now-news.de\/de\/wp-content\/uploads\/sites\/3\/2022\/07\/Problem-Karl-Lauterbach-\u2013-ob-Testverordnung-oder-falsche-Talk-Aussage-der.jpg\",\"width\":460,\"height\":259,\"caption\":\"Problem Karl Lauterbach \u2013 ob Testverordnung oder falsche Talk-Aussage, der Unmut w\u00e4chst\"},{\"@type\":\"BreadcrumbList\",\"@id\":\"https:\/\/now-news.de\/de\/deutschland\/problem-karl-lauterbach-ob-testverordnung-oder-falsche-talk-aussage-der-unmut-waechst\/#breadcrumb\",\"itemListElement\":[{\"@type\":\"ListItem\",\"position\":1,\"name\":\"Home\",\"item\":\"https:\/\/now-news.de\/de\/\"},{\"@type\":\"ListItem\",\"position\":2,\"name\":\"Problem Karl Lauterbach \u2013 ob Testverordnung oder falsche Talk-Aussage, der Unmut w\u00e4chst\"}]},{\"@type\":\"WebSite\",\"@id\":\"https:\/\/now-news.de\/de\/#website\",\"url\":\"https:\/\/now-news.de\/de\/\",\"name\":\"just-now.NEWS Deutschland\",\"description\":\"Das Portal f\u00fcr unzensierte Nachrichten aus der Welt\",\"publisher\":{\"@id\":\"https:\/\/now-news.de\/de\/#organization\"},\"potentialAction\":[{\"@type\":\"SearchAction\",\"target\":{\"@type\":\"EntryPoint\",\"urlTemplate\":\"https:\/\/now-news.de\/de\/?s={search_term_string}\"},\"query-input\":\"required name=search_term_string\"}],\"inLanguage\":\"de\"},{\"@type\":\"Organization\",\"@id\":\"https:\/\/now-news.de\/de\/#organization\",\"name\":\"Just Now News\",\"url\":\"https:\/\/now-news.de\/de\/\",\"logo\":{\"@type\":\"ImageObject\",\"inLanguage\":\"de\",\"@id\":\"https:\/\/now-news.de\/de\/#\/schema\/logo\/image\/\",\"url\":\"http:\/\/just-now.news\/de\/wp-content\/uploads\/sites\/3\/2022\/04\/logo500x500.jpg\",\"contentUrl\":\"http:\/\/just-now.news\/de\/wp-content\/uploads\/sites\/3\/2022\/04\/logo500x500.jpg\",\"width\":500,\"height\":500,\"caption\":\"Just Now News\"},\"image\":{\"@id\":\"https:\/\/now-news.de\/de\/#\/schema\/logo\/image\/\"},\"sameAs\":[\"https:\/\/www.facebook.com\/wirmachenauf\",\"https:\/\/x.com\/WirMachenAuf_de\"]},{\"@type\":\"Person\",\"@id\":\"https:\/\/now-news.de\/de\/#\/schema\/person\/fb534a4e865501d8b3285208df34a9b5\",\"name\":\"rtnews\",\"image\":{\"@type\":\"ImageObject\",\"inLanguage\":\"de\",\"@id\":\"https:\/\/now-news.de\/de\/#\/schema\/person\/image\/\",\"url\":\"https:\/\/secure.gravatar.com\/avatar\/82aafea7d8127119dd649515f56e2117?s=96&d=mm&r=g\",\"contentUrl\":\"https:\/\/secure.gravatar.com\/avatar\/82aafea7d8127119dd649515f56e2117?s=96&d=mm&r=g\",\"caption\":\"rtnews\"},\"url\":\"https:\/\/now-news.de\/de\/author\/rnews\/\"}]}<\/script>\n<!-- \/ Yoast SEO Premium plugin. -->","yoast_head_json":{"title":"Problem Karl Lauterbach \u2013 ob Testverordnung oder falsche Talk-Aussage, der Unmut w\u00e4chst - just-now.NEWS Deutschland","robots":{"index":"index","follow":"follow","max-snippet":"max-snippet:-1","max-image-preview":"max-image-preview:large","max-video-preview":"max-video-preview:-1"},"canonical":"https:\/\/now-news.de\/de\/deutschland\/problem-karl-lauterbach-ob-testverordnung-oder-falsche-talk-aussage-der-unmut-waechst\/","og_locale":"de_DE","og_type":"article","og_title":"Problem Karl Lauterbach \u2013 ob Testverordnung oder falsche Talk-Aussage, der Unmut w\u00e4chst","og_description":"Die aktualisierten Corona-Testverordnungen werden f\u00fcr den verantwortlichen Minister Lauterbach zum pers\u00f6nlichen Rohrkrepierer. Die Bundes\u00e4rztekammer fordert, die neue Testverordnung zur\u00fcckzuziehen. Zudem schwindelte Lauterbach in einer Talkshow zum vermeintlichen Konsens mit der Kassen\u00e4rztlichen Bundesvereinigung. Ende Juni informierte der\u00a0Bundesminister f\u00fcr Gesundheit, Karl Lauterbach (SPD), \u00fcber seine ausgearbeiteten Neuerungen zum Einsatz kostenloser B\u00fcrgertests. Seit Anfang Juli werden diese nur [&hellip;]","og_url":"https:\/\/now-news.de\/de\/deutschland\/problem-karl-lauterbach-ob-testverordnung-oder-falsche-talk-aussage-der-unmut-waechst\/","og_site_name":"just-now.NEWS Deutschland","article_publisher":"https:\/\/www.facebook.com\/wirmachenauf","article_published_time":"2022-07-05T09:09:59+00:00","og_image":[{"width":460,"height":259,"url":"https:\/\/now-news.de\/de\/wp-content\/uploads\/sites\/3\/2022\/07\/Problem-Karl-Lauterbach-\u2013-ob-Testverordnung-oder-falsche-Talk-Aussage-der.jpg","type":"image\/jpeg"}],"author":"rtnews","twitter_card":"summary_large_image","twitter_creator":"@WirMachenAuf_de","twitter_site":"@WirMachenAuf_de","twitter_misc":{"Verfasst von":"rtnews","Gesch\u00e4tzte Lesezeit":"4\u00a0Minuten"},"schema":{"@context":"https:\/\/schema.org","@graph":[{"@type":"Article","@id":"https:\/\/now-news.de\/de\/deutschland\/problem-karl-lauterbach-ob-testverordnung-oder-falsche-talk-aussage-der-unmut-waechst\/#article","isPartOf":{"@id":"https:\/\/now-news.de\/de\/deutschland\/problem-karl-lauterbach-ob-testverordnung-oder-falsche-talk-aussage-der-unmut-waechst\/"},"author":{"name":"rtnews","@id":"https:\/\/now-news.de\/de\/#\/schema\/person\/fb534a4e865501d8b3285208df34a9b5"},"headline":"Problem Karl Lauterbach \u2013 ob Testverordnung oder falsche Talk-Aussage, der Unmut w\u00e4chst","datePublished":"2022-07-05T09:09:59+00:00","dateModified":"2022-07-05T09:09:59+00:00","mainEntityOfPage":{"@id":"https:\/\/now-news.de\/de\/deutschland\/problem-karl-lauterbach-ob-testverordnung-oder-falsche-talk-aussage-der-unmut-waechst\/"},"wordCount":866,"commentCount":0,"publisher":{"@id":"https:\/\/now-news.de\/de\/#organization"},"image":{"@id":"https:\/\/now-news.de\/de\/deutschland\/problem-karl-lauterbach-ob-testverordnung-oder-falsche-talk-aussage-der-unmut-waechst\/#primaryimage"},"thumbnailUrl":"https:\/\/now-news.de\/de\/wp-content\/uploads\/sites\/3\/2022\/07\/Problem-Karl-Lauterbach-\u2013-ob-Testverordnung-oder-falsche-Talk-Aussage-der.jpg","keywords":["der","Falsche","Karl","Lauterbach","oder","problem","TalkAussage","Testverordnung","Unmut","w\u00e4chst"],"articleSection":["Deutschland","Russland"],"inLanguage":"de","potentialAction":[{"@type":"CommentAction","name":"Comment","target":["https:\/\/now-news.de\/de\/deutschland\/problem-karl-lauterbach-ob-testverordnung-oder-falsche-talk-aussage-der-unmut-waechst\/#respond"]}]},{"@type":"WebPage","@id":"https:\/\/now-news.de\/de\/deutschland\/problem-karl-lauterbach-ob-testverordnung-oder-falsche-talk-aussage-der-unmut-waechst\/","url":"https:\/\/now-news.de\/de\/deutschland\/problem-karl-lauterbach-ob-testverordnung-oder-falsche-talk-aussage-der-unmut-waechst\/","name":"Problem Karl Lauterbach \u2013 ob Testverordnung oder falsche Talk-Aussage, der Unmut w\u00e4chst - just-now.NEWS Deutschland","isPartOf":{"@id":"https:\/\/now-news.de\/de\/#website"},"primaryImageOfPage":{"@id":"https:\/\/now-news.de\/de\/deutschland\/problem-karl-lauterbach-ob-testverordnung-oder-falsche-talk-aussage-der-unmut-waechst\/#primaryimage"},"image":{"@id":"https:\/\/now-news.de\/de\/deutschland\/problem-karl-lauterbach-ob-testverordnung-oder-falsche-talk-aussage-der-unmut-waechst\/#primaryimage"},"thumbnailUrl":"https:\/\/now-news.de\/de\/wp-content\/uploads\/sites\/3\/2022\/07\/Problem-Karl-Lauterbach-\u2013-ob-Testverordnung-oder-falsche-Talk-Aussage-der.jpg","datePublished":"2022-07-05T09:09:59+00:00","dateModified":"2022-07-05T09:09:59+00:00","breadcrumb":{"@id":"https:\/\/now-news.de\/de\/deutschland\/problem-karl-lauterbach-ob-testverordnung-oder-falsche-talk-aussage-der-unmut-waechst\/#breadcrumb"},"inLanguage":"de","potentialAction":[{"@type":"ReadAction","target":["https:\/\/now-news.de\/de\/deutschland\/problem-karl-lauterbach-ob-testverordnung-oder-falsche-talk-aussage-der-unmut-waechst\/"]}]},{"@type":"ImageObject","inLanguage":"de","@id":"https:\/\/now-news.de\/de\/deutschland\/problem-karl-lauterbach-ob-testverordnung-oder-falsche-talk-aussage-der-unmut-waechst\/#primaryimage","url":"https:\/\/now-news.de\/de\/wp-content\/uploads\/sites\/3\/2022\/07\/Problem-Karl-Lauterbach-\u2013-ob-Testverordnung-oder-falsche-Talk-Aussage-der.jpg","contentUrl":"https:\/\/now-news.de\/de\/wp-content\/uploads\/sites\/3\/2022\/07\/Problem-Karl-Lauterbach-\u2013-ob-Testverordnung-oder-falsche-Talk-Aussage-der.jpg","width":460,"height":259,"caption":"Problem Karl Lauterbach \u2013 ob Testverordnung oder falsche Talk-Aussage, der Unmut w\u00e4chst"},{"@type":"BreadcrumbList","@id":"https:\/\/now-news.de\/de\/deutschland\/problem-karl-lauterbach-ob-testverordnung-oder-falsche-talk-aussage-der-unmut-waechst\/#breadcrumb","itemListElement":[{"@type":"ListItem","position":1,"name":"Home","item":"https:\/\/now-news.de\/de\/"},{"@type":"ListItem","position":2,"name":"Problem Karl Lauterbach \u2013 ob Testverordnung oder falsche Talk-Aussage, der Unmut w\u00e4chst"}]},{"@type":"WebSite","@id":"https:\/\/now-news.de\/de\/#website","url":"https:\/\/now-news.de\/de\/","name":"just-now.NEWS Deutschland","description":"Das Portal f\u00fcr unzensierte Nachrichten aus der Welt","publisher":{"@id":"https:\/\/now-news.de\/de\/#organization"},"potentialAction":[{"@type":"SearchAction","target":{"@type":"EntryPoint","urlTemplate":"https:\/\/now-news.de\/de\/?s={search_term_string}"},"query-input":"required name=search_term_string"}],"inLanguage":"de"},{"@type":"Organization","@id":"https:\/\/now-news.de\/de\/#organization","name":"Just Now News","url":"https:\/\/now-news.de\/de\/","logo":{"@type":"ImageObject","inLanguage":"de","@id":"https:\/\/now-news.de\/de\/#\/schema\/logo\/image\/","url":"http:\/\/just-now.news\/de\/wp-content\/uploads\/sites\/3\/2022\/04\/logo500x500.jpg","contentUrl":"http:\/\/just-now.news\/de\/wp-content\/uploads\/sites\/3\/2022\/04\/logo500x500.jpg","width":500,"height":500,"caption":"Just Now News"},"image":{"@id":"https:\/\/now-news.de\/de\/#\/schema\/logo\/image\/"},"sameAs":["https:\/\/www.facebook.com\/wirmachenauf","https:\/\/x.com\/WirMachenAuf_de"]},{"@type":"Person","@id":"https:\/\/now-news.de\/de\/#\/schema\/person\/fb534a4e865501d8b3285208df34a9b5","name":"rtnews","image":{"@type":"ImageObject","inLanguage":"de","@id":"https:\/\/now-news.de\/de\/#\/schema\/person\/image\/","url":"https:\/\/secure.gravatar.com\/avatar\/82aafea7d8127119dd649515f56e2117?s=96&d=mm&r=g","contentUrl":"https:\/\/secure.gravatar.com\/avatar\/82aafea7d8127119dd649515f56e2117?s=96&d=mm&r=g","caption":"rtnews"},"url":"https:\/\/now-news.de\/de\/author\/rnews\/"}]}},"_links":{"self":[{"href":"https:\/\/now-news.de\/de\/wp-json\/wp\/v2\/posts\/12856"}],"collection":[{"href":"https:\/\/now-news.de\/de\/wp-json\/wp\/v2\/posts"}],"about":[{"href":"https:\/\/now-news.de\/de\/wp-json\/wp\/v2\/types\/post"}],"author":[{"embeddable":true,"href":"https:\/\/now-news.de\/de\/wp-json\/wp\/v2\/users\/3"}],"replies":[{"embeddable":true,"href":"https:\/\/now-news.de\/de\/wp-json\/wp\/v2\/comments?post=12856"}],"version-history":[{"count":0,"href":"https:\/\/now-news.de\/de\/wp-json\/wp\/v2\/posts\/12856\/revisions"}],"wp:featuredmedia":[{"embeddable":true,"href":"https:\/\/now-news.de\/de\/wp-json\/wp\/v2\/media\/12857"}],"wp:attachment":[{"href":"https:\/\/now-news.de\/de\/wp-json\/wp\/v2\/media?parent=12856"}],"wp:term":[{"taxonomy":"category","embeddable":true,"href":"https:\/\/now-news.de\/de\/wp-json\/wp\/v2\/categories?post=12856"},{"taxonomy":"post_tag","embeddable":true,"href":"https:\/\/now-news.de\/de\/wp-json\/wp\/v2\/tags?post=12856"}],"curies":[{"name":"wp","href":"https:\/\/api.w.org\/{rel}","templated":true}]}}