{"id":12850,"date":"2022-07-05T09:51:23","date_gmt":"2022-07-05T07:51:23","guid":{"rendered":"http:\/\/just-now.news\/de\/deutschland\/amokschiessen-am-us-unabhaengigkeitstag-in-illinois-verdaechtiger-festgenommen\/"},"modified":"2022-07-05T09:51:23","modified_gmt":"2022-07-05T07:51:23","slug":"amokschiessen-am-us-unabhaengigkeitstag-in-illinois-verdaechtiger-festgenommen","status":"publish","type":"post","link":"https:\/\/now-news.de\/de\/deutschland\/amokschiessen-am-us-unabhaengigkeitstag-in-illinois-verdaechtiger-festgenommen\/","title":{"rendered":"Amokschie\u00dfen am US-Unabh\u00e4ngigkeitstag in Illinois \u2013 Verd\u00e4chtiger festgenommen"},"content":{"rendered":"<p><img decoding=\"async\" src=\"http:\/\/just-now.news\/de\/wp-content\/uploads\/sites\/3\/2022\/07\/62c3e4cdb480cc4c1e708457.jpg\" \/><\/p>\n<div class=\"Text-root Text-type_1 \">\n                In Highland Park im US-Bundesstaat Illinois hat ein Amoksch\u00fctze das Feuer auf eine Parade zum Unabh\u00e4ngigkeitstag am vierten Juli er\u00f6ffnet. Dutzende Menschen wurden verwundet und Hunderte in Panik versetzt. Ein Verd\u00e4chtiger wurde am Abend desselben Tages festgenommen.\n            <\/div>\n<p><\/p>\n<div class=\"Text-root Text-type_5 ArticleView-text ViewText-root \">\n<p>Gegen 10:15 Uhr er\u00f6ffnete der Amoksch\u00fctze vom Dach eines Gesch\u00e4ftsgeb\u00e4udes aus das Feuer auf die Parade zum Unabh\u00e4ngigkeitstag. F\u00fcnf Menschen verstarben noch am Tatort, ein weiteres Opfer starb in einem Krankenhaus. Dutzende Menschen wurden verwundet. Hunderte Besucher, darunter auch Familien mit Kindern, verlie\u00dfen in panikartiger Flucht den Ort des Geschehens.<\/p>\n<p>Die zust\u00e4ndigen Sicherheitsbeh\u00f6rden konnten nach eigenen Angaben den mutma\u00dflichen Sch\u00fctzen im Zusammenhang mit dieser Massenschie\u00dferei festnehmen. Ein Fahrzeug, mit dem der Verd\u00e4chtige unterwegs war, wurde gegen 18.30 Uhr von einem Polizeibeamten gesichtet. Nach einer &#8220;kurzen Verfolgung&#8221; wurde der Mann rund neun Stunden nach dem Amoklauf &#8220;ohne Zwischenf\u00e4lle&#8221; festgenommen.<\/p>\n<p>Die \u00f6rtliche Polizei und das FBI hatten zuvor den 22-j\u00e4hrigen Robert E. Crimo als den Hauptverd\u00e4chtigen des Anschlags identifiziert und gewarnt, er sei bewaffnet und gef\u00e4hrlich. Die Ordnungsh\u00fcter gehen aktuell davon aus, dass der Sch\u00fctze allein gehandelt hat. Anklage gegen den Festgenommenen wurde bislang noch nicht erhoben.<\/p>\n<p>US-Pr\u00e4sident Joe Biden und seine Frau Jill erkl\u00e4rten, sie seien &#8220;schockiert \u00fcber die sinnlose Waffengewalt&#8221;, lobten die Ersthelfer und die Strafverfolgungsbeh\u00f6rden vor Ort und versprachen, sie &#8220;werden nicht aufgeben, die Epidemie der Waffengewalt zu bek\u00e4mpfen&#8221;.<\/p>\n<p><strong>Mehr zum Thema<\/strong>\u00a0\u2013\u00a0<a rel=\"nofollow noopener\" target=\"_blank\" href=\"https:\/\/de.rt.com\/meinung\/92213-feuer-frei-san-francisco-stadtverwaltung-nra-inlandsterroristen\/\">Feuer frei: San-Francisco-Stadtverwaltung erkl\u00e4rt National Rifle Association zu &#8220;Inlandsterroristen&#8221;<\/a><\/p>\n<p>\u00a0<\/p>\n<\/p>\n<\/div>\n<p><br \/>\n<br \/><a href=\"https:\/\/de.rt.com\/nordamerika\/142688-us-unabhangigkeitstag-in-illinois-mit-amokschiessen-begangen-verdachtiger-festgenommen\/\">Source link <\/a><\/p>\n","protected":false},"excerpt":{"rendered":"<p>In Highland Park im US-Bundesstaat Illinois hat ein Amoksch\u00fctze das Feuer auf eine Parade zum Unabh\u00e4ngigkeitstag am vierten Juli er\u00f6ffnet. Dutzende Menschen wurden verwundet und Hunderte in Panik versetzt. Ein Verd\u00e4chtiger wurde am Abend desselben Tages festgenommen. Gegen 10:15 Uhr er\u00f6ffnete der Amoksch\u00fctze vom Dach eines Gesch\u00e4ftsgeb\u00e4udes aus das Feuer auf die Parade zum Unabh\u00e4ngigkeitstag. [&hellip;]<\/p>\n","protected":false},"author":3,"featured_media":12851,"comment_status":"open","ping_status":"open","sticky":false,"template":"","format":"standard","meta":{"wp_automatic_camp":["217"],"f0813da6e35ace36c705fd02c05dfbe2":["Amokschie\u00dfen am US-Unabh\u00e4ngigkeitstag in Illinois \u2013 Verd\u00e4chtiger festgenommen"],"original_link":["https:\/\/de.rt.com\/nordamerika\/142688-us-unabhangigkeitstag-in-illinois-mit-amokschiessen-begangen-verdachtiger-festgenommen\/"],"_thumbnail_id":["12851"],"_wptg_p2tg_sent2tg":["2022-07-05 10:01:00"],"jnews_social_counter_last_update":["1777219686"]},"categories":[19,23],"tags":[26888,1356,25748,26889,6654],"yoast_head":"<!-- This site is optimized with the Yoast SEO Premium plugin v22.7 (Yoast SEO v22.7) - https:\/\/yoast.com\/wordpress\/plugins\/seo\/ -->\n<title>Amokschie\u00dfen am US-Unabh\u00e4ngigkeitstag in Illinois \u2013 Verd\u00e4chtiger festgenommen - just-now.NEWS Deutschland<\/title>\n<meta name=\"robots\" content=\"index, follow, max-snippet:-1, max-image-preview:large, max-video-preview:-1\" \/>\n<link rel=\"canonical\" href=\"https:\/\/now-news.de\/de\/deutschland\/amokschiessen-am-us-unabhaengigkeitstag-in-illinois-verdaechtiger-festgenommen\/\" \/>\n<meta property=\"og:locale\" content=\"de_DE\" \/>\n<meta property=\"og:type\" content=\"article\" \/>\n<meta property=\"og:title\" content=\"Amokschie\u00dfen am US-Unabh\u00e4ngigkeitstag in Illinois \u2013 Verd\u00e4chtiger festgenommen\" \/>\n<meta property=\"og:description\" content=\"In Highland Park im US-Bundesstaat Illinois hat ein Amoksch\u00fctze das Feuer auf eine Parade zum Unabh\u00e4ngigkeitstag am vierten Juli er\u00f6ffnet. Dutzende Menschen wurden verwundet und Hunderte in Panik versetzt. Ein Verd\u00e4chtiger wurde am Abend desselben Tages festgenommen. Gegen 10:15 Uhr er\u00f6ffnete der Amoksch\u00fctze vom Dach eines Gesch\u00e4ftsgeb\u00e4udes aus das Feuer auf die Parade zum Unabh\u00e4ngigkeitstag. [&hellip;]\" \/>\n<meta property=\"og:url\" content=\"https:\/\/now-news.de\/de\/deutschland\/amokschiessen-am-us-unabhaengigkeitstag-in-illinois-verdaechtiger-festgenommen\/\" \/>\n<meta property=\"og:site_name\" content=\"just-now.NEWS Deutschland\" \/>\n<meta property=\"article:publisher\" content=\"https:\/\/www.facebook.com\/wirmachenauf\" \/>\n<meta property=\"article:published_time\" content=\"2022-07-05T07:51:23+00:00\" \/>\n<meta property=\"og:image\" content=\"https:\/\/now-news.de\/de\/wp-content\/uploads\/sites\/3\/2022\/07\/Amokschiessen-am-US-Unabhaengigkeitstag-in-Illinois-\u2013-Verdaechtiger-festgenommen.jpg\" \/>\n\t<meta property=\"og:image:width\" content=\"460\" \/>\n\t<meta property=\"og:image:height\" content=\"259\" \/>\n\t<meta property=\"og:image:type\" content=\"image\/jpeg\" \/>\n<meta name=\"author\" content=\"rtnews\" \/>\n<meta name=\"twitter:card\" content=\"summary_large_image\" \/>\n<meta name=\"twitter:creator\" content=\"@WirMachenAuf_de\" \/>\n<meta name=\"twitter:site\" content=\"@WirMachenAuf_de\" \/>\n<meta name=\"twitter:label1\" content=\"Verfasst von\" \/>\n\t<meta name=\"twitter:data1\" content=\"rtnews\" \/>\n\t<meta name=\"twitter:label2\" content=\"Gesch\u00e4tzte Lesezeit\" \/>\n\t<meta name=\"twitter:data2\" content=\"1\u00a0Minute\" \/>\n<script type=\"application\/ld+json\" class=\"yoast-schema-graph\">{\"@context\":\"https:\/\/schema.org\",\"@graph\":[{\"@type\":\"Article\",\"@id\":\"https:\/\/now-news.de\/de\/deutschland\/amokschiessen-am-us-unabhaengigkeitstag-in-illinois-verdaechtiger-festgenommen\/#article\",\"isPartOf\":{\"@id\":\"https:\/\/now-news.de\/de\/deutschland\/amokschiessen-am-us-unabhaengigkeitstag-in-illinois-verdaechtiger-festgenommen\/\"},\"author\":{\"name\":\"rtnews\",\"@id\":\"https:\/\/now-news.de\/de\/#\/schema\/person\/fb534a4e865501d8b3285208df34a9b5\"},\"headline\":\"Amokschie\u00dfen am US-Unabh\u00e4ngigkeitstag in Illinois \u2013 Verd\u00e4chtiger festgenommen\",\"datePublished\":\"2022-07-05T07:51:23+00:00\",\"dateModified\":\"2022-07-05T07:51:23+00:00\",\"mainEntityOfPage\":{\"@id\":\"https:\/\/now-news.de\/de\/deutschland\/amokschiessen-am-us-unabhaengigkeitstag-in-illinois-verdaechtiger-festgenommen\/\"},\"wordCount\":268,\"commentCount\":0,\"publisher\":{\"@id\":\"https:\/\/now-news.de\/de\/#organization\"},\"image\":{\"@id\":\"https:\/\/now-news.de\/de\/deutschland\/amokschiessen-am-us-unabhaengigkeitstag-in-illinois-verdaechtiger-festgenommen\/#primaryimage\"},\"thumbnailUrl\":\"https:\/\/now-news.de\/de\/wp-content\/uploads\/sites\/3\/2022\/07\/Amokschiessen-am-US-Unabhaengigkeitstag-in-Illinois-\u2013-Verdaechtiger-festgenommen.jpg\",\"keywords\":[\"Amokschie\u00dfen\",\"festgenommen\",\"Illinois\",\"USUnabh\u00e4ngigkeitstag\",\"Verd\u00e4chtiger\"],\"articleSection\":[\"Deutschland\",\"Russland\"],\"inLanguage\":\"de\",\"potentialAction\":[{\"@type\":\"CommentAction\",\"name\":\"Comment\",\"target\":[\"https:\/\/now-news.de\/de\/deutschland\/amokschiessen-am-us-unabhaengigkeitstag-in-illinois-verdaechtiger-festgenommen\/#respond\"]}]},{\"@type\":\"WebPage\",\"@id\":\"https:\/\/now-news.de\/de\/deutschland\/amokschiessen-am-us-unabhaengigkeitstag-in-illinois-verdaechtiger-festgenommen\/\",\"url\":\"https:\/\/now-news.de\/de\/deutschland\/amokschiessen-am-us-unabhaengigkeitstag-in-illinois-verdaechtiger-festgenommen\/\",\"name\":\"Amokschie\u00dfen am US-Unabh\u00e4ngigkeitstag in Illinois \u2013 Verd\u00e4chtiger festgenommen - just-now.NEWS Deutschland\",\"isPartOf\":{\"@id\":\"https:\/\/now-news.de\/de\/#website\"},\"primaryImageOfPage\":{\"@id\":\"https:\/\/now-news.de\/de\/deutschland\/amokschiessen-am-us-unabhaengigkeitstag-in-illinois-verdaechtiger-festgenommen\/#primaryimage\"},\"image\":{\"@id\":\"https:\/\/now-news.de\/de\/deutschland\/amokschiessen-am-us-unabhaengigkeitstag-in-illinois-verdaechtiger-festgenommen\/#primaryimage\"},\"thumbnailUrl\":\"https:\/\/now-news.de\/de\/wp-content\/uploads\/sites\/3\/2022\/07\/Amokschiessen-am-US-Unabhaengigkeitstag-in-Illinois-\u2013-Verdaechtiger-festgenommen.jpg\",\"datePublished\":\"2022-07-05T07:51:23+00:00\",\"dateModified\":\"2022-07-05T07:51:23+00:00\",\"breadcrumb\":{\"@id\":\"https:\/\/now-news.de\/de\/deutschland\/amokschiessen-am-us-unabhaengigkeitstag-in-illinois-verdaechtiger-festgenommen\/#breadcrumb\"},\"inLanguage\":\"de\",\"potentialAction\":[{\"@type\":\"ReadAction\",\"target\":[\"https:\/\/now-news.de\/de\/deutschland\/amokschiessen-am-us-unabhaengigkeitstag-in-illinois-verdaechtiger-festgenommen\/\"]}]},{\"@type\":\"ImageObject\",\"inLanguage\":\"de\",\"@id\":\"https:\/\/now-news.de\/de\/deutschland\/amokschiessen-am-us-unabhaengigkeitstag-in-illinois-verdaechtiger-festgenommen\/#primaryimage\",\"url\":\"https:\/\/now-news.de\/de\/wp-content\/uploads\/sites\/3\/2022\/07\/Amokschiessen-am-US-Unabhaengigkeitstag-in-Illinois-\u2013-Verdaechtiger-festgenommen.jpg\",\"contentUrl\":\"https:\/\/now-news.de\/de\/wp-content\/uploads\/sites\/3\/2022\/07\/Amokschiessen-am-US-Unabhaengigkeitstag-in-Illinois-\u2013-Verdaechtiger-festgenommen.jpg\",\"width\":460,\"height\":259,\"caption\":\"Amokschie\u00dfen am US-Unabh\u00e4ngigkeitstag in Illinois \u2013 Verd\u00e4chtiger festgenommen\"},{\"@type\":\"BreadcrumbList\",\"@id\":\"https:\/\/now-news.de\/de\/deutschland\/amokschiessen-am-us-unabhaengigkeitstag-in-illinois-verdaechtiger-festgenommen\/#breadcrumb\",\"itemListElement\":[{\"@type\":\"ListItem\",\"position\":1,\"name\":\"Home\",\"item\":\"https:\/\/now-news.de\/de\/\"},{\"@type\":\"ListItem\",\"position\":2,\"name\":\"Amokschie\u00dfen am US-Unabh\u00e4ngigkeitstag in Illinois \u2013 Verd\u00e4chtiger festgenommen\"}]},{\"@type\":\"WebSite\",\"@id\":\"https:\/\/now-news.de\/de\/#website\",\"url\":\"https:\/\/now-news.de\/de\/\",\"name\":\"just-now.NEWS Deutschland\",\"description\":\"Das Portal f\u00fcr unzensierte Nachrichten aus der Welt\",\"publisher\":{\"@id\":\"https:\/\/now-news.de\/de\/#organization\"},\"potentialAction\":[{\"@type\":\"SearchAction\",\"target\":{\"@type\":\"EntryPoint\",\"urlTemplate\":\"https:\/\/now-news.de\/de\/?s={search_term_string}\"},\"query-input\":\"required name=search_term_string\"}],\"inLanguage\":\"de\"},{\"@type\":\"Organization\",\"@id\":\"https:\/\/now-news.de\/de\/#organization\",\"name\":\"Just Now News\",\"url\":\"https:\/\/now-news.de\/de\/\",\"logo\":{\"@type\":\"ImageObject\",\"inLanguage\":\"de\",\"@id\":\"https:\/\/now-news.de\/de\/#\/schema\/logo\/image\/\",\"url\":\"http:\/\/just-now.news\/de\/wp-content\/uploads\/sites\/3\/2022\/04\/logo500x500.jpg\",\"contentUrl\":\"http:\/\/just-now.news\/de\/wp-content\/uploads\/sites\/3\/2022\/04\/logo500x500.jpg\",\"width\":500,\"height\":500,\"caption\":\"Just Now News\"},\"image\":{\"@id\":\"https:\/\/now-news.de\/de\/#\/schema\/logo\/image\/\"},\"sameAs\":[\"https:\/\/www.facebook.com\/wirmachenauf\",\"https:\/\/x.com\/WirMachenAuf_de\"]},{\"@type\":\"Person\",\"@id\":\"https:\/\/now-news.de\/de\/#\/schema\/person\/fb534a4e865501d8b3285208df34a9b5\",\"name\":\"rtnews\",\"image\":{\"@type\":\"ImageObject\",\"inLanguage\":\"de\",\"@id\":\"https:\/\/now-news.de\/de\/#\/schema\/person\/image\/\",\"url\":\"https:\/\/secure.gravatar.com\/avatar\/82aafea7d8127119dd649515f56e2117?s=96&d=mm&r=g\",\"contentUrl\":\"https:\/\/secure.gravatar.com\/avatar\/82aafea7d8127119dd649515f56e2117?s=96&d=mm&r=g\",\"caption\":\"rtnews\"},\"url\":\"https:\/\/now-news.de\/de\/author\/rnews\/\"}]}<\/script>\n<!-- \/ Yoast SEO Premium plugin. -->","yoast_head_json":{"title":"Amokschie\u00dfen am US-Unabh\u00e4ngigkeitstag in Illinois \u2013 Verd\u00e4chtiger festgenommen - just-now.NEWS Deutschland","robots":{"index":"index","follow":"follow","max-snippet":"max-snippet:-1","max-image-preview":"max-image-preview:large","max-video-preview":"max-video-preview:-1"},"canonical":"https:\/\/now-news.de\/de\/deutschland\/amokschiessen-am-us-unabhaengigkeitstag-in-illinois-verdaechtiger-festgenommen\/","og_locale":"de_DE","og_type":"article","og_title":"Amokschie\u00dfen am US-Unabh\u00e4ngigkeitstag in Illinois \u2013 Verd\u00e4chtiger festgenommen","og_description":"In Highland Park im US-Bundesstaat Illinois hat ein Amoksch\u00fctze das Feuer auf eine Parade zum Unabh\u00e4ngigkeitstag am vierten Juli er\u00f6ffnet. Dutzende Menschen wurden verwundet und Hunderte in Panik versetzt. Ein Verd\u00e4chtiger wurde am Abend desselben Tages festgenommen. Gegen 10:15 Uhr er\u00f6ffnete der Amoksch\u00fctze vom Dach eines Gesch\u00e4ftsgeb\u00e4udes aus das Feuer auf die Parade zum Unabh\u00e4ngigkeitstag. [&hellip;]","og_url":"https:\/\/now-news.de\/de\/deutschland\/amokschiessen-am-us-unabhaengigkeitstag-in-illinois-verdaechtiger-festgenommen\/","og_site_name":"just-now.NEWS Deutschland","article_publisher":"https:\/\/www.facebook.com\/wirmachenauf","article_published_time":"2022-07-05T07:51:23+00:00","og_image":[{"width":460,"height":259,"url":"https:\/\/now-news.de\/de\/wp-content\/uploads\/sites\/3\/2022\/07\/Amokschiessen-am-US-Unabhaengigkeitstag-in-Illinois-\u2013-Verdaechtiger-festgenommen.jpg","type":"image\/jpeg"}],"author":"rtnews","twitter_card":"summary_large_image","twitter_creator":"@WirMachenAuf_de","twitter_site":"@WirMachenAuf_de","twitter_misc":{"Verfasst von":"rtnews","Gesch\u00e4tzte Lesezeit":"1\u00a0Minute"},"schema":{"@context":"https:\/\/schema.org","@graph":[{"@type":"Article","@id":"https:\/\/now-news.de\/de\/deutschland\/amokschiessen-am-us-unabhaengigkeitstag-in-illinois-verdaechtiger-festgenommen\/#article","isPartOf":{"@id":"https:\/\/now-news.de\/de\/deutschland\/amokschiessen-am-us-unabhaengigkeitstag-in-illinois-verdaechtiger-festgenommen\/"},"author":{"name":"rtnews","@id":"https:\/\/now-news.de\/de\/#\/schema\/person\/fb534a4e865501d8b3285208df34a9b5"},"headline":"Amokschie\u00dfen am US-Unabh\u00e4ngigkeitstag in Illinois \u2013 Verd\u00e4chtiger festgenommen","datePublished":"2022-07-05T07:51:23+00:00","dateModified":"2022-07-05T07:51:23+00:00","mainEntityOfPage":{"@id":"https:\/\/now-news.de\/de\/deutschland\/amokschiessen-am-us-unabhaengigkeitstag-in-illinois-verdaechtiger-festgenommen\/"},"wordCount":268,"commentCount":0,"publisher":{"@id":"https:\/\/now-news.de\/de\/#organization"},"image":{"@id":"https:\/\/now-news.de\/de\/deutschland\/amokschiessen-am-us-unabhaengigkeitstag-in-illinois-verdaechtiger-festgenommen\/#primaryimage"},"thumbnailUrl":"https:\/\/now-news.de\/de\/wp-content\/uploads\/sites\/3\/2022\/07\/Amokschiessen-am-US-Unabhaengigkeitstag-in-Illinois-\u2013-Verdaechtiger-festgenommen.jpg","keywords":["Amokschie\u00dfen","festgenommen","Illinois","USUnabh\u00e4ngigkeitstag","Verd\u00e4chtiger"],"articleSection":["Deutschland","Russland"],"inLanguage":"de","potentialAction":[{"@type":"CommentAction","name":"Comment","target":["https:\/\/now-news.de\/de\/deutschland\/amokschiessen-am-us-unabhaengigkeitstag-in-illinois-verdaechtiger-festgenommen\/#respond"]}]},{"@type":"WebPage","@id":"https:\/\/now-news.de\/de\/deutschland\/amokschiessen-am-us-unabhaengigkeitstag-in-illinois-verdaechtiger-festgenommen\/","url":"https:\/\/now-news.de\/de\/deutschland\/amokschiessen-am-us-unabhaengigkeitstag-in-illinois-verdaechtiger-festgenommen\/","name":"Amokschie\u00dfen am US-Unabh\u00e4ngigkeitstag in Illinois \u2013 Verd\u00e4chtiger festgenommen - just-now.NEWS Deutschland","isPartOf":{"@id":"https:\/\/now-news.de\/de\/#website"},"primaryImageOfPage":{"@id":"https:\/\/now-news.de\/de\/deutschland\/amokschiessen-am-us-unabhaengigkeitstag-in-illinois-verdaechtiger-festgenommen\/#primaryimage"},"image":{"@id":"https:\/\/now-news.de\/de\/deutschland\/amokschiessen-am-us-unabhaengigkeitstag-in-illinois-verdaechtiger-festgenommen\/#primaryimage"},"thumbnailUrl":"https:\/\/now-news.de\/de\/wp-content\/uploads\/sites\/3\/2022\/07\/Amokschiessen-am-US-Unabhaengigkeitstag-in-Illinois-\u2013-Verdaechtiger-festgenommen.jpg","datePublished":"2022-07-05T07:51:23+00:00","dateModified":"2022-07-05T07:51:23+00:00","breadcrumb":{"@id":"https:\/\/now-news.de\/de\/deutschland\/amokschiessen-am-us-unabhaengigkeitstag-in-illinois-verdaechtiger-festgenommen\/#breadcrumb"},"inLanguage":"de","potentialAction":[{"@type":"ReadAction","target":["https:\/\/now-news.de\/de\/deutschland\/amokschiessen-am-us-unabhaengigkeitstag-in-illinois-verdaechtiger-festgenommen\/"]}]},{"@type":"ImageObject","inLanguage":"de","@id":"https:\/\/now-news.de\/de\/deutschland\/amokschiessen-am-us-unabhaengigkeitstag-in-illinois-verdaechtiger-festgenommen\/#primaryimage","url":"https:\/\/now-news.de\/de\/wp-content\/uploads\/sites\/3\/2022\/07\/Amokschiessen-am-US-Unabhaengigkeitstag-in-Illinois-\u2013-Verdaechtiger-festgenommen.jpg","contentUrl":"https:\/\/now-news.de\/de\/wp-content\/uploads\/sites\/3\/2022\/07\/Amokschiessen-am-US-Unabhaengigkeitstag-in-Illinois-\u2013-Verdaechtiger-festgenommen.jpg","width":460,"height":259,"caption":"Amokschie\u00dfen am US-Unabh\u00e4ngigkeitstag in Illinois \u2013 Verd\u00e4chtiger festgenommen"},{"@type":"BreadcrumbList","@id":"https:\/\/now-news.de\/de\/deutschland\/amokschiessen-am-us-unabhaengigkeitstag-in-illinois-verdaechtiger-festgenommen\/#breadcrumb","itemListElement":[{"@type":"ListItem","position":1,"name":"Home","item":"https:\/\/now-news.de\/de\/"},{"@type":"ListItem","position":2,"name":"Amokschie\u00dfen am US-Unabh\u00e4ngigkeitstag in Illinois \u2013 Verd\u00e4chtiger festgenommen"}]},{"@type":"WebSite","@id":"https:\/\/now-news.de\/de\/#website","url":"https:\/\/now-news.de\/de\/","name":"just-now.NEWS Deutschland","description":"Das Portal f\u00fcr unzensierte Nachrichten aus der Welt","publisher":{"@id":"https:\/\/now-news.de\/de\/#organization"},"potentialAction":[{"@type":"SearchAction","target":{"@type":"EntryPoint","urlTemplate":"https:\/\/now-news.de\/de\/?s={search_term_string}"},"query-input":"required name=search_term_string"}],"inLanguage":"de"},{"@type":"Organization","@id":"https:\/\/now-news.de\/de\/#organization","name":"Just Now News","url":"https:\/\/now-news.de\/de\/","logo":{"@type":"ImageObject","inLanguage":"de","@id":"https:\/\/now-news.de\/de\/#\/schema\/logo\/image\/","url":"http:\/\/just-now.news\/de\/wp-content\/uploads\/sites\/3\/2022\/04\/logo500x500.jpg","contentUrl":"http:\/\/just-now.news\/de\/wp-content\/uploads\/sites\/3\/2022\/04\/logo500x500.jpg","width":500,"height":500,"caption":"Just Now News"},"image":{"@id":"https:\/\/now-news.de\/de\/#\/schema\/logo\/image\/"},"sameAs":["https:\/\/www.facebook.com\/wirmachenauf","https:\/\/x.com\/WirMachenAuf_de"]},{"@type":"Person","@id":"https:\/\/now-news.de\/de\/#\/schema\/person\/fb534a4e865501d8b3285208df34a9b5","name":"rtnews","image":{"@type":"ImageObject","inLanguage":"de","@id":"https:\/\/now-news.de\/de\/#\/schema\/person\/image\/","url":"https:\/\/secure.gravatar.com\/avatar\/82aafea7d8127119dd649515f56e2117?s=96&d=mm&r=g","contentUrl":"https:\/\/secure.gravatar.com\/avatar\/82aafea7d8127119dd649515f56e2117?s=96&d=mm&r=g","caption":"rtnews"},"url":"https:\/\/now-news.de\/de\/author\/rnews\/"}]}},"_links":{"self":[{"href":"https:\/\/now-news.de\/de\/wp-json\/wp\/v2\/posts\/12850"}],"collection":[{"href":"https:\/\/now-news.de\/de\/wp-json\/wp\/v2\/posts"}],"about":[{"href":"https:\/\/now-news.de\/de\/wp-json\/wp\/v2\/types\/post"}],"author":[{"embeddable":true,"href":"https:\/\/now-news.de\/de\/wp-json\/wp\/v2\/users\/3"}],"replies":[{"embeddable":true,"href":"https:\/\/now-news.de\/de\/wp-json\/wp\/v2\/comments?post=12850"}],"version-history":[{"count":0,"href":"https:\/\/now-news.de\/de\/wp-json\/wp\/v2\/posts\/12850\/revisions"}],"wp:featuredmedia":[{"embeddable":true,"href":"https:\/\/now-news.de\/de\/wp-json\/wp\/v2\/media\/12851"}],"wp:attachment":[{"href":"https:\/\/now-news.de\/de\/wp-json\/wp\/v2\/media?parent=12850"}],"wp:term":[{"taxonomy":"category","embeddable":true,"href":"https:\/\/now-news.de\/de\/wp-json\/wp\/v2\/categories?post=12850"},{"taxonomy":"post_tag","embeddable":true,"href":"https:\/\/now-news.de\/de\/wp-json\/wp\/v2\/tags?post=12850"}],"curies":[{"name":"wp","href":"https:\/\/api.w.org\/{rel}","templated":true}]}}