{"id":12797,"date":"2022-07-04T19:30:45","date_gmt":"2022-07-04T17:30:45","guid":{"rendered":"http:\/\/just-now.news\/de\/deutschland\/liveticker-zum-ukraine-krieg-brand-nach-absturz-einer-drohne-ueber-russischem-taganrog\/"},"modified":"2022-07-04T19:30:45","modified_gmt":"2022-07-04T17:30:45","slug":"liveticker-zum-ukraine-krieg-brand-nach-absturz-einer-drohne-ueber-russischem-taganrog","status":"publish","type":"post","link":"https:\/\/now-news.de\/de\/deutschland\/liveticker-zum-ukraine-krieg-brand-nach-absturz-einer-drohne-ueber-russischem-taganrog\/","title":{"rendered":"Liveticker zum Ukraine-Krieg: Brand nach Absturz einer Drohne \u00fcber russischem Taganrog"},"content":{"rendered":"<div class=\"Text-root Text-type_1 \">\n                Russland f\u00fchrt gemeinsam mit den Streitkr\u00e4ften der Donbass-Republiken eine Milit\u00e4roperation in der Ukraine durch. Der Westen reagiert mit immer neuen Waffenlieferungen an die Ukraine und beispiellosen Sanktionen. Hier lesen Sie die neuesten Entwicklungen.\n            <\/div>\n<p><\/p>\n<div class=\"ArticleView-liveUpdates\">\n<div class=\"LiveUpdates-root\">\n<div class=\"LiveUpdates-content\">\n<ul class=\"LiveUpdates-list Listing-root\" data-listing=\"LiveUpdates\" data-count=\"10\">\n<li class=\"LiveUpdates-item Listing-item\">\n<div class=\"LiveUpdates-date\">\n<p class=\"HeaderNews-root HeaderNews-type_2 \">\n                4.07.2022 19:25 Uhr\n            <\/p>\n<\/div>\n<div class=\"LiveUpdate-root\">\n<div class=\"LiveUpdate-date\">\n<p class=\"HeaderNews-root HeaderNews-type_6 \">\n                19:25 Uhr\n            <\/p>\n<\/div>\n<div class=\"LiveUpdate-content\">\n<div class=\"LiveUpdate-text\">\n<div class=\"Text-root Text-type_5 ViewText-root\">\n<p><strong>Absturz einer Drohne im russischen Taganrog: Privathaus ger\u00e4t in Brand <br \/><\/strong><\/p>\n<p>Wie der <em>Telegram<\/em>-Kanal <em>Klymenko Time<\/em>\u00a0<a rel=\"nofollow noopener\" target=\"_blank\" href=\"https:\/\/t.me\/KlymenkoTime\/62184\">meldet<\/a>, soll es mehreren Berichten zufolge zu einem Absturz einer Drohne in ein Privathaus in der russischen Stadt Taganrog in der Region Rostow (Don) gekommen sein. Das Haus geriet dabei in Brand.<\/p>\n<p>Nach Angaben von Augenzeugen soll es keine Verletzten gegeben haben, jedoch sei eine Frau aus dem Feuer gerettet worden. Es gibt zur Stunde noch keine offiziellen Stellungnahmen und auch keine Informationen dar\u00fcber, aus welchem Land die Drohne stammte.<\/p>\n<\/div>\n<\/div>\n<\/div>\n<\/div>\n<\/li>\n<li class=\"LiveUpdates-item Listing-item\">\n<div class=\"LiveUpdate-root\">\n<div class=\"LiveUpdate-date\">\n<p class=\"HeaderNews-root HeaderNews-type_6 \">\n                18:45 Uhr\n            <\/p>\n<\/div>\n<div class=\"LiveUpdate-content\">\n<div class=\"LiveUpdate-text\">\n<div class=\"Text-root Text-type_5 ViewText-root\">\n<h3 data-bind=\"html: formatedHeadline, css: headerSizeClass\">IEA-Chef: EU importierte erstmals mehr Gas aus den USA als aus Russland &#8211; Auf &#8220;harten Winter&#8221; vorbereiten\u00a0<\/h3>\n<div class=\"EmbedBlock-root EmbedBlock-twitter\">\n<div class=\"TwitterEmbed\">\n<blockquote class=\"twitter-tweet lazyload\" data-twitter=\"twitter-tweet\">\n<p lang=\"en\" dir=\"ltr\">Russia&#8217;s recent steep cuts in natural gas flows to the EU mean this is the 1st month in history in which the EU has imported more gas via LNG from the US than via pipeline from RussiaThe drop in Russian supply calls for efforts to reduce EU demand to prepare for a tough winter <a rel=\"nofollow noopener\" target=\"_blank\" href=\"https:\/\/t.co\/YmjvRN39ND\">pic.twitter.com\/YmjvRN39ND<\/a><\/p>\n<p>\u2014 Fatih Birol (@fbirol) <a rel=\"nofollow noopener\" target=\"_blank\" href=\"https:\/\/twitter.com\/fbirol\/status\/1542503585195233280?ref_src=twsrc%5Etfw\">June 30, 2022<\/a><\/p><\/blockquote>\n<\/div>\n<\/div>\n<p>Nach Russlands k\u00fcrzlicher Drosselung seiner Gaslieferungen hat die EU im Juni erstmals mehr Gas aus den USA importiert als aus Russland. Das geht aus neuesten Erhebungen der Internationalen Energieagentur (IEA) hervor. IEA-Chef\u00a0Fatih Birol schrieb am Donnerstag auf Twitter:<\/p>\n<blockquote>\n<p>&#8220;<em>Die j\u00fcngsten drastischen K\u00fcrzungen der russischen Erdgaslieferungen in die EU bedeuten, dass die EU in diesem Monat zum ersten Mal in der Geschichte mehr Gas \u00fcber LNG aus den USA als \u00fcber Pipelines aus Russland importiert hat.<\/em>&#8220;<\/p>\n<\/blockquote>\n<p>Gas aus den USA kommt als Fl\u00fcssiggas (LNG, Liquefied Natural Gas) per Schiff in der EU an. Bisher spielte LNG in der EU eine untergeordnete Rolle, unter anderem weil es aufwendig verarbeitet werden muss. Die durch den R\u00fcckgang russischer Gaslieferungen entstandene Versorgungsl\u00fccke in Europa kann das amerikanische Gas jedoch nicht kompensieren.\u00a0\u00a0<\/p>\n<p>Die Gaslieferungen aus Russland sind in den vergangenen Wochen kontinuierlich gesunken. Grund hierf\u00fcr sind Wartungsarbeiten an der Ostsee-Pipeline Nord Stream 1. Im Juni sind die russischen Gaslieferungen nun so stark zur\u00fcckgegangen, dass Europa zunehmend einer Gas-Mangellage entgegensieht. &#8220;Der R\u00fcckgang der russischen Lieferungen erfordert Anstrengungen zur Reduzierung der EU-Nachfrage, um sich auf einen harten Winter vorzubereiten&#8221;, so Birol.\u00a0<\/p>\n<\/p>\n<\/div>\n<\/div>\n<\/div>\n<\/div>\n<\/li>\n<li class=\"LiveUpdates-item Listing-item\">\n<div class=\"LiveUpdate-root\">\n<div class=\"LiveUpdate-date\">\n<p class=\"HeaderNews-root HeaderNews-type_6 \">\n                18:20 Uhr\n            <\/p>\n<\/div>\n<div class=\"LiveUpdate-content\">\n<div class=\"LiveUpdate-text\">\n<div class=\"Text-root Text-type_5 ViewText-root\">\n<p><strong>Platz vor britischer Botschaft in Moskau\u00a0bekommt Namen der Volksrepublik Lugansk<\/strong><\/p>\n<figure class=\"RTImage-root\">\n<div class=\"RTImage-image RTImage-original\"><picture class=\"Picture-root Picture-original\"><!--[if IE 9]><video style=\"display: none;\"><![endif]--><source media=\"(-webkit-min-device-pixel-ratio: 2) and (min-resolution: 120dpi)\" data-srcset=\" \nhttp:\/\/just-now.news\/de\/wp-content\/uploads\/sites\/3\/2022\/07\/62c2fc62b480cc05287b0b3e.jpg 850w,\n                http:\/\/just-now.news\/de\/wp-content\/uploads\/sites\/3\/2022\/07\/62c2fc62b480cc05287b0b3e.jpg 1960w,\n            \" ><source data-srcset=\" \nhttp:\/\/just-now.news\/de\/wp-content\/uploads\/sites\/3\/2022\/07\/62c2fc62b480cc05287b0b3e.jpg 460w,\n              http:\/\/just-now.news\/de\/wp-content\/uploads\/sites\/3\/2022\/07\/62c2fc62b480cc05287b0b3e.jpg 980w,\n            \" ><!--[if IE 9]><\/video><![endif]--><img decoding=\"async\" data- src=\"data:image\/png;base64,iVBORw0KGgoAAAANSUhEUgAAABAAAAAJCAQAAACRI2S5AAAAEElEQVR42mNkIAAYRxWAAQAG9gAKqv6+AwAAAABJRU5ErkJggg==\" class=\"Picture-root Picture-original lazyload\" data-src=\"http:\/\/just-now.news\/de\/wp-content\/uploads\/sites\/3\/2022\/07\/62c2fc62b480cc05287b0b3e.jpg\" alt=\"\"><\/source><\/source><\/picture><!-- noscript pattern --><noscript><img decoding=\"async\" src=\"http:\/\/just-now.news\/de\/wp-content\/uploads\/sites\/3\/2022\/07\/62c2fc62b480cc05287b0b3e.jpg\" alt=\"\"><\/noscript><\/div><figcaption class=\"RTImage-footer\"><span class=\"RTImage-caption\"><span class=\"RTImage-captionItem\">Blick auf die Botschaft des Vereinigten K\u00f6nigreichs Gro\u00dfbritannien und Nordirland in Moskau<\/span><\/span><span class=\"RTImage-source\"><span class=\"RTImage-captionItem\">Anton Denissow<\/span><span class=\"RTImage-captionItem\"> \/ Sputnik<\/span><\/span><\/figcaption><\/figure>\n<p>Die Einwohner der russischen Hauptstadt haben sich auf einer Umfrage-Plattform daf\u00fcr ausgesprochen, einen Platz vor der britischen Botschaft in Moskau zu Ehren der Volksrepublik Lugansk zu benennen. Dies geht aus einer Mitteilung auf dem Moskauer B\u00fcrgermeister- und Regierungsportal hervor.<\/p>\n<p>Demnach gaben knapp 57 Prozent der Befragten ihre Stimmen f\u00fcr das Territorium nahe der britischen Auslandsvertretung. Als weitere m\u00f6gliche Optionen waren unter anderem ein Ort nahe dem deutschen Konsulat sowie ein Gel\u00e4nde zwischen den Botschaften Litauens und Belgiens zu w\u00e4hlen. Insgesamt nahmen fast 110.000 Moskauer an der Befragung teil.<\/p>\n<p>Ende Juni hatte bereits ein unbenanntes Areal nahe der US-Botschaft in Moskau nach den Ergebnissen einer \u00e4hnlichen Online-Umfrage den Namen &#8220;Platz der Volksrepublik Donezk&#8221; erhalten. \u00a0<\/p>\n<p><strong><\/strong>\u00a0<\/p>\n<\/div>\n<\/div>\n<\/div>\n<\/div>\n<\/li>\n<li class=\"LiveUpdates-item Listing-item\">\n<div class=\"LiveUpdate-root\">\n<div class=\"LiveUpdate-date\">\n<p class=\"HeaderNews-root HeaderNews-type_6 \">\n                17:50 Uhr\n            <\/p>\n<\/div>\n<div class=\"LiveUpdate-content\">\n<div class=\"LiveUpdate-text\">\n<div class=\"Text-root Text-type_5 ViewText-root\">\n<h4 data-bind=\"html: formatedHeadline, css: headerSizeClass\">Au\u00dfenminister Schwedens und Finnlands zu Beitrittsgespr\u00e4chen im NATO-Hauptquartier eingetroffen<\/h4>\n<div class=\"EmbedBlock-root EmbedBlock-twitter\">\n<div class=\"TwitterEmbed\">\n<blockquote class=\"twitter-tweet lazyload\" data-twitter=\"twitter-tweet\">\n<p lang=\"zxx\" dir=\"ltr\"><a rel=\"nofollow noopener\" target=\"_blank\" href=\"https:\/\/t.co\/BjJc8BHlMl\">https:\/\/t.co\/BjJc8BHlMl<\/a><\/p>\n<p>\u2014 Ann Linde (@AnnLinde) <a rel=\"nofollow noopener\" target=\"_blank\" href=\"https:\/\/twitter.com\/AnnLinde\/status\/1543880522971095040?ref_src=twsrc%5Etfw\">July 4, 2022<\/a><\/p><\/blockquote>\n<\/div>\n<\/div>\n<p>Die Au\u00dfenminister Finnlands und Schwedens sind am Montag zu Gespr\u00e4chen mit der NATO \u00fcber den formellen Beginn des Beitrittsprozesses zum Milit\u00e4rb\u00fcndnis zusammengekommen. Das erkl\u00e4rte die NATO in einer <a rel=\"nofollow noopener\" target=\"_blank\" href=\"https:\/\/www.nato.int\/cps\/en\/natohq\/news_197731.htm\">Pressemitteilung<\/a>. Schwedens Au\u00dfenministerin Ann Linde gab zudem auf Twitter bekannt, dass die Beitrittsprotokolle der beiden L\u00e4nder schon morgen von den 30 NATO-Mitgliedsstaaten unterschrieben werden sollen:<\/p>\n<blockquote>\n<p>&#8220;<em>Ich werde auch an der morgigen Sitzung des Nordatlantikrats (NAC) teilnehmen, auf der die Beitrittsprotokolle Schwedens und Finnlands von den 30 NATO-Mitgliedern unterzeichnet werden sollen.<\/em>&#8220;<\/p>\n<\/blockquote>\n<p>Es wird erwartet, dass die Botschafter der 30 NATO-Mitgliedsl\u00e4nder am Dienstag die Beitrittsprotokolle f\u00fcr Schweden und Finnland unterzeichnen und damit eine monatelange Frist f\u00fcr die Ratifizierung der Mitgliedschaft durch die B\u00fcndnisstaaten einleiten. Die Beitritte m\u00fcssen von allen 30 NATO-L\u00e4ndern gebilligt werden.<\/p>\n<\/div>\n<\/div>\n<\/div>\n<\/div>\n<\/li>\n<li class=\"LiveUpdates-item Listing-item\">\n<div class=\"LiveUpdate-root\">\n<div class=\"LiveUpdate-date\">\n<p class=\"HeaderNews-root HeaderNews-type_6 \">\n                17:30 Uhr\n            <\/p>\n<\/div>\n<div class=\"LiveUpdate-content\">\n<div class=\"LiveUpdate-text\">\n<div class=\"Text-root Text-type_5 ViewText-root\">\n<p><strong>Gnadenloser Beschuss von Ortschaften in der Volksrepublik Donezk \u2013 \u00fcber 450\u00a0Geschosse<\/strong><\/p>\n<figure class=\"RTImage-root\">\n<div class=\"RTImage-image RTImage-original\"><picture class=\"Picture-root Picture-original\"><!--[if IE 9]><video style=\"display: none;\"><![endif]--><source media=\"(-webkit-min-device-pixel-ratio: 2) and (min-resolution: 120dpi)\" data-srcset=\" \nhttp:\/\/just-now.news\/de\/wp-content\/uploads\/sites\/3\/2022\/07\/62c2ede6b480cc03fa523a07.png 850w,\n                http:\/\/just-now.news\/de\/wp-content\/uploads\/sites\/3\/2022\/07\/62c2ede6b480cc03fa523a07.png 1960w,\n            \" ><source data-srcset=\" \nhttp:\/\/just-now.news\/de\/wp-content\/uploads\/sites\/3\/2022\/07\/62c2ede6b480cc03fa523a07.png 460w,\n              http:\/\/just-now.news\/de\/wp-content\/uploads\/sites\/3\/2022\/07\/62c2ede6b480cc03fa523a07.png 980w,\n            \" ><!--[if IE 9]><\/video><![endif]--><img decoding=\"async\" data- src=\"data:image\/png;base64,iVBORw0KGgoAAAANSUhEUgAAABAAAAAJCAQAAACRI2S5AAAAEElEQVR42mNkIAAYRxWAAQAG9gAKqv6+AwAAAABJRU5ErkJggg==\" class=\"Picture-root Picture-original lazyload\" data-src=\"http:\/\/just-now.news\/de\/wp-content\/uploads\/sites\/3\/2022\/07\/62c2ede6b480cc03fa523a07.png\" alt=\"\"><\/source><\/source><\/picture><!-- noscript pattern --><noscript><img decoding=\"async\" src=\"http:\/\/just-now.news\/de\/wp-content\/uploads\/sites\/3\/2022\/07\/62c2ede6b480cc03fa523a07.png\" alt=\"\"><\/noscript><\/div><figcaption class=\"RTImage-footer\"><span class=\"RTImage-caption\"><span class=\"RTImage-captionItem\">Mehrst\u00f6ckiges Wohnhaus an der Lusin-Stra\u00dfe 4, Stadtbezirk Kuibyschew der Stadt Donezk, nach unmittelbarem Geschosseinschlag.<\/span><\/span><span class=\"RTImage-source\"><span class=\"RTImage-captionItem\">Material des B\u00fcrgermeisters der Stadt Donezk Alexei Kulemsin<\/span><\/span><\/figcaption><\/figure>\n<p>Einem heftigen Beschuss mit Rohr- und Raketenartillerie und M\u00f6rsern setzen die Kiew-treuen Truppen erneut das Gebiet der Volksrepublik Donezk aus \u2013 und zwar seit 3 Uhr morgens, <a rel=\"nofollow noopener\" target=\"_blank\" href=\"https:\/\/t.me\/online_dnr_sckk\/13705\">meldet<\/a> die Vertretung der Republik im JCCC. Am intensivsten hat es die gleichnamige Hauptstadt getroffen: Auf verschiedene Stadtbezirke wurden 36 Geschosse des 122-Millimeter-Mehrfachraketenwerfers Grad und <a rel=\"nofollow noopener\" target=\"_blank\" href=\"https:\/\/t.me\/c\/1640463245\/281128\">acht des 220-Millimeter-Werfers Uragan<\/a>\u00a0abgefeuert. Die Zahl der Artilleriegranaten geht in die Dutzende: 94 Haubitzengranaten im sowjetischen Kaliber 152 Millimeter und im vergleichbaren NATO-Kaliber 155 Millimeter sowie 17 Haubitzengranaten im Kaliber 122 Millimeter prasselten auf die Stadt nieder. F\u00fcnf M\u00f6rsergranaten im Kaliber 120 Millimeter wurden ebenfalls auf die Stadt abgefeuert. Einschl\u00e4ge gab es unter anderem <a rel=\"nofollow noopener\" target=\"_blank\" href=\"https:\/\/t.me\/c\/1674068659\/16350\">auf dem Bahnhofsmarkt<\/a> der Stadt. Zahlreiche Objekte wie Wohnh\u00e4user <a rel=\"nofollow noopener\" target=\"_blank\" href=\"https:\/\/t.me\/c\/1640463245\/281099\">weisen Sch\u00e4den auf<\/a>, <a rel=\"nofollow noopener\" target=\"_blank\" href=\"https:\/\/t.me\/c\/1674068659\/16365\">andere<\/a>\u00a0<a rel=\"nofollow noopener\" target=\"_blank\" href=\"https:\/\/t.me\/c\/1674068659\/16365\">stehen<\/a> in <a rel=\"nofollow noopener\" target=\"_blank\" href=\"https:\/\/t.me\/c\/1674068659\/16366\">Flammen<\/a>, darunter die Fabrik Donplastawtomat und ein Gro\u00dffuhrpark.<\/p>\n<p>Laut bisher ungepr\u00fcften Berichten soll infolge eines unmittelbaren Geschosseinschlags in ein Wohnhaus das f\u00fcnfte Stockwerk umfassend ins vierte eingest\u00fcrzt sein \u2013 zumindest jedoch sind schwere Sch\u00e4den an den Decken zwischen mehreren Stockwerken <a rel=\"nofollow noopener\" target=\"_blank\" href=\"https:\/\/t.me\/chatinDonetsk\/516229\">festzustellen<\/a>. Es gibt Verwundete beziehungsweise Verletzte, deren genaue Zahl bislang noch pr\u00e4zisiert wird. Ein Kindergarten verzeichnete bereits den dritten Geschosseinschlag in der letzten Zeit.<\/p>\n<p>Ebenso \u00fcbel \u2013 wenn nicht gar schlimmer, angesichts der kompakten Gr\u00f6\u00dfe \u2013 erging es der Siedlung Nowobachmutowka im Landkreis von Jassinowataja, einer Trabantenstadt von Donezk: Neben 12 M\u00f6rsergranaten und 26 Haubitzengranaten im Kaliber 122 Millimeter flogen auch 20 &#8220;Grad&#8221;-Raketengeschosse auf die Ortschaft. Jassinowataja selbst wurde mit insgesamt 25 Haubitzengranaten traktiert \u2013 davon 15 im Kaliber 122 Millimeter und je f\u00fcnf der beiden n\u00e4chstgr\u00f6\u00dferen Haubitzenkalibern des Sowjet- und des NATO-Standards. Auf die Stadtsiedlung Alexandrowka regneten 15 M\u00f6rsergranaten im Kaliber 120 Millimeter und 19 Haubitzengeschosse im Kaliber 122 Millimeter nieder. Der Stadtsiedlung Golmowski wurde mit 60 Geschossen des Mehrfachraketenwerfers Grad ebenfalls schlimm zugesetzt.<\/p>\n<p>Insgesamt flogen bisher\u00a0circa 450 Geschosse aller Kaliber auf die Ortschaften der Volksrepublik Donezk, wobei der Beschuss durch die ukrainischen Streitkr\u00e4fte noch anh\u00e4lt. Die republikweite Zahl der Verwundeten und sonstiger Verletzter sowie gegebenenfalls der Todesopfer infolge des heutigen Beschusses der Kiew-treuen Truppen wird zum Redaktionszeitpunkt noch ermittelt.<\/p>\n<\/div>\n<\/div>\n<\/div>\n<\/div>\n<\/li>\n<li class=\"LiveUpdates-item Listing-item\">\n<div class=\"LiveUpdate-root\">\n<div class=\"LiveUpdate-date\">\n<p class=\"HeaderNews-root HeaderNews-type_6 \">\n                17:05 Uhr\n            <\/p>\n<\/div>\n<div class=\"LiveUpdate-content\">\n<div class=\"LiveUpdate-text\">\n<div class=\"Text-root Text-type_5 ViewText-root\">\n<p><strong>Aiden Aslin legt Berufung gegen sein Todesurteil ein<\/strong><\/p>\n<figure class=\"RTImage-root\">\n<div class=\"RTImage-image RTImage-original\"><picture class=\"Picture-root Picture-original\"><!--[if IE 9]><video style=\"display: none;\"><![endif]--><source media=\"(-webkit-min-device-pixel-ratio: 2) and (min-resolution: 120dpi)\" data-srcset=\" \nhttp:\/\/just-now.news\/de\/wp-content\/uploads\/sites\/3\/2022\/07\/62c2f666b480cc03fa523a17.jpg 850w,\n                http:\/\/just-now.news\/de\/wp-content\/uploads\/sites\/3\/2022\/07\/62c2f666b480cc03fa523a17.jpg 1960w,\n            \" ><source data-srcset=\" \nhttp:\/\/just-now.news\/de\/wp-content\/uploads\/sites\/3\/2022\/07\/62c2f666b480cc03fa523a17.jpg 460w,\n              http:\/\/just-now.news\/de\/wp-content\/uploads\/sites\/3\/2022\/07\/62c2f666b480cc03fa523a17.jpg 980w,\n            \" ><!--[if IE 9]><\/video><![endif]--><img decoding=\"async\" data- src=\"data:image\/png;base64,iVBORw0KGgoAAAANSUhEUgAAABAAAAAJCAQAAACRI2S5AAAAEElEQVR42mNkIAAYRxWAAQAG9gAKqv6+AwAAAABJRU5ErkJggg==\" class=\"Picture-root Picture-original lazyload\" data-src=\"http:\/\/just-now.news\/de\/wp-content\/uploads\/sites\/3\/2022\/07\/62c2f666b480cc03fa523a17.jpg\" alt=\"\"><\/source><\/source><\/picture><!-- noscript pattern --><noscript><img decoding=\"async\" src=\"http:\/\/just-now.news\/de\/wp-content\/uploads\/sites\/3\/2022\/07\/62c2f666b480cc03fa523a17.jpg\" alt=\"\"><\/noscript><\/div><figcaption class=\"RTImage-footer\"><span class=\"RTImage-caption\"><span class=\"RTImage-captionItem\">Aiden Aslin w\u00e4hrend seiner Urteilsverk\u00fcndung am 9. Juni<\/span><\/span><span class=\"RTImage-source\"><span class=\"RTImage-captionItem\">Konstantin Michaltschewski<\/span><span class=\"RTImage-captionItem\"> \/ Sputnik<\/span><\/span><\/figcaption><\/figure>\n<p>Der in der Donezker Volksrepublik zum Tode verurteilte britische S\u00f6ldner Aiden Aslin hat als letzter von drei Verurteilten eine Berufung gegen das Urteil eingelegt. Ein Vertreter des Obersten Gerichts der DVR berichtete dies der Nachrichtenagentur <em>RIA Nowosti<\/em>:<\/p>\n<p>&#8220;Heute, am 4. Juni, hat der Verteidiger des dritten Verurteilten, Aiden Aslin, eine Berufung in Bezug auf die Strafma\u00dfnahme bei der Beschwerdekammer des Obersten Gerichts eingereicht.&#8221;<\/p>\n<p>Der britische Staatsb\u00fcrger Aiden Aslin war am 9. Juni neben seinem Landsmann Shaun Pinner und dem marokkanischen Staatsangeh\u00f6rigen Ibrahim Saadun als ausl\u00e4ndischer S\u00f6ldner zum Tode verurteilt wurden. Die Verteidiger von Pinner reichten die Berufung am 29. Juni, die von Saadun am 1. Juli ein.<\/p>\n<\/div>\n<\/div>\n<\/div>\n<\/div>\n<\/li>\n<li class=\"LiveUpdates-item Listing-item\">\n<div class=\"LiveUpdate-root\">\n<div class=\"LiveUpdate-date\">\n<p class=\"HeaderNews-root HeaderNews-type_6 \">\n                16:40 Uhr\n            <\/p>\n<\/div>\n<div class=\"LiveUpdate-content\">\n<div class=\"LiveUpdate-text\">\n<div class=\"Text-root Text-type_5 ViewText-root\">\n<h4>Wegen Energiekrise: EU-Binnenmarktkommissar fordert\u00a0von Deutschland Festhalten an Atomenergie<\/h4>\n<figure class=\"RTImage-root\">\n<div class=\"RTImage-image RTImage-original\"><picture class=\"Picture-root Picture-original\"><!--[if IE 9]><video style=\"display: none;\"><![endif]--><source media=\"(-webkit-min-device-pixel-ratio: 2) and (min-resolution: 120dpi)\" data-srcset=\" \nhttp:\/\/just-now.news\/de\/wp-content\/uploads\/sites\/3\/2022\/07\/62c2e5f448fbef3c5870d4d3.jpg 850w,\n                http:\/\/just-now.news\/de\/wp-content\/uploads\/sites\/3\/2022\/07\/62c2e5f448fbef3c5870d4d3.jpg 1960w,\n            \" ><source data-srcset=\" \nhttp:\/\/just-now.news\/de\/wp-content\/uploads\/sites\/3\/2022\/07\/62c2e5f448fbef3c5870d4d3.jpg 460w,\n              http:\/\/just-now.news\/de\/wp-content\/uploads\/sites\/3\/2022\/07\/62c2e5f448fbef3c5870d4d3.jpg 980w,\n            \" ><!--[if IE 9]><\/video><![endif]--><img decoding=\"async\" data- src=\"data:image\/png;base64,iVBORw0KGgoAAAANSUhEUgAAABAAAAAJCAQAAACRI2S5AAAAEElEQVR42mNkIAAYRxWAAQAG9gAKqv6+AwAAAABJRU5ErkJggg==\" class=\"Picture-root Picture-original lazyload\" data-src=\"http:\/\/just-now.news\/de\/wp-content\/uploads\/sites\/3\/2022\/07\/62c2e5f448fbef3c5870d4d3.jpg\" alt=\"\"><\/source><\/source><\/picture><!-- noscript pattern --><noscript><img decoding=\"async\" src=\"http:\/\/just-now.news\/de\/wp-content\/uploads\/sites\/3\/2022\/07\/62c2e5f448fbef3c5870d4d3.jpg\" alt=\"\"><\/noscript><\/div><figcaption class=\"RTImage-footer\"><span class=\"RTImage-caption\"><span class=\"RTImage-captionItem\">EU-Binnenmarktkommissar Thierry Breton.<\/span><\/span><span class=\"RTImage-source\"><span class=\"RTImage-captionItem\">IMAGO\/Dwi Anoraganingrum<\/span><span class=\"RTImage-captionItem\"> \/ www.globallookpress.com<\/span><\/span><\/figcaption><\/figure>\n<p>EU-Binnenmarktkommissar Thierry Breton hat Deutschland angesichts der sich derzeit anbahnenden Energiekrise in der EU infolge der nachlassenden russischen Gaslieferungen aufgefordert, seine Atommeiler weiter am Netz zu lassen. Er sagte am Montag dem <em>Handelsblatt<\/em>:<\/p>\n<blockquote>\n<p>&#8220;<em>Es ist \u00e4u\u00dferst wichtig, die drei deutschen Kernkraftwerke, die noch in Betrieb sind, l\u00e4nger laufen zu lassen.<\/em>&#8220;<\/p>\n<\/blockquote>\n<p>Der EU-Kommissar\u00a0betonte mit Blick auf den von der Bundesregierung forcierten Atomausstieg:<\/p>\n<blockquote>\n<p>&#8220;<em>Ich mache nicht, was ich machen k\u00f6nnte, aber erwarte, dass andere liefern, was ich brauche.<\/em>&#8221;\u00a0<\/p>\n<\/blockquote>\n<p>Eine Laufzeitverl\u00e4ngerung der Atomreaktoren, die Ende des Jahres abgeschaltet werden sollen, sei im Interesse ganz Europas, erkl\u00e4rte Breton:<\/p>\n<blockquote>\n<p>&#8220;<em>Wladimir Putin setzt unsere Abh\u00e4ngigkeit als Waffe gegen uns ein.<\/em>&#8220;<\/p>\n<\/blockquote>\n<p>Die Gaslieferungen aus Russland sind in den vergangenen Wochen kontinuierlich gesunken. Grund hierf\u00fcr sind Wartungsarbeiten an der Ostsee-Pipeline Nord Stream 1. Im Juni sind die russischen Gaslieferungen nun so stark zur\u00fcckgegangen, dass Europa zunehmend einer Gas-Mangellage entgegensieht.<\/p>\n<\/p>\n<\/div>\n<\/div>\n<\/div>\n<\/div>\n<\/li>\n<li class=\"LiveUpdates-item Listing-item\">\n<div class=\"LiveUpdate-root\">\n<div class=\"LiveUpdate-date\">\n<p class=\"HeaderNews-root HeaderNews-type_6 \">\n                16:15 Uhr\n            <\/p>\n<\/div>\n<div class=\"LiveUpdate-content\">\n<div class=\"LiveUpdate-text\">\n<div class=\"Text-root Text-type_5 ViewText-root\">\n<h4>Papst Franziskus plant Kiew- und Moskau-Reise\u00a0<\/h4>\n<figure class=\"RTImage-root\">\n<div class=\"RTImage-image RTImage-original\"><picture class=\"Picture-root Picture-original\"><!--[if IE 9]><video style=\"display: none;\"><![endif]--><source media=\"(-webkit-min-device-pixel-ratio: 2) and (min-resolution: 120dpi)\" data-srcset=\" \nhttp:\/\/just-now.news\/de\/wp-content\/uploads\/sites\/3\/2022\/07\/62c2c07b48fbef44ba15eea7.jpg 850w,\n                http:\/\/just-now.news\/de\/wp-content\/uploads\/sites\/3\/2022\/07\/62c2c07b48fbef44ba15eea7.jpg 1960w,\n            \" ><source data-srcset=\" \nhttp:\/\/just-now.news\/de\/wp-content\/uploads\/sites\/3\/2022\/07\/62c2c07b48fbef44ba15eea7.jpg 460w,\n              http:\/\/just-now.news\/de\/wp-content\/uploads\/sites\/3\/2022\/07\/62c2c07b48fbef44ba15eea7.jpg 980w,\n            \" ><!--[if IE 9]><\/video><![endif]--><img decoding=\"async\" data- src=\"data:image\/png;base64,iVBORw0KGgoAAAANSUhEUgAAABAAAAAJCAQAAACRI2S5AAAAEElEQVR42mNkIAAYRxWAAQAG9gAKqv6+AwAAAABJRU5ErkJggg==\" class=\"Picture-root Picture-original lazyload\" data-src=\"http:\/\/just-now.news\/de\/wp-content\/uploads\/sites\/3\/2022\/07\/62c2c07b48fbef44ba15eea7.jpg\" alt=\"\"><\/source><\/source><\/picture><!-- noscript pattern --><noscript><img decoding=\"async\" src=\"http:\/\/just-now.news\/de\/wp-content\/uploads\/sites\/3\/2022\/07\/62c2c07b48fbef44ba15eea7.jpg\" alt=\"\"><\/noscript><\/div><figcaption class=\"RTImage-footer\"><span class=\"RTImage-caption\"><span class=\"RTImage-captionItem\">Papst Franziskus.<\/span><\/span><span class=\"RTImage-source\"><span class=\"RTImage-captionItem\">Stefano Spaziani<\/span><span class=\"RTImage-captionItem\"> \/ www.globallookpress.com<\/span><\/span><\/figcaption><\/figure>\n<p>Papst Franziskus m\u00f6chte sich bei einer m\u00f6glichen Moskau-Reise f\u00fcr eine friedliche L\u00f6sung des Ukraine-Konflikts einsetzen. Diesbez\u00fcglich habe es Kontakte zwischen dem vatikanischen Staatssekret\u00e4r, Kardinal Pietro Parolin, und dem russischen Au\u00dfenminister Sergei Lawrow \u00fcber einen m\u00f6glichen Besuch gegeben, erkl\u00e4rte der Papst der Nachrichtenagentur <em>Reuters<\/em>.\u00a0<\/p>\n<p>Der Vatikan habe bereits vor einigen Monaten zum ersten Mal eine m\u00f6gliche Reise nach Moskau angefragt, so Franziskus. Russland habe damals jedoch darauf verwiesen, dass dies nicht der richtige Zeitpunkt sei. Dies habe sich jetzt allerdings ge\u00e4ndert, deutete der Papst gegen\u00fcber <em>Reuters<\/em> an. &#8220;Ich w\u00fcrde gerne in die Ukraine reisen, und ich wollte zuerst nach Moskau&#8221;, sagte er und f\u00fchrte aus:<\/p>\n<blockquote>\n<p>&#8220;<em>Wir haben dar\u00fcber Nachrichten ausgetauscht, denn ich dachte, wenn der russische Pr\u00e4sident mir ein kleines Zeitfenster gibt, um der Sache des Friedens zu dienen&#8230;<\/em>&#8220;<\/p>\n<\/blockquote>\n<p>Ein Besuch in der Ukraine sei f\u00fcr den Papst demnach bereits Ende Juli denkbar. &#8220;Zuerst m\u00f6chte ich nach Russland reisen, um zu versuchen, etwas zu helfen&#8221;, so Franziskus. &#8220;Aber ich w\u00fcrde gerne in beide Hauptst\u00e4dte reisen.&#8221;<\/p>\n<\/div>\n<\/div>\n<\/div>\n<\/div>\n<\/li>\n<li class=\"LiveUpdates-item Listing-item\">\n<div class=\"LiveUpdate-root\">\n<div class=\"LiveUpdate-date\">\n<p class=\"HeaderNews-root HeaderNews-type_6 \">\n                15:50 Uhr\n            <\/p>\n<\/div>\n<div class=\"LiveUpdate-content\">\n<div class=\"LiveUpdate-text\">\n<div class=\"Text-root Text-type_5 ViewText-root\">\n<h4>G20-Au\u00dfenministertreffen: Baerbock lehnt Gespr\u00e4ch mit Lawrow ab<\/h4>\n<figure class=\"RTImage-root\">\n<div class=\"RTImage-image RTImage-original\"><picture class=\"Picture-root Picture-original\"><!--[if IE 9]><video style=\"display: none;\"><![endif]--><source media=\"(-webkit-min-device-pixel-ratio: 2) and (min-resolution: 120dpi)\" data-srcset=\" \nhttp:\/\/just-now.news\/de\/wp-content\/uploads\/sites\/3\/2022\/07\/62c2d004b480cc4b8616221a.jpg 850w,\n                http:\/\/just-now.news\/de\/wp-content\/uploads\/sites\/3\/2022\/07\/62c2d004b480cc4b8616221a.jpg 1960w,\n            \" ><source data-srcset=\" \nhttp:\/\/just-now.news\/de\/wp-content\/uploads\/sites\/3\/2022\/07\/62c2d004b480cc4b8616221a.jpg 460w,\n              http:\/\/just-now.news\/de\/wp-content\/uploads\/sites\/3\/2022\/07\/62c2d004b480cc4b8616221a.jpg 980w,\n            \" ><!--[if IE 9]><\/video><![endif]--><img decoding=\"async\" data- src=\"data:image\/png;base64,iVBORw0KGgoAAAANSUhEUgAAABAAAAAJCAQAAACRI2S5AAAAEElEQVR42mNkIAAYRxWAAQAG9gAKqv6+AwAAAABJRU5ErkJggg==\" class=\"Picture-root Picture-original lazyload\" data-src=\"http:\/\/just-now.news\/de\/wp-content\/uploads\/sites\/3\/2022\/07\/62c2d004b480cc4b8616221a.jpg\" alt=\"\"><\/source><\/source><\/picture><!-- noscript pattern --><noscript><img decoding=\"async\" src=\"http:\/\/just-now.news\/de\/wp-content\/uploads\/sites\/3\/2022\/07\/62c2d004b480cc4b8616221a.jpg\" alt=\"\"><\/noscript><\/div><figcaption class=\"RTImage-footer\"><span class=\"RTImage-caption\"><span class=\"RTImage-captionItem\">Bundesau\u00dfenministerin Annalena Baerbock.<\/span><\/span><span class=\"RTImage-source\"><span class=\"RTImage-captionItem\">IMAGO\/Janine Schmitz\/photothek.d<\/span><span class=\"RTImage-captionItem\"> \/ www.globallookpress.com<\/span><\/span><\/figcaption><\/figure>\n<p>Das Ausw\u00e4rtige Amt hat ein Treffen von Bundesau\u00dfenministerin Annalena Baerbock (B\u00fcndnis 90\/Die Gr\u00fcnen) und ihrem russischen Amtskollegen Sergei Lawrow auf dem Gipfel der Ressortchefs der G20-Staaten in Indonesien am kommenden Donnerstag und Freitag kategorisch ausgeschlossen.\u00a0Ein Treffen Baerbocks mit Lawrow stehe angesichts des &#8220;russischen Angriffskriegs&#8221; in der Ukraine &#8220;nicht zur Debatte&#8221;, erkl\u00e4rte ein Sprecher des Ausw\u00e4rtigen Amts.<\/p>\n<p>Baerbock bricht nach Angaben des Ausw\u00e4rtigen Amts am Mittwoch nach Bali auf, wo die Ressortchefs der 20 wichtigsten Industrie- und Schwellenl\u00e4nder zwei Tage lang \u00fcber au\u00dfenpolitische Themen beraten werden. Zu dem Treffen wird auch der russische Au\u00dfenminister erwartet. Es ist der erste internationale Auftritt Lawrows seit Beginn des Ukraine-Kriegs im Februar.\u00a0<\/p>\n<\/div>\n<\/div>\n<\/div>\n<\/div>\n<\/li>\n<li class=\"LiveUpdates-item Listing-item\">\n<div class=\"LiveUpdate-root\">\n<div class=\"LiveUpdate-date\">\n<p class=\"HeaderNews-root HeaderNews-type_6 \">\n                15:25 Uhr\n            <\/p>\n<\/div>\n<div class=\"LiveUpdate-content\">\n<div class=\"LiveUpdate-text\">\n<div class=\"Text-root Text-type_5 ViewText-root\">\n<h4>Ankara: Bei Getreidekorridoren sowohl ukrainische als auch russische Interessen ber\u00fccksichtigen\u00a0<\/h4>\n<figure class=\"RTImage-root\">\n<div class=\"RTImage-image RTImage-original\"><picture class=\"Picture-root Picture-original\"><!--[if IE 9]><video style=\"display: none;\"><![endif]--><source media=\"(-webkit-min-device-pixel-ratio: 2) and (min-resolution: 120dpi)\" data-srcset=\" \nhttp:\/\/just-now.news\/de\/wp-content\/uploads\/sites\/3\/2022\/07\/62c2d60d48fbef54ea1dcb0d.jpg 850w,\n                http:\/\/just-now.news\/de\/wp-content\/uploads\/sites\/3\/2022\/07\/62c2d60d48fbef54ea1dcb0d.jpg 1960w,\n            \" ><source data-srcset=\" \nhttp:\/\/just-now.news\/de\/wp-content\/uploads\/sites\/3\/2022\/07\/62c2d60d48fbef54ea1dcb0d.jpg 460w,\n              http:\/\/just-now.news\/de\/wp-content\/uploads\/sites\/3\/2022\/07\/62c2d60d48fbef54ea1dcb0d.jpg 980w,\n            \" ><!--[if IE 9]><\/video><![endif]--><img decoding=\"async\" data- src=\"data:image\/png;base64,iVBORw0KGgoAAAANSUhEUgAAABAAAAAJCAQAAACRI2S5AAAAEElEQVR42mNkIAAYRxWAAQAG9gAKqv6+AwAAAABJRU5ErkJggg==\" class=\"Picture-root Picture-original lazyload\" data-src=\"http:\/\/just-now.news\/de\/wp-content\/uploads\/sites\/3\/2022\/07\/62c2d60d48fbef54ea1dcb0d.jpg\" alt=\"\"><\/source><\/source><\/picture><!-- noscript pattern --><noscript><img decoding=\"async\" src=\"http:\/\/just-now.news\/de\/wp-content\/uploads\/sites\/3\/2022\/07\/62c2d60d48fbef54ea1dcb0d.jpg\" alt=\"\"><\/noscript><\/div><figcaption class=\"RTImage-footer\"><span class=\"RTImage-caption\"><span class=\"RTImage-captionItem\">Ein Handelsschiff bei der Einfahrt in einen Frachthafen.<\/span><\/span><span class=\"RTImage-source\"><span class=\"RTImage-captionItem\">www.imago-images.de<\/span><span class=\"RTImage-captionItem\"> \/ www.globallookpress.com<\/span><\/span><\/figcaption><\/figure>\n<p>Im Streit um die \u00d6ffnung sogenannter Getreidekorridore hat Ankara\u00a0einen multilateralen Ansatz gefordert. &#8220;Das Problem der Schaffung eines sicheren Korridors f\u00fcr Getreideexporte aus der Ukraine sollte unter Ber\u00fccksichtigung der Interessen sowohl Moskaus als auch Kiews gel\u00f6st werden&#8221;, erkl\u00e4rte der t\u00fcrkische Au\u00dfenminister Mevl\u00fct \u00c7avu\u015fo\u011flu\u00a0gegen\u00fcber der t\u00fcrkischen Nachrichtenagentur <em>Anadolu.<\/em> Er teilte ferner mit:<\/p>\n<blockquote>\n<p>&#8220;<em>Der UN-Plan liegt im Exportinteresse sowohl Russlands als auch der Ukraine. Um ukrainisches Getreide exportieren zu k\u00f6nnen, muss jedoch ein sicherer Korridor geschaffen werden, der nicht von Seeminen bedroht ist. Heutzutage sind die Lebensmittel in der Welt sehr teuer geworden. Wir sind f\u00fcr eine L\u00f6sung des Problems im Interesse sowohl Kiews als auch Moskaus.<\/em>&#8220;<\/p>\n<\/blockquote>\n<p>Demzufolge sei der UN-Plan nicht nur objektiv, sondern auch umsetzbar, so der Minister.\u00a0Die T\u00fcrkei beteiligt sich derzeit an Verhandlungen \u00fcber die Einrichtung sicherer Korridore im Schwarzen Meer f\u00fcr die Ausfuhr von Getreide und anderen landwirtschaftlichen Erzeugnissen aus ukrainischen H\u00e4fen. Bei den Gespr\u00e4chen werden insbesondere Fragen \u00fcber die Sicherheit von Handelsschiffen, ihre Versicherung,\u00a0ihre Routen sowie die Entminung von H\u00e4fen er\u00f6rtert.<\/p>\n<\/div>\n<\/div>\n<\/div>\n<\/div>\n<\/li>\n<\/ul>\n<div class=\"Listing-isReact\" data-rtmodule=\"Listing\" onload=\"return {\n                page: '1',\n                limit: '10',\n                listing: '\/listing\/parent.6209f961b480cc2c7e35341b\/noprepare\/liveupdates\/10\/1',\n            };\"><\/div>\n<\/div>\n<\/div>\n<\/div>\n<p><script async src=\"https:\/\/platform.twitter.com\/widgets.js\" charset=\"utf-8\"><\/script><br \/>\n<br \/><br \/>\n<br \/><a href=\"https:\/\/de.rt.com\/international\/131481-liveticker-zum-ukraine-krieg-brand\/\">Source link <\/a><\/p>\n","protected":false},"excerpt":{"rendered":"<p>Russland f\u00fchrt gemeinsam mit den Streitkr\u00e4ften der Donbass-Republiken eine Milit\u00e4roperation in der Ukraine durch. Der Westen reagiert mit immer neuen Waffenlieferungen an die Ukraine und beispiellosen Sanktionen. Hier lesen Sie die neuesten Entwicklungen. 4.07.2022 19:25 Uhr 19:25 Uhr Absturz einer Drohne im russischen Taganrog: Privathaus ger\u00e4t in Brand Wie der Telegram-Kanal Klymenko Time\u00a0meldet, soll es [&hellip;]<\/p>\n","protected":false},"author":3,"featured_media":12798,"comment_status":"open","ping_status":"open","sticky":false,"template":"","format":"standard","meta":{"wp_automatic_camp":["217"],"74d49e8c1ed5a15e531d2e5241621687":["Liveticker zum Ukraine-Krieg: Brand nach Absturz einer Drohne \u00fcber russischem Taganrog"],"original_link":["https:\/\/de.rt.com\/international\/131481-liveticker-zum-ukraine-krieg-brand\/"],"_thumbnail_id":["12798"],"_wptg_p2tg_sent2tg":["2022-07-04 20:03:33"],"jnews_social_counter_last_update":["1777334326"]},"categories":[19,23],"tags":[23249,5430,26825,212,564,979,915,26826,139,566,565],"yoast_head":"<!-- This site is optimized with the Yoast SEO Premium plugin v22.7 (Yoast SEO v22.7) - https:\/\/yoast.com\/wordpress\/plugins\/seo\/ -->\n<title>Liveticker zum Ukraine-Krieg: Brand nach Absturz einer Drohne \u00fcber russischem Taganrog - just-now.NEWS Deutschland<\/title>\n<meta name=\"robots\" content=\"index, follow, max-snippet:-1, max-image-preview:large, max-video-preview:-1\" \/>\n<link rel=\"canonical\" href=\"https:\/\/now-news.de\/de\/deutschland\/liveticker-zum-ukraine-krieg-brand-nach-absturz-einer-drohne-ueber-russischem-taganrog\/\" \/>\n<meta property=\"og:locale\" content=\"de_DE\" \/>\n<meta property=\"og:type\" content=\"article\" \/>\n<meta property=\"og:title\" content=\"Liveticker zum Ukraine-Krieg: Brand nach Absturz einer Drohne \u00fcber russischem Taganrog\" \/>\n<meta property=\"og:description\" content=\"Russland f\u00fchrt gemeinsam mit den Streitkr\u00e4ften der Donbass-Republiken eine Milit\u00e4roperation in der Ukraine durch. Der Westen reagiert mit immer neuen Waffenlieferungen an die Ukraine und beispiellosen Sanktionen. Hier lesen Sie die neuesten Entwicklungen. 4.07.2022 19:25 Uhr 19:25 Uhr Absturz einer Drohne im russischen Taganrog: Privathaus ger\u00e4t in Brand Wie der Telegram-Kanal Klymenko Time\u00a0meldet, soll es [&hellip;]\" \/>\n<meta property=\"og:url\" content=\"https:\/\/now-news.de\/de\/deutschland\/liveticker-zum-ukraine-krieg-brand-nach-absturz-einer-drohne-ueber-russischem-taganrog\/\" \/>\n<meta property=\"og:site_name\" content=\"just-now.NEWS Deutschland\" \/>\n<meta property=\"article:publisher\" content=\"https:\/\/www.facebook.com\/wirmachenauf\" \/>\n<meta property=\"article:published_time\" content=\"2022-07-04T17:30:45+00:00\" \/>\n<meta property=\"og:image\" content=\"https:\/\/now-news.de\/de\/wp-content\/uploads\/sites\/3\/2022\/07\/Liveticker-zum-Ukraine-Krieg-Brand-nach-Absturz-einer-Drohne-ueber-russischem.jpg\" \/>\n\t<meta property=\"og:image:width\" content=\"1686\" \/>\n\t<meta property=\"og:image:height\" content=\"1080\" \/>\n\t<meta property=\"og:image:type\" content=\"image\/jpeg\" \/>\n<meta name=\"author\" content=\"rtnews\" \/>\n<meta name=\"twitter:card\" content=\"summary_large_image\" \/>\n<meta name=\"twitter:creator\" content=\"@WirMachenAuf_de\" \/>\n<meta name=\"twitter:site\" content=\"@WirMachenAuf_de\" \/>\n<meta name=\"twitter:label1\" content=\"Verfasst von\" \/>\n\t<meta name=\"twitter:data1\" content=\"rtnews\" \/>\n\t<meta name=\"twitter:label2\" content=\"Gesch\u00e4tzte Lesezeit\" \/>\n\t<meta name=\"twitter:data2\" content=\"9\u00a0Minuten\" \/>\n<script type=\"application\/ld+json\" class=\"yoast-schema-graph\">{\"@context\":\"https:\/\/schema.org\",\"@graph\":[{\"@type\":\"Article\",\"@id\":\"https:\/\/now-news.de\/de\/deutschland\/liveticker-zum-ukraine-krieg-brand-nach-absturz-einer-drohne-ueber-russischem-taganrog\/#article\",\"isPartOf\":{\"@id\":\"https:\/\/now-news.de\/de\/deutschland\/liveticker-zum-ukraine-krieg-brand-nach-absturz-einer-drohne-ueber-russischem-taganrog\/\"},\"author\":{\"name\":\"rtnews\",\"@id\":\"https:\/\/now-news.de\/de\/#\/schema\/person\/fb534a4e865501d8b3285208df34a9b5\"},\"headline\":\"Liveticker zum Ukraine-Krieg: Brand nach Absturz einer Drohne \u00fcber russischem Taganrog\",\"datePublished\":\"2022-07-04T17:30:45+00:00\",\"dateModified\":\"2022-07-04T17:30:45+00:00\",\"mainEntityOfPage\":{\"@id\":\"https:\/\/now-news.de\/de\/deutschland\/liveticker-zum-ukraine-krieg-brand-nach-absturz-einer-drohne-ueber-russischem-taganrog\/\"},\"wordCount\":1922,\"commentCount\":0,\"publisher\":{\"@id\":\"https:\/\/now-news.de\/de\/#organization\"},\"image\":{\"@id\":\"https:\/\/now-news.de\/de\/deutschland\/liveticker-zum-ukraine-krieg-brand-nach-absturz-einer-drohne-ueber-russischem-taganrog\/#primaryimage\"},\"thumbnailUrl\":\"https:\/\/now-news.de\/de\/wp-content\/uploads\/sites\/3\/2022\/07\/Liveticker-zum-Ukraine-Krieg-Brand-nach-Absturz-einer-Drohne-ueber-russischem.jpg\",\"keywords\":[\"Absturz\",\"Brand\",\"Drohne\",\"einer\",\"Liveticker\",\"nach\",\"russischem\",\"Taganrog\",\"\u00fcber\",\"UkraineKrieg\",\"zum\"],\"articleSection\":[\"Deutschland\",\"Russland\"],\"inLanguage\":\"de\",\"potentialAction\":[{\"@type\":\"CommentAction\",\"name\":\"Comment\",\"target\":[\"https:\/\/now-news.de\/de\/deutschland\/liveticker-zum-ukraine-krieg-brand-nach-absturz-einer-drohne-ueber-russischem-taganrog\/#respond\"]}]},{\"@type\":\"WebPage\",\"@id\":\"https:\/\/now-news.de\/de\/deutschland\/liveticker-zum-ukraine-krieg-brand-nach-absturz-einer-drohne-ueber-russischem-taganrog\/\",\"url\":\"https:\/\/now-news.de\/de\/deutschland\/liveticker-zum-ukraine-krieg-brand-nach-absturz-einer-drohne-ueber-russischem-taganrog\/\",\"name\":\"Liveticker zum Ukraine-Krieg: Brand nach Absturz einer Drohne \u00fcber russischem Taganrog - just-now.NEWS Deutschland\",\"isPartOf\":{\"@id\":\"https:\/\/now-news.de\/de\/#website\"},\"primaryImageOfPage\":{\"@id\":\"https:\/\/now-news.de\/de\/deutschland\/liveticker-zum-ukraine-krieg-brand-nach-absturz-einer-drohne-ueber-russischem-taganrog\/#primaryimage\"},\"image\":{\"@id\":\"https:\/\/now-news.de\/de\/deutschland\/liveticker-zum-ukraine-krieg-brand-nach-absturz-einer-drohne-ueber-russischem-taganrog\/#primaryimage\"},\"thumbnailUrl\":\"https:\/\/now-news.de\/de\/wp-content\/uploads\/sites\/3\/2022\/07\/Liveticker-zum-Ukraine-Krieg-Brand-nach-Absturz-einer-Drohne-ueber-russischem.jpg\",\"datePublished\":\"2022-07-04T17:30:45+00:00\",\"dateModified\":\"2022-07-04T17:30:45+00:00\",\"breadcrumb\":{\"@id\":\"https:\/\/now-news.de\/de\/deutschland\/liveticker-zum-ukraine-krieg-brand-nach-absturz-einer-drohne-ueber-russischem-taganrog\/#breadcrumb\"},\"inLanguage\":\"de\",\"potentialAction\":[{\"@type\":\"ReadAction\",\"target\":[\"https:\/\/now-news.de\/de\/deutschland\/liveticker-zum-ukraine-krieg-brand-nach-absturz-einer-drohne-ueber-russischem-taganrog\/\"]}]},{\"@type\":\"ImageObject\",\"inLanguage\":\"de\",\"@id\":\"https:\/\/now-news.de\/de\/deutschland\/liveticker-zum-ukraine-krieg-brand-nach-absturz-einer-drohne-ueber-russischem-taganrog\/#primaryimage\",\"url\":\"https:\/\/now-news.de\/de\/wp-content\/uploads\/sites\/3\/2022\/07\/Liveticker-zum-Ukraine-Krieg-Brand-nach-Absturz-einer-Drohne-ueber-russischem.jpg\",\"contentUrl\":\"https:\/\/now-news.de\/de\/wp-content\/uploads\/sites\/3\/2022\/07\/Liveticker-zum-Ukraine-Krieg-Brand-nach-Absturz-einer-Drohne-ueber-russischem.jpg\",\"width\":1686,\"height\":1080,\"caption\":\"Liveticker zum Ukraine-Krieg: Brand nach Absturz einer Drohne \u00fcber russischem Taganrog\"},{\"@type\":\"BreadcrumbList\",\"@id\":\"https:\/\/now-news.de\/de\/deutschland\/liveticker-zum-ukraine-krieg-brand-nach-absturz-einer-drohne-ueber-russischem-taganrog\/#breadcrumb\",\"itemListElement\":[{\"@type\":\"ListItem\",\"position\":1,\"name\":\"Home\",\"item\":\"https:\/\/now-news.de\/de\/\"},{\"@type\":\"ListItem\",\"position\":2,\"name\":\"Liveticker zum Ukraine-Krieg: Brand nach Absturz einer Drohne \u00fcber russischem Taganrog\"}]},{\"@type\":\"WebSite\",\"@id\":\"https:\/\/now-news.de\/de\/#website\",\"url\":\"https:\/\/now-news.de\/de\/\",\"name\":\"just-now.NEWS Deutschland\",\"description\":\"Das Portal f\u00fcr unzensierte Nachrichten aus der Welt\",\"publisher\":{\"@id\":\"https:\/\/now-news.de\/de\/#organization\"},\"potentialAction\":[{\"@type\":\"SearchAction\",\"target\":{\"@type\":\"EntryPoint\",\"urlTemplate\":\"https:\/\/now-news.de\/de\/?s={search_term_string}\"},\"query-input\":\"required name=search_term_string\"}],\"inLanguage\":\"de\"},{\"@type\":\"Organization\",\"@id\":\"https:\/\/now-news.de\/de\/#organization\",\"name\":\"Just Now News\",\"url\":\"https:\/\/now-news.de\/de\/\",\"logo\":{\"@type\":\"ImageObject\",\"inLanguage\":\"de\",\"@id\":\"https:\/\/now-news.de\/de\/#\/schema\/logo\/image\/\",\"url\":\"http:\/\/just-now.news\/de\/wp-content\/uploads\/sites\/3\/2022\/04\/logo500x500.jpg\",\"contentUrl\":\"http:\/\/just-now.news\/de\/wp-content\/uploads\/sites\/3\/2022\/04\/logo500x500.jpg\",\"width\":500,\"height\":500,\"caption\":\"Just Now News\"},\"image\":{\"@id\":\"https:\/\/now-news.de\/de\/#\/schema\/logo\/image\/\"},\"sameAs\":[\"https:\/\/www.facebook.com\/wirmachenauf\",\"https:\/\/x.com\/WirMachenAuf_de\"]},{\"@type\":\"Person\",\"@id\":\"https:\/\/now-news.de\/de\/#\/schema\/person\/fb534a4e865501d8b3285208df34a9b5\",\"name\":\"rtnews\",\"image\":{\"@type\":\"ImageObject\",\"inLanguage\":\"de\",\"@id\":\"https:\/\/now-news.de\/de\/#\/schema\/person\/image\/\",\"url\":\"https:\/\/secure.gravatar.com\/avatar\/82aafea7d8127119dd649515f56e2117?s=96&d=mm&r=g\",\"contentUrl\":\"https:\/\/secure.gravatar.com\/avatar\/82aafea7d8127119dd649515f56e2117?s=96&d=mm&r=g\",\"caption\":\"rtnews\"},\"url\":\"https:\/\/now-news.de\/de\/author\/rnews\/\"}]}<\/script>\n<!-- \/ Yoast SEO Premium plugin. -->","yoast_head_json":{"title":"Liveticker zum Ukraine-Krieg: Brand nach Absturz einer Drohne \u00fcber russischem Taganrog - just-now.NEWS Deutschland","robots":{"index":"index","follow":"follow","max-snippet":"max-snippet:-1","max-image-preview":"max-image-preview:large","max-video-preview":"max-video-preview:-1"},"canonical":"https:\/\/now-news.de\/de\/deutschland\/liveticker-zum-ukraine-krieg-brand-nach-absturz-einer-drohne-ueber-russischem-taganrog\/","og_locale":"de_DE","og_type":"article","og_title":"Liveticker zum Ukraine-Krieg: Brand nach Absturz einer Drohne \u00fcber russischem Taganrog","og_description":"Russland f\u00fchrt gemeinsam mit den Streitkr\u00e4ften der Donbass-Republiken eine Milit\u00e4roperation in der Ukraine durch. Der Westen reagiert mit immer neuen Waffenlieferungen an die Ukraine und beispiellosen Sanktionen. Hier lesen Sie die neuesten Entwicklungen. 4.07.2022 19:25 Uhr 19:25 Uhr Absturz einer Drohne im russischen Taganrog: Privathaus ger\u00e4t in Brand Wie der Telegram-Kanal Klymenko Time\u00a0meldet, soll es [&hellip;]","og_url":"https:\/\/now-news.de\/de\/deutschland\/liveticker-zum-ukraine-krieg-brand-nach-absturz-einer-drohne-ueber-russischem-taganrog\/","og_site_name":"just-now.NEWS Deutschland","article_publisher":"https:\/\/www.facebook.com\/wirmachenauf","article_published_time":"2022-07-04T17:30:45+00:00","og_image":[{"width":1686,"height":1080,"url":"https:\/\/now-news.de\/de\/wp-content\/uploads\/sites\/3\/2022\/07\/Liveticker-zum-Ukraine-Krieg-Brand-nach-Absturz-einer-Drohne-ueber-russischem.jpg","type":"image\/jpeg"}],"author":"rtnews","twitter_card":"summary_large_image","twitter_creator":"@WirMachenAuf_de","twitter_site":"@WirMachenAuf_de","twitter_misc":{"Verfasst von":"rtnews","Gesch\u00e4tzte Lesezeit":"9\u00a0Minuten"},"schema":{"@context":"https:\/\/schema.org","@graph":[{"@type":"Article","@id":"https:\/\/now-news.de\/de\/deutschland\/liveticker-zum-ukraine-krieg-brand-nach-absturz-einer-drohne-ueber-russischem-taganrog\/#article","isPartOf":{"@id":"https:\/\/now-news.de\/de\/deutschland\/liveticker-zum-ukraine-krieg-brand-nach-absturz-einer-drohne-ueber-russischem-taganrog\/"},"author":{"name":"rtnews","@id":"https:\/\/now-news.de\/de\/#\/schema\/person\/fb534a4e865501d8b3285208df34a9b5"},"headline":"Liveticker zum Ukraine-Krieg: Brand nach Absturz einer Drohne \u00fcber russischem Taganrog","datePublished":"2022-07-04T17:30:45+00:00","dateModified":"2022-07-04T17:30:45+00:00","mainEntityOfPage":{"@id":"https:\/\/now-news.de\/de\/deutschland\/liveticker-zum-ukraine-krieg-brand-nach-absturz-einer-drohne-ueber-russischem-taganrog\/"},"wordCount":1922,"commentCount":0,"publisher":{"@id":"https:\/\/now-news.de\/de\/#organization"},"image":{"@id":"https:\/\/now-news.de\/de\/deutschland\/liveticker-zum-ukraine-krieg-brand-nach-absturz-einer-drohne-ueber-russischem-taganrog\/#primaryimage"},"thumbnailUrl":"https:\/\/now-news.de\/de\/wp-content\/uploads\/sites\/3\/2022\/07\/Liveticker-zum-Ukraine-Krieg-Brand-nach-Absturz-einer-Drohne-ueber-russischem.jpg","keywords":["Absturz","Brand","Drohne","einer","Liveticker","nach","russischem","Taganrog","\u00fcber","UkraineKrieg","zum"],"articleSection":["Deutschland","Russland"],"inLanguage":"de","potentialAction":[{"@type":"CommentAction","name":"Comment","target":["https:\/\/now-news.de\/de\/deutschland\/liveticker-zum-ukraine-krieg-brand-nach-absturz-einer-drohne-ueber-russischem-taganrog\/#respond"]}]},{"@type":"WebPage","@id":"https:\/\/now-news.de\/de\/deutschland\/liveticker-zum-ukraine-krieg-brand-nach-absturz-einer-drohne-ueber-russischem-taganrog\/","url":"https:\/\/now-news.de\/de\/deutschland\/liveticker-zum-ukraine-krieg-brand-nach-absturz-einer-drohne-ueber-russischem-taganrog\/","name":"Liveticker zum Ukraine-Krieg: Brand nach Absturz einer Drohne \u00fcber russischem Taganrog - just-now.NEWS Deutschland","isPartOf":{"@id":"https:\/\/now-news.de\/de\/#website"},"primaryImageOfPage":{"@id":"https:\/\/now-news.de\/de\/deutschland\/liveticker-zum-ukraine-krieg-brand-nach-absturz-einer-drohne-ueber-russischem-taganrog\/#primaryimage"},"image":{"@id":"https:\/\/now-news.de\/de\/deutschland\/liveticker-zum-ukraine-krieg-brand-nach-absturz-einer-drohne-ueber-russischem-taganrog\/#primaryimage"},"thumbnailUrl":"https:\/\/now-news.de\/de\/wp-content\/uploads\/sites\/3\/2022\/07\/Liveticker-zum-Ukraine-Krieg-Brand-nach-Absturz-einer-Drohne-ueber-russischem.jpg","datePublished":"2022-07-04T17:30:45+00:00","dateModified":"2022-07-04T17:30:45+00:00","breadcrumb":{"@id":"https:\/\/now-news.de\/de\/deutschland\/liveticker-zum-ukraine-krieg-brand-nach-absturz-einer-drohne-ueber-russischem-taganrog\/#breadcrumb"},"inLanguage":"de","potentialAction":[{"@type":"ReadAction","target":["https:\/\/now-news.de\/de\/deutschland\/liveticker-zum-ukraine-krieg-brand-nach-absturz-einer-drohne-ueber-russischem-taganrog\/"]}]},{"@type":"ImageObject","inLanguage":"de","@id":"https:\/\/now-news.de\/de\/deutschland\/liveticker-zum-ukraine-krieg-brand-nach-absturz-einer-drohne-ueber-russischem-taganrog\/#primaryimage","url":"https:\/\/now-news.de\/de\/wp-content\/uploads\/sites\/3\/2022\/07\/Liveticker-zum-Ukraine-Krieg-Brand-nach-Absturz-einer-Drohne-ueber-russischem.jpg","contentUrl":"https:\/\/now-news.de\/de\/wp-content\/uploads\/sites\/3\/2022\/07\/Liveticker-zum-Ukraine-Krieg-Brand-nach-Absturz-einer-Drohne-ueber-russischem.jpg","width":1686,"height":1080,"caption":"Liveticker zum Ukraine-Krieg: Brand nach Absturz einer Drohne \u00fcber russischem Taganrog"},{"@type":"BreadcrumbList","@id":"https:\/\/now-news.de\/de\/deutschland\/liveticker-zum-ukraine-krieg-brand-nach-absturz-einer-drohne-ueber-russischem-taganrog\/#breadcrumb","itemListElement":[{"@type":"ListItem","position":1,"name":"Home","item":"https:\/\/now-news.de\/de\/"},{"@type":"ListItem","position":2,"name":"Liveticker zum Ukraine-Krieg: Brand nach Absturz einer Drohne \u00fcber russischem Taganrog"}]},{"@type":"WebSite","@id":"https:\/\/now-news.de\/de\/#website","url":"https:\/\/now-news.de\/de\/","name":"just-now.NEWS Deutschland","description":"Das Portal f\u00fcr unzensierte Nachrichten aus der Welt","publisher":{"@id":"https:\/\/now-news.de\/de\/#organization"},"potentialAction":[{"@type":"SearchAction","target":{"@type":"EntryPoint","urlTemplate":"https:\/\/now-news.de\/de\/?s={search_term_string}"},"query-input":"required name=search_term_string"}],"inLanguage":"de"},{"@type":"Organization","@id":"https:\/\/now-news.de\/de\/#organization","name":"Just Now News","url":"https:\/\/now-news.de\/de\/","logo":{"@type":"ImageObject","inLanguage":"de","@id":"https:\/\/now-news.de\/de\/#\/schema\/logo\/image\/","url":"http:\/\/just-now.news\/de\/wp-content\/uploads\/sites\/3\/2022\/04\/logo500x500.jpg","contentUrl":"http:\/\/just-now.news\/de\/wp-content\/uploads\/sites\/3\/2022\/04\/logo500x500.jpg","width":500,"height":500,"caption":"Just Now News"},"image":{"@id":"https:\/\/now-news.de\/de\/#\/schema\/logo\/image\/"},"sameAs":["https:\/\/www.facebook.com\/wirmachenauf","https:\/\/x.com\/WirMachenAuf_de"]},{"@type":"Person","@id":"https:\/\/now-news.de\/de\/#\/schema\/person\/fb534a4e865501d8b3285208df34a9b5","name":"rtnews","image":{"@type":"ImageObject","inLanguage":"de","@id":"https:\/\/now-news.de\/de\/#\/schema\/person\/image\/","url":"https:\/\/secure.gravatar.com\/avatar\/82aafea7d8127119dd649515f56e2117?s=96&d=mm&r=g","contentUrl":"https:\/\/secure.gravatar.com\/avatar\/82aafea7d8127119dd649515f56e2117?s=96&d=mm&r=g","caption":"rtnews"},"url":"https:\/\/now-news.de\/de\/author\/rnews\/"}]}},"_links":{"self":[{"href":"https:\/\/now-news.de\/de\/wp-json\/wp\/v2\/posts\/12797"}],"collection":[{"href":"https:\/\/now-news.de\/de\/wp-json\/wp\/v2\/posts"}],"about":[{"href":"https:\/\/now-news.de\/de\/wp-json\/wp\/v2\/types\/post"}],"author":[{"embeddable":true,"href":"https:\/\/now-news.de\/de\/wp-json\/wp\/v2\/users\/3"}],"replies":[{"embeddable":true,"href":"https:\/\/now-news.de\/de\/wp-json\/wp\/v2\/comments?post=12797"}],"version-history":[{"count":0,"href":"https:\/\/now-news.de\/de\/wp-json\/wp\/v2\/posts\/12797\/revisions"}],"wp:featuredmedia":[{"embeddable":true,"href":"https:\/\/now-news.de\/de\/wp-json\/wp\/v2\/media\/12798"}],"wp:attachment":[{"href":"https:\/\/now-news.de\/de\/wp-json\/wp\/v2\/media?parent=12797"}],"wp:term":[{"taxonomy":"category","embeddable":true,"href":"https:\/\/now-news.de\/de\/wp-json\/wp\/v2\/categories?post=12797"},{"taxonomy":"post_tag","embeddable":true,"href":"https:\/\/now-news.de\/de\/wp-json\/wp\/v2\/tags?post=12797"}],"curies":[{"name":"wp","href":"https:\/\/api.w.org\/{rel}","templated":true}]}}