{"id":12782,"date":"2022-07-04T17:50:55","date_gmt":"2022-07-04T15:50:55","guid":{"rendered":"http:\/\/just-now.news\/de\/deutschland\/steht-ukrainischer-botschafter-melnik-vor-abberufung\/"},"modified":"2022-07-04T17:50:55","modified_gmt":"2022-07-04T15:50:55","slug":"steht-ukrainischer-botschafter-melnik-vor-abberufung","status":"publish","type":"post","link":"https:\/\/now-news.de\/de\/deutschland\/steht-ukrainischer-botschafter-melnik-vor-abberufung\/","title":{"rendered":"Steht ukrainischer Botschafter Melnik vor Abberufung?"},"content":{"rendered":"<p><img decoding=\"async\" src=\"http:\/\/just-now.news\/de\/wp-content\/uploads\/sites\/3\/2022\/04\/Julian-Assange-soll-laut-Gericht-an-USA-ausgeliefert-werden-\u2013.jpg\" \/><\/p>\n<div class=\"Text-root Text-type_1 \">\n                Wie die Bild-Zeitung erfahren haben will, k\u00f6nnte die Amtszeit des ukrainischen Botschafters Andrej Melnik in Berlin bald zu Ende gehen.\n            <\/div>\n<p><\/p>\n<div class=\"Text-root Text-type_5 ArticleView-text ViewText-root \">\n<p>Den Ger\u00fcchten zufolge, die unter anderem von der <em>Bild<\/em>-Zeitung <a rel=\"nofollow noopener\" target=\"_blank\" href=\"https:\/\/secure.mypass.de\/sso\/web-bigp\/login?service=https%3A%2F%2Fdon.bild.de%2Fwww%2Fli%2Fhttps%25253A%25252F%25252Fwww.bild.de%25252Fbild-plus%25252Fpolitik%25252Fausland%25252Fpolitik-inland%25252Fmelnyk-soll-zurueck-in-die-ukraine-kiew-hat-neue-plaene-fuer-ihn-80598720%25252Cview%25253DconversionToLogin.bild.html%253Fcfta%253D1&amp;security=low\">verbreitet<\/a> werden, k\u00f6nnte der Vertreter Kiews in Deutschland, Andrej Melnik, m\u00f6glicherweise bald seinen Posten verlassen, um die Position eines stellvertretender Au\u00dfenminister zu \u00fcbernehmen.<\/p>\n<p>Wie der <em>Focus<\/em> anmerkt, sei ein Wechsel von Melnik nach Kiew &#8220;explizit nicht als Abberufung&#8221; zu verstehen, so ukrainische Regierungskreise. &#8220;Dieser Vorschlag wurde vom Ministerium gegen\u00fcber dem ukrainischen Pr\u00e4sidenten gemacht. Andrij Melnyk wird in Kiew sehr gesch\u00e4tzt f\u00fcr seine Arbeit&#8221;, wie <em>Bild<\/em> unter Berufung einen ukrainischen Regierungsbeamten schreibt.<\/p>\n<p>Der Wechsel von Berlin nach Kiew sei demnach f\u00fcr den Herbst vorgesehen, habe es gehei\u00dfen. Das ukrainische Au\u00dfenministerium habe auf eine Anfrage der <em>Bild<\/em> nicht reagiert. Melnik selbst sei f\u00fcr eine Stellungnahme bisher ebenso nicht erreichbar gewesen.<\/p>\n<p><em>N\u00e4here Informationen in K\u00fcrze &#8230;<\/em><\/p>\n<\/div>\n<p><br \/>\n<br \/><a href=\"https:\/\/de.rt.com\/international\/142642-steht-ukrainischer-botschafter-melnik-vor\/\">Source link <\/a><\/p>\n","protected":false},"excerpt":{"rendered":"<p>Wie die Bild-Zeitung erfahren haben will, k\u00f6nnte die Amtszeit des ukrainischen Botschafters Andrej Melnik in Berlin bald zu Ende gehen. Den Ger\u00fcchten zufolge, die unter anderem von der Bild-Zeitung verbreitet werden, k\u00f6nnte der Vertreter Kiews in Deutschland, Andrej Melnik, m\u00f6glicherweise bald seinen Posten verlassen, um die Position eines stellvertretender Au\u00dfenminister zu \u00fcbernehmen. Wie der Focus [&hellip;]<\/p>\n","protected":false},"author":3,"featured_media":6832,"comment_status":"open","ping_status":"open","sticky":false,"template":"","format":"standard","meta":{"wp_automatic_camp":["217"],"48ac36652c80768709fd8f2be425f588":["Steht ukrainischer Botschafter Melnik vor Abberufung?"],"original_link":["https:\/\/de.rt.com\/international\/142642-steht-ukrainischer-botschafter-melnik-vor\/"],"_thumbnail_id":["6832"],"_wptg_p2tg_sent2tg":["2022-07-04 17:55:24"],"jnews_social_counter_last_update":["1777168782"]},"categories":[19,23],"tags":[26813,4992,26812,1606,488,320],"yoast_head":"<!-- This site is optimized with the Yoast SEO Premium plugin v22.7 (Yoast SEO v22.7) - https:\/\/yoast.com\/wordpress\/plugins\/seo\/ -->\n<title>Steht ukrainischer Botschafter Melnik vor Abberufung? - just-now.NEWS Deutschland<\/title>\n<meta name=\"robots\" content=\"index, follow, max-snippet:-1, max-image-preview:large, max-video-preview:-1\" \/>\n<link rel=\"canonical\" href=\"https:\/\/now-news.de\/de\/deutschland\/steht-ukrainischer-botschafter-melnik-vor-abberufung\/\" \/>\n<meta property=\"og:locale\" content=\"de_DE\" \/>\n<meta property=\"og:type\" content=\"article\" \/>\n<meta property=\"og:title\" content=\"Steht ukrainischer Botschafter Melnik vor Abberufung?\" \/>\n<meta property=\"og:description\" content=\"Wie die Bild-Zeitung erfahren haben will, k\u00f6nnte die Amtszeit des ukrainischen Botschafters Andrej Melnik in Berlin bald zu Ende gehen. Den Ger\u00fcchten zufolge, die unter anderem von der Bild-Zeitung verbreitet werden, k\u00f6nnte der Vertreter Kiews in Deutschland, Andrej Melnik, m\u00f6glicherweise bald seinen Posten verlassen, um die Position eines stellvertretender Au\u00dfenminister zu \u00fcbernehmen. Wie der Focus [&hellip;]\" \/>\n<meta property=\"og:url\" content=\"https:\/\/now-news.de\/de\/deutschland\/steht-ukrainischer-botschafter-melnik-vor-abberufung\/\" \/>\n<meta property=\"og:site_name\" content=\"just-now.NEWS Deutschland\" \/>\n<meta property=\"article:publisher\" content=\"https:\/\/www.facebook.com\/wirmachenauf\" \/>\n<meta property=\"article:published_time\" content=\"2022-07-04T15:50:55+00:00\" \/>\n<meta property=\"og:image\" content=\"https:\/\/now-news.de\/de\/wp-content\/uploads\/sites\/3\/2022\/05\/Erste-Annaeherung-nach-Ausladung-Steinmeier-telefoniert-mit-Selenskij.jpg\" \/>\n\t<meta property=\"og:image:width\" content=\"460\" \/>\n\t<meta property=\"og:image:height\" content=\"259\" \/>\n\t<meta property=\"og:image:type\" content=\"image\/jpeg\" \/>\n<meta name=\"author\" content=\"rtnews\" \/>\n<meta name=\"twitter:card\" content=\"summary_large_image\" \/>\n<meta name=\"twitter:creator\" content=\"@WirMachenAuf_de\" \/>\n<meta name=\"twitter:site\" content=\"@WirMachenAuf_de\" \/>\n<meta name=\"twitter:label1\" content=\"Verfasst von\" \/>\n\t<meta name=\"twitter:data1\" content=\"rtnews\" \/>\n\t<meta name=\"twitter:label2\" content=\"Gesch\u00e4tzte Lesezeit\" \/>\n\t<meta name=\"twitter:data2\" content=\"1\u00a0Minute\" \/>\n<script type=\"application\/ld+json\" class=\"yoast-schema-graph\">{\"@context\":\"https:\/\/schema.org\",\"@graph\":[{\"@type\":\"Article\",\"@id\":\"https:\/\/now-news.de\/de\/deutschland\/steht-ukrainischer-botschafter-melnik-vor-abberufung\/#article\",\"isPartOf\":{\"@id\":\"https:\/\/now-news.de\/de\/deutschland\/steht-ukrainischer-botschafter-melnik-vor-abberufung\/\"},\"author\":{\"name\":\"rtnews\",\"@id\":\"https:\/\/now-news.de\/de\/#\/schema\/person\/fb534a4e865501d8b3285208df34a9b5\"},\"headline\":\"Steht ukrainischer Botschafter Melnik vor Abberufung?\",\"datePublished\":\"2022-07-04T15:50:55+00:00\",\"dateModified\":\"2022-07-04T15:50:55+00:00\",\"mainEntityOfPage\":{\"@id\":\"https:\/\/now-news.de\/de\/deutschland\/steht-ukrainischer-botschafter-melnik-vor-abberufung\/\"},\"wordCount\":165,\"commentCount\":0,\"publisher\":{\"@id\":\"https:\/\/now-news.de\/de\/#organization\"},\"image\":{\"@id\":\"https:\/\/now-news.de\/de\/deutschland\/steht-ukrainischer-botschafter-melnik-vor-abberufung\/#primaryimage\"},\"thumbnailUrl\":\"https:\/\/now-news.de\/de\/wp-content\/uploads\/sites\/3\/2022\/05\/Erste-Annaeherung-nach-Ausladung-Steinmeier-telefoniert-mit-Selenskij.jpg\",\"keywords\":[\"Abberufung\",\"Botschafter\",\"Melnik\",\"steht\",\"Ukrainischer\",\"vor\"],\"articleSection\":[\"Deutschland\",\"Russland\"],\"inLanguage\":\"de\",\"potentialAction\":[{\"@type\":\"CommentAction\",\"name\":\"Comment\",\"target\":[\"https:\/\/now-news.de\/de\/deutschland\/steht-ukrainischer-botschafter-melnik-vor-abberufung\/#respond\"]}]},{\"@type\":\"WebPage\",\"@id\":\"https:\/\/now-news.de\/de\/deutschland\/steht-ukrainischer-botschafter-melnik-vor-abberufung\/\",\"url\":\"https:\/\/now-news.de\/de\/deutschland\/steht-ukrainischer-botschafter-melnik-vor-abberufung\/\",\"name\":\"Steht ukrainischer Botschafter Melnik vor Abberufung? - just-now.NEWS Deutschland\",\"isPartOf\":{\"@id\":\"https:\/\/now-news.de\/de\/#website\"},\"primaryImageOfPage\":{\"@id\":\"https:\/\/now-news.de\/de\/deutschland\/steht-ukrainischer-botschafter-melnik-vor-abberufung\/#primaryimage\"},\"image\":{\"@id\":\"https:\/\/now-news.de\/de\/deutschland\/steht-ukrainischer-botschafter-melnik-vor-abberufung\/#primaryimage\"},\"thumbnailUrl\":\"https:\/\/now-news.de\/de\/wp-content\/uploads\/sites\/3\/2022\/05\/Erste-Annaeherung-nach-Ausladung-Steinmeier-telefoniert-mit-Selenskij.jpg\",\"datePublished\":\"2022-07-04T15:50:55+00:00\",\"dateModified\":\"2022-07-04T15:50:55+00:00\",\"breadcrumb\":{\"@id\":\"https:\/\/now-news.de\/de\/deutschland\/steht-ukrainischer-botschafter-melnik-vor-abberufung\/#breadcrumb\"},\"inLanguage\":\"de\",\"potentialAction\":[{\"@type\":\"ReadAction\",\"target\":[\"https:\/\/now-news.de\/de\/deutschland\/steht-ukrainischer-botschafter-melnik-vor-abberufung\/\"]}]},{\"@type\":\"ImageObject\",\"inLanguage\":\"de\",\"@id\":\"https:\/\/now-news.de\/de\/deutschland\/steht-ukrainischer-botschafter-melnik-vor-abberufung\/#primaryimage\",\"url\":\"https:\/\/now-news.de\/de\/wp-content\/uploads\/sites\/3\/2022\/05\/Erste-Annaeherung-nach-Ausladung-Steinmeier-telefoniert-mit-Selenskij.jpg\",\"contentUrl\":\"https:\/\/now-news.de\/de\/wp-content\/uploads\/sites\/3\/2022\/05\/Erste-Annaeherung-nach-Ausladung-Steinmeier-telefoniert-mit-Selenskij.jpg\",\"width\":460,\"height\":259},{\"@type\":\"BreadcrumbList\",\"@id\":\"https:\/\/now-news.de\/de\/deutschland\/steht-ukrainischer-botschafter-melnik-vor-abberufung\/#breadcrumb\",\"itemListElement\":[{\"@type\":\"ListItem\",\"position\":1,\"name\":\"Home\",\"item\":\"https:\/\/now-news.de\/de\/\"},{\"@type\":\"ListItem\",\"position\":2,\"name\":\"Steht ukrainischer Botschafter Melnik vor Abberufung?\"}]},{\"@type\":\"WebSite\",\"@id\":\"https:\/\/now-news.de\/de\/#website\",\"url\":\"https:\/\/now-news.de\/de\/\",\"name\":\"just-now.NEWS Deutschland\",\"description\":\"Das Portal f\u00fcr unzensierte Nachrichten aus der Welt\",\"publisher\":{\"@id\":\"https:\/\/now-news.de\/de\/#organization\"},\"potentialAction\":[{\"@type\":\"SearchAction\",\"target\":{\"@type\":\"EntryPoint\",\"urlTemplate\":\"https:\/\/now-news.de\/de\/?s={search_term_string}\"},\"query-input\":\"required name=search_term_string\"}],\"inLanguage\":\"de\"},{\"@type\":\"Organization\",\"@id\":\"https:\/\/now-news.de\/de\/#organization\",\"name\":\"Just Now News\",\"url\":\"https:\/\/now-news.de\/de\/\",\"logo\":{\"@type\":\"ImageObject\",\"inLanguage\":\"de\",\"@id\":\"https:\/\/now-news.de\/de\/#\/schema\/logo\/image\/\",\"url\":\"http:\/\/just-now.news\/de\/wp-content\/uploads\/sites\/3\/2022\/04\/logo500x500.jpg\",\"contentUrl\":\"http:\/\/just-now.news\/de\/wp-content\/uploads\/sites\/3\/2022\/04\/logo500x500.jpg\",\"width\":500,\"height\":500,\"caption\":\"Just Now News\"},\"image\":{\"@id\":\"https:\/\/now-news.de\/de\/#\/schema\/logo\/image\/\"},\"sameAs\":[\"https:\/\/www.facebook.com\/wirmachenauf\",\"https:\/\/x.com\/WirMachenAuf_de\"]},{\"@type\":\"Person\",\"@id\":\"https:\/\/now-news.de\/de\/#\/schema\/person\/fb534a4e865501d8b3285208df34a9b5\",\"name\":\"rtnews\",\"image\":{\"@type\":\"ImageObject\",\"inLanguage\":\"de\",\"@id\":\"https:\/\/now-news.de\/de\/#\/schema\/person\/image\/\",\"url\":\"https:\/\/secure.gravatar.com\/avatar\/82aafea7d8127119dd649515f56e2117?s=96&d=mm&r=g\",\"contentUrl\":\"https:\/\/secure.gravatar.com\/avatar\/82aafea7d8127119dd649515f56e2117?s=96&d=mm&r=g\",\"caption\":\"rtnews\"},\"url\":\"https:\/\/now-news.de\/de\/author\/rnews\/\"}]}<\/script>\n<!-- \/ Yoast SEO Premium plugin. -->","yoast_head_json":{"title":"Steht ukrainischer Botschafter Melnik vor Abberufung? - just-now.NEWS Deutschland","robots":{"index":"index","follow":"follow","max-snippet":"max-snippet:-1","max-image-preview":"max-image-preview:large","max-video-preview":"max-video-preview:-1"},"canonical":"https:\/\/now-news.de\/de\/deutschland\/steht-ukrainischer-botschafter-melnik-vor-abberufung\/","og_locale":"de_DE","og_type":"article","og_title":"Steht ukrainischer Botschafter Melnik vor Abberufung?","og_description":"Wie die Bild-Zeitung erfahren haben will, k\u00f6nnte die Amtszeit des ukrainischen Botschafters Andrej Melnik in Berlin bald zu Ende gehen. Den Ger\u00fcchten zufolge, die unter anderem von der Bild-Zeitung verbreitet werden, k\u00f6nnte der Vertreter Kiews in Deutschland, Andrej Melnik, m\u00f6glicherweise bald seinen Posten verlassen, um die Position eines stellvertretender Au\u00dfenminister zu \u00fcbernehmen. Wie der Focus [&hellip;]","og_url":"https:\/\/now-news.de\/de\/deutschland\/steht-ukrainischer-botschafter-melnik-vor-abberufung\/","og_site_name":"just-now.NEWS Deutschland","article_publisher":"https:\/\/www.facebook.com\/wirmachenauf","article_published_time":"2022-07-04T15:50:55+00:00","og_image":[{"width":460,"height":259,"url":"https:\/\/now-news.de\/de\/wp-content\/uploads\/sites\/3\/2022\/05\/Erste-Annaeherung-nach-Ausladung-Steinmeier-telefoniert-mit-Selenskij.jpg","type":"image\/jpeg"}],"author":"rtnews","twitter_card":"summary_large_image","twitter_creator":"@WirMachenAuf_de","twitter_site":"@WirMachenAuf_de","twitter_misc":{"Verfasst von":"rtnews","Gesch\u00e4tzte Lesezeit":"1\u00a0Minute"},"schema":{"@context":"https:\/\/schema.org","@graph":[{"@type":"Article","@id":"https:\/\/now-news.de\/de\/deutschland\/steht-ukrainischer-botschafter-melnik-vor-abberufung\/#article","isPartOf":{"@id":"https:\/\/now-news.de\/de\/deutschland\/steht-ukrainischer-botschafter-melnik-vor-abberufung\/"},"author":{"name":"rtnews","@id":"https:\/\/now-news.de\/de\/#\/schema\/person\/fb534a4e865501d8b3285208df34a9b5"},"headline":"Steht ukrainischer Botschafter Melnik vor Abberufung?","datePublished":"2022-07-04T15:50:55+00:00","dateModified":"2022-07-04T15:50:55+00:00","mainEntityOfPage":{"@id":"https:\/\/now-news.de\/de\/deutschland\/steht-ukrainischer-botschafter-melnik-vor-abberufung\/"},"wordCount":165,"commentCount":0,"publisher":{"@id":"https:\/\/now-news.de\/de\/#organization"},"image":{"@id":"https:\/\/now-news.de\/de\/deutschland\/steht-ukrainischer-botschafter-melnik-vor-abberufung\/#primaryimage"},"thumbnailUrl":"https:\/\/now-news.de\/de\/wp-content\/uploads\/sites\/3\/2022\/05\/Erste-Annaeherung-nach-Ausladung-Steinmeier-telefoniert-mit-Selenskij.jpg","keywords":["Abberufung","Botschafter","Melnik","steht","Ukrainischer","vor"],"articleSection":["Deutschland","Russland"],"inLanguage":"de","potentialAction":[{"@type":"CommentAction","name":"Comment","target":["https:\/\/now-news.de\/de\/deutschland\/steht-ukrainischer-botschafter-melnik-vor-abberufung\/#respond"]}]},{"@type":"WebPage","@id":"https:\/\/now-news.de\/de\/deutschland\/steht-ukrainischer-botschafter-melnik-vor-abberufung\/","url":"https:\/\/now-news.de\/de\/deutschland\/steht-ukrainischer-botschafter-melnik-vor-abberufung\/","name":"Steht ukrainischer Botschafter Melnik vor Abberufung? - just-now.NEWS Deutschland","isPartOf":{"@id":"https:\/\/now-news.de\/de\/#website"},"primaryImageOfPage":{"@id":"https:\/\/now-news.de\/de\/deutschland\/steht-ukrainischer-botschafter-melnik-vor-abberufung\/#primaryimage"},"image":{"@id":"https:\/\/now-news.de\/de\/deutschland\/steht-ukrainischer-botschafter-melnik-vor-abberufung\/#primaryimage"},"thumbnailUrl":"https:\/\/now-news.de\/de\/wp-content\/uploads\/sites\/3\/2022\/05\/Erste-Annaeherung-nach-Ausladung-Steinmeier-telefoniert-mit-Selenskij.jpg","datePublished":"2022-07-04T15:50:55+00:00","dateModified":"2022-07-04T15:50:55+00:00","breadcrumb":{"@id":"https:\/\/now-news.de\/de\/deutschland\/steht-ukrainischer-botschafter-melnik-vor-abberufung\/#breadcrumb"},"inLanguage":"de","potentialAction":[{"@type":"ReadAction","target":["https:\/\/now-news.de\/de\/deutschland\/steht-ukrainischer-botschafter-melnik-vor-abberufung\/"]}]},{"@type":"ImageObject","inLanguage":"de","@id":"https:\/\/now-news.de\/de\/deutschland\/steht-ukrainischer-botschafter-melnik-vor-abberufung\/#primaryimage","url":"https:\/\/now-news.de\/de\/wp-content\/uploads\/sites\/3\/2022\/05\/Erste-Annaeherung-nach-Ausladung-Steinmeier-telefoniert-mit-Selenskij.jpg","contentUrl":"https:\/\/now-news.de\/de\/wp-content\/uploads\/sites\/3\/2022\/05\/Erste-Annaeherung-nach-Ausladung-Steinmeier-telefoniert-mit-Selenskij.jpg","width":460,"height":259},{"@type":"BreadcrumbList","@id":"https:\/\/now-news.de\/de\/deutschland\/steht-ukrainischer-botschafter-melnik-vor-abberufung\/#breadcrumb","itemListElement":[{"@type":"ListItem","position":1,"name":"Home","item":"https:\/\/now-news.de\/de\/"},{"@type":"ListItem","position":2,"name":"Steht ukrainischer Botschafter Melnik vor Abberufung?"}]},{"@type":"WebSite","@id":"https:\/\/now-news.de\/de\/#website","url":"https:\/\/now-news.de\/de\/","name":"just-now.NEWS Deutschland","description":"Das Portal f\u00fcr unzensierte Nachrichten aus der Welt","publisher":{"@id":"https:\/\/now-news.de\/de\/#organization"},"potentialAction":[{"@type":"SearchAction","target":{"@type":"EntryPoint","urlTemplate":"https:\/\/now-news.de\/de\/?s={search_term_string}"},"query-input":"required name=search_term_string"}],"inLanguage":"de"},{"@type":"Organization","@id":"https:\/\/now-news.de\/de\/#organization","name":"Just Now News","url":"https:\/\/now-news.de\/de\/","logo":{"@type":"ImageObject","inLanguage":"de","@id":"https:\/\/now-news.de\/de\/#\/schema\/logo\/image\/","url":"http:\/\/just-now.news\/de\/wp-content\/uploads\/sites\/3\/2022\/04\/logo500x500.jpg","contentUrl":"http:\/\/just-now.news\/de\/wp-content\/uploads\/sites\/3\/2022\/04\/logo500x500.jpg","width":500,"height":500,"caption":"Just Now News"},"image":{"@id":"https:\/\/now-news.de\/de\/#\/schema\/logo\/image\/"},"sameAs":["https:\/\/www.facebook.com\/wirmachenauf","https:\/\/x.com\/WirMachenAuf_de"]},{"@type":"Person","@id":"https:\/\/now-news.de\/de\/#\/schema\/person\/fb534a4e865501d8b3285208df34a9b5","name":"rtnews","image":{"@type":"ImageObject","inLanguage":"de","@id":"https:\/\/now-news.de\/de\/#\/schema\/person\/image\/","url":"https:\/\/secure.gravatar.com\/avatar\/82aafea7d8127119dd649515f56e2117?s=96&d=mm&r=g","contentUrl":"https:\/\/secure.gravatar.com\/avatar\/82aafea7d8127119dd649515f56e2117?s=96&d=mm&r=g","caption":"rtnews"},"url":"https:\/\/now-news.de\/de\/author\/rnews\/"}]}},"_links":{"self":[{"href":"https:\/\/now-news.de\/de\/wp-json\/wp\/v2\/posts\/12782"}],"collection":[{"href":"https:\/\/now-news.de\/de\/wp-json\/wp\/v2\/posts"}],"about":[{"href":"https:\/\/now-news.de\/de\/wp-json\/wp\/v2\/types\/post"}],"author":[{"embeddable":true,"href":"https:\/\/now-news.de\/de\/wp-json\/wp\/v2\/users\/3"}],"replies":[{"embeddable":true,"href":"https:\/\/now-news.de\/de\/wp-json\/wp\/v2\/comments?post=12782"}],"version-history":[{"count":0,"href":"https:\/\/now-news.de\/de\/wp-json\/wp\/v2\/posts\/12782\/revisions"}],"wp:featuredmedia":[{"embeddable":true,"href":"https:\/\/now-news.de\/de\/wp-json\/wp\/v2\/media\/6832"}],"wp:attachment":[{"href":"https:\/\/now-news.de\/de\/wp-json\/wp\/v2\/media?parent=12782"}],"wp:term":[{"taxonomy":"category","embeddable":true,"href":"https:\/\/now-news.de\/de\/wp-json\/wp\/v2\/categories?post=12782"},{"taxonomy":"post_tag","embeddable":true,"href":"https:\/\/now-news.de\/de\/wp-json\/wp\/v2\/tags?post=12782"}],"curies":[{"name":"wp","href":"https:\/\/api.w.org\/{rel}","templated":true}]}}