{"id":12745,"date":"2022-07-04T10:34:21","date_gmt":"2022-07-04T08:34:21","guid":{"rendered":"http:\/\/just-now.news\/de\/deutschland\/nach-dem-historischen-wahlsieg-des-linken-gustavo-petro-muss-kolumbien-neu-aufgebaut-werden\/"},"modified":"2022-07-04T10:34:21","modified_gmt":"2022-07-04T08:34:21","slug":"nach-dem-historischen-wahlsieg-des-linken-gustavo-petro-muss-kolumbien-neu-aufgebaut-werden","status":"publish","type":"post","link":"https:\/\/now-news.de\/de\/deutschland\/nach-dem-historischen-wahlsieg-des-linken-gustavo-petro-muss-kolumbien-neu-aufgebaut-werden\/","title":{"rendered":"Nach dem historischen Wahlsieg des Linken Gustavo Petro muss Kolumbien neu aufgebaut werden"},"content":{"rendered":"<p><img decoding=\"async\" src=\"http:\/\/just-now.news\/de\/wp-content\/uploads\/sites\/3\/2022\/07\/62c29fd448fbef55cd4a1e3c.jpg\" \/><\/p>\n<div class=\"Text-root Text-type_1 \">\n                Das erste Mal in der Geschichte Kolumbiens hat am Sonntag ein Wahlb\u00fcndnis aus sieben linken Parteien die erforderliche Mehrheit f\u00fcr eine Regierungsbildung gewonnen. Der neue Pr\u00e4sident Gustavo Petro wird am 7. August das Regierungsamt \u00fcbernehmen. Er steht vor gro\u00dfen Herausforderungen.\n            <\/div>\n<p><\/p>\n<div class=\"Text-root Text-type_5 ArticleView-text ViewText-root \">\n<p><em><\/em><em>von Maria M\u00fcller<\/em><\/p>\n<p>Der seit vielen Jahrzehnten in Kolumbien alles beherrschende Machtblock aus Milit\u00e4rs, Gro\u00dfkonzernen, Oligarchen und Drogenmafias verlor \u00a0mit der Partei <em>Centro Democr\u00e1tico<\/em> unter Iv\u00e1n Duque bei diesen Wahlen zum ersten Mal erdrutschartig an Terrain. Erlebt Kolumbien einen Epochenwechsel? <strong>\u00a0<\/strong><\/p>\n<p><strong>Eine &#8220;Nationale \u00dcbereinkunft&#8221; als Regierungsstrategie<\/strong><\/p>\n<p>Die Vize-Pr\u00e4sidentin Francia M\u00e1rquez charakterisierte das B\u00fcndnis als einen<\/p>\n<blockquote>\n<p><em>&#8220;historischen Pakt zwischen jenen B\u00fcrgern, die sich mit den fortschrittlichen, sozialdemokratischen und wirklich liberalen alternativen Sektoren der Gesellschaft identifizieren. Ein Pakt, der die Macht an die Menschen zur\u00fcckgibt, der uns zu einer wahren politischen Transformation f\u00fchrt, der uns eine \u00c4ra des Friedens schenkt, die wir nie erlebt haben \u2026&#8221;<\/em><\/p>\n<\/blockquote>\n<p>Die neue Regierungsstrategie dr\u00fcckt sich darin aus, dass man mittels einer breit angelegten, partei\u00fcbergreifenden Zusammenarbeit der politischen Kr\u00e4fte die Umwandlung Kolumbiens in einen modernen demokratischen Staat erreichen will. Petro und M\u00e1rquez sprechen von einer &#8220;Nationalen \u00dcbereinkunft&#8221;, in der die gesellschaftliche Vers\u00f6hnung und der Blick in die Zukunft den Schmerz \u00fcber die grausamen Jahrzehnte der Vergangenheit \u00fcberwinden sollen. Nur so k\u00f6nnten die titanischen Aufgaben bew\u00e4ltigt werden, mit denen diese Regierung konfrontiert ist.<\/p>\n<p><strong>Der Wiederaufbau des Landes nach einem langen Krieg<\/strong><\/p>\n<p>Es geht um nichts weniger, als die ausgeh\u00f6hlte Staatlichkeit zu sanieren und die Souver\u00e4nit\u00e4t \u00fcber das gesamte Territorium wieder herzustellen. Was bedeuten diese Worte?<\/p>\n<p>Kolumbien ist das Land mit den gr\u00f6\u00dften sozialen Unterschieden und einer der h\u00f6chsten Gewaltquoten der Welt, ein Land, wo paramilit\u00e4rische Banden und Drogenorganisationen <a rel=\"nofollow noopener\" target=\"_blank\" href=\"https:\/\/amerika21.de\/2022\/05\/258028\/paramilitaers-legen-kolumbien-lahm\">ganze Regionen kontrollieren<\/a>. Sie k\u00f6nnen tagelange Ausgangssperren verh\u00e4ngen und die Einwohner unter den Augen der Polizei terrorisieren.\u00a0<\/p>\n<p>In Kolumbien befinden sich 80 Prozent der Anbaufl\u00e4chen in der Hand von nur einem Prozent der Bev\u00f6lkerung. Paramilit\u00e4rs vertrieben daf\u00fcr acht Millionen Bauern von ihrem Besitz, die heute als Binnenfl\u00fcchtlinge die Elendsviertel bev\u00f6lkern.<\/p>\n<p>Ein Land, in dem die offiziellen Streitkr\u00e4fte <a rel=\"nofollow noopener\" target=\"_blank\" href=\"https:\/\/elpais.com\/internacional\/2021-02-18\/la-justicia-transicional-de-colombia-eleva-a-mas-de-6400-los-falsos-positivos-bajo-el-gobierno-de-alvaro-uribe.html\">6.400 Zivilpersonen<\/a> get\u00e4uscht, entf\u00fchrt und ermordet haben, um sie als Erfolgsziffern im Kampf gegen die FARC-Guerilla nach Washington melden zu k\u00f6nnen (&#8220;falsos positivos&#8221;).<\/p>\n<p>\u00dcber sechs Millionen Migranten verlie\u00dfen dieses Land, um au\u00dferhalb ihrer Heimat wirtschaftlich zu \u00fcberleben. Sie werden allerdings nicht als &#8220;Fl\u00fcchtlinge&#8221; bezeichnet, wie im Fall Venezuelas.<\/p>\n<p>Die Aufz\u00e4hlung der dramatischen Probleme Kolumbiens \u00fcbersteigt das Fassungsverm\u00f6gen eines Artikels.<\/p>\n<p><strong>Die neue Regierung setzt auf eine strukturelle Umgestaltung<\/strong>.<\/p>\n<blockquote>\n<p><em>&#8220;Mindestens drei aufeinanderfolgende Regierungsperioden des politischen B\u00fcndnisses <a rel=\"nofollow noopener\" target=\"_blank\" href=\"https:\/\/cnnespanol.cnn.com\/2022\/06\/09\/pacto-historico-petro-colombia-integrantes-origen-resultados-elecciones-orix\/\">&#8216;Coalici\u00f3n Pacto Hist\u00f3rico&#8217;<\/a> sind notwendig, um diesen\u00a0Prozess der Umstrukturierung erfolgreich durchf\u00fchren zu k\u00f6nnen&#8221;,<\/em> so Francia M\u00e1rquez.<\/p>\n<\/blockquote>\n<p>Die Regierung setzt auf eine Agrarreform, eine Arbeitsrecht- und Rentenreform, Bildungsreform, Reform des Gesundheitswesens, Justizreform und die Reform der Umweltgesetzgebung f\u00fcr die Klimaziele. Sie will das Fracking verbieten und einen R\u00fcckzug von der fossilen Energie einleiten, den Rohstoffexport reduzieren und die verarbeitende Industrie f\u00f6rdern, au\u00dferdem eine soziale Einkommensverteilung und Grundleistungen f\u00fcr die \u00e4rmsten Familien schaffen. Sie will h\u00f6here Unternehmenssteuern besonders f\u00fcr unproduktives Kapital einf\u00fchren und den Tourismus f\u00f6rdern.\u00a0(&#8220;Manifest f\u00fcr Kolumbien 55\/86&#8221;)<\/p>\n<p><strong>Das Reformpaket beinhaltet keine radikalen Forderungen<\/strong>.<\/p>\n<p>Die Themen bewegen sich lediglich im Rahmen einer sozialdemokratischen Staatsraison. Insofern m\u00fcssten sie durchaus machbar sein, wobei sich allerdings eine gerechte Landreform und die R\u00fcckgabe von illegalem, geraubtem Land durch Gro\u00dfgrundbesitzer, Agrarfirmen und Bergbaukonzerne weit schwieriger gestalten d\u00fcrften. In der Vergangenheit riskierten die fr\u00fcheren Besitzer ihr Leben. \u00a0<\/p>\n<p>F\u00fcr die Reformen sind entsprechende Mehrheiten im Zweikammern-Kongress Kolumbiens notwendig, die das linke B\u00fcndnis nicht erreichen konnte. Doch nun wollen sich weit mehr Parteien der Regierungsallianz anschlie\u00dfen. Dieses Spektrum reicht von den Gr\u00fcnen bis in die liberale Mitte. Nur zwei rechte Organisationen werden die Opposition stellen, darunter die bisherige Regierungspartei des Iv\u00e1n Duque.<\/p>\n<p><strong>Knappe Stimmenzahlen im Kongress<\/strong><\/p>\n<p>Wie das Lateinamerika-Portal <em>Amerika21.de<\/em> berichtet, kann das parlamentarische B\u00fcndnis \u00a0&#8220;Coalici\u00f3n Pacto Hist\u00f3rico&#8221; damit <a rel=\"nofollow noopener\" target=\"_blank\" href=\"https:\/\/amerika21.de\/2022\/06\/258818\/petro-mehrheiten-kongress-kolumbien\">knapp die ben\u00f6tigten Kongressstimmen<\/a> erreichen, um die jeweiligen Gesetzesneuerungen durchzusetzen.<\/p>\n<p>Die neue Regierung wird verhandeln m\u00fcssen. Das k\u00f6nnte den Angriffen der bisherigen Machtkartelle eine Bresche \u00f6ffnen. Sie werden wie bisher keine Skrupel zeigen, um ihre Privilegien erneut zu erzwingen. Deshalb z\u00e4hlt jede Stimme.<\/p>\n<p><strong>Die vollst\u00e4ndige Umsetzung des Friedensabkommens<\/strong><\/p>\n<p>Eines der zentralen Ziele von Gustavo Petro und Francia M\u00e1rquez ist die <em>&#8220;v<\/em><em>ollst\u00e4ndige Umsetzung der in Havanna zwischen der Regierung und den FARC ausgehandelten Friedensabkommen&#8221;.<\/em><\/p>\n<p>Das Abkommen erfordert in manchen Teilen eine strukturelle Umgestaltung von Institutionen\u00a0 \u00a0und der Produktion, \u00e4hnlich wie im neuen Regierungsprogramm. Hier k\u00f6nnte der juristische Charakter des Gesellschaftsvertrags die parlamentarischen H\u00fcrden leichter \u00fcberwinden, doch in anderen Reformbereichen werden sich sicher erneut K\u00e4mpfe entwickeln.<\/p>\n<p><strong>Anstelle von Frieden verst\u00e4rkte Gewalt<\/strong><\/p>\n<p>Eines vorweg: Der Staat hat die Friedensvereinbarungen von 2016 nur teilweise erf\u00fcllt, \u00fcber 200 FARC-Mitglieder wurden anschlie\u00dfend ermordet. Die Entsch\u00e4digungsgelder f\u00fcr Gewaltopfer verschwanden gro\u00dfteils unauffindbar, die alternative Landwirtschaft f\u00fcr Koka-Bauern endete durch &#8220;gro\u00dfz\u00fcgige&#8221; Anwendung von Glyphosat und Geldmangel. Menschenrechts- und Friedensaktivisten sowie im Umweltschutz und in sozialen Bereichen engagierte Personen werden immer noch zu Hunderten umgebracht, die Zahl der &#8220;Verschwundenen&#8221; oder gewaltsam Entf\u00fchrten w\u00e4chst weiterhin fast t\u00e4glich (bis Ende 2021 betraf das 167.325 Personen).<\/p>\n<p>Der <a rel=\"nofollow noopener\" target=\"_blank\" href=\"https:\/\/www.srf.ch\/news\/international\/trotz-weniger-kokapflanzen-warum-in-kolumbien-mehr-kokain-produziert-wird\">Kokainexport wuchs<\/a> seit dem Friedensabkommen erneut. <em>Kolumbien exportiert<\/em>\u00a090 Prozent des weltweiten Kokains, jedes Jahr verlassen 1.500 Tonnen das Land. Die Streitkr\u00e4fte \u00fcberlie\u00dfen den Paramilit\u00e4rs und Drogenorganisationen nach dem R\u00fcckzug der FARC-Guerillas die Randzonen Kolumbiens und damit die Transportwege f\u00fcr den Kokainschmuggel in die USA und in die ganze Welt.<\/p>\n<p>Die Frage nach der R\u00fcckkehr von zehntausenden bewaffneten Bandenmitgliedern in ein normales gesellschaftliches Leben scheint vorerst schier unl\u00f6sbar. Es d\u00fcrfte fast utopisch sein, sie vom Drogenhandel abzubringen \u2013 erst recht, solange die USA weiterhin der gr\u00f6\u00dfte Drogenumschlagplatz sind. Man verzeichnet dort 100.000 Drogentote pro Jahr.<\/p>\n<p><strong>NATO-Partnerschaft gegen eine souver\u00e4ne Friedenspolitik<\/strong><\/p>\n<p>Doch das schwierigste Thema ist die seit 2018 bestehende\u00a0&#8220;strategische NATO-Partnerschaft&#8221; Kolumbiens. Sie stellt eine fast un\u00fcberwindliche H\u00fcrde f\u00fcr eine souver\u00e4ne Friedenspolitik nach innen und au\u00dfen dar. Die USA und die NATO werden nicht freiwillig auf eine von ihnen besetzte milit\u00e4rstrategische Position in Lateinamerika verzichten. Immerhin spendierten die Vereinigten Staaten 13 Milliarden Milit\u00e4r- und Wirtschaftshilfe daf\u00fcr. Die langfristige milit\u00e4rische Rohstoffsicherung im S\u00fcden des Kontinents geh\u00f6rt zu den Fundamenten ihrer Geopolitik.<\/p>\n<p>Die argentinische Zeitschrift <em>Zoom<\/em> sieht die milit\u00e4rpolitischen US-Interessen in S\u00fcdamerika demgem\u00e4\u00df so:<\/p>\n<blockquote>\n<p><em>&#8220;Auf kolumbianischem Territorium gibt es die <a rel=\"nofollow noopener\" target=\"_blank\" href=\"https:\/\/revistazoom.com.ar\/elecciones-en-colombia-la-amenaza-militar-y-el-rol-de-la-embajada\/\">gr\u00f6\u00dfte Anzahl von Milit\u00e4rbasen<\/a>, die die USA auf dem Kontinent haben. Jede Basis verf\u00fcgt \u00fcber Luft- und Satellitensysteme mit der F\u00e4higkeit, jedes Land in der Region zu \u00fcberwachen und auch anzugreifen. Das Interesse ist vor allem strategisch-langfristig.<\/em><\/p>\n<p><em>Die Standorte der St\u00fctzpunkte stimmen mit geopolitischen Schl\u00fcsselregionen \u00fcberein, sowohl aufgrund ihrer Position beim G\u00fctertransit auf globaler Ebene \u2013 wie im Fall der Karibik \u2013 als auch aufgrund ihrer N\u00e4he zu wichtigen Reservoirs von Bodensch\u00e4tzen; Die Geopolitik braucht eine Militarisierung, um die Enteignung der gemeinsamen G\u00fcter Kolumbiens und des Kontinents zu garantieren.&#8221;<\/em><\/p>\n<\/blockquote>\n<p><strong>Die Umsetzung des Friedensvertrages ist an die US-Interessen gebunden.<\/strong><\/p>\n<p>Am 24. Mai, wenige Tage vor den kolumbianischen Wahlen, erkl\u00e4rte US-Pr\u00e4sident Joe Biden das Land zum &#8220;Hauptverb\u00fcndeten&#8221; der USA au\u00dferhalb der NATO.\u00a0Die Entwaffnung der gr\u00f6\u00dften Guerilla-Organisation Kolumbiens FARC durch den Friedensvertrag war die Voraussetzung f\u00fcr die Partnerschaft mit der NATO und den USA. Die antiimperialistische Guerilla w\u00e4re im Kriegsfall ein bedeutender Gegner im R\u00fccken der kolumbianischen Streitkr\u00e4fte an der Front gegen Venezuela. Letzteres Vorhaben ist immer noch ein Kernst\u00fcck der geopolitischen Ideen Washingtons in S\u00fcdamerika.<\/p>\n<p><strong>Langfristige Kriegsvorbereitungen <\/strong><\/p>\n<p>Es passte zu den Planungen eines Szenarios gegen Venezuela, abgelegene Gebiete Kolumbiens rechtsradikalen Terror-Organisationen zum langfristigen Selbsterhalt zu \u00fcberlassen. In einem Krieg Kolumbiens mit Venezuela sollten diese Paramilit\u00e4rs die Rolle eines besonders grausamen Sto\u00dftrupps spielen, politisch vergleichbar mit der des &#8220;Islamischen Staates&#8221; im Nahen Osten, oder mit der Rolle der Nazi-Bataillone in der Ukraine.<\/p>\n<p>Die Geiselnahme der Zivilbev\u00f6lkerung als milit\u00e4risches Prinzip ist ihnen allen gleicherma\u00dfen gel\u00e4ufig. Die kolumbianischen Paramilit\u00e4rs attackierten bei Wahlen die arme Landbev\u00f6lkerung, um sie einzusch\u00fcchtern und vom Urnengang abzuhalten. Sie korrumpierten bekannterma\u00dfen auch politische Entscheidungstr\u00e4ger.<\/p>\n<p><strong>Horrende R\u00fcstungsausgaben<\/strong><\/p>\n<p>Kolumbiens Milit\u00e4rausgaben sind seit dem &#8220;Friedensvertrag&#8221; und der NATO-Assoziierung 2018 <a rel=\"nofollow noopener\" target=\"_blank\" href=\"https:\/\/www.larepublica.co\/globoeconomia\/el-gasto-militar-de-colombia-es-el-mas-alto-de-la-region-supera-los-us-10-000-millones-2905034\">die h\u00f6chsten in ganz Lateinamerika<\/a> (11 Milliarden US-Dollar oder 3,1 Prozent des BIP). Die milit\u00e4rische Aufr\u00fcstung zielt auf einen konventionellen Krieg ab, obwohl es bisher keinen Krieg zwischen den Nachbarstaaten gab.<\/p>\n<p>Die Kriegswaffen umfassen 22 Jagdflugzeuge Typhoon mit Raketen f\u00fcr den Luftkampf aus Schweden, Boden-Luft-Raketensysteme mit bis zu 300 km Reichweite aus Brasilien, Cruise-Missiles,\u00a0<a rel=\"nofollow noopener\" target=\"_blank\" href=\"http:\/\/www.eltiempo.com\/archivo\/documento\/CMS-15133035\">Drohnen aus Israel und Panzer aus Kanada<\/a>, Hubschrauber aus Russland, Boeing-Gro\u00dfraumflugzeuge f\u00fcr den Truppentransport aus den USA sowie Raketenwerfer, Radarger\u00e4te, Kommunikationssysteme und vieles mehr.<\/p>\n<p><strong>Vorsichtige Taktik gegen\u00fcber den USA<\/strong><\/p>\n<p>Gustavo Petro erw\u00e4hnte im Wahlkampf das Problem des NATO-Partnerstatus seines Landes kaum. Die neue Regierung n\u00e4hert sich dem Umgang mit den USA\u00a0mit gro\u00dfer Vorsicht. Gleichzeitig macht sie durch ihren Wunsch nach guten Beziehungen mit Venezuela\u00a0deutlich, dass es keinen Platz f\u00fcr milit\u00e4rische Interventionen gibt.<\/p>\n<blockquote>\n<p><em>&#8220;<\/em><em>Wir m\u00fcssen Beziehungen zu allen amerikanischen L\u00e4ndern, einschlie\u00dflich der USA, unterhalten. Wir m\u00fcssen diplomatische Beziehungen des gegenseitigen Respekts unterhalten. Sich in eine Konfrontation zu versetzen ist nicht m\u00f6glich. Es ist notwendig, mit den USA voranzukommen, um angesichts der Umweltkrise eine Beziehung aufzubauen&#8221;,<\/em> sagte Francia dazu.\u00a0<\/p>\n<\/blockquote>\n<p><strong>Die neue Au\u00dfenpolitik Kolumbiens in Bezug auf Venezuela. <\/strong><\/p>\n<p>Gustavo Petro will die <a rel=\"nofollow noopener\" target=\"_blank\" href=\"https:\/\/www.nodal.am\/2022\/06\/la-politica-exterior-y-las-relaciones-internacionales-en-un-gobierno-del-pacto-historico-por-shameel-thahir-silva\/\">Beziehungen zu Venezuela<\/a> normalisieren:<\/p>\n<blockquote>\n<p><em>&#8220;Wenn wir am siebten August die Regierung Kolumbiens \u00fcbernehmen, werden die diplomatischen und konsularischen Beziehungen zum Nachbarland Venezuela wieder aufgenommen, unabh\u00e4ngig davon, wer dort regiert: die Freunde von Guaid\u00f3, Maduro oder ganz andere Personen.&#8221;<\/em><\/p>\n<\/blockquote>\n<p>Gustavo will eine friedliche Grenzpolitik herbeif\u00fchren, und m\u00f6gliche Konflikte mit Dialog und auf g\u00fctliche Weise l\u00f6sen. Die Einmischung in die inneren Angelegenheiten des Nachbarlandes h\u00e4tte dazu beigetragen, die Sicherheitsprobleme an der Grenze zu vertiefen. Er will f\u00fcr die sechs Millionen ausgewanderte Mitb\u00fcrger R\u00fcckkehrm\u00f6glichkeiten schaffen. Beide Staaten haben gegenseitig Millionen B\u00fcrger\u00a0zu verschiedenen Zeiten aufgenommen.<\/p>\n<p><strong>Mehr zum Thema<\/strong> &#8211; <a rel=\"nofollow noopener\" target=\"_blank\" href=\"https:\/\/de.rt.com\/amerika\/141493-kolumbien-wahlt-zum-ersten-mal\/\">&#8220;Erster Sieg des Volkes&#8221;: Kolumbien w\u00e4hlt zum ersten Mal einen linken Pr\u00e4sidenten<\/a><\/p>\n<p><em>RT DE bem\u00fcht sich um ein breites Meinungsspektrum. Gastbeitr\u00e4ge und Meinungsartikel m\u00fcssen nicht die Sichtweise der Redaktion widerspiegeln.<\/em><\/p>\n<\/div>\n<p><br \/>\n<br \/><a href=\"https:\/\/de.rt.com\/amerika\/142589-nach-historischem-linken-wahlsieg-in-kolumbien\/\">Source link <\/a><\/p>\n","protected":false},"excerpt":{"rendered":"<p>Das erste Mal in der Geschichte Kolumbiens hat am Sonntag ein Wahlb\u00fcndnis aus sieben linken Parteien die erforderliche Mehrheit f\u00fcr eine Regierungsbildung gewonnen. Der neue Pr\u00e4sident Gustavo Petro wird am 7. August das Regierungsamt \u00fcbernehmen. Er steht vor gro\u00dfen Herausforderungen. von Maria M\u00fcller Der seit vielen Jahrzehnten in Kolumbien alles beherrschende Machtblock aus Milit\u00e4rs, Gro\u00dfkonzernen, [&hellip;]<\/p>\n","protected":false},"author":3,"featured_media":12746,"comment_status":"open","ping_status":"open","sticky":false,"template":"","format":"standard","meta":{"wp_automatic_camp":["217"],"6dff86507d65e741570a487b4666b364":["Nach dem historischen Wahlsieg des Linken Gustavo Petro muss Kolumbien neu aufgebaut werden"],"original_link":["https:\/\/de.rt.com\/amerika\/142589-nach-historischem-linken-wahlsieg-in-kolumbien\/"],"_thumbnail_id":["12746"],"_wptg_p2tg_sent2tg":["2022-07-04 10:39:05"],"jnews_social_counter_last_update":["1777177164"]},"categories":[19,23],"tags":[26777,134,583,26775,24382,21583,7127,534,979,2392,26776,9971,1040],"yoast_head":"<!-- This site is optimized with the Yoast SEO Premium plugin v22.7 (Yoast SEO v22.7) - https:\/\/yoast.com\/wordpress\/plugins\/seo\/ -->\n<title>Nach dem historischen Wahlsieg des Linken Gustavo Petro muss Kolumbien neu aufgebaut werden - just-now.NEWS Deutschland<\/title>\n<meta name=\"robots\" content=\"index, follow, max-snippet:-1, max-image-preview:large, max-video-preview:-1\" \/>\n<link rel=\"canonical\" href=\"https:\/\/now-news.de\/de\/deutschland\/nach-dem-historischen-wahlsieg-des-linken-gustavo-petro-muss-kolumbien-neu-aufgebaut-werden\/\" \/>\n<meta property=\"og:locale\" content=\"de_DE\" \/>\n<meta property=\"og:type\" content=\"article\" \/>\n<meta property=\"og:title\" content=\"Nach dem historischen Wahlsieg des Linken Gustavo Petro muss Kolumbien neu aufgebaut werden\" \/>\n<meta property=\"og:description\" content=\"Das erste Mal in der Geschichte Kolumbiens hat am Sonntag ein Wahlb\u00fcndnis aus sieben linken Parteien die erforderliche Mehrheit f\u00fcr eine Regierungsbildung gewonnen. Der neue Pr\u00e4sident Gustavo Petro wird am 7. August das Regierungsamt \u00fcbernehmen. Er steht vor gro\u00dfen Herausforderungen. von Maria M\u00fcller Der seit vielen Jahrzehnten in Kolumbien alles beherrschende Machtblock aus Milit\u00e4rs, Gro\u00dfkonzernen, [&hellip;]\" \/>\n<meta property=\"og:url\" content=\"https:\/\/now-news.de\/de\/deutschland\/nach-dem-historischen-wahlsieg-des-linken-gustavo-petro-muss-kolumbien-neu-aufgebaut-werden\/\" \/>\n<meta property=\"og:site_name\" content=\"just-now.NEWS Deutschland\" \/>\n<meta property=\"article:publisher\" content=\"https:\/\/www.facebook.com\/wirmachenauf\" \/>\n<meta property=\"article:published_time\" content=\"2022-07-04T08:34:21+00:00\" \/>\n<meta property=\"og:image\" content=\"https:\/\/now-news.de\/de\/wp-content\/uploads\/sites\/3\/2022\/07\/Nach-dem-historischen-Wahlsieg-des-Linken-Gustavo-Petro-muss-Kolumbien.jpg\" \/>\n\t<meta property=\"og:image:width\" content=\"460\" \/>\n\t<meta property=\"og:image:height\" content=\"259\" \/>\n\t<meta property=\"og:image:type\" content=\"image\/jpeg\" \/>\n<meta name=\"author\" content=\"rtnews\" \/>\n<meta name=\"twitter:card\" content=\"summary_large_image\" \/>\n<meta name=\"twitter:creator\" content=\"@WirMachenAuf_de\" \/>\n<meta name=\"twitter:site\" content=\"@WirMachenAuf_de\" \/>\n<meta name=\"twitter:label1\" content=\"Verfasst von\" \/>\n\t<meta name=\"twitter:data1\" content=\"rtnews\" \/>\n\t<meta name=\"twitter:label2\" content=\"Gesch\u00e4tzte Lesezeit\" \/>\n\t<meta name=\"twitter:data2\" content=\"9\u00a0Minuten\" \/>\n<script type=\"application\/ld+json\" class=\"yoast-schema-graph\">{\"@context\":\"https:\/\/schema.org\",\"@graph\":[{\"@type\":\"Article\",\"@id\":\"https:\/\/now-news.de\/de\/deutschland\/nach-dem-historischen-wahlsieg-des-linken-gustavo-petro-muss-kolumbien-neu-aufgebaut-werden\/#article\",\"isPartOf\":{\"@id\":\"https:\/\/now-news.de\/de\/deutschland\/nach-dem-historischen-wahlsieg-des-linken-gustavo-petro-muss-kolumbien-neu-aufgebaut-werden\/\"},\"author\":{\"name\":\"rtnews\",\"@id\":\"https:\/\/now-news.de\/de\/#\/schema\/person\/fb534a4e865501d8b3285208df34a9b5\"},\"headline\":\"Nach dem historischen Wahlsieg des Linken Gustavo Petro muss Kolumbien neu aufgebaut werden\",\"datePublished\":\"2022-07-04T08:34:21+00:00\",\"dateModified\":\"2022-07-04T08:34:21+00:00\",\"mainEntityOfPage\":{\"@id\":\"https:\/\/now-news.de\/de\/deutschland\/nach-dem-historischen-wahlsieg-des-linken-gustavo-petro-muss-kolumbien-neu-aufgebaut-werden\/\"},\"wordCount\":1764,\"commentCount\":0,\"publisher\":{\"@id\":\"https:\/\/now-news.de\/de\/#organization\"},\"image\":{\"@id\":\"https:\/\/now-news.de\/de\/deutschland\/nach-dem-historischen-wahlsieg-des-linken-gustavo-petro-muss-kolumbien-neu-aufgebaut-werden\/#primaryimage\"},\"thumbnailUrl\":\"https:\/\/now-news.de\/de\/wp-content\/uploads\/sites\/3\/2022\/07\/Nach-dem-historischen-Wahlsieg-des-Linken-Gustavo-Petro-muss-Kolumbien.jpg\",\"keywords\":[\"aufgebaut\",\"DEM\",\"des\",\"Gustavo\",\"historischen\",\"Kolumbien\",\"Linken\",\"muss\",\"nach\",\"neu\",\"Petro\",\"Wahlsieg\",\"Werden\"],\"articleSection\":[\"Deutschland\",\"Russland\"],\"inLanguage\":\"de\",\"potentialAction\":[{\"@type\":\"CommentAction\",\"name\":\"Comment\",\"target\":[\"https:\/\/now-news.de\/de\/deutschland\/nach-dem-historischen-wahlsieg-des-linken-gustavo-petro-muss-kolumbien-neu-aufgebaut-werden\/#respond\"]}]},{\"@type\":\"WebPage\",\"@id\":\"https:\/\/now-news.de\/de\/deutschland\/nach-dem-historischen-wahlsieg-des-linken-gustavo-petro-muss-kolumbien-neu-aufgebaut-werden\/\",\"url\":\"https:\/\/now-news.de\/de\/deutschland\/nach-dem-historischen-wahlsieg-des-linken-gustavo-petro-muss-kolumbien-neu-aufgebaut-werden\/\",\"name\":\"Nach dem historischen Wahlsieg des Linken Gustavo Petro muss Kolumbien neu aufgebaut werden - just-now.NEWS Deutschland\",\"isPartOf\":{\"@id\":\"https:\/\/now-news.de\/de\/#website\"},\"primaryImageOfPage\":{\"@id\":\"https:\/\/now-news.de\/de\/deutschland\/nach-dem-historischen-wahlsieg-des-linken-gustavo-petro-muss-kolumbien-neu-aufgebaut-werden\/#primaryimage\"},\"image\":{\"@id\":\"https:\/\/now-news.de\/de\/deutschland\/nach-dem-historischen-wahlsieg-des-linken-gustavo-petro-muss-kolumbien-neu-aufgebaut-werden\/#primaryimage\"},\"thumbnailUrl\":\"https:\/\/now-news.de\/de\/wp-content\/uploads\/sites\/3\/2022\/07\/Nach-dem-historischen-Wahlsieg-des-Linken-Gustavo-Petro-muss-Kolumbien.jpg\",\"datePublished\":\"2022-07-04T08:34:21+00:00\",\"dateModified\":\"2022-07-04T08:34:21+00:00\",\"breadcrumb\":{\"@id\":\"https:\/\/now-news.de\/de\/deutschland\/nach-dem-historischen-wahlsieg-des-linken-gustavo-petro-muss-kolumbien-neu-aufgebaut-werden\/#breadcrumb\"},\"inLanguage\":\"de\",\"potentialAction\":[{\"@type\":\"ReadAction\",\"target\":[\"https:\/\/now-news.de\/de\/deutschland\/nach-dem-historischen-wahlsieg-des-linken-gustavo-petro-muss-kolumbien-neu-aufgebaut-werden\/\"]}]},{\"@type\":\"ImageObject\",\"inLanguage\":\"de\",\"@id\":\"https:\/\/now-news.de\/de\/deutschland\/nach-dem-historischen-wahlsieg-des-linken-gustavo-petro-muss-kolumbien-neu-aufgebaut-werden\/#primaryimage\",\"url\":\"https:\/\/now-news.de\/de\/wp-content\/uploads\/sites\/3\/2022\/07\/Nach-dem-historischen-Wahlsieg-des-Linken-Gustavo-Petro-muss-Kolumbien.jpg\",\"contentUrl\":\"https:\/\/now-news.de\/de\/wp-content\/uploads\/sites\/3\/2022\/07\/Nach-dem-historischen-Wahlsieg-des-Linken-Gustavo-Petro-muss-Kolumbien.jpg\",\"width\":460,\"height\":259,\"caption\":\"Nach dem historischen Wahlsieg des Linken Gustavo Petro muss Kolumbien neu aufgebaut werden\"},{\"@type\":\"BreadcrumbList\",\"@id\":\"https:\/\/now-news.de\/de\/deutschland\/nach-dem-historischen-wahlsieg-des-linken-gustavo-petro-muss-kolumbien-neu-aufgebaut-werden\/#breadcrumb\",\"itemListElement\":[{\"@type\":\"ListItem\",\"position\":1,\"name\":\"Home\",\"item\":\"https:\/\/now-news.de\/de\/\"},{\"@type\":\"ListItem\",\"position\":2,\"name\":\"Nach dem historischen Wahlsieg des Linken Gustavo Petro muss Kolumbien neu aufgebaut werden\"}]},{\"@type\":\"WebSite\",\"@id\":\"https:\/\/now-news.de\/de\/#website\",\"url\":\"https:\/\/now-news.de\/de\/\",\"name\":\"just-now.NEWS Deutschland\",\"description\":\"Das Portal f\u00fcr unzensierte Nachrichten aus der Welt\",\"publisher\":{\"@id\":\"https:\/\/now-news.de\/de\/#organization\"},\"potentialAction\":[{\"@type\":\"SearchAction\",\"target\":{\"@type\":\"EntryPoint\",\"urlTemplate\":\"https:\/\/now-news.de\/de\/?s={search_term_string}\"},\"query-input\":\"required name=search_term_string\"}],\"inLanguage\":\"de\"},{\"@type\":\"Organization\",\"@id\":\"https:\/\/now-news.de\/de\/#organization\",\"name\":\"Just Now News\",\"url\":\"https:\/\/now-news.de\/de\/\",\"logo\":{\"@type\":\"ImageObject\",\"inLanguage\":\"de\",\"@id\":\"https:\/\/now-news.de\/de\/#\/schema\/logo\/image\/\",\"url\":\"http:\/\/just-now.news\/de\/wp-content\/uploads\/sites\/3\/2022\/04\/logo500x500.jpg\",\"contentUrl\":\"http:\/\/just-now.news\/de\/wp-content\/uploads\/sites\/3\/2022\/04\/logo500x500.jpg\",\"width\":500,\"height\":500,\"caption\":\"Just Now News\"},\"image\":{\"@id\":\"https:\/\/now-news.de\/de\/#\/schema\/logo\/image\/\"},\"sameAs\":[\"https:\/\/www.facebook.com\/wirmachenauf\",\"https:\/\/x.com\/WirMachenAuf_de\"]},{\"@type\":\"Person\",\"@id\":\"https:\/\/now-news.de\/de\/#\/schema\/person\/fb534a4e865501d8b3285208df34a9b5\",\"name\":\"rtnews\",\"image\":{\"@type\":\"ImageObject\",\"inLanguage\":\"de\",\"@id\":\"https:\/\/now-news.de\/de\/#\/schema\/person\/image\/\",\"url\":\"https:\/\/secure.gravatar.com\/avatar\/82aafea7d8127119dd649515f56e2117?s=96&d=mm&r=g\",\"contentUrl\":\"https:\/\/secure.gravatar.com\/avatar\/82aafea7d8127119dd649515f56e2117?s=96&d=mm&r=g\",\"caption\":\"rtnews\"},\"url\":\"https:\/\/now-news.de\/de\/author\/rnews\/\"}]}<\/script>\n<!-- \/ Yoast SEO Premium plugin. -->","yoast_head_json":{"title":"Nach dem historischen Wahlsieg des Linken Gustavo Petro muss Kolumbien neu aufgebaut werden - just-now.NEWS Deutschland","robots":{"index":"index","follow":"follow","max-snippet":"max-snippet:-1","max-image-preview":"max-image-preview:large","max-video-preview":"max-video-preview:-1"},"canonical":"https:\/\/now-news.de\/de\/deutschland\/nach-dem-historischen-wahlsieg-des-linken-gustavo-petro-muss-kolumbien-neu-aufgebaut-werden\/","og_locale":"de_DE","og_type":"article","og_title":"Nach dem historischen Wahlsieg des Linken Gustavo Petro muss Kolumbien neu aufgebaut werden","og_description":"Das erste Mal in der Geschichte Kolumbiens hat am Sonntag ein Wahlb\u00fcndnis aus sieben linken Parteien die erforderliche Mehrheit f\u00fcr eine Regierungsbildung gewonnen. Der neue Pr\u00e4sident Gustavo Petro wird am 7. August das Regierungsamt \u00fcbernehmen. Er steht vor gro\u00dfen Herausforderungen. von Maria M\u00fcller Der seit vielen Jahrzehnten in Kolumbien alles beherrschende Machtblock aus Milit\u00e4rs, Gro\u00dfkonzernen, [&hellip;]","og_url":"https:\/\/now-news.de\/de\/deutschland\/nach-dem-historischen-wahlsieg-des-linken-gustavo-petro-muss-kolumbien-neu-aufgebaut-werden\/","og_site_name":"just-now.NEWS Deutschland","article_publisher":"https:\/\/www.facebook.com\/wirmachenauf","article_published_time":"2022-07-04T08:34:21+00:00","og_image":[{"width":460,"height":259,"url":"https:\/\/now-news.de\/de\/wp-content\/uploads\/sites\/3\/2022\/07\/Nach-dem-historischen-Wahlsieg-des-Linken-Gustavo-Petro-muss-Kolumbien.jpg","type":"image\/jpeg"}],"author":"rtnews","twitter_card":"summary_large_image","twitter_creator":"@WirMachenAuf_de","twitter_site":"@WirMachenAuf_de","twitter_misc":{"Verfasst von":"rtnews","Gesch\u00e4tzte Lesezeit":"9\u00a0Minuten"},"schema":{"@context":"https:\/\/schema.org","@graph":[{"@type":"Article","@id":"https:\/\/now-news.de\/de\/deutschland\/nach-dem-historischen-wahlsieg-des-linken-gustavo-petro-muss-kolumbien-neu-aufgebaut-werden\/#article","isPartOf":{"@id":"https:\/\/now-news.de\/de\/deutschland\/nach-dem-historischen-wahlsieg-des-linken-gustavo-petro-muss-kolumbien-neu-aufgebaut-werden\/"},"author":{"name":"rtnews","@id":"https:\/\/now-news.de\/de\/#\/schema\/person\/fb534a4e865501d8b3285208df34a9b5"},"headline":"Nach dem historischen Wahlsieg des Linken Gustavo Petro muss Kolumbien neu aufgebaut werden","datePublished":"2022-07-04T08:34:21+00:00","dateModified":"2022-07-04T08:34:21+00:00","mainEntityOfPage":{"@id":"https:\/\/now-news.de\/de\/deutschland\/nach-dem-historischen-wahlsieg-des-linken-gustavo-petro-muss-kolumbien-neu-aufgebaut-werden\/"},"wordCount":1764,"commentCount":0,"publisher":{"@id":"https:\/\/now-news.de\/de\/#organization"},"image":{"@id":"https:\/\/now-news.de\/de\/deutschland\/nach-dem-historischen-wahlsieg-des-linken-gustavo-petro-muss-kolumbien-neu-aufgebaut-werden\/#primaryimage"},"thumbnailUrl":"https:\/\/now-news.de\/de\/wp-content\/uploads\/sites\/3\/2022\/07\/Nach-dem-historischen-Wahlsieg-des-Linken-Gustavo-Petro-muss-Kolumbien.jpg","keywords":["aufgebaut","DEM","des","Gustavo","historischen","Kolumbien","Linken","muss","nach","neu","Petro","Wahlsieg","Werden"],"articleSection":["Deutschland","Russland"],"inLanguage":"de","potentialAction":[{"@type":"CommentAction","name":"Comment","target":["https:\/\/now-news.de\/de\/deutschland\/nach-dem-historischen-wahlsieg-des-linken-gustavo-petro-muss-kolumbien-neu-aufgebaut-werden\/#respond"]}]},{"@type":"WebPage","@id":"https:\/\/now-news.de\/de\/deutschland\/nach-dem-historischen-wahlsieg-des-linken-gustavo-petro-muss-kolumbien-neu-aufgebaut-werden\/","url":"https:\/\/now-news.de\/de\/deutschland\/nach-dem-historischen-wahlsieg-des-linken-gustavo-petro-muss-kolumbien-neu-aufgebaut-werden\/","name":"Nach dem historischen Wahlsieg des Linken Gustavo Petro muss Kolumbien neu aufgebaut werden - just-now.NEWS Deutschland","isPartOf":{"@id":"https:\/\/now-news.de\/de\/#website"},"primaryImageOfPage":{"@id":"https:\/\/now-news.de\/de\/deutschland\/nach-dem-historischen-wahlsieg-des-linken-gustavo-petro-muss-kolumbien-neu-aufgebaut-werden\/#primaryimage"},"image":{"@id":"https:\/\/now-news.de\/de\/deutschland\/nach-dem-historischen-wahlsieg-des-linken-gustavo-petro-muss-kolumbien-neu-aufgebaut-werden\/#primaryimage"},"thumbnailUrl":"https:\/\/now-news.de\/de\/wp-content\/uploads\/sites\/3\/2022\/07\/Nach-dem-historischen-Wahlsieg-des-Linken-Gustavo-Petro-muss-Kolumbien.jpg","datePublished":"2022-07-04T08:34:21+00:00","dateModified":"2022-07-04T08:34:21+00:00","breadcrumb":{"@id":"https:\/\/now-news.de\/de\/deutschland\/nach-dem-historischen-wahlsieg-des-linken-gustavo-petro-muss-kolumbien-neu-aufgebaut-werden\/#breadcrumb"},"inLanguage":"de","potentialAction":[{"@type":"ReadAction","target":["https:\/\/now-news.de\/de\/deutschland\/nach-dem-historischen-wahlsieg-des-linken-gustavo-petro-muss-kolumbien-neu-aufgebaut-werden\/"]}]},{"@type":"ImageObject","inLanguage":"de","@id":"https:\/\/now-news.de\/de\/deutschland\/nach-dem-historischen-wahlsieg-des-linken-gustavo-petro-muss-kolumbien-neu-aufgebaut-werden\/#primaryimage","url":"https:\/\/now-news.de\/de\/wp-content\/uploads\/sites\/3\/2022\/07\/Nach-dem-historischen-Wahlsieg-des-Linken-Gustavo-Petro-muss-Kolumbien.jpg","contentUrl":"https:\/\/now-news.de\/de\/wp-content\/uploads\/sites\/3\/2022\/07\/Nach-dem-historischen-Wahlsieg-des-Linken-Gustavo-Petro-muss-Kolumbien.jpg","width":460,"height":259,"caption":"Nach dem historischen Wahlsieg des Linken Gustavo Petro muss Kolumbien neu aufgebaut werden"},{"@type":"BreadcrumbList","@id":"https:\/\/now-news.de\/de\/deutschland\/nach-dem-historischen-wahlsieg-des-linken-gustavo-petro-muss-kolumbien-neu-aufgebaut-werden\/#breadcrumb","itemListElement":[{"@type":"ListItem","position":1,"name":"Home","item":"https:\/\/now-news.de\/de\/"},{"@type":"ListItem","position":2,"name":"Nach dem historischen Wahlsieg des Linken Gustavo Petro muss Kolumbien neu aufgebaut werden"}]},{"@type":"WebSite","@id":"https:\/\/now-news.de\/de\/#website","url":"https:\/\/now-news.de\/de\/","name":"just-now.NEWS Deutschland","description":"Das Portal f\u00fcr unzensierte Nachrichten aus der Welt","publisher":{"@id":"https:\/\/now-news.de\/de\/#organization"},"potentialAction":[{"@type":"SearchAction","target":{"@type":"EntryPoint","urlTemplate":"https:\/\/now-news.de\/de\/?s={search_term_string}"},"query-input":"required name=search_term_string"}],"inLanguage":"de"},{"@type":"Organization","@id":"https:\/\/now-news.de\/de\/#organization","name":"Just Now News","url":"https:\/\/now-news.de\/de\/","logo":{"@type":"ImageObject","inLanguage":"de","@id":"https:\/\/now-news.de\/de\/#\/schema\/logo\/image\/","url":"http:\/\/just-now.news\/de\/wp-content\/uploads\/sites\/3\/2022\/04\/logo500x500.jpg","contentUrl":"http:\/\/just-now.news\/de\/wp-content\/uploads\/sites\/3\/2022\/04\/logo500x500.jpg","width":500,"height":500,"caption":"Just Now News"},"image":{"@id":"https:\/\/now-news.de\/de\/#\/schema\/logo\/image\/"},"sameAs":["https:\/\/www.facebook.com\/wirmachenauf","https:\/\/x.com\/WirMachenAuf_de"]},{"@type":"Person","@id":"https:\/\/now-news.de\/de\/#\/schema\/person\/fb534a4e865501d8b3285208df34a9b5","name":"rtnews","image":{"@type":"ImageObject","inLanguage":"de","@id":"https:\/\/now-news.de\/de\/#\/schema\/person\/image\/","url":"https:\/\/secure.gravatar.com\/avatar\/82aafea7d8127119dd649515f56e2117?s=96&d=mm&r=g","contentUrl":"https:\/\/secure.gravatar.com\/avatar\/82aafea7d8127119dd649515f56e2117?s=96&d=mm&r=g","caption":"rtnews"},"url":"https:\/\/now-news.de\/de\/author\/rnews\/"}]}},"_links":{"self":[{"href":"https:\/\/now-news.de\/de\/wp-json\/wp\/v2\/posts\/12745"}],"collection":[{"href":"https:\/\/now-news.de\/de\/wp-json\/wp\/v2\/posts"}],"about":[{"href":"https:\/\/now-news.de\/de\/wp-json\/wp\/v2\/types\/post"}],"author":[{"embeddable":true,"href":"https:\/\/now-news.de\/de\/wp-json\/wp\/v2\/users\/3"}],"replies":[{"embeddable":true,"href":"https:\/\/now-news.de\/de\/wp-json\/wp\/v2\/comments?post=12745"}],"version-history":[{"count":0,"href":"https:\/\/now-news.de\/de\/wp-json\/wp\/v2\/posts\/12745\/revisions"}],"wp:featuredmedia":[{"embeddable":true,"href":"https:\/\/now-news.de\/de\/wp-json\/wp\/v2\/media\/12746"}],"wp:attachment":[{"href":"https:\/\/now-news.de\/de\/wp-json\/wp\/v2\/media?parent=12745"}],"wp:term":[{"taxonomy":"category","embeddable":true,"href":"https:\/\/now-news.de\/de\/wp-json\/wp\/v2\/categories?post=12745"},{"taxonomy":"post_tag","embeddable":true,"href":"https:\/\/now-news.de\/de\/wp-json\/wp\/v2\/tags?post=12745"}],"curies":[{"name":"wp","href":"https:\/\/api.w.org\/{rel}","templated":true}]}}