{"id":12717,"date":"2022-07-04T03:22:00","date_gmt":"2022-07-04T01:22:00","guid":{"rendered":"http:\/\/just-now.news\/de\/usa\/top-beamter-von-biden-sagt-roes-umkehrung-werde-nicht-lange-bestehen-bleiben-weil-dies-nicht-amerika-ist\/"},"modified":"2022-07-04T03:22:00","modified_gmt":"2022-07-04T01:22:00","slug":"top-beamter-von-biden-sagt-roes-umkehrung-werde-nicht-lange-bestehen-bleiben-weil-dies-nicht-amerika-ist","status":"publish","type":"post","link":"https:\/\/now-news.de\/de\/usa\/top-beamter-von-biden-sagt-roes-umkehrung-werde-nicht-lange-bestehen-bleiben-weil-dies-nicht-amerika-ist\/","title":{"rendered":"Top-Beamter von Biden sagt, Roes Umkehrung werde nicht \u201elange bestehen bleiben\u201c, weil \u201edies nicht Amerika ist\u201c"},"content":{"rendered":"<p><\/p>\n<div class=\"entry-content\">\n<p><span data-preserver-spaces=\"true\">Am Sonntag sagte Xavier Becerra, Minister f\u00fcr Gesundheit und menschliche Dienste (HHS), er glaube, dass die Aufhebung des Verfahrens Roe v. Wade durch den Obersten Gerichtshof nicht sehr lange dauern werde, erkl\u00e4rte jedoch, dass es vorerst bestehen bleiben m\u00fcsse. <\/span><\/p>\n<p><span data-preserver-spaces=\"true\">Becerra sagte: \u201eWenn wir nicht alle sagen, dass das Wort des Obersten Gerichtshofs keinen Wert mehr hat, m\u00fcssen wir das Wort des Obersten Gerichtshofs beherzigen.\u201c<\/span><\/p>\n<blockquote class=\"twitter-tweet\" data-width=\"500\" data-dnt=\"true\">\n<p lang=\"en\" dir=\"ltr\">UHR: HHS Sek.  Xavier Becerra sagt, dass die Biden-Regierung nicht viel f\u00fcr das Recht auf Abtreibung tun kann. <a rel=\"nofollow noopener\" target=\"_blank\" href=\"https:\/\/twitter.com\/hashtag\/MTP?src=hash&amp;ref_src=twsrc%5Etfw\">#MTP<\/a><a rel=\"nofollow noopener\" target=\"_blank\" href=\"https:\/\/twitter.com\/SecBecerra?ref_src=twsrc%5Etfw\">@SecBecerra<\/a>: \u201eWenn wir nicht alle sagen, dass das Wort des Obersten Gerichtshofs keinen Wert mehr hat, m\u00fcssen wir das Wort des Obersten Gerichtshofs beherzigen.\u201c <a rel=\"nofollow noopener\" target=\"_blank\" href=\"https:\/\/t.co\/HDlbxoZJ9C\">pic.twitter.com\/HDlbxoZJ9C<\/a><\/p>\n<p>\u2014 Treffen Sie die Presse (@MeetThePress) <a rel=\"nofollow noopener\" target=\"_blank\" href=\"https:\/\/twitter.com\/MeetThePress\/status\/1543618340928856064?ref_src=twsrc%5Etfw\">3. Juli 2022<\/a><\/p>\n<\/blockquote>\n<p><script async src=\"https:\/\/platform.twitter.com\/widgets.js\" charset=\"utf-8\"><\/script><\/p>\n<div id=\"IC1-ad\" class=\"sponsor IC1\">\n<p class=\"ad-notice flipboard-remove\" fl:fl-noexcerpt=\"true\">Werbung \u2013 die Geschichte geht unten weiter<\/p>\n<div id=\"IC1\">\n<script>\n\t\t\t\t\tif( FFADS.units.IC1 && FFADS.units.IC1.ad_type == 'custom' && FFADS.units.IC1.custom_ads && ! getCookie( 'ff_subbed' ) ) {\n\t\t\t\t\t\tdocument.getElementById( 'IC1' ).innerHTML = FFADS.units.IC1.custom_ads[0].code;\n\t\t\t\t\t\tif( ! FFADS.units.IC1.lazy_load ) eval( FFADS.units.IC1.custom_ads[0].rendering_script );\n\t\t\t\t\t}\n\t\t\t\t\telse if( FFADS.units.IC1 && ! getCookie( 'ff_subbed' ) ) {\n\t\t\t\t\t\tif( 'IC' != 'SB' && 'IC' != 'SA' && FFADS.use_fixed_containers ) {\n\t\t\t\t\t\t\tlet max_wh = firefly_size_list_to_max_wh( FFADS.units.IC1.sizes );\n\t\t\t\t\t\t\tlet el = document.querySelector( '#IC1' );\n\t\t\t\t\t\t\tif( 'IC' != 'SA' && FFADS.slide_pixels ) {\n\t\t\t\t\t\t\t\tmax_wh[1] += parseInt( FFADS.slide_pixels );\n\t\t\t\t\t\t\t\tel.classList.add( 'sliding' );\n\t\t\t\t\t\t\t}\n\t\t\t\t\t\t\tel.style.width = max_wh[0] + 'px';\n\t\t\t\t\t\t\tel.style.height = max_wh[1] + 'px';\n\t\t\t\t\t\t\tel.classList.add( 'fixed-size' );\n\t\t\t\t\t\t}\n\t\t\t\t\t\tgoogletag.cmd.push( function() {\n\t\t\t\t\t\t\tFFADS.debug( 'googletag.displaying IC1' );\n\t\t\t\t\t\t\tgoogletag.display( 'IC1' );\n\t\t\t\t\t\t} );\n\t\t\t\t\t}\n\t\t\t\t\telse {\n\t\t\t\t\t\tdocument.querySelector( '#IC1-ad' ).style.display = 'none';}\n\t\t\t\t<\/script><\/div>\n<\/div>\n<p><span data-preserver-spaces=\"true\">W\u00e4hrend seines Auftritts deutete er jedoch an, dass die Umkehrung m\u00f6glicherweise nicht von Dauer sei. <\/span><\/p>\n<p><span data-preserver-spaces=\"true\">\u201eIch bin schon lange genug dabei, um zu wissen, dass nichts jemals absolut sicher ist.  Aber denken Sie daran, dass wir immer noch nicht einmal in der Lage waren, das Equal Rights Amendment zu verabschieden, und daher hat dieses Land noch einen weiten Weg vor sich\u201c, sagte Becerra <\/span><span data-preserver-spaces=\"true\">NBCs \u201eMeet the Press\u201c<\/span><span data-preserver-spaces=\"true\"> Bezug nehmend auf die seit langem vorgeschlagene \u00c4nderung f\u00fcr die Rechte der Frau.  \u201eAber sicher glaube ich dieser Entscheidung dieses Gerichts nicht und [<\/span><span data-preserver-spaces=\"true\">Dobbs v. Jackson Women\u2019s Health Organization<\/span><span data-preserver-spaces=\"true\">] wird lange stehen.\u201c<\/span><\/p>\n<p><script>\n\t\t\t\t\tif( ! getCookie( 'ff_subbed' ) ) if( typeof FFADS.replace_ict != 'undefined' ) if( FFADS.replace_ict ) eval( FFADS.replace_ict );\n\t\t\t\t<\/script><\/p>\n<p><span data-preserver-spaces=\"true\">Er f\u00fcgte hinzu: \u201eDas ist einfach nicht Amerika.  Es geht uns nicht darum, Rechte zu nehmen.  Die meisten Menschen auf der ganzen Welt haben die USA nicht als Leuchtfeuer betrachtet, weil wir Dinge wie Dobbs machen.  Nur das Gegenteil.  Daher bin ich zuversichtlich, dass wir das \u00fcberstehen werden.\u201c<\/span><\/p>\n<p><span data-preserver-spaces=\"true\">Becerra sagte gegen\u00fcber NBC, dass frustrierte Demokraten der Regierung Ideen zur Kodifizierung von Roe v. Wade in Bundesgesetze geben sollten.  Viele haben Kampagnen zu dieser Idee durchgef\u00fchrt;  Sogar Biden hat 2019 dasselbe getan. Bis heute hat niemand auch nur versucht, entsprechende Gesetze vorzuschlagen. <\/span><\/p>\n<div id=\"IC2-ad\" class=\"sponsor IC2\">\n<p class=\"ad-notice flipboard-remove\" fl:fl-noexcerpt=\"true\">Werbung \u2013 die Geschichte geht unten weiter<\/p>\n<div id=\"IC2\">\n<script>\n\t\t\t\t\tif( FFADS.units.IC2 && FFADS.units.IC2.ad_type == 'custom' && FFADS.units.IC2.custom_ads && ! getCookie( 'ff_subbed' ) ) {\n\t\t\t\t\t\tdocument.getElementById( 'IC2' ).innerHTML = FFADS.units.IC2.custom_ads[0].code;\n\t\t\t\t\t\tif( ! FFADS.units.IC2.lazy_load ) eval( FFADS.units.IC2.custom_ads[0].rendering_script );\n\t\t\t\t\t}\n\t\t\t\t\telse if( FFADS.units.IC2 && ! getCookie( 'ff_subbed' ) ) {\n\t\t\t\t\t\tif( 'IC' != 'SB' && 'IC' != 'SA' && FFADS.use_fixed_containers ) {\n\t\t\t\t\t\t\tlet max_wh = firefly_size_list_to_max_wh( FFADS.units.IC2.sizes );\n\t\t\t\t\t\t\tlet el = document.querySelector( '#IC2' );\n\t\t\t\t\t\t\tif( 'IC' != 'SA' && FFADS.slide_pixels ) {\n\t\t\t\t\t\t\t\tmax_wh[1] += parseInt( FFADS.slide_pixels );\n\t\t\t\t\t\t\t\tel.classList.add( 'sliding' );\n\t\t\t\t\t\t\t}\n\t\t\t\t\t\t\tel.style.width = max_wh[0] + 'px';\n\t\t\t\t\t\t\tel.style.height = max_wh[1] + 'px';\n\t\t\t\t\t\t\tel.classList.add( 'fixed-size' );\n\t\t\t\t\t\t}\n\t\t\t\t\t\tgoogletag.cmd.push( function() {\n\t\t\t\t\t\t\tFFADS.debug( 'googletag.displaying IC2' );\n\t\t\t\t\t\t\tgoogletag.display( 'IC2' );\n\t\t\t\t\t\t} );\n\t\t\t\t\t}\n\t\t\t\t\telse {\n\t\t\t\t\t\tdocument.querySelector( '#IC2-ad' ).style.display = 'none';}\n\t\t\t\t<\/script><\/div>\n<\/div>\n<blockquote class=\"twitter-tweet\" data-width=\"500\" data-dnt=\"true\">\n<p lang=\"en\" dir=\"ltr\">Roe v. Wade ist das Gesetz des Landes, und wir m\u00fcssen jeden Versuch bek\u00e4mpfen, es aufzuheben.  Als Pr\u00e4sident werde ich Roe gesetzlich festschreiben und sicherstellen, dass diese Wahl zwischen einer Frau und ihrem Arzt bleibt.  https:\/\/t.co\/kaJbYWcYhL<\/p>\n<p>\u2013 Joe Biden (@JoeBiden) <a rel=\"nofollow noopener\" target=\"_blank\" href=\"https:\/\/twitter.com\/JoeBiden\/status\/1180506681459040256?ref_src=twsrc%5Etfw\">5. Oktober 2019<\/a><\/p>\n<\/blockquote>\n<p><script async src=\"https:\/\/platform.twitter.com\/widgets.js\" charset=\"utf-8\"><\/script><\/p>\n<p><span data-preserver-spaces=\"true\">Becerra forderte den Kongress au\u00dferdem auf, w\u00e4hrend seines Auftritts Gesetze zum Schutz der reproduktiven Rechte von Frauen zu verabschieden.<\/span><\/p>\n<p><span data-preserver-spaces=\"true\">\u201eWir werden alles untersuchen, was wir k\u00f6nnen\u201c, sagte er am Sonntag.  \u201eUnd ich w\u00fcrde sie auch bitten, bitte ein Gesetz zu verabschieden.  Sie haben es in ihrer Macht, wenn sie die Stimmen finden, um die Roe-Entscheidung tats\u00e4chlich zu kodifizieren, was wir mehr als alles andere brauchen.  Exekutives Handeln.\u201c<\/span><\/p>\n<p class=\"article-ask\"><span class=\"ask\"><script>\n  if( getParameterByName( \"utm_source\" ) == \"testpage\" ) {\n    !function(e,t,a,n,g){e[n]=e[n]||[],e[n].push({\"gtm.start\":(new Date).getTime(),event:\"gtm.js\"});var m=t.getElementsByTagName(a)[0],r=t.createElement(a);r.async=!0,r.src=\"https:\/\/www.googletagmanager.com\/gtm.js?id=GTM-PL4PD49\",m.parentNode.insertBefore(r,m)}(window.parent,window.parent.document,\"script\",\"dataLayer\");\n    var iframe=window.parent.document.createElement(\"iframe\");iframe.src=\"https:\/\/www.googletagmanager.com\/ns.html?id=GTM-PL4PD49\";iframe.height=\"0\";iframe.width=\"0\";iframe.style=\"display:none;visibility:hidden\";window.parent.document.body.appendChild(iframe);\n    window.parent[\"$$mm-analytics\"] = window.parent[\"$$mm-analytics\"] || {};if (typeof window.parent[\"$$mm-analytics\"].firstEmbed === \"undefined\") {window.parent[\"$$mm-analytics\"].firstEmbed = Date.now();}\n    let as1 = document.createElement( \"script\" );\n    as1.src = \"https:\/\/bucket1.mm-syringe.com\/prod\/configs\/ee2300c8-43d2-7f0b-dac0-40aaf31c9d3d.js\";\n    document.body.appendChild( as1 );\n    let as2 = document.createElement( \"script\" );\n    as2.src = \"https:\/\/bucket1.mm-syringe.com\/prod\/injector\/injector.1.5.3.js\";\n    document.body.appendChild( as2 );\n  }\n<\/script><\/p>\n<div class=\"apester-media\" data-token=\"5f10a39f94902bc81d3d59a7\" data-context=\"true\" data-tags=\"\" data-fallback=\"true\" height=\"350\"><\/div>\n<p><script id=\"apester_script\" src=\"https:\/\/static.apester.com\/js\/sdk\/latest\/apester-sdk.js\" async><\/script><script async src=\"https:\/\/www.googletagmanager.com\/gtag\/js?id=G-EFE91RJVSQ\"><\/script><script>\n  window.dataLayer = window.dataLayer || [];\n  function gtag(){dataLayer.push(arguments);}\n  gtag(\\\\\\'js\\\\\\', new Date());\n  gtag(\\\\\\'config\\\\\\', \\\\\\'G-EFE91RJVSQ\\\\\\');\n<\/script><script type=\"text\/javascript\">\n\tfunction e(e){var t=!(arguments.length>1&&void 0!==arguments[1])||arguments[1],c=document.createElement(\"script\");c.src=e,t?c.type=\"module\":(c.async=!0,c.type=\"text\/javascript\",c.setAttribute(\"nomodule\",\"\"));var n=document.getElementsByTagName(\"script\")[0];n.parentNode.insertBefore(c,n)}function t(t,c,n){var a,o,r;null!==(a=t.marfeel)&&void 0!==a||(t.marfeel={}),null!==(o=(r=t.marfeel).cmd)&&void 0!==o||(r.cmd=[]),t.marfeel.config=n,t.marfeel.config.accountId=c;var i=\"https:\/\/sdk.mrf.io\/statics\";e(\"\".concat(i,\"\/marfeel-sdk.js?id=\").concat(c),!0),e(\"\".concat(i,\"\/marfeel-sdk.es5.js?id=\").concat(c),!1)}!function(e,c){var n=arguments.length>2&&void 0!==arguments[2]?arguments[2]:{};t(e,c,n)}(window,1573,{} \/*config*\/);\n<\/script><\/span><\/p>\n<\/div>\n<p><br \/>\n<br \/><a href=\"https:\/\/www.thegatewaypundit.com\/2022\/07\/top-biden-official-say-roes-reversal-isnt-going-stand-long-not-america\/\">Source link <\/a><\/p>\n","protected":false},"excerpt":{"rendered":"<p>Am Sonntag sagte Xavier Becerra, Minister f\u00fcr Gesundheit und menschliche Dienste (HHS), er glaube, dass die Aufhebung des Verfahrens Roe v. Wade durch den Obersten Gerichtshof nicht sehr lange dauern werde, erkl\u00e4rte jedoch, dass es vorerst bestehen bleiben m\u00fcsse. Becerra sagte: \u201eWenn wir nicht alle sagen, dass das Wort des Obersten Gerichtshofs keinen Wert mehr [&hellip;]<\/p>\n","protected":false},"author":5,"featured_media":12718,"comment_status":"open","ping_status":"open","sticky":false,"template":"","format":"standard","meta":{"wp_automatic_camp":["1161"],"dd5a7c9e065dd6f9d60cad3af901426c":["Top-Beamter von Biden sagt, Roes Umkehrung werde nicht \u201elange bestehen bleiben\u201c, weil \u201edies nicht Amerika ist\u201c\n"],"original_link":["https:\/\/www.thegatewaypundit.com\/2022\/07\/top-biden-official-say-roes-reversal-isnt-going-stand-long-not-america\/"],"_thumbnail_id":["12718"],"wp_automatic_remove_first_image":["yes"],"jnews_social_counter_last_update":["1777612771"]},"categories":[25],"tags":[4437,22518,1348,9445,6447,414,18679,800,26722,3564,19398,26723,50,9228,4346],"yoast_head":"<!-- This site is optimized with the Yoast SEO Premium plugin v22.7 (Yoast SEO v22.7) - https:\/\/yoast.com\/wordpress\/plugins\/seo\/ -->\n<title>Top-Beamter von Biden sagt, Roes Umkehrung werde nicht \u201elange bestehen bleiben\u201c, weil \u201edies nicht Amerika ist\u201c - just-now.NEWS Deutschland<\/title>\n<meta name=\"robots\" content=\"index, follow, max-snippet:-1, max-image-preview:large, max-video-preview:-1\" \/>\n<link rel=\"canonical\" href=\"https:\/\/now-news.de\/de\/usa\/top-beamter-von-biden-sagt-roes-umkehrung-werde-nicht-lange-bestehen-bleiben-weil-dies-nicht-amerika-ist\/\" \/>\n<meta property=\"og:locale\" content=\"de_DE\" \/>\n<meta property=\"og:type\" content=\"article\" \/>\n<meta property=\"og:title\" content=\"Top-Beamter von Biden sagt, Roes Umkehrung werde nicht \u201elange bestehen bleiben\u201c, weil \u201edies nicht Amerika ist\u201c\" \/>\n<meta property=\"og:description\" content=\"Am Sonntag sagte Xavier Becerra, Minister f\u00fcr Gesundheit und menschliche Dienste (HHS), er glaube, dass die Aufhebung des Verfahrens Roe v. Wade durch den Obersten Gerichtshof nicht sehr lange dauern werde, erkl\u00e4rte jedoch, dass es vorerst bestehen bleiben m\u00fcsse. Becerra sagte: \u201eWenn wir nicht alle sagen, dass das Wort des Obersten Gerichtshofs keinen Wert mehr [&hellip;]\" \/>\n<meta property=\"og:url\" content=\"https:\/\/now-news.de\/de\/usa\/top-beamter-von-biden-sagt-roes-umkehrung-werde-nicht-lange-bestehen-bleiben-weil-dies-nicht-amerika-ist\/\" \/>\n<meta property=\"og:site_name\" content=\"just-now.NEWS Deutschland\" \/>\n<meta property=\"article:publisher\" content=\"https:\/\/www.facebook.com\/wirmachenauf\" \/>\n<meta property=\"article:published_time\" content=\"2022-07-04T01:22:00+00:00\" \/>\n<meta property=\"og:image\" content=\"https:\/\/now-news.de\/de\/wp-content\/uploads\/sites\/3\/2022\/07\/Top-Beamter-von-Biden-sagt-Roes-Umkehrung-werde-nicht-\u201elange-bestehen.jpg\" \/>\n\t<meta property=\"og:image:width\" content=\"880\" \/>\n\t<meta property=\"og:image:height\" content=\"495\" \/>\n\t<meta property=\"og:image:type\" content=\"image\/jpeg\" \/>\n<meta name=\"author\" content=\"greatreset\" \/>\n<meta name=\"twitter:card\" content=\"summary_large_image\" \/>\n<meta name=\"twitter:creator\" content=\"@WirMachenAuf_de\" \/>\n<meta name=\"twitter:site\" content=\"@WirMachenAuf_de\" \/>\n<meta name=\"twitter:label1\" content=\"Verfasst von\" \/>\n\t<meta name=\"twitter:data1\" content=\"greatreset\" \/>\n\t<meta name=\"twitter:label2\" content=\"Gesch\u00e4tzte Lesezeit\" \/>\n\t<meta name=\"twitter:data2\" content=\"2\u00a0Minuten\" \/>\n<script type=\"application\/ld+json\" class=\"yoast-schema-graph\">{\"@context\":\"https:\/\/schema.org\",\"@graph\":[{\"@type\":\"Article\",\"@id\":\"https:\/\/now-news.de\/de\/usa\/top-beamter-von-biden-sagt-roes-umkehrung-werde-nicht-lange-bestehen-bleiben-weil-dies-nicht-amerika-ist\/#article\",\"isPartOf\":{\"@id\":\"https:\/\/now-news.de\/de\/usa\/top-beamter-von-biden-sagt-roes-umkehrung-werde-nicht-lange-bestehen-bleiben-weil-dies-nicht-amerika-ist\/\"},\"author\":{\"name\":\"greatreset\",\"@id\":\"https:\/\/now-news.de\/de\/#\/schema\/person\/8afb4cd92b68572db7902c13a349ffcb\"},\"headline\":\"Top-Beamter von Biden sagt, Roes Umkehrung werde nicht \u201elange bestehen bleiben\u201c, weil \u201edies nicht Amerika ist\u201c\",\"datePublished\":\"2022-07-04T01:22:00+00:00\",\"dateModified\":\"2022-07-04T01:22:00+00:00\",\"mainEntityOfPage\":{\"@id\":\"https:\/\/now-news.de\/de\/usa\/top-beamter-von-biden-sagt-roes-umkehrung-werde-nicht-lange-bestehen-bleiben-weil-dies-nicht-amerika-ist\/\"},\"wordCount\":469,\"commentCount\":0,\"publisher\":{\"@id\":\"https:\/\/now-news.de\/de\/#organization\"},\"image\":{\"@id\":\"https:\/\/now-news.de\/de\/usa\/top-beamter-von-biden-sagt-roes-umkehrung-werde-nicht-lange-bestehen-bleiben-weil-dies-nicht-amerika-ist\/#primaryimage\"},\"thumbnailUrl\":\"https:\/\/now-news.de\/de\/wp-content\/uploads\/sites\/3\/2022\/07\/Top-Beamter-von-Biden-sagt-Roes-Umkehrung-werde-nicht-\u201elange-bestehen.jpg\",\"keywords\":[\"Amerika\",\"bestehen\",\"Biden\",\"Bleiben\",\"Dies\",\"ist\",\"lange\",\"nicht\",\"Roes\",\"sagt\",\"TopBeamter\",\"Umkehrung\",\"von\",\"weil\",\"werde\"],\"articleSection\":[\"USA\"],\"inLanguage\":\"de\",\"potentialAction\":[{\"@type\":\"CommentAction\",\"name\":\"Comment\",\"target\":[\"https:\/\/now-news.de\/de\/usa\/top-beamter-von-biden-sagt-roes-umkehrung-werde-nicht-lange-bestehen-bleiben-weil-dies-nicht-amerika-ist\/#respond\"]}]},{\"@type\":\"WebPage\",\"@id\":\"https:\/\/now-news.de\/de\/usa\/top-beamter-von-biden-sagt-roes-umkehrung-werde-nicht-lange-bestehen-bleiben-weil-dies-nicht-amerika-ist\/\",\"url\":\"https:\/\/now-news.de\/de\/usa\/top-beamter-von-biden-sagt-roes-umkehrung-werde-nicht-lange-bestehen-bleiben-weil-dies-nicht-amerika-ist\/\",\"name\":\"Top-Beamter von Biden sagt, Roes Umkehrung werde nicht \u201elange bestehen bleiben\u201c, weil \u201edies nicht Amerika ist\u201c - just-now.NEWS Deutschland\",\"isPartOf\":{\"@id\":\"https:\/\/now-news.de\/de\/#website\"},\"primaryImageOfPage\":{\"@id\":\"https:\/\/now-news.de\/de\/usa\/top-beamter-von-biden-sagt-roes-umkehrung-werde-nicht-lange-bestehen-bleiben-weil-dies-nicht-amerika-ist\/#primaryimage\"},\"image\":{\"@id\":\"https:\/\/now-news.de\/de\/usa\/top-beamter-von-biden-sagt-roes-umkehrung-werde-nicht-lange-bestehen-bleiben-weil-dies-nicht-amerika-ist\/#primaryimage\"},\"thumbnailUrl\":\"https:\/\/now-news.de\/de\/wp-content\/uploads\/sites\/3\/2022\/07\/Top-Beamter-von-Biden-sagt-Roes-Umkehrung-werde-nicht-\u201elange-bestehen.jpg\",\"datePublished\":\"2022-07-04T01:22:00+00:00\",\"dateModified\":\"2022-07-04T01:22:00+00:00\",\"breadcrumb\":{\"@id\":\"https:\/\/now-news.de\/de\/usa\/top-beamter-von-biden-sagt-roes-umkehrung-werde-nicht-lange-bestehen-bleiben-weil-dies-nicht-amerika-ist\/#breadcrumb\"},\"inLanguage\":\"de\",\"potentialAction\":[{\"@type\":\"ReadAction\",\"target\":[\"https:\/\/now-news.de\/de\/usa\/top-beamter-von-biden-sagt-roes-umkehrung-werde-nicht-lange-bestehen-bleiben-weil-dies-nicht-amerika-ist\/\"]}]},{\"@type\":\"ImageObject\",\"inLanguage\":\"de\",\"@id\":\"https:\/\/now-news.de\/de\/usa\/top-beamter-von-biden-sagt-roes-umkehrung-werde-nicht-lange-bestehen-bleiben-weil-dies-nicht-amerika-ist\/#primaryimage\",\"url\":\"https:\/\/now-news.de\/de\/wp-content\/uploads\/sites\/3\/2022\/07\/Top-Beamter-von-Biden-sagt-Roes-Umkehrung-werde-nicht-\u201elange-bestehen.jpg\",\"contentUrl\":\"https:\/\/now-news.de\/de\/wp-content\/uploads\/sites\/3\/2022\/07\/Top-Beamter-von-Biden-sagt-Roes-Umkehrung-werde-nicht-\u201elange-bestehen.jpg\",\"width\":880,\"height\":495},{\"@type\":\"BreadcrumbList\",\"@id\":\"https:\/\/now-news.de\/de\/usa\/top-beamter-von-biden-sagt-roes-umkehrung-werde-nicht-lange-bestehen-bleiben-weil-dies-nicht-amerika-ist\/#breadcrumb\",\"itemListElement\":[{\"@type\":\"ListItem\",\"position\":1,\"name\":\"Home\",\"item\":\"https:\/\/now-news.de\/de\/\"},{\"@type\":\"ListItem\",\"position\":2,\"name\":\"Top-Beamter von Biden sagt, Roes Umkehrung werde nicht \u201elange bestehen bleiben\u201c, weil \u201edies nicht Amerika ist\u201c\"}]},{\"@type\":\"WebSite\",\"@id\":\"https:\/\/now-news.de\/de\/#website\",\"url\":\"https:\/\/now-news.de\/de\/\",\"name\":\"just-now.NEWS Deutschland\",\"description\":\"Das Portal f\u00fcr unzensierte Nachrichten aus der Welt\",\"publisher\":{\"@id\":\"https:\/\/now-news.de\/de\/#organization\"},\"potentialAction\":[{\"@type\":\"SearchAction\",\"target\":{\"@type\":\"EntryPoint\",\"urlTemplate\":\"https:\/\/now-news.de\/de\/?s={search_term_string}\"},\"query-input\":\"required name=search_term_string\"}],\"inLanguage\":\"de\"},{\"@type\":\"Organization\",\"@id\":\"https:\/\/now-news.de\/de\/#organization\",\"name\":\"Just Now News\",\"url\":\"https:\/\/now-news.de\/de\/\",\"logo\":{\"@type\":\"ImageObject\",\"inLanguage\":\"de\",\"@id\":\"https:\/\/now-news.de\/de\/#\/schema\/logo\/image\/\",\"url\":\"http:\/\/just-now.news\/de\/wp-content\/uploads\/sites\/3\/2022\/04\/logo500x500.jpg\",\"contentUrl\":\"http:\/\/just-now.news\/de\/wp-content\/uploads\/sites\/3\/2022\/04\/logo500x500.jpg\",\"width\":500,\"height\":500,\"caption\":\"Just Now News\"},\"image\":{\"@id\":\"https:\/\/now-news.de\/de\/#\/schema\/logo\/image\/\"},\"sameAs\":[\"https:\/\/www.facebook.com\/wirmachenauf\",\"https:\/\/x.com\/WirMachenAuf_de\"]},{\"@type\":\"Person\",\"@id\":\"https:\/\/now-news.de\/de\/#\/schema\/person\/8afb4cd92b68572db7902c13a349ffcb\",\"name\":\"greatreset\",\"image\":{\"@type\":\"ImageObject\",\"inLanguage\":\"de\",\"@id\":\"https:\/\/now-news.de\/de\/#\/schema\/person\/image\/\",\"url\":\"https:\/\/secure.gravatar.com\/avatar\/a088df625d49991c090e78c8b9542592?s=96&d=mm&r=g\",\"contentUrl\":\"https:\/\/secure.gravatar.com\/avatar\/a088df625d49991c090e78c8b9542592?s=96&d=mm&r=g\",\"caption\":\"greatreset\"},\"url\":\"https:\/\/now-news.de\/de\/author\/greatreset\/\"}]}<\/script>\n<!-- \/ Yoast SEO Premium plugin. -->","yoast_head_json":{"title":"Top-Beamter von Biden sagt, Roes Umkehrung werde nicht \u201elange bestehen bleiben\u201c, weil \u201edies nicht Amerika ist\u201c - just-now.NEWS Deutschland","robots":{"index":"index","follow":"follow","max-snippet":"max-snippet:-1","max-image-preview":"max-image-preview:large","max-video-preview":"max-video-preview:-1"},"canonical":"https:\/\/now-news.de\/de\/usa\/top-beamter-von-biden-sagt-roes-umkehrung-werde-nicht-lange-bestehen-bleiben-weil-dies-nicht-amerika-ist\/","og_locale":"de_DE","og_type":"article","og_title":"Top-Beamter von Biden sagt, Roes Umkehrung werde nicht \u201elange bestehen bleiben\u201c, weil \u201edies nicht Amerika ist\u201c","og_description":"Am Sonntag sagte Xavier Becerra, Minister f\u00fcr Gesundheit und menschliche Dienste (HHS), er glaube, dass die Aufhebung des Verfahrens Roe v. Wade durch den Obersten Gerichtshof nicht sehr lange dauern werde, erkl\u00e4rte jedoch, dass es vorerst bestehen bleiben m\u00fcsse. Becerra sagte: \u201eWenn wir nicht alle sagen, dass das Wort des Obersten Gerichtshofs keinen Wert mehr [&hellip;]","og_url":"https:\/\/now-news.de\/de\/usa\/top-beamter-von-biden-sagt-roes-umkehrung-werde-nicht-lange-bestehen-bleiben-weil-dies-nicht-amerika-ist\/","og_site_name":"just-now.NEWS Deutschland","article_publisher":"https:\/\/www.facebook.com\/wirmachenauf","article_published_time":"2022-07-04T01:22:00+00:00","og_image":[{"width":880,"height":495,"url":"https:\/\/now-news.de\/de\/wp-content\/uploads\/sites\/3\/2022\/07\/Top-Beamter-von-Biden-sagt-Roes-Umkehrung-werde-nicht-\u201elange-bestehen.jpg","type":"image\/jpeg"}],"author":"greatreset","twitter_card":"summary_large_image","twitter_creator":"@WirMachenAuf_de","twitter_site":"@WirMachenAuf_de","twitter_misc":{"Verfasst von":"greatreset","Gesch\u00e4tzte Lesezeit":"2\u00a0Minuten"},"schema":{"@context":"https:\/\/schema.org","@graph":[{"@type":"Article","@id":"https:\/\/now-news.de\/de\/usa\/top-beamter-von-biden-sagt-roes-umkehrung-werde-nicht-lange-bestehen-bleiben-weil-dies-nicht-amerika-ist\/#article","isPartOf":{"@id":"https:\/\/now-news.de\/de\/usa\/top-beamter-von-biden-sagt-roes-umkehrung-werde-nicht-lange-bestehen-bleiben-weil-dies-nicht-amerika-ist\/"},"author":{"name":"greatreset","@id":"https:\/\/now-news.de\/de\/#\/schema\/person\/8afb4cd92b68572db7902c13a349ffcb"},"headline":"Top-Beamter von Biden sagt, Roes Umkehrung werde nicht \u201elange bestehen bleiben\u201c, weil \u201edies nicht Amerika ist\u201c","datePublished":"2022-07-04T01:22:00+00:00","dateModified":"2022-07-04T01:22:00+00:00","mainEntityOfPage":{"@id":"https:\/\/now-news.de\/de\/usa\/top-beamter-von-biden-sagt-roes-umkehrung-werde-nicht-lange-bestehen-bleiben-weil-dies-nicht-amerika-ist\/"},"wordCount":469,"commentCount":0,"publisher":{"@id":"https:\/\/now-news.de\/de\/#organization"},"image":{"@id":"https:\/\/now-news.de\/de\/usa\/top-beamter-von-biden-sagt-roes-umkehrung-werde-nicht-lange-bestehen-bleiben-weil-dies-nicht-amerika-ist\/#primaryimage"},"thumbnailUrl":"https:\/\/now-news.de\/de\/wp-content\/uploads\/sites\/3\/2022\/07\/Top-Beamter-von-Biden-sagt-Roes-Umkehrung-werde-nicht-\u201elange-bestehen.jpg","keywords":["Amerika","bestehen","Biden","Bleiben","Dies","ist","lange","nicht","Roes","sagt","TopBeamter","Umkehrung","von","weil","werde"],"articleSection":["USA"],"inLanguage":"de","potentialAction":[{"@type":"CommentAction","name":"Comment","target":["https:\/\/now-news.de\/de\/usa\/top-beamter-von-biden-sagt-roes-umkehrung-werde-nicht-lange-bestehen-bleiben-weil-dies-nicht-amerika-ist\/#respond"]}]},{"@type":"WebPage","@id":"https:\/\/now-news.de\/de\/usa\/top-beamter-von-biden-sagt-roes-umkehrung-werde-nicht-lange-bestehen-bleiben-weil-dies-nicht-amerika-ist\/","url":"https:\/\/now-news.de\/de\/usa\/top-beamter-von-biden-sagt-roes-umkehrung-werde-nicht-lange-bestehen-bleiben-weil-dies-nicht-amerika-ist\/","name":"Top-Beamter von Biden sagt, Roes Umkehrung werde nicht \u201elange bestehen bleiben\u201c, weil \u201edies nicht Amerika ist\u201c - just-now.NEWS Deutschland","isPartOf":{"@id":"https:\/\/now-news.de\/de\/#website"},"primaryImageOfPage":{"@id":"https:\/\/now-news.de\/de\/usa\/top-beamter-von-biden-sagt-roes-umkehrung-werde-nicht-lange-bestehen-bleiben-weil-dies-nicht-amerika-ist\/#primaryimage"},"image":{"@id":"https:\/\/now-news.de\/de\/usa\/top-beamter-von-biden-sagt-roes-umkehrung-werde-nicht-lange-bestehen-bleiben-weil-dies-nicht-amerika-ist\/#primaryimage"},"thumbnailUrl":"https:\/\/now-news.de\/de\/wp-content\/uploads\/sites\/3\/2022\/07\/Top-Beamter-von-Biden-sagt-Roes-Umkehrung-werde-nicht-\u201elange-bestehen.jpg","datePublished":"2022-07-04T01:22:00+00:00","dateModified":"2022-07-04T01:22:00+00:00","breadcrumb":{"@id":"https:\/\/now-news.de\/de\/usa\/top-beamter-von-biden-sagt-roes-umkehrung-werde-nicht-lange-bestehen-bleiben-weil-dies-nicht-amerika-ist\/#breadcrumb"},"inLanguage":"de","potentialAction":[{"@type":"ReadAction","target":["https:\/\/now-news.de\/de\/usa\/top-beamter-von-biden-sagt-roes-umkehrung-werde-nicht-lange-bestehen-bleiben-weil-dies-nicht-amerika-ist\/"]}]},{"@type":"ImageObject","inLanguage":"de","@id":"https:\/\/now-news.de\/de\/usa\/top-beamter-von-biden-sagt-roes-umkehrung-werde-nicht-lange-bestehen-bleiben-weil-dies-nicht-amerika-ist\/#primaryimage","url":"https:\/\/now-news.de\/de\/wp-content\/uploads\/sites\/3\/2022\/07\/Top-Beamter-von-Biden-sagt-Roes-Umkehrung-werde-nicht-\u201elange-bestehen.jpg","contentUrl":"https:\/\/now-news.de\/de\/wp-content\/uploads\/sites\/3\/2022\/07\/Top-Beamter-von-Biden-sagt-Roes-Umkehrung-werde-nicht-\u201elange-bestehen.jpg","width":880,"height":495},{"@type":"BreadcrumbList","@id":"https:\/\/now-news.de\/de\/usa\/top-beamter-von-biden-sagt-roes-umkehrung-werde-nicht-lange-bestehen-bleiben-weil-dies-nicht-amerika-ist\/#breadcrumb","itemListElement":[{"@type":"ListItem","position":1,"name":"Home","item":"https:\/\/now-news.de\/de\/"},{"@type":"ListItem","position":2,"name":"Top-Beamter von Biden sagt, Roes Umkehrung werde nicht \u201elange bestehen bleiben\u201c, weil \u201edies nicht Amerika ist\u201c"}]},{"@type":"WebSite","@id":"https:\/\/now-news.de\/de\/#website","url":"https:\/\/now-news.de\/de\/","name":"just-now.NEWS Deutschland","description":"Das Portal f\u00fcr unzensierte Nachrichten aus der Welt","publisher":{"@id":"https:\/\/now-news.de\/de\/#organization"},"potentialAction":[{"@type":"SearchAction","target":{"@type":"EntryPoint","urlTemplate":"https:\/\/now-news.de\/de\/?s={search_term_string}"},"query-input":"required name=search_term_string"}],"inLanguage":"de"},{"@type":"Organization","@id":"https:\/\/now-news.de\/de\/#organization","name":"Just Now News","url":"https:\/\/now-news.de\/de\/","logo":{"@type":"ImageObject","inLanguage":"de","@id":"https:\/\/now-news.de\/de\/#\/schema\/logo\/image\/","url":"http:\/\/just-now.news\/de\/wp-content\/uploads\/sites\/3\/2022\/04\/logo500x500.jpg","contentUrl":"http:\/\/just-now.news\/de\/wp-content\/uploads\/sites\/3\/2022\/04\/logo500x500.jpg","width":500,"height":500,"caption":"Just Now News"},"image":{"@id":"https:\/\/now-news.de\/de\/#\/schema\/logo\/image\/"},"sameAs":["https:\/\/www.facebook.com\/wirmachenauf","https:\/\/x.com\/WirMachenAuf_de"]},{"@type":"Person","@id":"https:\/\/now-news.de\/de\/#\/schema\/person\/8afb4cd92b68572db7902c13a349ffcb","name":"greatreset","image":{"@type":"ImageObject","inLanguage":"de","@id":"https:\/\/now-news.de\/de\/#\/schema\/person\/image\/","url":"https:\/\/secure.gravatar.com\/avatar\/a088df625d49991c090e78c8b9542592?s=96&d=mm&r=g","contentUrl":"https:\/\/secure.gravatar.com\/avatar\/a088df625d49991c090e78c8b9542592?s=96&d=mm&r=g","caption":"greatreset"},"url":"https:\/\/now-news.de\/de\/author\/greatreset\/"}]}},"_links":{"self":[{"href":"https:\/\/now-news.de\/de\/wp-json\/wp\/v2\/posts\/12717"}],"collection":[{"href":"https:\/\/now-news.de\/de\/wp-json\/wp\/v2\/posts"}],"about":[{"href":"https:\/\/now-news.de\/de\/wp-json\/wp\/v2\/types\/post"}],"author":[{"embeddable":true,"href":"https:\/\/now-news.de\/de\/wp-json\/wp\/v2\/users\/5"}],"replies":[{"embeddable":true,"href":"https:\/\/now-news.de\/de\/wp-json\/wp\/v2\/comments?post=12717"}],"version-history":[{"count":0,"href":"https:\/\/now-news.de\/de\/wp-json\/wp\/v2\/posts\/12717\/revisions"}],"wp:featuredmedia":[{"embeddable":true,"href":"https:\/\/now-news.de\/de\/wp-json\/wp\/v2\/media\/12718"}],"wp:attachment":[{"href":"https:\/\/now-news.de\/de\/wp-json\/wp\/v2\/media?parent=12717"}],"wp:term":[{"taxonomy":"category","embeddable":true,"href":"https:\/\/now-news.de\/de\/wp-json\/wp\/v2\/categories?post=12717"},{"taxonomy":"post_tag","embeddable":true,"href":"https:\/\/now-news.de\/de\/wp-json\/wp\/v2\/tags?post=12717"}],"curies":[{"name":"wp","href":"https:\/\/api.w.org\/{rel}","templated":true}]}}