{"id":12705,"date":"2022-07-03T21:45:01","date_gmt":"2022-07-03T19:45:01","guid":{"rendered":"http:\/\/just-now.news\/de\/deutschland\/bestie-nato-von-europas-wachhund-zum-kampfhund-der-usa\/"},"modified":"2022-07-03T21:45:01","modified_gmt":"2022-07-03T19:45:01","slug":"bestie-nato-von-europas-wachhund-zum-kampfhund-der-usa","status":"publish","type":"post","link":"https:\/\/now-news.de\/de\/deutschland\/bestie-nato-von-europas-wachhund-zum-kampfhund-der-usa\/","title":{"rendered":"Bestie NATO: Von Europas Wachhund zum Kampfhund der USA"},"content":{"rendered":"<p><img decoding=\"async\" src=\"http:\/\/just-now.news\/de\/wp-content\/uploads\/sites\/3\/2022\/07\/62c1cdae48fbef55cd4a1dfb.jpg\" \/><\/p>\n<div class=\"Text-root Text-type_1 \">\n                Von einem angeblichen Verteidigungsb\u00fcndnis hat sich die NATO zu einem Aggressor entwickelt, der dazu bestimmt ist, von den USA diktierte &#8220;Regeln&#8221; durchzusetzen. Die Weltgemeinschaft t\u00e4te gut daran, diese Bestie auf dem Tr\u00fcmmerhaufen der Geschichte zu entsorgen.\n            <\/div>\n<p><\/p>\n<div class=\"Text-root Text-type_5 ArticleView-text ViewText-root \">\n<p><em>von Scott Ritter<\/em><\/p>\n<p>Die NATO hat dieser Tage in Madrid ihr j\u00e4hrliches Gipfeltreffen abgehalten. Das einstige transatlantische Verteidigungsb\u00fcndnis hat sich in den letzten drei Jahrzehnten vom Besch\u00fctzer Westeuropas zum globalen Polizisten gewandelt und versucht, milit\u00e4risch eine sogenannte &#8220;werte- und regelbasierte Haltung&#8221; zur Geltung zu bringen.<\/p>\n<p>Dem ersten Generalsekret\u00e4r der NATO, Lord Ismay, wird bekanntlich <a rel=\"nofollow noopener\" target=\"_blank\" href=\"https:\/\/www.nato.int\/cps\/en\/natohq\/declassified_137930.htm\">die Bemerkung<\/a> zugeschrieben, dass die Aufgabe des B\u00fcndnisses darin bestehe, &#8220;die Russen drau\u00dfen, die Deutschen unten und die Amerikaner drinnen zu halten&#8221;. Kurz gesagt, die NATO diente als Schutzwall gegen eine physische Expansion der Sowjetunion von dem Br\u00fcckenkopf aus, den sie am Ende des Zweiten Weltkriegs in Osteuropa errichtet hatte. Ebenso verhinderte die Gr\u00fcndung der NATO den Abschluss eines Vertrags zwischen Deutschland und der Sowjetunion, der die Wiedervereinigung Deutschlands erm\u00f6glicht h\u00e4tte. Und schlie\u00dflich erforderte die Existenz der NATO, dass die USA eine erhebliche und dauerhafte Milit\u00e4rpr\u00e4senz in Europa beibehielten, was dazu beitrug, dass die USA mit ihrer traditionellen Tendenz zum Isolationismus brachen.<\/p>\n<p>Auf dem Madrider Gipfel hat nun die NATO ihre Mission radikal neu definiert und ein neues Mantra angestimmt, das zusammengefasst besagt, &#8220;die Russen unten, die Amerikaner drinnen und die Chinesen drau\u00dfen zu halten&#8221;. Es ist eine aggressive \u2013\u00a0sogar feindselige \u2013 Haltung, die darauf basiert, die westliche, das hei\u00dft die amerikanische Vormachtstellung aufrechtzuerhalten. Diese Mission soll durch die Verk\u00fcndung und die Verteidigung einer sogenannten &#8220;regelbasierten internationalen Ordnung&#8221; erf\u00fcllt werden, die nur in den K\u00f6pfen ihrer Sch\u00f6pfer existiert, die in diesem Fall die Vereinigten Staaten und ihre Verb\u00fcndeten in Europa sind. Die neu verabschiedete Mission stellt auch einen radikalen Bruch mit der bisherigen Praxis dar, mit der stets versucht wurde, die NATO auf den vier Grunds\u00e4ulen ihrer transatlantischen Daseinsberechtigung zu definieren, indem man nun beabsichtigt, die Einflusssph\u00e4re des B\u00fcndnisses bis in den Pazifikraum auszudehnen.<\/p>\n<p><strong>Der Wachhund ist offenbar zum Kampfhund umerzogen worden<\/strong><\/p>\n<p>Wenn eine Organisation in Bezug auf ihre Kernaufgabe und ihren Zweck eine so radikale Transformation durchmacht, diktiert die Logik, dass es einen Grund \u2013 oder Gr\u00fcnde \u2013\u00a0gibt, die ausreichen, um die mit der Aktion verbundenen Konsequenzen zu rechtfertigen. Es scheint drei solcher Gr\u00fcnde zu geben.<\/p>\n<p>An erster Stelle steht die Tatsache, dass Russland sich weigert, die Forderung der NATO zu akzeptieren, als Junior-&#8220;Partner&#8221; zu existieren, dessen Souver\u00e4nit\u00e4t dem kollektiven Willen Europas nach dem Kalten Krieg untergeordnet werden muss. Russlands Pr\u00e4sident Wladimir Putin hat deutlich gemacht, dass Russland sich als Gro\u00dfmacht betrachtet und erwartet, als solche behandelt zu werden \u2013 insbesondere in Fragen des sogenannten &#8220;nahen Auslands&#8221;, der ehemaligen Sowjetrepubliken, wie der Ukraine und Georgien. Der Fortbestand der Verbindungen dieser L\u00e4nder zu Russland ist f\u00fcr Moskau von existenzieller Natur.<\/p>\n<p>Obwohl die NATO Russland als &#8220;Partner&#8221; bezeichnet, war es ihr auf der anderen Seite nie ernst damit, vertrauensw\u00fcrdig die Hand der Freundschaft zu reichen. Die NATO zog stattdessen ein mittlerweile drei\u00dfigj\u00e4hriges Expansionsprogramm durch, das m\u00fcndliche Versprechen an die sowjetischen Staatsf\u00fchrung verletzte und Russland geschw\u00e4cht zur\u00fccklie\u00df, das von den selbsternannten &#8220;Siegern&#8221; des Kalten Krieges nicht mehr ernst genommen wurde. Als Russland damit begann dagegenzuhalten, ein Prozess, der mit Putins <a rel=\"nofollow noopener\" target=\"_blank\" href=\"http:\/\/en.kremlin.ru\/events\/president\/transcripts\/copy\/24034\">legend\u00e4rer Rede<\/a> auf der M\u00fcnchner Sicherheitskonferenz 2007 seinen Anfang nahm, ging die NATO in eine aggressivere Haltung \u00fcber, versprach Georgien und der Ukraine eine <a rel=\"nofollow noopener\" target=\"_blank\" href=\"https:\/\/www.reuters.com\/article\/us-nato-idUSL0179714620080403\">m\u00f6gliche Mitgliedschaft<\/a> in der Allianz und unterst\u00fctzte 2014 einen gewaltsamen Regierungsumsturz in der Ukraine, der eine Reihe von Ereignissen ausl\u00f6ste, die in der laufenden Milit\u00e4roperation Russlands in der Ukraine gipfelten.<\/p>\n<p>In seiner Rede auf dem NATO-Gipfel beendete Jens Stoltenberg, der Generalsekret\u00e4r der Organisation, jede Illusion dar\u00fcber, dass das transatlantische B\u00fcndnis ein unbeteiligter Zuschauer bei allen Ereignissen gewesen sei, die zu Russlands milit\u00e4rischer Intervention in der Ukraine f\u00fchrten. Stolz hielt Stoltenberg fest, dass sich die NATO seit 2014 auf den Kampf gegen Russland <a rel=\"nofollow noopener\" target=\"_blank\" href=\"https:\/\/www.rt.com\/news\/558105-nato-preparing-war-2014\/\">vorbereitet habe <\/a>\u2013 also seit dem US-gesteuerten Regierungsumsturz in der Ukraine. Und tats\u00e4chlich begann die NATO bereits im Jahr 2015, das ukrainische Milit\u00e4r nach NATO-Standards auszubilden.<\/p>\n<p>Dies tat es jedoch nicht, um die Selbstverteidigung der Ukraine zu st\u00e4rken, sondern um ethnische Russen im Donbass zu bek\u00e4mpfen. Offenbar war die NATO nie an einer friedlichen L\u00f6sung der Krise interessiert, die ausbrach, als ukrainische Nationalisten begannen, die russischsprachige Mehrheit in der Region zu terrorisieren.<\/p>\n<p>Zwei Mitglieder der NATO, Frankreich und Deutschland, halfen zudem mit, einen betr\u00fcgerischen Friedensprozess am Leben zu erhalten \u2013 das Minsk-2-Abkommen. Der ehemalige ukrainische Pr\u00e4sident und Vorg\u00e4nger von Wladimir Selenskij, Petro Poroschenko, gab k\u00fcrzlich in einem Gespr\u00e4ch zu, dass dieses Abkommen lediglich zum Vorwand diente, der benutzt wurde, um Zeit zu gewinnen, damit die NATO das ukrainische Milit\u00e4r ausbilden und ausr\u00fcsten konnte \u2013 mit dem Ziel, die Kontrolle \u00fcber den Donbass und die Krim gewaltsam an sich zu rei\u00dfen.<\/p>\n<p>Was der Madrider Gipfel tats\u00e4chlich bewirkte, war, jede Illusion zu beseitigen, dass die NATO es ernst damit meint, friedlich mit einer m\u00e4chtigen, souver\u00e4nen russischen Nation zu koexistieren. Ein ernsthaft defensives B\u00fcndnis h\u00e4tte ein solches Ergebnis bereitwillig angenommen. Aber die NATO, das ist jetzt klar, ist alles andere als ein defensives B\u00fcndnis.<\/p>\n<p>Die NATO wurde als Komponente der amerikanischen globalen Machtprojektion entlarvt, die zus\u00e4tzliche milit\u00e4rische und politische Unterst\u00fctzung f\u00fcr ein amerikanisches Imperium bietet, das durch die &#8220;regelbasierte internationale Ordnung&#8221; definiert wird, die auf eine anhaltende milit\u00e4rische und wirtschaftliche Vormachtstellung der USA aufbaut.<\/p>\n<p>Die Vereinigten Staaten an der Spitze zu halten, erweist sich jedoch als Br\u00fccke, die wohl zu weit entfernt liegt, vor allem, weil das amerikanische Imperium selbst an seinen eigenen Fundamenten br\u00f6ckelt. Wirtschaftlich k\u00e4mpfen die USA darum, den sogenannten &#8220;amerikanischen Traum&#8221; aufrechtzuerhalten und politisch darum, das besch\u00e4digte Versprechen einer Demokratie am Leben zu erhalten, die genau das Vorbild unterwandert, das die USA im Ausland f\u00f6rdern wollen.<\/p>\n<p>Das Ausma\u00df, in dem die USA heute mit einem Mindestma\u00df an Glaubw\u00fcrdigkeit in der internationalen Arena funktionieren, wird allein durch das Ausma\u00df der &#8220;Gutgl\u00e4ubigkeit&#8221; des Rests der Welt in das goldene Kalb bestimmt, als das sich die &#8220;regelbasierte internationale Ordnung&#8221; darstellt.<\/p>\n<p>W\u00e4hrend die USA sowohl die NATO als auch ihren wirtschaftlichen Doppelg\u00e4nger, die G7, dazu bringen konnten, aktiv ihre &#8220;regelbasierte internationale Ordnung&#8221; zu f\u00f6rdern, haben sich Russland und China zusammengeschlossen, um eine alternative Weltanschauung zu formen: Eine auf internationalem Recht basierte Ordnung, die auf den in der Charta der Vereinten Nationen verankerten Prinzipien basiert.<\/p>\n<p>Die G7 erkl\u00e4rten, dass das BRICS-Wirtschaftsforum, das sich aus Nationen zusammensetzt, die eher an einer &#8220;rechtsbasierten&#8221; Weltordnung und nicht an einer von den USA dominierten &#8220;regelbasierten&#8221; Weltordnung ausgerichtet sind, die gr\u00f6\u00dfte Bedrohung f\u00fcr die Stellung der G7 auf der Weltb\u00fchne darstellt. Zudem hat auch die NATO erkl\u00e4rt, dass die russische und chinesische Infragestellung der &#8220;regelbasierten internationalen Ordnung&#8221; eine gro\u00dfe Bedrohung f\u00fcr die Grundwerte der NATO darstellt, mit der sie die Gegenma\u00dfnahme einer Ausweitung der NATO bis in den Pazifikraum rechtfertigt.<\/p>\n<p>Kurz gesagt, die NATO \u2013 zusammen mit den G7 \u2013\u00a0 erkl\u00e4rt den Prinzipien des V\u00f6lkerrechts, die in der Charta der Vereinten Nationen verankert sind, den Krieg. Auf dem Madrider Gipfel hat die NATO deutlich gemacht, dass sie bereit ist, Blut zu vergie\u00dfen, um ein Verm\u00e4chtnis zu verteidigen, dessen Legitimit\u00e4t nur in der kollektiven Vorstellungskraft ihrer Mitglieder existiert \u2013 wenn auch nicht bei allen.<\/p>\n<p>Das Ziel des Rests der Weltgemeinschaft muss nun sein, den Schaden, den diese Bestie namens NATO anzurichten im Begriff ist, zu minimieren und einen Weg finden, diese zu entsorgen, bevor sie der Weltgemeinschaft noch mehr Schaden zuf\u00fcgen kann.<\/p>\n<p><em>\u00dcbersetzt aus dem <a rel=\"nofollow noopener\" target=\"_blank\" href=\"https:\/\/www.rt.com\/russia\/558168-nato-defensive-alliance-global-cop\/\">Englischen<\/a>.<\/em><\/p>\n<p><em><strong>Scott Ritter <\/strong><strong><\/strong>ist ehemaliger Geheimdienstoffizier des US Marine Corps. Er diente in der Sowjetunion als Inspektor bei der Umsetzung des INF-Vertrags im Stab von General Schwarzkopf w\u00e4hrend des Golfkriegs und von 1991 bis 1998 als UN-Waffeninspektor. Man kann ihm auf <a rel=\"nofollow noopener\" target=\"_blank\" href=\"https:\/\/t.me\/ScottRitter\">Telegram<\/a> folgen.<\/em><\/p>\n<p><strong>Mehr zum Thema<\/strong> &#8211; <a rel=\"nofollow noopener\" target=\"_blank\" href=\"https:\/\/de.rt.com\/international\/142395-russland-und-weissrussland-warnen-vor-eisernem-vorhang\/\">Russland und Wei\u00dfrussland warnen vor neuem &#8220;Eisernen Vorhang<\/a><\/p>\n<\/p>\n<\/div>\n<p><br \/>\n<br \/><a href=\"https:\/\/de.rt.com\/meinung\/142548-bestie-nato-von-europas-wachhund\/\">Source link <\/a><\/p>\n","protected":false},"excerpt":{"rendered":"<p>Von einem angeblichen Verteidigungsb\u00fcndnis hat sich die NATO zu einem Aggressor entwickelt, der dazu bestimmt ist, von den USA diktierte &#8220;Regeln&#8221; durchzusetzen. Die Weltgemeinschaft t\u00e4te gut daran, diese Bestie auf dem Tr\u00fcmmerhaufen der Geschichte zu entsorgen. von Scott Ritter Die NATO hat dieser Tage in Madrid ihr j\u00e4hrliches Gipfeltreffen abgehalten. Das einstige transatlantische Verteidigungsb\u00fcndnis hat [&hellip;]<\/p>\n","protected":false},"author":3,"featured_media":12706,"comment_status":"open","ping_status":"open","sticky":false,"template":"","format":"standard","meta":{"wp_automatic_camp":["217"],"a19a9b40c5f1593df850fdf66fff7931":["Bestie NATO: Von Europas Wachhund zum Kampfhund der USA"],"original_link":["https:\/\/de.rt.com\/meinung\/142548-bestie-nato-von-europas-wachhund\/"],"_thumbnail_id":["12706"],"_wptg_p2tg_sent2tg":["2022-07-03 21:56:12"],"jnews_social_counter_last_update":["1776918056"]},"categories":[19,23],"tags":[26702,82,1293,26704,2697,193,50,26703,565],"yoast_head":"<!-- This site is optimized with the Yoast SEO Premium plugin v22.7 (Yoast SEO v22.7) - https:\/\/yoast.com\/wordpress\/plugins\/seo\/ -->\n<title>Bestie NATO: Von Europas Wachhund zum Kampfhund der USA - just-now.NEWS Deutschland<\/title>\n<meta name=\"robots\" content=\"index, follow, max-snippet:-1, max-image-preview:large, max-video-preview:-1\" \/>\n<link rel=\"canonical\" href=\"https:\/\/now-news.de\/de\/deutschland\/bestie-nato-von-europas-wachhund-zum-kampfhund-der-usa\/\" \/>\n<meta property=\"og:locale\" content=\"de_DE\" \/>\n<meta property=\"og:type\" content=\"article\" \/>\n<meta property=\"og:title\" content=\"Bestie NATO: Von Europas Wachhund zum Kampfhund der USA\" \/>\n<meta property=\"og:description\" content=\"Von einem angeblichen Verteidigungsb\u00fcndnis hat sich die NATO zu einem Aggressor entwickelt, der dazu bestimmt ist, von den USA diktierte &#8220;Regeln&#8221; durchzusetzen. Die Weltgemeinschaft t\u00e4te gut daran, diese Bestie auf dem Tr\u00fcmmerhaufen der Geschichte zu entsorgen. von Scott Ritter Die NATO hat dieser Tage in Madrid ihr j\u00e4hrliches Gipfeltreffen abgehalten. Das einstige transatlantische Verteidigungsb\u00fcndnis hat [&hellip;]\" \/>\n<meta property=\"og:url\" content=\"https:\/\/now-news.de\/de\/deutschland\/bestie-nato-von-europas-wachhund-zum-kampfhund-der-usa\/\" \/>\n<meta property=\"og:site_name\" content=\"just-now.NEWS Deutschland\" \/>\n<meta property=\"article:publisher\" content=\"https:\/\/www.facebook.com\/wirmachenauf\" \/>\n<meta property=\"article:published_time\" content=\"2022-07-03T19:45:01+00:00\" \/>\n<meta property=\"og:image\" content=\"https:\/\/now-news.de\/de\/wp-content\/uploads\/sites\/3\/2022\/07\/Bestie-NATO-Von-Europas-Wachhund-zum-Kampfhund-der-USA.jpg\" \/>\n\t<meta property=\"og:image:width\" content=\"460\" \/>\n\t<meta property=\"og:image:height\" content=\"259\" \/>\n\t<meta property=\"og:image:type\" content=\"image\/jpeg\" \/>\n<meta name=\"author\" content=\"rtnews\" \/>\n<meta name=\"twitter:card\" content=\"summary_large_image\" \/>\n<meta name=\"twitter:creator\" content=\"@WirMachenAuf_de\" \/>\n<meta name=\"twitter:site\" content=\"@WirMachenAuf_de\" \/>\n<meta name=\"twitter:label1\" content=\"Verfasst von\" \/>\n\t<meta name=\"twitter:data1\" content=\"rtnews\" \/>\n\t<meta name=\"twitter:label2\" content=\"Gesch\u00e4tzte Lesezeit\" \/>\n\t<meta name=\"twitter:data2\" content=\"7\u00a0Minuten\" \/>\n<script type=\"application\/ld+json\" class=\"yoast-schema-graph\">{\"@context\":\"https:\/\/schema.org\",\"@graph\":[{\"@type\":\"Article\",\"@id\":\"https:\/\/now-news.de\/de\/deutschland\/bestie-nato-von-europas-wachhund-zum-kampfhund-der-usa\/#article\",\"isPartOf\":{\"@id\":\"https:\/\/now-news.de\/de\/deutschland\/bestie-nato-von-europas-wachhund-zum-kampfhund-der-usa\/\"},\"author\":{\"name\":\"rtnews\",\"@id\":\"https:\/\/now-news.de\/de\/#\/schema\/person\/fb534a4e865501d8b3285208df34a9b5\"},\"headline\":\"Bestie NATO: Von Europas Wachhund zum Kampfhund der USA\",\"datePublished\":\"2022-07-03T19:45:01+00:00\",\"dateModified\":\"2022-07-03T19:45:01+00:00\",\"mainEntityOfPage\":{\"@id\":\"https:\/\/now-news.de\/de\/deutschland\/bestie-nato-von-europas-wachhund-zum-kampfhund-der-usa\/\"},\"wordCount\":1375,\"commentCount\":0,\"publisher\":{\"@id\":\"https:\/\/now-news.de\/de\/#organization\"},\"image\":{\"@id\":\"https:\/\/now-news.de\/de\/deutschland\/bestie-nato-von-europas-wachhund-zum-kampfhund-der-usa\/#primaryimage\"},\"thumbnailUrl\":\"https:\/\/now-news.de\/de\/wp-content\/uploads\/sites\/3\/2022\/07\/Bestie-NATO-Von-Europas-Wachhund-zum-Kampfhund-der-USA.jpg\",\"keywords\":[\"Bestie\",\"der\",\"Europas\",\"Kampfhund\",\"nato\",\"USA\",\"von\",\"Wachhund\",\"zum\"],\"articleSection\":[\"Deutschland\",\"Russland\"],\"inLanguage\":\"de\",\"potentialAction\":[{\"@type\":\"CommentAction\",\"name\":\"Comment\",\"target\":[\"https:\/\/now-news.de\/de\/deutschland\/bestie-nato-von-europas-wachhund-zum-kampfhund-der-usa\/#respond\"]}]},{\"@type\":\"WebPage\",\"@id\":\"https:\/\/now-news.de\/de\/deutschland\/bestie-nato-von-europas-wachhund-zum-kampfhund-der-usa\/\",\"url\":\"https:\/\/now-news.de\/de\/deutschland\/bestie-nato-von-europas-wachhund-zum-kampfhund-der-usa\/\",\"name\":\"Bestie NATO: Von Europas Wachhund zum Kampfhund der USA - just-now.NEWS Deutschland\",\"isPartOf\":{\"@id\":\"https:\/\/now-news.de\/de\/#website\"},\"primaryImageOfPage\":{\"@id\":\"https:\/\/now-news.de\/de\/deutschland\/bestie-nato-von-europas-wachhund-zum-kampfhund-der-usa\/#primaryimage\"},\"image\":{\"@id\":\"https:\/\/now-news.de\/de\/deutschland\/bestie-nato-von-europas-wachhund-zum-kampfhund-der-usa\/#primaryimage\"},\"thumbnailUrl\":\"https:\/\/now-news.de\/de\/wp-content\/uploads\/sites\/3\/2022\/07\/Bestie-NATO-Von-Europas-Wachhund-zum-Kampfhund-der-USA.jpg\",\"datePublished\":\"2022-07-03T19:45:01+00:00\",\"dateModified\":\"2022-07-03T19:45:01+00:00\",\"breadcrumb\":{\"@id\":\"https:\/\/now-news.de\/de\/deutschland\/bestie-nato-von-europas-wachhund-zum-kampfhund-der-usa\/#breadcrumb\"},\"inLanguage\":\"de\",\"potentialAction\":[{\"@type\":\"ReadAction\",\"target\":[\"https:\/\/now-news.de\/de\/deutschland\/bestie-nato-von-europas-wachhund-zum-kampfhund-der-usa\/\"]}]},{\"@type\":\"ImageObject\",\"inLanguage\":\"de\",\"@id\":\"https:\/\/now-news.de\/de\/deutschland\/bestie-nato-von-europas-wachhund-zum-kampfhund-der-usa\/#primaryimage\",\"url\":\"https:\/\/now-news.de\/de\/wp-content\/uploads\/sites\/3\/2022\/07\/Bestie-NATO-Von-Europas-Wachhund-zum-Kampfhund-der-USA.jpg\",\"contentUrl\":\"https:\/\/now-news.de\/de\/wp-content\/uploads\/sites\/3\/2022\/07\/Bestie-NATO-Von-Europas-Wachhund-zum-Kampfhund-der-USA.jpg\",\"width\":460,\"height\":259,\"caption\":\"Bestie NATO: Von Europas Wachhund zum Kampfhund der USA\"},{\"@type\":\"BreadcrumbList\",\"@id\":\"https:\/\/now-news.de\/de\/deutschland\/bestie-nato-von-europas-wachhund-zum-kampfhund-der-usa\/#breadcrumb\",\"itemListElement\":[{\"@type\":\"ListItem\",\"position\":1,\"name\":\"Home\",\"item\":\"https:\/\/now-news.de\/de\/\"},{\"@type\":\"ListItem\",\"position\":2,\"name\":\"Bestie NATO: Von Europas Wachhund zum Kampfhund der USA\"}]},{\"@type\":\"WebSite\",\"@id\":\"https:\/\/now-news.de\/de\/#website\",\"url\":\"https:\/\/now-news.de\/de\/\",\"name\":\"just-now.NEWS Deutschland\",\"description\":\"Das Portal f\u00fcr unzensierte Nachrichten aus der Welt\",\"publisher\":{\"@id\":\"https:\/\/now-news.de\/de\/#organization\"},\"potentialAction\":[{\"@type\":\"SearchAction\",\"target\":{\"@type\":\"EntryPoint\",\"urlTemplate\":\"https:\/\/now-news.de\/de\/?s={search_term_string}\"},\"query-input\":\"required name=search_term_string\"}],\"inLanguage\":\"de\"},{\"@type\":\"Organization\",\"@id\":\"https:\/\/now-news.de\/de\/#organization\",\"name\":\"Just Now News\",\"url\":\"https:\/\/now-news.de\/de\/\",\"logo\":{\"@type\":\"ImageObject\",\"inLanguage\":\"de\",\"@id\":\"https:\/\/now-news.de\/de\/#\/schema\/logo\/image\/\",\"url\":\"http:\/\/just-now.news\/de\/wp-content\/uploads\/sites\/3\/2022\/04\/logo500x500.jpg\",\"contentUrl\":\"http:\/\/just-now.news\/de\/wp-content\/uploads\/sites\/3\/2022\/04\/logo500x500.jpg\",\"width\":500,\"height\":500,\"caption\":\"Just Now News\"},\"image\":{\"@id\":\"https:\/\/now-news.de\/de\/#\/schema\/logo\/image\/\"},\"sameAs\":[\"https:\/\/www.facebook.com\/wirmachenauf\",\"https:\/\/x.com\/WirMachenAuf_de\"]},{\"@type\":\"Person\",\"@id\":\"https:\/\/now-news.de\/de\/#\/schema\/person\/fb534a4e865501d8b3285208df34a9b5\",\"name\":\"rtnews\",\"image\":{\"@type\":\"ImageObject\",\"inLanguage\":\"de\",\"@id\":\"https:\/\/now-news.de\/de\/#\/schema\/person\/image\/\",\"url\":\"https:\/\/secure.gravatar.com\/avatar\/82aafea7d8127119dd649515f56e2117?s=96&d=mm&r=g\",\"contentUrl\":\"https:\/\/secure.gravatar.com\/avatar\/82aafea7d8127119dd649515f56e2117?s=96&d=mm&r=g\",\"caption\":\"rtnews\"},\"url\":\"https:\/\/now-news.de\/de\/author\/rnews\/\"}]}<\/script>\n<!-- \/ Yoast SEO Premium plugin. -->","yoast_head_json":{"title":"Bestie NATO: Von Europas Wachhund zum Kampfhund der USA - just-now.NEWS Deutschland","robots":{"index":"index","follow":"follow","max-snippet":"max-snippet:-1","max-image-preview":"max-image-preview:large","max-video-preview":"max-video-preview:-1"},"canonical":"https:\/\/now-news.de\/de\/deutschland\/bestie-nato-von-europas-wachhund-zum-kampfhund-der-usa\/","og_locale":"de_DE","og_type":"article","og_title":"Bestie NATO: Von Europas Wachhund zum Kampfhund der USA","og_description":"Von einem angeblichen Verteidigungsb\u00fcndnis hat sich die NATO zu einem Aggressor entwickelt, der dazu bestimmt ist, von den USA diktierte &#8220;Regeln&#8221; durchzusetzen. Die Weltgemeinschaft t\u00e4te gut daran, diese Bestie auf dem Tr\u00fcmmerhaufen der Geschichte zu entsorgen. von Scott Ritter Die NATO hat dieser Tage in Madrid ihr j\u00e4hrliches Gipfeltreffen abgehalten. Das einstige transatlantische Verteidigungsb\u00fcndnis hat [&hellip;]","og_url":"https:\/\/now-news.de\/de\/deutschland\/bestie-nato-von-europas-wachhund-zum-kampfhund-der-usa\/","og_site_name":"just-now.NEWS Deutschland","article_publisher":"https:\/\/www.facebook.com\/wirmachenauf","article_published_time":"2022-07-03T19:45:01+00:00","og_image":[{"width":460,"height":259,"url":"https:\/\/now-news.de\/de\/wp-content\/uploads\/sites\/3\/2022\/07\/Bestie-NATO-Von-Europas-Wachhund-zum-Kampfhund-der-USA.jpg","type":"image\/jpeg"}],"author":"rtnews","twitter_card":"summary_large_image","twitter_creator":"@WirMachenAuf_de","twitter_site":"@WirMachenAuf_de","twitter_misc":{"Verfasst von":"rtnews","Gesch\u00e4tzte Lesezeit":"7\u00a0Minuten"},"schema":{"@context":"https:\/\/schema.org","@graph":[{"@type":"Article","@id":"https:\/\/now-news.de\/de\/deutschland\/bestie-nato-von-europas-wachhund-zum-kampfhund-der-usa\/#article","isPartOf":{"@id":"https:\/\/now-news.de\/de\/deutschland\/bestie-nato-von-europas-wachhund-zum-kampfhund-der-usa\/"},"author":{"name":"rtnews","@id":"https:\/\/now-news.de\/de\/#\/schema\/person\/fb534a4e865501d8b3285208df34a9b5"},"headline":"Bestie NATO: Von Europas Wachhund zum Kampfhund der USA","datePublished":"2022-07-03T19:45:01+00:00","dateModified":"2022-07-03T19:45:01+00:00","mainEntityOfPage":{"@id":"https:\/\/now-news.de\/de\/deutschland\/bestie-nato-von-europas-wachhund-zum-kampfhund-der-usa\/"},"wordCount":1375,"commentCount":0,"publisher":{"@id":"https:\/\/now-news.de\/de\/#organization"},"image":{"@id":"https:\/\/now-news.de\/de\/deutschland\/bestie-nato-von-europas-wachhund-zum-kampfhund-der-usa\/#primaryimage"},"thumbnailUrl":"https:\/\/now-news.de\/de\/wp-content\/uploads\/sites\/3\/2022\/07\/Bestie-NATO-Von-Europas-Wachhund-zum-Kampfhund-der-USA.jpg","keywords":["Bestie","der","Europas","Kampfhund","nato","USA","von","Wachhund","zum"],"articleSection":["Deutschland","Russland"],"inLanguage":"de","potentialAction":[{"@type":"CommentAction","name":"Comment","target":["https:\/\/now-news.de\/de\/deutschland\/bestie-nato-von-europas-wachhund-zum-kampfhund-der-usa\/#respond"]}]},{"@type":"WebPage","@id":"https:\/\/now-news.de\/de\/deutschland\/bestie-nato-von-europas-wachhund-zum-kampfhund-der-usa\/","url":"https:\/\/now-news.de\/de\/deutschland\/bestie-nato-von-europas-wachhund-zum-kampfhund-der-usa\/","name":"Bestie NATO: Von Europas Wachhund zum Kampfhund der USA - just-now.NEWS Deutschland","isPartOf":{"@id":"https:\/\/now-news.de\/de\/#website"},"primaryImageOfPage":{"@id":"https:\/\/now-news.de\/de\/deutschland\/bestie-nato-von-europas-wachhund-zum-kampfhund-der-usa\/#primaryimage"},"image":{"@id":"https:\/\/now-news.de\/de\/deutschland\/bestie-nato-von-europas-wachhund-zum-kampfhund-der-usa\/#primaryimage"},"thumbnailUrl":"https:\/\/now-news.de\/de\/wp-content\/uploads\/sites\/3\/2022\/07\/Bestie-NATO-Von-Europas-Wachhund-zum-Kampfhund-der-USA.jpg","datePublished":"2022-07-03T19:45:01+00:00","dateModified":"2022-07-03T19:45:01+00:00","breadcrumb":{"@id":"https:\/\/now-news.de\/de\/deutschland\/bestie-nato-von-europas-wachhund-zum-kampfhund-der-usa\/#breadcrumb"},"inLanguage":"de","potentialAction":[{"@type":"ReadAction","target":["https:\/\/now-news.de\/de\/deutschland\/bestie-nato-von-europas-wachhund-zum-kampfhund-der-usa\/"]}]},{"@type":"ImageObject","inLanguage":"de","@id":"https:\/\/now-news.de\/de\/deutschland\/bestie-nato-von-europas-wachhund-zum-kampfhund-der-usa\/#primaryimage","url":"https:\/\/now-news.de\/de\/wp-content\/uploads\/sites\/3\/2022\/07\/Bestie-NATO-Von-Europas-Wachhund-zum-Kampfhund-der-USA.jpg","contentUrl":"https:\/\/now-news.de\/de\/wp-content\/uploads\/sites\/3\/2022\/07\/Bestie-NATO-Von-Europas-Wachhund-zum-Kampfhund-der-USA.jpg","width":460,"height":259,"caption":"Bestie NATO: Von Europas Wachhund zum Kampfhund der USA"},{"@type":"BreadcrumbList","@id":"https:\/\/now-news.de\/de\/deutschland\/bestie-nato-von-europas-wachhund-zum-kampfhund-der-usa\/#breadcrumb","itemListElement":[{"@type":"ListItem","position":1,"name":"Home","item":"https:\/\/now-news.de\/de\/"},{"@type":"ListItem","position":2,"name":"Bestie NATO: Von Europas Wachhund zum Kampfhund der USA"}]},{"@type":"WebSite","@id":"https:\/\/now-news.de\/de\/#website","url":"https:\/\/now-news.de\/de\/","name":"just-now.NEWS Deutschland","description":"Das Portal f\u00fcr unzensierte Nachrichten aus der Welt","publisher":{"@id":"https:\/\/now-news.de\/de\/#organization"},"potentialAction":[{"@type":"SearchAction","target":{"@type":"EntryPoint","urlTemplate":"https:\/\/now-news.de\/de\/?s={search_term_string}"},"query-input":"required name=search_term_string"}],"inLanguage":"de"},{"@type":"Organization","@id":"https:\/\/now-news.de\/de\/#organization","name":"Just Now News","url":"https:\/\/now-news.de\/de\/","logo":{"@type":"ImageObject","inLanguage":"de","@id":"https:\/\/now-news.de\/de\/#\/schema\/logo\/image\/","url":"http:\/\/just-now.news\/de\/wp-content\/uploads\/sites\/3\/2022\/04\/logo500x500.jpg","contentUrl":"http:\/\/just-now.news\/de\/wp-content\/uploads\/sites\/3\/2022\/04\/logo500x500.jpg","width":500,"height":500,"caption":"Just Now News"},"image":{"@id":"https:\/\/now-news.de\/de\/#\/schema\/logo\/image\/"},"sameAs":["https:\/\/www.facebook.com\/wirmachenauf","https:\/\/x.com\/WirMachenAuf_de"]},{"@type":"Person","@id":"https:\/\/now-news.de\/de\/#\/schema\/person\/fb534a4e865501d8b3285208df34a9b5","name":"rtnews","image":{"@type":"ImageObject","inLanguage":"de","@id":"https:\/\/now-news.de\/de\/#\/schema\/person\/image\/","url":"https:\/\/secure.gravatar.com\/avatar\/82aafea7d8127119dd649515f56e2117?s=96&d=mm&r=g","contentUrl":"https:\/\/secure.gravatar.com\/avatar\/82aafea7d8127119dd649515f56e2117?s=96&d=mm&r=g","caption":"rtnews"},"url":"https:\/\/now-news.de\/de\/author\/rnews\/"}]}},"_links":{"self":[{"href":"https:\/\/now-news.de\/de\/wp-json\/wp\/v2\/posts\/12705"}],"collection":[{"href":"https:\/\/now-news.de\/de\/wp-json\/wp\/v2\/posts"}],"about":[{"href":"https:\/\/now-news.de\/de\/wp-json\/wp\/v2\/types\/post"}],"author":[{"embeddable":true,"href":"https:\/\/now-news.de\/de\/wp-json\/wp\/v2\/users\/3"}],"replies":[{"embeddable":true,"href":"https:\/\/now-news.de\/de\/wp-json\/wp\/v2\/comments?post=12705"}],"version-history":[{"count":0,"href":"https:\/\/now-news.de\/de\/wp-json\/wp\/v2\/posts\/12705\/revisions"}],"wp:featuredmedia":[{"embeddable":true,"href":"https:\/\/now-news.de\/de\/wp-json\/wp\/v2\/media\/12706"}],"wp:attachment":[{"href":"https:\/\/now-news.de\/de\/wp-json\/wp\/v2\/media?parent=12705"}],"wp:term":[{"taxonomy":"category","embeddable":true,"href":"https:\/\/now-news.de\/de\/wp-json\/wp\/v2\/categories?post=12705"},{"taxonomy":"post_tag","embeddable":true,"href":"https:\/\/now-news.de\/de\/wp-json\/wp\/v2\/tags?post=12705"}],"curies":[{"name":"wp","href":"https:\/\/api.w.org\/{rel}","templated":true}]}}