{"id":12673,"date":"2022-07-03T14:09:35","date_gmt":"2022-07-03T12:09:35","guid":{"rendered":"http:\/\/just-now.news\/de\/china\/der-organraub-an-falun-gong-anhaengern-sollte-im-mittelpunkt-der-menschenrechtsgespraeche-mit-china-stehen-befuerworter\/"},"modified":"2022-07-03T14:09:35","modified_gmt":"2022-07-03T12:09:35","slug":"der-organraub-an-falun-gong-anhaengern-sollte-im-mittelpunkt-der-menschenrechtsgespraeche-mit-china-stehen-befuerworter","status":"publish","type":"post","link":"https:\/\/now-news.de\/de\/china\/der-organraub-an-falun-gong-anhaengern-sollte-im-mittelpunkt-der-menschenrechtsgespraeche-mit-china-stehen-befuerworter\/","title":{"rendered":"Der Organraub an Falun Gong-Anh\u00e4ngern sollte im Mittelpunkt der Menschenrechtsgespr\u00e4che mit China stehen: Bef\u00fcrworter"},"content":{"rendered":"<div>\n<p>Der 20. Juli markiert das 23. Jahr der Verfolgung von Falun Gong, einer spirituellen Disziplin mit meditativen \u00dcbungen und moralischen Lehren, durch das chinesische Regime.<\/p>\n<p>Es wurde in den 1990er Jahren immer beliebter, bis zum Ende des Jahrzehnts praktizierten bis zu 100 Millionen Menschen in China.  Das chinesische Regime erkannte dies als Bedrohung und startete 1999 eine landesweite Kampagne, um diese Praxis auszurotten.<\/p>\n<p>Millionen von Falun Gong-Praktizierenden wurden in Gef\u00e4ngnissen und Haftanstalten im ganzen Land eingesperrt, wo sie Folter und Organraub ausgesetzt sind.<\/p>\n<p>Der Organraub an Falun Gong-Praktizierenden sollte im Mittelpunkt stehen, wenn es um Menschenrechtsfragen mit China geht, so f\u00fchrende Menschenrechtsaktivisten, die vom 28. bis 30. Juni am International Religious Freedom Summit 2022 in Washington teilnehmen.<\/p>\n<p>\u201eWir m\u00fcssen uns zuallererst darauf konzentrieren, [because] es ist eines der entsetzlichsten Verbrechen, die man sich vorstellen kann\u201c, sagte Katrina Lantos Swett, ehemalige Vorsitzende des US-Ausschusses f\u00fcr internationale Religionsfreiheit (USCIRF), gegen\u00fcber dem Programm \u201eChina Insider\u201c von NTD.<\/p>\n<p>\u201eAber es ist auch sehr konkret.  Es ist etwas f\u00fcr die Leute, wenn sie davon h\u00f6ren [will get] schockiert und angewidert\u201c, f\u00fcgte Swett hinzu.<\/p>\n<p>Laut Swett beziehen sich die Menschen, wenn sie von dem gruseligen Verbrechen h\u00f6ren, auf die Tatsache, dass \u201eihre medizinischen Fakult\u00e4ten, ihre Krankenh\u00e4user indirekt mitschuldig sein k\u00f6nnten, weil sie chinesische \u00c4rzte ausbilden und mit ihnen an Programmen teilnehmen\u201c.<\/p>\n<p>\u201eEs kann dazu f\u00fchren, dass die Menschen ihre moralische Emp\u00f6rung steigern \u2026 und besser darauf vorbereitet sind, sich wirklich auf die gesamte Bandbreite der Missbr\u00e4uche in China zu konzentrieren\u201c, betonte sie.<\/p>\n<p>Lord David Alton vom britischen House of Lords bezeichnete die Praxis ebenfalls als emp\u00f6rend und sagte, dass er zusammen mit seinen Kollegen aus allen Parteilinien an Gesetzen gearbeitet habe, um h\u00e4rtere Strafen f\u00fcr jeden einzuf\u00fchren, der am Organraub beteiligt sei.<\/p>\n<p>\u201eEs f\u00fchrt dazu, dass die Menschen davon abgehalten werden, daf\u00fcr zu reisen [organ transplant] aus dem Vereinigten K\u00f6nigreich\u201c, sagte Alton.<\/p>\n<figure id=\"attachment_4574102\" style=\"width: 640px\" class=\"wp-caption alignnone\"> Katrina Lantos Swett, stellvertretende Vorsitzende der US-Kommission f\u00fcr internationale Religionsfreiheit, spricht w\u00e4hrend einer Anh\u00f6rung der Tom Lantos-Menschenrechtskommission zum Thema \u201eThe Plight of Religious Minorities in India\u201c auf dem Capitol Hill in Washington am 4. April 2014. (Nicholas Kamm \/AFP \u00fcber Getty Images)<\/figure>\n<h2>Nicht Chinas internes Problem<\/h2>\n<p>Swett wies die Rhetorik des chinesischen Regimes zur\u00fcck, dass Menschenrechtsfragen sein innerstaatliches Problem seien und dass keine anderen L\u00e4nder eingreifen sollten.<\/p>\n<p>Sie zitierte die Allgemeine Erkl\u00e4rung der Menschenrechte der Vereinten Nationen und sagte: \u201eKein Land kann dem Rest der Welt sagen, wie wir unsere eigenen B\u00fcrger behandeln oder misshandeln, geht Sie nichts an.\u201c<\/p>\n<p>\u201eDie Rechte ihrer B\u00fcrger sind eine Frage des V\u00f6lkerrechts, nicht des chinesischen Rechts\u201c, f\u00fcgte sie hinzu.<\/p>\n<p>Nach Swetts Meinung entschuldigt sich Peking, \u201eweil sie es nicht m\u00f6gen, wenn ihre S\u00fcnden der Welt zur Schau gestellt werden\u201c.<\/p>\n<p>\u201eUnd sie unternehmen gro\u00dfe Anstrengungen, um andere unter Druck zu setzen und einzusch\u00fcchtern, damit sie das nicht tun.  Aber die blo\u00dfe Tatsache, dass sie so sensibel und so defensiv und so feindselig gegen\u00fcber jedem Versuch sind, die Wahrheit zu sagen, sagt uns, dass sie ein bisschen Angst davor haben, dass die Welt die Wahrheit erf\u00e4hrt\u201c, sagte Swett.<\/p>\n<p>Mary Beth Long, ehemalige stellvertretende US-Verteidigungsministerin f\u00fcr internationale Sicherheitsangelegenheiten, schloss sich ebenfalls Swetts Argumenten an.<\/p>\n<p>\u201eDie Art und Weise, wie China seine Menschenrechte behandelt, hat Auswirkungen auf die Sicherheit f\u00fcr uns alle\u201c, sagte Long.<\/p>\n<p>\u201eDiese k\u00fcnstlichen Linien von Innen und Au\u00dfen k\u00f6nnen wir als Menschen nicht kaufen, nicht wenn es um unsere grundlegenden Menschenrechte geht.  wie Religionsfreiheit\u201c, f\u00fcgte sie hinzu.<\/p>\n<figure id=\"attachment_4574103\" style=\"width: 640px\" class=\"wp-caption alignnone\"><img loading=\"lazy\" decoding=\"async\" class=\"lazy size-large wp-image-4574103\" src=\"http:\/\/just-now.news\/de\/wp-content\/uploads\/sites\/3\/2022\/07\/1656851641_38_Der-Organraub-an-Falun-Gong-Anhaengern-sollte-im-Mittelpunkt-der-Menschenrechtsgespraeche.jpg\" alt=\"Epoch Times Foto\" width=\"640\" height=\"437\"> Mary Beth Long (C), stellvertretende stellvertretende Verteidigungsministerin f\u00fcr internationale Sicherheitsangelegenheiten, und Commander, Combined Forces Command \u2013 Afghanistan Generalleutnant Karl Eikenberry h\u00f6ren Karen Tandy, Administratorin der Drug Enforcement Agency, zu, wie sie vor dem House Armed Services Committee \u00fcber den Status aussagt Sicherheit und Schutz in Afghanistan, in Washington am 28. Juni 2006. (Joshua Roberts\/Getty Images)<\/figure>\n<h2>Aufruf zum Handeln<\/h2>\n<p>Swett forderte die F\u00fchrer auf der ganzen Welt au\u00dferdem auf, Ma\u00dfnahmen gegen Menschenrechtsverbrechen im Allgemeinen und insbesondere gegen die Verfolgung von Falun Gong-Anh\u00e4ngern durch das chinesische Regime zu ergreifen.<\/p>\n<p>\u201eWir brauchen mehr Regierungsf\u00fchrer auf h\u00f6chster Ebene, die \u00fcber diese Verfolgung sprechen, sie anprangern und China zur Rechenschaft ziehen\u201c, sagte sie.<\/p>\n<p>Nadine Maenza, ehemalige USCIRF-Kommissarin, teilte die gleiche Ansicht und sagte: \u201eDie US-Regierung muss jeden Hebel nutzen, den sie hat, um gegen China vorzugehen und die Menschenrechte einzubringen, um andere L\u00e4nder mit einzubeziehen.\u201c<\/p>\n<p>\u201eWir k\u00f6nnten \u2026 Religionsfreiheit, Menschenrechte an au\u00dfenpolitische Ziele binden\u201c, f\u00fcgte sie hinzu.<\/p>\n<p>\u201eWir sind sicherer, wenn Religionsfreiheit und Menschenrechte weltweit besser sind.  Und wenn sich die Dinge verschlechtern und weiter verschlechtern, f\u00fchrt dies zu allen m\u00f6glichen Konflikten auf der ganzen Welt, mit denen wir uns auseinandersetzen m\u00fcssen.\u201c<\/p>\n<p>In der Zwischenzeit schlug Long vor, die Menschenrechte des chinesischen Regimes in die nationale Sicherheitsstrategie der Vereinigten Staaten zu integrieren.<\/p>\n<p>\u201eDas ist nicht verhandelbar und sollte im Rahmen unserer nationalen Sicherheit oder unserer Politik niemals verhandelbar sein\u201c, sagte sie.<\/p>\n<p>\u201eSollte China sich daf\u00fcr entscheiden, einen positiven Beitrag im globalen Arbeitsumfeld zu leisten, muss es dieses Grundrecht anerkennen, wie sich dies auf unsere Wirtschaftsbeziehungen, Handelsbeziehungen und unsere Beteiligung an den sportlichen Aktivit\u00e4ten der anderen auswirkt\u201c, sagte Long.<\/p>\n<p>\u201eSobald Sie ein unverantwortlicher internationaler Akteur wie Nordkorea werden und die Werte nicht sch\u00fctzen k\u00f6nnen, die ein wesentlicher Bestandteil unseres Daseins auf dieser Erde sind, m\u00fcssen Sie isoliert werden\u201c, f\u00fcgte sie hinzu.<\/p>\n<\/div>\n<p><br \/>\n<b> Text ist eine \u00dcbersetzung vom Epoch Times Artikel:<\/p>\n<p><a href=\"https:\/\/www.theepochtimes.com\/forced-organ-harvesting-of-falun-gong-adherents-should-be-focus-in-human-rights-talks-with-china-advocates_4573527.html\">Source link <\/a><\/p>\n","protected":false},"excerpt":{"rendered":"<p>Der 20. Juli markiert das 23. Jahr der Verfolgung von Falun Gong, einer spirituellen Disziplin mit meditativen \u00dcbungen und moralischen Lehren, durch das chinesische Regime. Es wurde in den 1990er Jahren immer beliebter, bis zum Ende des Jahrzehnts praktizierten bis zu 100 Millionen Menschen in China. Das chinesische Regime erkannte dies als Bedrohung und startete [&hellip;]<\/p>\n","protected":false},"author":6,"featured_media":12674,"comment_status":"open","ping_status":"open","sticky":false,"template":"","format":"standard","meta":{"wp_automatic_camp":["1164"],"bd6eba0c098c5668fff7fc696adc456c":["Der Organraub an Falun Gong-Anh\u00e4ngern sollte im Mittelpunkt der Menschenrechtsgespr\u00e4che mit China stehen: Bef\u00fcrworter\n"],"original_link":["https:\/\/www.theepochtimes.com\/forced-organ-harvesting-of-falun-gong-adherents-should-be-focus-in-human-rights-talks-with-china-advocates_4573527.html"],"_thumbnail_id":["12674"],"wp_automatic_remove_first_image":["yes"],"jnews_social_counter_last_update":["1777611961"]},"categories":[21],"tags":[25183,192,82,7238,26660,26662,419,26661,21151,3590,2198],"yoast_head":"<!-- This site is optimized with the Yoast SEO Premium plugin v22.7 (Yoast SEO v22.7) - https:\/\/yoast.com\/wordpress\/plugins\/seo\/ -->\n<title>Der Organraub an Falun Gong-Anh\u00e4ngern sollte im Mittelpunkt der Menschenrechtsgespr\u00e4che mit China stehen: Bef\u00fcrworter - just-now.NEWS Deutschland<\/title>\n<meta name=\"robots\" content=\"index, follow, max-snippet:-1, max-image-preview:large, max-video-preview:-1\" \/>\n<link rel=\"canonical\" href=\"https:\/\/now-news.de\/de\/china\/der-organraub-an-falun-gong-anhaengern-sollte-im-mittelpunkt-der-menschenrechtsgespraeche-mit-china-stehen-befuerworter\/\" \/>\n<meta property=\"og:locale\" content=\"de_DE\" \/>\n<meta property=\"og:type\" content=\"article\" \/>\n<meta property=\"og:title\" content=\"Der Organraub an Falun Gong-Anh\u00e4ngern sollte im Mittelpunkt der Menschenrechtsgespr\u00e4che mit China stehen: Bef\u00fcrworter\" \/>\n<meta property=\"og:description\" content=\"Der 20. Juli markiert das 23. Jahr der Verfolgung von Falun Gong, einer spirituellen Disziplin mit meditativen \u00dcbungen und moralischen Lehren, durch das chinesische Regime. Es wurde in den 1990er Jahren immer beliebter, bis zum Ende des Jahrzehnts praktizierten bis zu 100 Millionen Menschen in China. Das chinesische Regime erkannte dies als Bedrohung und startete [&hellip;]\" \/>\n<meta property=\"og:url\" content=\"https:\/\/now-news.de\/de\/china\/der-organraub-an-falun-gong-anhaengern-sollte-im-mittelpunkt-der-menschenrechtsgespraeche-mit-china-stehen-befuerworter\/\" \/>\n<meta property=\"og:site_name\" content=\"just-now.NEWS Deutschland\" \/>\n<meta property=\"article:publisher\" content=\"https:\/\/www.facebook.com\/wirmachenauf\" \/>\n<meta property=\"article:published_time\" content=\"2022-07-03T12:09:35+00:00\" \/>\n<meta property=\"og:image\" content=\"https:\/\/now-news.de\/de\/wp-content\/uploads\/sites\/3\/2022\/07\/1656851643_Der-Organraub-an-Falun-Gong-Anhaengern-sollte-im-Mittelpunkt-der-Menschenrechtsgespraeche.jpg\" \/>\n\t<meta property=\"og:image:width\" content=\"1200\" \/>\n\t<meta property=\"og:image:height\" content=\"731\" \/>\n\t<meta property=\"og:image:type\" content=\"image\/jpeg\" \/>\n<meta name=\"author\" content=\"epoch\" \/>\n<meta name=\"twitter:card\" content=\"summary_large_image\" \/>\n<meta name=\"twitter:creator\" content=\"@WirMachenAuf_de\" \/>\n<meta name=\"twitter:site\" content=\"@WirMachenAuf_de\" \/>\n<meta name=\"twitter:label1\" content=\"Verfasst von\" \/>\n\t<meta name=\"twitter:data1\" content=\"epoch\" \/>\n\t<meta name=\"twitter:label2\" content=\"Gesch\u00e4tzte Lesezeit\" \/>\n\t<meta name=\"twitter:data2\" content=\"5\u00a0Minuten\" \/>\n<script type=\"application\/ld+json\" class=\"yoast-schema-graph\">{\"@context\":\"https:\/\/schema.org\",\"@graph\":[{\"@type\":\"Article\",\"@id\":\"https:\/\/now-news.de\/de\/china\/der-organraub-an-falun-gong-anhaengern-sollte-im-mittelpunkt-der-menschenrechtsgespraeche-mit-china-stehen-befuerworter\/#article\",\"isPartOf\":{\"@id\":\"https:\/\/now-news.de\/de\/china\/der-organraub-an-falun-gong-anhaengern-sollte-im-mittelpunkt-der-menschenrechtsgespraeche-mit-china-stehen-befuerworter\/\"},\"author\":{\"name\":\"epoch\",\"@id\":\"https:\/\/now-news.de\/de\/#\/schema\/person\/c6dfcd35a72a074487761b9d49aef52f\"},\"headline\":\"Der Organraub an Falun Gong-Anh\u00e4ngern sollte im Mittelpunkt der Menschenrechtsgespr\u00e4che mit China stehen: Bef\u00fcrworter\",\"datePublished\":\"2022-07-03T12:09:35+00:00\",\"dateModified\":\"2022-07-03T12:09:35+00:00\",\"mainEntityOfPage\":{\"@id\":\"https:\/\/now-news.de\/de\/china\/der-organraub-an-falun-gong-anhaengern-sollte-im-mittelpunkt-der-menschenrechtsgespraeche-mit-china-stehen-befuerworter\/\"},\"wordCount\":934,\"commentCount\":0,\"publisher\":{\"@id\":\"https:\/\/now-news.de\/de\/#organization\"},\"image\":{\"@id\":\"https:\/\/now-news.de\/de\/china\/der-organraub-an-falun-gong-anhaengern-sollte-im-mittelpunkt-der-menschenrechtsgespraeche-mit-china-stehen-befuerworter\/#primaryimage\"},\"thumbnailUrl\":\"https:\/\/now-news.de\/de\/wp-content\/uploads\/sites\/3\/2022\/07\/1656851643_Der-Organraub-an-Falun-Gong-Anhaengern-sollte-im-Mittelpunkt-der-Menschenrechtsgespraeche.jpg\",\"keywords\":[\"Bef\u00fcrworter\",\"China\",\"der\",\"Falun\",\"GongAnh\u00e4ngern\",\"Menschenrechtsgespr\u00e4che\",\"mit\",\"Mittelpunkt\",\"Organraub\",\"sollte\",\"stehen\"],\"articleSection\":[\"China\"],\"inLanguage\":\"de\",\"potentialAction\":[{\"@type\":\"CommentAction\",\"name\":\"Comment\",\"target\":[\"https:\/\/now-news.de\/de\/china\/der-organraub-an-falun-gong-anhaengern-sollte-im-mittelpunkt-der-menschenrechtsgespraeche-mit-china-stehen-befuerworter\/#respond\"]}]},{\"@type\":\"WebPage\",\"@id\":\"https:\/\/now-news.de\/de\/china\/der-organraub-an-falun-gong-anhaengern-sollte-im-mittelpunkt-der-menschenrechtsgespraeche-mit-china-stehen-befuerworter\/\",\"url\":\"https:\/\/now-news.de\/de\/china\/der-organraub-an-falun-gong-anhaengern-sollte-im-mittelpunkt-der-menschenrechtsgespraeche-mit-china-stehen-befuerworter\/\",\"name\":\"Der Organraub an Falun Gong-Anh\u00e4ngern sollte im Mittelpunkt der Menschenrechtsgespr\u00e4che mit China stehen: Bef\u00fcrworter - just-now.NEWS Deutschland\",\"isPartOf\":{\"@id\":\"https:\/\/now-news.de\/de\/#website\"},\"primaryImageOfPage\":{\"@id\":\"https:\/\/now-news.de\/de\/china\/der-organraub-an-falun-gong-anhaengern-sollte-im-mittelpunkt-der-menschenrechtsgespraeche-mit-china-stehen-befuerworter\/#primaryimage\"},\"image\":{\"@id\":\"https:\/\/now-news.de\/de\/china\/der-organraub-an-falun-gong-anhaengern-sollte-im-mittelpunkt-der-menschenrechtsgespraeche-mit-china-stehen-befuerworter\/#primaryimage\"},\"thumbnailUrl\":\"https:\/\/now-news.de\/de\/wp-content\/uploads\/sites\/3\/2022\/07\/1656851643_Der-Organraub-an-Falun-Gong-Anhaengern-sollte-im-Mittelpunkt-der-Menschenrechtsgespraeche.jpg\",\"datePublished\":\"2022-07-03T12:09:35+00:00\",\"dateModified\":\"2022-07-03T12:09:35+00:00\",\"breadcrumb\":{\"@id\":\"https:\/\/now-news.de\/de\/china\/der-organraub-an-falun-gong-anhaengern-sollte-im-mittelpunkt-der-menschenrechtsgespraeche-mit-china-stehen-befuerworter\/#breadcrumb\"},\"inLanguage\":\"de\",\"potentialAction\":[{\"@type\":\"ReadAction\",\"target\":[\"https:\/\/now-news.de\/de\/china\/der-organraub-an-falun-gong-anhaengern-sollte-im-mittelpunkt-der-menschenrechtsgespraeche-mit-china-stehen-befuerworter\/\"]}]},{\"@type\":\"ImageObject\",\"inLanguage\":\"de\",\"@id\":\"https:\/\/now-news.de\/de\/china\/der-organraub-an-falun-gong-anhaengern-sollte-im-mittelpunkt-der-menschenrechtsgespraeche-mit-china-stehen-befuerworter\/#primaryimage\",\"url\":\"https:\/\/now-news.de\/de\/wp-content\/uploads\/sites\/3\/2022\/07\/1656851643_Der-Organraub-an-Falun-Gong-Anhaengern-sollte-im-Mittelpunkt-der-Menschenrechtsgespraeche.jpg\",\"contentUrl\":\"https:\/\/now-news.de\/de\/wp-content\/uploads\/sites\/3\/2022\/07\/1656851643_Der-Organraub-an-Falun-Gong-Anhaengern-sollte-im-Mittelpunkt-der-Menschenrechtsgespraeche.jpg\",\"width\":1200,\"height\":731},{\"@type\":\"BreadcrumbList\",\"@id\":\"https:\/\/now-news.de\/de\/china\/der-organraub-an-falun-gong-anhaengern-sollte-im-mittelpunkt-der-menschenrechtsgespraeche-mit-china-stehen-befuerworter\/#breadcrumb\",\"itemListElement\":[{\"@type\":\"ListItem\",\"position\":1,\"name\":\"Home\",\"item\":\"https:\/\/now-news.de\/de\/\"},{\"@type\":\"ListItem\",\"position\":2,\"name\":\"Der Organraub an Falun Gong-Anh\u00e4ngern sollte im Mittelpunkt der Menschenrechtsgespr\u00e4che mit China stehen: Bef\u00fcrworter\"}]},{\"@type\":\"WebSite\",\"@id\":\"https:\/\/now-news.de\/de\/#website\",\"url\":\"https:\/\/now-news.de\/de\/\",\"name\":\"just-now.NEWS Deutschland\",\"description\":\"Das Portal f\u00fcr unzensierte Nachrichten aus der Welt\",\"publisher\":{\"@id\":\"https:\/\/now-news.de\/de\/#organization\"},\"potentialAction\":[{\"@type\":\"SearchAction\",\"target\":{\"@type\":\"EntryPoint\",\"urlTemplate\":\"https:\/\/now-news.de\/de\/?s={search_term_string}\"},\"query-input\":\"required name=search_term_string\"}],\"inLanguage\":\"de\"},{\"@type\":\"Organization\",\"@id\":\"https:\/\/now-news.de\/de\/#organization\",\"name\":\"Just Now News\",\"url\":\"https:\/\/now-news.de\/de\/\",\"logo\":{\"@type\":\"ImageObject\",\"inLanguage\":\"de\",\"@id\":\"https:\/\/now-news.de\/de\/#\/schema\/logo\/image\/\",\"url\":\"http:\/\/just-now.news\/de\/wp-content\/uploads\/sites\/3\/2022\/04\/logo500x500.jpg\",\"contentUrl\":\"http:\/\/just-now.news\/de\/wp-content\/uploads\/sites\/3\/2022\/04\/logo500x500.jpg\",\"width\":500,\"height\":500,\"caption\":\"Just Now News\"},\"image\":{\"@id\":\"https:\/\/now-news.de\/de\/#\/schema\/logo\/image\/\"},\"sameAs\":[\"https:\/\/www.facebook.com\/wirmachenauf\",\"https:\/\/x.com\/WirMachenAuf_de\"]},{\"@type\":\"Person\",\"@id\":\"https:\/\/now-news.de\/de\/#\/schema\/person\/c6dfcd35a72a074487761b9d49aef52f\",\"name\":\"epoch\",\"image\":{\"@type\":\"ImageObject\",\"inLanguage\":\"de\",\"@id\":\"https:\/\/now-news.de\/de\/#\/schema\/person\/image\/\",\"url\":\"https:\/\/secure.gravatar.com\/avatar\/56933836307948e61ef581cc4d100335?s=96&d=mm&r=g\",\"contentUrl\":\"https:\/\/secure.gravatar.com\/avatar\/56933836307948e61ef581cc4d100335?s=96&d=mm&r=g\",\"caption\":\"epoch\"},\"url\":\"https:\/\/now-news.de\/de\/author\/epoch\/\"}]}<\/script>\n<!-- \/ Yoast SEO Premium plugin. -->","yoast_head_json":{"title":"Der Organraub an Falun Gong-Anh\u00e4ngern sollte im Mittelpunkt der Menschenrechtsgespr\u00e4che mit China stehen: Bef\u00fcrworter - just-now.NEWS Deutschland","robots":{"index":"index","follow":"follow","max-snippet":"max-snippet:-1","max-image-preview":"max-image-preview:large","max-video-preview":"max-video-preview:-1"},"canonical":"https:\/\/now-news.de\/de\/china\/der-organraub-an-falun-gong-anhaengern-sollte-im-mittelpunkt-der-menschenrechtsgespraeche-mit-china-stehen-befuerworter\/","og_locale":"de_DE","og_type":"article","og_title":"Der Organraub an Falun Gong-Anh\u00e4ngern sollte im Mittelpunkt der Menschenrechtsgespr\u00e4che mit China stehen: Bef\u00fcrworter","og_description":"Der 20. Juli markiert das 23. Jahr der Verfolgung von Falun Gong, einer spirituellen Disziplin mit meditativen \u00dcbungen und moralischen Lehren, durch das chinesische Regime. Es wurde in den 1990er Jahren immer beliebter, bis zum Ende des Jahrzehnts praktizierten bis zu 100 Millionen Menschen in China. Das chinesische Regime erkannte dies als Bedrohung und startete [&hellip;]","og_url":"https:\/\/now-news.de\/de\/china\/der-organraub-an-falun-gong-anhaengern-sollte-im-mittelpunkt-der-menschenrechtsgespraeche-mit-china-stehen-befuerworter\/","og_site_name":"just-now.NEWS Deutschland","article_publisher":"https:\/\/www.facebook.com\/wirmachenauf","article_published_time":"2022-07-03T12:09:35+00:00","og_image":[{"width":1200,"height":731,"url":"https:\/\/now-news.de\/de\/wp-content\/uploads\/sites\/3\/2022\/07\/1656851643_Der-Organraub-an-Falun-Gong-Anhaengern-sollte-im-Mittelpunkt-der-Menschenrechtsgespraeche.jpg","type":"image\/jpeg"}],"author":"epoch","twitter_card":"summary_large_image","twitter_creator":"@WirMachenAuf_de","twitter_site":"@WirMachenAuf_de","twitter_misc":{"Verfasst von":"epoch","Gesch\u00e4tzte Lesezeit":"5\u00a0Minuten"},"schema":{"@context":"https:\/\/schema.org","@graph":[{"@type":"Article","@id":"https:\/\/now-news.de\/de\/china\/der-organraub-an-falun-gong-anhaengern-sollte-im-mittelpunkt-der-menschenrechtsgespraeche-mit-china-stehen-befuerworter\/#article","isPartOf":{"@id":"https:\/\/now-news.de\/de\/china\/der-organraub-an-falun-gong-anhaengern-sollte-im-mittelpunkt-der-menschenrechtsgespraeche-mit-china-stehen-befuerworter\/"},"author":{"name":"epoch","@id":"https:\/\/now-news.de\/de\/#\/schema\/person\/c6dfcd35a72a074487761b9d49aef52f"},"headline":"Der Organraub an Falun Gong-Anh\u00e4ngern sollte im Mittelpunkt der Menschenrechtsgespr\u00e4che mit China stehen: Bef\u00fcrworter","datePublished":"2022-07-03T12:09:35+00:00","dateModified":"2022-07-03T12:09:35+00:00","mainEntityOfPage":{"@id":"https:\/\/now-news.de\/de\/china\/der-organraub-an-falun-gong-anhaengern-sollte-im-mittelpunkt-der-menschenrechtsgespraeche-mit-china-stehen-befuerworter\/"},"wordCount":934,"commentCount":0,"publisher":{"@id":"https:\/\/now-news.de\/de\/#organization"},"image":{"@id":"https:\/\/now-news.de\/de\/china\/der-organraub-an-falun-gong-anhaengern-sollte-im-mittelpunkt-der-menschenrechtsgespraeche-mit-china-stehen-befuerworter\/#primaryimage"},"thumbnailUrl":"https:\/\/now-news.de\/de\/wp-content\/uploads\/sites\/3\/2022\/07\/1656851643_Der-Organraub-an-Falun-Gong-Anhaengern-sollte-im-Mittelpunkt-der-Menschenrechtsgespraeche.jpg","keywords":["Bef\u00fcrworter","China","der","Falun","GongAnh\u00e4ngern","Menschenrechtsgespr\u00e4che","mit","Mittelpunkt","Organraub","sollte","stehen"],"articleSection":["China"],"inLanguage":"de","potentialAction":[{"@type":"CommentAction","name":"Comment","target":["https:\/\/now-news.de\/de\/china\/der-organraub-an-falun-gong-anhaengern-sollte-im-mittelpunkt-der-menschenrechtsgespraeche-mit-china-stehen-befuerworter\/#respond"]}]},{"@type":"WebPage","@id":"https:\/\/now-news.de\/de\/china\/der-organraub-an-falun-gong-anhaengern-sollte-im-mittelpunkt-der-menschenrechtsgespraeche-mit-china-stehen-befuerworter\/","url":"https:\/\/now-news.de\/de\/china\/der-organraub-an-falun-gong-anhaengern-sollte-im-mittelpunkt-der-menschenrechtsgespraeche-mit-china-stehen-befuerworter\/","name":"Der Organraub an Falun Gong-Anh\u00e4ngern sollte im Mittelpunkt der Menschenrechtsgespr\u00e4che mit China stehen: Bef\u00fcrworter - just-now.NEWS Deutschland","isPartOf":{"@id":"https:\/\/now-news.de\/de\/#website"},"primaryImageOfPage":{"@id":"https:\/\/now-news.de\/de\/china\/der-organraub-an-falun-gong-anhaengern-sollte-im-mittelpunkt-der-menschenrechtsgespraeche-mit-china-stehen-befuerworter\/#primaryimage"},"image":{"@id":"https:\/\/now-news.de\/de\/china\/der-organraub-an-falun-gong-anhaengern-sollte-im-mittelpunkt-der-menschenrechtsgespraeche-mit-china-stehen-befuerworter\/#primaryimage"},"thumbnailUrl":"https:\/\/now-news.de\/de\/wp-content\/uploads\/sites\/3\/2022\/07\/1656851643_Der-Organraub-an-Falun-Gong-Anhaengern-sollte-im-Mittelpunkt-der-Menschenrechtsgespraeche.jpg","datePublished":"2022-07-03T12:09:35+00:00","dateModified":"2022-07-03T12:09:35+00:00","breadcrumb":{"@id":"https:\/\/now-news.de\/de\/china\/der-organraub-an-falun-gong-anhaengern-sollte-im-mittelpunkt-der-menschenrechtsgespraeche-mit-china-stehen-befuerworter\/#breadcrumb"},"inLanguage":"de","potentialAction":[{"@type":"ReadAction","target":["https:\/\/now-news.de\/de\/china\/der-organraub-an-falun-gong-anhaengern-sollte-im-mittelpunkt-der-menschenrechtsgespraeche-mit-china-stehen-befuerworter\/"]}]},{"@type":"ImageObject","inLanguage":"de","@id":"https:\/\/now-news.de\/de\/china\/der-organraub-an-falun-gong-anhaengern-sollte-im-mittelpunkt-der-menschenrechtsgespraeche-mit-china-stehen-befuerworter\/#primaryimage","url":"https:\/\/now-news.de\/de\/wp-content\/uploads\/sites\/3\/2022\/07\/1656851643_Der-Organraub-an-Falun-Gong-Anhaengern-sollte-im-Mittelpunkt-der-Menschenrechtsgespraeche.jpg","contentUrl":"https:\/\/now-news.de\/de\/wp-content\/uploads\/sites\/3\/2022\/07\/1656851643_Der-Organraub-an-Falun-Gong-Anhaengern-sollte-im-Mittelpunkt-der-Menschenrechtsgespraeche.jpg","width":1200,"height":731},{"@type":"BreadcrumbList","@id":"https:\/\/now-news.de\/de\/china\/der-organraub-an-falun-gong-anhaengern-sollte-im-mittelpunkt-der-menschenrechtsgespraeche-mit-china-stehen-befuerworter\/#breadcrumb","itemListElement":[{"@type":"ListItem","position":1,"name":"Home","item":"https:\/\/now-news.de\/de\/"},{"@type":"ListItem","position":2,"name":"Der Organraub an Falun Gong-Anh\u00e4ngern sollte im Mittelpunkt der Menschenrechtsgespr\u00e4che mit China stehen: Bef\u00fcrworter"}]},{"@type":"WebSite","@id":"https:\/\/now-news.de\/de\/#website","url":"https:\/\/now-news.de\/de\/","name":"just-now.NEWS Deutschland","description":"Das Portal f\u00fcr unzensierte Nachrichten aus der Welt","publisher":{"@id":"https:\/\/now-news.de\/de\/#organization"},"potentialAction":[{"@type":"SearchAction","target":{"@type":"EntryPoint","urlTemplate":"https:\/\/now-news.de\/de\/?s={search_term_string}"},"query-input":"required name=search_term_string"}],"inLanguage":"de"},{"@type":"Organization","@id":"https:\/\/now-news.de\/de\/#organization","name":"Just Now News","url":"https:\/\/now-news.de\/de\/","logo":{"@type":"ImageObject","inLanguage":"de","@id":"https:\/\/now-news.de\/de\/#\/schema\/logo\/image\/","url":"http:\/\/just-now.news\/de\/wp-content\/uploads\/sites\/3\/2022\/04\/logo500x500.jpg","contentUrl":"http:\/\/just-now.news\/de\/wp-content\/uploads\/sites\/3\/2022\/04\/logo500x500.jpg","width":500,"height":500,"caption":"Just Now News"},"image":{"@id":"https:\/\/now-news.de\/de\/#\/schema\/logo\/image\/"},"sameAs":["https:\/\/www.facebook.com\/wirmachenauf","https:\/\/x.com\/WirMachenAuf_de"]},{"@type":"Person","@id":"https:\/\/now-news.de\/de\/#\/schema\/person\/c6dfcd35a72a074487761b9d49aef52f","name":"epoch","image":{"@type":"ImageObject","inLanguage":"de","@id":"https:\/\/now-news.de\/de\/#\/schema\/person\/image\/","url":"https:\/\/secure.gravatar.com\/avatar\/56933836307948e61ef581cc4d100335?s=96&d=mm&r=g","contentUrl":"https:\/\/secure.gravatar.com\/avatar\/56933836307948e61ef581cc4d100335?s=96&d=mm&r=g","caption":"epoch"},"url":"https:\/\/now-news.de\/de\/author\/epoch\/"}]}},"_links":{"self":[{"href":"https:\/\/now-news.de\/de\/wp-json\/wp\/v2\/posts\/12673"}],"collection":[{"href":"https:\/\/now-news.de\/de\/wp-json\/wp\/v2\/posts"}],"about":[{"href":"https:\/\/now-news.de\/de\/wp-json\/wp\/v2\/types\/post"}],"author":[{"embeddable":true,"href":"https:\/\/now-news.de\/de\/wp-json\/wp\/v2\/users\/6"}],"replies":[{"embeddable":true,"href":"https:\/\/now-news.de\/de\/wp-json\/wp\/v2\/comments?post=12673"}],"version-history":[{"count":0,"href":"https:\/\/now-news.de\/de\/wp-json\/wp\/v2\/posts\/12673\/revisions"}],"wp:featuredmedia":[{"embeddable":true,"href":"https:\/\/now-news.de\/de\/wp-json\/wp\/v2\/media\/12674"}],"wp:attachment":[{"href":"https:\/\/now-news.de\/de\/wp-json\/wp\/v2\/media?parent=12673"}],"wp:term":[{"taxonomy":"category","embeddable":true,"href":"https:\/\/now-news.de\/de\/wp-json\/wp\/v2\/categories?post=12673"},{"taxonomy":"post_tag","embeddable":true,"href":"https:\/\/now-news.de\/de\/wp-json\/wp\/v2\/tags?post=12673"}],"curies":[{"name":"wp","href":"https:\/\/api.w.org\/{rel}","templated":true}]}}