{"id":12608,"date":"2022-07-02T18:47:01","date_gmt":"2022-07-02T16:47:01","guid":{"rendered":"http:\/\/just-now.news\/de\/deutschland\/evaluationsbericht-rki-chef-wieler-im-urlaub-minister-lauterbach-fand-das-gutachten-spannend\/"},"modified":"2022-07-02T18:47:01","modified_gmt":"2022-07-02T16:47:01","slug":"evaluationsbericht-rki-chef-wieler-im-urlaub-minister-lauterbach-fand-das-gutachten-spannend","status":"publish","type":"post","link":"https:\/\/now-news.de\/de\/deutschland\/evaluationsbericht-rki-chef-wieler-im-urlaub-minister-lauterbach-fand-das-gutachten-spannend\/","title":{"rendered":"Evaluationsbericht: RKI-Chef Wieler im Urlaub \u2013 Minister Lauterbach &quot;fand das Gutachten spannend&quot;"},"content":{"rendered":"<p><img decoding=\"async\" src=\"http:\/\/just-now.news\/de\/wp-content\/uploads\/sites\/3\/2022\/07\/62c00c80b480cc71eb10c478.jpg\" \/><\/p>\n<p><em>von Bernhard Loyen<\/em><\/p>\n<p>Seit gut zwei Jahren wird den B\u00fcrgern in diesem Land in beeindruckender Regelm\u00e4\u00dfigkeit vor Augen gef\u00fchrt, wie sich die kooperierende und ausf\u00fchrende Politik und Teile einer respektierten, also ausgesuchten und geduldeten Wissenschaft, ungeachtet nachweislich negativer (Aus)Wirkungen verordneter Ma\u00dfnahmen und Wirkstoffe, nur bedingt von dem sich dynamisierenden Leid der Menschen beeindrucken lassen.<\/p>\n<p>Der Ton hinsichtlich der dringlichen Notwendigkeit einer gesamtgesellschaftlichen Aufarbeitung der Coronakrise, versch\u00e4rfte sich in den zur\u00fcckliegenden Wochen \u2013 ausgehend von einer zunehmenden Zahl medialer Berichte \u00fcber massive Impfstoff-Nebenwirkungen, aber gerade auch \u00fcber das stille Leiden der Kinder und Jugendlichen, alleinerziehender Erwachsener, sozial-prek\u00e4rer Gesellschaftsgruppen bis hin zu den bekannten Auswirkungen der Ma\u00dfnahmen im Bereich von Pflege- und Altenheimen.\u00a0<\/p>\n<p>Der mit Spannung erwartete Bericht der Mitglieder der Sachverst\u00e4ndigenkommission wurde nun schlie\u00dflich am 1. Juli im Rahmen einer Pressekonferenz den politischen Entscheidern, in dem Fall dem Gesundheitsminister Karl Lauterbach, \u00fcberreicht. Irritierenderweise fehlte an diesem wichtigen Tag im politischen Berlin jedoch das Gesicht der zweitwichtigsten verantwortlichen Beh\u00f6rde in der Coronakrise neben dem Bundesgesundheitsministerium (BMG), Lothar Wieler, der Chef des Robert-Koch Instituts. Der <em>Welt<\/em>-Journalist Tim R\u00f6hn informierte am 1. Juli via Twitter, dass eine Interviewanfrage an Wieler, &#8220;der als Pr\u00e4sident des so scharf kritisierten RKI nat\u00fcrlich in der Verantwortung steht&#8221;, ergangen sei. Am Nachmittag folgte die erg\u00e4nzende <a rel=\"nofollow noopener\" target=\"_blank\" href=\"https:\/\/twitter.com\/Tim_Roehn\/status\/1542875187472994304\">Information<\/a>: &#8220;Aus dem Gespr\u00e4ch mit RKI-Pr\u00e4sident Wieler\u00a0wird nichts. Hat mir gesimst, er sei im Urlaub.&#8221;<\/p>\n<p>Irritierend, da Lothar Wieler sich r\u00fcckblickend ansonsten sehr\u00a0regelm\u00e4\u00dfig und ambitioniert in den R\u00e4umlichkeiten der Bundespressekonferenz zeigte, zum Mahnen, Warnen und Einstimmen auf weiterhin schwierige Zeiten im Land. Dabei hatte er sich fortlaufend auf Daten gest\u00fctzt, die jedoch laut Einsch\u00e4tzung der Mitglieder der Sachverst\u00e4ndigenkommission in der Gesamtbetrachtung so unzureichend sind, dass sie in das Gutachten nicht sinnbringend eingebunden werden konnten. So hei\u00dft es in einem <em>Welt<\/em>-Artikel zur Ver\u00f6ffentlichung:<\/p>\n<blockquote>\n<p><em>&#8220;In seiner Evaluierung der Corona-Politik in Deutschland \u00fcbt ein interdisziplin\u00e4rer Sachverst\u00e4ndigenausschuss tiefgreifende Kritik an den politischen Entscheidungstr\u00e4gern und dem Robert Koch-Institut (RKI).\u00a0Auf Dutzenden Seiten beschreiben die 18 Ratsmitglieder \u2013 darunter Juristen, Virologen und Naturwissenschaftler \u2013 die von Politik und Beh\u00f6rden zu verantwortende katastrophale Corona-Datenlage in Deutschland, die der Grund daf\u00fcr sei, dass man die meisten von der Politik verordneten Ma\u00dfnahmen nur unvollst\u00e4ndig habe bewerten k\u00f6nnen.&#8221;<\/em><\/p>\n<\/blockquote>\n<p>Das besonders scharf kritisierte RKI hat innerhalb der letzten 24 Stunden noch keinen einzigen Kommentar zu den dargelegten Kritikpunkten in dem Guthaben ver\u00f6ffentlicht, der Chef weilt im Urlaub, obwohl seit Ende April <a rel=\"nofollow noopener\" target=\"_blank\" href=\"https:\/\/www.bundestag.de\/presse\/hib\/kurzmeldungen-891630\">der Termin<\/a> zur Gutachten-Ver\u00f6ffentlichung bekannt war. Ein weiterer Skandal, bis dato ohne politische Kommentierung oder Konsequenz. Lediglich FDP-Vize Wolfgang Kubicki reagierte\u00a0dahingehend, dass er Minister Lauterbach (SPD) medial aufforderte, den &#8220;RKI-Pr\u00e4sidenten Lothar Wieler als Verantwortlichen dieser Misere&#8221; zu entlassen.<\/p>\n<p>Welcher B\u00fcrger hat die Kraft und Mu\u00dfe, die insgesamt 160 Seiten zu studieren? Zu einer Einsch\u00e4tzung, einer komprimierten Kurzdarlegung, schalten daher die den \u00f6ffentlich-rechtlichen Medien Auskunft gebenden Minister in entsprechende Sendungen. So\u00a0erf\u00e4hrt der B\u00fcrger nicht nur Teilinhalte des Papiers, sondern er erlebt erneut und in beeindruckender Nachhaltigkeit die gelebte Arroganz der Macht, in diesem Falle par excellence gespiegelt durch Gesundheitsminister Karl Lauterbach.<\/p>\n<p>Beim Auftritt im <em>Heute-Journal<\/em> des <em>ZDF<\/em> am Abend des 1. Juli<em>\u00a0<\/em>lautete die <a rel=\"nofollow noopener\" target=\"_blank\" href=\"https:\/\/twitter.com\/heutejournal\/status\/1542951466654203904\">Anmoderation<\/a>:<em>\u00a0&#8220;<\/em>Aus Fehlern sollte man lernen, das gilt immer im Leben&#8221;. Damit wurde Lauterbach zu Beginn des Interviews dezent die Chance gegeben, den Zuschauern zumindest im Ansatz etwas reflektierte Hinterfragung der zur\u00fcckliegenden Aktivit\u00e4ten durch die mit dem Gutachten gewonnenen Erkenntnisse zu vermitteln. Fehlanzeige \u2013 unbeirrt und \u00fcberzeugt von seiner Leistung, entgegnet er vermeintlich selbstbewusst:<\/p>\n<blockquote>\n<p><em>&#8220;Ich wei\u00df nicht, ob man von Fehlern hier reden kann, aber es gibt Anregungen.&#8221;<\/em><\/p>\n<\/blockquote>\n<p>Dann wird unmittelbar knallhart \u2013 nennen wir es: geschwindelt. Ausgehend von der eindeutig formulierten Kritik in dem Gutachten des Sachverst\u00e4ndigenausschusses formuliert Lauterbach die unbelegte Behauptung, dass sich die Realit\u00e4t der Nichtexistenz von Datenerhebungen, zum Thema Ma\u00dfnahmen-Effektivit\u00e4t, nun zwar zeitnah \u00e4ndern w\u00fcrde, &#8220;aber die h\u00e4tten wir auch ver\u00e4ndert ohne das Gutachten, weil wir diese Probleme ja kannten.&#8221; Teil zwei der Antwort stimmt zumindest, denn die Umst\u00e4nde mangelnder Datenanalysen sind dem RKI seit Jahren bekannt.<\/p>\n<p>Ob diese Aussage zutreffend, frech oder anma\u00dfend ist, muss jeder B\u00fcrger f\u00fcr sich entscheiden. Tatsache bleibt, die handelnde und einfordernde Politik sieht weiterhin nur sehr wenig Bedarf f\u00fcr eine Aufarbeitung der gesellschaftlichen Ereignisse seit Beginn des Jahres 2020. Es sei jedoch daran erinnert: Ohne die n\u00f6tige Zustimmung eines Gro\u00dfteils der sogenannten gew\u00e4hlten Volksvertreter im Deutschen Bundestag w\u00e4re die Umsetzung, also Einforderung der nun kritisierten Ma\u00dfnahmen nicht m\u00f6glich gewesen. Lauterbach gesteht dann \u00fcberraschend freim\u00fctig zum Thema Lockdown-Verordnungen zu:<\/p>\n<blockquote>\n<p><em>&#8220;Klar ist, dass Lockdown-Ma\u00dfnahmen, also Regeln, weltweit wenig gebracht haben, nach dem Beginn der Pandemie, somit glaube ich nicht, dass wir das jemals nochmal vorsehen werden, das sind jetzt auch ganz andere Verh\u00e4ltnisse.&#8221;<\/em><\/p>\n<\/blockquote>\n<p>Andere Verh\u00e4ltnisse gegen\u00fcber dem Herbst 2020 oder 2021, als die jeweiligen Lockdown-Ma\u00dfnahmen politisch bedingt tausenden Menschen die individuelle Biografie zerst\u00f6rten? Wie hie\u00df es doch zu Beginn des Interviews: &#8220;Ich wei\u00df nicht, ob man von Fehlern hier reden kann.&#8221; Der Glaubw\u00fcrdigkeitseffekt, eine bekannterma\u00dfen schwierige Gr\u00f6\u00dfe in der Politikerkaste.<\/p>\n<p>Eine Schw\u00e4che des Gutachtens sei laut Lauterbach, dass die\u00a0Ergebnisse der Ma\u00dfnahmen-Auswertungen aussagen, dass &#8220;sie helfen, aber wir wissen nicht, wie stark sie helfen.&#8221; Helfen? Auch diese Wahrnehmung ist politisch professionell formuliert, aber anma\u00dfend. Die Realit\u00e4t f\u00fcr Millionen B\u00fcrger lautet in der R\u00fcckbetrachtung, dass die Ma\u00dfnahmen \u00e4u\u00dferst stark in den Alltag der Menschen eingriffen, jedoch sehr wenig in Bezug auf ihre gesundheitspolitische Begr\u00fcndung brachten, nur sehr bedingt geholfen und in vielen F\u00e4llen auf zwischenmenschlicher Ebene geschadet haben. Lauterbach mit leichtem Schulterzucken zum Ende des Interviews hin:<\/p>\n<blockquote>\n<p><em>&#8220;Ich fand das Gutachten spannend, aber auf der anderen Seite ist es auch nur ein Baustein.&#8221;<\/em><\/p>\n<\/blockquote>\n<p>Dann der Wechsel am selben Abend zu den <a rel=\"nofollow noopener\" target=\"_blank\" href=\"https:\/\/twitter.com\/Karl_Lauterbach\/status\/1542939825560600579\">Tagesthemen<\/a> in der <em>ARD.<\/em> Gleich zu Beginn die entlarvende pers\u00f6nliche Sicht es Ministers auf das kritische Gutachten sowie auf seine politische T\u00e4tigkeit als Minister. &#8220;Und selbst wenn es so w\u00e4re, wenn das Gutachten das sagen w\u00fcrde [dass die politischen Ma\u00dfnahmen tendenziell ineffektiv waren und zum Teil erhebliche gesellschaftliche Sch\u00e4den hervorriefen]:<\/p>\n<blockquote>\n<p><em>&#8220;Das ist hier keine Bibel aus der zu zitieren ist.&#8221;<\/em><\/p>\n<\/blockquote>\n<p>Wer tr\u00e4gt also nun die politische Verantwortung f\u00fcr das vollkommen ausgetrocknete Daten-Flussbett? Auf die Feststellung der <em>Tagesthemen<\/em>-Moderatorin, dass f\u00fcr die von Lauterbach wie auf Knopfdruck mantraartig vorgetragene Herbst-Ma\u00dfnahmen-Ank\u00fcndigung, die anvisierte unmittelbar startende <a rel=\"nofollow noopener\" target=\"_blank\" href=\"https:\/\/www.rnd.de\/politik\/karl-lauterbach-7-punkte-plan-fuer-corona-welle-im-herbst-2022-33ALN3OSABBSBCEZDGR7Z44OD4.html\">Sieben-Punkte-Planung<\/a>, wie eindr\u00fccklich durch das Gutachten belegt, jegliche Datenbasis fehle, &#8220;auf der sie weiter entscheiden k\u00f6nnten&#8221;, antwortete der Gesundheitsminister vollkommen unbeeindruckt vom Leid und Kummer von Millionen B\u00fcrgern in diesem Land:<\/p>\n<blockquote>\n<p><em>&#8220;Also, ich blicke ja nicht zur\u00fcck, was damals gewesen ist, wir haben damals nicht die perfekten Daten gehabt. Ich blicke nach vorne und mit dem <a rel=\"nofollow noopener\" target=\"_blank\" href=\"https:\/\/www.aerzteblatt.de\/nachrichten\/135448\/Lauterbach-will-bessere-Coronastatistiken-mit-neuem-Pandemieradar\">Pandemieradar<\/a>, den wir heute beschlossen haben, also bessere Daten tagesaktuell ab September \u2026 \u2013 ich schaue einfach nach vorne.&#8221;<\/em><\/p>\n<\/blockquote>\n<p>Er m\u00f6chte also nicht zur\u00fcckblicken, der permanente Mahner, Warner und Ma\u00dfnahmen-Einforderer der Jahre 2020 und 2021. Und wie sieht es mit dem pers\u00f6nlichen politischen Radar des seit\u00a0Dezember 2021 gesamtverantwortlichen Ministers Lauterbach aus? Nicht der Hauch eines Ansatzes reflektierender Selbstkritik, aus der in der Summe der Ereignisse von Fehlwarnungen, Fehleinsch\u00e4tzungen und Fehlentscheidungen eigentlich nur ein R\u00fccktritt erfolgen kann, ist zu erwarten.<\/p>\n<p>Abermillionen von Impfstoffdosen mit nahendem Verfallsdatum, die auch noch in Verantwortung seiner Ministert\u00e4tigkeit aufgestockt wurden, beunruhigen den Minister nicht im Geringsten. Auch die ausbleibende Einl\u00f6sung der Versprechen der Pharmaindustrie, die desastr\u00f6s niedrige Rundum-Effektivit\u00e4t der Wunder-Wirkstoffe der Hersteller BioNTech und Moderna, geben ihm anscheinend nicht zu denken. Daf\u00fcr vermittelt er \u2013 mal wieder \u2013 den Bundesb\u00fcrgern f\u00fcr den Herbst ein bedenkliches Potpourri gef\u00fchlten Wissens:<\/p>\n<blockquote>\n<p><em>&#8220;Wir werden also adaptierte (angepasste) Impfstoffe haben, ich hoffe, wir bekommen die fr\u00fch, es k\u00f6nnte aber sein, dass wir die erst Mitte\/ Ende Oktober bekommen, die werden dann sehr wirkungsvoll sein.&#8221;\u00a0\u00a0<\/em><\/p>\n<\/blockquote>\n<p>Mit den Erfahrungswerten vorhandener (Wirkstoff-)Daten und stetig steigenden Meldungen von massiven Impfnebenwirkungen (<a rel=\"nofollow noopener\" target=\"_blank\" href=\"https:\/\/www.ardmediathek.de\/video\/plusminus\/plusminus-vom-29-juni-2022\/das-erste\/Y3JpZDovL2Rhc2Vyc3RlLmRlL3BsdXNtaW51cy9kYjY4OGY0Yy04YWI1LTRhMDUtYWExZC1iM2IwNzI4NmUzNTc\">ab Min. 18:40<\/a>) offenbart sich hier erneut das rein spekulative und anma\u00dfende Wunschdenken eines gesamtverantwortlichen politischen Amtstr\u00e4gers.\u00a0Lauterbachs Res\u00fcmee des Gutachten-Tages gegen\u00fcber den Zuschauern, also betroffenen B\u00fcrgern, zeigt die sich anbahnende &#8220;Weiter-So&#8221;-Politik aus dem BMG, hinsichtlich erneuter drohender Einschr\u00e4nkungen des Lebens im Herbst und Winter 2022:<\/p>\n<blockquote>\n<p><em>&#8220;Das neue Gutachten ist da wichtig, darf aber kein Bremsklotz sein.&#8221;<\/em><\/p>\n<\/blockquote>\n<p>Es folgen Beispiele aus dem <a rel=\"nofollow noopener\" target=\"_blank\" href=\"https:\/\/www.tagesschau.de\/gutachten-sachverstaendigenrat-corona-101.pdf\">Gutachten<\/a>\u00a0\u2013 als Dokumente einer nur sehr bedingt effektiven Corona-Politik in diesem Land:<\/p>\n<ul>\n<li>Zum Thema Ausweitung des IfSG (Seite 14): &#8220;F\u00fcr das IfSG als Rechtsgrundlage der Pandemiebek\u00e4mpfung besteht erheblicher Reformbedarf. So stellt die &#8216;Feststellung der epidemischen Lage von nationaler Tragweite&#8217; (\u00a7 5 Abs. 1 IfSG) eine juristisch fragw\u00fcrdige Konstruktion dar.&#8221;<\/li>\n<li>Zum Thema Meinungsfreiheit (Seite 55): &#8220;Kontroverse Meinungen geh\u00f6ren zu einer demokratischen Debatte dazu. Abweichende Ansichten m\u00fcssen daher erlaubt sein. Die Gesellschaft sollte sich damit konstruktiv auseinandersetzen.&#8221;<\/li>\n<li>Zum Thema Impfungen (Seite 72): &#8220;Die Wirksamkeit der Impfung &#8230; kann aus Gr\u00fcnden der Komplexit\u00e4t nicht behandelt werden. &#8230; Die Evaluationskommission verweist daher auf das Robert-Koch-Institut und die STIKO.&#8221;<\/li>\n<li>Zum Thema Inzidenzwerte (Seite 80): &#8220;Auff\u00e4llig ist der R\u00fcckgang der Inzidenzen ab Ende Dezember 2020 bis Februar 2021, der Ma\u00dfnahmenindex steigt w\u00e4hrenddessen weiter. &#8230; Insgesamt ist ein Zusammenhang zwischen der H\u00f6he der Inzidenz und der Ma\u00dfnahmenst\u00e4rke nicht erkennbar.&#8221;<\/li>\n<li>Zum Thema 2G-\/ 3G-Regelungen (Seite 87): &#8220;Die wenigen vorliegenden Studien ergeben zudem ein sehr heterogenes Bild, insgesamt erscheint die nachgewiesene Wirkung auf Bev\u00f6lkerungsebene aber eher gering.&#8221;<\/li>\n<li>Zum Thema &#8220;Unerw\u00fcnschte Wirkungen&#8221; von Kontaktpersonennachverfolgung (KPN) (Seite 90): &#8220;Zus\u00e4tzlich ist zu bedenken, dass die Anordnung und Kontrolle von Isolierung oder Quarant\u00e4ne sowie die Befragung durch die Gesundheits\u00e4mter durch die \u00f6rtlichen Ordnungsbeh\u00f6rden einen Eingriff in die Privatsph\u00e4re darstellen und Gef\u00fchle von Angst und Misstrauen hervorrufen k\u00f6nnen.&#8221;<\/li>\n<li>Zum Thema Schulschlie\u00dfungen (Seite 96): &#8220;W\u00e4hrend der Schulschlie\u00dfungen wurden auch Depressionen bei Elternteilen als Ausl\u00f6ser f\u00fcr die Entwicklung von psychologischen Problemen bei Kindern festgestellt. Kinder waren der Gefahr ausgesetzt, sich den emotionalen Stress der Eltern anzueignen. Dies betrifft vor allem die sehr jungen Kinder, die solche Situationen noch nicht kannten.&#8221;<\/li>\n<li>Zum Thema &#8220;Wirkmechanismus von Masken&#8221; (Seite 99): &#8220;Ob das korrekte Tragen von Masken durch \u00f6ffentliche Kampagnen gef\u00f6rdert und damit die Effektivit\u00e4t der Pr\u00e4vention gesteigert werden kann, ist plausibel, aber nicht untersucht.&#8221;<\/li>\n<li>Zum Thema &#8220;Verordnungserm\u00e4chtigung (&#8230;) \u00a7 28c IfSG (Seite 151): &#8220;Ob geimpfte\/genesene und m\u00f6glicherweise auch getestete Personen von Schutzma\u00dfnahmen ausgenommen werden, ist eine in hohem Ma\u00dfe grundrechtsrelevante Frage, die nicht dem Verordnungsgeber \u00fcberlassen werden darf. Es empfiehlt sich daher, zumindest den Status des &#8216;Immunen&#8217; in den Katalog der Begriffsbestimmungen des \u00a7 2 IfSG aufzunehmen und in den \u00a7\u00a7 28ff. IfSG.&#8221;<\/li>\n<li>Zum Thema Lockdown &#8211; &#8220;Individuen: Bestandsaufnahme und\u00a0Folgen im Psychosozialen Bereich&#8221; (Seite 104): &#8220;So ergab eine Auswertung von GoogleTrends-Daten, dass\u00a0im Vergleich zum entsprechenden Zeitraum im Jahr 2019 die Suchanfragen zu den Themen &#8216;Langeweile&#8217;, &#8216;Einsamkeit&#8217;, &#8216;Sorgen&#8217; und &#8216;Traurigkeit&#8217; signifikant angestiegen sind.&#8221;<\/li>\n<\/ul>\n<p>F\u00fcr sehr, sehr viele Menschen in diesem Land lautet das kritische Res\u00fcmee f\u00fcr die Jahre 2020 bis in die Gegenwart: Nicht Corona, nicht COVID-19, hat mein Leben, das meiner Angeh\u00f6rigen, eingeschr\u00e4nkt, massiv manipuliert, auch zerst\u00f6rt. Nicht Corona hat dazu gef\u00fchrt, dass der Arbeitsplatz verloren ging, die Privatinsolvenz Realit\u00e4t wurde, oder dass die Liebsten nicht mehr gesehen werden durften. Nicht das Virus hat die Wirtschaft in den freien Fall gest\u00fcrzt. Nicht Corona hat die geistige Gesundheit, die Entwicklung behindert oder zerst\u00f6rt, den K\u00f6rper psychisch wie physisch maltr\u00e4tiert. Corona hat nichts von alledem getan. Verantwortlich daf\u00fcr waren Politiker, die Regierung, die unterst\u00fctzenden Abgeordneten.<\/p>\n<p>Der\u00a0Charit\u00e9-Virologe Christian Drosten <a rel=\"nofollow noopener\" target=\"_blank\" href=\"https:\/\/twitter.com\/c_drosten\/status\/1535277593267785728\">twitterte<\/a> nach seinem R\u00fcckzug aus dem Sachverst\u00e4ndigenrat, kurz vor Ver\u00f6ffentlichung des Gutachtens, f\u00fcr ihn und seine Fan-Fraktion vermeintlich am\u00fcsant: &#8220;So einfach werdet Ihr mich nicht los :-)&#8221;. Drosten gilt nachweislich als regierungskonformer, protegierter und die Ma\u00dfnahmen unterst\u00fctzender Wissenschaftler. Daher k\u00f6nnte dieses mutma\u00dfliche &#8220;Witzchen&#8221; f\u00fcr viele Menschen, in Verbindung mit der Reaktion von Minister Lauterbach auf das Gutachten, je nach Wahrnehmung, auch als Drohung verstanden werden.<\/p>\n<p><strong>Mehr zum Thema &#8211; <\/strong><a rel=\"nofollow noopener\" target=\"_blank\" href=\"https:\/\/rtde.site\/inland\/142472-leistungsniveau-von-grundschulern-sank-in\/\">Leistungsniveau von Grundsch\u00fclern sank in der Corona-Krise deutlich<\/a><\/p>\n<p><script async src=\"https:\/\/platform.twitter.com\/widgets.js\" charset=\"utf-8\"><\/script><br \/>\n<br \/><br \/>\n<br \/><a href=\"https:\/\/de.rt.com\/meinung\/142487-evaluationsbericht-rki-chef-wieler-im\/\">Source link <\/a><\/p>\n","protected":false},"excerpt":{"rendered":"<p>von Bernhard Loyen Seit gut zwei Jahren wird den B\u00fcrgern in diesem Land in beeindruckender Regelm\u00e4\u00dfigkeit vor Augen gef\u00fchrt, wie sich die kooperierende und ausf\u00fchrende Politik und Teile einer respektierten, also ausgesuchten und geduldeten Wissenschaft, ungeachtet nachweislich negativer (Aus)Wirkungen verordneter Ma\u00dfnahmen und Wirkstoffe, nur bedingt von dem sich dynamisierenden Leid der Menschen beeindrucken lassen. Der [&hellip;]<\/p>\n","protected":false},"author":3,"featured_media":12609,"comment_status":"open","ping_status":"open","sticky":false,"template":"","format":"standard","meta":{"wp_automatic_camp":["217"],"6b6b2bcdbe55d30da077e6d219838067":["Evaluationsbericht: RKI-Chef Wieler im Urlaub \u2013 Minister Lauterbach &quot;fand das Gutachten spannend&quot;"],"original_link":["https:\/\/de.rt.com\/meinung\/142487-evaluationsbericht-rki-chef-wieler-im\/"],"_thumbnail_id":["12609"],"_wptg_p2tg_sent2tg":["2022-07-02 18:50:13"],"jnews_social_counter_last_update":["1777411303"]},"categories":[19,23],"tags":[427,26578,17276,1748,11319,26579,26490,26580,8953,3808],"yoast_head":"<!-- This site is optimized with the Yoast SEO Premium plugin v22.7 (Yoast SEO v22.7) - https:\/\/yoast.com\/wordpress\/plugins\/seo\/ -->\n<title>Evaluationsbericht: RKI-Chef Wieler im Urlaub \u2013 Minister Lauterbach &quot;fand das Gutachten spannend&quot; - just-now.NEWS Deutschland<\/title>\n<meta name=\"robots\" content=\"index, follow, max-snippet:-1, max-image-preview:large, max-video-preview:-1\" \/>\n<link rel=\"canonical\" href=\"https:\/\/now-news.de\/de\/deutschland\/evaluationsbericht-rki-chef-wieler-im-urlaub-minister-lauterbach-fand-das-gutachten-spannend\/\" \/>\n<meta property=\"og:locale\" content=\"de_DE\" \/>\n<meta property=\"og:type\" content=\"article\" \/>\n<meta property=\"og:title\" content=\"Evaluationsbericht: RKI-Chef Wieler im Urlaub \u2013 Minister Lauterbach &quot;fand das Gutachten spannend&quot;\" \/>\n<meta property=\"og:description\" content=\"von Bernhard Loyen Seit gut zwei Jahren wird den B\u00fcrgern in diesem Land in beeindruckender Regelm\u00e4\u00dfigkeit vor Augen gef\u00fchrt, wie sich die kooperierende und ausf\u00fchrende Politik und Teile einer respektierten, also ausgesuchten und geduldeten Wissenschaft, ungeachtet nachweislich negativer (Aus)Wirkungen verordneter Ma\u00dfnahmen und Wirkstoffe, nur bedingt von dem sich dynamisierenden Leid der Menschen beeindrucken lassen. Der [&hellip;]\" \/>\n<meta property=\"og:url\" content=\"https:\/\/now-news.de\/de\/deutschland\/evaluationsbericht-rki-chef-wieler-im-urlaub-minister-lauterbach-fand-das-gutachten-spannend\/\" \/>\n<meta property=\"og:site_name\" content=\"just-now.NEWS Deutschland\" \/>\n<meta property=\"article:publisher\" content=\"https:\/\/www.facebook.com\/wirmachenauf\" \/>\n<meta property=\"article:published_time\" content=\"2022-07-02T16:47:01+00:00\" \/>\n<meta property=\"og:image\" content=\"https:\/\/now-news.de\/de\/wp-content\/uploads\/sites\/3\/2022\/07\/Evaluationsbericht-RKI-Chef-Wieler-im-Urlaub-\u2013-Minister-Lauterbach-quotfand-das.jpg\" \/>\n\t<meta property=\"og:image:width\" content=\"460\" \/>\n\t<meta property=\"og:image:height\" content=\"259\" \/>\n\t<meta property=\"og:image:type\" content=\"image\/jpeg\" \/>\n<meta name=\"author\" content=\"rtnews\" \/>\n<meta name=\"twitter:card\" content=\"summary_large_image\" \/>\n<meta name=\"twitter:creator\" content=\"@WirMachenAuf_de\" \/>\n<meta name=\"twitter:site\" content=\"@WirMachenAuf_de\" \/>\n<meta name=\"twitter:label1\" content=\"Verfasst von\" \/>\n\t<meta name=\"twitter:data1\" content=\"rtnews\" \/>\n\t<meta name=\"twitter:label2\" content=\"Gesch\u00e4tzte Lesezeit\" \/>\n\t<meta name=\"twitter:data2\" content=\"10\u00a0Minuten\" \/>\n<script type=\"application\/ld+json\" class=\"yoast-schema-graph\">{\"@context\":\"https:\/\/schema.org\",\"@graph\":[{\"@type\":\"Article\",\"@id\":\"https:\/\/now-news.de\/de\/deutschland\/evaluationsbericht-rki-chef-wieler-im-urlaub-minister-lauterbach-fand-das-gutachten-spannend\/#article\",\"isPartOf\":{\"@id\":\"https:\/\/now-news.de\/de\/deutschland\/evaluationsbericht-rki-chef-wieler-im-urlaub-minister-lauterbach-fand-das-gutachten-spannend\/\"},\"author\":{\"name\":\"rtnews\",\"@id\":\"https:\/\/now-news.de\/de\/#\/schema\/person\/fb534a4e865501d8b3285208df34a9b5\"},\"headline\":\"Evaluationsbericht: RKI-Chef Wieler im Urlaub \u2013 Minister Lauterbach &quot;fand das Gutachten spannend&quot;\",\"datePublished\":\"2022-07-02T16:47:01+00:00\",\"dateModified\":\"2022-07-02T16:47:01+00:00\",\"mainEntityOfPage\":{\"@id\":\"https:\/\/now-news.de\/de\/deutschland\/evaluationsbericht-rki-chef-wieler-im-urlaub-minister-lauterbach-fand-das-gutachten-spannend\/\"},\"wordCount\":2037,\"commentCount\":0,\"publisher\":{\"@id\":\"https:\/\/now-news.de\/de\/#organization\"},\"image\":{\"@id\":\"https:\/\/now-news.de\/de\/deutschland\/evaluationsbericht-rki-chef-wieler-im-urlaub-minister-lauterbach-fand-das-gutachten-spannend\/#primaryimage\"},\"thumbnailUrl\":\"https:\/\/now-news.de\/de\/wp-content\/uploads\/sites\/3\/2022\/07\/Evaluationsbericht-RKI-Chef-Wieler-im-Urlaub-\u2013-Minister-Lauterbach-quotfand-das.jpg\",\"keywords\":[\"das\",\"Evaluationsbericht\",\"GUTACHTEN\",\"Lauterbach\",\"Minister\",\"quotfand\",\"RKIChef\",\"spannendquot\",\"urlaub\",\"Wieler\"],\"articleSection\":[\"Deutschland\",\"Russland\"],\"inLanguage\":\"de\",\"potentialAction\":[{\"@type\":\"CommentAction\",\"name\":\"Comment\",\"target\":[\"https:\/\/now-news.de\/de\/deutschland\/evaluationsbericht-rki-chef-wieler-im-urlaub-minister-lauterbach-fand-das-gutachten-spannend\/#respond\"]}]},{\"@type\":\"WebPage\",\"@id\":\"https:\/\/now-news.de\/de\/deutschland\/evaluationsbericht-rki-chef-wieler-im-urlaub-minister-lauterbach-fand-das-gutachten-spannend\/\",\"url\":\"https:\/\/now-news.de\/de\/deutschland\/evaluationsbericht-rki-chef-wieler-im-urlaub-minister-lauterbach-fand-das-gutachten-spannend\/\",\"name\":\"Evaluationsbericht: RKI-Chef Wieler im Urlaub \u2013 Minister Lauterbach &quot;fand das Gutachten spannend&quot; - just-now.NEWS Deutschland\",\"isPartOf\":{\"@id\":\"https:\/\/now-news.de\/de\/#website\"},\"primaryImageOfPage\":{\"@id\":\"https:\/\/now-news.de\/de\/deutschland\/evaluationsbericht-rki-chef-wieler-im-urlaub-minister-lauterbach-fand-das-gutachten-spannend\/#primaryimage\"},\"image\":{\"@id\":\"https:\/\/now-news.de\/de\/deutschland\/evaluationsbericht-rki-chef-wieler-im-urlaub-minister-lauterbach-fand-das-gutachten-spannend\/#primaryimage\"},\"thumbnailUrl\":\"https:\/\/now-news.de\/de\/wp-content\/uploads\/sites\/3\/2022\/07\/Evaluationsbericht-RKI-Chef-Wieler-im-Urlaub-\u2013-Minister-Lauterbach-quotfand-das.jpg\",\"datePublished\":\"2022-07-02T16:47:01+00:00\",\"dateModified\":\"2022-07-02T16:47:01+00:00\",\"breadcrumb\":{\"@id\":\"https:\/\/now-news.de\/de\/deutschland\/evaluationsbericht-rki-chef-wieler-im-urlaub-minister-lauterbach-fand-das-gutachten-spannend\/#breadcrumb\"},\"inLanguage\":\"de\",\"potentialAction\":[{\"@type\":\"ReadAction\",\"target\":[\"https:\/\/now-news.de\/de\/deutschland\/evaluationsbericht-rki-chef-wieler-im-urlaub-minister-lauterbach-fand-das-gutachten-spannend\/\"]}]},{\"@type\":\"ImageObject\",\"inLanguage\":\"de\",\"@id\":\"https:\/\/now-news.de\/de\/deutschland\/evaluationsbericht-rki-chef-wieler-im-urlaub-minister-lauterbach-fand-das-gutachten-spannend\/#primaryimage\",\"url\":\"https:\/\/now-news.de\/de\/wp-content\/uploads\/sites\/3\/2022\/07\/Evaluationsbericht-RKI-Chef-Wieler-im-Urlaub-\u2013-Minister-Lauterbach-quotfand-das.jpg\",\"contentUrl\":\"https:\/\/now-news.de\/de\/wp-content\/uploads\/sites\/3\/2022\/07\/Evaluationsbericht-RKI-Chef-Wieler-im-Urlaub-\u2013-Minister-Lauterbach-quotfand-das.jpg\",\"width\":460,\"height\":259,\"caption\":\"Evaluationsbericht: RKI-Chef Wieler im Urlaub \u2013 Minister Lauterbach &quot;fand das Gutachten spannend&quot;\"},{\"@type\":\"BreadcrumbList\",\"@id\":\"https:\/\/now-news.de\/de\/deutschland\/evaluationsbericht-rki-chef-wieler-im-urlaub-minister-lauterbach-fand-das-gutachten-spannend\/#breadcrumb\",\"itemListElement\":[{\"@type\":\"ListItem\",\"position\":1,\"name\":\"Home\",\"item\":\"https:\/\/now-news.de\/de\/\"},{\"@type\":\"ListItem\",\"position\":2,\"name\":\"Evaluationsbericht: RKI-Chef Wieler im Urlaub \u2013 Minister Lauterbach &quot;fand das Gutachten spannend&quot;\"}]},{\"@type\":\"WebSite\",\"@id\":\"https:\/\/now-news.de\/de\/#website\",\"url\":\"https:\/\/now-news.de\/de\/\",\"name\":\"just-now.NEWS Deutschland\",\"description\":\"Das Portal f\u00fcr unzensierte Nachrichten aus der Welt\",\"publisher\":{\"@id\":\"https:\/\/now-news.de\/de\/#organization\"},\"potentialAction\":[{\"@type\":\"SearchAction\",\"target\":{\"@type\":\"EntryPoint\",\"urlTemplate\":\"https:\/\/now-news.de\/de\/?s={search_term_string}\"},\"query-input\":\"required name=search_term_string\"}],\"inLanguage\":\"de\"},{\"@type\":\"Organization\",\"@id\":\"https:\/\/now-news.de\/de\/#organization\",\"name\":\"Just Now News\",\"url\":\"https:\/\/now-news.de\/de\/\",\"logo\":{\"@type\":\"ImageObject\",\"inLanguage\":\"de\",\"@id\":\"https:\/\/now-news.de\/de\/#\/schema\/logo\/image\/\",\"url\":\"http:\/\/just-now.news\/de\/wp-content\/uploads\/sites\/3\/2022\/04\/logo500x500.jpg\",\"contentUrl\":\"http:\/\/just-now.news\/de\/wp-content\/uploads\/sites\/3\/2022\/04\/logo500x500.jpg\",\"width\":500,\"height\":500,\"caption\":\"Just Now News\"},\"image\":{\"@id\":\"https:\/\/now-news.de\/de\/#\/schema\/logo\/image\/\"},\"sameAs\":[\"https:\/\/www.facebook.com\/wirmachenauf\",\"https:\/\/x.com\/WirMachenAuf_de\"]},{\"@type\":\"Person\",\"@id\":\"https:\/\/now-news.de\/de\/#\/schema\/person\/fb534a4e865501d8b3285208df34a9b5\",\"name\":\"rtnews\",\"image\":{\"@type\":\"ImageObject\",\"inLanguage\":\"de\",\"@id\":\"https:\/\/now-news.de\/de\/#\/schema\/person\/image\/\",\"url\":\"https:\/\/secure.gravatar.com\/avatar\/82aafea7d8127119dd649515f56e2117?s=96&d=mm&r=g\",\"contentUrl\":\"https:\/\/secure.gravatar.com\/avatar\/82aafea7d8127119dd649515f56e2117?s=96&d=mm&r=g\",\"caption\":\"rtnews\"},\"url\":\"https:\/\/now-news.de\/de\/author\/rnews\/\"}]}<\/script>\n<!-- \/ Yoast SEO Premium plugin. -->","yoast_head_json":{"title":"Evaluationsbericht: RKI-Chef Wieler im Urlaub \u2013 Minister Lauterbach &quot;fand das Gutachten spannend&quot; - just-now.NEWS Deutschland","robots":{"index":"index","follow":"follow","max-snippet":"max-snippet:-1","max-image-preview":"max-image-preview:large","max-video-preview":"max-video-preview:-1"},"canonical":"https:\/\/now-news.de\/de\/deutschland\/evaluationsbericht-rki-chef-wieler-im-urlaub-minister-lauterbach-fand-das-gutachten-spannend\/","og_locale":"de_DE","og_type":"article","og_title":"Evaluationsbericht: RKI-Chef Wieler im Urlaub \u2013 Minister Lauterbach &quot;fand das Gutachten spannend&quot;","og_description":"von Bernhard Loyen Seit gut zwei Jahren wird den B\u00fcrgern in diesem Land in beeindruckender Regelm\u00e4\u00dfigkeit vor Augen gef\u00fchrt, wie sich die kooperierende und ausf\u00fchrende Politik und Teile einer respektierten, also ausgesuchten und geduldeten Wissenschaft, ungeachtet nachweislich negativer (Aus)Wirkungen verordneter Ma\u00dfnahmen und Wirkstoffe, nur bedingt von dem sich dynamisierenden Leid der Menschen beeindrucken lassen. Der [&hellip;]","og_url":"https:\/\/now-news.de\/de\/deutschland\/evaluationsbericht-rki-chef-wieler-im-urlaub-minister-lauterbach-fand-das-gutachten-spannend\/","og_site_name":"just-now.NEWS Deutschland","article_publisher":"https:\/\/www.facebook.com\/wirmachenauf","article_published_time":"2022-07-02T16:47:01+00:00","og_image":[{"width":460,"height":259,"url":"https:\/\/now-news.de\/de\/wp-content\/uploads\/sites\/3\/2022\/07\/Evaluationsbericht-RKI-Chef-Wieler-im-Urlaub-\u2013-Minister-Lauterbach-quotfand-das.jpg","type":"image\/jpeg"}],"author":"rtnews","twitter_card":"summary_large_image","twitter_creator":"@WirMachenAuf_de","twitter_site":"@WirMachenAuf_de","twitter_misc":{"Verfasst von":"rtnews","Gesch\u00e4tzte Lesezeit":"10\u00a0Minuten"},"schema":{"@context":"https:\/\/schema.org","@graph":[{"@type":"Article","@id":"https:\/\/now-news.de\/de\/deutschland\/evaluationsbericht-rki-chef-wieler-im-urlaub-minister-lauterbach-fand-das-gutachten-spannend\/#article","isPartOf":{"@id":"https:\/\/now-news.de\/de\/deutschland\/evaluationsbericht-rki-chef-wieler-im-urlaub-minister-lauterbach-fand-das-gutachten-spannend\/"},"author":{"name":"rtnews","@id":"https:\/\/now-news.de\/de\/#\/schema\/person\/fb534a4e865501d8b3285208df34a9b5"},"headline":"Evaluationsbericht: RKI-Chef Wieler im Urlaub \u2013 Minister Lauterbach &quot;fand das Gutachten spannend&quot;","datePublished":"2022-07-02T16:47:01+00:00","dateModified":"2022-07-02T16:47:01+00:00","mainEntityOfPage":{"@id":"https:\/\/now-news.de\/de\/deutschland\/evaluationsbericht-rki-chef-wieler-im-urlaub-minister-lauterbach-fand-das-gutachten-spannend\/"},"wordCount":2037,"commentCount":0,"publisher":{"@id":"https:\/\/now-news.de\/de\/#organization"},"image":{"@id":"https:\/\/now-news.de\/de\/deutschland\/evaluationsbericht-rki-chef-wieler-im-urlaub-minister-lauterbach-fand-das-gutachten-spannend\/#primaryimage"},"thumbnailUrl":"https:\/\/now-news.de\/de\/wp-content\/uploads\/sites\/3\/2022\/07\/Evaluationsbericht-RKI-Chef-Wieler-im-Urlaub-\u2013-Minister-Lauterbach-quotfand-das.jpg","keywords":["das","Evaluationsbericht","GUTACHTEN","Lauterbach","Minister","quotfand","RKIChef","spannendquot","urlaub","Wieler"],"articleSection":["Deutschland","Russland"],"inLanguage":"de","potentialAction":[{"@type":"CommentAction","name":"Comment","target":["https:\/\/now-news.de\/de\/deutschland\/evaluationsbericht-rki-chef-wieler-im-urlaub-minister-lauterbach-fand-das-gutachten-spannend\/#respond"]}]},{"@type":"WebPage","@id":"https:\/\/now-news.de\/de\/deutschland\/evaluationsbericht-rki-chef-wieler-im-urlaub-minister-lauterbach-fand-das-gutachten-spannend\/","url":"https:\/\/now-news.de\/de\/deutschland\/evaluationsbericht-rki-chef-wieler-im-urlaub-minister-lauterbach-fand-das-gutachten-spannend\/","name":"Evaluationsbericht: RKI-Chef Wieler im Urlaub \u2013 Minister Lauterbach &quot;fand das Gutachten spannend&quot; - just-now.NEWS Deutschland","isPartOf":{"@id":"https:\/\/now-news.de\/de\/#website"},"primaryImageOfPage":{"@id":"https:\/\/now-news.de\/de\/deutschland\/evaluationsbericht-rki-chef-wieler-im-urlaub-minister-lauterbach-fand-das-gutachten-spannend\/#primaryimage"},"image":{"@id":"https:\/\/now-news.de\/de\/deutschland\/evaluationsbericht-rki-chef-wieler-im-urlaub-minister-lauterbach-fand-das-gutachten-spannend\/#primaryimage"},"thumbnailUrl":"https:\/\/now-news.de\/de\/wp-content\/uploads\/sites\/3\/2022\/07\/Evaluationsbericht-RKI-Chef-Wieler-im-Urlaub-\u2013-Minister-Lauterbach-quotfand-das.jpg","datePublished":"2022-07-02T16:47:01+00:00","dateModified":"2022-07-02T16:47:01+00:00","breadcrumb":{"@id":"https:\/\/now-news.de\/de\/deutschland\/evaluationsbericht-rki-chef-wieler-im-urlaub-minister-lauterbach-fand-das-gutachten-spannend\/#breadcrumb"},"inLanguage":"de","potentialAction":[{"@type":"ReadAction","target":["https:\/\/now-news.de\/de\/deutschland\/evaluationsbericht-rki-chef-wieler-im-urlaub-minister-lauterbach-fand-das-gutachten-spannend\/"]}]},{"@type":"ImageObject","inLanguage":"de","@id":"https:\/\/now-news.de\/de\/deutschland\/evaluationsbericht-rki-chef-wieler-im-urlaub-minister-lauterbach-fand-das-gutachten-spannend\/#primaryimage","url":"https:\/\/now-news.de\/de\/wp-content\/uploads\/sites\/3\/2022\/07\/Evaluationsbericht-RKI-Chef-Wieler-im-Urlaub-\u2013-Minister-Lauterbach-quotfand-das.jpg","contentUrl":"https:\/\/now-news.de\/de\/wp-content\/uploads\/sites\/3\/2022\/07\/Evaluationsbericht-RKI-Chef-Wieler-im-Urlaub-\u2013-Minister-Lauterbach-quotfand-das.jpg","width":460,"height":259,"caption":"Evaluationsbericht: RKI-Chef Wieler im Urlaub \u2013 Minister Lauterbach &quot;fand das Gutachten spannend&quot;"},{"@type":"BreadcrumbList","@id":"https:\/\/now-news.de\/de\/deutschland\/evaluationsbericht-rki-chef-wieler-im-urlaub-minister-lauterbach-fand-das-gutachten-spannend\/#breadcrumb","itemListElement":[{"@type":"ListItem","position":1,"name":"Home","item":"https:\/\/now-news.de\/de\/"},{"@type":"ListItem","position":2,"name":"Evaluationsbericht: RKI-Chef Wieler im Urlaub \u2013 Minister Lauterbach &quot;fand das Gutachten spannend&quot;"}]},{"@type":"WebSite","@id":"https:\/\/now-news.de\/de\/#website","url":"https:\/\/now-news.de\/de\/","name":"just-now.NEWS Deutschland","description":"Das Portal f\u00fcr unzensierte Nachrichten aus der Welt","publisher":{"@id":"https:\/\/now-news.de\/de\/#organization"},"potentialAction":[{"@type":"SearchAction","target":{"@type":"EntryPoint","urlTemplate":"https:\/\/now-news.de\/de\/?s={search_term_string}"},"query-input":"required name=search_term_string"}],"inLanguage":"de"},{"@type":"Organization","@id":"https:\/\/now-news.de\/de\/#organization","name":"Just Now News","url":"https:\/\/now-news.de\/de\/","logo":{"@type":"ImageObject","inLanguage":"de","@id":"https:\/\/now-news.de\/de\/#\/schema\/logo\/image\/","url":"http:\/\/just-now.news\/de\/wp-content\/uploads\/sites\/3\/2022\/04\/logo500x500.jpg","contentUrl":"http:\/\/just-now.news\/de\/wp-content\/uploads\/sites\/3\/2022\/04\/logo500x500.jpg","width":500,"height":500,"caption":"Just Now News"},"image":{"@id":"https:\/\/now-news.de\/de\/#\/schema\/logo\/image\/"},"sameAs":["https:\/\/www.facebook.com\/wirmachenauf","https:\/\/x.com\/WirMachenAuf_de"]},{"@type":"Person","@id":"https:\/\/now-news.de\/de\/#\/schema\/person\/fb534a4e865501d8b3285208df34a9b5","name":"rtnews","image":{"@type":"ImageObject","inLanguage":"de","@id":"https:\/\/now-news.de\/de\/#\/schema\/person\/image\/","url":"https:\/\/secure.gravatar.com\/avatar\/82aafea7d8127119dd649515f56e2117?s=96&d=mm&r=g","contentUrl":"https:\/\/secure.gravatar.com\/avatar\/82aafea7d8127119dd649515f56e2117?s=96&d=mm&r=g","caption":"rtnews"},"url":"https:\/\/now-news.de\/de\/author\/rnews\/"}]}},"_links":{"self":[{"href":"https:\/\/now-news.de\/de\/wp-json\/wp\/v2\/posts\/12608"}],"collection":[{"href":"https:\/\/now-news.de\/de\/wp-json\/wp\/v2\/posts"}],"about":[{"href":"https:\/\/now-news.de\/de\/wp-json\/wp\/v2\/types\/post"}],"author":[{"embeddable":true,"href":"https:\/\/now-news.de\/de\/wp-json\/wp\/v2\/users\/3"}],"replies":[{"embeddable":true,"href":"https:\/\/now-news.de\/de\/wp-json\/wp\/v2\/comments?post=12608"}],"version-history":[{"count":0,"href":"https:\/\/now-news.de\/de\/wp-json\/wp\/v2\/posts\/12608\/revisions"}],"wp:featuredmedia":[{"embeddable":true,"href":"https:\/\/now-news.de\/de\/wp-json\/wp\/v2\/media\/12609"}],"wp:attachment":[{"href":"https:\/\/now-news.de\/de\/wp-json\/wp\/v2\/media?parent=12608"}],"wp:term":[{"taxonomy":"category","embeddable":true,"href":"https:\/\/now-news.de\/de\/wp-json\/wp\/v2\/categories?post=12608"},{"taxonomy":"post_tag","embeddable":true,"href":"https:\/\/now-news.de\/de\/wp-json\/wp\/v2\/tags?post=12608"}],"curies":[{"name":"wp","href":"https:\/\/api.w.org\/{rel}","templated":true}]}}