{"id":12582,"date":"2022-07-02T11:08:05","date_gmt":"2022-07-02T09:08:05","guid":{"rendered":"http:\/\/just-now.news\/de\/deutschland\/denker-der-neuen-rechten-zu-rt-westen-zielt-auf-endgueltige-ausschaltung-russlands-als-weltmacht-ab\/"},"modified":"2022-07-02T11:08:05","modified_gmt":"2022-07-02T09:08:05","slug":"denker-der-neuen-rechten-zu-rt-westen-zielt-auf-endgueltige-ausschaltung-russlands-als-weltmacht-ab","status":"publish","type":"post","link":"https:\/\/now-news.de\/de\/deutschland\/denker-der-neuen-rechten-zu-rt-westen-zielt-auf-endgueltige-ausschaltung-russlands-als-weltmacht-ab\/","title":{"rendered":"Denker der Neuen Rechten zu RT: Westen zielt auf endg\u00fcltige Ausschaltung Russlands als Weltmacht ab"},"content":{"rendered":"<div class=\"Text-root Text-type_1 \">\n                Die deutsche Regierung besteht laut dem Philosophen Erik Lehnert zu einhundert Prozent aus Transatlantikern. Der Gesch\u00e4ftsf\u00fchrer des Instituts f\u00fcr Staatspolitik hat wenig Hoffnung, dass sich die Koalition an der Ukraine-Frage zerlegt. Deutschland sei ein treuer Vasall der USA.\n            <\/div>\n<p><\/p>\n<div class=\"Text-root Text-type_5 ArticleView-text ViewText-root \">\n<p>Im Zuge des Ukraine-Krieges mehren sich die Anzeichen, dass sich die Welt in einer \u00dcbergangsphase zum\u00a0Aufbau einer neuen Ordnung befindet. Es scheint, als h\u00e4tten die alten Mechanismen der unipolaren Weltordnung der US-Amerikaner \u2013 wie das Sanktionsregime des Westens \u2013 ausgedient, die die US-Weltherrschaft bisher gesichert haben. Zu diesem Anlass hat <em>RT DE<\/em> ein ausf\u00fchrliches Interview mit dem Gesch\u00e4ftsf\u00fchrer des rechtsorientierten Instituts f\u00fcr Staatspolitik (<a rel=\"nofollow noopener\" target=\"_blank\" href=\"https:\/\/staatspolitik.de\/\">IfS<\/a>), Dr. Erik Lehnert, \u00fcber den Ukraine-Krieg und die Position der rechtskonservativen Intellektuellen zu dieser Krise in Osteuropa gef\u00fchrt.\u00a0<\/p>\n<p><em><strong>RT DE:\u00a0Die Neue Rechte ist in der Ukraine-Frage zerstritten. W\u00e4hrend ein Teil der rechten Intellektuellen in dem Kreis um <a rel=\"nofollow noopener\" target=\"_blank\" href=\"https:\/\/de.wikipedia.org\/wiki\/G%C3%B6tz_Kubitschek\">G\u00f6tz\u00a0Kubitschek<\/a> versucht, den Ukraine-Krieg in erster Linie auf geopolitischer Ebene als einen Stellvertreterkonflikt zwischen Russland und der NATO zu thematisieren und damit deutsche Interessen in den Vordergrund zu stellen, versucht ein anderer Teil der Rechten, den Ukraine-Krieg hierzulande in einen Kampf gegen Russland um die &#8220;westlichen Werte&#8221; umzuinterpretieren. Die letztere Gruppe geht sogar so weit, dass <a rel=\"nofollow noopener\" target=\"_blank\" href=\"https:\/\/de.wikipedia.org\/wiki\/Frank_B%C3%B6ckelmann\">Frank B\u00f6ckelmann<\/a> in seinem rechtsorientierten Magazin Tumult zwecks Unterst\u00fctzung der Ukraine den Terminus &#8220;Volkskrieg&#8221; benutzt. Wie kommen einige deutsche Rechte darauf, sich auf die Seite der von den USA und deren Verb\u00fcndeten unterst\u00fctzten ukrainischen Regierung in Kiew zu schlagen? Wie sch\u00e4tzen Sie die Spaltung der Rechten zur Ukraine-Frage ein?<\/strong><\/em><\/p>\n<p>Wir haben es bei dem Ukraine-Konflikt, der sich sp\u00e4testens seit 2014 in verschiedenen Intensit\u00e4tsgraden zu dem gegenw\u00e4rtigen Krieg entwickelte, mit einem komplexen Ph\u00e4nomen zu tun, das auch f\u00fcr rechte Beobachter vielf\u00e4ltige M\u00f6glichkeiten der Parteinahme bietet. Wenn man von v\u00f6llig abwegigen Forderungen und den Interessen der Gro\u00dfm\u00e4chte absieht, bleiben folgende legitime Interessen der Konfliktparteien \u00fcbrig:<\/p>\n<p>Die Ukraine w\u00e4re als Staat sofort erledigt, wenn sie nicht auf ihre territoriale Integrit\u00e4t best\u00fcnde. Dass man sich dabei helfen l\u00e4sst, liegt nahe.<\/p>\n<p>Die Russen in der Ukraine m\u00fcssen sich gegen die Zerst\u00f6rung ihres Volkstums wehren und k\u00f6nnen sich dabei auf das Selbstbestimmungsrecht der V\u00f6lker berufen. Auch hier wird Unterst\u00fctzung nicht ausgeschlagen.<\/p>\n<figure class=\"RTImage-root\">\n<div class=\"RTImage-image RTImage-original\"><picture class=\"Picture-root Picture-original\"><!--[if IE 9]><video style=\"display: none;\"><![endif]--><source media=\"(-webkit-min-device-pixel-ratio: 2) and (min-resolution: 120dpi)\" data-srcset=\" \nhttp:\/\/just-now.news\/de\/wp-content\/uploads\/sites\/3\/2022\/07\/62bef021b480cc39337ce676.jpg 850w,\n                http:\/\/just-now.news\/de\/wp-content\/uploads\/sites\/3\/2022\/07\/62bef021b480cc39337ce676.jpg 1960w,\n            \" ><source data-srcset=\" \nhttp:\/\/just-now.news\/de\/wp-content\/uploads\/sites\/3\/2022\/07\/62bef021b480cc39337ce676.jpg 460w,\n              http:\/\/just-now.news\/de\/wp-content\/uploads\/sites\/3\/2022\/07\/62bef021b480cc39337ce676.jpg 980w,\n            \" ><!--[if IE 9]><\/video><![endif]--><img decoding=\"async\" data- src=\"data:image\/png;base64,iVBORw0KGgoAAAANSUhEUgAAABAAAAAJCAQAAACRI2S5AAAAEElEQVR42mNkIAAYRxWAAQAG9gAKqv6+AwAAAABJRU5ErkJggg==\" class=\"Picture-root Picture-original lazyload\" data-src=\"http:\/\/just-now.news\/de\/wp-content\/uploads\/sites\/3\/2022\/07\/62bef021b480cc39337ce676.jpg\" alt=\"\"><\/source><\/source><\/picture><!-- noscript pattern --><noscript><img decoding=\"async\" src=\"http:\/\/just-now.news\/de\/wp-content\/uploads\/sites\/3\/2022\/07\/62bef021b480cc39337ce676.jpg\" alt=\"\"><\/noscript><\/div><figcaption class=\"RTImage-footer\"><span class=\"RTImage-caption\"><span class=\"RTImage-captionItem\">Institut f\u00fcr Staatspolitik<\/span><\/span><span class=\"RTImage-source\"><span class=\"RTImage-captionItem\">RT<\/span><\/span><\/figcaption><\/figure>\n<p>Dass sich jede dieser Positionen auch historisch begr\u00fcnden l\u00e4sst, ist uninteressant. Wenn man will, l\u00e4sst sich alles begr\u00fcnden. In der deutschen Rechten, deren Verh\u00e4ltnis zu Russland in den letzten Jahren von ziemlich irrationalen Hoffnungen gepr\u00e4gt war, zeigen sich an dem Ukraine-Krieg, vereinfacht gesagt, zwei Haltungen: eine romantisch-v\u00f6lkische und eine realistisch-staatspolitische.<\/p>\n<p>Die erste schl\u00e4gt sich auf die Seite der jungen Nation Ukraine, in der Hoffnung, dass der Widerstand des ukrainischen Volkes eine Art Vorbildwirkung f\u00fcr andere europ\u00e4ische V\u00f6lker hat. Dabei spielt nat\u00fcrlich auch eine Rolle, dass dabei bestimmte ideologische Elemente des ukrainischen Widerstands \u00fcberh\u00f6ht werden, da der Blick v\u00f6llig von der Konstellation in der Westukraine, die sehr anders als im Osten ist, gepr\u00e4gt ist. Sonst w\u00fcrde man \u00fcber die Tatsache, dass die Ukraine durch die westliche Unterst\u00fctzung zum Vork\u00e4mpfer des Liberalismus gemacht werden soll, nicht so einfach hinwegsehen. Schlie\u00dflich kann die westliche Berichterstattung, die einen ukrainischen Volkskrieg suggeriert, bei den romantischen Erinnerungen an die deutschen Befreiungskriege ankn\u00fcpfen. Die Skepsis gegen\u00fcber Russland, das sich unverhohlen zur Tradition des Stalinismus bekennt, d\u00fcrfte schlie\u00dflich auch eine Rolle spielen.<\/p>\n<p>Diese findet sich auch bei der realistisch-staatspolitischen Fraktion, die durchaus nicht aus Russland-Romantikern besteht. Aber hier werden tats\u00e4chlich die geopolitischen Interessen der Gro\u00dfm\u00e4chte st\u00e4rker in die Beurteilung einbezogen. In den letzten Jahrzehnten wurde von westlicher Seite nichts unversucht gelassen, in der Ukraine einen Regimechange durchzuf\u00fchren, um die endg\u00fcltige Ausschaltung Russlands als Weltmacht zu erreichen. Wer an einer multipolaren Weltordnung Interesse hat, kann sich daher nicht einseitig auf die Seite der Ukraine schlagen, die f\u00fcr die Herrschaftssicherung der Vereinigten Staaten missbraucht wird. F\u00fcr einige Akteure scheint das aber attraktiv zu sein, da man damit die seltene Gelegenheit bekommt, auch als Rechter einmal auf der &#8220;richtigen&#8221; Seite zu stehen. Ich bin aber zuversichtlich, dass diese Frage nicht zu einer nachhaltigen Spaltung der Rechten f\u00fchrt, solange alle bereit sind, die Interessen anderer V\u00f6lker nicht \u00fcber die des eigenen zu stellen.<\/p>\n<p><em><strong>RT DE: Nach dem Narrativ der angels\u00e4chsischen Welt\u00a0zum Ukraine-Krieg m\u00fcsse die Ukraine diesen\u00a0Krieg gewinnen. Die Linie der US- und der britischen Regierung st\u00f6\u00dft jedoch nicht \u00fcberall in Europa auf Zustimmung. Bundeskanzler Olaf Scholz und Emmanuel Macron dr\u00fccken sich vorsichtiger aus. Zwar hat auch der deutsche Bundeskanzler mehrfach erkl\u00e4rt, dass Russland den Krieg gegen die Ukraine nicht gewinnen d\u00fcrfe, Au\u00dfenministerin\u00a0Annalena Baerbock\u00a0\u00e4u\u00dferte k\u00fcrzlich jedoch sogar, dass die\u00a0Ukraine\u00a0den Krieg gegen\u00a0Russland\u00a0gewinnen werde. Es scheint, dass Scholz abwenden will, Deutschland in einen fremden Krieg zu st\u00fcrzen. Wie sehen Sie die Lage in der Regierung? Zeichnen sich schon Risse\u00a0in der\u00a0Koalition\u00a0bei der Ukraine-Frage ab?<\/strong><\/em><\/p>\n<p>Die deutsche Regierung besteht zu einhundert Prozent aus Transatlantikern, insofern habe ich da nur wenig Hoffnung, dass sich die Koalition an der Ukraine-Frage zerlegt. Die Nuancen, die sich darin \u00e4u\u00dfern, ob die Ukraine den Krieg gewinnen muss, wird oder sollte, sind wom\u00f6glich von der Tagesform der Politiker abh\u00e4ngig. Grunds\u00e4tzlich sollten die Aussagen dazu aber zur\u00fcckhaltender ausfallen, je mehr Einfluss bzw. Macht die Person hat. Insofern ist die relative Zur\u00fcckhaltung von Kanzler Scholz vielleicht auch einfach staatsm\u00e4nnisch. Immerhin wird sich Scholz irgendwann mit den Kriegsparteien an einen Tisch setzen m\u00fcssen, wenn es darum geht, die Nachkriegsordnung auszuhandeln. Dass er deswegen auch mal die Fragen von v\u00f6llig kriegsl\u00fcsternen Journalisten patzig beantwortet, macht diesen B\u00fcrokraten ja schon fast wieder sympathisch. Aber zur\u00fcck zur Frage: Ich glaube, dass sich die Koalition viel eher bei der Frage der Energiesicherheit in Deutschland zerlegen wird. Denn immerhin trifft jetzt gerade die ideologisch begr\u00fcndete Umstellung der deutschen Energieversorgung auf sogenannte Erneuerbare Energien mit voller Wucht auf die R\u00fcckwirkungen des Embargos, mit dem man eigentlich Russland treffen wollte. Die Preise steigen, Ersatzlieferungen sind nicht in Sicht, das alles klingt nach einem hei\u00dfen Herbst und einem kalten Winter, der zumindest die SPD zum Handeln n\u00f6tigen wird, wenn sie nicht noch ihre letzten W\u00e4hler vergraulen will.<\/p>\n<p><em><strong>RT DE:\u00a0Der Ansturm der\u00a0Fl\u00fcchtlinge\u00a0im Jahr 2015 erwischte Deutschland kalt. Das Land ist in der Fl\u00fcchtlingsfrage\u00a0seither tief gespalten. In Deutschland haben sich im vergangenen Jahr 20 Prozent mehr Menschen einb\u00fcrgern lassen als im Jahr davor. Die meisten von ihnen kamen aus Syrien. Im Zuge des Ukraine-Krieges bildet sich nun eine neue Konfliktzone in der Gesellschaft. Wir beobachteten in der \u00d6ffentlichkeit, dass \u00fcberall Ukraine-Flaggen gehisst wurden, w\u00e4hrend sich mittlerweile bereits mehr als 850.000\u00a0Fl\u00fcchtlinge aus der Ukraine in Deutschland registrieren lie\u00dfen. Der ukrainische Botschafter in Berlin bezeichnete k\u00fcrzlich in einem Interview mit der FAZ alle Russen als Feinde, und er bekr\u00e4ftigte diese Haltung neuerlich in einem anderen Interview mit dem Spiegel. Viele Russen und selbst Russlanddeutsche f\u00fchlen sich pl\u00f6tzlich in Deutschland fremd. Stehen wir vor einer neuen Stufe der Eskalation und einer Spaltung der Gesellschaft? Wie w\u00fcrden Sie die Aufnahme der Fl\u00fcchtlinge aus der Ukraine im Vergleich zur Fl\u00fcchtlingskrise 2015 analysieren?<\/strong><\/em><\/p>\n<p>Die Aufnahme fremder Menschen f\u00fchrt unweigerlich dazu, dass sich auf einmal neue Konfliktlinien auftun, die gesellschaftlich umso bedeutsamer werden, je mehr von den Konfliktparteien in ein Land kommen. Pegida ist 2014, also vor der gro\u00dfen Einwanderungswelle, gegr\u00fcndet worden, weil man es satt hatte, dass sich hierzulande Kurden und T\u00fcrken bekriegen. Ich habe dagegen den Eindruck, dass sich Russen und Ukrainer hierzulande, wenn man einmal vom ukrainischen Botschafter absieht, zivilisierter benehmen. Die Aufnahme der ukrainischen Kriegsfl\u00fcchtlinge ist auch l\u00e4ngst nicht so umstritten wie die der aus dem Nahen Osten im Jahr 2015. Das h\u00e4ngt sicher mit der kulturellen N\u00e4he, aber auch damit zusammen, dass angenommen wird, die Ukrainer w\u00fcrden nach Ende des Krieges wieder in ihre Heimat zur\u00fcckkehren. Was allerdings f\u00fcr Unverst\u00e4ndnis sorgt, ist die Gleichstellung der Ukrainer mit den Deutschen, was die Sozialleistungen betrifft. Das schafft Fehlanreize, f\u00fcr die selbst die gutwilligsten kein Verst\u00e4ndnis haben. Hinzu kommt noch eine weitere Merkw\u00fcrdigkeit, die f\u00fcr Skepsis sorgt: Die Ukraine ist ein gro\u00dfes Land, dessen Territorium nur zum geringen Teil von unmittelbaren Kampfhandlungen betroffen ist.<\/p>\n<figure class=\"RTImage-root\">\n<div class=\"RTImage-image RTImage-original\"><picture class=\"Picture-root Picture-original\"><!--[if IE 9]><video style=\"display: none;\"><![endif]--><source media=\"(-webkit-min-device-pixel-ratio: 2) and (min-resolution: 120dpi)\" data-srcset=\" \nhttp:\/\/just-now.news\/de\/wp-content\/uploads\/sites\/3\/2022\/07\/62bef05048fbef694b102461.jpg 850w,\n                http:\/\/just-now.news\/de\/wp-content\/uploads\/sites\/3\/2022\/07\/62bef05048fbef694b102461.jpg 1960w,\n            \" ><source data-srcset=\" \nhttp:\/\/just-now.news\/de\/wp-content\/uploads\/sites\/3\/2022\/07\/62bef05048fbef694b102461.jpg 460w,\n              http:\/\/just-now.news\/de\/wp-content\/uploads\/sites\/3\/2022\/07\/62bef05048fbef694b102461.jpg 980w,\n            \" ><!--[if IE 9]><\/video><![endif]--><img decoding=\"async\" data- src=\"data:image\/png;base64,iVBORw0KGgoAAAANSUhEUgAAABAAAAAJCAQAAACRI2S5AAAAEElEQVR42mNkIAAYRxWAAQAG9gAKqv6+AwAAAABJRU5ErkJggg==\" class=\"Picture-root Picture-original lazyload\" data-src=\"http:\/\/just-now.news\/de\/wp-content\/uploads\/sites\/3\/2022\/07\/62bef05048fbef694b102461.jpg\" alt=\"\"><\/source><\/source><\/picture><!-- noscript pattern --><noscript><img decoding=\"async\" src=\"http:\/\/just-now.news\/de\/wp-content\/uploads\/sites\/3\/2022\/07\/62bef05048fbef694b102461.jpg\" alt=\"\"><\/noscript><\/div><figcaption class=\"RTImage-footer\"><span class=\"RTImage-caption\"><span class=\"RTImage-captionItem\">Institut f\u00fcr Staatspolitik<\/span><\/span><span class=\"RTImage-source\"><span class=\"RTImage-captionItem\">RT<\/span><\/span><\/figcaption><\/figure>\n<p>Es stellt sich daher die Frage, warum die Ukrainer, die aus einem Kampfgebiet evakuiert werden m\u00fcssen, nicht in einem anderen Teil der Ukraine Aufnahme finden k\u00f6nnen. Der Fl\u00fcchtlingsstrom lie\u00dfe sich meines Erachtens ohne Weiteres auf die Ukraine und notfalls die unmittelbaren Anrainerstaaten beschr\u00e4nken, was zu einer deutlichen Entspannung in Deutschland f\u00fchren w\u00fcrde. Aber das ist offensichtlich nicht gewollt, sondern hier wird die n\u00e4chste Tatsache nach dem Motto &#8220;Nun sind sie halt da&#8221; geschaffen. Was die Diskriminierung von allem, was russisch ist, betrifft, scheinen sich alte Muster zu wiederholen, die darin bestehen, dass es immer einen S\u00fcndenbock braucht. Da man Putin nicht habhaft werden kann, nimmt man die Russen in G\u00e4nze daf\u00fcr in Haftung, es sei denn, sie distanzieren sind von ihrem Land. Das erinnert an die Hysterie, die in den Vereinigten Staaten bez\u00fcglich der Deutschen und der Japaner herrschte, die man damals kurzerhand inhaftierte.<\/p>\n<p><em><strong>RT DE:\u00a0Sie haben ausdr\u00fccklich in Ihrer Rede in der 22. Fr\u00fchjahrsakademie des <a rel=\"nofollow noopener\" target=\"_blank\" href=\"https:\/\/www.youtube.com\/watch?v=GbQV1pZ1GFA\">IfS<\/a> gesagt, dass Sie in dem Ukraine-Krieg nicht Partei ergreifen wollten, da dieser Konflikt nicht Deutschlands Konflikt sei. Inwieweit ist f\u00fcr Deutschland in diesem Konflikt \u00fcberhaupt eine neutrale Rolle m\u00f6glich, mal angenommen, Deutschland k\u00f6nnte \u00fcberhaupt souver\u00e4n und unabh\u00e4ngig von einer US-Regierung agieren? Ich frage das, weil wir uns im Zuge des Ukraine-Krieges in einer \u00dcbergangsphase zum\u00a0Aufbau einer neuen Weltordnung befinden und sich zeitlich parallel solche Konflikte wie zwischen China und Taiwan oder zwischen Iran und Israel versch\u00e4rfen. Wie ist vor diesem Hintergrund \u00fcberhaupt f\u00fcr Deutschland eine Neutralit\u00e4t m\u00f6glich?<\/strong><\/em><\/p>\n<p>Deutschland ist derzeit ein treuer Vasall der Vereinigten Staaten und der Zahlmeister der Europ\u00e4ischen Union. Beide Konstellationen sorgen daf\u00fcr, dass Deutschland nicht auf die Idee kommt, eigene Wege zu gehen. Wir haben keine Atomwaffen und k\u00f6nnen daher mit vielen Staaten nicht auf Augenh\u00f6he verhandeln. Dass wir nicht \u00fcber diese F\u00e4higkeit der Abschreckung verf\u00fcgen, hat historische Gr\u00fcnde. Die Niederlage im Zweiten Weltkrieg sorgt bis heute daf\u00fcr, dass wir international keine Rolle spielen, die unserer wirtschaftlichen Potenz angemessen w\u00e4re. Die Einf\u00fchrung des Euro war der Preis, ebenso ein Preis, den wir f\u00fcr die Wiedervereinigung zahlen mussten, wie die Fortsetzung der Mitgliedschaft in der NATO. Deutschlands Souver\u00e4nit\u00e4t ist daher ziemlich eingeschr\u00e4nkt und daher sind unsere M\u00f6glichkeiten auf dem internationalen Parkett ziemlich \u00fcberschaubar. Was m\u00f6glich ist, hat Gerhard Schr\u00f6der 2002 gezeigt, als es darum ging, Deutschland aus dem Krieg im Irak herauszuhalten. Es gab etwas Geschimpfe von Amerikanern und Briten, aber sonst passierte nichts. Im Gegenteil: Die Gr\u00fcnde f\u00fcr den Einmarsch im Irak gelten heute als konstruiert, Schr\u00f6ders Entscheidung als richtig. \u00c4hnliches w\u00e4re auch Scholz heute m\u00f6glich gewesen. Die NATO wurde nicht angegriffen, es gibt keinen B\u00fcndnisfall. Die Unterst\u00fctzung der Ukraine k\u00f6nnte sich auf humanit\u00e4re Notlagen beschr\u00e4nken, der Handel mit Russland und der Ukraine k\u00f6nnte weitergehen. Parallel k\u00f6nnte unentwegt an einem Ausweg aus diesem Krieg gearbeitet werden. Einiges von dem w\u00e4re heute schon m\u00f6glich, auch mit eingeschr\u00e4nkter Souver\u00e4nit\u00e4t.<\/p>\n<p>Aber mein Pl\u00e4doyer f\u00fcr die Neutralit\u00e4t hat auch eine pers\u00f6nliche Seite. Wer sich in einem Krieg engagieren will, sollte den Ernstfall nicht aus den Augen verlieren. Im Zweifel ist eine Parteinahme nur dann keine Gro\u00dfm\u00e4uligkeit in der Etappe, wenn man als Politiker bereit ist, in diesem Konflikt eigene Soldaten einzusetzen, oder als B\u00fcrger freiwillig zur Waffe greift (wenn man nicht muss). Ich war Offizier und immer bereit, meine Heimat und die Interessen meiner Nation zu verteidigen. Im Fall der Ukraine sehe ich weder den einen noch den anderen Grund erf\u00fcllt.<\/p>\n<p><strong>Mehr zum Thema<\/strong> \u2013 <a rel=\"nofollow noopener\" target=\"_blank\" href=\"https:\/\/de.rt.com\/international\/142419-kissinger-skizziert-mogliche-szenarien-fur\/\">Kissinger skizziert m\u00f6gliche Szenarien f\u00fcr Ausgang des Ukraine-Konflikts<\/a><\/p>\n<\/p>\n<\/div>\n<p><br \/>\n<br \/><a href=\"https:\/\/de.rt.com\/international\/142429-denker-neuen-rechten-zu-rt\/\">Source link <\/a><\/p>\n","protected":false},"excerpt":{"rendered":"<p>Die deutsche Regierung besteht laut dem Philosophen Erik Lehnert zu einhundert Prozent aus Transatlantikern. Der Gesch\u00e4ftsf\u00fchrer des Instituts f\u00fcr Staatspolitik hat wenig Hoffnung, dass sich die Koalition an der Ukraine-Frage zerlegt. Deutschland sei ein treuer Vasall der USA. Im Zuge des Ukraine-Krieges mehren sich die Anzeichen, dass sich die Welt in einer \u00dcbergangsphase zum\u00a0Aufbau einer [&hellip;]<\/p>\n","protected":false},"author":3,"featured_media":12583,"comment_status":"open","ping_status":"open","sticky":false,"template":"","format":"standard","meta":{"wp_automatic_camp":["217"],"8d13ccff0cd1d1c48974a5c193a15a68":["Denker der Neuen Rechten zu RT: Westen zielt auf endg\u00fcltige Ausschaltung Russlands als Weltmacht ab"],"original_link":["https:\/\/de.rt.com\/international\/142429-denker-neuen-rechten-zu-rt\/"],"_thumbnail_id":["12583"],"_wptg_p2tg_sent2tg":["2022-07-02 11:13:55"],"jnews_social_counter_last_update":["1777521891"]},"categories":[19,23],"tags":[273,133,26552,26549,82,26551,213,26550,142,5835,378,26136],"yoast_head":"<!-- This site is optimized with the Yoast SEO Premium plugin v22.7 (Yoast SEO v22.7) - https:\/\/yoast.com\/wordpress\/plugins\/seo\/ -->\n<title>Denker der Neuen Rechten zu RT: Westen zielt auf endg\u00fcltige Ausschaltung Russlands als Weltmacht ab - just-now.NEWS Deutschland<\/title>\n<meta name=\"robots\" content=\"index, follow, max-snippet:-1, max-image-preview:large, max-video-preview:-1\" \/>\n<link rel=\"canonical\" href=\"https:\/\/now-news.de\/de\/deutschland\/denker-der-neuen-rechten-zu-rt-westen-zielt-auf-endgueltige-ausschaltung-russlands-als-weltmacht-ab\/\" \/>\n<meta property=\"og:locale\" content=\"de_DE\" \/>\n<meta property=\"og:type\" content=\"article\" \/>\n<meta property=\"og:title\" content=\"Denker der Neuen Rechten zu RT: Westen zielt auf endg\u00fcltige Ausschaltung Russlands als Weltmacht ab\" \/>\n<meta property=\"og:description\" content=\"Die deutsche Regierung besteht laut dem Philosophen Erik Lehnert zu einhundert Prozent aus Transatlantikern. Der Gesch\u00e4ftsf\u00fchrer des Instituts f\u00fcr Staatspolitik hat wenig Hoffnung, dass sich die Koalition an der Ukraine-Frage zerlegt. Deutschland sei ein treuer Vasall der USA. Im Zuge des Ukraine-Krieges mehren sich die Anzeichen, dass sich die Welt in einer \u00dcbergangsphase zum\u00a0Aufbau einer [&hellip;]\" \/>\n<meta property=\"og:url\" content=\"https:\/\/now-news.de\/de\/deutschland\/denker-der-neuen-rechten-zu-rt-westen-zielt-auf-endgueltige-ausschaltung-russlands-als-weltmacht-ab\/\" \/>\n<meta property=\"og:site_name\" content=\"just-now.NEWS Deutschland\" \/>\n<meta property=\"article:publisher\" content=\"https:\/\/www.facebook.com\/wirmachenauf\" \/>\n<meta property=\"article:published_time\" content=\"2022-07-02T09:08:05+00:00\" \/>\n<meta property=\"og:image\" content=\"https:\/\/now-news.de\/de\/wp-content\/uploads\/sites\/3\/2022\/07\/Denker-der-Neuen-Rechten-zu-RT-Westen-zielt-auf-endgueltige.jpg\" \/>\n\t<meta property=\"og:image:width\" content=\"1919\" \/>\n\t<meta property=\"og:image:height\" content=\"1080\" \/>\n\t<meta property=\"og:image:type\" content=\"image\/jpeg\" \/>\n<meta name=\"author\" content=\"rtnews\" \/>\n<meta name=\"twitter:card\" content=\"summary_large_image\" \/>\n<meta name=\"twitter:creator\" content=\"@WirMachenAuf_de\" \/>\n<meta name=\"twitter:site\" content=\"@WirMachenAuf_de\" \/>\n<meta name=\"twitter:label1\" content=\"Verfasst von\" \/>\n\t<meta name=\"twitter:data1\" content=\"rtnews\" \/>\n\t<meta name=\"twitter:label2\" content=\"Gesch\u00e4tzte Lesezeit\" \/>\n\t<meta name=\"twitter:data2\" content=\"10\u00a0Minuten\" \/>\n<script type=\"application\/ld+json\" class=\"yoast-schema-graph\">{\"@context\":\"https:\/\/schema.org\",\"@graph\":[{\"@type\":\"Article\",\"@id\":\"https:\/\/now-news.de\/de\/deutschland\/denker-der-neuen-rechten-zu-rt-westen-zielt-auf-endgueltige-ausschaltung-russlands-als-weltmacht-ab\/#article\",\"isPartOf\":{\"@id\":\"https:\/\/now-news.de\/de\/deutschland\/denker-der-neuen-rechten-zu-rt-westen-zielt-auf-endgueltige-ausschaltung-russlands-als-weltmacht-ab\/\"},\"author\":{\"name\":\"rtnews\",\"@id\":\"https:\/\/now-news.de\/de\/#\/schema\/person\/fb534a4e865501d8b3285208df34a9b5\"},\"headline\":\"Denker der Neuen Rechten zu RT: Westen zielt auf endg\u00fcltige Ausschaltung Russlands als Weltmacht ab\",\"datePublished\":\"2022-07-02T09:08:05+00:00\",\"dateModified\":\"2022-07-02T09:08:05+00:00\",\"mainEntityOfPage\":{\"@id\":\"https:\/\/now-news.de\/de\/deutschland\/denker-der-neuen-rechten-zu-rt-westen-zielt-auf-endgueltige-ausschaltung-russlands-als-weltmacht-ab\/\"},\"wordCount\":2083,\"commentCount\":0,\"publisher\":{\"@id\":\"https:\/\/now-news.de\/de\/#organization\"},\"image\":{\"@id\":\"https:\/\/now-news.de\/de\/deutschland\/denker-der-neuen-rechten-zu-rt-westen-zielt-auf-endgueltige-ausschaltung-russlands-als-weltmacht-ab\/#primaryimage\"},\"thumbnailUrl\":\"https:\/\/now-news.de\/de\/wp-content\/uploads\/sites\/3\/2022\/07\/Denker-der-Neuen-Rechten-zu-RT-Westen-zielt-auf-endgueltige.jpg\",\"keywords\":[\"als\",\"AUF\",\"Ausschaltung\",\"Denker\",\"der\",\"endg\u00fcltige\",\"neuen\",\"Rechten\",\"Russlands\",\"Weltmacht\",\"Westen\",\"zielt\"],\"articleSection\":[\"Deutschland\",\"Russland\"],\"inLanguage\":\"de\",\"potentialAction\":[{\"@type\":\"CommentAction\",\"name\":\"Comment\",\"target\":[\"https:\/\/now-news.de\/de\/deutschland\/denker-der-neuen-rechten-zu-rt-westen-zielt-auf-endgueltige-ausschaltung-russlands-als-weltmacht-ab\/#respond\"]}]},{\"@type\":\"WebPage\",\"@id\":\"https:\/\/now-news.de\/de\/deutschland\/denker-der-neuen-rechten-zu-rt-westen-zielt-auf-endgueltige-ausschaltung-russlands-als-weltmacht-ab\/\",\"url\":\"https:\/\/now-news.de\/de\/deutschland\/denker-der-neuen-rechten-zu-rt-westen-zielt-auf-endgueltige-ausschaltung-russlands-als-weltmacht-ab\/\",\"name\":\"Denker der Neuen Rechten zu RT: Westen zielt auf endg\u00fcltige Ausschaltung Russlands als Weltmacht ab - just-now.NEWS Deutschland\",\"isPartOf\":{\"@id\":\"https:\/\/now-news.de\/de\/#website\"},\"primaryImageOfPage\":{\"@id\":\"https:\/\/now-news.de\/de\/deutschland\/denker-der-neuen-rechten-zu-rt-westen-zielt-auf-endgueltige-ausschaltung-russlands-als-weltmacht-ab\/#primaryimage\"},\"image\":{\"@id\":\"https:\/\/now-news.de\/de\/deutschland\/denker-der-neuen-rechten-zu-rt-westen-zielt-auf-endgueltige-ausschaltung-russlands-als-weltmacht-ab\/#primaryimage\"},\"thumbnailUrl\":\"https:\/\/now-news.de\/de\/wp-content\/uploads\/sites\/3\/2022\/07\/Denker-der-Neuen-Rechten-zu-RT-Westen-zielt-auf-endgueltige.jpg\",\"datePublished\":\"2022-07-02T09:08:05+00:00\",\"dateModified\":\"2022-07-02T09:08:05+00:00\",\"breadcrumb\":{\"@id\":\"https:\/\/now-news.de\/de\/deutschland\/denker-der-neuen-rechten-zu-rt-westen-zielt-auf-endgueltige-ausschaltung-russlands-als-weltmacht-ab\/#breadcrumb\"},\"inLanguage\":\"de\",\"potentialAction\":[{\"@type\":\"ReadAction\",\"target\":[\"https:\/\/now-news.de\/de\/deutschland\/denker-der-neuen-rechten-zu-rt-westen-zielt-auf-endgueltige-ausschaltung-russlands-als-weltmacht-ab\/\"]}]},{\"@type\":\"ImageObject\",\"inLanguage\":\"de\",\"@id\":\"https:\/\/now-news.de\/de\/deutschland\/denker-der-neuen-rechten-zu-rt-westen-zielt-auf-endgueltige-ausschaltung-russlands-als-weltmacht-ab\/#primaryimage\",\"url\":\"https:\/\/now-news.de\/de\/wp-content\/uploads\/sites\/3\/2022\/07\/Denker-der-Neuen-Rechten-zu-RT-Westen-zielt-auf-endgueltige.jpg\",\"contentUrl\":\"https:\/\/now-news.de\/de\/wp-content\/uploads\/sites\/3\/2022\/07\/Denker-der-Neuen-Rechten-zu-RT-Westen-zielt-auf-endgueltige.jpg\",\"width\":1919,\"height\":1080,\"caption\":\"Denker der Neuen Rechten zu RT: Westen zielt auf endg\u00fcltige Ausschaltung Russlands als Weltmacht ab\"},{\"@type\":\"BreadcrumbList\",\"@id\":\"https:\/\/now-news.de\/de\/deutschland\/denker-der-neuen-rechten-zu-rt-westen-zielt-auf-endgueltige-ausschaltung-russlands-als-weltmacht-ab\/#breadcrumb\",\"itemListElement\":[{\"@type\":\"ListItem\",\"position\":1,\"name\":\"Home\",\"item\":\"https:\/\/now-news.de\/de\/\"},{\"@type\":\"ListItem\",\"position\":2,\"name\":\"Denker der Neuen Rechten zu RT: Westen zielt auf endg\u00fcltige Ausschaltung Russlands als Weltmacht ab\"}]},{\"@type\":\"WebSite\",\"@id\":\"https:\/\/now-news.de\/de\/#website\",\"url\":\"https:\/\/now-news.de\/de\/\",\"name\":\"just-now.NEWS Deutschland\",\"description\":\"Das Portal f\u00fcr unzensierte Nachrichten aus der Welt\",\"publisher\":{\"@id\":\"https:\/\/now-news.de\/de\/#organization\"},\"potentialAction\":[{\"@type\":\"SearchAction\",\"target\":{\"@type\":\"EntryPoint\",\"urlTemplate\":\"https:\/\/now-news.de\/de\/?s={search_term_string}\"},\"query-input\":\"required name=search_term_string\"}],\"inLanguage\":\"de\"},{\"@type\":\"Organization\",\"@id\":\"https:\/\/now-news.de\/de\/#organization\",\"name\":\"Just Now News\",\"url\":\"https:\/\/now-news.de\/de\/\",\"logo\":{\"@type\":\"ImageObject\",\"inLanguage\":\"de\",\"@id\":\"https:\/\/now-news.de\/de\/#\/schema\/logo\/image\/\",\"url\":\"http:\/\/just-now.news\/de\/wp-content\/uploads\/sites\/3\/2022\/04\/logo500x500.jpg\",\"contentUrl\":\"http:\/\/just-now.news\/de\/wp-content\/uploads\/sites\/3\/2022\/04\/logo500x500.jpg\",\"width\":500,\"height\":500,\"caption\":\"Just Now News\"},\"image\":{\"@id\":\"https:\/\/now-news.de\/de\/#\/schema\/logo\/image\/\"},\"sameAs\":[\"https:\/\/www.facebook.com\/wirmachenauf\",\"https:\/\/x.com\/WirMachenAuf_de\"]},{\"@type\":\"Person\",\"@id\":\"https:\/\/now-news.de\/de\/#\/schema\/person\/fb534a4e865501d8b3285208df34a9b5\",\"name\":\"rtnews\",\"image\":{\"@type\":\"ImageObject\",\"inLanguage\":\"de\",\"@id\":\"https:\/\/now-news.de\/de\/#\/schema\/person\/image\/\",\"url\":\"https:\/\/secure.gravatar.com\/avatar\/82aafea7d8127119dd649515f56e2117?s=96&d=mm&r=g\",\"contentUrl\":\"https:\/\/secure.gravatar.com\/avatar\/82aafea7d8127119dd649515f56e2117?s=96&d=mm&r=g\",\"caption\":\"rtnews\"},\"url\":\"https:\/\/now-news.de\/de\/author\/rnews\/\"}]}<\/script>\n<!-- \/ Yoast SEO Premium plugin. -->","yoast_head_json":{"title":"Denker der Neuen Rechten zu RT: Westen zielt auf endg\u00fcltige Ausschaltung Russlands als Weltmacht ab - just-now.NEWS Deutschland","robots":{"index":"index","follow":"follow","max-snippet":"max-snippet:-1","max-image-preview":"max-image-preview:large","max-video-preview":"max-video-preview:-1"},"canonical":"https:\/\/now-news.de\/de\/deutschland\/denker-der-neuen-rechten-zu-rt-westen-zielt-auf-endgueltige-ausschaltung-russlands-als-weltmacht-ab\/","og_locale":"de_DE","og_type":"article","og_title":"Denker der Neuen Rechten zu RT: Westen zielt auf endg\u00fcltige Ausschaltung Russlands als Weltmacht ab","og_description":"Die deutsche Regierung besteht laut dem Philosophen Erik Lehnert zu einhundert Prozent aus Transatlantikern. Der Gesch\u00e4ftsf\u00fchrer des Instituts f\u00fcr Staatspolitik hat wenig Hoffnung, dass sich die Koalition an der Ukraine-Frage zerlegt. Deutschland sei ein treuer Vasall der USA. Im Zuge des Ukraine-Krieges mehren sich die Anzeichen, dass sich die Welt in einer \u00dcbergangsphase zum\u00a0Aufbau einer [&hellip;]","og_url":"https:\/\/now-news.de\/de\/deutschland\/denker-der-neuen-rechten-zu-rt-westen-zielt-auf-endgueltige-ausschaltung-russlands-als-weltmacht-ab\/","og_site_name":"just-now.NEWS Deutschland","article_publisher":"https:\/\/www.facebook.com\/wirmachenauf","article_published_time":"2022-07-02T09:08:05+00:00","og_image":[{"width":1919,"height":1080,"url":"https:\/\/now-news.de\/de\/wp-content\/uploads\/sites\/3\/2022\/07\/Denker-der-Neuen-Rechten-zu-RT-Westen-zielt-auf-endgueltige.jpg","type":"image\/jpeg"}],"author":"rtnews","twitter_card":"summary_large_image","twitter_creator":"@WirMachenAuf_de","twitter_site":"@WirMachenAuf_de","twitter_misc":{"Verfasst von":"rtnews","Gesch\u00e4tzte Lesezeit":"10\u00a0Minuten"},"schema":{"@context":"https:\/\/schema.org","@graph":[{"@type":"Article","@id":"https:\/\/now-news.de\/de\/deutschland\/denker-der-neuen-rechten-zu-rt-westen-zielt-auf-endgueltige-ausschaltung-russlands-als-weltmacht-ab\/#article","isPartOf":{"@id":"https:\/\/now-news.de\/de\/deutschland\/denker-der-neuen-rechten-zu-rt-westen-zielt-auf-endgueltige-ausschaltung-russlands-als-weltmacht-ab\/"},"author":{"name":"rtnews","@id":"https:\/\/now-news.de\/de\/#\/schema\/person\/fb534a4e865501d8b3285208df34a9b5"},"headline":"Denker der Neuen Rechten zu RT: Westen zielt auf endg\u00fcltige Ausschaltung Russlands als Weltmacht ab","datePublished":"2022-07-02T09:08:05+00:00","dateModified":"2022-07-02T09:08:05+00:00","mainEntityOfPage":{"@id":"https:\/\/now-news.de\/de\/deutschland\/denker-der-neuen-rechten-zu-rt-westen-zielt-auf-endgueltige-ausschaltung-russlands-als-weltmacht-ab\/"},"wordCount":2083,"commentCount":0,"publisher":{"@id":"https:\/\/now-news.de\/de\/#organization"},"image":{"@id":"https:\/\/now-news.de\/de\/deutschland\/denker-der-neuen-rechten-zu-rt-westen-zielt-auf-endgueltige-ausschaltung-russlands-als-weltmacht-ab\/#primaryimage"},"thumbnailUrl":"https:\/\/now-news.de\/de\/wp-content\/uploads\/sites\/3\/2022\/07\/Denker-der-Neuen-Rechten-zu-RT-Westen-zielt-auf-endgueltige.jpg","keywords":["als","AUF","Ausschaltung","Denker","der","endg\u00fcltige","neuen","Rechten","Russlands","Weltmacht","Westen","zielt"],"articleSection":["Deutschland","Russland"],"inLanguage":"de","potentialAction":[{"@type":"CommentAction","name":"Comment","target":["https:\/\/now-news.de\/de\/deutschland\/denker-der-neuen-rechten-zu-rt-westen-zielt-auf-endgueltige-ausschaltung-russlands-als-weltmacht-ab\/#respond"]}]},{"@type":"WebPage","@id":"https:\/\/now-news.de\/de\/deutschland\/denker-der-neuen-rechten-zu-rt-westen-zielt-auf-endgueltige-ausschaltung-russlands-als-weltmacht-ab\/","url":"https:\/\/now-news.de\/de\/deutschland\/denker-der-neuen-rechten-zu-rt-westen-zielt-auf-endgueltige-ausschaltung-russlands-als-weltmacht-ab\/","name":"Denker der Neuen Rechten zu RT: Westen zielt auf endg\u00fcltige Ausschaltung Russlands als Weltmacht ab - just-now.NEWS Deutschland","isPartOf":{"@id":"https:\/\/now-news.de\/de\/#website"},"primaryImageOfPage":{"@id":"https:\/\/now-news.de\/de\/deutschland\/denker-der-neuen-rechten-zu-rt-westen-zielt-auf-endgueltige-ausschaltung-russlands-als-weltmacht-ab\/#primaryimage"},"image":{"@id":"https:\/\/now-news.de\/de\/deutschland\/denker-der-neuen-rechten-zu-rt-westen-zielt-auf-endgueltige-ausschaltung-russlands-als-weltmacht-ab\/#primaryimage"},"thumbnailUrl":"https:\/\/now-news.de\/de\/wp-content\/uploads\/sites\/3\/2022\/07\/Denker-der-Neuen-Rechten-zu-RT-Westen-zielt-auf-endgueltige.jpg","datePublished":"2022-07-02T09:08:05+00:00","dateModified":"2022-07-02T09:08:05+00:00","breadcrumb":{"@id":"https:\/\/now-news.de\/de\/deutschland\/denker-der-neuen-rechten-zu-rt-westen-zielt-auf-endgueltige-ausschaltung-russlands-als-weltmacht-ab\/#breadcrumb"},"inLanguage":"de","potentialAction":[{"@type":"ReadAction","target":["https:\/\/now-news.de\/de\/deutschland\/denker-der-neuen-rechten-zu-rt-westen-zielt-auf-endgueltige-ausschaltung-russlands-als-weltmacht-ab\/"]}]},{"@type":"ImageObject","inLanguage":"de","@id":"https:\/\/now-news.de\/de\/deutschland\/denker-der-neuen-rechten-zu-rt-westen-zielt-auf-endgueltige-ausschaltung-russlands-als-weltmacht-ab\/#primaryimage","url":"https:\/\/now-news.de\/de\/wp-content\/uploads\/sites\/3\/2022\/07\/Denker-der-Neuen-Rechten-zu-RT-Westen-zielt-auf-endgueltige.jpg","contentUrl":"https:\/\/now-news.de\/de\/wp-content\/uploads\/sites\/3\/2022\/07\/Denker-der-Neuen-Rechten-zu-RT-Westen-zielt-auf-endgueltige.jpg","width":1919,"height":1080,"caption":"Denker der Neuen Rechten zu RT: Westen zielt auf endg\u00fcltige Ausschaltung Russlands als Weltmacht ab"},{"@type":"BreadcrumbList","@id":"https:\/\/now-news.de\/de\/deutschland\/denker-der-neuen-rechten-zu-rt-westen-zielt-auf-endgueltige-ausschaltung-russlands-als-weltmacht-ab\/#breadcrumb","itemListElement":[{"@type":"ListItem","position":1,"name":"Home","item":"https:\/\/now-news.de\/de\/"},{"@type":"ListItem","position":2,"name":"Denker der Neuen Rechten zu RT: Westen zielt auf endg\u00fcltige Ausschaltung Russlands als Weltmacht ab"}]},{"@type":"WebSite","@id":"https:\/\/now-news.de\/de\/#website","url":"https:\/\/now-news.de\/de\/","name":"just-now.NEWS Deutschland","description":"Das Portal f\u00fcr unzensierte Nachrichten aus der Welt","publisher":{"@id":"https:\/\/now-news.de\/de\/#organization"},"potentialAction":[{"@type":"SearchAction","target":{"@type":"EntryPoint","urlTemplate":"https:\/\/now-news.de\/de\/?s={search_term_string}"},"query-input":"required name=search_term_string"}],"inLanguage":"de"},{"@type":"Organization","@id":"https:\/\/now-news.de\/de\/#organization","name":"Just Now News","url":"https:\/\/now-news.de\/de\/","logo":{"@type":"ImageObject","inLanguage":"de","@id":"https:\/\/now-news.de\/de\/#\/schema\/logo\/image\/","url":"http:\/\/just-now.news\/de\/wp-content\/uploads\/sites\/3\/2022\/04\/logo500x500.jpg","contentUrl":"http:\/\/just-now.news\/de\/wp-content\/uploads\/sites\/3\/2022\/04\/logo500x500.jpg","width":500,"height":500,"caption":"Just Now News"},"image":{"@id":"https:\/\/now-news.de\/de\/#\/schema\/logo\/image\/"},"sameAs":["https:\/\/www.facebook.com\/wirmachenauf","https:\/\/x.com\/WirMachenAuf_de"]},{"@type":"Person","@id":"https:\/\/now-news.de\/de\/#\/schema\/person\/fb534a4e865501d8b3285208df34a9b5","name":"rtnews","image":{"@type":"ImageObject","inLanguage":"de","@id":"https:\/\/now-news.de\/de\/#\/schema\/person\/image\/","url":"https:\/\/secure.gravatar.com\/avatar\/82aafea7d8127119dd649515f56e2117?s=96&d=mm&r=g","contentUrl":"https:\/\/secure.gravatar.com\/avatar\/82aafea7d8127119dd649515f56e2117?s=96&d=mm&r=g","caption":"rtnews"},"url":"https:\/\/now-news.de\/de\/author\/rnews\/"}]}},"_links":{"self":[{"href":"https:\/\/now-news.de\/de\/wp-json\/wp\/v2\/posts\/12582"}],"collection":[{"href":"https:\/\/now-news.de\/de\/wp-json\/wp\/v2\/posts"}],"about":[{"href":"https:\/\/now-news.de\/de\/wp-json\/wp\/v2\/types\/post"}],"author":[{"embeddable":true,"href":"https:\/\/now-news.de\/de\/wp-json\/wp\/v2\/users\/3"}],"replies":[{"embeddable":true,"href":"https:\/\/now-news.de\/de\/wp-json\/wp\/v2\/comments?post=12582"}],"version-history":[{"count":0,"href":"https:\/\/now-news.de\/de\/wp-json\/wp\/v2\/posts\/12582\/revisions"}],"wp:featuredmedia":[{"embeddable":true,"href":"https:\/\/now-news.de\/de\/wp-json\/wp\/v2\/media\/12583"}],"wp:attachment":[{"href":"https:\/\/now-news.de\/de\/wp-json\/wp\/v2\/media?parent=12582"}],"wp:term":[{"taxonomy":"category","embeddable":true,"href":"https:\/\/now-news.de\/de\/wp-json\/wp\/v2\/categories?post=12582"},{"taxonomy":"post_tag","embeddable":true,"href":"https:\/\/now-news.de\/de\/wp-json\/wp\/v2\/tags?post=12582"}],"curies":[{"name":"wp","href":"https:\/\/api.w.org\/{rel}","templated":true}]}}