{"id":12525,"date":"2022-07-01T18:40:03","date_gmt":"2022-07-01T16:40:03","guid":{"rendered":"http:\/\/just-now.news\/de\/deutschland\/energie-engpass-in-deutschland-schlimmer-als-in-einem-kriegsland-ukraine-muss-strom-exportieren\/"},"modified":"2022-07-01T18:40:03","modified_gmt":"2022-07-01T16:40:03","slug":"energie-engpass-in-deutschland-schlimmer-als-in-einem-kriegsland-ukraine-muss-strom-exportieren","status":"publish","type":"post","link":"https:\/\/now-news.de\/de\/deutschland\/energie-engpass-in-deutschland-schlimmer-als-in-einem-kriegsland-ukraine-muss-strom-exportieren\/","title":{"rendered":"Energie-Engpass in Deutschland schlimmer als in einem Kriegsland? Ukraine muss Strom exportieren"},"content":{"rendered":"<p><img decoding=\"async\" src=\"http:\/\/just-now.news\/de\/wp-content\/uploads\/sites\/3\/2022\/07\/62be8a91b480cc449674d03b.jpg\" \/><\/p>\n<div class=\"Text-root Text-type_1 \">\n                Die Ukraine hat nach Angaben ihres Pr\u00e4sidenten Wladimir Selenskij mit dem Export von Atomstrom nach Europa begonnen. Dadurch soll die derzeit drohende Gefahr eines europaweiten Blackouts verringert werden. Auch Kohlekraftwerke sollen wieder ans Netz gehen. Doch kann das die Katastrophe noch verhindern?\n            <\/div>\n<p><\/p>\n<div class=\"Text-root Text-type_5 ArticleView-text ViewText-root \">\n<p>Der freiwillige Verzicht auf konventionelle Kraftwerke im Zuge der Energiewende in Deutschland sowie der Ausfall\u00a0 nahezu der H\u00e4lfte aller Atommeiler in Frankreich sorgen derzeit nicht nur f\u00fcr exorbitant hohe Energiepreise, sondern auch f\u00fcr einen kritischen Energie-Engpass in Deutschland. Angesichts der deshalb drohenden Blackouts in Mitteleuropa hatte die vom Krieg gebeutelte Ukraine der\u00a0Europ\u00e4ischen Union\u00a0vor wenigen Tagen angeboten, Atomstrom nach Deutschland zu liefern, um so zur Energiesicherheit beizutragen. Dieses Angebot wurde von der Regierung offenbar dankend angenommen. Denn nach Angaben von Pr\u00e4sident Wladimir Selenskij hat das osteurop\u00e4ische Land bereits damit begonnen, Strom in die EU zu liefern.<\/p>\n<p><strong>Ukraine rettet Europa vor Blackout\u00a0\u00a0<\/strong><\/p>\n<p>&#8220;Eine wichtige Etappe unserer Ann\u00e4herung an die Europ\u00e4ische Union wurde erreicht&#8221;, erkl\u00e4rte der ukrainische Pr\u00e4sident am Donnerstagabend in einer Videobotschaft. Die Ukraine &#8220;hat begonnen, \u00fcber Rum\u00e4nien in bedeutendem Ma\u00dfe Strom in das Territorium der EU zu exportieren.&#8221; Allerdings sei das &#8220;nur die erste Etappe. Wir bereiten eine Erh\u00f6hung der Lieferungen vor&#8221;, erl\u00e4uterte Selenskij.\u00a0&#8220;Ukrainischer Strom kann einen bedeutenden Teil des von den Europ\u00e4ern verbrauchten russischen Gases ersetzen.&#8221; Dabei gehe es &#8220;nicht nur um Exporteinnahmen f\u00fcr uns&#8221;, so der Pr\u00e4sident weiter. Vielmehr sei es &#8220;eine Frage der Sicherheit f\u00fcr ganz Europa.&#8221;<\/p>\n<p>Bereits im M\u00e4rz war die Ukraine an das europ\u00e4ische Stromnetz angeschlossen worden, nachdem das Land seinen Anschluss an das russische Netz infolge des Ukraine-Kriegs zuvor gekappt hatte. Mit dem nun begonnenen Transfer von Strom in die EU reagiert die Ukraine sowohl auf die kriegsbedingte nachlassende Nachfrage nach Energie im eigenen Land als auch auf die sich h\u00e4ufenden Meldungen \u00fcber Stromausf\u00e4lle in ganz Europa. Der eine hat, was der andere ben\u00f6tigt\u00a0\u2013 und umgekehrt. Beide profitierten davon, erkl\u00e4rte EU-Kommissionspr\u00e4sidentin Ursula von der Leyen am Donnerstag auf Twitter:\u00a0<\/p>\n<blockquote>\n<p>&#8220;<em>Es wird der EU eine zus\u00e4tzliche Stromquelle bieten und der Ukraine dringend ben\u00f6tigte Einnahmen. Deswegen profitieren wir beide.<\/em>&#8220;<\/p>\n<\/blockquote>\n<div class=\"EmbedBlock-root EmbedBlock-twitter\">\n<div class=\"TwitterEmbed\">\n<blockquote class=\"twitter-tweet lazyload\" data-twitter=\"twitter-tweet\">\n<p lang=\"en\" dir=\"ltr\">???????????????? Very glad to announce that as of today, Ukraine can export electricity to the EU market. It will provide an additional source of electricity for the EU.And much-needed revenues to Ukraine.So we both benefit. <a rel=\"nofollow noopener\" target=\"_blank\" href=\"https:\/\/twitter.com\/hashtag\/StrongerTogether?src=hash&amp;ref_src=twsrc%5Etfw\">#StrongerTogether<\/a><a rel=\"nofollow noopener\" target=\"_blank\" href=\"https:\/\/t.co\/1BG600uUJt\">pic.twitter.com\/1BG600uUJt<\/a><\/p>\n<p>\u2014 Ursula von der Leyen (@vonderleyen) <a rel=\"nofollow noopener\" target=\"_blank\" href=\"https:\/\/twitter.com\/vonderleyen\/status\/1542459370633584640?ref_src=twsrc%5Etfw\">June 30, 2022<\/a><\/p><\/blockquote>\n<\/div>\n<\/div>\n<p>W\u00e4hrend die Ukraine dringend auf neue finanzielle Einnahmequellen angewiesen ist und deshalb nach Abnehmern f\u00fcr ihren zu viel produzierten Strom sucht, ist die EU hingegen auf der Suche nach neuen Energieversorgern, um den derzeit in Europa herrschenden Strommangel zu kompensieren, der zunehmend in einem Blackout zu enden droht.\u00a0<\/p>\n<p><strong>Deutschlands gr\u00fcne Energiewende gef\u00e4hrdet die Stromversorgung in ganz Europa\u00a0<\/strong><\/p>\n<p>Schuld daran ist mitunter auch Deutschland. Durch das schrittweise Abschalten der konventionellen Kraftwerke infolge der Energiewende in Deutschland hat sich das Risiko eines Blackouts in Europa deutlich erh\u00f6ht. Denn Photovoltaikanlagen und Windr\u00e4der sind nicht dazu in der Lage, konstant Strom zu produzieren. Das liegt daran, dass sie von externen Faktoren wie passenden Wetterbedingungen abh\u00e4ngig sind. Was ist, wenn kein Wind geht oder in den Wintermonaten weniger Sonne scheint? Woher kommt dann der Strom?<\/p>\n<p>Das Bundesamt f\u00fcr Bev\u00f6lkerungsschutz in Bonn bewertete\u00a0 in seiner aktuellen \u00dcbersicht mitunter auch deswegen die Wahrscheinlichkeit, dass in Deutschland eine durch einen Stromausfall verursachte Katastrophe eintritt, h\u00f6her als jede andere Gefahr. Der\u00a0ukrainische Energieminister Herman Haluschenko hatte Deutschland vergangene Woche deshalb die Lieferung von Atomstrom angeboten. So k\u00f6nne &#8220;eine Art Versicherungspolster in Zeiten witterungsbedingt r\u00fcckl\u00e4ufiger Erzeugung aus Solar- und Windkraftanlagen&#8221; entstehen, schrieb er in einem Gastbeitrag f\u00fcr die <em>Wirtschaftswoche<\/em>. &#8220;Im Bereich der Dekarbonisierung bewegt sich die Ukraine in einer anderen Logik als Deutschland.&#8221; Daher w\u00fcrde mehr als die H\u00e4lfte des ukrainischen Stroms in\u00a0Atomkraftwerken\u00a0erzeugt:<\/p>\n<blockquote>\n<p>&#8220;<em>Damit kann die Ukraine, die seit dem 16. M\u00e4rz ihr Energienetz mit dem Verband Europ\u00e4ischer \u00dcbertragungsnetzbetreiber synchronisiert hat, zum Outsourcer von Strom f\u00fcr Deutschland werden.<\/em>&#8220;<\/p>\n<\/blockquote>\n<p><strong>Frankreichs Atommeiler stehen pl\u00f6tzlich still<\/strong><\/p>\n<p>Der andere Grund f\u00fcr den drohenden Blackout in Europa findet sich in Frankreich. Dort hat sich von der Bev\u00f6lkerung weitestgehend unbemerkt eine zweite Stromkrise zusammengebraut. Frankreich betreibt 56 Kernkraftwerke, die nicht nur das Land, sondern auch Deutschland und die Schweiz mit Strom versorgen\u00a0\u2013 normalerweise\u00a0\u2013, denn derzeit ist mehr als\u00a0die H\u00e4lfte der Leistung franz\u00f6sischer Atomkraftwerke nicht verf\u00fcgbar. Zw\u00f6lf der sonst 56 Reaktoren musste der staatlich kontrollierte Energiekonzern\u00a0EDF\u00a0nach eigenen Angaben unvorhergesehen vom Netz nehmen, nachdem an vielen Reaktoren Korrosionssch\u00e4den\u00a0an Schwei\u00dfn\u00e4hten festgestellt wurden.<\/p>\n<p>Diese sogenannten &#8220;Spannungsrisskorrosionen&#8221; betr\u00e4fen das Leitungssystem, \u00fcber das im Notfall borhaltiges Wasser in den Prim\u00e4rkreislauf,\u00a0den sicherheitskritischen Bereich des Reaktors, eingeleitet werden kann. Von den Korrosionssch\u00e4den seien jedoch nicht nur die \u00e4lteren Anlagen betroffen, erkl\u00e4rte EDF, sondern auch die modernsten und leistungsst\u00e4rksten Kraftwerke in Frankreich. Deshalb ist zu bef\u00fcrchten, dass bei den\u00a0noch anstehenden Untersuchungen<strong>\u00a0<\/strong>weiterer Reaktoren auch weitere Korrosionssch\u00e4den gefunden werden. Das w\u00e4re eine Katastrophe f\u00fcr die Energiesicherheit in Europa, denn die Reparaturen dauern Monate.\u00a0<\/p>\n<p>Neben den unvorhergesehenen Abschaltungen stehen gegenw\u00e4rtig auch mehr Kernkraftwerke als \u00fcblich wegen routinem\u00e4\u00dfiger Wartungsarbeiten still. Au\u00dferdem mussten einige Reaktoren wegen\u00a0warmer Flusswassertemperaturen<strong>\u00a0<\/strong>als Folge der Hitzewelle im Juni heruntergefahren werden, weil das zu warme Wasser nicht mehr als dringend ben\u00f6tigtes K\u00fchlwasser verwendet werden konnte.\u00a0<\/p>\n<p><strong>Weshalb ist die Stromversorgung gef\u00e4hrdet?<\/strong><\/p>\n<p>Vieles h\u00e4ngt dabei vom instabilen Stromnetz ab. Es sind\u00a0 nicht viele Faktoren n\u00f6tig, um das empfindliche System zum kompletten Absturz zu bringen.\u00a0Auch wenn Wind und Sonne nicht immer zur Verf\u00fcgung stehen, muss das europ\u00e4ische Stromnetz stets ausglichen sein. Wird dieses nicht konstant bei 50 Hertz Netzfrequenz stabilisiert, drohen Stromausf\u00e4lle. Bei\u00a0einer zu starken Abweichungen der Netzfrequenz vom Idealwert droht sogar der Zusammenbruch der Stromversorgung \u2013 ein Blackout.\u00a0<\/p>\n<p>Sobald bei einem Unterangebot von Strom ein Wert von 47,5 Hertz unterschritten wird, beginnen s\u00e4mtliche Kraftwerke damit, sich selbstst\u00e4ndig abzuschalten\u00a0\u2013 europaweit. Ein schnelles Wiederhochfahren des komplexen Systems ist dann nicht mehr m\u00f6glich.\u00a0Europa w\u00e4re zur\u00fcck in der Steinzeit. Fiele der Strom nur ein paar Tage \u00fcber mehrere L\u00e4nder hinweg aus, k\u00e4men die Menschen schnell an ihre Grenzen, weil &#8220;zum Beispiel die Trinkwasserversorgung zusammenbrechen und die Versorgung auch mit Dieselkraftstoff f\u00fcr die Notstromaggregate problematisch werden w\u00fcrde&#8221;, erkl\u00e4rte Wolfram Geier vom Bundesamt f\u00fcr Bev\u00f6lkerungsschutz und Katastrophenhilfe im Gespr\u00e4ch mit dem\u00a0<em>Deutschlandfunk<\/em>.<\/p>\n<p>So g\u00e4be es ohne Strom nicht nur kein Licht, sondern auch keine Toilettensp\u00fclung, keine Heizung und auch kein Internet. Z\u00fcge und Stra\u00dfenbahnen w\u00fcrden nicht mehr fahren und auch die kritische Infrastruktur k\u00e4me zum Erliegen. Es betr\u00e4fe zudem Operationen, die nicht mehr durchgef\u00fchrt werden k\u00f6nnten, wie das Finanzsystem. Wirklich alles st\u00fcnde still\u00a0\u2013 mit katastrophalen Konsequenzen. Deshalb <a rel=\"nofollow noopener\" target=\"_blank\" href=\"https:\/\/dserver.bundestag.de\/btd\/17\/056\/1705672.pdf\">warnt<\/a> das\u00a0B\u00fcro f\u00fcr Technikfolgenabsch\u00e4tzung des Deutschen Bundestags bereits seit Jahren vor einem Blackout:<\/p>\n<blockquote>\n<p><em>&#8220;Die Folgenanalysen haben gezeigt, dass bereits nach wenigen Tagen im betroffenen Gebiet die fl\u00e4chendeckende und bedarfsgerechte Versorgung der Bev\u00f6lkerung mit lebensnotwendigen G\u00fctern und Dienstleistungen nicht mehr sicherzustellen ist. Die \u00f6ffentliche Sicherheit ist gef\u00e4hrdet, der grundgesetzlich verankerten Schutzpflicht f\u00fcr Leib und Leben seiner B\u00fcrger kann der Staat nicht mehr gerecht werden.&#8221;<\/em><\/p>\n<\/blockquote>\n<p><strong>Kohlekraftwerke sollen helfen &#8211; doch es gibt Probleme\u00a0<\/strong><\/p>\n<p>Angesichts\u00a0des auch wegen der Folgen des Krieges in der Ukraine drohenden Zusammenbruchs der Energieversorgung plant Deutschland derzeit deshalb auch, stillgelegte Kohlekraftwerke wieder hoch zufahren. Nach Ansicht des Bundeswirtschaftsministers Robert Habeck (B\u00fcndnis 90\/Die Gr\u00fcnen) l\u00e4ge der\u00a0Vorteil der Kohlekraftwerke darin, dass die Betreiber sie mit relativ kurzer Vorlaufzeit hochfahren k\u00f6nnten.\u00a0Der Gr\u00fcnen-Politiker macht den Kraftwerksbetreibern deshalb schon jetzt ordentlich Druck. Diese sollten sich demnach &#8220;darauf einstellen, dass alles so bald wie m\u00f6glich einsatzbereit ist&#8221;. Doch ob die Kohlekraftwerke tats\u00e4chlich kurzfristig hochgefahren werden k\u00f6nnen, ist fraglich.\u00a0<\/p>\n<p>Viele Kraftwerksbetreiber waren wegen der durch die Bundesregierung beschlossenen Zwangsstilllegungen ihrer Kraftwerke vor wenigen Jahren gezwungen, den ihnen daraus entstanden wirtschaftlichen Schaden zu mindern. Es folgten Entlassungen und f\u00fcr den Betrieb der Anlagen ben\u00f6tigte Teile wurden ins Ausland verkauft. Zweifel daran, ob die Kraftwerke das n\u00f6tige Personal, die Kohle und die Ersatzteile haben, um kurzfristig wieder einsatzbereit zu sein, gibt es bei der Bundesregierung jedoch offensichtlich nicht. Denn ob es \u00fcberhaupt machbar ist, die Anlagen wieder hochzufahren, wurde vor den Verlautbarungen Habecks seltsamerweise nicht \u00fcberpr\u00fcft.<\/p>\n<p>Sollte das Hochfahren doch nicht so einfach klappen, droht Deutschland trotz der ukrainischen Stromlieferungen eine Energiekatastrophe. Und dieser Verdacht scheint sich nun zu bewahrheiten. So erhob unter anderem der Energiekonzern Vattenfall Einw\u00e4nde gegen die Forderungen der Bundesregierung nach einem Wiederanfahren des stillgelegten Kohlekraftwerks Moorburg.<\/p>\n<p>&#8220;Als Kohlekraftwerk darf es nach den geltenden Regularien nicht mehr betrieben werden und es w\u00e4re technisch und wirtschaftlich auch nicht vern\u00fcnftig darstellbar&#8221;, erkl\u00e4rte eine Sprecherin von Vattenfall am Montag der <em>dpa<\/em>. Deshalb bereite\u00a0Vattenfall auch weiter den R\u00fcckbau des Kraftwerks im Hamburger Hafen vor. Die noch rund 90 Besch\u00e4ftigten im Kraftwerk h\u00e4tten demnach bereits damit begonnen, die Systeme zu entleeren, so die Sprecherin weiter. Zudem seien bereits Ersatz- und Reserveteile des Kraftwerks sowie Gro\u00dfkomponenten von Turbinen, Generatoren, Transformatoren und Messeinrichtungen verkauft worden. Ohne diese Teile ist ein Wiederanfahren des Kraftwerks ohnehin nicht m\u00f6glich.<\/p>\n<p>Daneben steht den Pl\u00e4nen der Bundesregierung auch ein herrschender Mangel an Fachkr\u00e4ften entgegen, da diese im Zuge der Schlie\u00dfungen in Fr\u00fchrente geschickt oder gek\u00fcndigt werden mussten. Angesichts der akuten Lage st\u00f6\u00dft das nun bitter auf. Somit ist fraglich, ob die Einspeisung von ukrainischem Strom in das europ\u00e4ische Netz die drohende Katastrophe \u00fcberhaupt noch verhindern kann. Zwar konnten fl\u00e4chendeckende Stromausf\u00e4lle bisher noch verhindert werden, allerdings nur knapp.\u00a0<\/p>\n<p>Zuletzt stand Europa am <a rel=\"nofollow noopener\" target=\"_blank\" href=\"https:\/\/crisis-prevention.de\/kommunikation-it\/schwerwiegender-zwischenfall-im-europaeischen-stromversorgungssystem-am-8-jaenner-2021.html\">8. Januar\u00a02021<\/a> kurz davor, im Dunkeln zu versinken. An diesem Tag war die Frequenz von 50 Hertz auf etwas mehr als 49,7 Hertz abgesackt. Dieser minimale Unterschied h\u00e4tte beinahe einen europaweiten Stromausfall provoziert. Zwar ist auch an diesem Tag wieder alles gut ausgegangen, doch da die autonome Steuerung der sensiblen Infrastruktur kein Abwarten kennt, r\u00fcckt ein Blackout angesichts der derzeitigen Energiekrise immer n\u00e4her.<\/p>\n<p><strong>Mehr zum Thema\u00a0<\/strong>\u2013<strong><\/strong><a rel=\"nofollow noopener\" target=\"_blank\" href=\"https:\/\/test.rtde.tech\/meinung\/138259-ist-deutschland-bereit-fur-blackout\/\">Ist Deutschland bereit f\u00fcr den Blackout?<\/a><\/p>\n<\/div>\n<p><script async src=\"https:\/\/platform.twitter.com\/widgets.js\" charset=\"utf-8\"><\/script><br \/>\n<br \/><br \/>\n<br \/><a href=\"https:\/\/de.rt.com\/inland\/142393-energie-engpass-in-deutschland\/\">Source link <\/a><\/p>\n","protected":false},"excerpt":{"rendered":"<p>Die Ukraine hat nach Angaben ihres Pr\u00e4sidenten Wladimir Selenskij mit dem Export von Atomstrom nach Europa begonnen. Dadurch soll die derzeit drohende Gefahr eines europaweiten Blackouts verringert werden. Auch Kohlekraftwerke sollen wieder ans Netz gehen. Doch kann das die Katastrophe noch verhindern? Der freiwillige Verzicht auf konventionelle Kraftwerke im Zuge der Energiewende in Deutschland sowie [&hellip;]<\/p>\n","protected":false},"author":3,"featured_media":12526,"comment_status":"open","ping_status":"open","sticky":false,"template":"","format":"standard","meta":{"wp_automatic_camp":["217"],"86f3e80bdb09cdbbd78d4dc62c32ae24":["Energie-Engpass in Deutschland schlimmer als in einem Kriegsland? Ukraine muss Strom exportieren"],"original_link":["https:\/\/de.rt.com\/inland\/142393-energie-engpass-in-deutschland\/"],"_thumbnail_id":["12526"],"_wptg_p2tg_sent2tg":["2022-07-01 18:45:56"],"jnews_social_counter_last_update":["1777218631"]},"categories":[19,23],"tags":[273,179,352,26468,11245,26469,534,12806,20298,127],"yoast_head":"<!-- This site is optimized with the Yoast SEO Premium plugin v22.7 (Yoast SEO v22.7) - https:\/\/yoast.com\/wordpress\/plugins\/seo\/ -->\n<title>Energie-Engpass in Deutschland schlimmer als in einem Kriegsland? Ukraine muss Strom exportieren - just-now.NEWS Deutschland<\/title>\n<meta name=\"robots\" content=\"index, follow, max-snippet:-1, max-image-preview:large, max-video-preview:-1\" \/>\n<link rel=\"canonical\" href=\"https:\/\/now-news.de\/de\/deutschland\/energie-engpass-in-deutschland-schlimmer-als-in-einem-kriegsland-ukraine-muss-strom-exportieren\/\" \/>\n<meta property=\"og:locale\" content=\"de_DE\" \/>\n<meta property=\"og:type\" content=\"article\" \/>\n<meta property=\"og:title\" content=\"Energie-Engpass in Deutschland schlimmer als in einem Kriegsland? Ukraine muss Strom exportieren\" \/>\n<meta property=\"og:description\" content=\"Die Ukraine hat nach Angaben ihres Pr\u00e4sidenten Wladimir Selenskij mit dem Export von Atomstrom nach Europa begonnen. Dadurch soll die derzeit drohende Gefahr eines europaweiten Blackouts verringert werden. Auch Kohlekraftwerke sollen wieder ans Netz gehen. Doch kann das die Katastrophe noch verhindern? Der freiwillige Verzicht auf konventionelle Kraftwerke im Zuge der Energiewende in Deutschland sowie [&hellip;]\" \/>\n<meta property=\"og:url\" content=\"https:\/\/now-news.de\/de\/deutschland\/energie-engpass-in-deutschland-schlimmer-als-in-einem-kriegsland-ukraine-muss-strom-exportieren\/\" \/>\n<meta property=\"og:site_name\" content=\"just-now.NEWS Deutschland\" \/>\n<meta property=\"article:publisher\" content=\"https:\/\/www.facebook.com\/wirmachenauf\" \/>\n<meta property=\"article:published_time\" content=\"2022-07-01T16:40:03+00:00\" \/>\n<meta property=\"og:image\" content=\"https:\/\/now-news.de\/de\/wp-content\/uploads\/sites\/3\/2022\/07\/Energie-Engpass-in-Deutschland-schlimmer-als-in-einem-Kriegsland-Ukraine-muss.jpg\" \/>\n\t<meta property=\"og:image:width\" content=\"460\" \/>\n\t<meta property=\"og:image:height\" content=\"259\" \/>\n\t<meta property=\"og:image:type\" content=\"image\/jpeg\" \/>\n<meta name=\"author\" content=\"rtnews\" \/>\n<meta name=\"twitter:card\" content=\"summary_large_image\" \/>\n<meta name=\"twitter:creator\" content=\"@WirMachenAuf_de\" \/>\n<meta name=\"twitter:site\" content=\"@WirMachenAuf_de\" \/>\n<meta name=\"twitter:label1\" content=\"Verfasst von\" \/>\n\t<meta name=\"twitter:data1\" content=\"rtnews\" \/>\n\t<meta name=\"twitter:label2\" content=\"Gesch\u00e4tzte Lesezeit\" \/>\n\t<meta name=\"twitter:data2\" content=\"9\u00a0Minuten\" \/>\n<script type=\"application\/ld+json\" class=\"yoast-schema-graph\">{\"@context\":\"https:\/\/schema.org\",\"@graph\":[{\"@type\":\"Article\",\"@id\":\"https:\/\/now-news.de\/de\/deutschland\/energie-engpass-in-deutschland-schlimmer-als-in-einem-kriegsland-ukraine-muss-strom-exportieren\/#article\",\"isPartOf\":{\"@id\":\"https:\/\/now-news.de\/de\/deutschland\/energie-engpass-in-deutschland-schlimmer-als-in-einem-kriegsland-ukraine-muss-strom-exportieren\/\"},\"author\":{\"name\":\"rtnews\",\"@id\":\"https:\/\/now-news.de\/de\/#\/schema\/person\/fb534a4e865501d8b3285208df34a9b5\"},\"headline\":\"Energie-Engpass in Deutschland schlimmer als in einem Kriegsland? Ukraine muss Strom exportieren\",\"datePublished\":\"2022-07-01T16:40:03+00:00\",\"dateModified\":\"2022-07-01T16:40:03+00:00\",\"mainEntityOfPage\":{\"@id\":\"https:\/\/now-news.de\/de\/deutschland\/energie-engpass-in-deutschland-schlimmer-als-in-einem-kriegsland-ukraine-muss-strom-exportieren\/\"},\"wordCount\":1730,\"commentCount\":0,\"publisher\":{\"@id\":\"https:\/\/now-news.de\/de\/#organization\"},\"image\":{\"@id\":\"https:\/\/now-news.de\/de\/deutschland\/energie-engpass-in-deutschland-schlimmer-als-in-einem-kriegsland-ukraine-muss-strom-exportieren\/#primaryimage\"},\"thumbnailUrl\":\"https:\/\/now-news.de\/de\/wp-content\/uploads\/sites\/3\/2022\/07\/Energie-Engpass-in-Deutschland-schlimmer-als-in-einem-Kriegsland-Ukraine-muss.jpg\",\"keywords\":[\"als\",\"Deutschland\",\"einem\",\"EnergieEngpass\",\"exportieren\",\"Kriegsland\",\"muss\",\"schlimmer\",\"Strom\",\"ukraine\"],\"articleSection\":[\"Deutschland\",\"Russland\"],\"inLanguage\":\"de\",\"potentialAction\":[{\"@type\":\"CommentAction\",\"name\":\"Comment\",\"target\":[\"https:\/\/now-news.de\/de\/deutschland\/energie-engpass-in-deutschland-schlimmer-als-in-einem-kriegsland-ukraine-muss-strom-exportieren\/#respond\"]}]},{\"@type\":\"WebPage\",\"@id\":\"https:\/\/now-news.de\/de\/deutschland\/energie-engpass-in-deutschland-schlimmer-als-in-einem-kriegsland-ukraine-muss-strom-exportieren\/\",\"url\":\"https:\/\/now-news.de\/de\/deutschland\/energie-engpass-in-deutschland-schlimmer-als-in-einem-kriegsland-ukraine-muss-strom-exportieren\/\",\"name\":\"Energie-Engpass in Deutschland schlimmer als in einem Kriegsland? Ukraine muss Strom exportieren - just-now.NEWS Deutschland\",\"isPartOf\":{\"@id\":\"https:\/\/now-news.de\/de\/#website\"},\"primaryImageOfPage\":{\"@id\":\"https:\/\/now-news.de\/de\/deutschland\/energie-engpass-in-deutschland-schlimmer-als-in-einem-kriegsland-ukraine-muss-strom-exportieren\/#primaryimage\"},\"image\":{\"@id\":\"https:\/\/now-news.de\/de\/deutschland\/energie-engpass-in-deutschland-schlimmer-als-in-einem-kriegsland-ukraine-muss-strom-exportieren\/#primaryimage\"},\"thumbnailUrl\":\"https:\/\/now-news.de\/de\/wp-content\/uploads\/sites\/3\/2022\/07\/Energie-Engpass-in-Deutschland-schlimmer-als-in-einem-Kriegsland-Ukraine-muss.jpg\",\"datePublished\":\"2022-07-01T16:40:03+00:00\",\"dateModified\":\"2022-07-01T16:40:03+00:00\",\"breadcrumb\":{\"@id\":\"https:\/\/now-news.de\/de\/deutschland\/energie-engpass-in-deutschland-schlimmer-als-in-einem-kriegsland-ukraine-muss-strom-exportieren\/#breadcrumb\"},\"inLanguage\":\"de\",\"potentialAction\":[{\"@type\":\"ReadAction\",\"target\":[\"https:\/\/now-news.de\/de\/deutschland\/energie-engpass-in-deutschland-schlimmer-als-in-einem-kriegsland-ukraine-muss-strom-exportieren\/\"]}]},{\"@type\":\"ImageObject\",\"inLanguage\":\"de\",\"@id\":\"https:\/\/now-news.de\/de\/deutschland\/energie-engpass-in-deutschland-schlimmer-als-in-einem-kriegsland-ukraine-muss-strom-exportieren\/#primaryimage\",\"url\":\"https:\/\/now-news.de\/de\/wp-content\/uploads\/sites\/3\/2022\/07\/Energie-Engpass-in-Deutschland-schlimmer-als-in-einem-Kriegsland-Ukraine-muss.jpg\",\"contentUrl\":\"https:\/\/now-news.de\/de\/wp-content\/uploads\/sites\/3\/2022\/07\/Energie-Engpass-in-Deutschland-schlimmer-als-in-einem-Kriegsland-Ukraine-muss.jpg\",\"width\":460,\"height\":259,\"caption\":\"Energie-Engpass in Deutschland schlimmer als in einem Kriegsland? Ukraine muss Strom exportieren\"},{\"@type\":\"BreadcrumbList\",\"@id\":\"https:\/\/now-news.de\/de\/deutschland\/energie-engpass-in-deutschland-schlimmer-als-in-einem-kriegsland-ukraine-muss-strom-exportieren\/#breadcrumb\",\"itemListElement\":[{\"@type\":\"ListItem\",\"position\":1,\"name\":\"Home\",\"item\":\"https:\/\/now-news.de\/de\/\"},{\"@type\":\"ListItem\",\"position\":2,\"name\":\"Energie-Engpass in Deutschland schlimmer als in einem Kriegsland? Ukraine muss Strom exportieren\"}]},{\"@type\":\"WebSite\",\"@id\":\"https:\/\/now-news.de\/de\/#website\",\"url\":\"https:\/\/now-news.de\/de\/\",\"name\":\"just-now.NEWS Deutschland\",\"description\":\"Das Portal f\u00fcr unzensierte Nachrichten aus der Welt\",\"publisher\":{\"@id\":\"https:\/\/now-news.de\/de\/#organization\"},\"potentialAction\":[{\"@type\":\"SearchAction\",\"target\":{\"@type\":\"EntryPoint\",\"urlTemplate\":\"https:\/\/now-news.de\/de\/?s={search_term_string}\"},\"query-input\":\"required name=search_term_string\"}],\"inLanguage\":\"de\"},{\"@type\":\"Organization\",\"@id\":\"https:\/\/now-news.de\/de\/#organization\",\"name\":\"Just Now News\",\"url\":\"https:\/\/now-news.de\/de\/\",\"logo\":{\"@type\":\"ImageObject\",\"inLanguage\":\"de\",\"@id\":\"https:\/\/now-news.de\/de\/#\/schema\/logo\/image\/\",\"url\":\"http:\/\/just-now.news\/de\/wp-content\/uploads\/sites\/3\/2022\/04\/logo500x500.jpg\",\"contentUrl\":\"http:\/\/just-now.news\/de\/wp-content\/uploads\/sites\/3\/2022\/04\/logo500x500.jpg\",\"width\":500,\"height\":500,\"caption\":\"Just Now News\"},\"image\":{\"@id\":\"https:\/\/now-news.de\/de\/#\/schema\/logo\/image\/\"},\"sameAs\":[\"https:\/\/www.facebook.com\/wirmachenauf\",\"https:\/\/x.com\/WirMachenAuf_de\"]},{\"@type\":\"Person\",\"@id\":\"https:\/\/now-news.de\/de\/#\/schema\/person\/fb534a4e865501d8b3285208df34a9b5\",\"name\":\"rtnews\",\"image\":{\"@type\":\"ImageObject\",\"inLanguage\":\"de\",\"@id\":\"https:\/\/now-news.de\/de\/#\/schema\/person\/image\/\",\"url\":\"https:\/\/secure.gravatar.com\/avatar\/82aafea7d8127119dd649515f56e2117?s=96&d=mm&r=g\",\"contentUrl\":\"https:\/\/secure.gravatar.com\/avatar\/82aafea7d8127119dd649515f56e2117?s=96&d=mm&r=g\",\"caption\":\"rtnews\"},\"url\":\"https:\/\/now-news.de\/de\/author\/rnews\/\"}]}<\/script>\n<!-- \/ Yoast SEO Premium plugin. -->","yoast_head_json":{"title":"Energie-Engpass in Deutschland schlimmer als in einem Kriegsland? Ukraine muss Strom exportieren - just-now.NEWS Deutschland","robots":{"index":"index","follow":"follow","max-snippet":"max-snippet:-1","max-image-preview":"max-image-preview:large","max-video-preview":"max-video-preview:-1"},"canonical":"https:\/\/now-news.de\/de\/deutschland\/energie-engpass-in-deutschland-schlimmer-als-in-einem-kriegsland-ukraine-muss-strom-exportieren\/","og_locale":"de_DE","og_type":"article","og_title":"Energie-Engpass in Deutschland schlimmer als in einem Kriegsland? Ukraine muss Strom exportieren","og_description":"Die Ukraine hat nach Angaben ihres Pr\u00e4sidenten Wladimir Selenskij mit dem Export von Atomstrom nach Europa begonnen. Dadurch soll die derzeit drohende Gefahr eines europaweiten Blackouts verringert werden. Auch Kohlekraftwerke sollen wieder ans Netz gehen. Doch kann das die Katastrophe noch verhindern? Der freiwillige Verzicht auf konventionelle Kraftwerke im Zuge der Energiewende in Deutschland sowie [&hellip;]","og_url":"https:\/\/now-news.de\/de\/deutschland\/energie-engpass-in-deutschland-schlimmer-als-in-einem-kriegsland-ukraine-muss-strom-exportieren\/","og_site_name":"just-now.NEWS Deutschland","article_publisher":"https:\/\/www.facebook.com\/wirmachenauf","article_published_time":"2022-07-01T16:40:03+00:00","og_image":[{"width":460,"height":259,"url":"https:\/\/now-news.de\/de\/wp-content\/uploads\/sites\/3\/2022\/07\/Energie-Engpass-in-Deutschland-schlimmer-als-in-einem-Kriegsland-Ukraine-muss.jpg","type":"image\/jpeg"}],"author":"rtnews","twitter_card":"summary_large_image","twitter_creator":"@WirMachenAuf_de","twitter_site":"@WirMachenAuf_de","twitter_misc":{"Verfasst von":"rtnews","Gesch\u00e4tzte Lesezeit":"9\u00a0Minuten"},"schema":{"@context":"https:\/\/schema.org","@graph":[{"@type":"Article","@id":"https:\/\/now-news.de\/de\/deutschland\/energie-engpass-in-deutschland-schlimmer-als-in-einem-kriegsland-ukraine-muss-strom-exportieren\/#article","isPartOf":{"@id":"https:\/\/now-news.de\/de\/deutschland\/energie-engpass-in-deutschland-schlimmer-als-in-einem-kriegsland-ukraine-muss-strom-exportieren\/"},"author":{"name":"rtnews","@id":"https:\/\/now-news.de\/de\/#\/schema\/person\/fb534a4e865501d8b3285208df34a9b5"},"headline":"Energie-Engpass in Deutschland schlimmer als in einem Kriegsland? Ukraine muss Strom exportieren","datePublished":"2022-07-01T16:40:03+00:00","dateModified":"2022-07-01T16:40:03+00:00","mainEntityOfPage":{"@id":"https:\/\/now-news.de\/de\/deutschland\/energie-engpass-in-deutschland-schlimmer-als-in-einem-kriegsland-ukraine-muss-strom-exportieren\/"},"wordCount":1730,"commentCount":0,"publisher":{"@id":"https:\/\/now-news.de\/de\/#organization"},"image":{"@id":"https:\/\/now-news.de\/de\/deutschland\/energie-engpass-in-deutschland-schlimmer-als-in-einem-kriegsland-ukraine-muss-strom-exportieren\/#primaryimage"},"thumbnailUrl":"https:\/\/now-news.de\/de\/wp-content\/uploads\/sites\/3\/2022\/07\/Energie-Engpass-in-Deutschland-schlimmer-als-in-einem-Kriegsland-Ukraine-muss.jpg","keywords":["als","Deutschland","einem","EnergieEngpass","exportieren","Kriegsland","muss","schlimmer","Strom","ukraine"],"articleSection":["Deutschland","Russland"],"inLanguage":"de","potentialAction":[{"@type":"CommentAction","name":"Comment","target":["https:\/\/now-news.de\/de\/deutschland\/energie-engpass-in-deutschland-schlimmer-als-in-einem-kriegsland-ukraine-muss-strom-exportieren\/#respond"]}]},{"@type":"WebPage","@id":"https:\/\/now-news.de\/de\/deutschland\/energie-engpass-in-deutschland-schlimmer-als-in-einem-kriegsland-ukraine-muss-strom-exportieren\/","url":"https:\/\/now-news.de\/de\/deutschland\/energie-engpass-in-deutschland-schlimmer-als-in-einem-kriegsland-ukraine-muss-strom-exportieren\/","name":"Energie-Engpass in Deutschland schlimmer als in einem Kriegsland? Ukraine muss Strom exportieren - just-now.NEWS Deutschland","isPartOf":{"@id":"https:\/\/now-news.de\/de\/#website"},"primaryImageOfPage":{"@id":"https:\/\/now-news.de\/de\/deutschland\/energie-engpass-in-deutschland-schlimmer-als-in-einem-kriegsland-ukraine-muss-strom-exportieren\/#primaryimage"},"image":{"@id":"https:\/\/now-news.de\/de\/deutschland\/energie-engpass-in-deutschland-schlimmer-als-in-einem-kriegsland-ukraine-muss-strom-exportieren\/#primaryimage"},"thumbnailUrl":"https:\/\/now-news.de\/de\/wp-content\/uploads\/sites\/3\/2022\/07\/Energie-Engpass-in-Deutschland-schlimmer-als-in-einem-Kriegsland-Ukraine-muss.jpg","datePublished":"2022-07-01T16:40:03+00:00","dateModified":"2022-07-01T16:40:03+00:00","breadcrumb":{"@id":"https:\/\/now-news.de\/de\/deutschland\/energie-engpass-in-deutschland-schlimmer-als-in-einem-kriegsland-ukraine-muss-strom-exportieren\/#breadcrumb"},"inLanguage":"de","potentialAction":[{"@type":"ReadAction","target":["https:\/\/now-news.de\/de\/deutschland\/energie-engpass-in-deutschland-schlimmer-als-in-einem-kriegsland-ukraine-muss-strom-exportieren\/"]}]},{"@type":"ImageObject","inLanguage":"de","@id":"https:\/\/now-news.de\/de\/deutschland\/energie-engpass-in-deutschland-schlimmer-als-in-einem-kriegsland-ukraine-muss-strom-exportieren\/#primaryimage","url":"https:\/\/now-news.de\/de\/wp-content\/uploads\/sites\/3\/2022\/07\/Energie-Engpass-in-Deutschland-schlimmer-als-in-einem-Kriegsland-Ukraine-muss.jpg","contentUrl":"https:\/\/now-news.de\/de\/wp-content\/uploads\/sites\/3\/2022\/07\/Energie-Engpass-in-Deutschland-schlimmer-als-in-einem-Kriegsland-Ukraine-muss.jpg","width":460,"height":259,"caption":"Energie-Engpass in Deutschland schlimmer als in einem Kriegsland? Ukraine muss Strom exportieren"},{"@type":"BreadcrumbList","@id":"https:\/\/now-news.de\/de\/deutschland\/energie-engpass-in-deutschland-schlimmer-als-in-einem-kriegsland-ukraine-muss-strom-exportieren\/#breadcrumb","itemListElement":[{"@type":"ListItem","position":1,"name":"Home","item":"https:\/\/now-news.de\/de\/"},{"@type":"ListItem","position":2,"name":"Energie-Engpass in Deutschland schlimmer als in einem Kriegsland? Ukraine muss Strom exportieren"}]},{"@type":"WebSite","@id":"https:\/\/now-news.de\/de\/#website","url":"https:\/\/now-news.de\/de\/","name":"just-now.NEWS Deutschland","description":"Das Portal f\u00fcr unzensierte Nachrichten aus der Welt","publisher":{"@id":"https:\/\/now-news.de\/de\/#organization"},"potentialAction":[{"@type":"SearchAction","target":{"@type":"EntryPoint","urlTemplate":"https:\/\/now-news.de\/de\/?s={search_term_string}"},"query-input":"required name=search_term_string"}],"inLanguage":"de"},{"@type":"Organization","@id":"https:\/\/now-news.de\/de\/#organization","name":"Just Now News","url":"https:\/\/now-news.de\/de\/","logo":{"@type":"ImageObject","inLanguage":"de","@id":"https:\/\/now-news.de\/de\/#\/schema\/logo\/image\/","url":"http:\/\/just-now.news\/de\/wp-content\/uploads\/sites\/3\/2022\/04\/logo500x500.jpg","contentUrl":"http:\/\/just-now.news\/de\/wp-content\/uploads\/sites\/3\/2022\/04\/logo500x500.jpg","width":500,"height":500,"caption":"Just Now News"},"image":{"@id":"https:\/\/now-news.de\/de\/#\/schema\/logo\/image\/"},"sameAs":["https:\/\/www.facebook.com\/wirmachenauf","https:\/\/x.com\/WirMachenAuf_de"]},{"@type":"Person","@id":"https:\/\/now-news.de\/de\/#\/schema\/person\/fb534a4e865501d8b3285208df34a9b5","name":"rtnews","image":{"@type":"ImageObject","inLanguage":"de","@id":"https:\/\/now-news.de\/de\/#\/schema\/person\/image\/","url":"https:\/\/secure.gravatar.com\/avatar\/82aafea7d8127119dd649515f56e2117?s=96&d=mm&r=g","contentUrl":"https:\/\/secure.gravatar.com\/avatar\/82aafea7d8127119dd649515f56e2117?s=96&d=mm&r=g","caption":"rtnews"},"url":"https:\/\/now-news.de\/de\/author\/rnews\/"}]}},"_links":{"self":[{"href":"https:\/\/now-news.de\/de\/wp-json\/wp\/v2\/posts\/12525"}],"collection":[{"href":"https:\/\/now-news.de\/de\/wp-json\/wp\/v2\/posts"}],"about":[{"href":"https:\/\/now-news.de\/de\/wp-json\/wp\/v2\/types\/post"}],"author":[{"embeddable":true,"href":"https:\/\/now-news.de\/de\/wp-json\/wp\/v2\/users\/3"}],"replies":[{"embeddable":true,"href":"https:\/\/now-news.de\/de\/wp-json\/wp\/v2\/comments?post=12525"}],"version-history":[{"count":0,"href":"https:\/\/now-news.de\/de\/wp-json\/wp\/v2\/posts\/12525\/revisions"}],"wp:featuredmedia":[{"embeddable":true,"href":"https:\/\/now-news.de\/de\/wp-json\/wp\/v2\/media\/12526"}],"wp:attachment":[{"href":"https:\/\/now-news.de\/de\/wp-json\/wp\/v2\/media?parent=12525"}],"wp:term":[{"taxonomy":"category","embeddable":true,"href":"https:\/\/now-news.de\/de\/wp-json\/wp\/v2\/categories?post=12525"},{"taxonomy":"post_tag","embeddable":true,"href":"https:\/\/now-news.de\/de\/wp-json\/wp\/v2\/tags?post=12525"}],"curies":[{"name":"wp","href":"https:\/\/api.w.org\/{rel}","templated":true}]}}