{"id":12460,"date":"2022-07-01T06:45:00","date_gmt":"2022-07-01T04:45:00","guid":{"rendered":"http:\/\/just-now.news\/de\/deutschland\/seit-monaten-keine-aktuellen-daten-zur-impfwirksamkeit-nicht-fuer-den-buerger-nicht-fuer-die-politik\/"},"modified":"2022-07-01T06:45:00","modified_gmt":"2022-07-01T04:45:00","slug":"seit-monaten-keine-aktuellen-daten-zur-impfwirksamkeit-nicht-fuer-den-buerger-nicht-fuer-die-politik","status":"publish","type":"post","link":"https:\/\/now-news.de\/de\/deutschland\/seit-monaten-keine-aktuellen-daten-zur-impfwirksamkeit-nicht-fuer-den-buerger-nicht-fuer-die-politik\/","title":{"rendered":"Seit Monaten keine aktuellen Daten zur Impfwirksamkeit \u2013 nicht f\u00fcr den B\u00fcrger, nicht f\u00fcr die Politik"},"content":{"rendered":"<p><img decoding=\"async\" src=\"http:\/\/just-now.news\/de\/wp-content\/uploads\/sites\/3\/2022\/07\/62bb47f1b480cc7fb455d1cf.jpg\" \/><\/p>\n<div class=\"Text-root Text-type_1 \">\n                Die Bundesregierung will die Pflege-Impfpflicht ins kommende Jahr hinein verl\u00e4ngern. Doch das RKI verheimlicht seit zwei Monaten die einzigen Daten zur Wirksamkeit der Vakzine und r\u00e4umt ein: Auch der Politik liegen keinerlei aktuelle Daten vor, die den Grundrechtseingriff begr\u00fcnden k\u00f6nnten.\n            <\/div>\n<p><\/p>\n<div class=\"Text-root Text-type_5 ArticleView-text ViewText-root \">\n<p><em>Eine Analyse von Susan Bonath<\/em><\/p>\n<p><strong><\/strong>Die Bundesregierung erw\u00e4gt, die Corona-Impfpflicht f\u00fcr Besch\u00e4ftigte im Gesundheitswesen im n\u00e4chsten Jahr fortzusetzen. Wie sie der CDU\/CSU-Fraktion <a rel=\"nofollow noopener\" target=\"_blank\" href=\"https:\/\/www.bundestag.de\/presse\/hib\/kurzmeldungen-901182\">mitteilte<\/a>, <a rel=\"nofollow noopener\" target=\"_blank\" href=\"https:\/\/www.bundestag.de\/presse\/hib\/kurzmeldungen-901182\">sieht sie<\/a> &#8220;derzeit keinen Anlass&#8221;, diese aufzuheben. Die L\u00e4nder Bayern, Baden-W\u00fcrttemberg und Hessen forderten zudem einen neuen Anlauf f\u00fcr eine allgemeine <a rel=\"nofollow noopener\" target=\"_blank\" href=\"https:\/\/www.zeit.de\/news\/2022-06\/16\/bayern-und-andere-laender-vorstoss-fuer-impfpflicht-ab-60\">Impfpflicht ab 60.<\/a><\/p>\n<p>F\u00fcr so weitreichende Grundrechtseinschnitte, f\u00fcr deren Nichteinhaltung etwa Pflegekr\u00e4fte in D\u00fcsseldorf mit <a rel=\"nofollow noopener\" target=\"_blank\" href=\"https:\/\/rp-online.de\/nrw\/staedte\/duesseldorf\/duesseldorf-1000-euro-bussgeld-fuer-impfpflicht-meldeverstoss_aid-71626207\">Bu\u00dfgeldern von 1.000 Euro<\/a> belangt werden, br\u00e4uchten die Regierenden jedoch gewichtige Argumente. Dazu geh\u00f6ren beispielsweise eindeutige und vor allem aktuelle Daten, die die Wirksamkeit und Verh\u00e4ltnism\u00e4\u00dfigkeit der Ma\u00dfnahmen belegen.<\/p>\n<p>Das Problem dabei ist, dass die Politik seit Monaten \u00fcber gar keine aktuellen Daten mehr zur Impfwirksamkeit verf\u00fcgt, weil das zust\u00e4ndige Robert-Koch-Institut (RKI) diese zuletzt schlicht nicht mehr publizierte. Auch der Bundesregierung habe es seit April keine neuen Daten mehr \u00fcbermittelt, r\u00e4umte RKI-Sprecherin Susanne Glasmacher gegen\u00fcber der Autorin nun ein.<\/p>\n<p>Mit anderen Worten: Die Bundesregierung beharrt auf grundrechtseinschr\u00e4nkenden Eingriffen in die k\u00f6rperliche Selbstbestimmung von Besch\u00e4ftigten im Gesundheitswesen und denkt \u00fcber weitere Einschnitte nach, ohne im Besitz aktueller Daten zu sein, die eine Dringlichkeit der Ma\u00dfnahmen plausibel begr\u00fcnden k\u00f6nnten. Unter gleichen Voraussetzungen fordern einige Landesregierungen einen erneuten Anlauf f\u00fcr ein Gesetz f\u00fcr eine Impfpflicht f\u00fcr alle \u00fcber 60-J\u00e4hrigen. Offensichtlich erfolgen die Corona-Ma\u00dfnahmen abgekoppelt von jeglicher Evidenz.<\/p>\n<p><strong>Datenblindflug und Geheimniskr\u00e4merei<\/strong><\/p>\n<p>Bevor die Fragen der Autorin und die Antworten am Ende des Beitrags w\u00f6rtlich wiedergegeben werden, noch einige Erl\u00e4uterungen dazu.<\/p>\n<p>An der Datenlage zur Corona-Politik in Deutschland gibt es seit langem massive Kritik. Erst k\u00fcrzlich forderte zum Beispiel die Bundes\u00e4rztekammer ein &#8220;Ende des Datenblindflugs&#8221;, wie die <em>Tagesschau<\/em>\u00a0<a rel=\"nofollow noopener\" target=\"_blank\" href=\"https:\/\/www.tagesschau.de\/inland\/coronapandemie-kritik-datenlage-101.html\">berichtete<\/a>. Zweieinhalb Jahre dauere dies nun schon an, r\u00fcgte deren Pr\u00e4sident Klaus Reinhardt.<\/p>\n<p>Offenbar liegt das nicht nur an r\u00fcckst\u00e4ndiger Technologie, wie es die Kritiker vermuten, sondern auch am Willen der Protagonisten. So verbannte etwa das Paul-Ehrlich-Institut (PEI), zust\u00e4ndig f\u00fcr die \u00dcberwachung der Sicherheit von Impfstoffen, seit Jahresbeginn brisante Zahlen \u00fcber gemeldete schwere Nebenwirkungen aus seinem Corona-Sicherheitsbericht. Erst auf wiederholtes <a rel=\"nofollow noopener\" target=\"_blank\" href=\"https:\/\/freeassange.rtde.me\/inland\/140636-pei-ruckt-impf-meldedaten-heraus\/\">Nachhaken der Autorin<\/a> r\u00fcckte das PEI sie heraus. Dabei h\u00e4tte das Bundesinstitut die Daten einfach gleich in seinen Bericht schreiben k\u00f6nnen, zumal dieser genau daf\u00fcr gedacht ist.<\/p>\n<p>Auch Ignoranz k\u00f6nnte eine Rolle spielen. Es gibt viele Hinweise darauf, dass das passive Meldesystem des PEI wahrscheinlich dazu f\u00fchrt, dass Impfkomplikationen massiv untererfasst werden. Nicht nur zahlreiche Leitmedien, darunter der <em>Spiegel<\/em> berichteten inzwischen \u00fcber gravierende &#8220;<a rel=\"nofollow noopener\" target=\"_blank\" href=\"https:\/\/www.spiegel.de\/gesundheit\/post-vac-syndrom-unerklaerliche-symptome-nach-der-corona-impfung-und-alle-ducken-sich-weg-a-6b3ea94e-138f-4ed0-b459-d86377daf08b\">unerkl\u00e4rliche&#8221; Komplikationen<\/a> (Bezahlschranke) nach der Corona-Impfung. Betroffene beklagen in Berichten stets dasselbe: \u00c4rzte helfen und melden nicht, die Politik schaut weg.<\/p>\n<p>Ein <a rel=\"nofollow noopener\" target=\"_blank\" href=\"https:\/\/www.epochtimes.de\/assets\/uploads\/2022\/06\/2022-06-16_Anfrage-_codierte-Impfnebenwirkungen-Covid-19.pdf\">neues Papier<\/a> der Kassen\u00e4rztlichen Bundesvereinigung (KBV), das fast 2,5 Millionen abgerechnete Impfnebenwirkungen allein f\u00fcr das Jahr 2021 auflistete, h\u00e4tte nun die Riege der Impfpflicht-Bef\u00fcrworter aufhorchen lassen m\u00fcssen. Doch in den Leitmedien ist dar\u00fcber kein Wort zu finden und die Politik schweigt.<\/p>\n<p><strong>Keine Zahlen zur Wirksamkeit seit April<\/strong><\/p>\n<p>Nun lie\u00df zudem das Robert-Koch-Institut (RKI), das wie das PEI dem Bundesministerium f\u00fcr Gesundheit (BMG) unterstellt ist, die zwar mangelhaften, aber bisher einzigen Daten zur Wirksamkeit der COVID-19-Vakzine aus seinen <a rel=\"nofollow noopener\" target=\"_blank\" href=\"https:\/\/www.rki.de\/DE\/Content\/InfAZ\/N\/Neuartiges_Coronavirus\/Situationsberichte\/Wochenbericht\/Wochenberichte_Tab.html;jsessionid=B32EED0591AD41654\">Wochenberichten verschwinden.<\/a> Zuvor hatten diese Daten immer st\u00e4rker darauf hingedeutet, dass die Wirkung der Impfung schon nach kurzer Zeit augenscheinlich gegen Null tendiert, sich m\u00f6glicherweise sogar <a rel=\"nofollow noopener\" target=\"_blank\" href=\"https:\/\/freeassange.rtde.me\/meinung\/137690-neue-daten-impfen-richtet-offenbar\/\">ins Negative<\/a> verkehrt.<\/p>\n<p>So finden sich dort seit Ende April keinerlei Zahlen mehr zum Impfstatus symptomatisch erkrankter, hospitalisierter und verstorbener Corona-Patienten nach den Kriterien des Infektionsschutzgesetzes (IfSG). Laut der letzten <a rel=\"nofollow noopener\" target=\"_blank\" href=\"https:\/\/www.rki.de\/DE\/Content\/InfAZ\/N\/Neuartiges_Coronavirus\/Situationsberichte\/Wochenbericht\/Wochenbericht_2022-04-28.pdf?__blob=publicationFile\">Ver\u00f6ffentlichung am 28. <\/a> April hatte sich von Ende M\u00e4rz bis Ende April der Anteil der &#8220;vollst\u00e4ndig Geimpften&#8221; unter den Erkrankten jenem in der Gesamtbev\u00f6lkerung mehr und mehr angeglichen.<\/p>\n<p>Bei den Erkrankten in der f\u00fcr Berufst\u00e4tige relevantesten Altersgruppe der 18- bis 59-J\u00e4hrigen beispielsweise hatte das RKI damals 82 Prozent zwei- oder dreifach Geimpfte erfasst. Das entsprach in etwa ihrem damaligen Anteil in der Gesamtbev\u00f6lkerung. Bei den schwer kranken Corona-Patienten in Kliniken lag der Anteil der &#8220;vollst\u00e4ndig Geimpften&#8221; im April mit rund 67 Prozent nur geringf\u00fcgig unter ihrem Anteil in der Bev\u00f6lkerung. An die Stelle dieser Daten trat nunmehr folgender Textbaustein:<\/p>\n<blockquote>\n<p><em>&#8220;Seit dem 05.05.2022 werden im COVID-19-Wochenbericht des RKI keine regelm\u00e4\u00dfigen Informationen zur Wirksamkeit der COVID-19-Impfung mehr berichtet. Ebenso werden die zugrundeliegenden Tabellen (&#8230;) nicht mehr w\u00f6chentlich aktualisiert. Stattdessen ist vorgesehen, dass das RKI in regelm\u00e4\u00dfigen Abst\u00e4nden separate Auswertungen zum Themenkomplex COVID-19-Impfung\/Impfeffektivit\u00e4t ver\u00f6ffentlicht, die eine<\/em><em> detailliertere Betrachtung einzelner Aspekte erlauben als im Rahmen des Wochenberichts m\u00f6glich.&#8221;<\/em><\/p>\n<\/blockquote>\n<p><strong>Auch Daten zu geimpften Intensivpatienten fehlen<\/strong><\/p>\n<p>Seither sucht man vergeblich nach den angek\u00fcndigten &#8220;separaten Auswertungen&#8221;. Doch zun\u00e4chst ver\u00f6ffentlichte das RKI weiterhin die Daten des DIVI-Intensivregisters zum Impfstatus des Gro\u00dfteils der Corona-Intensivpatienten. Doch auch diese lie\u00dfen mehr und mehr am Narrativ vom Schutz der Impfstoffe vor einem schweren Verlauf zweifeln. Die letzte Angabe dazu findet man im <a rel=\"nofollow noopener\" target=\"_blank\" href=\"https:\/\/www.rki.de\/DE\/Content\/InfAZ\/N\/Neuartiges_Coronavirus\/Situationsberichte\/Wochenbericht\/Wochenbericht_2022-06-09.pdf?__blob=publicationFile\">Bericht vom 9. Juni<\/a> auf Seite 19. Dort hei\u00dft es w\u00f6rtlich:<\/p>\n<blockquote>\n<p><em>&#8220;F\u00fcr den Zeitraum vom 09.05.2022 bis 05.06.2022 (KW 19 &#8211; KW 22\/2022) wurde der Impfstatus von 1.545 COVID-19-Aufnahmen gemeldet, das entspricht etwa 66,5 % der f\u00fcr diesen Zeitraum \u00fcbermittelten F\u00e4lle (2.324). 15,5 % (240 F\u00e4lle) aller COVID-19-Neuaufnahmen mit bekanntem Impfstatus waren ungeimpft. Rund 7,8 % (120 F\u00e4lle) wiesen einen unvollst\u00e4ndigen Immunschutz auf (Genesen ohne Impfung oder Teil-Immunisierung). 76,7 % (1.185 F\u00e4lle) hatten einen vollst\u00e4ndigen Impfschutz (Grundimmunisierung oder Booster), der Anteil mit Boosterimpfung lag dabei bei ca. 51,8 % (800 F\u00e4lle).&#8221;<\/em><\/p>\n<\/blockquote>\n<p>Das hei\u00dft: Der Anteil der Ungeimpften war unter Corona-Intensivpatienten mit 15,5 Prozent sogar geringer als in der Bev\u00f6lkerung mit rund 23 Prozent zu diesem Zeitpunkt. Sind Ungeimpfte gar weniger gef\u00e4hrdet als Geimpfte und nicht umgekehrt, wie es immer behauptet wird? Nun meint das RKI, diese Daten h\u00e4tten wegen fehlender Altersangaben keine Aussagekraft. Man k\u00f6nne keine Schl\u00fcsse daraus ziehen.<\/p>\n<p>Hier w\u00e4re eine Gegenfrage f\u00e4llig: Warum wird das Alter der Patienten dann nicht erfasst und publiziert? Wenn Kliniken den Impfstatus melden k\u00f6nnen, w\u00e4re es wohl problemlos m\u00f6glich, Altersangaben beizuf\u00fcgen. Zweite Frage: Warum hat das RKI die angeblich einzig verwertbaren Angaben nach IfSG \u2013 die allerdings nur etwa f\u00fcnf bis sechs Prozent aller F\u00e4lle beleuchteten \u2013 bereits seit Ende April verbannt?<\/p>\n<p>Auch an die Stelle der DIVI-Daten trat inzwischen ein weiterer Textbaustein, der im Wochenbericht <a rel=\"nofollow noopener\" target=\"_blank\" href=\"https:\/\/www.rki.de\/DE\/Content\/InfAZ\/N\/Neuartiges_Coronavirus\/Situationsberichte\/Wochenbericht\/Wochenbericht_2022-06-23.pdf?__blob=publicationFile\">vom 23. Juni<\/a> auf Seite 18 zu finden ist:<\/p>\n<blockquote>\n<p><em>&#8220;Im Zuge einer Umstellung der Impfabfrage im Intensivregister kann der Impfstatus der COVID-19- Patientinnen und -Patienten auf Intensivstation zeitweilig nicht bereitgestellt werden. Sobald wieder gen\u00fcgend Daten f\u00fcr eine stabile Auswertung erfasst sind, werden die Zahlen der neuen Abfrage wie gewohnt an dieser Stelle berichtet.&#8221;<\/em><\/p>\n<\/blockquote>\n<p>Es kommen mehr Fragen dazu: Wie lange soll dieser Zeitraum dauern? Und: Warum kann das RKI Daten zum Impfstatus wochenlang nicht pr\u00e4sentieren, aber seit zweieinhalb Jahren ein Dashboard mit Fallmeldungen problemlos f\u00fcllen? Selbst bei einger\u00e4umtem Datenmangel an Feiertagen verschwand das Dashbord nicht, wie nun die DIVI-Zahlen, von der Bildfl\u00e4che.<\/p>\n<p>Eins zumindest machte RKI-Sprecherin Susanne Glasmacher in ihren Antworten auf die Fragen der Autorin \u00fcberdeutlich: Au\u00dfer der Reihe gibt es keine Daten, auch nicht f\u00fcr Journalisten. Und: Die Bundesregierung hat die begehrten Daten auch nicht. Sie tappt also im Dunkeln, und die bestehende Pflege-Impfpflicht beruht offenbar mehr auf Glauben als auf Fakten.<\/p>\n<p><strong>&#8220;Genaues Datum steht noch nicht fest&#8221;: Die Antworten des RKI<\/strong><\/p>\n<p><em>Sehr geehrte Frau Glasmacher,<\/em><\/p>\n<p><em>vor einiger Zeit antworteten Sie mir, die aus den Wochenberichten entfernten IfSG-Wirksamkeitsdaten zu den COVID-19-Impfstoffen w\u00fcrden demn\u00e4chst gesondert ver\u00f6ffentlicht. Leider konnte ich bisher nichts finden. Die letzte Ver\u00f6ffentlichung erfolgte am 28. April, also vor bereits fast zwei Monaten. Seit dem vorletzten Wochenbericht finden sich darin auch keine DIVI-Daten mehr zum Impfstatus der Corona-Intensivpatienten, was angeblich einer Umstellung der Impfabfrage geschuldet ist.<\/em><\/p>\n<p><em>Kurzum: Es gibt seit zwei Monaten keine neuen Daten mehr zur Wirksamkeit der Impfungen und seit zwei Wochen keine Daten zum Impfstatus der Corona-Intensivpatienten, \u2013 obwohl es sich um Daten handelt, die politisch und \u00f6ffentlich von gr\u00f6\u00dfter Bedeutsamkeit sind. Immerhin gilt noch die einrichtungsbezogene Impfpflicht, weiterhin diskutiert die Politik schon wieder \u00fcber die Einf\u00fchrung einer allgemeinen Impfpflicht. Daf\u00fcr scheint es allerdings keine Grundlage mehr zu geben, da es keine Daten zur Wirksamkeit gibt.<\/em><\/p>\n<p><em>Daher stelle ich Ihnen folgende Fragen\/fordere Folgendes an:<\/em><\/p>\n<p><strong>1. Bitte \u00fcbermitteln Sie mir die ausstehenden Daten zur Wirksamkeit der COVID-19-Impfstoffe hinsichtlich des Impfstatus symptomatischer F\u00e4lle, hospitalisierter F\u00e4lle, ITS-F\u00e4llen und Todesf\u00e4llen nach IfSG ab dem 28. April bis zum aktuellen Datum.<\/strong><\/p>\n<p><strong>2. Falls Sie mir die unter Punkt 1 genannten Dokumente nicht \u00fcbermitteln k\u00f6nnen oder wollen, begr\u00fcnden Sie mir dies bitte und nennen mir ein Datum, an dem das RKI diese Daten wo ver\u00f6ffentlicht.<\/strong><\/p>\n<p><strong>RKI:<\/strong> &#8220;Ein umfassender Bericht zur Impfeffektivit\u00e4t (inkl. neuer Daten der Inzidenzen Geimpft\/Ungeimpft) soll demn\u00e4chst erscheinen, ein genaues Datum steht noch nicht fest. Geplant ist auch, dass anschlie\u00dfend weitere Berichte in gr\u00f6\u00dferen Intervallen erfolgen.&#8221;<\/p>\n<p><strong>3. Bitte \u00fcbermitteln Sie mir die ausstehenden DIVI-Daten zum Impfstatus der COVID-19-Intensivpatienten ab dem 6. Juni 2022.<\/strong><\/p>\n<p><strong>4. Falls Sie mir die unter Punkt 3 genannten Daten nicht \u00fcbermitteln k\u00f6nnen oder wollen, begr\u00fcnden Sie mir dies bitte und nenne mir ein Datum, an dem das RKI diese Daten wo ver\u00f6ffentlicht.<\/strong><\/p>\n<p><strong>RKI:<\/strong> &#8220;Siehe Hinweistext aus dem aktellen Wochenbericht auf Seite 18.&#8221;<\/p>\n<p>&#8220;Im Zuge einer Umstellung der Impfabfrage im Intensivregister kann der Impfstatus der COVID-19-Patientinnen und -Patienten auf Intensivstation zeitweilig nicht bereitgestellt werden. Sobald wieder gen\u00fcgend Daten f\u00fcr eine stabile Auswertung erfasst sind, werden die Zahlen der neuen Abfrage wie gewohnt an dieser Stelle berichtet.&#8221;<\/p>\n<p>Wie im Hinweistext erl\u00e4utert ist eine stabile Datengrundlage erforderlich, bevor die Daten der neuen Abfrage ver\u00f6ffentlicht werden. Wir planen daher voraussichtlich am 07.07.22 die im Intensivregister erfassten Impfdaten im Wochenbericht wieder bereitstellen zu k\u00f6nnen.<\/p>\n<p>Es gilt jedoch weiterhin zu beachten, dass die Intensivregister-Daten nicht geeignet sind, um die Wirksamkeit der Impfung einzusch\u00e4tzen. Es muss die generelle Altersverteilung von Intensivpatientinnen und -patienten sowie die Entwicklung der allgemeinen Impfquote der Bev\u00f6lkerung ber\u00fccksichtigt werden.&#8221;<\/p>\n<p><strong>5. Hat das RKI der Bundesregierung und den Bundestagsabgeordneten, ggf. den Landesregierungen und -parlamenten, eine aktuelle Wirksamkeitsanalyse f\u00fcr die COVID-19-Impfstoffe vorgelegt? Wenn ja: Bitte \u00fcbermitteln Sie mir die letzte Wirksamkeitsanalyse, die der Politik vorliegen kann, um darauf basierend Entscheidungen treffen zu k\u00f6nnen.<\/strong><\/p>\n<p><strong>RKI:<\/strong> &#8220;Nein.&#8221;<\/p>\n<p><strong>6.Warum hat das RKI die Daten aus der \u00d6ffentlichkeit zug\u00e4nglichen Berichten entfernt?<\/strong><\/p>\n<p><strong>7.Welche konkreten Wirksamkeitspr\u00fcfungen f\u00fcr die COVID-19-Impfstoffe f\u00fchrt das RKI fortlaufend durch?<\/strong><\/p>\n<p><strong>RKI:<\/strong> &#8220;Siehe 1\/2\/3\/4&#8221;<\/p>\n<p><strong>Mehr zum Thema &#8211;<\/strong>\u00a0<a rel=\"nofollow noopener\" target=\"_blank\" href=\"https:\/\/de.rt.com\/meinung\/141861-kbv-bericht-kassenarzte-rechneten-2021\/\">KBV-Bericht: Kassen\u00e4rzte rechneten 2021 fast 2,5 Millionen Behandlungen von Impfnebenwirkungen ab<\/a><\/p>\n<\/div>\n<p><br \/>\n<br \/><a href=\"https:\/\/de.rt.com\/inland\/142159-trotz-fehlender-daten-regierung-will\/\">Source link <\/a><\/p>\n","protected":false},"excerpt":{"rendered":"<p>Die Bundesregierung will die Pflege-Impfpflicht ins kommende Jahr hinein verl\u00e4ngern. Doch das RKI verheimlicht seit zwei Monaten die einzigen Daten zur Wirksamkeit der Vakzine und r\u00e4umt ein: Auch der Politik liegen keinerlei aktuelle Daten vor, die den Grundrechtseingriff begr\u00fcnden k\u00f6nnten. Eine Analyse von Susan Bonath Die Bundesregierung erw\u00e4gt, die Corona-Impfpflicht f\u00fcr Besch\u00e4ftigte im Gesundheitswesen im [&hellip;]<\/p>\n","protected":false},"author":3,"featured_media":12461,"comment_status":"open","ping_status":"open","sticky":false,"template":"","format":"standard","meta":{"wp_automatic_camp":["217"],"be43b2733a77c959f0b0584b831e08a6":["Seit Monaten keine aktuellen Daten zur Impfwirksamkeit \u2013 nicht f\u00fcr den B\u00fcrger, nicht f\u00fcr die Politik"],"original_link":["https:\/\/de.rt.com\/inland\/142159-trotz-fehlender-daten-regierung-will\/"],"_thumbnail_id":["12461"],"_wptg_p2tg_sent2tg":["2022-07-01 06:56:57"],"jnews_social_counter_last_update":["1777610939"]},"categories":[19,23],"tags":[21924,8956,7633,48,45,221,26404,375,7566,800,592,1829,581],"yoast_head":"<!-- This site is optimized with the Yoast SEO Premium plugin v22.7 (Yoast SEO v22.7) - https:\/\/yoast.com\/wordpress\/plugins\/seo\/ -->\n<title>Seit Monaten keine aktuellen Daten zur Impfwirksamkeit \u2013 nicht f\u00fcr den B\u00fcrger, nicht f\u00fcr die Politik - just-now.NEWS Deutschland<\/title>\n<meta name=\"robots\" content=\"index, follow, max-snippet:-1, max-image-preview:large, max-video-preview:-1\" \/>\n<link rel=\"canonical\" href=\"https:\/\/now-news.de\/de\/deutschland\/seit-monaten-keine-aktuellen-daten-zur-impfwirksamkeit-nicht-fuer-den-buerger-nicht-fuer-die-politik\/\" \/>\n<meta property=\"og:locale\" content=\"de_DE\" \/>\n<meta property=\"og:type\" content=\"article\" \/>\n<meta property=\"og:title\" content=\"Seit Monaten keine aktuellen Daten zur Impfwirksamkeit \u2013 nicht f\u00fcr den B\u00fcrger, nicht f\u00fcr die Politik\" \/>\n<meta property=\"og:description\" content=\"Die Bundesregierung will die Pflege-Impfpflicht ins kommende Jahr hinein verl\u00e4ngern. Doch das RKI verheimlicht seit zwei Monaten die einzigen Daten zur Wirksamkeit der Vakzine und r\u00e4umt ein: Auch der Politik liegen keinerlei aktuelle Daten vor, die den Grundrechtseingriff begr\u00fcnden k\u00f6nnten. Eine Analyse von Susan Bonath Die Bundesregierung erw\u00e4gt, die Corona-Impfpflicht f\u00fcr Besch\u00e4ftigte im Gesundheitswesen im [&hellip;]\" \/>\n<meta property=\"og:url\" content=\"https:\/\/now-news.de\/de\/deutschland\/seit-monaten-keine-aktuellen-daten-zur-impfwirksamkeit-nicht-fuer-den-buerger-nicht-fuer-die-politik\/\" \/>\n<meta property=\"og:site_name\" content=\"just-now.NEWS Deutschland\" \/>\n<meta property=\"article:publisher\" content=\"https:\/\/www.facebook.com\/wirmachenauf\" \/>\n<meta property=\"article:published_time\" content=\"2022-07-01T04:45:00+00:00\" \/>\n<meta property=\"og:image\" content=\"https:\/\/now-news.de\/de\/wp-content\/uploads\/sites\/3\/2022\/07\/Seit-Monaten-keine-aktuellen-Daten-zur-Impfwirksamkeit-\u2013-nicht-fuer.jpg\" \/>\n\t<meta property=\"og:image:width\" content=\"460\" \/>\n\t<meta property=\"og:image:height\" content=\"259\" \/>\n\t<meta property=\"og:image:type\" content=\"image\/jpeg\" \/>\n<meta name=\"author\" content=\"rtnews\" \/>\n<meta name=\"twitter:card\" content=\"summary_large_image\" \/>\n<meta name=\"twitter:creator\" content=\"@WirMachenAuf_de\" \/>\n<meta name=\"twitter:site\" content=\"@WirMachenAuf_de\" \/>\n<meta name=\"twitter:label1\" content=\"Verfasst von\" \/>\n\t<meta name=\"twitter:data1\" content=\"rtnews\" \/>\n\t<meta name=\"twitter:label2\" content=\"Gesch\u00e4tzte Lesezeit\" \/>\n\t<meta name=\"twitter:data2\" content=\"9\u00a0Minuten\" \/>\n<script type=\"application\/ld+json\" class=\"yoast-schema-graph\">{\"@context\":\"https:\/\/schema.org\",\"@graph\":[{\"@type\":\"Article\",\"@id\":\"https:\/\/now-news.de\/de\/deutschland\/seit-monaten-keine-aktuellen-daten-zur-impfwirksamkeit-nicht-fuer-den-buerger-nicht-fuer-die-politik\/#article\",\"isPartOf\":{\"@id\":\"https:\/\/now-news.de\/de\/deutschland\/seit-monaten-keine-aktuellen-daten-zur-impfwirksamkeit-nicht-fuer-den-buerger-nicht-fuer-die-politik\/\"},\"author\":{\"name\":\"rtnews\",\"@id\":\"https:\/\/now-news.de\/de\/#\/schema\/person\/fb534a4e865501d8b3285208df34a9b5\"},\"headline\":\"Seit Monaten keine aktuellen Daten zur Impfwirksamkeit \u2013 nicht f\u00fcr den B\u00fcrger, nicht f\u00fcr die Politik\",\"datePublished\":\"2022-07-01T04:45:00+00:00\",\"dateModified\":\"2022-07-01T04:45:00+00:00\",\"mainEntityOfPage\":{\"@id\":\"https:\/\/now-news.de\/de\/deutschland\/seit-monaten-keine-aktuellen-daten-zur-impfwirksamkeit-nicht-fuer-den-buerger-nicht-fuer-die-politik\/\"},\"wordCount\":1809,\"commentCount\":1,\"publisher\":{\"@id\":\"https:\/\/now-news.de\/de\/#organization\"},\"image\":{\"@id\":\"https:\/\/now-news.de\/de\/deutschland\/seit-monaten-keine-aktuellen-daten-zur-impfwirksamkeit-nicht-fuer-den-buerger-nicht-fuer-die-politik\/#primaryimage\"},\"thumbnailUrl\":\"https:\/\/now-news.de\/de\/wp-content\/uploads\/sites\/3\/2022\/07\/Seit-Monaten-keine-aktuellen-Daten-zur-Impfwirksamkeit-\u2013-nicht-fuer.jpg\",\"keywords\":[\"aktuellen\",\"b\u00fcrger\",\"Daten\",\"den\",\"die\",\"f\u00fcr\",\"Impfwirksamkeit\",\"keine\",\"Monaten\",\"nicht\",\"Politik\",\"seit\",\"zur\"],\"articleSection\":[\"Deutschland\",\"Russland\"],\"inLanguage\":\"de\",\"potentialAction\":[{\"@type\":\"CommentAction\",\"name\":\"Comment\",\"target\":[\"https:\/\/now-news.de\/de\/deutschland\/seit-monaten-keine-aktuellen-daten-zur-impfwirksamkeit-nicht-fuer-den-buerger-nicht-fuer-die-politik\/#respond\"]}]},{\"@type\":\"WebPage\",\"@id\":\"https:\/\/now-news.de\/de\/deutschland\/seit-monaten-keine-aktuellen-daten-zur-impfwirksamkeit-nicht-fuer-den-buerger-nicht-fuer-die-politik\/\",\"url\":\"https:\/\/now-news.de\/de\/deutschland\/seit-monaten-keine-aktuellen-daten-zur-impfwirksamkeit-nicht-fuer-den-buerger-nicht-fuer-die-politik\/\",\"name\":\"Seit Monaten keine aktuellen Daten zur Impfwirksamkeit \u2013 nicht f\u00fcr den B\u00fcrger, nicht f\u00fcr die Politik - just-now.NEWS Deutschland\",\"isPartOf\":{\"@id\":\"https:\/\/now-news.de\/de\/#website\"},\"primaryImageOfPage\":{\"@id\":\"https:\/\/now-news.de\/de\/deutschland\/seit-monaten-keine-aktuellen-daten-zur-impfwirksamkeit-nicht-fuer-den-buerger-nicht-fuer-die-politik\/#primaryimage\"},\"image\":{\"@id\":\"https:\/\/now-news.de\/de\/deutschland\/seit-monaten-keine-aktuellen-daten-zur-impfwirksamkeit-nicht-fuer-den-buerger-nicht-fuer-die-politik\/#primaryimage\"},\"thumbnailUrl\":\"https:\/\/now-news.de\/de\/wp-content\/uploads\/sites\/3\/2022\/07\/Seit-Monaten-keine-aktuellen-Daten-zur-Impfwirksamkeit-\u2013-nicht-fuer.jpg\",\"datePublished\":\"2022-07-01T04:45:00+00:00\",\"dateModified\":\"2022-07-01T04:45:00+00:00\",\"breadcrumb\":{\"@id\":\"https:\/\/now-news.de\/de\/deutschland\/seit-monaten-keine-aktuellen-daten-zur-impfwirksamkeit-nicht-fuer-den-buerger-nicht-fuer-die-politik\/#breadcrumb\"},\"inLanguage\":\"de\",\"potentialAction\":[{\"@type\":\"ReadAction\",\"target\":[\"https:\/\/now-news.de\/de\/deutschland\/seit-monaten-keine-aktuellen-daten-zur-impfwirksamkeit-nicht-fuer-den-buerger-nicht-fuer-die-politik\/\"]}]},{\"@type\":\"ImageObject\",\"inLanguage\":\"de\",\"@id\":\"https:\/\/now-news.de\/de\/deutschland\/seit-monaten-keine-aktuellen-daten-zur-impfwirksamkeit-nicht-fuer-den-buerger-nicht-fuer-die-politik\/#primaryimage\",\"url\":\"https:\/\/now-news.de\/de\/wp-content\/uploads\/sites\/3\/2022\/07\/Seit-Monaten-keine-aktuellen-Daten-zur-Impfwirksamkeit-\u2013-nicht-fuer.jpg\",\"contentUrl\":\"https:\/\/now-news.de\/de\/wp-content\/uploads\/sites\/3\/2022\/07\/Seit-Monaten-keine-aktuellen-Daten-zur-Impfwirksamkeit-\u2013-nicht-fuer.jpg\",\"width\":460,\"height\":259,\"caption\":\"Seit Monaten keine aktuellen Daten zur Impfwirksamkeit \u2013 nicht f\u00fcr den B\u00fcrger, nicht f\u00fcr die Politik\"},{\"@type\":\"BreadcrumbList\",\"@id\":\"https:\/\/now-news.de\/de\/deutschland\/seit-monaten-keine-aktuellen-daten-zur-impfwirksamkeit-nicht-fuer-den-buerger-nicht-fuer-die-politik\/#breadcrumb\",\"itemListElement\":[{\"@type\":\"ListItem\",\"position\":1,\"name\":\"Home\",\"item\":\"https:\/\/now-news.de\/de\/\"},{\"@type\":\"ListItem\",\"position\":2,\"name\":\"Seit Monaten keine aktuellen Daten zur Impfwirksamkeit \u2013 nicht f\u00fcr den B\u00fcrger, nicht f\u00fcr die Politik\"}]},{\"@type\":\"WebSite\",\"@id\":\"https:\/\/now-news.de\/de\/#website\",\"url\":\"https:\/\/now-news.de\/de\/\",\"name\":\"just-now.NEWS Deutschland\",\"description\":\"Das Portal f\u00fcr unzensierte Nachrichten aus der Welt\",\"publisher\":{\"@id\":\"https:\/\/now-news.de\/de\/#organization\"},\"potentialAction\":[{\"@type\":\"SearchAction\",\"target\":{\"@type\":\"EntryPoint\",\"urlTemplate\":\"https:\/\/now-news.de\/de\/?s={search_term_string}\"},\"query-input\":\"required name=search_term_string\"}],\"inLanguage\":\"de\"},{\"@type\":\"Organization\",\"@id\":\"https:\/\/now-news.de\/de\/#organization\",\"name\":\"Just Now News\",\"url\":\"https:\/\/now-news.de\/de\/\",\"logo\":{\"@type\":\"ImageObject\",\"inLanguage\":\"de\",\"@id\":\"https:\/\/now-news.de\/de\/#\/schema\/logo\/image\/\",\"url\":\"http:\/\/just-now.news\/de\/wp-content\/uploads\/sites\/3\/2022\/04\/logo500x500.jpg\",\"contentUrl\":\"http:\/\/just-now.news\/de\/wp-content\/uploads\/sites\/3\/2022\/04\/logo500x500.jpg\",\"width\":500,\"height\":500,\"caption\":\"Just Now News\"},\"image\":{\"@id\":\"https:\/\/now-news.de\/de\/#\/schema\/logo\/image\/\"},\"sameAs\":[\"https:\/\/www.facebook.com\/wirmachenauf\",\"https:\/\/x.com\/WirMachenAuf_de\"]},{\"@type\":\"Person\",\"@id\":\"https:\/\/now-news.de\/de\/#\/schema\/person\/fb534a4e865501d8b3285208df34a9b5\",\"name\":\"rtnews\",\"image\":{\"@type\":\"ImageObject\",\"inLanguage\":\"de\",\"@id\":\"https:\/\/now-news.de\/de\/#\/schema\/person\/image\/\",\"url\":\"https:\/\/secure.gravatar.com\/avatar\/82aafea7d8127119dd649515f56e2117?s=96&d=mm&r=g\",\"contentUrl\":\"https:\/\/secure.gravatar.com\/avatar\/82aafea7d8127119dd649515f56e2117?s=96&d=mm&r=g\",\"caption\":\"rtnews\"},\"url\":\"https:\/\/now-news.de\/de\/author\/rnews\/\"}]}<\/script>\n<!-- \/ Yoast SEO Premium plugin. -->","yoast_head_json":{"title":"Seit Monaten keine aktuellen Daten zur Impfwirksamkeit \u2013 nicht f\u00fcr den B\u00fcrger, nicht f\u00fcr die Politik - just-now.NEWS Deutschland","robots":{"index":"index","follow":"follow","max-snippet":"max-snippet:-1","max-image-preview":"max-image-preview:large","max-video-preview":"max-video-preview:-1"},"canonical":"https:\/\/now-news.de\/de\/deutschland\/seit-monaten-keine-aktuellen-daten-zur-impfwirksamkeit-nicht-fuer-den-buerger-nicht-fuer-die-politik\/","og_locale":"de_DE","og_type":"article","og_title":"Seit Monaten keine aktuellen Daten zur Impfwirksamkeit \u2013 nicht f\u00fcr den B\u00fcrger, nicht f\u00fcr die Politik","og_description":"Die Bundesregierung will die Pflege-Impfpflicht ins kommende Jahr hinein verl\u00e4ngern. Doch das RKI verheimlicht seit zwei Monaten die einzigen Daten zur Wirksamkeit der Vakzine und r\u00e4umt ein: Auch der Politik liegen keinerlei aktuelle Daten vor, die den Grundrechtseingriff begr\u00fcnden k\u00f6nnten. Eine Analyse von Susan Bonath Die Bundesregierung erw\u00e4gt, die Corona-Impfpflicht f\u00fcr Besch\u00e4ftigte im Gesundheitswesen im [&hellip;]","og_url":"https:\/\/now-news.de\/de\/deutschland\/seit-monaten-keine-aktuellen-daten-zur-impfwirksamkeit-nicht-fuer-den-buerger-nicht-fuer-die-politik\/","og_site_name":"just-now.NEWS Deutschland","article_publisher":"https:\/\/www.facebook.com\/wirmachenauf","article_published_time":"2022-07-01T04:45:00+00:00","og_image":[{"width":460,"height":259,"url":"https:\/\/now-news.de\/de\/wp-content\/uploads\/sites\/3\/2022\/07\/Seit-Monaten-keine-aktuellen-Daten-zur-Impfwirksamkeit-\u2013-nicht-fuer.jpg","type":"image\/jpeg"}],"author":"rtnews","twitter_card":"summary_large_image","twitter_creator":"@WirMachenAuf_de","twitter_site":"@WirMachenAuf_de","twitter_misc":{"Verfasst von":"rtnews","Gesch\u00e4tzte Lesezeit":"9\u00a0Minuten"},"schema":{"@context":"https:\/\/schema.org","@graph":[{"@type":"Article","@id":"https:\/\/now-news.de\/de\/deutschland\/seit-monaten-keine-aktuellen-daten-zur-impfwirksamkeit-nicht-fuer-den-buerger-nicht-fuer-die-politik\/#article","isPartOf":{"@id":"https:\/\/now-news.de\/de\/deutschland\/seit-monaten-keine-aktuellen-daten-zur-impfwirksamkeit-nicht-fuer-den-buerger-nicht-fuer-die-politik\/"},"author":{"name":"rtnews","@id":"https:\/\/now-news.de\/de\/#\/schema\/person\/fb534a4e865501d8b3285208df34a9b5"},"headline":"Seit Monaten keine aktuellen Daten zur Impfwirksamkeit \u2013 nicht f\u00fcr den B\u00fcrger, nicht f\u00fcr die Politik","datePublished":"2022-07-01T04:45:00+00:00","dateModified":"2022-07-01T04:45:00+00:00","mainEntityOfPage":{"@id":"https:\/\/now-news.de\/de\/deutschland\/seit-monaten-keine-aktuellen-daten-zur-impfwirksamkeit-nicht-fuer-den-buerger-nicht-fuer-die-politik\/"},"wordCount":1809,"commentCount":1,"publisher":{"@id":"https:\/\/now-news.de\/de\/#organization"},"image":{"@id":"https:\/\/now-news.de\/de\/deutschland\/seit-monaten-keine-aktuellen-daten-zur-impfwirksamkeit-nicht-fuer-den-buerger-nicht-fuer-die-politik\/#primaryimage"},"thumbnailUrl":"https:\/\/now-news.de\/de\/wp-content\/uploads\/sites\/3\/2022\/07\/Seit-Monaten-keine-aktuellen-Daten-zur-Impfwirksamkeit-\u2013-nicht-fuer.jpg","keywords":["aktuellen","b\u00fcrger","Daten","den","die","f\u00fcr","Impfwirksamkeit","keine","Monaten","nicht","Politik","seit","zur"],"articleSection":["Deutschland","Russland"],"inLanguage":"de","potentialAction":[{"@type":"CommentAction","name":"Comment","target":["https:\/\/now-news.de\/de\/deutschland\/seit-monaten-keine-aktuellen-daten-zur-impfwirksamkeit-nicht-fuer-den-buerger-nicht-fuer-die-politik\/#respond"]}]},{"@type":"WebPage","@id":"https:\/\/now-news.de\/de\/deutschland\/seit-monaten-keine-aktuellen-daten-zur-impfwirksamkeit-nicht-fuer-den-buerger-nicht-fuer-die-politik\/","url":"https:\/\/now-news.de\/de\/deutschland\/seit-monaten-keine-aktuellen-daten-zur-impfwirksamkeit-nicht-fuer-den-buerger-nicht-fuer-die-politik\/","name":"Seit Monaten keine aktuellen Daten zur Impfwirksamkeit \u2013 nicht f\u00fcr den B\u00fcrger, nicht f\u00fcr die Politik - just-now.NEWS Deutschland","isPartOf":{"@id":"https:\/\/now-news.de\/de\/#website"},"primaryImageOfPage":{"@id":"https:\/\/now-news.de\/de\/deutschland\/seit-monaten-keine-aktuellen-daten-zur-impfwirksamkeit-nicht-fuer-den-buerger-nicht-fuer-die-politik\/#primaryimage"},"image":{"@id":"https:\/\/now-news.de\/de\/deutschland\/seit-monaten-keine-aktuellen-daten-zur-impfwirksamkeit-nicht-fuer-den-buerger-nicht-fuer-die-politik\/#primaryimage"},"thumbnailUrl":"https:\/\/now-news.de\/de\/wp-content\/uploads\/sites\/3\/2022\/07\/Seit-Monaten-keine-aktuellen-Daten-zur-Impfwirksamkeit-\u2013-nicht-fuer.jpg","datePublished":"2022-07-01T04:45:00+00:00","dateModified":"2022-07-01T04:45:00+00:00","breadcrumb":{"@id":"https:\/\/now-news.de\/de\/deutschland\/seit-monaten-keine-aktuellen-daten-zur-impfwirksamkeit-nicht-fuer-den-buerger-nicht-fuer-die-politik\/#breadcrumb"},"inLanguage":"de","potentialAction":[{"@type":"ReadAction","target":["https:\/\/now-news.de\/de\/deutschland\/seit-monaten-keine-aktuellen-daten-zur-impfwirksamkeit-nicht-fuer-den-buerger-nicht-fuer-die-politik\/"]}]},{"@type":"ImageObject","inLanguage":"de","@id":"https:\/\/now-news.de\/de\/deutschland\/seit-monaten-keine-aktuellen-daten-zur-impfwirksamkeit-nicht-fuer-den-buerger-nicht-fuer-die-politik\/#primaryimage","url":"https:\/\/now-news.de\/de\/wp-content\/uploads\/sites\/3\/2022\/07\/Seit-Monaten-keine-aktuellen-Daten-zur-Impfwirksamkeit-\u2013-nicht-fuer.jpg","contentUrl":"https:\/\/now-news.de\/de\/wp-content\/uploads\/sites\/3\/2022\/07\/Seit-Monaten-keine-aktuellen-Daten-zur-Impfwirksamkeit-\u2013-nicht-fuer.jpg","width":460,"height":259,"caption":"Seit Monaten keine aktuellen Daten zur Impfwirksamkeit \u2013 nicht f\u00fcr den B\u00fcrger, nicht f\u00fcr die Politik"},{"@type":"BreadcrumbList","@id":"https:\/\/now-news.de\/de\/deutschland\/seit-monaten-keine-aktuellen-daten-zur-impfwirksamkeit-nicht-fuer-den-buerger-nicht-fuer-die-politik\/#breadcrumb","itemListElement":[{"@type":"ListItem","position":1,"name":"Home","item":"https:\/\/now-news.de\/de\/"},{"@type":"ListItem","position":2,"name":"Seit Monaten keine aktuellen Daten zur Impfwirksamkeit \u2013 nicht f\u00fcr den B\u00fcrger, nicht f\u00fcr die Politik"}]},{"@type":"WebSite","@id":"https:\/\/now-news.de\/de\/#website","url":"https:\/\/now-news.de\/de\/","name":"just-now.NEWS Deutschland","description":"Das Portal f\u00fcr unzensierte Nachrichten aus der Welt","publisher":{"@id":"https:\/\/now-news.de\/de\/#organization"},"potentialAction":[{"@type":"SearchAction","target":{"@type":"EntryPoint","urlTemplate":"https:\/\/now-news.de\/de\/?s={search_term_string}"},"query-input":"required name=search_term_string"}],"inLanguage":"de"},{"@type":"Organization","@id":"https:\/\/now-news.de\/de\/#organization","name":"Just Now News","url":"https:\/\/now-news.de\/de\/","logo":{"@type":"ImageObject","inLanguage":"de","@id":"https:\/\/now-news.de\/de\/#\/schema\/logo\/image\/","url":"http:\/\/just-now.news\/de\/wp-content\/uploads\/sites\/3\/2022\/04\/logo500x500.jpg","contentUrl":"http:\/\/just-now.news\/de\/wp-content\/uploads\/sites\/3\/2022\/04\/logo500x500.jpg","width":500,"height":500,"caption":"Just Now News"},"image":{"@id":"https:\/\/now-news.de\/de\/#\/schema\/logo\/image\/"},"sameAs":["https:\/\/www.facebook.com\/wirmachenauf","https:\/\/x.com\/WirMachenAuf_de"]},{"@type":"Person","@id":"https:\/\/now-news.de\/de\/#\/schema\/person\/fb534a4e865501d8b3285208df34a9b5","name":"rtnews","image":{"@type":"ImageObject","inLanguage":"de","@id":"https:\/\/now-news.de\/de\/#\/schema\/person\/image\/","url":"https:\/\/secure.gravatar.com\/avatar\/82aafea7d8127119dd649515f56e2117?s=96&d=mm&r=g","contentUrl":"https:\/\/secure.gravatar.com\/avatar\/82aafea7d8127119dd649515f56e2117?s=96&d=mm&r=g","caption":"rtnews"},"url":"https:\/\/now-news.de\/de\/author\/rnews\/"}]}},"_links":{"self":[{"href":"https:\/\/now-news.de\/de\/wp-json\/wp\/v2\/posts\/12460"}],"collection":[{"href":"https:\/\/now-news.de\/de\/wp-json\/wp\/v2\/posts"}],"about":[{"href":"https:\/\/now-news.de\/de\/wp-json\/wp\/v2\/types\/post"}],"author":[{"embeddable":true,"href":"https:\/\/now-news.de\/de\/wp-json\/wp\/v2\/users\/3"}],"replies":[{"embeddable":true,"href":"https:\/\/now-news.de\/de\/wp-json\/wp\/v2\/comments?post=12460"}],"version-history":[{"count":0,"href":"https:\/\/now-news.de\/de\/wp-json\/wp\/v2\/posts\/12460\/revisions"}],"wp:featuredmedia":[{"embeddable":true,"href":"https:\/\/now-news.de\/de\/wp-json\/wp\/v2\/media\/12461"}],"wp:attachment":[{"href":"https:\/\/now-news.de\/de\/wp-json\/wp\/v2\/media?parent=12460"}],"wp:term":[{"taxonomy":"category","embeddable":true,"href":"https:\/\/now-news.de\/de\/wp-json\/wp\/v2\/categories?post=12460"},{"taxonomy":"post_tag","embeddable":true,"href":"https:\/\/now-news.de\/de\/wp-json\/wp\/v2\/tags?post=12460"}],"curies":[{"name":"wp","href":"https:\/\/api.w.org\/{rel}","templated":true}]}}