{"id":12458,"date":"2022-07-01T06:15:00","date_gmt":"2022-07-01T04:15:00","guid":{"rendered":"http:\/\/just-now.news\/de\/deutschland\/zahl-der-kriegsdienstverweigerer-bei-der-bundeswehr-steigt\/"},"modified":"2022-07-01T06:15:00","modified_gmt":"2022-07-01T04:15:00","slug":"zahl-der-kriegsdienstverweigerer-bei-der-bundeswehr-steigt","status":"publish","type":"post","link":"https:\/\/now-news.de\/de\/deutschland\/zahl-der-kriegsdienstverweigerer-bei-der-bundeswehr-steigt\/","title":{"rendered":"Zahl der Kriegsdienstverweigerer bei der Bundeswehr steigt"},"content":{"rendered":"<p><img decoding=\"async\" src=\"http:\/\/just-now.news\/de\/wp-content\/uploads\/sites\/3\/2022\/07\/62bdc10948fbef08a94e7563.jpg\" \/><\/p>\n<div class=\"Text-root Text-type_1 \">\n                Im Jahr 2022 stellten mehr als doppelt so viele Bundeswehrsoldaten einen Antrag auf Kriegsdienstverweigerung als im Vorjahr. H\u00e4ufig begr\u00fcndeten sie dies damit, dass sie nicht mit kriegerischen Auseinandersetzungen gerechnet h\u00e4tten.\n            <\/div>\n<p><\/p>\n<div class=\"Text-root Text-type_5 ArticleView-text ViewText-root \">\n<p>Seit Jahresbeginn habe die Zahl der Soldaten, die ihren Dienst in der Bundeswehr abbrechen m\u00f6chten, stark zugenommen. Das <a rel=\"nofollow noopener\" target=\"_blank\" href=\"https:\/\/www.rnd.de\/politik\/bundeswehr-immer-mehr-soldaten-verweigern-den-dienst-DL4OO2GQ3K5G7M6ZT6MBZ6TUXE.html\">berichtete<\/a> das <em>Redaktionsnetzwerk Deutschland<\/em> am vergangenen Wochenende unter Bezugnahme auf einen Bericht in der <em>taz<\/em>. Darin hei\u00dft es:\u00a0<\/p>\n<blockquote>\n<p><em>&#8220;Vom Januar bis zum 2. Juni habe das zust\u00e4ndige Bundesamt f\u00fcr Familie und zivilgesellschaftliche Aufgaben 533 Antr\u00e4ge auf Kriegsdienstverweigerung erhalten.&#8221; <br \/><\/em><\/p>\n<\/blockquote>\n<p>Damit habe sich die Zahl der Antr\u00e4ge im Vergleich zum Vorjahr verdoppelt. Laut dem <em>RND<\/em>-Bericht stammten 528 der derzeitigen Antr\u00e4ge von aktiven Soldaten und Reservisten \u2013 nur f\u00fcnf der Antr\u00e4ge seien von ungedienten Antragstellern gekommen.\u00a0<\/p>\n<p>Zudem gab ein Sprecher des Familienministeriums der Zeitung Auskunft dar\u00fcber, dass die Kriegsdienstverweigerer ihre Antr\u00e4ge h\u00e4ufig damit begr\u00fcndeten, &#8220;dass sie mit einer kriegerischen Auseinandersetzung nicht gerechnet h\u00e4tten&#8221;.<\/p>\n<p>Des Weiteren habe der Sprecher mitgeteilt: &#8220;Im Dienst befindliche Soldaten sind nach der Anerkennung als Kriegsdienstverweigerer alsbald zu entlassen.&#8221;<\/p>\n<p>Grunds\u00e4tzlich k\u00f6nnten sich alle anerkannten Kriegsdienstverweigerer auf ihren Status als Verweigerer berufen, stellte das <em>RND<\/em> fest. Dies gelte sowohl f\u00fcr den Fall der Wiedereinf\u00fchrung der Wehrpflicht, als auch f\u00fcr Einberufungen im Spannungs- und Verteidigungsfall.\u00a0<\/p>\n<p><strong>Mehr zum Thema<\/strong> &#8211; <a rel=\"nofollow noopener\" target=\"_blank\" href=\"https:\/\/test.rtde.tech\/inland\/142040-medienberichte-deutschland-ist-drehkreuz-im-krieg\/\">New York Times: Deutschland ist Drehkreuz eines Stellvertreterkrieges zwischen USA und Russland<\/a><\/p>\n<\/div>\n<p><br \/>\n<br \/><a href=\"https:\/\/de.rt.com\/inland\/142367-zahl-kriegsdienstverweigerer-bei-bundeswehr-steigt\/\">Source link <\/a><\/p>\n","protected":false},"excerpt":{"rendered":"<p>Im Jahr 2022 stellten mehr als doppelt so viele Bundeswehrsoldaten einen Antrag auf Kriegsdienstverweigerung als im Vorjahr. H\u00e4ufig begr\u00fcndeten sie dies damit, dass sie nicht mit kriegerischen Auseinandersetzungen gerechnet h\u00e4tten. Seit Jahresbeginn habe die Zahl der Soldaten, die ihren Dienst in der Bundeswehr abbrechen m\u00f6chten, stark zugenommen. Das berichtete das Redaktionsnetzwerk Deutschland am vergangenen Wochenende [&hellip;]<\/p>\n","protected":false},"author":3,"featured_media":12459,"comment_status":"open","ping_status":"open","sticky":false,"template":"","format":"standard","meta":{"wp_automatic_camp":["217"],"ee7b5e5f203eb5555af295bccc5238f9":["Zahl der Kriegsdienstverweigerer bei der Bundeswehr steigt"],"original_link":["https:\/\/de.rt.com\/inland\/142367-zahl-kriegsdienstverweigerer-bei-bundeswehr-steigt\/"],"_thumbnail_id":["12459"],"_wptg_p2tg_sent2tg":["2022-07-01 06:25:32"],"jnews_social_counter_last_update":["1777229791"]},"categories":[19,23],"tags":[363,12292,82,26403,13726,16017],"yoast_head":"<!-- This site is optimized with the Yoast SEO Premium plugin v22.7 (Yoast SEO v22.7) - https:\/\/yoast.com\/wordpress\/plugins\/seo\/ -->\n<title>Zahl der Kriegsdienstverweigerer bei der Bundeswehr steigt - just-now.NEWS Deutschland<\/title>\n<meta name=\"robots\" content=\"index, follow, max-snippet:-1, max-image-preview:large, max-video-preview:-1\" \/>\n<link rel=\"canonical\" href=\"https:\/\/now-news.de\/de\/deutschland\/zahl-der-kriegsdienstverweigerer-bei-der-bundeswehr-steigt\/\" \/>\n<meta property=\"og:locale\" content=\"de_DE\" \/>\n<meta property=\"og:type\" content=\"article\" \/>\n<meta property=\"og:title\" content=\"Zahl der Kriegsdienstverweigerer bei der Bundeswehr steigt\" \/>\n<meta property=\"og:description\" content=\"Im Jahr 2022 stellten mehr als doppelt so viele Bundeswehrsoldaten einen Antrag auf Kriegsdienstverweigerung als im Vorjahr. H\u00e4ufig begr\u00fcndeten sie dies damit, dass sie nicht mit kriegerischen Auseinandersetzungen gerechnet h\u00e4tten. Seit Jahresbeginn habe die Zahl der Soldaten, die ihren Dienst in der Bundeswehr abbrechen m\u00f6chten, stark zugenommen. Das berichtete das Redaktionsnetzwerk Deutschland am vergangenen Wochenende [&hellip;]\" \/>\n<meta property=\"og:url\" content=\"https:\/\/now-news.de\/de\/deutschland\/zahl-der-kriegsdienstverweigerer-bei-der-bundeswehr-steigt\/\" \/>\n<meta property=\"og:site_name\" content=\"just-now.NEWS Deutschland\" \/>\n<meta property=\"article:publisher\" content=\"https:\/\/www.facebook.com\/wirmachenauf\" \/>\n<meta property=\"article:published_time\" content=\"2022-07-01T04:15:00+00:00\" \/>\n<meta property=\"og:image\" content=\"https:\/\/now-news.de\/de\/wp-content\/uploads\/sites\/3\/2022\/07\/Zahl-der-Kriegsdienstverweigerer-bei-der-Bundeswehr-steigt.jpg\" \/>\n\t<meta property=\"og:image:width\" content=\"460\" \/>\n\t<meta property=\"og:image:height\" content=\"259\" \/>\n\t<meta property=\"og:image:type\" content=\"image\/jpeg\" \/>\n<meta name=\"author\" content=\"rtnews\" \/>\n<meta name=\"twitter:card\" content=\"summary_large_image\" \/>\n<meta name=\"twitter:creator\" content=\"@WirMachenAuf_de\" \/>\n<meta name=\"twitter:site\" content=\"@WirMachenAuf_de\" \/>\n<meta name=\"twitter:label1\" content=\"Verfasst von\" \/>\n\t<meta name=\"twitter:data1\" content=\"rtnews\" \/>\n\t<meta name=\"twitter:label2\" content=\"Gesch\u00e4tzte Lesezeit\" \/>\n\t<meta name=\"twitter:data2\" content=\"1\u00a0Minute\" \/>\n<script type=\"application\/ld+json\" class=\"yoast-schema-graph\">{\"@context\":\"https:\/\/schema.org\",\"@graph\":[{\"@type\":\"Article\",\"@id\":\"https:\/\/now-news.de\/de\/deutschland\/zahl-der-kriegsdienstverweigerer-bei-der-bundeswehr-steigt\/#article\",\"isPartOf\":{\"@id\":\"https:\/\/now-news.de\/de\/deutschland\/zahl-der-kriegsdienstverweigerer-bei-der-bundeswehr-steigt\/\"},\"author\":{\"name\":\"rtnews\",\"@id\":\"https:\/\/now-news.de\/de\/#\/schema\/person\/fb534a4e865501d8b3285208df34a9b5\"},\"headline\":\"Zahl der Kriegsdienstverweigerer bei der Bundeswehr steigt\",\"datePublished\":\"2022-07-01T04:15:00+00:00\",\"dateModified\":\"2022-07-01T04:15:00+00:00\",\"mainEntityOfPage\":{\"@id\":\"https:\/\/now-news.de\/de\/deutschland\/zahl-der-kriegsdienstverweigerer-bei-der-bundeswehr-steigt\/\"},\"wordCount\":244,\"commentCount\":0,\"publisher\":{\"@id\":\"https:\/\/now-news.de\/de\/#organization\"},\"image\":{\"@id\":\"https:\/\/now-news.de\/de\/deutschland\/zahl-der-kriegsdienstverweigerer-bei-der-bundeswehr-steigt\/#primaryimage\"},\"thumbnailUrl\":\"https:\/\/now-news.de\/de\/wp-content\/uploads\/sites\/3\/2022\/07\/Zahl-der-Kriegsdienstverweigerer-bei-der-Bundeswehr-steigt.jpg\",\"keywords\":[\"bei\",\"Bundeswehr\",\"der\",\"Kriegsdienstverweigerer\",\"steigt\",\"Zahl\"],\"articleSection\":[\"Deutschland\",\"Russland\"],\"inLanguage\":\"de\",\"potentialAction\":[{\"@type\":\"CommentAction\",\"name\":\"Comment\",\"target\":[\"https:\/\/now-news.de\/de\/deutschland\/zahl-der-kriegsdienstverweigerer-bei-der-bundeswehr-steigt\/#respond\"]}]},{\"@type\":\"WebPage\",\"@id\":\"https:\/\/now-news.de\/de\/deutschland\/zahl-der-kriegsdienstverweigerer-bei-der-bundeswehr-steigt\/\",\"url\":\"https:\/\/now-news.de\/de\/deutschland\/zahl-der-kriegsdienstverweigerer-bei-der-bundeswehr-steigt\/\",\"name\":\"Zahl der Kriegsdienstverweigerer bei der Bundeswehr steigt - just-now.NEWS Deutschland\",\"isPartOf\":{\"@id\":\"https:\/\/now-news.de\/de\/#website\"},\"primaryImageOfPage\":{\"@id\":\"https:\/\/now-news.de\/de\/deutschland\/zahl-der-kriegsdienstverweigerer-bei-der-bundeswehr-steigt\/#primaryimage\"},\"image\":{\"@id\":\"https:\/\/now-news.de\/de\/deutschland\/zahl-der-kriegsdienstverweigerer-bei-der-bundeswehr-steigt\/#primaryimage\"},\"thumbnailUrl\":\"https:\/\/now-news.de\/de\/wp-content\/uploads\/sites\/3\/2022\/07\/Zahl-der-Kriegsdienstverweigerer-bei-der-Bundeswehr-steigt.jpg\",\"datePublished\":\"2022-07-01T04:15:00+00:00\",\"dateModified\":\"2022-07-01T04:15:00+00:00\",\"breadcrumb\":{\"@id\":\"https:\/\/now-news.de\/de\/deutschland\/zahl-der-kriegsdienstverweigerer-bei-der-bundeswehr-steigt\/#breadcrumb\"},\"inLanguage\":\"de\",\"potentialAction\":[{\"@type\":\"ReadAction\",\"target\":[\"https:\/\/now-news.de\/de\/deutschland\/zahl-der-kriegsdienstverweigerer-bei-der-bundeswehr-steigt\/\"]}]},{\"@type\":\"ImageObject\",\"inLanguage\":\"de\",\"@id\":\"https:\/\/now-news.de\/de\/deutschland\/zahl-der-kriegsdienstverweigerer-bei-der-bundeswehr-steigt\/#primaryimage\",\"url\":\"https:\/\/now-news.de\/de\/wp-content\/uploads\/sites\/3\/2022\/07\/Zahl-der-Kriegsdienstverweigerer-bei-der-Bundeswehr-steigt.jpg\",\"contentUrl\":\"https:\/\/now-news.de\/de\/wp-content\/uploads\/sites\/3\/2022\/07\/Zahl-der-Kriegsdienstverweigerer-bei-der-Bundeswehr-steigt.jpg\",\"width\":460,\"height\":259,\"caption\":\"Zahl der Kriegsdienstverweigerer bei der Bundeswehr steigt\"},{\"@type\":\"BreadcrumbList\",\"@id\":\"https:\/\/now-news.de\/de\/deutschland\/zahl-der-kriegsdienstverweigerer-bei-der-bundeswehr-steigt\/#breadcrumb\",\"itemListElement\":[{\"@type\":\"ListItem\",\"position\":1,\"name\":\"Home\",\"item\":\"https:\/\/now-news.de\/de\/\"},{\"@type\":\"ListItem\",\"position\":2,\"name\":\"Zahl der Kriegsdienstverweigerer bei der Bundeswehr steigt\"}]},{\"@type\":\"WebSite\",\"@id\":\"https:\/\/now-news.de\/de\/#website\",\"url\":\"https:\/\/now-news.de\/de\/\",\"name\":\"just-now.NEWS Deutschland\",\"description\":\"Das Portal f\u00fcr unzensierte Nachrichten aus der Welt\",\"publisher\":{\"@id\":\"https:\/\/now-news.de\/de\/#organization\"},\"potentialAction\":[{\"@type\":\"SearchAction\",\"target\":{\"@type\":\"EntryPoint\",\"urlTemplate\":\"https:\/\/now-news.de\/de\/?s={search_term_string}\"},\"query-input\":\"required name=search_term_string\"}],\"inLanguage\":\"de\"},{\"@type\":\"Organization\",\"@id\":\"https:\/\/now-news.de\/de\/#organization\",\"name\":\"Just Now News\",\"url\":\"https:\/\/now-news.de\/de\/\",\"logo\":{\"@type\":\"ImageObject\",\"inLanguage\":\"de\",\"@id\":\"https:\/\/now-news.de\/de\/#\/schema\/logo\/image\/\",\"url\":\"http:\/\/just-now.news\/de\/wp-content\/uploads\/sites\/3\/2022\/04\/logo500x500.jpg\",\"contentUrl\":\"http:\/\/just-now.news\/de\/wp-content\/uploads\/sites\/3\/2022\/04\/logo500x500.jpg\",\"width\":500,\"height\":500,\"caption\":\"Just Now News\"},\"image\":{\"@id\":\"https:\/\/now-news.de\/de\/#\/schema\/logo\/image\/\"},\"sameAs\":[\"https:\/\/www.facebook.com\/wirmachenauf\",\"https:\/\/x.com\/WirMachenAuf_de\"]},{\"@type\":\"Person\",\"@id\":\"https:\/\/now-news.de\/de\/#\/schema\/person\/fb534a4e865501d8b3285208df34a9b5\",\"name\":\"rtnews\",\"image\":{\"@type\":\"ImageObject\",\"inLanguage\":\"de\",\"@id\":\"https:\/\/now-news.de\/de\/#\/schema\/person\/image\/\",\"url\":\"https:\/\/secure.gravatar.com\/avatar\/82aafea7d8127119dd649515f56e2117?s=96&d=mm&r=g\",\"contentUrl\":\"https:\/\/secure.gravatar.com\/avatar\/82aafea7d8127119dd649515f56e2117?s=96&d=mm&r=g\",\"caption\":\"rtnews\"},\"url\":\"https:\/\/now-news.de\/de\/author\/rnews\/\"}]}<\/script>\n<!-- \/ Yoast SEO Premium plugin. -->","yoast_head_json":{"title":"Zahl der Kriegsdienstverweigerer bei der Bundeswehr steigt - just-now.NEWS Deutschland","robots":{"index":"index","follow":"follow","max-snippet":"max-snippet:-1","max-image-preview":"max-image-preview:large","max-video-preview":"max-video-preview:-1"},"canonical":"https:\/\/now-news.de\/de\/deutschland\/zahl-der-kriegsdienstverweigerer-bei-der-bundeswehr-steigt\/","og_locale":"de_DE","og_type":"article","og_title":"Zahl der Kriegsdienstverweigerer bei der Bundeswehr steigt","og_description":"Im Jahr 2022 stellten mehr als doppelt so viele Bundeswehrsoldaten einen Antrag auf Kriegsdienstverweigerung als im Vorjahr. H\u00e4ufig begr\u00fcndeten sie dies damit, dass sie nicht mit kriegerischen Auseinandersetzungen gerechnet h\u00e4tten. Seit Jahresbeginn habe die Zahl der Soldaten, die ihren Dienst in der Bundeswehr abbrechen m\u00f6chten, stark zugenommen. Das berichtete das Redaktionsnetzwerk Deutschland am vergangenen Wochenende [&hellip;]","og_url":"https:\/\/now-news.de\/de\/deutschland\/zahl-der-kriegsdienstverweigerer-bei-der-bundeswehr-steigt\/","og_site_name":"just-now.NEWS Deutschland","article_publisher":"https:\/\/www.facebook.com\/wirmachenauf","article_published_time":"2022-07-01T04:15:00+00:00","og_image":[{"width":460,"height":259,"url":"https:\/\/now-news.de\/de\/wp-content\/uploads\/sites\/3\/2022\/07\/Zahl-der-Kriegsdienstverweigerer-bei-der-Bundeswehr-steigt.jpg","type":"image\/jpeg"}],"author":"rtnews","twitter_card":"summary_large_image","twitter_creator":"@WirMachenAuf_de","twitter_site":"@WirMachenAuf_de","twitter_misc":{"Verfasst von":"rtnews","Gesch\u00e4tzte Lesezeit":"1\u00a0Minute"},"schema":{"@context":"https:\/\/schema.org","@graph":[{"@type":"Article","@id":"https:\/\/now-news.de\/de\/deutschland\/zahl-der-kriegsdienstverweigerer-bei-der-bundeswehr-steigt\/#article","isPartOf":{"@id":"https:\/\/now-news.de\/de\/deutschland\/zahl-der-kriegsdienstverweigerer-bei-der-bundeswehr-steigt\/"},"author":{"name":"rtnews","@id":"https:\/\/now-news.de\/de\/#\/schema\/person\/fb534a4e865501d8b3285208df34a9b5"},"headline":"Zahl der Kriegsdienstverweigerer bei der Bundeswehr steigt","datePublished":"2022-07-01T04:15:00+00:00","dateModified":"2022-07-01T04:15:00+00:00","mainEntityOfPage":{"@id":"https:\/\/now-news.de\/de\/deutschland\/zahl-der-kriegsdienstverweigerer-bei-der-bundeswehr-steigt\/"},"wordCount":244,"commentCount":0,"publisher":{"@id":"https:\/\/now-news.de\/de\/#organization"},"image":{"@id":"https:\/\/now-news.de\/de\/deutschland\/zahl-der-kriegsdienstverweigerer-bei-der-bundeswehr-steigt\/#primaryimage"},"thumbnailUrl":"https:\/\/now-news.de\/de\/wp-content\/uploads\/sites\/3\/2022\/07\/Zahl-der-Kriegsdienstverweigerer-bei-der-Bundeswehr-steigt.jpg","keywords":["bei","Bundeswehr","der","Kriegsdienstverweigerer","steigt","Zahl"],"articleSection":["Deutschland","Russland"],"inLanguage":"de","potentialAction":[{"@type":"CommentAction","name":"Comment","target":["https:\/\/now-news.de\/de\/deutschland\/zahl-der-kriegsdienstverweigerer-bei-der-bundeswehr-steigt\/#respond"]}]},{"@type":"WebPage","@id":"https:\/\/now-news.de\/de\/deutschland\/zahl-der-kriegsdienstverweigerer-bei-der-bundeswehr-steigt\/","url":"https:\/\/now-news.de\/de\/deutschland\/zahl-der-kriegsdienstverweigerer-bei-der-bundeswehr-steigt\/","name":"Zahl der Kriegsdienstverweigerer bei der Bundeswehr steigt - just-now.NEWS Deutschland","isPartOf":{"@id":"https:\/\/now-news.de\/de\/#website"},"primaryImageOfPage":{"@id":"https:\/\/now-news.de\/de\/deutschland\/zahl-der-kriegsdienstverweigerer-bei-der-bundeswehr-steigt\/#primaryimage"},"image":{"@id":"https:\/\/now-news.de\/de\/deutschland\/zahl-der-kriegsdienstverweigerer-bei-der-bundeswehr-steigt\/#primaryimage"},"thumbnailUrl":"https:\/\/now-news.de\/de\/wp-content\/uploads\/sites\/3\/2022\/07\/Zahl-der-Kriegsdienstverweigerer-bei-der-Bundeswehr-steigt.jpg","datePublished":"2022-07-01T04:15:00+00:00","dateModified":"2022-07-01T04:15:00+00:00","breadcrumb":{"@id":"https:\/\/now-news.de\/de\/deutschland\/zahl-der-kriegsdienstverweigerer-bei-der-bundeswehr-steigt\/#breadcrumb"},"inLanguage":"de","potentialAction":[{"@type":"ReadAction","target":["https:\/\/now-news.de\/de\/deutschland\/zahl-der-kriegsdienstverweigerer-bei-der-bundeswehr-steigt\/"]}]},{"@type":"ImageObject","inLanguage":"de","@id":"https:\/\/now-news.de\/de\/deutschland\/zahl-der-kriegsdienstverweigerer-bei-der-bundeswehr-steigt\/#primaryimage","url":"https:\/\/now-news.de\/de\/wp-content\/uploads\/sites\/3\/2022\/07\/Zahl-der-Kriegsdienstverweigerer-bei-der-Bundeswehr-steigt.jpg","contentUrl":"https:\/\/now-news.de\/de\/wp-content\/uploads\/sites\/3\/2022\/07\/Zahl-der-Kriegsdienstverweigerer-bei-der-Bundeswehr-steigt.jpg","width":460,"height":259,"caption":"Zahl der Kriegsdienstverweigerer bei der Bundeswehr steigt"},{"@type":"BreadcrumbList","@id":"https:\/\/now-news.de\/de\/deutschland\/zahl-der-kriegsdienstverweigerer-bei-der-bundeswehr-steigt\/#breadcrumb","itemListElement":[{"@type":"ListItem","position":1,"name":"Home","item":"https:\/\/now-news.de\/de\/"},{"@type":"ListItem","position":2,"name":"Zahl der Kriegsdienstverweigerer bei der Bundeswehr steigt"}]},{"@type":"WebSite","@id":"https:\/\/now-news.de\/de\/#website","url":"https:\/\/now-news.de\/de\/","name":"just-now.NEWS Deutschland","description":"Das Portal f\u00fcr unzensierte Nachrichten aus der Welt","publisher":{"@id":"https:\/\/now-news.de\/de\/#organization"},"potentialAction":[{"@type":"SearchAction","target":{"@type":"EntryPoint","urlTemplate":"https:\/\/now-news.de\/de\/?s={search_term_string}"},"query-input":"required name=search_term_string"}],"inLanguage":"de"},{"@type":"Organization","@id":"https:\/\/now-news.de\/de\/#organization","name":"Just Now News","url":"https:\/\/now-news.de\/de\/","logo":{"@type":"ImageObject","inLanguage":"de","@id":"https:\/\/now-news.de\/de\/#\/schema\/logo\/image\/","url":"http:\/\/just-now.news\/de\/wp-content\/uploads\/sites\/3\/2022\/04\/logo500x500.jpg","contentUrl":"http:\/\/just-now.news\/de\/wp-content\/uploads\/sites\/3\/2022\/04\/logo500x500.jpg","width":500,"height":500,"caption":"Just Now News"},"image":{"@id":"https:\/\/now-news.de\/de\/#\/schema\/logo\/image\/"},"sameAs":["https:\/\/www.facebook.com\/wirmachenauf","https:\/\/x.com\/WirMachenAuf_de"]},{"@type":"Person","@id":"https:\/\/now-news.de\/de\/#\/schema\/person\/fb534a4e865501d8b3285208df34a9b5","name":"rtnews","image":{"@type":"ImageObject","inLanguage":"de","@id":"https:\/\/now-news.de\/de\/#\/schema\/person\/image\/","url":"https:\/\/secure.gravatar.com\/avatar\/82aafea7d8127119dd649515f56e2117?s=96&d=mm&r=g","contentUrl":"https:\/\/secure.gravatar.com\/avatar\/82aafea7d8127119dd649515f56e2117?s=96&d=mm&r=g","caption":"rtnews"},"url":"https:\/\/now-news.de\/de\/author\/rnews\/"}]}},"_links":{"self":[{"href":"https:\/\/now-news.de\/de\/wp-json\/wp\/v2\/posts\/12458"}],"collection":[{"href":"https:\/\/now-news.de\/de\/wp-json\/wp\/v2\/posts"}],"about":[{"href":"https:\/\/now-news.de\/de\/wp-json\/wp\/v2\/types\/post"}],"author":[{"embeddable":true,"href":"https:\/\/now-news.de\/de\/wp-json\/wp\/v2\/users\/3"}],"replies":[{"embeddable":true,"href":"https:\/\/now-news.de\/de\/wp-json\/wp\/v2\/comments?post=12458"}],"version-history":[{"count":0,"href":"https:\/\/now-news.de\/de\/wp-json\/wp\/v2\/posts\/12458\/revisions"}],"wp:featuredmedia":[{"embeddable":true,"href":"https:\/\/now-news.de\/de\/wp-json\/wp\/v2\/media\/12459"}],"wp:attachment":[{"href":"https:\/\/now-news.de\/de\/wp-json\/wp\/v2\/media?parent=12458"}],"wp:term":[{"taxonomy":"category","embeddable":true,"href":"https:\/\/now-news.de\/de\/wp-json\/wp\/v2\/categories?post=12458"},{"taxonomy":"post_tag","embeddable":true,"href":"https:\/\/now-news.de\/de\/wp-json\/wp\/v2\/tags?post=12458"}],"curies":[{"name":"wp","href":"https:\/\/api.w.org\/{rel}","templated":true}]}}