{"id":12431,"date":"2022-06-30T22:00:40","date_gmt":"2022-06-30T20:00:40","guid":{"rendered":"http:\/\/just-now.news\/de\/deutschland\/botschafter-melnyk-leugnet-mitschuld-ukrainischer-nationalisten-an-massaker-an-polen-und-juden\/"},"modified":"2022-06-30T22:00:40","modified_gmt":"2022-06-30T20:00:40","slug":"botschafter-melnyk-leugnet-mitschuld-ukrainischer-nationalisten-an-massaker-an-polen-und-juden","status":"publish","type":"post","link":"https:\/\/now-news.de\/de\/deutschland\/botschafter-melnyk-leugnet-mitschuld-ukrainischer-nationalisten-an-massaker-an-polen-und-juden\/","title":{"rendered":"Botschafter Melnyk leugnet Mitschuld ukrainischer Nationalisten an Massaker an Polen und Juden"},"content":{"rendered":"<p><img decoding=\"async\" src=\"http:\/\/just-now.news\/de\/wp-content\/uploads\/sites\/3\/2022\/06\/62bd9db6b480cc33e8081c0c.jpg\" \/><\/p>\n<p><em>von Wladislaw Sankin<\/em><\/p>\n<p>Eigentlich hat der medial omnipr\u00e4sente ukrainische Botschafter Andrei Melnyk von seiner Bandera-Verehrung nie ein Hehl gemacht. Der faschistische Anf\u00fchrer der ukrainischen Nationalisten von OUN und Nazi-Kollaborateur wurde vom N\u00fcrnberger Tribunal schlie\u00dflich nicht verurteilt, und die Bundesrepublik bot ihm Asyl. Heute gilt er in den deutschen Medien trotz nachgewiesener Gr\u00e4ueltaten seiner Anh\u00e4nger lediglich als &#8220;umstrittene Figur&#8221;.<\/p>\n<p>Aber dass die Bandera-Verehrung bei dem Botschafter so tiefsitzend und fast irrational ist, wurde erst nach der Ver\u00f6ffentlichung des <a rel=\"nofollow noopener\" target=\"_blank\" href=\"https:\/\/www.youtube.com\/watch?v=JVEGR7apzoI\">Interviews<\/a> mit dem YouTuber<a rel=\"nofollow noopener\" target=\"_blank\" href=\"https:\/\/www.youtube.com\/watch?v=JVEGR7apzoI\"> <\/a>Tilo Jung klar. Am Ende seines Teils (den zweiten Teil \u00fcbernahm der Journalist Hans Jessen) des insgesamt dreist\u00fcndigen Gespr\u00e4chs hat er ihn \u2013 nach den Ausf\u00fchrungen des Botschafters, dass Russland nun ein faschistisches Land sei und die Ermordung von Wladimir Putin &#8220;eine Option&#8221; sei \u2013 zu seinem Verh\u00e4ltnis zu Stepan Bandera befragt.<\/p>\n<p>Jung kam zu dem Interview gut vorbereitet und las eine Reihe von Fakten und Zitaten vor, die eigentlich keinen Zweifel daran lassen sollten, dass die OUN-F\u00fchrung in der Ukraine ein faschistisches, monoethnisches Regime installieren wollte und daf\u00fcr die Notwendigkeit einer ethnischen S\u00e4uberung von &#8220;Juden, Polen und Moskowitern&#8221; in Kauf nahm. Der Blogger betonte, dass dies\u00a0keine &#8220;russische Propaganda&#8221; sei und inzwischen zum Allgemeinwissen unter Historikern geh\u00f6re.\u00a0<\/p>\n<p>Es gebe &#8220;keine Belege, dass Banderas Truppen hunderttausende Juden ermordet haben&#8221;, widersprach ihm Melnyk. Bandera sei &#8220;kein Massenm\u00f6rder&#8221; von Juden und Polen gewesen. &#8220;Ich werde dir heute nicht sagen, dass ich mich davon distanziere, und das war&#8217;s.&#8221;<\/p>\n<p>Das bis dahin eher vertraulich gef\u00fchrte Interview \u00e4nderte sich schnell in ein Streitgespr\u00e4ch:\u00a0<\/p>\n<p>Jung: &#8220;Es gab mehrere Massaker an Polen, durchgef\u00fchrt von Bandera.&#8221;<\/p>\n<p>Melnyk: &#8220;Es gab auch auf gleiche Weise Massaker der Polen gegen\u00fcber der Ukraine &#8230; Das war ein Krieg.&#8221;<\/p>\n<p>Jung: &#8220;Das macht es ja nicht besser.&#8221;<\/p>\n<p>Melnyk: &#8220;Wollen Sie das politisieren?&#8221;<\/p>\n<p>Jung: &#8220;Aber hat der Staat Israel unrecht, dass 800.000 Juden auch von Bandera &#8230;&#8221;<\/p>\n<p>Melnyk: &#8220;Israel &#8230;&#8221;<\/p>\n<p>Jung: &#8220;Denken die sich das aus?&#8221;<\/p>\n<p>Melnyk: &#8220;Ich wei\u00df nicht, was die sich ausdenken &#8230; aber wir reden \u00fcber Bandera, und wir reden \u00fcber &#8230;&#8221;<\/p>\n<p>Jung: &#8220;Aber die ganze Welt erkennt an, dass Bandera an der Ermordung von Hunderttausend Juden beteiligt war.&#8221;<\/p>\n<p>Melnyk: &#8220;Nein, das stimmt nicht &#8230; Es gibt keine Belege, dass Bandera-Truppen Hunderttausende Juden ermordet haben.&#8221;<\/p>\n<p>Die Beteiligung der Bandera-Anh\u00e4nger und sonstigen militanten Nationalisten am Holocaust und\u00a0anderen\u00a0Verbrechen kann man in der Tat nicht mit der systematischen und industriell durchgef\u00fchrten Judenvernichtung der Hitler-Nazis gleichsetzen. In der Regel beteiligten sie sich an blutigen Pogromen mit Tausenden Opfern und \u00fcbernahmen bereitwillig als Hilfspolizisten im Dienste der Besatzer die schmutzigste Arbeit der Massenerschie\u00dfungen und der sonstigen Gr\u00e4ueltaten an der Zivilbev\u00f6lkerung oder den Kriegsgefangenen. Der Historiker\u00a0Grzegorz Rossoli\u0144ski-Liebe <a rel=\"nofollow noopener\" target=\"_blank\" href=\"https:\/\/www.heise.de\/tp\/features\/Das-Tragische-am-Bandera-Kult-ist-dass-Ukrainer-oft-nicht-wissen-wen-sie-eigentlich-verehren-6670655.html?seite=all\">sagte<\/a> unl\u00e4ngst in einem Interview:\u00a0<\/p>\n<blockquote>\n<p><em>&#8220;Die Zusammenarbeit [zwischen Hitler-Nazis und OUN] im Holocaust funktionierte einwandfrei. OUN-Mitlieder schlossen sich der ukrainischen Polizei im Distrikt Galizien und Wolhynien an. Sie und ebenso viele &#8216;gew\u00f6hnliche&#8217; Ukrainer halfen den deutschen Besatzern, 800.000 Juden in der Westukraine zu ermorden. Der OUN kam das entgegen, weil es ein Teil ihres Plans war, die Ukraine in ein ethnisch homogenes Land zu verwandeln.&#8221;<\/em><\/p>\n<\/blockquote>\n<div class=\"EmbedBlock-root EmbedBlock-twitter\">\n<div class=\"TwitterEmbed\">\n<blockquote class=\"twitter-tweet lazyload\" data-twitter=\"twitter-tweet\">\n<p lang=\"de\" dir=\"ltr\">Da es wichtig ist, sich die komplette 19-min\u00fctige Passage von Melnyk zu Bandera anzusehen (und um propagandistischen Missbrauch entgegenzuwirken), ver\u00f6ffentliche ich sie hier in zwei Teilen (Teil 1) <a rel=\"nofollow noopener\" target=\"_blank\" href=\"https:\/\/t.co\/DOZ4mbW2r9\">pic.twitter.com\/DOZ4mbW2r9<\/a><\/p>\n<p>\u2014 Tilo Jung (@TiloJung) <a rel=\"nofollow noopener\" target=\"_blank\" href=\"https:\/\/twitter.com\/TiloJung\/status\/1542485586946281475?ref_src=twsrc%5Etfw\">June 30, 2022<\/a><\/p><\/blockquote><\/div><\/div>\n<p>Solche Anschuldigungen h\u00e4lt der Botschafter f\u00fcr ein &#8220;russisches &#8220;Narrativ&#8221;:<\/p>\n<p>&#8220;Das ist das Narrativ, das die Russen bis heute durchsetzen, und das in Deutschland, in Polen und auch in Israel Unterst\u00fctzung findet.&#8221;<\/p>\n<p>Jung: &#8220;Denken sich die j\u00fcdischen Gemeinden das alles aus?&#8221;<\/p>\n<p>Melnyk: &#8220;Ich wei\u00df nicht, woher sie diese Daten nehmen, aber ich bin bereit, mit den j\u00fcdischen Gemeinden dar\u00fcber sachlich zu reden \u2013 wenn sie nicht nur das wiederholen, was wir seit Jahrzehnten h\u00f6ren: Bandera war &#8230;&#8221;<\/p>\n<p>Jung: &#8220;Es gab Flugbl\u00e4tter, als die Deutschen reingekommen sind in die Ukraine, da hie\u00df es: &#8216;Volk, das musst du wissen, Moskoviter, Polen, Ungarn und Juden, die sind deine Feinde. Vernichte sie. Das musst du wissen. Deine F\u00fchrung, dein F\u00fchrer Stepan Bandera&#8217;.&#8221;\u00a0<\/p>\n<p>Melnyk: &#8220;Was f\u00fcr Flugbl\u00e4tter sind das?&#8221;<\/p>\n<p>Jung: &#8220;Das ist doch ganz klar, und ich frag mich &#8230;&#8221;<\/p>\n<p>Melnyk: &#8220;Also ich, ich werde dir heute nicht sagen, dass ich mich davon distanziere &#8230; und das war&#8217;s.&#8221;<\/p>\n<p>Jung: &#8220;Das ist ja deine Entscheidung, ich frage mich nur &#8230;&#8221;<\/p>\n<p>Melnyk: &#8220;Das kannst du nicht verstehen &#8230;&#8221;<\/p>\n<p>Jung: &#8220;Ich verstehe nicht, wie man jemanden als Helden bezeichnen kann, der gleichzeitig Massenm\u00f6rder von Juden und Polen war.&#8221;<\/p>\n<p>Melnyk: &#8220;Bandera war kein Massenm\u00f6rder von Juden und Polen, er war kein Massenm\u00f6rder.&#8221;<\/p>\n<p>Noch lange diskutierten die beiden \u00fcber Bandera und seine Rolle im Zweiten Weltkrieg. Melnyk zufolge wurde Bandera von Stalin als &#8220;S\u00fcndenbock&#8221; unter sehr vielen ausgew\u00e4hlt, was am Ende auch den Deutschen in die H\u00e4nde gespielt habe. Er blieb bis zum Ende bei seinem Standpunkt.\u00a0<\/p>\n<div class=\"EmbedBlock-root EmbedBlock-twitter\">\n<div class=\"TwitterEmbed\">\n<blockquote class=\"twitter-tweet lazyload\" data-twitter=\"twitter-tweet\">\n<p lang=\"de\" dir=\"ltr\">Da es wichtig ist, sich die komplette 19-min\u00fctige Passage von Melnyk zu Bandera anzusehen (und um propagandistischen Missbrauch entgegenzuwirken), ver\u00f6ffentliche ich sie hier in zwei Teilen (Teil 1) <a rel=\"nofollow noopener\" target=\"_blank\" href=\"https:\/\/t.co\/DOZ4mbW2r9\">pic.twitter.com\/DOZ4mbW2r9<\/a><\/p>\n<p>\u2014 Tilo Jung (@TiloJung) <a rel=\"nofollow noopener\" target=\"_blank\" href=\"https:\/\/twitter.com\/TiloJung\/status\/1542485586946281475?ref_src=twsrc%5Etfw\">June 30, 2022<\/a><\/p><\/blockquote><\/div><\/div>\n<p>Warum das so ist, blendete der ukrainische Botschafter zuvor selbst ein, als Jung ihn \u00fcber seine Biographie ausfragte. Seiner Mutter zufolge erhielt er von seinem Vater seinen Vornamen zu Ehren des fr\u00fcheren <a rel=\"nofollow noopener\" target=\"_blank\" href=\"https:\/\/de.wikipedia.org\/wiki\/Andrij_Melnyk_(Offizier)\">OUN-Anf\u00fchrers Andrei Melnyk<\/a>. Zuvor hat der Journalist ihn gefragt, ob es Zufall sei, dass er genauso hie\u00df wie ein &#8220;Offizier&#8221; aus dem Zweiten Weltkrieg \u2013 Andrei Melnyk.\u00a0<\/p>\n<blockquote>\n<p><em>&#8220;Andrei Melnyk, den Sie jetzt meinen, er war einer Anf\u00fchrer von OUN-UPA. OUN war politischer Fl\u00fcgel und UPA milit\u00e4rischer Fl\u00fcgel. Und er war einer der moderaten Anf\u00fchrer. Meine Mutter hat mir erz\u00e4hlt, dass mein Vater mich so nennen wollte, weil er wie viele Ukrainer und Ukrainerinnen Freiheitsk\u00e4mpfer war&#8221;<\/em>, sagte der Botschafter.\u00a0<\/p>\n<\/blockquote>\n<p>Auch Stepan Bandera sei f\u00fcr viele Ukrainer der Inbegriff des Freiheitsk\u00e4mpfers f\u00fcr die Unabh\u00e4ngigkeit der Ukraine, der in &#8220;einer schwierigen Umgebung&#8221; versucht habe, seine Ziele zu erreichen. Der Botschafter erz\u00e4hlte im Interview auch die Geschichte seines Onkels, der als Jugendlicher und Helfer der in den ersten Nachkriegstagen operierenden Untergrund-Terroristen in der Sowjetunion zur langj\u00e4hrigen Verbannung nach Sibirien verurteilt wurde. Er stellte ihn als Opfer eines &#8220;totalit\u00e4ren Regimes&#8221; dar.\u00a0<\/p>\n<p>Andrei\u00a0Melnyk gilt in der Geschichtsforschung in der Tat als ein \u2013 im Vergleich zu Bandera \u2013 moderaterer OUN-Anf\u00fchrer einer \u00e4lteren Generation von Aktivisten, die noch im Ersten Weltkrieg (als Soldaten in der Regel auf Seiten \u00d6sterreich-Ungarns) gek\u00e4mpft hatten. Aber genauso wie Bandera stand er jahrelang im Dienste des deutschen Milit\u00e4rgeheimdienstes &#8220;Abwehr&#8221;, und seine Anh\u00e4nger\u00a0stellten diverse Einheiten der Schutzmannschaften zusammen, die in den besetzen Gebieten die blutige Arbeit der Judenvernichtung und Partisanenbek\u00e4mpfung \u00fcbernahmen. Und auch er w\u00fcrdigte Adolf Hitler zu Beginn des Krieges gegen die Sowjetunion im gleichen Wortlaut wie Bandera. Nachdem die Deutschen dem Plan Banderas zur Errichtung eines Ukrainischen Staates eine Absage erteilt hatten, soll sich am 5. Juli Melnyk direkt an Hitler gewandt haben:\u00a0<\/p>\n<blockquote>\n<p><em>&#8220;Das ukrainische Volk, dessen jahrhundertelanger Kampf um seine Freiheit in der Geschichte anderer Nationen seinesgleichen sucht, unterst\u00fctzt die Ideale des Neuen Europa von ganzem Herzen. Das gesamte ukrainische Volk ist bestrebt, an der Verwirklichung dieser Ideale mitzuwirken. Wir, die alten Freiheitsk\u00e4mpfer der Jahre 1918-1921, bitten darum, dass wir uns zusammen mit unserer ukrainischen Jugend [gemeint ist die Generation von Stepan Bandera, der im Jahre 1941 32 Jahre alt war] am Kreuzzug gegen die bolschewistische Barbarei beteiligen d\u00fcrfen.<\/em><\/p>\n<p><em>Wir bitten darum, Schulter an Schulter mit den Legionen Europas und unserem Befreier, der deutschen Wehrmacht, marschieren zu d\u00fcrfen, und bitten darum, eine ukrainische Milit\u00e4rformation bilden zu d\u00fcrfen.&#8221;<\/em><\/p>\n<\/blockquote>\n<p>Auch er forderte \u2013 genauso wie Stepan Bandera \u2013 in den Flugbl\u00e4ttern den Tod f\u00fcr seine Feinde. Laut russischem Historiker Alexander Djukow werden die Worte\u00a0&#8220;Tod den j\u00fcdischen Handlangern, den Kommunobolschewiken!&#8221; diesem Andrei Melnyk zugeschrieben.\u00a0<\/p>\n<p>Melnyk wurde schlie\u00dflich erlaubt, eine 2.000 Mann starke Formation &#8220;Bukowinski Kuren&#8221; zu stellen. Diese folgte den Hitler-Truppen in das besetze Gebiet und <a rel=\"nofollow noopener\" target=\"_blank\" href=\"https:\/\/ru.wikipedia.org\/wiki\/%D0%91%D1%83%D0%BA%D0%BE%D0%B2%D0%B8%D0%BD%D1%81%D0%BA%D0%B8%D0%B9_%D0%BA%D1%83%D1%80%D0%B5%D0%BD%D1%8C\">beteiligten sich<\/a> sp\u00e4ter an den Massenerschie\u00dfungen in der Kiewer Schlucht Babi Jar. Im Unterschied zum Bandera-Fl\u00fcgel der OUN blieb der Melnyk-Fl\u00fcgel im Dritten Reich weitgehend legal und stellte viele sp\u00e4tere K\u00e4mpfer f\u00fcr die SS-Division &#8220;Galizien&#8221; bereit.\u00a0<\/p>\n<p>Es bleibt noch anzumerken, dass Stepan Bandera, der angeblich &#8220;f\u00fcr viele Ukrainer&#8221; ein Held sei, sich niemals auf dem Territorium der Ukraine aufgehalten hat. Er lebte auf dem Territorium \u00d6sterreich-Ungarns, Polens, des Dritten Reichs und der Bundesrepublik Deutschland. \u00c4hnliches gilt auch f\u00fcr Andrei Melnyk, der ebenso im Staat \u00d6sterreich-Ungarn geboren wurde. Das Ende seines Lebens verbrachte Melnyk in Kanada. <\/p>\n<p><strong>Medienecho<\/strong><\/p>\n<p>Die Versuche des ukrainischen Botschafters, den Nationalistenf\u00fchrer wei\u00dfzuwaschen, blieben den deutsche Medien zumindest nicht verborgen. Am Ende einer eher neutral gehaltenen Meldung stellte <em>dpa<\/em> fest:\u00a0<\/p>\n<blockquote>\n<p><em>&#8220;In der Ukraine wird besonders seit dem Regierungssturz von 2014 ein Kult um Stepan Bandera und Vertreter der von ihm gef\u00fchrten Organisation Ukrainischer Nationalisten (OUN) betrieben. Er gilt als ma\u00dfgeblich verantwortlich f\u00fcr die Ideologie des radikalen Fl\u00fcgels der Organisation. Hunderte Stra\u00dfen wurden nach Bandera und anderen OUN-Vertretern benannt.<\/em><\/p>\n<p><em>Die von OUN-Mitgliedern gef\u00fchrten nationalistischen westukrainischen Partisanen f\u00fchrten 1943 in Wolhynien ethnisch motivierte Vertreibungen durch. Dabei wurden Zehntausende polnische Zivilisten teils bestialisch ermordet.&#8221;<\/em><\/p>\n<\/blockquote>\n<p>Die Regierungssprecherin Christiane Hoffmann hat den Streit w\u00e4hrend des Interviews auf ihrem Twitter-Kanal als &#8220;<a rel=\"nofollow noopener\" target=\"_blank\" href=\"https:\/\/twitter.com\/StvSprecherin\/status\/1542510934081409025?s=20&amp;t=TgykaUPqoj7sdRtX1CAFvw\">sehenswert<\/a>&#8221; empfohlen. Mit dieser Bezeichnung hat sie zumindest den Beitrag von Tilo Jung weiterverbreitet. Ob sie die Angriffslustigkeit des Fragestellers oder die &#8220;geschickte&#8221; Verteidigungsstrategie des Interviewten damit besonders wertsch\u00e4tzen wollte, bleibt unklar.\u00a0<\/p>\n<p>Mit seinem Twitter-Beitrag wollte Tilo Jung selbst eigentlich jeglichem &#8220;propagandistischem Missbrauch entgegenzuwirken&#8221;. Geh\u00f6rt zu diesem Missbrauch auch unser Beitrag? Jedenfalls ist es so, dass sich wohl der Botschafter Melnyk nach seiner Offenbarung im deutschen medialen Kontext eher weiter gest\u00e4rkt als geschw\u00e4cht f\u00fchlt. Am n\u00e4chsten Tag polterte er medial wieder in gewohnter Manier gegen eine Initiative zum Waffenstillstand:<\/p>\n<blockquote>\n<p><em>&#8220;Nicht schon wieder, what a bunch of pseudo-intellectual loosers Ihr alle Varwicks, Vads, Kluges, Prechts, Yogeshwars, Zehs &amp; Co. sollt euch endlich mit euren def\u00e4tistischen &#8216;Ratschl\u00e4gen&#8217; zum Teufel scheren. Tsch\u00fc\u00df&#8221;<\/em><\/p>\n<\/blockquote>\n<div class=\"EmbedBlock-root EmbedBlock-twitter\">\n<div class=\"TwitterEmbed\">\n<blockquote class=\"twitter-tweet lazyload\" data-twitter=\"twitter-tweet\">\n<p lang=\"de\" dir=\"ltr\">Nicht schon wieder, what a bunch of pseudo-intellectual loosers ????\u200d\u2642\ufe0fIhr alle Varwicks, Vads, Kluges, Prechts, Yogeshwars, Zehs &amp; Co. sollt euch endlich mit euren def\u00e4tistischen \u201eRatschl\u00e4gen\u201c zum Teufel scheren. Tsch\u00fc\u00df<a rel=\"nofollow noopener\" target=\"_blank\" href=\"https:\/\/t.co\/maeCCkxrBU\">https:\/\/t.co\/maeCCkxrBU<\/a> <a rel=\"nofollow noopener\" target=\"_blank\" href=\"https:\/\/t.co\/R6W19c66om\">pic.twitter.com\/R6W19c66om<\/a><\/p>\n<p>\u2014 Andrij Melnyk (@MelnykAndrij) <a rel=\"nofollow noopener\" target=\"_blank\" href=\"https:\/\/twitter.com\/MelnykAndrij\/status\/1542268368018972673?ref_src=twsrc%5Etfw\">June 29, 2022<\/a><\/p><\/blockquote><\/div><\/div>\n<p><strong>Mehr zum Thema<\/strong> &#8211; <a rel=\"nofollow noopener\" target=\"_blank\" href=\"https:\/\/meinungsfreiheit.rtde.life\/meinung\/139393-ukraine-waffen-weizen-und-fleischwolf\/\">Ukraine: Waffen, Weizen und ein Fleischwolf<\/a><\/p>\n<p><script async src=\"https:\/\/platform.twitter.com\/widgets.js\" charset=\"utf-8\"><\/script><br \/>\n<br \/><br \/>\n<br \/><a href=\"https:\/\/de.rt.com\/europa\/142340-botschafter-melnyck-leugnet-mitschuld-ukrainischer-nationalisten-massaker-polen-juden\/\">Source link <\/a><\/p>\n","protected":false},"excerpt":{"rendered":"<p>von Wladislaw Sankin Eigentlich hat der medial omnipr\u00e4sente ukrainische Botschafter Andrei Melnyk von seiner Bandera-Verehrung nie ein Hehl gemacht. Der faschistische Anf\u00fchrer der ukrainischen Nationalisten von OUN und Nazi-Kollaborateur wurde vom N\u00fcrnberger Tribunal schlie\u00dflich nicht verurteilt, und die Bundesrepublik bot ihm Asyl. Heute gilt er in den deutschen Medien trotz nachgewiesener Gr\u00e4ueltaten seiner Anh\u00e4nger lediglich [&hellip;]<\/p>\n","protected":false},"author":3,"featured_media":12432,"comment_status":"open","ping_status":"open","sticky":false,"template":"","format":"standard","meta":{"wp_automatic_camp":["217"],"8e0b783bb476afea5d34e79d5d897fbc":["Botschafter Melnyk leugnet Mitschuld ukrainischer Nationalisten an Massaker an Polen und Juden"],"original_link":["https:\/\/de.rt.com\/europa\/142340-botschafter-melnyck-leugnet-mitschuld-ukrainischer-nationalisten-massaker-polen-juden\/"],"_thumbnail_id":["12432"],"_wptg_p2tg_sent2tg":["2022-06-30 22:06:07"],"jnews_social_counter_last_update":["1777605772"]},"categories":[19,23],"tags":[4992,26366,24610,7538,15740,26365,906,5850,488,140],"yoast_head":"<!-- This site is optimized with the Yoast SEO Premium plugin v22.7 (Yoast SEO v22.7) - https:\/\/yoast.com\/wordpress\/plugins\/seo\/ -->\n<title>Botschafter Melnyk leugnet Mitschuld ukrainischer Nationalisten an Massaker an Polen und Juden - just-now.NEWS Deutschland<\/title>\n<meta name=\"robots\" content=\"index, follow, max-snippet:-1, max-image-preview:large, max-video-preview:-1\" \/>\n<link rel=\"canonical\" href=\"https:\/\/now-news.de\/de\/deutschland\/botschafter-melnyk-leugnet-mitschuld-ukrainischer-nationalisten-an-massaker-an-polen-und-juden\/\" \/>\n<meta property=\"og:locale\" content=\"de_DE\" \/>\n<meta property=\"og:type\" content=\"article\" \/>\n<meta property=\"og:title\" content=\"Botschafter Melnyk leugnet Mitschuld ukrainischer Nationalisten an Massaker an Polen und Juden\" \/>\n<meta property=\"og:description\" content=\"von Wladislaw Sankin Eigentlich hat der medial omnipr\u00e4sente ukrainische Botschafter Andrei Melnyk von seiner Bandera-Verehrung nie ein Hehl gemacht. Der faschistische Anf\u00fchrer der ukrainischen Nationalisten von OUN und Nazi-Kollaborateur wurde vom N\u00fcrnberger Tribunal schlie\u00dflich nicht verurteilt, und die Bundesrepublik bot ihm Asyl. Heute gilt er in den deutschen Medien trotz nachgewiesener Gr\u00e4ueltaten seiner Anh\u00e4nger lediglich [&hellip;]\" \/>\n<meta property=\"og:url\" content=\"https:\/\/now-news.de\/de\/deutschland\/botschafter-melnyk-leugnet-mitschuld-ukrainischer-nationalisten-an-massaker-an-polen-und-juden\/\" \/>\n<meta property=\"og:site_name\" content=\"just-now.NEWS Deutschland\" \/>\n<meta property=\"article:publisher\" content=\"https:\/\/www.facebook.com\/wirmachenauf\" \/>\n<meta property=\"article:published_time\" content=\"2022-06-30T20:00:40+00:00\" \/>\n<meta property=\"og:image\" content=\"https:\/\/now-news.de\/de\/wp-content\/uploads\/sites\/3\/2022\/06\/Botschafter-Melnyk-leugnet-Mitschuld-ukrainischer-Nationalisten-an-Massaker-an-Polen.jpg\" \/>\n\t<meta property=\"og:image:width\" content=\"460\" \/>\n\t<meta property=\"og:image:height\" content=\"259\" \/>\n\t<meta property=\"og:image:type\" content=\"image\/jpeg\" \/>\n<meta name=\"author\" content=\"rtnews\" \/>\n<meta name=\"twitter:card\" content=\"summary_large_image\" \/>\n<meta name=\"twitter:creator\" content=\"@WirMachenAuf_de\" \/>\n<meta name=\"twitter:site\" content=\"@WirMachenAuf_de\" \/>\n<meta name=\"twitter:label1\" content=\"Verfasst von\" \/>\n\t<meta name=\"twitter:data1\" content=\"rtnews\" \/>\n\t<meta name=\"twitter:label2\" content=\"Gesch\u00e4tzte Lesezeit\" \/>\n\t<meta name=\"twitter:data2\" content=\"9\u00a0Minuten\" \/>\n<script type=\"application\/ld+json\" class=\"yoast-schema-graph\">{\"@context\":\"https:\/\/schema.org\",\"@graph\":[{\"@type\":\"Article\",\"@id\":\"https:\/\/now-news.de\/de\/deutschland\/botschafter-melnyk-leugnet-mitschuld-ukrainischer-nationalisten-an-massaker-an-polen-und-juden\/#article\",\"isPartOf\":{\"@id\":\"https:\/\/now-news.de\/de\/deutschland\/botschafter-melnyk-leugnet-mitschuld-ukrainischer-nationalisten-an-massaker-an-polen-und-juden\/\"},\"author\":{\"name\":\"rtnews\",\"@id\":\"https:\/\/now-news.de\/de\/#\/schema\/person\/fb534a4e865501d8b3285208df34a9b5\"},\"headline\":\"Botschafter Melnyk leugnet Mitschuld ukrainischer Nationalisten an Massaker an Polen und Juden\",\"datePublished\":\"2022-06-30T20:00:40+00:00\",\"dateModified\":\"2022-06-30T20:00:40+00:00\",\"mainEntityOfPage\":{\"@id\":\"https:\/\/now-news.de\/de\/deutschland\/botschafter-melnyk-leugnet-mitschuld-ukrainischer-nationalisten-an-massaker-an-polen-und-juden\/\"},\"wordCount\":1757,\"commentCount\":0,\"publisher\":{\"@id\":\"https:\/\/now-news.de\/de\/#organization\"},\"image\":{\"@id\":\"https:\/\/now-news.de\/de\/deutschland\/botschafter-melnyk-leugnet-mitschuld-ukrainischer-nationalisten-an-massaker-an-polen-und-juden\/#primaryimage\"},\"thumbnailUrl\":\"https:\/\/now-news.de\/de\/wp-content\/uploads\/sites\/3\/2022\/06\/Botschafter-Melnyk-leugnet-Mitschuld-ukrainischer-Nationalisten-an-Massaker-an-Polen.jpg\",\"keywords\":[\"Botschafter\",\"Juden\",\"leugnet\",\"Massaker\",\"Melnyk\",\"Mitschuld\",\"Nationalisten\",\"Polen\",\"Ukrainischer\",\"und\"],\"articleSection\":[\"Deutschland\",\"Russland\"],\"inLanguage\":\"de\",\"potentialAction\":[{\"@type\":\"CommentAction\",\"name\":\"Comment\",\"target\":[\"https:\/\/now-news.de\/de\/deutschland\/botschafter-melnyk-leugnet-mitschuld-ukrainischer-nationalisten-an-massaker-an-polen-und-juden\/#respond\"]}]},{\"@type\":\"WebPage\",\"@id\":\"https:\/\/now-news.de\/de\/deutschland\/botschafter-melnyk-leugnet-mitschuld-ukrainischer-nationalisten-an-massaker-an-polen-und-juden\/\",\"url\":\"https:\/\/now-news.de\/de\/deutschland\/botschafter-melnyk-leugnet-mitschuld-ukrainischer-nationalisten-an-massaker-an-polen-und-juden\/\",\"name\":\"Botschafter Melnyk leugnet Mitschuld ukrainischer Nationalisten an Massaker an Polen und Juden - just-now.NEWS Deutschland\",\"isPartOf\":{\"@id\":\"https:\/\/now-news.de\/de\/#website\"},\"primaryImageOfPage\":{\"@id\":\"https:\/\/now-news.de\/de\/deutschland\/botschafter-melnyk-leugnet-mitschuld-ukrainischer-nationalisten-an-massaker-an-polen-und-juden\/#primaryimage\"},\"image\":{\"@id\":\"https:\/\/now-news.de\/de\/deutschland\/botschafter-melnyk-leugnet-mitschuld-ukrainischer-nationalisten-an-massaker-an-polen-und-juden\/#primaryimage\"},\"thumbnailUrl\":\"https:\/\/now-news.de\/de\/wp-content\/uploads\/sites\/3\/2022\/06\/Botschafter-Melnyk-leugnet-Mitschuld-ukrainischer-Nationalisten-an-Massaker-an-Polen.jpg\",\"datePublished\":\"2022-06-30T20:00:40+00:00\",\"dateModified\":\"2022-06-30T20:00:40+00:00\",\"breadcrumb\":{\"@id\":\"https:\/\/now-news.de\/de\/deutschland\/botschafter-melnyk-leugnet-mitschuld-ukrainischer-nationalisten-an-massaker-an-polen-und-juden\/#breadcrumb\"},\"inLanguage\":\"de\",\"potentialAction\":[{\"@type\":\"ReadAction\",\"target\":[\"https:\/\/now-news.de\/de\/deutschland\/botschafter-melnyk-leugnet-mitschuld-ukrainischer-nationalisten-an-massaker-an-polen-und-juden\/\"]}]},{\"@type\":\"ImageObject\",\"inLanguage\":\"de\",\"@id\":\"https:\/\/now-news.de\/de\/deutschland\/botschafter-melnyk-leugnet-mitschuld-ukrainischer-nationalisten-an-massaker-an-polen-und-juden\/#primaryimage\",\"url\":\"https:\/\/now-news.de\/de\/wp-content\/uploads\/sites\/3\/2022\/06\/Botschafter-Melnyk-leugnet-Mitschuld-ukrainischer-Nationalisten-an-Massaker-an-Polen.jpg\",\"contentUrl\":\"https:\/\/now-news.de\/de\/wp-content\/uploads\/sites\/3\/2022\/06\/Botschafter-Melnyk-leugnet-Mitschuld-ukrainischer-Nationalisten-an-Massaker-an-Polen.jpg\",\"width\":460,\"height\":259,\"caption\":\"Botschafter Melnyk leugnet Mitschuld ukrainischer Nationalisten an Massaker an Polen und Juden\"},{\"@type\":\"BreadcrumbList\",\"@id\":\"https:\/\/now-news.de\/de\/deutschland\/botschafter-melnyk-leugnet-mitschuld-ukrainischer-nationalisten-an-massaker-an-polen-und-juden\/#breadcrumb\",\"itemListElement\":[{\"@type\":\"ListItem\",\"position\":1,\"name\":\"Home\",\"item\":\"https:\/\/now-news.de\/de\/\"},{\"@type\":\"ListItem\",\"position\":2,\"name\":\"Botschafter Melnyk leugnet Mitschuld ukrainischer Nationalisten an Massaker an Polen und Juden\"}]},{\"@type\":\"WebSite\",\"@id\":\"https:\/\/now-news.de\/de\/#website\",\"url\":\"https:\/\/now-news.de\/de\/\",\"name\":\"just-now.NEWS Deutschland\",\"description\":\"Das Portal f\u00fcr unzensierte Nachrichten aus der Welt\",\"publisher\":{\"@id\":\"https:\/\/now-news.de\/de\/#organization\"},\"potentialAction\":[{\"@type\":\"SearchAction\",\"target\":{\"@type\":\"EntryPoint\",\"urlTemplate\":\"https:\/\/now-news.de\/de\/?s={search_term_string}\"},\"query-input\":\"required name=search_term_string\"}],\"inLanguage\":\"de\"},{\"@type\":\"Organization\",\"@id\":\"https:\/\/now-news.de\/de\/#organization\",\"name\":\"Just Now News\",\"url\":\"https:\/\/now-news.de\/de\/\",\"logo\":{\"@type\":\"ImageObject\",\"inLanguage\":\"de\",\"@id\":\"https:\/\/now-news.de\/de\/#\/schema\/logo\/image\/\",\"url\":\"http:\/\/just-now.news\/de\/wp-content\/uploads\/sites\/3\/2022\/04\/logo500x500.jpg\",\"contentUrl\":\"http:\/\/just-now.news\/de\/wp-content\/uploads\/sites\/3\/2022\/04\/logo500x500.jpg\",\"width\":500,\"height\":500,\"caption\":\"Just Now News\"},\"image\":{\"@id\":\"https:\/\/now-news.de\/de\/#\/schema\/logo\/image\/\"},\"sameAs\":[\"https:\/\/www.facebook.com\/wirmachenauf\",\"https:\/\/x.com\/WirMachenAuf_de\"]},{\"@type\":\"Person\",\"@id\":\"https:\/\/now-news.de\/de\/#\/schema\/person\/fb534a4e865501d8b3285208df34a9b5\",\"name\":\"rtnews\",\"image\":{\"@type\":\"ImageObject\",\"inLanguage\":\"de\",\"@id\":\"https:\/\/now-news.de\/de\/#\/schema\/person\/image\/\",\"url\":\"https:\/\/secure.gravatar.com\/avatar\/82aafea7d8127119dd649515f56e2117?s=96&d=mm&r=g\",\"contentUrl\":\"https:\/\/secure.gravatar.com\/avatar\/82aafea7d8127119dd649515f56e2117?s=96&d=mm&r=g\",\"caption\":\"rtnews\"},\"url\":\"https:\/\/now-news.de\/de\/author\/rnews\/\"}]}<\/script>\n<!-- \/ Yoast SEO Premium plugin. -->","yoast_head_json":{"title":"Botschafter Melnyk leugnet Mitschuld ukrainischer Nationalisten an Massaker an Polen und Juden - just-now.NEWS Deutschland","robots":{"index":"index","follow":"follow","max-snippet":"max-snippet:-1","max-image-preview":"max-image-preview:large","max-video-preview":"max-video-preview:-1"},"canonical":"https:\/\/now-news.de\/de\/deutschland\/botschafter-melnyk-leugnet-mitschuld-ukrainischer-nationalisten-an-massaker-an-polen-und-juden\/","og_locale":"de_DE","og_type":"article","og_title":"Botschafter Melnyk leugnet Mitschuld ukrainischer Nationalisten an Massaker an Polen und Juden","og_description":"von Wladislaw Sankin Eigentlich hat der medial omnipr\u00e4sente ukrainische Botschafter Andrei Melnyk von seiner Bandera-Verehrung nie ein Hehl gemacht. Der faschistische Anf\u00fchrer der ukrainischen Nationalisten von OUN und Nazi-Kollaborateur wurde vom N\u00fcrnberger Tribunal schlie\u00dflich nicht verurteilt, und die Bundesrepublik bot ihm Asyl. Heute gilt er in den deutschen Medien trotz nachgewiesener Gr\u00e4ueltaten seiner Anh\u00e4nger lediglich [&hellip;]","og_url":"https:\/\/now-news.de\/de\/deutschland\/botschafter-melnyk-leugnet-mitschuld-ukrainischer-nationalisten-an-massaker-an-polen-und-juden\/","og_site_name":"just-now.NEWS Deutschland","article_publisher":"https:\/\/www.facebook.com\/wirmachenauf","article_published_time":"2022-06-30T20:00:40+00:00","og_image":[{"width":460,"height":259,"url":"https:\/\/now-news.de\/de\/wp-content\/uploads\/sites\/3\/2022\/06\/Botschafter-Melnyk-leugnet-Mitschuld-ukrainischer-Nationalisten-an-Massaker-an-Polen.jpg","type":"image\/jpeg"}],"author":"rtnews","twitter_card":"summary_large_image","twitter_creator":"@WirMachenAuf_de","twitter_site":"@WirMachenAuf_de","twitter_misc":{"Verfasst von":"rtnews","Gesch\u00e4tzte Lesezeit":"9\u00a0Minuten"},"schema":{"@context":"https:\/\/schema.org","@graph":[{"@type":"Article","@id":"https:\/\/now-news.de\/de\/deutschland\/botschafter-melnyk-leugnet-mitschuld-ukrainischer-nationalisten-an-massaker-an-polen-und-juden\/#article","isPartOf":{"@id":"https:\/\/now-news.de\/de\/deutschland\/botschafter-melnyk-leugnet-mitschuld-ukrainischer-nationalisten-an-massaker-an-polen-und-juden\/"},"author":{"name":"rtnews","@id":"https:\/\/now-news.de\/de\/#\/schema\/person\/fb534a4e865501d8b3285208df34a9b5"},"headline":"Botschafter Melnyk leugnet Mitschuld ukrainischer Nationalisten an Massaker an Polen und Juden","datePublished":"2022-06-30T20:00:40+00:00","dateModified":"2022-06-30T20:00:40+00:00","mainEntityOfPage":{"@id":"https:\/\/now-news.de\/de\/deutschland\/botschafter-melnyk-leugnet-mitschuld-ukrainischer-nationalisten-an-massaker-an-polen-und-juden\/"},"wordCount":1757,"commentCount":0,"publisher":{"@id":"https:\/\/now-news.de\/de\/#organization"},"image":{"@id":"https:\/\/now-news.de\/de\/deutschland\/botschafter-melnyk-leugnet-mitschuld-ukrainischer-nationalisten-an-massaker-an-polen-und-juden\/#primaryimage"},"thumbnailUrl":"https:\/\/now-news.de\/de\/wp-content\/uploads\/sites\/3\/2022\/06\/Botschafter-Melnyk-leugnet-Mitschuld-ukrainischer-Nationalisten-an-Massaker-an-Polen.jpg","keywords":["Botschafter","Juden","leugnet","Massaker","Melnyk","Mitschuld","Nationalisten","Polen","Ukrainischer","und"],"articleSection":["Deutschland","Russland"],"inLanguage":"de","potentialAction":[{"@type":"CommentAction","name":"Comment","target":["https:\/\/now-news.de\/de\/deutschland\/botschafter-melnyk-leugnet-mitschuld-ukrainischer-nationalisten-an-massaker-an-polen-und-juden\/#respond"]}]},{"@type":"WebPage","@id":"https:\/\/now-news.de\/de\/deutschland\/botschafter-melnyk-leugnet-mitschuld-ukrainischer-nationalisten-an-massaker-an-polen-und-juden\/","url":"https:\/\/now-news.de\/de\/deutschland\/botschafter-melnyk-leugnet-mitschuld-ukrainischer-nationalisten-an-massaker-an-polen-und-juden\/","name":"Botschafter Melnyk leugnet Mitschuld ukrainischer Nationalisten an Massaker an Polen und Juden - just-now.NEWS Deutschland","isPartOf":{"@id":"https:\/\/now-news.de\/de\/#website"},"primaryImageOfPage":{"@id":"https:\/\/now-news.de\/de\/deutschland\/botschafter-melnyk-leugnet-mitschuld-ukrainischer-nationalisten-an-massaker-an-polen-und-juden\/#primaryimage"},"image":{"@id":"https:\/\/now-news.de\/de\/deutschland\/botschafter-melnyk-leugnet-mitschuld-ukrainischer-nationalisten-an-massaker-an-polen-und-juden\/#primaryimage"},"thumbnailUrl":"https:\/\/now-news.de\/de\/wp-content\/uploads\/sites\/3\/2022\/06\/Botschafter-Melnyk-leugnet-Mitschuld-ukrainischer-Nationalisten-an-Massaker-an-Polen.jpg","datePublished":"2022-06-30T20:00:40+00:00","dateModified":"2022-06-30T20:00:40+00:00","breadcrumb":{"@id":"https:\/\/now-news.de\/de\/deutschland\/botschafter-melnyk-leugnet-mitschuld-ukrainischer-nationalisten-an-massaker-an-polen-und-juden\/#breadcrumb"},"inLanguage":"de","potentialAction":[{"@type":"ReadAction","target":["https:\/\/now-news.de\/de\/deutschland\/botschafter-melnyk-leugnet-mitschuld-ukrainischer-nationalisten-an-massaker-an-polen-und-juden\/"]}]},{"@type":"ImageObject","inLanguage":"de","@id":"https:\/\/now-news.de\/de\/deutschland\/botschafter-melnyk-leugnet-mitschuld-ukrainischer-nationalisten-an-massaker-an-polen-und-juden\/#primaryimage","url":"https:\/\/now-news.de\/de\/wp-content\/uploads\/sites\/3\/2022\/06\/Botschafter-Melnyk-leugnet-Mitschuld-ukrainischer-Nationalisten-an-Massaker-an-Polen.jpg","contentUrl":"https:\/\/now-news.de\/de\/wp-content\/uploads\/sites\/3\/2022\/06\/Botschafter-Melnyk-leugnet-Mitschuld-ukrainischer-Nationalisten-an-Massaker-an-Polen.jpg","width":460,"height":259,"caption":"Botschafter Melnyk leugnet Mitschuld ukrainischer Nationalisten an Massaker an Polen und Juden"},{"@type":"BreadcrumbList","@id":"https:\/\/now-news.de\/de\/deutschland\/botschafter-melnyk-leugnet-mitschuld-ukrainischer-nationalisten-an-massaker-an-polen-und-juden\/#breadcrumb","itemListElement":[{"@type":"ListItem","position":1,"name":"Home","item":"https:\/\/now-news.de\/de\/"},{"@type":"ListItem","position":2,"name":"Botschafter Melnyk leugnet Mitschuld ukrainischer Nationalisten an Massaker an Polen und Juden"}]},{"@type":"WebSite","@id":"https:\/\/now-news.de\/de\/#website","url":"https:\/\/now-news.de\/de\/","name":"just-now.NEWS Deutschland","description":"Das Portal f\u00fcr unzensierte Nachrichten aus der Welt","publisher":{"@id":"https:\/\/now-news.de\/de\/#organization"},"potentialAction":[{"@type":"SearchAction","target":{"@type":"EntryPoint","urlTemplate":"https:\/\/now-news.de\/de\/?s={search_term_string}"},"query-input":"required name=search_term_string"}],"inLanguage":"de"},{"@type":"Organization","@id":"https:\/\/now-news.de\/de\/#organization","name":"Just Now News","url":"https:\/\/now-news.de\/de\/","logo":{"@type":"ImageObject","inLanguage":"de","@id":"https:\/\/now-news.de\/de\/#\/schema\/logo\/image\/","url":"http:\/\/just-now.news\/de\/wp-content\/uploads\/sites\/3\/2022\/04\/logo500x500.jpg","contentUrl":"http:\/\/just-now.news\/de\/wp-content\/uploads\/sites\/3\/2022\/04\/logo500x500.jpg","width":500,"height":500,"caption":"Just Now News"},"image":{"@id":"https:\/\/now-news.de\/de\/#\/schema\/logo\/image\/"},"sameAs":["https:\/\/www.facebook.com\/wirmachenauf","https:\/\/x.com\/WirMachenAuf_de"]},{"@type":"Person","@id":"https:\/\/now-news.de\/de\/#\/schema\/person\/fb534a4e865501d8b3285208df34a9b5","name":"rtnews","image":{"@type":"ImageObject","inLanguage":"de","@id":"https:\/\/now-news.de\/de\/#\/schema\/person\/image\/","url":"https:\/\/secure.gravatar.com\/avatar\/82aafea7d8127119dd649515f56e2117?s=96&d=mm&r=g","contentUrl":"https:\/\/secure.gravatar.com\/avatar\/82aafea7d8127119dd649515f56e2117?s=96&d=mm&r=g","caption":"rtnews"},"url":"https:\/\/now-news.de\/de\/author\/rnews\/"}]}},"_links":{"self":[{"href":"https:\/\/now-news.de\/de\/wp-json\/wp\/v2\/posts\/12431"}],"collection":[{"href":"https:\/\/now-news.de\/de\/wp-json\/wp\/v2\/posts"}],"about":[{"href":"https:\/\/now-news.de\/de\/wp-json\/wp\/v2\/types\/post"}],"author":[{"embeddable":true,"href":"https:\/\/now-news.de\/de\/wp-json\/wp\/v2\/users\/3"}],"replies":[{"embeddable":true,"href":"https:\/\/now-news.de\/de\/wp-json\/wp\/v2\/comments?post=12431"}],"version-history":[{"count":0,"href":"https:\/\/now-news.de\/de\/wp-json\/wp\/v2\/posts\/12431\/revisions"}],"wp:featuredmedia":[{"embeddable":true,"href":"https:\/\/now-news.de\/de\/wp-json\/wp\/v2\/media\/12432"}],"wp:attachment":[{"href":"https:\/\/now-news.de\/de\/wp-json\/wp\/v2\/media?parent=12431"}],"wp:term":[{"taxonomy":"category","embeddable":true,"href":"https:\/\/now-news.de\/de\/wp-json\/wp\/v2\/categories?post=12431"},{"taxonomy":"post_tag","embeddable":true,"href":"https:\/\/now-news.de\/de\/wp-json\/wp\/v2\/tags?post=12431"}],"curies":[{"name":"wp","href":"https:\/\/api.w.org\/{rel}","templated":true}]}}