{"id":12373,"date":"2022-06-30T12:41:28","date_gmt":"2022-06-30T10:41:28","guid":{"rendered":"http:\/\/just-now.news\/de\/deutschland\/rb-saenger-r-kelly-muss-fuer-30-jahre-ins-gefaengnis\/"},"modified":"2022-06-30T12:41:28","modified_gmt":"2022-06-30T10:41:28","slug":"rb-saenger-r-kelly-muss-fuer-30-jahre-ins-gefaengnis","status":"publish","type":"post","link":"https:\/\/now-news.de\/de\/deutschland\/rb-saenger-r-kelly-muss-fuer-30-jahre-ins-gefaengnis\/","title":{"rendered":"R&amp;B-S\u00e4nger R. Kelly muss f\u00fcr 30 Jahre ins Gef\u00e4ngnis"},"content":{"rendered":"<p><img decoding=\"async\" src=\"http:\/\/just-now.news\/de\/wp-content\/uploads\/sites\/3\/2022\/06\/62bd572bb480cc18cb60a8a8.jpg\" \/><\/p>\n<div class=\"Text-root Text-type_1 \">\n                Der R&amp;B-S\u00e4nger R. Kelly muss f\u00fcr 30 Jahre ins Gef\u00e4ngnis. Der Musiker wurde bereits im vergangenen Jahr in allen neun Anklagepunkten \u2013 darunter sexuelle Ausbeutung Minderj\u00e4hriger \u2013 schuldig gesprochen. Richterin Ann Donnelly verh\u00e4ngte nun am Mittwoch das Strafma\u00df.\n            <\/div>\n<p><\/p>\n<div class=\"Text-root Text-type_5 ArticleView-text ViewText-root \">\n<p>Schuldig in allen Anklagepunkten: Das hatte eine Jury bereits im vergangenen Jahr im Missbrauchsprozess gegen den ehemaligen US-Superstar und\u00a0R&amp;B-S\u00e4nger R. Kelly entschieden. W\u00e4hrend des f\u00fcnfw\u00f6chigen Verfahrens, das im September vergangenen Jahres endete, wurden Vorw\u00fcrfe wie sexuelle Ausbeutung Minderj\u00e4hriger, Kidnapping und Bestechung verhandelt. Nach dem Schuldspruch der Jury\u00a0wurde nun am Mittwoch\u00a0durch das\u00a0New Yorker Gericht das Strafma\u00df verk\u00fcndet. Robert Sylvester\u00a0Kelly, wie der Musiker mit vollem Namen hei\u00dft, wurde zu\u00a0einer Haftstrafe von 30 Jahren verurteilt.\u00a0Richterin Ann Donnelly sagte am Mittwoch, dass\u00a0Kellys Verbrechen &#8220;kalkuliert, sorgf\u00e4ltig geplant und \u00fcber einen Zeitraum von fast 25 Jahren regelm\u00e4\u00dfig ausge\u00fcbt worden&#8221; seien.<\/p>\n<p>Die Richterin\u00a0verh\u00e4ngte zudem eine Strafe von 100.000 Dollar (etwa 95.000 Euro).\u00a0Mit dem Strafma\u00df folgte sie auf ganzer Linie der Staatsanwaltschaft, die mehr als 25 Jahre Haft f\u00fcr den S\u00e4nger gefordert hatte.\u00a0<\/p>\n<p>Der heute 55-j\u00e4hrige R. Kelly, der mit dem Song &#8220;I Believe I Can Fly&#8221; weltbekannt wurde, sitzt bereits seit seiner Festnahme im Sommer 2019 im Gef\u00e4ngnis.<\/p>\n<p>Eine solche Strafe sei unter anderem wegen der Schwere seiner Verbrechen angemessen. Au\u00dferdem gehe von\u00a0Kelly\u00a0nach wie vor eine Gefahr aus, hatte die Staatsanwaltschaft ihre Forderung begr\u00fcndet \u2013 und Richterin Donnelly stimmte dem zu.\u00a0Die Verteidigung des Musikers hatte eine deutlich geringere Strafe gefordert.<\/p>\n<p>Die Staatsanwaltschaft machte geltend, dass das Gefolge des Musikers aus Managern und Assistenten ihm dabei half, junge M\u00e4dchen zu\u00a0finden\u00a0und zu kontrollieren, und argumentierte, dass dies ein kriminelles Unterfangen im Sinne der Bundesgesetze darstellte.<\/p>\n<p>Kellys Anw\u00e4ltin Jennifer Bonjean k\u00fcndigte an, dass sie in Berufung gehen werde. Die Verteidigung hatte f\u00fcr eine Strafe von zehn Jahren oder weniger pl\u00e4diert und behauptet, der S\u00e4nger habe &#8220;eine traumatische Kindheit mit schwerem, lang anhaltenden sexuellen Missbrauch, Armut und Gewalt erlebt&#8221;. Als Erwachsener sei er zudem &#8220;wiederholt betrogen und finanziell missbraucht worden, oft von den Leuten, die er f\u00fcr seinen Schutz bezahlte&#8221;, so seine Anw\u00e4lte.\u00a0Seine Verbrechen seien schwerwiegend gewesen, rechtfertigten aber nicht eine Strafe in diesem Ausma\u00df, das f\u00fcr den unter Diabetes leidenden S\u00e4nger quasi einer lebenslangen Haftstrafe gleichk\u00e4me.<\/p>\n<p>W\u00e4hrend des Prozesses hatten sieben Opfer von Kelly vor Gericht\u00a0ihre Geschichten erz\u00e4hlt.\u00a0Der Musiker habe einen &#8220;Gotteskomplex&#8221;, habe &#8220;Millionen Menschen manipuliert&#8221; und &#8220;j\u00e4mmerliche, unerkl\u00e4rliche&#8221; Taten begangen, hatte eine der Frauen gesagt.\u00a0Sie erz\u00e4hlten vor der Jury von dem sexuellen, physischen und mentalen Missbrauch, den sie durch\u00a0Kelly\u00a0erfuhren. Teilweise als sie noch minderj\u00e4hrig waren.\u00a0<\/p>\n<p>Mehrere Opfer des S\u00e4ngers gaben vor der Verlesung des Urteils auch Erkl\u00e4rungen ab. &#8220;Du hast mich dazu gebracht, Dinge zu tun, die meinen Geist gebrochen haben&#8221;, erkl\u00e4rte eine Frau und f\u00fcgte hinzu: &#8220;Ich habe mir buchst\u00e4blich den Tod gew\u00fcnscht, weil ich mich wegen dir so schlecht gef\u00fchlt habe. Wei\u00dft du das noch?&#8221;<\/p>\n<p>Der US-Staatsanwalt f\u00fcr den \u00f6stlichen Bezirk von New York, Breon Peace, lobte die Strafe als &#8220;bedeutendes Ergebnis&#8221; f\u00fcr die Opfer des S\u00e4ngers und erkl\u00e4rte, Kelly habe sich &#8220;jahrzehntelang an Kindern und jungen Frauen vergangen&#8221; und &#8220;Opfer, darunter Minderj\u00e4hrige&#8221; gezwungen, in &#8220;Pornofilmen&#8221; mitzuwirken, die er &#8220;produziert und inszeniert&#8221; habe.<\/p>\n<p>Obwohl der mehrfach mit Platin ausgezeichnete K\u00fcnstler seit den 1990er Jahren mit Missbrauchsvorw\u00fcrfen konfrontiert war, insbesondere in Bezug auf minderj\u00e4hrige M\u00e4dchen, schienen die Anschuldigungen seine Karriere nie zu beeintr\u00e4chtigen. Die Klage einer Frau aus dem Jahr 1997, die behauptete, er habe sie sexuell missbraucht und bel\u00e4stigt, als sie noch keine 18 Jahre alt gewesen war, wurde eingestellt. Und im Jahr 2008 wurde Kelly in 14 F\u00e4llen von Kinderpornografie freigesprochen. Er\u00a0stand damals wegen des Besitzes von Bildern schweren sexuellen Kindesmissbrauchs vor Gericht.<\/p>\n<p>W\u00e4hrend des Prozesses wurde nun auch seine Ehe mit der damals 15-j\u00e4hrigen S\u00e4ngerin Aaliyah beleuchtet. Kelly hatte sie kennen gelernt, als sie erst 14 Jahre alt war.\u00a0Anfang der 90er Jahre arbeiteten sie gemeinsam an ihrem Deb\u00fctalbum. Kellys ehemalige Assistentin und sein Manager sagten aus, dass sie dabei geholfen hatten, die illegale Ehe zwischen den beiden zu erm\u00f6glichen. Kelly selbst war damals 27 Jahre alt. Laut Aussagen seines Managers soll Kelly die damals erst 15-j\u00e4hrige Aaliyah als vollj\u00e4hrig ausgegeben und geheiratet haben, weil er dachte, sie sei schwanger. Daf\u00fcr sollen laut US-Medienberichten ihre Ausweispapiere gef\u00e4lscht worden sein. Danach wurde die Ehe\u00a0annulliert. Die junge K\u00fcnstlerin kam 2001 bei einem Flugzeugabsturz ums Leben, als sie erst 22 Jahre alt war.<\/p>\n<p>Der Grammy-Preistr\u00e4ger, der seit 2019 ohne Kautionsm\u00f6glichkeit\u00a0inhaftiert ist, muss sich demn\u00e4chst auch in Illinois und Minnesota vor Gericht verantworten. Der Prozess in Illinois soll im August beginnen.<\/p>\n<p><strong>Mehr zum Thema<\/strong> &#8211; <a rel=\"nofollow noopener\" target=\"_blank\" href=\"https:\/\/de.rt.com\/nordamerika\/99123-harvey-weinstein-wegen-sexualverbrechen-zu\/\">Harvey Weinstein wegen Sexualverbrechen zu 23 Jahren Haft verurteilt<\/a><\/p>\n<\/div>\n<p><br \/>\n<br \/><a href=\"https:\/\/de.rt.com\/nordamerika\/142305-rb-sanger-r-kelly-muss\/\">Source link <\/a><\/p>\n","protected":false},"excerpt":{"rendered":"<p>Der R&amp;B-S\u00e4nger R. Kelly muss f\u00fcr 30 Jahre ins Gef\u00e4ngnis. Der Musiker wurde bereits im vergangenen Jahr in allen neun Anklagepunkten \u2013 darunter sexuelle Ausbeutung Minderj\u00e4hriger \u2013 schuldig gesprochen. Richterin Ann Donnelly verh\u00e4ngte nun am Mittwoch das Strafma\u00df. Schuldig in allen Anklagepunkten: Das hatte eine Jury bereits im vergangenen Jahr im Missbrauchsprozess gegen den ehemaligen [&hellip;]<\/p>\n","protected":false},"author":3,"featured_media":12374,"comment_status":"open","ping_status":"open","sticky":false,"template":"","format":"standard","meta":{"wp_automatic_camp":["217"],"13baf050f8bbc9178f749efa35735ef8":["R&amp;B-S\u00e4nger R. Kelly muss f\u00fcr 30 Jahre ins Gef\u00e4ngnis"],"original_link":["https:\/\/de.rt.com\/nordamerika\/142305-rb-sanger-r-kelly-muss\/"],"_thumbnail_id":["12374"],"_wptg_p2tg_sent2tg":["2022-06-30 12:43:27"],"jnews_social_counter_last_update":["1777804304"]},"categories":[19,23],"tags":[221,7567,1678,7530,19936,534,26299],"yoast_head":"<!-- This site is optimized with the Yoast SEO Premium plugin v22.7 (Yoast SEO v22.7) - https:\/\/yoast.com\/wordpress\/plugins\/seo\/ -->\n<title>R&amp;B-S\u00e4nger R. Kelly muss f\u00fcr 30 Jahre ins Gef\u00e4ngnis - just-now.NEWS Deutschland<\/title>\n<meta name=\"robots\" content=\"index, follow, max-snippet:-1, max-image-preview:large, max-video-preview:-1\" \/>\n<link rel=\"canonical\" href=\"https:\/\/now-news.de\/de\/deutschland\/rb-saenger-r-kelly-muss-fuer-30-jahre-ins-gefaengnis\/\" \/>\n<meta property=\"og:locale\" content=\"de_DE\" \/>\n<meta property=\"og:type\" content=\"article\" \/>\n<meta property=\"og:title\" content=\"R&amp;B-S\u00e4nger R. Kelly muss f\u00fcr 30 Jahre ins Gef\u00e4ngnis\" \/>\n<meta property=\"og:description\" content=\"Der R&amp;B-S\u00e4nger R. Kelly muss f\u00fcr 30 Jahre ins Gef\u00e4ngnis. Der Musiker wurde bereits im vergangenen Jahr in allen neun Anklagepunkten \u2013 darunter sexuelle Ausbeutung Minderj\u00e4hriger \u2013 schuldig gesprochen. Richterin Ann Donnelly verh\u00e4ngte nun am Mittwoch das Strafma\u00df. Schuldig in allen Anklagepunkten: Das hatte eine Jury bereits im vergangenen Jahr im Missbrauchsprozess gegen den ehemaligen [&hellip;]\" \/>\n<meta property=\"og:url\" content=\"https:\/\/now-news.de\/de\/deutschland\/rb-saenger-r-kelly-muss-fuer-30-jahre-ins-gefaengnis\/\" \/>\n<meta property=\"og:site_name\" content=\"just-now.NEWS Deutschland\" \/>\n<meta property=\"article:publisher\" content=\"https:\/\/www.facebook.com\/wirmachenauf\" \/>\n<meta property=\"article:published_time\" content=\"2022-06-30T10:41:28+00:00\" \/>\n<meta property=\"og:image\" content=\"https:\/\/now-news.de\/de\/wp-content\/uploads\/sites\/3\/2022\/06\/RampB-Saenger-R-Kelly-muss-fuer-30-Jahre-ins-Gefaengnis.jpg\" \/>\n\t<meta property=\"og:image:width\" content=\"460\" \/>\n\t<meta property=\"og:image:height\" content=\"259\" \/>\n\t<meta property=\"og:image:type\" content=\"image\/jpeg\" \/>\n<meta name=\"author\" content=\"rtnews\" \/>\n<meta name=\"twitter:card\" content=\"summary_large_image\" \/>\n<meta name=\"twitter:creator\" content=\"@WirMachenAuf_de\" \/>\n<meta name=\"twitter:site\" content=\"@WirMachenAuf_de\" \/>\n<meta name=\"twitter:label1\" content=\"Verfasst von\" \/>\n\t<meta name=\"twitter:data1\" content=\"rtnews\" \/>\n\t<meta name=\"twitter:label2\" content=\"Gesch\u00e4tzte Lesezeit\" \/>\n\t<meta name=\"twitter:data2\" content=\"4\u00a0Minuten\" \/>\n<script type=\"application\/ld+json\" class=\"yoast-schema-graph\">{\"@context\":\"https:\/\/schema.org\",\"@graph\":[{\"@type\":\"Article\",\"@id\":\"https:\/\/now-news.de\/de\/deutschland\/rb-saenger-r-kelly-muss-fuer-30-jahre-ins-gefaengnis\/#article\",\"isPartOf\":{\"@id\":\"https:\/\/now-news.de\/de\/deutschland\/rb-saenger-r-kelly-muss-fuer-30-jahre-ins-gefaengnis\/\"},\"author\":{\"name\":\"rtnews\",\"@id\":\"https:\/\/now-news.de\/de\/#\/schema\/person\/fb534a4e865501d8b3285208df34a9b5\"},\"headline\":\"R&amp;B-S\u00e4nger R. Kelly muss f\u00fcr 30 Jahre ins Gef\u00e4ngnis\",\"datePublished\":\"2022-06-30T10:41:28+00:00\",\"dateModified\":\"2022-06-30T10:41:28+00:00\",\"mainEntityOfPage\":{\"@id\":\"https:\/\/now-news.de\/de\/deutschland\/rb-saenger-r-kelly-muss-fuer-30-jahre-ins-gefaengnis\/\"},\"wordCount\":840,\"commentCount\":0,\"publisher\":{\"@id\":\"https:\/\/now-news.de\/de\/#organization\"},\"image\":{\"@id\":\"https:\/\/now-news.de\/de\/deutschland\/rb-saenger-r-kelly-muss-fuer-30-jahre-ins-gefaengnis\/#primaryimage\"},\"thumbnailUrl\":\"https:\/\/now-news.de\/de\/wp-content\/uploads\/sites\/3\/2022\/06\/RampB-Saenger-R-Kelly-muss-fuer-30-Jahre-ins-Gefaengnis.jpg\",\"keywords\":[\"f\u00fcr\",\"Gef\u00e4ngnis\",\"ins\",\"Jahre\",\"Kelly\",\"muss\",\"RampBS\u00e4nger\"],\"articleSection\":[\"Deutschland\",\"Russland\"],\"inLanguage\":\"de\",\"potentialAction\":[{\"@type\":\"CommentAction\",\"name\":\"Comment\",\"target\":[\"https:\/\/now-news.de\/de\/deutschland\/rb-saenger-r-kelly-muss-fuer-30-jahre-ins-gefaengnis\/#respond\"]}]},{\"@type\":\"WebPage\",\"@id\":\"https:\/\/now-news.de\/de\/deutschland\/rb-saenger-r-kelly-muss-fuer-30-jahre-ins-gefaengnis\/\",\"url\":\"https:\/\/now-news.de\/de\/deutschland\/rb-saenger-r-kelly-muss-fuer-30-jahre-ins-gefaengnis\/\",\"name\":\"R&amp;B-S\u00e4nger R. Kelly muss f\u00fcr 30 Jahre ins Gef\u00e4ngnis - just-now.NEWS Deutschland\",\"isPartOf\":{\"@id\":\"https:\/\/now-news.de\/de\/#website\"},\"primaryImageOfPage\":{\"@id\":\"https:\/\/now-news.de\/de\/deutschland\/rb-saenger-r-kelly-muss-fuer-30-jahre-ins-gefaengnis\/#primaryimage\"},\"image\":{\"@id\":\"https:\/\/now-news.de\/de\/deutschland\/rb-saenger-r-kelly-muss-fuer-30-jahre-ins-gefaengnis\/#primaryimage\"},\"thumbnailUrl\":\"https:\/\/now-news.de\/de\/wp-content\/uploads\/sites\/3\/2022\/06\/RampB-Saenger-R-Kelly-muss-fuer-30-Jahre-ins-Gefaengnis.jpg\",\"datePublished\":\"2022-06-30T10:41:28+00:00\",\"dateModified\":\"2022-06-30T10:41:28+00:00\",\"breadcrumb\":{\"@id\":\"https:\/\/now-news.de\/de\/deutschland\/rb-saenger-r-kelly-muss-fuer-30-jahre-ins-gefaengnis\/#breadcrumb\"},\"inLanguage\":\"de\",\"potentialAction\":[{\"@type\":\"ReadAction\",\"target\":[\"https:\/\/now-news.de\/de\/deutschland\/rb-saenger-r-kelly-muss-fuer-30-jahre-ins-gefaengnis\/\"]}]},{\"@type\":\"ImageObject\",\"inLanguage\":\"de\",\"@id\":\"https:\/\/now-news.de\/de\/deutschland\/rb-saenger-r-kelly-muss-fuer-30-jahre-ins-gefaengnis\/#primaryimage\",\"url\":\"https:\/\/now-news.de\/de\/wp-content\/uploads\/sites\/3\/2022\/06\/RampB-Saenger-R-Kelly-muss-fuer-30-Jahre-ins-Gefaengnis.jpg\",\"contentUrl\":\"https:\/\/now-news.de\/de\/wp-content\/uploads\/sites\/3\/2022\/06\/RampB-Saenger-R-Kelly-muss-fuer-30-Jahre-ins-Gefaengnis.jpg\",\"width\":460,\"height\":259,\"caption\":\"R&amp;B-S\u00e4nger R. Kelly muss f\u00fcr 30 Jahre ins Gef\u00e4ngnis\"},{\"@type\":\"BreadcrumbList\",\"@id\":\"https:\/\/now-news.de\/de\/deutschland\/rb-saenger-r-kelly-muss-fuer-30-jahre-ins-gefaengnis\/#breadcrumb\",\"itemListElement\":[{\"@type\":\"ListItem\",\"position\":1,\"name\":\"Home\",\"item\":\"https:\/\/now-news.de\/de\/\"},{\"@type\":\"ListItem\",\"position\":2,\"name\":\"R&amp;B-S\u00e4nger R. Kelly muss f\u00fcr 30 Jahre ins Gef\u00e4ngnis\"}]},{\"@type\":\"WebSite\",\"@id\":\"https:\/\/now-news.de\/de\/#website\",\"url\":\"https:\/\/now-news.de\/de\/\",\"name\":\"just-now.NEWS Deutschland\",\"description\":\"Das Portal f\u00fcr unzensierte Nachrichten aus der Welt\",\"publisher\":{\"@id\":\"https:\/\/now-news.de\/de\/#organization\"},\"potentialAction\":[{\"@type\":\"SearchAction\",\"target\":{\"@type\":\"EntryPoint\",\"urlTemplate\":\"https:\/\/now-news.de\/de\/?s={search_term_string}\"},\"query-input\":\"required name=search_term_string\"}],\"inLanguage\":\"de\"},{\"@type\":\"Organization\",\"@id\":\"https:\/\/now-news.de\/de\/#organization\",\"name\":\"Just Now News\",\"url\":\"https:\/\/now-news.de\/de\/\",\"logo\":{\"@type\":\"ImageObject\",\"inLanguage\":\"de\",\"@id\":\"https:\/\/now-news.de\/de\/#\/schema\/logo\/image\/\",\"url\":\"http:\/\/just-now.news\/de\/wp-content\/uploads\/sites\/3\/2022\/04\/logo500x500.jpg\",\"contentUrl\":\"http:\/\/just-now.news\/de\/wp-content\/uploads\/sites\/3\/2022\/04\/logo500x500.jpg\",\"width\":500,\"height\":500,\"caption\":\"Just Now News\"},\"image\":{\"@id\":\"https:\/\/now-news.de\/de\/#\/schema\/logo\/image\/\"},\"sameAs\":[\"https:\/\/www.facebook.com\/wirmachenauf\",\"https:\/\/x.com\/WirMachenAuf_de\"]},{\"@type\":\"Person\",\"@id\":\"https:\/\/now-news.de\/de\/#\/schema\/person\/fb534a4e865501d8b3285208df34a9b5\",\"name\":\"rtnews\",\"image\":{\"@type\":\"ImageObject\",\"inLanguage\":\"de\",\"@id\":\"https:\/\/now-news.de\/de\/#\/schema\/person\/image\/\",\"url\":\"https:\/\/secure.gravatar.com\/avatar\/82aafea7d8127119dd649515f56e2117?s=96&d=mm&r=g\",\"contentUrl\":\"https:\/\/secure.gravatar.com\/avatar\/82aafea7d8127119dd649515f56e2117?s=96&d=mm&r=g\",\"caption\":\"rtnews\"},\"url\":\"https:\/\/now-news.de\/de\/author\/rnews\/\"}]}<\/script>\n<!-- \/ Yoast SEO Premium plugin. -->","yoast_head_json":{"title":"R&amp;B-S\u00e4nger R. Kelly muss f\u00fcr 30 Jahre ins Gef\u00e4ngnis - just-now.NEWS Deutschland","robots":{"index":"index","follow":"follow","max-snippet":"max-snippet:-1","max-image-preview":"max-image-preview:large","max-video-preview":"max-video-preview:-1"},"canonical":"https:\/\/now-news.de\/de\/deutschland\/rb-saenger-r-kelly-muss-fuer-30-jahre-ins-gefaengnis\/","og_locale":"de_DE","og_type":"article","og_title":"R&amp;B-S\u00e4nger R. Kelly muss f\u00fcr 30 Jahre ins Gef\u00e4ngnis","og_description":"Der R&amp;B-S\u00e4nger R. Kelly muss f\u00fcr 30 Jahre ins Gef\u00e4ngnis. Der Musiker wurde bereits im vergangenen Jahr in allen neun Anklagepunkten \u2013 darunter sexuelle Ausbeutung Minderj\u00e4hriger \u2013 schuldig gesprochen. Richterin Ann Donnelly verh\u00e4ngte nun am Mittwoch das Strafma\u00df. Schuldig in allen Anklagepunkten: Das hatte eine Jury bereits im vergangenen Jahr im Missbrauchsprozess gegen den ehemaligen [&hellip;]","og_url":"https:\/\/now-news.de\/de\/deutschland\/rb-saenger-r-kelly-muss-fuer-30-jahre-ins-gefaengnis\/","og_site_name":"just-now.NEWS Deutschland","article_publisher":"https:\/\/www.facebook.com\/wirmachenauf","article_published_time":"2022-06-30T10:41:28+00:00","og_image":[{"width":460,"height":259,"url":"https:\/\/now-news.de\/de\/wp-content\/uploads\/sites\/3\/2022\/06\/RampB-Saenger-R-Kelly-muss-fuer-30-Jahre-ins-Gefaengnis.jpg","type":"image\/jpeg"}],"author":"rtnews","twitter_card":"summary_large_image","twitter_creator":"@WirMachenAuf_de","twitter_site":"@WirMachenAuf_de","twitter_misc":{"Verfasst von":"rtnews","Gesch\u00e4tzte Lesezeit":"4\u00a0Minuten"},"schema":{"@context":"https:\/\/schema.org","@graph":[{"@type":"Article","@id":"https:\/\/now-news.de\/de\/deutschland\/rb-saenger-r-kelly-muss-fuer-30-jahre-ins-gefaengnis\/#article","isPartOf":{"@id":"https:\/\/now-news.de\/de\/deutschland\/rb-saenger-r-kelly-muss-fuer-30-jahre-ins-gefaengnis\/"},"author":{"name":"rtnews","@id":"https:\/\/now-news.de\/de\/#\/schema\/person\/fb534a4e865501d8b3285208df34a9b5"},"headline":"R&amp;B-S\u00e4nger R. Kelly muss f\u00fcr 30 Jahre ins Gef\u00e4ngnis","datePublished":"2022-06-30T10:41:28+00:00","dateModified":"2022-06-30T10:41:28+00:00","mainEntityOfPage":{"@id":"https:\/\/now-news.de\/de\/deutschland\/rb-saenger-r-kelly-muss-fuer-30-jahre-ins-gefaengnis\/"},"wordCount":840,"commentCount":0,"publisher":{"@id":"https:\/\/now-news.de\/de\/#organization"},"image":{"@id":"https:\/\/now-news.de\/de\/deutschland\/rb-saenger-r-kelly-muss-fuer-30-jahre-ins-gefaengnis\/#primaryimage"},"thumbnailUrl":"https:\/\/now-news.de\/de\/wp-content\/uploads\/sites\/3\/2022\/06\/RampB-Saenger-R-Kelly-muss-fuer-30-Jahre-ins-Gefaengnis.jpg","keywords":["f\u00fcr","Gef\u00e4ngnis","ins","Jahre","Kelly","muss","RampBS\u00e4nger"],"articleSection":["Deutschland","Russland"],"inLanguage":"de","potentialAction":[{"@type":"CommentAction","name":"Comment","target":["https:\/\/now-news.de\/de\/deutschland\/rb-saenger-r-kelly-muss-fuer-30-jahre-ins-gefaengnis\/#respond"]}]},{"@type":"WebPage","@id":"https:\/\/now-news.de\/de\/deutschland\/rb-saenger-r-kelly-muss-fuer-30-jahre-ins-gefaengnis\/","url":"https:\/\/now-news.de\/de\/deutschland\/rb-saenger-r-kelly-muss-fuer-30-jahre-ins-gefaengnis\/","name":"R&amp;B-S\u00e4nger R. Kelly muss f\u00fcr 30 Jahre ins Gef\u00e4ngnis - just-now.NEWS Deutschland","isPartOf":{"@id":"https:\/\/now-news.de\/de\/#website"},"primaryImageOfPage":{"@id":"https:\/\/now-news.de\/de\/deutschland\/rb-saenger-r-kelly-muss-fuer-30-jahre-ins-gefaengnis\/#primaryimage"},"image":{"@id":"https:\/\/now-news.de\/de\/deutschland\/rb-saenger-r-kelly-muss-fuer-30-jahre-ins-gefaengnis\/#primaryimage"},"thumbnailUrl":"https:\/\/now-news.de\/de\/wp-content\/uploads\/sites\/3\/2022\/06\/RampB-Saenger-R-Kelly-muss-fuer-30-Jahre-ins-Gefaengnis.jpg","datePublished":"2022-06-30T10:41:28+00:00","dateModified":"2022-06-30T10:41:28+00:00","breadcrumb":{"@id":"https:\/\/now-news.de\/de\/deutschland\/rb-saenger-r-kelly-muss-fuer-30-jahre-ins-gefaengnis\/#breadcrumb"},"inLanguage":"de","potentialAction":[{"@type":"ReadAction","target":["https:\/\/now-news.de\/de\/deutschland\/rb-saenger-r-kelly-muss-fuer-30-jahre-ins-gefaengnis\/"]}]},{"@type":"ImageObject","inLanguage":"de","@id":"https:\/\/now-news.de\/de\/deutschland\/rb-saenger-r-kelly-muss-fuer-30-jahre-ins-gefaengnis\/#primaryimage","url":"https:\/\/now-news.de\/de\/wp-content\/uploads\/sites\/3\/2022\/06\/RampB-Saenger-R-Kelly-muss-fuer-30-Jahre-ins-Gefaengnis.jpg","contentUrl":"https:\/\/now-news.de\/de\/wp-content\/uploads\/sites\/3\/2022\/06\/RampB-Saenger-R-Kelly-muss-fuer-30-Jahre-ins-Gefaengnis.jpg","width":460,"height":259,"caption":"R&amp;B-S\u00e4nger R. Kelly muss f\u00fcr 30 Jahre ins Gef\u00e4ngnis"},{"@type":"BreadcrumbList","@id":"https:\/\/now-news.de\/de\/deutschland\/rb-saenger-r-kelly-muss-fuer-30-jahre-ins-gefaengnis\/#breadcrumb","itemListElement":[{"@type":"ListItem","position":1,"name":"Home","item":"https:\/\/now-news.de\/de\/"},{"@type":"ListItem","position":2,"name":"R&amp;B-S\u00e4nger R. Kelly muss f\u00fcr 30 Jahre ins Gef\u00e4ngnis"}]},{"@type":"WebSite","@id":"https:\/\/now-news.de\/de\/#website","url":"https:\/\/now-news.de\/de\/","name":"just-now.NEWS Deutschland","description":"Das Portal f\u00fcr unzensierte Nachrichten aus der Welt","publisher":{"@id":"https:\/\/now-news.de\/de\/#organization"},"potentialAction":[{"@type":"SearchAction","target":{"@type":"EntryPoint","urlTemplate":"https:\/\/now-news.de\/de\/?s={search_term_string}"},"query-input":"required name=search_term_string"}],"inLanguage":"de"},{"@type":"Organization","@id":"https:\/\/now-news.de\/de\/#organization","name":"Just Now News","url":"https:\/\/now-news.de\/de\/","logo":{"@type":"ImageObject","inLanguage":"de","@id":"https:\/\/now-news.de\/de\/#\/schema\/logo\/image\/","url":"http:\/\/just-now.news\/de\/wp-content\/uploads\/sites\/3\/2022\/04\/logo500x500.jpg","contentUrl":"http:\/\/just-now.news\/de\/wp-content\/uploads\/sites\/3\/2022\/04\/logo500x500.jpg","width":500,"height":500,"caption":"Just Now News"},"image":{"@id":"https:\/\/now-news.de\/de\/#\/schema\/logo\/image\/"},"sameAs":["https:\/\/www.facebook.com\/wirmachenauf","https:\/\/x.com\/WirMachenAuf_de"]},{"@type":"Person","@id":"https:\/\/now-news.de\/de\/#\/schema\/person\/fb534a4e865501d8b3285208df34a9b5","name":"rtnews","image":{"@type":"ImageObject","inLanguage":"de","@id":"https:\/\/now-news.de\/de\/#\/schema\/person\/image\/","url":"https:\/\/secure.gravatar.com\/avatar\/82aafea7d8127119dd649515f56e2117?s=96&d=mm&r=g","contentUrl":"https:\/\/secure.gravatar.com\/avatar\/82aafea7d8127119dd649515f56e2117?s=96&d=mm&r=g","caption":"rtnews"},"url":"https:\/\/now-news.de\/de\/author\/rnews\/"}]}},"_links":{"self":[{"href":"https:\/\/now-news.de\/de\/wp-json\/wp\/v2\/posts\/12373"}],"collection":[{"href":"https:\/\/now-news.de\/de\/wp-json\/wp\/v2\/posts"}],"about":[{"href":"https:\/\/now-news.de\/de\/wp-json\/wp\/v2\/types\/post"}],"author":[{"embeddable":true,"href":"https:\/\/now-news.de\/de\/wp-json\/wp\/v2\/users\/3"}],"replies":[{"embeddable":true,"href":"https:\/\/now-news.de\/de\/wp-json\/wp\/v2\/comments?post=12373"}],"version-history":[{"count":0,"href":"https:\/\/now-news.de\/de\/wp-json\/wp\/v2\/posts\/12373\/revisions"}],"wp:featuredmedia":[{"embeddable":true,"href":"https:\/\/now-news.de\/de\/wp-json\/wp\/v2\/media\/12374"}],"wp:attachment":[{"href":"https:\/\/now-news.de\/de\/wp-json\/wp\/v2\/media?parent=12373"}],"wp:term":[{"taxonomy":"category","embeddable":true,"href":"https:\/\/now-news.de\/de\/wp-json\/wp\/v2\/categories?post=12373"},{"taxonomy":"post_tag","embeddable":true,"href":"https:\/\/now-news.de\/de\/wp-json\/wp\/v2\/tags?post=12373"}],"curies":[{"name":"wp","href":"https:\/\/api.w.org\/{rel}","templated":true}]}}