{"id":12319,"date":"2022-06-29T20:55:09","date_gmt":"2022-06-29T18:55:09","guid":{"rendered":"http:\/\/just-now.news\/de\/deutschland\/lebenslang-fuer-hauptangeklagten-in-pariser-terrorprozess\/"},"modified":"2022-06-29T20:55:09","modified_gmt":"2022-06-29T18:55:09","slug":"lebenslang-fuer-hauptangeklagten-in-pariser-terrorprozess","status":"publish","type":"post","link":"https:\/\/now-news.de\/de\/deutschland\/lebenslang-fuer-hauptangeklagten-in-pariser-terrorprozess\/","title":{"rendered":"Lebenslang f\u00fcr Hauptangeklagten in Pariser Terrorprozess"},"content":{"rendered":"<p><img decoding=\"async\" src=\"http:\/\/just-now.news\/de\/wp-content\/uploads\/sites\/3\/2022\/04\/Julian-Assange-soll-laut-Gericht-an-USA-ausgeliefert-werden-\u2013.jpg\" \/><\/p>\n<div class=\"Text-root Text-type_1 \">\n                Im Prozess um die islamistischen Terroranschl\u00e4ge von 2015 in Paris ist der Hauptangeklagte Salah Abdeslam zu lebenslanger Haft verurteilt worden. Das verk\u00fcndete das zust\u00e4ndige Schwurgericht am Mittwochabend im Pariser Justizpalast. Bei der Anschlagsserie wurden 130 Menschen get\u00f6tet und 350 Menschen verletzt.\n            <\/div>\n<p><\/p>\n<div class=\"Text-root Text-type_5 ArticleView-text ViewText-root \">\n<p>Mehr Informationen in K\u00fcrze<\/p>\n<\/div>\n<p><br \/>\n<br \/><a href=\"https:\/\/de.rt.com\/europa\/142281-lebenslang-fur-hauptangeklagten-in-pariser-terrorprozess\/\">Source link <\/a><\/p>\n","protected":false},"excerpt":{"rendered":"<p>Im Prozess um die islamistischen Terroranschl\u00e4ge von 2015 in Paris ist der Hauptangeklagte Salah Abdeslam zu lebenslanger Haft verurteilt worden. Das verk\u00fcndete das zust\u00e4ndige Schwurgericht am Mittwochabend im Pariser Justizpalast. Bei der Anschlagsserie wurden 130 Menschen get\u00f6tet und 350 Menschen verletzt. Mehr Informationen in K\u00fcrze Source link<\/p>\n","protected":false},"author":3,"featured_media":6832,"comment_status":"open","ping_status":"open","sticky":false,"template":"","format":"standard","meta":{"wp_automatic_camp":["217"],"1cae4320d6cb6e9d82024d676642b857":["Lebenslang f\u00fcr Hauptangeklagten in Pariser Terrorprozess"],"original_link":["https:\/\/de.rt.com\/europa\/142281-lebenslang-fur-hauptangeklagten-in-pariser-terrorprozess\/"],"_thumbnail_id":["6832"],"_wptg_p2tg_sent2tg":["2022-06-29 21:03:59"],"jnews_social_counter_last_update":["1777225121"]},"categories":[19,23],"tags":[221,26234,26233,20629,26235],"yoast_head":"<!-- This site is optimized with the Yoast SEO Premium plugin v22.7 (Yoast SEO v22.7) - https:\/\/yoast.com\/wordpress\/plugins\/seo\/ -->\n<title>Lebenslang f\u00fcr Hauptangeklagten in Pariser Terrorprozess - just-now.NEWS Deutschland<\/title>\n<meta name=\"robots\" content=\"index, follow, max-snippet:-1, max-image-preview:large, max-video-preview:-1\" \/>\n<link rel=\"canonical\" href=\"https:\/\/now-news.de\/de\/deutschland\/lebenslang-fuer-hauptangeklagten-in-pariser-terrorprozess\/\" \/>\n<meta property=\"og:locale\" content=\"de_DE\" \/>\n<meta property=\"og:type\" content=\"article\" \/>\n<meta property=\"og:title\" content=\"Lebenslang f\u00fcr Hauptangeklagten in Pariser Terrorprozess\" \/>\n<meta property=\"og:description\" content=\"Im Prozess um die islamistischen Terroranschl\u00e4ge von 2015 in Paris ist der Hauptangeklagte Salah Abdeslam zu lebenslanger Haft verurteilt worden. Das verk\u00fcndete das zust\u00e4ndige Schwurgericht am Mittwochabend im Pariser Justizpalast. Bei der Anschlagsserie wurden 130 Menschen get\u00f6tet und 350 Menschen verletzt. Mehr Informationen in K\u00fcrze Source link\" \/>\n<meta property=\"og:url\" content=\"https:\/\/now-news.de\/de\/deutschland\/lebenslang-fuer-hauptangeklagten-in-pariser-terrorprozess\/\" \/>\n<meta property=\"og:site_name\" content=\"just-now.NEWS Deutschland\" \/>\n<meta property=\"article:publisher\" content=\"https:\/\/www.facebook.com\/wirmachenauf\" \/>\n<meta property=\"article:published_time\" content=\"2022-06-29T18:55:09+00:00\" \/>\n<meta property=\"og:image\" content=\"https:\/\/now-news.de\/de\/wp-content\/uploads\/sites\/3\/2022\/05\/Erste-Annaeherung-nach-Ausladung-Steinmeier-telefoniert-mit-Selenskij.jpg\" \/>\n\t<meta property=\"og:image:width\" content=\"460\" \/>\n\t<meta property=\"og:image:height\" content=\"259\" \/>\n\t<meta property=\"og:image:type\" content=\"image\/jpeg\" \/>\n<meta name=\"author\" content=\"rtnews\" \/>\n<meta name=\"twitter:card\" content=\"summary_large_image\" \/>\n<meta name=\"twitter:creator\" content=\"@WirMachenAuf_de\" \/>\n<meta name=\"twitter:site\" content=\"@WirMachenAuf_de\" \/>\n<meta name=\"twitter:label1\" content=\"Verfasst von\" \/>\n\t<meta name=\"twitter:data1\" content=\"rtnews\" \/>\n<script type=\"application\/ld+json\" class=\"yoast-schema-graph\">{\"@context\":\"https:\/\/schema.org\",\"@graph\":[{\"@type\":\"Article\",\"@id\":\"https:\/\/now-news.de\/de\/deutschland\/lebenslang-fuer-hauptangeklagten-in-pariser-terrorprozess\/#article\",\"isPartOf\":{\"@id\":\"https:\/\/now-news.de\/de\/deutschland\/lebenslang-fuer-hauptangeklagten-in-pariser-terrorprozess\/\"},\"author\":{\"name\":\"rtnews\",\"@id\":\"https:\/\/now-news.de\/de\/#\/schema\/person\/fb534a4e865501d8b3285208df34a9b5\"},\"headline\":\"Lebenslang f\u00fcr Hauptangeklagten in Pariser Terrorprozess\",\"datePublished\":\"2022-06-29T18:55:09+00:00\",\"dateModified\":\"2022-06-29T18:55:09+00:00\",\"mainEntityOfPage\":{\"@id\":\"https:\/\/now-news.de\/de\/deutschland\/lebenslang-fuer-hauptangeklagten-in-pariser-terrorprozess\/\"},\"wordCount\":57,\"commentCount\":0,\"publisher\":{\"@id\":\"https:\/\/now-news.de\/de\/#organization\"},\"image\":{\"@id\":\"https:\/\/now-news.de\/de\/deutschland\/lebenslang-fuer-hauptangeklagten-in-pariser-terrorprozess\/#primaryimage\"},\"thumbnailUrl\":\"https:\/\/now-news.de\/de\/wp-content\/uploads\/sites\/3\/2022\/05\/Erste-Annaeherung-nach-Ausladung-Steinmeier-telefoniert-mit-Selenskij.jpg\",\"keywords\":[\"f\u00fcr\",\"Hauptangeklagten\",\"Lebenslang\",\"Pariser\",\"Terrorprozess\"],\"articleSection\":[\"Deutschland\",\"Russland\"],\"inLanguage\":\"de\",\"potentialAction\":[{\"@type\":\"CommentAction\",\"name\":\"Comment\",\"target\":[\"https:\/\/now-news.de\/de\/deutschland\/lebenslang-fuer-hauptangeklagten-in-pariser-terrorprozess\/#respond\"]}]},{\"@type\":\"WebPage\",\"@id\":\"https:\/\/now-news.de\/de\/deutschland\/lebenslang-fuer-hauptangeklagten-in-pariser-terrorprozess\/\",\"url\":\"https:\/\/now-news.de\/de\/deutschland\/lebenslang-fuer-hauptangeklagten-in-pariser-terrorprozess\/\",\"name\":\"Lebenslang f\u00fcr Hauptangeklagten in Pariser Terrorprozess - just-now.NEWS Deutschland\",\"isPartOf\":{\"@id\":\"https:\/\/now-news.de\/de\/#website\"},\"primaryImageOfPage\":{\"@id\":\"https:\/\/now-news.de\/de\/deutschland\/lebenslang-fuer-hauptangeklagten-in-pariser-terrorprozess\/#primaryimage\"},\"image\":{\"@id\":\"https:\/\/now-news.de\/de\/deutschland\/lebenslang-fuer-hauptangeklagten-in-pariser-terrorprozess\/#primaryimage\"},\"thumbnailUrl\":\"https:\/\/now-news.de\/de\/wp-content\/uploads\/sites\/3\/2022\/05\/Erste-Annaeherung-nach-Ausladung-Steinmeier-telefoniert-mit-Selenskij.jpg\",\"datePublished\":\"2022-06-29T18:55:09+00:00\",\"dateModified\":\"2022-06-29T18:55:09+00:00\",\"breadcrumb\":{\"@id\":\"https:\/\/now-news.de\/de\/deutschland\/lebenslang-fuer-hauptangeklagten-in-pariser-terrorprozess\/#breadcrumb\"},\"inLanguage\":\"de\",\"potentialAction\":[{\"@type\":\"ReadAction\",\"target\":[\"https:\/\/now-news.de\/de\/deutschland\/lebenslang-fuer-hauptangeklagten-in-pariser-terrorprozess\/\"]}]},{\"@type\":\"ImageObject\",\"inLanguage\":\"de\",\"@id\":\"https:\/\/now-news.de\/de\/deutschland\/lebenslang-fuer-hauptangeklagten-in-pariser-terrorprozess\/#primaryimage\",\"url\":\"https:\/\/now-news.de\/de\/wp-content\/uploads\/sites\/3\/2022\/05\/Erste-Annaeherung-nach-Ausladung-Steinmeier-telefoniert-mit-Selenskij.jpg\",\"contentUrl\":\"https:\/\/now-news.de\/de\/wp-content\/uploads\/sites\/3\/2022\/05\/Erste-Annaeherung-nach-Ausladung-Steinmeier-telefoniert-mit-Selenskij.jpg\",\"width\":460,\"height\":259},{\"@type\":\"BreadcrumbList\",\"@id\":\"https:\/\/now-news.de\/de\/deutschland\/lebenslang-fuer-hauptangeklagten-in-pariser-terrorprozess\/#breadcrumb\",\"itemListElement\":[{\"@type\":\"ListItem\",\"position\":1,\"name\":\"Home\",\"item\":\"https:\/\/now-news.de\/de\/\"},{\"@type\":\"ListItem\",\"position\":2,\"name\":\"Lebenslang f\u00fcr Hauptangeklagten in Pariser Terrorprozess\"}]},{\"@type\":\"WebSite\",\"@id\":\"https:\/\/now-news.de\/de\/#website\",\"url\":\"https:\/\/now-news.de\/de\/\",\"name\":\"just-now.NEWS Deutschland\",\"description\":\"Das Portal f\u00fcr unzensierte Nachrichten aus der Welt\",\"publisher\":{\"@id\":\"https:\/\/now-news.de\/de\/#organization\"},\"potentialAction\":[{\"@type\":\"SearchAction\",\"target\":{\"@type\":\"EntryPoint\",\"urlTemplate\":\"https:\/\/now-news.de\/de\/?s={search_term_string}\"},\"query-input\":\"required name=search_term_string\"}],\"inLanguage\":\"de\"},{\"@type\":\"Organization\",\"@id\":\"https:\/\/now-news.de\/de\/#organization\",\"name\":\"Just Now News\",\"url\":\"https:\/\/now-news.de\/de\/\",\"logo\":{\"@type\":\"ImageObject\",\"inLanguage\":\"de\",\"@id\":\"https:\/\/now-news.de\/de\/#\/schema\/logo\/image\/\",\"url\":\"http:\/\/just-now.news\/de\/wp-content\/uploads\/sites\/3\/2022\/04\/logo500x500.jpg\",\"contentUrl\":\"http:\/\/just-now.news\/de\/wp-content\/uploads\/sites\/3\/2022\/04\/logo500x500.jpg\",\"width\":500,\"height\":500,\"caption\":\"Just Now News\"},\"image\":{\"@id\":\"https:\/\/now-news.de\/de\/#\/schema\/logo\/image\/\"},\"sameAs\":[\"https:\/\/www.facebook.com\/wirmachenauf\",\"https:\/\/x.com\/WirMachenAuf_de\"]},{\"@type\":\"Person\",\"@id\":\"https:\/\/now-news.de\/de\/#\/schema\/person\/fb534a4e865501d8b3285208df34a9b5\",\"name\":\"rtnews\",\"image\":{\"@type\":\"ImageObject\",\"inLanguage\":\"de\",\"@id\":\"https:\/\/now-news.de\/de\/#\/schema\/person\/image\/\",\"url\":\"https:\/\/secure.gravatar.com\/avatar\/82aafea7d8127119dd649515f56e2117?s=96&d=mm&r=g\",\"contentUrl\":\"https:\/\/secure.gravatar.com\/avatar\/82aafea7d8127119dd649515f56e2117?s=96&d=mm&r=g\",\"caption\":\"rtnews\"},\"url\":\"https:\/\/now-news.de\/de\/author\/rnews\/\"}]}<\/script>\n<!-- \/ Yoast SEO Premium plugin. -->","yoast_head_json":{"title":"Lebenslang f\u00fcr Hauptangeklagten in Pariser Terrorprozess - just-now.NEWS Deutschland","robots":{"index":"index","follow":"follow","max-snippet":"max-snippet:-1","max-image-preview":"max-image-preview:large","max-video-preview":"max-video-preview:-1"},"canonical":"https:\/\/now-news.de\/de\/deutschland\/lebenslang-fuer-hauptangeklagten-in-pariser-terrorprozess\/","og_locale":"de_DE","og_type":"article","og_title":"Lebenslang f\u00fcr Hauptangeklagten in Pariser Terrorprozess","og_description":"Im Prozess um die islamistischen Terroranschl\u00e4ge von 2015 in Paris ist der Hauptangeklagte Salah Abdeslam zu lebenslanger Haft verurteilt worden. Das verk\u00fcndete das zust\u00e4ndige Schwurgericht am Mittwochabend im Pariser Justizpalast. Bei der Anschlagsserie wurden 130 Menschen get\u00f6tet und 350 Menschen verletzt. Mehr Informationen in K\u00fcrze Source link","og_url":"https:\/\/now-news.de\/de\/deutschland\/lebenslang-fuer-hauptangeklagten-in-pariser-terrorprozess\/","og_site_name":"just-now.NEWS Deutschland","article_publisher":"https:\/\/www.facebook.com\/wirmachenauf","article_published_time":"2022-06-29T18:55:09+00:00","og_image":[{"width":460,"height":259,"url":"https:\/\/now-news.de\/de\/wp-content\/uploads\/sites\/3\/2022\/05\/Erste-Annaeherung-nach-Ausladung-Steinmeier-telefoniert-mit-Selenskij.jpg","type":"image\/jpeg"}],"author":"rtnews","twitter_card":"summary_large_image","twitter_creator":"@WirMachenAuf_de","twitter_site":"@WirMachenAuf_de","twitter_misc":{"Verfasst von":"rtnews"},"schema":{"@context":"https:\/\/schema.org","@graph":[{"@type":"Article","@id":"https:\/\/now-news.de\/de\/deutschland\/lebenslang-fuer-hauptangeklagten-in-pariser-terrorprozess\/#article","isPartOf":{"@id":"https:\/\/now-news.de\/de\/deutschland\/lebenslang-fuer-hauptangeklagten-in-pariser-terrorprozess\/"},"author":{"name":"rtnews","@id":"https:\/\/now-news.de\/de\/#\/schema\/person\/fb534a4e865501d8b3285208df34a9b5"},"headline":"Lebenslang f\u00fcr Hauptangeklagten in Pariser Terrorprozess","datePublished":"2022-06-29T18:55:09+00:00","dateModified":"2022-06-29T18:55:09+00:00","mainEntityOfPage":{"@id":"https:\/\/now-news.de\/de\/deutschland\/lebenslang-fuer-hauptangeklagten-in-pariser-terrorprozess\/"},"wordCount":57,"commentCount":0,"publisher":{"@id":"https:\/\/now-news.de\/de\/#organization"},"image":{"@id":"https:\/\/now-news.de\/de\/deutschland\/lebenslang-fuer-hauptangeklagten-in-pariser-terrorprozess\/#primaryimage"},"thumbnailUrl":"https:\/\/now-news.de\/de\/wp-content\/uploads\/sites\/3\/2022\/05\/Erste-Annaeherung-nach-Ausladung-Steinmeier-telefoniert-mit-Selenskij.jpg","keywords":["f\u00fcr","Hauptangeklagten","Lebenslang","Pariser","Terrorprozess"],"articleSection":["Deutschland","Russland"],"inLanguage":"de","potentialAction":[{"@type":"CommentAction","name":"Comment","target":["https:\/\/now-news.de\/de\/deutschland\/lebenslang-fuer-hauptangeklagten-in-pariser-terrorprozess\/#respond"]}]},{"@type":"WebPage","@id":"https:\/\/now-news.de\/de\/deutschland\/lebenslang-fuer-hauptangeklagten-in-pariser-terrorprozess\/","url":"https:\/\/now-news.de\/de\/deutschland\/lebenslang-fuer-hauptangeklagten-in-pariser-terrorprozess\/","name":"Lebenslang f\u00fcr Hauptangeklagten in Pariser Terrorprozess - just-now.NEWS Deutschland","isPartOf":{"@id":"https:\/\/now-news.de\/de\/#website"},"primaryImageOfPage":{"@id":"https:\/\/now-news.de\/de\/deutschland\/lebenslang-fuer-hauptangeklagten-in-pariser-terrorprozess\/#primaryimage"},"image":{"@id":"https:\/\/now-news.de\/de\/deutschland\/lebenslang-fuer-hauptangeklagten-in-pariser-terrorprozess\/#primaryimage"},"thumbnailUrl":"https:\/\/now-news.de\/de\/wp-content\/uploads\/sites\/3\/2022\/05\/Erste-Annaeherung-nach-Ausladung-Steinmeier-telefoniert-mit-Selenskij.jpg","datePublished":"2022-06-29T18:55:09+00:00","dateModified":"2022-06-29T18:55:09+00:00","breadcrumb":{"@id":"https:\/\/now-news.de\/de\/deutschland\/lebenslang-fuer-hauptangeklagten-in-pariser-terrorprozess\/#breadcrumb"},"inLanguage":"de","potentialAction":[{"@type":"ReadAction","target":["https:\/\/now-news.de\/de\/deutschland\/lebenslang-fuer-hauptangeklagten-in-pariser-terrorprozess\/"]}]},{"@type":"ImageObject","inLanguage":"de","@id":"https:\/\/now-news.de\/de\/deutschland\/lebenslang-fuer-hauptangeklagten-in-pariser-terrorprozess\/#primaryimage","url":"https:\/\/now-news.de\/de\/wp-content\/uploads\/sites\/3\/2022\/05\/Erste-Annaeherung-nach-Ausladung-Steinmeier-telefoniert-mit-Selenskij.jpg","contentUrl":"https:\/\/now-news.de\/de\/wp-content\/uploads\/sites\/3\/2022\/05\/Erste-Annaeherung-nach-Ausladung-Steinmeier-telefoniert-mit-Selenskij.jpg","width":460,"height":259},{"@type":"BreadcrumbList","@id":"https:\/\/now-news.de\/de\/deutschland\/lebenslang-fuer-hauptangeklagten-in-pariser-terrorprozess\/#breadcrumb","itemListElement":[{"@type":"ListItem","position":1,"name":"Home","item":"https:\/\/now-news.de\/de\/"},{"@type":"ListItem","position":2,"name":"Lebenslang f\u00fcr Hauptangeklagten in Pariser Terrorprozess"}]},{"@type":"WebSite","@id":"https:\/\/now-news.de\/de\/#website","url":"https:\/\/now-news.de\/de\/","name":"just-now.NEWS Deutschland","description":"Das Portal f\u00fcr unzensierte Nachrichten aus der Welt","publisher":{"@id":"https:\/\/now-news.de\/de\/#organization"},"potentialAction":[{"@type":"SearchAction","target":{"@type":"EntryPoint","urlTemplate":"https:\/\/now-news.de\/de\/?s={search_term_string}"},"query-input":"required name=search_term_string"}],"inLanguage":"de"},{"@type":"Organization","@id":"https:\/\/now-news.de\/de\/#organization","name":"Just Now News","url":"https:\/\/now-news.de\/de\/","logo":{"@type":"ImageObject","inLanguage":"de","@id":"https:\/\/now-news.de\/de\/#\/schema\/logo\/image\/","url":"http:\/\/just-now.news\/de\/wp-content\/uploads\/sites\/3\/2022\/04\/logo500x500.jpg","contentUrl":"http:\/\/just-now.news\/de\/wp-content\/uploads\/sites\/3\/2022\/04\/logo500x500.jpg","width":500,"height":500,"caption":"Just Now News"},"image":{"@id":"https:\/\/now-news.de\/de\/#\/schema\/logo\/image\/"},"sameAs":["https:\/\/www.facebook.com\/wirmachenauf","https:\/\/x.com\/WirMachenAuf_de"]},{"@type":"Person","@id":"https:\/\/now-news.de\/de\/#\/schema\/person\/fb534a4e865501d8b3285208df34a9b5","name":"rtnews","image":{"@type":"ImageObject","inLanguage":"de","@id":"https:\/\/now-news.de\/de\/#\/schema\/person\/image\/","url":"https:\/\/secure.gravatar.com\/avatar\/82aafea7d8127119dd649515f56e2117?s=96&d=mm&r=g","contentUrl":"https:\/\/secure.gravatar.com\/avatar\/82aafea7d8127119dd649515f56e2117?s=96&d=mm&r=g","caption":"rtnews"},"url":"https:\/\/now-news.de\/de\/author\/rnews\/"}]}},"_links":{"self":[{"href":"https:\/\/now-news.de\/de\/wp-json\/wp\/v2\/posts\/12319"}],"collection":[{"href":"https:\/\/now-news.de\/de\/wp-json\/wp\/v2\/posts"}],"about":[{"href":"https:\/\/now-news.de\/de\/wp-json\/wp\/v2\/types\/post"}],"author":[{"embeddable":true,"href":"https:\/\/now-news.de\/de\/wp-json\/wp\/v2\/users\/3"}],"replies":[{"embeddable":true,"href":"https:\/\/now-news.de\/de\/wp-json\/wp\/v2\/comments?post=12319"}],"version-history":[{"count":0,"href":"https:\/\/now-news.de\/de\/wp-json\/wp\/v2\/posts\/12319\/revisions"}],"wp:featuredmedia":[{"embeddable":true,"href":"https:\/\/now-news.de\/de\/wp-json\/wp\/v2\/media\/6832"}],"wp:attachment":[{"href":"https:\/\/now-news.de\/de\/wp-json\/wp\/v2\/media?parent=12319"}],"wp:term":[{"taxonomy":"category","embeddable":true,"href":"https:\/\/now-news.de\/de\/wp-json\/wp\/v2\/categories?post=12319"},{"taxonomy":"post_tag","embeddable":true,"href":"https:\/\/now-news.de\/de\/wp-json\/wp\/v2\/tags?post=12319"}],"curies":[{"name":"wp","href":"https:\/\/api.w.org\/{rel}","templated":true}]}}