{"id":12273,"date":"2022-06-29T16:07:16","date_gmt":"2022-06-29T14:07:16","guid":{"rendered":"http:\/\/just-now.news\/de\/deutschland\/nato-chef-will-klimafreundliche-streitkraefte\/"},"modified":"2022-06-29T16:07:16","modified_gmt":"2022-06-29T14:07:16","slug":"nato-chef-will-klimafreundliche-streitkraefte","status":"publish","type":"post","link":"https:\/\/now-news.de\/de\/deutschland\/nato-chef-will-klimafreundliche-streitkraefte\/","title":{"rendered":"NATO-Chef will klimafreundliche Streitkr\u00e4fte"},"content":{"rendered":"<p><img decoding=\"async\" src=\"http:\/\/just-now.news\/de\/wp-content\/uploads\/sites\/3\/2022\/06\/62bc3684b480cc782f64d355.jpg\" \/><\/p>\n<div class=\"Text-root Text-type_1 \">\n                NATO-Generalsekret\u00e4r Jens Stoltenberg erkl\u00e4rte am Dienstag, das Milit\u00e4rb\u00fcndnis beabsichtige, seine Kohlendioxidemissionen bis 2050 auf null zu senken. Die Soldaten der Zukunft w\u00fcrden in Elektrofahrzeugen auf die Schlachtfelder geschickt.\n            <\/div>\n<p><\/p>\n<div class=\"Text-root Text-type_5 ArticleView-text ViewText-root \">\n<p>In diesem Jahr wird der Milit\u00e4rblock NATO laut dessen Generalsekret\u00e4r Jens Stoltenberg ein aktualisiertes Strategisches Konzept ver\u00f6ffentlichen. Ein Dokument, das den Auftrag und die Haltung der Allianz gegen\u00fcber Nicht-Mitgliedern umrei\u00dfe. Darin werde China zum ersten Mal als &#8220;Herausforderung&#8221; bezeichnet. Au\u00dferdem werde deutlich gemacht, dass die NATO-Verb\u00fcndeten Russland als die bedeutendste und unmittelbarste Bedrohung betrachteten, so Stoltenberg am Rande des dreit\u00e4gigen NATO-Jahresgipfels, der in Madrid stattfand.<\/p>\n<p>Der NATO-Chef er\u00f6ffnete den Gipfel jedoch mit einem Treffen zum Klimawandel und versprach in einer Rede, das B\u00fcndnis &#8220;gr\u00fcn zu \u00fcberarbeiten&#8221;.<\/p>\n<p>Stoltenberg k\u00fcndigte an, dass die NATO ihre Kohlendioxidemissionen bis 2030 um mindestens 45 Prozent reduzieren und bis 2050 durch einen Mix aus &#8220;erneuerbaren Energien, klimafreundlichen synthetischen Kraftstoffen und energieeffizienteren L\u00f6sungen&#8221; netto null erreichen werde. Er betonte:<\/p>\n<blockquote>\n<p><em>&#8220;Schon heute sind die besten neuen Autos echte Elektrofahrzeuge.&#8221;<\/em><\/p>\n<p><em>&#8220;Ich glaube, dass die fortschrittlichsten Milit\u00e4rfahrzeuge und die widerstandsf\u00e4higsten Streitkr\u00e4fte in Zukunft diejenigen sein werden, die nicht auf fossile Brennstoffe angewiesen sind.&#8221;<\/em><\/p>\n<\/blockquote>\n<p>Auch US-Pr\u00e4sident Joe Biden versprach im April, Milliarden von US-Dollar ausgeben zu wollen, um alle Fahrzeuge des US-Milit\u00e4rs klimafreundlich zu machen. F\u00fcr diesen Vorschlag erntete Biden heftigen Spott von der Opposition.<\/p>\n<p>Stoltenberg erkl\u00e4rte, der Konflikt in der Ukraine zeige, dass sich die westlichen Verb\u00fcndeten &#8220;vom russischen \u00d6l und Gas entw\u00f6hnen&#8221; m\u00fcssten. Angesichts der Tatsache, dass China im neuen Strategischen Konzept der NATO eine wichtige Rolle spielen wird, warnte er jedoch, dass der Westen weitere Quellen f\u00fcr Seltenerdmetalle suchen m\u00fcsse, da China diese Branche dominiere und die Rohstoffe f\u00fcr die Herstellung von Windturbinen, Unterhaltungselektronik und Batterien f\u00fcr Elektrofahrzeuge unerl\u00e4sslich seien.<\/p>\n<p>Der NATO-Generalsekret\u00e4r erkl\u00e4rte, die Allianz ber\u00fccksichtige bereits den Klimawandel bei der Planung ihrer Eins\u00e4tze. Diese w\u00fcrden zunehmend im hohen Norden stattfinden. Damit spielte er wahrscheinlich auf die arktischen Regionen n\u00f6rdlich von Skandinavien an, wo die NATO bereits regelm\u00e4\u00dfig \u00dcbungen nahe der russischen Grenzen abh\u00e4lt.<\/p>\n<p>Im Vorfeld des Madrider Gipfels k\u00fcndigte Stoltenberg am Montag an, dass die NATO die Zahl ihrer einsatzbereiten Soldaten von 40.000 auf &#8220;weit \u00fcber 300.000&#8221; erh\u00f6hen werde.<\/p>\n<p><strong>Mehr zum Thema<\/strong> &#8211;\u00a0<a rel=\"nofollow noopener\" target=\"_blank\" href=\"https:\/\/de.rt.com\/international\/142187-turkei-stimmt-nato-beitritt-schwedens\/\">Finnischer Pr\u00e4sident: T\u00fcrkei stimmt NATO-Beitritt Schwedens und Finnlands zu<\/a><\/p>\n<\/div>\n<p><br \/>\n<br \/><a href=\"https:\/\/de.rt.com\/international\/142229-nato-chef-will-klimafreundliche-streitkraefte\/\">Source link <\/a><\/p>\n","protected":false},"excerpt":{"rendered":"<p>NATO-Generalsekret\u00e4r Jens Stoltenberg erkl\u00e4rte am Dienstag, das Milit\u00e4rb\u00fcndnis beabsichtige, seine Kohlendioxidemissionen bis 2050 auf null zu senken. Die Soldaten der Zukunft w\u00fcrden in Elektrofahrzeugen auf die Schlachtfelder geschickt. In diesem Jahr wird der Milit\u00e4rblock NATO laut dessen Generalsekret\u00e4r Jens Stoltenberg ein aktualisiertes Strategisches Konzept ver\u00f6ffentlichen. Ein Dokument, das den Auftrag und die Haltung der Allianz [&hellip;]<\/p>\n","protected":false},"author":3,"featured_media":12274,"comment_status":"open","ping_status":"open","sticky":false,"template":"","format":"standard","meta":{"wp_automatic_camp":["217"],"3efc078060d02980e0c0f64f07b54d82":["NATO-Chef will klimafreundliche Streitkr\u00e4fte"],"original_link":["https:\/\/de.rt.com\/international\/142229-nato-chef-will-klimafreundliche-streitkraefte\/"],"_thumbnail_id":["12274"],"_wptg_p2tg_sent2tg":["2022-06-29 16:14:26"],"jnews_social_counter_last_update":["1777426473"]},"categories":[19,23],"tags":[26177,26176,17702],"yoast_head":"<!-- This site is optimized with the Yoast SEO Premium plugin v22.7 (Yoast SEO v22.7) - https:\/\/yoast.com\/wordpress\/plugins\/seo\/ -->\n<title>NATO-Chef will klimafreundliche Streitkr\u00e4fte - just-now.NEWS Deutschland<\/title>\n<meta name=\"robots\" content=\"index, follow, max-snippet:-1, max-image-preview:large, max-video-preview:-1\" \/>\n<link rel=\"canonical\" href=\"https:\/\/now-news.de\/de\/deutschland\/nato-chef-will-klimafreundliche-streitkraefte\/\" \/>\n<meta property=\"og:locale\" content=\"de_DE\" \/>\n<meta property=\"og:type\" content=\"article\" \/>\n<meta property=\"og:title\" content=\"NATO-Chef will klimafreundliche Streitkr\u00e4fte\" \/>\n<meta property=\"og:description\" content=\"NATO-Generalsekret\u00e4r Jens Stoltenberg erkl\u00e4rte am Dienstag, das Milit\u00e4rb\u00fcndnis beabsichtige, seine Kohlendioxidemissionen bis 2050 auf null zu senken. Die Soldaten der Zukunft w\u00fcrden in Elektrofahrzeugen auf die Schlachtfelder geschickt. In diesem Jahr wird der Milit\u00e4rblock NATO laut dessen Generalsekret\u00e4r Jens Stoltenberg ein aktualisiertes Strategisches Konzept ver\u00f6ffentlichen. Ein Dokument, das den Auftrag und die Haltung der Allianz [&hellip;]\" \/>\n<meta property=\"og:url\" content=\"https:\/\/now-news.de\/de\/deutschland\/nato-chef-will-klimafreundliche-streitkraefte\/\" \/>\n<meta property=\"og:site_name\" content=\"just-now.NEWS Deutschland\" \/>\n<meta property=\"article:publisher\" content=\"https:\/\/www.facebook.com\/wirmachenauf\" \/>\n<meta property=\"article:published_time\" content=\"2022-06-29T14:07:16+00:00\" \/>\n<meta property=\"og:image\" content=\"https:\/\/now-news.de\/de\/wp-content\/uploads\/sites\/3\/2022\/06\/NATO-Chef-will-klimafreundliche-Streitkraefte.jpg\" \/>\n\t<meta property=\"og:image:width\" content=\"460\" \/>\n\t<meta property=\"og:image:height\" content=\"259\" \/>\n\t<meta property=\"og:image:type\" content=\"image\/jpeg\" \/>\n<meta name=\"author\" content=\"rtnews\" \/>\n<meta name=\"twitter:card\" content=\"summary_large_image\" \/>\n<meta name=\"twitter:creator\" content=\"@WirMachenAuf_de\" \/>\n<meta name=\"twitter:site\" content=\"@WirMachenAuf_de\" \/>\n<meta name=\"twitter:label1\" content=\"Verfasst von\" \/>\n\t<meta name=\"twitter:data1\" content=\"rtnews\" \/>\n\t<meta name=\"twitter:label2\" content=\"Gesch\u00e4tzte Lesezeit\" \/>\n\t<meta name=\"twitter:data2\" content=\"2\u00a0Minuten\" \/>\n<script type=\"application\/ld+json\" class=\"yoast-schema-graph\">{\"@context\":\"https:\/\/schema.org\",\"@graph\":[{\"@type\":\"Article\",\"@id\":\"https:\/\/now-news.de\/de\/deutschland\/nato-chef-will-klimafreundliche-streitkraefte\/#article\",\"isPartOf\":{\"@id\":\"https:\/\/now-news.de\/de\/deutschland\/nato-chef-will-klimafreundliche-streitkraefte\/\"},\"author\":{\"name\":\"rtnews\",\"@id\":\"https:\/\/now-news.de\/de\/#\/schema\/person\/fb534a4e865501d8b3285208df34a9b5\"},\"headline\":\"NATO-Chef will klimafreundliche Streitkr\u00e4fte\",\"datePublished\":\"2022-06-29T14:07:16+00:00\",\"dateModified\":\"2022-06-29T14:07:16+00:00\",\"mainEntityOfPage\":{\"@id\":\"https:\/\/now-news.de\/de\/deutschland\/nato-chef-will-klimafreundliche-streitkraefte\/\"},\"wordCount\":410,\"commentCount\":0,\"publisher\":{\"@id\":\"https:\/\/now-news.de\/de\/#organization\"},\"image\":{\"@id\":\"https:\/\/now-news.de\/de\/deutschland\/nato-chef-will-klimafreundliche-streitkraefte\/#primaryimage\"},\"thumbnailUrl\":\"https:\/\/now-news.de\/de\/wp-content\/uploads\/sites\/3\/2022\/06\/NATO-Chef-will-klimafreundliche-Streitkraefte.jpg\",\"keywords\":[\"klimafreundliche\",\"NATOChef\",\"Streitkr\u00e4fte\"],\"articleSection\":[\"Deutschland\",\"Russland\"],\"inLanguage\":\"de\",\"potentialAction\":[{\"@type\":\"CommentAction\",\"name\":\"Comment\",\"target\":[\"https:\/\/now-news.de\/de\/deutschland\/nato-chef-will-klimafreundliche-streitkraefte\/#respond\"]}]},{\"@type\":\"WebPage\",\"@id\":\"https:\/\/now-news.de\/de\/deutschland\/nato-chef-will-klimafreundliche-streitkraefte\/\",\"url\":\"https:\/\/now-news.de\/de\/deutschland\/nato-chef-will-klimafreundliche-streitkraefte\/\",\"name\":\"NATO-Chef will klimafreundliche Streitkr\u00e4fte - just-now.NEWS Deutschland\",\"isPartOf\":{\"@id\":\"https:\/\/now-news.de\/de\/#website\"},\"primaryImageOfPage\":{\"@id\":\"https:\/\/now-news.de\/de\/deutschland\/nato-chef-will-klimafreundliche-streitkraefte\/#primaryimage\"},\"image\":{\"@id\":\"https:\/\/now-news.de\/de\/deutschland\/nato-chef-will-klimafreundliche-streitkraefte\/#primaryimage\"},\"thumbnailUrl\":\"https:\/\/now-news.de\/de\/wp-content\/uploads\/sites\/3\/2022\/06\/NATO-Chef-will-klimafreundliche-Streitkraefte.jpg\",\"datePublished\":\"2022-06-29T14:07:16+00:00\",\"dateModified\":\"2022-06-29T14:07:16+00:00\",\"breadcrumb\":{\"@id\":\"https:\/\/now-news.de\/de\/deutschland\/nato-chef-will-klimafreundliche-streitkraefte\/#breadcrumb\"},\"inLanguage\":\"de\",\"potentialAction\":[{\"@type\":\"ReadAction\",\"target\":[\"https:\/\/now-news.de\/de\/deutschland\/nato-chef-will-klimafreundliche-streitkraefte\/\"]}]},{\"@type\":\"ImageObject\",\"inLanguage\":\"de\",\"@id\":\"https:\/\/now-news.de\/de\/deutschland\/nato-chef-will-klimafreundliche-streitkraefte\/#primaryimage\",\"url\":\"https:\/\/now-news.de\/de\/wp-content\/uploads\/sites\/3\/2022\/06\/NATO-Chef-will-klimafreundliche-Streitkraefte.jpg\",\"contentUrl\":\"https:\/\/now-news.de\/de\/wp-content\/uploads\/sites\/3\/2022\/06\/NATO-Chef-will-klimafreundliche-Streitkraefte.jpg\",\"width\":460,\"height\":259,\"caption\":\"NATO-Chef will klimafreundliche Streitkr\u00e4fte\"},{\"@type\":\"BreadcrumbList\",\"@id\":\"https:\/\/now-news.de\/de\/deutschland\/nato-chef-will-klimafreundliche-streitkraefte\/#breadcrumb\",\"itemListElement\":[{\"@type\":\"ListItem\",\"position\":1,\"name\":\"Home\",\"item\":\"https:\/\/now-news.de\/de\/\"},{\"@type\":\"ListItem\",\"position\":2,\"name\":\"NATO-Chef will klimafreundliche Streitkr\u00e4fte\"}]},{\"@type\":\"WebSite\",\"@id\":\"https:\/\/now-news.de\/de\/#website\",\"url\":\"https:\/\/now-news.de\/de\/\",\"name\":\"just-now.NEWS Deutschland\",\"description\":\"Das Portal f\u00fcr unzensierte Nachrichten aus der Welt\",\"publisher\":{\"@id\":\"https:\/\/now-news.de\/de\/#organization\"},\"potentialAction\":[{\"@type\":\"SearchAction\",\"target\":{\"@type\":\"EntryPoint\",\"urlTemplate\":\"https:\/\/now-news.de\/de\/?s={search_term_string}\"},\"query-input\":\"required name=search_term_string\"}],\"inLanguage\":\"de\"},{\"@type\":\"Organization\",\"@id\":\"https:\/\/now-news.de\/de\/#organization\",\"name\":\"Just Now News\",\"url\":\"https:\/\/now-news.de\/de\/\",\"logo\":{\"@type\":\"ImageObject\",\"inLanguage\":\"de\",\"@id\":\"https:\/\/now-news.de\/de\/#\/schema\/logo\/image\/\",\"url\":\"http:\/\/just-now.news\/de\/wp-content\/uploads\/sites\/3\/2022\/04\/logo500x500.jpg\",\"contentUrl\":\"http:\/\/just-now.news\/de\/wp-content\/uploads\/sites\/3\/2022\/04\/logo500x500.jpg\",\"width\":500,\"height\":500,\"caption\":\"Just Now News\"},\"image\":{\"@id\":\"https:\/\/now-news.de\/de\/#\/schema\/logo\/image\/\"},\"sameAs\":[\"https:\/\/www.facebook.com\/wirmachenauf\",\"https:\/\/x.com\/WirMachenAuf_de\"]},{\"@type\":\"Person\",\"@id\":\"https:\/\/now-news.de\/de\/#\/schema\/person\/fb534a4e865501d8b3285208df34a9b5\",\"name\":\"rtnews\",\"image\":{\"@type\":\"ImageObject\",\"inLanguage\":\"de\",\"@id\":\"https:\/\/now-news.de\/de\/#\/schema\/person\/image\/\",\"url\":\"https:\/\/secure.gravatar.com\/avatar\/82aafea7d8127119dd649515f56e2117?s=96&d=mm&r=g\",\"contentUrl\":\"https:\/\/secure.gravatar.com\/avatar\/82aafea7d8127119dd649515f56e2117?s=96&d=mm&r=g\",\"caption\":\"rtnews\"},\"url\":\"https:\/\/now-news.de\/de\/author\/rnews\/\"}]}<\/script>\n<!-- \/ Yoast SEO Premium plugin. -->","yoast_head_json":{"title":"NATO-Chef will klimafreundliche Streitkr\u00e4fte - just-now.NEWS Deutschland","robots":{"index":"index","follow":"follow","max-snippet":"max-snippet:-1","max-image-preview":"max-image-preview:large","max-video-preview":"max-video-preview:-1"},"canonical":"https:\/\/now-news.de\/de\/deutschland\/nato-chef-will-klimafreundliche-streitkraefte\/","og_locale":"de_DE","og_type":"article","og_title":"NATO-Chef will klimafreundliche Streitkr\u00e4fte","og_description":"NATO-Generalsekret\u00e4r Jens Stoltenberg erkl\u00e4rte am Dienstag, das Milit\u00e4rb\u00fcndnis beabsichtige, seine Kohlendioxidemissionen bis 2050 auf null zu senken. Die Soldaten der Zukunft w\u00fcrden in Elektrofahrzeugen auf die Schlachtfelder geschickt. In diesem Jahr wird der Milit\u00e4rblock NATO laut dessen Generalsekret\u00e4r Jens Stoltenberg ein aktualisiertes Strategisches Konzept ver\u00f6ffentlichen. Ein Dokument, das den Auftrag und die Haltung der Allianz [&hellip;]","og_url":"https:\/\/now-news.de\/de\/deutschland\/nato-chef-will-klimafreundliche-streitkraefte\/","og_site_name":"just-now.NEWS Deutschland","article_publisher":"https:\/\/www.facebook.com\/wirmachenauf","article_published_time":"2022-06-29T14:07:16+00:00","og_image":[{"width":460,"height":259,"url":"https:\/\/now-news.de\/de\/wp-content\/uploads\/sites\/3\/2022\/06\/NATO-Chef-will-klimafreundliche-Streitkraefte.jpg","type":"image\/jpeg"}],"author":"rtnews","twitter_card":"summary_large_image","twitter_creator":"@WirMachenAuf_de","twitter_site":"@WirMachenAuf_de","twitter_misc":{"Verfasst von":"rtnews","Gesch\u00e4tzte Lesezeit":"2\u00a0Minuten"},"schema":{"@context":"https:\/\/schema.org","@graph":[{"@type":"Article","@id":"https:\/\/now-news.de\/de\/deutschland\/nato-chef-will-klimafreundliche-streitkraefte\/#article","isPartOf":{"@id":"https:\/\/now-news.de\/de\/deutschland\/nato-chef-will-klimafreundliche-streitkraefte\/"},"author":{"name":"rtnews","@id":"https:\/\/now-news.de\/de\/#\/schema\/person\/fb534a4e865501d8b3285208df34a9b5"},"headline":"NATO-Chef will klimafreundliche Streitkr\u00e4fte","datePublished":"2022-06-29T14:07:16+00:00","dateModified":"2022-06-29T14:07:16+00:00","mainEntityOfPage":{"@id":"https:\/\/now-news.de\/de\/deutschland\/nato-chef-will-klimafreundliche-streitkraefte\/"},"wordCount":410,"commentCount":0,"publisher":{"@id":"https:\/\/now-news.de\/de\/#organization"},"image":{"@id":"https:\/\/now-news.de\/de\/deutschland\/nato-chef-will-klimafreundliche-streitkraefte\/#primaryimage"},"thumbnailUrl":"https:\/\/now-news.de\/de\/wp-content\/uploads\/sites\/3\/2022\/06\/NATO-Chef-will-klimafreundliche-Streitkraefte.jpg","keywords":["klimafreundliche","NATOChef","Streitkr\u00e4fte"],"articleSection":["Deutschland","Russland"],"inLanguage":"de","potentialAction":[{"@type":"CommentAction","name":"Comment","target":["https:\/\/now-news.de\/de\/deutschland\/nato-chef-will-klimafreundliche-streitkraefte\/#respond"]}]},{"@type":"WebPage","@id":"https:\/\/now-news.de\/de\/deutschland\/nato-chef-will-klimafreundliche-streitkraefte\/","url":"https:\/\/now-news.de\/de\/deutschland\/nato-chef-will-klimafreundliche-streitkraefte\/","name":"NATO-Chef will klimafreundliche Streitkr\u00e4fte - just-now.NEWS Deutschland","isPartOf":{"@id":"https:\/\/now-news.de\/de\/#website"},"primaryImageOfPage":{"@id":"https:\/\/now-news.de\/de\/deutschland\/nato-chef-will-klimafreundliche-streitkraefte\/#primaryimage"},"image":{"@id":"https:\/\/now-news.de\/de\/deutschland\/nato-chef-will-klimafreundliche-streitkraefte\/#primaryimage"},"thumbnailUrl":"https:\/\/now-news.de\/de\/wp-content\/uploads\/sites\/3\/2022\/06\/NATO-Chef-will-klimafreundliche-Streitkraefte.jpg","datePublished":"2022-06-29T14:07:16+00:00","dateModified":"2022-06-29T14:07:16+00:00","breadcrumb":{"@id":"https:\/\/now-news.de\/de\/deutschland\/nato-chef-will-klimafreundliche-streitkraefte\/#breadcrumb"},"inLanguage":"de","potentialAction":[{"@type":"ReadAction","target":["https:\/\/now-news.de\/de\/deutschland\/nato-chef-will-klimafreundliche-streitkraefte\/"]}]},{"@type":"ImageObject","inLanguage":"de","@id":"https:\/\/now-news.de\/de\/deutschland\/nato-chef-will-klimafreundliche-streitkraefte\/#primaryimage","url":"https:\/\/now-news.de\/de\/wp-content\/uploads\/sites\/3\/2022\/06\/NATO-Chef-will-klimafreundliche-Streitkraefte.jpg","contentUrl":"https:\/\/now-news.de\/de\/wp-content\/uploads\/sites\/3\/2022\/06\/NATO-Chef-will-klimafreundliche-Streitkraefte.jpg","width":460,"height":259,"caption":"NATO-Chef will klimafreundliche Streitkr\u00e4fte"},{"@type":"BreadcrumbList","@id":"https:\/\/now-news.de\/de\/deutschland\/nato-chef-will-klimafreundliche-streitkraefte\/#breadcrumb","itemListElement":[{"@type":"ListItem","position":1,"name":"Home","item":"https:\/\/now-news.de\/de\/"},{"@type":"ListItem","position":2,"name":"NATO-Chef will klimafreundliche Streitkr\u00e4fte"}]},{"@type":"WebSite","@id":"https:\/\/now-news.de\/de\/#website","url":"https:\/\/now-news.de\/de\/","name":"just-now.NEWS Deutschland","description":"Das Portal f\u00fcr unzensierte Nachrichten aus der Welt","publisher":{"@id":"https:\/\/now-news.de\/de\/#organization"},"potentialAction":[{"@type":"SearchAction","target":{"@type":"EntryPoint","urlTemplate":"https:\/\/now-news.de\/de\/?s={search_term_string}"},"query-input":"required name=search_term_string"}],"inLanguage":"de"},{"@type":"Organization","@id":"https:\/\/now-news.de\/de\/#organization","name":"Just Now News","url":"https:\/\/now-news.de\/de\/","logo":{"@type":"ImageObject","inLanguage":"de","@id":"https:\/\/now-news.de\/de\/#\/schema\/logo\/image\/","url":"http:\/\/just-now.news\/de\/wp-content\/uploads\/sites\/3\/2022\/04\/logo500x500.jpg","contentUrl":"http:\/\/just-now.news\/de\/wp-content\/uploads\/sites\/3\/2022\/04\/logo500x500.jpg","width":500,"height":500,"caption":"Just Now News"},"image":{"@id":"https:\/\/now-news.de\/de\/#\/schema\/logo\/image\/"},"sameAs":["https:\/\/www.facebook.com\/wirmachenauf","https:\/\/x.com\/WirMachenAuf_de"]},{"@type":"Person","@id":"https:\/\/now-news.de\/de\/#\/schema\/person\/fb534a4e865501d8b3285208df34a9b5","name":"rtnews","image":{"@type":"ImageObject","inLanguage":"de","@id":"https:\/\/now-news.de\/de\/#\/schema\/person\/image\/","url":"https:\/\/secure.gravatar.com\/avatar\/82aafea7d8127119dd649515f56e2117?s=96&d=mm&r=g","contentUrl":"https:\/\/secure.gravatar.com\/avatar\/82aafea7d8127119dd649515f56e2117?s=96&d=mm&r=g","caption":"rtnews"},"url":"https:\/\/now-news.de\/de\/author\/rnews\/"}]}},"_links":{"self":[{"href":"https:\/\/now-news.de\/de\/wp-json\/wp\/v2\/posts\/12273"}],"collection":[{"href":"https:\/\/now-news.de\/de\/wp-json\/wp\/v2\/posts"}],"about":[{"href":"https:\/\/now-news.de\/de\/wp-json\/wp\/v2\/types\/post"}],"author":[{"embeddable":true,"href":"https:\/\/now-news.de\/de\/wp-json\/wp\/v2\/users\/3"}],"replies":[{"embeddable":true,"href":"https:\/\/now-news.de\/de\/wp-json\/wp\/v2\/comments?post=12273"}],"version-history":[{"count":0,"href":"https:\/\/now-news.de\/de\/wp-json\/wp\/v2\/posts\/12273\/revisions"}],"wp:featuredmedia":[{"embeddable":true,"href":"https:\/\/now-news.de\/de\/wp-json\/wp\/v2\/media\/12274"}],"wp:attachment":[{"href":"https:\/\/now-news.de\/de\/wp-json\/wp\/v2\/media?parent=12273"}],"wp:term":[{"taxonomy":"category","embeddable":true,"href":"https:\/\/now-news.de\/de\/wp-json\/wp\/v2\/categories?post=12273"},{"taxonomy":"post_tag","embeddable":true,"href":"https:\/\/now-news.de\/de\/wp-json\/wp\/v2\/tags?post=12273"}],"curies":[{"name":"wp","href":"https:\/\/api.w.org\/{rel}","templated":true}]}}