{"id":12269,"date":"2022-06-29T15:52:05","date_gmt":"2022-06-29T13:52:05","guid":{"rendered":"http:\/\/just-now.news\/de\/deutschland\/streik-in-ecuador-praesident-guillermo-lasso-uebersteht-amtsenthebungsverfahren-im-parlament\/"},"modified":"2022-06-29T15:52:05","modified_gmt":"2022-06-29T13:52:05","slug":"streik-in-ecuador-praesident-guillermo-lasso-uebersteht-amtsenthebungsverfahren-im-parlament","status":"publish","type":"post","link":"https:\/\/now-news.de\/de\/deutschland\/streik-in-ecuador-praesident-guillermo-lasso-uebersteht-amtsenthebungsverfahren-im-parlament\/","title":{"rendered":"Streik in Ecuador: Pr\u00e4sident Guillermo Lasso \u00fcbersteht Amtsenthebungsverfahren im Parlament"},"content":{"rendered":"<p><img decoding=\"async\" src=\"http:\/\/just-now.news\/de\/wp-content\/uploads\/sites\/3\/2022\/06\/62bc1d09b480cc71d568465d.jpg\" \/><\/p>\n<p>Der ecuadorianische Pr\u00e4sident Guillermo Lasso bleibt weiterhin im Amt. Vor dem Hintergrund der andauernden Massenproteste hat das Parlament in Quito am Dienstag keine erforderliche Zweidrittelmehrheit der Stimmen erreicht, um den Staats- und Regierungschef abzusetzen. Nach einer umfassenden Diskussion, die am Samstag begonnen hatte, stimmte die Nationalversammlung in der Nacht zum Mittwoch \u00fcber die Angelegenheit ab. Nach drei Abstimmungen verfehlten die Initiatoren zw\u00f6lf Stimmen: Bei neun Enthaltungen gab es 80 Stimmen daf\u00fcr und 48 dagegen.<\/p>\n<div class=\"EmbedBlock-root EmbedBlock-twitter\">\n<div class=\"TwitterEmbed\">\n<blockquote class=\"twitter-tweet lazyload\" data-twitter=\"twitter-tweet\">\n<p lang=\"es\" dir=\"ltr\"><a rel=\"nofollow noopener\" target=\"_blank\" href=\"https:\/\/twitter.com\/hashtag\/PlenoLegislativo?src=hash&amp;ref_src=twsrc%5Etfw\">#PlenoLegislativo<\/a> | Por la moci\u00f3n de destituci\u00f3n del Presidente de la Rep\u00fablica, <a rel=\"nofollow noopener\" target=\"_blank\" href=\"https:\/\/twitter.com\/LassoGuillermo?ref_src=twsrc%5Etfw\">@LassoGuillermo<\/a>, existen: 80 votos afirmativos, 48 negativos y 9 abstenciones. No se aprueba la moci\u00f3n del legislador <a rel=\"nofollow noopener\" target=\"_blank\" href=\"https:\/\/twitter.com\/FernandoCedeR?ref_src=twsrc%5Etfw\">@FernandoCedeR<\/a> <a rel=\"nofollow noopener\" target=\"_blank\" href=\"https:\/\/t.co\/1ExYdvQzRi\">pic.twitter.com\/1ExYdvQzRi<\/a><\/p>\n<p>\u2014 Asamblea Nacional (@AsambleaEcuador) <a rel=\"nofollow noopener\" target=\"_blank\" href=\"https:\/\/twitter.com\/AsambleaEcuador\/status\/1541996462728482816?ref_src=twsrc%5Etfw\">June 29, 2022<\/a><\/p><\/blockquote><\/div><\/div>\n<p>Das Amtsenthebungsverfahren gegen Lasso hatte die Fraktion Vereinigung f\u00fcr die Hoffnung (UNES) vor dem Hintergrund des am 13. Juni von indigenen Gruppen ausgerufenen Nationalstreikes initiiert. Die Abgeordneten begr\u00fcndeten ihren Antrag mit Artikel 130 der Verfassung des Andenlandes, wonach der Pr\u00e4sident in zwei F\u00e4llen seines Amts enthoben werden kann:<\/p>\n<ul>\n<li>beim \u00dcberschreiten seiner verfassungsrechtlichen Befugnisse, wenn ein entsprechendes Gutachten des Verfassungsgerichts vorliegt,<\/li>\n<li>wegen einer schweren politischen Krise und Unruhen im Land.<\/li>\n<\/ul>\n<p>Der Antrag fu\u00dfte dabei auf Punkt 2 des Artikels, da Pr\u00e4sident Lasso in zwei bereits aufgehobenen Dekreten in mehreren Provinzen des s\u00fcdamerikanischen Landes den Ausnahmezustand ausgerufen und somit schwere Unruhen zugegeben hatte.<\/p>\n<p>Lasso <a rel=\"nofollow noopener\" target=\"_blank\" href=\"https:\/\/twitter.com\/LassoGuillermo\/status\/1541995976411455488\">begr\u00fc\u00dfte<\/a> die Entscheidung des Parlaments. In seinen sozialen Netzwerken erkl\u00e4rte er, dass die Demokratie und die institutionelle Ordnung in Ecuador verteidigt worden seien.<\/p>\n<blockquote>\n<p><em>&#8220;Es ist offensichtlich, wer f\u00fcr die politische Mafia arbeitet. Inzwischen arbeiten wir weiter f\u00fcr Ecuador.&#8221;<\/em><\/p>\n<\/blockquote>\n<p>Zuvor waren am 16. Tag des Nationalstreikes wichtige Fortschritte bei Gespr\u00e4chen zwischen indigenen Gruppen und Regierungsvertretern erwartet worden. Aber die Hoffnung bewahrheitete sich nicht. Zwar akzeptierte die Regierung die Forderung der Indigenen, ein im vergangenen Jahr von Lasso verabschiedetes Dekret r\u00fcckg\u00e4ngig zu machen, das die Entwicklung des Kohlenwasserstoffsektors im s\u00fcdamerikanischen Land vorsah. Trotzdem konnten die Seiten bislang keine Einigung in Bezug auf die Deckelung der gestiegenen Spritpreise erzielen.<\/p>\n<p>Nachdem man vereinbart hatte, die Verhandlungen fortzusetzen, erschienen die Regierungsvertreter bei der n\u00e4chsten Gespr\u00e4chsrunde nicht. Sie begr\u00fcndeten dies mit einem gewaltsamen Zwischenfall in der Provinz Sucumb\u00edos im Amazonas-Gebiet, bei dem ein Sergeant ums Leben gekommen war und weitere zw\u00f6lf Armeeangeh\u00f6rige und Polizeibeamte verletzt worden waren. Nach Angaben der Regierung sei der Konvoi, der mehrere Tankwagen begleitet habe, von 100 Randalierern \u00fcberfallen worden. Der Verband der indigenen V\u00f6lker von Ecuador (CONAIE) wies diese Darstellung zur\u00fcck. Demnach <a rel=\"nofollow noopener\" target=\"_blank\" href=\"https:\/\/ddhhecuador.org\/sites\/default\/files\/documentos\/2022-06\/DENUNCIA%20P%C3%9ABLICA%20%20%C2%A1Urgente%21%20Ataque%20de%20efectivos%20policiales%20y%20militares%20en%20la%20comunidad%2018%20de%20Noviembre%2C%20cant%C3%B3n%20Shushufindi%2C%20provincia%20de%20Sucumb%C3%ADos._0.pdf\">seien<\/a> die Teilnehmer des Konvois mit Tr\u00e4nengas und Gummikugeln gegen eine friedliche Protestaktion in der Zone vorgegangen. Die Gegenwehr der Demonstranten habe zu einer Konfrontation gef\u00fchrt.<\/p>\n<p>Bislang <a rel=\"nofollow noopener\" target=\"_blank\" href=\"https:\/\/twitter.com\/DDHH_Alianza\/status\/1541851657969049601\">wurde<\/a> von insgesamt f\u00fcnf Toten, 313 Verletzten und 147 Festnahmen bei den Protesten berichtet, die am 13. Juni begonnen hatten.<\/p>\n<p>Mit dem Streik wollen die Ureinwohner die konservative Regierung unter Lasso dazu bringen, zehn Forderungen nachzukommen. Unter anderem verlangen sie, die Treibstoffpreise einzufrieren, den Schuldendienst f\u00fcr mehr als vier Millionen Familien zu stunden, faire Preise f\u00fcr landwirtschaftliche Produkte festzulegen und das Selbstbestimmungsrecht der indigenen V\u00f6lker zu achten.<\/p>\n<p><strong>Mehr zum Thema<\/strong> &#8211;\u00a0<a rel=\"nofollow noopener\" target=\"_blank\" href=\"https:\/\/de.rt.com\/amerika\/141118-gericht-in-ecuador-beschliesst-freilassung-auf-bewaehrung-fuer-indigenen-anfuehrer\/\">Streik in Ecuador: Gericht beschlie\u00dft Freilassung auf Bew\u00e4hrung f\u00fcr Indigenen-Anf\u00fchrer<\/a><\/p>\n<p><script async src=\"https:\/\/platform.twitter.com\/widgets.js\" charset=\"utf-8\"><\/script><br \/>\n<br \/><br \/>\n<br \/><a href=\"https:\/\/de.rt.com\/amerika\/142212-ecuadors-praesident-lasso-uebersteht-amtsenthebungsverfahren-im-parlament\/\">Source link <\/a><\/p>\n","protected":false},"excerpt":{"rendered":"<p>Der ecuadorianische Pr\u00e4sident Guillermo Lasso bleibt weiterhin im Amt. Vor dem Hintergrund der andauernden Massenproteste hat das Parlament in Quito am Dienstag keine erforderliche Zweidrittelmehrheit der Stimmen erreicht, um den Staats- und Regierungschef abzusetzen. Nach einer umfassenden Diskussion, die am Samstag begonnen hatte, stimmte die Nationalversammlung in der Nacht zum Mittwoch \u00fcber die Angelegenheit ab. [&hellip;]<\/p>\n","protected":false},"author":3,"featured_media":12270,"comment_status":"open","ping_status":"open","sticky":false,"template":"","format":"standard","meta":{"wp_automatic_camp":["217"],"c3363db69318e6bd1c1e246e504248ee":["Streik in Ecuador: Pr\u00e4sident Guillermo Lasso \u00fcbersteht Amtsenthebungsverfahren im Parlament"],"original_link":["https:\/\/de.rt.com\/amerika\/142212-ecuadors-praesident-lasso-uebersteht-amtsenthebungsverfahren-im-parlament\/"],"_thumbnail_id":["12270"],"_wptg_p2tg_sent2tg":["2022-06-29 15:58:30"],"jnews_social_counter_last_update":["1777168251"]},"categories":[19,23],"tags":[10569,24476,26173,26174,3832,3464,3859,23370],"yoast_head":"<!-- This site is optimized with the Yoast SEO Premium plugin v22.7 (Yoast SEO v22.7) - https:\/\/yoast.com\/wordpress\/plugins\/seo\/ -->\n<title>Streik in Ecuador: Pr\u00e4sident Guillermo Lasso \u00fcbersteht Amtsenthebungsverfahren im Parlament - just-now.NEWS Deutschland<\/title>\n<meta name=\"robots\" content=\"index, follow, max-snippet:-1, max-image-preview:large, max-video-preview:-1\" \/>\n<link rel=\"canonical\" href=\"https:\/\/now-news.de\/de\/deutschland\/streik-in-ecuador-praesident-guillermo-lasso-uebersteht-amtsenthebungsverfahren-im-parlament\/\" \/>\n<meta property=\"og:locale\" content=\"de_DE\" \/>\n<meta property=\"og:type\" content=\"article\" \/>\n<meta property=\"og:title\" content=\"Streik in Ecuador: Pr\u00e4sident Guillermo Lasso \u00fcbersteht Amtsenthebungsverfahren im Parlament\" \/>\n<meta property=\"og:description\" content=\"Der ecuadorianische Pr\u00e4sident Guillermo Lasso bleibt weiterhin im Amt. Vor dem Hintergrund der andauernden Massenproteste hat das Parlament in Quito am Dienstag keine erforderliche Zweidrittelmehrheit der Stimmen erreicht, um den Staats- und Regierungschef abzusetzen. Nach einer umfassenden Diskussion, die am Samstag begonnen hatte, stimmte die Nationalversammlung in der Nacht zum Mittwoch \u00fcber die Angelegenheit ab. [&hellip;]\" \/>\n<meta property=\"og:url\" content=\"https:\/\/now-news.de\/de\/deutschland\/streik-in-ecuador-praesident-guillermo-lasso-uebersteht-amtsenthebungsverfahren-im-parlament\/\" \/>\n<meta property=\"og:site_name\" content=\"just-now.NEWS Deutschland\" \/>\n<meta property=\"article:publisher\" content=\"https:\/\/www.facebook.com\/wirmachenauf\" \/>\n<meta property=\"article:published_time\" content=\"2022-06-29T13:52:05+00:00\" \/>\n<meta property=\"og:image\" content=\"https:\/\/now-news.de\/de\/wp-content\/uploads\/sites\/3\/2022\/06\/Streik-in-Ecuador-Praesident-Guillermo-Lasso-uebersteht-Amtsenthebungsverfahren-im-Parlament.jpg\" \/>\n\t<meta property=\"og:image:width\" content=\"460\" \/>\n\t<meta property=\"og:image:height\" content=\"259\" \/>\n\t<meta property=\"og:image:type\" content=\"image\/jpeg\" \/>\n<meta name=\"author\" content=\"rtnews\" \/>\n<meta name=\"twitter:card\" content=\"summary_large_image\" \/>\n<meta name=\"twitter:creator\" content=\"@WirMachenAuf_de\" \/>\n<meta name=\"twitter:site\" content=\"@WirMachenAuf_de\" \/>\n<meta name=\"twitter:label1\" content=\"Verfasst von\" \/>\n\t<meta name=\"twitter:data1\" content=\"rtnews\" \/>\n\t<meta name=\"twitter:label2\" content=\"Gesch\u00e4tzte Lesezeit\" \/>\n\t<meta name=\"twitter:data2\" content=\"3\u00a0Minuten\" \/>\n<script type=\"application\/ld+json\" class=\"yoast-schema-graph\">{\"@context\":\"https:\/\/schema.org\",\"@graph\":[{\"@type\":\"Article\",\"@id\":\"https:\/\/now-news.de\/de\/deutschland\/streik-in-ecuador-praesident-guillermo-lasso-uebersteht-amtsenthebungsverfahren-im-parlament\/#article\",\"isPartOf\":{\"@id\":\"https:\/\/now-news.de\/de\/deutschland\/streik-in-ecuador-praesident-guillermo-lasso-uebersteht-amtsenthebungsverfahren-im-parlament\/\"},\"author\":{\"name\":\"rtnews\",\"@id\":\"https:\/\/now-news.de\/de\/#\/schema\/person\/fb534a4e865501d8b3285208df34a9b5\"},\"headline\":\"Streik in Ecuador: Pr\u00e4sident Guillermo Lasso \u00fcbersteht Amtsenthebungsverfahren im Parlament\",\"datePublished\":\"2022-06-29T13:52:05+00:00\",\"dateModified\":\"2022-06-29T13:52:05+00:00\",\"mainEntityOfPage\":{\"@id\":\"https:\/\/now-news.de\/de\/deutschland\/streik-in-ecuador-praesident-guillermo-lasso-uebersteht-amtsenthebungsverfahren-im-parlament\/\"},\"wordCount\":543,\"commentCount\":0,\"publisher\":{\"@id\":\"https:\/\/now-news.de\/de\/#organization\"},\"image\":{\"@id\":\"https:\/\/now-news.de\/de\/deutschland\/streik-in-ecuador-praesident-guillermo-lasso-uebersteht-amtsenthebungsverfahren-im-parlament\/#primaryimage\"},\"thumbnailUrl\":\"https:\/\/now-news.de\/de\/wp-content\/uploads\/sites\/3\/2022\/06\/Streik-in-Ecuador-Praesident-Guillermo-Lasso-uebersteht-Amtsenthebungsverfahren-im-Parlament.jpg\",\"keywords\":[\"amtsenthebungsverfahren\",\"Ecuador\",\"Guillermo\",\"Lasso\",\"Parlament\",\"Pr\u00e4sident\",\"Streik\",\"\u00fcbersteht\"],\"articleSection\":[\"Deutschland\",\"Russland\"],\"inLanguage\":\"de\",\"potentialAction\":[{\"@type\":\"CommentAction\",\"name\":\"Comment\",\"target\":[\"https:\/\/now-news.de\/de\/deutschland\/streik-in-ecuador-praesident-guillermo-lasso-uebersteht-amtsenthebungsverfahren-im-parlament\/#respond\"]}]},{\"@type\":\"WebPage\",\"@id\":\"https:\/\/now-news.de\/de\/deutschland\/streik-in-ecuador-praesident-guillermo-lasso-uebersteht-amtsenthebungsverfahren-im-parlament\/\",\"url\":\"https:\/\/now-news.de\/de\/deutschland\/streik-in-ecuador-praesident-guillermo-lasso-uebersteht-amtsenthebungsverfahren-im-parlament\/\",\"name\":\"Streik in Ecuador: Pr\u00e4sident Guillermo Lasso \u00fcbersteht Amtsenthebungsverfahren im Parlament - just-now.NEWS Deutschland\",\"isPartOf\":{\"@id\":\"https:\/\/now-news.de\/de\/#website\"},\"primaryImageOfPage\":{\"@id\":\"https:\/\/now-news.de\/de\/deutschland\/streik-in-ecuador-praesident-guillermo-lasso-uebersteht-amtsenthebungsverfahren-im-parlament\/#primaryimage\"},\"image\":{\"@id\":\"https:\/\/now-news.de\/de\/deutschland\/streik-in-ecuador-praesident-guillermo-lasso-uebersteht-amtsenthebungsverfahren-im-parlament\/#primaryimage\"},\"thumbnailUrl\":\"https:\/\/now-news.de\/de\/wp-content\/uploads\/sites\/3\/2022\/06\/Streik-in-Ecuador-Praesident-Guillermo-Lasso-uebersteht-Amtsenthebungsverfahren-im-Parlament.jpg\",\"datePublished\":\"2022-06-29T13:52:05+00:00\",\"dateModified\":\"2022-06-29T13:52:05+00:00\",\"breadcrumb\":{\"@id\":\"https:\/\/now-news.de\/de\/deutschland\/streik-in-ecuador-praesident-guillermo-lasso-uebersteht-amtsenthebungsverfahren-im-parlament\/#breadcrumb\"},\"inLanguage\":\"de\",\"potentialAction\":[{\"@type\":\"ReadAction\",\"target\":[\"https:\/\/now-news.de\/de\/deutschland\/streik-in-ecuador-praesident-guillermo-lasso-uebersteht-amtsenthebungsverfahren-im-parlament\/\"]}]},{\"@type\":\"ImageObject\",\"inLanguage\":\"de\",\"@id\":\"https:\/\/now-news.de\/de\/deutschland\/streik-in-ecuador-praesident-guillermo-lasso-uebersteht-amtsenthebungsverfahren-im-parlament\/#primaryimage\",\"url\":\"https:\/\/now-news.de\/de\/wp-content\/uploads\/sites\/3\/2022\/06\/Streik-in-Ecuador-Praesident-Guillermo-Lasso-uebersteht-Amtsenthebungsverfahren-im-Parlament.jpg\",\"contentUrl\":\"https:\/\/now-news.de\/de\/wp-content\/uploads\/sites\/3\/2022\/06\/Streik-in-Ecuador-Praesident-Guillermo-Lasso-uebersteht-Amtsenthebungsverfahren-im-Parlament.jpg\",\"width\":460,\"height\":259,\"caption\":\"Streik in Ecuador: Pr\u00e4sident Guillermo Lasso \u00fcbersteht Amtsenthebungsverfahren im Parlament\"},{\"@type\":\"BreadcrumbList\",\"@id\":\"https:\/\/now-news.de\/de\/deutschland\/streik-in-ecuador-praesident-guillermo-lasso-uebersteht-amtsenthebungsverfahren-im-parlament\/#breadcrumb\",\"itemListElement\":[{\"@type\":\"ListItem\",\"position\":1,\"name\":\"Home\",\"item\":\"https:\/\/now-news.de\/de\/\"},{\"@type\":\"ListItem\",\"position\":2,\"name\":\"Streik in Ecuador: Pr\u00e4sident Guillermo Lasso \u00fcbersteht Amtsenthebungsverfahren im Parlament\"}]},{\"@type\":\"WebSite\",\"@id\":\"https:\/\/now-news.de\/de\/#website\",\"url\":\"https:\/\/now-news.de\/de\/\",\"name\":\"just-now.NEWS Deutschland\",\"description\":\"Das Portal f\u00fcr unzensierte Nachrichten aus der Welt\",\"publisher\":{\"@id\":\"https:\/\/now-news.de\/de\/#organization\"},\"potentialAction\":[{\"@type\":\"SearchAction\",\"target\":{\"@type\":\"EntryPoint\",\"urlTemplate\":\"https:\/\/now-news.de\/de\/?s={search_term_string}\"},\"query-input\":\"required name=search_term_string\"}],\"inLanguage\":\"de\"},{\"@type\":\"Organization\",\"@id\":\"https:\/\/now-news.de\/de\/#organization\",\"name\":\"Just Now News\",\"url\":\"https:\/\/now-news.de\/de\/\",\"logo\":{\"@type\":\"ImageObject\",\"inLanguage\":\"de\",\"@id\":\"https:\/\/now-news.de\/de\/#\/schema\/logo\/image\/\",\"url\":\"http:\/\/just-now.news\/de\/wp-content\/uploads\/sites\/3\/2022\/04\/logo500x500.jpg\",\"contentUrl\":\"http:\/\/just-now.news\/de\/wp-content\/uploads\/sites\/3\/2022\/04\/logo500x500.jpg\",\"width\":500,\"height\":500,\"caption\":\"Just Now News\"},\"image\":{\"@id\":\"https:\/\/now-news.de\/de\/#\/schema\/logo\/image\/\"},\"sameAs\":[\"https:\/\/www.facebook.com\/wirmachenauf\",\"https:\/\/x.com\/WirMachenAuf_de\"]},{\"@type\":\"Person\",\"@id\":\"https:\/\/now-news.de\/de\/#\/schema\/person\/fb534a4e865501d8b3285208df34a9b5\",\"name\":\"rtnews\",\"image\":{\"@type\":\"ImageObject\",\"inLanguage\":\"de\",\"@id\":\"https:\/\/now-news.de\/de\/#\/schema\/person\/image\/\",\"url\":\"https:\/\/secure.gravatar.com\/avatar\/82aafea7d8127119dd649515f56e2117?s=96&d=mm&r=g\",\"contentUrl\":\"https:\/\/secure.gravatar.com\/avatar\/82aafea7d8127119dd649515f56e2117?s=96&d=mm&r=g\",\"caption\":\"rtnews\"},\"url\":\"https:\/\/now-news.de\/de\/author\/rnews\/\"}]}<\/script>\n<!-- \/ Yoast SEO Premium plugin. -->","yoast_head_json":{"title":"Streik in Ecuador: Pr\u00e4sident Guillermo Lasso \u00fcbersteht Amtsenthebungsverfahren im Parlament - just-now.NEWS Deutschland","robots":{"index":"index","follow":"follow","max-snippet":"max-snippet:-1","max-image-preview":"max-image-preview:large","max-video-preview":"max-video-preview:-1"},"canonical":"https:\/\/now-news.de\/de\/deutschland\/streik-in-ecuador-praesident-guillermo-lasso-uebersteht-amtsenthebungsverfahren-im-parlament\/","og_locale":"de_DE","og_type":"article","og_title":"Streik in Ecuador: Pr\u00e4sident Guillermo Lasso \u00fcbersteht Amtsenthebungsverfahren im Parlament","og_description":"Der ecuadorianische Pr\u00e4sident Guillermo Lasso bleibt weiterhin im Amt. Vor dem Hintergrund der andauernden Massenproteste hat das Parlament in Quito am Dienstag keine erforderliche Zweidrittelmehrheit der Stimmen erreicht, um den Staats- und Regierungschef abzusetzen. Nach einer umfassenden Diskussion, die am Samstag begonnen hatte, stimmte die Nationalversammlung in der Nacht zum Mittwoch \u00fcber die Angelegenheit ab. [&hellip;]","og_url":"https:\/\/now-news.de\/de\/deutschland\/streik-in-ecuador-praesident-guillermo-lasso-uebersteht-amtsenthebungsverfahren-im-parlament\/","og_site_name":"just-now.NEWS Deutschland","article_publisher":"https:\/\/www.facebook.com\/wirmachenauf","article_published_time":"2022-06-29T13:52:05+00:00","og_image":[{"width":460,"height":259,"url":"https:\/\/now-news.de\/de\/wp-content\/uploads\/sites\/3\/2022\/06\/Streik-in-Ecuador-Praesident-Guillermo-Lasso-uebersteht-Amtsenthebungsverfahren-im-Parlament.jpg","type":"image\/jpeg"}],"author":"rtnews","twitter_card":"summary_large_image","twitter_creator":"@WirMachenAuf_de","twitter_site":"@WirMachenAuf_de","twitter_misc":{"Verfasst von":"rtnews","Gesch\u00e4tzte Lesezeit":"3\u00a0Minuten"},"schema":{"@context":"https:\/\/schema.org","@graph":[{"@type":"Article","@id":"https:\/\/now-news.de\/de\/deutschland\/streik-in-ecuador-praesident-guillermo-lasso-uebersteht-amtsenthebungsverfahren-im-parlament\/#article","isPartOf":{"@id":"https:\/\/now-news.de\/de\/deutschland\/streik-in-ecuador-praesident-guillermo-lasso-uebersteht-amtsenthebungsverfahren-im-parlament\/"},"author":{"name":"rtnews","@id":"https:\/\/now-news.de\/de\/#\/schema\/person\/fb534a4e865501d8b3285208df34a9b5"},"headline":"Streik in Ecuador: Pr\u00e4sident Guillermo Lasso \u00fcbersteht Amtsenthebungsverfahren im Parlament","datePublished":"2022-06-29T13:52:05+00:00","dateModified":"2022-06-29T13:52:05+00:00","mainEntityOfPage":{"@id":"https:\/\/now-news.de\/de\/deutschland\/streik-in-ecuador-praesident-guillermo-lasso-uebersteht-amtsenthebungsverfahren-im-parlament\/"},"wordCount":543,"commentCount":0,"publisher":{"@id":"https:\/\/now-news.de\/de\/#organization"},"image":{"@id":"https:\/\/now-news.de\/de\/deutschland\/streik-in-ecuador-praesident-guillermo-lasso-uebersteht-amtsenthebungsverfahren-im-parlament\/#primaryimage"},"thumbnailUrl":"https:\/\/now-news.de\/de\/wp-content\/uploads\/sites\/3\/2022\/06\/Streik-in-Ecuador-Praesident-Guillermo-Lasso-uebersteht-Amtsenthebungsverfahren-im-Parlament.jpg","keywords":["amtsenthebungsverfahren","Ecuador","Guillermo","Lasso","Parlament","Pr\u00e4sident","Streik","\u00fcbersteht"],"articleSection":["Deutschland","Russland"],"inLanguage":"de","potentialAction":[{"@type":"CommentAction","name":"Comment","target":["https:\/\/now-news.de\/de\/deutschland\/streik-in-ecuador-praesident-guillermo-lasso-uebersteht-amtsenthebungsverfahren-im-parlament\/#respond"]}]},{"@type":"WebPage","@id":"https:\/\/now-news.de\/de\/deutschland\/streik-in-ecuador-praesident-guillermo-lasso-uebersteht-amtsenthebungsverfahren-im-parlament\/","url":"https:\/\/now-news.de\/de\/deutschland\/streik-in-ecuador-praesident-guillermo-lasso-uebersteht-amtsenthebungsverfahren-im-parlament\/","name":"Streik in Ecuador: Pr\u00e4sident Guillermo Lasso \u00fcbersteht Amtsenthebungsverfahren im Parlament - just-now.NEWS Deutschland","isPartOf":{"@id":"https:\/\/now-news.de\/de\/#website"},"primaryImageOfPage":{"@id":"https:\/\/now-news.de\/de\/deutschland\/streik-in-ecuador-praesident-guillermo-lasso-uebersteht-amtsenthebungsverfahren-im-parlament\/#primaryimage"},"image":{"@id":"https:\/\/now-news.de\/de\/deutschland\/streik-in-ecuador-praesident-guillermo-lasso-uebersteht-amtsenthebungsverfahren-im-parlament\/#primaryimage"},"thumbnailUrl":"https:\/\/now-news.de\/de\/wp-content\/uploads\/sites\/3\/2022\/06\/Streik-in-Ecuador-Praesident-Guillermo-Lasso-uebersteht-Amtsenthebungsverfahren-im-Parlament.jpg","datePublished":"2022-06-29T13:52:05+00:00","dateModified":"2022-06-29T13:52:05+00:00","breadcrumb":{"@id":"https:\/\/now-news.de\/de\/deutschland\/streik-in-ecuador-praesident-guillermo-lasso-uebersteht-amtsenthebungsverfahren-im-parlament\/#breadcrumb"},"inLanguage":"de","potentialAction":[{"@type":"ReadAction","target":["https:\/\/now-news.de\/de\/deutschland\/streik-in-ecuador-praesident-guillermo-lasso-uebersteht-amtsenthebungsverfahren-im-parlament\/"]}]},{"@type":"ImageObject","inLanguage":"de","@id":"https:\/\/now-news.de\/de\/deutschland\/streik-in-ecuador-praesident-guillermo-lasso-uebersteht-amtsenthebungsverfahren-im-parlament\/#primaryimage","url":"https:\/\/now-news.de\/de\/wp-content\/uploads\/sites\/3\/2022\/06\/Streik-in-Ecuador-Praesident-Guillermo-Lasso-uebersteht-Amtsenthebungsverfahren-im-Parlament.jpg","contentUrl":"https:\/\/now-news.de\/de\/wp-content\/uploads\/sites\/3\/2022\/06\/Streik-in-Ecuador-Praesident-Guillermo-Lasso-uebersteht-Amtsenthebungsverfahren-im-Parlament.jpg","width":460,"height":259,"caption":"Streik in Ecuador: Pr\u00e4sident Guillermo Lasso \u00fcbersteht Amtsenthebungsverfahren im Parlament"},{"@type":"BreadcrumbList","@id":"https:\/\/now-news.de\/de\/deutschland\/streik-in-ecuador-praesident-guillermo-lasso-uebersteht-amtsenthebungsverfahren-im-parlament\/#breadcrumb","itemListElement":[{"@type":"ListItem","position":1,"name":"Home","item":"https:\/\/now-news.de\/de\/"},{"@type":"ListItem","position":2,"name":"Streik in Ecuador: Pr\u00e4sident Guillermo Lasso \u00fcbersteht Amtsenthebungsverfahren im Parlament"}]},{"@type":"WebSite","@id":"https:\/\/now-news.de\/de\/#website","url":"https:\/\/now-news.de\/de\/","name":"just-now.NEWS Deutschland","description":"Das Portal f\u00fcr unzensierte Nachrichten aus der Welt","publisher":{"@id":"https:\/\/now-news.de\/de\/#organization"},"potentialAction":[{"@type":"SearchAction","target":{"@type":"EntryPoint","urlTemplate":"https:\/\/now-news.de\/de\/?s={search_term_string}"},"query-input":"required name=search_term_string"}],"inLanguage":"de"},{"@type":"Organization","@id":"https:\/\/now-news.de\/de\/#organization","name":"Just Now News","url":"https:\/\/now-news.de\/de\/","logo":{"@type":"ImageObject","inLanguage":"de","@id":"https:\/\/now-news.de\/de\/#\/schema\/logo\/image\/","url":"http:\/\/just-now.news\/de\/wp-content\/uploads\/sites\/3\/2022\/04\/logo500x500.jpg","contentUrl":"http:\/\/just-now.news\/de\/wp-content\/uploads\/sites\/3\/2022\/04\/logo500x500.jpg","width":500,"height":500,"caption":"Just Now News"},"image":{"@id":"https:\/\/now-news.de\/de\/#\/schema\/logo\/image\/"},"sameAs":["https:\/\/www.facebook.com\/wirmachenauf","https:\/\/x.com\/WirMachenAuf_de"]},{"@type":"Person","@id":"https:\/\/now-news.de\/de\/#\/schema\/person\/fb534a4e865501d8b3285208df34a9b5","name":"rtnews","image":{"@type":"ImageObject","inLanguage":"de","@id":"https:\/\/now-news.de\/de\/#\/schema\/person\/image\/","url":"https:\/\/secure.gravatar.com\/avatar\/82aafea7d8127119dd649515f56e2117?s=96&d=mm&r=g","contentUrl":"https:\/\/secure.gravatar.com\/avatar\/82aafea7d8127119dd649515f56e2117?s=96&d=mm&r=g","caption":"rtnews"},"url":"https:\/\/now-news.de\/de\/author\/rnews\/"}]}},"_links":{"self":[{"href":"https:\/\/now-news.de\/de\/wp-json\/wp\/v2\/posts\/12269"}],"collection":[{"href":"https:\/\/now-news.de\/de\/wp-json\/wp\/v2\/posts"}],"about":[{"href":"https:\/\/now-news.de\/de\/wp-json\/wp\/v2\/types\/post"}],"author":[{"embeddable":true,"href":"https:\/\/now-news.de\/de\/wp-json\/wp\/v2\/users\/3"}],"replies":[{"embeddable":true,"href":"https:\/\/now-news.de\/de\/wp-json\/wp\/v2\/comments?post=12269"}],"version-history":[{"count":0,"href":"https:\/\/now-news.de\/de\/wp-json\/wp\/v2\/posts\/12269\/revisions"}],"wp:featuredmedia":[{"embeddable":true,"href":"https:\/\/now-news.de\/de\/wp-json\/wp\/v2\/media\/12270"}],"wp:attachment":[{"href":"https:\/\/now-news.de\/de\/wp-json\/wp\/v2\/media?parent=12269"}],"wp:term":[{"taxonomy":"category","embeddable":true,"href":"https:\/\/now-news.de\/de\/wp-json\/wp\/v2\/categories?post=12269"},{"taxonomy":"post_tag","embeddable":true,"href":"https:\/\/now-news.de\/de\/wp-json\/wp\/v2\/tags?post=12269"}],"curies":[{"name":"wp","href":"https:\/\/api.w.org\/{rel}","templated":true}]}}