{"id":12200,"date":"2022-06-28T21:55:26","date_gmt":"2022-06-28T19:55:26","guid":{"rendered":"http:\/\/just-now.news\/de\/deutschland\/wegen-spahn-und-corona-lauterbach-will-2023-erhoehung-der-krankenkassenbeitraege-um-03-prozent\/"},"modified":"2022-06-28T21:55:26","modified_gmt":"2022-06-28T19:55:26","slug":"wegen-spahn-und-corona-lauterbach-will-2023-erhoehung-der-krankenkassenbeitraege-um-03-prozent","status":"publish","type":"post","link":"https:\/\/now-news.de\/de\/deutschland\/wegen-spahn-und-corona-lauterbach-will-2023-erhoehung-der-krankenkassenbeitraege-um-03-prozent\/","title":{"rendered":"Wegen Spahn und Corona: Lauterbach will 2023 Erh\u00f6hung der Krankenkassenbeitr\u00e4ge um 0,3 Prozent"},"content":{"rendered":"<p><img decoding=\"async\" src=\"http:\/\/just-now.news\/de\/wp-content\/uploads\/sites\/3\/2022\/06\/62bb51bab480cc7fb455d1d5.jpg\" \/><\/p>\n<p data-speakable=\"\">Arbeitnehmer und -geber werden auch im n\u00e4chsten Jahr durch Vater Staat mehr belastet. Die Zusatzbeitr\u00e4ge f\u00fcr Krankenkassen sollen 2023 um 0,3 Prozentpunkte steigen. Das sagte Bundesgesundheitsminister Karl Lauterbach (SPD) am Dienstag in Berlin. Erst letztes Jahr war der durchschnittliche Zusatzbeitrag auf 1,3 Prozent gestiegen. Das war ein Anstieg von 0,2 Prozent im Vergleich zu 2020 gewesen.<\/p>\n<p data-speakable=\"\">Als Grund f\u00fcr die Erh\u00f6hung nannte Lauterbach ein Defizit von rund 17 Milliarden Euro, das der gesetzlichen Krankenversicherung drohe, sollten die Beitr\u00e4ge nicht angehoben werden. Leistungsk\u00fcrzungen werde es nicht geben.<\/p>\n<p data-speakable=\"\">F\u00fcr gesetzlich Krankenversicherte steigen damit die Kosten wieder ein ganzes St\u00fcck. Aktuell betr\u00e4gt der Satz f\u00fcr die Zusatzbeitr\u00e4ge 1,3 Prozent. Auf Twitter gab der Gesundheitsminister am Dienstag zum Besten:<\/p>\n<blockquote>\n<p data-speakable=\"\"><em>&#8220;Der Beitragssatz muss leider um 0,3 steigen. Das Defizit ist zu gro\u00df, 17 Mrd. \u20ac. Ein Erbe des Vorg\u00e4ngers, leider. Trotzdem bleibt es beim Versprechen, dass es keine Leistungsk\u00fcrzungen gibt. Den gr\u00f6\u00dften Solidarbeitrag leistet die Pharmaindustrie. Ihre Ums\u00e4tze stiegen sehr stark.&#8221;<\/em><\/p>\n<\/blockquote>\n<div class=\"EmbedBlock-root EmbedBlock-twitter\">\n<div class=\"TwitterEmbed\">\n<blockquote class=\"twitter-tweet lazyload\" data-twitter=\"twitter-tweet\">\n<p lang=\"de\" dir=\"ltr\">Lieber Karl, fr\u00fcher wussten Sozialdemokraten noch, dass Versicherungsbeitr\u00e4ge auf die Lohnsumme entfallen. Es ist daher keine Solidarit\u00e4t der Pharmaindustrie (wie Du schreibst) sondern der Kuchen, den Millionen Besch\u00e4ftigte backen! Die Pharmaindustrie kassiert! Oft zu viel! <a rel=\"nofollow noopener\" target=\"_blank\" href=\"https:\/\/t.co\/262JuyI0BO\">https:\/\/t.co\/262JuyI0BO<\/a><\/p>\n<p>\u2014 Fabio De Masi ???? (@FabioDeMasi) <a rel=\"nofollow noopener\" target=\"_blank\" href=\"https:\/\/twitter.com\/FabioDeMasi\/status\/1541801047542435840?ref_src=twsrc%5Etfw\">June 28, 2022<\/a><\/p><\/blockquote><\/div><\/div>\n<p data-speakable=\"\">Die Anhebung der Zusatzbeitr\u00e4ge soll dem Steuers\u00e4ckel zwischen 4,8 und f\u00fcnf Milliarden Euro einbringen. Zur Deckung des hausgemachten Defizits solle zudem ein erh\u00f6hter Zuschuss in H\u00f6he von zwei Milliarden Euro aus anderen Steuergeldern wie einem Darlehen des Bundes in H\u00f6he von einer Milliarde Euro beitragen.<\/p>\n<p data-speakable=\"\">Auch andere Finanzquellen will Lauterbach anzapfen. So seien sowohl beim Gesundheitsfonds als auch bei den Einzelkassen noch Reserven vorhanden.<\/p>\n<p data-speakable=\"\">Der durchschnittliche Zusatzbeitrag wird im Herbst endg\u00fcltig festgelegt. Lauterbach teilte mit, \u00fcber die geplante Finanzierung des Milliardenlochs der Krankenversicherung habe er lange mit Bundesfinanzminister Christian Lindner (FDP) verhandelt \u2013 der am Ende offenbar doch gr\u00fcnes Licht gab.<\/p>\n<p data-speakable=\"\">Lauterbach \u00fcbte Kritik an seinem Vorg\u00e4nger Jens Spahn (CDU). Der SPD-Mann sagte:<\/p>\n<blockquote>\n<p data-speakable=\"\"><em>&#8220;Die Bundesregierung hat die Finanzen der gesetzlichen Krankenkassen in einem sehr schwierigen Zustand vorgefunden. (&#8230;) Ich habe dieses Defizit im Wesentlichen von meinem Vorg\u00e4nger geerbt.&#8221;<\/em><\/p>\n<\/blockquote>\n<p data-speakable=\"\">Lauterbach meint, dieser habe &#8220;teure Leistungsreformen&#8221; durchgef\u00fchrt und von Strukturreformen Abstand genommen. So sei das enorme Defizit w\u00e4hrend der sowieso teuren Corona-Situation entstanden.<\/p>\n<p data-speakable=\"\"><strong>Mehr zum Thema<\/strong> &#8211; <a rel=\"nofollow noopener\" target=\"_blank\" href=\"https:\/\/de.rt.com\/kurzclips\/video\/141365-herr-lauterbach-verschwinden-sie-einfach\/\">&#8220;Herr Lauterbach, verschwinden Sie einfach!&#8221; \u2013 Rostock empf\u00e4ngt Gesundheitsminister<\/a><\/p>\n<p><script async src=\"https:\/\/platform.twitter.com\/widgets.js\" charset=\"utf-8\"><\/script><br \/>\n<br \/><br \/>\n<br \/><a href=\"https:\/\/de.rt.com\/inland\/142178-wegen-spahn-und-corona-lauterbach-will-erhoehung-der-krankenkassenbeitraege\/\">Source link <\/a><\/p>\n","protected":false},"excerpt":{"rendered":"<p>Arbeitnehmer und -geber werden auch im n\u00e4chsten Jahr durch Vater Staat mehr belastet. Die Zusatzbeitr\u00e4ge f\u00fcr Krankenkassen sollen 2023 um 0,3 Prozentpunkte steigen. Das sagte Bundesgesundheitsminister Karl Lauterbach (SPD) am Dienstag in Berlin. Erst letztes Jahr war der durchschnittliche Zusatzbeitrag auf 1,3 Prozent gestiegen. Das war ein Anstieg von 0,2 Prozent im Vergleich zu 2020 [&hellip;]<\/p>\n","protected":false},"author":3,"featured_media":12201,"comment_status":"open","ping_status":"open","sticky":false,"template":"","format":"standard","meta":{"wp_automatic_camp":["217"],"fdc474bf598e0ea1af631e03f379b0e6":["Wegen Spahn und Corona: Lauterbach will 2023 Erh\u00f6hung der Krankenkassenbeitr\u00e4ge um 0,3 Prozent"],"original_link":["https:\/\/de.rt.com\/inland\/142178-wegen-spahn-und-corona-lauterbach-will-erhoehung-der-krankenkassenbeitraege\/"],"_thumbnail_id":["12201"],"_wptg_p2tg_sent2tg":["2022-06-28 21:58:53"],"jnews_social_counter_last_update":["1777462533"]},"categories":[19,23],"tags":[124,82,18641,26092,1748,1429,16405,140,145],"yoast_head":"<!-- This site is optimized with the Yoast SEO Premium plugin v22.7 (Yoast SEO v22.7) - https:\/\/yoast.com\/wordpress\/plugins\/seo\/ -->\n<title>Wegen Spahn und Corona: Lauterbach will 2023 Erh\u00f6hung der Krankenkassenbeitr\u00e4ge um 0,3 Prozent - just-now.NEWS Deutschland<\/title>\n<meta name=\"robots\" content=\"index, follow, max-snippet:-1, max-image-preview:large, max-video-preview:-1\" \/>\n<link rel=\"canonical\" href=\"https:\/\/now-news.de\/de\/deutschland\/wegen-spahn-und-corona-lauterbach-will-2023-erhoehung-der-krankenkassenbeitraege-um-03-prozent\/\" \/>\n<meta property=\"og:locale\" content=\"de_DE\" \/>\n<meta property=\"og:type\" content=\"article\" \/>\n<meta property=\"og:title\" content=\"Wegen Spahn und Corona: Lauterbach will 2023 Erh\u00f6hung der Krankenkassenbeitr\u00e4ge um 0,3 Prozent\" \/>\n<meta property=\"og:description\" content=\"Arbeitnehmer und -geber werden auch im n\u00e4chsten Jahr durch Vater Staat mehr belastet. Die Zusatzbeitr\u00e4ge f\u00fcr Krankenkassen sollen 2023 um 0,3 Prozentpunkte steigen. Das sagte Bundesgesundheitsminister Karl Lauterbach (SPD) am Dienstag in Berlin. Erst letztes Jahr war der durchschnittliche Zusatzbeitrag auf 1,3 Prozent gestiegen. Das war ein Anstieg von 0,2 Prozent im Vergleich zu 2020 [&hellip;]\" \/>\n<meta property=\"og:url\" content=\"https:\/\/now-news.de\/de\/deutschland\/wegen-spahn-und-corona-lauterbach-will-2023-erhoehung-der-krankenkassenbeitraege-um-03-prozent\/\" \/>\n<meta property=\"og:site_name\" content=\"just-now.NEWS Deutschland\" \/>\n<meta property=\"article:publisher\" content=\"https:\/\/www.facebook.com\/wirmachenauf\" \/>\n<meta property=\"article:published_time\" content=\"2022-06-28T19:55:26+00:00\" \/>\n<meta property=\"og:image\" content=\"https:\/\/now-news.de\/de\/wp-content\/uploads\/sites\/3\/2022\/06\/Wegen-Spahn-und-Corona-Lauterbach-will-2023-Erhoehung-der-Krankenkassenbeitraege.jpg\" \/>\n\t<meta property=\"og:image:width\" content=\"460\" \/>\n\t<meta property=\"og:image:height\" content=\"259\" \/>\n\t<meta property=\"og:image:type\" content=\"image\/jpeg\" \/>\n<meta name=\"author\" content=\"rtnews\" \/>\n<meta name=\"twitter:card\" content=\"summary_large_image\" \/>\n<meta name=\"twitter:creator\" content=\"@WirMachenAuf_de\" \/>\n<meta name=\"twitter:site\" content=\"@WirMachenAuf_de\" \/>\n<meta name=\"twitter:label1\" content=\"Verfasst von\" \/>\n\t<meta name=\"twitter:data1\" content=\"rtnews\" \/>\n\t<meta name=\"twitter:label2\" content=\"Gesch\u00e4tzte Lesezeit\" \/>\n\t<meta name=\"twitter:data2\" content=\"2\u00a0Minuten\" \/>\n<script type=\"application\/ld+json\" class=\"yoast-schema-graph\">{\"@context\":\"https:\/\/schema.org\",\"@graph\":[{\"@type\":\"Article\",\"@id\":\"https:\/\/now-news.de\/de\/deutschland\/wegen-spahn-und-corona-lauterbach-will-2023-erhoehung-der-krankenkassenbeitraege-um-03-prozent\/#article\",\"isPartOf\":{\"@id\":\"https:\/\/now-news.de\/de\/deutschland\/wegen-spahn-und-corona-lauterbach-will-2023-erhoehung-der-krankenkassenbeitraege-um-03-prozent\/\"},\"author\":{\"name\":\"rtnews\",\"@id\":\"https:\/\/now-news.de\/de\/#\/schema\/person\/fb534a4e865501d8b3285208df34a9b5\"},\"headline\":\"Wegen Spahn und Corona: Lauterbach will 2023 Erh\u00f6hung der Krankenkassenbeitr\u00e4ge um 0,3 Prozent\",\"datePublished\":\"2022-06-28T19:55:26+00:00\",\"dateModified\":\"2022-06-28T19:55:26+00:00\",\"mainEntityOfPage\":{\"@id\":\"https:\/\/now-news.de\/de\/deutschland\/wegen-spahn-und-corona-lauterbach-will-2023-erhoehung-der-krankenkassenbeitraege-um-03-prozent\/\"},\"wordCount\":410,\"commentCount\":0,\"publisher\":{\"@id\":\"https:\/\/now-news.de\/de\/#organization\"},\"image\":{\"@id\":\"https:\/\/now-news.de\/de\/deutschland\/wegen-spahn-und-corona-lauterbach-will-2023-erhoehung-der-krankenkassenbeitraege-um-03-prozent\/#primaryimage\"},\"thumbnailUrl\":\"https:\/\/now-news.de\/de\/wp-content\/uploads\/sites\/3\/2022\/06\/Wegen-Spahn-und-Corona-Lauterbach-will-2023-Erhoehung-der-Krankenkassenbeitraege.jpg\",\"keywords\":[\"corona\",\"der\",\"Erh\u00f6hung\",\"Krankenkassenbeitr\u00e4ge\",\"Lauterbach\",\"Prozent\",\"spahn\",\"und\",\"wegen\"],\"articleSection\":[\"Deutschland\",\"Russland\"],\"inLanguage\":\"de\",\"potentialAction\":[{\"@type\":\"CommentAction\",\"name\":\"Comment\",\"target\":[\"https:\/\/now-news.de\/de\/deutschland\/wegen-spahn-und-corona-lauterbach-will-2023-erhoehung-der-krankenkassenbeitraege-um-03-prozent\/#respond\"]}]},{\"@type\":\"WebPage\",\"@id\":\"https:\/\/now-news.de\/de\/deutschland\/wegen-spahn-und-corona-lauterbach-will-2023-erhoehung-der-krankenkassenbeitraege-um-03-prozent\/\",\"url\":\"https:\/\/now-news.de\/de\/deutschland\/wegen-spahn-und-corona-lauterbach-will-2023-erhoehung-der-krankenkassenbeitraege-um-03-prozent\/\",\"name\":\"Wegen Spahn und Corona: Lauterbach will 2023 Erh\u00f6hung der Krankenkassenbeitr\u00e4ge um 0,3 Prozent - just-now.NEWS Deutschland\",\"isPartOf\":{\"@id\":\"https:\/\/now-news.de\/de\/#website\"},\"primaryImageOfPage\":{\"@id\":\"https:\/\/now-news.de\/de\/deutschland\/wegen-spahn-und-corona-lauterbach-will-2023-erhoehung-der-krankenkassenbeitraege-um-03-prozent\/#primaryimage\"},\"image\":{\"@id\":\"https:\/\/now-news.de\/de\/deutschland\/wegen-spahn-und-corona-lauterbach-will-2023-erhoehung-der-krankenkassenbeitraege-um-03-prozent\/#primaryimage\"},\"thumbnailUrl\":\"https:\/\/now-news.de\/de\/wp-content\/uploads\/sites\/3\/2022\/06\/Wegen-Spahn-und-Corona-Lauterbach-will-2023-Erhoehung-der-Krankenkassenbeitraege.jpg\",\"datePublished\":\"2022-06-28T19:55:26+00:00\",\"dateModified\":\"2022-06-28T19:55:26+00:00\",\"breadcrumb\":{\"@id\":\"https:\/\/now-news.de\/de\/deutschland\/wegen-spahn-und-corona-lauterbach-will-2023-erhoehung-der-krankenkassenbeitraege-um-03-prozent\/#breadcrumb\"},\"inLanguage\":\"de\",\"potentialAction\":[{\"@type\":\"ReadAction\",\"target\":[\"https:\/\/now-news.de\/de\/deutschland\/wegen-spahn-und-corona-lauterbach-will-2023-erhoehung-der-krankenkassenbeitraege-um-03-prozent\/\"]}]},{\"@type\":\"ImageObject\",\"inLanguage\":\"de\",\"@id\":\"https:\/\/now-news.de\/de\/deutschland\/wegen-spahn-und-corona-lauterbach-will-2023-erhoehung-der-krankenkassenbeitraege-um-03-prozent\/#primaryimage\",\"url\":\"https:\/\/now-news.de\/de\/wp-content\/uploads\/sites\/3\/2022\/06\/Wegen-Spahn-und-Corona-Lauterbach-will-2023-Erhoehung-der-Krankenkassenbeitraege.jpg\",\"contentUrl\":\"https:\/\/now-news.de\/de\/wp-content\/uploads\/sites\/3\/2022\/06\/Wegen-Spahn-und-Corona-Lauterbach-will-2023-Erhoehung-der-Krankenkassenbeitraege.jpg\",\"width\":460,\"height\":259,\"caption\":\"Wegen Spahn und Corona: Lauterbach will 2023 Erh\u00f6hung der Krankenkassenbeitr\u00e4ge um 0,3 Prozent\"},{\"@type\":\"BreadcrumbList\",\"@id\":\"https:\/\/now-news.de\/de\/deutschland\/wegen-spahn-und-corona-lauterbach-will-2023-erhoehung-der-krankenkassenbeitraege-um-03-prozent\/#breadcrumb\",\"itemListElement\":[{\"@type\":\"ListItem\",\"position\":1,\"name\":\"Home\",\"item\":\"https:\/\/now-news.de\/de\/\"},{\"@type\":\"ListItem\",\"position\":2,\"name\":\"Wegen Spahn und Corona: Lauterbach will 2023 Erh\u00f6hung der Krankenkassenbeitr\u00e4ge um 0,3 Prozent\"}]},{\"@type\":\"WebSite\",\"@id\":\"https:\/\/now-news.de\/de\/#website\",\"url\":\"https:\/\/now-news.de\/de\/\",\"name\":\"just-now.NEWS Deutschland\",\"description\":\"Das Portal f\u00fcr unzensierte Nachrichten aus der Welt\",\"publisher\":{\"@id\":\"https:\/\/now-news.de\/de\/#organization\"},\"potentialAction\":[{\"@type\":\"SearchAction\",\"target\":{\"@type\":\"EntryPoint\",\"urlTemplate\":\"https:\/\/now-news.de\/de\/?s={search_term_string}\"},\"query-input\":\"required name=search_term_string\"}],\"inLanguage\":\"de\"},{\"@type\":\"Organization\",\"@id\":\"https:\/\/now-news.de\/de\/#organization\",\"name\":\"Just Now News\",\"url\":\"https:\/\/now-news.de\/de\/\",\"logo\":{\"@type\":\"ImageObject\",\"inLanguage\":\"de\",\"@id\":\"https:\/\/now-news.de\/de\/#\/schema\/logo\/image\/\",\"url\":\"http:\/\/just-now.news\/de\/wp-content\/uploads\/sites\/3\/2022\/04\/logo500x500.jpg\",\"contentUrl\":\"http:\/\/just-now.news\/de\/wp-content\/uploads\/sites\/3\/2022\/04\/logo500x500.jpg\",\"width\":500,\"height\":500,\"caption\":\"Just Now News\"},\"image\":{\"@id\":\"https:\/\/now-news.de\/de\/#\/schema\/logo\/image\/\"},\"sameAs\":[\"https:\/\/www.facebook.com\/wirmachenauf\",\"https:\/\/x.com\/WirMachenAuf_de\"]},{\"@type\":\"Person\",\"@id\":\"https:\/\/now-news.de\/de\/#\/schema\/person\/fb534a4e865501d8b3285208df34a9b5\",\"name\":\"rtnews\",\"image\":{\"@type\":\"ImageObject\",\"inLanguage\":\"de\",\"@id\":\"https:\/\/now-news.de\/de\/#\/schema\/person\/image\/\",\"url\":\"https:\/\/secure.gravatar.com\/avatar\/82aafea7d8127119dd649515f56e2117?s=96&d=mm&r=g\",\"contentUrl\":\"https:\/\/secure.gravatar.com\/avatar\/82aafea7d8127119dd649515f56e2117?s=96&d=mm&r=g\",\"caption\":\"rtnews\"},\"url\":\"https:\/\/now-news.de\/de\/author\/rnews\/\"}]}<\/script>\n<!-- \/ Yoast SEO Premium plugin. -->","yoast_head_json":{"title":"Wegen Spahn und Corona: Lauterbach will 2023 Erh\u00f6hung der Krankenkassenbeitr\u00e4ge um 0,3 Prozent - just-now.NEWS Deutschland","robots":{"index":"index","follow":"follow","max-snippet":"max-snippet:-1","max-image-preview":"max-image-preview:large","max-video-preview":"max-video-preview:-1"},"canonical":"https:\/\/now-news.de\/de\/deutschland\/wegen-spahn-und-corona-lauterbach-will-2023-erhoehung-der-krankenkassenbeitraege-um-03-prozent\/","og_locale":"de_DE","og_type":"article","og_title":"Wegen Spahn und Corona: Lauterbach will 2023 Erh\u00f6hung der Krankenkassenbeitr\u00e4ge um 0,3 Prozent","og_description":"Arbeitnehmer und -geber werden auch im n\u00e4chsten Jahr durch Vater Staat mehr belastet. Die Zusatzbeitr\u00e4ge f\u00fcr Krankenkassen sollen 2023 um 0,3 Prozentpunkte steigen. Das sagte Bundesgesundheitsminister Karl Lauterbach (SPD) am Dienstag in Berlin. Erst letztes Jahr war der durchschnittliche Zusatzbeitrag auf 1,3 Prozent gestiegen. Das war ein Anstieg von 0,2 Prozent im Vergleich zu 2020 [&hellip;]","og_url":"https:\/\/now-news.de\/de\/deutschland\/wegen-spahn-und-corona-lauterbach-will-2023-erhoehung-der-krankenkassenbeitraege-um-03-prozent\/","og_site_name":"just-now.NEWS Deutschland","article_publisher":"https:\/\/www.facebook.com\/wirmachenauf","article_published_time":"2022-06-28T19:55:26+00:00","og_image":[{"width":460,"height":259,"url":"https:\/\/now-news.de\/de\/wp-content\/uploads\/sites\/3\/2022\/06\/Wegen-Spahn-und-Corona-Lauterbach-will-2023-Erhoehung-der-Krankenkassenbeitraege.jpg","type":"image\/jpeg"}],"author":"rtnews","twitter_card":"summary_large_image","twitter_creator":"@WirMachenAuf_de","twitter_site":"@WirMachenAuf_de","twitter_misc":{"Verfasst von":"rtnews","Gesch\u00e4tzte Lesezeit":"2\u00a0Minuten"},"schema":{"@context":"https:\/\/schema.org","@graph":[{"@type":"Article","@id":"https:\/\/now-news.de\/de\/deutschland\/wegen-spahn-und-corona-lauterbach-will-2023-erhoehung-der-krankenkassenbeitraege-um-03-prozent\/#article","isPartOf":{"@id":"https:\/\/now-news.de\/de\/deutschland\/wegen-spahn-und-corona-lauterbach-will-2023-erhoehung-der-krankenkassenbeitraege-um-03-prozent\/"},"author":{"name":"rtnews","@id":"https:\/\/now-news.de\/de\/#\/schema\/person\/fb534a4e865501d8b3285208df34a9b5"},"headline":"Wegen Spahn und Corona: Lauterbach will 2023 Erh\u00f6hung der Krankenkassenbeitr\u00e4ge um 0,3 Prozent","datePublished":"2022-06-28T19:55:26+00:00","dateModified":"2022-06-28T19:55:26+00:00","mainEntityOfPage":{"@id":"https:\/\/now-news.de\/de\/deutschland\/wegen-spahn-und-corona-lauterbach-will-2023-erhoehung-der-krankenkassenbeitraege-um-03-prozent\/"},"wordCount":410,"commentCount":0,"publisher":{"@id":"https:\/\/now-news.de\/de\/#organization"},"image":{"@id":"https:\/\/now-news.de\/de\/deutschland\/wegen-spahn-und-corona-lauterbach-will-2023-erhoehung-der-krankenkassenbeitraege-um-03-prozent\/#primaryimage"},"thumbnailUrl":"https:\/\/now-news.de\/de\/wp-content\/uploads\/sites\/3\/2022\/06\/Wegen-Spahn-und-Corona-Lauterbach-will-2023-Erhoehung-der-Krankenkassenbeitraege.jpg","keywords":["corona","der","Erh\u00f6hung","Krankenkassenbeitr\u00e4ge","Lauterbach","Prozent","spahn","und","wegen"],"articleSection":["Deutschland","Russland"],"inLanguage":"de","potentialAction":[{"@type":"CommentAction","name":"Comment","target":["https:\/\/now-news.de\/de\/deutschland\/wegen-spahn-und-corona-lauterbach-will-2023-erhoehung-der-krankenkassenbeitraege-um-03-prozent\/#respond"]}]},{"@type":"WebPage","@id":"https:\/\/now-news.de\/de\/deutschland\/wegen-spahn-und-corona-lauterbach-will-2023-erhoehung-der-krankenkassenbeitraege-um-03-prozent\/","url":"https:\/\/now-news.de\/de\/deutschland\/wegen-spahn-und-corona-lauterbach-will-2023-erhoehung-der-krankenkassenbeitraege-um-03-prozent\/","name":"Wegen Spahn und Corona: Lauterbach will 2023 Erh\u00f6hung der Krankenkassenbeitr\u00e4ge um 0,3 Prozent - just-now.NEWS Deutschland","isPartOf":{"@id":"https:\/\/now-news.de\/de\/#website"},"primaryImageOfPage":{"@id":"https:\/\/now-news.de\/de\/deutschland\/wegen-spahn-und-corona-lauterbach-will-2023-erhoehung-der-krankenkassenbeitraege-um-03-prozent\/#primaryimage"},"image":{"@id":"https:\/\/now-news.de\/de\/deutschland\/wegen-spahn-und-corona-lauterbach-will-2023-erhoehung-der-krankenkassenbeitraege-um-03-prozent\/#primaryimage"},"thumbnailUrl":"https:\/\/now-news.de\/de\/wp-content\/uploads\/sites\/3\/2022\/06\/Wegen-Spahn-und-Corona-Lauterbach-will-2023-Erhoehung-der-Krankenkassenbeitraege.jpg","datePublished":"2022-06-28T19:55:26+00:00","dateModified":"2022-06-28T19:55:26+00:00","breadcrumb":{"@id":"https:\/\/now-news.de\/de\/deutschland\/wegen-spahn-und-corona-lauterbach-will-2023-erhoehung-der-krankenkassenbeitraege-um-03-prozent\/#breadcrumb"},"inLanguage":"de","potentialAction":[{"@type":"ReadAction","target":["https:\/\/now-news.de\/de\/deutschland\/wegen-spahn-und-corona-lauterbach-will-2023-erhoehung-der-krankenkassenbeitraege-um-03-prozent\/"]}]},{"@type":"ImageObject","inLanguage":"de","@id":"https:\/\/now-news.de\/de\/deutschland\/wegen-spahn-und-corona-lauterbach-will-2023-erhoehung-der-krankenkassenbeitraege-um-03-prozent\/#primaryimage","url":"https:\/\/now-news.de\/de\/wp-content\/uploads\/sites\/3\/2022\/06\/Wegen-Spahn-und-Corona-Lauterbach-will-2023-Erhoehung-der-Krankenkassenbeitraege.jpg","contentUrl":"https:\/\/now-news.de\/de\/wp-content\/uploads\/sites\/3\/2022\/06\/Wegen-Spahn-und-Corona-Lauterbach-will-2023-Erhoehung-der-Krankenkassenbeitraege.jpg","width":460,"height":259,"caption":"Wegen Spahn und Corona: Lauterbach will 2023 Erh\u00f6hung der Krankenkassenbeitr\u00e4ge um 0,3 Prozent"},{"@type":"BreadcrumbList","@id":"https:\/\/now-news.de\/de\/deutschland\/wegen-spahn-und-corona-lauterbach-will-2023-erhoehung-der-krankenkassenbeitraege-um-03-prozent\/#breadcrumb","itemListElement":[{"@type":"ListItem","position":1,"name":"Home","item":"https:\/\/now-news.de\/de\/"},{"@type":"ListItem","position":2,"name":"Wegen Spahn und Corona: Lauterbach will 2023 Erh\u00f6hung der Krankenkassenbeitr\u00e4ge um 0,3 Prozent"}]},{"@type":"WebSite","@id":"https:\/\/now-news.de\/de\/#website","url":"https:\/\/now-news.de\/de\/","name":"just-now.NEWS Deutschland","description":"Das Portal f\u00fcr unzensierte Nachrichten aus der Welt","publisher":{"@id":"https:\/\/now-news.de\/de\/#organization"},"potentialAction":[{"@type":"SearchAction","target":{"@type":"EntryPoint","urlTemplate":"https:\/\/now-news.de\/de\/?s={search_term_string}"},"query-input":"required name=search_term_string"}],"inLanguage":"de"},{"@type":"Organization","@id":"https:\/\/now-news.de\/de\/#organization","name":"Just Now News","url":"https:\/\/now-news.de\/de\/","logo":{"@type":"ImageObject","inLanguage":"de","@id":"https:\/\/now-news.de\/de\/#\/schema\/logo\/image\/","url":"http:\/\/just-now.news\/de\/wp-content\/uploads\/sites\/3\/2022\/04\/logo500x500.jpg","contentUrl":"http:\/\/just-now.news\/de\/wp-content\/uploads\/sites\/3\/2022\/04\/logo500x500.jpg","width":500,"height":500,"caption":"Just Now News"},"image":{"@id":"https:\/\/now-news.de\/de\/#\/schema\/logo\/image\/"},"sameAs":["https:\/\/www.facebook.com\/wirmachenauf","https:\/\/x.com\/WirMachenAuf_de"]},{"@type":"Person","@id":"https:\/\/now-news.de\/de\/#\/schema\/person\/fb534a4e865501d8b3285208df34a9b5","name":"rtnews","image":{"@type":"ImageObject","inLanguage":"de","@id":"https:\/\/now-news.de\/de\/#\/schema\/person\/image\/","url":"https:\/\/secure.gravatar.com\/avatar\/82aafea7d8127119dd649515f56e2117?s=96&d=mm&r=g","contentUrl":"https:\/\/secure.gravatar.com\/avatar\/82aafea7d8127119dd649515f56e2117?s=96&d=mm&r=g","caption":"rtnews"},"url":"https:\/\/now-news.de\/de\/author\/rnews\/"}]}},"_links":{"self":[{"href":"https:\/\/now-news.de\/de\/wp-json\/wp\/v2\/posts\/12200"}],"collection":[{"href":"https:\/\/now-news.de\/de\/wp-json\/wp\/v2\/posts"}],"about":[{"href":"https:\/\/now-news.de\/de\/wp-json\/wp\/v2\/types\/post"}],"author":[{"embeddable":true,"href":"https:\/\/now-news.de\/de\/wp-json\/wp\/v2\/users\/3"}],"replies":[{"embeddable":true,"href":"https:\/\/now-news.de\/de\/wp-json\/wp\/v2\/comments?post=12200"}],"version-history":[{"count":0,"href":"https:\/\/now-news.de\/de\/wp-json\/wp\/v2\/posts\/12200\/revisions"}],"wp:featuredmedia":[{"embeddable":true,"href":"https:\/\/now-news.de\/de\/wp-json\/wp\/v2\/media\/12201"}],"wp:attachment":[{"href":"https:\/\/now-news.de\/de\/wp-json\/wp\/v2\/media?parent=12200"}],"wp:term":[{"taxonomy":"category","embeddable":true,"href":"https:\/\/now-news.de\/de\/wp-json\/wp\/v2\/categories?post=12200"},{"taxonomy":"post_tag","embeddable":true,"href":"https:\/\/now-news.de\/de\/wp-json\/wp\/v2\/tags?post=12200"}],"curies":[{"name":"wp","href":"https:\/\/api.w.org\/{rel}","templated":true}]}}