{"id":12161,"date":"2022-06-28T14:35:36","date_gmt":"2022-06-28T12:35:36","guid":{"rendered":"http:\/\/just-now.news\/de\/deutschland\/bundesregierung-will-einrichtungsbezogene-impfpflicht-ueber-das-jahresende-2022-verlaengern\/"},"modified":"2022-06-28T14:35:36","modified_gmt":"2022-06-28T12:35:36","slug":"bundesregierung-will-einrichtungsbezogene-impfpflicht-ueber-das-jahresende-2022-verlaengern","status":"publish","type":"post","link":"https:\/\/now-news.de\/de\/deutschland\/bundesregierung-will-einrichtungsbezogene-impfpflicht-ueber-das-jahresende-2022-verlaengern\/","title":{"rendered":"Bundesregierung will einrichtungsbezogene Impfpflicht \u00fcber das Jahresende 2022 verl\u00e4ngern"},"content":{"rendered":"<p><img decoding=\"async\" src=\"http:\/\/just-now.news\/de\/wp-content\/uploads\/sites\/3\/2022\/06\/62ba9f2448fbef324732b8dc.jpg\" \/><\/p>\n<div class=\"Text-root Text-type_1 \">\n                Die Bundesregierung erw\u00e4gt eine Fortf\u00fchrung der sogenannten einrichtungsbezogenen Impfpflicht \u00fcber das Jahresende 2022 hinaus. Problematische Versorgungsengp\u00e4sse infolge der Verordnung seien nicht bekannt. Es gebe derzeit keinen Anlass, die einrichtungsbezogene Impfpflicht auszusetzen.\n            <\/div>\n<p><\/p>\n<div class=\"Text-root Text-type_5 ArticleView-text ViewText-root \">\n<p>Auf der Webseite des\u00a0Deutschen Bundestages <a rel=\"nofollow noopener\" target=\"_blank\" href=\"https:\/\/www.bundestag.de\/presse\/hib\/kurzmeldungen-901182\">hie\u00df<\/a>\u00a0es am Montag in einer Kurzmeldung, dass die Bundesregierung derzeit eine &#8220;Fortsetzung der Sektor-Impfpflicht&#8221; pr\u00fcfe. Im Rahmen dieser Meldung wurde zudem \u00fcber die statistisch erhobene Impfquote bei medizinischem Personal in Deutschland informiert. Die Ver\u00f6ffentlichung erfolgte\u00a0als Reaktion auf eine &#8220;Kleine Anfrage (<a rel=\"nofollow noopener\" target=\"_blank\" href=\"https:\/\/dserver.bundestag.de\/btd\/20\/019\/2001965.pdf\"><em><\/em>20\/1965<\/a>) der CDU\/CSU-Fraktion&#8221;. Die Anfrage bezog sich auf die Kl\u00e4rung: &#8220;Kenntnisstand der Bundesregierung \u00fcber Umsetzungsstand und Wirkungsweise der einrichtungsbezogenen Impfpflicht.&#8221;<\/p>\n<p>Die Bundesregierung sieht weiterhin &#8220;die L\u00e4nder in eigener Zust\u00e4ndigkeit verantwortlich&#8221;, die politischen Verordnungsvorgaben im Rahmen des weiterhin g\u00fcltigen Infektionsschutzgesetzes (IfSG) umzusetzen. So hei\u00dft es zum Thema der Kontrolle:<\/p>\n<blockquote>\n<p><em>&#8220;Die L\u00e4nder haben inzwischen Ma\u00dfnahmen zur Umsetzung der einrichtungsbezogenen Impfpflicht festgelegt, insbesondere im Hinblick auf das Vorgehen zur Meldung von ungeimpften Mitarbeitenden, die Durchf\u00fchrung von Anh\u00f6rungen und die Ermessensaus\u00fcbung bei der Verh\u00e4ngung von Betretungs- und T\u00e4tigkeitsverboten.&#8221;<\/em><\/p>\n<\/blockquote>\n<p>Zu der Frage, wie\u00a0die Bundesregierung aktuell die Forderung &#8220;des Bundesverbandes privater Anbieter sozialer Dienste vom 2. Mai 2022, die einrichtungsbezogene Impfpflicht auf den Pr\u00fcfstand zu stellen&#8221;, beurteile, lautet die Antwort:<\/p>\n<blockquote>\n<p><em>&#8220;Die Vorschrift des \u00a7 20a IfSG wird gem\u00e4\u00df \u00a7 5 Absatz 9 IfSG von einer unabh\u00e4ngigen Sachverst\u00e4ndigenkommission evaluiert.&#8221;<\/em><\/p>\n<\/blockquote>\n<p>Des Weiteren\u00a0forderte laut den Fragestellern der Fraktion der CDU\/CSU die Deutsche Krankenhausgesellschaft\u00a0am 25. April 2022, &#8220;die einrichtungsbezogene Impfpflicht sofort auszusetzen&#8221;. Die Antwort\u00a0der Bundesregierung darauf lautet:<\/p>\n<blockquote>\n<p><em>&#8220;Auch vor dem Hintergrund des Beschlusses des Bundesverfassungsgerichts (BVerfG) vom 27. April 2022 (1 BvR 2649\/21) sieht die Bundesregierung derzeit keinen Anlass, die einrichtungsbezogene Impfpflicht auszusetzen.&#8221;<\/em><\/p>\n<\/blockquote>\n<p>Zum Themenkomplex der Erfassung einer unmittelbaren Auswirkung der einrichtungsbezogenen Impfpflicht, ob die Bundesregierung &#8220;aus eigener Initiative konkrete wissenschaftliche Erhebungen in Auftrag gegeben und\/oder in anderer Weise unabh\u00e4ngige Experten beauftragt, um die Effekte der einrichtungsbezogenen Impfpflicht fortlaufend zu erfassen und evaluieren zu lassen&#8221;, wird in der Regierungsantwort lediglich auf die zuvor erfolgte Erw\u00e4hnung der zu erwartenden Ergebnisse der &#8220;unabh\u00e4ngigen Sachverst\u00e4ndigenkommission&#8221; verwiesen.<\/p>\n<p>Zur Erkenntnis \u00fcber Impfquoten in den bundesweiten medizinischen Einrichtungen verweist die Bundesregierung in ihrer Antwort auf die Tatsache, dass aussagekr\u00e4ftige Impfdaten von Besch\u00e4ftigten &#8220;der von der einrichtungsbezogenen Impfpflicht erfassten Einrichtungen des Gesundheitswesens im Rahmen des Digitalen Impfquotenmonitorings (DIM) nicht gesondert erfasst&#8221; und somit nicht fl\u00e4chendeckend zur Verf\u00fcgung stehen w\u00fcrden. &#8220;Studien zur Ermittlung&#8221; h\u00e4tten laut Regierungsantwort ergeben:<\/p>\n<blockquote>\n<p><em>&#8220;Eine Stichprobe (COVIMO-Studie) ergab den weiteren Angaben zufolge im Zeitraum 10. bis 27. Januar 2022 eine Durchimpfung bei medizinischem Personal von 96,9 Prozent. Eine Online-Befragung von Krankenhauspersonal (KROCO) ergab f\u00fcr den Zeitraum 18. Oktober 2021 bis 15. Oktober November 2021, dass 92 Prozent des teilnehmenden Personals vollst\u00e4ndig geimpft waren, vier Prozent waren ungeimpft.&#8221; <\/em><\/p>\n<\/blockquote>\n<p>Demnach h\u00e4tte im Oktober 2021 die Impfquote der Grundimmunisierung noch bei &#8220;86 Prozent und die der ersten Auffrischimpfung bei 23 Prozent&#8221; gelegen. Gegen\u00fcber den Angaben f\u00fcr Februar 2022\u00a0sei im M\u00e4rz 2022 &#8220;eine Steigerung der Impfquoten der Grundimmunisierung um 1,2 Prozent, die der ersten Auffrischimpfung um 6,2 Prozent und die der zweiten Auffrischimpfung um 7,5 Prozent&#8221; festzustellen gewesen.<\/p>\n<p>Zu dem Thema m\u00f6glicher Dynamisierungen kommenden Personalmangels im Bereich der Pflegekr\u00e4fte, durch die\u00a0g\u00fcltige Gesetzgebung seit dem 15. M\u00e4rz, werde:<\/p>\n<blockquote>\n<p><em>&#8220;seitens der Bundesagentur f\u00fcr Arbeit (BA) in jedem Einzelfall genau abgewogen, inwieweit tats\u00e4chlich die Notwendigkeit f\u00fcr eine berufliche Neuorientierung vorliegt oder ob gegebenenfalls \u2013 zun\u00e4chst vor\u00fcbergehend \u2013 auch Besch\u00e4ftigungsalternativen in Frage kommen&#8221;.<\/em><\/p>\n<\/blockquote>\n<p>Dabei sei in der Bearbeitung entsprechender F\u00e4lle individuell\u00a0zu unterscheiden, ob &#8220;die Ursache f\u00fcr die angestrebte berufliche Umorientierung in der pers\u00f6nlichen Entscheidung der Arbeitnehmerin beziehungsweise des Arbeitnehmers liegt, sich nicht impfen zu lassen, oder ob aus medizinischen Gr\u00fcnden eine Impfung nicht m\u00f6glich ist&#8221;.\u00a0Der Bundesregierung seien in der Gesamtbewertung keine Problemanzeigen &#8220;von Engp\u00e4ssen in der Versorgung durch einzelne Einrichtungen oder Unternehmen&#8221; infolge der einrichtungsbezogenen Impfpflicht bekannt.<\/p>\n<p>Eine weitere Beantwortung legt dar, dass der Bundesagentur f\u00fcr Arbeit keine Daten zu den &#8220;Auswirkungen der Einf\u00fchrung der einrichtungsbezogenen Impfpflicht auf die Anzahl der Ausbildungen oder der Praktika&#8221; vorliegen w\u00fcrden. Am\u00a0Dienstag berichtete\u00a0das Online-Portal <em>Bibliomed-Pflege<\/em>\u00a0<em><\/em>\u00fcber &#8220;massive Personalengp\u00e4sse auf den Intensivstationen&#8221;. So hei\u00dft es in dem <a rel=\"nofollow noopener\" target=\"_blank\" href=\"https:\/\/www.bibliomed-pflege.de\/news\/massive-personalengpaesse-auf-den-intensivstationen\">Artikel<\/a>:<\/p>\n<blockquote>\n<p><em>&#8220;Der Intensivmediziner Christian Karagiannidis vom\u00a0Corona-Expertenrat der Bundesregierung\u00a0warnt vor\u00a0massiven Personalengp\u00e4ssen auf den Intensivstationen angesichts steigender Corona-Infektionszahlen.\u00a0Mitte Juni h\u00e4tten rund 580 der bundesweit 1.300 Intensivstationen personelle Probleme gemeldet. Inzwischen seien es rund 630.&#8221;<\/em><\/p>\n<\/blockquote>\n<p>Eine erneute dauerhafte Extrembelastung in der kommenden Herbst-Winter-Saison w\u00fcrde zu einer &#8220;weiteren <a rel=\"nofollow noopener\" target=\"_blank\" href=\"https:\/\/www.bibliomed-pflege.de\/news\/corona-expertenrat-fordert-kommission-gegen-pflegepersonalmangel\">Fluktuation<\/a> aus den Gesundheitsberufen f\u00fchren&#8221;. So hei\u00dft es in der &#8220;11. <a rel=\"nofollow noopener\" target=\"_blank\" href=\"https:\/\/www.bundesregierung.de\/resource\/blob\/975196\/2048684\/0e393c7cf5d2b3a556fa6a8df6352d11\/2022-06-08-stellungnahme-expertinnenrat-data.pdf?download=1\">Stellungnahme<\/a> des ExpertInnenrates der Bundesregierung zu COVID-19&#8243; vom 8. Juni:<\/p>\n<blockquote>\n<p><em>&#8220;Ohne eine sichtbare Steigerung der Attraktivit\u00e4t des Pflegeberufs und anderer Gesundheitsberufe kann absehbar von einer nachhaltigen Versorgungskrise im Gesundheitssystem ausgegangen werden.&#8221;<\/em><\/p>\n<\/blockquote>\n<p>Zum Thema von weiterhin ungeimpftem Personal entsprechender Einrichtungen berichtet ein\u00a0<a rel=\"nofollow noopener\" target=\"_blank\" href=\"https:\/\/www1.wdr.de\/nachrichten\/landespolitik\/bilanz-drei-monate-impfpflicht-nrw-100.html\">Beitrag<\/a> des <em>WDR<\/em> vom 15. Juni, dass im Bundesland Nordrhein-Westfalen bislang noch keine Arbeitsverbote f\u00fcr Ungeimpfte ausgesprochen worden seien. Zu vorliegenden Zahlen hei\u00dft es:<\/p>\n<blockquote>\n<p><em>&#8220;Nach Angaben des\u00a0NRW-Gesundheitsministeriums waren bis Mitte April knapp 20.000 ungeimpfte Besch\u00e4ftigte in medizinischen und pflegerischen Einrichtungen landesweit gemeldet worden.&#8221;<\/em><\/p>\n<\/blockquote>\n<p>Ein Effekt der einrichtungsbezogenen Impfpflicht\u00a0sei\u00a0sp\u00fcrbar. In D\u00fcsseldorf h\u00e4tten sich demnach &#8220;etwa von 2.913 im M\u00e4rz als ungeimpft gemeldeten Besch\u00e4ftigten inzwischen fast 2.000 doch impfen lassen oder einen Genesenen- oder anderen \u00e4rztlichen Nachweis vorgelegt&#8221;. In den meisten Kommunen w\u00fcrden derzeit Anh\u00f6rungen und Gespr\u00e4che der Einrichtungen und betroffenen Mitarbeiter erfolgen, &#8220;warum diese nicht geimpft oder so unverzichtbar sind, dass sie trotzdem weiterarbeiten k\u00f6nnen sollen&#8221;. Die Gesundheits\u00e4mter m\u00fcssten\u00a0in einer finalen Entscheidung abw\u00e4gen, weil &#8220;eine Versorgung der Patienten nicht zum Beispiel durch Personalengp\u00e4sse gef\u00e4hrdet werden soll&#8221;.<\/p>\n<p>Seit 15. M\u00e4rz, dem Start der einrichtungsbezogenen Impfpflicht,\u00a0seien von den\u00a0ca. 250.000 betroffenen Besch\u00e4ftigten im hessischen Gesundheitswesen seitens der Arbeitgeber rund 14.000 Meldungen ungeimpften Personals bei den zust\u00e4ndigen\u00a0Gesundheits\u00e4mtern <a rel=\"nofollow noopener\" target=\"_blank\" href=\"https:\/\/www.hessenschau.de\/gesellschaft\/corona-impfpflicht-tausende-ungeimpfte-pflegekraefte-reagieren-nicht-auf-behoerden-post,corona-impfpflicht-102.html\">eingegangen<\/a>. Daraus resultierten ca. 10.000 Anschreiben an entsprechende Arbeitnehmer mit der Aufforderung zur Kl\u00e4rung der Sachlage. In Hamburg bef\u00e4nden sich rund 1.400 F\u00e4lle &#8220;von nicht gegen das Coronavirus geimpften Pflegekr\u00e4ften&#8221; derzeit in der <a rel=\"nofollow noopener\" target=\"_blank\" href=\"https:\/\/www1.wdr.de\/nachrichten\/landespolitik\/bilanz-drei-monate-impfpflicht-nrw-100.html\">Einzelfallpr\u00fcfung<\/a>.\u00a0<\/p>\n<p>Im Landkreis Mittelsachsen k\u00f6nnen ungeimpfte Besch\u00e4ftigte &#8220;im Gesundheitswesen trotz der einrichtungsbezogenen Impfpflicht weiterarbeiten&#8221;, so <a rel=\"nofollow noopener\" target=\"_blank\" href=\"https:\/\/www.mdr.de\/nachrichten\/sachsen\/chemnitz\/freiberg\/mittelsachsen-ungeimpft-arbeiten-corona-impfpflicht-gesundheitswesen-100.html\">Informationen<\/a> des <em>MDR<\/em>. Die Gesundheits\u00e4mter w\u00fcrden sich dabei auf einen &#8220;Ermessensspielraum berufen, um die Patientenversorgung nicht zu gef\u00e4hrden&#8221;. In der Hauptstadt sind nach <a rel=\"nofollow noopener\" target=\"_blank\" href=\"https:\/\/www.berliner-zeitung.de\/news\/gesundheitswesen-tausende-unzureichend-gegen-corona-geimpft-li.236062\">Informationen<\/a> der <em>Berliner Zeitung<\/em> &#8220;fast 8.000 Mitarbeiter in Krankenh\u00e4usern oder Arztpraxen immer noch nicht vollst\u00e4ndig geimpft&#8221;, bei gesch\u00e4tzten 1.300 Einrichtungen und Unternehmen mit rund 109.000 Besch\u00e4ftigten.\u00a050.373\u00a0Besch\u00e4ftigte entsprechender Einrichtungen in Bayern mussten seit M\u00e4rz eine Corona-Immunisierung nachweisen, so viele wurden laut der <em>S\u00fcddeutschen Zeitung<\/em> den Gesundheits\u00e4mtern nach <a rel=\"nofollow noopener\" target=\"_blank\" href=\"https:\/\/www.sueddeutsche.de\/bayern\/bayern-impfpflicht-pflegekraefte-bussgeld-corona-1.5588201\">Angaben<\/a> einer Sprecherin gemeldet.\u00a0Von diesen Personen h\u00e4tten &#8220;9.061 Betroffene zwischenzeitlich entsprechende Nachweise vorgelegt; \u00fcberwiegend \u00fcber Impfungen sowie Genesenen-Nachweise&#8221;.<\/p>\n<p>Zu der Anfrage der CDU\/CSU-Fraktion, ob\u00a0aus Sicht der Bundesregierung &#8220;eine Fortf\u00fchrung und\/oder Weiterentwicklung der einrichtungsbezogenen Impfpflicht vor diesem Hintergrund und dem des Urteils des Bundesverfassungsgerichtes&#8221; erforderlich sei, hei\u00dft es final, es gebe derzeit &#8220;keinen Anlass, die einrichtungsbezogene Impfpflicht auszusetzen&#8221;:<\/p>\n<blockquote>\n<p><em>&#8220;Eine Fortf\u00fchrung wird derzeit gepr\u00fcft.&#8221;<\/em><\/p>\n<\/blockquote>\n<p><strong>Mehr zum Thema &#8211;<\/strong>\u00a0<a rel=\"nofollow noopener\" target=\"_blank\" href=\"https:\/\/de.rt.com\/oesterreich\/141833-nach-osterreichischen-gesundheitsminister-johannes-rauch\/\">\u00d6sterreichischer Gesundheitsminister: \u00c4rzte sollen bei Impfsch\u00e4den haften<\/a><\/p>\n<\/div>\n<p><br \/>\n<br \/><a href=\"https:\/\/de.rt.com\/inland\/142116-bundesregierung-will-einrichtungsbezogene-impfpflicht-uber\/\">Source link <\/a><\/p>\n","protected":false},"excerpt":{"rendered":"<p>Die Bundesregierung erw\u00e4gt eine Fortf\u00fchrung der sogenannten einrichtungsbezogenen Impfpflicht \u00fcber das Jahresende 2022 hinaus. Problematische Versorgungsengp\u00e4sse infolge der Verordnung seien nicht bekannt. Es gebe derzeit keinen Anlass, die einrichtungsbezogene Impfpflicht auszusetzen. Auf der Webseite des\u00a0Deutschen Bundestages hie\u00df\u00a0es am Montag in einer Kurzmeldung, dass die Bundesregierung derzeit eine &#8220;Fortsetzung der Sektor-Impfpflicht&#8221; pr\u00fcfe. Im Rahmen dieser Meldung [&hellip;]<\/p>\n","protected":false},"author":3,"featured_media":12162,"comment_status":"open","ping_status":"open","sticky":false,"template":"","format":"standard","meta":{"wp_automatic_camp":["217"],"4f5ecfc83dee59e03849f263517009bd":["Bundesregierung will einrichtungsbezogene Impfpflicht \u00fcber das Jahresende 2022 verl\u00e4ngern"],"original_link":["https:\/\/de.rt.com\/inland\/142116-bundesregierung-will-einrichtungsbezogene-impfpflicht-uber\/"],"_thumbnail_id":["12162"],"_wptg_p2tg_sent2tg":["2022-06-28 14:45:34"],"jnews_social_counter_last_update":["1777403114"]},"categories":[19,23],"tags":[3807,427,12704,2661,5810,139,20111],"yoast_head":"<!-- This site is optimized with the Yoast SEO Premium plugin v22.7 (Yoast SEO v22.7) - https:\/\/yoast.com\/wordpress\/plugins\/seo\/ -->\n<title>Bundesregierung will einrichtungsbezogene Impfpflicht \u00fcber das Jahresende 2022 verl\u00e4ngern - just-now.NEWS Deutschland<\/title>\n<meta name=\"robots\" content=\"index, follow, max-snippet:-1, max-image-preview:large, max-video-preview:-1\" \/>\n<link rel=\"canonical\" href=\"https:\/\/now-news.de\/de\/deutschland\/bundesregierung-will-einrichtungsbezogene-impfpflicht-ueber-das-jahresende-2022-verlaengern\/\" \/>\n<meta property=\"og:locale\" content=\"de_DE\" \/>\n<meta property=\"og:type\" content=\"article\" \/>\n<meta property=\"og:title\" content=\"Bundesregierung will einrichtungsbezogene Impfpflicht \u00fcber das Jahresende 2022 verl\u00e4ngern\" \/>\n<meta property=\"og:description\" content=\"Die Bundesregierung erw\u00e4gt eine Fortf\u00fchrung der sogenannten einrichtungsbezogenen Impfpflicht \u00fcber das Jahresende 2022 hinaus. Problematische Versorgungsengp\u00e4sse infolge der Verordnung seien nicht bekannt. Es gebe derzeit keinen Anlass, die einrichtungsbezogene Impfpflicht auszusetzen. Auf der Webseite des\u00a0Deutschen Bundestages hie\u00df\u00a0es am Montag in einer Kurzmeldung, dass die Bundesregierung derzeit eine &#8220;Fortsetzung der Sektor-Impfpflicht&#8221; pr\u00fcfe. Im Rahmen dieser Meldung [&hellip;]\" \/>\n<meta property=\"og:url\" content=\"https:\/\/now-news.de\/de\/deutschland\/bundesregierung-will-einrichtungsbezogene-impfpflicht-ueber-das-jahresende-2022-verlaengern\/\" \/>\n<meta property=\"og:site_name\" content=\"just-now.NEWS Deutschland\" \/>\n<meta property=\"article:publisher\" content=\"https:\/\/www.facebook.com\/wirmachenauf\" \/>\n<meta property=\"article:published_time\" content=\"2022-06-28T12:35:36+00:00\" \/>\n<meta property=\"og:image\" content=\"https:\/\/now-news.de\/de\/wp-content\/uploads\/sites\/3\/2022\/06\/Bundesregierung-will-einrichtungsbezogene-Impfpflicht-ueber-das-Jahresende-2022-verlaengern.jpg\" \/>\n\t<meta property=\"og:image:width\" content=\"460\" \/>\n\t<meta property=\"og:image:height\" content=\"259\" \/>\n\t<meta property=\"og:image:type\" content=\"image\/jpeg\" \/>\n<meta name=\"author\" content=\"rtnews\" \/>\n<meta name=\"twitter:card\" content=\"summary_large_image\" \/>\n<meta name=\"twitter:creator\" content=\"@WirMachenAuf_de\" \/>\n<meta name=\"twitter:site\" content=\"@WirMachenAuf_de\" \/>\n<meta name=\"twitter:label1\" content=\"Verfasst von\" \/>\n\t<meta name=\"twitter:data1\" content=\"rtnews\" \/>\n\t<meta name=\"twitter:label2\" content=\"Gesch\u00e4tzte Lesezeit\" \/>\n\t<meta name=\"twitter:data2\" content=\"6\u00a0Minuten\" \/>\n<script type=\"application\/ld+json\" class=\"yoast-schema-graph\">{\"@context\":\"https:\/\/schema.org\",\"@graph\":[{\"@type\":\"Article\",\"@id\":\"https:\/\/now-news.de\/de\/deutschland\/bundesregierung-will-einrichtungsbezogene-impfpflicht-ueber-das-jahresende-2022-verlaengern\/#article\",\"isPartOf\":{\"@id\":\"https:\/\/now-news.de\/de\/deutschland\/bundesregierung-will-einrichtungsbezogene-impfpflicht-ueber-das-jahresende-2022-verlaengern\/\"},\"author\":{\"name\":\"rtnews\",\"@id\":\"https:\/\/now-news.de\/de\/#\/schema\/person\/fb534a4e865501d8b3285208df34a9b5\"},\"headline\":\"Bundesregierung will einrichtungsbezogene Impfpflicht \u00fcber das Jahresende 2022 verl\u00e4ngern\",\"datePublished\":\"2022-06-28T12:35:36+00:00\",\"dateModified\":\"2022-06-28T12:35:36+00:00\",\"mainEntityOfPage\":{\"@id\":\"https:\/\/now-news.de\/de\/deutschland\/bundesregierung-will-einrichtungsbezogene-impfpflicht-ueber-das-jahresende-2022-verlaengern\/\"},\"wordCount\":1183,\"commentCount\":0,\"publisher\":{\"@id\":\"https:\/\/now-news.de\/de\/#organization\"},\"image\":{\"@id\":\"https:\/\/now-news.de\/de\/deutschland\/bundesregierung-will-einrichtungsbezogene-impfpflicht-ueber-das-jahresende-2022-verlaengern\/#primaryimage\"},\"thumbnailUrl\":\"https:\/\/now-news.de\/de\/wp-content\/uploads\/sites\/3\/2022\/06\/Bundesregierung-will-einrichtungsbezogene-Impfpflicht-ueber-das-Jahresende-2022-verlaengern.jpg\",\"keywords\":[\"Bundesregierung\",\"das\",\"einrichtungsbezogene\",\"impfpflicht\",\"Jahresende\",\"\u00fcber\",\"verl\u00e4ngern\"],\"articleSection\":[\"Deutschland\",\"Russland\"],\"inLanguage\":\"de\",\"potentialAction\":[{\"@type\":\"CommentAction\",\"name\":\"Comment\",\"target\":[\"https:\/\/now-news.de\/de\/deutschland\/bundesregierung-will-einrichtungsbezogene-impfpflicht-ueber-das-jahresende-2022-verlaengern\/#respond\"]}]},{\"@type\":\"WebPage\",\"@id\":\"https:\/\/now-news.de\/de\/deutschland\/bundesregierung-will-einrichtungsbezogene-impfpflicht-ueber-das-jahresende-2022-verlaengern\/\",\"url\":\"https:\/\/now-news.de\/de\/deutschland\/bundesregierung-will-einrichtungsbezogene-impfpflicht-ueber-das-jahresende-2022-verlaengern\/\",\"name\":\"Bundesregierung will einrichtungsbezogene Impfpflicht \u00fcber das Jahresende 2022 verl\u00e4ngern - just-now.NEWS Deutschland\",\"isPartOf\":{\"@id\":\"https:\/\/now-news.de\/de\/#website\"},\"primaryImageOfPage\":{\"@id\":\"https:\/\/now-news.de\/de\/deutschland\/bundesregierung-will-einrichtungsbezogene-impfpflicht-ueber-das-jahresende-2022-verlaengern\/#primaryimage\"},\"image\":{\"@id\":\"https:\/\/now-news.de\/de\/deutschland\/bundesregierung-will-einrichtungsbezogene-impfpflicht-ueber-das-jahresende-2022-verlaengern\/#primaryimage\"},\"thumbnailUrl\":\"https:\/\/now-news.de\/de\/wp-content\/uploads\/sites\/3\/2022\/06\/Bundesregierung-will-einrichtungsbezogene-Impfpflicht-ueber-das-Jahresende-2022-verlaengern.jpg\",\"datePublished\":\"2022-06-28T12:35:36+00:00\",\"dateModified\":\"2022-06-28T12:35:36+00:00\",\"breadcrumb\":{\"@id\":\"https:\/\/now-news.de\/de\/deutschland\/bundesregierung-will-einrichtungsbezogene-impfpflicht-ueber-das-jahresende-2022-verlaengern\/#breadcrumb\"},\"inLanguage\":\"de\",\"potentialAction\":[{\"@type\":\"ReadAction\",\"target\":[\"https:\/\/now-news.de\/de\/deutschland\/bundesregierung-will-einrichtungsbezogene-impfpflicht-ueber-das-jahresende-2022-verlaengern\/\"]}]},{\"@type\":\"ImageObject\",\"inLanguage\":\"de\",\"@id\":\"https:\/\/now-news.de\/de\/deutschland\/bundesregierung-will-einrichtungsbezogene-impfpflicht-ueber-das-jahresende-2022-verlaengern\/#primaryimage\",\"url\":\"https:\/\/now-news.de\/de\/wp-content\/uploads\/sites\/3\/2022\/06\/Bundesregierung-will-einrichtungsbezogene-Impfpflicht-ueber-das-Jahresende-2022-verlaengern.jpg\",\"contentUrl\":\"https:\/\/now-news.de\/de\/wp-content\/uploads\/sites\/3\/2022\/06\/Bundesregierung-will-einrichtungsbezogene-Impfpflicht-ueber-das-Jahresende-2022-verlaengern.jpg\",\"width\":460,\"height\":259,\"caption\":\"Bundesregierung will einrichtungsbezogene Impfpflicht \u00fcber das Jahresende 2022 verl\u00e4ngern\"},{\"@type\":\"BreadcrumbList\",\"@id\":\"https:\/\/now-news.de\/de\/deutschland\/bundesregierung-will-einrichtungsbezogene-impfpflicht-ueber-das-jahresende-2022-verlaengern\/#breadcrumb\",\"itemListElement\":[{\"@type\":\"ListItem\",\"position\":1,\"name\":\"Home\",\"item\":\"https:\/\/now-news.de\/de\/\"},{\"@type\":\"ListItem\",\"position\":2,\"name\":\"Bundesregierung will einrichtungsbezogene Impfpflicht \u00fcber das Jahresende 2022 verl\u00e4ngern\"}]},{\"@type\":\"WebSite\",\"@id\":\"https:\/\/now-news.de\/de\/#website\",\"url\":\"https:\/\/now-news.de\/de\/\",\"name\":\"just-now.NEWS Deutschland\",\"description\":\"Das Portal f\u00fcr unzensierte Nachrichten aus der Welt\",\"publisher\":{\"@id\":\"https:\/\/now-news.de\/de\/#organization\"},\"potentialAction\":[{\"@type\":\"SearchAction\",\"target\":{\"@type\":\"EntryPoint\",\"urlTemplate\":\"https:\/\/now-news.de\/de\/?s={search_term_string}\"},\"query-input\":\"required name=search_term_string\"}],\"inLanguage\":\"de\"},{\"@type\":\"Organization\",\"@id\":\"https:\/\/now-news.de\/de\/#organization\",\"name\":\"Just Now News\",\"url\":\"https:\/\/now-news.de\/de\/\",\"logo\":{\"@type\":\"ImageObject\",\"inLanguage\":\"de\",\"@id\":\"https:\/\/now-news.de\/de\/#\/schema\/logo\/image\/\",\"url\":\"http:\/\/just-now.news\/de\/wp-content\/uploads\/sites\/3\/2022\/04\/logo500x500.jpg\",\"contentUrl\":\"http:\/\/just-now.news\/de\/wp-content\/uploads\/sites\/3\/2022\/04\/logo500x500.jpg\",\"width\":500,\"height\":500,\"caption\":\"Just Now News\"},\"image\":{\"@id\":\"https:\/\/now-news.de\/de\/#\/schema\/logo\/image\/\"},\"sameAs\":[\"https:\/\/www.facebook.com\/wirmachenauf\",\"https:\/\/x.com\/WirMachenAuf_de\"]},{\"@type\":\"Person\",\"@id\":\"https:\/\/now-news.de\/de\/#\/schema\/person\/fb534a4e865501d8b3285208df34a9b5\",\"name\":\"rtnews\",\"image\":{\"@type\":\"ImageObject\",\"inLanguage\":\"de\",\"@id\":\"https:\/\/now-news.de\/de\/#\/schema\/person\/image\/\",\"url\":\"https:\/\/secure.gravatar.com\/avatar\/82aafea7d8127119dd649515f56e2117?s=96&d=mm&r=g\",\"contentUrl\":\"https:\/\/secure.gravatar.com\/avatar\/82aafea7d8127119dd649515f56e2117?s=96&d=mm&r=g\",\"caption\":\"rtnews\"},\"url\":\"https:\/\/now-news.de\/de\/author\/rnews\/\"}]}<\/script>\n<!-- \/ Yoast SEO Premium plugin. -->","yoast_head_json":{"title":"Bundesregierung will einrichtungsbezogene Impfpflicht \u00fcber das Jahresende 2022 verl\u00e4ngern - just-now.NEWS Deutschland","robots":{"index":"index","follow":"follow","max-snippet":"max-snippet:-1","max-image-preview":"max-image-preview:large","max-video-preview":"max-video-preview:-1"},"canonical":"https:\/\/now-news.de\/de\/deutschland\/bundesregierung-will-einrichtungsbezogene-impfpflicht-ueber-das-jahresende-2022-verlaengern\/","og_locale":"de_DE","og_type":"article","og_title":"Bundesregierung will einrichtungsbezogene Impfpflicht \u00fcber das Jahresende 2022 verl\u00e4ngern","og_description":"Die Bundesregierung erw\u00e4gt eine Fortf\u00fchrung der sogenannten einrichtungsbezogenen Impfpflicht \u00fcber das Jahresende 2022 hinaus. Problematische Versorgungsengp\u00e4sse infolge der Verordnung seien nicht bekannt. Es gebe derzeit keinen Anlass, die einrichtungsbezogene Impfpflicht auszusetzen. Auf der Webseite des\u00a0Deutschen Bundestages hie\u00df\u00a0es am Montag in einer Kurzmeldung, dass die Bundesregierung derzeit eine &#8220;Fortsetzung der Sektor-Impfpflicht&#8221; pr\u00fcfe. Im Rahmen dieser Meldung [&hellip;]","og_url":"https:\/\/now-news.de\/de\/deutschland\/bundesregierung-will-einrichtungsbezogene-impfpflicht-ueber-das-jahresende-2022-verlaengern\/","og_site_name":"just-now.NEWS Deutschland","article_publisher":"https:\/\/www.facebook.com\/wirmachenauf","article_published_time":"2022-06-28T12:35:36+00:00","og_image":[{"width":460,"height":259,"url":"https:\/\/now-news.de\/de\/wp-content\/uploads\/sites\/3\/2022\/06\/Bundesregierung-will-einrichtungsbezogene-Impfpflicht-ueber-das-Jahresende-2022-verlaengern.jpg","type":"image\/jpeg"}],"author":"rtnews","twitter_card":"summary_large_image","twitter_creator":"@WirMachenAuf_de","twitter_site":"@WirMachenAuf_de","twitter_misc":{"Verfasst von":"rtnews","Gesch\u00e4tzte Lesezeit":"6\u00a0Minuten"},"schema":{"@context":"https:\/\/schema.org","@graph":[{"@type":"Article","@id":"https:\/\/now-news.de\/de\/deutschland\/bundesregierung-will-einrichtungsbezogene-impfpflicht-ueber-das-jahresende-2022-verlaengern\/#article","isPartOf":{"@id":"https:\/\/now-news.de\/de\/deutschland\/bundesregierung-will-einrichtungsbezogene-impfpflicht-ueber-das-jahresende-2022-verlaengern\/"},"author":{"name":"rtnews","@id":"https:\/\/now-news.de\/de\/#\/schema\/person\/fb534a4e865501d8b3285208df34a9b5"},"headline":"Bundesregierung will einrichtungsbezogene Impfpflicht \u00fcber das Jahresende 2022 verl\u00e4ngern","datePublished":"2022-06-28T12:35:36+00:00","dateModified":"2022-06-28T12:35:36+00:00","mainEntityOfPage":{"@id":"https:\/\/now-news.de\/de\/deutschland\/bundesregierung-will-einrichtungsbezogene-impfpflicht-ueber-das-jahresende-2022-verlaengern\/"},"wordCount":1183,"commentCount":0,"publisher":{"@id":"https:\/\/now-news.de\/de\/#organization"},"image":{"@id":"https:\/\/now-news.de\/de\/deutschland\/bundesregierung-will-einrichtungsbezogene-impfpflicht-ueber-das-jahresende-2022-verlaengern\/#primaryimage"},"thumbnailUrl":"https:\/\/now-news.de\/de\/wp-content\/uploads\/sites\/3\/2022\/06\/Bundesregierung-will-einrichtungsbezogene-Impfpflicht-ueber-das-Jahresende-2022-verlaengern.jpg","keywords":["Bundesregierung","das","einrichtungsbezogene","impfpflicht","Jahresende","\u00fcber","verl\u00e4ngern"],"articleSection":["Deutschland","Russland"],"inLanguage":"de","potentialAction":[{"@type":"CommentAction","name":"Comment","target":["https:\/\/now-news.de\/de\/deutschland\/bundesregierung-will-einrichtungsbezogene-impfpflicht-ueber-das-jahresende-2022-verlaengern\/#respond"]}]},{"@type":"WebPage","@id":"https:\/\/now-news.de\/de\/deutschland\/bundesregierung-will-einrichtungsbezogene-impfpflicht-ueber-das-jahresende-2022-verlaengern\/","url":"https:\/\/now-news.de\/de\/deutschland\/bundesregierung-will-einrichtungsbezogene-impfpflicht-ueber-das-jahresende-2022-verlaengern\/","name":"Bundesregierung will einrichtungsbezogene Impfpflicht \u00fcber das Jahresende 2022 verl\u00e4ngern - just-now.NEWS Deutschland","isPartOf":{"@id":"https:\/\/now-news.de\/de\/#website"},"primaryImageOfPage":{"@id":"https:\/\/now-news.de\/de\/deutschland\/bundesregierung-will-einrichtungsbezogene-impfpflicht-ueber-das-jahresende-2022-verlaengern\/#primaryimage"},"image":{"@id":"https:\/\/now-news.de\/de\/deutschland\/bundesregierung-will-einrichtungsbezogene-impfpflicht-ueber-das-jahresende-2022-verlaengern\/#primaryimage"},"thumbnailUrl":"https:\/\/now-news.de\/de\/wp-content\/uploads\/sites\/3\/2022\/06\/Bundesregierung-will-einrichtungsbezogene-Impfpflicht-ueber-das-Jahresende-2022-verlaengern.jpg","datePublished":"2022-06-28T12:35:36+00:00","dateModified":"2022-06-28T12:35:36+00:00","breadcrumb":{"@id":"https:\/\/now-news.de\/de\/deutschland\/bundesregierung-will-einrichtungsbezogene-impfpflicht-ueber-das-jahresende-2022-verlaengern\/#breadcrumb"},"inLanguage":"de","potentialAction":[{"@type":"ReadAction","target":["https:\/\/now-news.de\/de\/deutschland\/bundesregierung-will-einrichtungsbezogene-impfpflicht-ueber-das-jahresende-2022-verlaengern\/"]}]},{"@type":"ImageObject","inLanguage":"de","@id":"https:\/\/now-news.de\/de\/deutschland\/bundesregierung-will-einrichtungsbezogene-impfpflicht-ueber-das-jahresende-2022-verlaengern\/#primaryimage","url":"https:\/\/now-news.de\/de\/wp-content\/uploads\/sites\/3\/2022\/06\/Bundesregierung-will-einrichtungsbezogene-Impfpflicht-ueber-das-Jahresende-2022-verlaengern.jpg","contentUrl":"https:\/\/now-news.de\/de\/wp-content\/uploads\/sites\/3\/2022\/06\/Bundesregierung-will-einrichtungsbezogene-Impfpflicht-ueber-das-Jahresende-2022-verlaengern.jpg","width":460,"height":259,"caption":"Bundesregierung will einrichtungsbezogene Impfpflicht \u00fcber das Jahresende 2022 verl\u00e4ngern"},{"@type":"BreadcrumbList","@id":"https:\/\/now-news.de\/de\/deutschland\/bundesregierung-will-einrichtungsbezogene-impfpflicht-ueber-das-jahresende-2022-verlaengern\/#breadcrumb","itemListElement":[{"@type":"ListItem","position":1,"name":"Home","item":"https:\/\/now-news.de\/de\/"},{"@type":"ListItem","position":2,"name":"Bundesregierung will einrichtungsbezogene Impfpflicht \u00fcber das Jahresende 2022 verl\u00e4ngern"}]},{"@type":"WebSite","@id":"https:\/\/now-news.de\/de\/#website","url":"https:\/\/now-news.de\/de\/","name":"just-now.NEWS Deutschland","description":"Das Portal f\u00fcr unzensierte Nachrichten aus der Welt","publisher":{"@id":"https:\/\/now-news.de\/de\/#organization"},"potentialAction":[{"@type":"SearchAction","target":{"@type":"EntryPoint","urlTemplate":"https:\/\/now-news.de\/de\/?s={search_term_string}"},"query-input":"required name=search_term_string"}],"inLanguage":"de"},{"@type":"Organization","@id":"https:\/\/now-news.de\/de\/#organization","name":"Just Now News","url":"https:\/\/now-news.de\/de\/","logo":{"@type":"ImageObject","inLanguage":"de","@id":"https:\/\/now-news.de\/de\/#\/schema\/logo\/image\/","url":"http:\/\/just-now.news\/de\/wp-content\/uploads\/sites\/3\/2022\/04\/logo500x500.jpg","contentUrl":"http:\/\/just-now.news\/de\/wp-content\/uploads\/sites\/3\/2022\/04\/logo500x500.jpg","width":500,"height":500,"caption":"Just Now News"},"image":{"@id":"https:\/\/now-news.de\/de\/#\/schema\/logo\/image\/"},"sameAs":["https:\/\/www.facebook.com\/wirmachenauf","https:\/\/x.com\/WirMachenAuf_de"]},{"@type":"Person","@id":"https:\/\/now-news.de\/de\/#\/schema\/person\/fb534a4e865501d8b3285208df34a9b5","name":"rtnews","image":{"@type":"ImageObject","inLanguage":"de","@id":"https:\/\/now-news.de\/de\/#\/schema\/person\/image\/","url":"https:\/\/secure.gravatar.com\/avatar\/82aafea7d8127119dd649515f56e2117?s=96&d=mm&r=g","contentUrl":"https:\/\/secure.gravatar.com\/avatar\/82aafea7d8127119dd649515f56e2117?s=96&d=mm&r=g","caption":"rtnews"},"url":"https:\/\/now-news.de\/de\/author\/rnews\/"}]}},"_links":{"self":[{"href":"https:\/\/now-news.de\/de\/wp-json\/wp\/v2\/posts\/12161"}],"collection":[{"href":"https:\/\/now-news.de\/de\/wp-json\/wp\/v2\/posts"}],"about":[{"href":"https:\/\/now-news.de\/de\/wp-json\/wp\/v2\/types\/post"}],"author":[{"embeddable":true,"href":"https:\/\/now-news.de\/de\/wp-json\/wp\/v2\/users\/3"}],"replies":[{"embeddable":true,"href":"https:\/\/now-news.de\/de\/wp-json\/wp\/v2\/comments?post=12161"}],"version-history":[{"count":0,"href":"https:\/\/now-news.de\/de\/wp-json\/wp\/v2\/posts\/12161\/revisions"}],"wp:featuredmedia":[{"embeddable":true,"href":"https:\/\/now-news.de\/de\/wp-json\/wp\/v2\/media\/12162"}],"wp:attachment":[{"href":"https:\/\/now-news.de\/de\/wp-json\/wp\/v2\/media?parent=12161"}],"wp:term":[{"taxonomy":"category","embeddable":true,"href":"https:\/\/now-news.de\/de\/wp-json\/wp\/v2\/categories?post=12161"},{"taxonomy":"post_tag","embeddable":true,"href":"https:\/\/now-news.de\/de\/wp-json\/wp\/v2\/tags?post=12161"}],"curies":[{"name":"wp","href":"https:\/\/api.w.org\/{rel}","templated":true}]}}