{"id":12138,"date":"2022-06-28T06:30:56","date_gmt":"2022-06-28T04:30:56","guid":{"rendered":"http:\/\/just-now.news\/de\/deutschland\/291-jahre-haft-die-geschichte-hinter-dem-aus-der-groessten-private-equity-gesellschaft-in-nahost\/"},"modified":"2022-06-28T06:30:56","modified_gmt":"2022-06-28T04:30:56","slug":"291-jahre-haft-die-geschichte-hinter-dem-aus-der-groessten-private-equity-gesellschaft-in-nahost","status":"publish","type":"post","link":"https:\/\/now-news.de\/de\/deutschland\/291-jahre-haft-die-geschichte-hinter-dem-aus-der-groessten-private-equity-gesellschaft-in-nahost\/","title":{"rendered":"291 Jahre Haft \u2013 Die Geschichte hinter dem Aus der gr\u00f6\u00dften Private-Equity-Gesellschaft in Nahost"},"content":{"rendered":"<div class=\"Text-root Text-type_1 \">\n                Die RT-Journalistin Lubna Hamdan sprach mit Arif Naqwi, einem Unternehmer, der beschuldigt wird, einige der m\u00e4chtigsten Menschen des Planeten bestohlen zu haben. Ihm drohen nun 291 Jahre Haft in einem US-Gef\u00e4ngnis.\n            <\/div>\n<p><\/p>\n<div class=\"Text-root Text-type_5 ArticleView-text ViewText-root \">\n<p><em>von Lubna Hamdan<\/em><\/p>\n<p>Es ist ein k\u00fchler Tag in London. Ich betrete einen Mitgliederclub im eleganten Stadtteil Mayfair, wo ich ein Treffen haben werde, auf das ich fast zwei Jahre gewartet habe. Ein Treffen mit Arif Naqwi. Er ist der Mann, der beschuldigt wird, \u00fcber seine Private-Equity-Gesellschaft aus dem Nahen Osten, die inzwischen aufgel\u00f6ste Abraaj Group, Hunderte Millionen Dollar von der m\u00e4chtigsten Elite der Welt gestohlen zu haben.<\/p>\n<p>Ich suche mit den Augen den gut besuchten Salon des Clubs ab, als mein Blick auf eine gebrechliche Gestalt f\u00e4llt, die in einer ruhigen Ecke an einem Fenster sitzt. Ohne sein ber\u00fchmtes, dickes und nach hinten gek\u00e4mmtes silbernes Haar h\u00e4tte ich ihn nicht erkannt. Es ist mindestens ein paar Jahre her, seit wir uns das letzte Mal gesehen haben. Die Freizeitkleidung von Naqwi, ein marineblauer Pullover und Jeans, die lang genug sind, um seine Fu\u00dffessel zu bedecken \u2013 ein Geschenk des Hausarrests \u2013, steht in starkem Kontrast zu den eleganten Anz\u00fcgen, die er fast 40 Jahre lang jeden Tag trug.<\/p>\n<p>&#8220;Arif Naqwi sagt unseren Unternehmern, dass sie einen Vorteil haben, den das Silicon Valley nicht hat \u2013 sie kennen die Region und die Verbraucher!&#8221;, schrieb der Unternehmergipfel RiseUp 2017 \u00fcber Naqwi. &#8220;Die Abraaj Group ist ein Leuchtfeuer. Versierte Investoren, die zweistellige Renditen anstreben, sollten dies zur Kenntnis nehmen&#8221;, sagte ein Unternehmer im selben Jahr \u00fcber das Unternehmen selbst. &#8220;Ich werde deinen Jungen nehmen und ihn dir als Mann zur\u00fcckgeben&#8221;, sagte Naqwi zu einem Freund, der mir von dem Tag erz\u00e4hlte, an dem sein Sohn eine Karriere bei Abraaj begann. &#8220;Er war ein sehr gro\u00dfz\u00fcgiger Typ, sowohl auf pers\u00f6nlicher Ebene als auch gegen\u00fcber seinen Mitarbeitern&#8221;, sagte ein anderer \u00fcber Naqwi. &#8220;Er liebte das Leben.&#8221;<\/p>\n<p>Und wie k\u00f6nnte Naqwi das Leben nicht lieben, wenn ihm zugeschrieben wird, die Abraaj Group, die er 2002 gegr\u00fcndet hat, zu einem der 20 weltweit f\u00fchrenden Private-Equity-Unternehmen und zum f\u00fchrenden Investor in Wachstumsm\u00e4rkten zu machen, die ein Verm\u00f6gen von 14 Milliarden US-Dollar in Afrika, Asien, Lateinamerika, der T\u00fcrkei und dem Nahen Osten verwaltete, mit Investitionen in Gesundheit, sauberer Energie, Verkehrswesen, Bildung und Immobilien. Bill Gates, Barack Obama und John Kerry sind nur einige der namhaften Pers\u00f6nlichkeiten, die Naqwi \u00fcberzeugen konnte, das Potenzial der Schwellenl\u00e4nder zu erkennen, die er Wachstumsm\u00e4rkte nannte, mit dem Ziel, Gutes zu tun und gleichzeitig Geld zu verdienen.<\/p>\n<p>Es ist kaum zu glauben, dass er nur wenige Jahre sp\u00e4ter, im Jahr 2018, stattdessen f\u00fcr den Zusammenbruch des gr\u00f6\u00dften Private-Equity-Unternehmens des Nahen Ostens bekannt wurde und wegen des Verdachts des Betrugs von US-Investoren, einschlie\u00dflich der Bill-und-Melinda-Gates-Stiftung, verhaftet wurde.<\/p>\n<p>Heute droht ihm die Auslieferung an die USA, wo er wegen Betrugs und Geldw\u00e4sche in 16 F\u00e4llen vor Gericht stehen soll, einschlie\u00dflich wegen Irref\u00fchrung von Investoren und Wirtschaftspr\u00fcfern; wegen Manipulationen an Jahresabschl\u00fcssen, um die Offenlegung eines Fehlbetrags von 200 Millionen US-Dollar zu vermeiden; wegen 350 Millionen Dollar, die er sich von einem einzelnen Abraaj-Aktion\u00e4r und Freund geliehen haben soll, um das Unternehmen als zahlungsf\u00e4hig erscheinen zu lassen.<\/p>\n<figure class=\"RTImage-root\">\n<div class=\"RTImage-image RTImage-original\"><picture class=\"Picture-root Picture-original\"><!--[if IE 9]><video style=\"display: none;\"><![endif]--><source media=\"(-webkit-min-device-pixel-ratio: 2) and (min-resolution: 120dpi)\" data-srcset=\" \nhttp:\/\/just-now.news\/de\/wp-content\/uploads\/sites\/3\/2022\/06\/62b89f7bb480cc464813524f.jpg 850w,\n                http:\/\/just-now.news\/de\/wp-content\/uploads\/sites\/3\/2022\/06\/62b89f7bb480cc464813524f.jpg 1960w,\n            \" ><source data-srcset=\" \nhttp:\/\/just-now.news\/de\/wp-content\/uploads\/sites\/3\/2022\/06\/62b89f7bb480cc464813524f.jpg 460w,\n              http:\/\/just-now.news\/de\/wp-content\/uploads\/sites\/3\/2022\/06\/62b89f7bb480cc464813524f.jpg 980w,\n            \" ><!--[if IE 9]><\/video><![endif]--><img decoding=\"async\" data- src=\"data:image\/png;base64,iVBORw0KGgoAAAANSUhEUgAAABAAAAAJCAQAAACRI2S5AAAAEElEQVR42mNkIAAYRxWAAQAG9gAKqv6+AwAAAABJRU5ErkJggg==\" class=\"Picture-root Picture-original lazyload\" data-src=\"http:\/\/just-now.news\/de\/wp-content\/uploads\/sites\/3\/2022\/06\/62b89f7bb480cc464813524f.jpg\" alt=\"\"><\/source><\/source><\/picture><!-- noscript pattern --><noscript><img decoding=\"async\" src=\"http:\/\/just-now.news\/de\/wp-content\/uploads\/sites\/3\/2022\/06\/62b89f7bb480cc464813524f.jpg\" alt=\"\"><\/noscript><\/div><figcaption class=\"RTImage-footer\"><span class=\"RTImage-caption\"><span class=\"RTImage-captionItem\">Doha, Katar<\/span><\/span><span class=\"RTImage-source\"><span class=\"RTImage-captionItem\">Holger Leue<\/span><span class=\"RTImage-captionItem\"> \/ Gettyimages.ru<\/span><\/span><\/figcaption><\/figure>\n<p>Naqwi scheint das Leben heute nicht mehr so sehr zu lieben. Es geht eine gewisse Verzweiflung von ihm aus und ich bemerke, dass unser Schokoladencroissant und unser s\u00fc\u00dfes Plundergeb\u00e4ck w\u00e4hrend unseres gesamten Gespr\u00e4chs unber\u00fchrt bleiben. Gem\u00e4\u00df den Bedingungen seiner Kaution darf er nur zwei Stunden im Freien sein, also verlassen wir das Clubhaus und gehen durch den Hyde Park zur\u00fcck zu seiner Wohnung im Stadtteil Knightsbridge. Er schl\u00e4gt vor, eine Abk\u00fcrzung zu nehmen, indem wir eine stark befahrene Kreuzung \u00fcberqueren.<\/p>\n<p>&#8220;Angst?&#8221;, fragt er mich. &#8220;Nein, machen wir&#8221;, antworte ich und erhalte somit einen Einblick in seinen milden rebellischen Charakter, f\u00fcr den Naqwi so ber\u00fchmt ist. Als wir auf die andere Stra\u00dfenseite rennen, erkenne ich einen Hauch von L\u00e4cheln auf seinem Gesicht und f\u00fcr einen Moment wirkt er fast kindlich. Ich frage mich, ob dieser scheinbar unbedeutende Akt der Rebellion ihm heutzutage das bisschen Trost gibt und ihm ein Gef\u00fchl der Freiheit bringt. Vielleicht ist es derselbe trotzige Geist, der ihn dazu veranlasste, in die unruhigen M\u00e4rkte der Golfregion zu investieren, wo sich nur wenige hinwagten.<\/p>\n<p>Tats\u00e4chlich war ich nach London gereist, um den Mann zu treffen, der beschuldigt wird, Hunderte von Millionen Dollar gestohlen zu haben. Aber ich werde London wieder verlassen, nachdem ich einen Mann getroffen habe, dem etwas von ihm gestohlen wurde: seine Lebensgeschichte.<\/p>\n<p>Googelt man den Namen Arif Naqwi, wird man sicherlich einen endlosen Strom sensationeller Schlagzeilen finden: &#8220;Ein Finanzm\u00e4rchen: Wie ein Mann die globale Elite zum Narren hielt&#8221; (<em>The Guardian<\/em>); &#8220;Er hat die Elite davon \u00fcberzeugt, dass er f\u00fcr die Ewigkeit investiert hat. Dann war das Geld weg&#8221; (<em>Wall Street Journal<\/em>); &#8220;Wie ein pakistanischer Betr\u00fcger Bill Gates 100 Millionen Dollar raubte&#8221; (<em>New York Post<\/em>).<\/p>\n<p>Wenn man ein wenig tiefer gr\u00e4bt, wird man feststellen, dass diese Schlagzeilen alle eines gemeinsam haben: Sie w\u00e4ren gute Vorlagen f\u00fcr hervorragende Netflix-Produktionen. Es gibt sogar ein Buch der beiden Journalisten des <em>Wall Street Journal<\/em>, Simon Clark und Will Louch, mit dem Titel &#8220;The Key Man&#8221; (Der Schl\u00fcsselmann), in dem behauptet wird, ein ehemaliger Buchhalter von Abraaj habe &#8220;mit dem Messer neben seinem Bett geschlafen&#8221;, w\u00e4hrend ein IT-Manager unter seinem Auto &#8220;jedes Mal nach Bomben gesucht&#8221; habe. &#8220;Die beiden Briten mussten vorsichtig vorgehen und es gab Momente, in denen sie um ihr Leben f\u00fcrchteten. Arif blieb ein m\u00e4chtiger Mann&#8221;, hei\u00dft es in dem \u00fcberdramatisierten Buch.<\/p>\n<p>Dies warf ein paar Fragen in mir auf, zum Beispiel, ob es ihr Leben war, um das die beiden M\u00e4nner f\u00fcrchteten oder um ihren Lebensstil. Immerhin war Naqwi daf\u00fcr bekannt, seinen Mitarbeitern \u2013 sowohl den Senioren als auch den Junioren \u2013 hohe Geh\u00e4lter und gro\u00dfz\u00fcgige Pr\u00e4mien zu zahlen, wobei die am schlechtesten bezahlten Mitarbeiter der Abraaj Group laut der HR-Firma Emolument 120.000 US-Dollar pro Jahr heimtrugen.<\/p>\n<p>Das besagte Buch beschreibt die Arbeit f\u00fcr Abraaj als &#8220;traumatischer als beschossen oder bombardiert zu werden&#8221;, obwohl ich mir nicht vorstellen kann, dass es f\u00fcr die Mitarbeiter traumatisch war, SMS von ihren Banken zu erhalten, die sie \u00fcber ihre neuesten Bonuszahlungen auf ihre Konten informierten. Zudem ist die Behauptung im Buch \u00fcberraschend, angesichts der langj\u00e4hrigen Treue zur Firma, die eine Mehrheit der Direktoren, Gesch\u00e4ftsf\u00fchrer und Partner gegen\u00fcber Abraaj gezeigt haben.<\/p>\n<figure class=\"RTImage-root\">\n<div class=\"RTImage-image RTImage-original\"><picture class=\"Picture-root Picture-original\"><!--[if IE 9]><video style=\"display: none;\"><![endif]--><source media=\"(-webkit-min-device-pixel-ratio: 2) and (min-resolution: 120dpi)\" data-srcset=\" \nhttp:\/\/just-now.news\/de\/wp-content\/uploads\/sites\/3\/2022\/06\/62b8b60db480cc42914a6fef.jpg 850w,\n                http:\/\/just-now.news\/de\/wp-content\/uploads\/sites\/3\/2022\/06\/62b8b60db480cc42914a6fef.jpg 1960w,\n            \" ><source data-srcset=\" \nhttp:\/\/just-now.news\/de\/wp-content\/uploads\/sites\/3\/2022\/06\/62b8b60db480cc42914a6fef.jpg 460w,\n              http:\/\/just-now.news\/de\/wp-content\/uploads\/sites\/3\/2022\/06\/62b8b60db480cc42914a6fef.jpg 980w,\n            \" ><!--[if IE 9]><\/video><![endif]--><img decoding=\"async\" data- src=\"data:image\/png;base64,iVBORw0KGgoAAAANSUhEUgAAABAAAAAJCAQAAACRI2S5AAAAEElEQVR42mNkIAAYRxWAAQAG9gAKqv6+AwAAAABJRU5ErkJggg==\" class=\"Picture-root Picture-original lazyload\" data-src=\"http:\/\/just-now.news\/de\/wp-content\/uploads\/sites\/3\/2022\/06\/62b8b60db480cc42914a6fef.jpg\" alt=\"\"><\/source><\/source><\/picture><!-- noscript pattern --><noscript><img decoding=\"async\" src=\"http:\/\/just-now.news\/de\/wp-content\/uploads\/sites\/3\/2022\/06\/62b8b60db480cc42914a6fef.jpg\" alt=\"\"><\/noscript><\/div><figcaption class=\"RTImage-footer\"><span class=\"RTImage-caption\"><span class=\"RTImage-captionItem\">Panama ist Gastgeber des WEF f\u00fcr Lateinamerika: Vorstandsmitglieder Arif M. Naqwi (Mitte), Arancha Gonz\u00e1lez Laya (l.) und Jorge Quijano (r.) am 2. April 2014<\/span><\/span><span class=\"RTImage-source\"><span class=\"RTImage-captionItem\">Arnulfo Franco<\/span><span class=\"RTImage-captionItem\"> \/ AP<\/span><\/span><\/figcaption><\/figure>\n<p>Es gibt jedoch Aspekte im Buch, die Parallelen zum wirklichen Leben ziehen, etwa wie Naqwi nach dem Zusammenbruch von Abraaj in den Medien dargestellt wurde. Fast jeder erw\u00e4hnte Protagonist im Buch wird als Opfer von Naqwi dargestellt.<\/p>\n<p>&#8220;Die Mitarbeiter wurden zum Alkoholkonsum gezwungen&#8221;, hei\u00dft es im Buch. F\u00fchrungskr\u00e4fte texteten f\u00fcr die Abraaj Group einen Slogan, der sich an den Text des Liedes &#8220;Hotel California&#8221; der amerikanischen Band &#8220;Eagles&#8221; anlehnte: &#8220;Man kann jederzeit auschecken, aber niemals gehen.&#8221; Nur jeder der Mitarbeiter h\u00e4tte gehen k\u00f6nnen und einige taten es auch, obwohl Clark und Louch andeuteten, dass die Mitarbeiter durch Naqwi &#8220;zu sehr dazu gedr\u00e4ngt&#8221; wurden, nicht zu k\u00fcndigen. Bei 400 Mitarbeitern, die bei Abraaj h\u00e4tten &#8220;gedr\u00e4ngt&#8221; werden m\u00fcssen, liest sich das wie eine Erz\u00e4hlung f\u00fcrs Kino.<\/p>\n<p>Mustafa Abdel-Wadood, ehemaliger gesch\u00e4ftsf\u00fchrender Gesellschafter bei Abraaj \u2013 der in New York festgenommen wurde und sich in sieben F\u00e4llen einer Anklage gegen ihn f\u00fcr schuldig bekannte, darunter eine Anklage wegen Erpressung und Wertpapierbetrug \u2013, wollte laut dem Buch das Unternehmen verlassen, aber Naqwi soll Druck auf ihn ausge\u00fcbt haben, um ihn &#8220;durch eine seltsame Kombination aus Mobbing und Freundlichkeit&#8221; zum Bleiben zu bewegen. Seltsam. Entweder hatte Arif eine Art \u00fcbernat\u00fcrliche F\u00e4higkeit, jeden dazu zu bringen, das zu tun, was er wollte, oder die Angestellten hatten ein sehr geringes Selbstbewusstsein.<\/p>\n<p>Abdel-Wadood ist selbst ein Mann mit guten Beziehungen, sein ehemaliger Chef, der \u00e4gyptische Milliard\u00e4r Naguib Sawiris, war laut <em>Wall Street Journal<\/em> einer der B\u00fcrgen f\u00fcr seine Kaution in H\u00f6he von 10 Millionen Dollar. Abdel-Wadood sagte vor Gericht: &#8220;Mein Engagement f\u00fcr Abraaj hat die Integrit\u00e4t meines Urteilsverm\u00f6gens beeinflusst, und am Ende habe ich mich von dem entfernt, was ich wirklich bin.&#8221;<\/p>\n<p>Aber wer ist Mustafa Abdel-Wadood? War er ein Opfer von Naqwi? Er war sicherlich sein Nachbar. Die beiden lebten in derselben luxuri\u00f6sen Wohnanlage, Emirates Hills, in Dubai. Laut einem ehemaligen Mitarbeiter von Abraaj lud Abdel-Wadood, wenn er gerade mal keine Partys f\u00fcr Hunderte von G\u00e4sten in seiner riesigen Villa veranstaltete, seine Freunde auf eine 30-Meter-Yacht namens Caramel ein. Und doch behauptete sein Anwalt vor Gericht: &#8220;Dies ist die tragische Geschichte eines guten Mannes, der bei Abraaj blieb, um zu versuchen, den Wahnsinn zu korrigieren, den Arif Naqwi verursacht hat und sich dabei am unrechtm\u00e4\u00dfigen Verhalten beteiligte, das er heute eingestanden hat.&#8221;<\/p>\n<p>Abdel-Wadood, der seine ersten N\u00e4chte in Haft im selben Gef\u00e4ngnis wie der ber\u00fcchtigte Ex-Drogenboss El Chapo verbrachte, k\u00f6nnte zu 125 Jahren verurteilt werden. Aber das Schicksal scheint freundlicher zu ihm zu sein, da er mit den US-Beh\u00f6rden kooperiert, um eine mildere Strafe auszuhandeln, als Gegenleistung daf\u00fcr, dass er mithilft, eine Anklage gegen Naqwi aufzubauen.<\/p>\n<figure class=\"RTImage-root\">\n<div class=\"RTImage-image RTImage-original\"><picture class=\"Picture-root Picture-original\"><!--[if IE 9]><video style=\"display: none;\"><![endif]--><source media=\"(-webkit-min-device-pixel-ratio: 2) and (min-resolution: 120dpi)\" data-srcset=\" \nhttp:\/\/just-now.news\/de\/wp-content\/uploads\/sites\/3\/2022\/06\/62b8bb5f48fbef208b1c40c3.jpg 850w,\n                http:\/\/just-now.news\/de\/wp-content\/uploads\/sites\/3\/2022\/06\/62b8bb5f48fbef208b1c40c3.jpg 1960w,\n            \" ><source data-srcset=\" \nhttp:\/\/just-now.news\/de\/wp-content\/uploads\/sites\/3\/2022\/06\/62b8bb5f48fbef208b1c40c3.jpg 460w,\n              http:\/\/just-now.news\/de\/wp-content\/uploads\/sites\/3\/2022\/06\/62b8bb5f48fbef208b1c40c3.jpg 980w,\n            \" ><!--[if IE 9]><\/video><![endif]--><img decoding=\"async\" data- src=\"data:image\/png;base64,iVBORw0KGgoAAAANSUhEUgAAABAAAAAJCAQAAACRI2S5AAAAEElEQVR42mNkIAAYRxWAAQAG9gAKqv6+AwAAAABJRU5ErkJggg==\" class=\"Picture-root Picture-original lazyload\" data-src=\"http:\/\/just-now.news\/de\/wp-content\/uploads\/sites\/3\/2022\/06\/62b8bb5f48fbef208b1c40c3.jpg\" alt=\"\"><\/source><\/source><\/picture><!-- noscript pattern --><noscript><img decoding=\"async\" src=\"http:\/\/just-now.news\/de\/wp-content\/uploads\/sites\/3\/2022\/06\/62b8bb5f48fbef208b1c40c3.jpg\" alt=\"\"><\/noscript><\/div><figcaption class=\"RTImage-footer\"><span class=\"RTImage-caption\"><span class=\"RTImage-captionItem\">Qatar Petroleum (QP)<\/span><\/span><span class=\"RTImage-source\"><span class=\"RTImage-captionItem\">Nadine Rupp<\/span><span class=\"RTImage-captionItem\"> \/ Gettyimages.ru<\/span><\/span><\/figcaption><\/figure>\n<p>Aber was genau war die Rolle von Abdel-Wadood bei Abraaj? Ein Bekannter von ihm erz\u00e4hlte mir: &#8220;Diese ganze Masche von &#8216;Oh, ich bin doch nur ein armer Kerl, der da mit reingezogen wurde&#8217; ist l\u00e4cherlich. Bis zur\u00fcck ins Jahr 2007, als ich noch im Verlagswesen arbeitete, verlangte er, auf dem Cover eines unserer Magazine zu erscheinen und bei einer unserer Ehrungen eine Auszeichnung zu bekommen. Ich ging zu meinem Chef und fragte ihn: &#8216;Warte mal, warum bekommt dieser Typ ein Cover und eine Auszeichnung?&#8217; Und mein Chef antwortete mir: &#8216;Du verstehst es nicht. Dieser Typ ist derjenige, der bei Abraaj die F\u00e4den zieht, bekommt daf\u00fcr aber keine Anerkennung. Arif steckt alle Lorbeeren ein.'&#8221; Eine andere Person, der Abdel-Wadood bekannt ist, sagte mir: &#8220;Man sollte meinen, dass ein Typ, der mit Naguib Sawiris zusammengearbeitet hat, genau wusste, was er bei Abraaj tat.&#8221;<\/p>\n<p>Eine weitere Figur, deren genaue Rolle undurchsichtig bleibt, ist der Ex-Gesch\u00e4ftsf\u00fchrer von Abraaj, Sev Vettivetpillai, der mit neun Anklagen wegen krimineller Aktivit\u00e4ten und 115 Jahren Gef\u00e4ngnis konfrontiert ist und der sein Pl\u00e4doyer von nicht schuldig auf schuldig ge\u00e4ndert hat, um durch einen Handel mit den US-Beh\u00f6rden seine Gef\u00e4ngnisstrafe reduziert zu bekommen, indem er gegen Naqwi aussagen soll. Laut dem erw\u00e4hnten Buch soll er angeblich &#8220;die Last in seinem Gewissen gesp\u00fcrt haben, selbst als er sich noch mit Naqwi zu den kriminellen Taten verschworen hat&#8221;.<\/p>\n<p>W\u00e4hrend die Medien Naqwi als Drahtzieher hinter einer &#8220;globalen kriminellen Verschw\u00f6rung&#8221; beschreiben, erfreuten sich die Investoren \u2013 ebenso wie die Mitarbeiter \u2013 unter seiner F\u00fchrung an \u00fcberdurchschnittlichen Renditen. Einige Erfolgsgeschichten umfassen ein Unternehmen zur Wasseraufbereitung in den Vereinigten Arabischen Emiraten, ein Versicherungsunternehmen im Oman, ein Finanzdienstleistungsunternehmen in Katar und ein jordanisches Internetunternehmen, die alle weiterverkauft wurden, mit einen Gewinn von insgesamt 81 Millionen US-Dollar, das Dreifache der Summe, den Abraaj f\u00fcr den Kauf dieser Unternehmen investierte.<\/p>\n<p>Sogar das Kronjuwel von Fadi Ghandour, das Logistikunternehmen Aramex, verdoppelte seinen Umsatz, w\u00e4hrend es im Besitz von Abraaj war, auf 232 Millionen US-Dollar, w\u00e4hrend sich der Gewinn in nur vier Jahren auf 20 Millionen US-Dollar vervierfachte. Als Abraaj 2005 seine Anteile an dem Unternehmen an der B\u00f6rse von Dubai verkaufte, erhielt es 86 Millionen Dollar, mehr als das F\u00fcnffache der 15 Millionen Dollar, die es investiert hatte. Hunderte von Aramex-Mitarbeitern, die Aktienoptionen besa\u00dfen, teilten sich eine Auszahlung in der H\u00f6he von 14 Millionen US-Dollar.<\/p>\n<p>Abraaj bescherte den Investoren auch eine Dividende von 600 Millionen US-Dollar, nachdem er 2006 ein Viertel von EFG Hermes f\u00fcr 505 Millionen US-Dollar gekauft und die Aktien \u00fcber ein Jahr sp\u00e4ter f\u00fcr den doppelten Preis von 1,1 Milliarden US-Dollar wieder verkauft hatte. Weitere erfolgreiche Abraaj-Investitionen waren Aktien des Bauunternehmens Arabtech sowie der t\u00fcrkischen Krankenhauskette Ac\u0131badem, die Abraaj mit einem Gewinn von 355 Millionen US-Dollar an Investoren aus Malaysia und Singapur verkaufte.<\/p>\n<p>Dar\u00fcber hinaus verkaufte Abraaj seine Anteile an Integrated Diagnostics Holdings (IDH), die Kliniken f\u00fcr medizinische Tests in \u00c4gypten betreibt, bei einem B\u00f6rsengang an der Londoner B\u00f6rse im Jahr 2015, nachdem es die Gr\u00f6\u00dfe des Kliniknetzwerks von IDH verdoppelt hatte. Im Besitz von Abraaj \u00fcberlebte das Kliniknetzwerk nicht nur die Strapazen des Arabischen Fr\u00fchlings, es gelang ihm sogar noch zu gedeihen.<\/p>\n<figure class=\"RTImage-root\">\n<div class=\"RTImage-image RTImage-original\"><picture class=\"Picture-root Picture-original\"><!--[if IE 9]><video style=\"display: none;\"><![endif]--><source media=\"(-webkit-min-device-pixel-ratio: 2) and (min-resolution: 120dpi)\" data-srcset=\" \nhttp:\/\/just-now.news\/de\/wp-content\/uploads\/sites\/3\/2022\/06\/62b8bd41b480cc413a787912.jpg 850w,\n                http:\/\/just-now.news\/de\/wp-content\/uploads\/sites\/3\/2022\/06\/62b8bd41b480cc413a787912.jpg 1960w,\n            \" ><source data-srcset=\" \nhttp:\/\/just-now.news\/de\/wp-content\/uploads\/sites\/3\/2022\/06\/62b8bd41b480cc413a787912.jpg 460w,\n              http:\/\/just-now.news\/de\/wp-content\/uploads\/sites\/3\/2022\/06\/62b8bd41b480cc413a787912.jpg 980w,\n            \" ><!--[if IE 9]><\/video><![endif]--><img decoding=\"async\" data- src=\"data:image\/png;base64,iVBORw0KGgoAAAANSUhEUgAAABAAAAAJCAQAAACRI2S5AAAAEElEQVR42mNkIAAYRxWAAQAG9gAKqv6+AwAAAABJRU5ErkJggg==\" class=\"Picture-root Picture-original lazyload\" data-src=\"http:\/\/just-now.news\/de\/wp-content\/uploads\/sites\/3\/2022\/06\/62b8bd41b480cc413a787912.jpg\" alt=\"\"><\/source><\/source><\/picture><!-- noscript pattern --><noscript><img decoding=\"async\" src=\"http:\/\/just-now.news\/de\/wp-content\/uploads\/sites\/3\/2022\/06\/62b8bd41b480cc413a787912.jpg\" alt=\"\"><\/noscript><\/div><figcaption class=\"RTImage-footer\"><span class=\"RTImage-caption\"><span class=\"RTImage-captionItem\">Hafen von Dschabal Ali, Dubai<\/span><\/span><span class=\"RTImage-source\"><span class=\"RTImage-captionItem\">Thierry Dosogne<\/span><span class=\"RTImage-captionItem\"> \/ Gettyimages.ru<\/span><\/span><\/figcaption><\/figure>\n<p>Ein Investmentbanker, der f\u00fcr die Zwecke dieses Artikels lieber anonym bleiben m\u00f6chte, sagte mir: &#8220;Finanzm\u00e4rkte sind Kriegsgebiete. Sie greifen Menschen an, wenn sie Geld verlieren, und vergessen die Zeiten, in denen sie mit den selben Menschen Geld verdient haben. Abraaj hat seinen Investoren enorme Gewinne beschert. Startups geben Geld aus, bevor sie Gewinne machen und Abraaj stand kurz vor dem Durchstarten.&#8221;<\/p>\n<p>Und w\u00e4hrend die Welt vielleicht wei\u00df, wer vom Aufstieg von Abraaj profitiert hat, ist die Frage, die die Medien und die Autoren von &#8220;The Key Man&#8221; nicht angegangen sind, die Frage, wer vom Zusammenbruch von Abraaj profitiert hat. Sicherlich nicht Naqwi, dessen Auslieferung an die USA laut Gerichtsakten von einem Richter vertagt wurde, nachdem Naqwi ge\u00e4u\u00dfert hatte, &#8220;zeitweilig daran zu denken, nicht mehr leben zu wollen&#8221;. Wenn Naqwi an die USA ausgeliefert werden soll, wird er nach einem US-Gesetz verfolgt, das geschaffen wurde, um kriminelle Banden wie die Mafia zu verfolgen. Wenn Naqwi f\u00fcr schuldig befunden wird, droht ihm eine lebenslange Haftstrafe: 291 Jahre in einem US-Bundesgef\u00e4ngnis.<\/p>\n<p>Es ist ein h\u00e4rteres Urteil als das der ber\u00fcchtigtsten Kriminellen Gro\u00dfbritanniens und der USA, wie dem in Ungnade gefallenen englischen Technologieunternehmer Mike Lynch oder dem amerikanischen Betr\u00fcger Bernie Madoff, der das gr\u00f6\u00dfte Ponzi-System der Geschichte im Wert von rund 64,8 Milliarden US-Dollar betrieb.<\/p>\n<p>Die Kaution von Naqwi wurde auf 15 Millionen Pfund festgesetzt, die h\u00f6chste in der britischen Gerichtsgeschichte, w\u00e4hrend die Kaution f\u00fcr Mike Lynch bei lediglich einer Million Pfund festgesetzt wurde. Der Engl\u00e4nder, der den Preis seines Unternehmens vor dem Verkauf an ein US-Konglomerat auf 11 Milliarden Dollar in die H\u00f6he getrieben hatte, verdiente 800 Millionen Dollar mit dem Deal. Sogar der ber\u00fcchtigte Bernie Madoff wurde &#8220;nur&#8221; zu 150 Jahren Gef\u00e4ngnis verurteilt, verglichen mit den potenziellen 291 Jahren von Naqwi, w\u00e4hrend die Haftstrafe von Lynch milde 20 Jahre betr\u00e4gt.<\/p>\n<p>Was rechtfertigt also, dass die mutma\u00dflichen Verbrechen von Naqwi doppelt so hart bestraft werden wie andere? Der US-Verteidiger Michael Baldassare \u2013 der von den Anw\u00e4lten von Naqwi damit beauftragt wurde, ein Gutachten abzugeben \u2013 sagte, dass Naqwi vor US-Gerichten wahrscheinlich keine Kaution gew\u00e4hrt wird, wo Bundesrichter &#8220;ein Gesetz f\u00fcr sich selbst sind&#8221;.<\/p>\n<p>Laut dem oben erw\u00e4hnten Finanzanalysten, der anonym bleiben wollte, gibt es auch die Theorie, dass &#8220;US-Unternehmen versuchten, Marktanteile zu gewinnen, indem sie Verm\u00f6genswerte von Abraaj f\u00fcr Cents pro Dollar kauften&#8221;. Eine relevante Vorhersage wurde 2019 von Khalid Howladar, Gesch\u00e4ftsf\u00fchrer und Gr\u00fcnder des Risiko- und Regulierungsberatungsunternehmens Acreditus, ge\u00e4u\u00dfert. &#8220;Es gibt wahrscheinlich einige attraktive Verm\u00f6genswerte in der Bilanz von Abraaj und ein Verkauf von einem oder mehreren davon im Laufe des Jahres 2019 ist wahrscheinlich&#8221;, so die Zeitung <em>The National<\/em>.<\/p>\n<figure class=\"RTImage-root\">\n<div class=\"RTImage-image RTImage-original\"><picture class=\"Picture-root Picture-original\"><!--[if IE 9]><video style=\"display: none;\"><![endif]--><source media=\"(-webkit-min-device-pixel-ratio: 2) and (min-resolution: 120dpi)\" data-srcset=\" \nhttp:\/\/just-now.news\/de\/wp-content\/uploads\/sites\/3\/2022\/06\/62b8be87b480cc3a4d6429d3.jpg 850w,\n                http:\/\/just-now.news\/de\/wp-content\/uploads\/sites\/3\/2022\/06\/62b8be87b480cc3a4d6429d3.jpg 1960w,\n            \" ><source data-srcset=\" \nhttp:\/\/just-now.news\/de\/wp-content\/uploads\/sites\/3\/2022\/06\/62b8be87b480cc3a4d6429d3.jpg 460w,\n              http:\/\/just-now.news\/de\/wp-content\/uploads\/sites\/3\/2022\/06\/62b8be87b480cc3a4d6429d3.jpg 980w,\n            \" ><!--[if IE 9]><\/video><![endif]--><img decoding=\"async\" data- src=\"data:image\/png;base64,iVBORw0KGgoAAAANSUhEUgAAABAAAAAJCAQAAACRI2S5AAAAEElEQVR42mNkIAAYRxWAAQAG9gAKqv6+AwAAAABJRU5ErkJggg==\" class=\"Picture-root Picture-original lazyload\" data-src=\"http:\/\/just-now.news\/de\/wp-content\/uploads\/sites\/3\/2022\/06\/62b8be87b480cc3a4d6429d3.jpg\" alt=\"\"><\/source><\/source><\/picture><!-- noscript pattern --><noscript><img decoding=\"async\" src=\"http:\/\/just-now.news\/de\/wp-content\/uploads\/sites\/3\/2022\/06\/62b8be87b480cc3a4d6429d3.jpg\" alt=\"\"><\/noscript><\/div><figcaption class=\"RTImage-footer\"><span class=\"RTImage-caption\"><span class=\"RTImage-captionItem\">Ein Frachtschiff im Roten Meer in der N\u00e4he von Akaba, Jordanien<\/span><\/span><span class=\"RTImage-source\"><span class=\"RTImage-captionItem\">Philippe Marion<\/span><span class=\"RTImage-captionItem\"> \/ Gettyimages.ru<\/span><\/span><\/figcaption><\/figure>\n<p>Zu den Unternehmen, die f\u00fcr Abraaj bieten, geh\u00f6ren zwei der m\u00e4chtigsten und politisch bestens vernetzten Private-Equity-Firmen Amerikas, Colony Capital von Thomas Barrack und Cerberus Capital Management von Stephen Feinberg, die 125 Millionen Dollar f\u00fcr den Kauf von Abraaj boten. Sp\u00e4ter zogen beide ihr Angebot zur\u00fcck und reichten ein neues, weit niedrigeres Angebote ein. &#8220;Indem sie sich in letzter Minute zur\u00fcckzogen, \u00f6ffneten sie effektiv die T\u00fcr f\u00fcr den scheibchenweisen Verkauf von Verm\u00f6genswerten, die auch von westlichen Private-Equity-Firmen \u00fcbernommen wurden&#8221;, sagte mir derselbe Finanzanalyst, der anonym bleiben wollte.<\/p>\n<p>Laut dem Buch &#8220;The Key Man&#8221; unterbreitete sogar Obamas ehemalige Handelsministerin Penny Pritzker ein Angebot zum Kauf von Abraaj \u00fcber eine Gruppe, von der sie sagte, dass sie &#8220;bedeutende Beziehungen auf den h\u00f6chsten Ebenen der Regierung und des privaten Sektors habe, die, wie Sie wissen, entscheidend sein k\u00f6nnen, um Wachstumschancen in Schwellenl\u00e4ndern zu erschlie\u00dfen&#8221;.<\/p>\n<p>Es stellt sich die Frage, warum die Ex-Handelsministerin des ehemaligen US-Pr\u00e4sidenten an einem Unternehmen aus dem Nahen Osten wie Abraaj interessiert ist. Es sei denn, Naqwi hat etwas so Wertvolles aufgebaut, dass F\u00fchrungskr\u00e4fte auf den h\u00f6chsten Ebenen der US-Regierung auch nach dem Zusammenbruch ein Auge darauf werfen wollten.<\/p>\n<p>Alle Angebote, Abraaj als Firma zu kaufen, scheiterten, sodass die Liquidatoren das Unternehmen schlie\u00dflich aufl\u00f6sten und scheibchenweise verkauften, und zwar zu Ramschpreisen, wie mir meine Quellen sagten. Laut dem Buch &#8220;The Key Man&#8221; k\u00f6nnte der Kauf von Verm\u00f6genswerten von Abraaj den K\u00e4ufern erm\u00f6glichen, in neuen M\u00e4rkten in Afrika, Asien und Lateinamerika Fu\u00df zu fassen. Einige behaupten, dass damit ironischerweise das Argument von Naqwi best\u00e4tigt wird, dass Wachstumsm\u00e4rkte \u2013 wie er sie nannte \u2013 die Zukunft seien.<\/p>\n<p>Und so verabschiede ich mich von einem Mann, der den Rest seiner Tage in einer f\u00fcnf Quadratmeter gro\u00dfen Gef\u00e4ngniszelle verbringen wird. Heute ist ein k\u00fchler Tag in London. Ich lehne es jedoch ab, ein Taxi zur\u00fcck zu meinem Hotel zu nehmen und beschlie\u00dfe stattdessen zu Fu\u00df zu gehen. Ich habe eine neue Wertsch\u00e4tzung f\u00fcr den Begriff Freiheit gefunden.<\/p>\n<p><em>\u00dcbersetzt aus dem <a rel=\"nofollow noopener\" target=\"_blank\" href=\"https:\/\/www.rt.com\/news\/556692-abraaj-group-investment-arif-naqvi\/\">Englischen<\/a>.<\/em><\/p>\n<p><em>Lubna Hamdan ist Journalistin und Moderatorin einer Wirtschaftstalkshow, ehemalige Redakteurin bei <a rel=\"nofollow noopener\" target=\"_blank\" href=\"http:\/\/arabianbusiness.com\/\">arabianbusiness.com<\/a> und Journalistin f\u00fcr RT.<\/em><\/p>\n<p><strong>Mehr zum Thema<\/strong> &#8211; <a rel=\"nofollow noopener\" target=\"_blank\" href=\"https:\/\/de.rt.com\/meinung\/140212-weltwirtschaft-deutschland-auf-dem-falschen-dampfer\/\">Weltwirtschaft: Deutschland auf dem falschen Dampfer<\/a><\/p>\n<\/p>\n<\/div>\n<p><br \/>\n<br \/><a href=\"https:\/\/de.rt.com\/meinung\/142005-291-jahre-haft-geschichte-hinter\/\">Source link <\/a><\/p>\n","protected":false},"excerpt":{"rendered":"<p>Die RT-Journalistin Lubna Hamdan sprach mit Arif Naqwi, einem Unternehmer, der beschuldigt wird, einige der m\u00e4chtigsten Menschen des Planeten bestohlen zu haben. Ihm drohen nun 291 Jahre Haft in einem US-Gef\u00e4ngnis. von Lubna Hamdan Es ist ein k\u00fchler Tag in London. Ich betrete einen Mitgliederclub im eleganten Stadtteil Mayfair, wo ich ein Treffen haben werde, [&hellip;]<\/p>\n","protected":false},"author":3,"featured_media":12139,"comment_status":"open","ping_status":"open","sticky":false,"template":"","format":"standard","meta":{"wp_automatic_camp":["217"],"72b67306977a8355824997e8a55f36cc":["291 Jahre Haft \u2013 Die Geschichte hinter dem Aus der gr\u00f6\u00dften Private-Equity-Gesellschaft in Nahost"],"original_link":["https:\/\/de.rt.com\/meinung\/142005-291-jahre-haft-geschichte-hinter\/"],"_thumbnail_id":["12139"],"_wptg_p2tg_sent2tg":["2022-06-28 07:10:16"],"jnews_social_counter_last_update":["1777123648"]},"categories":[19,23],"tags":[679,134,82,45,851,14435,19011,4440,7530,20000,26021],"yoast_head":"<!-- This site is optimized with the Yoast SEO Premium plugin v22.7 (Yoast SEO v22.7) - https:\/\/yoast.com\/wordpress\/plugins\/seo\/ -->\n<title>291 Jahre Haft \u2013 Die Geschichte hinter dem Aus der gr\u00f6\u00dften Private-Equity-Gesellschaft in Nahost - just-now.NEWS Deutschland<\/title>\n<meta name=\"robots\" content=\"index, follow, max-snippet:-1, max-image-preview:large, max-video-preview:-1\" \/>\n<link rel=\"canonical\" href=\"https:\/\/now-news.de\/de\/deutschland\/291-jahre-haft-die-geschichte-hinter-dem-aus-der-groessten-private-equity-gesellschaft-in-nahost\/\" \/>\n<meta property=\"og:locale\" content=\"de_DE\" \/>\n<meta property=\"og:type\" content=\"article\" \/>\n<meta property=\"og:title\" content=\"291 Jahre Haft \u2013 Die Geschichte hinter dem Aus der gr\u00f6\u00dften Private-Equity-Gesellschaft in Nahost\" \/>\n<meta property=\"og:description\" content=\"Die RT-Journalistin Lubna Hamdan sprach mit Arif Naqwi, einem Unternehmer, der beschuldigt wird, einige der m\u00e4chtigsten Menschen des Planeten bestohlen zu haben. Ihm drohen nun 291 Jahre Haft in einem US-Gef\u00e4ngnis. von Lubna Hamdan Es ist ein k\u00fchler Tag in London. Ich betrete einen Mitgliederclub im eleganten Stadtteil Mayfair, wo ich ein Treffen haben werde, [&hellip;]\" \/>\n<meta property=\"og:url\" content=\"https:\/\/now-news.de\/de\/deutschland\/291-jahre-haft-die-geschichte-hinter-dem-aus-der-groessten-private-equity-gesellschaft-in-nahost\/\" \/>\n<meta property=\"og:site_name\" content=\"just-now.NEWS Deutschland\" \/>\n<meta property=\"article:publisher\" content=\"https:\/\/www.facebook.com\/wirmachenauf\" \/>\n<meta property=\"article:published_time\" content=\"2022-06-28T04:30:56+00:00\" \/>\n<meta property=\"og:image\" content=\"https:\/\/now-news.de\/de\/wp-content\/uploads\/sites\/3\/2022\/06\/291-Jahre-Haft-\u2013-Die-Geschichte-hinter-dem-Aus-der.jpg\" \/>\n\t<meta property=\"og:image:width\" content=\"1240\" \/>\n\t<meta property=\"og:image:height\" content=\"827\" \/>\n\t<meta property=\"og:image:type\" content=\"image\/jpeg\" \/>\n<meta name=\"author\" content=\"rtnews\" \/>\n<meta name=\"twitter:card\" content=\"summary_large_image\" \/>\n<meta name=\"twitter:creator\" content=\"@WirMachenAuf_de\" \/>\n<meta name=\"twitter:site\" content=\"@WirMachenAuf_de\" \/>\n<meta name=\"twitter:label1\" content=\"Verfasst von\" \/>\n\t<meta name=\"twitter:data1\" content=\"rtnews\" \/>\n\t<meta name=\"twitter:label2\" content=\"Gesch\u00e4tzte Lesezeit\" \/>\n\t<meta name=\"twitter:data2\" content=\"15\u00a0Minuten\" \/>\n<script type=\"application\/ld+json\" class=\"yoast-schema-graph\">{\"@context\":\"https:\/\/schema.org\",\"@graph\":[{\"@type\":\"Article\",\"@id\":\"https:\/\/now-news.de\/de\/deutschland\/291-jahre-haft-die-geschichte-hinter-dem-aus-der-groessten-private-equity-gesellschaft-in-nahost\/#article\",\"isPartOf\":{\"@id\":\"https:\/\/now-news.de\/de\/deutschland\/291-jahre-haft-die-geschichte-hinter-dem-aus-der-groessten-private-equity-gesellschaft-in-nahost\/\"},\"author\":{\"name\":\"rtnews\",\"@id\":\"https:\/\/now-news.de\/de\/#\/schema\/person\/fb534a4e865501d8b3285208df34a9b5\"},\"headline\":\"291 Jahre Haft \u2013 Die Geschichte hinter dem Aus der gr\u00f6\u00dften Private-Equity-Gesellschaft in Nahost\",\"datePublished\":\"2022-06-28T04:30:56+00:00\",\"dateModified\":\"2022-06-28T04:30:56+00:00\",\"mainEntityOfPage\":{\"@id\":\"https:\/\/now-news.de\/de\/deutschland\/291-jahre-haft-die-geschichte-hinter-dem-aus-der-groessten-private-equity-gesellschaft-in-nahost\/\"},\"wordCount\":3014,\"commentCount\":0,\"publisher\":{\"@id\":\"https:\/\/now-news.de\/de\/#organization\"},\"image\":{\"@id\":\"https:\/\/now-news.de\/de\/deutschland\/291-jahre-haft-die-geschichte-hinter-dem-aus-der-groessten-private-equity-gesellschaft-in-nahost\/#primaryimage\"},\"thumbnailUrl\":\"https:\/\/now-news.de\/de\/wp-content\/uploads\/sites\/3\/2022\/06\/291-Jahre-Haft-\u2013-Die-Geschichte-hinter-dem-Aus-der.jpg\",\"keywords\":[\"aus\",\"DEM\",\"der\",\"die\",\"Geschichte\",\"gr\u00f6\u00dften\",\"Haft\",\"hinter\",\"Jahre\",\"Nahost\",\"PrivateEquityGesellschaft\"],\"articleSection\":[\"Deutschland\",\"Russland\"],\"inLanguage\":\"de\",\"potentialAction\":[{\"@type\":\"CommentAction\",\"name\":\"Comment\",\"target\":[\"https:\/\/now-news.de\/de\/deutschland\/291-jahre-haft-die-geschichte-hinter-dem-aus-der-groessten-private-equity-gesellschaft-in-nahost\/#respond\"]}]},{\"@type\":\"WebPage\",\"@id\":\"https:\/\/now-news.de\/de\/deutschland\/291-jahre-haft-die-geschichte-hinter-dem-aus-der-groessten-private-equity-gesellschaft-in-nahost\/\",\"url\":\"https:\/\/now-news.de\/de\/deutschland\/291-jahre-haft-die-geschichte-hinter-dem-aus-der-groessten-private-equity-gesellschaft-in-nahost\/\",\"name\":\"291 Jahre Haft \u2013 Die Geschichte hinter dem Aus der gr\u00f6\u00dften Private-Equity-Gesellschaft in Nahost - just-now.NEWS Deutschland\",\"isPartOf\":{\"@id\":\"https:\/\/now-news.de\/de\/#website\"},\"primaryImageOfPage\":{\"@id\":\"https:\/\/now-news.de\/de\/deutschland\/291-jahre-haft-die-geschichte-hinter-dem-aus-der-groessten-private-equity-gesellschaft-in-nahost\/#primaryimage\"},\"image\":{\"@id\":\"https:\/\/now-news.de\/de\/deutschland\/291-jahre-haft-die-geschichte-hinter-dem-aus-der-groessten-private-equity-gesellschaft-in-nahost\/#primaryimage\"},\"thumbnailUrl\":\"https:\/\/now-news.de\/de\/wp-content\/uploads\/sites\/3\/2022\/06\/291-Jahre-Haft-\u2013-Die-Geschichte-hinter-dem-Aus-der.jpg\",\"datePublished\":\"2022-06-28T04:30:56+00:00\",\"dateModified\":\"2022-06-28T04:30:56+00:00\",\"breadcrumb\":{\"@id\":\"https:\/\/now-news.de\/de\/deutschland\/291-jahre-haft-die-geschichte-hinter-dem-aus-der-groessten-private-equity-gesellschaft-in-nahost\/#breadcrumb\"},\"inLanguage\":\"de\",\"potentialAction\":[{\"@type\":\"ReadAction\",\"target\":[\"https:\/\/now-news.de\/de\/deutschland\/291-jahre-haft-die-geschichte-hinter-dem-aus-der-groessten-private-equity-gesellschaft-in-nahost\/\"]}]},{\"@type\":\"ImageObject\",\"inLanguage\":\"de\",\"@id\":\"https:\/\/now-news.de\/de\/deutschland\/291-jahre-haft-die-geschichte-hinter-dem-aus-der-groessten-private-equity-gesellschaft-in-nahost\/#primaryimage\",\"url\":\"https:\/\/now-news.de\/de\/wp-content\/uploads\/sites\/3\/2022\/06\/291-Jahre-Haft-\u2013-Die-Geschichte-hinter-dem-Aus-der.jpg\",\"contentUrl\":\"https:\/\/now-news.de\/de\/wp-content\/uploads\/sites\/3\/2022\/06\/291-Jahre-Haft-\u2013-Die-Geschichte-hinter-dem-Aus-der.jpg\",\"width\":1240,\"height\":827,\"caption\":\"291 Jahre Haft \u2013 Die Geschichte hinter dem Aus der gr\u00f6\u00dften Private-Equity-Gesellschaft in Nahost\"},{\"@type\":\"BreadcrumbList\",\"@id\":\"https:\/\/now-news.de\/de\/deutschland\/291-jahre-haft-die-geschichte-hinter-dem-aus-der-groessten-private-equity-gesellschaft-in-nahost\/#breadcrumb\",\"itemListElement\":[{\"@type\":\"ListItem\",\"position\":1,\"name\":\"Home\",\"item\":\"https:\/\/now-news.de\/de\/\"},{\"@type\":\"ListItem\",\"position\":2,\"name\":\"291 Jahre Haft \u2013 Die Geschichte hinter dem Aus der gr\u00f6\u00dften Private-Equity-Gesellschaft in Nahost\"}]},{\"@type\":\"WebSite\",\"@id\":\"https:\/\/now-news.de\/de\/#website\",\"url\":\"https:\/\/now-news.de\/de\/\",\"name\":\"just-now.NEWS Deutschland\",\"description\":\"Das Portal f\u00fcr unzensierte Nachrichten aus der Welt\",\"publisher\":{\"@id\":\"https:\/\/now-news.de\/de\/#organization\"},\"potentialAction\":[{\"@type\":\"SearchAction\",\"target\":{\"@type\":\"EntryPoint\",\"urlTemplate\":\"https:\/\/now-news.de\/de\/?s={search_term_string}\"},\"query-input\":\"required name=search_term_string\"}],\"inLanguage\":\"de\"},{\"@type\":\"Organization\",\"@id\":\"https:\/\/now-news.de\/de\/#organization\",\"name\":\"Just Now News\",\"url\":\"https:\/\/now-news.de\/de\/\",\"logo\":{\"@type\":\"ImageObject\",\"inLanguage\":\"de\",\"@id\":\"https:\/\/now-news.de\/de\/#\/schema\/logo\/image\/\",\"url\":\"http:\/\/just-now.news\/de\/wp-content\/uploads\/sites\/3\/2022\/04\/logo500x500.jpg\",\"contentUrl\":\"http:\/\/just-now.news\/de\/wp-content\/uploads\/sites\/3\/2022\/04\/logo500x500.jpg\",\"width\":500,\"height\":500,\"caption\":\"Just Now News\"},\"image\":{\"@id\":\"https:\/\/now-news.de\/de\/#\/schema\/logo\/image\/\"},\"sameAs\":[\"https:\/\/www.facebook.com\/wirmachenauf\",\"https:\/\/x.com\/WirMachenAuf_de\"]},{\"@type\":\"Person\",\"@id\":\"https:\/\/now-news.de\/de\/#\/schema\/person\/fb534a4e865501d8b3285208df34a9b5\",\"name\":\"rtnews\",\"image\":{\"@type\":\"ImageObject\",\"inLanguage\":\"de\",\"@id\":\"https:\/\/now-news.de\/de\/#\/schema\/person\/image\/\",\"url\":\"https:\/\/secure.gravatar.com\/avatar\/82aafea7d8127119dd649515f56e2117?s=96&d=mm&r=g\",\"contentUrl\":\"https:\/\/secure.gravatar.com\/avatar\/82aafea7d8127119dd649515f56e2117?s=96&d=mm&r=g\",\"caption\":\"rtnews\"},\"url\":\"https:\/\/now-news.de\/de\/author\/rnews\/\"}]}<\/script>\n<!-- \/ Yoast SEO Premium plugin. -->","yoast_head_json":{"title":"291 Jahre Haft \u2013 Die Geschichte hinter dem Aus der gr\u00f6\u00dften Private-Equity-Gesellschaft in Nahost - just-now.NEWS Deutschland","robots":{"index":"index","follow":"follow","max-snippet":"max-snippet:-1","max-image-preview":"max-image-preview:large","max-video-preview":"max-video-preview:-1"},"canonical":"https:\/\/now-news.de\/de\/deutschland\/291-jahre-haft-die-geschichte-hinter-dem-aus-der-groessten-private-equity-gesellschaft-in-nahost\/","og_locale":"de_DE","og_type":"article","og_title":"291 Jahre Haft \u2013 Die Geschichte hinter dem Aus der gr\u00f6\u00dften Private-Equity-Gesellschaft in Nahost","og_description":"Die RT-Journalistin Lubna Hamdan sprach mit Arif Naqwi, einem Unternehmer, der beschuldigt wird, einige der m\u00e4chtigsten Menschen des Planeten bestohlen zu haben. Ihm drohen nun 291 Jahre Haft in einem US-Gef\u00e4ngnis. von Lubna Hamdan Es ist ein k\u00fchler Tag in London. Ich betrete einen Mitgliederclub im eleganten Stadtteil Mayfair, wo ich ein Treffen haben werde, [&hellip;]","og_url":"https:\/\/now-news.de\/de\/deutschland\/291-jahre-haft-die-geschichte-hinter-dem-aus-der-groessten-private-equity-gesellschaft-in-nahost\/","og_site_name":"just-now.NEWS Deutschland","article_publisher":"https:\/\/www.facebook.com\/wirmachenauf","article_published_time":"2022-06-28T04:30:56+00:00","og_image":[{"width":1240,"height":827,"url":"https:\/\/now-news.de\/de\/wp-content\/uploads\/sites\/3\/2022\/06\/291-Jahre-Haft-\u2013-Die-Geschichte-hinter-dem-Aus-der.jpg","type":"image\/jpeg"}],"author":"rtnews","twitter_card":"summary_large_image","twitter_creator":"@WirMachenAuf_de","twitter_site":"@WirMachenAuf_de","twitter_misc":{"Verfasst von":"rtnews","Gesch\u00e4tzte Lesezeit":"15\u00a0Minuten"},"schema":{"@context":"https:\/\/schema.org","@graph":[{"@type":"Article","@id":"https:\/\/now-news.de\/de\/deutschland\/291-jahre-haft-die-geschichte-hinter-dem-aus-der-groessten-private-equity-gesellschaft-in-nahost\/#article","isPartOf":{"@id":"https:\/\/now-news.de\/de\/deutschland\/291-jahre-haft-die-geschichte-hinter-dem-aus-der-groessten-private-equity-gesellschaft-in-nahost\/"},"author":{"name":"rtnews","@id":"https:\/\/now-news.de\/de\/#\/schema\/person\/fb534a4e865501d8b3285208df34a9b5"},"headline":"291 Jahre Haft \u2013 Die Geschichte hinter dem Aus der gr\u00f6\u00dften Private-Equity-Gesellschaft in Nahost","datePublished":"2022-06-28T04:30:56+00:00","dateModified":"2022-06-28T04:30:56+00:00","mainEntityOfPage":{"@id":"https:\/\/now-news.de\/de\/deutschland\/291-jahre-haft-die-geschichte-hinter-dem-aus-der-groessten-private-equity-gesellschaft-in-nahost\/"},"wordCount":3014,"commentCount":0,"publisher":{"@id":"https:\/\/now-news.de\/de\/#organization"},"image":{"@id":"https:\/\/now-news.de\/de\/deutschland\/291-jahre-haft-die-geschichte-hinter-dem-aus-der-groessten-private-equity-gesellschaft-in-nahost\/#primaryimage"},"thumbnailUrl":"https:\/\/now-news.de\/de\/wp-content\/uploads\/sites\/3\/2022\/06\/291-Jahre-Haft-\u2013-Die-Geschichte-hinter-dem-Aus-der.jpg","keywords":["aus","DEM","der","die","Geschichte","gr\u00f6\u00dften","Haft","hinter","Jahre","Nahost","PrivateEquityGesellschaft"],"articleSection":["Deutschland","Russland"],"inLanguage":"de","potentialAction":[{"@type":"CommentAction","name":"Comment","target":["https:\/\/now-news.de\/de\/deutschland\/291-jahre-haft-die-geschichte-hinter-dem-aus-der-groessten-private-equity-gesellschaft-in-nahost\/#respond"]}]},{"@type":"WebPage","@id":"https:\/\/now-news.de\/de\/deutschland\/291-jahre-haft-die-geschichte-hinter-dem-aus-der-groessten-private-equity-gesellschaft-in-nahost\/","url":"https:\/\/now-news.de\/de\/deutschland\/291-jahre-haft-die-geschichte-hinter-dem-aus-der-groessten-private-equity-gesellschaft-in-nahost\/","name":"291 Jahre Haft \u2013 Die Geschichte hinter dem Aus der gr\u00f6\u00dften Private-Equity-Gesellschaft in Nahost - just-now.NEWS Deutschland","isPartOf":{"@id":"https:\/\/now-news.de\/de\/#website"},"primaryImageOfPage":{"@id":"https:\/\/now-news.de\/de\/deutschland\/291-jahre-haft-die-geschichte-hinter-dem-aus-der-groessten-private-equity-gesellschaft-in-nahost\/#primaryimage"},"image":{"@id":"https:\/\/now-news.de\/de\/deutschland\/291-jahre-haft-die-geschichte-hinter-dem-aus-der-groessten-private-equity-gesellschaft-in-nahost\/#primaryimage"},"thumbnailUrl":"https:\/\/now-news.de\/de\/wp-content\/uploads\/sites\/3\/2022\/06\/291-Jahre-Haft-\u2013-Die-Geschichte-hinter-dem-Aus-der.jpg","datePublished":"2022-06-28T04:30:56+00:00","dateModified":"2022-06-28T04:30:56+00:00","breadcrumb":{"@id":"https:\/\/now-news.de\/de\/deutschland\/291-jahre-haft-die-geschichte-hinter-dem-aus-der-groessten-private-equity-gesellschaft-in-nahost\/#breadcrumb"},"inLanguage":"de","potentialAction":[{"@type":"ReadAction","target":["https:\/\/now-news.de\/de\/deutschland\/291-jahre-haft-die-geschichte-hinter-dem-aus-der-groessten-private-equity-gesellschaft-in-nahost\/"]}]},{"@type":"ImageObject","inLanguage":"de","@id":"https:\/\/now-news.de\/de\/deutschland\/291-jahre-haft-die-geschichte-hinter-dem-aus-der-groessten-private-equity-gesellschaft-in-nahost\/#primaryimage","url":"https:\/\/now-news.de\/de\/wp-content\/uploads\/sites\/3\/2022\/06\/291-Jahre-Haft-\u2013-Die-Geschichte-hinter-dem-Aus-der.jpg","contentUrl":"https:\/\/now-news.de\/de\/wp-content\/uploads\/sites\/3\/2022\/06\/291-Jahre-Haft-\u2013-Die-Geschichte-hinter-dem-Aus-der.jpg","width":1240,"height":827,"caption":"291 Jahre Haft \u2013 Die Geschichte hinter dem Aus der gr\u00f6\u00dften Private-Equity-Gesellschaft in Nahost"},{"@type":"BreadcrumbList","@id":"https:\/\/now-news.de\/de\/deutschland\/291-jahre-haft-die-geschichte-hinter-dem-aus-der-groessten-private-equity-gesellschaft-in-nahost\/#breadcrumb","itemListElement":[{"@type":"ListItem","position":1,"name":"Home","item":"https:\/\/now-news.de\/de\/"},{"@type":"ListItem","position":2,"name":"291 Jahre Haft \u2013 Die Geschichte hinter dem Aus der gr\u00f6\u00dften Private-Equity-Gesellschaft in Nahost"}]},{"@type":"WebSite","@id":"https:\/\/now-news.de\/de\/#website","url":"https:\/\/now-news.de\/de\/","name":"just-now.NEWS Deutschland","description":"Das Portal f\u00fcr unzensierte Nachrichten aus der Welt","publisher":{"@id":"https:\/\/now-news.de\/de\/#organization"},"potentialAction":[{"@type":"SearchAction","target":{"@type":"EntryPoint","urlTemplate":"https:\/\/now-news.de\/de\/?s={search_term_string}"},"query-input":"required name=search_term_string"}],"inLanguage":"de"},{"@type":"Organization","@id":"https:\/\/now-news.de\/de\/#organization","name":"Just Now News","url":"https:\/\/now-news.de\/de\/","logo":{"@type":"ImageObject","inLanguage":"de","@id":"https:\/\/now-news.de\/de\/#\/schema\/logo\/image\/","url":"http:\/\/just-now.news\/de\/wp-content\/uploads\/sites\/3\/2022\/04\/logo500x500.jpg","contentUrl":"http:\/\/just-now.news\/de\/wp-content\/uploads\/sites\/3\/2022\/04\/logo500x500.jpg","width":500,"height":500,"caption":"Just Now News"},"image":{"@id":"https:\/\/now-news.de\/de\/#\/schema\/logo\/image\/"},"sameAs":["https:\/\/www.facebook.com\/wirmachenauf","https:\/\/x.com\/WirMachenAuf_de"]},{"@type":"Person","@id":"https:\/\/now-news.de\/de\/#\/schema\/person\/fb534a4e865501d8b3285208df34a9b5","name":"rtnews","image":{"@type":"ImageObject","inLanguage":"de","@id":"https:\/\/now-news.de\/de\/#\/schema\/person\/image\/","url":"https:\/\/secure.gravatar.com\/avatar\/82aafea7d8127119dd649515f56e2117?s=96&d=mm&r=g","contentUrl":"https:\/\/secure.gravatar.com\/avatar\/82aafea7d8127119dd649515f56e2117?s=96&d=mm&r=g","caption":"rtnews"},"url":"https:\/\/now-news.de\/de\/author\/rnews\/"}]}},"_links":{"self":[{"href":"https:\/\/now-news.de\/de\/wp-json\/wp\/v2\/posts\/12138"}],"collection":[{"href":"https:\/\/now-news.de\/de\/wp-json\/wp\/v2\/posts"}],"about":[{"href":"https:\/\/now-news.de\/de\/wp-json\/wp\/v2\/types\/post"}],"author":[{"embeddable":true,"href":"https:\/\/now-news.de\/de\/wp-json\/wp\/v2\/users\/3"}],"replies":[{"embeddable":true,"href":"https:\/\/now-news.de\/de\/wp-json\/wp\/v2\/comments?post=12138"}],"version-history":[{"count":0,"href":"https:\/\/now-news.de\/de\/wp-json\/wp\/v2\/posts\/12138\/revisions"}],"wp:featuredmedia":[{"embeddable":true,"href":"https:\/\/now-news.de\/de\/wp-json\/wp\/v2\/media\/12139"}],"wp:attachment":[{"href":"https:\/\/now-news.de\/de\/wp-json\/wp\/v2\/media?parent=12138"}],"wp:term":[{"taxonomy":"category","embeddable":true,"href":"https:\/\/now-news.de\/de\/wp-json\/wp\/v2\/categories?post=12138"},{"taxonomy":"post_tag","embeddable":true,"href":"https:\/\/now-news.de\/de\/wp-json\/wp\/v2\/tags?post=12138"}],"curies":[{"name":"wp","href":"https:\/\/api.w.org\/{rel}","templated":true}]}}