{"id":12099,"date":"2022-06-27T20:33:35","date_gmt":"2022-06-27T18:33:35","guid":{"rendered":"http:\/\/just-now.news\/de\/deutschland\/mit-luegen-gegen-russland-die-minsker-abkommen-und-die-doppelmoral-des-westens\/"},"modified":"2022-06-27T20:33:35","modified_gmt":"2022-06-27T18:33:35","slug":"mit-luegen-gegen-russland-die-minsker-abkommen-und-die-doppelmoral-des-westens","status":"publish","type":"post","link":"https:\/\/now-news.de\/de\/deutschland\/mit-luegen-gegen-russland-die-minsker-abkommen-und-die-doppelmoral-des-westens\/","title":{"rendered":"Mit L\u00fcgen gegen Russland \u2013 Die Minsker Abkommen und die Doppelmoral des Westens"},"content":{"rendered":"<p><img decoding=\"async\" src=\"http:\/\/just-now.news\/de\/wp-content\/uploads\/sites\/3\/2022\/06\/62b9644fb480cc152616dc74.jpg\" \/><\/p>\n<div class=\"Text-root Text-type_1 \">\n                Wie der ehemalige ukrainische Pr\u00e4sident Poroschenko unl\u00e4ngst offen eingestanden hat, diente das zweite Abkommen von Minsk dem Ziel, der Ukraine im Donbass-Konflikt Zeit zu verschaffen. Die Lage in der Ukraine entbl\u00f6\u00dft das bekannte westliche Muster aus L\u00fcgen, gebrochenen Vertr\u00e4gen und Doppelmoral.\n            <\/div>\n<p><\/p>\n<div class=\"Text-root Text-type_5 ArticleView-text ViewText-root \">\n<p><em>von Michael Pflugfelder<\/em><\/p>\n<p><strong>Westliche Garantien und die L\u00fcge von Minsk II<\/strong><\/p>\n<p>Vergangene Woche hat die EU der Ukraine und Moldawien den Status von EU-Beitrittskandidaten gew\u00e4hrt. Die meisten westlichen Staats- und Regierungschefs feierten dies als eine Art gro\u00dfe Errungenschaft. Der franz\u00f6sische Pr\u00e4sident Emmanuel Macron sprach von einer &#8220;politischen Geste&#8221;, die ein &#8220;starkes Signal&#8221; an Russland sende.<\/p>\n<p>Was f\u00fcr ein Signal soll das sein? Dass der Westen Kiew weiterhin gegen Moskau den R\u00fccken st\u00e4rken wird? Wie er es auch bei Minsk II. tat, als Paris und Berlin Garantieversprechen unterzeichneten, die sie anscheinend nie zu erf\u00fcllen gewillt waren?<\/p>\n<p>Seit einigen Wochen ist es kein Geheimnis mehr, warum Kiew nie die in Minsk II. vorgeschriebenen Punkte zur L\u00f6sung des Konfliktes im Donbass erf\u00fcllt hatte. Das Abkommen sollte der Ukraine, deren Armee im Osten am Verlieren war, blo\u00df Zeit verschaffen. Dies gab der ehemalige ukrainische Pr\u00e4sident Petro Poroschenko j\u00fcngst gegen\u00fcber mehreren westlichen Medien offen zu. Es sei ein Ablenkungsman\u00f6ver gewesen, um Kiew Zeit f\u00fcr den Wiederaufbau seines Milit\u00e4rs zu geben.<\/p>\n<p>Die Garantien Deutschlands und Frankreichs dar\u00fcber, dass sie die Ukraine zur Umsetzung der im Abkommen vorgesehenen 13 Punkte der Deeskalation bewegen w\u00fcrden, waren keinen Pfennig wert, denn nichts dergleichen geschah. Im Laufe von sieben Jahren beschoss Kiew Wohngebiete im Donbass mit Artillerie, viele unschuldige Zivilisten, darunter auch Kinder, wurden get\u00f6tet.<\/p>\n<p>Mehr noch: Washington, das kein Unterzeichnerstaat des Abkommens ist, behielt es sich noch unter dem Friedensnobelpreistr\u00e4ger Barack Obama vor, das ukrainische Milit\u00e4r aufzur\u00fcsten. Die USA lieferten schwere Waffen und bildeten laut dem Ex-Inspektor der UNO und US-Offizier Scott Ritter ukrainische Soldaten einschlie\u00dflich Neonazi-Gruppen aus. Wozu das alles? H\u00e4tte Kiew das Abkommen erf\u00fcllt, w\u00e4re eine friedliche Reintegration der damals von niemandem anerkannten Volksrepubliken Donezk und Lugansk in die Ukraine geschehen und der B\u00fcrgerkrieg w\u00e4re vorbei gewesen.<\/p>\n<p>Doch die Aufr\u00fcstung der ukrainischen Armee diente anscheinend einem h\u00f6heren Ziel, denn der auf dem Maidan vom Westen in die Wege geleitete Umsturz in Kiew sollte das Land zunehmend an die NATO binden. Nachdem die NATO trotz der einst gemachten Versprechen an Moskau, nicht weiter vorzur\u00fccken, osteurop\u00e4ische Staaten unter ihre Fittiche nahm und an die russischen Grenzen vorstie\u00df, begann man von einer Mitgliedschaft der Ukraine zu sprechen. Poroschenko verankerte das Beitrittsziel sogar in der ukrainischen Verfassung.<\/p>\n<p><strong>Signale und Sanktionen<\/strong><\/p>\n<p>Jahrelang h\u00f6rte man aus Washington, Br\u00fcssel und weiteren westlichen Hauptst\u00e4dten, dass der eine oder andere Schritt des Westens, so zum Beispiel Sanktionen, Signale an Russland seien. Doch was sollten diese Signale wirklich bedeuten? Dass man sich den Positionen des Westens zu f\u00fcgen habe, sonst &#8230; Sonst was? Weitere Sanktionen? Oder will der Westen nun mit einem Atomkrieg Moskau seinen Willen aufzwingen?<\/p>\n<p>Der Gr\u00f6\u00dfenwahn Europas und sp\u00e4ter auch der USA, immer &#8220;Recht zu behalten&#8221; und die &#8220;einzige tats\u00e4chliche Wahrheit auf der Welt&#8221; zu vertreten, hat bereits zig Millionen Menschenleben gekostet. Angefangen bei den Kreuzz\u00fcgen \u00fcber die Kolonialisierung und Versklavung ganzer V\u00f6lker, denen man angeblich &#8220;die Zivilisation&#8221; brachte, bis hin zur &#8220;Demokratisierung&#8221; der Welt in L\u00e4ndern wie Afghanistan, Libyen und Syrien. Der Westen sieht sich stets im Recht, seine Interessen mit Gewalt durchzusetzen.<\/p>\n<p>Doch zur\u00fcck zu den &#8220;Signalen&#8221;. Welches Signal sendet ein derartiges Vorgehen des Westens in Bezug auf die Ukraine tats\u00e4chlich an den Rest der Welt? Trotz der dominanten Positionen der USA und ihrer Verb\u00fcndeten in den wichtigsten internationalen Organisationen wie der UNO und den globalen Medien ist es dem Westen nicht gelungen, den Rest der Welt gegen Russland aufzubringen.<\/p>\n<p>Nur wenige Staaten weltweit unterst\u00fctzen die Sanktionen gegen Moskau. Daher versucht vor allem die Weltpolizei USA, andere mit Druck dazu zu bewegen, die Beschr\u00e4nkungen umzusetzen. Dabei verbreiten sogenannte Sekund\u00e4rsanktionen weltweit zus\u00e4tzlich Schrecken. Angesichts dieser Sanktionen tun wirtschaftsschwache Staaten wie zum Beispiel Sri Lanka, das vor kurzem ein russisches Flugzeug beschlagnahmte, das N\u00f6tigste, um vom westlichen Groll verschont zu bleiben.<\/p>\n<p>Wieder einmal sehen wir, wie der &#8220;zivilisierte&#8221; Westen seine Position anderen L\u00e4ndern weltweit aufzuzwingen versucht, denn nur er wei\u00df, was &#8220;richtig&#8221; ist. Wie damals, als er Jugoslawien zerbombte. Hat damals jemand Sanktionen gegen NATO-Staaten verh\u00e4ngt, nachdem das Milit\u00e4rb\u00fcndnis Belgrad bombardiert hatte? Nat\u00fcrlich nicht, denn der Westen hat scheinbar ein inoffizielles T\u00f6tungsmandat.<\/p>\n<p><strong>Westliche Werte\u00a0\u00a0\u00a0\u00a0\u00a0\u00a0\u00a0\u00a0\u00a0\u00a0\u00a0\u00a0\u00a0\u00a0\u00a0\u00a0\u00a0\u00a0\u00a0\u00a0\u00a0\u00a0\u00a0\u00a0\u00a0\u00a0\u00a0\u00a0\u00a0\u00a0\u00a0\u00a0\u00a0\u00a0\u00a0 <\/strong><\/p>\n<p>Zur\u00fcck zu Macron. Dieser bezeichnete die Verleihung des EU-Kandidatenstatus an die Ukraine nicht nur als &#8220;eine sehr starke Botschaft&#8221;, sondern rechtfertigte sie auch noch wie folgt:<\/p>\n<blockquote>\n<p><em>&#8220;Wir sind dies dem ukrainischen Volk schuldig. Es k\u00e4mpft f\u00fcr unsere Werte.&#8221;<\/em><\/p>\n<\/blockquote>\n<p>Da fragt man sich, welche Werte er meint. Etwa die des eben erw\u00e4hnten T\u00f6tungsmandats? Das k\u00f6nnte passen, denn Kiew hat mit seiner sogenannten &#8220;milit\u00e4rischen Anti-Terror-Operation (ATO)&#8221; gegen die Separatisten in der Ostukraine, die den illegalen Putsch in der Hauptstadt nicht anerkannten, Tausende von Menschenleben zerst\u00f6rt.<\/p>\n<p>Auch <a rel=\"nofollow noopener\" target=\"_blank\" href=\"https:\/\/ria.ru\/20220510\/udary-1787709267.html\">zeigen<\/a> Dokumente der ukrainischen Armee, die russischen Soldaten in den ersten Monaten der Sonderoperation Moskaus in der Ukraine in die H\u00e4nde fielen, dass Kiew eine gro\u00dfe Offensive im Donbass und auf der Krim plante. Diese sollte laut dem russischen Verteidigungsministerium im M\u00e4rz starten. Moskau ist dem also zuvorgekommen und hat gro\u00dfe Verluste unter der Zivilbev\u00f6lkerung dieser Gebiete verhindert.<\/p>\n<p>Welche Werte kann der franz\u00f6sische Pr\u00e4sident au\u00dferdem gemeint haben? Vielleicht die Pressefreiheit? Jene Pressefreiheit, die im Westen neuerdings ganz offen mit F\u00fc\u00dfen getreten wird, wenn man sich vor Augen f\u00fchrt, wie schnell Medien von heute auf morgen in der EU gesperrt und verboten werden k\u00f6nnen, siehe <em>RT<\/em>? Oder wie man Whistleblower, die ungeheure Verbrechen des US-Milit\u00e4rs aufdecken, zu langen Haftstrafen oder m\u00f6glicherweise zum Tode verurteilt? Was Julian Assange nach einer Auslieferung an Washington droht, wissen wir zwar noch nicht, doch gibt es die berechtigte Annahme, dass ihm die Todesstrafe droht.<\/p>\n<p>Auch der ukrainische Pr\u00e4sident Wladimir Selenskij ist in Fragen der Pressefreiheit und der Freiheit im Allgemeinen von der westlichen Partie, denn er hat in seinem Land alle oppositionellen Parteien verboten und alle Medien gleichgeschaltet. Alle Medien des Landes sind heute staatlich verpflichtet, das einzige &#8220;richtige&#8221; vom ukrainischen Staat diktierte Bild zu pr\u00e4sentieren.<\/p>\n<p>Berichten zufolge werden in der Ukraine Menschen, die zum Beispiel Kritik an der ukrainischen F\u00fchrung in den sozialen Medien \u00e4u\u00dfern, vom ukrainischen Geheimdienst SBU verhaftet. Laut dem ukrainischen Blogger Anatoli Scharij, der seit Jahren im Exil in der EU lebt, seien die SBU-Gef\u00e4ngnisse \u00fcberf\u00fcllt mit Menschen, wobei nicht zu erwarten sei, dass sie \u00fcberhaupt einen gerichtlichen Prozess bekommen werden.<\/p>\n<p>Ein interessantes Beispiel diesbez\u00fcglich ist ein Vorfall mit dem US-Blogger Gonzalo Lira, der in Charkow lebt. Er wurde laut eigenen Angaben f\u00fcr seine Kritik vom SBU entf\u00fchrt. Sp\u00e4ter lie\u00df man ihn wieder frei. Wahrscheinlich, weil er US-B\u00fcrger ist.<\/p>\n<p><strong>Doppelmoral als Leitmotiv der westlichen Au\u00dfenpolitik<\/strong><\/p>\n<p>Nat\u00fcrlich k\u00f6nnte man noch weitere gemeinsame &#8220;Werte&#8221; des Westens und der Ukraine aufz\u00e4hlen. Darum geht es mir in diesem Artikel jedoch nicht. Es geht um die Doppelmoral des Westens, die auch im Falle der Ukraine deutlich zu erkennen ist. Und um die Frage, welche Schl\u00fcsse andere Staaten aus der ganzen Angelegenheit ziehen k\u00f6nnten und sollten.<\/p>\n<p>Der Westen fordert von der Weltgemeinschaft die Einhaltung gewisser internationaler Regeln, die er jedoch selbst fortw\u00e4hrend mit F\u00fc\u00dfen tritt. Auch die EU und ihre Integration scheint dabei keine Ausnahme zu sein. Denn europ\u00e4ische Staaten wie Albanien und Nordmakedonien hatten deutliche Reformen und Umstellungen in Kauf nehmen m\u00fcssen, um einen Kandidatenstatus zu erhalten.<\/p>\n<p>Der Ukraine wurde dieser Status jedoch einfach geschenkt, was Macron mit der oben zitierten Aussage auch indirekt einr\u00e4umte. Vor dem Beginn der russischen Sonderoperation in der Ukraine war das Land &#8220;<a rel=\"nofollow noopener\" target=\"_blank\" href=\"https:\/\/www.sueddeutsche.de\/meinung\/ukraine-korrupt-wie-eh-und-je-1.5217924\">korrupt wie eh und je<\/a>&#8220;, wie es die S\u00fcddeutsche Zeitung im Februar 2021 formulierte. Die Justiz des Landes sei gegen die Macht der Oligarchen machtlos, so das Blatt in einem weiteren <a rel=\"nofollow noopener\" target=\"_blank\" href=\"https:\/\/www.sueddeutsche.de\/politik\/ukraine-oligarchen-korruption-selenskij-1.5249388\">Artikel<\/a>.<\/p>\n<p>Der serbische Innenminister Aleksandar Vulin <a rel=\"nofollow noopener\" target=\"_blank\" href=\"https:\/\/ria.ru\/20220624\/evrointegratsiya-1797876368.html\">fasste<\/a> die Angelegenheit ganz passend zusammen. Er erkl\u00e4rte, dass die Verleihung des EU-Kandidatenstatus an die Ukraine bedeute, dass das Hauptkriterium f\u00fcr die EU-Integration der Konflikt mit Russland sei und nicht die Reformen und zahlreichen Bedingungen, die zum Beispiel f\u00fcr die westlichen Balkanl\u00e4nder festgelegt wurden. Der albanische Regierungschef Edi Rama <a rel=\"nofollow noopener\" target=\"_blank\" href=\"https:\/\/radiosputnik.ria.ru\/20220624\/albaniya-1797745648.html\">kritisierte<\/a> Br\u00fcssel daf\u00fcr, dass sein Land trotz durchgef\u00fchrter Reformen &#8220;weiterhin im Warteraum gehalten&#8221; werde. Wird die Integration also nur da wahrgenommen, wo es der EU gerade recht ist?<\/p>\n<p>Die Doppelmoral des Westens bestimmt bis heute das Leitmotiv seiner Au\u00dfenpolitik. Wie die Geschichte zeigt, wird sich daran nichts \u00e4ndern \u2013 es sei denn, andere bieten ihm die Stirn.<\/p>\n<p><strong>Ende der unipolaren Welt<\/strong><\/p>\n<p>W\u00e4hrend einer Rede auf dem Sankt Petersburger Internationalen Wirtschaftsforum prognostizierte der russische Pr\u00e4sident Wladimir Putin das Ende der unipolaren Welt. Politologen und Analytiker sagen dies zwar seit Jahren voraus, doch bleibt klar zu erkennen, dass das Ende nicht endg\u00fcltig eingel\u00e4utet werden kann, solange es keine bedeutenden Alternativen in solchen Bereichen wie dem Zahlungsverkehr und der Koordinierung rechtlicher Fragen gibt.<\/p>\n<p>Solange zum Beispiel SWIFT und die WTO im globalen Handel dominieren, wird der Westen \u00fcber Werkzeuge verf\u00fcgen, mit denen er seine Regeln diktiert. Eine Weiterentwicklung solcher Organisationen wie die BRICS, die Shanghaier Organisation f\u00fcr Zusammenarbeit und die Afrikanische Union, w\u00e4re eine M\u00f6glichkeit, die Welt tats\u00e4chlich multipolarer zu gestalten und somit Staaten von der Dominanz des Westens zu befreien.<\/p>\n<p>Denn eines hat die Situation um die Ukraine deutlich gemacht: Die meisten L\u00e4nder dieser Welt sind es leid, dem westlichen Diktat von Zuckerbrot und Peitsche Folge zu leisten. Besonders dann, wenn der Westen sogar bereit ist, aufgrund seines gr\u00f6\u00dfenwahnsinnigen Russlandhasses seiner eigenen Wirtschaft und seinen B\u00fcrgern zu schaden.<\/p>\n<p><strong>Mehr zum Thema<\/strong> &#8211; <a rel=\"nofollow noopener\" target=\"_blank\" href=\"https:\/\/de.rt.com\/international\/141996-g7-gipfeltreffen-schulterschluss-sanktionierer-und\/\" data-tb-shadow-region-link=\"0\" data-tb-shadow-region-title=\"0\"> G7-Gipfeltreffen: Schulterschluss der Sanktionierer und Proteste<\/a><\/p>\n<\/p>\n<\/div>\n<p><br \/>\n<br \/><a href=\"https:\/\/de.rt.com\/meinung\/142031-mit-lugen-gegen-russland-minsker\/\">Source link <\/a><\/p>\n","protected":false},"excerpt":{"rendered":"<p>Wie der ehemalige ukrainische Pr\u00e4sident Poroschenko unl\u00e4ngst offen eingestanden hat, diente das zweite Abkommen von Minsk dem Ziel, der Ukraine im Donbass-Konflikt Zeit zu verschaffen. Die Lage in der Ukraine entbl\u00f6\u00dft das bekannte westliche Muster aus L\u00fcgen, gebrochenen Vertr\u00e4gen und Doppelmoral. von Michael Pflugfelder Westliche Garantien und die L\u00fcge von Minsk II Vergangene Woche hat [&hellip;]<\/p>\n","protected":false},"author":3,"featured_media":12100,"comment_status":"open","ping_status":"open","sticky":false,"template":"","format":"standard","meta":{"wp_automatic_camp":["217"],"1a2d4d25bb67a74aec387bb5884c350c":["Mit L\u00fcgen gegen Russland \u2013 Die Minsker Abkommen und die Doppelmoral des Westens"],"original_link":["https:\/\/de.rt.com\/meinung\/142031-mit-lugen-gegen-russland-minsker\/"],"_thumbnail_id":["12100"],"_wptg_p2tg_sent2tg":["2022-06-27 20:41:47"],"jnews_social_counter_last_update":["1777233142"]},"categories":[19,23],"tags":[6385,583,45,5977,278,8897,24900,419,126,140,3117],"yoast_head":"<!-- This site is optimized with the Yoast SEO Premium plugin v22.7 (Yoast SEO v22.7) - https:\/\/yoast.com\/wordpress\/plugins\/seo\/ -->\n<title>Mit L\u00fcgen gegen Russland \u2013 Die Minsker Abkommen und die Doppelmoral des Westens - just-now.NEWS Deutschland<\/title>\n<meta name=\"robots\" content=\"index, follow, max-snippet:-1, max-image-preview:large, max-video-preview:-1\" \/>\n<link rel=\"canonical\" href=\"https:\/\/now-news.de\/de\/deutschland\/mit-luegen-gegen-russland-die-minsker-abkommen-und-die-doppelmoral-des-westens\/\" \/>\n<meta property=\"og:locale\" content=\"de_DE\" \/>\n<meta property=\"og:type\" content=\"article\" \/>\n<meta property=\"og:title\" content=\"Mit L\u00fcgen gegen Russland \u2013 Die Minsker Abkommen und die Doppelmoral des Westens\" \/>\n<meta property=\"og:description\" content=\"Wie der ehemalige ukrainische Pr\u00e4sident Poroschenko unl\u00e4ngst offen eingestanden hat, diente das zweite Abkommen von Minsk dem Ziel, der Ukraine im Donbass-Konflikt Zeit zu verschaffen. Die Lage in der Ukraine entbl\u00f6\u00dft das bekannte westliche Muster aus L\u00fcgen, gebrochenen Vertr\u00e4gen und Doppelmoral. von Michael Pflugfelder Westliche Garantien und die L\u00fcge von Minsk II Vergangene Woche hat [&hellip;]\" \/>\n<meta property=\"og:url\" content=\"https:\/\/now-news.de\/de\/deutschland\/mit-luegen-gegen-russland-die-minsker-abkommen-und-die-doppelmoral-des-westens\/\" \/>\n<meta property=\"og:site_name\" content=\"just-now.NEWS Deutschland\" \/>\n<meta property=\"article:publisher\" content=\"https:\/\/www.facebook.com\/wirmachenauf\" \/>\n<meta property=\"article:published_time\" content=\"2022-06-27T18:33:35+00:00\" \/>\n<meta property=\"og:image\" content=\"https:\/\/now-news.de\/de\/wp-content\/uploads\/sites\/3\/2022\/06\/Mit-Luegen-gegen-Russland-\u2013-Die-Minsker-Abkommen-und-die.jpg\" \/>\n\t<meta property=\"og:image:width\" content=\"460\" \/>\n\t<meta property=\"og:image:height\" content=\"259\" \/>\n\t<meta property=\"og:image:type\" content=\"image\/jpeg\" \/>\n<meta name=\"author\" content=\"rtnews\" \/>\n<meta name=\"twitter:card\" content=\"summary_large_image\" \/>\n<meta name=\"twitter:creator\" content=\"@WirMachenAuf_de\" \/>\n<meta name=\"twitter:site\" content=\"@WirMachenAuf_de\" \/>\n<meta name=\"twitter:label1\" content=\"Verfasst von\" \/>\n\t<meta name=\"twitter:data1\" content=\"rtnews\" \/>\n\t<meta name=\"twitter:label2\" content=\"Gesch\u00e4tzte Lesezeit\" \/>\n\t<meta name=\"twitter:data2\" content=\"8\u00a0Minuten\" \/>\n<script type=\"application\/ld+json\" class=\"yoast-schema-graph\">{\"@context\":\"https:\/\/schema.org\",\"@graph\":[{\"@type\":\"Article\",\"@id\":\"https:\/\/now-news.de\/de\/deutschland\/mit-luegen-gegen-russland-die-minsker-abkommen-und-die-doppelmoral-des-westens\/#article\",\"isPartOf\":{\"@id\":\"https:\/\/now-news.de\/de\/deutschland\/mit-luegen-gegen-russland-die-minsker-abkommen-und-die-doppelmoral-des-westens\/\"},\"author\":{\"name\":\"rtnews\",\"@id\":\"https:\/\/now-news.de\/de\/#\/schema\/person\/fb534a4e865501d8b3285208df34a9b5\"},\"headline\":\"Mit L\u00fcgen gegen Russland \u2013 Die Minsker Abkommen und die Doppelmoral des Westens\",\"datePublished\":\"2022-06-27T18:33:35+00:00\",\"dateModified\":\"2022-06-27T18:33:35+00:00\",\"mainEntityOfPage\":{\"@id\":\"https:\/\/now-news.de\/de\/deutschland\/mit-luegen-gegen-russland-die-minsker-abkommen-und-die-doppelmoral-des-westens\/\"},\"wordCount\":1696,\"commentCount\":0,\"publisher\":{\"@id\":\"https:\/\/now-news.de\/de\/#organization\"},\"image\":{\"@id\":\"https:\/\/now-news.de\/de\/deutschland\/mit-luegen-gegen-russland-die-minsker-abkommen-und-die-doppelmoral-des-westens\/#primaryimage\"},\"thumbnailUrl\":\"https:\/\/now-news.de\/de\/wp-content\/uploads\/sites\/3\/2022\/06\/Mit-Luegen-gegen-Russland-\u2013-Die-Minsker-Abkommen-und-die.jpg\",\"keywords\":[\"Abkommen\",\"des\",\"die\",\"Doppelmoral\",\"gegen\",\"l\u00fcgen\",\"Minsker\",\"mit\",\"russland\",\"und\",\"Westens\"],\"articleSection\":[\"Deutschland\",\"Russland\"],\"inLanguage\":\"de\",\"potentialAction\":[{\"@type\":\"CommentAction\",\"name\":\"Comment\",\"target\":[\"https:\/\/now-news.de\/de\/deutschland\/mit-luegen-gegen-russland-die-minsker-abkommen-und-die-doppelmoral-des-westens\/#respond\"]}]},{\"@type\":\"WebPage\",\"@id\":\"https:\/\/now-news.de\/de\/deutschland\/mit-luegen-gegen-russland-die-minsker-abkommen-und-die-doppelmoral-des-westens\/\",\"url\":\"https:\/\/now-news.de\/de\/deutschland\/mit-luegen-gegen-russland-die-minsker-abkommen-und-die-doppelmoral-des-westens\/\",\"name\":\"Mit L\u00fcgen gegen Russland \u2013 Die Minsker Abkommen und die Doppelmoral des Westens - just-now.NEWS Deutschland\",\"isPartOf\":{\"@id\":\"https:\/\/now-news.de\/de\/#website\"},\"primaryImageOfPage\":{\"@id\":\"https:\/\/now-news.de\/de\/deutschland\/mit-luegen-gegen-russland-die-minsker-abkommen-und-die-doppelmoral-des-westens\/#primaryimage\"},\"image\":{\"@id\":\"https:\/\/now-news.de\/de\/deutschland\/mit-luegen-gegen-russland-die-minsker-abkommen-und-die-doppelmoral-des-westens\/#primaryimage\"},\"thumbnailUrl\":\"https:\/\/now-news.de\/de\/wp-content\/uploads\/sites\/3\/2022\/06\/Mit-Luegen-gegen-Russland-\u2013-Die-Minsker-Abkommen-und-die.jpg\",\"datePublished\":\"2022-06-27T18:33:35+00:00\",\"dateModified\":\"2022-06-27T18:33:35+00:00\",\"breadcrumb\":{\"@id\":\"https:\/\/now-news.de\/de\/deutschland\/mit-luegen-gegen-russland-die-minsker-abkommen-und-die-doppelmoral-des-westens\/#breadcrumb\"},\"inLanguage\":\"de\",\"potentialAction\":[{\"@type\":\"ReadAction\",\"target\":[\"https:\/\/now-news.de\/de\/deutschland\/mit-luegen-gegen-russland-die-minsker-abkommen-und-die-doppelmoral-des-westens\/\"]}]},{\"@type\":\"ImageObject\",\"inLanguage\":\"de\",\"@id\":\"https:\/\/now-news.de\/de\/deutschland\/mit-luegen-gegen-russland-die-minsker-abkommen-und-die-doppelmoral-des-westens\/#primaryimage\",\"url\":\"https:\/\/now-news.de\/de\/wp-content\/uploads\/sites\/3\/2022\/06\/Mit-Luegen-gegen-Russland-\u2013-Die-Minsker-Abkommen-und-die.jpg\",\"contentUrl\":\"https:\/\/now-news.de\/de\/wp-content\/uploads\/sites\/3\/2022\/06\/Mit-Luegen-gegen-Russland-\u2013-Die-Minsker-Abkommen-und-die.jpg\",\"width\":460,\"height\":259,\"caption\":\"Mit L\u00fcgen gegen Russland \u2013 Die Minsker Abkommen und die Doppelmoral des Westens\"},{\"@type\":\"BreadcrumbList\",\"@id\":\"https:\/\/now-news.de\/de\/deutschland\/mit-luegen-gegen-russland-die-minsker-abkommen-und-die-doppelmoral-des-westens\/#breadcrumb\",\"itemListElement\":[{\"@type\":\"ListItem\",\"position\":1,\"name\":\"Home\",\"item\":\"https:\/\/now-news.de\/de\/\"},{\"@type\":\"ListItem\",\"position\":2,\"name\":\"Mit L\u00fcgen gegen Russland \u2013 Die Minsker Abkommen und die Doppelmoral des Westens\"}]},{\"@type\":\"WebSite\",\"@id\":\"https:\/\/now-news.de\/de\/#website\",\"url\":\"https:\/\/now-news.de\/de\/\",\"name\":\"just-now.NEWS Deutschland\",\"description\":\"Das Portal f\u00fcr unzensierte Nachrichten aus der Welt\",\"publisher\":{\"@id\":\"https:\/\/now-news.de\/de\/#organization\"},\"potentialAction\":[{\"@type\":\"SearchAction\",\"target\":{\"@type\":\"EntryPoint\",\"urlTemplate\":\"https:\/\/now-news.de\/de\/?s={search_term_string}\"},\"query-input\":\"required name=search_term_string\"}],\"inLanguage\":\"de\"},{\"@type\":\"Organization\",\"@id\":\"https:\/\/now-news.de\/de\/#organization\",\"name\":\"Just Now News\",\"url\":\"https:\/\/now-news.de\/de\/\",\"logo\":{\"@type\":\"ImageObject\",\"inLanguage\":\"de\",\"@id\":\"https:\/\/now-news.de\/de\/#\/schema\/logo\/image\/\",\"url\":\"http:\/\/just-now.news\/de\/wp-content\/uploads\/sites\/3\/2022\/04\/logo500x500.jpg\",\"contentUrl\":\"http:\/\/just-now.news\/de\/wp-content\/uploads\/sites\/3\/2022\/04\/logo500x500.jpg\",\"width\":500,\"height\":500,\"caption\":\"Just Now News\"},\"image\":{\"@id\":\"https:\/\/now-news.de\/de\/#\/schema\/logo\/image\/\"},\"sameAs\":[\"https:\/\/www.facebook.com\/wirmachenauf\",\"https:\/\/x.com\/WirMachenAuf_de\"]},{\"@type\":\"Person\",\"@id\":\"https:\/\/now-news.de\/de\/#\/schema\/person\/fb534a4e865501d8b3285208df34a9b5\",\"name\":\"rtnews\",\"image\":{\"@type\":\"ImageObject\",\"inLanguage\":\"de\",\"@id\":\"https:\/\/now-news.de\/de\/#\/schema\/person\/image\/\",\"url\":\"https:\/\/secure.gravatar.com\/avatar\/82aafea7d8127119dd649515f56e2117?s=96&d=mm&r=g\",\"contentUrl\":\"https:\/\/secure.gravatar.com\/avatar\/82aafea7d8127119dd649515f56e2117?s=96&d=mm&r=g\",\"caption\":\"rtnews\"},\"url\":\"https:\/\/now-news.de\/de\/author\/rnews\/\"}]}<\/script>\n<!-- \/ Yoast SEO Premium plugin. -->","yoast_head_json":{"title":"Mit L\u00fcgen gegen Russland \u2013 Die Minsker Abkommen und die Doppelmoral des Westens - just-now.NEWS Deutschland","robots":{"index":"index","follow":"follow","max-snippet":"max-snippet:-1","max-image-preview":"max-image-preview:large","max-video-preview":"max-video-preview:-1"},"canonical":"https:\/\/now-news.de\/de\/deutschland\/mit-luegen-gegen-russland-die-minsker-abkommen-und-die-doppelmoral-des-westens\/","og_locale":"de_DE","og_type":"article","og_title":"Mit L\u00fcgen gegen Russland \u2013 Die Minsker Abkommen und die Doppelmoral des Westens","og_description":"Wie der ehemalige ukrainische Pr\u00e4sident Poroschenko unl\u00e4ngst offen eingestanden hat, diente das zweite Abkommen von Minsk dem Ziel, der Ukraine im Donbass-Konflikt Zeit zu verschaffen. Die Lage in der Ukraine entbl\u00f6\u00dft das bekannte westliche Muster aus L\u00fcgen, gebrochenen Vertr\u00e4gen und Doppelmoral. von Michael Pflugfelder Westliche Garantien und die L\u00fcge von Minsk II Vergangene Woche hat [&hellip;]","og_url":"https:\/\/now-news.de\/de\/deutschland\/mit-luegen-gegen-russland-die-minsker-abkommen-und-die-doppelmoral-des-westens\/","og_site_name":"just-now.NEWS Deutschland","article_publisher":"https:\/\/www.facebook.com\/wirmachenauf","article_published_time":"2022-06-27T18:33:35+00:00","og_image":[{"width":460,"height":259,"url":"https:\/\/now-news.de\/de\/wp-content\/uploads\/sites\/3\/2022\/06\/Mit-Luegen-gegen-Russland-\u2013-Die-Minsker-Abkommen-und-die.jpg","type":"image\/jpeg"}],"author":"rtnews","twitter_card":"summary_large_image","twitter_creator":"@WirMachenAuf_de","twitter_site":"@WirMachenAuf_de","twitter_misc":{"Verfasst von":"rtnews","Gesch\u00e4tzte Lesezeit":"8\u00a0Minuten"},"schema":{"@context":"https:\/\/schema.org","@graph":[{"@type":"Article","@id":"https:\/\/now-news.de\/de\/deutschland\/mit-luegen-gegen-russland-die-minsker-abkommen-und-die-doppelmoral-des-westens\/#article","isPartOf":{"@id":"https:\/\/now-news.de\/de\/deutschland\/mit-luegen-gegen-russland-die-minsker-abkommen-und-die-doppelmoral-des-westens\/"},"author":{"name":"rtnews","@id":"https:\/\/now-news.de\/de\/#\/schema\/person\/fb534a4e865501d8b3285208df34a9b5"},"headline":"Mit L\u00fcgen gegen Russland \u2013 Die Minsker Abkommen und die Doppelmoral des Westens","datePublished":"2022-06-27T18:33:35+00:00","dateModified":"2022-06-27T18:33:35+00:00","mainEntityOfPage":{"@id":"https:\/\/now-news.de\/de\/deutschland\/mit-luegen-gegen-russland-die-minsker-abkommen-und-die-doppelmoral-des-westens\/"},"wordCount":1696,"commentCount":0,"publisher":{"@id":"https:\/\/now-news.de\/de\/#organization"},"image":{"@id":"https:\/\/now-news.de\/de\/deutschland\/mit-luegen-gegen-russland-die-minsker-abkommen-und-die-doppelmoral-des-westens\/#primaryimage"},"thumbnailUrl":"https:\/\/now-news.de\/de\/wp-content\/uploads\/sites\/3\/2022\/06\/Mit-Luegen-gegen-Russland-\u2013-Die-Minsker-Abkommen-und-die.jpg","keywords":["Abkommen","des","die","Doppelmoral","gegen","l\u00fcgen","Minsker","mit","russland","und","Westens"],"articleSection":["Deutschland","Russland"],"inLanguage":"de","potentialAction":[{"@type":"CommentAction","name":"Comment","target":["https:\/\/now-news.de\/de\/deutschland\/mit-luegen-gegen-russland-die-minsker-abkommen-und-die-doppelmoral-des-westens\/#respond"]}]},{"@type":"WebPage","@id":"https:\/\/now-news.de\/de\/deutschland\/mit-luegen-gegen-russland-die-minsker-abkommen-und-die-doppelmoral-des-westens\/","url":"https:\/\/now-news.de\/de\/deutschland\/mit-luegen-gegen-russland-die-minsker-abkommen-und-die-doppelmoral-des-westens\/","name":"Mit L\u00fcgen gegen Russland \u2013 Die Minsker Abkommen und die Doppelmoral des Westens - just-now.NEWS Deutschland","isPartOf":{"@id":"https:\/\/now-news.de\/de\/#website"},"primaryImageOfPage":{"@id":"https:\/\/now-news.de\/de\/deutschland\/mit-luegen-gegen-russland-die-minsker-abkommen-und-die-doppelmoral-des-westens\/#primaryimage"},"image":{"@id":"https:\/\/now-news.de\/de\/deutschland\/mit-luegen-gegen-russland-die-minsker-abkommen-und-die-doppelmoral-des-westens\/#primaryimage"},"thumbnailUrl":"https:\/\/now-news.de\/de\/wp-content\/uploads\/sites\/3\/2022\/06\/Mit-Luegen-gegen-Russland-\u2013-Die-Minsker-Abkommen-und-die.jpg","datePublished":"2022-06-27T18:33:35+00:00","dateModified":"2022-06-27T18:33:35+00:00","breadcrumb":{"@id":"https:\/\/now-news.de\/de\/deutschland\/mit-luegen-gegen-russland-die-minsker-abkommen-und-die-doppelmoral-des-westens\/#breadcrumb"},"inLanguage":"de","potentialAction":[{"@type":"ReadAction","target":["https:\/\/now-news.de\/de\/deutschland\/mit-luegen-gegen-russland-die-minsker-abkommen-und-die-doppelmoral-des-westens\/"]}]},{"@type":"ImageObject","inLanguage":"de","@id":"https:\/\/now-news.de\/de\/deutschland\/mit-luegen-gegen-russland-die-minsker-abkommen-und-die-doppelmoral-des-westens\/#primaryimage","url":"https:\/\/now-news.de\/de\/wp-content\/uploads\/sites\/3\/2022\/06\/Mit-Luegen-gegen-Russland-\u2013-Die-Minsker-Abkommen-und-die.jpg","contentUrl":"https:\/\/now-news.de\/de\/wp-content\/uploads\/sites\/3\/2022\/06\/Mit-Luegen-gegen-Russland-\u2013-Die-Minsker-Abkommen-und-die.jpg","width":460,"height":259,"caption":"Mit L\u00fcgen gegen Russland \u2013 Die Minsker Abkommen und die Doppelmoral des Westens"},{"@type":"BreadcrumbList","@id":"https:\/\/now-news.de\/de\/deutschland\/mit-luegen-gegen-russland-die-minsker-abkommen-und-die-doppelmoral-des-westens\/#breadcrumb","itemListElement":[{"@type":"ListItem","position":1,"name":"Home","item":"https:\/\/now-news.de\/de\/"},{"@type":"ListItem","position":2,"name":"Mit L\u00fcgen gegen Russland \u2013 Die Minsker Abkommen und die Doppelmoral des Westens"}]},{"@type":"WebSite","@id":"https:\/\/now-news.de\/de\/#website","url":"https:\/\/now-news.de\/de\/","name":"just-now.NEWS Deutschland","description":"Das Portal f\u00fcr unzensierte Nachrichten aus der Welt","publisher":{"@id":"https:\/\/now-news.de\/de\/#organization"},"potentialAction":[{"@type":"SearchAction","target":{"@type":"EntryPoint","urlTemplate":"https:\/\/now-news.de\/de\/?s={search_term_string}"},"query-input":"required name=search_term_string"}],"inLanguage":"de"},{"@type":"Organization","@id":"https:\/\/now-news.de\/de\/#organization","name":"Just Now News","url":"https:\/\/now-news.de\/de\/","logo":{"@type":"ImageObject","inLanguage":"de","@id":"https:\/\/now-news.de\/de\/#\/schema\/logo\/image\/","url":"http:\/\/just-now.news\/de\/wp-content\/uploads\/sites\/3\/2022\/04\/logo500x500.jpg","contentUrl":"http:\/\/just-now.news\/de\/wp-content\/uploads\/sites\/3\/2022\/04\/logo500x500.jpg","width":500,"height":500,"caption":"Just Now News"},"image":{"@id":"https:\/\/now-news.de\/de\/#\/schema\/logo\/image\/"},"sameAs":["https:\/\/www.facebook.com\/wirmachenauf","https:\/\/x.com\/WirMachenAuf_de"]},{"@type":"Person","@id":"https:\/\/now-news.de\/de\/#\/schema\/person\/fb534a4e865501d8b3285208df34a9b5","name":"rtnews","image":{"@type":"ImageObject","inLanguage":"de","@id":"https:\/\/now-news.de\/de\/#\/schema\/person\/image\/","url":"https:\/\/secure.gravatar.com\/avatar\/82aafea7d8127119dd649515f56e2117?s=96&d=mm&r=g","contentUrl":"https:\/\/secure.gravatar.com\/avatar\/82aafea7d8127119dd649515f56e2117?s=96&d=mm&r=g","caption":"rtnews"},"url":"https:\/\/now-news.de\/de\/author\/rnews\/"}]}},"_links":{"self":[{"href":"https:\/\/now-news.de\/de\/wp-json\/wp\/v2\/posts\/12099"}],"collection":[{"href":"https:\/\/now-news.de\/de\/wp-json\/wp\/v2\/posts"}],"about":[{"href":"https:\/\/now-news.de\/de\/wp-json\/wp\/v2\/types\/post"}],"author":[{"embeddable":true,"href":"https:\/\/now-news.de\/de\/wp-json\/wp\/v2\/users\/3"}],"replies":[{"embeddable":true,"href":"https:\/\/now-news.de\/de\/wp-json\/wp\/v2\/comments?post=12099"}],"version-history":[{"count":0,"href":"https:\/\/now-news.de\/de\/wp-json\/wp\/v2\/posts\/12099\/revisions"}],"wp:featuredmedia":[{"embeddable":true,"href":"https:\/\/now-news.de\/de\/wp-json\/wp\/v2\/media\/12100"}],"wp:attachment":[{"href":"https:\/\/now-news.de\/de\/wp-json\/wp\/v2\/media?parent=12099"}],"wp:term":[{"taxonomy":"category","embeddable":true,"href":"https:\/\/now-news.de\/de\/wp-json\/wp\/v2\/categories?post=12099"},{"taxonomy":"post_tag","embeddable":true,"href":"https:\/\/now-news.de\/de\/wp-json\/wp\/v2\/tags?post=12099"}],"curies":[{"name":"wp","href":"https:\/\/api.w.org\/{rel}","templated":true}]}}