{"id":12072,"date":"2022-06-27T16:47:41","date_gmt":"2022-06-27T14:47:41","guid":{"rendered":"http:\/\/just-now.news\/de\/deutschland\/vereinigung-gegen-diskriminierung-russlanddeutscher-sowie-russischsprachiger-mitbuerger-gegruendet\/"},"modified":"2022-06-27T16:47:41","modified_gmt":"2022-06-27T14:47:41","slug":"vereinigung-gegen-diskriminierung-russlanddeutscher-sowie-russischsprachiger-mitbuerger-gegruendet","status":"publish","type":"post","link":"https:\/\/now-news.de\/de\/deutschland\/vereinigung-gegen-diskriminierung-russlanddeutscher-sowie-russischsprachiger-mitbuerger-gegruendet\/","title":{"rendered":"Vereinigung gegen Diskriminierung Russlanddeutscher sowie russischsprachiger Mitb\u00fcrger gegr\u00fcndet"},"content":{"rendered":"<p><img decoding=\"async\" src=\"http:\/\/just-now.news\/de\/wp-content\/uploads\/sites\/3\/2022\/06\/62b9b21eb480cc152616dce8.jpg\" \/><\/p>\n<div class=\"Text-root Text-type_1 \">\n                Seit Beginn des Krieges in der Ukraine werden Menschen russischer Herkunft \u2013 nicht zuletzt mithilfe massiver medialer Propaganda \u2013 in Deutschland diskriminiert, ausgegrenzt und teilweise verbal und t\u00e4tlich attackiert, russische L\u00e4den und Produkte boykottiert. Nun hat sich in Berlin ein Verein gegr\u00fcndet, der sich dagegen zur Wehr setzen will.\n            <\/div>\n<p><\/p>\n<div class=\"Text-root Text-type_5 ArticleView-text ViewText-root \">\n<p>Aus &#8220;Sorge um den Zusammenhalt unserer Gesellschaft&#8221; hat sich letzten Dienstag in Berlin die Vereinigung zur Abwehr der Diskriminierung und der Ausgrenzung Russlanddeutscher sowie russischsprachiger Mitb\u00fcrger in Deutschland (VDAR) <a rel=\"nofollow noopener\" target=\"_blank\" href=\"https:\/\/www.youtube.com\/watch?v=Ydl17BN82xo\">gegr\u00fcndet<\/a>.<\/p>\n<p>Vereinsmitglieder sind unter anderen die AfD-Mitglieder Eugen Schmidt, Mitglied des Bundestags (MdB) und Beauftragter der AfD-Bundestagsfraktion f\u00fcr die Russlanddeutschen und russisch sprechenden Mitb\u00fcrger, Harald Weyel, MdB und Mitglied der parlamentarischen Versammlung des Europarats sowie Frau Olga Petersen, Mitglied der Hamburgischen B\u00fcrgerschaft und Gunnar Lindemann,\u00a0Mitglied des Berliner Abgeordnetenhauses. Vorsitzender ist der ehemalige Bundestagsabgeordnete Ulrich Oehme, der in den Jahren 2017 bis 2021 ebenfalls f\u00fcr die AfD im Bundestag sa\u00df.<\/p>\n<p>In der dazugeh\u00f6rigen Erkl\u00e4rung von Freitag hie\u00df es unter anderem:<\/p>\n<blockquote>\n<p><em>&#8220;Leider ist es eine Folge des anhaltenden Kriegs in der Ukraine, dass es in Deutschland zu massiven Anfeindungen gegen\u00fcber Russlanddeutschen oder russisch sprechenden Mitb\u00fcrgern kommt. Wir stellen eine gro\u00dfe Diskriminierungswelle gegen\u00fcber dieser Bev\u00f6lkerungsgruppe fest: Mobbing, Drohungen, Bel\u00e4stigungen und sogar physische Gewalt sind mittlerweile auf der Tagesordnung, obwohl in unserem Staat unter Strafe gestellt.&#8221;<\/em><\/p>\n<\/blockquote>\n<p>Um derlei Missst\u00e4nde zu bek\u00e4mpfen, will man alle zur Verf\u00fcgung stehenden Optionen nutzen:<\/p>\n<blockquote>\n<p><em>&#8220;Unser Verein wird mit allen zur Verf\u00fcgung stehenden Mitteln gegen die Russophobie im Lande vorgehen. Betroffene erhalten von unserem Verein Beratung und Unterst\u00fctzung. Wir werden uns gegen jeden wenden, egal ob B\u00fcrger oder Amtstr\u00e4ger oder Politiker, wenn durch deren Handeln der Zusammenhalt unserer Gesellschaft in Frage gestellt wird. In der Vergangenheit haben bis zu sechs Millionen Menschen aus der ehemaligen Sowjetunion Aufnahme in unserem Land gefunden. Rund 2,4 Millionen kamen als Sp\u00e4taussiedler. In den 90er Jahren nahm die Bundesrepublik zudem 200.000 verfolgte Juden als Fl\u00fcchtlinge auf. All diese Menschen sind Teil unserer Gesellschaft und werden unseren Schutz erfahren.&#8221; <\/em><\/p>\n<\/blockquote>\n<p><strong>Mehr zum Thema<\/strong> \u2013 <a rel=\"nofollow noopener\" target=\"_blank\" href=\"https:\/\/de.rt.com\/meinung\/137194-wdr-saubert-salzburger-festspiele-von-russen\/\">Der WDR s\u00e4ubert die Salzburger Festspiele von Russen<\/a>\u00a0<\/p>\n<\/p>\n<\/div>\n<p><br \/>\n<br \/><a href=\"https:\/\/de.rt.com\/inland\/142063-vereinigung-gegen-diskriminierung-russlanddeutscher-sowie\/\">Source link <\/a><\/p>\n","protected":false},"excerpt":{"rendered":"<p>Seit Beginn des Krieges in der Ukraine werden Menschen russischer Herkunft \u2013 nicht zuletzt mithilfe massiver medialer Propaganda \u2013 in Deutschland diskriminiert, ausgegrenzt und teilweise verbal und t\u00e4tlich attackiert, russische L\u00e4den und Produkte boykottiert. Nun hat sich in Berlin ein Verein gegr\u00fcndet, der sich dagegen zur Wehr setzen will. Aus &#8220;Sorge um den Zusammenhalt unserer [&hellip;]<\/p>\n","protected":false},"author":3,"featured_media":12073,"comment_status":"open","ping_status":"open","sticky":false,"template":"","format":"standard","meta":{"wp_automatic_camp":["217"],"2828a9c18f12f5c9ae7829c2816cd4ee":["Vereinigung gegen Diskriminierung Russlanddeutscher sowie russischsprachiger Mitb\u00fcrger gegr\u00fcndet"],"original_link":["https:\/\/de.rt.com\/inland\/142063-vereinigung-gegen-diskriminierung-russlanddeutscher-sowie\/"],"_thumbnail_id":["12073"],"_wptg_p2tg_sent2tg":["2022-06-27 16:56:50"],"jnews_social_counter_last_update":["1777601312"]},"categories":[19,23],"tags":[22188,278,25936,25935,25934,25932,25933,16522],"yoast_head":"<!-- This site is optimized with the Yoast SEO Premium plugin v22.7 (Yoast SEO v22.7) - https:\/\/yoast.com\/wordpress\/plugins\/seo\/ -->\n<title>Vereinigung gegen Diskriminierung Russlanddeutscher sowie russischsprachiger Mitb\u00fcrger gegr\u00fcndet - just-now.NEWS Deutschland<\/title>\n<meta name=\"robots\" content=\"index, follow, max-snippet:-1, max-image-preview:large, max-video-preview:-1\" \/>\n<link rel=\"canonical\" href=\"https:\/\/now-news.de\/de\/deutschland\/vereinigung-gegen-diskriminierung-russlanddeutscher-sowie-russischsprachiger-mitbuerger-gegruendet\/\" \/>\n<meta property=\"og:locale\" content=\"de_DE\" \/>\n<meta property=\"og:type\" content=\"article\" \/>\n<meta property=\"og:title\" content=\"Vereinigung gegen Diskriminierung Russlanddeutscher sowie russischsprachiger Mitb\u00fcrger gegr\u00fcndet\" \/>\n<meta property=\"og:description\" content=\"Seit Beginn des Krieges in der Ukraine werden Menschen russischer Herkunft \u2013 nicht zuletzt mithilfe massiver medialer Propaganda \u2013 in Deutschland diskriminiert, ausgegrenzt und teilweise verbal und t\u00e4tlich attackiert, russische L\u00e4den und Produkte boykottiert. Nun hat sich in Berlin ein Verein gegr\u00fcndet, der sich dagegen zur Wehr setzen will. Aus &#8220;Sorge um den Zusammenhalt unserer [&hellip;]\" \/>\n<meta property=\"og:url\" content=\"https:\/\/now-news.de\/de\/deutschland\/vereinigung-gegen-diskriminierung-russlanddeutscher-sowie-russischsprachiger-mitbuerger-gegruendet\/\" \/>\n<meta property=\"og:site_name\" content=\"just-now.NEWS Deutschland\" \/>\n<meta property=\"article:publisher\" content=\"https:\/\/www.facebook.com\/wirmachenauf\" \/>\n<meta property=\"article:published_time\" content=\"2022-06-27T14:47:41+00:00\" \/>\n<meta property=\"og:image\" content=\"https:\/\/now-news.de\/de\/wp-content\/uploads\/sites\/3\/2022\/06\/Vereinigung-gegen-Diskriminierung-Russlanddeutscher-sowie-russischsprachiger-Mitbuerger-gegruendet.jpg\" \/>\n\t<meta property=\"og:image:width\" content=\"460\" \/>\n\t<meta property=\"og:image:height\" content=\"259\" \/>\n\t<meta property=\"og:image:type\" content=\"image\/jpeg\" \/>\n<meta name=\"author\" content=\"rtnews\" \/>\n<meta name=\"twitter:card\" content=\"summary_large_image\" \/>\n<meta name=\"twitter:creator\" content=\"@WirMachenAuf_de\" \/>\n<meta name=\"twitter:site\" content=\"@WirMachenAuf_de\" \/>\n<meta name=\"twitter:label1\" content=\"Verfasst von\" \/>\n\t<meta name=\"twitter:data1\" content=\"rtnews\" \/>\n\t<meta name=\"twitter:label2\" content=\"Gesch\u00e4tzte Lesezeit\" \/>\n\t<meta name=\"twitter:data2\" content=\"2\u00a0Minuten\" \/>\n<script type=\"application\/ld+json\" class=\"yoast-schema-graph\">{\"@context\":\"https:\/\/schema.org\",\"@graph\":[{\"@type\":\"Article\",\"@id\":\"https:\/\/now-news.de\/de\/deutschland\/vereinigung-gegen-diskriminierung-russlanddeutscher-sowie-russischsprachiger-mitbuerger-gegruendet\/#article\",\"isPartOf\":{\"@id\":\"https:\/\/now-news.de\/de\/deutschland\/vereinigung-gegen-diskriminierung-russlanddeutscher-sowie-russischsprachiger-mitbuerger-gegruendet\/\"},\"author\":{\"name\":\"rtnews\",\"@id\":\"https:\/\/now-news.de\/de\/#\/schema\/person\/fb534a4e865501d8b3285208df34a9b5\"},\"headline\":\"Vereinigung gegen Diskriminierung Russlanddeutscher sowie russischsprachiger Mitb\u00fcrger gegr\u00fcndet\",\"datePublished\":\"2022-06-27T14:47:41+00:00\",\"dateModified\":\"2022-06-27T14:47:41+00:00\",\"mainEntityOfPage\":{\"@id\":\"https:\/\/now-news.de\/de\/deutschland\/vereinigung-gegen-diskriminierung-russlanddeutscher-sowie-russischsprachiger-mitbuerger-gegruendet\/\"},\"wordCount\":367,\"commentCount\":0,\"publisher\":{\"@id\":\"https:\/\/now-news.de\/de\/#organization\"},\"image\":{\"@id\":\"https:\/\/now-news.de\/de\/deutschland\/vereinigung-gegen-diskriminierung-russlanddeutscher-sowie-russischsprachiger-mitbuerger-gegruendet\/#primaryimage\"},\"thumbnailUrl\":\"https:\/\/now-news.de\/de\/wp-content\/uploads\/sites\/3\/2022\/06\/Vereinigung-gegen-Diskriminierung-Russlanddeutscher-sowie-russischsprachiger-Mitbuerger-gegruendet.jpg\",\"keywords\":[\"Diskriminierung\",\"gegen\",\"gegr\u00fcndet\",\"Mitb\u00fcrger\",\"russischsprachiger\",\"Russlanddeutscher\",\"sowie\",\"Vereinigung\"],\"articleSection\":[\"Deutschland\",\"Russland\"],\"inLanguage\":\"de\",\"potentialAction\":[{\"@type\":\"CommentAction\",\"name\":\"Comment\",\"target\":[\"https:\/\/now-news.de\/de\/deutschland\/vereinigung-gegen-diskriminierung-russlanddeutscher-sowie-russischsprachiger-mitbuerger-gegruendet\/#respond\"]}]},{\"@type\":\"WebPage\",\"@id\":\"https:\/\/now-news.de\/de\/deutschland\/vereinigung-gegen-diskriminierung-russlanddeutscher-sowie-russischsprachiger-mitbuerger-gegruendet\/\",\"url\":\"https:\/\/now-news.de\/de\/deutschland\/vereinigung-gegen-diskriminierung-russlanddeutscher-sowie-russischsprachiger-mitbuerger-gegruendet\/\",\"name\":\"Vereinigung gegen Diskriminierung Russlanddeutscher sowie russischsprachiger Mitb\u00fcrger gegr\u00fcndet - just-now.NEWS Deutschland\",\"isPartOf\":{\"@id\":\"https:\/\/now-news.de\/de\/#website\"},\"primaryImageOfPage\":{\"@id\":\"https:\/\/now-news.de\/de\/deutschland\/vereinigung-gegen-diskriminierung-russlanddeutscher-sowie-russischsprachiger-mitbuerger-gegruendet\/#primaryimage\"},\"image\":{\"@id\":\"https:\/\/now-news.de\/de\/deutschland\/vereinigung-gegen-diskriminierung-russlanddeutscher-sowie-russischsprachiger-mitbuerger-gegruendet\/#primaryimage\"},\"thumbnailUrl\":\"https:\/\/now-news.de\/de\/wp-content\/uploads\/sites\/3\/2022\/06\/Vereinigung-gegen-Diskriminierung-Russlanddeutscher-sowie-russischsprachiger-Mitbuerger-gegruendet.jpg\",\"datePublished\":\"2022-06-27T14:47:41+00:00\",\"dateModified\":\"2022-06-27T14:47:41+00:00\",\"breadcrumb\":{\"@id\":\"https:\/\/now-news.de\/de\/deutschland\/vereinigung-gegen-diskriminierung-russlanddeutscher-sowie-russischsprachiger-mitbuerger-gegruendet\/#breadcrumb\"},\"inLanguage\":\"de\",\"potentialAction\":[{\"@type\":\"ReadAction\",\"target\":[\"https:\/\/now-news.de\/de\/deutschland\/vereinigung-gegen-diskriminierung-russlanddeutscher-sowie-russischsprachiger-mitbuerger-gegruendet\/\"]}]},{\"@type\":\"ImageObject\",\"inLanguage\":\"de\",\"@id\":\"https:\/\/now-news.de\/de\/deutschland\/vereinigung-gegen-diskriminierung-russlanddeutscher-sowie-russischsprachiger-mitbuerger-gegruendet\/#primaryimage\",\"url\":\"https:\/\/now-news.de\/de\/wp-content\/uploads\/sites\/3\/2022\/06\/Vereinigung-gegen-Diskriminierung-Russlanddeutscher-sowie-russischsprachiger-Mitbuerger-gegruendet.jpg\",\"contentUrl\":\"https:\/\/now-news.de\/de\/wp-content\/uploads\/sites\/3\/2022\/06\/Vereinigung-gegen-Diskriminierung-Russlanddeutscher-sowie-russischsprachiger-Mitbuerger-gegruendet.jpg\",\"width\":460,\"height\":259,\"caption\":\"Vereinigung gegen Diskriminierung Russlanddeutscher sowie russischsprachiger Mitb\u00fcrger gegr\u00fcndet\"},{\"@type\":\"BreadcrumbList\",\"@id\":\"https:\/\/now-news.de\/de\/deutschland\/vereinigung-gegen-diskriminierung-russlanddeutscher-sowie-russischsprachiger-mitbuerger-gegruendet\/#breadcrumb\",\"itemListElement\":[{\"@type\":\"ListItem\",\"position\":1,\"name\":\"Home\",\"item\":\"https:\/\/now-news.de\/de\/\"},{\"@type\":\"ListItem\",\"position\":2,\"name\":\"Vereinigung gegen Diskriminierung Russlanddeutscher sowie russischsprachiger Mitb\u00fcrger gegr\u00fcndet\"}]},{\"@type\":\"WebSite\",\"@id\":\"https:\/\/now-news.de\/de\/#website\",\"url\":\"https:\/\/now-news.de\/de\/\",\"name\":\"just-now.NEWS Deutschland\",\"description\":\"Das Portal f\u00fcr unzensierte Nachrichten aus der Welt\",\"publisher\":{\"@id\":\"https:\/\/now-news.de\/de\/#organization\"},\"potentialAction\":[{\"@type\":\"SearchAction\",\"target\":{\"@type\":\"EntryPoint\",\"urlTemplate\":\"https:\/\/now-news.de\/de\/?s={search_term_string}\"},\"query-input\":\"required name=search_term_string\"}],\"inLanguage\":\"de\"},{\"@type\":\"Organization\",\"@id\":\"https:\/\/now-news.de\/de\/#organization\",\"name\":\"Just Now News\",\"url\":\"https:\/\/now-news.de\/de\/\",\"logo\":{\"@type\":\"ImageObject\",\"inLanguage\":\"de\",\"@id\":\"https:\/\/now-news.de\/de\/#\/schema\/logo\/image\/\",\"url\":\"http:\/\/just-now.news\/de\/wp-content\/uploads\/sites\/3\/2022\/04\/logo500x500.jpg\",\"contentUrl\":\"http:\/\/just-now.news\/de\/wp-content\/uploads\/sites\/3\/2022\/04\/logo500x500.jpg\",\"width\":500,\"height\":500,\"caption\":\"Just Now News\"},\"image\":{\"@id\":\"https:\/\/now-news.de\/de\/#\/schema\/logo\/image\/\"},\"sameAs\":[\"https:\/\/www.facebook.com\/wirmachenauf\",\"https:\/\/x.com\/WirMachenAuf_de\"]},{\"@type\":\"Person\",\"@id\":\"https:\/\/now-news.de\/de\/#\/schema\/person\/fb534a4e865501d8b3285208df34a9b5\",\"name\":\"rtnews\",\"image\":{\"@type\":\"ImageObject\",\"inLanguage\":\"de\",\"@id\":\"https:\/\/now-news.de\/de\/#\/schema\/person\/image\/\",\"url\":\"https:\/\/secure.gravatar.com\/avatar\/82aafea7d8127119dd649515f56e2117?s=96&d=mm&r=g\",\"contentUrl\":\"https:\/\/secure.gravatar.com\/avatar\/82aafea7d8127119dd649515f56e2117?s=96&d=mm&r=g\",\"caption\":\"rtnews\"},\"url\":\"https:\/\/now-news.de\/de\/author\/rnews\/\"}]}<\/script>\n<!-- \/ Yoast SEO Premium plugin. -->","yoast_head_json":{"title":"Vereinigung gegen Diskriminierung Russlanddeutscher sowie russischsprachiger Mitb\u00fcrger gegr\u00fcndet - just-now.NEWS Deutschland","robots":{"index":"index","follow":"follow","max-snippet":"max-snippet:-1","max-image-preview":"max-image-preview:large","max-video-preview":"max-video-preview:-1"},"canonical":"https:\/\/now-news.de\/de\/deutschland\/vereinigung-gegen-diskriminierung-russlanddeutscher-sowie-russischsprachiger-mitbuerger-gegruendet\/","og_locale":"de_DE","og_type":"article","og_title":"Vereinigung gegen Diskriminierung Russlanddeutscher sowie russischsprachiger Mitb\u00fcrger gegr\u00fcndet","og_description":"Seit Beginn des Krieges in der Ukraine werden Menschen russischer Herkunft \u2013 nicht zuletzt mithilfe massiver medialer Propaganda \u2013 in Deutschland diskriminiert, ausgegrenzt und teilweise verbal und t\u00e4tlich attackiert, russische L\u00e4den und Produkte boykottiert. Nun hat sich in Berlin ein Verein gegr\u00fcndet, der sich dagegen zur Wehr setzen will. Aus &#8220;Sorge um den Zusammenhalt unserer [&hellip;]","og_url":"https:\/\/now-news.de\/de\/deutschland\/vereinigung-gegen-diskriminierung-russlanddeutscher-sowie-russischsprachiger-mitbuerger-gegruendet\/","og_site_name":"just-now.NEWS Deutschland","article_publisher":"https:\/\/www.facebook.com\/wirmachenauf","article_published_time":"2022-06-27T14:47:41+00:00","og_image":[{"width":460,"height":259,"url":"https:\/\/now-news.de\/de\/wp-content\/uploads\/sites\/3\/2022\/06\/Vereinigung-gegen-Diskriminierung-Russlanddeutscher-sowie-russischsprachiger-Mitbuerger-gegruendet.jpg","type":"image\/jpeg"}],"author":"rtnews","twitter_card":"summary_large_image","twitter_creator":"@WirMachenAuf_de","twitter_site":"@WirMachenAuf_de","twitter_misc":{"Verfasst von":"rtnews","Gesch\u00e4tzte Lesezeit":"2\u00a0Minuten"},"schema":{"@context":"https:\/\/schema.org","@graph":[{"@type":"Article","@id":"https:\/\/now-news.de\/de\/deutschland\/vereinigung-gegen-diskriminierung-russlanddeutscher-sowie-russischsprachiger-mitbuerger-gegruendet\/#article","isPartOf":{"@id":"https:\/\/now-news.de\/de\/deutschland\/vereinigung-gegen-diskriminierung-russlanddeutscher-sowie-russischsprachiger-mitbuerger-gegruendet\/"},"author":{"name":"rtnews","@id":"https:\/\/now-news.de\/de\/#\/schema\/person\/fb534a4e865501d8b3285208df34a9b5"},"headline":"Vereinigung gegen Diskriminierung Russlanddeutscher sowie russischsprachiger Mitb\u00fcrger gegr\u00fcndet","datePublished":"2022-06-27T14:47:41+00:00","dateModified":"2022-06-27T14:47:41+00:00","mainEntityOfPage":{"@id":"https:\/\/now-news.de\/de\/deutschland\/vereinigung-gegen-diskriminierung-russlanddeutscher-sowie-russischsprachiger-mitbuerger-gegruendet\/"},"wordCount":367,"commentCount":0,"publisher":{"@id":"https:\/\/now-news.de\/de\/#organization"},"image":{"@id":"https:\/\/now-news.de\/de\/deutschland\/vereinigung-gegen-diskriminierung-russlanddeutscher-sowie-russischsprachiger-mitbuerger-gegruendet\/#primaryimage"},"thumbnailUrl":"https:\/\/now-news.de\/de\/wp-content\/uploads\/sites\/3\/2022\/06\/Vereinigung-gegen-Diskriminierung-Russlanddeutscher-sowie-russischsprachiger-Mitbuerger-gegruendet.jpg","keywords":["Diskriminierung","gegen","gegr\u00fcndet","Mitb\u00fcrger","russischsprachiger","Russlanddeutscher","sowie","Vereinigung"],"articleSection":["Deutschland","Russland"],"inLanguage":"de","potentialAction":[{"@type":"CommentAction","name":"Comment","target":["https:\/\/now-news.de\/de\/deutschland\/vereinigung-gegen-diskriminierung-russlanddeutscher-sowie-russischsprachiger-mitbuerger-gegruendet\/#respond"]}]},{"@type":"WebPage","@id":"https:\/\/now-news.de\/de\/deutschland\/vereinigung-gegen-diskriminierung-russlanddeutscher-sowie-russischsprachiger-mitbuerger-gegruendet\/","url":"https:\/\/now-news.de\/de\/deutschland\/vereinigung-gegen-diskriminierung-russlanddeutscher-sowie-russischsprachiger-mitbuerger-gegruendet\/","name":"Vereinigung gegen Diskriminierung Russlanddeutscher sowie russischsprachiger Mitb\u00fcrger gegr\u00fcndet - just-now.NEWS Deutschland","isPartOf":{"@id":"https:\/\/now-news.de\/de\/#website"},"primaryImageOfPage":{"@id":"https:\/\/now-news.de\/de\/deutschland\/vereinigung-gegen-diskriminierung-russlanddeutscher-sowie-russischsprachiger-mitbuerger-gegruendet\/#primaryimage"},"image":{"@id":"https:\/\/now-news.de\/de\/deutschland\/vereinigung-gegen-diskriminierung-russlanddeutscher-sowie-russischsprachiger-mitbuerger-gegruendet\/#primaryimage"},"thumbnailUrl":"https:\/\/now-news.de\/de\/wp-content\/uploads\/sites\/3\/2022\/06\/Vereinigung-gegen-Diskriminierung-Russlanddeutscher-sowie-russischsprachiger-Mitbuerger-gegruendet.jpg","datePublished":"2022-06-27T14:47:41+00:00","dateModified":"2022-06-27T14:47:41+00:00","breadcrumb":{"@id":"https:\/\/now-news.de\/de\/deutschland\/vereinigung-gegen-diskriminierung-russlanddeutscher-sowie-russischsprachiger-mitbuerger-gegruendet\/#breadcrumb"},"inLanguage":"de","potentialAction":[{"@type":"ReadAction","target":["https:\/\/now-news.de\/de\/deutschland\/vereinigung-gegen-diskriminierung-russlanddeutscher-sowie-russischsprachiger-mitbuerger-gegruendet\/"]}]},{"@type":"ImageObject","inLanguage":"de","@id":"https:\/\/now-news.de\/de\/deutschland\/vereinigung-gegen-diskriminierung-russlanddeutscher-sowie-russischsprachiger-mitbuerger-gegruendet\/#primaryimage","url":"https:\/\/now-news.de\/de\/wp-content\/uploads\/sites\/3\/2022\/06\/Vereinigung-gegen-Diskriminierung-Russlanddeutscher-sowie-russischsprachiger-Mitbuerger-gegruendet.jpg","contentUrl":"https:\/\/now-news.de\/de\/wp-content\/uploads\/sites\/3\/2022\/06\/Vereinigung-gegen-Diskriminierung-Russlanddeutscher-sowie-russischsprachiger-Mitbuerger-gegruendet.jpg","width":460,"height":259,"caption":"Vereinigung gegen Diskriminierung Russlanddeutscher sowie russischsprachiger Mitb\u00fcrger gegr\u00fcndet"},{"@type":"BreadcrumbList","@id":"https:\/\/now-news.de\/de\/deutschland\/vereinigung-gegen-diskriminierung-russlanddeutscher-sowie-russischsprachiger-mitbuerger-gegruendet\/#breadcrumb","itemListElement":[{"@type":"ListItem","position":1,"name":"Home","item":"https:\/\/now-news.de\/de\/"},{"@type":"ListItem","position":2,"name":"Vereinigung gegen Diskriminierung Russlanddeutscher sowie russischsprachiger Mitb\u00fcrger gegr\u00fcndet"}]},{"@type":"WebSite","@id":"https:\/\/now-news.de\/de\/#website","url":"https:\/\/now-news.de\/de\/","name":"just-now.NEWS Deutschland","description":"Das Portal f\u00fcr unzensierte Nachrichten aus der Welt","publisher":{"@id":"https:\/\/now-news.de\/de\/#organization"},"potentialAction":[{"@type":"SearchAction","target":{"@type":"EntryPoint","urlTemplate":"https:\/\/now-news.de\/de\/?s={search_term_string}"},"query-input":"required name=search_term_string"}],"inLanguage":"de"},{"@type":"Organization","@id":"https:\/\/now-news.de\/de\/#organization","name":"Just Now News","url":"https:\/\/now-news.de\/de\/","logo":{"@type":"ImageObject","inLanguage":"de","@id":"https:\/\/now-news.de\/de\/#\/schema\/logo\/image\/","url":"http:\/\/just-now.news\/de\/wp-content\/uploads\/sites\/3\/2022\/04\/logo500x500.jpg","contentUrl":"http:\/\/just-now.news\/de\/wp-content\/uploads\/sites\/3\/2022\/04\/logo500x500.jpg","width":500,"height":500,"caption":"Just Now News"},"image":{"@id":"https:\/\/now-news.de\/de\/#\/schema\/logo\/image\/"},"sameAs":["https:\/\/www.facebook.com\/wirmachenauf","https:\/\/x.com\/WirMachenAuf_de"]},{"@type":"Person","@id":"https:\/\/now-news.de\/de\/#\/schema\/person\/fb534a4e865501d8b3285208df34a9b5","name":"rtnews","image":{"@type":"ImageObject","inLanguage":"de","@id":"https:\/\/now-news.de\/de\/#\/schema\/person\/image\/","url":"https:\/\/secure.gravatar.com\/avatar\/82aafea7d8127119dd649515f56e2117?s=96&d=mm&r=g","contentUrl":"https:\/\/secure.gravatar.com\/avatar\/82aafea7d8127119dd649515f56e2117?s=96&d=mm&r=g","caption":"rtnews"},"url":"https:\/\/now-news.de\/de\/author\/rnews\/"}]}},"_links":{"self":[{"href":"https:\/\/now-news.de\/de\/wp-json\/wp\/v2\/posts\/12072"}],"collection":[{"href":"https:\/\/now-news.de\/de\/wp-json\/wp\/v2\/posts"}],"about":[{"href":"https:\/\/now-news.de\/de\/wp-json\/wp\/v2\/types\/post"}],"author":[{"embeddable":true,"href":"https:\/\/now-news.de\/de\/wp-json\/wp\/v2\/users\/3"}],"replies":[{"embeddable":true,"href":"https:\/\/now-news.de\/de\/wp-json\/wp\/v2\/comments?post=12072"}],"version-history":[{"count":0,"href":"https:\/\/now-news.de\/de\/wp-json\/wp\/v2\/posts\/12072\/revisions"}],"wp:featuredmedia":[{"embeddable":true,"href":"https:\/\/now-news.de\/de\/wp-json\/wp\/v2\/media\/12073"}],"wp:attachment":[{"href":"https:\/\/now-news.de\/de\/wp-json\/wp\/v2\/media?parent=12072"}],"wp:term":[{"taxonomy":"category","embeddable":true,"href":"https:\/\/now-news.de\/de\/wp-json\/wp\/v2\/categories?post=12072"},{"taxonomy":"post_tag","embeddable":true,"href":"https:\/\/now-news.de\/de\/wp-json\/wp\/v2\/tags?post=12072"}],"curies":[{"name":"wp","href":"https:\/\/api.w.org\/{rel}","templated":true}]}}