{"id":12032,"date":"2022-06-27T10:09:55","date_gmt":"2022-06-27T08:09:55","guid":{"rendered":"http:\/\/just-now.news\/de\/deutschland\/epstein-komplizin-ghislaine-maxwell-wegen-suizidgefahr-unter-verschaerfter-beobachtung\/"},"modified":"2022-06-27T10:09:55","modified_gmt":"2022-06-27T08:09:55","slug":"epstein-komplizin-ghislaine-maxwell-wegen-suizidgefahr-unter-verschaerfter-beobachtung","status":"publish","type":"post","link":"https:\/\/now-news.de\/de\/deutschland\/epstein-komplizin-ghislaine-maxwell-wegen-suizidgefahr-unter-verschaerfter-beobachtung\/","title":{"rendered":"Epstein-Komplizin Ghislaine Maxwell wegen &quot;Suizidgefahr&quot; unter versch\u00e4rfter Beobachtung"},"content":{"rendered":"<p><img decoding=\"async\" src=\"http:\/\/just-now.news\/de\/wp-content\/uploads\/sites\/3\/2022\/06\/62b95bc1b480cc2a2278b623.jpg\" \/><\/p>\n<div class=\"Text-root Text-type_1 \">\n                Am Dienstag verk\u00fcndet das Gericht in New York das Strafma\u00df gegen die wegen Sexhandels verurteilte Epstein-Komplizin Ghislaine Maxwell. Seit Freitag sitzt sie in Einzelhaft \u2013 unter versch\u00e4rfter Beobachtung wegen Suizidgefahr. Doch ein Psychologe widerspricht.\n            <\/div>\n<p><\/p>\n<div class=\"Text-root Text-type_5 ArticleView-text ViewText-root \">\n<p>Die langj\u00e4hrige Vertraute des verstorbenen Sexualstraft\u00e4ters Jeffrey Epstein, Ghislaine Maxwell, ist nach Angaben ihres Anwalts vor der Verk\u00fcndung ihres Strafma\u00dfes wegen angeblicher Suizidgefahr unter versch\u00e4rfte Beobachtung gestellt worden. Das Gef\u00e4ngnis habe vorher keine psychologische Untersuchung veranlasst und die Ma\u00dfnahme auch nicht begr\u00fcndet, erkl\u00e4rte der Anwalt Bobbi Sternheim. Am Samstag habe ein Psychologe die 60-J\u00e4hrige dann untersucht und &#8220;festgestellt, dass sie nicht suizidgef\u00e4hrdet ist&#8221;.<\/p>\n<p>Maxwell sitzt seit zwei Jahren im Gef\u00e4ngnis. Im vergangenen Dezember sprach ein New Yorker Geschworenengericht die Britin des Sexhandels mit Minderj\u00e4hrigen schuldig. Am Dienstag soll nun\u00a0das Strafma\u00df verk\u00fcndet werden.\u00a0Ihr droht eine jahrzehntelange Freiheitsstrafe.<\/p>\n<p>Seit Freitag sitze Maxwell wieder in Einzelhaft, schrieb Sternheim in einem Brief an die Richterin Alison Nathan. Das Gef\u00e4ngnis habe ihr zudem den Zugang zu Gerichtsdokumenten und Zeit f\u00fcr Treffen mit ihren Anw\u00e4lten verwehrt. Daher k\u00f6nne sich seine Mandantin nicht auf die Verk\u00fcndung des Strafma\u00dfes vorbereiten. Wenn Maxwell in Einzelhaft bleibt und weiter unter versch\u00e4rfter Beobachtung steht, will Sternheim nach eigenen Angaben am Montag beantragen, die Verk\u00fcndung des Strafma\u00dfes zu verschieben.<\/p>\n<p>Die US-Justiz hatte nach Epsteins mutma\u00dflichem Suizid in einer Gef\u00e4ngniszelle 2019 versprochen,\u00a0dessen Komplizen zur Verantwortung zu ziehen. Maxwell wurde schlie\u00dflich f\u00fcr schuldig befunden, \u00fcber Jahre junge M\u00e4dchen f\u00fcr den sexuellen Missbrauch durch den bestens vernetzten Finanzinvestor rekrutiert zu haben, dem auch die Vermittlung von M\u00e4dchen an andere M\u00e4nner vorgeworfen wurde.<\/p>\n<p><strong>Maxwell &#8220;der Schl\u00fcssel&#8221; im System Epstein?<\/strong><\/p>\n<p>Die Tochter des verstorbenen britischen Medienmoguls Robert Maxwell soll dabei h\u00f6chst perfide vorgegangen sein. Laut Anklage freundete sie sich mit jungen M\u00e4dchen an, von denen die j\u00fcngsten erst 14 Jahre alt waren, ging mit ihnen ins Kino oder einkaufen und lieferte sie dann an den Multimillion\u00e4r aus. Maxwell \u00fcberredete die M\u00e4dchen demnach, zu Epsteins Anwesen in New York, Florida und New Mexico zu reisen und den Multimillion\u00e4r dort nackt zu massieren, bevor sie missbraucht wurden.<\/p>\n<p>Maxwell sei eine &#8220;raffinierte Sexualstraft\u00e4terin, die genau wusste, was sie tat&#8221;, sagte Staatsanw\u00e4ltin Alison Moe im Dezember in ihrem Schlusspl\u00e4doyer. &#8220;Epstein mochte minderj\u00e4hrige M\u00e4dchen, er mochte es, minderj\u00e4hrige M\u00e4dchen zu ber\u00fchren. Maxwell wusste das.&#8221; Sie sei &#8220;der Schl\u00fcssel&#8221; im System Epstein gewesen. Laut Staatsanwaltschaft wurde Maxwell daf\u00fcr f\u00fcrstlich entlohnt: Zwischen 1999 und 2007 \u00fcberwies ihr Epstein 30 Millionen US-Dollar.<\/p>\n<p>Maxwell hat alle Vorw\u00fcrfe zur\u00fcckgewiesen. Ihre Verteidigung argumentierte, Maxwell m\u00fcsse als &#8220;S\u00fcndenbock&#8221; herhalten, weil Epstein nach seinem Tod nicht mehr der Prozess gemacht werden k\u00f6nne. Nach dem Schuldspruch forderte die Verteidigung einen neuen Prozess wegen erst im Nachhinein bekannt gewordener Missbrauchserfahrungen eines Geschworenen. Der Antrag wurde Anfang April zur\u00fcckgewiesen.<\/p>\n<p>Die Staatsanwaltschaft fordert mindestens 30 Jahre Haft. Maxwells Anw\u00e4lte haben eine Strafe von weniger als 20 Jahren Gef\u00e4ngnis beantragt. Sie legten dar, Maxwells &#8220;traumatische Kindheit mit einem dominanten, narzisstischen und fordernden Vater&#8221; habe sie &#8220;anf\u00e4llig f\u00fcr Epstein&#8221; gemacht.<\/p>\n<p><strong>Mehr zum Thema<\/strong> \u2013 <a rel=\"nofollow noopener\" target=\"_blank\" href=\"https:\/\/deutsch.rt.com\/kurzclips\/video\/140772-elon-musk-fordert-offenlegung-von\/\">Elon Musk fordert Offenlegung von Epstein-Komplizen \u2013 Weiterer mysteri\u00f6ser Suizid im Clinton-Umfeld<\/a><\/p>\n<\/p>\n<\/div>\n<p><br \/>\n<br \/><a href=\"https:\/\/de.rt.com\/nordamerika\/142028-epstein-komplizin-ghislaine-maxwell-wegen-suizidgefahr-unter-verscharrfter-beobachtung\/\">Source link <\/a><\/p>\n","protected":false},"excerpt":{"rendered":"<p>Am Dienstag verk\u00fcndet das Gericht in New York das Strafma\u00df gegen die wegen Sexhandels verurteilte Epstein-Komplizin Ghislaine Maxwell. Seit Freitag sitzt sie in Einzelhaft \u2013 unter versch\u00e4rfter Beobachtung wegen Suizidgefahr. Doch ein Psychologe widerspricht. Die langj\u00e4hrige Vertraute des verstorbenen Sexualstraft\u00e4ters Jeffrey Epstein, Ghislaine Maxwell, ist nach Angaben ihres Anwalts vor der Verk\u00fcndung ihres Strafma\u00dfes wegen [&hellip;]<\/p>\n","protected":false},"author":3,"featured_media":12033,"comment_status":"open","ping_status":"open","sticky":false,"template":"","format":"standard","meta":{"wp_automatic_camp":["217"],"57061699d5bcff830499dd2adf89fc10":["Epstein-Komplizin Ghislaine Maxwell wegen &quot;Suizidgefahr&quot; unter versch\u00e4rfter Beobachtung"],"original_link":["https:\/\/de.rt.com\/nordamerika\/142028-epstein-komplizin-ghislaine-maxwell-wegen-suizidgefahr-unter-verscharrfter-beobachtung\/"],"_thumbnail_id":["12033"],"_wptg_p2tg_sent2tg":["2022-06-27 10:12:57"],"jnews_social_counter_last_update":["1777386382"]},"categories":[19,23],"tags":[25900,25896,19265,25897,25898,908,25899,145],"yoast_head":"<!-- This site is optimized with the Yoast SEO Premium plugin v22.7 (Yoast SEO v22.7) - https:\/\/yoast.com\/wordpress\/plugins\/seo\/ -->\n<title>Epstein-Komplizin Ghislaine Maxwell wegen &quot;Suizidgefahr&quot; unter versch\u00e4rfter Beobachtung - just-now.NEWS Deutschland<\/title>\n<meta name=\"robots\" content=\"index, follow, max-snippet:-1, max-image-preview:large, max-video-preview:-1\" \/>\n<link rel=\"canonical\" href=\"https:\/\/now-news.de\/de\/deutschland\/epstein-komplizin-ghislaine-maxwell-wegen-suizidgefahr-unter-verschaerfter-beobachtung\/\" \/>\n<meta property=\"og:locale\" content=\"de_DE\" \/>\n<meta property=\"og:type\" content=\"article\" \/>\n<meta property=\"og:title\" content=\"Epstein-Komplizin Ghislaine Maxwell wegen &quot;Suizidgefahr&quot; unter versch\u00e4rfter Beobachtung\" \/>\n<meta property=\"og:description\" content=\"Am Dienstag verk\u00fcndet das Gericht in New York das Strafma\u00df gegen die wegen Sexhandels verurteilte Epstein-Komplizin Ghislaine Maxwell. Seit Freitag sitzt sie in Einzelhaft \u2013 unter versch\u00e4rfter Beobachtung wegen Suizidgefahr. Doch ein Psychologe widerspricht. Die langj\u00e4hrige Vertraute des verstorbenen Sexualstraft\u00e4ters Jeffrey Epstein, Ghislaine Maxwell, ist nach Angaben ihres Anwalts vor der Verk\u00fcndung ihres Strafma\u00dfes wegen [&hellip;]\" \/>\n<meta property=\"og:url\" content=\"https:\/\/now-news.de\/de\/deutschland\/epstein-komplizin-ghislaine-maxwell-wegen-suizidgefahr-unter-verschaerfter-beobachtung\/\" \/>\n<meta property=\"og:site_name\" content=\"just-now.NEWS Deutschland\" \/>\n<meta property=\"article:publisher\" content=\"https:\/\/www.facebook.com\/wirmachenauf\" \/>\n<meta property=\"article:published_time\" content=\"2022-06-27T08:09:55+00:00\" \/>\n<meta property=\"og:image\" content=\"https:\/\/now-news.de\/de\/wp-content\/uploads\/sites\/3\/2022\/06\/Epstein-Komplizin-Ghislaine-Maxwell-wegen-quotSuizidgefahrquot-unter-verschaerfter-Beobachtung.jpg\" \/>\n\t<meta property=\"og:image:width\" content=\"460\" \/>\n\t<meta property=\"og:image:height\" content=\"259\" \/>\n\t<meta property=\"og:image:type\" content=\"image\/jpeg\" \/>\n<meta name=\"author\" content=\"rtnews\" \/>\n<meta name=\"twitter:card\" content=\"summary_large_image\" \/>\n<meta name=\"twitter:creator\" content=\"@WirMachenAuf_de\" \/>\n<meta name=\"twitter:site\" content=\"@WirMachenAuf_de\" \/>\n<meta name=\"twitter:label1\" content=\"Verfasst von\" \/>\n\t<meta name=\"twitter:data1\" content=\"rtnews\" \/>\n\t<meta name=\"twitter:label2\" content=\"Gesch\u00e4tzte Lesezeit\" \/>\n\t<meta name=\"twitter:data2\" content=\"3\u00a0Minuten\" \/>\n<script type=\"application\/ld+json\" class=\"yoast-schema-graph\">{\"@context\":\"https:\/\/schema.org\",\"@graph\":[{\"@type\":\"Article\",\"@id\":\"https:\/\/now-news.de\/de\/deutschland\/epstein-komplizin-ghislaine-maxwell-wegen-suizidgefahr-unter-verschaerfter-beobachtung\/#article\",\"isPartOf\":{\"@id\":\"https:\/\/now-news.de\/de\/deutschland\/epstein-komplizin-ghislaine-maxwell-wegen-suizidgefahr-unter-verschaerfter-beobachtung\/\"},\"author\":{\"name\":\"rtnews\",\"@id\":\"https:\/\/now-news.de\/de\/#\/schema\/person\/fb534a4e865501d8b3285208df34a9b5\"},\"headline\":\"Epstein-Komplizin Ghislaine Maxwell wegen &quot;Suizidgefahr&quot; unter versch\u00e4rfter Beobachtung\",\"datePublished\":\"2022-06-27T08:09:55+00:00\",\"dateModified\":\"2022-06-27T08:09:55+00:00\",\"mainEntityOfPage\":{\"@id\":\"https:\/\/now-news.de\/de\/deutschland\/epstein-komplizin-ghislaine-maxwell-wegen-suizidgefahr-unter-verschaerfter-beobachtung\/\"},\"wordCount\":563,\"commentCount\":0,\"publisher\":{\"@id\":\"https:\/\/now-news.de\/de\/#organization\"},\"image\":{\"@id\":\"https:\/\/now-news.de\/de\/deutschland\/epstein-komplizin-ghislaine-maxwell-wegen-suizidgefahr-unter-verschaerfter-beobachtung\/#primaryimage\"},\"thumbnailUrl\":\"https:\/\/now-news.de\/de\/wp-content\/uploads\/sites\/3\/2022\/06\/Epstein-Komplizin-Ghislaine-Maxwell-wegen-quotSuizidgefahrquot-unter-verschaerfter-Beobachtung.jpg\",\"keywords\":[\"Beobachtung\",\"EpsteinKomplizin\",\"Ghislaine\",\"Maxwell\",\"quotSuizidgefahrquot\",\"unter\",\"versch\u00e4rfter\",\"wegen\"],\"articleSection\":[\"Deutschland\",\"Russland\"],\"inLanguage\":\"de\",\"potentialAction\":[{\"@type\":\"CommentAction\",\"name\":\"Comment\",\"target\":[\"https:\/\/now-news.de\/de\/deutschland\/epstein-komplizin-ghislaine-maxwell-wegen-suizidgefahr-unter-verschaerfter-beobachtung\/#respond\"]}]},{\"@type\":\"WebPage\",\"@id\":\"https:\/\/now-news.de\/de\/deutschland\/epstein-komplizin-ghislaine-maxwell-wegen-suizidgefahr-unter-verschaerfter-beobachtung\/\",\"url\":\"https:\/\/now-news.de\/de\/deutschland\/epstein-komplizin-ghislaine-maxwell-wegen-suizidgefahr-unter-verschaerfter-beobachtung\/\",\"name\":\"Epstein-Komplizin Ghislaine Maxwell wegen &quot;Suizidgefahr&quot; unter versch\u00e4rfter Beobachtung - just-now.NEWS Deutschland\",\"isPartOf\":{\"@id\":\"https:\/\/now-news.de\/de\/#website\"},\"primaryImageOfPage\":{\"@id\":\"https:\/\/now-news.de\/de\/deutschland\/epstein-komplizin-ghislaine-maxwell-wegen-suizidgefahr-unter-verschaerfter-beobachtung\/#primaryimage\"},\"image\":{\"@id\":\"https:\/\/now-news.de\/de\/deutschland\/epstein-komplizin-ghislaine-maxwell-wegen-suizidgefahr-unter-verschaerfter-beobachtung\/#primaryimage\"},\"thumbnailUrl\":\"https:\/\/now-news.de\/de\/wp-content\/uploads\/sites\/3\/2022\/06\/Epstein-Komplizin-Ghislaine-Maxwell-wegen-quotSuizidgefahrquot-unter-verschaerfter-Beobachtung.jpg\",\"datePublished\":\"2022-06-27T08:09:55+00:00\",\"dateModified\":\"2022-06-27T08:09:55+00:00\",\"breadcrumb\":{\"@id\":\"https:\/\/now-news.de\/de\/deutschland\/epstein-komplizin-ghislaine-maxwell-wegen-suizidgefahr-unter-verschaerfter-beobachtung\/#breadcrumb\"},\"inLanguage\":\"de\",\"potentialAction\":[{\"@type\":\"ReadAction\",\"target\":[\"https:\/\/now-news.de\/de\/deutschland\/epstein-komplizin-ghislaine-maxwell-wegen-suizidgefahr-unter-verschaerfter-beobachtung\/\"]}]},{\"@type\":\"ImageObject\",\"inLanguage\":\"de\",\"@id\":\"https:\/\/now-news.de\/de\/deutschland\/epstein-komplizin-ghislaine-maxwell-wegen-suizidgefahr-unter-verschaerfter-beobachtung\/#primaryimage\",\"url\":\"https:\/\/now-news.de\/de\/wp-content\/uploads\/sites\/3\/2022\/06\/Epstein-Komplizin-Ghislaine-Maxwell-wegen-quotSuizidgefahrquot-unter-verschaerfter-Beobachtung.jpg\",\"contentUrl\":\"https:\/\/now-news.de\/de\/wp-content\/uploads\/sites\/3\/2022\/06\/Epstein-Komplizin-Ghislaine-Maxwell-wegen-quotSuizidgefahrquot-unter-verschaerfter-Beobachtung.jpg\",\"width\":460,\"height\":259,\"caption\":\"Epstein-Komplizin Ghislaine Maxwell wegen &quot;Suizidgefahr&quot; unter versch\u00e4rfter Beobachtung\"},{\"@type\":\"BreadcrumbList\",\"@id\":\"https:\/\/now-news.de\/de\/deutschland\/epstein-komplizin-ghislaine-maxwell-wegen-suizidgefahr-unter-verschaerfter-beobachtung\/#breadcrumb\",\"itemListElement\":[{\"@type\":\"ListItem\",\"position\":1,\"name\":\"Home\",\"item\":\"https:\/\/now-news.de\/de\/\"},{\"@type\":\"ListItem\",\"position\":2,\"name\":\"Epstein-Komplizin Ghislaine Maxwell wegen &quot;Suizidgefahr&quot; unter versch\u00e4rfter Beobachtung\"}]},{\"@type\":\"WebSite\",\"@id\":\"https:\/\/now-news.de\/de\/#website\",\"url\":\"https:\/\/now-news.de\/de\/\",\"name\":\"just-now.NEWS Deutschland\",\"description\":\"Das Portal f\u00fcr unzensierte Nachrichten aus der Welt\",\"publisher\":{\"@id\":\"https:\/\/now-news.de\/de\/#organization\"},\"potentialAction\":[{\"@type\":\"SearchAction\",\"target\":{\"@type\":\"EntryPoint\",\"urlTemplate\":\"https:\/\/now-news.de\/de\/?s={search_term_string}\"},\"query-input\":\"required name=search_term_string\"}],\"inLanguage\":\"de\"},{\"@type\":\"Organization\",\"@id\":\"https:\/\/now-news.de\/de\/#organization\",\"name\":\"Just Now News\",\"url\":\"https:\/\/now-news.de\/de\/\",\"logo\":{\"@type\":\"ImageObject\",\"inLanguage\":\"de\",\"@id\":\"https:\/\/now-news.de\/de\/#\/schema\/logo\/image\/\",\"url\":\"http:\/\/just-now.news\/de\/wp-content\/uploads\/sites\/3\/2022\/04\/logo500x500.jpg\",\"contentUrl\":\"http:\/\/just-now.news\/de\/wp-content\/uploads\/sites\/3\/2022\/04\/logo500x500.jpg\",\"width\":500,\"height\":500,\"caption\":\"Just Now News\"},\"image\":{\"@id\":\"https:\/\/now-news.de\/de\/#\/schema\/logo\/image\/\"},\"sameAs\":[\"https:\/\/www.facebook.com\/wirmachenauf\",\"https:\/\/x.com\/WirMachenAuf_de\"]},{\"@type\":\"Person\",\"@id\":\"https:\/\/now-news.de\/de\/#\/schema\/person\/fb534a4e865501d8b3285208df34a9b5\",\"name\":\"rtnews\",\"image\":{\"@type\":\"ImageObject\",\"inLanguage\":\"de\",\"@id\":\"https:\/\/now-news.de\/de\/#\/schema\/person\/image\/\",\"url\":\"https:\/\/secure.gravatar.com\/avatar\/82aafea7d8127119dd649515f56e2117?s=96&d=mm&r=g\",\"contentUrl\":\"https:\/\/secure.gravatar.com\/avatar\/82aafea7d8127119dd649515f56e2117?s=96&d=mm&r=g\",\"caption\":\"rtnews\"},\"url\":\"https:\/\/now-news.de\/de\/author\/rnews\/\"}]}<\/script>\n<!-- \/ Yoast SEO Premium plugin. -->","yoast_head_json":{"title":"Epstein-Komplizin Ghislaine Maxwell wegen &quot;Suizidgefahr&quot; unter versch\u00e4rfter Beobachtung - just-now.NEWS Deutschland","robots":{"index":"index","follow":"follow","max-snippet":"max-snippet:-1","max-image-preview":"max-image-preview:large","max-video-preview":"max-video-preview:-1"},"canonical":"https:\/\/now-news.de\/de\/deutschland\/epstein-komplizin-ghislaine-maxwell-wegen-suizidgefahr-unter-verschaerfter-beobachtung\/","og_locale":"de_DE","og_type":"article","og_title":"Epstein-Komplizin Ghislaine Maxwell wegen &quot;Suizidgefahr&quot; unter versch\u00e4rfter Beobachtung","og_description":"Am Dienstag verk\u00fcndet das Gericht in New York das Strafma\u00df gegen die wegen Sexhandels verurteilte Epstein-Komplizin Ghislaine Maxwell. Seit Freitag sitzt sie in Einzelhaft \u2013 unter versch\u00e4rfter Beobachtung wegen Suizidgefahr. Doch ein Psychologe widerspricht. Die langj\u00e4hrige Vertraute des verstorbenen Sexualstraft\u00e4ters Jeffrey Epstein, Ghislaine Maxwell, ist nach Angaben ihres Anwalts vor der Verk\u00fcndung ihres Strafma\u00dfes wegen [&hellip;]","og_url":"https:\/\/now-news.de\/de\/deutschland\/epstein-komplizin-ghislaine-maxwell-wegen-suizidgefahr-unter-verschaerfter-beobachtung\/","og_site_name":"just-now.NEWS Deutschland","article_publisher":"https:\/\/www.facebook.com\/wirmachenauf","article_published_time":"2022-06-27T08:09:55+00:00","og_image":[{"width":460,"height":259,"url":"https:\/\/now-news.de\/de\/wp-content\/uploads\/sites\/3\/2022\/06\/Epstein-Komplizin-Ghislaine-Maxwell-wegen-quotSuizidgefahrquot-unter-verschaerfter-Beobachtung.jpg","type":"image\/jpeg"}],"author":"rtnews","twitter_card":"summary_large_image","twitter_creator":"@WirMachenAuf_de","twitter_site":"@WirMachenAuf_de","twitter_misc":{"Verfasst von":"rtnews","Gesch\u00e4tzte Lesezeit":"3\u00a0Minuten"},"schema":{"@context":"https:\/\/schema.org","@graph":[{"@type":"Article","@id":"https:\/\/now-news.de\/de\/deutschland\/epstein-komplizin-ghislaine-maxwell-wegen-suizidgefahr-unter-verschaerfter-beobachtung\/#article","isPartOf":{"@id":"https:\/\/now-news.de\/de\/deutschland\/epstein-komplizin-ghislaine-maxwell-wegen-suizidgefahr-unter-verschaerfter-beobachtung\/"},"author":{"name":"rtnews","@id":"https:\/\/now-news.de\/de\/#\/schema\/person\/fb534a4e865501d8b3285208df34a9b5"},"headline":"Epstein-Komplizin Ghislaine Maxwell wegen &quot;Suizidgefahr&quot; unter versch\u00e4rfter Beobachtung","datePublished":"2022-06-27T08:09:55+00:00","dateModified":"2022-06-27T08:09:55+00:00","mainEntityOfPage":{"@id":"https:\/\/now-news.de\/de\/deutschland\/epstein-komplizin-ghislaine-maxwell-wegen-suizidgefahr-unter-verschaerfter-beobachtung\/"},"wordCount":563,"commentCount":0,"publisher":{"@id":"https:\/\/now-news.de\/de\/#organization"},"image":{"@id":"https:\/\/now-news.de\/de\/deutschland\/epstein-komplizin-ghislaine-maxwell-wegen-suizidgefahr-unter-verschaerfter-beobachtung\/#primaryimage"},"thumbnailUrl":"https:\/\/now-news.de\/de\/wp-content\/uploads\/sites\/3\/2022\/06\/Epstein-Komplizin-Ghislaine-Maxwell-wegen-quotSuizidgefahrquot-unter-verschaerfter-Beobachtung.jpg","keywords":["Beobachtung","EpsteinKomplizin","Ghislaine","Maxwell","quotSuizidgefahrquot","unter","versch\u00e4rfter","wegen"],"articleSection":["Deutschland","Russland"],"inLanguage":"de","potentialAction":[{"@type":"CommentAction","name":"Comment","target":["https:\/\/now-news.de\/de\/deutschland\/epstein-komplizin-ghislaine-maxwell-wegen-suizidgefahr-unter-verschaerfter-beobachtung\/#respond"]}]},{"@type":"WebPage","@id":"https:\/\/now-news.de\/de\/deutschland\/epstein-komplizin-ghislaine-maxwell-wegen-suizidgefahr-unter-verschaerfter-beobachtung\/","url":"https:\/\/now-news.de\/de\/deutschland\/epstein-komplizin-ghislaine-maxwell-wegen-suizidgefahr-unter-verschaerfter-beobachtung\/","name":"Epstein-Komplizin Ghislaine Maxwell wegen &quot;Suizidgefahr&quot; unter versch\u00e4rfter Beobachtung - just-now.NEWS Deutschland","isPartOf":{"@id":"https:\/\/now-news.de\/de\/#website"},"primaryImageOfPage":{"@id":"https:\/\/now-news.de\/de\/deutschland\/epstein-komplizin-ghislaine-maxwell-wegen-suizidgefahr-unter-verschaerfter-beobachtung\/#primaryimage"},"image":{"@id":"https:\/\/now-news.de\/de\/deutschland\/epstein-komplizin-ghislaine-maxwell-wegen-suizidgefahr-unter-verschaerfter-beobachtung\/#primaryimage"},"thumbnailUrl":"https:\/\/now-news.de\/de\/wp-content\/uploads\/sites\/3\/2022\/06\/Epstein-Komplizin-Ghislaine-Maxwell-wegen-quotSuizidgefahrquot-unter-verschaerfter-Beobachtung.jpg","datePublished":"2022-06-27T08:09:55+00:00","dateModified":"2022-06-27T08:09:55+00:00","breadcrumb":{"@id":"https:\/\/now-news.de\/de\/deutschland\/epstein-komplizin-ghislaine-maxwell-wegen-suizidgefahr-unter-verschaerfter-beobachtung\/#breadcrumb"},"inLanguage":"de","potentialAction":[{"@type":"ReadAction","target":["https:\/\/now-news.de\/de\/deutschland\/epstein-komplizin-ghislaine-maxwell-wegen-suizidgefahr-unter-verschaerfter-beobachtung\/"]}]},{"@type":"ImageObject","inLanguage":"de","@id":"https:\/\/now-news.de\/de\/deutschland\/epstein-komplizin-ghislaine-maxwell-wegen-suizidgefahr-unter-verschaerfter-beobachtung\/#primaryimage","url":"https:\/\/now-news.de\/de\/wp-content\/uploads\/sites\/3\/2022\/06\/Epstein-Komplizin-Ghislaine-Maxwell-wegen-quotSuizidgefahrquot-unter-verschaerfter-Beobachtung.jpg","contentUrl":"https:\/\/now-news.de\/de\/wp-content\/uploads\/sites\/3\/2022\/06\/Epstein-Komplizin-Ghislaine-Maxwell-wegen-quotSuizidgefahrquot-unter-verschaerfter-Beobachtung.jpg","width":460,"height":259,"caption":"Epstein-Komplizin Ghislaine Maxwell wegen &quot;Suizidgefahr&quot; unter versch\u00e4rfter Beobachtung"},{"@type":"BreadcrumbList","@id":"https:\/\/now-news.de\/de\/deutschland\/epstein-komplizin-ghislaine-maxwell-wegen-suizidgefahr-unter-verschaerfter-beobachtung\/#breadcrumb","itemListElement":[{"@type":"ListItem","position":1,"name":"Home","item":"https:\/\/now-news.de\/de\/"},{"@type":"ListItem","position":2,"name":"Epstein-Komplizin Ghislaine Maxwell wegen &quot;Suizidgefahr&quot; unter versch\u00e4rfter Beobachtung"}]},{"@type":"WebSite","@id":"https:\/\/now-news.de\/de\/#website","url":"https:\/\/now-news.de\/de\/","name":"just-now.NEWS Deutschland","description":"Das Portal f\u00fcr unzensierte Nachrichten aus der Welt","publisher":{"@id":"https:\/\/now-news.de\/de\/#organization"},"potentialAction":[{"@type":"SearchAction","target":{"@type":"EntryPoint","urlTemplate":"https:\/\/now-news.de\/de\/?s={search_term_string}"},"query-input":"required name=search_term_string"}],"inLanguage":"de"},{"@type":"Organization","@id":"https:\/\/now-news.de\/de\/#organization","name":"Just Now News","url":"https:\/\/now-news.de\/de\/","logo":{"@type":"ImageObject","inLanguage":"de","@id":"https:\/\/now-news.de\/de\/#\/schema\/logo\/image\/","url":"http:\/\/just-now.news\/de\/wp-content\/uploads\/sites\/3\/2022\/04\/logo500x500.jpg","contentUrl":"http:\/\/just-now.news\/de\/wp-content\/uploads\/sites\/3\/2022\/04\/logo500x500.jpg","width":500,"height":500,"caption":"Just Now News"},"image":{"@id":"https:\/\/now-news.de\/de\/#\/schema\/logo\/image\/"},"sameAs":["https:\/\/www.facebook.com\/wirmachenauf","https:\/\/x.com\/WirMachenAuf_de"]},{"@type":"Person","@id":"https:\/\/now-news.de\/de\/#\/schema\/person\/fb534a4e865501d8b3285208df34a9b5","name":"rtnews","image":{"@type":"ImageObject","inLanguage":"de","@id":"https:\/\/now-news.de\/de\/#\/schema\/person\/image\/","url":"https:\/\/secure.gravatar.com\/avatar\/82aafea7d8127119dd649515f56e2117?s=96&d=mm&r=g","contentUrl":"https:\/\/secure.gravatar.com\/avatar\/82aafea7d8127119dd649515f56e2117?s=96&d=mm&r=g","caption":"rtnews"},"url":"https:\/\/now-news.de\/de\/author\/rnews\/"}]}},"_links":{"self":[{"href":"https:\/\/now-news.de\/de\/wp-json\/wp\/v2\/posts\/12032"}],"collection":[{"href":"https:\/\/now-news.de\/de\/wp-json\/wp\/v2\/posts"}],"about":[{"href":"https:\/\/now-news.de\/de\/wp-json\/wp\/v2\/types\/post"}],"author":[{"embeddable":true,"href":"https:\/\/now-news.de\/de\/wp-json\/wp\/v2\/users\/3"}],"replies":[{"embeddable":true,"href":"https:\/\/now-news.de\/de\/wp-json\/wp\/v2\/comments?post=12032"}],"version-history":[{"count":0,"href":"https:\/\/now-news.de\/de\/wp-json\/wp\/v2\/posts\/12032\/revisions"}],"wp:featuredmedia":[{"embeddable":true,"href":"https:\/\/now-news.de\/de\/wp-json\/wp\/v2\/media\/12033"}],"wp:attachment":[{"href":"https:\/\/now-news.de\/de\/wp-json\/wp\/v2\/media?parent=12032"}],"wp:term":[{"taxonomy":"category","embeddable":true,"href":"https:\/\/now-news.de\/de\/wp-json\/wp\/v2\/categories?post=12032"},{"taxonomy":"post_tag","embeddable":true,"href":"https:\/\/now-news.de\/de\/wp-json\/wp\/v2\/tags?post=12032"}],"curies":[{"name":"wp","href":"https:\/\/api.w.org\/{rel}","templated":true}]}}