{"id":11992,"date":"2022-06-26T20:13:29","date_gmt":"2022-06-26T18:13:29","guid":{"rendered":"http:\/\/just-now.news\/de\/deutschland\/vier-jahre-nach-sachartschenkos-ermordung-der-kiewer-terror-geht-weiter\/"},"modified":"2022-06-26T20:13:29","modified_gmt":"2022-06-26T18:13:29","slug":"vier-jahre-nach-sachartschenkos-ermordung-der-kiewer-terror-geht-weiter","status":"publish","type":"post","link":"https:\/\/now-news.de\/de\/deutschland\/vier-jahre-nach-sachartschenkos-ermordung-der-kiewer-terror-geht-weiter\/","title":{"rendered":"Vier Jahre nach Sachartschenkos Ermordung: Der Kiewer Terror geht weiter"},"content":{"rendered":"<p><img decoding=\"async\" src=\"http:\/\/just-now.news\/de\/wp-content\/uploads\/sites\/3\/2022\/06\/62b866a848fbef239646214f.jpg\" \/><\/p>\n<p><em>von Anton Gentzen<\/em><\/p>\n<p>In den sozialen Netzwerken ist unter Donbass-Einwohnern eine Diskussion wieder aufgeflammt und nicht zu \u00fcbersehen. Am 26. Juni w\u00e4re der bei einem ukrainischen\u00a0<a rel=\"nofollow noopener\" target=\"_blank\" href=\"https:\/\/de.rt.com\/kurzclips\/video\/76851-video-zeigt-letzte-lebensmomente-von-sachartschenko\/\">Terroranschlag am 31. August 2018<\/a>\u00a0get\u00f6tete erste Pr\u00e4sident der damals noch nicht anerkannten Volksrepublik Donezk Alexander Sachartschenko 46 Jahre alt geworden.<\/p>\n<p>In \u00f6rtlichen Foren wird am Sonntag seiner gedacht und immer wieder die Frage gestellt, wann die Welt merkt, dass nicht die von Kiew als &#8220;Terroristen&#8221; gebrandmarkten Donbass-Separatisten Terroranschl\u00e4ge ver\u00fcben, sondern es die Kiewer Regierung selbst ist, die sich seit acht Jahren immer wieder und wieder <a rel=\"nofollow noopener\" target=\"_blank\" href=\"https:\/\/de.rt.com\/international\/136981-ukrainischer-gouverneur-ruft-zu-hinrichtung\/\">terroristischer Methoden bedient<\/a>.\u00a0<\/p>\n<p>Mithilfe von Terroranschl\u00e4gen hat Kiew nicht nur Alexander Sachartschenko &#8220;liquidiert&#8221;. Auf \u00e4hnliche Weise wurden auch andere popul\u00e4re Aufst\u00e4ndische ermordet, beispielsweise Alexei Mosgowoj, Michail Tolstych (&#8220;Giwi&#8221;), Arsen Pawlow (&#8220;Motorola&#8221;) und viele andere.\u00a0<\/p>\n<p>Diese Diskussion ist auch deshalb aktuell, weil Kiew in den inzwischen durch Russland kontrollierten Gebieten unverhohlen zur Taktik des sogenannten &#8220;kontrollierten Terrors&#8221; greift: Lokale Politiker, Angestellte kommunaler Verwaltungen, Beh\u00f6rdenmitarbeiter und Menschen, die sich loyal zu Russland verhalten, werden auf offener Stra\u00dfe erschossen oder bei Sprengstoffanschl\u00e4gen umgebracht. Ziel ist, den Einwohnern Angst einzujagen und sie von einer Zusammenarbeit mit Russland abzuhalten.<\/p>\n<p>Aus zuverl\u00e4ssigen Quellen wird berichtet, dass der ukrainische Pr\u00e4sident Selenskij selbst den Terror gegen die eigenen Staatsb\u00fcrger genehmigt hat und wohl sogar fordert, ihn zu intensivieren.\u00a0<\/p>\n<p>So wurde erst am Freitag, dem 24. Juni, das Auto des Leiters des Jugendamtes der Stadt Cherson zur Explosion gebracht, Dmitri Sawlutschenko verbrannte darin vor den Augen seiner Mutter. Erwartbar l\u00f6ste dies ein wahres Fest in der ukrainischen Presse aus, die die Ermordung des &#8220;Kollaboranten&#8221; regelrecht feierte.\u00a0<\/p>\n<p>Bereits am 20. M\u00e4rz wurde auch in Cherson\u00a0<a rel=\"nofollow noopener\" target=\"_blank\" href=\"https:\/\/de.rt.com\/europa\/134242-politischer-mord-in-cherson-und\/\">ein prorussischer Aktivist in seinem Auto erschossen<\/a>\u00a0und am 20. April dort erneut ein\u00a0<a rel=\"nofollow noopener\" target=\"_blank\" href=\"https:\/\/de.rt.com\/international\/136629-prorussischer-blogger-in-cherson-erschossen\/\">prorussischer Blogger<\/a>\u00a0ermordet.\u00a0In der Zwischenzeit gab es weitere versuchte Attentate und einen vereitelten Bombenanschlag auf die Siegesfeier am 9. Mai. Am 30. Mai gab es in der ebenfalls russisch kontrollierten Stadt Melitopol einen Bombenanschlag auf humanit\u00e4re Helfer. Und dies ist nur eine auszugsweise Aufz\u00e4hlung der von der Kiewer Regierung zu verantwortenden Terrorakte.\u00a0<\/p>\n<p>Nun wird in russischen und ukrainischen sozialen Medien eine reziproke Anwendung des Individualterrors auf ukrainische Vertreter und Aktivisten gefordert. Beispielsweise\u00a0<a rel=\"nofollow noopener\" target=\"_blank\" href=\"https:\/\/t.me\/boris_rozhin\/55019\">schreibt der auf der Krim lebende einflussreiche und gut vernetzte Milit\u00e4rexperte Boris Roshin<\/a>\u00a0(aka &#8220;Colonelcassad&#8221;):<\/p>\n<blockquote>\n<p><em>&#8220;Zu den Terroranschl\u00e4gen in den befreiten Gebieten.<\/em><\/p>\n<p><em>1. Sie gab es, sie gibt es und sie wird es weiter geben. Die Situation dort ist identisch mit der im Kaukasus nach dem zweiten Tschetschenienkrieg, nach dem eine langwierige Anti-Terror-Operation notwendig war (&#8230;).<\/em><\/p>\n<p><em>2. Daher ist es notwendig, nicht in Hysterie zu verfallen, sondern das Antiterror-Regime unter Einbeziehung lokaler Ressourcen methodisch zu st\u00e4rken, die Kontrolle zu verst\u00e4rken und ukrainische Terroristen zu liquidieren. Am wichtigsten sind das methodische Vorgehen und die Unabwendbarkeit der Vergeltung.<\/em><\/p>\n<p><em>3. Der (ukrainische Geheimdienst) SBU und die Aufkl\u00e4rungshauptabteilung des ukrainischen Verteidigungsministeriums sollten offiziell als terroristische Organisationen anerkannt und damit mit dem Islamischen Staat und der al-Qaida gleichgesetzt werden, um unn\u00f6tige Einschr\u00e4nkungen bei der Beseitigung banderistischer Terrorzellen und ihrer Agenten in den befreiten Gebieten zu beseitigen. Die Anf\u00fchrer und Funktion\u00e4re dieser Strukturen sollten auch einzeln gejagt werden, so wie die Anf\u00fchrer der tschetschenischen K\u00e4mpfer oder die ISIS-Emiss\u00e4re gejagt wurden.<\/em><\/p>\n<p><em>4. Elemente der sowjetischen Erfahrungen bei der Bek\u00e4mpfung des Banderaismus in der Westukraine m\u00fcssen studiert und mit Anpassungen an die aktuelle Situation umgesetzt werden. Schlie\u00dflich hat die UdSSR in den 40-50er-Jahren ein erfolgreiches Beispiel f\u00fcr die Beseitigung der Struktur des von den USA und der NATO unterst\u00fctzten Bandera-Aufstandes gegeben. Es geht nat\u00fcrlich nicht darum, die sowjetischen Erfahrungen zu kopieren, sondern n\u00fctzliche Elemente einzuf\u00fchren.&#8221;<\/em><\/p>\n<\/blockquote>\n<p>Der Odessiter\u00a0<a rel=\"nofollow noopener\" target=\"_blank\" href=\"https:\/\/putnik1.livejournal.com\/9089968.html\">Schriftsteller und Politikexperte Lew Werschinin<\/a>\u00a0gibt Roshin in seinem Blog auf <em>LiveJournal<\/em> ausdr\u00fccklich recht und geht noch weiter, indem er Individualterror gegen exponierte Vertreter der ukrainischen Regierung fordert.\u00a0<\/p>\n<p>Derartige Forderungen k\u00f6nnen nat\u00fcrlich nicht unterst\u00fctzt werden und sind zu verurteilen. Allerdings ist es am kollektiven Westen \u2013 auch und insbesondere an Deutschland \u2013 Kiew zur Ordnung zu rufen. Sonst ist es nahezu unvermeidlich, dass die Ukraine in einem Kreislauf von Terror und Gegenterror versinken wird.\u00a0<\/p>\n<p><strong>Mehr zum Thema<\/strong>\u00a0&#8211;\u00a0<a rel=\"nofollow noopener\" target=\"_blank\" href=\"https:\/\/de.rt.com\/meinung\/141429-russlands-antwort-auf-terror-ist\/\">Russlands Antwort auf den Terror ist immer dieselbe \u2013 und unabwendbar<\/a><\/p>\n<p><br \/>\n<br \/><a href=\"https:\/\/de.rt.com\/meinung\/141991-vier-jahre-nach-sachartschenkos-ermordung\/\">Source link <\/a><\/p>\n","protected":false},"excerpt":{"rendered":"<p>von Anton Gentzen In den sozialen Netzwerken ist unter Donbass-Einwohnern eine Diskussion wieder aufgeflammt und nicht zu \u00fcbersehen. Am 26. Juni w\u00e4re der bei einem ukrainischen\u00a0Terroranschlag am 31. August 2018\u00a0get\u00f6tete erste Pr\u00e4sident der damals noch nicht anerkannten Volksrepublik Donezk Alexander Sachartschenko 46 Jahre alt geworden. In \u00f6rtlichen Foren wird am Sonntag seiner gedacht und immer [&hellip;]<\/p>\n","protected":false},"author":3,"featured_media":11993,"comment_status":"open","ping_status":"open","sticky":false,"template":"","format":"standard","meta":{"wp_automatic_camp":["217"],"93216c4e7a543c02f0c1a480a0c48956":["Vier Jahre nach Sachartschenkos Ermordung: Der Kiewer Terror geht weiter"],"original_link":["https:\/\/de.rt.com\/meinung\/141991-vier-jahre-nach-sachartschenkos-ermordung\/"],"_thumbnail_id":["11993"],"_wptg_p2tg_sent2tg":["2022-06-26 20:27:58"],"jnews_social_counter_last_update":["1777574547"]},"categories":[19,23],"tags":[82,20430,1673,7530,18588,979,25845,8903,3232,601],"yoast_head":"<!-- This site is optimized with the Yoast SEO Premium plugin v22.7 (Yoast SEO v22.7) - https:\/\/yoast.com\/wordpress\/plugins\/seo\/ -->\n<title>Vier Jahre nach Sachartschenkos Ermordung: Der Kiewer Terror geht weiter - just-now.NEWS Deutschland<\/title>\n<meta name=\"robots\" content=\"index, follow, max-snippet:-1, max-image-preview:large, max-video-preview:-1\" \/>\n<link rel=\"canonical\" href=\"https:\/\/now-news.de\/de\/deutschland\/vier-jahre-nach-sachartschenkos-ermordung-der-kiewer-terror-geht-weiter\/\" \/>\n<meta property=\"og:locale\" content=\"de_DE\" \/>\n<meta property=\"og:type\" content=\"article\" \/>\n<meta property=\"og:title\" content=\"Vier Jahre nach Sachartschenkos Ermordung: Der Kiewer Terror geht weiter\" \/>\n<meta property=\"og:description\" content=\"von Anton Gentzen In den sozialen Netzwerken ist unter Donbass-Einwohnern eine Diskussion wieder aufgeflammt und nicht zu \u00fcbersehen. Am 26. Juni w\u00e4re der bei einem ukrainischen\u00a0Terroranschlag am 31. August 2018\u00a0get\u00f6tete erste Pr\u00e4sident der damals noch nicht anerkannten Volksrepublik Donezk Alexander Sachartschenko 46 Jahre alt geworden. In \u00f6rtlichen Foren wird am Sonntag seiner gedacht und immer [&hellip;]\" \/>\n<meta property=\"og:url\" content=\"https:\/\/now-news.de\/de\/deutschland\/vier-jahre-nach-sachartschenkos-ermordung-der-kiewer-terror-geht-weiter\/\" \/>\n<meta property=\"og:site_name\" content=\"just-now.NEWS Deutschland\" \/>\n<meta property=\"article:publisher\" content=\"https:\/\/www.facebook.com\/wirmachenauf\" \/>\n<meta property=\"article:published_time\" content=\"2022-06-26T18:13:29+00:00\" \/>\n<meta property=\"og:image\" content=\"https:\/\/now-news.de\/de\/wp-content\/uploads\/sites\/3\/2022\/06\/Vier-Jahre-nach-Sachartschenkos-Ermordung-Der-Kiewer-Terror-geht-weiter.jpg\" \/>\n\t<meta property=\"og:image:width\" content=\"460\" \/>\n\t<meta property=\"og:image:height\" content=\"259\" \/>\n\t<meta property=\"og:image:type\" content=\"image\/jpeg\" \/>\n<meta name=\"author\" content=\"rtnews\" \/>\n<meta name=\"twitter:card\" content=\"summary_large_image\" \/>\n<meta name=\"twitter:creator\" content=\"@WirMachenAuf_de\" \/>\n<meta name=\"twitter:site\" content=\"@WirMachenAuf_de\" \/>\n<meta name=\"twitter:label1\" content=\"Verfasst von\" \/>\n\t<meta name=\"twitter:data1\" content=\"rtnews\" \/>\n\t<meta name=\"twitter:label2\" content=\"Gesch\u00e4tzte Lesezeit\" \/>\n\t<meta name=\"twitter:data2\" content=\"4\u00a0Minuten\" \/>\n<script type=\"application\/ld+json\" class=\"yoast-schema-graph\">{\"@context\":\"https:\/\/schema.org\",\"@graph\":[{\"@type\":\"Article\",\"@id\":\"https:\/\/now-news.de\/de\/deutschland\/vier-jahre-nach-sachartschenkos-ermordung-der-kiewer-terror-geht-weiter\/#article\",\"isPartOf\":{\"@id\":\"https:\/\/now-news.de\/de\/deutschland\/vier-jahre-nach-sachartschenkos-ermordung-der-kiewer-terror-geht-weiter\/\"},\"author\":{\"name\":\"rtnews\",\"@id\":\"https:\/\/now-news.de\/de\/#\/schema\/person\/fb534a4e865501d8b3285208df34a9b5\"},\"headline\":\"Vier Jahre nach Sachartschenkos Ermordung: Der Kiewer Terror geht weiter\",\"datePublished\":\"2022-06-26T18:13:29+00:00\",\"dateModified\":\"2022-06-26T18:13:29+00:00\",\"mainEntityOfPage\":{\"@id\":\"https:\/\/now-news.de\/de\/deutschland\/vier-jahre-nach-sachartschenkos-ermordung-der-kiewer-terror-geht-weiter\/\"},\"wordCount\":711,\"commentCount\":0,\"publisher\":{\"@id\":\"https:\/\/now-news.de\/de\/#organization\"},\"image\":{\"@id\":\"https:\/\/now-news.de\/de\/deutschland\/vier-jahre-nach-sachartschenkos-ermordung-der-kiewer-terror-geht-weiter\/#primaryimage\"},\"thumbnailUrl\":\"https:\/\/now-news.de\/de\/wp-content\/uploads\/sites\/3\/2022\/06\/Vier-Jahre-nach-Sachartschenkos-Ermordung-Der-Kiewer-Terror-geht-weiter.jpg\",\"keywords\":[\"der\",\"Ermordung\",\"Geht\",\"Jahre\",\"Kiewer\",\"nach\",\"Sachartschenkos\",\"terror\",\"vier\",\"weiter\"],\"articleSection\":[\"Deutschland\",\"Russland\"],\"inLanguage\":\"de\",\"potentialAction\":[{\"@type\":\"CommentAction\",\"name\":\"Comment\",\"target\":[\"https:\/\/now-news.de\/de\/deutschland\/vier-jahre-nach-sachartschenkos-ermordung-der-kiewer-terror-geht-weiter\/#respond\"]}]},{\"@type\":\"WebPage\",\"@id\":\"https:\/\/now-news.de\/de\/deutschland\/vier-jahre-nach-sachartschenkos-ermordung-der-kiewer-terror-geht-weiter\/\",\"url\":\"https:\/\/now-news.de\/de\/deutschland\/vier-jahre-nach-sachartschenkos-ermordung-der-kiewer-terror-geht-weiter\/\",\"name\":\"Vier Jahre nach Sachartschenkos Ermordung: Der Kiewer Terror geht weiter - just-now.NEWS Deutschland\",\"isPartOf\":{\"@id\":\"https:\/\/now-news.de\/de\/#website\"},\"primaryImageOfPage\":{\"@id\":\"https:\/\/now-news.de\/de\/deutschland\/vier-jahre-nach-sachartschenkos-ermordung-der-kiewer-terror-geht-weiter\/#primaryimage\"},\"image\":{\"@id\":\"https:\/\/now-news.de\/de\/deutschland\/vier-jahre-nach-sachartschenkos-ermordung-der-kiewer-terror-geht-weiter\/#primaryimage\"},\"thumbnailUrl\":\"https:\/\/now-news.de\/de\/wp-content\/uploads\/sites\/3\/2022\/06\/Vier-Jahre-nach-Sachartschenkos-Ermordung-Der-Kiewer-Terror-geht-weiter.jpg\",\"datePublished\":\"2022-06-26T18:13:29+00:00\",\"dateModified\":\"2022-06-26T18:13:29+00:00\",\"breadcrumb\":{\"@id\":\"https:\/\/now-news.de\/de\/deutschland\/vier-jahre-nach-sachartschenkos-ermordung-der-kiewer-terror-geht-weiter\/#breadcrumb\"},\"inLanguage\":\"de\",\"potentialAction\":[{\"@type\":\"ReadAction\",\"target\":[\"https:\/\/now-news.de\/de\/deutschland\/vier-jahre-nach-sachartschenkos-ermordung-der-kiewer-terror-geht-weiter\/\"]}]},{\"@type\":\"ImageObject\",\"inLanguage\":\"de\",\"@id\":\"https:\/\/now-news.de\/de\/deutschland\/vier-jahre-nach-sachartschenkos-ermordung-der-kiewer-terror-geht-weiter\/#primaryimage\",\"url\":\"https:\/\/now-news.de\/de\/wp-content\/uploads\/sites\/3\/2022\/06\/Vier-Jahre-nach-Sachartschenkos-Ermordung-Der-Kiewer-Terror-geht-weiter.jpg\",\"contentUrl\":\"https:\/\/now-news.de\/de\/wp-content\/uploads\/sites\/3\/2022\/06\/Vier-Jahre-nach-Sachartschenkos-Ermordung-Der-Kiewer-Terror-geht-weiter.jpg\",\"width\":460,\"height\":259,\"caption\":\"Vier Jahre nach Sachartschenkos Ermordung: Der Kiewer Terror geht weiter\"},{\"@type\":\"BreadcrumbList\",\"@id\":\"https:\/\/now-news.de\/de\/deutschland\/vier-jahre-nach-sachartschenkos-ermordung-der-kiewer-terror-geht-weiter\/#breadcrumb\",\"itemListElement\":[{\"@type\":\"ListItem\",\"position\":1,\"name\":\"Home\",\"item\":\"https:\/\/now-news.de\/de\/\"},{\"@type\":\"ListItem\",\"position\":2,\"name\":\"Vier Jahre nach Sachartschenkos Ermordung: Der Kiewer Terror geht weiter\"}]},{\"@type\":\"WebSite\",\"@id\":\"https:\/\/now-news.de\/de\/#website\",\"url\":\"https:\/\/now-news.de\/de\/\",\"name\":\"just-now.NEWS Deutschland\",\"description\":\"Das Portal f\u00fcr unzensierte Nachrichten aus der Welt\",\"publisher\":{\"@id\":\"https:\/\/now-news.de\/de\/#organization\"},\"potentialAction\":[{\"@type\":\"SearchAction\",\"target\":{\"@type\":\"EntryPoint\",\"urlTemplate\":\"https:\/\/now-news.de\/de\/?s={search_term_string}\"},\"query-input\":\"required name=search_term_string\"}],\"inLanguage\":\"de\"},{\"@type\":\"Organization\",\"@id\":\"https:\/\/now-news.de\/de\/#organization\",\"name\":\"Just Now News\",\"url\":\"https:\/\/now-news.de\/de\/\",\"logo\":{\"@type\":\"ImageObject\",\"inLanguage\":\"de\",\"@id\":\"https:\/\/now-news.de\/de\/#\/schema\/logo\/image\/\",\"url\":\"http:\/\/just-now.news\/de\/wp-content\/uploads\/sites\/3\/2022\/04\/logo500x500.jpg\",\"contentUrl\":\"http:\/\/just-now.news\/de\/wp-content\/uploads\/sites\/3\/2022\/04\/logo500x500.jpg\",\"width\":500,\"height\":500,\"caption\":\"Just Now News\"},\"image\":{\"@id\":\"https:\/\/now-news.de\/de\/#\/schema\/logo\/image\/\"},\"sameAs\":[\"https:\/\/www.facebook.com\/wirmachenauf\",\"https:\/\/x.com\/WirMachenAuf_de\"]},{\"@type\":\"Person\",\"@id\":\"https:\/\/now-news.de\/de\/#\/schema\/person\/fb534a4e865501d8b3285208df34a9b5\",\"name\":\"rtnews\",\"image\":{\"@type\":\"ImageObject\",\"inLanguage\":\"de\",\"@id\":\"https:\/\/now-news.de\/de\/#\/schema\/person\/image\/\",\"url\":\"https:\/\/secure.gravatar.com\/avatar\/82aafea7d8127119dd649515f56e2117?s=96&d=mm&r=g\",\"contentUrl\":\"https:\/\/secure.gravatar.com\/avatar\/82aafea7d8127119dd649515f56e2117?s=96&d=mm&r=g\",\"caption\":\"rtnews\"},\"url\":\"https:\/\/now-news.de\/de\/author\/rnews\/\"}]}<\/script>\n<!-- \/ Yoast SEO Premium plugin. -->","yoast_head_json":{"title":"Vier Jahre nach Sachartschenkos Ermordung: Der Kiewer Terror geht weiter - just-now.NEWS Deutschland","robots":{"index":"index","follow":"follow","max-snippet":"max-snippet:-1","max-image-preview":"max-image-preview:large","max-video-preview":"max-video-preview:-1"},"canonical":"https:\/\/now-news.de\/de\/deutschland\/vier-jahre-nach-sachartschenkos-ermordung-der-kiewer-terror-geht-weiter\/","og_locale":"de_DE","og_type":"article","og_title":"Vier Jahre nach Sachartschenkos Ermordung: Der Kiewer Terror geht weiter","og_description":"von Anton Gentzen In den sozialen Netzwerken ist unter Donbass-Einwohnern eine Diskussion wieder aufgeflammt und nicht zu \u00fcbersehen. Am 26. Juni w\u00e4re der bei einem ukrainischen\u00a0Terroranschlag am 31. August 2018\u00a0get\u00f6tete erste Pr\u00e4sident der damals noch nicht anerkannten Volksrepublik Donezk Alexander Sachartschenko 46 Jahre alt geworden. In \u00f6rtlichen Foren wird am Sonntag seiner gedacht und immer [&hellip;]","og_url":"https:\/\/now-news.de\/de\/deutschland\/vier-jahre-nach-sachartschenkos-ermordung-der-kiewer-terror-geht-weiter\/","og_site_name":"just-now.NEWS Deutschland","article_publisher":"https:\/\/www.facebook.com\/wirmachenauf","article_published_time":"2022-06-26T18:13:29+00:00","og_image":[{"width":460,"height":259,"url":"https:\/\/now-news.de\/de\/wp-content\/uploads\/sites\/3\/2022\/06\/Vier-Jahre-nach-Sachartschenkos-Ermordung-Der-Kiewer-Terror-geht-weiter.jpg","type":"image\/jpeg"}],"author":"rtnews","twitter_card":"summary_large_image","twitter_creator":"@WirMachenAuf_de","twitter_site":"@WirMachenAuf_de","twitter_misc":{"Verfasst von":"rtnews","Gesch\u00e4tzte Lesezeit":"4\u00a0Minuten"},"schema":{"@context":"https:\/\/schema.org","@graph":[{"@type":"Article","@id":"https:\/\/now-news.de\/de\/deutschland\/vier-jahre-nach-sachartschenkos-ermordung-der-kiewer-terror-geht-weiter\/#article","isPartOf":{"@id":"https:\/\/now-news.de\/de\/deutschland\/vier-jahre-nach-sachartschenkos-ermordung-der-kiewer-terror-geht-weiter\/"},"author":{"name":"rtnews","@id":"https:\/\/now-news.de\/de\/#\/schema\/person\/fb534a4e865501d8b3285208df34a9b5"},"headline":"Vier Jahre nach Sachartschenkos Ermordung: Der Kiewer Terror geht weiter","datePublished":"2022-06-26T18:13:29+00:00","dateModified":"2022-06-26T18:13:29+00:00","mainEntityOfPage":{"@id":"https:\/\/now-news.de\/de\/deutschland\/vier-jahre-nach-sachartschenkos-ermordung-der-kiewer-terror-geht-weiter\/"},"wordCount":711,"commentCount":0,"publisher":{"@id":"https:\/\/now-news.de\/de\/#organization"},"image":{"@id":"https:\/\/now-news.de\/de\/deutschland\/vier-jahre-nach-sachartschenkos-ermordung-der-kiewer-terror-geht-weiter\/#primaryimage"},"thumbnailUrl":"https:\/\/now-news.de\/de\/wp-content\/uploads\/sites\/3\/2022\/06\/Vier-Jahre-nach-Sachartschenkos-Ermordung-Der-Kiewer-Terror-geht-weiter.jpg","keywords":["der","Ermordung","Geht","Jahre","Kiewer","nach","Sachartschenkos","terror","vier","weiter"],"articleSection":["Deutschland","Russland"],"inLanguage":"de","potentialAction":[{"@type":"CommentAction","name":"Comment","target":["https:\/\/now-news.de\/de\/deutschland\/vier-jahre-nach-sachartschenkos-ermordung-der-kiewer-terror-geht-weiter\/#respond"]}]},{"@type":"WebPage","@id":"https:\/\/now-news.de\/de\/deutschland\/vier-jahre-nach-sachartschenkos-ermordung-der-kiewer-terror-geht-weiter\/","url":"https:\/\/now-news.de\/de\/deutschland\/vier-jahre-nach-sachartschenkos-ermordung-der-kiewer-terror-geht-weiter\/","name":"Vier Jahre nach Sachartschenkos Ermordung: Der Kiewer Terror geht weiter - just-now.NEWS Deutschland","isPartOf":{"@id":"https:\/\/now-news.de\/de\/#website"},"primaryImageOfPage":{"@id":"https:\/\/now-news.de\/de\/deutschland\/vier-jahre-nach-sachartschenkos-ermordung-der-kiewer-terror-geht-weiter\/#primaryimage"},"image":{"@id":"https:\/\/now-news.de\/de\/deutschland\/vier-jahre-nach-sachartschenkos-ermordung-der-kiewer-terror-geht-weiter\/#primaryimage"},"thumbnailUrl":"https:\/\/now-news.de\/de\/wp-content\/uploads\/sites\/3\/2022\/06\/Vier-Jahre-nach-Sachartschenkos-Ermordung-Der-Kiewer-Terror-geht-weiter.jpg","datePublished":"2022-06-26T18:13:29+00:00","dateModified":"2022-06-26T18:13:29+00:00","breadcrumb":{"@id":"https:\/\/now-news.de\/de\/deutschland\/vier-jahre-nach-sachartschenkos-ermordung-der-kiewer-terror-geht-weiter\/#breadcrumb"},"inLanguage":"de","potentialAction":[{"@type":"ReadAction","target":["https:\/\/now-news.de\/de\/deutschland\/vier-jahre-nach-sachartschenkos-ermordung-der-kiewer-terror-geht-weiter\/"]}]},{"@type":"ImageObject","inLanguage":"de","@id":"https:\/\/now-news.de\/de\/deutschland\/vier-jahre-nach-sachartschenkos-ermordung-der-kiewer-terror-geht-weiter\/#primaryimage","url":"https:\/\/now-news.de\/de\/wp-content\/uploads\/sites\/3\/2022\/06\/Vier-Jahre-nach-Sachartschenkos-Ermordung-Der-Kiewer-Terror-geht-weiter.jpg","contentUrl":"https:\/\/now-news.de\/de\/wp-content\/uploads\/sites\/3\/2022\/06\/Vier-Jahre-nach-Sachartschenkos-Ermordung-Der-Kiewer-Terror-geht-weiter.jpg","width":460,"height":259,"caption":"Vier Jahre nach Sachartschenkos Ermordung: Der Kiewer Terror geht weiter"},{"@type":"BreadcrumbList","@id":"https:\/\/now-news.de\/de\/deutschland\/vier-jahre-nach-sachartschenkos-ermordung-der-kiewer-terror-geht-weiter\/#breadcrumb","itemListElement":[{"@type":"ListItem","position":1,"name":"Home","item":"https:\/\/now-news.de\/de\/"},{"@type":"ListItem","position":2,"name":"Vier Jahre nach Sachartschenkos Ermordung: Der Kiewer Terror geht weiter"}]},{"@type":"WebSite","@id":"https:\/\/now-news.de\/de\/#website","url":"https:\/\/now-news.de\/de\/","name":"just-now.NEWS Deutschland","description":"Das Portal f\u00fcr unzensierte Nachrichten aus der Welt","publisher":{"@id":"https:\/\/now-news.de\/de\/#organization"},"potentialAction":[{"@type":"SearchAction","target":{"@type":"EntryPoint","urlTemplate":"https:\/\/now-news.de\/de\/?s={search_term_string}"},"query-input":"required name=search_term_string"}],"inLanguage":"de"},{"@type":"Organization","@id":"https:\/\/now-news.de\/de\/#organization","name":"Just Now News","url":"https:\/\/now-news.de\/de\/","logo":{"@type":"ImageObject","inLanguage":"de","@id":"https:\/\/now-news.de\/de\/#\/schema\/logo\/image\/","url":"http:\/\/just-now.news\/de\/wp-content\/uploads\/sites\/3\/2022\/04\/logo500x500.jpg","contentUrl":"http:\/\/just-now.news\/de\/wp-content\/uploads\/sites\/3\/2022\/04\/logo500x500.jpg","width":500,"height":500,"caption":"Just Now News"},"image":{"@id":"https:\/\/now-news.de\/de\/#\/schema\/logo\/image\/"},"sameAs":["https:\/\/www.facebook.com\/wirmachenauf","https:\/\/x.com\/WirMachenAuf_de"]},{"@type":"Person","@id":"https:\/\/now-news.de\/de\/#\/schema\/person\/fb534a4e865501d8b3285208df34a9b5","name":"rtnews","image":{"@type":"ImageObject","inLanguage":"de","@id":"https:\/\/now-news.de\/de\/#\/schema\/person\/image\/","url":"https:\/\/secure.gravatar.com\/avatar\/82aafea7d8127119dd649515f56e2117?s=96&d=mm&r=g","contentUrl":"https:\/\/secure.gravatar.com\/avatar\/82aafea7d8127119dd649515f56e2117?s=96&d=mm&r=g","caption":"rtnews"},"url":"https:\/\/now-news.de\/de\/author\/rnews\/"}]}},"_links":{"self":[{"href":"https:\/\/now-news.de\/de\/wp-json\/wp\/v2\/posts\/11992"}],"collection":[{"href":"https:\/\/now-news.de\/de\/wp-json\/wp\/v2\/posts"}],"about":[{"href":"https:\/\/now-news.de\/de\/wp-json\/wp\/v2\/types\/post"}],"author":[{"embeddable":true,"href":"https:\/\/now-news.de\/de\/wp-json\/wp\/v2\/users\/3"}],"replies":[{"embeddable":true,"href":"https:\/\/now-news.de\/de\/wp-json\/wp\/v2\/comments?post=11992"}],"version-history":[{"count":0,"href":"https:\/\/now-news.de\/de\/wp-json\/wp\/v2\/posts\/11992\/revisions"}],"wp:featuredmedia":[{"embeddable":true,"href":"https:\/\/now-news.de\/de\/wp-json\/wp\/v2\/media\/11993"}],"wp:attachment":[{"href":"https:\/\/now-news.de\/de\/wp-json\/wp\/v2\/media?parent=11992"}],"wp:term":[{"taxonomy":"category","embeddable":true,"href":"https:\/\/now-news.de\/de\/wp-json\/wp\/v2\/categories?post=11992"},{"taxonomy":"post_tag","embeddable":true,"href":"https:\/\/now-news.de\/de\/wp-json\/wp\/v2\/tags?post=11992"}],"curies":[{"name":"wp","href":"https:\/\/api.w.org\/{rel}","templated":true}]}}