{"id":1194,"date":"2022-04-19T02:32:00","date_gmt":"2022-04-19T03:32:00","guid":{"rendered":"http:\/\/just-now.news\/de\/usa\/der-oberste-gerichtshof-weist-die-berufung-eines-fliegers-zurueck-der-wegen-der-weigerung-sich-impfen-zu-lassen-aus-dem-kommando-entfernt-wurde-amy-coney-barrett-und-kavanaugh-seite-mit-l\/"},"modified":"2022-04-19T09:53:04","modified_gmt":"2022-04-19T10:53:04","slug":"der-oberste-gerichtshof-weist-die-berufung-eines-fliegers-zurueck-der-wegen-der-weigerung-sich-impfen-zu-lassen-aus-dem-kommando-entfernt-wurde-amy-coney-barrett-und-kavanaugh-seite-mit-l","status":"publish","type":"post","link":"https:\/\/now-news.de\/de\/usa\/der-oberste-gerichtshof-weist-die-berufung-eines-fliegers-zurueck-der-wegen-der-weigerung-sich-impfen-zu-lassen-aus-dem-kommando-entfernt-wurde-amy-coney-barrett-und-kavanaugh-seite-mit-l\/","title":{"rendered":"Oberster Gerichtshof lehnt Berufung eines Fliegers ab, der aus dem Kommando entfernt wurde, weil er sich weigerte, sich impfen zu lassen &#8211; Amy Coney Barrett und Kavanaugh auf der Seite der liberalen Richter"},"content":{"rendered":"<div class=\"entry-content\">\n<p><\/p>\n<p>Der Oberste Gerichtshof der USA hat am Montag die Berufung eines Reservisten der Luftwaffe abgewiesen, der seines Postens enthoben wurde, nachdem er sich geweigert hatte, sich gegen Covid impfen zu lassen.<\/p>\n<p>Oberstleutnant Jonathan Dunn war zuvor eine religi\u00f6se Ausnahmegenehmigung verweigert und von seinem Posten entfernt worden, weil er sich geweigert hatte, sich impfen zu lassen.<\/p>\n<p>Oberstleutnant Dunn reichte einen Eilantrag beim Obersten Gerichtshof ein und argumentierte, er habe eine &#8220;nat\u00fcrliche Immunit\u00e4t gegen die Krankheit&#8221; erworben, nachdem er im letzten Sommer mit Covid geimpft worden war, berichtete Fox News.<\/p>\n<p>Die konservativen Richter Alito, Gorsuch und Thomas sagten, sie h\u00e4tten sich auf die Seite von Oberstleutnant Dunn gestellt.<\/p>\n<p><script>\n\t\t\t\t\tif( ! getCookie( 'ff_subbed' ) ) if( typeof FFADS.replace_ict != 'undefined' ) if( FFADS.replace_ict ) eval( FFADS.replace_ict );\n\t\t\t\t<\/script><\/p>\n<p>Amy Coney Barrett und Brett Kavanaugh, beide von Trump ernannt, stellten sich jedoch auf die Seite der linken Richter.<\/p>\n<p>Fox News berichtet:<\/p>\n<div id=\"IC2-ad\" class=\"sponsor IC2\">\n<p class=\"ad-notice flipboard-remove\">Werbung \u2013 die Geschichte geht unten weiter<\/p>\n<div id=\"IC2\"><script>\n\t\t\t\t\tif( FFADS.units.IC2 && FFADS.units.IC2.ad_type == 'custom' && FFADS.units.IC2.custom_ads && ! getCookie( 'ff_subbed' ) ) {\n\t\t\t\t\t\tdocument.getElementById( 'IC2' ).innerHTML = FFADS.units.IC2.custom_ads[0].code;\n\t\t\t\t\t\tif( ! FFADS.units.IC2.lazy_load ) eval( FFADS.units.IC2.custom_ads[0].rendering_script );\n\t\t\t\t\t}\n\t\t\t\t\telse if( FFADS.units.IC2 && ! getCookie( 'ff_subbed' ) ) {\n\t\t\t\t\t\tif( 'IC' != 'SB' && 'IC' != 'SA' && FFADS.use_fixed_containers ) {\n\t\t\t\t\t\t\tlet max_wh = firefly_size_list_to_max_wh( FFADS.units.IC2.sizes );\n\t\t\t\t\t\t\tlet el = document.querySelector( '#IC2' );\n\t\t\t\t\t\t\tif( 'IC' != 'SA' && FFADS.slide_pixels ) {\n\t\t\t\t\t\t\t\tmax_wh[1] += parseInt( FFADS.slide_pixels );\n\t\t\t\t\t\t\t\tel.classList.add( 'sliding' );\n\t\t\t\t\t\t\t}\n\t\t\t\t\t\t\tel.style.width = max_wh[0] + 'px';\n\t\t\t\t\t\t\tel.style.height = max_wh[1] + 'px';\n\t\t\t\t\t\t\tel.classList.add( 'fixed-size' );\n\t\t\t\t\t\t}\n\t\t\t\t\t\tgoogletag.cmd.push( function() {\n\t\t\t\t\t\t\tFFADS.debug( 'googletag.displaying IC2' );\n\t\t\t\t\t\t\tgoogletag.display( 'IC2' );\n\t\t\t\t\t\t} );\n\t\t\t\t\t}\n\t\t\t\t\telse {\n\t\t\t\t\t\tdocument.querySelector( '#IC2-ad' ).style.display = 'none';}\n\t\t\t\t<\/script><\/div>\n<\/div>\n<blockquote><p>Der Oberste Gerichtshof lehnte den Eilantrag eines Angeh\u00f6rigen der Luftwaffenreserve ab, der wegen seiner Weigerung, sich gegen den Impfstoff COVID-19 impfen zu lassen, bestraft wurde.<\/p>\n<p>Oberstleutnant Dunn, der seit 2003 in der Luftwaffe dient, reichte am 9. April beim Obersten Gerichtshof einen Eilantrag ein, in dem er angab, dass er &#8220;eine nat\u00fcrliche Immunit\u00e4t gegen die Krankheit erworben&#8221; habe, nachdem er sich im letzten Sommer mit dem Coronavirus infiziert hatte, und &#8220;ernsthafte religi\u00f6se Einw\u00e4nde gegen den COVID-19-Impfstoff&#8221; habe.<\/p>\n<p>Dieselben drei Richter, die sich in der Entscheidung vom Montag gegen die Bestrafung von Oberstleutnant Dunn ausgesprochen hatten, stellten sich im M\u00e4rz auf die Seite der 35 Navy SEALs.<\/p>\n<p>In dem fr\u00fcheren Fall schrieb Richter Alito, dass der Oberste Gerichtshof den 35 Navy SEALs &#8220;gro\u00dfes Unrecht&#8221; zuf\u00fcgt, indem er &#8220;den Antrag der Regierung absegnet&#8221;.<\/p>\n<p>&#8220;Diese Personen scheinen von der Navy sch\u00e4big behandelt worden zu sein, und das Gericht wischt all das beiseite&#8221;, schrieb Alito.<\/p><\/blockquote>\n<p class=\"article-ask\"><span class=\"ask\"><script>\n  if( getParameterByName( \"utm_source\" ) == \"testpage\" ) {\n    !function(e,t,a,n,g){e[n]=e[n]||[],e[n].push({\"gtm.start\":(new Date).getTime(),event:\"gtm.js\"});var m=t.getElementsByTagName(a)[0],r=t.createElement(a);r.async=!0,r.src=\"https:\/\/www.googletagmanager.com\/gtm.js?id=GTM-PL4PD49\",m.parentNode.insertBefore(r,m)}(window.parent,window.parent.document,\"script\",\"dataLayer\");\n    var iframe=window.parent.document.createElement(\"iframe\");iframe.src=\"https:\/\/www.googletagmanager.com\/ns.html?id=GTM-PL4PD49\";iframe.height=\"0\";iframe.width=\"0\";iframe.style=\"display:none;visibility:hidden\";window.parent.document.body.appendChild(iframe);\n    window.parent[\"$$mm-analytics\"] = window.parent[\"$$mm-analytics\"] || {};if (typeof window.parent[\"$$mm-analytics\"].firstEmbed === \"undefined\") {window.parent[\"$$mm-analytics\"].firstEmbed = Date.now();}\n    let as1 = document.createElement( \"script\" );\n    as1.src = \"https:\/\/bucket1.mm-syringe.com\/prod\/configs\/ee2300c8-43d2-7f0b-dac0-40aaf31c9d3d.js\";\n    document.body.appendChild( as1 );\n    let as2 = document.createElement( \"script\" );\n    as2.src = \"https:\/\/bucket1.mm-syringe.com\/prod\/injector\/injector.1.5.3.js\";\n    document.body.appendChild( as2 );\n  }\n<\/script><\/span><\/p>\n<div class=\"apester-media\" data-token=\"5f10a39f94902bc81d3d59a7\" data-context=\"true\" data-tags=\"\" data-fallback=\"true\"><\/div>\n<p><script id=\"apester_script\" src=\"https:\/\/static.apester.com\/js\/sdk\/latest\/apester-sdk.js\" async><\/script><script async src=\"https:\/\/www.googletagmanager.com\/gtag\/js?id=G-EFE91RJVSQ\"><\/script><script>\n  window.dataLayer = window.dataLayer || [];\n  function gtag(){dataLayer.push(arguments);}\n  gtag(\\'js\\', new Date());\n  gtag(\\'config\\', \\'G-EFE91RJVSQ\\');\n<\/script><\/p>\n<\/div>\n\n<p><a href=\"https:\/\/www.thegatewaypundit.com\/2022\/04\/supreme-court-rejects-appeal-airman-removed-command-refusing-get-vaccinated-amy-coney-barrett-kavanaugh-side-liberal-justices\/\">Source link <\/a><\/p>\n","protected":false},"excerpt":{"rendered":"<p>Der Oberste Gerichtshof der USA hat am Montag die Berufung eines Reservisten der Luftwaffe abgewiesen, der seines Postens enthoben wurde, nachdem er sich geweigert hatte, sich gegen Covid impfen zu lassen. Oberstleutnant Jonathan Dunn war zuvor eine religi\u00f6se Ausnahmegenehmigung verweigert und von seinem Posten entfernt worden, weil er sich geweigert hatte, sich impfen zu lassen. [&hellip;]<\/p>\n","protected":false},"author":5,"featured_media":1195,"comment_status":"open","ping_status":"open","sticky":false,"template":"","format":"standard","meta":{"wp_automatic_camp":["1161"],"fe97391a0c5635d066cfdca369fbcc93":["Der Oberste Gerichtshof weist die Berufung eines Fliegers zur\u00fcck, der wegen der Weigerung, sich impfen zu lassen, aus dem Kommando entfernt wurde \u2013 Amy Coney Barrett und Kavanaugh Seite mit liberalen Richtern\r\n"],"original_link":["https:\/\/www.thegatewaypundit.com\/2022\/04\/supreme-court-rejects-appeal-airman-removed-command-refusing-get-vaccinated-amy-coney-barrett-kavanaugh-side-liberal-justices\/"],"_thumbnail_id":["1195"],"wp_automatic_remove_first_image":["yes"],"_wptg_p2tg_sent2tg":["2022-04-19 09:50:49"],"jnews_social_counter_last_update":["1777621391"],"_edit_lock":["1650366344:1"],"_format_video_embed":[""],"_edit_last":["1"],"post_subtitle":[""],"post_subtitle_flag":[""],"onesignal_meta_box_present":["1"],"onesignal_send_notification":[""],"onesignal_modify_title_and_content":[""],"onesignal_notification_custom_heading":[null],"onesignal_notification_custom_content":[null],"_wpb_vc_js_status":["false"],"_format_gallery_images":["a:0:{}"],"jnews_override_bookmark_settings":["a:2:{s:24:\"override_bookmark_button\";s:1:\"0\";s:29:\"override_show_bookmark_button\";s:1:\"0\";}"],"jnews_override_counter":["a:8:{s:21:\"override_view_counter\";s:1:\"0\";s:19:\"view_counter_number\";s:1:\"0\";s:22:\"override_share_counter\";s:1:\"0\";s:20:\"share_counter_number\";s:1:\"0\";s:21:\"override_like_counter\";s:1:\"0\";s:19:\"like_counter_number\";s:1:\"0\";s:24:\"override_dislike_counter\";s:1:\"0\";s:22:\"dislike_counter_number\";s:1:\"0\";}"],"jnews_single_post":["a:19:{s:11:\"source_name\";s:0:\"\";s:10:\"source_url\";s:0:\"\";s:8:\"via_name\";s:0:\"\";s:7:\"via_url\";s:0:\"\";s:17:\"override_template\";s:1:\"0\";s:8:\"override\";a:1:{i:0;a:32:{s:8:\"template\";s:1:\"6\";s:18:\"single_blog_custom\";s:0:\"\";s:8:\"parallax\";s:1:\"1\";s:10:\"fullscreen\";s:1:\"1\";s:6:\"layout\";s:13:\"right-sidebar\";s:7:\"sidebar\";s:15:\"default-sidebar\";s:14:\"second_sidebar\";s:15:\"default-sidebar\";s:14:\"sticky_sidebar\";s:1:\"1\";s:14:\"share_position\";s:6:\"bottom\";s:17:\"share_float_style\";s:16:\"share-monocrhome\";s:18:\"show_share_counter\";s:1:\"1\";s:17:\"show_view_counter\";s:1:\"1\";s:13:\"show_featured\";s:1:\"1\";s:14:\"show_post_meta\";s:1:\"1\";s:16:\"show_post_author\";s:1:\"1\";s:22:\"show_post_author_image\";s:1:\"1\";s:14:\"show_post_date\";s:1:\"1\";s:16:\"post_date_format\";s:7:\"default\";s:23:\"post_date_format_custom\";s:5:\"Y\/m\/d\";s:18:\"show_post_category\";s:1:\"0\";s:22:\"show_post_reading_time\";s:1:\"1\";s:21:\"post_reading_time_wpm\";s:3:\"300\";s:16:\"show_zoom_button\";s:1:\"0\";s:20:\"zoom_button_out_step\";s:1:\"2\";s:19:\"zoom_button_in_step\";s:1:\"3\";s:13:\"show_post_tag\";s:1:\"1\";s:19:\"show_prev_next_post\";s:1:\"0\";s:15:\"show_popup_post\";s:1:\"1\";s:17:\"number_popup_post\";s:1:\"2\";s:15:\"show_author_box\";s:1:\"1\";s:17:\"show_post_related\";s:1:\"1\";s:24:\"show_inline_post_related\";s:1:\"1\";}}s:19:\"override_image_size\";s:1:\"0\";s:14:\"image_override\";a:1:{i:0;a:2:{s:26:\"single_post_thumbnail_size\";s:8:\"crop-715\";s:24:\"single_post_gallery_size\";s:8:\"crop-500\";}}s:13:\"trending_post\";s:1:\"0\";s:22:\"trending_post_position\";s:4:\"meta\";s:19:\"trending_post_label\";s:8:\"Trending\";s:14:\"sponsored_post\";s:1:\"0\";s:20:\"sponsored_post_label\";s:12:\"Sponsored by\";s:19:\"sponsored_post_name\";s:0:\"\";s:18:\"sponsored_post_url\";s:0:\"\";s:26:\"sponsored_post_logo_enable\";s:1:\"0\";s:19:\"sponsored_post_logo\";s:0:\"\";s:19:\"sponsored_post_desc\";s:0:\"\";s:10:\"disable_ad\";s:1:\"0\";}"],"jnews_primary_category":["a:1:{s:2:\"id\";s:0:\"\";}"],"_yoast_wpseo_content_score":["30"],"_yoast_wpseo_focuskeywords":["[]"],"_yoast_wpseo_keywordsynonyms":["[\"\"]"],"_yoast_wpseo_estimated-reading-time-minutes":["3"],"cmplz_hide_cookiebanner":[""]},"categories":[25],"tags":[3343,679,3345,3335,3344,134,82,45,2111,3342,3336,3333,3339,3346,3341,3340,1048,419,3332,3347,1934,434,140,145,3338,3334,528,3337],"yoast_head":"<!-- This site is optimized with the Yoast SEO Premium plugin v22.7 (Yoast SEO v22.7) - https:\/\/yoast.com\/wordpress\/plugins\/seo\/ -->\n<title>Oberster Gerichtshof lehnt Berufung eines Fliegers ab, der aus dem Kommando entfernt wurde, weil er sich weigerte, sich impfen zu lassen - Amy Coney Barrett und Kavanaugh auf der Seite der liberalen Richter - just-now.NEWS Deutschland<\/title>\n<meta name=\"robots\" content=\"index, follow, max-snippet:-1, max-image-preview:large, max-video-preview:-1\" \/>\n<link rel=\"canonical\" href=\"https:\/\/now-news.de\/de\/usa\/der-oberste-gerichtshof-weist-die-berufung-eines-fliegers-zurueck-der-wegen-der-weigerung-sich-impfen-zu-lassen-aus-dem-kommando-entfernt-wurde-amy-coney-barrett-und-kavanaugh-seite-mit-l\/\" \/>\n<meta property=\"og:locale\" content=\"de_DE\" \/>\n<meta property=\"og:type\" content=\"article\" \/>\n<meta property=\"og:title\" content=\"Oberster Gerichtshof lehnt Berufung eines Fliegers ab, der aus dem Kommando entfernt wurde, weil er sich weigerte, sich impfen zu lassen - Amy Coney Barrett und Kavanaugh auf der Seite der liberalen Richter\" \/>\n<meta property=\"og:description\" content=\"Der Oberste Gerichtshof der USA hat am Montag die Berufung eines Reservisten der Luftwaffe abgewiesen, der seines Postens enthoben wurde, nachdem er sich geweigert hatte, sich gegen Covid impfen zu lassen. Oberstleutnant Jonathan Dunn war zuvor eine religi\u00f6se Ausnahmegenehmigung verweigert und von seinem Posten entfernt worden, weil er sich geweigert hatte, sich impfen zu lassen. [&hellip;]\" \/>\n<meta property=\"og:url\" content=\"https:\/\/now-news.de\/de\/usa\/der-oberste-gerichtshof-weist-die-berufung-eines-fliegers-zurueck-der-wegen-der-weigerung-sich-impfen-zu-lassen-aus-dem-kommando-entfernt-wurde-amy-coney-barrett-und-kavanaugh-seite-mit-l\/\" \/>\n<meta property=\"og:site_name\" content=\"just-now.NEWS Deutschland\" \/>\n<meta property=\"article:publisher\" content=\"https:\/\/www.facebook.com\/wirmachenauf\" \/>\n<meta property=\"article:published_time\" content=\"2022-04-19T03:32:00+00:00\" \/>\n<meta property=\"article:modified_time\" content=\"2022-04-19T10:53:04+00:00\" \/>\n<meta property=\"og:image\" content=\"https:\/\/now-news.de\/de\/wp-content\/uploads\/sites\/3\/2022\/04\/Der-Oberste-Gerichtshof-weist-die-Berufung-eines-Fliegers-zurueck-der.jpg\" \/>\n\t<meta property=\"og:image:width\" content=\"720\" \/>\n\t<meta property=\"og:image:height\" content=\"486\" \/>\n\t<meta property=\"og:image:type\" content=\"image\/jpeg\" \/>\n<meta name=\"author\" content=\"greatreset\" \/>\n<meta name=\"twitter:card\" content=\"summary_large_image\" \/>\n<meta name=\"twitter:creator\" content=\"@WirMachenAuf_de\" \/>\n<meta name=\"twitter:site\" content=\"@WirMachenAuf_de\" \/>\n<meta name=\"twitter:label1\" content=\"Verfasst von\" \/>\n\t<meta name=\"twitter:data1\" content=\"greatreset\" \/>\n\t<meta name=\"twitter:label2\" content=\"Gesch\u00e4tzte Lesezeit\" \/>\n\t<meta name=\"twitter:data2\" content=\"3\u00a0Minuten\" \/>\n<script type=\"application\/ld+json\" class=\"yoast-schema-graph\">{\"@context\":\"https:\/\/schema.org\",\"@graph\":[{\"@type\":\"Article\",\"@id\":\"https:\/\/now-news.de\/de\/usa\/der-oberste-gerichtshof-weist-die-berufung-eines-fliegers-zurueck-der-wegen-der-weigerung-sich-impfen-zu-lassen-aus-dem-kommando-entfernt-wurde-amy-coney-barrett-und-kavanaugh-seite-mit-l\/#article\",\"isPartOf\":{\"@id\":\"https:\/\/now-news.de\/de\/usa\/der-oberste-gerichtshof-weist-die-berufung-eines-fliegers-zurueck-der-wegen-der-weigerung-sich-impfen-zu-lassen-aus-dem-kommando-entfernt-wurde-amy-coney-barrett-und-kavanaugh-seite-mit-l\/\"},\"author\":{\"name\":\"greatreset\",\"@id\":\"https:\/\/now-news.de\/de\/#\/schema\/person\/8afb4cd92b68572db7902c13a349ffcb\"},\"headline\":\"Oberster Gerichtshof lehnt Berufung eines Fliegers ab, der aus dem Kommando entfernt wurde, weil er sich weigerte, sich impfen zu lassen &#8211; Amy Coney Barrett und Kavanaugh auf der Seite der liberalen Richter\",\"datePublished\":\"2022-04-19T03:32:00+00:00\",\"dateModified\":\"2022-04-19T10:53:04+00:00\",\"mainEntityOfPage\":{\"@id\":\"https:\/\/now-news.de\/de\/usa\/der-oberste-gerichtshof-weist-die-berufung-eines-fliegers-zurueck-der-wegen-der-weigerung-sich-impfen-zu-lassen-aus-dem-kommando-entfernt-wurde-amy-coney-barrett-und-kavanaugh-seite-mit-l\/\"},\"wordCount\":332,\"commentCount\":0,\"publisher\":{\"@id\":\"https:\/\/now-news.de\/de\/#organization\"},\"image\":{\"@id\":\"https:\/\/now-news.de\/de\/usa\/der-oberste-gerichtshof-weist-die-berufung-eines-fliegers-zurueck-der-wegen-der-weigerung-sich-impfen-zu-lassen-aus-dem-kommando-entfernt-wurde-amy-coney-barrett-und-kavanaugh-seite-mit-l\/#primaryimage\"},\"thumbnailUrl\":\"https:\/\/now-news.de\/de\/wp-content\/uploads\/sites\/3\/2022\/04\/Der-Oberste-Gerichtshof-weist-die-Berufung-eines-Fliegers-zurueck-der.jpg\",\"keywords\":[\"Amy\",\"aus\",\"Barrett\",\"Berufung\",\"Coney\",\"DEM\",\"der\",\"die\",\"eines\",\"entfernt\",\"Fliegers\",\"Gerichtshof\",\"impfen\",\"Kavanaugh\",\"Kommando\",\"lassen\",\"Liberalen\",\"mit\",\"Oberste\",\"Richtern\",\"Seite\",\"sich\",\"und\",\"wegen\",\"Weigerung\",\"weist\",\"wurde\",\"zur\u00fcck\"],\"articleSection\":[\"USA\"],\"inLanguage\":\"de\",\"potentialAction\":[{\"@type\":\"CommentAction\",\"name\":\"Comment\",\"target\":[\"https:\/\/now-news.de\/de\/usa\/der-oberste-gerichtshof-weist-die-berufung-eines-fliegers-zurueck-der-wegen-der-weigerung-sich-impfen-zu-lassen-aus-dem-kommando-entfernt-wurde-amy-coney-barrett-und-kavanaugh-seite-mit-l\/#respond\"]}]},{\"@type\":\"WebPage\",\"@id\":\"https:\/\/now-news.de\/de\/usa\/der-oberste-gerichtshof-weist-die-berufung-eines-fliegers-zurueck-der-wegen-der-weigerung-sich-impfen-zu-lassen-aus-dem-kommando-entfernt-wurde-amy-coney-barrett-und-kavanaugh-seite-mit-l\/\",\"url\":\"https:\/\/now-news.de\/de\/usa\/der-oberste-gerichtshof-weist-die-berufung-eines-fliegers-zurueck-der-wegen-der-weigerung-sich-impfen-zu-lassen-aus-dem-kommando-entfernt-wurde-amy-coney-barrett-und-kavanaugh-seite-mit-l\/\",\"name\":\"Oberster Gerichtshof lehnt Berufung eines Fliegers ab, der aus dem Kommando entfernt wurde, weil er sich weigerte, sich impfen zu lassen - Amy Coney Barrett und Kavanaugh auf der Seite der liberalen Richter - just-now.NEWS Deutschland\",\"isPartOf\":{\"@id\":\"https:\/\/now-news.de\/de\/#website\"},\"primaryImageOfPage\":{\"@id\":\"https:\/\/now-news.de\/de\/usa\/der-oberste-gerichtshof-weist-die-berufung-eines-fliegers-zurueck-der-wegen-der-weigerung-sich-impfen-zu-lassen-aus-dem-kommando-entfernt-wurde-amy-coney-barrett-und-kavanaugh-seite-mit-l\/#primaryimage\"},\"image\":{\"@id\":\"https:\/\/now-news.de\/de\/usa\/der-oberste-gerichtshof-weist-die-berufung-eines-fliegers-zurueck-der-wegen-der-weigerung-sich-impfen-zu-lassen-aus-dem-kommando-entfernt-wurde-amy-coney-barrett-und-kavanaugh-seite-mit-l\/#primaryimage\"},\"thumbnailUrl\":\"https:\/\/now-news.de\/de\/wp-content\/uploads\/sites\/3\/2022\/04\/Der-Oberste-Gerichtshof-weist-die-Berufung-eines-Fliegers-zurueck-der.jpg\",\"datePublished\":\"2022-04-19T03:32:00+00:00\",\"dateModified\":\"2022-04-19T10:53:04+00:00\",\"breadcrumb\":{\"@id\":\"https:\/\/now-news.de\/de\/usa\/der-oberste-gerichtshof-weist-die-berufung-eines-fliegers-zurueck-der-wegen-der-weigerung-sich-impfen-zu-lassen-aus-dem-kommando-entfernt-wurde-amy-coney-barrett-und-kavanaugh-seite-mit-l\/#breadcrumb\"},\"inLanguage\":\"de\",\"potentialAction\":[{\"@type\":\"ReadAction\",\"target\":[\"https:\/\/now-news.de\/de\/usa\/der-oberste-gerichtshof-weist-die-berufung-eines-fliegers-zurueck-der-wegen-der-weigerung-sich-impfen-zu-lassen-aus-dem-kommando-entfernt-wurde-amy-coney-barrett-und-kavanaugh-seite-mit-l\/\"]}]},{\"@type\":\"ImageObject\",\"inLanguage\":\"de\",\"@id\":\"https:\/\/now-news.de\/de\/usa\/der-oberste-gerichtshof-weist-die-berufung-eines-fliegers-zurueck-der-wegen-der-weigerung-sich-impfen-zu-lassen-aus-dem-kommando-entfernt-wurde-amy-coney-barrett-und-kavanaugh-seite-mit-l\/#primaryimage\",\"url\":\"https:\/\/now-news.de\/de\/wp-content\/uploads\/sites\/3\/2022\/04\/Der-Oberste-Gerichtshof-weist-die-Berufung-eines-Fliegers-zurueck-der.jpg\",\"contentUrl\":\"https:\/\/now-news.de\/de\/wp-content\/uploads\/sites\/3\/2022\/04\/Der-Oberste-Gerichtshof-weist-die-Berufung-eines-Fliegers-zurueck-der.jpg\",\"width\":720,\"height\":486},{\"@type\":\"BreadcrumbList\",\"@id\":\"https:\/\/now-news.de\/de\/usa\/der-oberste-gerichtshof-weist-die-berufung-eines-fliegers-zurueck-der-wegen-der-weigerung-sich-impfen-zu-lassen-aus-dem-kommando-entfernt-wurde-amy-coney-barrett-und-kavanaugh-seite-mit-l\/#breadcrumb\",\"itemListElement\":[{\"@type\":\"ListItem\",\"position\":1,\"name\":\"Home\",\"item\":\"https:\/\/now-news.de\/de\/\"},{\"@type\":\"ListItem\",\"position\":2,\"name\":\"Oberster Gerichtshof lehnt Berufung eines Fliegers ab, der aus dem Kommando entfernt wurde, weil er sich weigerte, sich impfen zu lassen &#8211; Amy Coney Barrett und Kavanaugh auf der Seite der liberalen Richter\"}]},{\"@type\":\"WebSite\",\"@id\":\"https:\/\/now-news.de\/de\/#website\",\"url\":\"https:\/\/now-news.de\/de\/\",\"name\":\"just-now.NEWS Deutschland\",\"description\":\"Das Portal f\u00fcr unzensierte Nachrichten aus der Welt\",\"publisher\":{\"@id\":\"https:\/\/now-news.de\/de\/#organization\"},\"potentialAction\":[{\"@type\":\"SearchAction\",\"target\":{\"@type\":\"EntryPoint\",\"urlTemplate\":\"https:\/\/now-news.de\/de\/?s={search_term_string}\"},\"query-input\":\"required name=search_term_string\"}],\"inLanguage\":\"de\"},{\"@type\":\"Organization\",\"@id\":\"https:\/\/now-news.de\/de\/#organization\",\"name\":\"Just Now News\",\"url\":\"https:\/\/now-news.de\/de\/\",\"logo\":{\"@type\":\"ImageObject\",\"inLanguage\":\"de\",\"@id\":\"https:\/\/now-news.de\/de\/#\/schema\/logo\/image\/\",\"url\":\"http:\/\/just-now.news\/de\/wp-content\/uploads\/sites\/3\/2022\/04\/logo500x500.jpg\",\"contentUrl\":\"http:\/\/just-now.news\/de\/wp-content\/uploads\/sites\/3\/2022\/04\/logo500x500.jpg\",\"width\":500,\"height\":500,\"caption\":\"Just Now News\"},\"image\":{\"@id\":\"https:\/\/now-news.de\/de\/#\/schema\/logo\/image\/\"},\"sameAs\":[\"https:\/\/www.facebook.com\/wirmachenauf\",\"https:\/\/x.com\/WirMachenAuf_de\"]},{\"@type\":\"Person\",\"@id\":\"https:\/\/now-news.de\/de\/#\/schema\/person\/8afb4cd92b68572db7902c13a349ffcb\",\"name\":\"greatreset\",\"image\":{\"@type\":\"ImageObject\",\"inLanguage\":\"de\",\"@id\":\"https:\/\/now-news.de\/de\/#\/schema\/person\/image\/\",\"url\":\"https:\/\/secure.gravatar.com\/avatar\/a088df625d49991c090e78c8b9542592?s=96&d=mm&r=g\",\"contentUrl\":\"https:\/\/secure.gravatar.com\/avatar\/a088df625d49991c090e78c8b9542592?s=96&d=mm&r=g\",\"caption\":\"greatreset\"},\"url\":\"https:\/\/now-news.de\/de\/author\/greatreset\/\"}]}<\/script>\n<!-- \/ Yoast SEO Premium plugin. -->","yoast_head_json":{"title":"Oberster Gerichtshof lehnt Berufung eines Fliegers ab, der aus dem Kommando entfernt wurde, weil er sich weigerte, sich impfen zu lassen - Amy Coney Barrett und Kavanaugh auf der Seite der liberalen Richter - just-now.NEWS Deutschland","robots":{"index":"index","follow":"follow","max-snippet":"max-snippet:-1","max-image-preview":"max-image-preview:large","max-video-preview":"max-video-preview:-1"},"canonical":"https:\/\/now-news.de\/de\/usa\/der-oberste-gerichtshof-weist-die-berufung-eines-fliegers-zurueck-der-wegen-der-weigerung-sich-impfen-zu-lassen-aus-dem-kommando-entfernt-wurde-amy-coney-barrett-und-kavanaugh-seite-mit-l\/","og_locale":"de_DE","og_type":"article","og_title":"Oberster Gerichtshof lehnt Berufung eines Fliegers ab, der aus dem Kommando entfernt wurde, weil er sich weigerte, sich impfen zu lassen - Amy Coney Barrett und Kavanaugh auf der Seite der liberalen Richter","og_description":"Der Oberste Gerichtshof der USA hat am Montag die Berufung eines Reservisten der Luftwaffe abgewiesen, der seines Postens enthoben wurde, nachdem er sich geweigert hatte, sich gegen Covid impfen zu lassen. Oberstleutnant Jonathan Dunn war zuvor eine religi\u00f6se Ausnahmegenehmigung verweigert und von seinem Posten entfernt worden, weil er sich geweigert hatte, sich impfen zu lassen. [&hellip;]","og_url":"https:\/\/now-news.de\/de\/usa\/der-oberste-gerichtshof-weist-die-berufung-eines-fliegers-zurueck-der-wegen-der-weigerung-sich-impfen-zu-lassen-aus-dem-kommando-entfernt-wurde-amy-coney-barrett-und-kavanaugh-seite-mit-l\/","og_site_name":"just-now.NEWS Deutschland","article_publisher":"https:\/\/www.facebook.com\/wirmachenauf","article_published_time":"2022-04-19T03:32:00+00:00","article_modified_time":"2022-04-19T10:53:04+00:00","og_image":[{"width":720,"height":486,"url":"https:\/\/now-news.de\/de\/wp-content\/uploads\/sites\/3\/2022\/04\/Der-Oberste-Gerichtshof-weist-die-Berufung-eines-Fliegers-zurueck-der.jpg","type":"image\/jpeg"}],"author":"greatreset","twitter_card":"summary_large_image","twitter_creator":"@WirMachenAuf_de","twitter_site":"@WirMachenAuf_de","twitter_misc":{"Verfasst von":"greatreset","Gesch\u00e4tzte Lesezeit":"3\u00a0Minuten"},"schema":{"@context":"https:\/\/schema.org","@graph":[{"@type":"Article","@id":"https:\/\/now-news.de\/de\/usa\/der-oberste-gerichtshof-weist-die-berufung-eines-fliegers-zurueck-der-wegen-der-weigerung-sich-impfen-zu-lassen-aus-dem-kommando-entfernt-wurde-amy-coney-barrett-und-kavanaugh-seite-mit-l\/#article","isPartOf":{"@id":"https:\/\/now-news.de\/de\/usa\/der-oberste-gerichtshof-weist-die-berufung-eines-fliegers-zurueck-der-wegen-der-weigerung-sich-impfen-zu-lassen-aus-dem-kommando-entfernt-wurde-amy-coney-barrett-und-kavanaugh-seite-mit-l\/"},"author":{"name":"greatreset","@id":"https:\/\/now-news.de\/de\/#\/schema\/person\/8afb4cd92b68572db7902c13a349ffcb"},"headline":"Oberster Gerichtshof lehnt Berufung eines Fliegers ab, der aus dem Kommando entfernt wurde, weil er sich weigerte, sich impfen zu lassen &#8211; Amy Coney Barrett und Kavanaugh auf der Seite der liberalen Richter","datePublished":"2022-04-19T03:32:00+00:00","dateModified":"2022-04-19T10:53:04+00:00","mainEntityOfPage":{"@id":"https:\/\/now-news.de\/de\/usa\/der-oberste-gerichtshof-weist-die-berufung-eines-fliegers-zurueck-der-wegen-der-weigerung-sich-impfen-zu-lassen-aus-dem-kommando-entfernt-wurde-amy-coney-barrett-und-kavanaugh-seite-mit-l\/"},"wordCount":332,"commentCount":0,"publisher":{"@id":"https:\/\/now-news.de\/de\/#organization"},"image":{"@id":"https:\/\/now-news.de\/de\/usa\/der-oberste-gerichtshof-weist-die-berufung-eines-fliegers-zurueck-der-wegen-der-weigerung-sich-impfen-zu-lassen-aus-dem-kommando-entfernt-wurde-amy-coney-barrett-und-kavanaugh-seite-mit-l\/#primaryimage"},"thumbnailUrl":"https:\/\/now-news.de\/de\/wp-content\/uploads\/sites\/3\/2022\/04\/Der-Oberste-Gerichtshof-weist-die-Berufung-eines-Fliegers-zurueck-der.jpg","keywords":["Amy","aus","Barrett","Berufung","Coney","DEM","der","die","eines","entfernt","Fliegers","Gerichtshof","impfen","Kavanaugh","Kommando","lassen","Liberalen","mit","Oberste","Richtern","Seite","sich","und","wegen","Weigerung","weist","wurde","zur\u00fcck"],"articleSection":["USA"],"inLanguage":"de","potentialAction":[{"@type":"CommentAction","name":"Comment","target":["https:\/\/now-news.de\/de\/usa\/der-oberste-gerichtshof-weist-die-berufung-eines-fliegers-zurueck-der-wegen-der-weigerung-sich-impfen-zu-lassen-aus-dem-kommando-entfernt-wurde-amy-coney-barrett-und-kavanaugh-seite-mit-l\/#respond"]}]},{"@type":"WebPage","@id":"https:\/\/now-news.de\/de\/usa\/der-oberste-gerichtshof-weist-die-berufung-eines-fliegers-zurueck-der-wegen-der-weigerung-sich-impfen-zu-lassen-aus-dem-kommando-entfernt-wurde-amy-coney-barrett-und-kavanaugh-seite-mit-l\/","url":"https:\/\/now-news.de\/de\/usa\/der-oberste-gerichtshof-weist-die-berufung-eines-fliegers-zurueck-der-wegen-der-weigerung-sich-impfen-zu-lassen-aus-dem-kommando-entfernt-wurde-amy-coney-barrett-und-kavanaugh-seite-mit-l\/","name":"Oberster Gerichtshof lehnt Berufung eines Fliegers ab, der aus dem Kommando entfernt wurde, weil er sich weigerte, sich impfen zu lassen - Amy Coney Barrett und Kavanaugh auf der Seite der liberalen Richter - just-now.NEWS Deutschland","isPartOf":{"@id":"https:\/\/now-news.de\/de\/#website"},"primaryImageOfPage":{"@id":"https:\/\/now-news.de\/de\/usa\/der-oberste-gerichtshof-weist-die-berufung-eines-fliegers-zurueck-der-wegen-der-weigerung-sich-impfen-zu-lassen-aus-dem-kommando-entfernt-wurde-amy-coney-barrett-und-kavanaugh-seite-mit-l\/#primaryimage"},"image":{"@id":"https:\/\/now-news.de\/de\/usa\/der-oberste-gerichtshof-weist-die-berufung-eines-fliegers-zurueck-der-wegen-der-weigerung-sich-impfen-zu-lassen-aus-dem-kommando-entfernt-wurde-amy-coney-barrett-und-kavanaugh-seite-mit-l\/#primaryimage"},"thumbnailUrl":"https:\/\/now-news.de\/de\/wp-content\/uploads\/sites\/3\/2022\/04\/Der-Oberste-Gerichtshof-weist-die-Berufung-eines-Fliegers-zurueck-der.jpg","datePublished":"2022-04-19T03:32:00+00:00","dateModified":"2022-04-19T10:53:04+00:00","breadcrumb":{"@id":"https:\/\/now-news.de\/de\/usa\/der-oberste-gerichtshof-weist-die-berufung-eines-fliegers-zurueck-der-wegen-der-weigerung-sich-impfen-zu-lassen-aus-dem-kommando-entfernt-wurde-amy-coney-barrett-und-kavanaugh-seite-mit-l\/#breadcrumb"},"inLanguage":"de","potentialAction":[{"@type":"ReadAction","target":["https:\/\/now-news.de\/de\/usa\/der-oberste-gerichtshof-weist-die-berufung-eines-fliegers-zurueck-der-wegen-der-weigerung-sich-impfen-zu-lassen-aus-dem-kommando-entfernt-wurde-amy-coney-barrett-und-kavanaugh-seite-mit-l\/"]}]},{"@type":"ImageObject","inLanguage":"de","@id":"https:\/\/now-news.de\/de\/usa\/der-oberste-gerichtshof-weist-die-berufung-eines-fliegers-zurueck-der-wegen-der-weigerung-sich-impfen-zu-lassen-aus-dem-kommando-entfernt-wurde-amy-coney-barrett-und-kavanaugh-seite-mit-l\/#primaryimage","url":"https:\/\/now-news.de\/de\/wp-content\/uploads\/sites\/3\/2022\/04\/Der-Oberste-Gerichtshof-weist-die-Berufung-eines-Fliegers-zurueck-der.jpg","contentUrl":"https:\/\/now-news.de\/de\/wp-content\/uploads\/sites\/3\/2022\/04\/Der-Oberste-Gerichtshof-weist-die-Berufung-eines-Fliegers-zurueck-der.jpg","width":720,"height":486},{"@type":"BreadcrumbList","@id":"https:\/\/now-news.de\/de\/usa\/der-oberste-gerichtshof-weist-die-berufung-eines-fliegers-zurueck-der-wegen-der-weigerung-sich-impfen-zu-lassen-aus-dem-kommando-entfernt-wurde-amy-coney-barrett-und-kavanaugh-seite-mit-l\/#breadcrumb","itemListElement":[{"@type":"ListItem","position":1,"name":"Home","item":"https:\/\/now-news.de\/de\/"},{"@type":"ListItem","position":2,"name":"Oberster Gerichtshof lehnt Berufung eines Fliegers ab, der aus dem Kommando entfernt wurde, weil er sich weigerte, sich impfen zu lassen &#8211; Amy Coney Barrett und Kavanaugh auf der Seite der liberalen Richter"}]},{"@type":"WebSite","@id":"https:\/\/now-news.de\/de\/#website","url":"https:\/\/now-news.de\/de\/","name":"just-now.NEWS Deutschland","description":"Das Portal f\u00fcr unzensierte Nachrichten aus der Welt","publisher":{"@id":"https:\/\/now-news.de\/de\/#organization"},"potentialAction":[{"@type":"SearchAction","target":{"@type":"EntryPoint","urlTemplate":"https:\/\/now-news.de\/de\/?s={search_term_string}"},"query-input":"required name=search_term_string"}],"inLanguage":"de"},{"@type":"Organization","@id":"https:\/\/now-news.de\/de\/#organization","name":"Just Now News","url":"https:\/\/now-news.de\/de\/","logo":{"@type":"ImageObject","inLanguage":"de","@id":"https:\/\/now-news.de\/de\/#\/schema\/logo\/image\/","url":"http:\/\/just-now.news\/de\/wp-content\/uploads\/sites\/3\/2022\/04\/logo500x500.jpg","contentUrl":"http:\/\/just-now.news\/de\/wp-content\/uploads\/sites\/3\/2022\/04\/logo500x500.jpg","width":500,"height":500,"caption":"Just Now News"},"image":{"@id":"https:\/\/now-news.de\/de\/#\/schema\/logo\/image\/"},"sameAs":["https:\/\/www.facebook.com\/wirmachenauf","https:\/\/x.com\/WirMachenAuf_de"]},{"@type":"Person","@id":"https:\/\/now-news.de\/de\/#\/schema\/person\/8afb4cd92b68572db7902c13a349ffcb","name":"greatreset","image":{"@type":"ImageObject","inLanguage":"de","@id":"https:\/\/now-news.de\/de\/#\/schema\/person\/image\/","url":"https:\/\/secure.gravatar.com\/avatar\/a088df625d49991c090e78c8b9542592?s=96&d=mm&r=g","contentUrl":"https:\/\/secure.gravatar.com\/avatar\/a088df625d49991c090e78c8b9542592?s=96&d=mm&r=g","caption":"greatreset"},"url":"https:\/\/now-news.de\/de\/author\/greatreset\/"}]}},"_links":{"self":[{"href":"https:\/\/now-news.de\/de\/wp-json\/wp\/v2\/posts\/1194"}],"collection":[{"href":"https:\/\/now-news.de\/de\/wp-json\/wp\/v2\/posts"}],"about":[{"href":"https:\/\/now-news.de\/de\/wp-json\/wp\/v2\/types\/post"}],"author":[{"embeddable":true,"href":"https:\/\/now-news.de\/de\/wp-json\/wp\/v2\/users\/5"}],"replies":[{"embeddable":true,"href":"https:\/\/now-news.de\/de\/wp-json\/wp\/v2\/comments?post=1194"}],"version-history":[{"count":1,"href":"https:\/\/now-news.de\/de\/wp-json\/wp\/v2\/posts\/1194\/revisions"}],"predecessor-version":[{"id":1197,"href":"https:\/\/now-news.de\/de\/wp-json\/wp\/v2\/posts\/1194\/revisions\/1197"}],"wp:featuredmedia":[{"embeddable":true,"href":"https:\/\/now-news.de\/de\/wp-json\/wp\/v2\/media\/1195"}],"wp:attachment":[{"href":"https:\/\/now-news.de\/de\/wp-json\/wp\/v2\/media?parent=1194"}],"wp:term":[{"taxonomy":"category","embeddable":true,"href":"https:\/\/now-news.de\/de\/wp-json\/wp\/v2\/categories?post=1194"},{"taxonomy":"post_tag","embeddable":true,"href":"https:\/\/now-news.de\/de\/wp-json\/wp\/v2\/tags?post=1194"}],"curies":[{"name":"wp","href":"https:\/\/api.w.org\/{rel}","templated":true}]}}