{"id":11900,"date":"2022-06-23T15:29:48","date_gmt":"2022-06-23T13:29:48","guid":{"rendered":"http:\/\/just-now.news\/de\/deutschland\/selenskij-berater-arestowitsch-ukraine-de-facto-bereits-in-der-nato\/"},"modified":"2022-06-23T15:29:48","modified_gmt":"2022-06-23T13:29:48","slug":"selenskij-berater-arestowitsch-ukraine-de-facto-bereits-in-der-nato","status":"publish","type":"post","link":"https:\/\/now-news.de\/de\/deutschland\/selenskij-berater-arestowitsch-ukraine-de-facto-bereits-in-der-nato\/","title":{"rendered":"Selenskij-Berater Arestowitsch: &quot;Ukraine de facto bereits in der NATO&quot;"},"content":{"rendered":"<p><img decoding=\"async\" src=\"http:\/\/just-now.news\/de\/wp-content\/uploads\/sites\/3\/2022\/06\/62b4607748fbef5def2578cb.jpg\" \/><\/p>\n<div class=\"Text-root Text-type_1 \">\n                Der Top-Berater des ukrainischen Pr\u00e4sidenten, Alexei Arestowitsch, sprach in einem Interview \u00fcber die EU- und NATO-Mitgliedschaft seines Landes. Den Aussagen von Arestowitsch zufolge sind Versprechen des Milit\u00e4rb\u00fcndnisses wichtiger als die formale Mitgliedschaft.\n            <\/div>\n<p><\/p>\n<div class=\"Text-root Text-type_5 ArticleView-text ViewText-root \">\n<p>Die letztendliche Mitgliedschaft der Ukraine in der NATO und der EU sei eine reine Formalit\u00e4t, sagte Alexei Arestowitsch, ein prominenter Berater des ukrainischen Pr\u00e4sidenten Wladimir Selenskij, am Mittwoch.\u00a0Kiew sei bereits &#8220;de facto&#8221; Mitglied des von den USA angef\u00fchrten Milit\u00e4rb\u00fcndnisses, das versprochen habe, dem Land zu helfen, den Konflikt mit Russland zu &#8220;gewinnen&#8221;. Die Ukraine habe sich zudem gerade der Drei-Meere-Initiative als Hintert\u00fcr zur EU angeschlossen, erkl\u00e4rte Arestowitsch weiter in einem Interview.<\/p>\n<p>Die Initiative wurde im Jahr 2016 vom polnischen Pr\u00e4sidenten Andrzej Duda und der damaligen kroatischen Pr\u00e4sidentin Kolinda Grabar-Kitarovi\u0107 ins Leben gerufen und umfasst heute\u00a0zw\u00f6lf Teilnehmerl\u00e4nder zwischen Adria, Ostsee und Schwarzem Meer \u2013 Estland, Lettland, Litauen, Polen, Tschechien, Slowakei, Ungarn, Slowenien, \u00d6sterreich, Kroatien, Rum\u00e4nien und Bulgarien. Die\u00a0mittel- und ostmitteleurop\u00e4ischen Staaten sind allesamt auch Teil der EU.<\/p>\n<p>Die Grundidee hinter der Trimarium-Initiative war,\u00a0die Entwicklung der teilnehmenden Staaten voranzutreiben und etwa bei Infrastrukturprojekten die Zusammenarbeit zu st\u00e4rken.\u00a0Vor wenigen Tagen wurde der Ukraine auf\u00a0polnischen Vorschlag hin beim Treffen in Riga der Status eines Partnerlandes der Initiative angeboten. Am Ende wurde sie \u00fcberraschend gar als <a rel=\"nofollow noopener\" target=\"_blank\" href=\"https:\/\/www.sn.at\/politik\/weltpolitik\/ukraine-wird-mitglied-der-drei-meere-initiative-123020110\">Mitglied aufgenommen<\/a>.<\/p>\n<p>Im Gespr\u00e4ch mit dem russischen YouTuber und Aktivisten Mark Feygin am Mittwoch <a rel=\"nofollow noopener\" target=\"_blank\" href=\"https:\/\/t.me\/uniannet\/61195\">gab Arestowitsch\u00a0zu<\/a>, dass er Zweifel daran habe, ob die NATO oder die EU dazu bereit seien, die Ukraine aufzunehmen, betonte aber, dass dies aber keine Rolle spiele. Der blo\u00dfe Status als EU-Beitrittskandidat verschaffe der Ukraine Zugang zu Entwicklungsgeldern der Staatengemeinschaft, mit denen etwa Polen seine Infrastruktur aufgebaut habe, so Arestowitsch gegen\u00fcber Feygin. Au\u00dferdem habe Kiew mit dem Beitritt zur Drei-Meere-Initiative gerade einen weiteren geschickten Schachzug gemacht, erkl\u00e4rte der inzwischen\u00a0prominente Berater des ukrainischen Pr\u00e4sidenten.\u00a0Arestowitsch f\u00fchrte an:<\/p>\n<blockquote>\n<p><em>&#8220;Wir sind das 13. Land der Drei-Meere-Initiative geworden. Das bedeutet Zugang zu Geld, zu Transport, zu Sicherheit auf See, zu Infrastruktur. Und zw\u00f6lf Trimarium-Mitglieder sind EU-Mitglieder. Das hei\u00dft, fast die H\u00e4lfte der L\u00e4nder der EU. Das bedeutet, dass unsere Integration in die EU viel weiter fortgeschritten ist, als man derzeit annimmt.&#8221;<\/em><\/p>\n<\/blockquote>\n<p>Die Mitgliederzahl der Initiative ist jedoch nicht einmal halb so gro\u00df wie die der EU, die 27 Mitgliedsstaaten z\u00e4hlt.\u00a0Arestowitsch fuhr jedoch fort und erkl\u00e4rte Feygin, die Ukraine sei &#8220;de facto Mitglied&#8221; der NATO. Auch wenn sie die gegenseitige Verteidigungsverpflichtung nach Artikel 5 nicht schriftlich hat, so haben doch mehr als 50 L\u00e4nder in der von den USA geleiteten Kontaktgruppe f\u00fcr die Verteidigung der Ukraine dem ukrainischen Verteidigungsminister\u00a0Alexei Resnikow\u00a0versprochen, dass sie Kiew &#8220;niemals, niemals&#8221; den Krieg verlieren lassen w\u00fcrden, betonte Arestowitsch.<\/p>\n<p>US-Verteidigungsminister Lloyd Austin &#8220;hatte dem Ganzen die Krone aufgesetzt&#8221;, f\u00fcgte Arestowitsch hinzu, indem Austin gesagt hatte, es d\u00fcrfe &#8220;keinen Zweifel daran geben, dass wir die Ukraine zum Sieg f\u00fchren werden&#8221;.<\/p>\n<p>Selenskijs Chefberater f\u00fcr \u00d6ffentlichkeitsarbeit ist h\u00e4ufig im ukrainischen Fernsehen und in Livestreams zu sehen, wo er manchmal heikle Informationen preisgegeben hatte, bevor sie offiziell best\u00e4tigt werden konnten \u2013 wie\u00a0beispielsweise\u00a0den Verlust der Donbass-Stadt Liman im letzten Monat. Bei anderen Gelegenheiten lie\u00df er etwa <a rel=\"nofollow noopener\" target=\"_blank\" href=\"https:\/\/de.rt.com\/international\/139428-selenskijs-prasidialburo-zu-westlichen-vertretern-fxxxt-euch-ihr-dummfxxxer\/\">mit Schimpfw\u00f6rtern gespickte Tiraden<\/a> gegen den ehemaligen\u00a0US-Au\u00dfenminister Henry Kissinger und andere im Westen los, die die Ukraine zum Frieden mit Moskau \u2013 mit Zugest\u00e4ndnissen an Russland \u2013 aufforderten.<\/p>\n<p>Anfang dieser Woche hatte Arestowitsch in einem anderen Interview gesagt, er betrachte LGBTQ-Personen als &#8220;Menschen mit Deviationen&#8221;, was die vom Westen unterst\u00fctzte Nichtregierungsorganisation KyivPride dazu veranlasste, vom ukrainischen Pr\u00e4sidenten Selenskij seinen R\u00fccktritt zu fordern.\u00a0KyivPride <a rel=\"nofollow noopener\" target=\"_blank\" href=\"https:\/\/www.rt.com\/news\/557565-ukraine-lgbt-zelensky-adviser\/\">behauptete<\/a>\u00a0sogar, Arestowitsch\u00a0sei Teil einer &#8220;homophoben russischen Welt&#8221;.<\/p>\n<p><strong>Mehr zum Thema<\/strong> &#8211; <a rel=\"nofollow noopener\" target=\"_blank\" href=\"https:\/\/de.rt.com\/europa\/141384-lawrow-im-bbc-interview-westlicher\/\">Lawrow im BBC-Interview: Westlicher Blick auf Russland spielt keine Rolle<\/a><\/p>\n<\/div>\n<p><br \/>\n<br \/><a href=\"https:\/\/de.rt.com\/international\/141748-selenskij-berater-arestowitsch-ukraine-de-facto-bereits-in-der-nato\/\">Source link <\/a><\/p>\n","protected":false},"excerpt":{"rendered":"<p>Der Top-Berater des ukrainischen Pr\u00e4sidenten, Alexei Arestowitsch, sprach in einem Interview \u00fcber die EU- und NATO-Mitgliedschaft seines Landes. Den Aussagen von Arestowitsch zufolge sind Versprechen des Milit\u00e4rb\u00fcndnisses wichtiger als die formale Mitgliedschaft. Die letztendliche Mitgliedschaft der Ukraine in der NATO und der EU sei eine reine Formalit\u00e4t, sagte Alexei Arestowitsch, ein prominenter Berater des ukrainischen [&hellip;]<\/p>\n","protected":false},"author":3,"featured_media":11901,"comment_status":"open","ping_status":"open","sticky":false,"template":"","format":"standard","meta":{"wp_automatic_camp":["217"],"831a31807c7e1e57db2d29264f98f3d3":["Selenskij-Berater Arestowitsch: &quot;Ukraine de facto bereits in der NATO&quot;"],"original_link":["https:\/\/de.rt.com\/international\/141748-selenskij-berater-arestowitsch-ukraine-de-facto-bereits-in-der-nato\/"],"_thumbnail_id":["11901"],"jnews_social_counter_last_update":["1776986068"]},"categories":[19,23],"tags":[25756,10014,82,12935,21356,25757,25755],"yoast_head":"<!-- This site is optimized with the Yoast SEO Premium plugin v22.7 (Yoast SEO v22.7) - https:\/\/yoast.com\/wordpress\/plugins\/seo\/ -->\n<title>Selenskij-Berater Arestowitsch: &quot;Ukraine de facto bereits in der NATO&quot; - just-now.NEWS Deutschland<\/title>\n<meta name=\"robots\" content=\"index, follow, max-snippet:-1, max-image-preview:large, max-video-preview:-1\" \/>\n<link rel=\"canonical\" href=\"https:\/\/now-news.de\/de\/deutschland\/selenskij-berater-arestowitsch-ukraine-de-facto-bereits-in-der-nato\/\" \/>\n<meta property=\"og:locale\" content=\"de_DE\" \/>\n<meta property=\"og:type\" content=\"article\" \/>\n<meta property=\"og:title\" content=\"Selenskij-Berater Arestowitsch: &quot;Ukraine de facto bereits in der NATO&quot;\" \/>\n<meta property=\"og:description\" content=\"Der Top-Berater des ukrainischen Pr\u00e4sidenten, Alexei Arestowitsch, sprach in einem Interview \u00fcber die EU- und NATO-Mitgliedschaft seines Landes. Den Aussagen von Arestowitsch zufolge sind Versprechen des Milit\u00e4rb\u00fcndnisses wichtiger als die formale Mitgliedschaft. Die letztendliche Mitgliedschaft der Ukraine in der NATO und der EU sei eine reine Formalit\u00e4t, sagte Alexei Arestowitsch, ein prominenter Berater des ukrainischen [&hellip;]\" \/>\n<meta property=\"og:url\" content=\"https:\/\/now-news.de\/de\/deutschland\/selenskij-berater-arestowitsch-ukraine-de-facto-bereits-in-der-nato\/\" \/>\n<meta property=\"og:site_name\" content=\"just-now.NEWS Deutschland\" \/>\n<meta property=\"article:publisher\" content=\"https:\/\/www.facebook.com\/wirmachenauf\" \/>\n<meta property=\"article:published_time\" content=\"2022-06-23T13:29:48+00:00\" \/>\n<meta property=\"og:image\" content=\"https:\/\/now-news.de\/de\/wp-content\/uploads\/sites\/3\/2022\/06\/Selenskij-Berater-Arestowitsch-quotUkraine-de-facto-bereits-in-der-NATOquot.jpg\" \/>\n\t<meta property=\"og:image:width\" content=\"460\" \/>\n\t<meta property=\"og:image:height\" content=\"259\" \/>\n\t<meta property=\"og:image:type\" content=\"image\/jpeg\" \/>\n<meta name=\"author\" content=\"rtnews\" \/>\n<meta name=\"twitter:card\" content=\"summary_large_image\" \/>\n<meta name=\"twitter:creator\" content=\"@WirMachenAuf_de\" \/>\n<meta name=\"twitter:site\" content=\"@WirMachenAuf_de\" \/>\n<meta name=\"twitter:label1\" content=\"Verfasst von\" \/>\n\t<meta name=\"twitter:data1\" content=\"rtnews\" \/>\n\t<meta name=\"twitter:label2\" content=\"Gesch\u00e4tzte Lesezeit\" \/>\n\t<meta name=\"twitter:data2\" content=\"3\u00a0Minuten\" \/>\n<script type=\"application\/ld+json\" class=\"yoast-schema-graph\">{\"@context\":\"https:\/\/schema.org\",\"@graph\":[{\"@type\":\"Article\",\"@id\":\"https:\/\/now-news.de\/de\/deutschland\/selenskij-berater-arestowitsch-ukraine-de-facto-bereits-in-der-nato\/#article\",\"isPartOf\":{\"@id\":\"https:\/\/now-news.de\/de\/deutschland\/selenskij-berater-arestowitsch-ukraine-de-facto-bereits-in-der-nato\/\"},\"author\":{\"name\":\"rtnews\",\"@id\":\"https:\/\/now-news.de\/de\/#\/schema\/person\/fb534a4e865501d8b3285208df34a9b5\"},\"headline\":\"Selenskij-Berater Arestowitsch: &quot;Ukraine de facto bereits in der NATO&quot;\",\"datePublished\":\"2022-06-23T13:29:48+00:00\",\"dateModified\":\"2022-06-23T13:29:48+00:00\",\"mainEntityOfPage\":{\"@id\":\"https:\/\/now-news.de\/de\/deutschland\/selenskij-berater-arestowitsch-ukraine-de-facto-bereits-in-der-nato\/\"},\"wordCount\":646,\"commentCount\":0,\"publisher\":{\"@id\":\"https:\/\/now-news.de\/de\/#organization\"},\"image\":{\"@id\":\"https:\/\/now-news.de\/de\/deutschland\/selenskij-berater-arestowitsch-ukraine-de-facto-bereits-in-der-nato\/#primaryimage\"},\"thumbnailUrl\":\"https:\/\/now-news.de\/de\/wp-content\/uploads\/sites\/3\/2022\/06\/Selenskij-Berater-Arestowitsch-quotUkraine-de-facto-bereits-in-der-NATOquot.jpg\",\"keywords\":[\"Arestowitsch\",\"bereits\",\"der\",\"Facto\",\"NATOquot\",\"quotUkraine\",\"SelenskijBerater\"],\"articleSection\":[\"Deutschland\",\"Russland\"],\"inLanguage\":\"de\",\"potentialAction\":[{\"@type\":\"CommentAction\",\"name\":\"Comment\",\"target\":[\"https:\/\/now-news.de\/de\/deutschland\/selenskij-berater-arestowitsch-ukraine-de-facto-bereits-in-der-nato\/#respond\"]}]},{\"@type\":\"WebPage\",\"@id\":\"https:\/\/now-news.de\/de\/deutschland\/selenskij-berater-arestowitsch-ukraine-de-facto-bereits-in-der-nato\/\",\"url\":\"https:\/\/now-news.de\/de\/deutschland\/selenskij-berater-arestowitsch-ukraine-de-facto-bereits-in-der-nato\/\",\"name\":\"Selenskij-Berater Arestowitsch: &quot;Ukraine de facto bereits in der NATO&quot; - just-now.NEWS Deutschland\",\"isPartOf\":{\"@id\":\"https:\/\/now-news.de\/de\/#website\"},\"primaryImageOfPage\":{\"@id\":\"https:\/\/now-news.de\/de\/deutschland\/selenskij-berater-arestowitsch-ukraine-de-facto-bereits-in-der-nato\/#primaryimage\"},\"image\":{\"@id\":\"https:\/\/now-news.de\/de\/deutschland\/selenskij-berater-arestowitsch-ukraine-de-facto-bereits-in-der-nato\/#primaryimage\"},\"thumbnailUrl\":\"https:\/\/now-news.de\/de\/wp-content\/uploads\/sites\/3\/2022\/06\/Selenskij-Berater-Arestowitsch-quotUkraine-de-facto-bereits-in-der-NATOquot.jpg\",\"datePublished\":\"2022-06-23T13:29:48+00:00\",\"dateModified\":\"2022-06-23T13:29:48+00:00\",\"breadcrumb\":{\"@id\":\"https:\/\/now-news.de\/de\/deutschland\/selenskij-berater-arestowitsch-ukraine-de-facto-bereits-in-der-nato\/#breadcrumb\"},\"inLanguage\":\"de\",\"potentialAction\":[{\"@type\":\"ReadAction\",\"target\":[\"https:\/\/now-news.de\/de\/deutschland\/selenskij-berater-arestowitsch-ukraine-de-facto-bereits-in-der-nato\/\"]}]},{\"@type\":\"ImageObject\",\"inLanguage\":\"de\",\"@id\":\"https:\/\/now-news.de\/de\/deutschland\/selenskij-berater-arestowitsch-ukraine-de-facto-bereits-in-der-nato\/#primaryimage\",\"url\":\"https:\/\/now-news.de\/de\/wp-content\/uploads\/sites\/3\/2022\/06\/Selenskij-Berater-Arestowitsch-quotUkraine-de-facto-bereits-in-der-NATOquot.jpg\",\"contentUrl\":\"https:\/\/now-news.de\/de\/wp-content\/uploads\/sites\/3\/2022\/06\/Selenskij-Berater-Arestowitsch-quotUkraine-de-facto-bereits-in-der-NATOquot.jpg\",\"width\":460,\"height\":259,\"caption\":\"Selenskij-Berater Arestowitsch: &quot;Ukraine de facto bereits in der NATO&quot;\"},{\"@type\":\"BreadcrumbList\",\"@id\":\"https:\/\/now-news.de\/de\/deutschland\/selenskij-berater-arestowitsch-ukraine-de-facto-bereits-in-der-nato\/#breadcrumb\",\"itemListElement\":[{\"@type\":\"ListItem\",\"position\":1,\"name\":\"Home\",\"item\":\"https:\/\/now-news.de\/de\/\"},{\"@type\":\"ListItem\",\"position\":2,\"name\":\"Selenskij-Berater Arestowitsch: &quot;Ukraine de facto bereits in der NATO&quot;\"}]},{\"@type\":\"WebSite\",\"@id\":\"https:\/\/now-news.de\/de\/#website\",\"url\":\"https:\/\/now-news.de\/de\/\",\"name\":\"just-now.NEWS Deutschland\",\"description\":\"Das Portal f\u00fcr unzensierte Nachrichten aus der Welt\",\"publisher\":{\"@id\":\"https:\/\/now-news.de\/de\/#organization\"},\"potentialAction\":[{\"@type\":\"SearchAction\",\"target\":{\"@type\":\"EntryPoint\",\"urlTemplate\":\"https:\/\/now-news.de\/de\/?s={search_term_string}\"},\"query-input\":\"required name=search_term_string\"}],\"inLanguage\":\"de\"},{\"@type\":\"Organization\",\"@id\":\"https:\/\/now-news.de\/de\/#organization\",\"name\":\"Just Now News\",\"url\":\"https:\/\/now-news.de\/de\/\",\"logo\":{\"@type\":\"ImageObject\",\"inLanguage\":\"de\",\"@id\":\"https:\/\/now-news.de\/de\/#\/schema\/logo\/image\/\",\"url\":\"http:\/\/just-now.news\/de\/wp-content\/uploads\/sites\/3\/2022\/04\/logo500x500.jpg\",\"contentUrl\":\"http:\/\/just-now.news\/de\/wp-content\/uploads\/sites\/3\/2022\/04\/logo500x500.jpg\",\"width\":500,\"height\":500,\"caption\":\"Just Now News\"},\"image\":{\"@id\":\"https:\/\/now-news.de\/de\/#\/schema\/logo\/image\/\"},\"sameAs\":[\"https:\/\/www.facebook.com\/wirmachenauf\",\"https:\/\/x.com\/WirMachenAuf_de\"]},{\"@type\":\"Person\",\"@id\":\"https:\/\/now-news.de\/de\/#\/schema\/person\/fb534a4e865501d8b3285208df34a9b5\",\"name\":\"rtnews\",\"image\":{\"@type\":\"ImageObject\",\"inLanguage\":\"de\",\"@id\":\"https:\/\/now-news.de\/de\/#\/schema\/person\/image\/\",\"url\":\"https:\/\/secure.gravatar.com\/avatar\/82aafea7d8127119dd649515f56e2117?s=96&d=mm&r=g\",\"contentUrl\":\"https:\/\/secure.gravatar.com\/avatar\/82aafea7d8127119dd649515f56e2117?s=96&d=mm&r=g\",\"caption\":\"rtnews\"},\"url\":\"https:\/\/now-news.de\/de\/author\/rnews\/\"}]}<\/script>\n<!-- \/ Yoast SEO Premium plugin. -->","yoast_head_json":{"title":"Selenskij-Berater Arestowitsch: &quot;Ukraine de facto bereits in der NATO&quot; - just-now.NEWS Deutschland","robots":{"index":"index","follow":"follow","max-snippet":"max-snippet:-1","max-image-preview":"max-image-preview:large","max-video-preview":"max-video-preview:-1"},"canonical":"https:\/\/now-news.de\/de\/deutschland\/selenskij-berater-arestowitsch-ukraine-de-facto-bereits-in-der-nato\/","og_locale":"de_DE","og_type":"article","og_title":"Selenskij-Berater Arestowitsch: &quot;Ukraine de facto bereits in der NATO&quot;","og_description":"Der Top-Berater des ukrainischen Pr\u00e4sidenten, Alexei Arestowitsch, sprach in einem Interview \u00fcber die EU- und NATO-Mitgliedschaft seines Landes. Den Aussagen von Arestowitsch zufolge sind Versprechen des Milit\u00e4rb\u00fcndnisses wichtiger als die formale Mitgliedschaft. Die letztendliche Mitgliedschaft der Ukraine in der NATO und der EU sei eine reine Formalit\u00e4t, sagte Alexei Arestowitsch, ein prominenter Berater des ukrainischen [&hellip;]","og_url":"https:\/\/now-news.de\/de\/deutschland\/selenskij-berater-arestowitsch-ukraine-de-facto-bereits-in-der-nato\/","og_site_name":"just-now.NEWS Deutschland","article_publisher":"https:\/\/www.facebook.com\/wirmachenauf","article_published_time":"2022-06-23T13:29:48+00:00","og_image":[{"width":460,"height":259,"url":"https:\/\/now-news.de\/de\/wp-content\/uploads\/sites\/3\/2022\/06\/Selenskij-Berater-Arestowitsch-quotUkraine-de-facto-bereits-in-der-NATOquot.jpg","type":"image\/jpeg"}],"author":"rtnews","twitter_card":"summary_large_image","twitter_creator":"@WirMachenAuf_de","twitter_site":"@WirMachenAuf_de","twitter_misc":{"Verfasst von":"rtnews","Gesch\u00e4tzte Lesezeit":"3\u00a0Minuten"},"schema":{"@context":"https:\/\/schema.org","@graph":[{"@type":"Article","@id":"https:\/\/now-news.de\/de\/deutschland\/selenskij-berater-arestowitsch-ukraine-de-facto-bereits-in-der-nato\/#article","isPartOf":{"@id":"https:\/\/now-news.de\/de\/deutschland\/selenskij-berater-arestowitsch-ukraine-de-facto-bereits-in-der-nato\/"},"author":{"name":"rtnews","@id":"https:\/\/now-news.de\/de\/#\/schema\/person\/fb534a4e865501d8b3285208df34a9b5"},"headline":"Selenskij-Berater Arestowitsch: &quot;Ukraine de facto bereits in der NATO&quot;","datePublished":"2022-06-23T13:29:48+00:00","dateModified":"2022-06-23T13:29:48+00:00","mainEntityOfPage":{"@id":"https:\/\/now-news.de\/de\/deutschland\/selenskij-berater-arestowitsch-ukraine-de-facto-bereits-in-der-nato\/"},"wordCount":646,"commentCount":0,"publisher":{"@id":"https:\/\/now-news.de\/de\/#organization"},"image":{"@id":"https:\/\/now-news.de\/de\/deutschland\/selenskij-berater-arestowitsch-ukraine-de-facto-bereits-in-der-nato\/#primaryimage"},"thumbnailUrl":"https:\/\/now-news.de\/de\/wp-content\/uploads\/sites\/3\/2022\/06\/Selenskij-Berater-Arestowitsch-quotUkraine-de-facto-bereits-in-der-NATOquot.jpg","keywords":["Arestowitsch","bereits","der","Facto","NATOquot","quotUkraine","SelenskijBerater"],"articleSection":["Deutschland","Russland"],"inLanguage":"de","potentialAction":[{"@type":"CommentAction","name":"Comment","target":["https:\/\/now-news.de\/de\/deutschland\/selenskij-berater-arestowitsch-ukraine-de-facto-bereits-in-der-nato\/#respond"]}]},{"@type":"WebPage","@id":"https:\/\/now-news.de\/de\/deutschland\/selenskij-berater-arestowitsch-ukraine-de-facto-bereits-in-der-nato\/","url":"https:\/\/now-news.de\/de\/deutschland\/selenskij-berater-arestowitsch-ukraine-de-facto-bereits-in-der-nato\/","name":"Selenskij-Berater Arestowitsch: &quot;Ukraine de facto bereits in der NATO&quot; - just-now.NEWS Deutschland","isPartOf":{"@id":"https:\/\/now-news.de\/de\/#website"},"primaryImageOfPage":{"@id":"https:\/\/now-news.de\/de\/deutschland\/selenskij-berater-arestowitsch-ukraine-de-facto-bereits-in-der-nato\/#primaryimage"},"image":{"@id":"https:\/\/now-news.de\/de\/deutschland\/selenskij-berater-arestowitsch-ukraine-de-facto-bereits-in-der-nato\/#primaryimage"},"thumbnailUrl":"https:\/\/now-news.de\/de\/wp-content\/uploads\/sites\/3\/2022\/06\/Selenskij-Berater-Arestowitsch-quotUkraine-de-facto-bereits-in-der-NATOquot.jpg","datePublished":"2022-06-23T13:29:48+00:00","dateModified":"2022-06-23T13:29:48+00:00","breadcrumb":{"@id":"https:\/\/now-news.de\/de\/deutschland\/selenskij-berater-arestowitsch-ukraine-de-facto-bereits-in-der-nato\/#breadcrumb"},"inLanguage":"de","potentialAction":[{"@type":"ReadAction","target":["https:\/\/now-news.de\/de\/deutschland\/selenskij-berater-arestowitsch-ukraine-de-facto-bereits-in-der-nato\/"]}]},{"@type":"ImageObject","inLanguage":"de","@id":"https:\/\/now-news.de\/de\/deutschland\/selenskij-berater-arestowitsch-ukraine-de-facto-bereits-in-der-nato\/#primaryimage","url":"https:\/\/now-news.de\/de\/wp-content\/uploads\/sites\/3\/2022\/06\/Selenskij-Berater-Arestowitsch-quotUkraine-de-facto-bereits-in-der-NATOquot.jpg","contentUrl":"https:\/\/now-news.de\/de\/wp-content\/uploads\/sites\/3\/2022\/06\/Selenskij-Berater-Arestowitsch-quotUkraine-de-facto-bereits-in-der-NATOquot.jpg","width":460,"height":259,"caption":"Selenskij-Berater Arestowitsch: &quot;Ukraine de facto bereits in der NATO&quot;"},{"@type":"BreadcrumbList","@id":"https:\/\/now-news.de\/de\/deutschland\/selenskij-berater-arestowitsch-ukraine-de-facto-bereits-in-der-nato\/#breadcrumb","itemListElement":[{"@type":"ListItem","position":1,"name":"Home","item":"https:\/\/now-news.de\/de\/"},{"@type":"ListItem","position":2,"name":"Selenskij-Berater Arestowitsch: &quot;Ukraine de facto bereits in der NATO&quot;"}]},{"@type":"WebSite","@id":"https:\/\/now-news.de\/de\/#website","url":"https:\/\/now-news.de\/de\/","name":"just-now.NEWS Deutschland","description":"Das Portal f\u00fcr unzensierte Nachrichten aus der Welt","publisher":{"@id":"https:\/\/now-news.de\/de\/#organization"},"potentialAction":[{"@type":"SearchAction","target":{"@type":"EntryPoint","urlTemplate":"https:\/\/now-news.de\/de\/?s={search_term_string}"},"query-input":"required name=search_term_string"}],"inLanguage":"de"},{"@type":"Organization","@id":"https:\/\/now-news.de\/de\/#organization","name":"Just Now News","url":"https:\/\/now-news.de\/de\/","logo":{"@type":"ImageObject","inLanguage":"de","@id":"https:\/\/now-news.de\/de\/#\/schema\/logo\/image\/","url":"http:\/\/just-now.news\/de\/wp-content\/uploads\/sites\/3\/2022\/04\/logo500x500.jpg","contentUrl":"http:\/\/just-now.news\/de\/wp-content\/uploads\/sites\/3\/2022\/04\/logo500x500.jpg","width":500,"height":500,"caption":"Just Now News"},"image":{"@id":"https:\/\/now-news.de\/de\/#\/schema\/logo\/image\/"},"sameAs":["https:\/\/www.facebook.com\/wirmachenauf","https:\/\/x.com\/WirMachenAuf_de"]},{"@type":"Person","@id":"https:\/\/now-news.de\/de\/#\/schema\/person\/fb534a4e865501d8b3285208df34a9b5","name":"rtnews","image":{"@type":"ImageObject","inLanguage":"de","@id":"https:\/\/now-news.de\/de\/#\/schema\/person\/image\/","url":"https:\/\/secure.gravatar.com\/avatar\/82aafea7d8127119dd649515f56e2117?s=96&d=mm&r=g","contentUrl":"https:\/\/secure.gravatar.com\/avatar\/82aafea7d8127119dd649515f56e2117?s=96&d=mm&r=g","caption":"rtnews"},"url":"https:\/\/now-news.de\/de\/author\/rnews\/"}]}},"_links":{"self":[{"href":"https:\/\/now-news.de\/de\/wp-json\/wp\/v2\/posts\/11900"}],"collection":[{"href":"https:\/\/now-news.de\/de\/wp-json\/wp\/v2\/posts"}],"about":[{"href":"https:\/\/now-news.de\/de\/wp-json\/wp\/v2\/types\/post"}],"author":[{"embeddable":true,"href":"https:\/\/now-news.de\/de\/wp-json\/wp\/v2\/users\/3"}],"replies":[{"embeddable":true,"href":"https:\/\/now-news.de\/de\/wp-json\/wp\/v2\/comments?post=11900"}],"version-history":[{"count":0,"href":"https:\/\/now-news.de\/de\/wp-json\/wp\/v2\/posts\/11900\/revisions"}],"wp:featuredmedia":[{"embeddable":true,"href":"https:\/\/now-news.de\/de\/wp-json\/wp\/v2\/media\/11901"}],"wp:attachment":[{"href":"https:\/\/now-news.de\/de\/wp-json\/wp\/v2\/media?parent=11900"}],"wp:term":[{"taxonomy":"category","embeddable":true,"href":"https:\/\/now-news.de\/de\/wp-json\/wp\/v2\/categories?post=11900"},{"taxonomy":"post_tag","embeddable":true,"href":"https:\/\/now-news.de\/de\/wp-json\/wp\/v2\/tags?post=11900"}],"curies":[{"name":"wp","href":"https:\/\/api.w.org\/{rel}","templated":true}]}}