{"id":11860,"date":"2022-06-24T06:15:00","date_gmt":"2022-06-24T04:15:00","guid":{"rendered":"http:\/\/just-now.news\/de\/deutschland\/nato-verweigert-russischen-journalisten-die-akkreditierung\/"},"modified":"2022-06-24T06:15:00","modified_gmt":"2022-06-24T04:15:00","slug":"nato-verweigert-russischen-journalisten-die-akkreditierung","status":"publish","type":"post","link":"https:\/\/now-news.de\/de\/deutschland\/nato-verweigert-russischen-journalisten-die-akkreditierung\/","title":{"rendered":"NATO verweigert russischen Journalisten die Akkreditierung"},"content":{"rendered":"<p><img decoding=\"async\" src=\"http:\/\/just-now.news\/de\/wp-content\/uploads\/sites\/3\/2022\/06\/62b48636b480cc20cb4295b3.jpg\" \/><\/p>\n<p>Die NATO-Akkreditierungsabteilung hat sich ohne Angabe von Gr\u00fcnden geweigert, Reportern von <em>RIA Nowosti<\/em> eine Akkreditierung f\u00fcr die Berichterstattung \u00fcber den Gipfel des B\u00fcndnisses in Madrid n\u00e4chste Woche zu erteilen.<\/p>\n<blockquote>\n<p><em>&#8220;Ich schreibe Ihnen, um Ihnen mitzuteilen, dass wir Ihnen keine Akkreditierung f\u00fcr den NATO-Gipfel in Madrid gew\u00e4hren k\u00f6nnen. Wir entschuldigen uns aufrichtig. Wir k\u00f6nnen jedoch nicht \u00fcber die Gr\u00fcnde f\u00fcr diese Entscheidung sprechen, die endg\u00fcltig ist und nicht mehr revidiert werden kann&#8221;,<\/em><\/p>\n<\/blockquote>\n<p>hei\u00dft es laut dem Bericht der russischen Presseagentur in dem Schreiben der Organisation.<\/p>\n<p>Beim Ausf\u00fcllen des Akkreditierungsformulars mussten alle Journalisten best\u00e4tigen, dass die Organisatoren das Recht haben, die Akkreditierung ohne Angabe von Gr\u00fcnden zu verweigern.<\/p>\n<p>Der NATO-Gipfel findet vom 28. bis 30. Juni in Madrid statt. NATO-Generalsekret\u00e4r Jens Stoltenberg erkl\u00e4rte am 19. Juni, dass Russland nicht l\u00e4nger ein Partner des B\u00fcndnisses sei, sondern &#8220;eine Bedrohung f\u00fcr Frieden und Stabilit\u00e4t&#8221; darstelle. Gleichzeitig wird erwartet, dass die Staats- und Regierungschefs der NATO im Verlauf des Gipfeltreffens eine Entscheidung \u00fcber die Stationierung zus\u00e4tzlicher Streitkr\u00e4fte in Europa bekannt geben werden.<\/p>\n<p>Nach Beginn der russischen Milit\u00e4roperation zur Entmilitarisierung der Ukraine hat der Westen Sanktionen gegen russische Medien verh\u00e4ngt und insbesondere Ressourcen der Agentur <em>Sputnik<\/em> und des Fernsehsenders <em>RT<\/em> blockiert. Die Seiten dieser Medien sind f\u00fcr europ\u00e4ische Nutzer der Suchmaschine Google nicht zug\u00e4nglich, und ihre Kan\u00e4le auf YouTube und den Meta-Plattformen wurden zensiert. Lokale Journalisten, die mit diesen Medien zusammenarbeiten, wurden als &#8220;mit der russischen Regierung verbundene Medien&#8221; bezeichnet.<\/p>\n<p>Die Pressestelle der NATO wollte auf Anfrage von <em>RT DE<\/em> die Verweigerung der Akkreditierung nicht kommentieren. Es handele sich dabei stets um Einzelfallentscheidungen, die von der Akkreditierungsstelle &#8220;auf individueller Basis&#8221; getroffen w\u00fcrden. Deshalb ist derzeit unklar, ob weitere russische Journalisten sich um die Akkreditierung beim NATO-Gipfel bem\u00fcht hatten und ob sie allen russischen Journalisten oder nur den Reportern von <em>RIA Nowosti<\/em> verweigert wurde.\u00a0<\/p>\n<p><strong>Mehr zum Thema<\/strong> &#8211; <a rel=\"nofollow noopener\" target=\"_blank\" href=\"https:\/\/de.rt.com\/international\/141482-nato-generale-schworen-truppen-auf\/\">NATO-Gener\u00e4le schw\u00f6ren Truppen auf Krieg gegen Russland ein \u2013 mit Atomwaffen?<\/a><\/p>\n<p><br \/>\n<br \/><a href=\"https:\/\/de.rt.com\/international\/141771-nato-verweigert-russischen-journalisten-akkreditierung\/\">Source link <\/a><\/p>\n","protected":false},"excerpt":{"rendered":"<p>Die NATO-Akkreditierungsabteilung hat sich ohne Angabe von Gr\u00fcnden geweigert, Reportern von RIA Nowosti eine Akkreditierung f\u00fcr die Berichterstattung \u00fcber den Gipfel des B\u00fcndnisses in Madrid n\u00e4chste Woche zu erteilen. &#8220;Ich schreibe Ihnen, um Ihnen mitzuteilen, dass wir Ihnen keine Akkreditierung f\u00fcr den NATO-Gipfel in Madrid gew\u00e4hren k\u00f6nnen. Wir entschuldigen uns aufrichtig. Wir k\u00f6nnen jedoch nicht [&hellip;]<\/p>\n","protected":false},"author":3,"featured_media":11861,"comment_status":"open","ping_status":"open","sticky":false,"template":"","format":"standard","meta":{"wp_automatic_camp":["217"],"0a3a370891c2af4b5b7e025fcc2edb74":["NATO verweigert russischen Journalisten die Akkreditierung"],"original_link":["https:\/\/de.rt.com\/international\/141771-nato-verweigert-russischen-journalisten-akkreditierung\/"],"_thumbnail_id":["11861"],"jnews_social_counter_last_update":["1788426836"]},"categories":[19,23],"tags":[25714,45,2726,2697,973,5851],"class_list":["post-11860","post","type-post","status-publish","format-standard","has-post-thumbnail","hentry","category-deutschland","category-russland","tag-akkreditierung","tag-die","tag-journalisten","tag-nato","tag-russischen","tag-verweigert"],"yoast_head":"<!-- This site is optimized with the Yoast SEO Premium plugin v22.7 (Yoast SEO v28.2) - https:\/\/yoast.com\/product\/yoast-seo-premium-wordpress\/ -->\n<title>NATO verweigert russischen Journalisten die Akkreditierung - just-now.NEWS Deutschland<\/title>\n<meta name=\"robots\" content=\"index, follow, max-snippet:-1, max-image-preview:large, max-video-preview:-1\" \/>\n<link rel=\"canonical\" href=\"https:\/\/now-news.de\/de\/deutschland\/nato-verweigert-russischen-journalisten-die-akkreditierung\/\" \/>\n<meta property=\"og:locale\" content=\"de_DE\" \/>\n<meta property=\"og:type\" content=\"article\" \/>\n<meta property=\"og:title\" content=\"NATO verweigert russischen Journalisten die Akkreditierung\" \/>\n<meta property=\"og:description\" content=\"Die NATO-Akkreditierungsabteilung hat sich ohne Angabe von Gr\u00fcnden geweigert, Reportern von RIA Nowosti eine Akkreditierung f\u00fcr die Berichterstattung \u00fcber den Gipfel des B\u00fcndnisses in Madrid n\u00e4chste Woche zu erteilen. &#8220;Ich schreibe Ihnen, um Ihnen mitzuteilen, dass wir Ihnen keine Akkreditierung f\u00fcr den NATO-Gipfel in Madrid gew\u00e4hren k\u00f6nnen. Wir entschuldigen uns aufrichtig. Wir k\u00f6nnen jedoch nicht [&hellip;]\" \/>\n<meta property=\"og:url\" content=\"https:\/\/now-news.de\/de\/deutschland\/nato-verweigert-russischen-journalisten-die-akkreditierung\/\" \/>\n<meta property=\"og:site_name\" content=\"just-now.NEWS Deutschland\" \/>\n<meta property=\"article:publisher\" content=\"https:\/\/www.facebook.com\/wirmachenauf\" \/>\n<meta property=\"article:published_time\" content=\"2022-06-24T04:15:00+00:00\" \/>\n<meta property=\"og:image\" content=\"https:\/\/now-news.de\/de\/wp-content\/uploads\/sites\/3\/2022\/06\/NATO-verweigert-russischen-Journalisten-die-Akkreditierung.jpg\" \/>\n\t<meta property=\"og:image:width\" content=\"460\" \/>\n\t<meta property=\"og:image:height\" content=\"259\" \/>\n\t<meta property=\"og:image:type\" content=\"image\/jpeg\" \/>\n<meta name=\"author\" content=\"rtnews\" \/>\n<meta name=\"twitter:card\" content=\"summary_large_image\" \/>\n<meta name=\"twitter:creator\" content=\"@WirMachenAuf_de\" \/>\n<meta name=\"twitter:site\" content=\"@WirMachenAuf_de\" \/>\n<meta name=\"twitter:label1\" content=\"Verfasst von\" \/>\n\t<meta name=\"twitter:data1\" content=\"rtnews\" \/>\n\t<meta name=\"twitter:label2\" content=\"Gesch\u00e4tzte Lesezeit\" \/>\n\t<meta name=\"twitter:data2\" content=\"2\u00a0Minuten\" \/>\n<script type=\"application\/ld+json\" class=\"yoast-schema-graph\">{\"@context\":\"https:\\\/\\\/schema.org\",\"@graph\":[{\"@type\":\"Article\",\"@id\":\"https:\\\/\\\/now-news.de\\\/de\\\/deutschland\\\/nato-verweigert-russischen-journalisten-die-akkreditierung\\\/#article\",\"isPartOf\":{\"@id\":\"https:\\\/\\\/now-news.de\\\/de\\\/deutschland\\\/nato-verweigert-russischen-journalisten-die-akkreditierung\\\/\"},\"author\":{\"name\":\"rtnews\",\"@id\":\"https:\\\/\\\/now-news.de\\\/de\\\/#\\\/schema\\\/person\\\/fb534a4e865501d8b3285208df34a9b5\"},\"headline\":\"NATO verweigert russischen Journalisten die Akkreditierung\",\"datePublished\":\"2022-06-24T04:15:00+00:00\",\"mainEntityOfPage\":{\"@id\":\"https:\\\/\\\/now-news.de\\\/de\\\/deutschland\\\/nato-verweigert-russischen-journalisten-die-akkreditierung\\\/\"},\"wordCount\":350,\"commentCount\":0,\"publisher\":{\"@id\":\"https:\\\/\\\/now-news.de\\\/de\\\/#organization\"},\"image\":{\"@id\":\"https:\\\/\\\/now-news.de\\\/de\\\/deutschland\\\/nato-verweigert-russischen-journalisten-die-akkreditierung\\\/#primaryimage\"},\"thumbnailUrl\":\"https:\\\/\\\/now-news.de\\\/de\\\/wp-content\\\/uploads\\\/sites\\\/3\\\/2022\\\/06\\\/NATO-verweigert-russischen-Journalisten-die-Akkreditierung.jpg\",\"keywords\":[\"Akkreditierung\",\"die\",\"Journalisten\",\"nato\",\"russischen\",\"verweigert\"],\"articleSection\":[\"Deutschland\",\"Russland\"],\"inLanguage\":\"de\",\"potentialAction\":[{\"@type\":\"CommentAction\",\"name\":\"Comment\",\"target\":[\"https:\\\/\\\/now-news.de\\\/de\\\/deutschland\\\/nato-verweigert-russischen-journalisten-die-akkreditierung\\\/#respond\"]}]},{\"@type\":\"WebPage\",\"@id\":\"https:\\\/\\\/now-news.de\\\/de\\\/deutschland\\\/nato-verweigert-russischen-journalisten-die-akkreditierung\\\/\",\"url\":\"https:\\\/\\\/now-news.de\\\/de\\\/deutschland\\\/nato-verweigert-russischen-journalisten-die-akkreditierung\\\/\",\"name\":\"NATO verweigert russischen Journalisten die Akkreditierung - just-now.NEWS Deutschland\",\"isPartOf\":{\"@id\":\"https:\\\/\\\/now-news.de\\\/de\\\/#website\"},\"primaryImageOfPage\":{\"@id\":\"https:\\\/\\\/now-news.de\\\/de\\\/deutschland\\\/nato-verweigert-russischen-journalisten-die-akkreditierung\\\/#primaryimage\"},\"image\":{\"@id\":\"https:\\\/\\\/now-news.de\\\/de\\\/deutschland\\\/nato-verweigert-russischen-journalisten-die-akkreditierung\\\/#primaryimage\"},\"thumbnailUrl\":\"https:\\\/\\\/now-news.de\\\/de\\\/wp-content\\\/uploads\\\/sites\\\/3\\\/2022\\\/06\\\/NATO-verweigert-russischen-Journalisten-die-Akkreditierung.jpg\",\"datePublished\":\"2022-06-24T04:15:00+00:00\",\"breadcrumb\":{\"@id\":\"https:\\\/\\\/now-news.de\\\/de\\\/deutschland\\\/nato-verweigert-russischen-journalisten-die-akkreditierung\\\/#breadcrumb\"},\"inLanguage\":\"de\",\"potentialAction\":[{\"@type\":\"ReadAction\",\"target\":[\"https:\\\/\\\/now-news.de\\\/de\\\/deutschland\\\/nato-verweigert-russischen-journalisten-die-akkreditierung\\\/\"]}]},{\"@type\":\"ImageObject\",\"inLanguage\":\"de\",\"@id\":\"https:\\\/\\\/now-news.de\\\/de\\\/deutschland\\\/nato-verweigert-russischen-journalisten-die-akkreditierung\\\/#primaryimage\",\"url\":\"https:\\\/\\\/now-news.de\\\/de\\\/wp-content\\\/uploads\\\/sites\\\/3\\\/2022\\\/06\\\/NATO-verweigert-russischen-Journalisten-die-Akkreditierung.jpg\",\"contentUrl\":\"https:\\\/\\\/now-news.de\\\/de\\\/wp-content\\\/uploads\\\/sites\\\/3\\\/2022\\\/06\\\/NATO-verweigert-russischen-Journalisten-die-Akkreditierung.jpg\",\"width\":460,\"height\":259,\"caption\":\"NATO verweigert russischen Journalisten die Akkreditierung\"},{\"@type\":\"BreadcrumbList\",\"@id\":\"https:\\\/\\\/now-news.de\\\/de\\\/deutschland\\\/nato-verweigert-russischen-journalisten-die-akkreditierung\\\/#breadcrumb\",\"itemListElement\":[{\"@type\":\"ListItem\",\"position\":1,\"name\":\"Home\",\"item\":\"https:\\\/\\\/now-news.de\\\/de\\\/\"},{\"@type\":\"ListItem\",\"position\":2,\"name\":\"NATO verweigert russischen Journalisten die Akkreditierung\"}]},{\"@type\":\"WebSite\",\"@id\":\"https:\\\/\\\/now-news.de\\\/de\\\/#website\",\"url\":\"https:\\\/\\\/now-news.de\\\/de\\\/\",\"name\":\"just-now.NEWS Deutschland\",\"description\":\"Das Portal f\u00fcr unzensierte Nachrichten aus der Welt\",\"publisher\":{\"@id\":\"https:\\\/\\\/now-news.de\\\/de\\\/#organization\"},\"potentialAction\":[{\"@type\":\"SearchAction\",\"target\":{\"@type\":\"EntryPoint\",\"urlTemplate\":\"https:\\\/\\\/now-news.de\\\/de\\\/?s={search_term_string}\"},\"query-input\":{\"@type\":\"PropertyValueSpecification\",\"valueRequired\":true,\"valueName\":\"search_term_string\"}}],\"inLanguage\":\"de\"},{\"@type\":\"Organization\",\"@id\":\"https:\\\/\\\/now-news.de\\\/de\\\/#organization\",\"name\":\"Just Now News\",\"url\":\"https:\\\/\\\/now-news.de\\\/de\\\/\",\"logo\":{\"@type\":\"ImageObject\",\"inLanguage\":\"de\",\"@id\":\"https:\\\/\\\/now-news.de\\\/de\\\/#\\\/schema\\\/logo\\\/image\\\/\",\"url\":\"http:\\\/\\\/just-now.news\\\/de\\\/wp-content\\\/uploads\\\/sites\\\/3\\\/2022\\\/04\\\/logo500x500.jpg\",\"contentUrl\":\"http:\\\/\\\/just-now.news\\\/de\\\/wp-content\\\/uploads\\\/sites\\\/3\\\/2022\\\/04\\\/logo500x500.jpg\",\"width\":500,\"height\":500,\"caption\":\"Just Now News\"},\"image\":{\"@id\":\"https:\\\/\\\/now-news.de\\\/de\\\/#\\\/schema\\\/logo\\\/image\\\/\"},\"sameAs\":[\"https:\\\/\\\/www.facebook.com\\\/wirmachenauf\",\"https:\\\/\\\/x.com\\\/WirMachenAuf_de\"]},{\"@type\":\"Person\",\"@id\":\"https:\\\/\\\/now-news.de\\\/de\\\/#\\\/schema\\\/person\\\/fb534a4e865501d8b3285208df34a9b5\",\"name\":\"rtnews\",\"image\":{\"@type\":\"ImageObject\",\"inLanguage\":\"de\",\"@id\":\"https:\\\/\\\/secure.gravatar.com\\\/avatar\\\/358fe31b3ab5769fea05376e1953329834cd9912cf9daf607e2af3076a1b982b?s=96&d=mm&r=g\",\"url\":\"https:\\\/\\\/secure.gravatar.com\\\/avatar\\\/358fe31b3ab5769fea05376e1953329834cd9912cf9daf607e2af3076a1b982b?s=96&d=mm&r=g\",\"contentUrl\":\"https:\\\/\\\/secure.gravatar.com\\\/avatar\\\/358fe31b3ab5769fea05376e1953329834cd9912cf9daf607e2af3076a1b982b?s=96&d=mm&r=g\",\"caption\":\"rtnews\"},\"url\":\"https:\\\/\\\/now-news.de\\\/de\\\/author\\\/rnews\\\/\"}]}<\/script>\n<!-- \/ Yoast SEO Premium plugin. -->","yoast_head_json":{"title":"NATO verweigert russischen Journalisten die Akkreditierung - just-now.NEWS Deutschland","robots":{"index":"index","follow":"follow","max-snippet":"max-snippet:-1","max-image-preview":"max-image-preview:large","max-video-preview":"max-video-preview:-1"},"canonical":"https:\/\/now-news.de\/de\/deutschland\/nato-verweigert-russischen-journalisten-die-akkreditierung\/","og_locale":"de_DE","og_type":"article","og_title":"NATO verweigert russischen Journalisten die Akkreditierung","og_description":"Die NATO-Akkreditierungsabteilung hat sich ohne Angabe von Gr\u00fcnden geweigert, Reportern von RIA Nowosti eine Akkreditierung f\u00fcr die Berichterstattung \u00fcber den Gipfel des B\u00fcndnisses in Madrid n\u00e4chste Woche zu erteilen. &#8220;Ich schreibe Ihnen, um Ihnen mitzuteilen, dass wir Ihnen keine Akkreditierung f\u00fcr den NATO-Gipfel in Madrid gew\u00e4hren k\u00f6nnen. Wir entschuldigen uns aufrichtig. Wir k\u00f6nnen jedoch nicht [&hellip;]","og_url":"https:\/\/now-news.de\/de\/deutschland\/nato-verweigert-russischen-journalisten-die-akkreditierung\/","og_site_name":"just-now.NEWS Deutschland","article_publisher":"https:\/\/www.facebook.com\/wirmachenauf","article_published_time":"2022-06-24T04:15:00+00:00","og_image":[{"width":460,"height":259,"url":"https:\/\/now-news.de\/de\/wp-content\/uploads\/sites\/3\/2022\/06\/NATO-verweigert-russischen-Journalisten-die-Akkreditierung.jpg","type":"image\/jpeg"}],"author":"rtnews","twitter_card":"summary_large_image","twitter_creator":"@WirMachenAuf_de","twitter_site":"@WirMachenAuf_de","twitter_misc":{"Verfasst von":"rtnews","Gesch\u00e4tzte Lesezeit":"2\u00a0Minuten"},"schema":{"@context":"https:\/\/schema.org","@graph":[{"@type":"Article","@id":"https:\/\/now-news.de\/de\/deutschland\/nato-verweigert-russischen-journalisten-die-akkreditierung\/#article","isPartOf":{"@id":"https:\/\/now-news.de\/de\/deutschland\/nato-verweigert-russischen-journalisten-die-akkreditierung\/"},"author":{"name":"rtnews","@id":"https:\/\/now-news.de\/de\/#\/schema\/person\/fb534a4e865501d8b3285208df34a9b5"},"headline":"NATO verweigert russischen Journalisten die Akkreditierung","datePublished":"2022-06-24T04:15:00+00:00","mainEntityOfPage":{"@id":"https:\/\/now-news.de\/de\/deutschland\/nato-verweigert-russischen-journalisten-die-akkreditierung\/"},"wordCount":350,"commentCount":0,"publisher":{"@id":"https:\/\/now-news.de\/de\/#organization"},"image":{"@id":"https:\/\/now-news.de\/de\/deutschland\/nato-verweigert-russischen-journalisten-die-akkreditierung\/#primaryimage"},"thumbnailUrl":"https:\/\/now-news.de\/de\/wp-content\/uploads\/sites\/3\/2022\/06\/NATO-verweigert-russischen-Journalisten-die-Akkreditierung.jpg","keywords":["Akkreditierung","die","Journalisten","nato","russischen","verweigert"],"articleSection":["Deutschland","Russland"],"inLanguage":"de","potentialAction":[{"@type":"CommentAction","name":"Comment","target":["https:\/\/now-news.de\/de\/deutschland\/nato-verweigert-russischen-journalisten-die-akkreditierung\/#respond"]}]},{"@type":"WebPage","@id":"https:\/\/now-news.de\/de\/deutschland\/nato-verweigert-russischen-journalisten-die-akkreditierung\/","url":"https:\/\/now-news.de\/de\/deutschland\/nato-verweigert-russischen-journalisten-die-akkreditierung\/","name":"NATO verweigert russischen Journalisten die Akkreditierung - just-now.NEWS Deutschland","isPartOf":{"@id":"https:\/\/now-news.de\/de\/#website"},"primaryImageOfPage":{"@id":"https:\/\/now-news.de\/de\/deutschland\/nato-verweigert-russischen-journalisten-die-akkreditierung\/#primaryimage"},"image":{"@id":"https:\/\/now-news.de\/de\/deutschland\/nato-verweigert-russischen-journalisten-die-akkreditierung\/#primaryimage"},"thumbnailUrl":"https:\/\/now-news.de\/de\/wp-content\/uploads\/sites\/3\/2022\/06\/NATO-verweigert-russischen-Journalisten-die-Akkreditierung.jpg","datePublished":"2022-06-24T04:15:00+00:00","breadcrumb":{"@id":"https:\/\/now-news.de\/de\/deutschland\/nato-verweigert-russischen-journalisten-die-akkreditierung\/#breadcrumb"},"inLanguage":"de","potentialAction":[{"@type":"ReadAction","target":["https:\/\/now-news.de\/de\/deutschland\/nato-verweigert-russischen-journalisten-die-akkreditierung\/"]}]},{"@type":"ImageObject","inLanguage":"de","@id":"https:\/\/now-news.de\/de\/deutschland\/nato-verweigert-russischen-journalisten-die-akkreditierung\/#primaryimage","url":"https:\/\/now-news.de\/de\/wp-content\/uploads\/sites\/3\/2022\/06\/NATO-verweigert-russischen-Journalisten-die-Akkreditierung.jpg","contentUrl":"https:\/\/now-news.de\/de\/wp-content\/uploads\/sites\/3\/2022\/06\/NATO-verweigert-russischen-Journalisten-die-Akkreditierung.jpg","width":460,"height":259,"caption":"NATO verweigert russischen Journalisten die Akkreditierung"},{"@type":"BreadcrumbList","@id":"https:\/\/now-news.de\/de\/deutschland\/nato-verweigert-russischen-journalisten-die-akkreditierung\/#breadcrumb","itemListElement":[{"@type":"ListItem","position":1,"name":"Home","item":"https:\/\/now-news.de\/de\/"},{"@type":"ListItem","position":2,"name":"NATO verweigert russischen Journalisten die Akkreditierung"}]},{"@type":"WebSite","@id":"https:\/\/now-news.de\/de\/#website","url":"https:\/\/now-news.de\/de\/","name":"just-now.NEWS Deutschland","description":"Das Portal f\u00fcr unzensierte Nachrichten aus der Welt","publisher":{"@id":"https:\/\/now-news.de\/de\/#organization"},"potentialAction":[{"@type":"SearchAction","target":{"@type":"EntryPoint","urlTemplate":"https:\/\/now-news.de\/de\/?s={search_term_string}"},"query-input":{"@type":"PropertyValueSpecification","valueRequired":true,"valueName":"search_term_string"}}],"inLanguage":"de"},{"@type":"Organization","@id":"https:\/\/now-news.de\/de\/#organization","name":"Just Now News","url":"https:\/\/now-news.de\/de\/","logo":{"@type":"ImageObject","inLanguage":"de","@id":"https:\/\/now-news.de\/de\/#\/schema\/logo\/image\/","url":"http:\/\/just-now.news\/de\/wp-content\/uploads\/sites\/3\/2022\/04\/logo500x500.jpg","contentUrl":"http:\/\/just-now.news\/de\/wp-content\/uploads\/sites\/3\/2022\/04\/logo500x500.jpg","width":500,"height":500,"caption":"Just Now News"},"image":{"@id":"https:\/\/now-news.de\/de\/#\/schema\/logo\/image\/"},"sameAs":["https:\/\/www.facebook.com\/wirmachenauf","https:\/\/x.com\/WirMachenAuf_de"]},{"@type":"Person","@id":"https:\/\/now-news.de\/de\/#\/schema\/person\/fb534a4e865501d8b3285208df34a9b5","name":"rtnews","image":{"@type":"ImageObject","inLanguage":"de","@id":"https:\/\/secure.gravatar.com\/avatar\/358fe31b3ab5769fea05376e1953329834cd9912cf9daf607e2af3076a1b982b?s=96&d=mm&r=g","url":"https:\/\/secure.gravatar.com\/avatar\/358fe31b3ab5769fea05376e1953329834cd9912cf9daf607e2af3076a1b982b?s=96&d=mm&r=g","contentUrl":"https:\/\/secure.gravatar.com\/avatar\/358fe31b3ab5769fea05376e1953329834cd9912cf9daf607e2af3076a1b982b?s=96&d=mm&r=g","caption":"rtnews"},"url":"https:\/\/now-news.de\/de\/author\/rnews\/"}]}},"_links":{"self":[{"href":"https:\/\/now-news.de\/de\/wp-json\/wp\/v2\/posts\/11860","targetHints":{"allow":["GET"]}}],"collection":[{"href":"https:\/\/now-news.de\/de\/wp-json\/wp\/v2\/posts"}],"about":[{"href":"https:\/\/now-news.de\/de\/wp-json\/wp\/v2\/types\/post"}],"author":[{"embeddable":true,"href":"https:\/\/now-news.de\/de\/wp-json\/wp\/v2\/users\/3"}],"replies":[{"embeddable":true,"href":"https:\/\/now-news.de\/de\/wp-json\/wp\/v2\/comments?post=11860"}],"version-history":[{"count":0,"href":"https:\/\/now-news.de\/de\/wp-json\/wp\/v2\/posts\/11860\/revisions"}],"wp:featuredmedia":[{"embeddable":true,"href":"https:\/\/now-news.de\/de\/wp-json\/wp\/v2\/media\/11861"}],"wp:attachment":[{"href":"https:\/\/now-news.de\/de\/wp-json\/wp\/v2\/media?parent=11860"}],"wp:term":[{"taxonomy":"category","embeddable":true,"href":"https:\/\/now-news.de\/de\/wp-json\/wp\/v2\/categories?post=11860"},{"taxonomy":"post_tag","embeddable":true,"href":"https:\/\/now-news.de\/de\/wp-json\/wp\/v2\/tags?post=11860"}],"curies":[{"name":"wp","href":"https:\/\/api.w.org\/{rel}","templated":true}]}}