{"id":11800,"date":"2022-06-24T16:36:06","date_gmt":"2022-06-24T14:36:06","guid":{"rendered":"http:\/\/just-now.news\/de\/deutschland\/finanzierung-der-ukraine-kosten-gruener-landesfinanzminister-schlaegt-kriegssoli-vor\/"},"modified":"2022-06-24T16:36:06","modified_gmt":"2022-06-24T14:36:06","slug":"finanzierung-der-ukraine-kosten-gruener-landesfinanzminister-schlaegt-kriegssoli-vor","status":"publish","type":"post","link":"https:\/\/now-news.de\/de\/deutschland\/finanzierung-der-ukraine-kosten-gruener-landesfinanzminister-schlaegt-kriegssoli-vor\/","title":{"rendered":"Finanzierung der Ukraine-Kosten: Gr\u00fcner Landesfinanzminister schl\u00e4gt &quot;Kriegssoli&quot; vor"},"content":{"rendered":"<p><img decoding=\"async\" src=\"http:\/\/just-now.news\/de\/wp-content\/uploads\/sites\/3\/2022\/06\/62b5aa06b480cc2bf3323ece.jpg\" \/><\/p>\n<p>Der Gr\u00fcnen-Politiker und baden-w\u00fcrttembergische Finanzminister Danyal Bayaz hat vorgeschlagen, in dieser &#8220;schwierigen Zeit&#8221; einen &#8220;Kriegssoli&#8221; zur Finanzierung des deutschen Beitrags zum Ukrainekrieg als zus\u00e4tzliche Steuer einzuf\u00fchren. In der <em>SWR-Sendung<\/em> &#8220;Zur Sache Baden-W\u00fcrttemberg&#8221; sagte Bayaz am Donnerstagabend laut <em>dpa<\/em>:<\/p>\n<blockquote>\n<p><em>&#8220;Warum nicht so etwas wie einen Kriegssoli in so einer schwierigen Zeit.&#8221;<\/em><\/p>\n<\/blockquote>\n<p>Wie die Nachrichtenagentur weiter berichtete, m\u00fcsse nach Ansicht von Bayaz die Frage beantwortet werden, wer nach der Ukraine-Krise die Rechnung f\u00fcr die Hilfspakete und das Sonderverm\u00f6gen der Bundeswehr bezahlen w\u00fcrde. Laut Bayaz kommen daf\u00fcr nur Steuererh\u00f6hungen infrage, die am Ende des Tages unvermeidbar seien.<\/p>\n<p>Der Gr\u00fcnen-Politiker Danyal Bayaz ist studierter Kommunikationswissenschaftler, promovierte laut <a rel=\"nofollow noopener\" target=\"_blank\" href=\"https:\/\/de.wikipedia.org\/wiki\/Danyal_Bayaz\">Wikipedia \u00fcber Finanzm\u00e4rkte<\/a> und absolvierte einen Forschungsaufenthalt an der New Yorker Cornell-Universit\u00e4t. Nach einer T\u00e4tigkeit bei Boston Consulting zog er im Jahr 2017 als Abgeordneter der Gr\u00fcnen in den Deutschen Bundestag ein.\u00a0Im Mai 2021 wurde Bayaz vom baden-w\u00fcrttembergischen Ministerpr\u00e4sidenten Winfried Kretschmann zum Finanzminister des Bundeslandes ernannt.<\/p>\n<p>Bundesfinanzminister Christian Lindner (FDP) wies den Vorschlag des Gr\u00fcnen zur\u00fcck und sagte, Steuererh\u00f6hungen w\u00fcrden die Konjunktur abw\u00fcrgen. Auch aus der Union kam Kritik an Bayaz. Selbst Baden-W\u00fcrttembergs Regierungschef Kretschmann h\u00e4lt die Debatte f\u00fcr verfr\u00fcht. \u00dcber eine &#8220;Sondersteuer&#8221; werde man erst sp\u00e4ter reden k\u00f6nnen. Bei den Gr\u00fcnen gab es aber auch R\u00fcckendeckung f\u00fcr Bayaz. Katrin G\u00f6ring-Eckardt, gr\u00fcne Vizepr\u00e4sidentin des Bundestags, sagte: Der Bundesfinanzminister sollte den Vorschlag nicht einfach wegwischen. Klar sei: &#8220;Reichtum verpflichtet. Dieses Prinzip sollte wieder st\u00e4rker gelten.&#8221; Zu einer notwendigen Umverteilung der H\u00e4rten der Krisen geh\u00f6rten auch zielgenaue Entlastungen.<\/p>\n<p><strong>Mehr zum Thema<\/strong> \u2013 <a rel=\"nofollow noopener\" target=\"_blank\" href=\"https:\/\/test.rtde.tech\/europa\/138983-ukraine-soll-im-juli-erste\/\">Ukraine soll im Juli erste Gepard-Panzer aus Deutschland erhalten<\/a><\/p>\n<\/p>\n<p><br \/>\n<br \/><a href=\"https:\/\/de.rt.com\/inland\/141847-finanzierung-ukraine-kosten-gruner-landesfinanzminister\/\">Source link <\/a><\/p>\n","protected":false},"excerpt":{"rendered":"<p>Der Gr\u00fcnen-Politiker und baden-w\u00fcrttembergische Finanzminister Danyal Bayaz hat vorgeschlagen, in dieser &#8220;schwierigen Zeit&#8221; einen &#8220;Kriegssoli&#8221; zur Finanzierung des deutschen Beitrags zum Ukrainekrieg als zus\u00e4tzliche Steuer einzuf\u00fchren. In der SWR-Sendung &#8220;Zur Sache Baden-W\u00fcrttemberg&#8221; sagte Bayaz am Donnerstagabend laut dpa: &#8220;Warum nicht so etwas wie einen Kriegssoli in so einer schwierigen Zeit.&#8221; Wie die Nachrichtenagentur weiter berichtete, [&hellip;]<\/p>\n","protected":false},"author":3,"featured_media":11801,"comment_status":"open","ping_status":"open","sticky":false,"template":"","format":"standard","meta":{"wp_automatic_camp":["217"],"be5948c17acb7386ad4085cb04b09e75":["Finanzierung der Ukraine-Kosten: Gr\u00fcner Landesfinanzminister schl\u00e4gt &quot;Kriegssoli&quot; vor"],"original_link":["https:\/\/de.rt.com\/inland\/141847-finanzierung-ukraine-kosten-gruner-landesfinanzminister\/"],"_thumbnail_id":["11801"],"_wptg_p2tg_sent2tg":["2022-06-25 15:49:41"],"jnews_social_counter_last_update":["1777619752"]},"categories":[19,23],"tags":[82,3783,12313,25643,25644,1468,25642,320],"yoast_head":"<!-- This site is optimized with the Yoast SEO Premium plugin v22.7 (Yoast SEO v22.7) - https:\/\/yoast.com\/wordpress\/plugins\/seo\/ -->\n<title>Finanzierung der Ukraine-Kosten: Gr\u00fcner Landesfinanzminister schl\u00e4gt &quot;Kriegssoli&quot; vor - just-now.NEWS Deutschland<\/title>\n<meta name=\"robots\" content=\"index, follow, max-snippet:-1, max-image-preview:large, max-video-preview:-1\" \/>\n<link rel=\"canonical\" href=\"https:\/\/now-news.de\/de\/deutschland\/finanzierung-der-ukraine-kosten-gruener-landesfinanzminister-schlaegt-kriegssoli-vor\/\" \/>\n<meta property=\"og:locale\" content=\"de_DE\" \/>\n<meta property=\"og:type\" content=\"article\" \/>\n<meta property=\"og:title\" content=\"Finanzierung der Ukraine-Kosten: Gr\u00fcner Landesfinanzminister schl\u00e4gt &quot;Kriegssoli&quot; vor\" \/>\n<meta property=\"og:description\" content=\"Der Gr\u00fcnen-Politiker und baden-w\u00fcrttembergische Finanzminister Danyal Bayaz hat vorgeschlagen, in dieser &#8220;schwierigen Zeit&#8221; einen &#8220;Kriegssoli&#8221; zur Finanzierung des deutschen Beitrags zum Ukrainekrieg als zus\u00e4tzliche Steuer einzuf\u00fchren. In der SWR-Sendung &#8220;Zur Sache Baden-W\u00fcrttemberg&#8221; sagte Bayaz am Donnerstagabend laut dpa: &#8220;Warum nicht so etwas wie einen Kriegssoli in so einer schwierigen Zeit.&#8221; Wie die Nachrichtenagentur weiter berichtete, [&hellip;]\" \/>\n<meta property=\"og:url\" content=\"https:\/\/now-news.de\/de\/deutschland\/finanzierung-der-ukraine-kosten-gruener-landesfinanzminister-schlaegt-kriegssoli-vor\/\" \/>\n<meta property=\"og:site_name\" content=\"just-now.NEWS Deutschland\" \/>\n<meta property=\"article:publisher\" content=\"https:\/\/www.facebook.com\/wirmachenauf\" \/>\n<meta property=\"article:published_time\" content=\"2022-06-24T14:36:06+00:00\" \/>\n<meta property=\"og:image\" content=\"https:\/\/now-news.de\/de\/wp-content\/uploads\/sites\/3\/2022\/06\/Finanzierung-der-Ukraine-Kosten-Gruener-Landesfinanzminister-schlaegt-quotKriegssoliquot-vor.jpg\" \/>\n\t<meta property=\"og:image:width\" content=\"460\" \/>\n\t<meta property=\"og:image:height\" content=\"259\" \/>\n\t<meta property=\"og:image:type\" content=\"image\/jpeg\" \/>\n<meta name=\"author\" content=\"rtnews\" \/>\n<meta name=\"twitter:card\" content=\"summary_large_image\" \/>\n<meta name=\"twitter:creator\" content=\"@WirMachenAuf_de\" \/>\n<meta name=\"twitter:site\" content=\"@WirMachenAuf_de\" \/>\n<meta name=\"twitter:label1\" content=\"Verfasst von\" \/>\n\t<meta name=\"twitter:data1\" content=\"rtnews\" \/>\n\t<meta name=\"twitter:label2\" content=\"Gesch\u00e4tzte Lesezeit\" \/>\n\t<meta name=\"twitter:data2\" content=\"1\u00a0Minute\" \/>\n<script type=\"application\/ld+json\" class=\"yoast-schema-graph\">{\"@context\":\"https:\/\/schema.org\",\"@graph\":[{\"@type\":\"Article\",\"@id\":\"https:\/\/now-news.de\/de\/deutschland\/finanzierung-der-ukraine-kosten-gruener-landesfinanzminister-schlaegt-kriegssoli-vor\/#article\",\"isPartOf\":{\"@id\":\"https:\/\/now-news.de\/de\/deutschland\/finanzierung-der-ukraine-kosten-gruener-landesfinanzminister-schlaegt-kriegssoli-vor\/\"},\"author\":{\"name\":\"rtnews\",\"@id\":\"https:\/\/now-news.de\/de\/#\/schema\/person\/fb534a4e865501d8b3285208df34a9b5\"},\"headline\":\"Finanzierung der Ukraine-Kosten: Gr\u00fcner Landesfinanzminister schl\u00e4gt &quot;Kriegssoli&quot; vor\",\"datePublished\":\"2022-06-24T14:36:06+00:00\",\"dateModified\":\"2022-06-24T14:36:06+00:00\",\"mainEntityOfPage\":{\"@id\":\"https:\/\/now-news.de\/de\/deutschland\/finanzierung-der-ukraine-kosten-gruener-landesfinanzminister-schlaegt-kriegssoli-vor\/\"},\"wordCount\":303,\"commentCount\":0,\"publisher\":{\"@id\":\"https:\/\/now-news.de\/de\/#organization\"},\"image\":{\"@id\":\"https:\/\/now-news.de\/de\/deutschland\/finanzierung-der-ukraine-kosten-gruener-landesfinanzminister-schlaegt-kriegssoli-vor\/#primaryimage\"},\"thumbnailUrl\":\"https:\/\/now-news.de\/de\/wp-content\/uploads\/sites\/3\/2022\/06\/Finanzierung-der-Ukraine-Kosten-Gruener-Landesfinanzminister-schlaegt-quotKriegssoliquot-vor.jpg\",\"keywords\":[\"der\",\"Finanzierung\",\"gr\u00fcner\",\"Landesfinanzminister\",\"quotKriegssoliquot\",\"schl\u00e4gt\",\"UkraineKosten\",\"vor\"],\"articleSection\":[\"Deutschland\",\"Russland\"],\"inLanguage\":\"de\",\"potentialAction\":[{\"@type\":\"CommentAction\",\"name\":\"Comment\",\"target\":[\"https:\/\/now-news.de\/de\/deutschland\/finanzierung-der-ukraine-kosten-gruener-landesfinanzminister-schlaegt-kriegssoli-vor\/#respond\"]}]},{\"@type\":\"WebPage\",\"@id\":\"https:\/\/now-news.de\/de\/deutschland\/finanzierung-der-ukraine-kosten-gruener-landesfinanzminister-schlaegt-kriegssoli-vor\/\",\"url\":\"https:\/\/now-news.de\/de\/deutschland\/finanzierung-der-ukraine-kosten-gruener-landesfinanzminister-schlaegt-kriegssoli-vor\/\",\"name\":\"Finanzierung der Ukraine-Kosten: Gr\u00fcner Landesfinanzminister schl\u00e4gt &quot;Kriegssoli&quot; vor - just-now.NEWS Deutschland\",\"isPartOf\":{\"@id\":\"https:\/\/now-news.de\/de\/#website\"},\"primaryImageOfPage\":{\"@id\":\"https:\/\/now-news.de\/de\/deutschland\/finanzierung-der-ukraine-kosten-gruener-landesfinanzminister-schlaegt-kriegssoli-vor\/#primaryimage\"},\"image\":{\"@id\":\"https:\/\/now-news.de\/de\/deutschland\/finanzierung-der-ukraine-kosten-gruener-landesfinanzminister-schlaegt-kriegssoli-vor\/#primaryimage\"},\"thumbnailUrl\":\"https:\/\/now-news.de\/de\/wp-content\/uploads\/sites\/3\/2022\/06\/Finanzierung-der-Ukraine-Kosten-Gruener-Landesfinanzminister-schlaegt-quotKriegssoliquot-vor.jpg\",\"datePublished\":\"2022-06-24T14:36:06+00:00\",\"dateModified\":\"2022-06-24T14:36:06+00:00\",\"breadcrumb\":{\"@id\":\"https:\/\/now-news.de\/de\/deutschland\/finanzierung-der-ukraine-kosten-gruener-landesfinanzminister-schlaegt-kriegssoli-vor\/#breadcrumb\"},\"inLanguage\":\"de\",\"potentialAction\":[{\"@type\":\"ReadAction\",\"target\":[\"https:\/\/now-news.de\/de\/deutschland\/finanzierung-der-ukraine-kosten-gruener-landesfinanzminister-schlaegt-kriegssoli-vor\/\"]}]},{\"@type\":\"ImageObject\",\"inLanguage\":\"de\",\"@id\":\"https:\/\/now-news.de\/de\/deutschland\/finanzierung-der-ukraine-kosten-gruener-landesfinanzminister-schlaegt-kriegssoli-vor\/#primaryimage\",\"url\":\"https:\/\/now-news.de\/de\/wp-content\/uploads\/sites\/3\/2022\/06\/Finanzierung-der-Ukraine-Kosten-Gruener-Landesfinanzminister-schlaegt-quotKriegssoliquot-vor.jpg\",\"contentUrl\":\"https:\/\/now-news.de\/de\/wp-content\/uploads\/sites\/3\/2022\/06\/Finanzierung-der-Ukraine-Kosten-Gruener-Landesfinanzminister-schlaegt-quotKriegssoliquot-vor.jpg\",\"width\":460,\"height\":259,\"caption\":\"Finanzierung der Ukraine-Kosten: Gr\u00fcner Landesfinanzminister schl\u00e4gt &quot;Kriegssoli&quot; vor\"},{\"@type\":\"BreadcrumbList\",\"@id\":\"https:\/\/now-news.de\/de\/deutschland\/finanzierung-der-ukraine-kosten-gruener-landesfinanzminister-schlaegt-kriegssoli-vor\/#breadcrumb\",\"itemListElement\":[{\"@type\":\"ListItem\",\"position\":1,\"name\":\"Home\",\"item\":\"https:\/\/now-news.de\/de\/\"},{\"@type\":\"ListItem\",\"position\":2,\"name\":\"Finanzierung der Ukraine-Kosten: Gr\u00fcner Landesfinanzminister schl\u00e4gt &quot;Kriegssoli&quot; vor\"}]},{\"@type\":\"WebSite\",\"@id\":\"https:\/\/now-news.de\/de\/#website\",\"url\":\"https:\/\/now-news.de\/de\/\",\"name\":\"just-now.NEWS Deutschland\",\"description\":\"Das Portal f\u00fcr unzensierte Nachrichten aus der Welt\",\"publisher\":{\"@id\":\"https:\/\/now-news.de\/de\/#organization\"},\"potentialAction\":[{\"@type\":\"SearchAction\",\"target\":{\"@type\":\"EntryPoint\",\"urlTemplate\":\"https:\/\/now-news.de\/de\/?s={search_term_string}\"},\"query-input\":\"required name=search_term_string\"}],\"inLanguage\":\"de\"},{\"@type\":\"Organization\",\"@id\":\"https:\/\/now-news.de\/de\/#organization\",\"name\":\"Just Now News\",\"url\":\"https:\/\/now-news.de\/de\/\",\"logo\":{\"@type\":\"ImageObject\",\"inLanguage\":\"de\",\"@id\":\"https:\/\/now-news.de\/de\/#\/schema\/logo\/image\/\",\"url\":\"http:\/\/just-now.news\/de\/wp-content\/uploads\/sites\/3\/2022\/04\/logo500x500.jpg\",\"contentUrl\":\"http:\/\/just-now.news\/de\/wp-content\/uploads\/sites\/3\/2022\/04\/logo500x500.jpg\",\"width\":500,\"height\":500,\"caption\":\"Just Now News\"},\"image\":{\"@id\":\"https:\/\/now-news.de\/de\/#\/schema\/logo\/image\/\"},\"sameAs\":[\"https:\/\/www.facebook.com\/wirmachenauf\",\"https:\/\/x.com\/WirMachenAuf_de\"]},{\"@type\":\"Person\",\"@id\":\"https:\/\/now-news.de\/de\/#\/schema\/person\/fb534a4e865501d8b3285208df34a9b5\",\"name\":\"rtnews\",\"image\":{\"@type\":\"ImageObject\",\"inLanguage\":\"de\",\"@id\":\"https:\/\/now-news.de\/de\/#\/schema\/person\/image\/\",\"url\":\"https:\/\/secure.gravatar.com\/avatar\/82aafea7d8127119dd649515f56e2117?s=96&d=mm&r=g\",\"contentUrl\":\"https:\/\/secure.gravatar.com\/avatar\/82aafea7d8127119dd649515f56e2117?s=96&d=mm&r=g\",\"caption\":\"rtnews\"},\"url\":\"https:\/\/now-news.de\/de\/author\/rnews\/\"}]}<\/script>\n<!-- \/ Yoast SEO Premium plugin. -->","yoast_head_json":{"title":"Finanzierung der Ukraine-Kosten: Gr\u00fcner Landesfinanzminister schl\u00e4gt &quot;Kriegssoli&quot; vor - just-now.NEWS Deutschland","robots":{"index":"index","follow":"follow","max-snippet":"max-snippet:-1","max-image-preview":"max-image-preview:large","max-video-preview":"max-video-preview:-1"},"canonical":"https:\/\/now-news.de\/de\/deutschland\/finanzierung-der-ukraine-kosten-gruener-landesfinanzminister-schlaegt-kriegssoli-vor\/","og_locale":"de_DE","og_type":"article","og_title":"Finanzierung der Ukraine-Kosten: Gr\u00fcner Landesfinanzminister schl\u00e4gt &quot;Kriegssoli&quot; vor","og_description":"Der Gr\u00fcnen-Politiker und baden-w\u00fcrttembergische Finanzminister Danyal Bayaz hat vorgeschlagen, in dieser &#8220;schwierigen Zeit&#8221; einen &#8220;Kriegssoli&#8221; zur Finanzierung des deutschen Beitrags zum Ukrainekrieg als zus\u00e4tzliche Steuer einzuf\u00fchren. In der SWR-Sendung &#8220;Zur Sache Baden-W\u00fcrttemberg&#8221; sagte Bayaz am Donnerstagabend laut dpa: &#8220;Warum nicht so etwas wie einen Kriegssoli in so einer schwierigen Zeit.&#8221; Wie die Nachrichtenagentur weiter berichtete, [&hellip;]","og_url":"https:\/\/now-news.de\/de\/deutschland\/finanzierung-der-ukraine-kosten-gruener-landesfinanzminister-schlaegt-kriegssoli-vor\/","og_site_name":"just-now.NEWS Deutschland","article_publisher":"https:\/\/www.facebook.com\/wirmachenauf","article_published_time":"2022-06-24T14:36:06+00:00","og_image":[{"width":460,"height":259,"url":"https:\/\/now-news.de\/de\/wp-content\/uploads\/sites\/3\/2022\/06\/Finanzierung-der-Ukraine-Kosten-Gruener-Landesfinanzminister-schlaegt-quotKriegssoliquot-vor.jpg","type":"image\/jpeg"}],"author":"rtnews","twitter_card":"summary_large_image","twitter_creator":"@WirMachenAuf_de","twitter_site":"@WirMachenAuf_de","twitter_misc":{"Verfasst von":"rtnews","Gesch\u00e4tzte Lesezeit":"1\u00a0Minute"},"schema":{"@context":"https:\/\/schema.org","@graph":[{"@type":"Article","@id":"https:\/\/now-news.de\/de\/deutschland\/finanzierung-der-ukraine-kosten-gruener-landesfinanzminister-schlaegt-kriegssoli-vor\/#article","isPartOf":{"@id":"https:\/\/now-news.de\/de\/deutschland\/finanzierung-der-ukraine-kosten-gruener-landesfinanzminister-schlaegt-kriegssoli-vor\/"},"author":{"name":"rtnews","@id":"https:\/\/now-news.de\/de\/#\/schema\/person\/fb534a4e865501d8b3285208df34a9b5"},"headline":"Finanzierung der Ukraine-Kosten: Gr\u00fcner Landesfinanzminister schl\u00e4gt &quot;Kriegssoli&quot; vor","datePublished":"2022-06-24T14:36:06+00:00","dateModified":"2022-06-24T14:36:06+00:00","mainEntityOfPage":{"@id":"https:\/\/now-news.de\/de\/deutschland\/finanzierung-der-ukraine-kosten-gruener-landesfinanzminister-schlaegt-kriegssoli-vor\/"},"wordCount":303,"commentCount":0,"publisher":{"@id":"https:\/\/now-news.de\/de\/#organization"},"image":{"@id":"https:\/\/now-news.de\/de\/deutschland\/finanzierung-der-ukraine-kosten-gruener-landesfinanzminister-schlaegt-kriegssoli-vor\/#primaryimage"},"thumbnailUrl":"https:\/\/now-news.de\/de\/wp-content\/uploads\/sites\/3\/2022\/06\/Finanzierung-der-Ukraine-Kosten-Gruener-Landesfinanzminister-schlaegt-quotKriegssoliquot-vor.jpg","keywords":["der","Finanzierung","gr\u00fcner","Landesfinanzminister","quotKriegssoliquot","schl\u00e4gt","UkraineKosten","vor"],"articleSection":["Deutschland","Russland"],"inLanguage":"de","potentialAction":[{"@type":"CommentAction","name":"Comment","target":["https:\/\/now-news.de\/de\/deutschland\/finanzierung-der-ukraine-kosten-gruener-landesfinanzminister-schlaegt-kriegssoli-vor\/#respond"]}]},{"@type":"WebPage","@id":"https:\/\/now-news.de\/de\/deutschland\/finanzierung-der-ukraine-kosten-gruener-landesfinanzminister-schlaegt-kriegssoli-vor\/","url":"https:\/\/now-news.de\/de\/deutschland\/finanzierung-der-ukraine-kosten-gruener-landesfinanzminister-schlaegt-kriegssoli-vor\/","name":"Finanzierung der Ukraine-Kosten: Gr\u00fcner Landesfinanzminister schl\u00e4gt &quot;Kriegssoli&quot; vor - just-now.NEWS Deutschland","isPartOf":{"@id":"https:\/\/now-news.de\/de\/#website"},"primaryImageOfPage":{"@id":"https:\/\/now-news.de\/de\/deutschland\/finanzierung-der-ukraine-kosten-gruener-landesfinanzminister-schlaegt-kriegssoli-vor\/#primaryimage"},"image":{"@id":"https:\/\/now-news.de\/de\/deutschland\/finanzierung-der-ukraine-kosten-gruener-landesfinanzminister-schlaegt-kriegssoli-vor\/#primaryimage"},"thumbnailUrl":"https:\/\/now-news.de\/de\/wp-content\/uploads\/sites\/3\/2022\/06\/Finanzierung-der-Ukraine-Kosten-Gruener-Landesfinanzminister-schlaegt-quotKriegssoliquot-vor.jpg","datePublished":"2022-06-24T14:36:06+00:00","dateModified":"2022-06-24T14:36:06+00:00","breadcrumb":{"@id":"https:\/\/now-news.de\/de\/deutschland\/finanzierung-der-ukraine-kosten-gruener-landesfinanzminister-schlaegt-kriegssoli-vor\/#breadcrumb"},"inLanguage":"de","potentialAction":[{"@type":"ReadAction","target":["https:\/\/now-news.de\/de\/deutschland\/finanzierung-der-ukraine-kosten-gruener-landesfinanzminister-schlaegt-kriegssoli-vor\/"]}]},{"@type":"ImageObject","inLanguage":"de","@id":"https:\/\/now-news.de\/de\/deutschland\/finanzierung-der-ukraine-kosten-gruener-landesfinanzminister-schlaegt-kriegssoli-vor\/#primaryimage","url":"https:\/\/now-news.de\/de\/wp-content\/uploads\/sites\/3\/2022\/06\/Finanzierung-der-Ukraine-Kosten-Gruener-Landesfinanzminister-schlaegt-quotKriegssoliquot-vor.jpg","contentUrl":"https:\/\/now-news.de\/de\/wp-content\/uploads\/sites\/3\/2022\/06\/Finanzierung-der-Ukraine-Kosten-Gruener-Landesfinanzminister-schlaegt-quotKriegssoliquot-vor.jpg","width":460,"height":259,"caption":"Finanzierung der Ukraine-Kosten: Gr\u00fcner Landesfinanzminister schl\u00e4gt &quot;Kriegssoli&quot; vor"},{"@type":"BreadcrumbList","@id":"https:\/\/now-news.de\/de\/deutschland\/finanzierung-der-ukraine-kosten-gruener-landesfinanzminister-schlaegt-kriegssoli-vor\/#breadcrumb","itemListElement":[{"@type":"ListItem","position":1,"name":"Home","item":"https:\/\/now-news.de\/de\/"},{"@type":"ListItem","position":2,"name":"Finanzierung der Ukraine-Kosten: Gr\u00fcner Landesfinanzminister schl\u00e4gt &quot;Kriegssoli&quot; vor"}]},{"@type":"WebSite","@id":"https:\/\/now-news.de\/de\/#website","url":"https:\/\/now-news.de\/de\/","name":"just-now.NEWS Deutschland","description":"Das Portal f\u00fcr unzensierte Nachrichten aus der Welt","publisher":{"@id":"https:\/\/now-news.de\/de\/#organization"},"potentialAction":[{"@type":"SearchAction","target":{"@type":"EntryPoint","urlTemplate":"https:\/\/now-news.de\/de\/?s={search_term_string}"},"query-input":"required name=search_term_string"}],"inLanguage":"de"},{"@type":"Organization","@id":"https:\/\/now-news.de\/de\/#organization","name":"Just Now News","url":"https:\/\/now-news.de\/de\/","logo":{"@type":"ImageObject","inLanguage":"de","@id":"https:\/\/now-news.de\/de\/#\/schema\/logo\/image\/","url":"http:\/\/just-now.news\/de\/wp-content\/uploads\/sites\/3\/2022\/04\/logo500x500.jpg","contentUrl":"http:\/\/just-now.news\/de\/wp-content\/uploads\/sites\/3\/2022\/04\/logo500x500.jpg","width":500,"height":500,"caption":"Just Now News"},"image":{"@id":"https:\/\/now-news.de\/de\/#\/schema\/logo\/image\/"},"sameAs":["https:\/\/www.facebook.com\/wirmachenauf","https:\/\/x.com\/WirMachenAuf_de"]},{"@type":"Person","@id":"https:\/\/now-news.de\/de\/#\/schema\/person\/fb534a4e865501d8b3285208df34a9b5","name":"rtnews","image":{"@type":"ImageObject","inLanguage":"de","@id":"https:\/\/now-news.de\/de\/#\/schema\/person\/image\/","url":"https:\/\/secure.gravatar.com\/avatar\/82aafea7d8127119dd649515f56e2117?s=96&d=mm&r=g","contentUrl":"https:\/\/secure.gravatar.com\/avatar\/82aafea7d8127119dd649515f56e2117?s=96&d=mm&r=g","caption":"rtnews"},"url":"https:\/\/now-news.de\/de\/author\/rnews\/"}]}},"_links":{"self":[{"href":"https:\/\/now-news.de\/de\/wp-json\/wp\/v2\/posts\/11800"}],"collection":[{"href":"https:\/\/now-news.de\/de\/wp-json\/wp\/v2\/posts"}],"about":[{"href":"https:\/\/now-news.de\/de\/wp-json\/wp\/v2\/types\/post"}],"author":[{"embeddable":true,"href":"https:\/\/now-news.de\/de\/wp-json\/wp\/v2\/users\/3"}],"replies":[{"embeddable":true,"href":"https:\/\/now-news.de\/de\/wp-json\/wp\/v2\/comments?post=11800"}],"version-history":[{"count":0,"href":"https:\/\/now-news.de\/de\/wp-json\/wp\/v2\/posts\/11800\/revisions"}],"wp:featuredmedia":[{"embeddable":true,"href":"https:\/\/now-news.de\/de\/wp-json\/wp\/v2\/media\/11801"}],"wp:attachment":[{"href":"https:\/\/now-news.de\/de\/wp-json\/wp\/v2\/media?parent=11800"}],"wp:term":[{"taxonomy":"category","embeddable":true,"href":"https:\/\/now-news.de\/de\/wp-json\/wp\/v2\/categories?post=11800"},{"taxonomy":"post_tag","embeddable":true,"href":"https:\/\/now-news.de\/de\/wp-json\/wp\/v2\/tags?post=11800"}],"curies":[{"name":"wp","href":"https:\/\/api.w.org\/{rel}","templated":true}]}}